{"data":[{"id":"9782385680329","title":"162 rue de belleville","description":null,"authors":["Le Guevel Anne"],"category_codes":["6000000","6070000","6070300","6070304"],"visuals":{"large":"https:\/\/quaidesbrumes.com\/img\/book-placeholder.png","medium":"https:\/\/quaidesbrumes.com\/img\/book-placeholder.png","thumbnail":"https:\/\/quaidesbrumes.com\/img\/book-placeholder.png"},"orderable":true,"show_badge":true,"formatted_price":"18,50&nbsp;\u20ac","formatted_published_date":"1er avril 2024","publisher_availability_label":"Sur commande","short_details":"Le Guevel Anne \u2014 Editions Alep","translator":null,"weight":230,"page_count":null,"readership":null,"editor":"Editions Alep","price":1850,"published_date":"2024-03-31T22:00:00.000000Z","support":"Grand format","publisher_availability":1,"stock":0,"editions":[],"url":"https:\/\/quaidesbrumes.com\/ouvrage\/9782385680329\/162-rue-de-belleville"},{"id":"9782322488698","title":"La Magie des Crassulac\u00e9es et l\u00e9gendes succulentes : Succulentesque","description":"Les plantes succulentes (et en particulier les Crassulac\u00e9es) sont magiques par leurs capacit\u00e9s extraordinaires, leurs formes d'extraterrestres et leur pouvoir de m\u00e9tamorphose. Elles s'adaptent \u00e0 leur environnement, et leurs couleurs varient pour notre \u00e9merveillement selon les conditions et la saison. P\u00e9n\u00e9trez avec moi dans leur univers parall\u00e8le, et laissez-vous emporter par leur magie.\r\nCet ouvrage r\u00e9sulte de la conjonction des 3 passions de l'auteur : la science-fantasy, la photographie et les succulentes. Il porte une ambition romantique, artistique et vulgarisatrice. L'auteur y pr\u00e9sente  les succulentes comme des  cr\u00e9atures magiques ou extraterrestres, car elles le valent bien!\r\nL'ouvrage comporte plus de 70 photos en couleurs. Quelques unes ont un objectif vulgarisateur sur la connaissance des genres et des esp\u00e8ces au d\u00e9but de l'ouvrage, mais ensuite la plupart sont en grand format avec une ambition artistique.\r\nLe texte allie la pr\u00e9sentation des plantes \u00e0 des l\u00e9gendes po\u00e9tiques autour des succulentes.","authors":["Sauvadet Luc"],"category_codes":["6000000","6070000","6070200"],"visuals":{"large":"https:\/\/images.epagine.fr\/698\/9782322488698_1_75.jpg","medium":"https:\/\/images.epagine.fr\/698\/9782322488698_1_m.jpg","thumbnail":"https:\/\/images.epagine.fr\/698\/9782322488698_1_v.jpg"},"orderable":true,"show_badge":true,"formatted_price":"23,56&nbsp;\u20ac","formatted_published_date":"25 novembre 2023","publisher_availability_label":"Sur commande","short_details":"Sauvadet Luc \u2014 Books on Demand","translator":null,"weight":396,"page_count":58,"readership":null,"editor":"Books on Demand","price":2356,"published_date":"2023-11-24T23:00:00.000000Z","support":"Grand format","publisher_availability":1,"stock":0,"editions":[],"url":"https:\/\/quaidesbrumes.com\/ouvrage\/9782322488698\/la-magie-des-crassulacees-et-legendes-succulentes-succulentesque"},{"id":"9782322518609","title":"Automne \u00e0 Giverny : Photographies","description":"En dehors de la peinture et du jardinage, je ne suis bon \u00e0 rien.\r\nClaude Monet Cet album rassemble 24 clich\u00e9s r\u00e9alis\u00e9s \u00e0 Giverny dans le jardin et la maison de Claude Monet le 29 octobre 2023, avec un smartphone Xiaomi Mi9, sans aucune retouche.","authors":["Day Etienne"],"category_codes":["6000000","6070000","6070200"],"visuals":{"large":"https:\/\/images.epagine.fr\/609\/9782322518609_1_75.jpg","medium":"https:\/\/images.epagine.fr\/609\/9782322518609_1_m.jpg","thumbnail":"https:\/\/images.epagine.fr\/609\/9782322518609_1_v.jpg"},"orderable":true,"show_badge":true,"formatted_price":"12,00&nbsp;\u20ac","formatted_published_date":"27 novembre 2023","publisher_availability_label":"Sur commande","short_details":"Day Etienne \u2014 Books on Demand","translator":null,"weight":129,"page_count":60,"readership":null,"editor":"Books on Demand","price":1200,"published_date":"2023-11-26T23:00:00.000000Z","support":"Grand format","publisher_availability":1,"stock":0,"editions":[],"url":"https:\/\/quaidesbrumes.com\/ouvrage\/9782322518609\/automne-a-giverny-photographies"},{"id":"9781419751219","title":"FROM ONE BANK TO ANOTHER . . . - D''UNE RIVE L''AUTRE","description":null,"authors":["Patrick Wald Lasowsk"],"category_codes":["6000000","6070000","6070200"],"visuals":{"large":"https:\/\/images.epagine.fr\/219\/9781419751219_1_75.jpg","medium":"https:\/\/images.epagine.fr\/219\/9781419751219_1_m.jpg","thumbnail":"https:\/\/images.epagine.fr\/219\/9781419751219_1_v.jpg"},"orderable":true,"show_badge":true,"formatted_price":"120,00&nbsp;\u20ac","formatted_published_date":"27 avril 2021","publisher_availability_label":"Sur commande","short_details":"Patrick Wald Lasowsk \u2014 Abrams UK","translator":null,"weight":1901,"page_count":null,"readership":null,"editor":"Abrams UK","price":12000,"published_date":"2021-04-26T22:00:00.000000Z","support":"Grand format","publisher_availability":1,"stock":0,"editions":[],"url":"https:\/\/quaidesbrumes.com\/ouvrage\/9781419751219\/from-one-bank-to-another-dune-rive-lautre"},{"id":"9782355230745","title":"Guide de survie du cin\u00e9phile amateur","description":"Le soir, apr\u00e8s une dure journ\u00e9e, quoi de plus d\u00e9lectable que de s'installer devant la t\u00e9l\u00e9 et de lancer un bon film ? Un film pour rire ou pleurer, frissonner ou voyager (ou les quatre \u00e0 la fois). Mais un bon film, ce n'est pas toujours facile \u00e0 d\u00e9nicher ! Pour les cin\u00e9philes amateurs qui ne savent pas par o\u00f9 commencer ou pour les cin\u00e9philes confirm\u00e9s en qu\u00eate de la p\u00e9pite, St\u00e9phane P\u00e9quignet propose donc un top 100 des films qui l'ont le plus marqu\u00e9, qu'il commente avec humour et simplicit\u00e9, dans l'espoir de partager sa passion d\u00e9vorante pour le cin\u00e9ma.","authors":["St\u00e9phane P\u00e9quignet"],"category_codes":["6000000","6070000","6070300","6070301"],"visuals":{"large":"https:\/\/images.epagine.fr\/745\/9782355230745_1_75.jpg","medium":"https:\/\/images.epagine.fr\/745\/9782355230745_1_m.jpg","thumbnail":"https:\/\/images.epagine.fr\/745\/9782355230745_1_v.jpg"},"orderable":true,"show_badge":true,"formatted_price":"19,50&nbsp;\u20ac","formatted_published_date":"1er d\u00e9cembre 2018","publisher_availability_label":"Sur commande","short_details":"St\u00e9phane P\u00e9quignet \u2014 JETS D'ENCRE","translator":null,"weight":390,"page_count":248,"readership":null,"editor":"JETS D'ENCRE","price":1950,"published_date":"2018-11-30T23:00:00.000000Z","support":"Grand format","publisher_availability":1,"stock":0,"editions":[],"url":"https:\/\/quaidesbrumes.com\/ouvrage\/9782355230745\/guide-de-survie-du-cinephile-amateur"},{"id":"9780307271747","title":"The new biographical dictionary of film","description":"An updated edition of the film reference provides almost 1,500 entries on leading international actors and actresses, directors, and producers, along with critical essays, profiles, and film analyses.\r","authors":["David Thomson"],"category_codes":["6000000","6070000","6070300"],"visuals":{"large":"https:\/\/images.epagine.fr\/747\/9780307271747_1_75.jpg","medium":"https:\/\/images.epagine.fr\/747\/9780307271747_1_m.jpg","thumbnail":"https:\/\/images.epagine.fr\/747\/9780307271747_1_v.jpg"},"orderable":true,"show_badge":true,"formatted_price":"38,90&nbsp;\u20ac","formatted_published_date":"30 octobre 2010","publisher_availability_label":"Sur commande","short_details":"David Thomson \u2014 ALFRED KNOPF","translator":null,"weight":1607,"page_count":1076,"readership":null,"editor":"ALFRED KNOPF","price":3890,"published_date":"2010-10-29T22:00:00.000000Z","support":"Grand format","publisher_availability":1,"stock":0,"editions":[],"url":"https:\/\/quaidesbrumes.com\/ouvrage\/9780307271747\/the-new-biographical-dictionary-of-film"},{"id":"9782909870137","title":"Positif Tome 760 : Le Huis clos - juin 2024","description":"Un dossier sp\u00e9cial \u00ab Huis Clos\" , deux grands entretiens : Jeff Nichols pour \u00ab The Bikeriders \u00bb et Michel Franco pour \u00ab Memory \u00bb, les critiques de \u00ab Love Lies Bleeding \u00bb de Rose Glass de \"Furiosa : une saga Mad Max\" de George Miller, de \"In Water\" de Hong Sang-Son, \u00ab Le Deuxi\u00e8me Acte \u00bb de Quentin Dupieux. La sortie en version restaur\u00e9e de \u00ab LAscencion \u00bb de Larissa Chepitko, \u00ab Lart de James Cameron \u00bb (exposition \u00e0 la Cin\u00e9math\u00e8que Fran\u00e7aise) . Et bien d'autres sujets sont \u00e0 d\u00e9couvrir dans le num\u00e9ro de juin de Positif !","authors":["Positif"],"category_codes":["6000000","6070000","6070300","6070306"],"visuals":{"large":"https:\/\/images.epagine.fr\/137\/9782909870137_1_75.jpg","medium":"https:\/\/images.epagine.fr\/137\/9782909870137_1_m.jpg","thumbnail":"https:\/\/images.epagine.fr\/137\/9782909870137_1_v.jpg"},"orderable":true,"show_badge":true,"formatted_price":"9,00&nbsp;\u20ac","formatted_published_date":"28 mai 2024","publisher_availability_label":"Sur commande","short_details":"Positif \u2014 Instit Lumi\u00e8re","translator":null,"weight":326,"page_count":100,"readership":null,"editor":"Instit Lumi\u00e8re","price":900,"published_date":"2024-05-27T22:00:00.000000Z","support":"Grand format","publisher_availability":1,"stock":0,"editions":[],"url":"https:\/\/quaidesbrumes.com\/ouvrage\/9782909870137\/positif-tome-760-le-huis-clos-juin-2024"},{"id":"9783863356958","title":"Candida hofer photographs 1975-2013 : a film by ralph goertz (dvd) \/anglais\/allemand","description":null,"authors":[],"category_codes":["6000000","6070000","6070200"],"visuals":{"large":"https:\/\/quaidesbrumes.com\/img\/book-placeholder.png","medium":"https:\/\/quaidesbrumes.com\/img\/book-placeholder.png","thumbnail":"https:\/\/quaidesbrumes.com\/img\/book-placeholder.png"},"orderable":true,"show_badge":true,"formatted_price":"0,00&nbsp;\u20ac","formatted_published_date":"11 mai 2015","publisher_availability_label":"Sur commande","short_details":"Walther Konig","translator":null,"weight":0,"page_count":null,"readership":null,"editor":"Walther Konig","price":0,"published_date":"2015-05-10T22:00:00.000000Z","support":"DVD","publisher_availability":1,"stock":0,"editions":[],"url":"https:\/\/quaidesbrumes.com\/ouvrage\/9783863356958\/candida-hofer-photographs-1975-2013-a-film-by-ralph-goertz-dvd-anglaisallemand"},{"id":"9783863359713","title":"Hans-peter feldmann ohne worte (dvd) \/anglais\/allemand","description":null,"authors":["Goertz Ralph"],"category_codes":["6000000","6070000","6070200"],"visuals":{"large":"https:\/\/quaidesbrumes.com\/img\/book-placeholder.png","medium":"https:\/\/quaidesbrumes.com\/img\/book-placeholder.png","thumbnail":"https:\/\/quaidesbrumes.com\/img\/book-placeholder.png"},"orderable":true,"show_badge":true,"formatted_price":"0,00&nbsp;\u20ac","formatted_published_date":"31 juillet 2016","publisher_availability_label":"Sur commande","short_details":"Goertz Ralph \u2014 Walther Konig","translator":null,"weight":0,"page_count":null,"readership":null,"editor":"Walther Konig","price":0,"published_date":"2016-07-30T22:00:00.000000Z","support":"DVD","publisher_availability":1,"stock":0,"editions":[],"url":"https:\/\/quaidesbrumes.com\/ouvrage\/9783863359713\/hans-peter-feldmann-ohne-worte-dvd-anglaisallemand"},{"id":"9781683969532","title":"Walt Disney's Donald duck","description":"In honor of Donald Duck's 90th anniversary, join us in tracing his comics career from 1934 to the present! Carl Barks' \"Lost in the Andes\" and Don Rosa's \"Return to Plain Awful\" take the Ducks to the legendary land of square eggs--while Romano Scarpa's \"Legend of Donald Hood\" pits Donald against Scrooge in a feature-length Sherwood Forest spoof! Marco Rota's \"Life and Times of Donald Duck\" traces our hero from birth--as a wild duck in a nest?!--while William Van Horn's \"The Black Moon\" finds outer-space peril threatening Duckburg! From Daisy to Gladstone to Gyro and the Beagle Boys, the gang's all here... for an unprecedented look at everybody's favorite duck!","authors":["Collectif"],"category_codes":["6000000","6070000","6070300","6070304"],"visuals":{"large":"https:\/\/images.epagine.fr\/532\/9781683969532_1_75.jpg","medium":"https:\/\/images.epagine.fr\/532\/9781683969532_1_m.jpg","thumbnail":"https:\/\/images.epagine.fr\/532\/9781683969532_1_v.jpg"},"orderable":true,"show_badge":true,"formatted_price":"57,70&nbsp;\u20ac","formatted_published_date":"13 ao\u00fbt 2024","publisher_availability_label":"Sur commande","short_details":"Collectif \u2014 FANTAGRAPHICS","translator":null,"weight":788,"page_count":360,"readership":null,"editor":"FANTAGRAPHICS","price":5770,"published_date":"2024-08-12T22:00:00.000000Z","support":"Grand format","publisher_availability":1,"stock":0,"editions":[],"url":"https:\/\/quaidesbrumes.com\/ouvrage\/9781683969532\/walt-disneys-donald-duck"},{"id":"9782848680866","title":"Les pieds dans le plat","description":"La vie de Michel Serrault est extraordinaire. Issu des fortifs de la banlieue parisienne, il devient l'acteur de th\u00e9\u00e2tre et de cin\u00e9ma le plus aim\u00e9 des Fran\u00e7ais apr\u00e8s     La cage aux folles    .    Ce livre, son second ouvrage, est un journal de bord dans lequel l'acteur a consign\u00e9 ses remarques, ses pens\u00e9es, ses critiques sur le monde actuel.","authors":["Michel Serrault"],"category_codes":["6000000","6070000","6070300"],"visuals":{"large":"https:\/\/images.epagine.fr\/866\/9782848680866_1_75.jpg","medium":"https:\/\/images.epagine.fr\/866\/9782848680866_1_m.jpg","thumbnail":"https:\/\/images.epagine.fr\/866\/9782848680866_1_v.jpg"},"orderable":true,"show_badge":true,"formatted_price":"22,50&nbsp;\u20ac","formatted_published_date":"1er mars 2005","publisher_availability_label":"Sur commande","short_details":"Michel Serrault \u2014 EDITIONS DE LA LOUPE","translator":null,"weight":500,"page_count":164,"readership":null,"editor":"EDITIONS DE LA LOUPE","price":2250,"published_date":"2005-02-28T23:00:00.000000Z","support":"Grand format","publisher_availability":1,"stock":0,"editions":[],"url":"https:\/\/quaidesbrumes.com\/ouvrage\/9782848680866\/les-pieds-dans-le-plat"},{"id":"9782849751565","title":"Images du monde","description":null,"authors":["Matthieu Messagier"],"category_codes":["6000000","6070000","6070200"],"visuals":{"large":"https:\/\/images.epagine.fr\/565\/9782849751565_1_75.jpg","medium":"https:\/\/images.epagine.fr\/565\/9782849751565_1_m.jpg","thumbnail":"https:\/\/images.epagine.fr\/565\/9782849751565_1_v.jpg"},"orderable":true,"show_badge":true,"formatted_price":"12,00&nbsp;\u20ac","formatted_published_date":"29 octobre 2009","publisher_availability_label":"Sur commande","short_details":"Matthieu Messagier \u2014 \u00c9ditions Fage","translator":null,"weight":279,"page_count":116,"readership":"Tout public","editor":"\u00c9ditions Fage","price":1200,"published_date":"2009-10-28T23:00:00.000000Z","support":"Grand format","publisher_availability":1,"stock":0,"editions":[],"url":"https:\/\/quaidesbrumes.com\/ouvrage\/9782849751565\/images-du-monde"},{"id":"9782359351163","title":"Identites en interaction","description":null,"authors":["Greco Luca"],"category_codes":["6000000","6070000","6070300"],"visuals":{"large":"https:\/\/images.epagine.fr\/163\/9782359351163_1_75.jpg","medium":"https:\/\/images.epagine.fr\/163\/9782359351163_1_m.jpg","thumbnail":"https:\/\/images.epagine.fr\/163\/9782359351163_1_v.jpg"},"orderable":true,"show_badge":true,"formatted_price":"25,00&nbsp;\u20ac","formatted_published_date":"30 avril 2014","publisher_availability_label":"Sur commande","short_details":"Greco Luca \u2014 LAMBERT-LUCAS","translator":null,"weight":360,"page_count":null,"readership":null,"editor":"LAMBERT-LUCAS","price":2500,"published_date":"2014-04-29T22:00:00.000000Z","support":"Grand format","publisher_availability":1,"stock":0,"editions":[],"url":"https:\/\/quaidesbrumes.com\/ouvrage\/9782359351163\/identites-en-interaction"},{"id":"9783907236468","title":"Acts of appearance","description":"Un projet communautaire et collaboratif initi\u00e9 par la grande photographe indienne autour des masques en papier m\u00e2ch\u00e9 traditionnels r\u00e9alis\u00e9s par les artistes indig\u00e8nes adivasi dans l'ouest de l'Inde.\r\nActs of Appearance r\u00e9sulte d'un projet men\u00e9 au sein d'un village d'artistes adivasi, sp\u00e9cialis\u00e9s dans le papier m\u00e2ch\u00e9, issus des tribus Kokna et Warli dans le district de Palghar, en Inde. Situ\u00e9 \u00e0 l'int\u00e9rieur des terres de Dahanu, ce district est l'un des plus pauvres du Maharashtra. Les artistes collaborateurs de Gill sont r\u00e9put\u00e9s pour leurs objets en papier m\u00e2ch\u00e9, notamment les masques sacr\u00e9s traditionnels fabriqu\u00e9s pour la procession annuelle de Bohada. Dans ces images, les artistes ainsi que d'autres volontaires locaux s'engagent dans des activit\u00e9s villageoises quotidiennes tout en portant de nouveaux masques, fabriqu\u00e9s par eux express\u00e9ment pour ce corpus d'oeuvres \u00e0 partir de 2014. Ces nouvelles cr\u00e9ations repr\u00e9sentent des \u00eatres vivants ayant les caract\u00e9ristiques physiques d'humains ordinaires, d'animaux banals ou d'objets pr\u00e9cieux. Un \u00e9ventail de sc\u00e9narios et de r\u00e9cits, situ\u00e9s \u00e0 la fois dans la \u00ab r\u00e9alit\u00e9 \u00bb et dans des \u00e9tats oniriques, se retrouvent dans les photographies, qui d\u00e9peignent simultan\u00e9ment des repr\u00e9sentations symboliques ou ludiques ainsi que les exp\u00e9riences famili\u00e8res des membres de la communaut\u00e9 avec pour toile de fond leur maison et leur culture.\r\nAvec les artistes adivasi Bhagvan Dharma Kadu, Subhas Dharma Kadu, Yuvraj Bhagvan Kadu, Rahul Arvind Kakad, Madhuri Subhas Kadu, Vaibhav Subhas Kadu, Rahul Bhagvan Kadu, Makhaval Bhagvan Kadu, Mukta Subhas Kadu, Rangeeta Arvind Kakad, Sampat Raho Vazare, Gangubai Eshwar Vazare, Rajashri Eshwar Vazare, Darshana Devram Kakad, Ganesh Ganpat Lokhande, Sangeeta Ganesh Lokhande, Sangeeta Navnath Kadu, Kusum Bhagvan Kadu, Harishchandra Rama Kadu, Suvrna Harishchandra Vad, Anjana Sachin Kurbude, Sachin Sankar Kurbude, Sanjay Sakharam Vatas, Ganpat Ganga Lokhande, Rupesh Arvind Kakad, Nalini Pradip Valvi, Jyoti Sanjay Vatas, Shravan Budhya Tumbda, Saraswati Subhas Kadu, Sapna Bhagvan Kadu, Bhawna Bhagvan Kadu, Pooja Arvind Kakad, Tushar Prakash Vatas, Tushar Dinkar Vatas, Vijaya Navnath Kadu, Suraj Tukaram Vad, Nishant Tulshiram Thalkar, Nilam Sunil Marad.","authors":["Gauri Gill"],"category_codes":["6000000","6070000","6070200","6070205"],"visuals":{"large":"https:\/\/images.epagine.fr\/468\/9783907236468_1_75.jpg","medium":"https:\/\/images.epagine.fr\/468\/9783907236468_1_m.jpg","thumbnail":"https:\/\/images.epagine.fr\/468\/9783907236468_1_v.jpg"},"orderable":true,"show_badge":true,"formatted_price":"62,00&nbsp;\u20ac","formatted_published_date":"18 novembre 2022","publisher_availability_label":"Sur commande","short_details":"Gauri Gill \u2014 Patrick Frey","translator":null,"weight":740,"page_count":180,"readership":null,"editor":"Patrick Frey","price":6200,"published_date":"2022-11-17T23:00:00.000000Z","support":"Grand format","publisher_availability":1,"stock":0,"editions":[],"url":"https:\/\/quaidesbrumes.com\/ouvrage\/9783907236468\/acts-of-appearance"},{"id":"9782322539802","title":"Berlin 1988\/1991 : Mur ou tournant","description":"Berlin. Comme pour nombre de celles et ceux qui sont n\u00e9s apr\u00e8s-guerre, cette ville fait partie de ma vie. J'y arrive pour la premi\u00e8re fois en octobre 1988. La coupure de l'Europe entre les deux blocs prend une dimension physique violente, au bout de la longue ligne droite transversale qui se heurte au Mur au pied de la Porte dee Brandebourg. Ce sera ma premi\u00e8re photo personnelle de Berlin. Et c'est ainsi que s'ouvre ce livre qui tente, en 66 photos, de raconter Berlin avant et apr\u00e8s l'ouverture du Mur, entre 1988 et 1991.","authors":["Jean-Fran\u00e7ois No\u00ebl"],"category_codes":["6000000","6070000","6070200"],"visuals":{"large":"https:\/\/images.epagine.fr\/802\/9782322539802_1_75.jpg","medium":"https:\/\/images.epagine.fr\/802\/9782322539802_1_m.jpg","thumbnail":"https:\/\/images.epagine.fr\/802\/9782322539802_1_v.jpg"},"orderable":true,"show_badge":true,"formatted_price":"38,00&nbsp;\u20ac","formatted_published_date":"31 mai 2024","publisher_availability_label":"Sur commande","short_details":"Jean-Fran\u00e7ois No\u00ebl \u2014 Books on Demand","translator":null,"weight":382,"page_count":76,"readership":null,"editor":"Books on Demand","price":3800,"published_date":"2024-05-30T22:00:00.000000Z","support":"Grand format","publisher_availability":1,"stock":0,"editions":[],"url":"https:\/\/quaidesbrumes.com\/ouvrage\/9782322539802\/berlin-19881991-mur-ou-tournant"},{"id":"9783865211057","title":"Ed ruscha then & now","description":"Les images du premier livre d'Ed Rusha (1973), montrant Hollywood Boulevard, mises en parall\u00e8le avec les m\u00eames vues r\u00e9alis\u00e9es en 2004.\r","authors":["Ruscha Ed"],"category_codes":["6000000","6070000","6070200"],"visuals":{"large":"https:\/\/images.epagine.fr\/057\/9783865211057_1_75.jpg","medium":"https:\/\/images.epagine.fr\/057\/9783865211057_1_m.jpg","thumbnail":"https:\/\/images.epagine.fr\/057\/9783865211057_1_v.jpg"},"orderable":true,"show_badge":true,"formatted_price":"385,00&nbsp;\u20ac","formatted_published_date":"22 ao\u00fbt 2005","publisher_availability_label":"Sur commande","short_details":"Ruscha Ed \u2014 Steidl","translator":null,"weight":3020,"page_count":152,"readership":null,"editor":"Steidl","price":38500,"published_date":"2005-08-21T22:00:00.000000Z","support":"Grand format","publisher_availability":1,"stock":0,"editions":[],"url":"https:\/\/quaidesbrumes.com\/ouvrage\/9783865211057\/ed-ruscha-then-now"},{"id":"9782418177901","title":"Revue photographique, artistique et documentaire du Centre","description":"Revue photographique, artistique & documentaire du Centre : publication trimestrielle illustr\u00e9e \/ organe de la Soci\u00e9t\u00e9 photographique du Centre\r\nDate de l'\u00e9dition originale : 1909\r\n\r\nLa pr\u00e9sente revue s'inscrit dans une politique de conservation patrimoniale de la presse fran\u00e7aise mise en place avec la BnF. \r\nHachette Livre et la BnF proposent ainsi un catalogue de titres indisponibles, la BnF ayant num\u00e9ris\u00e9 ces publications et Hachette Livre les imprimant \u00e0 la demande. \r\nCertains de ces titres refl\u00e8tent des courants de pens\u00e9e caract\u00e9ristiques de leur \u00e9poque, mais qui seraient aujourd'hui jug\u00e9s condamnables. \r\nIls n'en appartiennent pas moins \u00e0 l'histoire des id\u00e9es en France et sont susceptibles de pr\u00e9senter un int\u00e9r\u00eat scientifique ou historique. \r\nLe sens de notre d\u00e9marche \u00e9ditoriale consiste ainsi \u00e0 permettre l'acc\u00e8s \u00e0 ces revues sans pour autant que nous en cautionnions en aucune fa\u00e7on le contenu. \r\nPour plus d'informations, rendez-vous sur www.hachettebnf.fr","authors":["Societe Photographiq"],"category_codes":["6000000","6070000","6070200"],"visuals":{"large":"https:\/\/images.epagine.fr\/901\/9782418177901_1_75.jpg","medium":"https:\/\/images.epagine.fr\/901\/9782418177901_1_m.jpg","thumbnail":"https:\/\/images.epagine.fr\/901\/9782418177901_1_v.jpg"},"orderable":true,"show_badge":true,"formatted_price":"16,50&nbsp;\u20ac","formatted_published_date":"17 juin 2024","publisher_availability_label":"Sur commande","short_details":"Societe Photographiq \u2014 Hachette BNF","translator":null,"weight":189,"page_count":64,"readership":null,"editor":"Hachette BNF","price":1650,"published_date":"2024-06-16T22:00:00.000000Z","support":"Grand format","publisher_availability":1,"stock":0,"editions":["9782418177918","9782418177925","9782418177932","9782418177949","9782418177956","9782418177963","9782418177895"],"url":"https:\/\/quaidesbrumes.com\/ouvrage\/9782418177901\/revue-photographique-artistique-et-documentaire-du-centre"},{"id":"9782418177833","title":"Revue photographique","description":"Revue photographique : organe officiel de la Soci\u00e9t\u00e9 fran\u00e7aise des archives photographiques, historiques et monumentales et de l'Union photographique de France\r\nDate de l'\u00e9dition originale : 1881-01\r\n\r\nLa pr\u00e9sente revue s'inscrit dans une politique de conservation patrimoniale de la presse fran\u00e7aise mise en place avec la BnF. \r\nHachette Livre et la BnF proposent ainsi un catalogue de titres indisponibles, la BnF ayant num\u00e9ris\u00e9 ces publications et Hachette Livre les imprimant \u00e0 la demande. \r\nCertains de ces titres refl\u00e8tent des courants de pens\u00e9e caract\u00e9ristiques de leur \u00e9poque, mais qui seraient aujourd'hui jug\u00e9s condamnables. \r\nIls n'en appartiennent pas moins \u00e0 l'histoire des id\u00e9es en France et sont susceptibles de pr\u00e9senter un int\u00e9r\u00eat scientifique ou historique. \r\nLe sens de notre d\u00e9marche \u00e9ditoriale consiste ainsi \u00e0 permettre l'acc\u00e8s \u00e0 ces revues sans pour autant que nous en cautionnions en aucune fa\u00e7on le contenu. \r\nPour plus d'informations, rendez-vous sur www.hachettebnf.fr","authors":["Societe Francaise De"],"category_codes":["6000000","6070000","6070200"],"visuals":{"large":"https:\/\/images.epagine.fr\/833\/9782418177833_1_75.jpg","medium":"https:\/\/images.epagine.fr\/833\/9782418177833_1_m.jpg","thumbnail":"https:\/\/images.epagine.fr\/833\/9782418177833_1_v.jpg"},"orderable":true,"show_badge":true,"formatted_price":"14,50&nbsp;\u20ac","formatted_published_date":"17 juin 2024","publisher_availability_label":"Sur commande","short_details":"Societe Francaise De \u2014 Hachette BNF","translator":null,"weight":124,"page_count":38,"readership":null,"editor":"Hachette BNF","price":1450,"published_date":"2024-06-16T22:00:00.000000Z","support":"Grand format","publisher_availability":1,"stock":0,"editions":["9782418177840","9782418177857"],"url":"https:\/\/quaidesbrumes.com\/ouvrage\/9782418177833\/revue-photographique"},{"id":"9783865213624","title":"London\/Wales","description":"R\u00e9impression de ce grand classique de Robert Frank paru pour la premi\u00e8re fois en 2003 chez Scalo.\r","authors":["Robert Frank"],"category_codes":["6000000","6070000","6070200"],"visuals":{"large":"https:\/\/images.epagine.fr\/624\/9783865213624_1_75.jpg","medium":"https:\/\/images.epagine.fr\/624\/9783865213624_1_m.jpg","thumbnail":"https:\/\/images.epagine.fr\/624\/9783865213624_1_v.jpg"},"orderable":true,"show_badge":true,"formatted_price":"58,00&nbsp;\u20ac","formatted_published_date":"30 avril 2007","publisher_availability_label":"Sur commande","short_details":"Robert Frank \u2014 Steidl","translator":null,"weight":780,"page_count":128,"readership":null,"editor":"Steidl","price":5800,"published_date":"2007-04-29T22:00:00.000000Z","support":"Grand format","publisher_availability":1,"stock":0,"editions":[],"url":"https:\/\/quaidesbrumes.com\/ouvrage\/9783865213624\/londonwales"},{"id":"9782848681245","title":"Tant que battra mon coeur","description":"Mireille Darc est n\u00e9e \u00e0 Toulon le 15 mai 1938, troisi\u00e8me et dernier enfant d'une famille extr\u00eamement modeste. Sa m\u00e8re tient une petite \u00e9picerie dans les faubourgs, et son p\u00e8re est ouvrier horticulteur. Laiss\u00e9e \u00e0 elle-m\u00eame dans un foyer o\u00f9 n'entre pas la culture (il n'y a aucun livre \u00e0 la maison), elle d\u00e9cide seule \u00e0 14 ans de s'inscrire au Conservatoire de Toulon pour y apprendre le th\u00e9\u00e2tre. Elle en sortira cinq ans plus tard avec un Prix d'excellence. Avec trois cents francs et ce prix en poche, elle monte \u00e0 Paris en 1958...Son livre, intense et bouleversant, raconte la parcours d'une femme qui a forg\u00e9 elle-m\u00eame son destin \u00e0 force d'enthousiasme, d'intelligence et de courage. Souvent rattrap\u00e9e par le malheur, flirtant avec la mort, Mireille Darc a fait preuve tout au long de sa vie d'une force peu commune. Elle a charm\u00e9 et fait rire la France au gr\u00e9 de films qui sont devenus pour la plupart des classiques. Plus tard, au temps des \u00e9preuves, elle les a \u00e9mus par sa droiture et son humanit\u00e9. Elle dresse d'Alain Delon, dont elle est rest\u00e9e tr\u00e8s proche, un portrait tendre,","authors":["Mireille Darc"],"category_codes":["6000000","6070000","6070300"],"visuals":{"large":"https:\/\/images.epagine.fr\/245\/9782848681245_1_75.jpg","medium":"https:\/\/images.epagine.fr\/245\/9782848681245_1_m.jpg","thumbnail":"https:\/\/images.epagine.fr\/245\/9782848681245_1_v.jpg"},"orderable":true,"show_badge":true,"formatted_price":"22,00&nbsp;\u20ac","formatted_published_date":"10 mars 2006","publisher_availability_label":"Sur commande","short_details":"Mireille Darc \u2014 EDITIONS DE LA LOUPE","translator":null,"weight":350,"page_count":436,"readership":null,"editor":"EDITIONS DE LA LOUPE","price":2200,"published_date":"2006-03-09T23:00:00.000000Z","support":"Grand format","publisher_availability":1,"stock":0,"editions":["9782845632394"],"url":"https:\/\/quaidesbrumes.com\/ouvrage\/9782848681245\/tant-que-battra-mon-coeur"},{"id":"9782234059870","title":"La mort de l'information","description":"Apr\u00e8s quarante-cinq ans d'exercice du journalisme et d'observation du politique, ce \u00ab testament professionnel \u00bb dresse le constat d'un inqui\u00e9tant paradoxe : c'est au moment o\u00f9 le citoyen devrait \u00eatre le mieux inform\u00e9 que le syst\u00e8me d'information s'est d\u00e9cr\u00e9dibilis\u00e9.\r\nD'un c\u00f4t\u00e9, la d\u00e9mocratie devient de plus en plus \u00ab directe \u00bb. Par le suffrage universel, les r\u00e9f\u00e9rendums, les sondages, les citoyens p\u00e8sent \u00e0 tout instant sur les d\u00e9cisions et font de moins en moins confiance \u00e0 ceux qu'ils ont choisis pour les repr\u00e9senter. Mais ont-ils les moyens de ce nouveau r\u00f4le alors que les dirigeants ma\u00eetrisent de mieux en mieux les techniques de communication, c'est-\u00e0-dire de manipulation ? \r\nDe l'autre c\u00f4t\u00e9, le syst\u00e8me d'information est discr\u00e9dit\u00e9 par les connivences, les effets pervers de la concurrence, la perte des rep\u00e8res d\u00e9ontologiques. Il ne remplit plus sa fonction d\u00e9mocratique, qui est de permettre \u00e0 chaque citoyen d'exercer en connaissance de cause ses responsabilit\u00e9s. Celui-ci se retrouve seul, avec le sentiment illusoire et dangereux que, gr\u00e2ce \u00e0 Internet, il pourra s'informer et s'exprimer. \r\nMais dans une d\u00e9mocratie lib\u00e9rale, c'est pourtant lui qui est le ma\u00eetre ! Il a donc sa part de responsabilit\u00e9 dans la double crise du politique et du syst\u00e8me d'information. Ce livre est \u00e0 la fois un essai pugnace et le d\u00e9cryptage, par un tr\u00e8s grand professionnel, de l'actualit\u00e9 de ces derni\u00e8res ann\u00e9es. \u00c9tudes de cas \u00e0 l'appui, Albert Du Roy montre et d\u00e9montre que ni les m\u00e9dias ni les journalistes ne peuvent, aujourd'hui, se pr\u00e9tendre ind\u00e9pendants ; que la concurrence effr\u00e9n\u00e9e produit des d\u00e9rapages et non de la qualit\u00e9 ; que l'image, m\u00eame non trafiqu\u00e9e, \u00e9loigne souvent de la v\u00e9rit\u00e9 ; que le mythe de la \u00ab transparence \u00bb engendre de l'opacit\u00e9. L'AUTEUR L'homme qui dresse ce constat s\u00e9v\u00e8re a derri\u00e8re lui un parcours sans \u00e9quivalent : \u00e9ditorialiste \u00e0 Europe 1 et RMC, r\u00e9dacteur en chef adjoint de L'Express, grand interviewer pour \u00ab L'heure de v\u00e9rit\u00e9 \u00bb, directeur de la r\u00e9daction de L'\u00c9v\u00e9nement du jeudi et de L'Expansion, directeur de l'information \u00e0 France 2.","authors":["Albert Du Roy"],"category_codes":["6000000","6070000","6070300"],"visuals":{"large":"https:\/\/images.epagine.fr\/870\/9782234059870_1_75.jpg","medium":"https:\/\/images.epagine.fr\/870\/9782234059870_1_m.jpg","thumbnail":"https:\/\/images.epagine.fr\/870\/9782234059870_1_v.jpg"},"orderable":true,"show_badge":true,"formatted_price":"23,00&nbsp;\u20ac","formatted_published_date":"3 octobre 2007","publisher_availability_label":"Sur commande","short_details":"Albert Du Roy \u2014 Stock","translator":null,"weight":286,"page_count":234,"readership":null,"editor":"Stock","price":2300,"published_date":"2007-10-02T22:00:00.000000Z","support":"Grand format","publisher_availability":1,"stock":0,"editions":[],"url":"https:\/\/quaidesbrumes.com\/ouvrage\/9782234059870\/la-mort-de-linformation"},{"id":"9782900314470","title":"Fou rire, r\u00eave fou Maia Flore","description":"MAIA FLORE N\u00e9e en 1988, Maia Flore vit et travaille entre la France et la Californie. Dipl\u00f4m\u00e9e en 2010 de l'\u00c9cole des Gobelins, sa d\u00e9marche artistique inscrit son propre corps en mouvement dans des images o\u00f9 elle cr\u00e9e un dialogue sans filtre avec le r\u00e9el. C'est avec gr\u00e2ce et humour qu'elle \u00e9volue devant l'objectif et derri\u00e8re l'\u00e9cran pour construire un univers visuel po\u00e9tique avec l'image photographique et vid\u00e9o. Laur\u00e9ate du prix HSBC pour la photographie en 2015, ses photographies sont r\u00e9guli\u00e8rement expos\u00e9es en France et \u00e0 l'international et ont int\u00e9gr\u00e9 de prestigieuses collections telles que celles de Mus\u00e9e Nic\u00e9phore Ni\u00e9pce, de la Fondation de France, de l'Op\u00e9ra national de Paris, McEvoy Foundation for the Arts, San Francisco. Sa premi\u00e8re monographie Rememories a \u00e9t\u00e9 publi\u00e9e chez Actes Sud en 2015 et son deuxi\u00e8me ouvrage D'\u00eeles en Lune aux \u00e9ditions ContreJour. Directrice artistique, elle travaille l'univers visuel en commande dont les institutions culturelles, le sport et le luxe sont ses principaux clients. ","authors":["Jakuta Alikavazovic","Maia Flore"],"category_codes":["6000000","6070000","6070200"],"visuals":{"large":"https:\/\/images.epagine.fr\/470\/9782900314470_1_75.jpg","medium":"https:\/\/images.epagine.fr\/470\/9782900314470_1_m.jpg","thumbnail":"https:\/\/images.epagine.fr\/470\/9782900314470_1_v.jpg"},"orderable":true,"show_badge":true,"formatted_price":"20,00&nbsp;\u20ac","formatted_published_date":"3 juillet 2024","publisher_availability_label":"Sur commande","short_details":"Jakuta Alikavazovic, Maia Flore \u2014 Octopus Edition","translator":null,"weight":1788,"page_count":128,"readership":null,"editor":"Octopus Edition","price":2000,"published_date":"2024-07-02T22:00:00.000000Z","support":"Grand format","publisher_availability":1,"stock":0,"editions":[],"url":"https:\/\/quaidesbrumes.com\/ouvrage\/9782900314470\/fou-rire-reve-fou-maia-flore"},{"id":"9782755500417","title":"Notre m\u00e9tier a mal tourn\u00e9","description":"Les auteurs dressent un constat sans concession de l'\u00e9tat de leur m\u00e9tier de journaliste et de son devenir. Sur la forme le m\u00e9tier semble en crise, partag\u00e9 entre une \u00e9lite qui truste les places disponibles \u00e0 la t\u00e9l\u00e9vision et la grande majorit\u00e9 qui tente de percer ou de se maintenir dans le m\u00e9tier. Sur le fond les auteurs s'interrogent sur la fonction de leur profession au sein de la soci\u00e9t\u00e9 et sur son \u00e9volution par rapport \u00e0 la formidable croissance des m\u00e9dias et des contenus qu'ils v\u00e9hiculent. Doit-on continuer \u00e0 privil\u00e9gier l'\u00e9motion au d\u00e9triment de l'information ? Le journaliste est-il toujours au service de l'information et de ses auditeurs ou se sert-il de sa fonction pour s'assurer une position sociale bien en vue ?\r\n\r\nAutant de questions qui soul\u00e8vent les difficult\u00e9s de la mutation du m\u00e9tier de journaliste face \u00e0 la croissance du \u00ab m\u00e9dia-monde \u00bb.","authors":["Philippe Cohen","Elisabeth L\u00e9vy"],"category_codes":["6000000","6070000","6070300"],"visuals":{"large":"https:\/\/images.epagine.fr\/417\/9782755500417_1_75.jpg","medium":"https:\/\/images.epagine.fr\/417\/9782755500417_1_m.jpg","thumbnail":"https:\/\/images.epagine.fr\/417\/9782755500417_1_v.jpg"},"orderable":true,"show_badge":true,"formatted_price":"26,00&nbsp;\u20ac","formatted_published_date":"23 janvier 2008","publisher_availability_label":"Sur commande","short_details":"Philippe Cohen, Elisabeth L\u00e9vy \u2014 \u00c9ditions Mille et Une Nuits","translator":null,"weight":360,"page_count":232,"readership":null,"editor":"\u00c9ditions Mille et Une Nuits","price":2600,"published_date":"2008-01-22T23:00:00.000000Z","support":"Grand format","publisher_availability":1,"stock":0,"editions":[],"url":"https:\/\/quaidesbrumes.com\/ouvrage\/9782755500417\/notre-metier-a-mal-tourne"},{"id":"9789801816522","title":"Paolo gasparini fotollavero mexicano \/espagnol","description":null,"authors":["Gasparini Paolo"],"category_codes":["6000000","6070000","6070200"],"visuals":{"large":"https:\/\/images.epagine.fr\/522\/9789801816522_1_75.jpg","medium":"https:\/\/images.epagine.fr\/522\/9789801816522_1_m.jpg","thumbnail":"https:\/\/images.epagine.fr\/522\/9789801816522_1_v.jpg"},"orderable":true,"show_badge":true,"formatted_price":"47,00&nbsp;\u20ac","formatted_published_date":"10 novembre 2021","publisher_availability_label":"Sur commande","short_details":"Gasparini Paolo \u2014 Rm Editorial","translator":null,"weight":900,"page_count":null,"readership":null,"editor":"Rm Editorial","price":4700,"published_date":"2021-11-09T23:00:00.000000Z","support":"Grand format","publisher_availability":1,"stock":0,"editions":[],"url":"https:\/\/quaidesbrumes.com\/ouvrage\/9789801816522\/paolo-gasparini-fotollavero-mexicano-espagnol"}]}