{"data":[{"id":"9782418149540","title":"Le rayon","description":"Le Rayon bleu : journal des photographes\r\nDate de l'\u00e9dition originale : 1870-06-15\r\n\r\nLa pr\u00e9sente revue s'inscrit dans une politique de conservation patrimoniale de la presse fran\u00e7aise mise en place avec la BnF. \r\nHachette Livre et la BnF proposent ainsi un catalogue de titres indisponibles, la BnF ayant num\u00e9ris\u00e9 ces publications et Hachette Livre les imprimant \u00e0 la demande. \r\nCertains de ces titres refl\u00e8tent des courants de pens\u00e9e caract\u00e9ristiques de leur \u00e9poque, mais qui seraient aujourd'hui jug\u00e9s condamnables. \r\nIls n'en appartiennent pas moins \u00e0 l'histoire des id\u00e9es en France et sont susceptibles de pr\u00e9senter un int\u00e9r\u00eat scientifique ou historique. \r\nLe sens de notre d\u00e9marche \u00e9ditoriale consiste ainsi \u00e0 permettre l'acc\u00e8s \u00e0 ces revues sans pour autant que nous en cautionnions en aucune fa\u00e7on le contenu. \r\nPour plus d'informations, rendez-vous sur www.hachettebnf.fr","authors":["L.-M. Cyrus"],"category_codes":["6000000","6070000","6070200"],"visuals":{"large":"https:\/\/images.epagine.fr\/540\/9782418149540_1_75.jpg","medium":"https:\/\/images.epagine.fr\/540\/9782418149540_1_m.jpg","thumbnail":"https:\/\/images.epagine.fr\/540\/9782418149540_1_v.jpg"},"orderable":true,"show_badge":true,"formatted_price":"14,00&nbsp;\u20ac","formatted_published_date":"7 mai 2024","publisher_availability_label":"Sur commande","short_details":"L.-M. Cyrus \u2014 Hachette BNF","translator":null,"weight":115,"page_count":32,"readership":null,"editor":"Hachette BNF","price":1400,"published_date":"2024-05-06T22:00:00.000000Z","support":"Grand format","publisher_availability":1,"stock":0,"editions":["9782418149496","9782418149502","9782418149519","9782418149526","9782418149533","9782418149557","9782418149564"],"url":"https:\/\/quaidesbrumes.com\/ouvrage\/9782418149540\/le-rayon"},{"id":"9781910401873","title":"The things not seen are eternal","description":"Over a period of two years, Herman Ellis Dyal photographed the interior of the church he had attended as a child in San Antonio, Texas. The resulting photographs show much of the building now unused and form his first monograph, The Things Not Seen Are Eternal. In 2021, Dyal passed by Riverside Baptist Church on a weekday afternoon, and after not being inside the building for over 50-years, spotted an open door and entered. He began to return regularly to document the interior and the many rooms and spaces which are no longer in use, without electricity and slowly deteriorating. His painterly photographs are devoid of people but heavy with the echoes of past human presence?chairs, toys, robes, furniture, artificial flowers and books? relics of an earlier time.","authors":["Ellis Dyal Herman"],"category_codes":["6000000","6070000","6070200","6070205"],"visuals":{"large":"https:\/\/images.epagine.fr\/873\/9781910401873_1_75.jpg","medium":"https:\/\/images.epagine.fr\/873\/9781910401873_1_m.jpg","thumbnail":"https:\/\/images.epagine.fr\/873\/9781910401873_1_v.jpg"},"orderable":true,"show_badge":true,"formatted_price":"62,00&nbsp;\u20ac","formatted_published_date":"6 avril 2023","publisher_availability_label":"Sur commande","short_details":"Ellis Dyal Herman \u2014 Gost Books","translator":null,"weight":1201,"page_count":128,"readership":null,"editor":"Gost Books","price":6200,"published_date":"2023-04-05T22:00:00.000000Z","support":"Grand format","publisher_availability":1,"stock":0,"editions":[],"url":"https:\/\/quaidesbrumes.com\/ouvrage\/9781910401873\/the-things-not-seen-are-eternal"},{"id":"9782760650183","title":"Plus de cin\u00e9ma ! Images anim\u00e9es et effets sp\u00e9ciaux","description":"L'effet du cin\u00e9ma a \u00e9t\u00e9, tout le long de son histoire, celui de la merveille. D\u00e9filant, pour nos yeux et d'autres sens, les images en mouvement d\u00e9jouaient leur fixit\u00e9 pour ouvrir vers des possibles : des univers singuliers aux r\u00eaves visibles, des couleurs envoutants aux math\u00e9matiques sensibles. Ce livre propose une arch\u00e9ologie des quelques exp\u00e9rimentations men\u00e9es entre deux mondes : celui de l'animation et celui de la prise de vue r\u00e9elle. Il traverse le si\u00e8cle du cin\u00e9ma, et nous permet de ressortir de la lecture avec une conception \u00e9largie des effets sp\u00e9ciaux qui accompagnera d\u00e9sormais toute id\u00e9e de cin\u00e9ma !","authors":["Collectif","Viva Paci"],"category_codes":["6000000","6070000","6070300","6070304"],"visuals":{"large":"https:\/\/images.epagine.fr\/183\/9782760650183_1_75.jpg","medium":"https:\/\/images.epagine.fr\/183\/9782760650183_1_m.jpg","thumbnail":"https:\/\/images.epagine.fr\/183\/9782760650183_1_v.jpg"},"orderable":true,"show_badge":true,"formatted_price":"28,00&nbsp;\u20ac","formatted_published_date":"2 mai 2024","publisher_availability_label":"Sur commande","short_details":"Collectif, Viva Paci \u2014 PU de Montr\u00e9al","translator":null,"weight":422,"page_count":280,"readership":null,"editor":"PU de Montr\u00e9al","price":2800,"published_date":"2024-05-01T22:00:00.000000Z","support":"Grand format","publisher_availability":1,"stock":0,"editions":[],"url":"https:\/\/quaidesbrumes.com\/ouvrage\/9782760650183\/plus-de-cinema-images-animees-et-effets-speciaux"},{"id":"9782493721266","title":"Une heure avec...","description":"Voici r\u00e9unis en recueil les principaux entretiens recueillis par Pierre Gillieth depuis plus de 30 ans, parus dans diff\u00e9rents magazines (Le Magazine des Livres, R\u00e9fl\u00e9chir&Agir, etc.). On y trouvera \u00e9crivains, artistes, dessinateurs, journalistes, arch\u00e9ologues, musiciens de styles et opinions tr\u00e8s diversifi\u00e9s, et m\u00eame le fondateur de l'ETA basque !\r\n\r\nA.D.G. - Adolf - Brigitte Bardot - Alain de Benoist - Arnaud Bordes - J\u00e9r\u00f4me Bourbon - Jean-Paul Bourre - Jean-Louis Brunaux - Didier Carette - Chard - Jean-Louis Costes - Michel D\u00e9on - Patrick Eudeline - Bruno Favrit - Floc'h - Edmond Fraysse - Camille Galic - Pierric Guittaut - Philippe d'Hugues - \u00cele de France - In Memoriam - John King - Konk - Francis Lacassin - Bruno Lafourcade - Brigitte Lahaie - Edouard Limonov - Jean-Louis Loubet Del Bayle - Jean Mabire - Julen Madariaga - Jack Marchal - Thierry Marignac - Michel Marmin - Jacques Martin - David Mi\u00e8ge - Michel Mohrt - Papacito - Jean-Bernard Pouy - Pierre Robin - Sylvain Roussillon - Guy Sajer - Jacques Terpant - Jean Tulard - Varg Vikernes - Dominique Zardi - Eric Zemmour","authors":["Pierre Gillieth"],"category_codes":["6000000","6070000","6070300","6070304"],"visuals":{"large":"https:\/\/images.epagine.fr\/266\/9782493721266_1_75.jpg","medium":"https:\/\/images.epagine.fr\/266\/9782493721266_1_m.jpg","thumbnail":"https:\/\/images.epagine.fr\/266\/9782493721266_1_v.jpg"},"orderable":true,"show_badge":true,"formatted_price":"24,00&nbsp;\u20ac","formatted_published_date":"1er mai 2024","publisher_availability_label":"Sur commande","short_details":"Pierre Gillieth \u2014 Auda Isarn","translator":null,"weight":615,"page_count":489,"readership":null,"editor":"Auda Isarn","price":2400,"published_date":"2024-04-30T22:00:00.000000Z","support":"Grand format","publisher_availability":1,"stock":0,"editions":[],"url":"https:\/\/quaidesbrumes.com\/ouvrage\/9782493721266\/une-heure-avec"},{"id":"9782487526051","title":"Main basse sur le cin\u00e9matographe","description":"Si on en croit le milieu du cin\u00e9ma et de la t\u00e9l\u00e9vision, les \"fils-de\" ne sont pas aid\u00e9s au cours de leur carri\u00e8re ; les actrices ne trouvent plus de r\u00f4le apr\u00e8s quarante ans ; les tournages sont toujours merveilleux ; les films ne b\u00e9n\u00e9ficient pas d'argent public ; le cin\u00e9ma est une grande famille ; les acteurs sont fragiles.\r\nNous avons soumis ces clich\u00e9s \u00e0 quatre professionnels. Leur premi\u00e8re r\u00e9action fut un \u00e9clat de rire ; leur seconde fut ce livre, o\u00f9 ils ont accept\u00e9 d'enthousiasme de nous livrer, non sans ironie, leur exp\u00e9rience directe des tournages. Le r\u00e9sultat, c'est la luzerne apr\u00e8s le glyphosate : plus aucune mauvaise herbe ; seulement la v\u00e9rit\u00e9. Ce qu'ils disent des acteurs, des producteurs, du CNC, des montages financiers, des responsables de cha\u00eenes, et de tous ceux qui ont fait main basse sur le cin\u00e9ma et la t\u00e9l\u00e9vision, on ne l'avait jamais lu auparavant.","authors":["Laurent Firode","Bruno Lafourcade"],"category_codes":["6000000","6070000","6070300"],"visuals":{"large":"https:\/\/images.epagine.fr\/051\/9782487526051_1_75.jpg","medium":"https:\/\/images.epagine.fr\/051\/9782487526051_1_m.jpg","thumbnail":"https:\/\/images.epagine.fr\/051\/9782487526051_1_v.jpg"},"orderable":true,"show_badge":true,"formatted_price":"14,90&nbsp;\u20ac","formatted_published_date":"10 mai 2024","publisher_availability_label":"Sur commande","short_details":"Laurent Firode, Bruno Lafourcade \u2014 LA MOUETTE DE MINERVE","translator":null,"weight":168,"page_count":170,"readership":null,"editor":"LA MOUETTE DE MINERVE","price":1490,"published_date":"2024-05-09T22:00:00.000000Z","support":"Grand format","publisher_availability":1,"stock":0,"editions":[],"url":"https:\/\/quaidesbrumes.com\/ouvrage\/9782487526051\/main-basse-sur-le-cinematographe"},{"id":"9782386252785","title":"Traquenard festif","description":"Un patron impitoyable, une copine superficielle et mat\u00e9rialiste, une bureaucratie omnipr\u00e9sente, des coll\u00e8gues conformistes allant jusqu'au masochisme... Mettez donc un coup de pied \u00e0 tout \u00e7a et d\u00e9couvrez Traquenard festif, une satire qui retrace le parcours de Vlad, un analyste financier c\u00e9libataire et frivole.\r\n\u00ab Alcool, casino, sexe... j'ai pris l'autoroute directe pour l'enfer ! \u00bb Voici la tout sauf Sainte Trinit\u00e9 de ce trentenaire, pris en sandwich entre son travail, ses amis, les femmes fatales et le heavy metal.\r\nSuivez ses aventures entre d\u00e9but mars et fin novembre 2020 \u00e0 travers un enterrement de vie de gar\u00e7on des plus d\u00e9jant\u00e9s, suivi d'un confinement asservissant marqu\u00e9 par la sph\u00e8re cannibalisante de son boulot et ponctu\u00e9 par le retour de son ex-copine qui chamboulera sa vie pour toujours.\r\nEmbarquez pour une \u00e9pop\u00e9e sans politiquement correct, sans limites et sans freins, pleine d'humour et de punchlines, qui vous fera \u00e9galement r\u00e9fl\u00e9chir aux dysfonctionnements des soci\u00e9t\u00e9s occidentales, aux relations conjugales, \u00e0 l'amiti\u00e9, \u00e0 la vie, \u00e0 la mort, au point de choquer, amuser, attendrir, bousculer... Vous n'en ressortirez pas pareil !","authors":["Mitritch & Milqart"],"category_codes":["6000000","6070000","6070300","6070303"],"visuals":{"large":"https:\/\/images.epagine.fr\/785\/9782386252785_1_75.jpg","medium":"https:\/\/images.epagine.fr\/785\/9782386252785_1_m.jpg","thumbnail":"https:\/\/images.epagine.fr\/785\/9782386252785_1_v.jpg"},"orderable":true,"show_badge":true,"formatted_price":"20,00&nbsp;\u20ac","formatted_published_date":"17 mai 2024","publisher_availability_label":"Sur commande","short_details":"Mitritch & Milqart \u2014 Publishroom Factory","translator":null,"weight":330,"page_count":246,"readership":"+ de 18 ans","editor":"Publishroom Factory","price":2000,"published_date":"2024-05-16T22:00:00.000000Z","support":"Grand format","publisher_availability":1,"stock":0,"editions":[],"url":"https:\/\/quaidesbrumes.com\/ouvrage\/9782386252785\/traquenard-festif"},{"id":"9782336431130","title":"Strat\u00e9gies publicitaires et traductologiques dans le retitrage cin\u00e9matographique","description":"On ne peut faire entrer un film dans le circuit de la publicit\u00e9 sans un titre. En tant qu'unit\u00e9 pragmatique par excellence, l'intitulation est minutieusement \u00e9labor\u00e9e pour le public-spectateur. C'est donc sa valeur commerciale qui la situe dans un circuit d'\u00e9changes de biens de production. L'op\u00e9ration du titrage filmique constitue un acte de langage qui engage non pas un \u00e9nonciateur, mais plusieurs sujets participant \u00e0 un \u00ab contrat de parole \u00bb (P. Charaudeau) au sein de la bo\u00eete de distribution. \r\nJusqu'\u00e0 l'heure actuelle, les \u00e9tudes portant sur l'intitulation cin\u00e9matographique et sa traduction ont n\u00e9glig\u00e9 la notion du \u00ab d\u00e9doublement \u00bb des instances participantes \u00e0 cet acte de langage, dont les effets pragmatiques nourrissent la dimension de l'alt\u00e9rit\u00e9 dans ce circuit d'\u00e9changes. Situ\u00e9e dans les param\u00e8tres de l'analyse du discours, cette recherche est consacr\u00e9e \u00e0 la mise en sc\u00e8ne du d\u00e9doublement de l'\u00e9nonciateur (titreur) participant au processus d'interpr\u00e9tation du titrage cin\u00e9matographique, ainsi qu'au processus de production permettant sa traduction.","authors":["Maribel Pe\u00f1alver Vicea"],"category_codes":["6000000","6070000","6070300","6070304"],"visuals":{"large":"https:\/\/images.epagine.fr\/130\/9782336431130_1_75.jpg","medium":"https:\/\/images.epagine.fr\/130\/9782336431130_1_m.jpg","thumbnail":"https:\/\/images.epagine.fr\/130\/9782336431130_1_v.jpg"},"orderable":true,"show_badge":true,"formatted_price":"17,00&nbsp;\u20ac","formatted_published_date":"22 f\u00e9vrier 2024","publisher_availability_label":"Sur commande","short_details":"Maribel Pe\u00f1alver Vicea \u2014 \u00c9ditions L'Harmattan","translator":null,"weight":190,"page_count":158,"readership":null,"editor":"\u00c9ditions L'Harmattan","price":1700,"published_date":"2024-02-21T23:00:00.000000Z","support":"Grand format","publisher_availability":1,"stock":0,"editions":[],"url":"https:\/\/quaidesbrumes.com\/ouvrage\/9782336431130\/strategies-publicitaires-et-traductologiques-dans-le-retitrage-cinematographique"},{"id":"9783982558516","title":"B for the birds","description":"Un livre singulier qui vise \u00e0 repenser la forme-film comme une cartographie ouverte de ses lignes d'enqu\u00eate, de d\u00e9sir et de fabulation.\r\nB for the birds prend pour point de d\u00e9part Common Birds (2019), une adaptation exp\u00e9rimentale de la pi\u00e8ce d'Aristophane Les Oiseaux, \u00e9crite il y a environ 2500 ans, qui imagine une ligne radicale de fuite de la dette. Partant de leur exp\u00e9rience de pr\u00e9paration et de r\u00e9alisation du film, les artistes et les cin\u00e9astes exp\u00e9rimentent diff\u00e9rents modes narratifs pour explorer les potentialit\u00e9s du retrait et de l'absence de travail, les langues zombies, les oralit\u00e9s farfelues, les hantologies de l'extinction, les collaborations symbiotiques et les pouvoirs de la m\u00e9tamorphose dans la cr\u00e9ation de nouvelles alliances parmi les esp\u00e8ces menac\u00e9es et l'imagination d'un espace de r\u00e9enchantement pour les habitants fugitifs d'une plan\u00e8te bless\u00e9e.","authors":["Silvia Maglioni","Graeme Thomson"],"category_codes":["6000000","6070000","6070400"],"visuals":{"large":"https:\/\/images.epagine.fr\/516\/9783982558516_1_75.jpg","medium":"https:\/\/images.epagine.fr\/516\/9783982558516_1_m.jpg","thumbnail":"https:\/\/images.epagine.fr\/516\/9783982558516_1_v.jpg"},"orderable":true,"show_badge":true,"formatted_price":"24,00&nbsp;\u20ac","formatted_published_date":"15 novembre 2023","publisher_availability_label":"Sur commande","short_details":"Silvia Maglioni, Graeme Thomson \u2014 Errant Bodies Press","translator":null,"weight":0,"page_count":196,"readership":null,"editor":"Errant Bodies Press","price":2400,"published_date":"2023-11-14T23:00:00.000000Z","support":"Grand format","publisher_availability":1,"stock":0,"editions":[],"url":"https:\/\/quaidesbrumes.com\/ouvrage\/9783982558516\/b-for-the-birds"},{"id":"9782322507504","title":"Souvenirs des \u00celes Chausey : Memories of the Chausey Islands (Manche, Normandy, France)","description":"L'archipel des \u00celes Chausey, rythm\u00e9 par les plus grandes mar\u00e9es d'Europe, est situ\u00e9 au nord de la baie du Mont-Saint-Michel (Manche, Normandie). La Grande \u00cele, la seule \u00eele habit\u00e9e par une trentaine d'insulaires, se situe \u00e0 un peu plus de 15 km au large de Granville. Autrefois, repaire de flibustiers et immense r\u00e9servoir de granit  pour les remparts de Saint-Malo, l'archipel de Chausey est devenu, \u00e0 la belle saison, un espace appr\u00e9ci\u00e9 des amateurs de sites naturels. Le mayennais Marin-Marie, navigateur (et peintre officiel de la Marine \u00e0 partir de d\u00e9cembre 1935, consid\u00e9rait Chausey comme son port d'attache ; dans sa maison aux volets bleus, surnomm\u00e9e la maison du capitaine, Marin-Marie disposait d'un atelier tourn\u00e9 vers le Sound.\r\n\r\nThe archipelago of the \u00celes Chausey, with the highhest tides in Europe, lies to the north of the bay of Mont-Saint-Michel (Manche, Normandy, France). The Grande \u00cele, the only island inhabited by around thirty islanders, lies just over 15 km of Granville. Once a haven for freebooters and a huge reservoir of granit for the ramparts of Saint-Malo, the Chausey archipelago has become a popular destination for nature lovers in the summer months. Marin-Marie from Mayenne, navigator and official painter to the Navy from december 1935), considered Chausey his home port ; in his house with blue shutters, nicknamed the captain's house, Marin-Marie had a studio facing the Sound.","authors":["Jo\u00ebl Douillet"],"category_codes":["6000000","6070000","6070200"],"visuals":{"large":"https:\/\/images.epagine.fr\/504\/9782322507504_1_75.jpg","medium":"https:\/\/images.epagine.fr\/504\/9782322507504_1_m.jpg","thumbnail":"https:\/\/images.epagine.fr\/504\/9782322507504_1_v.jpg"},"orderable":true,"show_badge":true,"formatted_price":"29,99&nbsp;\u20ac","formatted_published_date":"21 novembre 2023","publisher_availability_label":"Sur commande","short_details":"Jo\u00ebl Douillet \u2014 Books on Demand","translator":null,"weight":236,"page_count":48,"readership":null,"editor":"Books on Demand","price":2999,"published_date":"2023-11-20T23:00:00.000000Z","support":"Grand format","publisher_availability":1,"stock":0,"editions":[],"url":"https:\/\/quaidesbrumes.com\/ouvrage\/9782322507504\/souvenirs-des-iles-chausey-memories-of-the-chausey-islands-manche-normandy-france"},{"id":"9782959113109","title":"L'art de la photo animali\u00e8re : guide technique et astuces","description":"Plongez dans l'univers de la photographie animali\u00e8re avec ce guide technique d'Alexis Rateau, id\u00e9al pour les d\u00e9butants passionn\u00e9s de photographie d'animaux sauvages. Il r\u00e9v\u00e8le des conseils pratiques, acquis au fil du temps lors de ses face-\u00e0-face avec la faune sauvage pour leur tirer le portrait. Apprenez \u00e0 rep\u00e9rer les indices laiss\u00e9s par les animaux, \u00e0 choisir le bon \u00e9quipement, ma\u00eetrisez les approches discr\u00e8tes et le post-traitement pour sublimer vos clich\u00e9s. Ce guide complet vous accompagne \u00e0 chaque \u00e9tape, offrant des r\u00e9cits en compagnie de diff\u00e9rentes esp\u00e8ces, des m\u00e9thodes de fabrication d'aff\u00fbt flottant et de Drink Station pour vous inspirer \u00e0 explorer de nouveaux terrains. Un incontournable pour les amoureux de la nature et de la photographie animali\u00e8re.","authors":["Alexis Rateau"],"category_codes":["6000000","6070000","6070200","6070208"],"visuals":{"large":"https:\/\/images.epagine.fr\/109\/9782959113109_1_75.jpg","medium":"https:\/\/images.epagine.fr\/109\/9782959113109_1_m.jpg","thumbnail":"https:\/\/images.epagine.fr\/109\/9782959113109_1_v.jpg"},"orderable":true,"show_badge":true,"formatted_price":"35,00&nbsp;\u20ac","formatted_published_date":"16 janvier 2024","publisher_availability_label":"Sur commande","short_details":"Alexis Rateau \u2014 Alexisrateau","translator":null,"weight":413,"page_count":232,"readership":null,"editor":"Alexisrateau","price":3500,"published_date":"2024-01-15T23:00:00.000000Z","support":"Grand format","publisher_availability":1,"stock":0,"editions":[],"url":"https:\/\/quaidesbrumes.com\/ouvrage\/9782959113109\/lart-de-la-photo-animaliere-guide-technique-et-astuces"},{"id":"9782322501564","title":"Ode aux Saisons : Un regard po\u00e9tique sur la beaut\u00e9 de la nature","description":"D\u00e9couvrez cet ouvrage photographique, fruit de plusieurs ann\u00e9es de travail m\u00e9ticuleux. Et plongez dans un univers artistique inspir\u00e9 de l'Art Nouveau et d'Alphonse Mucha, qui explore les All\u00e9gories des Saisons. \r\nLes photographies richement d\u00e9taill\u00e9es c\u00e9l\u00e8brent la beaut\u00e9 \u00e9ph\u00e9m\u00e8re de chaque saison et sont organis\u00e9es en 17 tableaux. Un fil conducteur subtil lie ces portraits f\u00e9minins, symbolisant la continuit\u00e9 de la vie, au travers d'un travers d'un sablier.\r\nLaissez-vous emporter par cette exp\u00e9rience visuelle et po\u00e9tique qui vous invite \u00e0 red\u00e9couvrir et contempler le lien entre la nature, les saisons et notre propre \u00e9volution au cours du temps.","authors":["Fanny Caffin"],"category_codes":["6000000","6070000","6070200"],"visuals":{"large":"https:\/\/images.epagine.fr\/564\/9782322501564_1_75.jpg","medium":"https:\/\/images.epagine.fr\/564\/9782322501564_1_m.jpg","thumbnail":"https:\/\/images.epagine.fr\/564\/9782322501564_1_v.jpg"},"orderable":true,"show_badge":true,"formatted_price":"53,00&nbsp;\u20ac","formatted_published_date":"28 novembre 2023","publisher_availability_label":"Sur commande","short_details":"Fanny Caffin \u2014 Books on Demand","translator":null,"weight":417,"page_count":102,"readership":null,"editor":"Books on Demand","price":5300,"published_date":"2023-11-27T23:00:00.000000Z","support":"Grand format","publisher_availability":1,"stock":0,"editions":[],"url":"https:\/\/quaidesbrumes.com\/ouvrage\/9782322501564\/ode-aux-saisons-un-regard-poetique-sur-la-beaute-de-la-nature"},{"id":"9782140506116","title":"Colombia in my arms","description":"L'accord de paix tant c\u00e9l\u00e9br\u00e9 plonge la Colombie en plein chaos. Un gu\u00e9rillero FARC, des cultivateurs de coca vivant dans la mis\u00e8re, un aristocrate \u00e9nigmatique, et une politicienne conservatrice pleine de ferveur sont pouss\u00e9s vers les limites de leur morale alors que, port\u00e9s par leurs id\u00e9aux contradictoires, ils essaient chacun de se battre pour une soci\u00e9t\u00e9 meilleure. Qu'adviendra-t-il d'une paix tr\u00e8s fragile dans un pays rong\u00e9 par les in\u00e9galit\u00e9s o\u00f9 commettre une mauvaise action peut facilement s'entendre comme le seul moyen de lutter ? \"Un documentaire aussi particulier qu'universel sur les luttes intestines d'un pays profond\u00e9ment in\u00e9galitaire.\" (T\u00e9l\u00e9rama). \"Eloquent et sensible. Une atmosph\u00e8re onirique entrecoup\u00e9e de quelques explosions de violence.\" (The European Documentary Magazine). \"Un documentaire qui nous permet d'abandonner nos id\u00e9es re\u00e7ues et de pr\u00eater attention \u00e0 des opinions rendues inaudibles par la col\u00e8re. Un film pour arr\u00eater de r\u00e9agir avant de penser.\" (El Espectador).","authors":["Collectif"],"category_codes":["6000000","6070000","6070300","6070306"],"visuals":{"large":"https:\/\/quaidesbrumes.com\/img\/book-placeholder.png","medium":"https:\/\/quaidesbrumes.com\/img\/book-placeholder.png","thumbnail":"https:\/\/quaidesbrumes.com\/img\/book-placeholder.png"},"orderable":true,"show_badge":true,"formatted_price":"0,00&nbsp;\u20ac","formatted_published_date":"28 novembre 2023","publisher_availability_label":"Sur commande","short_details":"Collectif \u2014 \u00c9ditions L'Harmattan","translator":null,"weight":100,"page_count":null,"readership":null,"editor":"\u00c9ditions L'Harmattan","price":0,"published_date":"2023-11-27T23:00:00.000000Z","support":"DVD","publisher_availability":1,"stock":0,"editions":[],"url":"https:\/\/quaidesbrumes.com\/ouvrage\/9782140506116\/colombia-in-my-arms"},{"id":"3663322108990","title":"Images documentaires abonnement (1 an\/4 numeros) 2020 france","description":null,"authors":[],"category_codes":["6000000","6070000","6070300"],"visuals":{"large":"https:\/\/quaidesbrumes.com\/img\/book-placeholder.png","medium":"https:\/\/quaidesbrumes.com\/img\/book-placeholder.png","thumbnail":"https:\/\/quaidesbrumes.com\/img\/book-placeholder.png"},"orderable":true,"show_badge":true,"formatted_price":"40,00&nbsp;\u20ac","formatted_published_date":"1er janvier 2000","publisher_availability_label":"Sur commande","short_details":"Images Documentaires","translator":null,"weight":200,"page_count":null,"readership":null,"editor":"Images Documentaires","price":4000,"published_date":"1999-12-31T23:00:00.000000Z","support":"Grand format","publisher_availability":1,"stock":0,"editions":[],"url":"https:\/\/quaidesbrumes.com\/ouvrage\/3663322108990\/images-documentaires-abonnement-1-an4-numeros-2020-france"},{"id":"3663322113048","title":"Images documentaires abonnement (1 an\/4 numeros) 2021 france","description":null,"authors":[],"category_codes":["6000000","6070000","6070300"],"visuals":{"large":"https:\/\/quaidesbrumes.com\/img\/book-placeholder.png","medium":"https:\/\/quaidesbrumes.com\/img\/book-placeholder.png","thumbnail":"https:\/\/quaidesbrumes.com\/img\/book-placeholder.png"},"orderable":true,"show_badge":true,"formatted_price":"40,00&nbsp;\u20ac","formatted_published_date":"1er janvier 2021","publisher_availability_label":"Sur commande","short_details":"Images Documentaires","translator":null,"weight":200,"page_count":null,"readership":null,"editor":"Images Documentaires","price":4000,"published_date":"2020-12-31T23:00:00.000000Z","support":"Grand format","publisher_availability":1,"stock":0,"editions":[],"url":"https:\/\/quaidesbrumes.com\/ouvrage\/3663322113048\/images-documentaires-abonnement-1-an4-numeros-2021-france"},{"id":"3663322109003","title":"Images documentaires abonnement (1 an \/ 4 numeros) 2020 union europeenne","description":null,"authors":[],"category_codes":["6000000","6070000","6070300"],"visuals":{"large":"https:\/\/quaidesbrumes.com\/img\/book-placeholder.png","medium":"https:\/\/quaidesbrumes.com\/img\/book-placeholder.png","thumbnail":"https:\/\/quaidesbrumes.com\/img\/book-placeholder.png"},"orderable":true,"show_badge":true,"formatted_price":"51,00&nbsp;\u20ac","formatted_published_date":"1er janvier 2020","publisher_availability_label":"Sur commande","short_details":"Images Documentaires","translator":null,"weight":200,"page_count":null,"readership":null,"editor":"Images Documentaires","price":5100,"published_date":"2019-12-31T23:00:00.000000Z","support":"Grand format","publisher_availability":1,"stock":0,"editions":[],"url":"https:\/\/quaidesbrumes.com\/ouvrage\/3663322109003\/images-documentaires-abonnement-1-an-4-numeros-2020-union-europeenne"},{"id":"3663322109010","title":"Images documentaires abonnement (1 an \/ 4 numeros) 2020 etranger - hors u.e.","description":null,"authors":[],"category_codes":["6000000","6070000","6070300"],"visuals":{"large":"https:\/\/quaidesbrumes.com\/img\/book-placeholder.png","medium":"https:\/\/quaidesbrumes.com\/img\/book-placeholder.png","thumbnail":"https:\/\/quaidesbrumes.com\/img\/book-placeholder.png"},"orderable":true,"show_badge":true,"formatted_price":"52,00&nbsp;\u20ac","formatted_published_date":"1er janvier 2020","publisher_availability_label":"Sur commande","short_details":"Images Documentaires","translator":null,"weight":200,"page_count":null,"readership":null,"editor":"Images Documentaires","price":5200,"published_date":"2019-12-31T23:00:00.000000Z","support":"Grand format","publisher_availability":1,"stock":0,"editions":[],"url":"https:\/\/quaidesbrumes.com\/ouvrage\/3663322109010\/images-documentaires-abonnement-1-an-4-numeros-2020-etranger-hors-ue"},{"id":"9782418104846","title":"L'echo photographique","description":null,"authors":["Societe Des Amateurs"],"category_codes":["6000000","6070000","6070200"],"visuals":{"large":"https:\/\/images.epagine.fr\/846\/9782418104846_1_75.jpg","medium":"https:\/\/images.epagine.fr\/846\/9782418104846_1_m.jpg","thumbnail":"https:\/\/images.epagine.fr\/846\/9782418104846_1_v.jpg"},"orderable":true,"show_badge":true,"formatted_price":"14,50&nbsp;\u20ac","formatted_published_date":"13 f\u00e9vrier 2024","publisher_availability_label":"Sur commande","short_details":"Societe Des Amateurs \u2014 Hachette BNF","translator":null,"weight":124,"page_count":null,"readership":null,"editor":"Hachette BNF","price":1450,"published_date":"2024-02-12T23:00:00.000000Z","support":"Grand format","publisher_availability":1,"stock":0,"editions":["9782418104853","9782418104860","9782418104877","9782418104884","9782418104891","9782418104907"],"url":"https:\/\/quaidesbrumes.com\/ouvrage\/9782418104846\/lecho-photographique"},{"id":"9782336411675","title":"Raconter la guerre : Le cin\u00e9ma militaire de John Ford, John Huston et William Wyler (1942-1947)","description":"La Seconde Guerre mondiale fut autant une guerre militaire qu'une guerre d'images - une guerre de communication, dirait-on aujourd'hui. D\u00e8s 1942, de grands r\u00e9alisateurs hollywoodiens comme John Ford, John Huston et William Wyler s'engageaient dans l'arm\u00e9e et devenaient des cin\u00e9astes-militaires reconnus pour leurs films documentaires. \u00c0 c\u00f4t\u00e9 des films de guerre hollywoodiens, les documentaires produits par l'Arm\u00e9e ont montr\u00e9 la r\u00e9alit\u00e9 des combats, sublim\u00e9 l'\u00e9trange beaut\u00e9 des champs de bataille et racont\u00e9 la guerre comme une grande aventure nationale.\r\nLes documentaires de guerre r\u00e9alis\u00e9s par Ford, Huston et Wyler ont d\u00e9fini les formes d'apparition cin\u00e9matographique de la nation et du peuple am\u00e9ricains, avec ce que cela implique pour l'historiographie, l'esth\u00e9tique et la politique. Gilles Deleuze faisait l'hypoth\u00e8se que l'invisible de la Seconde Guerre mondiale marquait la transition du classicisme \u00e0 la modernit\u00e9 cin\u00e9matographique ; or les images de la guerre tourn\u00e9es pendant les combats constituent aussi une matrice th\u00e9matique et formelle pour le cin\u00e9ma moderne.","authors":["Dorian Merten"],"category_codes":["6000000","6070000","6070300"],"visuals":{"large":"https:\/\/images.epagine.fr\/675\/9782336411675_1_75.jpg","medium":"https:\/\/images.epagine.fr\/675\/9782336411675_1_m.jpg","thumbnail":"https:\/\/images.epagine.fr\/675\/9782336411675_1_v.jpg"},"orderable":true,"show_badge":true,"formatted_price":"27,00&nbsp;\u20ac","formatted_published_date":"21 d\u00e9cembre 2023","publisher_availability_label":"Sur commande","short_details":"Dorian Merten \u2014 \u00c9ditions L'Harmattan","translator":null,"weight":325,"page_count":274,"readership":null,"editor":"\u00c9ditions L'Harmattan","price":2700,"published_date":"2023-12-20T23:00:00.000000Z","support":"Grand format","publisher_availability":1,"stock":0,"editions":[],"url":"https:\/\/quaidesbrumes.com\/ouvrage\/9782336411675\/raconter-la-guerre-le-cinema-militaire-de-john-ford-john-huston-et-william-wyler-1942-1947"},{"id":"9782492564086","title":"Derri\u00e8re le mirage de Singapour : Photographies de Ng Shi Wen","description":"De sa superstructure architecturale aux infrastructures \u00e9conomiques du capitalisme 2.0, Singapour incarne la \u00ab capitale du XXIe si\u00e8cle \u00bb. Non sans \u00e9cho avec le fl\u00e2neur de Walter Benjamin d\u00e9couvrant le Paris \u00ab capitale du XIXe si\u00e8cle \u00bb, la photographe Ng Shi Wen d\u00e9ambule dans les rues de sa ville natale et r\u00e9v\u00e8le que le mirage singapourien d\u00e9pend du labeur de millions de gens invisibles. Le regard qu'elle porte sur ce peuple bigarr\u00e9, \u00e9voluant dans un environnement urbain flambant neuf, peut rappeler le travail d'artistes du XIXe si\u00e8cle \u00e0 nos jours qui, eux aussi, se sont pench\u00e9s sur le quotidien des \u00ab destins minuscules \u00bb pris dans le filet d'un syst\u00e8me \u00e9conomique de plus en plus puissant et ostentatoire. Ici, les images de Ng Shi Wen seront mises en regard avec un grand nombre d'oeuvres t\u00e9moignant de ce contexte, en l'occurrence sous la forme de constellations inspir\u00e9es du ciel nocturne. \r\n\r\nPage apr\u00e8s page, un paysage d'histoire de l'art, maill\u00e9 de correspondances esth\u00e9tiques et politiques en lien avec la question de la fantasmagorie du monde (post-)moderne, d\u00e9voilera les enjeux anthropologiques et humanistes de la pratique de Ng Shi Wen \u00e0 travers une importante filiation, laquelle d\u00e9passe les fronti\u00e8res pour conduire \u00e0 une r\u00e9flexion critique sur notre pr\u00e9sent.","authors":["Shi Wen Ng"],"category_codes":["6000000","6070000","6070200"],"visuals":{"large":"https:\/\/images.epagine.fr\/086\/9782492564086_1_75.jpg","medium":"https:\/\/images.epagine.fr\/086\/9782492564086_1_m.jpg","thumbnail":"https:\/\/images.epagine.fr\/086\/9782492564086_1_v.jpg"},"orderable":true,"show_badge":true,"formatted_price":"20,99&nbsp;\u20ac","formatted_published_date":"14 f\u00e9vrier 2024","publisher_availability_label":"Sur commande","short_details":"Shi Wen Ng \u2014 LES PLIS DU CIEL","translator":null,"weight":193,"page_count":102,"readership":null,"editor":"LES PLIS DU CIEL","price":2099,"published_date":"2024-02-13T23:00:00.000000Z","support":"Grand format","publisher_availability":1,"stock":0,"editions":[],"url":"https:\/\/quaidesbrumes.com\/ouvrage\/9782492564086\/derriere-le-mirage-de-singapour-photographies-de-ng-shi-wen"},{"id":"9782336442686","title":"Une nouvelle plasticit\u00e9 filmique : Territoires inexplor\u00e9s du stop motion","description":"Il est possible de construire une nouvelle th\u00e9orie de la plasticit\u00e9 filmique en analysant les effets visuels \u00e9mergeant du mouvement obtenu image par image, proc\u00e9d\u00e9 \u00e9l\u00e9mentaire du stop motion. Le fondu d'image provoque la transformation, voire la transmutation, d'un mat\u00e9riau \u00e0 travers la simulation de qualit\u00e9s et de comportements mat\u00e9riels.Cette simulation est en \u00e9troit rapport avec une capacit\u00e9 cognitive investie par l'animateur : la visualisation mentale.Consid\u00e9rer ce lien aussi bien que cette fiction de la mati\u00e8re invite \u00e0 s'\u00e9loigner des interpr\u00e9tations m\u00e9taphoriques puisant dans la science physique et des discours d'ordre vitaliste.","authors":["Cyril Lepot"],"category_codes":["6000000","6070000","6070300"],"visuals":{"large":"https:\/\/images.epagine.fr\/686\/9782336442686_1_75.jpg","medium":"https:\/\/images.epagine.fr\/686\/9782336442686_1_m.jpg","thumbnail":"https:\/\/images.epagine.fr\/686\/9782336442686_1_v.jpg"},"orderable":true,"show_badge":true,"formatted_price":"26,00&nbsp;\u20ac","formatted_published_date":"14 mars 2024","publisher_availability_label":"Sur commande","short_details":"Cyril Lepot \u2014 \u00c9ditions L'Harmattan","translator":null,"weight":302,"page_count":254,"readership":null,"editor":"\u00c9ditions L'Harmattan","price":2600,"published_date":"2024-03-13T23:00:00.000000Z","support":"Grand format","publisher_availability":1,"stock":0,"editions":[],"url":"https:\/\/quaidesbrumes.com\/ouvrage\/9782336442686\/une-nouvelle-plasticite-filmique-territoires-inexplores-du-stop-motion"},{"id":"9782418065338","title":"Art et photo","description":null,"authors":["Societe Des Arts Du"],"category_codes":["6000000","6070000","6070200"],"visuals":{"large":"https:\/\/quaidesbrumes.com\/img\/book-placeholder.png","medium":"https:\/\/quaidesbrumes.com\/img\/book-placeholder.png","thumbnail":"https:\/\/quaidesbrumes.com\/img\/book-placeholder.png"},"orderable":true,"show_badge":true,"formatted_price":"15,50&nbsp;\u20ac","formatted_published_date":"30 novembre 2023","publisher_availability_label":"Sur commande","short_details":"Societe Des Arts Du \u2014 Hachette BNF","translator":null,"weight":133,"page_count":null,"readership":null,"editor":"Hachette BNF","price":1550,"published_date":"2023-11-29T23:00:00.000000Z","support":"Grand format","publisher_availability":1,"stock":0,"editions":["9782418065345","9782418065277","9782418065284","9782418065291","9782418065307","9782418065314","9782418065321"],"url":"https:\/\/quaidesbrumes.com\/ouvrage\/9782418065338\/art-et-photo"},{"id":"9782418061934","title":"Annuaire photographique","description":null,"authors":["Davanne Alphonse"],"category_codes":["6000000","6070000","6070200"],"visuals":{"large":"https:\/\/quaidesbrumes.com\/img\/book-placeholder.png","medium":"https:\/\/quaidesbrumes.com\/img\/book-placeholder.png","thumbnail":"https:\/\/quaidesbrumes.com\/img\/book-placeholder.png"},"orderable":true,"show_badge":true,"formatted_price":"22,50&nbsp;\u20ac","formatted_published_date":"30 novembre 2023","publisher_availability_label":"Sur commande","short_details":"Davanne Alphonse \u2014 Hachette BNF","translator":null,"weight":414,"page_count":null,"readership":null,"editor":"Hachette BNF","price":2250,"published_date":"2023-11-29T23:00:00.000000Z","support":"Grand format","publisher_availability":1,"stock":0,"editions":[],"url":"https:\/\/quaidesbrumes.com\/ouvrage\/9782418061934\/annuaire-photographique"},{"id":"9782418058200","title":"L'annee photographique","description":null,"authors":["Reyner Albert"],"category_codes":["6000000","6070000","6070200"],"visuals":{"large":"https:\/\/quaidesbrumes.com\/img\/book-placeholder.png","medium":"https:\/\/quaidesbrumes.com\/img\/book-placeholder.png","thumbnail":"https:\/\/quaidesbrumes.com\/img\/book-placeholder.png"},"orderable":true,"show_badge":true,"formatted_price":"20,50&nbsp;\u20ac","formatted_published_date":"30 novembre 2023","publisher_availability_label":"Sur commande","short_details":"Reyner Albert \u2014 Hachette BNF","translator":null,"weight":343,"page_count":null,"readership":null,"editor":"Hachette BNF","price":2050,"published_date":"2023-11-29T23:00:00.000000Z","support":"Grand format","publisher_availability":1,"stock":0,"editions":["9782418058217","9782418058224","9782418058231"],"url":"https:\/\/quaidesbrumes.com\/ouvrage\/9782418058200\/lannee-photographique"},{"id":"9782406165422","title":"Gus Van Sant : Le sens du rythme","description":"Cet ouvrage propose aussi bien d'analyser l'oeuvre cin\u00e9matographique de Gus Van Sant avec la notion de rythme que de d\u00e9finir le rythme au cin\u00e9ma \u00e0 partir des films du r\u00e9alisateur am\u00e9ricain.","authors":["Beno\u00eet Rivi\u00e8re"],"category_codes":["6000000","6070000","6070300","6070304"],"visuals":{"large":"https:\/\/images.epagine.fr\/422\/9782406165422_1_75.jpg","medium":"https:\/\/images.epagine.fr\/422\/9782406165422_1_m.jpg","thumbnail":"https:\/\/images.epagine.fr\/422\/9782406165422_1_v.jpg"},"orderable":true,"show_badge":true,"formatted_price":"34,00&nbsp;\u20ac","formatted_published_date":"10 avril 2024","publisher_availability_label":"Sur commande","short_details":"Beno\u00eet Rivi\u00e8re \u2014 CLASSIQUES GARNIER","translator":null,"weight":380,"page_count":272,"readership":null,"editor":"CLASSIQUES GARNIER","price":3400,"published_date":"2024-04-09T22:00:00.000000Z","support":"Grand format","publisher_availability":1,"stock":0,"editions":["9782406165439"],"url":"https:\/\/quaidesbrumes.com\/ouvrage\/9782406165422\/gus-van-sant-le-sens-du-rythme"}]}