{"data":[{"id":"9782930754246","title":"Brut","description":"Situ\u00e9 en pleine nature, \u00e0 deux pas des fronti\u00e8res Ukrainienne et Polonaise, Runina est un village slovaque de 75 habitants isol\u00e9 de tout.\r\n\r\nSauvage et brut de d\u00e9coffrage, l'endroit est vraiment sp\u00e9cial aux yeux du photographe, socialement et culturellement. Quelque chose de tr\u00e8s diff\u00e9rent de ce qu'on trouve chez nous.\r\n\r\nKravat y a fait des rencontres tr\u00e8s enrichissantes. Il y a photographi\u00e9 les habitants en s'immis\u00e7ant dans leur vie, en dormant chez eux, en vivant comme eux.\r\n\r\nDe retour en Belgique, il avait une tonne d'images et beaucoup d'histoire \u00e0 raconter, \u00e0 montrer.","authors":["Kravat"],"category_codes":["6000000","6070000","6070200"],"visuals":{"large":"https:\/\/quaidesbrumes.com\/img\/book-placeholder.png","medium":"https:\/\/quaidesbrumes.com\/img\/book-placeholder.png","thumbnail":"https:\/\/quaidesbrumes.com\/img\/book-placeholder.png"},"orderable":true,"show_badge":true,"formatted_price":"20,00&nbsp;\u20ac","formatted_published_date":"16 mai 2019","publisher_availability_label":"Sur commande","short_details":"Kravat \u2014 Editions Du Caid","translator":null,"weight":510,"page_count":84,"readership":null,"editor":"Editions Du Caid","price":2000,"published_date":"2019-05-15T22:00:00.000000Z","support":"Grand format","publisher_availability":1,"stock":0,"editions":[],"url":"https:\/\/quaidesbrumes.com\/ouvrage\/9782930754246\/brut"},{"id":"9782930754147","title":"Le cri","description":"Lara Herbinia d\u00e9couvre la photo hors cadre classique, \u00e0 30 ans aux prunes. Elle est tout de suite dans le champ, au coeur de la cible, dans ses sujets. La photo devient son objectif. Elle apprend \u00e0 ma\u00eetriser les techniques, tout en poursuivant ses activit\u00e9s de professeure. Elle ose, innove. Elle a le don de capter l'inattendu, la magie planqu\u00e9e derri\u00e8re les miroirs du quotidien. Elle sait se montrer discr\u00e8te pour, toujours, laisser la place centrale au sujet. Voici qui explique la justesse, solaire ou lunaire selon les personnalit\u00e9s, avec laquelle elle capte artistes, musiciens et chanteurs,... mais aussi quidams.\r\n\r\nL'art du portrait qui traque, au fond des yeux, bien au fond, l'\u00e9tincelle de vie plut\u00f4t que l'ego. Et pas de poses cache-mis\u00e8res ici ! Ainsi se comprend la s\u00e9rie des \u00abCris\u00bb. Comme elle aime saisir les artistes au vol, on stage, la photographe recherche l'acte primal, sans aff\u00e9terie. Et l'instant de v\u00e9rit\u00e9 surgit de l'instantan\u00e9. On se doute que celui-ci a n\u00e9cessit\u00e9 de longs moment de r\u00e9flexion, de pr\u00e9paration, de mise en confiance avec le sujet... Mais on a l'\u00e9l\u00e9gance de n'en rien montrer.\r\nLa joie, la col\u00e8re, la tristesse, la peur, la jouissance, le jeu s'expriment parfois par un cri. Mais plus nous vieillissons, moins nous osons crier. Nous nous \u00e9loignons de ce cri primal, celui qui d\u00e9livre, le vrai, celui qui canalise nos forces. Cette s\u00e9rie sur le vif se veut une mise \u00e0 nu par le son. Un partage de souffle que chacun entendra avec ses yeux.\r\n\r\nCe projet a d\u00e9marr\u00e9 il y a cinq ans, le fil conducteur a toujours \u00e9t\u00e9 l'abandon par le son. Quand on crie vraiment, on ne peut pas maitriser son image. C'est une offrande \u00e0 l'objectif. Et c'est ce moment de sinc\u00e9rit\u00e9-l\u00e0 que la photographe a voulu capter. Le choix du noir et blanc et le format carr\u00e9 permettent \u00e0 chacun de se laisser envelopper par ce cri lib\u00e9rateur.\r\n\r\nDes cris de Yolande Moreau, Xavier Deutsch, Jacques Duvall, Bertrand Burgalat, Stefan Liberski, Nathalie Uffner, Jean-Luc Fonck, No\u00ebl Godin, ...","authors":["Lara Herbinia"],"category_codes":["6000000","6070000","6070200"],"visuals":{"large":"https:\/\/quaidesbrumes.com\/img\/book-placeholder.png","medium":"https:\/\/quaidesbrumes.com\/img\/book-placeholder.png","thumbnail":"https:\/\/quaidesbrumes.com\/img\/book-placeholder.png"},"orderable":true,"show_badge":true,"formatted_price":"19,00&nbsp;\u20ac","formatted_published_date":"28 septembre 2017","publisher_availability_label":"Sur commande","short_details":"Lara Herbinia \u2014 Editions Du Caid","translator":null,"weight":329,"page_count":96,"readership":null,"editor":"Editions Du Caid","price":1900,"published_date":"2017-09-27T22:00:00.000000Z","support":"Grand format","publisher_availability":1,"stock":0,"editions":[],"url":"https:\/\/quaidesbrumes.com\/ouvrage\/9782930754147\/le-cri"},{"id":"9782384417483","title":"Anthologie des films de guerre : Un regard historique","description":"Le film de guerre est genre \u00e0 part enti\u00e8re du cin\u00e9ma, mais aussi prot\u00e9iforme. Il regroupe ainsi des grandes fresques, des oeuvres biographiques, en passant par les films navals, a\u00e9riens, voire de prisonniers. Ensuite, selon le contexte historique et social dans lequel ils s'inscrivent, les films de guerre peuvent tenir des discours radicalement diff\u00e9rents, allant du film de propagande au film pacifiste. Ensuite, en raison de la force de frappe hollywoodienne, le genre a longtemps \u00e9t\u00e9 cantonn\u00e9 aux guerres du XXe si\u00e8cle. C'est oublier que ce genre peut aussi traiter de guerres ou de batailles d'\u00e9poques diff\u00e9rentes, telles l'Antiquit\u00e9 ou de l'\u00c9poque m\u00e9di\u00e9vale.\r\nCe livre propose de revenir en d\u00e9tail sur le concept de \u00ab film de guerre \u00bb et d'en pr\u00e9senter diff\u00e9rentes caract\u00e9ristiques \u00e0 travers diff\u00e9rents exemples.","authors":["Jean-Philippe Renault"],"category_codes":["6000000","6070000","6070300","6070304"],"visuals":{"large":"https:\/\/images.epagine.fr\/483\/9782384417483_1_75.jpg","medium":"https:\/\/images.epagine.fr\/483\/9782384417483_1_m.jpg","thumbnail":"https:\/\/images.epagine.fr\/483\/9782384417483_1_v.jpg"},"orderable":true,"show_badge":true,"formatted_price":"18,00&nbsp;\u20ac","formatted_published_date":"20 d\u00e9cembre 2023","publisher_availability_label":"Sur commande","short_details":"Jean-Philippe Renault \u2014 Editions Ma\u00efa","translator":null,"weight":350,"page_count":124,"readership":null,"editor":"Editions Ma\u00efa","price":1800,"published_date":"2023-12-19T23:00:00.000000Z","support":"Grand format","publisher_availability":1,"stock":0,"editions":[],"url":"https:\/\/quaidesbrumes.com\/ouvrage\/9782384417483\/anthologie-des-films-de-guerre-un-regard-historique"},{"id":"9789938782264","title":"To Redeyef","description":"Une s\u00e9rie photographique r\u00e9alis\u00e9e \u00e0 Redeyef, ville mini\u00e8re du sud-ouest de la Tunisie.\r\n\u00ab C'est ici, au coeur de la ville de Redeyef, que nous avons fond\u00e9 en 2014 un laboratoire artistique et citoyen : o\u00f9 les libert\u00e9s, la parole et la vie publique s'exp\u00e9rimentent dans la cr\u00e9ation. Ce laboratoire s'ancre dans un b\u00e2timent, l'Economat.\r\n\"Nous\", c'est-\u00e0-dire Siwa associant des artistes et des intellectuels tunisiens et europ\u00e9ens pour initier un travail en commun avec les habitants et sa jeunesse.\r\nFakhri El Ghazel est l'un de ceux-l\u00e0, artiste associ\u00e9 \u00e0 Siwa depuis 2011. Il est l'un des premiers \u00e0 composer la trame de notre histoire. Avec cette s\u00e9rie photographique, Fakhri El Ghezal arpente un Redeyef d'un autre temps, et nous donne \u00e0 voir le journal d'une errance : surprenant les habitants dans leur geste il en suspend le mouvement et le temps et rend visible visage et parole. \u00bb","authors":["Fakhri El Ghezal"],"category_codes":["6000000","6070000","6070200","6070205"],"visuals":{"large":"https:\/\/images.epagine.fr\/264\/9789938782264_1_75.jpg","medium":"https:\/\/images.epagine.fr\/264\/9789938782264_1_m.jpg","thumbnail":"https:\/\/images.epagine.fr\/264\/9789938782264_1_v.jpg"},"orderable":true,"show_badge":true,"formatted_price":"20,00&nbsp;\u20ac","formatted_published_date":"27 juin 2023","publisher_availability_label":"Sur commande","short_details":"Fakhri El Ghezal \u2014 Boabooks","translator":null,"weight":316,"page_count":106,"readership":null,"editor":"Boabooks","price":2000,"published_date":"2023-06-26T22:00:00.000000Z","support":"Grand format","publisher_availability":1,"stock":0,"editions":[],"url":"https:\/\/quaidesbrumes.com\/ouvrage\/9789938782264\/to-redeyef"},{"id":"9782957242177","title":"FamilIA","description":"A.NA < \u00e9cris la pr\u00e9face du livre en utilisant les mots suivants : IA, cr\u00e9ation, construction, convocation, tentative, famille, anc\u00eatre, pass\u00e9, pr\u00e9sent, g\u00e9n\u00e9alogie, histoire, mythologie, identit\u00e9, vide, manque, ex-nihilo, portrait, visage, m\u00e9moire, souvenir, composite > IA < La compr\u00e9hension du pass\u00e9 ancestral n'est pas seulement une poursuite intellectuelle mais aussi un aspect crucial de la formation de l'identit\u00e9 personnelle. C'est une \u00e9tape n\u00e9cessaire gr\u00e2ce \u00e0 laquelle l'individu peut appr\u00e9hender sa place dans le monde. Pourtant, il subsiste parfois des lacunes impossibles \u00e0 combler. \r\nQuand le vide persiste, comment pallier le manque ?\r\nAvec l'\u00e9mergence de l'Intelligence Artificielle g\u00e9n\u00e9rative, une perspective sans pr\u00e9c\u00e9dent est apparue permettant de produire, ex-nihilo, quelque chose de significatif et de concret, cr\u00e9ant un sentiment de continuit\u00e9 entre pass\u00e9 et pr\u00e9sent.\r\nCet ouvrage est une tentative de re-construction d'une mythologie personnelle jusqu'alors d\u00e9faillante, fruit de l'intersection entre l'IA et l'histoire familiale de l'auteur, aboutissant \u00e0 une g\u00e9n\u00e9alogie composite de portraits qui s'encodent peu \u00e0 peu dans sa m\u00e9moire. \r\nCe processus peut \u00eatre consid\u00e9r\u00e9 comme de la pseudomn\u00e9sie, mais ces portraits sont plus qu'une simple construction de traits assist\u00e9s par algorithme, ils mat\u00e9rialisent un lien avec le pass\u00e9, une mani\u00e8re tangible de donner un visage aux parts manquantes, aux fant\u00f4mes. \r\nIls incarnent un possible. >","authors":["A.Na"],"category_codes":["6000000","6070000","6070200"],"visuals":{"large":"https:\/\/images.epagine.fr\/177\/9782957242177_1_75.jpg","medium":"https:\/\/images.epagine.fr\/177\/9782957242177_1_m.jpg","thumbnail":"https:\/\/images.epagine.fr\/177\/9782957242177_1_v.jpg"},"orderable":true,"show_badge":true,"formatted_price":"25,00&nbsp;\u20ac","formatted_published_date":"1er ao\u00fbt 2023","publisher_availability_label":"Sur commande","short_details":"A.Na \u2014 A.Na Hors Cadre","translator":null,"weight":140,"page_count":144,"readership":null,"editor":"A.Na Hors Cadre","price":2500,"published_date":"2023-07-31T22:00:00.000000Z","support":"Grand format","publisher_availability":1,"stock":0,"editions":[],"url":"https:\/\/quaidesbrumes.com\/ouvrage\/9782957242177\/familia"},{"id":"9782957242160","title":"Au nom du p\u00e8re","description":"Tout commence par la mort.\r\n\r\nJ'ai fait la connaissance de mon p\u00e8re apr\u00e8s sa disparition.\r\nGardienne de ses restes emprisonn\u00e9s, consum\u00e9s, comment me d\u00e9tacher de cette seule trace tangible du p\u00e8re sens\u00e9e combler l'absence ?\r\nEssayer de l\u00e2cher, laisser partir...\r\nCr\u00e9er un passage, pour lui, pour moi, vers o\u00f9 ?\r\nEt ensuite ?\r\nSolitude apaisement  Et la vie dans tout \u00e7a ?\r\n\r\nIl me faut maintenant briser l'urne","authors":["A.Na"],"category_codes":["6000000","6070000","6070200"],"visuals":{"large":"https:\/\/images.epagine.fr\/160\/9782957242160_1_75.jpg","medium":"https:\/\/images.epagine.fr\/160\/9782957242160_1_m.jpg","thumbnail":"https:\/\/images.epagine.fr\/160\/9782957242160_1_v.jpg"},"orderable":true,"show_badge":true,"formatted_price":"40,00&nbsp;\u20ac","formatted_published_date":"1er juillet 2022","publisher_availability_label":"Sur commande","short_details":"A.Na \u2014 A.Na Hors Cadre","translator":null,"weight":80,"page_count":32,"readership":null,"editor":"A.Na Hors Cadre","price":4000,"published_date":"2022-06-30T22:00:00.000000Z","support":"Grand format","publisher_availability":1,"stock":0,"editions":[],"url":"https:\/\/quaidesbrumes.com\/ouvrage\/9782957242160\/au-nom-du-pere"},{"id":"9782351373422","title":"Danses macabres, squelettes et autres fantaisies","description":"14 x 19 cm \/ 64 pages + DVD + DVD Le DVD \/ BLU-RAY - \"Danses macabres, squelettes et autres fantaisies\" Un film de Rita Azevedo Gomes, Pierre L\u00e9on, Jean Louis Schefer documentaire, 2019, 110 minutes version originale fran\u00e7aise - sous-titres anglais et espagnols (English subtitles - Subtitulos en espanol) production : Barberousse Films (Fran\u00e7ois Martin Saint L\u00e9on) \/ Basilico Filmes (Rita Azevedo Gomes) \/ Garidi Films (Consuelo Frauenfelder, Stefan Lauper, Tarik Garidi ; image : Acacio De Almeida ; son : Olivier Blanc ; montage : Pierre L\u00e9on - Et si les danses macabres, au-del\u00e0 de leur folklore grima\u00e7ant, mettaient en sc\u00e8ne la mise \u00e0 mort du Moyen-\u00c2ge et l'invention, en plein XVe si\u00e8cle, de l'Europe moderne ? \r\nC'est l'hypoth\u00e8se de l'\u00e9crivain Jean Louis Schefer. Une enqu\u00eate sous forme de conversation et de promenade, entre Paris et le Portugal, avec deux r\u00e9alisateurs, Rita Azevedo Gomez et Pierre L\u00e9on. Un film \u00e0 six mains.\r\n \r\n\r\nBONUS - Conversation avec Rita Azevedo Gomes et Pierre L\u00e9on LE LIVRE - Textes de Rita Azevedo Gomes, Pierre L\u00e9on, Jean Louis Schefer et Cyril Neyrat - Photogrammes extraits du film - Filmographies de Rita Azevedo Gomes et Pierre L\u00e9on - Bibliographie de Jean Louis Schefer","authors":["Patricia Mazuy","Yves Thomas"],"category_codes":["6000000","6070000","6070300"],"visuals":{"large":"https:\/\/images.epagine.fr\/422\/9782351373422_1_75.jpg","medium":"https:\/\/images.epagine.fr\/422\/9782351373422_1_m.jpg","thumbnail":"https:\/\/images.epagine.fr\/422\/9782351373422_1_v.jpg"},"orderable":true,"show_badge":true,"formatted_price":"25,00&nbsp;\u20ac","formatted_published_date":"27 octobre 2023","publisher_availability_label":"Sur commande","short_details":"Patricia Mazuy, Yves Thomas \u2014 EDITIONS DE L'OEIL","translator":null,"weight":300,"page_count":64,"readership":null,"editor":"EDITIONS DE L'OEIL","price":2500,"published_date":"2023-10-26T22:00:00.000000Z","support":"Livre + DVD","publisher_availability":1,"stock":0,"editions":[],"url":"https:\/\/quaidesbrumes.com\/ouvrage\/9782351373422\/danses-macabres-squelettes-et-autres-fantaisies"},{"id":"9782377160921","title":"Cahiers du cin\u00e9ma n.801 : septembre 2023","description":"Les Cahiers de septembre ont \u00e9t\u00e9 \u00e9crits dans une forme de c\u00e9l\u00e9bration : celle de voir arriver sur les \u00e9crans fran\u00e7ais une longue liste de beaux films, sinon de grands films.\r\n\r\nLes nouveaux longs m\u00e9trages d'Aki Kaurismaki (dont Jim Jarmusch nous parle depuis New York), Catherine Breillat ou Philippe Garrel c\u00f4toient l'irruption du tr\u00e8s impressionnant L'Arbre aux papillons d'or du d\u00e9butant vietnamien Pham Thien An, Le Proc\u00e8s Goldman, passionnante reconstruction de C\u00e9dric Kahn, ou Le Gang des Bois du Temple, d'un des cin\u00e9astes fran\u00e7ais le plus int\u00e9ressants de ces derni\u00e8res ann\u00e9es, Rabah Ameur-Za\u00efmeche. Tous ces films sont trait\u00e9s longuement dans nos pages, avec critiques, entretiens et autres contributions qui pr\u00e9c\u00e8dent notre cahier critique, o\u00f9 sont abord\u00e9es d'autres sorties importantes du mois, comme Le Ciel rouge de Christian Petzold, N'attendez pas trop de la fin du monde de Radu Jude, ou encore notre retour sur les deux films-monstres de l'\u00e9t\u00e9, Barbie et Oppenheimer.\r\n\r\nL'actualit\u00e9 des ressorties et DVDs s'accompagne d'un long texte sur Raoul Walsh, prolifique et tumultueux, \u00e0 l'honneur en ce moment \u00e0 la Cin\u00e9math\u00e8que fran\u00e7aise.\r\n\r\nTrois hommages viennent clore ce num\u00e9ro : Jane Birkin, Sophie Filli\u00e8res et William Friedkin.","authors":["Collectif"],"category_codes":["6000000","6070000","6070300","6070306"],"visuals":{"large":"https:\/\/images.epagine.fr\/921\/9782377160921_1_75.jpg","medium":"https:\/\/images.epagine.fr\/921\/9782377160921_1_m.jpg","thumbnail":"https:\/\/images.epagine.fr\/921\/9782377160921_1_v.jpg"},"orderable":true,"show_badge":true,"formatted_price":"7,90&nbsp;\u20ac","formatted_published_date":"1er septembre 2023","publisher_availability_label":"Sur commande","short_details":"Collectif \u2014 Revue Cahiers Du Cinema","translator":null,"weight":400,"page_count":98,"readership":null,"editor":"Revue Cahiers Du Cinema","price":790,"published_date":"2023-08-31T22:00:00.000000Z","support":"Revue","publisher_availability":1,"stock":0,"editions":[],"url":"https:\/\/quaidesbrumes.com\/ouvrage\/9782377160921\/cahiers-du-cinema-n801-septembre-2023"},{"id":"9782322504527","title":"Le Cas Dieppe : Une esp\u00e8ce en voie de d\u00e9couverte","description":"Reportage photographique documentant la d\u00e9couverte d'une nouvelle esp\u00e8ce \u00e0 Dieppe, en Normandie (France).","authors":["O.m.a. laura"],"category_codes":["6000000","6070000","6070200"],"visuals":{"large":"https:\/\/images.epagine.fr\/527\/9782322504527_1_75.jpg","medium":"https:\/\/images.epagine.fr\/527\/9782322504527_1_m.jpg","thumbnail":"https:\/\/images.epagine.fr\/527\/9782322504527_1_v.jpg"},"orderable":true,"show_badge":true,"formatted_price":"15,00&nbsp;\u20ac","formatted_published_date":"25 septembre 2023","publisher_availability_label":"Sur commande","short_details":"O.m.a. laura \u2014 Books on Demand","translator":null,"weight":155,"page_count":60,"readership":null,"editor":"Books on Demand","price":1500,"published_date":"2023-09-24T22:00:00.000000Z","support":"Grand format","publisher_availability":1,"stock":0,"editions":[],"url":"https:\/\/quaidesbrumes.com\/ouvrage\/9782322504527\/le-cas-dieppe-une-espece-en-voie-de-decouverte"},{"id":"9782322486601","title":"Un week-end \u00e0 Granville pour les cent ans de la go\u00e9lette Marit\u00e9 : A weekend in Granville for the centenary of the schooner Marit\u00e9 (Manche, Normandy, France)","description":"Le 24 juin 1923, le trois-m\u00e2ts go\u00e9lette Marit\u00e9 est b\u00e9ni par l'abb\u00e9 Lecadre au port de F\u00e9camp. Les 24 et 25 juin 2023, le dernier terre-neuvier fran\u00e7ais f\u00eate son centenaire dans le port de Granville. Au d\u00e9part, Marit\u00e9 est un dundee harenguier, une refonte du navire est n\u00e9cessaire pour le tranformer en terre-neuvier, en trois-m\u00e2ts con\u00e7u afin d'embarquer 24 hommes et une douzaine de doris. Marit\u00e9 a pratiqu\u00e9 la p\u00eache \u00e0 la morue sur les bans de Terre-Neuve de 1924 \u00e0 1929 au cours de cinq campagnes, ramenant pour chacune d'elles entre 100 et 160 tonnes de morues.\r\n\r\nOn 24 june 1923, the three-masted schooner Marit\u00e9 was blessed by abb\u00e9 Lecadre in the port of F\u00e9camp. On 24 and 25 June 2023, the last French Newfoundlander will celebrate  her centenary in the port of Granville. Initially, Marit\u00e9 was a herring dundee, but the ship had to be refitted to transform her into a three-masted terre-neuvier designed to carry 24 men and a dozen dories. Marit\u00e9 fished for cod on the banks of Newfounland from 1924 to 1929 during five campaigns, bringing in between 100 to 160 tonnes of cod each.","authors":["Jo\u00ebl Douillet"],"category_codes":["6000000","6070000","6070200"],"visuals":{"large":"https:\/\/images.epagine.fr\/601\/9782322486601_1_75.jpg","medium":"https:\/\/images.epagine.fr\/601\/9782322486601_1_m.jpg","thumbnail":"https:\/\/images.epagine.fr\/601\/9782322486601_1_v.jpg"},"orderable":true,"show_badge":true,"formatted_price":"25,99&nbsp;\u20ac","formatted_published_date":"5 juillet 2023","publisher_availability_label":"Sur commande","short_details":"Jo\u00ebl Douillet \u2014 Books on Demand","translator":null,"weight":200,"page_count":40,"readership":null,"editor":"Books on Demand","price":2599,"published_date":"2023-07-04T22:00:00.000000Z","support":"Grand format","publisher_availability":1,"stock":0,"editions":[],"url":"https:\/\/quaidesbrumes.com\/ouvrage\/9782322486601\/un-week-end-a-granville-pour-les-cent-ans-de-la-goelette-marite-a-weekend-in-granville-for-the-centenary-of-the-schooner-marite-manche-normandy-france"},{"id":"9791091366359","title":"Uncertain life and sure death","description":"\u00abUncertain Life and Sure Death\u00bb est un recueil d'images sans r\u00e9cit, plac\u00e9es de fa\u00e7ons successives, sans textes ni paroles. Un travail qui n'a ni lieu ni date, il appartient au moment captur\u00e9 par son auteur. La disposition graphique des images fait place au blanc. L'ensemble du corpus se lit au choix image par image, ou en s\u00e9quence, la maquette isole ou r\u00e9v\u00e8le, le regard scrute l'image, cherche le d\u00e9tail tant la premi\u00e8re impression ne dit pas tout. Le lecteur est libre, il prend ce qu'il veut et compose sa propre fiction.","authors":["Jonathan Llense"],"category_codes":["6000000","6070000","6070200"],"visuals":{"large":"https:\/\/images.epagine.fr\/359\/9791091366359_1_75.jpg","medium":"https:\/\/images.epagine.fr\/359\/9791091366359_1_m.jpg","thumbnail":"https:\/\/images.epagine.fr\/359\/9791091366359_1_v.jpg"},"orderable":true,"show_badge":true,"formatted_price":"35,00&nbsp;\u20ac","formatted_published_date":"2 novembre 2021","publisher_availability_label":"Sur commande","short_details":"Jonathan Llense \u2014 Fp&Cf","translator":null,"weight":701,"page_count":236,"readership":null,"editor":"Fp&Cf","price":3500,"published_date":"2021-11-01T23:00:00.000000Z","support":"Grand format","publisher_availability":1,"stock":0,"editions":[],"url":"https:\/\/quaidesbrumes.com\/ouvrage\/9791091366359\/uncertain-life-and-sure-death"},{"id":"9782352180180","title":"LACRYMO","description":"LACRYMO - L'origine des larmes Les images de ce livre sont issues de plusieurs reportages r\u00e9alis\u00e9s dans les manifestations parisiennes du printemps 2023 contre le projet de r\u00e9forme des retraites. L'origine des larmes et sa nocivit\u00e9 bien r\u00e9elle y ont \u00e9t\u00e9 constat\u00e9es.\r\nPhotographies prises avec des appareils analogiques (Leica M6 + Summicron 35mm f\/2 et Bronica RF645 + Zenzanon RF 45mm f\/4) sur des films argentiques (Bergger Pancro 400 et Ilford HP5+).","authors":["Peillon Samuel"],"category_codes":["6000000","6070000","6070200"],"visuals":{"large":"https:\/\/images.epagine.fr\/180\/9782352180180_1_75.jpg","medium":"https:\/\/images.epagine.fr\/180\/9782352180180_1_m.jpg","thumbnail":"https:\/\/images.epagine.fr\/180\/9782352180180_1_v.jpg"},"orderable":true,"show_badge":true,"formatted_price":"15,00&nbsp;\u20ac","formatted_published_date":"25 octobre 2023","publisher_availability_label":"Sur commande","short_details":"Peillon Samuel \u2014 Books on Demand","translator":null,"weight":110,"page_count":40,"readership":null,"editor":"Books on Demand","price":1500,"published_date":"2023-10-24T22:00:00.000000Z","support":"Grand format","publisher_availability":1,"stock":0,"editions":[],"url":"https:\/\/quaidesbrumes.com\/ouvrage\/9782352180180\/lacrymo"},{"id":"9782322520992","title":"Voitures de police allemandes","description":"Les voitures de police sont g\u00e9n\u00e9ralement tr\u00e8s visibles dans notre soci\u00e9t\u00e9, annon\u00e7ant le r\u00f4le important de la police et appr\u00e9ci\u00e9es beaucoup par des enfants.\r\nLe r\u00f4le de la police est de faire respecter la loi, d'assurer la s\u00e9curit\u00e9, la sant\u00e9 et les biens des citoyens, et de pr\u00e9venir la criminalit\u00e9 et les troubles civils.\r\nLa application de la loi est aussi ancienne que la soci\u00e9t\u00e9 humaine et le adoption des lois elle - m\u00eame. Dans la Chine ancienne, \u00e0 Babylone et en \u00c9gypte, il existait des organismes sp\u00e9ciaux charg\u00e9s de l'application des lois.\r\nLes auteurs ont r\u00e9alis\u00e9 un ouvrage similaire sur les voitures de police am\u00e9ricaines et les styles sont assez diff\u00e9rents entre les deux pays. \r\nNous esp\u00e9rons que vous appr\u00e9cierez notre s\u00e9lection de photos.","authors":["Cristina Berna","Eric Thomsen"],"category_codes":["6000000","6070000","6070200"],"visuals":{"large":"https:\/\/images.epagine.fr\/992\/9782322520992_1_75.jpg","medium":"https:\/\/images.epagine.fr\/992\/9782322520992_1_m.jpg","thumbnail":"https:\/\/images.epagine.fr\/992\/9782322520992_1_v.jpg"},"orderable":true,"show_badge":true,"formatted_price":"79,95&nbsp;\u20ac","formatted_published_date":"22 janvier 2024","publisher_availability_label":"Sur commande","short_details":"Cristina Berna, Eric Thomsen \u2014 Books on Demand","translator":null,"weight":230,"page_count":84,"readership":null,"editor":"Books on Demand","price":7995,"published_date":"2024-01-21T23:00:00.000000Z","support":"Grand format","publisher_availability":1,"stock":0,"editions":["9782322505005"],"url":"https:\/\/quaidesbrumes.com\/ouvrage\/9782322520992\/voitures-de-police-allemandes"},{"id":"9783907236628","title":"Noyan 2015-2022","description":"Noyan 2015-2022 est l'histoire d'un jeune homme qui passe \u00e0 l'\u00e2ge adulte, emportant son appareil photo partout avec lui pour capturer toutes sortes d'\u00e9v\u00e9nements \u00e0 sa mani\u00e8re tr\u00e8s personnelle. Les protagonistes sont les amis proches de Noah Noyan Wenzinger, qui grandissent \u00e0 ses c\u00f4t\u00e9s et l'inspirent. Son langage visuel est difficile \u00e0 cat\u00e9goriser, au carrefour de diverses influences provenant du monde du cin\u00e9ma, de la musique et des jeux, ainsi que de photographes comme Bruce Gilden, Walter Pfeiffer (dont il a \u00e9t\u00e9 \u00e9tudiant) et Ari Marcopoulos, ses mod\u00e8les.\r\nL'oeuvre de Noah Noyan Wenzinger s'inscrit clairement dans l'environnement zurichois, mais son regard sur le monde des g\u00e9n\u00e9rations Y et Z de Suisse, les millennials et les zoomers, n'est pas typiquement suisse, que ce soit en termes de contenu ou de forme des images. Noyan 2015-2022 est une s\u00e9lection tr\u00e8s personnelle tir\u00e9e d'archives d\u00e9j\u00e0 cons\u00e9quentes que l'artiste conserve \u00e0 son domicile zurichois. Elle comprend une documentation photographique de sa vie quotidienne, des clich\u00e9s de la vie nocturne, des concerts et des vacances, et m\u00eame quelques images de vid\u00e9o-clips. Le livre est compl\u00e9t\u00e9 par 16 dessins de Noah Stark (alias Clutterstew), ami proche du photographe.","authors":["Noah Noyan Wenzinger"],"category_codes":["6000000","6070000","6070200","6070205"],"visuals":{"large":"https:\/\/images.epagine.fr\/628\/9783907236628_1_75.jpg","medium":"https:\/\/images.epagine.fr\/628\/9783907236628_1_m.jpg","thumbnail":"https:\/\/images.epagine.fr\/628\/9783907236628_1_v.jpg"},"orderable":true,"show_badge":true,"formatted_price":"52,00&nbsp;\u20ac","formatted_published_date":"6 novembre 2023","publisher_availability_label":"Sur commande","short_details":"Noah Noyan Wenzinger \u2014 Patrick Frey","translator":null,"weight":1240,"page_count":228,"readership":null,"editor":"Patrick Frey","price":5200,"published_date":"2023-11-05T23:00:00.000000Z","support":"Grand format","publisher_availability":1,"stock":0,"editions":[],"url":"https:\/\/quaidesbrumes.com\/ouvrage\/9783907236628\/noyan-2015-2022"},{"id":"9782382684641","title":"Freaks : Histoire d'un film monstre","description":"Nous vous proposons l'histoire la plus horrible de ces \u00eatres \u00ab anormaux \u00bb et rejet\u00e9s par la soci\u00e9t\u00e9. C'est le pr\u00e9ambule qui s'affichait avant la projection du film \u00ab Freaks \u00bb dans les salles de cin\u00e9ma dans l'Am\u00e9rique de 1932.\r\nFreaks ou \u00ab la Monstrueuse parade \u00bb, authentique portrait des attractions foraines et sideshows de l'Am\u00e9rique des ann\u00e9es 1930 est un des films les plus \u00e9trange jamais tourn\u00e9s. Sous la forme d'un feuilleton se d\u00e9roulant dans les coulisses des attractions de cirque, des \u00ab foires aux monstres \u00bb.\r\n\r\nFreaks, bien que documentant les \u00ab ph\u00e9nom\u00e8nes \u00bb de fa\u00e7on r\u00e9aliste, est bien un film hollywoodien.\r\nFreaks du r\u00e9alisateur Tod Browning est un film bouleversant en raison de son authenticit\u00e9, une caract\u00e9ristique due au fait que de v\u00e9ritables \u00ab ph\u00e9nom\u00e8nes \u00bb de foire sont les acteurs de ce film.","authors":["Patrick Pasky"],"category_codes":["6000000","6070000","6070300","6070307"],"visuals":{"large":"https:\/\/images.epagine.fr\/641\/9782382684641_1_75.jpg","medium":"https:\/\/images.epagine.fr\/641\/9782382684641_1_m.jpg","thumbnail":"https:\/\/images.epagine.fr\/641\/9782382684641_1_v.jpg"},"orderable":true,"show_badge":true,"formatted_price":"18,00&nbsp;\u20ac","formatted_published_date":"25 janvier 2024","publisher_availability_label":"Sur commande","short_details":"Patrick Pasky \u2014 France Libris","translator":null,"weight":370,"page_count":272,"readership":null,"editor":"France Libris","price":1800,"published_date":"2024-01-24T23:00:00.000000Z","support":"Grand format","publisher_availability":1,"stock":0,"editions":[],"url":"https:\/\/quaidesbrumes.com\/ouvrage\/9782382684641\/freaks-histoire-dun-film-monstre"},{"id":"9782418142695","title":"Photo-index","description":null,"authors":["Lansiaux Charles"],"category_codes":["6000000","6070000","6070200"],"visuals":{"large":"https:\/\/images.epagine.fr\/695\/9782418142695_1_75.jpg","medium":"https:\/\/images.epagine.fr\/695\/9782418142695_1_m.jpg","thumbnail":"https:\/\/images.epagine.fr\/695\/9782418142695_1_v.jpg"},"orderable":true,"show_badge":true,"formatted_price":"14,50&nbsp;\u20ac","formatted_published_date":"19 avril 2024","publisher_availability_label":"Sur commande","short_details":"Lansiaux Charles \u2014 Hachette BNF","translator":null,"weight":124,"page_count":null,"readership":null,"editor":"Hachette BNF","price":1450,"published_date":"2024-04-18T22:00:00.000000Z","support":"Grand format","publisher_availability":1,"stock":0,"editions":["9782418142701","9782418142718","9782418142725","9782418142732","9782418142749","9782418142756","9782418142763","9782418142619","9782418142671","9782418142688","9782418142572","9782418142589","9782418142596","9782418142602","9782418142626","9782418142633","9782418142640","9782418142657","9782418142664"],"url":"https:\/\/quaidesbrumes.com\/ouvrage\/9782418142695\/photo-index"},{"id":"9782418086555","title":"Bulletin du Photo-club toulousain","description":"Bulletin mensuel du Photo-club toulousain\r\nDate de l'\u00e9dition originale : 1906-12\r\n\r\nLa pr\u00e9sente revue s'inscrit dans une politique de conservation patrimoniale de la presse fran\u00e7aise mise en place avec la BnF. \r\nHachette Livre et la BnF proposent ainsi un catalogue de titres indisponibles, la BnF ayant num\u00e9ris\u00e9 ces publications et Hachette Livre les imprimant \u00e0 la demande. \r\nCertains de ces titres refl\u00e8tent des courants de pens\u00e9e caract\u00e9ristiques de leur \u00e9poque, mais qui seraient aujourd'hui jug\u00e9s condamnables. \r\nIls n'en appartiennent pas moins \u00e0 l'histoire des id\u00e9es en France et sont susceptibles de pr\u00e9senter un int\u00e9r\u00eat scientifique ou historique. \r\nLe sens de notre d\u00e9marche \u00e9ditoriale consiste ainsi \u00e0 permettre l'acc\u00e8s \u00e0 ces revues sans pour autant que nous en cautionnions en aucune fa\u00e7on le contenu. \r\nPour plus d'informations, rendez-vous sur www.hachettebnf.fr","authors":["Photo-Club Toulousai"],"category_codes":["6000000","6070000","6070200"],"visuals":{"large":"https:\/\/images.epagine.fr\/555\/9782418086555_1_75.jpg","medium":"https:\/\/images.epagine.fr\/555\/9782418086555_1_m.jpg","thumbnail":"https:\/\/images.epagine.fr\/555\/9782418086555_1_v.jpg"},"orderable":true,"show_badge":true,"formatted_price":"9,50&nbsp;\u20ac","formatted_published_date":"23 janvier 2024","publisher_availability_label":"Sur commande","short_details":"Photo-Club Toulousai \u2014 Hachette BNF","translator":null,"weight":67,"page_count":32,"readership":null,"editor":"Hachette BNF","price":950,"published_date":"2024-01-22T23:00:00.000000Z","support":"Grand format","publisher_availability":1,"stock":0,"editions":["9782418086562","9782418086579","9782418086586","9782418086593","9782418086609","9782418086470","9782418086487","9782418086494","9782418086500","9782418086517","9782418086524","9782418086531","9782418086548","9782418086395","9782418086401","9782418086418","9782418086425","9782418086432","9782418086449","9782418086456","9782418086463","9782418086319","9782418086326","9782418086333","9782418086340","9782418086357","9782418086364","9782418086371","9782418086388","9782418086234","9782418086241","9782418086258","9782418086265","9782418086272","9782418086289","9782418086296","9782418086302","9782418086210","9782418086227"],"url":"https:\/\/quaidesbrumes.com\/ouvrage\/9782418086555\/bulletin-du-photo-club-toulousain"},{"id":"9782418136328","title":"Les nouveaut\u00e9s photographiques","description":null,"authors":["Dillaye Frederic"],"category_codes":["6000000","6070000","6070200"],"visuals":{"large":"https:\/\/images.epagine.fr\/328\/9782418136328_1_75.jpg","medium":"https:\/\/images.epagine.fr\/328\/9782418136328_1_m.jpg","thumbnail":"https:\/\/images.epagine.fr\/328\/9782418136328_1_v.jpg"},"orderable":true,"show_badge":true,"formatted_price":"34,50&nbsp;\u20ac","formatted_published_date":"19 avril 2024","publisher_availability_label":"Sur commande","short_details":"Dillaye Frederic \u2014 Hachette BNF","translator":null,"weight":795,"page_count":null,"readership":null,"editor":"Hachette BNF","price":3450,"published_date":"2024-04-18T22:00:00.000000Z","support":"Grand format","publisher_availability":1,"stock":0,"editions":["9782418136335","9782418136342","9782418136359","9782418136366","9782418136274","9782418136281","9782418136298","9782418136304","9782418136311","9782329829005","9782329829067","9782329829081","9782329829098","9782329829128"],"url":"https:\/\/quaidesbrumes.com\/ouvrage\/9782418136328\/les-nouveautes-photographiques"},{"id":"9788899058890","title":"Crowd","description":"Un d\u00e9centrage du regard sur le tourisme passif en Italie.\r\nChaque ann\u00e9e, l'immense patrimoine artistique et naturel de l'Italie attire plus de 70 millions de touristes du monde entier. Rome, Milan et Venise figurent parmi les principales destinations. La s\u00e9rie Crowd de Louis De Belle recadre le tourisme passif en mettant en sc\u00e8ne des voyageurs isol\u00e9s qui jouent un r\u00f4le actif en utilisant des t\u00e9l\u00e9phones portables et des appareils photo. Prises avec un temps d'exposition tr\u00e8s rapide et un flash portable, les images restituent les sujets hors contexte, comme \u00ab errant dans le noir \u00bb...\r\n\r\n\u00ab The often passive fruition of attractions by tourists as they traipse along the routes from one absolutely unmissable place to the next, as sold to them by tour operators or cultural marketing strategies, is at last offered redemption here in the appropriation of such experience. Thanks to Louis De Belle's work, while following in the footsteps of their more sophisticated eighteenth-century ancestors, today's travellers take on an active role here in the use of their mobile phone cameras-a key tool for interpretation and reading, very much on a par with the notebook and fountain pen tucked into the pockets of young gentlemen on the Grand Tour of yesteryear. [...] \u00bb\r\nAlessandro Morandotti","authors":["Louis de Belle"],"category_codes":["6000000","6070000","6070200","6070205"],"visuals":{"large":"https:\/\/images.epagine.fr\/890\/9788899058890_1_75.jpg","medium":"https:\/\/images.epagine.fr\/890\/9788899058890_1_m.jpg","thumbnail":"https:\/\/images.epagine.fr\/890\/9788899058890_1_v.jpg"},"orderable":true,"show_badge":true,"formatted_price":"28,00&nbsp;\u20ac","formatted_published_date":"15 janvier 2024","publisher_availability_label":"Sur commande","short_details":"Louis de Belle \u2014 Bruno","translator":null,"weight":0,"page_count":64,"readership":null,"editor":"Bruno","price":2800,"published_date":"2024-01-14T23:00:00.000000Z","support":"Grand format","publisher_availability":1,"stock":0,"editions":[],"url":"https:\/\/quaidesbrumes.com\/ouvrage\/9788899058890\/crowd"},{"id":"9788867496075","title":"Grand Illusion","description":"Une s\u00e9rie photographique de captures d'\u00e9cran de la \u00ab Museum View \u00bb de l'Institut culturel de Google, repr\u00e9sentant des palais europ\u00e9ens baroques : une d\u00e9ambulation virtuelle dans les couloirs de Versailles, du ch\u00e2teau de Fontainebleau, du ch\u00e2teau de Sch\u00f6nbrunn, du Palazzo Madama, etc., d\u00e9form\u00e9s et rendus bizarres par les accidents de l'intelligence artificielle.\r\nLieux de prestige et manifestations du pouvoir, ces palais arborent des ornements incrust\u00e9s d'or renvoyant aux activit\u00e9s coloniales \u00e0 l'\u00e9tranger qui ont rendu possible ce type de richesse. Alors que les monarchies et les empires du pass\u00e9 utilisaient la beaut\u00e9 comme expression de leur autorit\u00e9, la technologie, dans sa m\u00e9diation du monde, op\u00e8re souvent sans programme esth\u00e9tique. Tout au long de cette s\u00e9rie, le pouvoir secret de la technologie n'est visible que par des accidents ou des glitches, un aper\u00e7u de la machine dans le miroir, l'IA qui brouille les visages des statues.","authors":["Theresa Ganz"],"category_codes":["6000000","6070000","6070200","6070205"],"visuals":{"large":"https:\/\/images.epagine.fr\/075\/9788867496075_1_75.jpg","medium":"https:\/\/images.epagine.fr\/075\/9788867496075_1_m.jpg","thumbnail":"https:\/\/images.epagine.fr\/075\/9788867496075_1_v.jpg"},"orderable":true,"show_badge":true,"formatted_price":"18,00&nbsp;\u20ac","formatted_published_date":"29 janvier 2024","publisher_availability_label":"Sur commande","short_details":"Theresa Ganz \u2014 Mousse Publishing","translator":null,"weight":0,"page_count":104,"readership":null,"editor":"Mousse Publishing","price":1800,"published_date":"2024-01-28T23:00:00.000000Z","support":"Grand format","publisher_availability":1,"stock":0,"editions":[],"url":"https:\/\/quaidesbrumes.com\/ouvrage\/9788867496075\/grand-illusion"},{"id":"9782322506576","title":"De mes terres : Photographies","description":"D\u00e9m\u00e9ter : d\u00e9esse grecque de la terre cultiv\u00e9e Cet album rassemble 40 clich\u00e9s r\u00e9alis\u00e9s dans la Plaine de Versailles, sur la commune de Fontenay-le-Fleury, en 2021-2022, principalement \u00e0 l'automne, avec un smartphone Xiaomi Mi9, sans aucune retouche.","authors":["Etienne Day"],"category_codes":["6000000","6070000","6070200"],"visuals":{"large":"https:\/\/images.epagine.fr\/576\/9782322506576_1_75.jpg","medium":"https:\/\/images.epagine.fr\/576\/9782322506576_1_m.jpg","thumbnail":"https:\/\/images.epagine.fr\/576\/9782322506576_1_v.jpg"},"orderable":true,"show_badge":true,"formatted_price":"15,00&nbsp;\u20ac","formatted_published_date":"12 novembre 2023","publisher_availability_label":"Sur commande","short_details":"Etienne Day \u2014 Books on Demand","translator":null,"weight":196,"page_count":96,"readership":null,"editor":"Books on Demand","price":1500,"published_date":"2023-11-11T23:00:00.000000Z","support":"Grand format","publisher_availability":1,"stock":0,"editions":[],"url":"https:\/\/quaidesbrumes.com\/ouvrage\/9782322506576\/de-mes-terres-photographies"},{"id":"9782930754482","title":"\u00catre assis ou danser : Li\u00e8ge, la discoth\u00e8que La Chapelle","description":"La New-Wave a red\u00e9fini les codes : rester dark en ayant l'air propre sur soi, coiff\u00e9 et \u00e9l\u00e9gant. Bernard Dobbeleer et ses amis mixaient avec trois platines, m\u00e9langeaient les styles, balancaient \u00ab Cure \u00bb, \u00ab OMD \u00bb, \u00ab Neon Judgement \u00bb, \u00ab Liaison Dangereuses \u00bb. \u00c7a dansait, \u00e7a transpirait l'after shave, la piste d\u00e9bordait. Les concerts des groupes encore bien jeunes comme : TC Matic, A Certain Ratio, Madness, Simple Minds... \u00c9taient sauvages. \u00c0 la Chapelle, nous y \u00e9tions tous les Week-end, c'\u00e9tait notre abris dans la sc\u00e8ne underground Li\u00e9geoise des 80's.","authors":["Jean Antoine","Philippe Landrain","Andr\u00e9 Leclercq"],"category_codes":["6000000","6070000","6070200"],"visuals":{"large":"https:\/\/quaidesbrumes.com\/img\/book-placeholder.png","medium":"https:\/\/quaidesbrumes.com\/img\/book-placeholder.png","thumbnail":"https:\/\/quaidesbrumes.com\/img\/book-placeholder.png"},"orderable":true,"show_badge":true,"formatted_price":"40,00&nbsp;\u20ac","formatted_published_date":"4 octobre 2024","publisher_availability_label":"Sur commande","short_details":"Jean Antoine, Philippe Landrain, Andr\u00e9 Leclercq \u2014 Editions Du Caid","translator":null,"weight":650,"page_count":208,"readership":null,"editor":"Editions Du Caid","price":4000,"published_date":"2024-10-03T22:00:00.000000Z","support":"Grand format","publisher_availability":1,"stock":0,"editions":[],"url":"https:\/\/quaidesbrumes.com\/ouvrage\/9782930754482\/etre-assis-ou-danser-liege-la-discotheque-la-chapelle"},{"id":"9782418149540","title":"Le rayon","description":"Le Rayon bleu : journal des photographes\r\nDate de l'\u00e9dition originale : 1870-06-15\r\n\r\nLa pr\u00e9sente revue s'inscrit dans une politique de conservation patrimoniale de la presse fran\u00e7aise mise en place avec la BnF. \r\nHachette Livre et la BnF proposent ainsi un catalogue de titres indisponibles, la BnF ayant num\u00e9ris\u00e9 ces publications et Hachette Livre les imprimant \u00e0 la demande. \r\nCertains de ces titres refl\u00e8tent des courants de pens\u00e9e caract\u00e9ristiques de leur \u00e9poque, mais qui seraient aujourd'hui jug\u00e9s condamnables. \r\nIls n'en appartiennent pas moins \u00e0 l'histoire des id\u00e9es en France et sont susceptibles de pr\u00e9senter un int\u00e9r\u00eat scientifique ou historique. \r\nLe sens de notre d\u00e9marche \u00e9ditoriale consiste ainsi \u00e0 permettre l'acc\u00e8s \u00e0 ces revues sans pour autant que nous en cautionnions en aucune fa\u00e7on le contenu. \r\nPour plus d'informations, rendez-vous sur www.hachettebnf.fr","authors":["L.-M. Cyrus"],"category_codes":["6000000","6070000","6070200"],"visuals":{"large":"https:\/\/images.epagine.fr\/540\/9782418149540_1_75.jpg","medium":"https:\/\/images.epagine.fr\/540\/9782418149540_1_m.jpg","thumbnail":"https:\/\/images.epagine.fr\/540\/9782418149540_1_v.jpg"},"orderable":true,"show_badge":true,"formatted_price":"14,00&nbsp;\u20ac","formatted_published_date":"7 mai 2024","publisher_availability_label":"Sur commande","short_details":"L.-M. Cyrus \u2014 Hachette BNF","translator":null,"weight":115,"page_count":32,"readership":null,"editor":"Hachette BNF","price":1400,"published_date":"2024-05-06T22:00:00.000000Z","support":"Grand format","publisher_availability":1,"stock":0,"editions":["9782418149496","9782418149502","9782418149519","9782418149526","9782418149533","9782418149557","9782418149564"],"url":"https:\/\/quaidesbrumes.com\/ouvrage\/9782418149540\/le-rayon"},{"id":"9781910401873","title":"The things not seen are eternal","description":"Over a period of two years, Herman Ellis Dyal photographed the interior of the church he had attended as a child in San Antonio, Texas. The resulting photographs show much of the building now unused and form his first monograph, The Things Not Seen Are Eternal. In 2021, Dyal passed by Riverside Baptist Church on a weekday afternoon, and after not being inside the building for over 50-years, spotted an open door and entered. He began to return regularly to document the interior and the many rooms and spaces which are no longer in use, without electricity and slowly deteriorating. His painterly photographs are devoid of people but heavy with the echoes of past human presence?chairs, toys, robes, furniture, artificial flowers and books? relics of an earlier time.","authors":["Ellis Dyal Herman"],"category_codes":["6000000","6070000","6070200","6070205"],"visuals":{"large":"https:\/\/images.epagine.fr\/873\/9781910401873_1_75.jpg","medium":"https:\/\/images.epagine.fr\/873\/9781910401873_1_m.jpg","thumbnail":"https:\/\/images.epagine.fr\/873\/9781910401873_1_v.jpg"},"orderable":true,"show_badge":true,"formatted_price":"62,00&nbsp;\u20ac","formatted_published_date":"6 avril 2023","publisher_availability_label":"Sur commande","short_details":"Ellis Dyal Herman \u2014 Gost Books","translator":null,"weight":1201,"page_count":128,"readership":null,"editor":"Gost Books","price":6200,"published_date":"2023-04-05T22:00:00.000000Z","support":"Grand format","publisher_availability":1,"stock":0,"editions":[],"url":"https:\/\/quaidesbrumes.com\/ouvrage\/9781910401873\/the-things-not-seen-are-eternal"}]}