{"data":[{"id":"9782351373385","title":"Laurent Achard : trois portraits","description":"Livre-dvd contenant trois films de Laurent Achard faisant le portrait des cin\u00e9astes Paul Vecchiali, Jean-Claude Brisseau et Jean-Fran\u00e7ois St\u00e9venin.","authors":["Laurent Achard","Laurent Mauvigner","Olivier Seguret"],"category_codes":["6000000","6070000","6070300","6070303"],"visuals":{"large":"https:\/\/images.epagine.fr\/385\/9782351373385_1_75.jpg","medium":"https:\/\/images.epagine.fr\/385\/9782351373385_1_m.jpg","thumbnail":"https:\/\/images.epagine.fr\/385\/9782351373385_1_v.jpg"},"orderable":true,"show_badge":true,"formatted_price":"25,00&nbsp;\u20ac","formatted_published_date":"1er juillet 2023","publisher_availability_label":"Sur commande","short_details":"Laurent Achard, Laurent Mauvigner, Olivier Seguret \u2014 EDITIONS DE L'OEIL","translator":null,"weight":218,"page_count":64,"readership":null,"editor":"EDITIONS DE L'OEIL","price":2500,"published_date":"2023-06-30T22:00:00.000000Z","support":"Livre + DVD","publisher_availability":1,"stock":0,"editions":[],"url":"https:\/\/quaidesbrumes.com\/ouvrage\/9782351373385\/laurent-achard-trois-portraits"},{"id":"9781911306924","title":"Pictures from the garden","description":"Pictures from the Garden is a collection of seven powerful photographic essays made by leading UK photographers in response to Paddy Summerfield's influential book, Mother and Father. Summerfield's 2014 publication, set mainly in his parents' north Oxford house and garden, is a poignant and durational examination of his relationship with his parents as their lives together faded. On publication Summerfield received wide praise with the Guardian's Sean O'Hagan describing Mother and Father as a \u00ab...profoundly sad and beautiful book\u00bb. In Pictures from the Garden the photographers, each of whom has drawn inspiration from Mother and Father, travelled to Summerfield's house in Oxford to discover a personal route to explore the emotions and themes that were evoked in the book. By photographing in the same space that set the scene for Summerfield's original work on his parents, the photographers imbued themselves in the physical and psychological world depicted in its pages. The relationship that connects us with those that brought us into the world is universal and yet unique in every instance. Pictures from the Garden represents seven independent journeys taken to discover the nature of the most complex relationship that is common to us all.","authors":["Dewi Lewis"],"category_codes":["6000000","6070000","6070200","6070205"],"visuals":{"large":"https:\/\/images.epagine.fr\/924\/9781911306924_1_75.jpg","medium":"https:\/\/images.epagine.fr\/924\/9781911306924_1_m.jpg","thumbnail":"https:\/\/images.epagine.fr\/924\/9781911306924_1_v.jpg"},"orderable":true,"show_badge":true,"formatted_price":"50,00&nbsp;\u20ac","formatted_published_date":"24 ao\u00fbt 2023","publisher_availability_label":"Sur commande","short_details":"Dewi Lewis \u2014 Dewi Lewis","translator":null,"weight":1001,"page_count":104,"readership":null,"editor":"Dewi Lewis","price":5000,"published_date":"2023-08-23T22:00:00.000000Z","support":"Grand format","publisher_availability":1,"stock":0,"editions":[],"url":"https:\/\/quaidesbrumes.com\/ouvrage\/9781911306924\/pictures-from-the-garden"},{"id":"9781915743268","title":"Discourse Tome 13 : The corporeal life of seafaring","description":"The body of the seafarer is a fulcrum upon which global systems of power, longstanding maritime traditions, and gendered and racialised pressures all rest. In this vital new essay, scholar Laleh Khalili draws on her ongoing research and experiences of travelling on cargo ships to explore the embodied life of these labourers. She investigates an experience riddled with adversities - loneliness, loss, and violence, stolen wages and exploitative shipowners - as well as ephemeral moments of joy and solidarity. In the unique arena of the ship, Khalili traces the many forms of corporeality involved in work at sea and the ways the body is engaged by the institutions that engulf seafarers' lives and work. Illustrated throughout with the author's own photographs, this book takes in both scholarly and literary accounts to describe with care and imagination the material and physical realities of contemporary commerce at sea. Drawing on the insights of feminists and scholars of racial capitalism, it centres the lives of those so often forgotten or dismissed in enterprises of capital accumulation and the raced and gendered hierarchies that shape them. DISCOURSE is a series of small books in which a theorist, artist, or writer engages in a dialogue with a theme, an artwork, an idea, or another individual across an extended text.","authors":["Laleh Khalili"],"category_codes":["6000000","6070000","6070200","6070205"],"visuals":{"large":"https:\/\/images.epagine.fr\/268\/9781915743268_1_75.jpg","medium":"https:\/\/images.epagine.fr\/268\/9781915743268_1_m.jpg","thumbnail":"https:\/\/images.epagine.fr\/268\/9781915743268_1_v.jpg"},"orderable":true,"show_badge":true,"formatted_price":"17,00&nbsp;\u20ac","formatted_published_date":"17 janvier 2024","publisher_availability_label":"Sur commande","short_details":"Laleh Khalili \u2014 Mack Books","translator":null,"weight":401,"page_count":96,"readership":null,"editor":"Mack Books","price":1700,"published_date":"2024-01-16T23:00:00.000000Z","support":"Grand format","publisher_availability":1,"stock":0,"editions":[],"url":"https:\/\/quaidesbrumes.com\/ouvrage\/9781915743268\/discourse-tome-13-the-corporeal-life-of-seafaring"},{"id":"9781915743275","title":"FRG George Kussman","description":"The German dramatist Heiner M\u00fcller observed that German history lies as if smothered by a rheumatism blanket: beneath there is warmth and stagnation, just enough to give the impression all is well, while the peripheries are freezing. Georg Kussmann's photographs in FRG were created under this metaphoric blanket. Made in the Federal Republic of Germany over a single summer, they depict everyday scenes of life, work, and leisure under which threats of discontent and violence simmer. Sometimes this unease is explicit in the form of physical acts or graffitied slogans, but more often it is uncannily suppressed. Kussmann made these photographs by exploring his home country on foot, sleeping on the streets and often propelled to keep moving by fear as much as curiosity. Brought together in an extensive and determined sequence, they describe a place caught between the weight of the past and the demands of the present. Evoking the particular German histories of work ethics, dictates, and acronyms, Kussmann takes a dogged yet always subtle approach to contemporary Germany and the ways it struggles to understand itself.","authors":["George Kussmann"],"category_codes":["6000000","6070000","6070200","6070205"],"visuals":{"large":"https:\/\/images.epagine.fr\/275\/9781915743275_1_75.jpg","medium":"https:\/\/images.epagine.fr\/275\/9781915743275_1_m.jpg","thumbnail":"https:\/\/images.epagine.fr\/275\/9781915743275_1_v.jpg"},"orderable":true,"show_badge":true,"formatted_price":"55,00&nbsp;\u20ac","formatted_published_date":"30 novembre 2023","publisher_availability_label":"Sur commande","short_details":"George Kussmann \u2014 Mack Books","translator":null,"weight":1101,"page_count":272,"readership":null,"editor":"Mack Books","price":5500,"published_date":"2023-11-29T23:00:00.000000Z","support":"Grand format","publisher_availability":1,"stock":0,"editions":[],"url":"https:\/\/quaidesbrumes.com\/ouvrage\/9781915743275\/frg-george-kussman"},{"id":"9783969001431","title":"Dog town the canines of Venice beach","description":"Dog Town est un projet de photographie de rue sur les chiens de Venice Beach, en Californie. Le livre porte le nom de \"Dogtown\", un quartier de West Los Angeles qui englobait les bidonvilles de Venice et d'Ocean Park \u00e0 Santa Monica, dans les ann\u00e9es 1960 et 1970. Les surfeurs et les skateurs de Dogtown \u00e9taient connus pour \u00eatre des \u00e9l\u00e8ves agressifs et antisociaux issus de familles pauvres. Aujourd'hui, de v\u00e9ritables chiens de toutes races et de tous statuts sociaux envahissent Venice Beach. Les chiens photographi\u00e9s dans ce livre embrassent souvent la riche culture du skateboard de Dogtown. Le photographe am\u00e9ricain Dotan Saguy et son appareil photo Leica nous enchantent avec de nombreux moments l\u00e9gers, excentriques et \u00e9mouvants, captur\u00e9s avec beaucoup d'amour et de compassion pour les chiens et leur environnement de Dogtown. Ce livre est un hommage moderne \u00e0 Elliott Erwitt et un must pour les amoureux des chiens.","authors":["Dotan Saguy"],"category_codes":["6000000","6070000","6070200","6070205"],"visuals":{"large":"https:\/\/images.epagine.fr\/431\/9783969001431_1_75.jpg","medium":"https:\/\/images.epagine.fr\/431\/9783969001431_1_m.jpg","thumbnail":"https:\/\/images.epagine.fr\/431\/9783969001431_1_v.jpg"},"orderable":true,"show_badge":true,"formatted_price":"34,00&nbsp;\u20ac","formatted_published_date":"7 septembre 2023","publisher_availability_label":"Sur commande","short_details":"Dotan Saguy \u2014 Kehrer","translator":null,"weight":0,"page_count":144,"readership":null,"editor":"Kehrer","price":3400,"published_date":"2023-09-06T22:00:00.000000Z","support":"Grand format","publisher_availability":1,"stock":0,"editions":[],"url":"https:\/\/quaidesbrumes.com\/ouvrage\/9783969001431\/dog-town-the-canines-of-venice-beach"},{"id":"9788885608795","title":"Journey to the lowlands : between the via Emilia and the West","description":"Un road movie qui raconte le r\u00eave au-del\u00e0 de la fronti\u00e8re des habitants des plaines, plong\u00e9s dans un microcosme encore inconnu, o\u00f9 la vie s'\u00e9coule lentement. Ici, le temps est fragment\u00e9, flou, onirique et l'eau a sa propre musique et murmure les histoires des habitants. Les liens familiaux, le paysage bucolique, les lieux et les animaux : ici, dans la plaine, tout est li\u00e9, tout coule et tout reste. Ce sont des histoires de terres situ\u00e9es sous le niveau de la mer, enferm\u00e9es dans des cha\u00eenes de montagnes et sillonn\u00e9es par des rivi\u00e8res qui d\u00e9bordent pendant la saison hivernale. Le r\u00eave d'une \u00c9milie rouge s'est \u00e9vanoui ; le tremblement de terre a fauch\u00e9 une grande partie de la r\u00e9gion, le ch\u00f4mage, l'alcool et la pollution ont fait le reste : mais les gens continuent \u00e0 travailler et \u00e0 esp\u00e9rer que cette p\u00e9riode difficile passera, ils sont tremp\u00e9s pour affronter les d\u00e9fis de la vie de tous les jours. Ici, on s'habitue \u00e0 l'\u00e9pais brouillard qui reste pendant des mois et recouvre un monde paysan disparu qu'il ne faut pas chercher mais ressentir spirituellement. Ici, les \u00e2mes de nos p\u00e8res et de nos m\u00e8res r\u00e9sonnent comme les sons d'une \u00e9poque lointaine.","authors":["Valeria Sacchetti"],"category_codes":["6000000","6070000","6070200","6070205"],"visuals":{"large":"https:\/\/images.epagine.fr\/795\/9788885608795_1_75.jpg","medium":"https:\/\/images.epagine.fr\/795\/9788885608795_1_m.jpg","thumbnail":"https:\/\/images.epagine.fr\/795\/9788885608795_1_v.jpg"},"orderable":true,"show_badge":true,"formatted_price":"36,00&nbsp;\u20ac","formatted_published_date":"6 septembre 2023","publisher_availability_label":"Sur commande","short_details":"Valeria Sacchetti \u2014 The Crowdbooks","translator":null,"weight":766,"page_count":112,"readership":null,"editor":"The Crowdbooks","price":3600,"published_date":"2023-09-05T22:00:00.000000Z","support":"Grand format","publisher_availability":1,"stock":0,"editions":[],"url":"https:\/\/quaidesbrumes.com\/ouvrage\/9788885608795\/journey-to-the-lowlands-between-the-via-emilia-and-the-west"},{"id":"9783969001240","title":"Silent theaters","description":"Abandoned buildings that still have an unmistakable beauty and narrative power.\r\n\r\nGiovanni Maria Sacco's Silent Theaters is seemingly about abandoned factories whose silence reminds us of the silence of theaters after the last performance. And, as in theaters, one imagines these places full of noise, filled with voices, people and activity that suddenly stop and are no longer there. But the real theme is the end of human endeavor, the slow decay of things, hopes, efforts. Before these buildings are demolished to make way for some useless shopping mall, they show that ruin and decay can also be dignified and beautiful. In fact, this is about death itself: too horrible to look at directly and realize that it is actually just one step in a journey, perhaps the last. Sacco's abandoned factories present a clear and haunting metaphor for death.","authors":["Giovanni Maria Sacco"],"category_codes":["6000000","6070000","6070200","6070205"],"visuals":{"large":"https:\/\/images.epagine.fr\/240\/9783969001240_1_75.jpg","medium":"https:\/\/images.epagine.fr\/240\/9783969001240_1_m.jpg","thumbnail":"https:\/\/images.epagine.fr\/240\/9783969001240_1_v.jpg"},"orderable":true,"show_badge":true,"formatted_price":"49,00&nbsp;\u20ac","formatted_published_date":"23 ao\u00fbt 2023","publisher_availability_label":"Sur commande","short_details":"Giovanni Maria Sacco \u2014 Kehrer","translator":null,"weight":1001,"page_count":144,"readership":null,"editor":"Kehrer","price":4900,"published_date":"2023-08-22T22:00:00.000000Z","support":"Grand format","publisher_availability":1,"stock":0,"editions":[],"url":"https:\/\/quaidesbrumes.com\/ouvrage\/9783969001240\/silent-theaters"},{"id":"9782140354403","title":"L'image-friction : pour une esth\u00e9tique de la vid\u00e9o et du cin\u00e9ma","description":"Cet ouvrage permet de revisiter et de repenser autrement les films du cin\u00e9ma et les vid\u00e9os \u00e0 partir du concept d'image-friction. Ce dernier approfondit les concepts, produits par Deleuze il y a 40 ans, d'image-mouvement et d'image-temps, en insistant d'une part sur les concepts d'image-perception, d'image-affection, d'image-pulsion, d'image-action, d'autre part sur ceux de choc, de contradiction, d'opposition. Le flux n'est pas un long fleuve tranquille, mais le lieu d'une lutte torrentielle : c'est m\u00eame parfois la guerre entre les images et entre les images et les sons. Frictions ext\u00e9rieures pour les images mat\u00e9rielles qui se heurtent sous nos yeux et frictions int\u00e9rieures pour les images mentales du spectateur. Aussi bien avec l'art qu'avec le sans-art, avec l'art cin\u00e9matographique qu'avec l'art contemporain. D'o\u00f9 les approches plurielles : th\u00e9or\u00e9tiques, (auto)po\u00ef\u00e9tiques, po\u00e9tiques et esth\u00e9tiques, au point d'ouvrir sur une nouvelle esth\u00e9tique de la vid\u00e9o et du cin\u00e9ma.","authors":["Andr\u00e9 Nascimento Arcari","Fran\u00e7ois Soulages","Bruno Zorzal"],"category_codes":["6000000","6070000","6070300","6070304"],"visuals":{"large":"https:\/\/images.epagine.fr\/403\/9782140354403_1_75.jpg","medium":"https:\/\/images.epagine.fr\/403\/9782140354403_1_m.jpg","thumbnail":"https:\/\/images.epagine.fr\/403\/9782140354403_1_v.jpg"},"orderable":true,"show_badge":true,"formatted_price":"13,00&nbsp;\u20ac","formatted_published_date":"1er juin 2023","publisher_availability_label":"Sur commande","short_details":"Andr\u00e9 Nascimento Arcari, Fran\u00e7ois Soulages, Bruno Zorzal \u2014 \u00c9ditions L'Harmattan","translator":null,"weight":149,"page_count":110,"readership":null,"editor":"\u00c9ditions L'Harmattan","price":1300,"published_date":"2023-05-31T22:00:00.000000Z","support":"Grand format","publisher_availability":1,"stock":0,"editions":[],"url":"https:\/\/quaidesbrumes.com\/ouvrage\/9782140354403\/limage-friction-pour-une-esthetique-de-la-video-et-du-cinema"},{"id":"9782957001385","title":"Sean Thomas yearbook Tome 2","description":"Bas\u00e9 \u00e0 New York, Londres et Paris, Sean Thomas voyage constamment et photographie le monde. Ses images pour les magazines de modes \u00e9tant \u00e9ph\u00e9m\u00e8res, il d\u00e9cide de les compiler dans une catalogue, regroupant ses images non-publi\u00e9s, ses diff\u00e9rents shootings et ses travaux personnels.","authors":["Sean Thomas"],"category_codes":["6000000","6070000","6070200","6070205"],"visuals":{"large":"https:\/\/images.epagine.fr\/385\/9782957001385_1_75.jpg","medium":"https:\/\/images.epagine.fr\/385\/9782957001385_1_m.jpg","thumbnail":"https:\/\/images.epagine.fr\/385\/9782957001385_1_v.jpg"},"orderable":true,"show_badge":true,"formatted_price":"65,00&nbsp;\u20ac","formatted_published_date":"27 septembre 2023","publisher_availability_label":"Sur commande","short_details":"Sean Thomas \u2014 Patrick Remy Studio","translator":null,"weight":1301,"page_count":180,"readership":null,"editor":"Patrick Remy Studio","price":6500,"published_date":"2023-09-26T22:00:00.000000Z","support":"Grand format","publisher_availability":1,"stock":0,"editions":[],"url":"https:\/\/quaidesbrumes.com\/ouvrage\/9782957001385\/sean-thomas-yearbook-tome-2"},{"id":"9782869069145","title":"Perdre pied : le principe d'incertitude dans les s\u00e9ries","description":"Russian Doll, Killing Eve, I May Destroy You, ou m\u00eame Grey's Anatomy...Qu'elles soient des produits industriels ou cr\u00e9ations d'auteur, les s\u00e9ries contiennent une dose d'instabilit\u00e9. Plus qu'un ressort narratif, l'incertitude est un ingr\u00e9dient qui conf\u00e8re une force particuli\u00e8re aux personnages et aux r\u00e9cits des s\u00e9ries contemporaines. Il est m\u00eame possible de parler d'une nouvelle tendance qui r\u00e9sonne avec une p\u00e9riode de crise : ces protagonistes qui perdent pied, dans des intrigues qui m\u00e9langent les genres, nous encouragent \u00e0 rire pour, ensuite, livrer un message plus inqui\u00e9tant. \u00ab Perdre pied \u00bb c'est perdre l'assurance d'une ma\u00eetrise du monde ;  louper notre tentative d'avancer en ligne droite. Organis\u00e9 autour de sept concepts (d\u00e9sorientation, doute, inconfort, indiscipline, sauvagerie, grotesque et \u00e9chec), ce livre explore le principe de l'incertitude dans les s\u00e9ries. Proposant une interrogation large, \u00e0 travers des genres diff\u00e9rents (com\u00e9die, dram\u00e9die, drame, thriller) il permet de comprendre ce qui nous pousse \u00e0 aimer les s\u00e9ries. Pourquoi pers\u00e9v\u00e9rer \u00e0 suivre une s\u00e9rie alors qu'elle peut nous confronter \u00e0 l'erreur, la frustration ou l'\u00e9puisement ? Pourquoi appr\u00e9cions-nous autant cette dose de malaise ? Telles sont les questions auxquelles ce livre tente de r\u00e9pondre.","authors":["Marta Boni"],"category_codes":["6000000","6070000","6070300","6070304"],"visuals":{"large":"https:\/\/images.epagine.fr\/145\/9782869069145_1_75.jpg","medium":"https:\/\/images.epagine.fr\/145\/9782869069145_1_m.jpg","thumbnail":"https:\/\/images.epagine.fr\/145\/9782869069145_1_v.jpg"},"orderable":true,"show_badge":true,"formatted_price":"27,00&nbsp;\u20ac","formatted_published_date":"12 octobre 2023","publisher_availability_label":"Sur commande","short_details":"Marta Boni \u2014 Presses Universitaires Fran\u00e7ois Rabelais","translator":null,"weight":608,"page_count":322,"readership":null,"editor":"Presses Universitaires Fran\u00e7ois Rabelais","price":2700,"published_date":"2023-10-11T22:00:00.000000Z","support":"Grand format","publisher_availability":1,"stock":0,"editions":[],"url":"https:\/\/quaidesbrumes.com\/ouvrage\/9782869069145\/perdre-pied-le-principe-dincertitude-dans-les-series"},{"id":"9782322481538","title":"State of my Head","description":"Un moment d'incertitude, d'incompr\u00e9hension et le monde s'empare de mon \u00e2me. Je m'obstine \u00e0 percevoir la r\u00e9alit\u00e9 de ma conscience. La psych\u00e9 d'un homme tourment\u00e9 de pens\u00e9es noires, noy\u00e9es de d\u00e9sir. rendre la perception c\u00e9r\u00e9brale r\u00e9elle \u00e0 travers une image grav\u00e9e, o\u00f9 la m\u00e9moire ne s'effacera gu\u00e8re. Ressurgir l'impossible, la blessure d'un temps et d'un corps meurtri de doux po\u00e8mes. Ainsi va la monde : chercher \u00e0 s'exprimer, montrer l'\u00e9tat de notre \u00e2me. Brusquer les cauchemars et les r\u00eaves. L'oeil per\u00e7oit l'image de la photo afin de la rendre plus que vraie, dans un tableau peint \u00e0 notre effigie. Vouloir garder le souvenir de notre trace, de notre passage sur terre, dans un lieu ou dans une vie. Qui n'est nul autre qu'une \u00e9chappatoire \u00e0 la peur de la mort, \u00e0 plonger dans l'oubli, dans le n\u00e9ant insalubre. Mais voil\u00e0 la beaut\u00e9 des choses, l'homme n'est qu'un passage organique d'une entit\u00e9 immortelle. Comment aimer une vie remplie de m\u00e9lancolie ? Rencontrer la porte de la mort, le suicide qui nous guide \u00e0 nous reposer de cette haine, ce mal per\u00e7u. Puis nous r\u00e9veille en aimant ce qui nous entourent, ce qui nous inqui\u00e8te, ce que nous voulons changer. Ainsi va l'\u00e9tat de ma t\u00eate immerg\u00e9e de conscience et de subconscience","authors":["Cl\u00e9ment Papillon"],"category_codes":["6000000","6070000","6070200"],"visuals":{"large":"https:\/\/images.epagine.fr\/538\/9782322481538_1_75.jpg","medium":"https:\/\/images.epagine.fr\/538\/9782322481538_1_m.jpg","thumbnail":"https:\/\/images.epagine.fr\/538\/9782322481538_1_v.jpg"},"orderable":true,"show_badge":true,"formatted_price":"29,99&nbsp;\u20ac","formatted_published_date":"20 juin 2023","publisher_availability_label":"Sur commande","short_details":"Cl\u00e9ment Papillon \u2014 Books on Demand","translator":null,"weight":770,"page_count":118,"readership":null,"editor":"Books on Demand","price":2999,"published_date":"2023-06-19T22:00:00.000000Z","support":"Grand format","publisher_availability":1,"stock":0,"editions":[],"url":"https:\/\/quaidesbrumes.com\/ouvrage\/9782322481538\/state-of-my-head"},{"id":"9782322482771","title":"Ma Provence en Noir et Blanc...","description":"La Provence, la photographie, le noir & blanc sont trois passions, qui pour moi ne font qu'une. Dans mon livre Ma Provence en toute z\u00e9nitude, mes clich\u00e9s ne viennent qu'illustrer mes textes. C'est la raison pour laquelle, j'ai d\u00e9cid\u00e9 de r\u00e9unir plus de 210 photos dans cet ouvrage.\r\n\r\nElles vous emm\u00e8neront dans le Luberon, le Var et son arri\u00e8re-pays, les Alpes-de-Haute-Provence, les Alpilles et le Vaucluse.\r\n\r\nVous pourrez d\u00e9couvrir, ou red\u00e9couvrir, tous ces lieux magnifiques que j'ai eu le privil\u00e8ge de visiter durant presque quinze mois.","authors":["F. Rafael."],"category_codes":["6000000","6070000","6070200"],"visuals":{"large":"https:\/\/images.epagine.fr\/771\/9782322482771_1_75.jpg","medium":"https:\/\/images.epagine.fr\/771\/9782322482771_1_m.jpg","thumbnail":"https:\/\/images.epagine.fr\/771\/9782322482771_1_v.jpg"},"orderable":true,"show_badge":true,"formatted_price":"20,99&nbsp;\u20ac","formatted_published_date":"15 juin 2023","publisher_availability_label":"Sur commande","short_details":"F. Rafael. \u2014 Books on Demand","translator":null,"weight":820,"page_count":126,"readership":null,"editor":"Books on Demand","price":2099,"published_date":"2023-06-14T22:00:00.000000Z","support":"Grand format","publisher_availability":1,"stock":0,"editions":[],"url":"https:\/\/quaidesbrumes.com\/ouvrage\/9782322482771\/ma-provence-en-noir-et-blanc"},{"id":"9782322474738","title":"Photographe Nature : une passion, un m\u00e9tier","description":"La nature a toujours \u00e9t\u00e9 une source d'inspiration pour les hommes, depuis les grottes de Lascaux jusqu'aux premi\u00e8res demandes de production d'images par une intelligence artificielle. Pourtant, photographier la nature ne s'improvise pas. R\u00e9flexion et action, toutes deux organis\u00e9es, sont indispensables pour obtenir les meilleurs r\u00e9sultats. C'est ce qu'explique ce livret du photographe nature pour vivre sa passion ou en faire son m\u00e9tier, compl\u00e9t\u00e9 par des t\u00e9moignages de photographes exp\u00e9riment\u00e9s. Recommand\u00e9 pour les \u00e9l\u00e8ves de premi\u00e8re ann\u00e9e d'\u00e9coles de photographie.","authors":["Christine Virbel Alonso"],"category_codes":["6000000","6070000","6070200"],"visuals":{"large":"https:\/\/images.epagine.fr\/738\/9782322474738_1_75.jpg","medium":"https:\/\/images.epagine.fr\/738\/9782322474738_1_m.jpg","thumbnail":"https:\/\/images.epagine.fr\/738\/9782322474738_1_v.jpg"},"orderable":true,"show_badge":true,"formatted_price":"9,99&nbsp;\u20ac","formatted_published_date":"22 ao\u00fbt 2023","publisher_availability_label":"Sur commande","short_details":"Christine Virbel Alonso \u2014 Books on Demand","translator":null,"weight":97,"page_count":62,"readership":null,"editor":"Books on Demand","price":999,"published_date":"2023-08-21T22:00:00.000000Z","support":"Grand format","publisher_availability":1,"stock":0,"editions":[],"url":"https:\/\/quaidesbrumes.com\/ouvrage\/9782322474738\/photographe-nature-une-passion-un-metier"},{"id":"9782140491443","title":"Les super-h\u00e9ros Marvel : Un art du mythe","description":"Un peuple peut-il vivre sans ses mythes ? Et qu'en est-il de notre monde post-moderne dont on dit souvent qu'il est vecteur de d\u00e9racinement, favorise le consum\u00e9risme et l'individualisme, n'entretient pas d'autres esprits que celui du capitalisme ? Tenter d'y r\u00e9pondre, c'est non seulement p\u00e9n\u00e9trer dans le noyau mythique de notre culture mais aussi r\u00e9futer l'id\u00e9e d'une trag\u00e9die de la culture.  Si nous pouvons encore cr\u00e9er des mythes, alors m\u00eame si elle doit p\u00e9rir, notre essence spirituelle pourra toujours survivre et se conserver dans ses formes mythologiques et artistiques. Et cette forme mythologique actuelle peut appara\u00eetre l\u00e0 o\u00f9 on l'attend le moins : dans les films de super-h\u00e9ros Marvel.  Malgr\u00e9 le fait que ces oeuvres ont pris soin de d\u00e9velopper une mythologie originale avec une coh\u00e9rence et une vigueur jusqu'ici in\u00e9gal\u00e9e dans l'univers cin\u00e9matographique, elles ont souvent \u00e9t\u00e9 rel\u00e9gu\u00e9es au statut de divertissement de masse. Notre pr\u00e9sente \u00e9tude vise ainsi \u00e0 les faire reconna\u00eetre \u00e0 leur juste valeur.","authors":["Minh Vu Cong"],"category_codes":["6000000","6070000","6070300","6070303"],"visuals":{"large":"https:\/\/images.epagine.fr\/443\/9782140491443_1_75.jpg","medium":"https:\/\/images.epagine.fr\/443\/9782140491443_1_m.jpg","thumbnail":"https:\/\/images.epagine.fr\/443\/9782140491443_1_v.jpg"},"orderable":true,"show_badge":true,"formatted_price":"19,00&nbsp;\u20ac","formatted_published_date":"24 ao\u00fbt 2023","publisher_availability_label":"Sur commande","short_details":"Minh Vu Cong \u2014 \u00c9ditions L'Harmattan","translator":null,"weight":214,"page_count":168,"readership":null,"editor":"\u00c9ditions L'Harmattan","price":1900,"published_date":"2023-08-23T22:00:00.000000Z","support":"Grand format","publisher_availability":1,"stock":0,"editions":[],"url":"https:\/\/quaidesbrumes.com\/ouvrage\/9782140491443\/les-super-heros-marvel-un-art-du-mythe"},{"id":"9783907236437","title":"No Ponte","description":"Un essai photographique sur le projet abandonn\u00e9 de pont suspendu entre les c\u00f4tes calabraises et siciliennes et sur le littoral du d\u00e9troit de Messine, documentant la transformation des zones c\u00f4ti\u00e8res suburbaines et la vie quotidienne des habitants.","authors":["Giuseppe Miccich\u00e9"],"category_codes":["6000000","6070000","6070200"],"visuals":{"large":"https:\/\/images.epagine.fr\/437\/9783907236437_1_75.jpg","medium":"https:\/\/images.epagine.fr\/437\/9783907236437_1_m.jpg","thumbnail":"https:\/\/images.epagine.fr\/437\/9783907236437_1_v.jpg"},"orderable":true,"show_badge":true,"formatted_price":"78,00&nbsp;\u20ac","formatted_published_date":"5 octobre 2023","publisher_availability_label":"Sur commande","short_details":"Giuseppe Miccich\u00e9 \u2014 Patrick Frey","translator":null,"weight":1603,"page_count":156,"readership":null,"editor":"Patrick Frey","price":7800,"published_date":"2023-10-04T22:00:00.000000Z","support":"Grand format","publisher_availability":1,"stock":0,"editions":[],"url":"https:\/\/quaidesbrumes.com\/ouvrage\/9783907236437\/no-ponte"},{"id":"9781797219431","title":"Behind the screens","description":"Hand-drawn floor plans and richly imagined architectural illustrations tell the story of television's most memorable on-screen sets and scenes.\r\n\r\nCome explore where Lucy and Ethel baked a monstrous loaf of bread, where Phoebe performed \u00abSmelly Cat,\u00bb where Jim and Pam fell in love, and countless other homes, offices, and towns as familiar to you as your own living room. Illustrator I\u00f1aki Aliste Lizarralde has expertly rendered thirty-five of the most memorable television floor plans in modern history-puzzling together the layouts with an architect's eye for detail and a director's sense of storytelling.\r\n\r\nTV fans will delight in the interiors and exteriors from shows like Friends, Seinfeld, and The Simpsons, where characters and plotlines converge to create worlds so mesmerizing you want to binge-watch season after season. With immersive illustrations from shows across decades and countries, this truly unique art collection offers hilarious TV moments, Easter eggs, and behind-the-scenes trivia to test even the biggest superfans.\r\n\r\nGIFT OF AN IMMERSIVE EXPERIENCE: Here is a thorough deep dive and binge-worthy art collection for television superfans, cinephiles, fans of the Warner Brothers' studio tour, and anyone who likes to watch hours of TV at a time.\r\n \r\nA NEW WAY TO BINGE YOUR FAVORITE TV: Rediscover your love of the classics like I Love Lucy and Little House on the Prairie; revisit childhood favorites like The Brady Bunch and Sesame Street;or explore recent classics like The Office, Sex and the City, and Friends.\r\n\r\nHAND DRAWN, HIGHLY INTRICATE: Imagine living and working in your favorite fictional worlds-these floor plans are drawn as if they could exist in your neighborhood or town rather than on a soundstage. Created from memory and research by a trained architectural illustrator, each image gives you a sense of place in the context of the show's world.\r\n\r\nINTERNATIONAL APPEAL: Throughout the book you'll find fan favorite shows from the United States, Canada, and the United Kingdom. Shows like Kim's Convenience, Schitt's Creek, Killing Eve, and Sherlock appear alongside U.S. favorites like Seinfeld, Gilmore Girls, New Girl, and The Big Bang Theory.","authors":["Aliste Lizarralde"],"category_codes":["6000000","6070000","6070300"],"visuals":{"large":"https:\/\/images.epagine.fr\/431\/9781797219431_1_75.jpg","medium":"https:\/\/images.epagine.fr\/431\/9781797219431_1_m.jpg","thumbnail":"https:\/\/images.epagine.fr\/431\/9781797219431_1_v.jpg"},"orderable":true,"show_badge":true,"formatted_price":"28,00&nbsp;\u20ac","formatted_published_date":"26 octobre 2023","publisher_availability_label":"Sur commande","short_details":"Aliste Lizarralde \u2014 CHRONICLE BOOKS","translator":null,"weight":601,"page_count":136,"readership":null,"editor":"CHRONICLE BOOKS","price":2800,"published_date":"2023-10-25T22:00:00.000000Z","support":"Grand format","publisher_availability":1,"stock":0,"editions":[],"url":"https:\/\/quaidesbrumes.com\/ouvrage\/9781797219431\/behind-the-screens"},{"id":"9788894515589","title":"Cousins","description":"\"I've been photographing my daughter and nieces for a decade. There's something sacred about the lives of girls, and their innocent, confident relationships to themselves, their world and one another is gravitational. Between them is an intimate and spiritual knowledge, both ordinary and extraordinary, and I aim to capture the brilliance of their communion. I hope when they look back on this work, they'll see their beauty, and their devotion to each other, and find themselves here, in this work we made together, reflected with love.\" - Kristen Joy Emack Kristen Emack documents the moments of tenderness and kinship between her daughter and her cousins as they navigate childhood, bringing up social and racial issues rooted in the visual representation of our world.","authors":["Kristen Joy Emack"],"category_codes":["6000000","6070000","6070200","6070205"],"visuals":{"large":"https:\/\/images.epagine.fr\/589\/9788894515589_1_75.jpg","medium":"https:\/\/images.epagine.fr\/589\/9788894515589_1_m.jpg","thumbnail":"https:\/\/images.epagine.fr\/589\/9788894515589_1_v.jpg"},"orderable":true,"show_badge":true,"formatted_price":"45,00&nbsp;\u20ac","formatted_published_date":"2 octobre 2023","publisher_availability_label":"Sur commande","short_details":"Kristen Joy Emack \u2014 L'Artiere","translator":null,"weight":901,"page_count":96,"readership":null,"editor":"L'Artiere","price":4500,"published_date":"2023-10-01T22:00:00.000000Z","support":"Grand format","publisher_availability":1,"stock":0,"editions":[],"url":"https:\/\/quaidesbrumes.com\/ouvrage\/9788894515589\/cousins"},{"id":"9788862088015","title":"Brown W. Cannon III : North","description":"Une s\u00e9rie de portraits puissants et de sc\u00e8nes de surf spectaculaires \u00e0 travers laquelle le photographe am\u00e9ricain, qui s'y est consacr\u00e9 au cours des six derni\u00e8res ann\u00e9es, raconte la vie de la communaut\u00e9 des surfeurs de la c\u00f4te nord d'Oahu, \u00e0 Hawa\u00ef, dans un livre au format hors normes.\r\nLe photographe am\u00e9ricain Brown W. Cannon III (originaire d'Hawa\u00ef , bas\u00e9 dans l'Oregon) a parcouru plus de 50 pays pour r\u00e9aliser des reportages prim\u00e9s pour divers clients, \u00e9ditoriaux et commerciaux (Travel & Leisure, Conde Nast, National Geographic Adventure, Outside, GEO Saison, Copalli Rum, etc.). Ses photographies ont fait l'objet d'expositions individuelles et collectives dans des galeries et des mus\u00e9es \u00e0 travers les \u00c9tats-Unis. Dipl\u00f4m\u00e9 de l'Art Center College of Design \u00e0 Pasadena, il a \u00e9t\u00e9 d\u00e9sign\u00e9 comme l'un des \u00ab 30 photographes de moins de 30 ans \u00e0 suivre \u00bb par Photo District News.","authors":["Collectif"],"category_codes":["6000000","6070000","6070200","6070205"],"visuals":{"large":"https:\/\/images.epagine.fr\/015\/9788862088015_1_75.jpg","medium":"https:\/\/images.epagine.fr\/015\/9788862088015_1_m.jpg","thumbnail":"https:\/\/images.epagine.fr\/015\/9788862088015_1_v.jpg"},"orderable":true,"show_badge":true,"formatted_price":"250,00&nbsp;\u20ac","formatted_published_date":"15 septembre 2023","publisher_availability_label":"Sur commande","short_details":"Collectif \u2014 Damiani","translator":null,"weight":0,"page_count":264,"readership":null,"editor":"Damiani","price":25000,"published_date":"2023-09-14T22:00:00.000000Z","support":"Grand format","publisher_availability":1,"stock":0,"editions":[],"url":"https:\/\/quaidesbrumes.com\/ouvrage\/9788862088015\/brown-w-cannon-iii-north"},{"id":"9782930754154","title":"Pussy","description":"Premier volume de la nouvelle s\u00e9rie Ca\u00efdoscope, avec pour sujet les super-stars velues de ce XXIe si\u00e8cle, j'ai nomm\u00e9 Les Chats.\r\n\r\nDes photographies de :\r\nLaetitia BICA, Ulrike BIETS, Michael BRIGLIO-NIGRO ;\r\nJean-Marc CHAPA, Christophe COLLAS, Aurore DALMAS ;\r\nChristopher DE B\u00c9THUNE, Ulla DEVENTER, Ingrid FALQUE ;\r\nMarie-Valentine GILLARD, Laurent HENRION, Pierre HOUCMANT ;\r\nAlain JANSSENS, Antonio JIMENEZ SAIZ, Sophie LANGOHR, Rita LINO ;\r\nCharlotte LYBEER, Patrick MASCAUX, Julien-S BUSCHEM, Julie SCHEURWEHGS ;\r\nPascal SCHYNS, Lieven SEGERS, Ronald STOOPS, Simona TOMBESI ;\r\nEmilia UKKONEN, Marc WENDELSKI, David WIDART.\r\n\r\nUn texte de : Pauline Salinas;","authors":["Collectif"],"category_codes":["6000000","6070000","6070200"],"visuals":{"large":"https:\/\/quaidesbrumes.com\/img\/book-placeholder.png","medium":"https:\/\/quaidesbrumes.com\/img\/book-placeholder.png","thumbnail":"https:\/\/quaidesbrumes.com\/img\/book-placeholder.png"},"orderable":true,"show_badge":true,"formatted_price":"12,00&nbsp;\u20ac","formatted_published_date":"22 f\u00e9vrier 2018","publisher_availability_label":"Sur commande","short_details":"Collectif \u2014 Editions Du Caid","translator":null,"weight":350,"page_count":64,"readership":null,"editor":"Editions Du Caid","price":1200,"published_date":"2018-02-21T23:00:00.000000Z","support":"Grand format","publisher_availability":1,"stock":0,"editions":[],"url":"https:\/\/quaidesbrumes.com\/ouvrage\/9782930754154\/pussy"},{"id":"9782930754215","title":"Libre","description":"Graphiste, musicien, \u00e9diteur et surtout photographe, Pascal Schyns est n\u00e9 \u00e0 Verviers en 1970. Avide d'images, il aime saisir l'instant avant qu'il ne s'envole. En voyage comme dans la vie de tous les jours, l'appareil n'est jamais loin, pr\u00eat \u00e0 capter ce qui advient, sans strat\u00e9gie, en noir et blanc ou en couleurs : les amis musiciens, les ambiances contrast\u00e9es, parfois g\u00e9om\u00e9triques, d'un New York p\u00e9destre, la magie d'une typographie dat\u00e9e sur un mur d'azur, la rencontre cocasse d'un poteau et d'une mini-voiture distraite, celle, fatale mais tout en camouflage, d'un intr\u00e9pide batracien avec le bitume, la po\u00e9sie, nocturne et diurne, de la pluie sur un carreau en terre anglaise, l'attitude de cet homme au beau milieu du march\u00e9 de Portobello, ...","authors":["Pascal Schyns"],"category_codes":["6000000","6070000","6070200"],"visuals":{"large":"https:\/\/quaidesbrumes.com\/img\/book-placeholder.png","medium":"https:\/\/quaidesbrumes.com\/img\/book-placeholder.png","thumbnail":"https:\/\/quaidesbrumes.com\/img\/book-placeholder.png"},"orderable":true,"show_badge":true,"formatted_price":"25,00&nbsp;\u20ac","formatted_published_date":"14 novembre 2018","publisher_availability_label":"Sur commande","short_details":"Pascal Schyns \u2014 Editions Du Caid","translator":null,"weight":530,"page_count":64,"readership":null,"editor":"Editions Du Caid","price":2500,"published_date":"2018-11-13T23:00:00.000000Z","support":"Grand format","publisher_availability":1,"stock":0,"editions":[],"url":"https:\/\/quaidesbrumes.com\/ouvrage\/9782930754215\/libre"},{"id":"9782322486571","title":"La fr\u00e9gate Shtandart : The frigate shtandart in Granville (Normandy, France)","description":"La fr\u00e9gate Shtandart est un navire construit dans les ann\u00e9es 90 \u00e0 l'initiative de Vladimir Martus, c'est la r\u00e9plique du trois-m\u00e2ts carr\u00e9 du tsar Pierre le Grand, inaugur\u00e9 en 1703 afin d'assurer la d\u00e9fense de Saint-P\u00e9tersbourg. Le Shtandart est aujourd'hui un navire-\u00e9cole, avec \u00e0 son bord des jeunes originaires de Russie, d'Ukraine, de Moldavie ou de R\u00e9publique Tch\u00e8que. Ce grand voilier \u00e9tait amarr\u00e9 dans le port de Granville en ao\u00fbt 2023, dans le cadre du festival des voiles de travail.","authors":["Jo\u00ebl Douillet"],"category_codes":["6000000","6070000","6070200","6070205"],"visuals":{"large":"https:\/\/images.epagine.fr\/571\/9782322486571_1_75.jpg","medium":"https:\/\/images.epagine.fr\/571\/9782322486571_1_m.jpg","thumbnail":"https:\/\/images.epagine.fr\/571\/9782322486571_1_v.jpg"},"orderable":true,"show_badge":true,"formatted_price":"24,99&nbsp;\u20ac","formatted_published_date":"5 octobre 2023","publisher_availability_label":"Sur commande","short_details":"Jo\u00ebl Douillet \u2014 Books on Demand","translator":null,"weight":200,"page_count":40,"readership":null,"editor":"Books on Demand","price":2499,"published_date":"2023-10-04T22:00:00.000000Z","support":"Grand format","publisher_availability":1,"stock":0,"editions":[],"url":"https:\/\/quaidesbrumes.com\/ouvrage\/9782322486571\/la-fregate-shtandart-the-frigate-shtandart-in-granville-normandy-france"},{"id":"9788488669735","title":"Zinema japoniarra","description":null,"authors":["Felipe Rius"],"category_codes":["6000000","6070000","6070300"],"visuals":{"large":"https:\/\/quaidesbrumes.com\/img\/book-placeholder.png","medium":"https:\/\/quaidesbrumes.com\/img\/book-placeholder.png","thumbnail":"https:\/\/quaidesbrumes.com\/img\/book-placeholder.png"},"orderable":true,"show_badge":true,"formatted_price":"7,00&nbsp;\u20ac","formatted_published_date":"9 f\u00e9vrier 2010","publisher_availability_label":"Sur commande","short_details":"Felipe Rius \u2014 Alberdania","translator":null,"weight":201,"page_count":null,"readership":null,"editor":"Alberdania","price":700,"published_date":"2010-02-08T23:00:00.000000Z","support":"Grand format","publisher_availability":1,"stock":0,"editions":[],"url":"https:\/\/quaidesbrumes.com\/ouvrage\/9788488669735\/zinema-japoniarra"},{"id":"9788488669841","title":"Hiltzen nauzu goxoki","description":null,"authors":["Begoya Del Teso"],"category_codes":["6000000","6070000","6070300"],"visuals":{"large":"https:\/\/quaidesbrumes.com\/img\/book-placeholder.png","medium":"https:\/\/quaidesbrumes.com\/img\/book-placeholder.png","thumbnail":"https:\/\/quaidesbrumes.com\/img\/book-placeholder.png"},"orderable":true,"show_badge":true,"formatted_price":"8,00&nbsp;\u20ac","formatted_published_date":"10 juin 2009","publisher_availability_label":"Sur commande","short_details":"Begoya Del Teso \u2014 Alberdania","translator":null,"weight":201,"page_count":null,"readership":null,"editor":"Alberdania","price":800,"published_date":"2009-06-09T22:00:00.000000Z","support":"Grand format","publisher_availability":1,"stock":0,"editions":[],"url":"https:\/\/quaidesbrumes.com\/ouvrage\/9788488669841\/hiltzen-nauzu-goxoki"},{"id":"9782381620077","title":"Four Storms & Two Babies : A Love Story","description":"Le script du film de Peter Greenaway, qui explore l'amour, le d\u00e9sir et la parentalit\u00e9 \u00e0 partir d'un triangle amoureux entre deux hommes et une femme sous l'orage.","authors":["Peter Greenaway"],"category_codes":["6000000","6070000","6070300","6070304"],"visuals":{"large":"https:\/\/images.epagine.fr\/077\/9782381620077_1_75.jpg","medium":"https:\/\/images.epagine.fr\/077\/9782381620077_1_m.jpg","thumbnail":"https:\/\/images.epagine.fr\/077\/9782381620077_1_v.jpg"},"orderable":true,"show_badge":true,"formatted_price":"20,00&nbsp;\u20ac","formatted_published_date":"21 juillet 2023","publisher_availability_label":"Sur commande","short_details":"Peter Greenaway \u2014 Dis Voir","translator":null,"weight":340,"page_count":104,"readership":null,"editor":"Dis Voir","price":2000,"published_date":"2023-07-20T22:00:00.000000Z","support":"Grand format","publisher_availability":1,"stock":0,"editions":[],"url":"https:\/\/quaidesbrumes.com\/ouvrage\/9782381620077\/four-storms-two-babies-a-love-story"}]}