{"data":[{"id":"9791092784251","title":"Les films fran\u00e7ais des ann\u00e9es 1920 : inventaire IV","description":null,"authors":["Armel de Lorme","St\u00e9phane Margaillan"],"category_codes":["6000000","6070000","6070300","6070304"],"visuals":{"large":"https:\/\/images.epagine.fr\/251\/9791092784251_1_75.jpg","medium":"https:\/\/images.epagine.fr\/251\/9791092784251_1_m.jpg","thumbnail":"https:\/\/images.epagine.fr\/251\/9791092784251_1_v.jpg"},"orderable":true,"show_badge":true,"formatted_price":"116,00&nbsp;\u20ac","formatted_published_date":"14 juin 2023","publisher_availability_label":"Sur commande","short_details":"Armel de Lorme, St\u00e9phane Margaillan \u2014 Aide-Memoire","translator":null,"weight":70,"page_count":784,"readership":null,"editor":"Aide-Memoire","price":11600,"published_date":"2023-06-13T22:00:00.000000Z","support":"Grand format","publisher_availability":1,"stock":0,"editions":[],"url":"https:\/\/quaidesbrumes.com\/ouvrage\/9791092784251\/les-films-francais-des-annees-1920-inventaire-iv"},{"id":"9782384416103","title":"Les chemins de la libert\u00e9","description":"Plonger dans les images, c'est s'investir et accepter de cheminer avec celui qui les a produites. Mais accompagner, c'est dialoguer, se tromper, interpr\u00e9ter plus ou moins bien, adopter ou contester tel ou tel point de vue, bref, c'est s'ouvrir pour comprendre. Nous nous enrichissons par les \u00e9changes, nous grandissons et nous changeons.\r\nAlors j'entame l'immersion, me laisse porter par les images et la po\u00e9sie qu'elles engendrent et je laisse planer mon imagination.","authors":["Gilbert Dufrane","Vincent Citot"],"category_codes":["6000000","6070000","6070200"],"visuals":{"large":"https:\/\/images.epagine.fr\/103\/9782384416103_1_75.jpg","medium":"https:\/\/images.epagine.fr\/103\/9782384416103_1_m.jpg","thumbnail":"https:\/\/images.epagine.fr\/103\/9782384416103_1_v.jpg"},"orderable":true,"show_badge":true,"formatted_price":"26,00&nbsp;\u20ac","formatted_published_date":"13 juin 2023","publisher_availability_label":"Sur commande","short_details":"Gilbert Dufrane, Vincent Citot \u2014 Editions Ma\u00efa","translator":null,"weight":350,"page_count":152,"readership":null,"editor":"Editions Ma\u00efa","price":2600,"published_date":"2023-06-12T22:00:00.000000Z","support":"Grand format","publisher_availability":1,"stock":0,"editions":[],"url":"https:\/\/quaidesbrumes.com\/ouvrage\/9782384416103\/les-chemins-de-la-liberte"},{"id":"9782140351402","title":"Appel\u00e9s et guerre d'Alg\u00e9rie \u00e0 l'\u00e9cran","description":"1er novembre 1954. La guerre commence en Alg\u00e9rie. Des milliers de jeunes de 20 ans y sont envoy\u00e9s pour le \u00ab maintien de l ordre \u00bb. Leurs r\u00e9sistances butent contre les murs de la propagande, du mensonge. L image, alli\u00e9e, asservit le visible aux sons ordonn\u00e9s.  Dans ce contexte o\u00f9 tout mine la relation des faits, des consciences s \u00e9l\u00e8vent. Les mobilis\u00e9s t\u00e9moignent. Malgr\u00e9 la censure, l interdit, la crainte, quelques cin\u00e9astes agissant en lanceurs d alerte, tentent de transmettre des vues diff\u00e9rentes des r\u00e9alit\u00e9s.  1962. La guerre est officiellement finie, mais toujours pas reconnue. Dix ans apr\u00e8s, la fiction emplit l \u00e9cran de quelques aspects du visage des mobilis\u00e9s. Avec le temps, beaucoup d entre eux brisent le silence. Au gr\u00e9 des n\u00e9cessit\u00e9s, des circonstances, ils livrent \u00e0 la presse, et aux diff\u00e9rents formats du septi\u00e8me art : documentaires, reportages, \u00e9missions, qui leur ouvrent leur lucarne, quelques bouts in\u00e9dits de leur histoire, de l Histoire, de la guerre d Alg\u00e9rie.","authors":["Ali Aid"],"category_codes":["6000000","6070000","6070300"],"visuals":{"large":"https:\/\/images.epagine.fr\/402\/9782140351402_1_75.jpg","medium":"https:\/\/images.epagine.fr\/402\/9782140351402_1_m.jpg","thumbnail":"https:\/\/images.epagine.fr\/402\/9782140351402_1_v.jpg"},"orderable":true,"show_badge":true,"formatted_price":"19,00&nbsp;\u20ac","formatted_published_date":"18 septembre 2023","publisher_availability_label":"Sur commande","short_details":"Ali Aid \u2014 \u00c9ditions L'Harmattan","translator":null,"weight":232,"page_count":172,"readership":null,"editor":"\u00c9ditions L'Harmattan","price":1900,"published_date":"2023-09-17T22:00:00.000000Z","support":"Grand format","publisher_availability":1,"stock":0,"editions":[],"url":"https:\/\/quaidesbrumes.com\/ouvrage\/9782140351402\/appeles-et-guerre-dalgerie-a-lecran"},{"id":"9782322502578","title":"Les belles moissons de nos grands-parents : Our grandparents' beautiful harvests in Sacey and Saint-Fraimbault (Normandy, France)","description":"Les f\u00eates des moissons \u00e0 l'ancienne, qui fleurissent au mois d'ao\u00fbt, nous font red\u00e9couvrir l'histoire de nos campagnes, celle de nos grands-parents, les ann\u00e9es 40-50-60. \u00c9poque d'une vie intense dans les fermes, il fallait beaucoup de bras pour moissonner une parcelle avec les outils de ces ann\u00e9es-l\u00e0, les paysans s'entraidaient dans la chaleur de l'\u00e9t\u00e9, de mani\u00e8re \u00e0 terminer avant le retour de la pluie.\r\n\r\nThe old-fashioned harvest festivals, which take place in August, give us a chance to rediscover the history of our countryside, that of our grandparents in the 40s,50s and 60s. It was a time of intense life on the farms, when many hands were needed to harvest a plot of land with the tools of those years, and the farmers helped each other in the heat of the summer, so as to finish before the rains returned.","authors":["Jo\u00ebl Douillet"],"category_codes":["6000000","6070000","6070200"],"visuals":{"large":"https:\/\/images.epagine.fr\/578\/9782322502578_1_75.jpg","medium":"https:\/\/images.epagine.fr\/578\/9782322502578_1_m.jpg","thumbnail":"https:\/\/images.epagine.fr\/578\/9782322502578_1_v.jpg"},"orderable":true,"show_badge":true,"formatted_price":"24,99&nbsp;\u20ac","formatted_published_date":"13 septembre 2023","publisher_availability_label":"Sur commande","short_details":"Jo\u00ebl Douillet \u2014 Books on Demand","translator":null,"weight":200,"page_count":40,"readership":null,"editor":"Books on Demand","price":2499,"published_date":"2023-09-12T22:00:00.000000Z","support":"Grand format","publisher_availability":1,"stock":0,"editions":[],"url":"https:\/\/quaidesbrumes.com\/ouvrage\/9782322502578\/les-belles-moissons-de-nos-grands-parents-our-grandparents-beautiful-harvests-in-sacey-and-saint-fraimbault-normandy-france"},{"id":"9782418019898","title":"Almanach-manuel du photographe","description":null,"authors":["Latreille P-A."],"category_codes":["6000000","6070000","6070200"],"visuals":{"large":"https:\/\/quaidesbrumes.com\/img\/book-placeholder.png","medium":"https:\/\/quaidesbrumes.com\/img\/book-placeholder.png","thumbnail":"https:\/\/quaidesbrumes.com\/img\/book-placeholder.png"},"orderable":true,"show_badge":true,"formatted_price":"14,90&nbsp;\u20ac","formatted_published_date":"19 septembre 2023","publisher_availability_label":"Sur commande","short_details":"Latreille P-A. \u2014 Hachette BNF","translator":null,"weight":132,"page_count":null,"readership":null,"editor":"Hachette BNF","price":1490,"published_date":"2023-09-18T22:00:00.000000Z","support":"Grand format","publisher_availability":1,"stock":0,"editions":[],"url":"https:\/\/quaidesbrumes.com\/ouvrage\/9782418019898\/almanach-manuel-du-photographe"},{"id":"9782418016941","title":"L'album photographique universel","description":null,"authors":["Condat Marie"],"category_codes":["6000000","6070000","6070200"],"visuals":{"large":"https:\/\/quaidesbrumes.com\/img\/book-placeholder.png","medium":"https:\/\/quaidesbrumes.com\/img\/book-placeholder.png","thumbnail":"https:\/\/quaidesbrumes.com\/img\/book-placeholder.png"},"orderable":true,"show_badge":true,"formatted_price":"9,50&nbsp;\u20ac","formatted_published_date":"19 septembre 2023","publisher_availability_label":"Sur commande","short_details":"Condat Marie \u2014 Hachette BNF","translator":null,"weight":78,"page_count":null,"readership":null,"editor":"Hachette BNF","price":950,"published_date":"2023-09-18T22:00:00.000000Z","support":"Grand format","publisher_availability":1,"stock":0,"editions":["9782418016958","9782418016965","9782418016972"],"url":"https:\/\/quaidesbrumes.com\/ouvrage\/9782418016941\/lalbum-photographique-universel"},{"id":"9782329930329","title":"L'Art photographique","description":"L'Art photographique : revue mensuelle illustr\u00e9e\r\nDate de l'\u00e9dition originale : 1903-08\r\n\r\nLe pr\u00e9sent ouvrage s'inscrit dans une politique de conservation patrimoniale des ouvrages de la litt\u00e9rature Fran\u00e7aise mise en place avec la BNF. \r\nHACHETTE LIVRE et la BNF proposent ainsi un catalogue de titres indisponibles, la BNF ayant num\u00e9ris\u00e9 ces oeuvres et HACHETTE LIVRE les imprimant \u00e0 la demande. \r\nCertains de ces ouvrages refl\u00e8tent des courants de pens\u00e9e caract\u00e9ristiques de leur \u00e9poque, mais qui seraient aujourd'hui jug\u00e9s condamnables. \r\nIls n'en appartiennent pas moins \u00e0 l'histoire des id\u00e9es en France et sont susceptibles de pr\u00e9senter un int\u00e9r\u00eat scientifique ou historique. \r\nLe sens de notre d\u00e9marche \u00e9ditoriale consiste ainsi \u00e0 permettre l'acc\u00e8s \u00e0 ces oeuvres sans pour autant que nous en cautionnions en aucune fa\u00e7on le contenu. \r\nPour plus d'informations, rendez-vous sur www.hachettebnf.fr","authors":["Collectif"],"category_codes":["6000000","6070000","6070200"],"visuals":{"large":"https:\/\/quaidesbrumes.com\/img\/book-placeholder.png","medium":"https:\/\/quaidesbrumes.com\/img\/book-placeholder.png","thumbnail":"https:\/\/quaidesbrumes.com\/img\/book-placeholder.png"},"orderable":true,"show_badge":true,"formatted_price":"16,50&nbsp;\u20ac","formatted_published_date":"16 mai 2023","publisher_availability_label":"Sur commande","short_details":"Collectif \u2014 Hachette BNF","translator":null,"weight":184,"page_count":62,"readership":null,"editor":"Hachette BNF","price":1650,"published_date":"2023-05-15T22:00:00.000000Z","support":"Grand format","publisher_availability":1,"stock":0,"editions":["9782329930336","9782329930343"],"url":"https:\/\/quaidesbrumes.com\/ouvrage\/9782329930329\/lart-photographique"},{"id":"9782336412276","title":"R\u00e9emplois contemporains du film amateur : Acteurs, intentionnalit\u00e9s","description":"Si le geste m\u00eame de r\u00e9appropriation, sous ses diff\u00e9rentes formes - found footage, remix, collages, installations artistiques, etc. - est largement \u00e9tudi\u00e9 par le monde acad\u00e9mique, et que le film amateur, d'hier et d'aujourd'hui, analogique ou num\u00e9rique, fait l'objet de nombreuses recherches, les enjeux propres au r\u00e9emploi du film amateur restent \u00e0 interroger.  \r\n\u00c0 partir de diff\u00e9rents cas d'\u00e9tude et de t\u00e9moignages, et mobilisant plusieurs champs disciplinaires (sciences de la communication, histoire, esth\u00e9tique de l'image, s\u00e9miologie, \u00e9tudes urbanistiques, sciences politiques...), les textes rassembl\u00e9s dans ce num\u00e9ro tentent d'identifier les diff\u00e9rents acteurs de ces recyclages contemporains et d'\u00e9clairer les intentions plurielles (m\u00e9morielles, documentaires, \u00e9ducatives, artistiques, critiques, \u00e9thiques, etc.) qui pr\u00e9sident \u00e0 ce geste de reprise.","authors":["Sophie Raimond","Christel Taillibert"],"category_codes":["6000000","6070000","6070300"],"visuals":{"large":"https:\/\/images.epagine.fr\/276\/9782336412276_1_75.jpg","medium":"https:\/\/images.epagine.fr\/276\/9782336412276_1_m.jpg","thumbnail":"https:\/\/images.epagine.fr\/276\/9782336412276_1_v.jpg"},"orderable":true,"show_badge":true,"formatted_price":"27,00&nbsp;\u20ac","formatted_published_date":"28 septembre 2023","publisher_availability_label":"Sur commande","short_details":"Sophie Raimond, Christel Taillibert \u2014 \u00c9ditions L'Harmattan","translator":null,"weight":320,"page_count":270,"readership":null,"editor":"\u00c9ditions L'Harmattan","price":2700,"published_date":"2023-09-27T22:00:00.000000Z","support":"Grand format","publisher_availability":1,"stock":0,"editions":[],"url":"https:\/\/quaidesbrumes.com\/ouvrage\/9782336412276\/reemplois-contemporains-du-film-amateur-acteurs-intentionnalites"},{"id":"9782889640676","title":"Journal singulier","description":"Comment rendre compte des travaux d'un couple d'artistes-photographes?? Entre les d\u00e9buts prometteurs et l'oeuvre de maturit\u00e9, les artistes traversent souvent un d\u00e9sert inqui\u00e9tant. F&D Cartier poursuivent un demi-si\u00e8cle de recherches exp\u00e9rimentales dans ce livre d'artiste qui retrace leur parcours de 1967 \u00e0 2023. En collaboration avec le graphiste Ludovic Balland, le couple exp\u00e9rimente un montage radical de leurs oeuvres visant la r\u00e9duction, la s\u00e9rendipit\u00e9, la non-chronologie et une forme de minimalisme.","authors":["F&D Cartier"],"category_codes":["6000000","6070000","6070200"],"visuals":{"large":"https:\/\/images.epagine.fr\/676\/9782889640676_1_75.jpg","medium":"https:\/\/images.epagine.fr\/676\/9782889640676_1_m.jpg","thumbnail":"https:\/\/images.epagine.fr\/676\/9782889640676_1_v.jpg"},"orderable":true,"show_badge":true,"formatted_price":"95,00&nbsp;\u20ac","formatted_published_date":"5 janvier 2024","publisher_availability_label":"Sur commande","short_details":"F&D Cartier \u2014 Art Et Fiction","translator":null,"weight":1200,"page_count":464,"readership":null,"editor":"Art Et Fiction","price":9500,"published_date":"2024-01-04T23:00:00.000000Z","support":"Grand format","publisher_availability":1,"stock":0,"editions":[],"url":"https:\/\/quaidesbrumes.com\/ouvrage\/9782889640676\/journal-singulier"},{"id":"9782329987613","title":"Photo-gazette","description":null,"authors":["Collectif"],"category_codes":["6000000","6070000","6070200"],"visuals":{"large":"https:\/\/quaidesbrumes.com\/img\/book-placeholder.png","medium":"https:\/\/quaidesbrumes.com\/img\/book-placeholder.png","thumbnail":"https:\/\/quaidesbrumes.com\/img\/book-placeholder.png"},"orderable":true,"show_badge":true,"formatted_price":"52,00&nbsp;\u20ac","formatted_published_date":"9 ao\u00fbt 2023","publisher_availability_label":"Sur commande","short_details":"Collectif \u2014 Hachette BNF","translator":null,"weight":1396,"page_count":null,"readership":null,"editor":"Hachette BNF","price":5200,"published_date":"2023-08-08T22:00:00.000000Z","support":"Grand format","publisher_availability":1,"stock":0,"editions":["9782329988436","9782418142558"],"url":"https:\/\/quaidesbrumes.com\/ouvrage\/9782329987613\/photo-gazette"},{"id":"9782329932156","title":"Agenda Charles Mendel du photographe et de l'amateur de photographie","description":"Agenda Charles Mendel du photographe et de l'amateur de photographie\r\nDate de l'\u00e9dition originale : 1895\r\n\r\nLe pr\u00e9sent ouvrage s'inscrit dans une politique de conservation patrimoniale des ouvrages de la litt\u00e9rature Fran\u00e7aise mise en place avec la BNF. \r\nHACHETTE LIVRE et la BNF proposent ainsi un catalogue de titres indisponibles, la BNF ayant num\u00e9ris\u00e9 ces oeuvres et HACHETTE LIVRE les imprimant \u00e0 la demande. \r\nCertains de ces ouvrages refl\u00e8tent des courants de pens\u00e9e caract\u00e9ristiques de leur \u00e9poque, mais qui seraient aujourd'hui jug\u00e9s condamnables. \r\nIls n'en appartiennent pas moins \u00e0 l'histoire des id\u00e9es en France et sont susceptibles de pr\u00e9senter un int\u00e9r\u00eat scientifique ou historique. \r\nLe sens de notre d\u00e9marche \u00e9ditoriale consiste ainsi \u00e0 permettre l'acc\u00e8s \u00e0 ces oeuvres sans pour autant que nous en cautionnions en aucune fa\u00e7on le contenu. \r\nPour plus d'informations, rendez-vous sur www.hachettebnf.fr","authors":["Collectif"],"category_codes":["6000000","6070000","6070200"],"visuals":{"large":"https:\/\/quaidesbrumes.com\/img\/book-placeholder.png","medium":"https:\/\/quaidesbrumes.com\/img\/book-placeholder.png","thumbnail":"https:\/\/quaidesbrumes.com\/img\/book-placeholder.png"},"orderable":true,"show_badge":true,"formatted_price":"29,00&nbsp;\u20ac","formatted_published_date":"5 juin 2023","publisher_availability_label":"Sur commande","short_details":"Collectif \u2014 Hachette BNF","translator":null,"weight":577,"page_count":232,"readership":null,"editor":"Hachette BNF","price":2900,"published_date":"2023-06-04T22:00:00.000000Z","support":"Grand format","publisher_availability":1,"stock":0,"editions":[],"url":"https:\/\/quaidesbrumes.com\/ouvrage\/9782329932156\/agenda-charles-mendel-du-photographe-et-de-lamateur-de-photographie"},{"id":"9782329994284","title":"La lumiere","description":null,"authors":["Societe Heliographiq"],"category_codes":["6000000","6070000","6070200"],"visuals":{"large":"https:\/\/quaidesbrumes.com\/img\/book-placeholder.png","medium":"https:\/\/quaidesbrumes.com\/img\/book-placeholder.png","thumbnail":"https:\/\/quaidesbrumes.com\/img\/book-placeholder.png"},"orderable":true,"show_badge":true,"formatted_price":"18,00&nbsp;\u20ac","formatted_published_date":"9 ao\u00fbt 2023","publisher_availability_label":"Sur commande","short_details":"Societe Heliographiq \u2014 Hachette BNF","translator":null,"weight":249,"page_count":null,"readership":null,"editor":"Hachette BNF","price":1800,"published_date":"2023-08-08T22:00:00.000000Z","support":"Grand format","publisher_availability":1,"stock":0,"editions":[],"url":"https:\/\/quaidesbrumes.com\/ouvrage\/9782329994284\/la-lumiere"},{"id":"9782406153214","title":"L'imaginaire constitutionnel \u00e0 l'\u00e9cran : Constitution, cin\u00e9ma et s\u00e9ries","description":"Observer le droit constitutionnel repr\u00e9sent\u00e9 \u00e0 l'\u00e9cran invite \u00e0 interroger autrement le ph\u00e9nom\u00e8ne juridique et la culture constitutionnelle. Pour explorer, par la fiction, \u00e0 travers le cin\u00e9ma et les s\u00e9ries, un imaginaire : l'imaginaire constitutionnel.","authors":["Damien Connil"],"category_codes":["6000000","6070000","6070300","6070304"],"visuals":{"large":"https:\/\/images.epagine.fr\/214\/9782406153214_1_75.jpg","medium":"https:\/\/images.epagine.fr\/214\/9782406153214_1_m.jpg","thumbnail":"https:\/\/images.epagine.fr\/214\/9782406153214_1_v.jpg"},"orderable":true,"show_badge":true,"formatted_price":"27,00&nbsp;\u20ac","formatted_published_date":"15 novembre 2023","publisher_availability_label":"Sur commande","short_details":"Damien Connil \u2014 CLASSIQUES GARNIER","translator":null,"weight":302,"page_count":222,"readership":null,"editor":"CLASSIQUES GARNIER","price":2700,"published_date":"2023-11-14T23:00:00.000000Z","support":"Grand format","publisher_availability":1,"stock":0,"editions":["9782406153269"],"url":"https:\/\/quaidesbrumes.com\/ouvrage\/9782406153214\/limaginaire-constitutionnel-a-lecran-constitution-cinema-et-series"},{"id":"9783969001011","title":"Twentysix houses along","description":"Following the footsteps of Ed Ruscha.\r\n\r\nThe publication cites Ed Ruscha's iconic artist's book TWENTYSIX GASOLINE STATIONS from 1963, and thus spans an arc from the automobile culture of the American Sixties to our own European present, questioning the direction in which we wish to shape this development.\r\n\r\nA hairdresser, an Asian market, signs upon signs, curtains, and-behind these-apartments. At first glance, a street like any other, but something irritates. Finally, you realize that the images depict only vacancies. The buildings on Waldeggstrasse have been unoccupied for ten years, and it will be almost another ten years before the \u00abgap\u00bb is closed to form an inner-city expressway axis. The images by the Austrian photo artist Otto Hainzl link the dramaturgy of social life with questions about urban development concepts.","authors":["Otto Hainzl"],"category_codes":["6000000","6070000","6070200","6070205"],"visuals":{"large":"https:\/\/images.epagine.fr\/011\/9783969001011_1_75.jpg","medium":"https:\/\/images.epagine.fr\/011\/9783969001011_1_m.jpg","thumbnail":"https:\/\/images.epagine.fr\/011\/9783969001011_1_v.jpg"},"orderable":true,"show_badge":true,"formatted_price":"26,00&nbsp;\u20ac","formatted_published_date":"21 septembre 2023","publisher_availability_label":"Sur commande","short_details":"Otto Hainzl \u2014 Kehrer","translator":null,"weight":601,"page_count":40,"readership":null,"editor":"Kehrer","price":2600,"published_date":"2023-09-20T22:00:00.000000Z","support":"Grand format","publisher_availability":1,"stock":0,"editions":[],"url":"https:\/\/quaidesbrumes.com\/ouvrage\/9783969001011\/twentysix-houses-along"},{"id":"9781952523144","title":"The lizard","description":"Faire des photos pour \"se sentir chez soi sans \u00eatre chez soi\". C'est ainsi que Gabriele Rossi d\u00e9crit le processus qui a conduit \u00e0 The Lizard, sa premi\u00e8re monographie chez Deadbeat Club. Rossi s'est rendu pour la premi\u00e8re fois aux \u00c9tats-Unis en 2016 pour pr\u00e9parer une r\u00e9sidence de six mois \u00e0 New York. Il s'est d'abord senti d\u00e9pass\u00e9 par la m\u00e9tropole et son rythme, qui ne ressemblait en rien \u00e0 celui de son village natal sur la c\u00f4te italienne. \"J'ai cherch\u00e9 les limites de la ville, je suis all\u00e9 sur la c\u00f4te \u00e0 Rockaway, j'ai regard\u00e9 les maisons, tout ce qui pouvait me rappeler d'o\u00f9 je viens\", raconte Rossi. Cette approche l'a pouss\u00e9 \u00e0 r\u00e9fl\u00e9chir \u00e0 sa d\u00e9finition du \"chez-soi\" - l'endroit o\u00f9 il se sentait finalement \u00e0 l'aise - et \u00e0 retourner deux fois aux \u00c9tats-Unis pour explorer cette compulsion \u00e0 travers plus de dix \u00c9tats du Midwest et de l'Ouest. En m\u00eame temps, il s'int\u00e9ressait \u00e0 la r\u00e9action d'un \u00e9tranger aux structures de la photographie am\u00e9ricaine classique, comme celle de Robert Adams. Lorsque la pand\u00e9mie a interrompu ses voyages, Rossi a commenc\u00e9 \u00e0 r\u00e9fl\u00e9chir aux images qu'il avait accumul\u00e9es, en essayant de trouver des formes et des th\u00e8mes communs - les liens qui construisent l'histoire de son \u00e9loignement de la maison. Il s'est efforc\u00e9 de comprendre pourquoi il faisait ces photos, et pas seulement de pr\u00e9senter un grand nombre de photos \"sur\" l'Am\u00e9rique. En cons\u00e9quence, The Lizard est un atlas \u00e9trange et troublant du familier transform\u00e9 en inconnu \u00e0 travers la vision d'un \u00e9tranger qui ne cherche qu'une sorte de foyer.","authors":["Gabriele Rossi"],"category_codes":["6000000","6070000","6070200","6070205"],"visuals":{"large":"https:\/\/images.epagine.fr\/144\/9781952523144_1_75.jpg","medium":"https:\/\/images.epagine.fr\/144\/9781952523144_1_m.jpg","thumbnail":"https:\/\/images.epagine.fr\/144\/9781952523144_1_v.jpg"},"orderable":true,"show_badge":true,"formatted_price":"52,00&nbsp;\u20ac","formatted_published_date":"17 f\u00e9vrier 2024","publisher_availability_label":"Sur commande","short_details":"Gabriele Rossi \u2014 Deadbeat Club","translator":null,"weight":1101,"page_count":80,"readership":null,"editor":"Deadbeat Club","price":5200,"published_date":"2024-02-16T23:00:00.000000Z","support":"Grand format","publisher_availability":1,"stock":0,"editions":[],"url":"https:\/\/quaidesbrumes.com\/ouvrage\/9781952523144\/the-lizard"},{"id":"9788880562054","title":"Porpora","description":"Porpora rassemble les photographies que Lina Pallotta a prises depuis 1990 de Porpora Marcasciano, militante transgenre italienne historique. Le projet croise la vie priv\u00e9e, la vie quotidienne et les luttes collectives, retra\u00e7ant ainsi une exp\u00e9rience humaine complexe et multiple. La publication d\u00e9voile ainsi une histoire exceptionnelle qui d\u00e9passe la dimension individuelle pour donner lieu \u00e0 un r\u00e9cit collectif, abordant la question de la visibilit\u00e9 et de la repr\u00e9sentation de l'exp\u00e9rience transgenre.\r\nPorpora rassemble une vaste s\u00e9lection de photographies de Pallotta et quatre contributions textuelles de Porpora Marcasciano, Kae Tempest, Raffaella Perna et Allen Frame (adoptant des perspectives diff\u00e9rentes : la marginalit\u00e9, le militantisme, l'histoire de l'art). La derni\u00e8re section du volume, \u00ab Archives \u00bb, comprend plus de cent cinquante documents provenant des archives de certaines des associations TLGBQI+ pr\u00e9sentes sur le territoire italien. Les documents, s\u00e9lectionn\u00e9s avec la collaboration d'activistes, d'historiens et d'experts, permettent de reconstituer les mouvements et les luttes politiques qui ont travers\u00e9 la vie de Porpora Marcasciano.","authors":["Lina Pallotta"],"category_codes":["6000000","6070000","6070200","6070205"],"visuals":{"large":"https:\/\/images.epagine.fr\/054\/9788880562054_1_75.jpg","medium":"https:\/\/images.epagine.fr\/054\/9788880562054_1_m.jpg","thumbnail":"https:\/\/images.epagine.fr\/054\/9788880562054_1_v.jpg"},"orderable":true,"show_badge":true,"formatted_price":"32,00&nbsp;\u20ac","formatted_published_date":"24 mai 2023","publisher_availability_label":"Sur commande","short_details":"Lina Pallotta \u2014 Nero","translator":null,"weight":1063,"page_count":276,"readership":null,"editor":"Nero","price":3200,"published_date":"2023-05-23T22:00:00.000000Z","support":"Grand format","publisher_availability":1,"stock":0,"editions":[],"url":"https:\/\/quaidesbrumes.com\/ouvrage\/9788880562054\/porpora"},{"id":"9791280978059","title":"Il bel paese","description":"Une exposition photographique dans la Sala Liguria du Palazzo Ducale, la publication d'un livre, une conf\u00e9rence approfondie et un colloque international au Palazzo Balbi Senarega. En septembre, le Palazzo Ducale et l'Universit\u00e9 de G\u00eanes aborderont le th\u00e8me du paysage italien avec le projet Il Bel Paese (Le beau pays), de Stefano De Luigi et Gloria Viale. Ce projet a remport\u00e9 l'appel \u00e0 propositions \"Strat\u00e9gie Photographie 2022\", lanc\u00e9 par la direction g\u00e9n\u00e9rale de la cr\u00e9ation contemporaine du minist\u00e8re de la culture (MiC), qui pr\u00e9voyait la commande d'oeuvres ou de s\u00e9ries photographiques destin\u00e9es au patrimoine public. Genoa - Il Bel Paese est un voyage le long des 4 365 km du littoral italien qui nous donne une image in\u00e9dite de notre pays. De Trieste \u00e0 Vintimille, l'itin\u00e9raire, non seulement g\u00e9ographique mais aussi inspirateur de la m\u00e9moire collective, aborde des dizaines de lieux symboliques, de Venise \u00e0 la Riviera romagnole et \u00e0 la c\u00f4te adriatique jusqu'\u00e0 Leuca, en passant par la c\u00f4te ionienne des Pouilles jusqu'\u00e0 la Calabre, puis en remontant la p\u00e9ninsule avec les \u00e9tapes traditionnelles du voyage italien, de Paestum \u00e0 Naples, de Rome et de la campagne romaine aux chutes des Marmore, \u00e0 Florence et \u00e0 la c\u00f4te toscane, pour arriver enfin \u00e0 G\u00eanes.","authors":["Stefano De Luigi"],"category_codes":["6000000","6070000","6070200","6070205"],"visuals":{"large":"https:\/\/images.epagine.fr\/059\/9791280978059_1_75.jpg","medium":"https:\/\/images.epagine.fr\/059\/9791280978059_1_m.jpg","thumbnail":"https:\/\/images.epagine.fr\/059\/9791280978059_1_v.jpg"},"orderable":true,"show_badge":true,"formatted_price":"60,00&nbsp;\u20ac","formatted_published_date":"13 septembre 2023","publisher_availability_label":"Sur commande","short_details":"Stefano De Luigi \u2014 L'Artiere","translator":null,"weight":1201,"page_count":80,"readership":null,"editor":"L'Artiere","price":6000,"published_date":"2023-09-12T22:00:00.000000Z","support":"Grand format","publisher_availability":1,"stock":0,"editions":[],"url":"https:\/\/quaidesbrumes.com\/ouvrage\/9791280978059\/il-bel-paese"},{"id":"9791280978042","title":"The machine seems to need a ghost","description":"Artificial intelligence raises ethical, artistic and social questions that are only an acceleration of the same questions that have followed the inventions of printing, photography, computer or the internet. The growing automation only makes it harder to escape our current system and the \u00abmeta\u00bb has become a refuge. This constant self-reference, reflexivity, circularity of our art, our technologies, our culture is becoming a trap where the past's ghosts still haunt our present thinking.","authors":["David Fathi"],"category_codes":["6000000","6070000","6070200"],"visuals":{"large":"https:\/\/images.epagine.fr\/042\/9791280978042_1_75.jpg","medium":"https:\/\/images.epagine.fr\/042\/9791280978042_1_m.jpg","thumbnail":"https:\/\/images.epagine.fr\/042\/9791280978042_1_v.jpg"},"orderable":true,"show_badge":true,"formatted_price":"40,00&nbsp;\u20ac","formatted_published_date":"6 septembre 2023","publisher_availability_label":"Sur commande","short_details":"David Fathi \u2014 L'Artiere","translator":null,"weight":801,"page_count":144,"readership":null,"editor":"L'Artiere","price":4000,"published_date":"2023-09-05T22:00:00.000000Z","support":"Grand format","publisher_availability":1,"stock":0,"editions":[],"url":"https:\/\/quaidesbrumes.com\/ouvrage\/9791280978042\/the-machine-seems-to-need-a-ghost"},{"id":"9788491722601","title":"Secuencias antifranquistas - de las trece rosas a la muerte del dictador","description":null,"authors":["Ramo Herrera Torres"],"category_codes":["6000000","6070000","6070300"],"visuals":{"large":"https:\/\/quaidesbrumes.com\/img\/book-placeholder.png","medium":"https:\/\/quaidesbrumes.com\/img\/book-placeholder.png","thumbnail":"https:\/\/quaidesbrumes.com\/img\/book-placeholder.png"},"orderable":true,"show_badge":true,"formatted_price":"30,00&nbsp;\u20ac","formatted_published_date":"4 mai 2022","publisher_availability_label":"Sur commande","short_details":"Ramo Herrera Torres \u2014 Pamiela","translator":null,"weight":601,"page_count":null,"readership":null,"editor":"Pamiela","price":3000,"published_date":"2022-05-03T22:00:00.000000Z","support":"Grand format","publisher_availability":1,"stock":0,"editions":[],"url":"https:\/\/quaidesbrumes.com\/ouvrage\/9788491722601\/secuencias-antifranquistas-de-las-trece-rosas-a-la-muerte-del-dictador"},{"id":"9788482161815","title":"Fauna salvaje de los pirineos","description":null,"authors":["Juan Carlos Muyoz"],"category_codes":["6000000","6070000","6070200"],"visuals":{"large":"https:\/\/quaidesbrumes.com\/img\/book-placeholder.png","medium":"https:\/\/quaidesbrumes.com\/img\/book-placeholder.png","thumbnail":"https:\/\/quaidesbrumes.com\/img\/book-placeholder.png"},"orderable":true,"show_badge":true,"formatted_price":"42,00&nbsp;\u20ac","formatted_published_date":"9 septembre 2004","publisher_availability_label":"Sur commande","short_details":"Juan Carlos Muyoz \u2014 Sua","translator":null,"weight":901,"page_count":null,"readership":null,"editor":"Sua","price":4200,"published_date":"2004-09-08T22:00:00.000000Z","support":"Grand format","publisher_availability":1,"stock":0,"editions":[],"url":"https:\/\/quaidesbrumes.com\/ouvrage\/9788482161815\/fauna-salvaje-de-los-pirineos"},{"id":"9782322503643","title":"A l'aff\u00fbt des \u00e9cureuils","description":"Il est un petit mammif\u00e8re qui donne le sourire \u00e0 tous. L'\u00e9cureuil roux procure de la joie, aux petits et aux grands, qui ont la chance de le voir filer de branche en branche d\u00e9fiant les lois de la gravit\u00e9, ou de le trouver perdu dans ses pens\u00e9es pendant qu'il cache ses graines au sol.\r\nL'auteure a suivi une fratrie de jeunes \u00e9cureuils pendant tout un printemps, et vous livre ici une s\u00e9rie de portraits intimistes de ce petit animal attachant, tout en vous contant ses secrets de vie.","authors":["Meles Jane"],"category_codes":["6000000","6070000","6070200"],"visuals":{"large":"https:\/\/images.epagine.fr\/643\/9782322503643_1_75.jpg","medium":"https:\/\/images.epagine.fr\/643\/9782322503643_1_m.jpg","thumbnail":"https:\/\/images.epagine.fr\/643\/9782322503643_1_v.jpg"},"orderable":true,"show_badge":true,"formatted_price":"22,00&nbsp;\u20ac","formatted_published_date":"27 septembre 2023","publisher_availability_label":"Sur commande","short_details":"Meles Jane \u2014 Books on Demand","translator":null,"weight":270,"page_count":80,"readership":null,"editor":"Books on Demand","price":2200,"published_date":"2023-09-26T22:00:00.000000Z","support":"Grand format","publisher_availability":1,"stock":0,"editions":[],"url":"https:\/\/quaidesbrumes.com\/ouvrage\/9782322503643\/a-laffut-des-ecureuils"},{"id":"9791097426972","title":"Singuliers 19 : No-Shows No-Film for Ukraine","description":null,"authors":["Paul Melchior","Anthony Nichol"],"category_codes":["6000000","6070000","6070300"],"visuals":{"large":"https:\/\/quaidesbrumes.com\/img\/book-placeholder.png","medium":"https:\/\/quaidesbrumes.com\/img\/book-placeholder.png","thumbnail":"https:\/\/quaidesbrumes.com\/img\/book-placeholder.png"},"orderable":true,"show_badge":true,"formatted_price":"21,04&nbsp;\u20ac","formatted_published_date":"31 janvier 2024","publisher_availability_label":"Sur commande","short_details":"Paul Melchior, Anthony Nichol \u2014 Maurice Pascal","translator":"ANTHONY NICHOL","weight":310,"page_count":56,"readership":null,"editor":"Maurice Pascal","price":2104,"published_date":"2024-01-30T23:00:00.000000Z","support":"Grand format","publisher_availability":1,"stock":0,"editions":[],"url":"https:\/\/quaidesbrumes.com\/ouvrage\/9791097426972\/singuliers-19-no-shows-no-film-for-ukraine"},{"id":"9782367832722","title":"Le geste documentaire des r\u00e9alisatrices : Am\u00e9rique latine, Espagne","description":"Depuis quelques ann\u00e9es, le cin\u00e9ma documentaire a retrouv\u00e9 un souffle et un public en Europe et sur le continent am\u00e9ricain. De nombreux festivals lui sont consacr\u00e9s qui comptent d\u00e9sormais un nombre chaque fois plus cons\u00e9quent de r\u00e9alisatrices. Au cours de l'histoire, des femmes ont pris conscience que le discours dominant avait ferm\u00e9 les portes \u00e0 leur point de vue. D\u00e8s lors, il est l\u00e9gitime de se demander comment le cin\u00e9ma documentaire peut faire l'\u00e9conomie de ces films r\u00e9alis\u00e9s par des femmes au regard politis\u00e9 qui ont apport\u00e9 de nouvelles mani\u00e8res de faire. C'est ce \u00e0 quoi s'attellent les quinze articles et les deux essais personnels de cet ouvrage qui s'int\u00e9resse aux films documentaires, maintenus dans une double marginalit\u00e9, celle du cin\u00e9ma documentaire et celle due au statut des femmes. Circonscrits aux aires culturelles et linguistiques hispanophone et lusophone, europ\u00e9ennes et outre-Atlantique, qui partagent une histoire violente et des conditions socio-culturelles d\u00e9favorables aux femmes, les textes choisis visent \u00e0 mettre en avant une culture visuelle partag\u00e9e mais aussi les sp\u00e9cificit\u00e9s aff\u00e9rentes \u00e0 chaque pays ou \u00e0 chaque continent. Ils invitent \u00e0 r\u00e9fl\u00e9chir aux films documentaires comme \u00e0 des op\u00e9rations d'intelligibilit\u00e9 du monde. \r\nTextes en langue espagnole, fran\u00e7aise et portugaise.","authors":["Sonia Kerfa","Dario Marchiori","Ang\u00e9lica Mateus Mora"],"category_codes":["6000000","6070000","6070300"],"visuals":{"large":"https:\/\/images.epagine.fr\/722\/9782367832722_1_75.jpg","medium":"https:\/\/images.epagine.fr\/722\/9782367832722_1_m.jpg","thumbnail":"https:\/\/images.epagine.fr\/722\/9782367832722_1_v.jpg"},"orderable":true,"show_badge":true,"formatted_price":"39,95&nbsp;\u20ac","formatted_published_date":"30 mai 2023","publisher_availability_label":"Sur commande","short_details":"Sonia Kerfa, Dario Marchiori, Ang\u00e9lica Mateus Mora \u2014 Orbis Tertius","translator":null,"weight":655,"page_count":408,"readership":null,"editor":"Orbis Tertius","price":3995,"published_date":"2023-05-29T22:00:00.000000Z","support":"Grand format","publisher_availability":1,"stock":0,"editions":[],"url":"https:\/\/quaidesbrumes.com\/ouvrage\/9782367832722\/le-geste-documentaire-des-realisatrices-amerique-latine-espagne"},{"id":"9781915743077","title":"The triple folly","description":"The Triple Folly recounts the rich collaboration between artist Thomas Demand, architects Caruso St John, and textile makers Kvadrat which produced an astonishing new pavilion for Kvadrat's Ebeltoft campus. The basis of the building is three found paper objects - a legal pad, a paper plate, and a soda jerk hat - which Demand brought to Caruso St John with the simple question 'Can you make this into architecture?' In response, the architects created a sculptural tripartite folly, a kind of inhabitable still life poised on the area's rolling seaside hillocks, encompassing a meeting room, a kitchen, and a flexible living space which holds an artwork by the artist Rosemarie Trockel.\r\n\r\nInspired by Kvadrat's role as a celebrated textile producer, Demand initially pursued the idea of the tent as an archetypal structure across contexts of leisure and shelter, simplicity and grandeur. Translating these concepts into his own artistic idiom of paper, he tasked Caruso St John with materialising this lightness of form, with a touch of his distinctive, duplicitous whimsy. The final building, completed in September 2022, achieves this through a harmonious sequence of steel and fibreglass structures which create their environments through the fall of light and shadow, textured opacity and welcoming transparency.\r\n\r\nThis comprehensive three-volume publication presents the evolution of the pavilion's conception and construction through this meeting of disciplines. Thomas Demand's original development sketchbooks are presented in facsimile across two extensive volumes. A third volume presents images of the completed buildings alongside con-versations with Frank Gehry, Denise Scott Brown, Adam Caruso, Valerie Verhack, Anders Byriel, and Emilie Apperc\u00e9.","authors":["Demand Thomas"],"category_codes":["6000000","6070000","6070200","6070205"],"visuals":{"large":"https:\/\/images.epagine.fr\/077\/9781915743077_1_75.jpg","medium":"https:\/\/images.epagine.fr\/077\/9781915743077_1_m.jpg","thumbnail":"https:\/\/images.epagine.fr\/077\/9781915743077_1_v.jpg"},"orderable":true,"show_badge":true,"formatted_price":"300,00&nbsp;\u20ac","formatted_published_date":"10 avril 2023","publisher_availability_label":"Sur commande","short_details":"Demand Thomas \u2014 Mack Books","translator":null,"weight":0,"page_count":168,"readership":null,"editor":"Mack Books","price":30000,"published_date":"2023-04-09T22:00:00.000000Z","support":"Grand format","publisher_availability":1,"stock":0,"editions":[],"url":"https:\/\/quaidesbrumes.com\/ouvrage\/9781915743077\/the-triple-folly"}]}