{"data":[{"id":"9782366690682","title":"Contours du r\u00e9el","description":"Que voit-on quand on regarde une photographie ?\r\nCes artistes et photographes contemporains sont r\u00e9unis pour confronter, questionner et envisager les \u00ab Contours du R\u00e9el \u00bb. Ils soul\u00e8vent des interrogations sur la repr\u00e9sentation, celle qui met en jeu \u00e0 la fois le r\u00e9el, la r\u00e9alit\u00e9, la fiction ou m\u00eame les faux semblants...\r\nAvec Mathieu Bernard-Reymond, Michel Campeau, James Casebere, Gregory Crewdson, Jos\u00e9 Damasceno, Denis Darzacq, Alexandre Dufaye, Micka\u00ebl Marchand, Sarah Pickering, Catherine Rebois, Patrick Tosani et Bernard Vo\u00efta.","authors":["Catherine Rebois"],"category_codes":["6000000","6070000","6070200","6070204"],"visuals":{"large":"https:\/\/images.epagine.fr\/682\/9782366690682_1_75.jpg","medium":"https:\/\/images.epagine.fr\/682\/9782366690682_1_m.jpg","thumbnail":"https:\/\/images.epagine.fr\/682\/9782366690682_1_v.jpg"},"orderable":true,"show_badge":true,"formatted_price":"15,00&nbsp;\u20ac","formatted_published_date":"12 mai 2023","publisher_availability_label":"Sur commande","short_details":"Catherine Rebois \u2014 Manufacture De L'Image","translator":null,"weight":260,"page_count":72,"readership":null,"editor":"Manufacture De L'Image","price":1500,"published_date":"2023-05-11T22:00:00.000000Z","support":"Grand format","publisher_availability":1,"stock":0,"editions":[],"url":"https:\/\/quaidesbrumes.com\/ouvrage\/9782366690682\/contours-du-reel"},{"id":"9782351373378","title":"Festival parl\u00e9 Tome 3 : Cin\u00e9ma du r\u00e9el 2022","description":"\u00ab Pour mentir, je ne mens pas, mais la v\u00e9rit\u00e9, je ne tombe pas dedans! Inoubliable personnage que cet homme qui s'adresse ainsi \u00e0 la cam\u00e9ra de Hassen Ferhani dans son premier long m\u00e9trage Dans ma t\u00eate un rond-point. Au milieu de l'abattoir d'Alger, o\u00f9 les hommes vivent autant qu'ils y travaillent, il n'est question que d'amour. D'une approche sensible de l'exp\u00e9rience du r\u00e9el par le cin\u00e9aste mais aussi par ceux qu'il filme. Cette phrase \u00e9nonc\u00e9e en regard cam\u00e9ra, c'est-\u00e0-dire en s'adressant directement \u00e0 moi spectatrice, en me regardant droit dans les yeux, c'est toute une philosophie de la vie qui se d\u00e9voile. C'est aussi tout \u00e0 coup au coeur du film une clef pour comprendre quelque chose de la pratique cin\u00e9matographique de Hassen Ferhani et du film que nous sommes en train de regarder, c'est aussi la plus jolie fa\u00e7on de d\u00e9crire ce qu'il en est de la mise en sc\u00e8ne documentaire, et la meilleure r\u00e9ponse face \u00e0 l'exigence de v\u00e9rit\u00e9 \u00e0 laquelle est assign\u00e9 le cin\u00e9ma documentaire. \u00bb Catherine Bizern","authors":["Catherine Bizern","Olivier Cheval","Jean-robert Dantou","Chlo\u00e9 Galibert-Lain\u00e9","Alice Leroy"],"category_codes":["6000000","6070000","6070300","6070304"],"visuals":{"large":"https:\/\/images.epagine.fr\/378\/9782351373378_1_75.jpg","medium":"https:\/\/images.epagine.fr\/378\/9782351373378_1_m.jpg","thumbnail":"https:\/\/images.epagine.fr\/378\/9782351373378_1_v.jpg"},"orderable":true,"show_badge":true,"formatted_price":"8,00&nbsp;\u20ac","formatted_published_date":"1er mars 2023","publisher_availability_label":"Sur commande","short_details":"Catherine Bizern, Olivier Cheval, Jean-robert Dantou, Chlo\u00e9 Galibert-Lain\u00e9, Alice Leroy \u2014 EDITIONS DE L'OEIL","translator":null,"weight":60,"page_count":32,"readership":null,"editor":"EDITIONS DE L'OEIL","price":800,"published_date":"2023-02-28T23:00:00.000000Z","support":"Grand format","publisher_availability":1,"stock":0,"editions":[],"url":"https:\/\/quaidesbrumes.com\/ouvrage\/9782351373378\/festival-parle-tome-3-cinema-du-reel-2022"},{"id":"9783948212827","title":"Trading zones : camera work in artistic and ethnographic research","description":"Ce livre pr\u00e9sente des pratiques bas\u00e9es sur la cam\u00e9ra, \u00e0 l'intersection de la recherche artistique et ethnographique, qui examinent de mani\u00e8re critique les moyens de leur propre production et de leur int\u00e9gration sociale.\r\nDans des pratiques partag\u00e9es telles que l'enregistrement sur le terrain, le montage en post-production et les modes de pr\u00e9sentation, la cam\u00e9ra est impliqu\u00e9e en tant qu'agent plut\u00f4t qu'en tant que dispositif anodin. Comment la cam\u00e9ra s'attaque-t-elle \u00e0 l'invisible et comment r\u00e9v\u00e8le-t-elle ce que la cam\u00e9raman est incapable de voir ? Comment les films, les vid\u00e9os et les photographies donnent-ils acc\u00e8s \u00e0 des savoirs vuln\u00e9rables et quels formats de pr\u00e9sentation peuvent prolonger la lin\u00e9arit\u00e9 de la narration ?\r\nEn tenant compte de leur propre situation et des limites de la repr\u00e9sentation, de nombreux contributeurs de ce livre tentent de parler avec l'autre - plut\u00f4t que sur l'autre. Ces \u00e9changes qui apparaissent dans les projets pr\u00e9sent\u00e9s ouvrent un champ commun de recherche artistique et ethnographique, dont le potentiel d'exp\u00e9rimentation et de r\u00e9flexion est loin d'\u00eatre \u00e9puis\u00e9.","authors":["Collectif"],"category_codes":["6000000","6070000","6070400"],"visuals":{"large":"https:\/\/images.epagine.fr\/827\/9783948212827_1_75.jpg","medium":"https:\/\/images.epagine.fr\/827\/9783948212827_1_m.jpg","thumbnail":"https:\/\/images.epagine.fr\/827\/9783948212827_1_v.jpg"},"orderable":true,"show_badge":true,"formatted_price":"200,00&nbsp;\u20ac","formatted_published_date":"15 d\u00e9cembre 2022","publisher_availability_label":"Sur commande","short_details":"Collectif \u2014 Archive Books","translator":null,"weight":0,"page_count":160,"readership":null,"editor":"Archive Books","price":20000,"published_date":"2022-12-14T23:00:00.000000Z","support":"Grand format","publisher_availability":1,"stock":0,"editions":[],"url":"https:\/\/quaidesbrumes.com\/ouvrage\/9783948212827\/trading-zones-camera-work-in-artistic-and-ethnographic-research"},{"id":"9783956796623","title":"Kafka for kids","description":"Ouvrage bas\u00e9 sur le film Kafka For Kids de Roee Rosen, \u00e0 la crois\u00e9e des genres, m\u00e9langeant fiction, documentaire et com\u00e9die musicale. Le droit en tant que th\u00e8me central dans l'oeuvre de Kafka, et le fait que le film est cens\u00e9 s'adresser \u00e0 des enfants, permettent de r\u00e9v\u00e9ler les fac\u00b8ons complexes et troublantes dont la loi militaire isra\u00e9lienne d\u00e9finit juridiquement l'enfance dans les territoires palestiniens occup\u00e9s.\r\nRoee Rosen's film Kafka for Kids is set as the pilot episode for a TV series that perversely aims to make Kafka's tale \"Metamorphosis\" palpable for toddlers. In its title, the film Kafka for Kids implies that the intellectual great of modern literature will finally be presented in a way that is generally understandable. Roee Rosen wants to present Franz Kafka, of all people, with his contorted thought constructions, in a way that is even accessible to kids! But unfortunately, that's not how things turn out: the star writer of the educated middle class is not simplified, but his story becomes much more complex, corresponding to reality, for reality is more complicated than we like to represent using biaxial graphs.\r\nFeaturing the original script of the movie, readers are invited to dive into a magical story, followed by essays that give a deeper insight in the literary aspects of Roee Rosen's oeuvre. A stowaway on the journey, Rosen playfully and with wonderful self-irony, does not negate the complexity of the present, but takes it to the next level by exploring how all things are interlinked. Rosen neither doubts the complexity of our reality, nor does he oversimplify to a fault.\r\nPubli\u00e9 \u00e0 l'occasion de l'exposition \u00e9ponyme au Kunstmuseum Luzern en 2022-2023.","authors":["Roee Rosen"],"category_codes":["6000000","6070000","6070300","6070304"],"visuals":{"large":"https:\/\/images.epagine.fr\/623\/9783956796623_1_75.jpg","medium":"https:\/\/images.epagine.fr\/623\/9783956796623_1_m.jpg","thumbnail":"https:\/\/images.epagine.fr\/623\/9783956796623_1_v.jpg"},"orderable":true,"show_badge":true,"formatted_price":"29,00&nbsp;\u20ac","formatted_published_date":"15 janvier 2023","publisher_availability_label":"Sur commande","short_details":"Roee Rosen \u2014 Sternberg Press","translator":null,"weight":0,"page_count":224,"readership":null,"editor":"Sternberg Press","price":2900,"published_date":"2023-01-14T23:00:00.000000Z","support":"Grand format","publisher_availability":1,"stock":0,"editions":[],"url":"https:\/\/quaidesbrumes.com\/ouvrage\/9783956796623\/kafka-for-kids"},{"id":"9782361956844","title":"Secret : Sacred sites","description":null,"authors":["Martin Gray"],"category_codes":["6000000","6070000","6070200"],"visuals":{"large":"https:\/\/images.epagine.fr\/844\/9782361956844_1_75.jpg","medium":"https:\/\/images.epagine.fr\/844\/9782361956844_1_m.jpg","thumbnail":"https:\/\/images.epagine.fr\/844\/9782361956844_1_v.jpg"},"orderable":true,"show_badge":true,"formatted_price":"39,95&nbsp;\u20ac","formatted_published_date":"23 novembre 2023","publisher_availability_label":"Sur commande","short_details":"Martin Gray \u2014 \u00c9ditions Jonglez","translator":null,"weight":1350,"page_count":256,"readership":null,"editor":"\u00c9ditions Jonglez","price":3995,"published_date":"2023-11-22T23:00:00.000000Z","support":"Grand format","publisher_availability":1,"stock":0,"editions":[],"url":"https:\/\/quaidesbrumes.com\/ouvrage\/9782361956844\/secret-sacred-sites"},{"id":"9783964360663","title":"Dopostoria","description":"Un livre d'artiste sur la photographie, les cimeti\u00e8res et les archives des mus\u00e9es.\r\n\u00c0 qui appartient le pass\u00e9 ? Les archives des mus\u00e9es et leurs recollections du patrimoine culturel sont-elles un culte des morts - et si oui, vivons-nous dans une n\u00e9cropole ? Ce livre sur la photographie, les cimeti\u00e8res et l'archive est n\u00e9 d'un projet de recherche exp\u00e9rimental \u00e0 la Bibliotheca Hertzian de Rome, avec son immense collection de photographies canoniques de l'histoire de l'art et de l'architecture. Livre d'artiste, il prend la forme de la description d'un film inachev\u00e9 en cinq actes, un fragment cin\u00e9matographique en quelque sorte : DOPOSTORIA. L'essai titre de Christoph Keller est compl\u00e9t\u00e9 par deux contributions sur les cultures fun\u00e9raires dans la pr\u00e9histoire et dans la modernit\u00e9 de l'arch\u00e9ologue Maria Clara Martinelli et de l'historienne de la modernit\u00e9 Carolin Kosuch. Une s\u00e9quence de collages en fin d'ouvrage \u00e9voque un voyage fantasmagorique dans une Rome antique et moderne.","authors":["Christoph Keller"],"category_codes":["6000000","6070000","6070200","6070204"],"visuals":{"large":"https:\/\/images.epagine.fr\/663\/9783964360663_1_75.jpg","medium":"https:\/\/images.epagine.fr\/663\/9783964360663_1_m.jpg","thumbnail":"https:\/\/images.epagine.fr\/663\/9783964360663_1_v.jpg"},"orderable":true,"show_badge":true,"formatted_price":"20,00&nbsp;\u20ac","formatted_published_date":"5 avril 2023","publisher_availability_label":"Sur commande","short_details":"Christoph Keller \u2014 Bom Dia Boa Tarde Boa Noite","translator":null,"weight":0,"page_count":128,"readership":null,"editor":"Bom Dia Boa Tarde Boa Noite","price":2000,"published_date":"2023-04-04T22:00:00.000000Z","support":"Grand format","publisher_availability":1,"stock":0,"editions":[],"url":"https:\/\/quaidesbrumes.com\/ouvrage\/9783964360663\/dopostoria"},{"id":"9783907236475","title":"Fields of sight","description":"Une collaboration singuli\u00e8re entre la grande photographe indienne Gauri Gill et le c\u00e9l\u00e8bre artiste warli Rajesh Vangad.\r\nLa s\u00e9rie a d\u00e9but\u00e9 d\u00e9but 2013 \u00e0 Ganjad, Dahanu, un village adivasi de la c\u00f4te du Maharashtra, en Inde. Un nouveau langage visuel a \u00e9merg\u00e9 de mani\u00e8re symbiotique des premi\u00e8res exp\u00e9riences de Gill en mati\u00e8re de photographie du paysage. En regardant ses planches-contact, elle s'est aper\u00e7ue que, bien que l'appareil photo capturait la surface \u00ab cam\u00e9l\u00e9on \u00bb du paysage, il manquait des aspects essentiels de ce qui n'\u00e9tait pas imm\u00e9diatement visible, mais qui \u00e9tait pourtant relay\u00e9 de mani\u00e8re vivante dans les grandes histoires mythiques et v\u00e9cues que lui racontait Vangad. Les photographies de Gill, accompagn\u00e9es des dessins de Vangad, red\u00e9finissent le champ photographique tant sur le plan formel que conceptuel, pour aboutir \u00e0 de nouveaux \u00e9l\u00e9ments t\u00e9moignant d'une multiplicit\u00e9 de v\u00e9rit\u00e9s et de syst\u00e8mes de connaissance. Dans l'acte de regarder le paysage \u00e0 travers les yeux de Vangad, Gill ravive le besoin de remettre en question la fa\u00e7on dont nous voyons les choses aujourd'hui, ce que nos yeux captent et ce qui peut leur \u00e9chapper. \u00ab Comme si l'on photographiait une vieille maison, et que l'habitant de la maison sortait, et commen\u00e7ait \u00e0 parler \u00bb.","authors":["Gauri Gill","Rajesh Vangad"],"category_codes":["6000000","6070000","6070200","6070204"],"visuals":{"large":"https:\/\/images.epagine.fr\/475\/9783907236475_1_75.jpg","medium":"https:\/\/images.epagine.fr\/475\/9783907236475_1_m.jpg","thumbnail":"https:\/\/images.epagine.fr\/475\/9783907236475_1_v.jpg"},"orderable":true,"show_badge":true,"formatted_price":"86,00&nbsp;\u20ac","formatted_published_date":"5 avril 2023","publisher_availability_label":"Sur commande","short_details":"Gauri Gill, Rajesh Vangad \u2014 Patrick Frey","translator":null,"weight":0,"page_count":344,"readership":null,"editor":"Patrick Frey","price":8600,"published_date":"2023-04-04T22:00:00.000000Z","support":"Grand format","publisher_availability":1,"stock":0,"editions":[],"url":"https:\/\/quaidesbrumes.com\/ouvrage\/9783907236475\/fields-of-sight"},{"id":"9782140331633","title":"Images de l'avenir et avenir des images","description":"Ce livre invite \u00e0 r\u00e9fl\u00e9chir aux articulations probl\u00e9matiques entre image(s) & avenir, \u00e0 partir d'images artistiques, mais aussi d'images du sans-art - des anciennes comme l'image m\u00e9di\u00e9vale, jusqu'aux plus nouvelles avec les m\u00e9tavers. Art, philosophie, sciences de l'information et de la communication, s\u00e9miologie. sont mobilis\u00e9s afin d'interroger la repr\u00e9sentabilit\u00e9 de l'avenir et les repr\u00e9sentations de l'avenir. Comment en effet penser, d'une part, l'avenir pour les images, d'autre part, l'avenir par les images ? Comment r\u00e9fl \u00e9chir ce que l'on ne peut pr\u00e9voir ? Inversement, comment a d\u00e9j\u00e0 \u00e9t\u00e9 r\u00e9fl\u00e9chi ce qui n'\u00e9tait alors pas pr\u00e9visible, mais qui \u00e9tait pensable ? Quel est l'apport des artistes et imageurs \u00e0 la r\u00e9flexion sur l'avenir et le futur - concepts proches mais distincts ? Que nous disent les images d'aujourd'hui sur ce que sera demain ?\r\nCet ouvrage est le premier d'un ensemble d\u00e9di\u00e9 \u00e0 dialectiser image(s) et concepts du temps : apr\u00e8s l'avenir, viendront le pr\u00e9sent, puis le pass\u00e9.","authors":["Fran\u00e7ois Soulages"],"category_codes":["6000000","6070000","6070200"],"visuals":{"large":"https:\/\/images.epagine.fr\/633\/9782140331633_1_75.jpg","medium":"https:\/\/images.epagine.fr\/633\/9782140331633_1_m.jpg","thumbnail":"https:\/\/images.epagine.fr\/633\/9782140331633_1_v.jpg"},"orderable":true,"show_badge":true,"formatted_price":"13,50&nbsp;\u20ac","formatted_published_date":"16 f\u00e9vrier 2023","publisher_availability_label":"Sur commande","short_details":"Fran\u00e7ois Soulages \u2014 \u00c9ditions L'Harmattan","translator":null,"weight":147,"page_count":114,"readership":null,"editor":"\u00c9ditions L'Harmattan","price":1350,"published_date":"2023-02-15T23:00:00.000000Z","support":"Grand format","publisher_availability":1,"stock":0,"editions":[],"url":"https:\/\/quaidesbrumes.com\/ouvrage\/9782140331633\/images-de-lavenir-et-avenir-des-images"},{"id":"9782322103812","title":"Manuel de r\u00e9paration du Kiev 88","description":"Dans ce livre, vous trouverez tout ce qu'il faut savoir pour bien entretenir et faire la r\u00e9paration d'un Kiev 88. Cet ouvrage s'adresse aussi bien aux r\u00e9parateurs d\u00e9butants qu'\u00e0 ceux qui sont d\u00e9j\u00e0 plus experts.","authors":["Bruno Jean"],"category_codes":["6000000","6070000","6070200"],"visuals":{"large":"https:\/\/images.epagine.fr\/812\/9782322103812_1_75.jpg","medium":"https:\/\/images.epagine.fr\/812\/9782322103812_1_m.jpg","thumbnail":"https:\/\/images.epagine.fr\/812\/9782322103812_1_v.jpg"},"orderable":true,"show_badge":true,"formatted_price":"40,00&nbsp;\u20ac","formatted_published_date":"14 f\u00e9vrier 2023","publisher_availability_label":"Sur commande","short_details":"Bruno Jean \u2014 Books on Demand","translator":null,"weight":270,"page_count":136,"readership":null,"editor":"Books on Demand","price":4000,"published_date":"2023-02-13T23:00:00.000000Z","support":"Grand format","publisher_availability":1,"stock":0,"editions":[],"url":"https:\/\/quaidesbrumes.com\/ouvrage\/9782322103812\/manuel-de-reparation-du-kiev-88"},{"id":"9782140264573","title":"Crise des valeurs dans le cin\u00e9ma postmoderne, par-del\u00e0 les limites : la mutation des valeurs collectives","description":"Pendant les deux derni\u00e8res d\u00e9cennies, des changements notables se sont produits dans le rapport \u00e0 l'identit\u00e9 qui entra\u00eenent une crise des valeurs refl\u00e9t\u00e9e par le cin\u00e9ma actuel.  Cette crise suscite de nouveaux imaginaires qui apportent d'autres repr\u00e9sentations du sujet et de la r\u00e9alit\u00e9. Elles se caract\u00e9risent par un regard cru, exacerb\u00e9, impliquent une plus grande proximit\u00e9, recourent \u00e0 d'autres formes narratives et indiquent un changement de paradigme, une hypervisibilit\u00e9 qui, en se jouant des limites, enfreint les r\u00e8gles du politiquement correct, de l'esth\u00e9tique et parfois m\u00eame de la morale.  Dans ce deuxi\u00e8me tome, on appliquera la r\u00e9flexion aux valeurs collectives \u00e0 travers la remise en question du r\u00eave am\u00e9ricain, des figures et valeurs qui l'incarnent. On abordera enfin deux th\u00e8mes majeurs : l'horreur glac\u00e9e, la banalisation du mal sur laquelle elle repose, et le rapport \u00e0 la v\u00e9rit\u00e9, cl\u00e9 de vo\u00fbte des syst\u00e8mes de valeurs. Dans la conclusion, qui porte sur les deux tomes, on reviendra sur le jeu avec les limites pour s'interroger sur la mutation des valeurs et l'\u00e9mergence d'une approche qui se situe au-del\u00e0 des dichotomies et rompt avec les cat\u00e9gories h\u00e9rit\u00e9es de la modernit\u00e9.","authors":["G\u00e9rard Imbert"],"category_codes":["6000000","6070000","6070300","6070304"],"visuals":{"large":"https:\/\/images.epagine.fr\/573\/9782140264573_1_75.jpg","medium":"https:\/\/images.epagine.fr\/573\/9782140264573_1_m.jpg","thumbnail":"https:\/\/images.epagine.fr\/573\/9782140264573_1_v.jpg"},"orderable":true,"show_badge":true,"formatted_price":"23,50&nbsp;\u20ac","formatted_published_date":"24 avril 2023","publisher_availability_label":"Sur commande","short_details":"G\u00e9rard Imbert \u2014 \u00c9ditions L'Harmattan","translator":null,"weight":335,"page_count":212,"readership":null,"editor":"\u00c9ditions L'Harmattan","price":2350,"published_date":"2023-04-23T22:00:00.000000Z","support":"Grand format","publisher_availability":1,"stock":0,"editions":[],"url":"https:\/\/quaidesbrumes.com\/ouvrage\/9782140264573\/crise-des-valeurs-dans-le-cinema-postmoderne-par-dela-les-limites-la-mutation-des-valeurs-collectives"},{"id":"9782140264542","title":"Crise des valeurs dans le cin\u00e9ma post moderne : N\u00e9o-existentialisme, le sujet en question","description":"Pendant les deux derni\u00e8res d\u00e9cennies, des changements notables se sont produits dans le rapport \u00e0 la r\u00e9alit\u00e9 sociale et \u00e0 l'identit\u00e9. Ils ont engendr\u00e9 un questionnement des valeurs h\u00e9rit\u00e9es de la modernit\u00e9 refl\u00e9t\u00e9 par le cin\u00e9ma actuel : le pr\u00e9sent\u00e9isme, la peur de l'avenir qui se traduit en visions post-apocalyptiques, la red\u00e9couverte du corps, son exploration, les changements dans le couple, le n\u00e9o-existentialisme, qui se manifeste dans la relation \u00e0 l'autre et au contexte social, la r\u00e9vision des valeurs et des mythes collectifs ayant aliment\u00e9 le r\u00eave am\u00e9ricain, l'assomption de l'horreur comme partie int\u00e9grante de la r\u00e9alit\u00e9 humaine, les jeux avec la v\u00e9rit\u00e9. Cette crise suscite de nouveaux imaginaires. Elle affecte non seulement les valeurs sociales et morales mais aussi les cat\u00e9gories structurant notre perception du monde et de l'autre. Elle apporte de nouvelles repr\u00e9sentations, qui se caract\u00e9risent par un regard cru, exacerb\u00e9, impliquent une plus grande proximit\u00e9, recourent \u00e0 d'autres formes narratives et indiquent un changement de paradigme, une hypervisibilit\u00e9 qui, en se jouant des limites, enfreint les r\u00e8gles du politiquement correct, de l'esth\u00e9tique et parfois m\u00eame de la morale.","authors":["G\u00e9rard Imbert"],"category_codes":["6000000","6070000","6070300","6070304"],"visuals":{"large":"https:\/\/images.epagine.fr\/542\/9782140264542_1_75.jpg","medium":"https:\/\/images.epagine.fr\/542\/9782140264542_1_m.jpg","thumbnail":"https:\/\/images.epagine.fr\/542\/9782140264542_1_v.jpg"},"orderable":true,"show_badge":true,"formatted_price":"26,00&nbsp;\u20ac","formatted_published_date":"24 avril 2023","publisher_availability_label":"Sur commande","short_details":"G\u00e9rard Imbert \u2014 \u00c9ditions L'Harmattan","translator":null,"weight":379,"page_count":240,"readership":null,"editor":"\u00c9ditions L'Harmattan","price":2600,"published_date":"2023-04-23T22:00:00.000000Z","support":"Grand format","publisher_availability":1,"stock":0,"editions":[],"url":"https:\/\/quaidesbrumes.com\/ouvrage\/9782140264542\/crise-des-valeurs-dans-le-cinema-post-moderne-neo-existentialisme-le-sujet-en-question"},{"id":"9782140341922","title":"Espace filmique et d\u00e9sorientation psychique : une po\u00e9tique de San Francisco","description":"Le cin\u00e9ma s'est empar\u00e9 de San Francisco dans de multiples fi lms. Ville mythique dans l'imaginaire am\u00e9ricain, c'est un espace singulier, fait de d\u00e9clivit\u00e9s, et limite ultime du grand Ouest. Alfred Hitchcock et Delmer Daves y ont situ\u00e9 l'intrigue de fi lms aux \u00e9tranges parent\u00e9s : Sueurs froides et Les passagers de la nuit. C'est l'occasion, pour ces deux r\u00e9alisateurs, d'explorer les possibilit\u00e9s esth\u00e9tiques qu'off re le cin\u00e9ma, lorsqu'il s'agit de d\u00e9crire la vie int\u00e9rieure de personnages en crise.","authors":["Florence Gravas"],"category_codes":["6000000","6070000","6070300","6070304"],"visuals":{"large":"https:\/\/images.epagine.fr\/922\/9782140341922_1_75.jpg","medium":"https:\/\/images.epagine.fr\/922\/9782140341922_1_m.jpg","thumbnail":"https:\/\/images.epagine.fr\/922\/9782140341922_1_v.jpg"},"orderable":true,"show_badge":true,"formatted_price":"16,50&nbsp;\u20ac","formatted_published_date":"26 avril 2023","publisher_availability_label":"Sur commande","short_details":"Florence Gravas \u2014 \u00c9ditions L'Harmattan","translator":null,"weight":192,"page_count":146,"readership":null,"editor":"\u00c9ditions L'Harmattan","price":1650,"published_date":"2023-04-25T22:00:00.000000Z","support":"Grand format","publisher_availability":1,"stock":0,"editions":[],"url":"https:\/\/quaidesbrumes.com\/ouvrage\/9782140341922\/espace-filmique-et-desorientation-psychique-une-poetique-de-san-francisco"},{"id":"9782909417530","title":"Quoi qu'il en soit...","description":": Quoi qu'il en soit marque l'opposition entre deux choses li\u00e9es ou entre deux aspects d'une m\u00eame chose Quoi qu'il en soit du refoulement, le d\u00e9sir laisse des traces. Elles peuvent \u00eatre tardives, comme cette toile de son p\u00e8re que Jean Yves Cousseau a choisie pour boucler une s\u00e9rie photographique consacr\u00e9e au fatum. Dans l'aveu d'un d\u00e9sir de peinture longtemps tu, cette toile esquisse \u00ab un autoportrait en paysage \u00bb. Autoportrait de celui qui s'efface, de ce p\u00e8re qui n'est plus et qui s'\u00e9tait saisi pour lui-m\u00eame dans l'effacement. Mais portrait du fils aussi qui a choisi d'\u00eatre photographe, \u00e0 savoir : celui qui rend visible tout en restant cach\u00e9. Sans \u00eatre effac\u00e9, Jean Yves Cousseau n'est jamais l\u00e0 qu'en creux dans ses photographies...\r\n La naissance de Quoi qu'il en soit s'arrime au m\u00eame punctum de la disparition qui est aussi rencontre de deux projets parall\u00e8les. L'un porte sur ce p\u00e8re, ouvrier cheminot qui a os\u00e9 la peinture \u00e0 la fin de sa vie. \u00c0 son d\u00e9part \u00e0 la retraite, il avait demand\u00e9 un appareil photographique pour l'offrir \u00e0 son fils dont il avait toujours soutenu la vocation, de l'entr\u00e9e aux Beaux-Arts aux vernissages d'exposition qu'il ne manquait jamais. \u00c0 sa mort, Jean Yves Cousseau avait d\u00e9couvert sa peinture, et notamment cet autoportrait de l'addendum r\u00e9alis\u00e9 \u00e0 partir d'une photographie aujourd'hui disparue. \r\n L'autre projet semble sans lien avec le premier : n\u00e9 de Petite \u00e9pop\u00e9e urbaine, livre d'artiste cr\u00e9\u00e9 en 2013, il rassemble des photographies que Jean Yves Cousseau a plac\u00e9es en s\u00e9ries pour \u00e9tablir, comme par m\u00e9tonymie, une relation du tout de l'image \u00e0 sa partie. Plus r\u00e9cemment, disposant ces images c\u00f4te \u00e0 c\u00f4te, les travaillant par d\u00e9chirures, est apparue la r\u00e9currence de silhouettes d'hommes qui ne sont pas celles de son p\u00e8re, mais qui r\u00e9activent le souvenir de la photographie perdue, mod\u00e8le de l'autoportrait peint. Comme l'\u00e9crit Alain Madeleine-Perdrillat dans son po\u00e8me, \u00ab celui qui marche de dos \u00bb porte un nom sans visage. C'est alors que les deux projets ont fusionn\u00e9 en un livre palindrome : du point d'arriv\u00e9e au point de d\u00e9part, et r\u00e9ciproquement. Ce point trouve une autre d\u00e9finition dans La Chambre claire, lorsque Barthes d\u00e9finit le punctum : Car punctum, c'est aussi : piq\u00fbre, petit trou, petite tache, petite coupure - et aussi coup de d\u00e9s. Le punctum d'une photo, c'est ce hasard qui, en elle, me point (mais aussi me meurtrit, me poigne) Les photographies de Jean Yves Cousseau connaissent la piq\u00fbre : celle du temps qui pars\u00e8me arbitrairement les gris de ses pointes s\u00e9pia. \u00c0 certains endroits, les petites taches s'int\u00e8grent au r\u00e9cit de l'image photographique : elles viennent ici nourrir des pigeons, l\u00e0 dessiner des all\u00e9es de graviers. \u00c0 d'autres, le mouchetage est tel qu'il recouvre l'image et lui ajoute une seconde vie : celle organique des cellules qu'un microscope aurait grandies, celle d'un ocre myc\u00e9lium qui aurait gagn\u00e9 la partie. Ne croyons pas qu'elles ne soient que le fruit du hasard : Jean Yves Cousseau les travaille en leur imposant la g\u00e9om\u00e9trie des formes \u00e9l\u00e9mentaires : on discerne parfois le triangle et le cercle.","authors":["Alain Madeleine-Perdrillat","Jean-Yves Cousseau"],"category_codes":["6000000","6070000","6070200"],"visuals":{"large":"https:\/\/images.epagine.fr\/530\/9782909417530_1_75.jpg","medium":"https:\/\/images.epagine.fr\/530\/9782909417530_1_m.jpg","thumbnail":"https:\/\/images.epagine.fr\/530\/9782909417530_1_v.jpg"},"orderable":true,"show_badge":true,"formatted_price":"24,00&nbsp;\u20ac","formatted_published_date":"1er juin 2023","publisher_availability_label":"Sur commande","short_details":"Alain Madeleine-Perdrillat, Jean-Yves Cousseau \u2014 Art 3 - Galerie Plessis","translator":null,"weight":250,"page_count":104,"readership":null,"editor":"Art 3 - Galerie Plessis","price":2400,"published_date":"2023-05-31T22:00:00.000000Z","support":"Grand format","publisher_availability":1,"stock":0,"editions":[],"url":"https:\/\/quaidesbrumes.com\/ouvrage\/9782909417530\/quoi-quil-en-soit"},{"id":"9782377160884","title":"Cahiers du cin\u00e9ma n.797 : voyage \u00e0 Los Angeles","description":"Depuis un long et mythique voyage pour interviewer les plus grands cin\u00e9astes am\u00e9ricains dans les ann\u00e9es 1980, partir rencontrer ceux qui font le cin\u00e9ma hollywoodien est devenu un horizon permanent pour les Cahiers du cin\u00e9ma. C'est particuli\u00e8rement important aujourd'hui o\u00f9 Hollywood semble plus que jamais avoir une place incertaine dans le paysage cin\u00e9matographique mondial : les plateformes, la crise des salles, la d\u00e9localisation des productions... Il \u00e9tait capital d'interroger cin\u00e9astes, producteurs et exploitants pour comprendre que ce cin\u00e9ma hollywoodien est justement le plus conscient des enjeux esth\u00e9tiques et industriels qui comptent aussi en France. Dans cette enqu\u00eate qui le m\u00e8ne des studios Warner aux universit\u00e9s o\u00f9 se forment les jeunes cin\u00e9astes am\u00e9ricains, Yal Sadat a longuement convers\u00e9 avec David Lynch, avec Walter Hill, David Robert Mitchell ou encore John Carpenter, dans un entretien fleuve. De Mullholland Drive \u00e0 Invasion Los Angeles, en passant par Under The Silver Lake et Driver, ces cin\u00e9astes ont dessin\u00e9 un imaginaire de Los Angeles au cin\u00e9ma que notre envoy\u00e9 sp\u00e9cial retrace \u00e0 travers une fine analyse de cette ville-d\u00e9cor. \r\n\r\n\r\n \r\n\r\n\r\n \u00c0 ces 40 pages s'ajoutent nos habituelles critiques des sorties du mois (films d'Ari Aster, Alain Cavalier, Lucie Borleteau, Nicolas Philibert...), ainsi que des livres et dvds et un entretien fourni avec C\u00e9line Bozon sur son travail de cheffe op\u00e9ratrice. \r\n\r\n\r\n \r\n\r\n\r\n Pour clore le num\u00e9ro, invitation est faite \u00e0 l'\u00e9crivaine Nathalie L\u00e9ger de livrer sa vision de Jeanne Dielman de Chantal Akerman, qui ressort en salles restaur\u00e9 apr\u00e8s sa d\u00e9signation comme Meilleur film de l'histoire par un tonitruant sondage lanc\u00e9 fin 2022 par Sight & Sound.","authors":["Collectif"],"category_codes":["6000000","6070000","6070300","6070306"],"visuals":{"large":"https:\/\/images.epagine.fr\/884\/9782377160884_1_75.jpg","medium":"https:\/\/images.epagine.fr\/884\/9782377160884_1_m.jpg","thumbnail":"https:\/\/images.epagine.fr\/884\/9782377160884_1_v.jpg"},"orderable":true,"show_badge":true,"formatted_price":"7,90&nbsp;\u20ac","formatted_published_date":"4 avril 2023","publisher_availability_label":"Sur commande","short_details":"Collectif \u2014 Revue Cahiers Du Cinema","translator":null,"weight":180,"page_count":98,"readership":null,"editor":"Revue Cahiers Du Cinema","price":790,"published_date":"2023-04-03T22:00:00.000000Z","support":"Revue","publisher_availability":1,"stock":0,"editions":[],"url":"https:\/\/quaidesbrumes.com\/ouvrage\/9782377160884\/cahiers-du-cinema-n797-voyage-a-los-angeles"},{"id":"9782140497155","title":"Art et voyage","description":"Voyager c'est d\u00e9couvrir, \u00eatre surpris, rencontrer l'autre, s'interroger, se remettre en question, revenir modifi\u00e9 parfois. Ainsi, les artistes ont aim\u00e9 voyager. La d\u00e9couverte du monde a influenc\u00e9 leur cr\u00e9ativit\u00e9. Ils se sont projet\u00e9s dans leur art, souvent avec d\u00e9lice, parfois avec appr\u00e9hension ou doute. Trois axes structurent ce livre qui entend donner une id\u00e9e et une image de la vie artistique depuis le XVIIe si\u00e8cle. Les peintres de la mer nous rappellent que, source d'inspiration, la mer fut aussi celle des voyages. Se d\u00e9placer, c'\u00e9tait prendre le bateau. Une distinction s'est impos\u00e9e entre les peintres pour les mers, les peintres de la marine et les peintres officiels de la marine, de Cr\u00e9pin \u00e0 Gudin ou Le Poittevin. L'orientalisme, avatar des turqueries, des chinoiseries et du style rococo, s'est d\u00e9velopp\u00e9 avec Ingres et Delacroix, Matisse et Marquet. Quant aux peintres voyageurs, ils furent si nombreux qu'un choix s'imposa, de Manet \u00e0 Tissot, de Kandinsky \u00e0 Klee, de Gauguin \u00e0 Hopper. Ce livre est un \u00e9ventail ouvert sur le monde de l'art. C'est une r\u00e9flexion sur les orientations et les tendances artistiques qui se sont succ\u00e9d\u00e9 et ont construit notre imaginaire.","authors":["Pierre Pelou"],"category_codes":["6000000","6070000","6070200"],"visuals":{"large":"https:\/\/images.epagine.fr\/155\/9782140497155_1_75.jpg","medium":"https:\/\/images.epagine.fr\/155\/9782140497155_1_m.jpg","thumbnail":"https:\/\/images.epagine.fr\/155\/9782140497155_1_v.jpg"},"orderable":true,"show_badge":true,"formatted_price":"27,00&nbsp;\u20ac","formatted_published_date":"19 juillet 2023","publisher_availability_label":"Sur commande","short_details":"Pierre Pelou \u2014 \u00c9ditions L'Harmattan","translator":null,"weight":410,"page_count":264,"readership":null,"editor":"\u00c9ditions L'Harmattan","price":2700,"published_date":"2023-07-18T22:00:00.000000Z","support":"Grand format","publisher_availability":1,"stock":0,"editions":[],"url":"https:\/\/quaidesbrumes.com\/ouvrage\/9782140497155\/art-et-voyage"},{"id":"9782322471966","title":"Souvenirs de l'\u00cele de Noirmoutier","description":"Sur la fa\u00e7ade Atlantique, les charmes de l'Ile de Noirmoutier : le port de Noirmoutier-en-l'\u00cele sur l'\u00e9tier du Moulin, les marais salants, la plage des Dames, les petites cabanes de plage blanches, la pointe Saint-Pierre, les ch\u00eanes verts du Bois de la Chaise, les r\u00e9gates estivales, le d\u00e9fil\u00e9 de mode Voiles et voilages de 2006.\r\n\r\nOn the Atlantic coast, the charms of the Noirmoutier island : the port of Noirmoutier-en-l'Ile on the Moulin estuary, the salt marches, the Dames beach, the small white beach huts, the Saint-Pierre point, the green oaks of the Bois de la Chaise, the summer regattas, the 2006 Voiles et voilages fashion show.","authors":["Jo\u00ebl Douillet"],"category_codes":["6000000","6070000","6070200"],"visuals":{"large":"https:\/\/images.epagine.fr\/966\/9782322471966_1_75.jpg","medium":"https:\/\/images.epagine.fr\/966\/9782322471966_1_m.jpg","thumbnail":"https:\/\/images.epagine.fr\/966\/9782322471966_1_v.jpg"},"orderable":true,"show_badge":true,"formatted_price":"29,99&nbsp;\u20ac","formatted_published_date":"26 avril 2023","publisher_availability_label":"Sur commande","short_details":"Jo\u00ebl Douillet \u2014 Books on Demand","translator":null,"weight":254,"page_count":52,"readership":null,"editor":"Books on Demand","price":2999,"published_date":"2023-04-25T22:00:00.000000Z","support":"Grand format","publisher_availability":1,"stock":0,"editions":[],"url":"https:\/\/quaidesbrumes.com\/ouvrage\/9782322471966\/souvenirs-de-lile-de-noirmoutier"},{"id":"9782322481767","title":"Les voiliers de la Semaine du Golfe devant Port-Navalo","description":"Port-Navalo est un ancien port de p\u00eache c\u00f4tier datant du d\u00e9but du XXe. Il est situ\u00e9 sur la commune d'Arzon (Morbihan, Bretagne), juste \u00e0 l'entr\u00e9e du golfe du Morbihan. On peut y admirer tous les deux ans la Grande Parade, dans le cadre de l'\u00e9v\u00e9nement maritime de la Semaine du Golfe : des flottilles de voiliers (voile-aviron, petite plaisance traditionnelle, plaisance classique, voiliers traditionnels, motonautisme classique et grands voiliers) qui sortent du golfe et y p\u00e9n\u00e8trent \u00e0 nouveau, apr\u00e8s une balade dans la baie de Quiberon.\r\n\r\nPort-Navalo is a former coastal fishing port dating from the early 20th. It is located in the commune of Arzon (Morbihan, Brittany, France), just at the entrance to the gulf of Morbihan. Every two years, you can admire the Grande Parade, part of the Semaine du Golfe maritime event : flotillas of sailing boats  (sailing-rowing, small traditional yachts, classic yachts, traditional sailboats, classic powerboats and tall ships) leaving the gulf and re-entering it after a trip into Quiberon Bay.","authors":["Jo\u00ebl Douillet"],"category_codes":["6000000","6070000","6070200"],"visuals":{"large":"https:\/\/images.epagine.fr\/767\/9782322481767_1_75.jpg","medium":"https:\/\/images.epagine.fr\/767\/9782322481767_1_m.jpg","thumbnail":"https:\/\/images.epagine.fr\/767\/9782322481767_1_v.jpg"},"orderable":true,"show_badge":true,"formatted_price":"29,99&nbsp;\u20ac","formatted_published_date":"5 juin 2023","publisher_availability_label":"Sur commande","short_details":"Jo\u00ebl Douillet \u2014 Books on Demand","translator":null,"weight":236,"page_count":48,"readership":null,"editor":"Books on Demand","price":2999,"published_date":"2023-06-04T22:00:00.000000Z","support":"Grand format","publisher_availability":1,"stock":0,"editions":[],"url":"https:\/\/quaidesbrumes.com\/ouvrage\/9782322481767\/les-voiliers-de-la-semaine-du-golfe-devant-port-navalo"},{"id":"9783836594301","title":"Package design book","description":"The winning packaging designs from the 2021 and 2022 Pentawards.\r\nPackaging today is more than eye-catching: it is\u00a0planet-saving, too. With sustainable design, we can have a positive impact on our world.","authors":["Pentawards"],"category_codes":["6000000","6070000","6070200"],"visuals":{"large":"https:\/\/quaidesbrumes.com\/img\/book-placeholder.png","medium":"https:\/\/quaidesbrumes.com\/img\/book-placeholder.png","thumbnail":"https:\/\/quaidesbrumes.com\/img\/book-placeholder.png"},"orderable":true,"show_badge":true,"formatted_price":"80,00&nbsp;\u20ac","formatted_published_date":"29 juillet 2023","publisher_availability_label":"Sur commande","short_details":"Pentawards \u2014 Taschen","translator":null,"weight":0,"page_count":null,"readership":null,"editor":"Taschen","price":8000,"published_date":"2023-07-28T22:00:00.000000Z","support":"Grand format","publisher_availability":1,"stock":0,"editions":[],"url":"https:\/\/quaidesbrumes.com\/ouvrage\/9783836594301\/package-design-book"},{"id":"9781838667603","title":"Luigi & Iango: unveiled","description":"The first monograph on the celebrated photographic duo Luigi & Iango, accompanying a major exhibition of their work.\r\n\r\nWhile many photographers seek to capture the aesthetics of a moment, Luigi Murenu and Iango Henzi aspire to transcend a single genre, capturing a timeless quest for pluralistic beauty and artistic expression. One of the most creative imagemakers working in the industry today, Luigi & Iango share their stunning portfolio of work - from icons of contemporary culture and supermodels to Japanese Kabuki and portraits of artists and performers - in their first ever monograph. Luigi Murenu and Iango Henzi (known as Luigi & Iango) are a Swiss-Italian photography duo. Since starting to work together in 2013, they have photographed stories and series for the world's leading magazines, captured iconic celebrities such as Madonna, Gisele B\u00fcndchen, Rihanna, Pen\u00e9lope Cruz, and Cate Blanchett among others.","authors":["Luigi & Iango","Thierry-maxime Loriot"],"category_codes":["6000000","6070000","6070200","6070205"],"visuals":{"large":"https:\/\/images.epagine.fr\/603\/9781838667603_1_75.jpg","medium":"https:\/\/images.epagine.fr\/603\/9781838667603_1_m.jpg","thumbnail":"https:\/\/images.epagine.fr\/603\/9781838667603_1_v.jpg"},"orderable":true,"show_badge":true,"formatted_price":"79,95&nbsp;\u20ac","formatted_published_date":"5 octobre 2023","publisher_availability_label":"Sur commande","short_details":"Luigi & Iango, Thierry-maxime Loriot \u2014 Phaidon Press","translator":null,"weight":2564,"page_count":320,"readership":null,"editor":"Phaidon Press","price":7995,"published_date":"2023-10-04T22:00:00.000000Z","support":"Grand format","publisher_availability":1,"stock":0,"editions":[],"url":"https:\/\/quaidesbrumes.com\/ouvrage\/9781838667603\/luigi-iango-unveiled"},{"id":"9782955142998","title":"Le cin\u00e9ma de genre au f\u00e9minin","description":"Films fantastique, d'horreur ou de science-fiction : le cin\u00e9ma de genre a longtemps \u00e9t\u00e9 chasse-gard\u00e9e des r\u00e9alisateurs masculins. Mais aujourd'hui le genre se conjugue aussi au f\u00e9minin.  Rencontres avec des r\u00e9alisatrices fran\u00e7aises de tous \u00e2ges et d'horizons diff\u00e9rents, qui bousculent les codes....\r\n\r\nCoralie Fargeat - Lucille Hadzihalilovic.\r\nMarina de Van - Aur\u00e9lia Mengin.\r\nL\u00e9a Mysius - Agn\u00e8s Merlet.\r\nZo\u00e9 Wittock - Jos\u00e9phine Darcy-Hopkins.\r\n\r\nLes auteurs Marine BOHIN (So Film) et Julien RICHARD-THOMSON donnent la parole aux r\u00e9alisatrices de genre \u00e0 travers des entretiens surprenants et sans filtre. Pr\u00e9face de No\u00e9mie LUCIANI (La Septi\u00e8me Obsession, Le Monde...)","authors":["Marine Bohin","Julien Richard-Thomson"],"category_codes":["6000000","6070000","6070300"],"visuals":{"large":"https:\/\/images.epagine.fr\/998\/9782955142998_1_75.jpg","medium":"https:\/\/images.epagine.fr\/998\/9782955142998_1_m.jpg","thumbnail":"https:\/\/images.epagine.fr\/998\/9782955142998_1_v.jpg"},"orderable":true,"show_badge":true,"formatted_price":"14,00&nbsp;\u20ac","formatted_published_date":"15 juin 2023","publisher_availability_label":"Sur commande","short_details":"Marine Bohin, Julien Richard-Thomson \u2014 Jaguarundi","translator":null,"weight":0,"page_count":148,"readership":null,"editor":"Jaguarundi","price":1400,"published_date":"2023-06-14T22:00:00.000000Z","support":"Grand format","publisher_availability":1,"stock":0,"editions":[],"url":"https:\/\/quaidesbrumes.com\/ouvrage\/9782955142998\/le-cinema-de-genre-au-feminin"},{"id":"9791041929184","title":"Vademecum du photographe : notice abr\u00e9g\u00e9e du daguerr\u00e9otype et de la photographie sur papier","description":"Le petit livre que je publie, sous le titre de Vade Mecum du Photo- graphe, \u00e9tait depuis longtemps dans ma pens\u00e9e. En effet, il manquait un trait\u00e9 d'un petit format, facile \u00e0 porter avec soi, contenant tout ce qui est essentiel \u00e0 conna\u00eetre pour op\u00e9rer en tout genre: chimie photographique, manipulations, pr\u00e9paration des produits les plus usit\u00e9s, daguerr\u00e9otype, photographie sur albumine, sur collodion, sur papier, sur toile cir\u00e9e, sur p\u00e2te c\u00e9ramique. Pour \u00e9crire ce livre, j'ai mis \u00e0 profit les enseignements que m'a sugg\u00e9r\u00e9 une longue pratique ; il m'a contraint de faire une multitude d'essais pour \u00e9clairer des points douteux.\r\nAfin de justifier le titre que j'ai adopt\u00e9, il m'a fallu aussi m'imposer partout une grande concision et me borner au plus essentiel.\r\nL'avenir me dira si mon id\u00e9e \u00e9tait bonne ,et si j'ai su la r\u00e9aliser.","authors":["Marc Antoine Gaudin"],"category_codes":["6000000","6070000","6070200"],"visuals":{"large":"https:\/\/images.epagine.fr\/184\/9791041929184_1_75.jpg","medium":"https:\/\/images.epagine.fr\/184\/9791041929184_1_m.jpg","thumbnail":"https:\/\/images.epagine.fr\/184\/9791041929184_1_v.jpg"},"orderable":true,"show_badge":true,"formatted_price":"18,00&nbsp;\u20ac","formatted_published_date":"10 mai 2023","publisher_availability_label":"Sur commande","short_details":"Marc Antoine Gaudin \u2014 Shs Editions","translator":null,"weight":226,"page_count":168,"readership":null,"editor":"Shs Editions","price":1800,"published_date":"2023-05-09T22:00:00.000000Z","support":"Grand format","publisher_availability":1,"stock":0,"editions":[],"url":"https:\/\/quaidesbrumes.com\/ouvrage\/9791041929184\/vademecum-du-photographe-notice-abregee-du-daguerreotype-et-de-la-photographie-sur-papier"},{"id":"9782140264092","title":"\u00c9motions et virilit\u00e9s \u00e0 l'\u00e9cran : sociologie du cin\u00e9ma hollywoodien issu de la guerre du Vietnam (1978-1989)","description":"Au lendemain des bouleversements des ann\u00e9es 1960 et de la blessure collective laiss\u00e9e par la guerre du Vietnam, Hollywood conna\u00eet une v\u00e9ritable effervescence cin\u00e9matographique. Les films de fiction hollywoodiens issus de cette premi\u00e8re grande d\u00e9faite des Etats-Unis sont ici \u00e9tudi\u00e9s par le prisme de la construction m\u00e9morielle d'un \u00ab Vietnam am\u00e9ricain \u00bb. Il s'agit moins de restituer la guerre dans sa r\u00e9alit\u00e9 historique et politique que de donner une place \u00e0 l'expression de la tourmente am\u00e9ricaine de l'\u00e9poque. Il s'agit de r\u00e9inventer le Vietnam. Cet ouvrage interroge la fa\u00e7on dont les mises en sc\u00e8nes des figures de virilit\u00e9 participent \u00e0 cette r\u00e9\u00e9criture du conflit. Dans les ann\u00e9es 1980, les repr\u00e9sentations du soldat am\u00e9ricain, dont l'image a \u00e9t\u00e9 ternie par une guerre jug\u00e9e injustifiable et violente, passeraient par des portraits sensibles du combattant. Les \u00e9motions mises en sc\u00e8ne au cin\u00e9ma sur cette p\u00e9riode tr\u00e8s particuli\u00e8re sont questionn\u00e9es comme moyen privil\u00e9gi\u00e9 de repr\u00e9senter et de valoriser le soldat am\u00e9ricain au Vietnam. Le glissement de la figure du h\u00e9ros intr\u00e9pide des films de guerre vers celle du h\u00e9ros sensible dans le cin\u00e9ma du Vietnam permet ainsi de mettre \u00e0 l'\u00e9preuve la notion de virilit\u00e9 : le cin\u00e9ma parvient-il \u00e0 fendre l'armure virile du soldat pour permettre l'expression d'une sensibilit\u00e9 d\u00e9complex\u00e9e ?","authors":["Manon Contreras"],"category_codes":["6000000","6070000","6070300","6070304"],"visuals":{"large":"https:\/\/images.epagine.fr\/092\/9782140264092_1_75.jpg","medium":"https:\/\/images.epagine.fr\/092\/9782140264092_1_m.jpg","thumbnail":"https:\/\/images.epagine.fr\/092\/9782140264092_1_v.jpg"},"orderable":true,"show_badge":true,"formatted_price":"23,00&nbsp;\u20ac","formatted_published_date":"3 mai 2023","publisher_availability_label":"Sur commande","short_details":"Manon Contreras \u2014 \u00c9ditions L'Harmattan","translator":null,"weight":287,"page_count":226,"readership":null,"editor":"\u00c9ditions L'Harmattan","price":2300,"published_date":"2023-05-02T22:00:00.000000Z","support":"Grand format","publisher_availability":1,"stock":0,"editions":[],"url":"https:\/\/quaidesbrumes.com\/ouvrage\/9782140264092\/emotions-et-virilites-a-lecran-sociologie-du-cinema-hollywoodien-issu-de-la-guerre-du-vietnam-1978-1989"},{"id":"9782140490361","title":"Le vingti\u00e8me si\u00e8ce de  Ladislas Starewitch : Historiographie","description":"Diffus\u00e9s dans le monde entier lors de leur sortie, les chefs-d'oeuvre r\u00e9alis\u00e9s par Ladislas Starewitch dans les ann\u00e9es 1910-1930 tombent dans un presque oubli dans les d\u00e9cennies suivantes, quand ses nouveaux films sont moins bien per\u00e7us.  Ce livre retrace la r\u00e9ception de cette oeuvre dans diff\u00e9rents pays, ainsi que sa red\u00e9couverte \u00e0 partir des ann\u00e9es 1970-1980. Toute la trajectoire d'une oeuvre devenue une r\u00e9f\u00e9rence pour nombre de r\u00e9alisateurs comme Tim Burton, Henry Sellik, Terry Gilliam, les Fr\u00e8res Quay ou Jan  vankmajer, et d'autres.  Le r\u00e9cit de cette trajectoire commence avec   La filmographie raisonn\u00e9e de Ladislas Starewitch chez le m\u00eame \u00e9diteur.","authors":["Fran\u00e7ois Martin","L\u00e9ona B\u00e9atrice Martin-Starewitch"],"category_codes":["6000000","6070000","6070300"],"visuals":{"large":"https:\/\/images.epagine.fr\/361\/9782140490361_1_75.jpg","medium":"https:\/\/images.epagine.fr\/361\/9782140490361_1_m.jpg","thumbnail":"https:\/\/images.epagine.fr\/361\/9782140490361_1_v.jpg"},"orderable":true,"show_badge":true,"formatted_price":"28,00&nbsp;\u20ac","formatted_published_date":"26 juillet 2023","publisher_availability_label":"Sur commande","short_details":"Fran\u00e7ois Martin, L\u00e9ona B\u00e9atrice Martin-Starewitch \u2014 \u00c9ditions L'Harmattan","translator":null,"weight":342,"page_count":284,"readership":null,"editor":"\u00c9ditions L'Harmattan","price":2800,"published_date":"2023-07-25T22:00:00.000000Z","support":"Grand format","publisher_availability":1,"stock":0,"editions":[],"url":"https:\/\/quaidesbrumes.com\/ouvrage\/9782140490361\/le-vingtieme-siece-de-ladislas-starewitch-historiographie"},{"id":"9782140490330","title":"La filmographie raisonn\u00e9e de Ladislas Starewitch","description":"Gr\u00e2ce \u00e0 de nouvelles sources accessibles, ce livre raconte les 64 films r\u00e9alis\u00e9s par Ladislas Starewitch \u00e0 Kaunas, Moscou et Yalta, ainsi que les 41 r\u00e9alis\u00e9s en France en ajoutant les collaborations avec d'autres r\u00e9alisateurs.  Le lecteur suivra l'essor de la trajectoire de ce grand ma\u00eetre de la stop motion (pionnier des cin\u00e9-marionnettes, du grattage et de la peinture sur pellicule, de la clay motion et du go motion), ses m\u00e9langes d'animation, de vues r\u00e9elles, d'effets sp\u00e9ciaux et d'images composites.  Ce premier volume est suivi par Le vingti\u00e8me si\u00e8cle de Ladislas Starewitchchez le m\u00eame \u00e9diteur.","authors":["Fran\u00e7ois Martin","L\u00e9ona B\u00e9atrice Martin-Starewitch"],"category_codes":["6000000","6070000","6070300"],"visuals":{"large":"https:\/\/images.epagine.fr\/330\/9782140490330_1_75.jpg","medium":"https:\/\/images.epagine.fr\/330\/9782140490330_1_m.jpg","thumbnail":"https:\/\/images.epagine.fr\/330\/9782140490330_1_v.jpg"},"orderable":true,"show_badge":true,"formatted_price":"28,00&nbsp;\u20ac","formatted_published_date":"26 juillet 2023","publisher_availability_label":"Sur commande","short_details":"Fran\u00e7ois Martin, L\u00e9ona B\u00e9atrice Martin-Starewitch \u2014 \u00c9ditions L'Harmattan","translator":null,"weight":343,"page_count":286,"readership":null,"editor":"\u00c9ditions L'Harmattan","price":2800,"published_date":"2023-07-25T22:00:00.000000Z","support":"Grand format","publisher_availability":1,"stock":0,"editions":[],"url":"https:\/\/quaidesbrumes.com\/ouvrage\/9782140490330\/la-filmographie-raisonnee-de-ladislas-starewitch"}]}