{"data":[{"id":"9788419233196","title":"Abdo Shanan : un peu plus fort","description":null,"authors":["Abdo Shanan"],"category_codes":["6000000","6070000","6070200","6070205"],"visuals":{"large":"https:\/\/images.epagine.fr\/196\/9788419233196_1_75.jpg","medium":"https:\/\/images.epagine.fr\/196\/9788419233196_1_m.jpg","thumbnail":"https:\/\/images.epagine.fr\/196\/9788419233196_1_v.jpg"},"orderable":true,"show_badge":true,"formatted_price":"17,00&nbsp;\u20ac","formatted_published_date":"25 juin 2022","publisher_availability_label":"Sur commande","short_details":"Abdo Shanan \u2014 Rm Editorial","translator":null,"weight":150,"page_count":null,"readership":null,"editor":"Rm Editorial","price":1700,"published_date":"2022-06-24T22:00:00.000000Z","support":"Grand format","publisher_availability":1,"stock":0,"editions":[],"url":"https:\/\/quaidesbrumes.com\/ouvrage\/9788419233196\/abdo-shanan-un-peu-plus-fort"},{"id":"9781649800923","title":"Al-Ahsa Oasis","description":"The largest oasis on the planet, Al-Ahsa covers an area of over 8,500 hectares on the east coast of the Arabian Peninsula. A UNESCO World Heritage site, the landscape consists of sweeping sand dunes, groves of date palms and meandering natural springs. The Al-Ahsa region represents a remarkable relationship between natural and cultural heritage.\r\nFrom serene desert expanses to coastal regions teeming with flora and fauna, the many wonders of Saudi Arabia are explored in our latest collection. This six-book series features original works by premier photographers and artists. Each volume uncovers a unique treasure of the Kingdom, whether an ancient city or historic tribe.","authors":["Rafa\u00ebl Alterio","Azedine Beschaouch","Aline Coquelle"],"category_codes":["6000000","6070000","6070200","6070205"],"visuals":{"large":"https:\/\/images.epagine.fr\/923\/9781649800923_1_75.jpg","medium":"https:\/\/images.epagine.fr\/923\/9781649800923_1_m.jpg","thumbnail":"https:\/\/images.epagine.fr\/923\/9781649800923_1_v.jpg"},"orderable":true,"show_badge":true,"formatted_price":"195,00&nbsp;\u20ac","formatted_published_date":"5 mai 2022","publisher_availability_label":"Sur commande","short_details":"Rafa\u00ebl Alterio, Azedine Beschaouch, Aline Coquelle \u2014 Assouline","translator":null,"weight":3000,"page_count":200,"readership":null,"editor":"Assouline","price":19500,"published_date":"2022-05-04T22:00:00.000000Z","support":"Grand format","publisher_availability":1,"stock":0,"editions":[],"url":"https:\/\/quaidesbrumes.com\/ouvrage\/9781649800923\/al-ahsa-oasis"},{"id":"9782351373279","title":"142 Rue M\u00e8re Yacine","description":"Les photographies qui composent la s\u00e9rie \u00ab\u00a0142 rue M\u00e8re Yacine\u00a0\u00bb prennent sens ensemble, depuis le montage d'une s\u00e9quence qui s'\u00e9tend de\u00a011&#8201;H&#8201;45 \u00e0\u00a016&#8201;H&#8201;32, d'autres sur plusieurs jours, semaines, mois. Le temps passe dans la rue d'une banlieue populaire de Dakar, o\u00f9 les lotissements s'\u00e9tendent tr\u00e8s rapidement, au rythme de la sp\u00e9culation immobili\u00e8re.\r\nLoin des grands chantiers, un immeuble modeste est en construction au 142 rue M\u00e8re Yacine. Pendant trois ans, entre 2018 et 2021, il se transforme sous nos yeux, au rythme des \u00e9conomies manquantes du propri\u00e9taire, lentement. Les images, comme us\u00e9es, ab\u00eem\u00e9es par le temps, ont \u00e9t\u00e9 prises depuis l'int\u00e9rieur d'une tente en tissu, pos\u00e9e sur le trottoir d'en face, \u00e0 la mani\u00e8re ordinaire des tentes mont\u00e9es provisoirement, qui abritent les bapt\u00eames, les mariages, les d\u00e9c\u00e8s, les veill\u00e9es, les f\u00eates, les repas. Pli\u00e9es, d\u00e9pli\u00e9es, repli\u00e9es, recousues, ces tentes sont mont\u00e9es et d\u00e9mont\u00e9es \u00e0 m\u00eame la rue, le temps des c\u00e9r\u00e9monies\u00a0: lieu temporaire qui tout \u00e0 la fois dissimule et rend le photographe tr\u00e8s visible, c'est un dispositif plastique \u00e9ph\u00e9m\u00e8re et en m\u00eame temps en relation. Dans le quartier, on sait que c'est la tente du photographe.\r\n- N\u00e9 \u00e0 Tokyo en 1979, Mabeye Deme vit et travaille entre Dakar et Grenoble. Apr\u00e8s des \u00e9tudes de cin\u00e9ma \u00e0 l'Universit\u00e9 Sorbonne Nouvelle, il m\u00e8ne depuis 2012 un travail photographique plastique et documentaire dans la rue \u00e0 Dakar et sur la relation photographe\/photographi\u00e9s.","authors":["Mabeye Deme"],"category_codes":["6000000","6070000","6070200"],"visuals":{"large":"https:\/\/images.epagine.fr\/279\/9782351373279_1_75.jpg","medium":"https:\/\/images.epagine.fr\/279\/9782351373279_1_m.jpg","thumbnail":"https:\/\/images.epagine.fr\/279\/9782351373279_1_v.jpg"},"orderable":true,"show_badge":true,"formatted_price":"25,00&nbsp;\u20ac","formatted_published_date":"27 juin 2022","publisher_availability_label":"Sur commande","short_details":"Mabeye Deme \u2014 EDITIONS DE L'OEIL","translator":null,"weight":975,"page_count":112,"readership":null,"editor":"EDITIONS DE L'OEIL","price":2500,"published_date":"2022-06-26T22:00:00.000000Z","support":"Grand format","publisher_availability":1,"stock":0,"editions":[],"url":"https:\/\/quaidesbrumes.com\/ouvrage\/9782351373279\/142-rue-mere-yacine"},{"id":"9782322413089","title":"Petites m\u00e9ditations photographiques Tome 2","description":"Ce livre comprend une s\u00e9lection de mes photographies, certaines en noir et blanc, et d'autres en couleur. Elles sont accompagn\u00e9es de petites m\u00e9ditations d'une page, que j'ai r\u00e9dig\u00e9es en les regardant.\r\nDe format volontairement court, elles permettent en retour la m\u00e9ditation du lecteur.\r\nL'ouvrage pr\u00e9sente deux axes principaux.\r\nCertains textes, plus sensibles et po\u00e9tiques, montrent la recherche d'une \u00e2me en qu\u00eate d'une vie authentique, par-del\u00e0 les d\u00e9ceptions caus\u00e9es par un monde d\u00e9pourvu d'id\u00e9al ou de transcendance. On trouvera l\u00e0 des ressemblances avec l'esprit gnostique.\r\n\u00c0 c\u00f4t\u00e9 de cela on pourra d\u00e9couvrir dans d'autres textes, plus analytiques, certaines fa\u00e7ons moins na\u00efves ou imm\u00e9diates de regarder les images, ainsi que des pistes pour les comparer avec le langage verbal, dans le prolongement des autres livres que j'ai d\u00e9j\u00e0 publi\u00e9s sur ce sujet.","authors":["Michel Th\u00e9ron"],"category_codes":["6000000","6070000","6070200","6070204"],"visuals":{"large":"https:\/\/images.epagine.fr\/089\/9782322413089_1_75.jpg","medium":"https:\/\/images.epagine.fr\/089\/9782322413089_1_m.jpg","thumbnail":"https:\/\/images.epagine.fr\/089\/9782322413089_1_v.jpg"},"orderable":true,"show_badge":true,"formatted_price":"15,00&nbsp;\u20ac","formatted_published_date":"25 avril 2022","publisher_availability_label":"Sur commande","short_details":"Michel Th\u00e9ron \u2014 Books on Demand","translator":null,"weight":177,"page_count":92,"readership":null,"editor":"Books on Demand","price":1500,"published_date":"2022-04-24T22:00:00.000000Z","support":"Grand format","publisher_availability":1,"stock":0,"editions":[],"url":"https:\/\/quaidesbrumes.com\/ouvrage\/9782322413089\/petites-meditations-photographiques-tome-2"},{"id":"9781913620707","title":"August collier schorr","description":null,"authors":["Collier Schorr"],"category_codes":["6000000","6070000","6070200"],"visuals":{"large":"https:\/\/quaidesbrumes.com\/img\/book-placeholder.png","medium":"https:\/\/quaidesbrumes.com\/img\/book-placeholder.png","thumbnail":"https:\/\/quaidesbrumes.com\/img\/book-placeholder.png"},"orderable":true,"show_badge":true,"formatted_price":"50,00&nbsp;\u20ac","formatted_published_date":"1er avril 2022","publisher_availability_label":"Sur commande","short_details":"Collier Schorr \u2014 Mack Books","translator":null,"weight":1001,"page_count":null,"readership":null,"editor":"Mack Books","price":5000,"published_date":"2022-03-31T22:00:00.000000Z","support":"Grand format","publisher_availability":1,"stock":0,"editions":[],"url":"https:\/\/quaidesbrumes.com\/ouvrage\/9781913620707\/august-collier-schorr"},{"id":"9782367163932","title":"Pack  acteur, manuel de survie  +  mon cahier de castings","description":"Pack regroupant le livre \u00abActeur, manuel de survie\u00bb et \u00abMon cahier de castings\u00bb.\r\n\r\n\u00abActeur manuel de survie\u00bb : Actrice, acteur, ce livre est fait pour vous ! Votre vie d'artiste peut vite ressembler \u00e0 un parcours du combattant, \u00e0 cause de mille et une \u00e9preuves \u00e0 traverser afin d'arriver (enfin !) \u00e0 vivre de votre passion. Et pour survivre en milieu hostile, rien de mieux qu'un manuel, simple et pr\u00e9cis. Un livre qui vous accompagnera dans toutes les \u00e9tapes de ce long p\u00e9riple sem\u00e9 d'emb\u00fbches, qui permettra d'en \u00e9viter les pi\u00e8ges. Vous pourrez vous prendre en main et cr\u00e9er vous-m\u00eame les outils qui vous permettront de faire votre place dans le monde des acteurs. Acteur, manuel de survie r\u00e9pond donc \u00e0 des questions simples : pour quel type de r\u00f4le \u00eates-vous fait ? Comment r\u00e9aliser son book, son CV, sa bande d\u00e9mo ? Comment bien pr\u00e9parer un casting, une selftape, un callback, un entretien avec un agent ? O\u00f9 chercher les annonces et comment sortir du lot ? Comment ne pas \u00eatre victime d'arnaques et comment survivre apr\u00e8s un \u00e9ni\u00e8me refus sans perdre sa confiance en soi ? Liza Paturel est pass\u00e9e par l\u00e0 avant vous et a \u00e9prouv\u00e9 l'envie de partager son exp\u00e9rience. \u00abActeur, manuel de survie\u00bb est ainsi bourr\u00e9 d'anecdotes v\u00e9cues, d'exemples pr\u00e9cis qui font vivre cet ouvrage et le rendent encore plus indispensable.","authors":["Liza Paturel"],"category_codes":["6000000","6070000","6070300","6070301"],"visuals":{"large":"https:\/\/images.epagine.fr\/932\/9782367163932_1_75.jpg","medium":"https:\/\/images.epagine.fr\/932\/9782367163932_1_m.jpg","thumbnail":"https:\/\/images.epagine.fr\/932\/9782367163932_1_v.jpg"},"orderable":true,"show_badge":true,"formatted_price":"38,90&nbsp;\u20ac","formatted_published_date":"11 octobre 2022","publisher_availability_label":"Sur commande","short_details":"Liza Paturel \u2014 Lettmotif","translator":null,"weight":430,"page_count":320,"readership":null,"editor":"Lettmotif","price":3890,"published_date":"2022-10-10T22:00:00.000000Z","support":"Grand format","publisher_availability":1,"stock":0,"editions":[],"url":"https:\/\/quaidesbrumes.com\/ouvrage\/9782367163932\/pack-acteur-manuel-de-survie-mon-cahier-de-castings"},{"id":"9781419765131","title":"Rooftop paris","description":"A spectacular accordion-folded gift book that is a love letter to the city of Paris, as seen in panoramic views high above the city streetsRooftop Paris presents a unique panoramic and comprehensive visual tour of one of the world's most iconic cityscapes. From eight vantage points above the city, photographer Laurent Dequick invites you to explore, from dawn to dusk, a seemingly infinite landscape of zinc, slate, and copper from which emerge the great gilded monuments of the City of Light. Short essays focus on key Paris neighborhoods, and call-out captions on the photographs highlight notable buildings. The book is produced in an accordion-style concertina format that would stretch to 125 feet (38 meters) if fully unfolded. It is bound between hardcovers and inserted in a sturdy slipcase.","authors":["Laurent Dequick"],"category_codes":["6000000","6070000","6070200","6070201"],"visuals":{"large":"https:\/\/images.epagine.fr\/131\/9781419765131_1_75.jpg","medium":"https:\/\/images.epagine.fr\/131\/9781419765131_1_m.jpg","thumbnail":"https:\/\/images.epagine.fr\/131\/9781419765131_1_v.jpg"},"orderable":true,"show_badge":true,"formatted_price":"50,00&nbsp;\u20ac","formatted_published_date":"6 octobre 2022","publisher_availability_label":"Sur commande","short_details":"Laurent Dequick \u2014 Abrams UK","translator":null,"weight":0,"page_count":120,"readership":null,"editor":"Abrams UK","price":5000,"published_date":"2022-10-05T22:00:00.000000Z","support":"Grand format","publisher_availability":1,"stock":0,"editions":[],"url":"https:\/\/quaidesbrumes.com\/ouvrage\/9781419765131\/rooftop-paris"},{"id":"9782350465708","title":"L'empreinte de la photographie","description":"Depuis plus de quarante ans maintenant, Catherine Poncin fait de la photographie avec des photographies. Mieux?: elle fait photographie avec la photographie. Pourtant, les textes critiques qui accompagnent son travail tendent \u00e0 d\u00e9tacher la photographe de la photographie, comme si son travail \u00e9tait avant tout de seconde main, m\u00e9ta-photographique. Cet ouvrage se propose de r\u00e9examiner cette conviction et d'\u00e9largir la r\u00e9flexion aux questions suivantes?: qu'est-ce que le travail de Catherine Poncin fait aux images qui sont la source de son inspiration, mais aussi \u00e0 la photographie, comme pratique, comme art, comme pens\u00e9e?? C. M.","authors":["Catherine Poncin"],"category_codes":["6000000","6070000","6070200","6070204"],"visuals":{"large":"https:\/\/images.epagine.fr\/708\/9782350465708_1_75.jpg","medium":"https:\/\/images.epagine.fr\/708\/9782350465708_1_m.jpg","thumbnail":"https:\/\/images.epagine.fr\/708\/9782350465708_1_v.jpg"},"orderable":true,"show_badge":true,"formatted_price":"10,00&nbsp;\u20ac","formatted_published_date":"7 juin 2022","publisher_availability_label":"Sur commande","short_details":"Catherine Poncin \u2014 Filigranes","translator":null,"weight":180,"page_count":128,"readership":null,"editor":"Filigranes","price":1000,"published_date":"2022-06-06T22:00:00.000000Z","support":"Poche","publisher_availability":1,"stock":0,"editions":[],"url":"https:\/\/quaidesbrumes.com\/ouvrage\/9782350465708\/lempreinte-de-la-photographie"},{"id":"9782322407330","title":"Douleurs fant\u00f4mes","description":"La force centrifuge des douleurs pr\u00e9sentes ou pass\u00e9es est telle que personne ne peut y r\u00e9sister. \r\n\r\nCe livre est avant tout le fruit d'une rencontre qui a eu lieu en 2008. A l'\u00e9poque, nous avions \u00e9t\u00e9 mutuellement attir\u00e9s (irr\u00e9sistiblement) par nos oeuvres respectives. Les collages de l'une et les \u00e9crits de l'autre. \r\n\r\nCela aboutira \u00e0 un projet initial et embryonnaire : YAAV (fusion de nos initiales) en 2009\/2010. Les collages stup\u00e9fiants de Dysto-photographie et les \u00e9crits rageurs d'Andy V\u00e9rol (pseudo de L\u00e9onel Houssam jusqu'en 2013). \r\n\r\nDepuis, les liens se sont resserr\u00e9s, desserr\u00e9s, contract\u00e9s, construits, d\u00e9construits telles deux \u00e9toiles prises dans le tourbillon violent de leur collision. Scission\/fusion, distorsion\/contorsion. Un chaos perp\u00e9tuel qui a compos\u00e9 une danse ininterrompue, disloqu\u00e9e par la proximit\u00e9 d'un trou noir aspirant de longues \u00e9charpes de nos \u00e9nergies respectives. La gravit\u00e9 de l'un perturb\u00e9e par la gravit\u00e9 de l'autre, elles-m\u00eames secou\u00e9es par l'effet de mar\u00e9e irr\u00e9sistible provoqu\u00e9e par le mitard \u00e9ternel qu'est le monde, ce trou noir aussi fascinant qu'horrifiant.\r\n\r\nNous ne formons pas Un. Nous ne formons pas non plus deux entit\u00e9s totalement distinctes. Et s'agissant de la cr\u00e9ation, nous n'interf\u00e9rons jamais sur nos productions respectives. Tout au plus demandons-nous l'avis de l'autre avec une confiance absolue, s\u00fbrs que le jugement sera sinc\u00e8re et honn\u00eate. C'est dans ce contexte intime, humain, cr\u00e9atif que ce livre a vu le jour.","authors":["L\u00e9onel Houssam"],"category_codes":["6000000","6070000","6070200","6070205"],"visuals":{"large":"https:\/\/images.epagine.fr\/330\/9782322407330_1_75.jpg","medium":"https:\/\/images.epagine.fr\/330\/9782322407330_1_m.jpg","thumbnail":"https:\/\/images.epagine.fr\/330\/9782322407330_1_v.jpg"},"orderable":true,"show_badge":true,"formatted_price":"21,00&nbsp;\u20ac","formatted_published_date":"7 mai 2022","publisher_availability_label":"Sur commande","short_details":"L\u00e9onel Houssam \u2014 Books on Demand","translator":null,"weight":182,"page_count":50,"readership":null,"editor":"Books on Demand","price":2100,"published_date":"2022-05-06T22:00:00.000000Z","support":"Grand format","publisher_availability":1,"stock":0,"editions":[],"url":"https:\/\/quaidesbrumes.com\/ouvrage\/9782322407330\/douleurs-fantomes"},{"id":"9782322411405","title":"Photomontages I","description":"Miguel S. Ruiz est l'auteur d'une vingtaine d'ouvrages, sur des sujets divers et vari\u00e9s : humoristiques (la s\u00e9rie des Aphorismes, paradoxes et autres..., 500 c\u00e9l\u00e9brit\u00e9s qui se ressemblent, Les fins mots de la fin, Apprenez l'anglais entre faux-amis), de photographies (Un cimeti\u00e8re bien vivant : le P\u00e8re-Lachaise,Paysages\/Visages\/Voyages : un tour du monde en 100 photos), ou autres : Dictionnaire de la Guerre civile espagnole  et de ses pr\u00e9mices, Mon Paris insolite, Dark Syd of the Floyd (Les deux vies de Roger K. Barrett), Communes de France aux noms insolites...).\r\n    Photomontages I est un recueil de collages de l'auteur - illustrations de citations c\u00e9l\u00e8bres... ou pas.","authors":["Miguel S. Ruiz"],"category_codes":["6000000","6070000","6070200","6070205"],"visuals":{"large":"https:\/\/images.epagine.fr\/405\/9782322411405_1_75.jpg","medium":"https:\/\/images.epagine.fr\/405\/9782322411405_1_m.jpg","thumbnail":"https:\/\/images.epagine.fr\/405\/9782322411405_1_v.jpg"},"orderable":true,"show_badge":true,"formatted_price":"23,50&nbsp;\u20ac","formatted_published_date":"3 mai 2022","publisher_availability_label":"Sur commande","short_details":"Miguel S. Ruiz \u2014 Books on Demand","translator":null,"weight":279,"page_count":184,"readership":null,"editor":"Books on Demand","price":2350,"published_date":"2022-05-02T22:00:00.000000Z","support":"Grand format","publisher_availability":1,"stock":0,"editions":[],"url":"https:\/\/quaidesbrumes.com\/ouvrage\/9782322411405\/photomontages-i"},{"id":"9781954600010","title":"Building + Becoming","description":"La grande monographie, sculpturale et sophistiqu\u00e9e (deux volumes reli\u00e9s sous une m\u00eame couverture), d'Amir Zaki, photographe hyperr\u00e9aliste des skateparks californiens, couvre plus de vingt ans de travail photographique, avec un essai et un entretien.\r\nAmir Zaki a con\u00e7u une monographie monumentale sans entr\u00e9e ni sortie singuli\u00e8re. Rassemblant deux ouvrages avec une triple reliure, le livre s'ouvre sur une largeur totale d'environ un m\u00e8tre. L'ancien skateur met en lumi\u00e8re plusieurs s\u00e9ries pour ce livre, notamment des rochers, des sculptures, des paysages \u00ab suspendus \u00bb et des architectures de plages californiennes, qui, \u00e0 l'instar de ses skateparks (\u00e9galement inclus), sont \u00e9trangement calmes et vides.\r\nUn entretien avec la commissaire d'exposition et critique d'art Corrina Peipon met en lumi\u00e8re l'histoire de Zaki et ses pr\u00e9occupations concernant la photographie et la technologie. L'essai des critiques litt\u00e9raires Walter Benn Michaels et Jennifer Ashton examine les strat\u00e9gies de manipulation de l'espace de Zaki \u00e0 travers une \u00ab uniformit\u00e9 \u00bb obtenue en cr\u00e9ant un objet parfaitement focalis\u00e9 techniquement, d\u00e9fiant la logique visuelle. Se r\u00e9f\u00e9rant \u00e0 l'histoire de la photographie de paysage et de la photographie moderne en Californie (Edward Weston, Ansel Adams), Michaels et Ashton montrent que la mani\u00e8re dont Zaki int\u00e8gre la technologie \u00e0 cette tradition aboutit \u00e0 une \u00ab addition par soustraction \u00bb de la troisi\u00e8me dimension.","authors":["Amir Zaki"],"category_codes":["6000000","6070000","6070200","6070205"],"visuals":{"large":"https:\/\/images.epagine.fr\/010\/9781954600010_1_75.jpg","medium":"https:\/\/images.epagine.fr\/010\/9781954600010_1_m.jpg","thumbnail":"https:\/\/images.epagine.fr\/010\/9781954600010_1_v.jpg"},"orderable":true,"show_badge":true,"formatted_price":"80,00&nbsp;\u20ac","formatted_published_date":"11 mai 2022","publisher_availability_label":"Sur commande","short_details":"Amir Zaki \u2014 X Artists' Books","translator":null,"weight":0,"page_count":272,"readership":null,"editor":"X Artists' Books","price":8000,"published_date":"2022-05-10T22:00:00.000000Z","support":"Grand format","publisher_availability":1,"stock":0,"editions":[],"url":"https:\/\/quaidesbrumes.com\/ouvrage\/9781954600010\/building-becoming"},{"id":"9788867494972","title":"Fair Game","description":"Cette nouvelle monographie de la r\u00e9alisatrice am\u00e9ricaine embl\u00e9matique de la Pictures Generation met en lumi\u00e8re l'actualit\u00e9 des probl\u00e9matiques qui traversent l'ensemble de son oeuvre sur une quarantaine d'ann\u00e9es.\r\nUn monde d\u00e9fini par des structures et des syst\u00e8mes o\u00f9 la performance r\u00e8gne, o\u00f9 l'optimalisation fait l'objet d'une constante pr\u00e9occupation et o\u00f9 la gamification est utilis\u00e9e comme moyen pour stimuler la participation... Toutes ces propri\u00e9t\u00e9s caract\u00e9ristiques de la soci\u00e9t\u00e9 d'aujourd'hui ont d\u00e9j\u00e0 \u00e9t\u00e9 explor\u00e9es par Ericka Beckman dans ses films au d\u00e9but des ann\u00e9es 1980, bien avant l'introduction des r\u00e9seaux sociaux et de l'interaction virtuelle.\r\nCette nouvelle monographie documente l'exposition \u00e9ponyme au M Leuven (Louvain) et \u00e0 la Kestner Gesellschaft, Hanovre.\r\nL'artiste am\u00e9ricaine y pr\u00e9sente son installation multim\u00e9dia Nanotech Players (1989), son premier film 16 mm You The Better (1983) et, en premi\u00e8re mondiale, son nouveau film Reach Capacity (2020) sur un \u00e9cran rotatif. Les deux films ont en commun l'utilisation du jeu comme dispositif de structuration, l'iconographie de la culture populaire, et un commentaire sur le capitalisme, et plus sp\u00e9cifiquement la sp\u00e9culation immobili\u00e8re. Ils suscitent une m\u00eame question : peut-on triompher d'un syst\u00e8me dominant ?\r\nParall\u00e8lement \u00e0 ce commentaire politique, Beckman entend provoquer une r\u00e9ponse corporelle. L'activit\u00e9 physique \u00e0 l'\u00e9cran contribue \u00e0 engager le public, tout comme les objets facilement identifiables et la palette restreinte de couleurs vives. Les accessoires expos\u00e9s dans la salle d'exposition brouillent les limites, transformant le visionnage en une exp\u00e9rience tridimensionnelle. Si l'artiste a toujours envisag\u00e9 la pr\u00e9sentation de son oeuvre de la sorte, ce n'est que r\u00e9cemment que la technologie et un changement des pratiques curatoriales ont rendu ce dispositif possible, lib\u00e9rant ses films de la salle de projection et leur insufflant vie sous forme d'installations.\r\nLes textes de Marie de Brugerolle, Mark Cutler et Valerie Verhack qui mettent en lumi\u00e8re l'actualit\u00e9 br\u00fblante du m\u00eame sujet qui traverse ces oeuvres distantes de 40 ans : les jeux comme moyen de structurer la soci\u00e9t\u00e9 capitaliste.","authors":["Ericka Beckman"],"category_codes":["6000000","6070000","6070300","6070305"],"visuals":{"large":"https:\/\/images.epagine.fr\/972\/9788867494972_1_75.jpg","medium":"https:\/\/images.epagine.fr\/972\/9788867494972_1_m.jpg","thumbnail":"https:\/\/images.epagine.fr\/972\/9788867494972_1_v.jpg"},"orderable":true,"show_badge":true,"formatted_price":"27,00&nbsp;\u20ac","formatted_published_date":"15 avril 2022","publisher_availability_label":"Sur commande","short_details":"Ericka Beckman \u2014 Mousse Publishing","translator":null,"weight":0,"page_count":112,"readership":null,"editor":"Mousse Publishing","price":2700,"published_date":"2022-04-14T22:00:00.000000Z","support":"Grand format","publisher_availability":1,"stock":0,"editions":[],"url":"https:\/\/quaidesbrumes.com\/ouvrage\/9788867494972\/fair-game"},{"id":"9781452166636","title":"Good dogs on nice furniture notes : 20 different notecards and envelopes","description":"Featuring colorful photographs of William Wegman's iconic dogs perched on glorious midcentury modern furniture, these notecards are the perfect way to share good cheer with a photography or dog lover (especially one with some ripped up furniture of their own).","authors":["William Wegman"],"category_codes":["6000000","6070000","6070200","6070205"],"visuals":{"large":"https:\/\/images.epagine.fr\/636\/9781452166636_1_75.jpg","medium":"https:\/\/images.epagine.fr\/636\/9781452166636_1_m.jpg","thumbnail":"https:\/\/images.epagine.fr\/636\/9781452166636_1_v.jpg"},"orderable":true,"show_badge":true,"formatted_price":"0,00&nbsp;\u20ac","formatted_published_date":"4 avril 2018","publisher_availability_label":"Sur commande","short_details":"William Wegman \u2014 CHRONICLE BOOKS","translator":null,"weight":253,"page_count":20,"readership":null,"editor":"CHRONICLE BOOKS","price":0,"published_date":"2018-04-03T22:00:00.000000Z","support":"Papeterie \/ Coloriage","publisher_availability":1,"stock":0,"editions":[],"url":"https:\/\/quaidesbrumes.com\/ouvrage\/9781452166636\/good-dogs-on-nice-furniture-notes-20-different-notecards-and-envelopes"},{"id":"9782312121796","title":"Projet photo : le Luxembourg","description":"Le Luxembourg, petit pays, petit par la taille mais riche, pas seulement en fond d'investissement, mais au point de vue nature, for\u00eats, vall\u00e9es, ch\u00e2teaux, urbanismes, rivi\u00e8res... Ce livre retracera les villes principales de ce beau pays qui reste \u00e0 d\u00e9couvrir, les photos r\u00e9alis\u00e9es donneront une id\u00e9e de ce que ce pays peut donner en richesse naturelle. Alors profitez en !!","authors":["Christian Manzoni"],"category_codes":["6000000","6070000","6070200","6070205"],"visuals":{"large":"https:\/\/images.epagine.fr\/796\/9782312121796_1_75.jpg","medium":"https:\/\/images.epagine.fr\/796\/9782312121796_1_m.jpg","thumbnail":"https:\/\/images.epagine.fr\/796\/9782312121796_1_v.jpg"},"orderable":true,"show_badge":true,"formatted_price":"29,00&nbsp;\u20ac","formatted_published_date":"9 juin 2022","publisher_availability_label":"Sur commande","short_details":"Christian Manzoni \u2014 Editions du Net","translator":null,"weight":235,"page_count":74,"readership":null,"editor":"Editions du Net","price":2900,"published_date":"2022-06-08T22:00:00.000000Z","support":"Grand format","publisher_availability":1,"stock":0,"editions":[],"url":"https:\/\/quaidesbrumes.com\/ouvrage\/9782312121796\/projet-photo-le-luxembourg"},{"id":"9782869068940","title":"Un Moyen \u00c2ge en clair-obscur : le m\u00e9di\u00e9valisme dans les s\u00e9ries t\u00e9l\u00e9vis\u00e9es","description":"De Thierry la fronde \u00e0 The Witcher, en passant par Vikings et Kaamelott, les s\u00e9ries t\u00e9l\u00e9vis\u00e9es consacr\u00e9es au Moyen \u00c2ge nous font tour \u00e0 tour r\u00eaver et trembler, mais peignent ensemble le portrait d'une \u00e9poque m\u00e9di\u00e9vale fascinante.Alors que les grosses productions r\u00e9centes rivalisent de plus en plus avec le cin\u00e9ma, les s\u00e9ries conservent toujours sur le grand \u00e9cran l'avantage de la dur\u00e9e et de la proximit\u00e9. Par leur diffusion \u00e9tendue, elles se r\u00e9v\u00e8lent \u00eatre le moyen privil\u00e9gi\u00e9 pour pr\u00e9senter des h\u00e9ros complexes impliqu\u00e9s dans des intrigues foisonnantes, qu'il s'agisse d'adapter de grandes sagas de fantasy ou des \u00e9pisodes tir\u00e9s de l'histoire europ\u00e9enne.Malgr\u00e9 leur diversit\u00e9 apparente, toutes ces s\u00e9ries puisent dans un m\u00eame imaginaire : celui de nobles chevaliers faisant parler le fer dans un monde \u00e0 la fois merveilleux et violent. Les s\u00e9ries contribuent ainsi \u00e0 rendre le Moyen \u00c2ge familier, mais aussi \u00e0 entretenir l'image n\u00e9gative des \u00ab \u00c2ges sombres \u00bb, largement remise en question par la recherche historique. En s'appuyant sur des dizaines de s\u00e9ries diffus\u00e9es depuis les ann\u00e9es 1950 jusqu'\u00e0 aujourd'hui, ce livre analyse l'image que les s\u00e9ries retiennent et entretiennent de la p\u00e9riode m\u00e9di\u00e9vale. Il montre comment l'usage et l'\u00e9volution de ces programmes contribuent \u00e0 peindre un Moyen \u00c2ge en clair-obscur, beaucoup plus nuanc\u00e9 qu'on ne le croit souvent.","authors":["Justine Breton"],"category_codes":["6000000","6070000","6070300"],"visuals":{"large":"https:\/\/images.epagine.fr\/940\/9782869068940_1_75.jpg","medium":"https:\/\/images.epagine.fr\/940\/9782869068940_1_m.jpg","thumbnail":"https:\/\/images.epagine.fr\/940\/9782869068940_1_v.jpg"},"orderable":true,"show_badge":true,"formatted_price":"28,00&nbsp;\u20ac","formatted_published_date":"9 f\u00e9vrier 2023","publisher_availability_label":"Sur commande","short_details":"Justine Breton \u2014 Presses Universitaires Fran\u00e7ois Rabelais","translator":null,"weight":770,"page_count":398,"readership":null,"editor":"Presses Universitaires Fran\u00e7ois Rabelais","price":2800,"published_date":"2023-02-08T23:00:00.000000Z","support":"Grand format","publisher_availability":1,"stock":0,"editions":[],"url":"https:\/\/quaidesbrumes.com\/ouvrage\/9782869068940\/un-moyen-age-en-clair-obscur-le-medievalisme-dans-les-series-televisees"},{"id":"9782322457304","title":"Les tomates du potager de joel - illustrations, couleur","description":"Un enchev\u00eatrement de plantes sauvages, de framboisiers, de touffes de fleurs vivaces, de planches de l\u00e9gumes, avec le carr\u00e9 de tomates plac\u00e9 au centre en plein soleil. Plants tuteur\u00e9s avec des petites branches de coudrier sur lesquelles s'installent ces l\u00e9gumes-fruits que sont les tomates. De couleur rouge, vert, jaune citron et jaune p\u00e2le ; de formes rondes, allong\u00e9es, cornues ; avec ce parfum l\u00e9g\u00e8rement aigre si particulier quand on effleure les feuillages. Univers \u00e0 des ann\u00e9es-lumi\u00e8re des turpitudes et des trag\u00e9dies du monde r\u00e9el.","authors":["Jo\u00ebl Douillet"],"category_codes":["6000000","6070000","6070200"],"visuals":{"large":"https:\/\/images.epagine.fr\/304\/9782322457304_1_75.jpg","medium":"https:\/\/images.epagine.fr\/304\/9782322457304_1_m.jpg","thumbnail":"https:\/\/images.epagine.fr\/304\/9782322457304_1_v.jpg"},"orderable":true,"show_badge":true,"formatted_price":"19,00&nbsp;\u20ac","formatted_published_date":"6 septembre 2022","publisher_availability_label":"Sur commande","short_details":"Jo\u00ebl Douillet \u2014 Books on Demand","translator":null,"weight":166,"page_count":32,"readership":null,"editor":"Books on Demand","price":1900,"published_date":"2022-09-05T22:00:00.000000Z","support":"Grand format","publisher_availability":1,"stock":0,"editions":[],"url":"https:\/\/quaidesbrumes.com\/ouvrage\/9782322457304\/les-tomates-du-potager-de-joel-illustrations-couleur"},{"id":"9782902296323","title":"The Eyes of Love in Doctor Zhivago","description":"This is the second edition, revised and enriched, of the title previously published in 2022.\r\nAn essay about the role of eyes in the Doctor Zhivago movie (from the Boris Pasternak novel).\r\nOriginal in its approach, this book focuses on both Julie Christie and Omar Sharif, not to forget Tom Courtenay. Their eyes speak for themselves. A thorough analysis about the Freddie Young way of lighting, too. Young has a key role in the movie as Director of Photography as Neil McKinnon shall demonstrate.\r\nThis extensive visual study will plunge you into the world of the First World War and the Russian Revolution as well as that of love!!!\r\nA very original and personal book as well as tremendously documented.\r\nTo begin with, a brief analysis by Mrs Anna Pasternak (great-niece of Boris Pasternak, Nobel prize winner for Literature) praises the book.\r\nLe livre est en anglais.\r\nC'est un essai \u00e0 propos du r\u00f4le du regard dans le film Le docteur Jivago (\u00e0 partir du roman de Boris Pasternak).\r\nD'une approche originale, ce livre se focalise sur Julie Christie et Omar Sharif, sans oublier Tom Courtenay. Leurs yeux disent tout. C'est \u00e9galement une analyse minutieuse des m\u00e9thodes d'\u00e9clairage de Freddie Young. Young dont le r\u00f4le dans le film est essentiel en tant que Directeur de la Photographie-chef op\u00e9rateur.\r\nCette \u00e9tude tr\u00e8s compl\u00e8te vous plongera dans la Premi\u00e8re Guerre mondiale et la r\u00e9volution russe autant que dans l'amour !\r\nUn ouvrage tr\u00e8s original et personnel, autant qu'extr\u00eamement document\u00e9.","authors":["Neil McKinnon"],"category_codes":["6000000","6070000","6070300"],"visuals":{"large":"https:\/\/images.epagine.fr\/323\/9782902296323_1_75.jpg","medium":"https:\/\/images.epagine.fr\/323\/9782902296323_1_m.jpg","thumbnail":"https:\/\/images.epagine.fr\/323\/9782902296323_1_v.jpg"},"orderable":true,"show_badge":true,"formatted_price":"22,50&nbsp;\u20ac","formatted_published_date":"11 septembre 2022","publisher_availability_label":"Sur commande","short_details":"Neil McKinnon \u2014 MYOSOTIS BOOKS","translator":null,"weight":407,"page_count":284,"readership":null,"editor":"MYOSOTIS BOOKS","price":2250,"published_date":"2022-09-10T22:00:00.000000Z","support":"Grand format","publisher_availability":1,"stock":0,"editions":[],"url":"https:\/\/quaidesbrumes.com\/ouvrage\/9782902296323\/the-eyes-of-love-in-doctor-zhivago"},{"id":"9782322451319","title":"Petites meditations photographiques - tome v - illustrations, couleur","description":"Ce livre comprend une s\u00e9lection de mes photographies, certaines en noir et blanc, et d'autres en couleur. Elles sont accompagn\u00e9es de petites m\u00e9ditations d'une page, que j'ai \u00e9crites en les regardant.\r\n\r\nDe format volontairement court, elles permettent en retour la m\u00e9ditation du lecteur, qui peut ainsi faire de l'ouvrage une lecture picorante et fragment\u00e9e.\r\n\r\nL'ouvrage pr\u00e9sente deux axes principaux.\r\n\r\nCertains textes, plus sensibles et po\u00e9tiques, montrent la recherche d'une \u00e2me en qu\u00eate d'une vie authentique, par-del\u00e0 les d\u00e9ceptions caus\u00e9es par un monde d\u00e9pourvu d'id\u00e9al ou de transcendance.\r\n\r\nEnsuite on pourra d\u00e9couvrir dans quelques autres textes, plus analytiques, plusieurs fa\u00e7ons diff\u00e9rentes de regarder les images, dans le prolongement des autres livres que j'ai d\u00e9j\u00e0 publi\u00e9s sur ce sujet.","authors":["Michel Th\u00e9ron"],"category_codes":["6000000","6070000","6070200"],"visuals":{"large":"https:\/\/images.epagine.fr\/319\/9782322451319_1_75.jpg","medium":"https:\/\/images.epagine.fr\/319\/9782322451319_1_m.jpg","thumbnail":"https:\/\/images.epagine.fr\/319\/9782322451319_1_v.jpg"},"orderable":true,"show_badge":true,"formatted_price":"16,00&nbsp;\u20ac","formatted_published_date":"13 septembre 2022","publisher_availability_label":"Sur commande","short_details":"Michel Th\u00e9ron \u2014 Books on Demand","translator":null,"weight":177,"page_count":92,"readership":null,"editor":"Books on Demand","price":1600,"published_date":"2022-09-12T22:00:00.000000Z","support":"Grand format","publisher_availability":1,"stock":0,"editions":[],"url":"https:\/\/quaidesbrumes.com\/ouvrage\/9782322451319\/petites-meditations-photographiques-tome-v-illustrations-couleur"},{"id":"9782492175190","title":"Migrations : Cherbourg","description":null,"authors":["Alexandre Guirkinger"],"category_codes":["6000000","6070000","6070200","6070205"],"visuals":{"large":"https:\/\/images.epagine.fr\/190\/9782492175190_1_75.jpg","medium":"https:\/\/images.epagine.fr\/190\/9782492175190_1_m.jpg","thumbnail":"https:\/\/images.epagine.fr\/190\/9782492175190_1_v.jpg"},"orderable":true,"show_badge":true,"formatted_price":"25,00&nbsp;\u20ac","formatted_published_date":"30 juillet 2022","publisher_availability_label":"Sur commande","short_details":"Alexandre Guirkinger \u2014 Rvb Books","translator":null,"weight":501,"page_count":null,"readership":null,"editor":"Rvb Books","price":2500,"published_date":"2022-07-29T22:00:00.000000Z","support":"Grand format","publisher_availability":1,"stock":0,"editions":[],"url":"https:\/\/quaidesbrumes.com\/ouvrage\/9782492175190\/migrations-cherbourg"},{"id":"9782492175206","title":"Alexandre guirkinger migrations - givors \/francais\/anglais","description":null,"authors":["Guirkinger Alexandre"],"category_codes":["6000000","6070000","6070200"],"visuals":{"large":"https:\/\/images.epagine.fr\/206\/9782492175206_1_75.jpg","medium":"https:\/\/images.epagine.fr\/206\/9782492175206_1_m.jpg","thumbnail":"https:\/\/images.epagine.fr\/206\/9782492175206_1_v.jpg"},"orderable":true,"show_badge":true,"formatted_price":"25,00&nbsp;\u20ac","formatted_published_date":"30 juillet 2022","publisher_availability_label":"Sur commande","short_details":"Guirkinger Alexandre \u2014 Rvb Books","translator":null,"weight":500,"page_count":null,"readership":null,"editor":"Rvb Books","price":2500,"published_date":"2022-07-29T22:00:00.000000Z","support":"Grand format","publisher_availability":1,"stock":0,"editions":[],"url":"https:\/\/quaidesbrumes.com\/ouvrage\/9782492175206\/alexandre-guirkinger-migrations-givors-francaisanglais"},{"id":"9780764365171","title":"101 things you should know about James Bond","description":"In this photo-filled compendium of fun facts and fascinating trivia, every aspect of the world's most famous secret agent is explored and celebrated. From Bond's cars and gadgets to his women and villains, the 007 universe comes to life for fans new and old. Secrets are revealed and myths are dispelled about Fleming's novels and Hollywood's movies, from Casino Royale to No Time to Die. Arranged chronologically starting with the character's brilliant creator-Ian Fleming-the 100 chapters progress from the novels to the short stories to the films that feature Fleming's characters but were based on no book he ever wrote. Each entry is color coded to identify the main actor and locate his gadgets with ease. So mix yourself a martini (shaken, not stirred) and enter the intriguing world of Bond. James Bond.","authors":["Michael D\u00f6rflinger"],"category_codes":["6000000","6070000","6070300","6070305"],"visuals":{"large":"https:\/\/images.epagine.fr\/171\/9780764365171_1_75.jpg","medium":"https:\/\/images.epagine.fr\/171\/9780764365171_1_m.jpg","thumbnail":"https:\/\/images.epagine.fr\/171\/9780764365171_1_v.jpg"},"orderable":true,"show_badge":true,"formatted_price":"36,00&nbsp;\u20ac","formatted_published_date":"7 d\u00e9cembre 2022","publisher_availability_label":"Sur commande","short_details":"Michael D\u00f6rflinger \u2014 Schiffer","translator":null,"weight":453,"page_count":192,"readership":null,"editor":"Schiffer","price":3600,"published_date":"2022-12-06T23:00:00.000000Z","support":"Grand format","publisher_availability":1,"stock":0,"editions":[],"url":"https:\/\/quaidesbrumes.com\/ouvrage\/9780764365171\/101-things-you-should-know-about-james-bond"},{"id":"9782140294457","title":"Simone \u00e0 Babelsberg","description":"\u00c0 l'\u00e9t\u00e9 1955, Simone Signoret, en compagnie de son ami Bernard Blier, se rend en RDA pour tourner dans le film M\u00e8re Courage, d'apr\u00e8s la pi\u00e8ce r\u00e9volutionnaire de Bertolt Brecht. C'est une d\u00e9marche originale mais risqu\u00e9e en pleine guerre froide. Simone veut d\u00e9couvrir la vie dans un pays communiste et manifester son engagement politique. Elle ne se doute pas que sa pr\u00e9sence va troubler le metteur en sc\u00e8ne, susciter la jalousie de sa partenaire et cristalliser une querelle artistique qui va rapidement d\u00e9g\u00e9n\u00e9rer en affaire politique.\r\nT\u00e9moignage des difficult\u00e9s du processus de cr\u00e9ation collective, ce film reste inachev\u00e9. Il \u00e9tait pourtant la promesse d'une oeuvre unique. Tant il r\u00e9unissait de talents.\r\nDans les studios l\u00e9gendaires de Babelsberg se c\u00f4toient pendant quelques semaines une actrice c\u00e9l\u00e8bre, un dramaturge g\u00e9nial, un r\u00e9alisateur brillant, une com\u00e9dienne vex\u00e9e, un producteur d\u00e9sesp\u00e9r\u00e9, un ministre po\u00e8te, un bureaucrate troubl\u00e9, un assistant d\u00e9lateur, sans compter une troupe g\u00e9n\u00e9reuse, des techniciens exp\u00e9riment\u00e9s, des apparatchiks omnipr\u00e9sents. Au final, une distribution digne d'une superproduction !","authors":["Cyril Buffet"],"category_codes":["6000000","6070000","6070300","6070307"],"visuals":{"large":"https:\/\/images.epagine.fr\/457\/9782140294457_1_75.jpg","medium":"https:\/\/images.epagine.fr\/457\/9782140294457_1_m.jpg","thumbnail":"https:\/\/images.epagine.fr\/457\/9782140294457_1_v.jpg"},"orderable":true,"show_badge":true,"formatted_price":"22,50&nbsp;\u20ac","formatted_published_date":"21 septembre 2022","publisher_availability_label":"Sur commande","short_details":"Cyril Buffet \u2014 \u00c9ditions L'Harmattan","translator":null,"weight":273,"page_count":202,"readership":null,"editor":"\u00c9ditions L'Harmattan","price":2250,"published_date":"2022-09-20T22:00:00.000000Z","support":"Grand format","publisher_availability":1,"stock":0,"editions":[],"url":"https:\/\/quaidesbrumes.com\/ouvrage\/9782140294457\/simone-a-babelsberg"},{"id":"9781913620806","title":"Biscuits !","description":"'Tala Madani:Biscuits' accompanies the first North American survey of the Iranian-born artist's paintings, animations, and drawings. Organized by The Museum of Contemporary Art, Los Angeles (MOCA), the exhibition brings together fifteen years of the artist's incisive work, highlighting the often-absurd socio-cultural dynamics enacted within Madani's art and, more broadly, the potent and combustible relationship between art history and global history. The publication is the most comprehensive on Madani's work to date. Paintings and animations from Madani's major series dating from 2005 to the present are represented by approximately 80 plates, along with 40 images of Madani's heretofore unpublished sketchbook drawings, which offer a rare look at the rich process by which the artist develops her ribald menagerie of characters. The catalogue also features a conversation between Madani and Ali Subotnick, guest curator of the exhibition, as well as new essays by Rebecca Lowery, MOCA Assistant Curator; Maggie Nelson, acclaimed Los Angeles-based writer; and Evan Calder Williams, Associate Professor at the Center for Curatorial Studies, Bard College. Essays in the book range from personal to critical, encompassing contemplations of motherhood and sexual politics, as well as contextualizing Madani's work in art history. Co-published with The Museum of Contemporary Art, Los Angeles.","authors":["Tala Madani"],"category_codes":["6000000","6070000","6070200","6070205"],"visuals":{"large":"https:\/\/images.epagine.fr\/806\/9781913620806_1_75.jpg","medium":"https:\/\/images.epagine.fr\/806\/9781913620806_1_m.jpg","thumbnail":"https:\/\/images.epagine.fr\/806\/9781913620806_1_v.jpg"},"orderable":true,"show_badge":true,"formatted_price":"40,00&nbsp;\u20ac","formatted_published_date":"27 ao\u00fbt 2022","publisher_availability_label":"Sur commande","short_details":"Tala Madani \u2014 Mack Books","translator":null,"weight":801,"page_count":null,"readership":null,"editor":"Mack Books","price":4000,"published_date":"2022-08-26T22:00:00.000000Z","support":"Grand format","publisher_availability":1,"stock":0,"editions":[],"url":"https:\/\/quaidesbrumes.com\/ouvrage\/9781913620806\/biscuits"},{"id":"9780300267389","title":"Called to the camera","description":"A timely reconsideration of the history of photography that places Black studio photographers, and their subjects, at the center.\r\n\r\nFrom photography's beginnings in the United States, Black studio photographers operated on the developing edge of popular media to produce affirming portraits for their clients, as well as a wide range of photographic work rooted in their communities. Called to the Camera offers a comprehensive history of this work, from the nineteenth-century daguerreotypes of James Presley Ball to the height of Black studios in the mid-twentieth century, and considers contemporary photographers responding to Black studio traditions today. In addition to showcasing famous photographers such as Ball, James Van Der Zee, and Addison Scurlock, this volume brings attention to dozens of other artists across the country, including Florestine Perrault Collins, Austin Hansen, and Henry Clay Anderson. The book features more than one hundred extraordinary vintage photographs, many of them unique objects and some, like those by the Hooks Brothers Studio, published here for the first time. Highlighting Black subjects on both sides of the camera, Called to the Camera presents a broader and more inclusive history of photography.\r\n\r\nDistributed for the New Orleans Museum of Art.","authors":["Brian Piper"],"category_codes":["6000000","6070000","6070200","6070204"],"visuals":{"large":"https:\/\/images.epagine.fr\/389\/9780300267389_1_75.jpg","medium":"https:\/\/images.epagine.fr\/389\/9780300267389_1_m.jpg","thumbnail":"https:\/\/images.epagine.fr\/389\/9780300267389_1_v.jpg"},"orderable":true,"show_badge":true,"formatted_price":"50,00&nbsp;\u20ac","formatted_published_date":"2 novembre 2022","publisher_availability_label":"Sur commande","short_details":"Brian Piper \u2014 Yale Uk","translator":null,"weight":0,"page_count":256,"readership":null,"editor":"Yale Uk","price":5000,"published_date":"2022-11-01T23:00:00.000000Z","support":"Beaux-livres","publisher_availability":1,"stock":0,"editions":[],"url":"https:\/\/quaidesbrumes.com\/ouvrage\/9780300267389\/called-to-the-camera"}]}