{"data":[{"id":"9782970110378","title":"Entretiens pour un film Tome 1 ; the filming, not the film","description":"Une r\u00e9flexion sur l'\u00e9vasion de la sph\u00e8re publique bas\u00e9e sur une visite de la maison de Derek Jarman.\r\nThe Filming, not the Film est le premier num\u00e9ro de la s\u00e9rie Entretiens pour un film. Il articule une s\u00e9rie de questions d\u00e9clench\u00e9es par la visite de la maison de Derek Jarman au Royaume-Uni. Situ\u00e9e \u00e0 Dungeness, sur la c\u00f4te du Kent, Prospect Cottage est \u00e0 la fois un espace de gu\u00e9rison et un plateau de tournage. Des r\u00e9flexions se d\u00e9veloppent autour du recommencement \u00e0 z\u00e9ro, des liens lentement s'\u00e9tablissent entre un jardin et les mouvements d'une cam\u00e9ra. The Filming, not the Film met en lien des questions relatives \u00e0 l'\u00e9vasion de la sph\u00e8re publique \u00e0 la recherche d'intimit\u00e9.\r\nEntretiens pour un film est une s\u00e9rie de publications pr\u00e9sentant des cin\u00e9astes, artistes ou auteur\u00b7es du domaine de l'image en mouvement en s'int\u00e9ressant au lieu qu'i\u00b7elles ont choisi pour \u00e9chapper \u00e0 un monde en particulier. Chaque num\u00e9ro parcourt un nouvel espace de parent\u00e9 choisi par un\u00b7e auteur\u00b7e et renvoie \u00e0 la mani\u00e8re dont sa cr\u00e9ativit\u00e9 s'y refl\u00e8te.\r","authors":["Camille Dumond"],"category_codes":["6000000","6070000","6070300","6070304"],"visuals":{"large":"https:\/\/images.epagine.fr\/378\/9782970110378_1_75.jpg","medium":"https:\/\/images.epagine.fr\/378\/9782970110378_1_m.jpg","thumbnail":"https:\/\/images.epagine.fr\/378\/9782970110378_1_v.jpg"},"orderable":true,"show_badge":true,"formatted_price":"14,00&nbsp;\u20ac","formatted_published_date":"20 mai 2020","publisher_availability_label":"Sur commande","short_details":"Camille Dumond \u2014 Clinamen","translator":null,"weight":130,"page_count":88,"readership":null,"editor":"Clinamen","price":1400,"published_date":"2020-05-19T22:00:00.000000Z","support":"Poche","publisher_availability":1,"stock":0,"editions":[],"url":"https:\/\/quaidesbrumes.com\/ouvrage\/9782970110378\/entretiens-pour-un-film-tome-1-the-filming-not-the-film"},{"id":"9782363440181","title":"Le vent nous conduira - vers le desert en algerie","description":null,"authors":["De Jesus-Bergey J."],"category_codes":["6000000","6070000","6070200"],"visuals":{"large":"https:\/\/quaidesbrumes.com\/img\/book-placeholder.png","medium":"https:\/\/quaidesbrumes.com\/img\/book-placeholder.png","thumbnail":"https:\/\/quaidesbrumes.com\/img\/book-placeholder.png"},"orderable":true,"show_badge":true,"formatted_price":"22,01&nbsp;\u20ac","formatted_published_date":"15 mars 2015","publisher_availability_label":"Sur commande","short_details":"De Jesus-Bergey J. \u2014 Edilybris","translator":null,"weight":236,"page_count":null,"readership":null,"editor":"Edilybris","price":2201,"published_date":"2015-03-14T23:00:00.000000Z","support":"Grand format","publisher_availability":1,"stock":0,"editions":[],"url":"https:\/\/quaidesbrumes.com\/ouvrage\/9782363440181\/le-vent-nous-conduira-vers-le-desert-en-algerie"},{"id":"9782363440204","title":"Elles... comme liberte","description":null,"authors":["Bessede Arlette"],"category_codes":["6000000","6070000","6070200"],"visuals":{"large":"https:\/\/quaidesbrumes.com\/img\/book-placeholder.png","medium":"https:\/\/quaidesbrumes.com\/img\/book-placeholder.png","thumbnail":"https:\/\/quaidesbrumes.com\/img\/book-placeholder.png"},"orderable":true,"show_badge":true,"formatted_price":"22,01&nbsp;\u20ac","formatted_published_date":"15 novembre 2015","publisher_availability_label":"Sur commande","short_details":"Bessede Arlette \u2014 Edilybris","translator":null,"weight":153,"page_count":null,"readership":null,"editor":"Edilybris","price":2201,"published_date":"2015-11-14T23:00:00.000000Z","support":"Grand format","publisher_availability":1,"stock":0,"editions":[],"url":"https:\/\/quaidesbrumes.com\/ouvrage\/9782363440204\/elles-comme-liberte"},{"id":"9782322221929","title":"Les licencieux Calys et Matthieu","description":"C'est une pi\u00e8ce de th\u00e9\u00e2tre en trois actes que j'ai \u00e9crit l'ann\u00e9e de ma terminale. Je l'ai retrouv\u00e9 au fond d'un tiroir et en la relisant je me suis rendu compte qu'elle \u00e9tait pour moi pleine de bon sens. Li\u00e9e \u00e0 de tr\u00e8s bons souvenirs, elle est t\u00e9moin de ma jeunesse et de ma na\u00efvet\u00e9 ce qui en fait donc quelque chose de pr\u00e9cieux \u00e0 mes yeux.   Je vous la livre aujourd'hui  avec le d\u00e9sir de vous l'offrir en l'\u00e9tat, telle que j'ai pu la laisser le jour o\u00f9 j'y ai appos\u00e9 le point final, avec toutes les maladresses qu'elle peut contenir.\r","authors":["Mathias Rosanaque"],"category_codes":["6000000","6070000","6070200"],"visuals":{"large":"https:\/\/images.epagine.fr\/929\/9782322221929_1_75.jpg","medium":"https:\/\/images.epagine.fr\/929\/9782322221929_1_m.jpg","thumbnail":"https:\/\/images.epagine.fr\/929\/9782322221929_1_v.jpg"},"orderable":true,"show_badge":true,"formatted_price":"5,00&nbsp;\u20ac","formatted_published_date":"25 mai 2020","publisher_availability_label":"Sur commande","short_details":"Mathias Rosanaque \u2014 Books on Demand","translator":null,"weight":201,"page_count":134,"readership":null,"editor":"Books on Demand","price":500,"published_date":"2020-05-24T22:00:00.000000Z","support":"Grand format","publisher_availability":1,"stock":0,"editions":[],"url":"https:\/\/quaidesbrumes.com\/ouvrage\/9782322221929\/les-licencieux-calys-et-matthieu"},{"id":"9782322222537","title":"Self-interview ; dialogue \u00e0 une voix Tome 1","description":"D'aucuns ne manqueront pas de critiquer le concept in\u00e9dit de ce livre. A l'\u00e9poque des selfies compulsifs, on pourrait en effet confondre cet exercice avec celui des Narcisse que notre soci\u00e9t\u00e9 de surconsommation fabrique \u00e0 la cha\u00eene, mais d\u00e9trompez-vous !   SELF-INTERVIEW n'est que la mise en forme , \u00e0 peine provocatrice, de la d\u00e9finition socratique de la pens\u00e9e, \u00e0 savoir, un dialogue de l'\u00e2me avec elle-m\u00eame.\r","authors":["Thierry Aymes"],"category_codes":["6000000","6070000","6070200","6070201"],"visuals":{"large":"https:\/\/images.epagine.fr\/537\/9782322222537_1_75.jpg","medium":"https:\/\/images.epagine.fr\/537\/9782322222537_1_m.jpg","thumbnail":"https:\/\/images.epagine.fr\/537\/9782322222537_1_v.jpg"},"orderable":true,"show_badge":true,"formatted_price":"18,00&nbsp;\u20ac","formatted_published_date":"25 mai 2020","publisher_availability_label":"Sur commande","short_details":"Thierry Aymes \u2014 Books on Demand","translator":null,"weight":345,"page_count":234,"readership":null,"editor":"Books on Demand","price":1800,"published_date":"2020-05-24T22:00:00.000000Z","support":"Grand format","publisher_availability":1,"stock":0,"editions":[],"url":"https:\/\/quaidesbrumes.com\/ouvrage\/9782322222537\/self-interview-dialogue-a-une-voix-tome-1"},{"id":"9780300260083","title":"Devour the land","description":null,"authors":["Makeda Best"],"category_codes":["6000000","6070000","6070200"],"visuals":{"large":"https:\/\/quaidesbrumes.com\/img\/book-placeholder.png","medium":"https:\/\/quaidesbrumes.com\/img\/book-placeholder.png","thumbnail":"https:\/\/quaidesbrumes.com\/img\/book-placeholder.png"},"orderable":true,"show_badge":true,"formatted_price":"58,00&nbsp;\u20ac","formatted_published_date":"28 septembre 2021","publisher_availability_label":"Sur commande","short_details":"Makeda Best \u2014 Yale Uk","translator":null,"weight":0,"page_count":null,"readership":null,"editor":"Yale Uk","price":5800,"published_date":"2021-09-27T22:00:00.000000Z","support":"Grand format","publisher_availability":1,"stock":0,"editions":[],"url":"https:\/\/quaidesbrumes.com\/ouvrage\/9780300260083\/devour-the-land"},{"id":"9783969001509","title":"The lives of others","description":"Captur\u00e9es pendant plus de quarante ans dans les rues des \u00c9tats-Unis, les photographies de James Carroll constituent une collection unique d'objets historiques am\u00e9ricains. Anim\u00e9 par le besoin de pr\u00e9server la m\u00e9moire - de ses propres exp\u00e9riences et de celles des autres - et par ce que le conservateur et auteur collaborateur Sean Corcoran d\u00e9crit comme \"son d\u00e9sir ardent de voir, de savoir et de comprendre\", Carroll explore l'impermanence des vies et des relations humaines. Les images nous font passer d'une approche documentaire \u00e0 un domaine plus subjectif, dans lequel l'auteur imagine de nouveaux sc\u00e9narios lors de rencontres fortuites, tout en continuant \u00e0 commenter la sc\u00e8ne am\u00e9ricaine. La majorit\u00e9 des photographies en noir et blanc de The Lives of Others ont \u00e9t\u00e9 r\u00e9alis\u00e9es avec un Leica M3. La plupart des images sont publi\u00e9es ici pour la premi\u00e8re fois.","authors":["James Carroll"],"category_codes":["6000000","6070000","6070200","6070205"],"visuals":{"large":"https:\/\/images.epagine.fr\/509\/9783969001509_1_75.jpg","medium":"https:\/\/images.epagine.fr\/509\/9783969001509_1_m.jpg","thumbnail":"https:\/\/images.epagine.fr\/509\/9783969001509_1_v.jpg"},"orderable":true,"show_badge":true,"formatted_price":"54,00&nbsp;\u20ac","formatted_published_date":"1er octobre 2024","publisher_availability_label":"Sur commande","short_details":"James Carroll \u2014 Kehrer","translator":null,"weight":1101,"page_count":192,"readership":null,"editor":"Kehrer","price":5400,"published_date":"2024-09-30T22:00:00.000000Z","support":"Grand format","publisher_availability":1,"stock":0,"editions":[],"url":"https:\/\/quaidesbrumes.com\/ouvrage\/9783969001509\/the-lives-of-others"},{"id":"9782322234912","title":"Portraits de yachts classiques et modernes ; classic and modern yachts (northwest coast of france)","description":"Des portraits de yachts classiques (yachts du XIXe jusqu'aux derniers voiliers en bois des ann\u00e9es 60) et de yachts modernes (yachts avec des mat\u00e9riaux contemporains : acier, aluminium, polyester...). Voiliers photographi\u00e9s lors d'\u00e9v\u00e9nements maritimes sur le littoral normand et breton : festival des voiles de travail  \u00e0 Granville, Branlebas de r\u00e9gates \u00e0 Saint-Malo et Cancale, Semaine du golfe du Morbihan, Temps F\u00eate \u00e0 Douarnenez. Portraits of classic yachts (yachts from the 19th century to the last wooden sailboats of the 60s) and modern yachts (yachts with contemporary materials : sttel, aluminium, polyester...). Sailboats photographed during maritime events on the Normandy and Breton coast : festival of traditional sails in Granville,   Branlebas de r\u00e9gates   in Saint-Malo and Cancale, Week of the Morbihan gulf,   Temps F\u00eate   in Douarnenez. Le Lys Noir, \u00c9toile polaire (Skeaf VII), France (12m JI), Runa VI, Runa IV, Cariad, Nan of Fife, Martha Primrose,  La Mouette Rieuse, Pangur Ban, Rose Noire II, Joshua, Cipango, Christina II, Pen Duick, Pen Duick II, Pen Duick IV, Viola, Ni\u00f1ita, Nayla, Chips, Wayward, Winibelle II, Bambi.\r","authors":["Jo\u00ebl Douillet"],"category_codes":["6000000","6070000","6070200","6070205"],"visuals":{"large":"https:\/\/images.epagine.fr\/912\/9782322234912_1_75.jpg","medium":"https:\/\/images.epagine.fr\/912\/9782322234912_1_m.jpg","thumbnail":"https:\/\/images.epagine.fr\/912\/9782322234912_1_v.jpg"},"orderable":true,"show_badge":true,"formatted_price":"18,99&nbsp;\u20ac","formatted_published_date":"11 juin 2020","publisher_availability_label":"Sur commande","short_details":"Jo\u00ebl Douillet \u2014 Books on Demand","translator":null,"weight":401,"page_count":48,"readership":null,"editor":"Books on Demand","price":1899,"published_date":"2020-06-10T22:00:00.000000Z","support":"Grand format","publisher_availability":1,"stock":0,"editions":[],"url":"https:\/\/quaidesbrumes.com\/ouvrage\/9782322234912\/portraits-de-yachts-classiques-et-modernes-classic-and-modern-yachts-northwest-coast-of-france"},{"id":"9782343198507","title":"Le cin\u00e9ma dans la peau","description":"Des ann\u00e9es cinquante \u00e0 nos jours, l'auteur \u00e9voque sa passion du septi\u00e8me art en tant que spectateur enfant et adolescent, puis en tant que projectionniste et exploitant b\u00e9n\u00e9vole dans des cin\u00e9mas associatifs. Avec humour et une verve bien d\u00e9velopp\u00e9e, il nous entra\u00eene dans ses p\u00e9riples cin\u00e9philiques qui durent depuis plus de soixante ans.","authors":["Daniel Granval"],"category_codes":["6000000","6070000","6070300"],"visuals":{"large":"https:\/\/images.epagine.fr\/507\/9782343198507_1_75.jpg","medium":"https:\/\/images.epagine.fr\/507\/9782343198507_1_m.jpg","thumbnail":"https:\/\/images.epagine.fr\/507\/9782343198507_1_v.jpg"},"orderable":true,"show_badge":true,"formatted_price":"23,50&nbsp;\u20ac","formatted_published_date":"29 mai 2020","publisher_availability_label":"Sur commande","short_details":"Daniel Granval \u2014 \u00c9ditions L'Harmattan","translator":null,"weight":326,"page_count":204,"readership":null,"editor":"\u00c9ditions L'Harmattan","price":2350,"published_date":"2020-05-28T22:00:00.000000Z","support":"Grand format","publisher_availability":1,"stock":0,"editions":[],"url":"https:\/\/quaidesbrumes.com\/ouvrage\/9782343198507\/le-cinema-dans-la-peau"},{"id":"9789089898371","title":"Pieter-rim de kroon silence of the tide","description":null,"authors":["De Kroon Pieter-Rim"],"category_codes":["6000000","6070000","6070200"],"visuals":{"large":"https:\/\/images.epagine.fr\/371\/9789089898371_1_75.jpg","medium":"https:\/\/images.epagine.fr\/371\/9789089898371_1_m.jpg","thumbnail":"https:\/\/images.epagine.fr\/371\/9789089898371_1_v.jpg"},"orderable":true,"show_badge":true,"formatted_price":"35,00&nbsp;\u20ac","formatted_published_date":"17 novembre 2020","publisher_availability_label":"Sur commande","short_details":"De Kroon Pieter-Rim \u2014 Lannoo","translator":null,"weight":701,"page_count":192,"readership":null,"editor":"Lannoo","price":3500,"published_date":"2020-11-16T23:00:00.000000Z","support":"Grand format","publisher_availability":1,"stock":0,"editions":[],"url":"https:\/\/quaidesbrumes.com\/ouvrage\/9789089898371\/pieter-rim-de-kroon-silence-of-the-tide"},{"id":"9789089898364","title":"Simon annand time to act","description":null,"authors":["Annand Simon"],"category_codes":["6000000","6070000","6070200"],"visuals":{"large":"https:\/\/images.epagine.fr\/364\/9789089898364_1_75.jpg","medium":"https:\/\/images.epagine.fr\/364\/9789089898364_1_m.jpg","thumbnail":"https:\/\/images.epagine.fr\/364\/9789089898364_1_v.jpg"},"orderable":true,"show_badge":true,"formatted_price":"39,95&nbsp;\u20ac","formatted_published_date":"14 septembre 2020","publisher_availability_label":"Sur commande","short_details":"Annand Simon \u2014 Lannoo","translator":null,"weight":801,"page_count":256,"readership":null,"editor":"Lannoo","price":3995,"published_date":"2020-09-13T22:00:00.000000Z","support":"Grand format","publisher_availability":1,"stock":0,"editions":[],"url":"https:\/\/quaidesbrumes.com\/ouvrage\/9789089898364\/simon-annand-time-to-act"},{"id":"9782271133977","title":"La sociologie filmique ; th\u00e9ories et pratiques","description":"La Sociologie filmique propose une exploration des ressources intellectuelles offertes par l'hybridation de la sociologie et du cin\u00e9ma?: pratiquer la sociologie, ou d'autres sciences humaines, par l'image et le son. \u00c0 l'\u00e8re de l'image, cet essai invite aux recherches sociologiques, non seulement par la ma\u00eetrise de la d\u00e9marche de la discipline, mais aussi par l'apprentissage conjoint des techniques (prises de vues et de sons, d\u00e9rushage, montage, etc.) et de l'\u00e9criture cin\u00e9matographiques. La sociologie filmique participe ainsi \u00e0 la reconnaissance du sensible et du point de vue situ\u00e9, dans une discipline qui les a souvent tenus \u00e0 l'\u00e9cart.\r\n\u00c0 partir d'exemples concrets et d'une riche iconographie, les auteurs analysent ce que signifie \u00ab penser par l'image \u00bb, exposent les diff\u00e9rentes phases de r\u00e9alisation d'un documentaire sociologique, et questionnent au moyen du film sociologique les repr\u00e9sentations du r\u00e9el, et plus particuli\u00e8rement ce qui demeure invisible dans le monde social. D'o\u00f9 un retour r\u00e9flexif sur les th\u00e9ories et les pratiques expos\u00e9es, pour mieux armer le sociologue-r\u00e9alisateur de documentaires.\r","authors":["Jean-pierre Durand","Joyce Sebag"],"category_codes":["6000000","6070000","6070300","6070303"],"visuals":{"large":"https:\/\/images.epagine.fr\/977\/9782271133977_1_75.jpg","medium":"https:\/\/images.epagine.fr\/977\/9782271133977_1_m.jpg","thumbnail":"https:\/\/images.epagine.fr\/977\/9782271133977_1_v.jpg"},"orderable":true,"show_badge":true,"formatted_price":"26,00&nbsp;\u20ac","formatted_published_date":"22 octobre 2020","publisher_availability_label":"Sur commande","short_details":"Jean-pierre Durand, Joyce Sebag \u2014 CNRS","translator":null,"weight":596,"page_count":256,"readership":null,"editor":"CNRS","price":2600,"published_date":"2020-10-21T22:00:00.000000Z","support":"Grand format","publisher_availability":1,"stock":0,"editions":[],"url":"https:\/\/quaidesbrumes.com\/ouvrage\/9782271133977\/la-sociologie-filmique-theories-et-pratiques"},{"id":"9782322204595","title":"Les fleurs du potager de Suzanne","description":"Explosion de formes, de couleurs, attouchements, enchev\u00eatrements, accompagnements, dialogues secrets, entre fleurs cultiv\u00e9es et fleurs sauvages ; ambiances, \u00e9quilibres, textures, senteurs douces, \u00e9pic\u00e9es ; paysages \u00e9quilibr\u00e9s et sauvages. \" Pr\u00e8s des fleurs, des herbes et des papillons, il faut savoir s'abaisser \u00e0 la hauteur d'un enfant qui les d\u00e9passe \u00e0 peine. \" (Nietzsche, Humain, trop humain). \u00catre \u00e0 hauteur des fleurs, inspirer et s'en inspirer pour mieux \u00eatre un homme face \u00e0 l'univers.\r\n\r\nExplosion of shapes, colors, touches, tangles, accompaniments, between cultivated flowers and wild flowers ; atmospheres, balances, textures, sweet, spicy scents ; balanced and wild landscapes. \" Close to flowers, herbs and butterflies, you have to know how to lower yourself to the height of a child who barely exeeds them. \" (Nietzsche, Human, too human). To be at the height of the flowers, to inspired and be inspired by it, to better be a man standing facing the universe.\r","authors":["Jo\u00ebl Douillet"],"category_codes":["6000000","6070000","6070200","6070205"],"visuals":{"large":"https:\/\/images.epagine.fr\/595\/9782322204595_1_75.jpg","medium":"https:\/\/images.epagine.fr\/595\/9782322204595_1_m.jpg","thumbnail":"https:\/\/images.epagine.fr\/595\/9782322204595_1_v.jpg"},"orderable":true,"show_badge":true,"formatted_price":"18,99&nbsp;\u20ac","formatted_published_date":"8 mai 2020","publisher_availability_label":"Sur commande","short_details":"Jo\u00ebl Douillet \u2014 Books on Demand","translator":null,"weight":401,"page_count":48,"readership":null,"editor":"Books on Demand","price":1899,"published_date":"2020-05-07T22:00:00.000000Z","support":"Grand format","publisher_availability":1,"stock":0,"editions":[],"url":"https:\/\/quaidesbrumes.com\/ouvrage\/9782322204595\/les-fleurs-du-potager-de-suzanne"},{"id":"9782843012549","title":"Cin\u00e9ma et architecture ; la rel\u00e8ve de l'art","description":"Le cin\u00e9ma vient assurer une refonte du clavier artistique en faisant de l'architecture un alli\u00e9 (Faure). Mixtes d'art et de technique, arts collectifs s'adressant \u00e0 la masse, arts de l'assemblage, le cin\u00e9ma et l'architecture portent les valeurs du monde moderne. Cette proximit\u00e9 engage de nombreux \u00e9changes. Comment les architectes s'emparent-ils du cin\u00e9ma pour penser leur art ? Comment les cin\u00e9astes convoquent-ils l'architecture et d\u00e9veloppent-ils des propositions constructives ? Mais les deux arts ne font pas qu'\u00e9changer leur proximit\u00e9 car au joint des deux, la remise en cause du dispositif dominant relance la mise en espace des images \u00e0 l'oeuvre dans le pr\u00e9cin\u00e9ma.\r\nEn condensant ces diff\u00e9rents enjeux, les ann\u00e9es vingt offrent de singuliers parall\u00e8les (Eisenstein\/Le Corbusier, Richter\/van Doesburg) et en appellent \u00e0 un autre cin\u00e9ma (Duchamp, Moholy-Nagy, van Doesburg). Elles sont marqu\u00e9es par l'ambivalence entre la recherche de la synth\u00e8se et celle de la sp\u00e9cificit\u00e9 de chaque art tandis que le contemporain est sous le signe de l'effrangement des arts (Adorno).\r\nQuelle place le cin\u00e9ma occupe-t-il dans l'effrangement des arts ? Que recherchent d\u00e9sormais les architectes (Tschumi) dans le cin\u00e9ma ? Comment est r\u00e9investie la mise en espace des images en mouvement (Dan Graham, McCall) ? Comment le cin\u00e9ma, qui conna\u00eet son propre tournant moderne, aborde-t-il des questions architecturales (Debord, Antonioni)? Ces diff\u00e9rentes questions sont port\u00e9es jusqu'au tournant contemporain du cin\u00e9ma, moment o\u00f9 celui-ci, en rencontrant le mus\u00e9e, retrouve plus que jamais son lien originaire \u00e0 l'architecture (Godard).\r\nEn choisissant la diversit\u00e9 des \u00e9changes pris dans des moments forts du XXe si\u00e8cle, l'ouvrage contribue \u00e0 une inscription du cin\u00e9ma dans une histoire de l'art.\r","authors":["Sophie Paviol","Clotilde Simond"],"category_codes":["6000000","6070000","6070300","6070304"],"visuals":{"large":"https:\/\/images.epagine.fr\/549\/9782843012549_1_75.jpg","medium":"https:\/\/images.epagine.fr\/549\/9782843012549_1_m.jpg","thumbnail":"https:\/\/images.epagine.fr\/549\/9782843012549_1_v.jpg"},"orderable":true,"show_badge":true,"formatted_price":"15,00&nbsp;\u20ac","formatted_published_date":"15 mai 2009","publisher_availability_label":"Sur commande","short_details":"Sophie Paviol, Clotilde Simond \u2014 Aleas","translator":null,"weight":0,"page_count":284,"readership":null,"editor":"Aleas","price":1500,"published_date":"2009-05-14T22:00:00.000000Z","support":"Grand format","publisher_availability":1,"stock":0,"editions":[],"url":"https:\/\/quaidesbrumes.com\/ouvrage\/9782843012549\/cinema-et-architecture-la-releve-de-lart"},{"id":"9782843012082","title":"Charlot prend la parole aux mots","description":"Tout comme en 1927, le cin\u00e9ma entrait dans l'\u00e8re du parlant par Le chanteur de Jazz, Chaplin d\u00e9cide d'inaugurer sa propre d\u00e9marche par la chanson.\r\nClin d'oeil \u00e0 l'histoire cin\u00e9matographique et \/ ou imitation d'une trajectoire qui a d\u00e9j\u00e0 r\u00e9ussi \u00e0 ses pr\u00e9d\u00e9cesseurs ? Chariot r\u00e9p\u00e8te d'abord en coulisses, avec sa compagne danseuse, dans l'arri\u00e8re salle du cabaret.\r\nLe spectateur d\u00e9couvre un Chariot inhib\u00e9, dans l'incapacit\u00e9 de sortir un son. \"J'oublie les paroles\", s'\u00e9crie-t-il d\u00e9sesp\u00e9r\u00e9 sur un carton, utilisant ici la technique de communication des films dits muets. La sc\u00e8ne, \u00e0 ce point-l\u00e0, reste r\u00e9solument muette comme si les premiers balbutiements co\u00fbtaient, et nous assistons au chant inaudible parfaitement mim\u00e9. Pour lui faciliter la t\u00e2che, comme dans tout apprentissage, son amie lui copie les paroles sur sa manchette afin qu'il ne connaisse pas les affres de la r\u00e9p\u00e9tition au moment du spectacle.\r","authors":["Mariange Ramozzi-Doreau"],"category_codes":["6000000","6070000","6070300","6070304"],"visuals":{"large":"https:\/\/images.epagine.fr\/082\/9782843012082_1_75.jpg","medium":"https:\/\/images.epagine.fr\/082\/9782843012082_1_m.jpg","thumbnail":"https:\/\/images.epagine.fr\/082\/9782843012082_1_v.jpg"},"orderable":true,"show_badge":true,"formatted_price":"15,00&nbsp;\u20ac","formatted_published_date":"20 f\u00e9vrier 2008","publisher_availability_label":"Sur commande","short_details":"Mariange Ramozzi-Doreau \u2014 Aleas","translator":null,"weight":0,"page_count":146,"readership":null,"editor":"Aleas","price":1500,"published_date":"2008-02-19T23:00:00.000000Z","support":"Grand format","publisher_availability":1,"stock":0,"editions":[],"url":"https:\/\/quaidesbrumes.com\/ouvrage\/9782843012082\/charlot-prend-la-parole-aux-mots"},{"id":"9781529110326","title":"Be more keanu","description":"The last few years have marked a 'Keanaissance'. Keanu has inspired countless memes from as far back as 2010 when the internet shed a tear about 'Sad Keanu' sitting alone on a park bench eating a sandwich, and pronounced 15th June official 'Cheer Up Keanu' day. 2019 has brought more joy with a video of Keanu with puppies alongside other uplifting sightings.\r\n\r\n \r\nIn this illustrated black and white tillpoint gift and humour book Radio 2 film critic James King shows us what makes Keanu so special. Alongside quotes, jokes and illustrations, each chapter looks at different iterations of Keanu, for example, The Friend, The Pioneer, The Rockstar and The Guru. We get inside Keanu's questing spirit: what friendship means in Bill and Ted; communing with nature in Point Break; and, in the Matrix, tearing through dimensionality itself. \r\n \r\nAnd IRL Keanu's a free spirit too. He travels without minders, he's always doing random acts of kindness, he takes pay cuts to support his crew, and he actually respects women in Hollywood. Plus he's never happier than when riding his motorbike through the desert thinking deep thoughts.\r\n\r\n\r\nWe would all do well to #BeMoreKeanu.\r","authors":["King James"],"category_codes":["6000000","6070000","6070300"],"visuals":{"large":"https:\/\/images.epagine.fr\/326\/9781529110326_1_75.jpg","medium":"https:\/\/images.epagine.fr\/326\/9781529110326_1_m.jpg","thumbnail":"https:\/\/images.epagine.fr\/326\/9781529110326_1_v.jpg"},"orderable":true,"show_badge":true,"formatted_price":"16,00&nbsp;\u20ac","formatted_published_date":"6 ao\u00fbt 2020","publisher_availability_label":"Sur commande","short_details":"King James \u2014 Random House UK","translator":null,"weight":401,"page_count":192,"readership":null,"editor":"Random House UK","price":1600,"published_date":"2020-08-05T22:00:00.000000Z","support":"Grand format","publisher_availability":1,"stock":0,"editions":[],"url":"https:\/\/quaidesbrumes.com\/ouvrage\/9781529110326\/be-more-keanu"},{"id":"9783960700517","title":"Beatrice minda dark whispers \/anglais\/allemand","description":"Beatrice Minda pr\u00e9sente dans cette s\u00e9rie des int\u00e9rieurs de maisons au Myanmar, r\u00e9v\u00e9lant une atmosph\u00e8re lourde du pass\u00e9 colonial et de traditions ancestrales. Sans en montrer les habitants, elle y inclue pourtant des traces de vie symboles du temps qui passe. Un texte du po\u00e8te birman Ko Ko Thett accompagne la s\u00e9rie.\r","authors":["Minda Beatrice"],"category_codes":["6000000","6070000","6070200"],"visuals":{"large":"https:\/\/images.epagine.fr\/517\/9783960700517_1_75.jpg","medium":"https:\/\/images.epagine.fr\/517\/9783960700517_1_m.jpg","thumbnail":"https:\/\/images.epagine.fr\/517\/9783960700517_1_v.jpg"},"orderable":true,"show_badge":true,"formatted_price":"42,00&nbsp;\u20ac","formatted_published_date":"15 avril 2021","publisher_availability_label":"Sur commande","short_details":"Minda Beatrice \u2014 Hartmann Books","translator":null,"weight":901,"page_count":144,"readership":null,"editor":"Hartmann Books","price":4200,"published_date":"2021-04-14T22:00:00.000000Z","support":"Grand format","publisher_availability":1,"stock":0,"editions":[],"url":"https:\/\/quaidesbrumes.com\/ouvrage\/9783960700517\/beatrice-minda-dark-whispers-anglaisallemand"},{"id":"9783960700494","title":"Berlin 1945-2000 a photographic subject \/anglais\/allemand","description":"Berlin 1945-2000 s'int\u00e9resse \u00e0 la mani\u00e8re dont les photographes allemands et internationaux ont repr\u00e9sent\u00e9 la ville de Berlin de l'apr\u00e8s-guerre jusqu'au tournant du si\u00e8cle. De Nan Goldin \u00e0 Michael Schmidt, cet ouvrage collectif offre une vision plurielle de la ville et de ses \u00e9volutions sociales, culturelles et politiques. Ce catalogue accompagne une exposition au Reinbeckhallen \u00e0 Berlin.\r","authors":[],"category_codes":["6000000","6070000","6070200"],"visuals":{"large":"https:\/\/images.epagine.fr\/494\/9783960700494_1_75.jpg","medium":"https:\/\/images.epagine.fr\/494\/9783960700494_1_m.jpg","thumbnail":"https:\/\/images.epagine.fr\/494\/9783960700494_1_v.jpg"},"orderable":true,"show_badge":true,"formatted_price":"40,00&nbsp;\u20ac","formatted_published_date":"30 septembre 2020","publisher_availability_label":"Sur commande","short_details":"Hartmann Books","translator":null,"weight":1000,"page_count":128,"readership":null,"editor":"Hartmann Books","price":4000,"published_date":"2020-09-29T22:00:00.000000Z","support":"Grand format","publisher_availability":1,"stock":0,"editions":[],"url":"https:\/\/quaidesbrumes.com\/ouvrage\/9783960700494\/berlin-1945-2000-a-photographic-subject-anglaisallemand"},{"id":"9782322224067","title":"Instants magiques sur le havre de Regn\u00e9ville Tome 1 ; 12 instants magiques sur le havre de Regn\u00e9ville","description":"Aurores et nuages Photographies prises en navigant au raz de l'eau et divagations po\u00e9tiques nous plongent dans l'univers changeant du havre de Regn\u00e9ville en Normandie.\r","authors":["Emmanuelle Delaby"],"category_codes":["6000000","6070000","6070200"],"visuals":{"large":"https:\/\/images.epagine.fr\/067\/9782322224067_1_75.jpg","medium":"https:\/\/images.epagine.fr\/067\/9782322224067_1_m.jpg","thumbnail":"https:\/\/images.epagine.fr\/067\/9782322224067_1_v.jpg"},"orderable":true,"show_badge":true,"formatted_price":"15,00&nbsp;\u20ac","formatted_published_date":"30 mai 2020","publisher_availability_label":"Sur commande","short_details":"Emmanuelle Delaby \u2014 Books on Demand","translator":null,"weight":401,"page_count":null,"readership":null,"editor":"Books on Demand","price":1500,"published_date":"2020-05-29T22:00:00.000000Z","support":"Grand format","publisher_availability":1,"stock":0,"editions":[],"url":"https:\/\/quaidesbrumes.com\/ouvrage\/9782322224067\/instants-magiques-sur-le-havre-de-regneville-tome-1-12-instants-magiques-sur-le-havre-de-regneville"},{"id":"9782322233106","title":"Instants magiques sur le havre de Regn\u00e9ville Tome 2 ; 12 instants magiques sur le havre de Regn\u00e9ville","description":"Miroirs, limpidit\u00e9s et \u00e9l\u00e9ments essentiels Photographies prises en navigant au raz de l'eau et divagations po\u00e9tiques nous plongent dans l'univers changeant du havre de Regn\u00e9ville en Normandie.\r","authors":["Emmanuelle Delaby"],"category_codes":["6000000","6070000","6070200"],"visuals":{"large":"https:\/\/images.epagine.fr\/106\/9782322233106_1_75.jpg","medium":"https:\/\/images.epagine.fr\/106\/9782322233106_1_m.jpg","thumbnail":"https:\/\/images.epagine.fr\/106\/9782322233106_1_v.jpg"},"orderable":true,"show_badge":true,"formatted_price":"15,00&nbsp;\u20ac","formatted_published_date":"30 mai 2020","publisher_availability_label":"Sur commande","short_details":"Emmanuelle Delaby \u2014 Books on Demand","translator":null,"weight":401,"page_count":null,"readership":null,"editor":"Books on Demand","price":1500,"published_date":"2020-05-29T22:00:00.000000Z","support":"Grand format","publisher_availability":1,"stock":0,"editions":[],"url":"https:\/\/quaidesbrumes.com\/ouvrage\/9782322233106\/instants-magiques-sur-le-havre-de-regneville-tome-2-12-instants-magiques-sur-le-havre-de-regneville"},{"id":"9782322233120","title":"Instants magiques sur le havre de Regn\u00e9ville Tome 3 ; 12 instants magiques sur le havre de Regn\u00e9ville","description":"Myopies et cr\u00e9puscules Photographies prises en navigant au raz de l'eau et divagations po\u00e9tiques nous plongent dans l'univers changeant du havre de Regn\u00e9ville en Normandie.\r","authors":["Emmanuelle Delaby"],"category_codes":["6000000","6070000","6070200"],"visuals":{"large":"https:\/\/images.epagine.fr\/120\/9782322233120_1_75.jpg","medium":"https:\/\/images.epagine.fr\/120\/9782322233120_1_m.jpg","thumbnail":"https:\/\/images.epagine.fr\/120\/9782322233120_1_v.jpg"},"orderable":true,"show_badge":true,"formatted_price":"15,00&nbsp;\u20ac","formatted_published_date":"30 mai 2020","publisher_availability_label":"Sur commande","short_details":"Emmanuelle Delaby \u2014 Books on Demand","translator":null,"weight":401,"page_count":null,"readership":null,"editor":"Books on Demand","price":1500,"published_date":"2020-05-29T22:00:00.000000Z","support":"Grand format","publisher_availability":1,"stock":0,"editions":[],"url":"https:\/\/quaidesbrumes.com\/ouvrage\/9782322233120\/instants-magiques-sur-le-havre-de-regneville-tome-3-12-instants-magiques-sur-le-havre-de-regneville"},{"id":"9783960700524","title":"Jorg bruggemann autobahn \/anglais\/allemand","description":"Cette s\u00e9rie de J\u00f6rg Br\u00fcggeman rend hommage et interroge l'autoroute mythique allemande, point central des trafics routiers depuis les ann\u00e9es 1920. Dans quel mesure pourra-t-il conserver son importance dans le monde \u00e0 venir ?\r","authors":["Bruggemann Jorg"],"category_codes":["6000000","6070000","6070200"],"visuals":{"large":"https:\/\/images.epagine.fr\/524\/9783960700524_1_75.jpg","medium":"https:\/\/images.epagine.fr\/524\/9783960700524_1_m.jpg","thumbnail":"https:\/\/images.epagine.fr\/524\/9783960700524_1_v.jpg"},"orderable":true,"show_badge":true,"formatted_price":"40,00&nbsp;\u20ac","formatted_published_date":"5 septembre 2020","publisher_availability_label":"Sur commande","short_details":"Bruggemann Jorg \u2014 Hartmann Books","translator":null,"weight":801,"page_count":104,"readership":null,"editor":"Hartmann Books","price":4000,"published_date":"2020-09-04T22:00:00.000000Z","support":"Grand format","publisher_availability":1,"stock":0,"editions":[],"url":"https:\/\/quaidesbrumes.com\/ouvrage\/9783960700524\/jorg-bruggemann-autobahn-anglaisallemand"},{"id":"9783960700487","title":"Mathias braschler monika fischer divided we stand \/anglais\/allemand","description":null,"authors":["Braschler\/Fischer"],"category_codes":["6000000","6070000","6070200"],"visuals":{"large":"https:\/\/images.epagine.fr\/487\/9783960700487_1_75.jpg","medium":"https:\/\/images.epagine.fr\/487\/9783960700487_1_m.jpg","thumbnail":"https:\/\/images.epagine.fr\/487\/9783960700487_1_v.jpg"},"orderable":true,"show_badge":true,"formatted_price":"42,00&nbsp;\u20ac","formatted_published_date":"30 septembre 2020","publisher_availability_label":"Sur commande","short_details":"Braschler\/Fischer \u2014 Hartmann Books","translator":null,"weight":901,"page_count":160,"readership":null,"editor":"Hartmann Books","price":4200,"published_date":"2020-09-29T22:00:00.000000Z","support":"Grand format","publisher_availability":1,"stock":0,"editions":[],"url":"https:\/\/quaidesbrumes.com\/ouvrage\/9783960700487\/mathias-braschler-monika-fischer-divided-we-stand-anglaisallemand"},{"id":"9783960700586","title":"Michael lange cold mountain \/anglais\/allemand","description":"Pendant 6 ans, Michael Lange a fait plusieurs longs s\u00e9jours dans les diff\u00e9rents massifs des Alpes fran\u00e7aises:, notamment Mercantour, Ecrins, Serre-Chevalier, Valloire, Val Cenis et Vanoise, en qu\u00eate de solitude et de silence. searching for solitude and silence. Dans ces hauteurs, il a cr\u00e9\u00e9 une s\u00e9rie d'images \u00e0 la fois spectaculaires et m\u00e9ditatives, cherchant les contrastes entre ombre et lumi\u00e8re, entre brume et orages.\r","authors":["Lange Michael"],"category_codes":["6000000","6070000","6070200"],"visuals":{"large":"https:\/\/images.epagine.fr\/586\/9783960700586_1_75.jpg","medium":"https:\/\/images.epagine.fr\/586\/9783960700586_1_m.jpg","thumbnail":"https:\/\/images.epagine.fr\/586\/9783960700586_1_v.jpg"},"orderable":true,"show_badge":true,"formatted_price":"50,00&nbsp;\u20ac","formatted_published_date":"1er mars 2021","publisher_availability_label":"Sur commande","short_details":"Lange Michael \u2014 Hartmann Books","translator":null,"weight":1200,"page_count":132,"readership":null,"editor":"Hartmann Books","price":5000,"published_date":"2021-02-28T23:00:00.000000Z","support":"Grand format","publisher_availability":1,"stock":0,"editions":[],"url":"https:\/\/quaidesbrumes.com\/ouvrage\/9783960700586\/michael-lange-cold-mountain-anglaisallemand"}]}