{"data":[{"id":"3663322108655","title":"La Septi\u00e8me Obsession n.27 : s\u00e9ries : que voir ?","description":"L'oeIL DE PAMELA PIANEZZA.\r\n\r\nOliver Laxe par Pamela Pianezza.\r\n\r\n\u00c9DITORIAL.\r\n\r\nLe temps des s\u00e9ries par Thomas A\u00efdan.\r\n\r\nOBSESSION.\r\n\r\n? S\u00e9ries : que voir ?\r\n\r\nHistoire des s\u00e9ries (1928-2008).\r\n\r\n25 s\u00e9ries pour les ann\u00e9es 2010 Game of Thrones - The Haunting of Hill House - Mindhunter - Dark - Black Mirror - The OA - Eureka - Sherlock - Skam - The Leftovers - Person of Interest - Top of the Lake - Westworld - Doctor Who - The Affair - New Girl - Love - Sense8 - Stranger Things - Sharp Objects - Legion - The Knick - Fargo - Twin Peaks - The Handmaid's Tale.\r\n\r\nFestivals en s\u00e9ries entretien avec Laurence Herszberg (S\u00e9ries Mania) & Albin Lewi (Cannes\u00e9ries).\r\n\r\nPolitique des diffuseurs Prime Video - Disney+ - Canal+ - Arte - HBO Max - Hulu - Apple TV+ - Netflix - OCS.\r\n\r\nFonctions du showrunner dialogue avec Claire Cornillon - par Adrien Valgalier.\r\n\r\nLe tarot de Marseille des s\u00e9ries par Nicolas Tellop.\r\n\r\nSerial cin\u00e9ma par Lucas Loubaresse.\r\n\r\nLes s\u00e9ries am\u00e9ricaines par Xavier Leherpeur.\r\n\r\nS\u00e9ries isra\u00e9liennes : la s\u00e9rie comme catharsis par Xavier Leherpeur.\r\n\r\nActualit\u00e9 The Mandalorian - The Witcher - Dracula - Sex Education - You - The End of the F***ing World - Euphoria - Fleabag - Servant - True Detective.\r\n\r\nQue regardent les lyc\u00e9ens ? par Nicolas Tellop.\r\n\r\nBuffy contre les vampires, l'\u00e9nergie de la volont\u00e9 par Thomas A\u00efdan.\r\n\r\nREP\u00c9RAGES.\r\n\r\nMonos de Alejandro Landes - par David Ezan.\r\n\r\nFermer les yeux entretien avec Alejandro Landes - par David Ezan.\r\n\r\nSous adr\u00e9naline entretien avec Mica Levi - par Benoit Basirico.\r\n\r\nSi c'\u00e9tait de l'amour de Patric Chiha - par J\u00e9r\u00f4me d'Estais.\r\n\r\nLa mort r\u00f4de dans les images entretien avec Patric Chiha - par J\u00e9r\u00f4me d'Estais.\r\n\r\nMilla de Shannon Murphy - par Loris Hantzis.\r\n\r\nPinocchio de Matteo Garrone - par Loris Hantzis.\r\n\r\nCancion sin nombre de Melina Leon - par Xavier Leherpeur.\r\n\r\nLe Sel des Larmes de Philippe Garrel - par Adrien Valgalier.\r\n\r\nFilles de joie de Fr\u00e9d\u00e9ric Fonteyne et Anne Paulicevich - par Maryline Alligier.\r\n\r\nHotel by the river de Hong Sang-soo - par Maryline Alligier.\r\n\r\nBenni de Nora Fingscheidt - par David Ezan.\r\n\r\nEma de Pablo Larrain - par Morgan Pok\u00e9e.\r\n\r\nVibrations (musiques de film) par Benoit Basirico.\r\n\r\nPortrait Anthony Chen.\r\n\r\nPortrait C\u00e9sar Diaz.\r\n\r\nBlu-ray Voyage \u00e0 deux de Stanley Donen.\r\n\r\nBlu-ray Mandico Box 2 de Bertrand Mandico.\r\n\r\nFestival Voyage en Chine.\r\n\r\nCORRESPONDANCE.\r\n\r\n? Le cin\u00e9ma australien.\r\n\r\nL'Australie, terre de cin\u00e9ma par Loris Hantzis.\r\n\r\nComprendre le monde entretien avec Shannon Murphy - par Loris Hantzis.\r\n\r\nBOUSSOLE.\r\n\r\n? Abbas Kiarostami.\r\n\r\nLa foi dans l'image par S\u00e9verine Danflous.\r\n\r\nRENCONTRE.\r\n\r\n? Bret Easton Ellis \u00abJe n'aime pas le statu quo\u00bb entretien avec Bret Easton Ellis - par Alessandro del Vigna.\r\n\r\nFOCALES Le happy end entretien avec Coline Pierr\u00e9 - par Warren Lambert.\r\n\r\nElephant Man : vies de J.C. Merrick par Xavier Maum\u00e9jean.\r\n\r\nLe cin\u00e9ma auto-phagique de Philippe Garrel dialogue avec Jean Douchet - par G\u00e9rard Courant.\r\n\r\nLes L\u00e8vres rouges de Harry Kumel - par Nicolas Tellop.\r\n\r\nSur le canap\u00e9 - \u00e9pisode 4 (journal d'un spectateur de Netflix) par Jean-S\u00e9bastien Massart.\r\n\r\nEntre esth\u00e8tes entretien avec Jean-Beno\u00eet Dunckel et Flavien Berger - par Jean-S\u00e9bastien Massart.\r\n\r\nEXCIPIT.\r\n\r\nNo Room for the Groom de Douglas Sirk - par Nicolas Tellop.\r","authors":["La Septieme Obsession"],"category_codes":["6000000","6070000","6070300","6070306"],"visuals":{"large":"https:\/\/images.epagine.fr\/655\/3663322108655_1_75.jpg","medium":"https:\/\/images.epagine.fr\/655\/3663322108655_1_m.jpg","thumbnail":"https:\/\/images.epagine.fr\/655\/3663322108655_1_v.jpg"},"orderable":true,"show_badge":true,"formatted_price":"6,90&nbsp;\u20ac","formatted_published_date":"4 mars 2020","publisher_availability_label":"Sur commande","short_details":"La Septieme Obsession \u2014 La Septieme Obsession","translator":null,"weight":360,"page_count":142,"readership":null,"editor":"La Septieme Obsession","price":690,"published_date":"2020-03-03T23:00:00.000000Z","support":"Revue","publisher_availability":1,"stock":0,"editions":[],"url":"https:\/\/quaidesbrumes.com\/ouvrage\/3663322108655\/la-septieme-obsession-n27-series-que-voir"},{"id":"9788494590108","title":"At an uncertain distance from the ground","description":"At an Uncertain Distance From de Ground se structure autour d'une s\u00e9rie de notes visuelles que l'artiste Jordi Mitj\u00e0 a pris pendant les ann\u00e9es 2010-2015 et qui lui ont servi pour r\u00e9fl\u00e9chir sur sa production artistique. Chaque photographie renvoie au regard plastique de l'artiste et son univers formel, permettant au lecteur de rentrer dans son intimit\u00e9 cr\u00e9atrice.\r","authors":["Jordi Mitja"],"category_codes":["6000000","6070000","6070200","6070201"],"visuals":{"large":"https:\/\/images.epagine.fr\/108\/9788494590108_1_75.jpg","medium":"https:\/\/images.epagine.fr\/108\/9788494590108_1_m.jpg","thumbnail":"https:\/\/images.epagine.fr\/108\/9788494590108_1_v.jpg"},"orderable":true,"show_badge":true,"formatted_price":"20,00&nbsp;\u20ac","formatted_published_date":"15 septembre 2017","publisher_availability_label":"Sur commande","short_details":"Jordi Mitja \u2014 If Publications","translator":null,"weight":0,"page_count":204,"readership":null,"editor":"If Publications","price":2000,"published_date":"2017-09-14T22:00:00.000000Z","support":"Grand format","publisher_availability":1,"stock":0,"editions":[],"url":"https:\/\/quaidesbrumes.com\/ouvrage\/9788494590108\/at-an-uncertain-distance-from-the-ground"},{"id":"9783956794049","title":"At fifty","description":"Premi\u00e8re monographie d\u00e9di\u00e9e au r\u00e9alisateur et vid\u00e9aste anglais Stephen Sutcliffe. Regroupant une s\u00e9rie d'essais et un entretien avec l'artiste, At Fifty revient sur deux d\u00e9cennies d'une oeuvre qui, \u00e0 travers l'usage extensif du collage vid\u00e9o et de l'archive t\u00e9l\u00e9visuelle, offre une r\u00e9flexion critique sur l'identit\u00e9 culturelle britannique.\r","authors":["Stephen Sutcliffe"],"category_codes":["6000000","6070000","6070400"],"visuals":{"large":"https:\/\/images.epagine.fr\/049\/9783956794049_1_75.jpg","medium":"https:\/\/images.epagine.fr\/049\/9783956794049_1_m.jpg","thumbnail":"https:\/\/images.epagine.fr\/049\/9783956794049_1_v.jpg"},"orderable":true,"show_badge":true,"formatted_price":"28,00&nbsp;\u20ac","formatted_published_date":"15 octobre 2019","publisher_availability_label":"Sur commande","short_details":"Stephen Sutcliffe \u2014 Sternberg Press","translator":null,"weight":0,"page_count":130,"readership":null,"editor":"Sternberg Press","price":2800,"published_date":"2019-10-14T22:00:00.000000Z","support":"Grand format","publisher_availability":1,"stock":0,"editions":[],"url":"https:\/\/quaidesbrumes.com\/ouvrage\/9783956794049\/at-fifty"},{"id":"9783948212001","title":"After cinema ; fictions from a collective memory","description":"\u00c0 l'occasion des dix ans du projet A Collective Memory - une s\u00e9rie de cinq films r\u00e9alis\u00e9e par Azin Feizabadi - cette publication rassemble des r\u00e9cits de fictions inspir\u00e9s de ces films et \u00e9crits par des contributeurs invit\u00e9s.\r","authors":["Azin Feizabadi"],"category_codes":["6000000","6070000","6070300","6070304"],"visuals":{"large":"https:\/\/images.epagine.fr\/001\/9783948212001_1_75.jpg","medium":"https:\/\/images.epagine.fr\/001\/9783948212001_1_m.jpg","thumbnail":"https:\/\/images.epagine.fr\/001\/9783948212001_1_v.jpg"},"orderable":true,"show_badge":true,"formatted_price":"20,00&nbsp;\u20ac","formatted_published_date":"30 novembre 2019","publisher_availability_label":"Sur commande","short_details":"Azin Feizabadi \u2014 Archive Books","translator":null,"weight":0,"page_count":296,"readership":null,"editor":"Archive Books","price":2000,"published_date":"2019-11-29T23:00:00.000000Z","support":"Grand format","publisher_availability":1,"stock":0,"editions":[],"url":"https:\/\/quaidesbrumes.com\/ouvrage\/9783948212001\/after-cinema-fictions-from-a-collective-memory"},{"id":"9783943620849","title":"The storyseller","description":"Monographie consacr\u00e9e aux films de l'artiste isra\u00e9lien Assaf Gruber. Articul\u00e9e autour de huit conversations li\u00e9es \u00e0 la production de chaque oeuvre, cette publication rend compte d'une th\u00e9matique importante de l'artiste, la relation \u00e0 l'art d'individus \u00e9loign\u00e9s du champ artistique.\r","authors":["Assaf Gruber"],"category_codes":["6000000","6070000","6070300","6070305"],"visuals":{"large":"https:\/\/images.epagine.fr\/849\/9783943620849_1_75.jpg","medium":"https:\/\/images.epagine.fr\/849\/9783943620849_1_m.jpg","thumbnail":"https:\/\/images.epagine.fr\/849\/9783943620849_1_v.jpg"},"orderable":true,"show_badge":true,"formatted_price":"15,00&nbsp;\u20ac","formatted_published_date":"30 novembre 2019","publisher_availability_label":"Sur commande","short_details":"Assaf Gruber \u2014 Archive Books","translator":null,"weight":0,"page_count":192,"readership":null,"editor":"Archive Books","price":1500,"published_date":"2019-11-29T23:00:00.000000Z","support":"Grand format","publisher_availability":1,"stock":0,"editions":[],"url":"https:\/\/quaidesbrumes.com\/ouvrage\/9783943620849\/the-storyseller"},{"id":"9782322191482","title":"Contes nature de Franche-Comt\u00e9 ; des images et des mots","description":"\"Contes Natures de Franche-Comt\u00e9\"\r\nJe vous ferai voyager dans la Nature de Franche-Comt\u00e9 \u00e0 travers mes images et le r\u00e9cit de mes rencontres.","authors":["Gil Gautier"],"category_codes":["6000000","6070000","6070200"],"visuals":{"large":"https:\/\/images.epagine.fr\/482\/9782322191482_1_75.jpg","medium":"https:\/\/images.epagine.fr\/482\/9782322191482_1_m.jpg","thumbnail":"https:\/\/images.epagine.fr\/482\/9782322191482_1_v.jpg"},"orderable":true,"show_badge":true,"formatted_price":"35,00&nbsp;\u20ac","formatted_published_date":"19 f\u00e9vrier 2020","publisher_availability_label":"Sur commande","short_details":"Gil Gautier \u2014 Books on Demand","translator":null,"weight":701,"page_count":142,"readership":null,"editor":"Books on Demand","price":3500,"published_date":"2020-02-18T23:00:00.000000Z","support":"Grand format","publisher_availability":1,"stock":0,"editions":[],"url":"https:\/\/quaidesbrumes.com\/ouvrage\/9782322191482\/contes-nature-de-franche-comte-des-images-et-des-mots"},{"id":"9788867493838","title":"No thing dies","description":"Ce catalogue grand format est l'extension d'un projet \u00e9ponyme sur le Mus\u00e9e d'Isra\u00ebl \u00e0 J\u00e9rusalem. A partir d'entretiens avec les employ\u00e9s du mus\u00e9e et une vaste recension photographique d'oeuvres non expos\u00e9es, l'artiste fait ressortir les r\u00e9cits oubli\u00e9s et la polyphonie des collections.\r\n\r\nPubli\u00e9 suite \u00e0 l'exposition \u00e9ponyme au Mus\u00e9e d'Isra\u00ebl, J\u00e9rusalem, du 3 juin au 2 d\u00e9cembre 2017.\r","authors":["Ilit Azoulay"],"category_codes":["6000000","6070000","6070200","6070205"],"visuals":{"large":"https:\/\/images.epagine.fr\/838\/9788867493838_1_75.jpg","medium":"https:\/\/images.epagine.fr\/838\/9788867493838_1_m.jpg","thumbnail":"https:\/\/images.epagine.fr\/838\/9788867493838_1_v.jpg"},"orderable":true,"show_badge":true,"formatted_price":"40,00&nbsp;\u20ac","formatted_published_date":"6 d\u00e9cembre 2019","publisher_availability_label":"Sur commande","short_details":"Ilit Azoulay \u2014 Mousse Publishing","translator":null,"weight":0,"page_count":264,"readership":null,"editor":"Mousse Publishing","price":4000,"published_date":"2019-12-05T23:00:00.000000Z","support":"Grand format","publisher_availability":1,"stock":0,"editions":[],"url":"https:\/\/quaidesbrumes.com\/ouvrage\/9788867493838\/no-thing-dies"},{"id":"9788867493913","title":"How we die is how we live only more so","description":"Publication consacr\u00e9e \u00e0 Revisiting Genesis, la web-s\u00e9rie prim\u00e9e d'Oreet Ashery. Cette fiction documentaire sur le deuil \u00e0 l'\u00e8re num\u00e9rique explore de nombreuses questions connexes sur le genre et la mort, la r\u00e9incarnation num\u00e9rique, ou encore les femmes artistes.\r","authors":["Oreet Ashery"],"category_codes":["6000000","6070000","6070300","6070304"],"visuals":{"large":"https:\/\/images.epagine.fr\/913\/9788867493913_1_75.jpg","medium":"https:\/\/images.epagine.fr\/913\/9788867493913_1_m.jpg","thumbnail":"https:\/\/images.epagine.fr\/913\/9788867493913_1_v.jpg"},"orderable":true,"show_badge":true,"formatted_price":"22,00&nbsp;\u20ac","formatted_published_date":"15 janvier 2020","publisher_availability_label":"Sur commande","short_details":"Oreet Ashery \u2014 Mousse Publishing","translator":null,"weight":0,"page_count":240,"readership":null,"editor":"Mousse Publishing","price":2200,"published_date":"2020-01-14T23:00:00.000000Z","support":"Grand format","publisher_availability":1,"stock":0,"editions":[],"url":"https:\/\/quaidesbrumes.com\/ouvrage\/9788867493913\/how-we-die-is-how-we-live-only-more-so"},{"id":"9782336405520","title":"Au pays du cin\u00e9ma","description":"Le cin\u00e9ma est ici visit\u00e9 comme un pays que composent plusieurs territoires r\u00e9partis sur autant de chapitres. Dans le premier chapitre, on rencontre Le M\u00e9pris, associ\u00e9 \u00e0 L'Amour fou, M et Allemagne, ann\u00e9e z\u00e9ro. Les chapitres 2 et 3 abordent trois questions : le cin\u00e9ma comme champ culturel, objet th\u00e9orique, mati\u00e8re d'enseignement. Le chapitre 4 est une r\u00e9flexion sur la nuit au cin\u00e9ma. Sombre de Philippe Grandrieux y est longuement explor\u00e9. Chapitre 5 : de Louis Lumi\u00e8re \u00e0 Panah Panahi, sont abord\u00e9es des figures du transport, en train, en bateau, en voiture, en avion. Le dernier chapitre \u00e9voque deux films contemporains travers\u00e9s par l'id\u00e9e de la fin du voyage en cin\u00e9ma : It must be Heaven, et La D\u00e9rive des continents (au sud). \u00c0 la fois essai et r\u00e9trospective cin\u00e9philique, cette construction d'un \u00ab pays du cin\u00e9ma \u00bb suit ainsi une ligne singuli\u00e8re.","authors":["Maxime Scheinfeigel"],"category_codes":["6000000","6070000","6070300"],"visuals":{"large":"https:\/\/images.epagine.fr\/520\/9782336405520_1_75.jpg","medium":"https:\/\/images.epagine.fr\/520\/9782336405520_1_m.jpg","thumbnail":"https:\/\/images.epagine.fr\/520\/9782336405520_1_v.jpg"},"orderable":true,"show_badge":true,"formatted_price":"26,00&nbsp;\u20ac","formatted_published_date":"12 septembre 2023","publisher_availability_label":"Sur commande","short_details":"Maxime Scheinfeigel \u2014 \u00c9ditions L'Harmattan","translator":null,"weight":317,"page_count":254,"readership":null,"editor":"\u00c9ditions L'Harmattan","price":2600,"published_date":"2023-09-11T22:00:00.000000Z","support":"Grand format","publisher_availability":1,"stock":0,"editions":[],"url":"https:\/\/quaidesbrumes.com\/ouvrage\/9782336405520\/au-pays-du-cinema"},{"id":"9782322205677","title":"Sourires du bout du monde","description":"Lui c'est mon petit-fils, mais il croit que je suis son p\u00e8re. Sa m\u00e8re, ma fille, est \u00e0 Cuzco pour les \u00e9tudes et c'est trop compliqu\u00e9 pour elle de s'en occuper donc il reste avec moi.   C'est ce qu'Alfredo nous a racont\u00e9 le lendemain de notre rencontre. Alfredo est l'exemple m\u00eame des personnes qui ont impact\u00e9 notre voyage et confirm\u00e9 la n\u00e9cessit\u00e9 de ce livre \u00e0 nos yeux, de par leur grandeur d'\u00e2me.  R\u00e9cits de rencontres de voyage et de bribes d'aventures. Ce livre photo retrace des bouts de chemins, des morceaux de vie, des bouts de r\u00e9flexions. C'est une quarantaine de photos de voyage, de sc\u00e8nes de vie ainsi qu'une quinzaine de portraits et r\u00e9cits que vous retrouverez dans ce recueil qui viennent questionner les rapports humains dans notre soci\u00e9t\u00e9 occidentale.  Une conclusion ? A vous de vous l'approprier au fil des portraits, mais petit indice nous pr\u00e9parons avec impatience notre prochain voyage.  L'int\u00e9gralit\u00e9 des recettes de la vente de ce livre sera revers\u00e9e \u00e0 une association marseillaise qui accompagne des enfants malades du cancer \u00e0 vivre une vie d'enfant plus douce. Avec plus de sourires.\r","authors":["Perrine Dupas","Axel Fiard"],"category_codes":["6000000","6070000","6070200"],"visuals":{"large":"https:\/\/images.epagine.fr\/677\/9782322205677_1_75.jpg","medium":"https:\/\/images.epagine.fr\/677\/9782322205677_1_m.jpg","thumbnail":"https:\/\/images.epagine.fr\/677\/9782322205677_1_v.jpg"},"orderable":true,"show_badge":true,"formatted_price":"19,99&nbsp;\u20ac","formatted_published_date":"25 f\u00e9vrier 2020","publisher_availability_label":"Sur commande","short_details":"Perrine Dupas, Axel Fiard \u2014 Books on Demand","translator":null,"weight":501,"page_count":null,"readership":null,"editor":"Books on Demand","price":1999,"published_date":"2020-02-24T23:00:00.000000Z","support":"Grand format","publisher_availability":1,"stock":0,"editions":[],"url":"https:\/\/quaidesbrumes.com\/ouvrage\/9782322205677\/sourires-du-bout-du-monde"},{"id":"9782111620544","title":"Derriere les images - photographier la guerre","description":null,"authors":["Ecpad"],"category_codes":["6000000","6070000","6070200"],"visuals":{"large":"https:\/\/images.epagine.fr\/544\/9782111620544_1_75.jpg","medium":"https:\/\/images.epagine.fr\/544\/9782111620544_1_m.jpg","thumbnail":"https:\/\/images.epagine.fr\/544\/9782111620544_1_v.jpg"},"orderable":true,"show_badge":true,"formatted_price":"15,00&nbsp;\u20ac","formatted_published_date":"1er mars 2021","publisher_availability_label":"Sur commande","short_details":"Ecpad \u2014 Ecpad","translator":null,"weight":542,"page_count":104,"readership":null,"editor":"Ecpad","price":1500,"published_date":"2021-02-28T23:00:00.000000Z","support":"Grand format","publisher_availability":1,"stock":0,"editions":[],"url":"https:\/\/quaidesbrumes.com\/ouvrage\/9782111620544\/derriere-les-images-photographier-la-guerre"},{"id":"9781942607496","title":"Torey Thornton ; sail yeller","description":"Sail Yeller brings together a collection of 29 photographs by the Brooklyn-based artist Torey Thornton (born 1990) that were made between 2012-16 to further explore the language of photography.\r","authors":["Torey Thornton"],"category_codes":["6000000","6070000","6070200","6070205"],"visuals":{"large":"https:\/\/images.epagine.fr\/496\/9781942607496_1_75.jpg","medium":"https:\/\/images.epagine.fr\/496\/9781942607496_1_m.jpg","thumbnail":"https:\/\/images.epagine.fr\/496\/9781942607496_1_v.jpg"},"orderable":true,"show_badge":true,"formatted_price":"49,80&nbsp;\u20ac","formatted_published_date":"24 janvier 2017","publisher_availability_label":"Sur commande","short_details":"Torey Thornton \u2014 Karma","translator":null,"weight":1001,"page_count":null,"readership":null,"editor":"Karma","price":4980,"published_date":"2017-01-23T23:00:00.000000Z","support":"Grand format","publisher_availability":1,"stock":0,"editions":[],"url":"https:\/\/quaidesbrumes.com\/ouvrage\/9781942607496\/torey-thornton-sail-yeller"},{"id":"9782918138174","title":"Deux mille quinze","description":"Un retour sur l'installation filmique de Mark Geffriaud (livre d'artiste).\r\nL'installation filmique autour de laquelle l'exposition de Mark Geffriaud a \u00e9t\u00e9 con\u00e7ue en 2016 au Plateau explore notre rapport au temps. Le film spatialis\u00e9 a \u00e9t\u00e9 con\u00e7u \u00e0 partir des diff\u00e9rents rep\u00e9rages r\u00e9alis\u00e9s sur deux sites - le chantier du futur plus grand t\u00e9lescope au monde dans le d\u00e9sert d'Atacama au Chili et, les rives du lac Titicaca, entre la Bolivie et le P\u00e9rou o\u00f9 furent abandonn\u00e9es de grandes pierres de construction, il y a plus de mille ans. Les diff\u00e9rentes th\u00e9ories sur la construction \u00e0 laquelle elles \u00e9taient destin\u00e9es \u00e9chafaudent ainsi \u00e0 partir du pass\u00e9, diverses projections sur un futur qui restera \u00e0 jamais fictif. \r\nLe livre Deux mille quinze, con\u00e7u par Mark Geffriaud en collaboration avec Coline Sunier & Charles Maz\u00e9, \u00e0 partir d'un texte \u00e9crit \u00e0 rebours du projet, offre une autre spatialit\u00e9 \u00e0 l'exposition r\u00e9alis\u00e9e au Plateau en prenant comme point de d\u00e9part les diff\u00e9rentes images de ce dernier qui, accroch\u00e9es sur les murs et les \u00e9tag\u00e8res de l'atelier de l'artiste, rejouent une narration \u00e9voquant le processus de production d'une telle oeuvre. Page apr\u00e8s page, nous remontons le fil d'une histoire qui traduit la gen\u00e8se de la cr\u00e9ation du projet.\r\nPubli\u00e9 suite \u00e0 l'exposition \u00e9ponyme au Plateau \/ Frac \u00cele-de-France, Paris, du 22 septembre au 11 d\u00e9cembre 2016.\r","authors":["Mark Geffriaud"],"category_codes":["6000000","6070000","6070400"],"visuals":{"large":"https:\/\/images.epagine.fr\/174\/9782918138174_1_75.jpg","medium":"https:\/\/images.epagine.fr\/174\/9782918138174_1_m.jpg","thumbnail":"https:\/\/images.epagine.fr\/174\/9782918138174_1_v.jpg"},"orderable":true,"show_badge":true,"formatted_price":"29,00&nbsp;\u20ac","formatted_published_date":"27 f\u00e9vrier 2020","publisher_availability_label":"Sur commande","short_details":"Mark Geffriaud \u2014 Frac Ile De France","translator":null,"weight":890,"page_count":96,"readership":null,"editor":"Frac Ile De France","price":2900,"published_date":"2020-02-26T23:00:00.000000Z","support":"Grand format","publisher_availability":1,"stock":0,"editions":[],"url":"https:\/\/quaidesbrumes.com\/ouvrage\/9782918138174\/deux-mille-quinze"},{"id":"9791096852161","title":"Images de l'errance ; entre documentaires et films de fiction","description":"\"Comment se rel\u00e8ve-t-on du divan ? Et pourquoi faire ? En ce qui me concerne, j'avais besoin de mouvement et de nouvelles sensations. C'est pourquoi j'ai continu\u00e9 ma route en faisant des \u00e9tudes de cin\u00e9ma. L'apprentissage du cin\u00e9ma - kine - m'est apparu comme une \u00e9vidence m\u00ealant au mouvement, l'esth\u00e9tique - esthesi - la science des perceptions et des sens. Je voulais m'\u00e9loigner du \u00ab champ du langage, de la parole et de l'objet \u00bb cause du d\u00e9sir, afin d'entrer dans la sph\u00e8re de la perception, de la sensation et de l'objet \u00e9rig\u00e9 en valeur culturelle. Il ne me semblait pas indigne d'interroger, d'une place diff\u00e9rente, ce qu'est l'image, le regard, la voix, le r\u00e9el. Apprendre \u00e0 r\u00e9aliser des films dont la vocation est d'\u00eatre per\u00e7us directement par les sens. S'en coltiner la conception puis la r\u00e9alisation, quitte \u00e0 devenir b\u00eate, tout en conservant la libert\u00e9 acquise gr\u00e2ce \u00e0 la psychanalyse. Le th\u00e8me de l'errance s'est impos\u00e9 de lui-m\u00eame, pour des raisons psychanalytiques et cin\u00e9matographiques parce que l'errance, l'abandon de l'id\u00e9e de - totalit\u00e9, est un excellent outil d'exploration. Sigmund Freud dans la Traumdeutung \u00e9crit que le r\u00eave n'est pas structur\u00e9 comme un sc\u00e9nario mais comme un r\u00e9bus. Il nous appelle en phon\u00e9tisant \u00e0 nous int\u00e9resser \u00e0 la voix. Gilles Deleuze dans sa conf\u00e9rence sur l'acte de cr\u00e9ation nous rappelle que le propre du cin\u00e9ma, c'est la disjonction entre l'image et le son. Claude Bailbl\u00e9, - enseignant \u00e0 Paris 8, nous incite \u00e0 imaginer le cin\u00e9ma du futur comme un cin\u00e9ma\"\r","authors":["Annie Vacelet-vuitton"],"category_codes":["6000000","6070000","6070300","6070304"],"visuals":{"large":"https:\/\/images.epagine.fr\/161\/9791096852161_1_75.jpg","medium":"https:\/\/images.epagine.fr\/161\/9791096852161_1_m.jpg","thumbnail":"https:\/\/images.epagine.fr\/161\/9791096852161_1_v.jpg"},"orderable":true,"show_badge":true,"formatted_price":"15,00&nbsp;\u20ac","formatted_published_date":"22 octobre 2010","publisher_availability_label":"Sur commande","short_details":"Annie Vacelet-vuitton \u2014 Borromees","translator":null,"weight":117,"page_count":82,"readership":null,"editor":"Borromees","price":1500,"published_date":"2010-10-21T22:00:00.000000Z","support":"Grand format","publisher_availability":1,"stock":0,"editions":[],"url":"https:\/\/quaidesbrumes.com\/ouvrage\/9791096852161\/images-de-lerrance-entre-documentaires-et-films-de-fiction"},{"id":"9782322202164","title":"Les tr\u00e9sors de la spiritualite Tome 1 ; l'Ancien Testament","description":"Voici quelques Paroles fondamentales de l'Ancien Testament illustr\u00e9es par des photographies pour se r\u00e9jouir des Merveilles du Monde Divin.\r","authors":["Aline Arnold","Roland Arnold"],"category_codes":["6000000","6070000","6070200"],"visuals":{"large":"https:\/\/images.epagine.fr\/164\/9782322202164_1_75.jpg","medium":"https:\/\/images.epagine.fr\/164\/9782322202164_1_m.jpg","thumbnail":"https:\/\/images.epagine.fr\/164\/9782322202164_1_v.jpg"},"orderable":true,"show_badge":true,"formatted_price":"15,00&nbsp;\u20ac","formatted_published_date":"24 avril 2020","publisher_availability_label":"Sur commande","short_details":"Aline Arnold, Roland Arnold \u2014 Books on Demand","translator":null,"weight":154,"page_count":44,"readership":null,"editor":"Books on Demand","price":1500,"published_date":"2020-04-23T22:00:00.000000Z","support":"Grand format","publisher_availability":1,"stock":0,"editions":[],"url":"https:\/\/quaidesbrumes.com\/ouvrage\/9782322202164\/les-tresors-de-la-spiritualite-tome-1-lancien-testament"},{"id":"9782377160396","title":"Cahiers du cin\u00e9ma n.766 : quand est-ce qu'on sort ?","description":"Quand est-ce qu'on sort ? Nous, l'esp\u00e8ce humaine confin\u00e9e, les spectateurs de cin\u00e9ma, les Cahiers et leur nouveau comit\u00e9 de r\u00e9daction, tous un peu sonn\u00e9s, avec l'envie de courir les rues comme ce couple qui rejoue all\u00e8grement Adam et \u00c8ve en pleine catastrophe, \u00e0 poil et libres de n'\u00eatre plus attendus \u00e0 aucun tournant. C'est une image des Derniers Jours du monde des fr\u00e8res Larrieu qui orne notre couverture, un beau film sous-estim\u00e9, \u00e0 l'audace hirsute, \u00e0 la m\u00e9lancolie transcend\u00e9e par une sensualit\u00e9 et un rire souverains. Cette course est le contraire d'une fuite, elle est un \u00e9lan vital, enthousiaste et charnel, comme un irr\u00e9sistible appel en ces temps incertains de d\u00e9confinement masqu\u00e9 et de distance sanitaire.  N'en d\u00e9plaise \u00e0 ceux qui ont annonc\u00e9 leur (\u00e9ni\u00e8me) mort, les Cahiers du cin\u00e9ma courent encore. Et nous en avons pris le relais en plein saut d'obstacles. Certains ont protest\u00e9, d'autres se sont inqui\u00e9t\u00e9s, il en est m\u00eame qui ont proph\u00e9tis\u00e9. Notre seule r\u00e9ponse est ce nouveau num\u00e9","authors":["Cahiers Du Cinema"],"category_codes":["6000000","6070000","6070300","6070306"],"visuals":{"large":"https:\/\/images.epagine.fr\/396\/9782377160396_1_75.jpg","medium":"https:\/\/images.epagine.fr\/396\/9782377160396_1_m.jpg","thumbnail":"https:\/\/images.epagine.fr\/396\/9782377160396_1_v.jpg"},"orderable":true,"show_badge":true,"formatted_price":"5,90&nbsp;\u20ac","formatted_published_date":"28 mai 2020","publisher_availability_label":"Sur commande","short_details":"Cahiers Du Cinema \u2014 Revue Cahiers Du Cinema","translator":null,"weight":219,"page_count":98,"readership":null,"editor":"Revue Cahiers Du Cinema","price":590,"published_date":"2020-05-27T22:00:00.000000Z","support":"Revue","publisher_availability":1,"stock":0,"editions":[],"url":"https:\/\/quaidesbrumes.com\/ouvrage\/9782377160396\/cahiers-du-cinema-n766-quand-est-ce-quon-sort"},{"id":"9782377160402","title":"Cahiers du cin\u00e9ma n.767 : Rohmer \u00e0 la plage","description":"Le ma\u00eetre du \u00absuspens\u00bb : D'Hitchcock en Rohmer par Marcos Uzal Un conteur mod\u00e8le et moderne par Philippe Fauvel Au pont des Arts par Antoine de Baecque Noces de marbre, cristaux de sel par Charlotte Garson La nuit transfigur\u00e9e par Pierre L\u00e9on Entendu de l'int\u00e9rieur entretien avec Pascal Dusapin Le d\u00e9sir du roman par Emmanuelle Pireyre Les Petites Filles mod\u00e8les : Chutes et chuchotements par V\u00e9ronique Manniez-Rivette.\r","authors":["Cahiers Du Cinema"],"category_codes":["6000000","6070000","6070300","6070306"],"visuals":{"large":"https:\/\/images.epagine.fr\/402\/9782377160402_1_75.jpg","medium":"https:\/\/images.epagine.fr\/402\/9782377160402_1_m.jpg","thumbnail":"https:\/\/images.epagine.fr\/402\/9782377160402_1_v.jpg"},"orderable":true,"show_badge":true,"formatted_price":"6,90&nbsp;\u20ac","formatted_published_date":"4 juillet 2020","publisher_availability_label":"Sur commande","short_details":"Cahiers Du Cinema \u2014 Revue Cahiers Du Cinema","translator":null,"weight":230,"page_count":98,"readership":null,"editor":"Revue Cahiers Du Cinema","price":690,"published_date":"2020-07-03T22:00:00.000000Z","support":"Revue","publisher_availability":1,"stock":0,"editions":[],"url":"https:\/\/quaidesbrumes.com\/ouvrage\/9782377160402\/cahiers-du-cinema-n767-rohmer-a-la-plage"},{"id":"9781913620349","title":"After-martin kollar","description":null,"authors":["Martin Kollar"],"category_codes":["6000000","6070000","6070200"],"visuals":{"large":"https:\/\/quaidesbrumes.com\/img\/book-placeholder.png","medium":"https:\/\/quaidesbrumes.com\/img\/book-placeholder.png","thumbnail":"https:\/\/quaidesbrumes.com\/img\/book-placeholder.png"},"orderable":true,"show_badge":true,"formatted_price":"40,00&nbsp;\u20ac","formatted_published_date":"4 octobre 2021","publisher_availability_label":"Sur commande","short_details":"Martin Kollar \u2014 Mack Books","translator":null,"weight":801,"page_count":null,"readership":null,"editor":"Mack Books","price":4000,"published_date":"2021-10-03T22:00:00.000000Z","support":"Grand format","publisher_availability":1,"stock":0,"editions":[],"url":"https:\/\/quaidesbrumes.com\/ouvrage\/9781913620349\/after-martin-kollar"},{"id":"9782343198798","title":"Jazz & cin\u00e9ma (configurations et alliances sensibles)","description":"Jazz et cin\u00e9ma, n\u00e9s \u00e0 la m\u00eame p\u00e9riode, c\u00e9l\u00e8brent tr\u00e8s t\u00f4t leurs noces. Leur alliance, \u00e9tablie \u00e0 l'aube du XXe si\u00e8cle, prend une direction nouvelle avec l'\u00e9closion du parlant et se maintient tout au long de leurs \u00e9volutions majeures. Les contributions d\u00e9veloppent plusieurs partis pris : m\u00ealer r\u00e9flexion esth\u00e9tique et approche sociologico-historique ; consid\u00e9rer que les alliances sensibles se jouent aussi bien localement, au coeur des films, que dans des mouvements perceptibles \u00e0 une plus grande \u00e9chelle. C'est ainsi que l'ouvrage accorde une large place aux domaines fran\u00e7ais et am\u00e9ricain, en faisant l'hypoth\u00e8se que la question jazz participe \u00e0 reconfigurer les liens entre oeuvres pionni\u00e8res du cin\u00e9ma, p\u00e9riode classique hollywoodienne et modernit\u00e9 de la Nouvelle Vague, de John Cassavetes ou de l'art vid\u00e9o.","authors":["Patrick Louguet"],"category_codes":["6000000","6070000","6070300"],"visuals":{"large":"https:\/\/images.epagine.fr\/798\/9782343198798_1_75.jpg","medium":"https:\/\/images.epagine.fr\/798\/9782343198798_1_m.jpg","thumbnail":"https:\/\/images.epagine.fr\/798\/9782343198798_1_v.jpg"},"orderable":true,"show_badge":true,"formatted_price":"38,00&nbsp;\u20ac","formatted_published_date":"7 avril 2020","publisher_availability_label":"Sur commande","short_details":"Patrick Louguet \u2014 \u00c9ditions L'Harmattan","translator":null,"weight":400,"page_count":350,"readership":null,"editor":"\u00c9ditions L'Harmattan","price":3800,"published_date":"2020-04-06T22:00:00.000000Z","support":"Grand format","publisher_availability":1,"stock":0,"editions":[],"url":"https:\/\/quaidesbrumes.com\/ouvrage\/9782343198798\/jazz-cinema-configurations-et-alliances-sensibles"},{"id":"9782343197562","title":"Adaptation litt\u00e9raire et courts m\u00e9trages d'animation ; au milieu de l'image coulent les textes","description":"Le d\u00e9bat entre texte et image - et la r\u00e9duction du litt\u00e9raire \u00e0 la narration, de l'image \u00e0 la visualisation qui l'accompagne in\u00e9vitablement - n'est pas r\u00e9cent. Cet ouvrage souhaite \u00e9voquer la complexit\u00e9 des rapports entre l'image mobile et le texte fig\u00e9, sur un terrain mouvant o\u00f9 se rejoignent cin\u00e9ma et litt\u00e9rature. Fruit d'un colloque international, il propose, \u00e0 travers des approches \u00e0 la fois divergentes et convergentes, d'explorer, de r\u00e9explorer les diff\u00e9rents aspects des liens entre image et texte en se penchant sp\u00e9cifiquement sur le formidable espace ouvert par le court m\u00e9trage d'animation.","authors":["J\u00e9r\u00f4me Dutel"],"category_codes":["6000000","6070000","6070300"],"visuals":{"large":"https:\/\/images.epagine.fr\/562\/9782343197562_1_75.jpg","medium":"https:\/\/images.epagine.fr\/562\/9782343197562_1_m.jpg","thumbnail":"https:\/\/images.epagine.fr\/562\/9782343197562_1_v.jpg"},"orderable":true,"show_badge":true,"formatted_price":"28,50&nbsp;\u20ac","formatted_published_date":"16 avril 2020","publisher_availability_label":"Sur commande","short_details":"J\u00e9r\u00f4me Dutel \u2014 \u00c9ditions L'Harmattan","translator":null,"weight":400,"page_count":256,"readership":null,"editor":"\u00c9ditions L'Harmattan","price":2850,"published_date":"2020-04-15T22:00:00.000000Z","support":"Grand format","publisher_availability":1,"stock":0,"editions":[],"url":"https:\/\/quaidesbrumes.com\/ouvrage\/9782343197562\/adaptation-litteraire-et-courts-metrages-danimation-au-milieu-de-limage-coulent-les-textes"},{"id":"9782366690514","title":"\u00e9paisseur du temps \/ photographique","description":"- Catalogue de l'exposition \u00e9ponyme qui se d\u00e9roule \u00e0 Topographie de l'art, Paris 3e, du 18 avril au 13 juin 2020. - Les oeuvres de 12 artistes : Carolle Benitha, Sophie Ristelhueber, Catherine Rebois, Corinne Vionnet, Ga\u00eblle Choisne, Adam Magyar, Juliana Borinski, Oleg Dou, Katrien de Blauwer, Danila Tkachenko, Gabrielle Gobeaud Bianco et Julien Bernard - Ces artistes explorent et exp\u00e9rimentent les limites de la photographie, mais aussi le rapport sp\u00e9cifique au temps. Creusant la surface et travaillant l'id\u00e9e m\u00eame de ce qui fait image, ils vont nous introduire chacun, de par leurs diff\u00e9rents regards, \u00e0 la r\u00e9alit\u00e9 d'un temps, celui qu'on dit photographique, dans sa densit\u00e9 et son \u00e9paisseur. Mais le temps existe-t-il ? Et s'il n'\u00e9tait compos\u00e9 que d'inexistence... Le temps va ici nous interpeller, dans toute son \u00e9paisseur.\r","authors":["Catherine Rebois"],"category_codes":["6000000","6070000","6070200","6070204"],"visuals":{"large":"https:\/\/images.epagine.fr\/514\/9782366690514_1_75.jpg","medium":"https:\/\/images.epagine.fr\/514\/9782366690514_1_m.jpg","thumbnail":"https:\/\/images.epagine.fr\/514\/9782366690514_1_v.jpg"},"orderable":true,"show_badge":true,"formatted_price":"15,00&nbsp;\u20ac","formatted_published_date":"5 septembre 2020","publisher_availability_label":"Sur commande","short_details":"Catherine Rebois \u2014 Manufacture De L'Image","translator":null,"weight":265,"page_count":68,"readership":null,"editor":"Manufacture De L'Image","price":1500,"published_date":"2020-09-04T22:00:00.000000Z","support":"Grand format","publisher_availability":1,"stock":0,"editions":[],"url":"https:\/\/quaidesbrumes.com\/ouvrage\/9782366690514\/epaisseur-du-temps-photographique"},{"id":"9788836645541","title":"Margaret Bourke - White Dorothea Lange","description":"Un volume dedicato a due fotoreporter leggendarie, testimoni di eventi epocali che hanno saputo ritrarre con coraggio e intensa lucidit\u00e0.\r","authors":["Collectif"],"category_codes":["6000000","6070000","6070200","6070205"],"visuals":{"large":"https:\/\/images.epagine.fr\/541\/9788836645541_1_75.jpg","medium":"https:\/\/images.epagine.fr\/541\/9788836645541_1_m.jpg","thumbnail":"https:\/\/images.epagine.fr\/541\/9788836645541_1_v.jpg"},"orderable":true,"show_badge":true,"formatted_price":"28,00&nbsp;\u20ac","formatted_published_date":"4 juillet 2020","publisher_availability_label":"Sur commande","short_details":"Collectif \u2014 Silvana Editoriale","translator":null,"weight":460,"page_count":116,"readership":null,"editor":"Silvana Editoriale","price":2800,"published_date":"2020-07-03T22:00:00.000000Z","support":"Grand format","publisher_availability":1,"stock":0,"editions":[],"url":"https:\/\/quaidesbrumes.com\/ouvrage\/9788836645541\/margaret-bourke-white-dorothea-lange"},{"id":"9782343202167","title":"Les guerres de Jean-Luc Godard","description":"Dans les ann\u00e9es 60, Jean-Luc Godard en appelait \u00e0 un renouveau de la pens\u00e9e progressiste. Sa pente libertaire et sa proximit\u00e9 avec les Etats-Unis auraient pu l'inciter \u00e0 se tourner vers le mouvement contestataire am\u00e9ricain. S'y affirmaient les droits des minorit\u00e9s, un renouveau f\u00e9ministe et les d\u00e9buts de l'\u00e9cologie. Mais il pr\u00e9f\u00e9ra finalement embrasser un marxisme-l\u00e9ninisme archa\u00efque et dess\u00e9chant.","authors":["Pascal Noblet"],"category_codes":["6000000","6070000","6070300"],"visuals":{"large":"https:\/\/images.epagine.fr\/167\/9782343202167_1_75.jpg","medium":"https:\/\/images.epagine.fr\/167\/9782343202167_1_m.jpg","thumbnail":"https:\/\/images.epagine.fr\/167\/9782343202167_1_v.jpg"},"orderable":true,"show_badge":true,"formatted_price":"29,50&nbsp;\u20ac","formatted_published_date":"9 mai 2020","publisher_availability_label":"Sur commande","short_details":"Pascal Noblet \u2014 \u00c9ditions L'Harmattan","translator":null,"weight":330,"page_count":272,"readership":null,"editor":"\u00c9ditions L'Harmattan","price":2950,"published_date":"2020-05-08T22:00:00.000000Z","support":"Grand format","publisher_availability":1,"stock":0,"editions":[],"url":"https:\/\/quaidesbrumes.com\/ouvrage\/9782343202167\/les-guerres-de-jean-luc-godard"},{"id":"9783907236024","title":"Widerspru\u00a8chliche Bewegungsreize ; Contradictory Motion Cues","description":"Un livre d'artiste kal\u00e9idoscopique centr\u00e9 sur le travail photographique du duo r\u00e9alis\u00e9 au cours des dix derni\u00e8res ann\u00e9es.\r","authors":["Huber.huber"],"category_codes":["6000000","6070000","6070200","6070205"],"visuals":{"large":"https:\/\/images.epagine.fr\/024\/9783907236024_1_75.jpg","medium":"https:\/\/images.epagine.fr\/024\/9783907236024_1_m.jpg","thumbnail":"https:\/\/images.epagine.fr\/024\/9783907236024_1_v.jpg"},"orderable":true,"show_badge":true,"formatted_price":"68,00&nbsp;\u20ac","formatted_published_date":"10 juin 2020","publisher_availability_label":"Sur commande","short_details":"Huber.huber \u2014 Patrick Frey","translator":null,"weight":1310,"page_count":324,"readership":null,"editor":"Patrick Frey","price":6800,"published_date":"2020-06-09T22:00:00.000000Z","support":"Grand format","publisher_availability":1,"stock":0,"editions":[],"url":"https:\/\/quaidesbrumes.com\/ouvrage\/9783907236024\/widerspruchliche-bewegungsreize-contradictory-motion-cues"}]}