{"data":[{"id":"9788899385699","title":"Archivi della Basilicata Tome 1 ; la Bonifica di Bradano e Metaponto","description":"Premier ouvrage d'une s\u00e9rie de publications consacr\u00e9es \u00e0 l'exploration des archives de la r\u00e9gion italienne de Basilicate sous un angle artistique. Ce volume s'int\u00e9resse aux terres touch\u00e9es par des probl\u00e9matiques li\u00e9es au r\u00e9seau hydraulique.\r\n\r\nCet ouvrage s'inscrit dans la collection \u00ab Archivi della Basilicata \u00bb, cr\u00e9\u00e9e dans le cadre du projet I-DEA, qui accompagne la nomination de Matera comme Capitale europ\u00e9enne de la culture 2019. La collection explore les archives de la r\u00e9gion italienne de Basilicate \u00e0 travers une perspective artistique.\r","authors":["Andrea Bagnato"],"category_codes":["6000000","6070000","6070200"],"visuals":{"large":"https:\/\/images.epagine.fr\/699\/9788899385699_1_75.jpg","medium":"https:\/\/images.epagine.fr\/699\/9788899385699_1_m.jpg","thumbnail":"https:\/\/images.epagine.fr\/699\/9788899385699_1_v.jpg"},"orderable":true,"show_badge":true,"formatted_price":"18,00&nbsp;\u20ac","formatted_published_date":"25 novembre 2019","publisher_availability_label":"Sur commande","short_details":"Andrea Bagnato \u2014 Humboldt Books","translator":null,"weight":340,"page_count":136,"readership":null,"editor":"Humboldt Books","price":1800,"published_date":"2019-11-24T23:00:00.000000Z","support":"Grand format","publisher_availability":1,"stock":0,"editions":[],"url":"https:\/\/quaidesbrumes.com\/ouvrage\/9788899385699\/archivi-della-basilicata-tome-1-la-bonifica-di-bradano-e-metaponto"},{"id":"9782343184593","title":"Le cin\u00e9ma d'animation en Tunisie ; un cin\u00e9ma de la marge en contexte autoritaire","description":"Force est de constater que la r\u00e9volution tunisienne de D\u00e9cembre 2010 - Janvier 2011 a surpris. Pourtant, des signes annonciateurs de ce bouleversement ont \u00e9t\u00e9 observ\u00e9s longtemps avant, aussi bien dans le champ politique et social que dans la production culturelle et artistique, et tout particuli\u00e8rement cin\u00e9matographique. Ce livre tente de d\u00e9fricher et d'explorer la terra incognita qu'est le cin\u00e9ma d'animation en Tunisie.","authors":["Maya Ben ayed"],"category_codes":["6000000","6070000","6070300","6070304"],"visuals":{"large":"https:\/\/images.epagine.fr\/593\/9782343184593_1_75.jpg","medium":"https:\/\/images.epagine.fr\/593\/9782343184593_1_m.jpg","thumbnail":"https:\/\/images.epagine.fr\/593\/9782343184593_1_v.jpg"},"orderable":true,"show_badge":true,"formatted_price":"33,50&nbsp;\u20ac","formatted_published_date":"21 novembre 2019","publisher_availability_label":"Sur commande","short_details":"Maya Ben ayed \u2014 \u00c9ditions L'Harmattan","translator":null,"weight":473,"page_count":300,"readership":null,"editor":"\u00c9ditions L'Harmattan","price":3350,"published_date":"2019-11-20T23:00:00.000000Z","support":"Grand format","publisher_availability":1,"stock":0,"editions":[],"url":"https:\/\/quaidesbrumes.com\/ouvrage\/9782343184593\/le-cinema-danimation-en-tunisie-un-cinema-de-la-marge-en-contexte-autoritaire"},{"id":"9782343184050","title":"Les salles de cin\u00e9ma en Afrique sud saharienne francophone (1926-1980)","description":"L'apparition et le d\u00e9veloppement du cin\u00e9ma en salles dans les colonies d'Afrique occidentale et \u00e9quatoriale fran\u00e7aise sont essentiellement du fait de Fran\u00e7ais. Les deux entreprises d'importation et de diffusion des films finiront par \u00eatre rachet\u00e9es en 1973 et les trois centaines de salles rapidement revendues aux Africains. Sept ans plus tard, ce sera au tour de la distribution de la totalit\u00e9 des films, pr\u00e9lude imm\u00e9diat \u00e0 un effondrement extr\u00eamement rapide de l'ensemble de la fili\u00e8re cin\u00e9ma sur la zone. N\u00e9anmoins, la compr\u00e9hension des \u00e9v\u00e8nements de cette d\u00e9cennie cruciale permet seule de savoir pourquoi la disparition des int\u00e9r\u00eats fran\u00e7ais, r\u00e9clam\u00e9e par les r\u00e9alisateurs africains, signera en r\u00e9alit\u00e9 la mort des salles de cin\u00e9ma dans tous leurs pays, et l'impossibilit\u00e9 d'amorcer une production p\u00e9renne de films.","authors":["Claude Forest"],"category_codes":["6000000","6070000","6070300","6070301"],"visuals":{"large":"https:\/\/images.epagine.fr\/050\/9782343184050_1_75.jpg","medium":"https:\/\/images.epagine.fr\/050\/9782343184050_1_m.jpg","thumbnail":"https:\/\/images.epagine.fr\/050\/9782343184050_1_v.jpg"},"orderable":true,"show_badge":true,"formatted_price":"33,50&nbsp;\u20ac","formatted_published_date":"4 novembre 2019","publisher_availability_label":"Sur commande","short_details":"Claude Forest \u2014 \u00c9ditions L'Harmattan","translator":null,"weight":467,"page_count":300,"readership":null,"editor":"\u00c9ditions L'Harmattan","price":3350,"published_date":"2019-11-03T23:00:00.000000Z","support":"Grand format","publisher_availability":1,"stock":0,"editions":[],"url":"https:\/\/quaidesbrumes.com\/ouvrage\/9782343184050\/les-salles-de-cinema-en-afrique-sud-saharienne-francophone-1926-1980"},{"id":"9782490161041","title":"Sol negro black sun - women in photography \/anglais\/espagnol","description":"Publi\u00e9 \u00e0 l'occasion de l'exposition au Festival Internacional FotoM\u00e9xico 2019 \u00e0 partir du 23 octobre 2019. Cet album pr\u00e9sente 12 photographes femmes d'Am\u00e9rique du Sud (Argentine, Br\u00e9sil, Chili, Colombie, Mexique, P\u00e9rou) avec des photographies issues de la collection de Anna Gamazo Abell\u00f3. L'on y retrouve des photographies de Adriana Lestido, Luz Maria Bedoy, Johanna Calle, Helen Zout, Claudia Donoso, Rosa Gauditano, Leonora Vicuna, Carla Rippey, Carolina Cardenas & Sergio Trujillo Magnenat, Milagros de la Torre, Paz Errazuriz et Rosario Lopez. Ce cataloogue d'exposition donne un aper\u00e7u de la mani\u00e8re dont 12 femmes ont radicalis\u00e9 la pratique de la photographie au cours du XXe si\u00e8cle et continuent de le faire aujourd'hui. Il r\u00e9v\u00e8le les positions actuelles de ces femmes dans les contextes sociaux et politiques dans lesquels elles ont d\u00fb s'\u00e9tablir, dans des domaines qui leur ont rendu difficile la cr\u00e9ation de leur propre univers ; introduction de Maria Wills Londono et Alexis Fabry, textes de Fran\u00e7ois Boisivon et Alexis Fabry, photos en n.b. et en couleurs.\r","authors":["Collectif"],"category_codes":["6000000","6070000","6070200"],"visuals":{"large":"https:\/\/images.epagine.fr\/041\/9782490161041_1_75.jpg","medium":"https:\/\/images.epagine.fr\/041\/9782490161041_1_m.jpg","thumbnail":"https:\/\/images.epagine.fr\/041\/9782490161041_1_v.jpg"},"orderable":true,"show_badge":true,"formatted_price":"35,00&nbsp;\u20ac","formatted_published_date":"11 novembre 2019","publisher_availability_label":"Sur commande","short_details":"Collectif \u2014 Toluca","translator":null,"weight":1180,"page_count":160,"readership":null,"editor":"Toluca","price":3500,"published_date":"2019-11-10T23:00:00.000000Z","support":"Grand format","publisher_availability":1,"stock":0,"editions":[],"url":"https:\/\/quaidesbrumes.com\/ouvrage\/9782490161041\/sol-negro-black-sun-women-in-photography-anglaisespagnol"},{"id":"9782322190133","title":"D'or et d'automne","description":"Comment mieux caract\u00e9riser l'automne que par l'or des feuillages d'une for\u00eat et des \u00e9motions qu'inspire cette saison, une saison empreinte de r\u00eaverie et d'esp\u00e9rance. Belle en \u00e9t\u00e9, la for\u00eat de Haguenau l'est tout autant quand les arbres s'habillent des couleurs qui  ont tant inspir\u00e9 les po\u00e8tes. Et la plus belle des po\u00e9sies est sans doute celle qui embrasse les \u00e9toiles de cette rouille du temps et de la patine de l'amour.\r","authors":["Vispi Fabien"],"category_codes":["6000000","6070000","6070200"],"visuals":{"large":"https:\/\/images.epagine.fr\/133\/9782322190133_1_75.jpg","medium":"https:\/\/images.epagine.fr\/133\/9782322190133_1_m.jpg","thumbnail":"https:\/\/images.epagine.fr\/133\/9782322190133_1_v.jpg"},"orderable":true,"show_badge":true,"formatted_price":"16,00&nbsp;\u20ac","formatted_published_date":"25 novembre 2019","publisher_availability_label":"Sur commande","short_details":"Vispi Fabien \u2014 Books on Demand","translator":null,"weight":283,"page_count":48,"readership":null,"editor":"Books on Demand","price":1600,"published_date":"2019-11-24T23:00:00.000000Z","support":"Grand format","publisher_availability":1,"stock":0,"editions":[],"url":"https:\/\/quaidesbrumes.com\/ouvrage\/9782322190133\/dor-et-dautomne"},{"id":"9791280336170","title":"Genova 1960 \/ 1970","description":"Over the course of the 1960s, Genoa underwent a radical transformation process, due to the reconstruction in the wake of the bombing suffered during WWII and the euphoria linked to the economic boom. Lisetta Carmi was there, and despite being Genovese herself, she manages to portray the city with the gaze of an \"outsider\". And so in her photographs, we come across the breath of the port, the alleyways of the old town, the traces of the war, the cemetery of Staglieno, but also everyday life with children playing in the street, adolescents taking up rock and roll, right up to her famous photos of transvestites which caused a scandal at the time, and which today show us the great empathy between the photographer and the photographed. The book is at the same time a demonstration of Lisetta Carmi's photographic research and a document depicting a Genoa which is no more, and which is brought back to life here in her harsh black and white. The accompanying texts are provided by Giuliano Scabia, Giovanni Battista Martini and Giovanna Calvenzi.","authors":["Lisetta Carmi","Giovanni Battista Martini","Giovanna Calvenzi","Giuliano Scabia"],"category_codes":["6000000","6070000","6070200"],"visuals":{"large":"https:\/\/quaidesbrumes.com\/img\/book-placeholder.png","medium":"https:\/\/quaidesbrumes.com\/img\/book-placeholder.png","thumbnail":"https:\/\/quaidesbrumes.com\/img\/book-placeholder.png"},"orderable":true,"show_badge":true,"formatted_price":"20,00&nbsp;\u20ac","formatted_published_date":"3 avril 2024","publisher_availability_label":"Sur commande","short_details":"Lisetta Carmi, Giovanni Battista Martini, Giovanna Calvenzi, Giuliano Scabia \u2014 Humboldt Books","translator":null,"weight":240,"page_count":92,"readership":null,"editor":"Humboldt Books","price":2000,"published_date":"2024-04-02T22:00:00.000000Z","support":"Grand format","publisher_availability":1,"stock":0,"editions":[],"url":"https:\/\/quaidesbrumes.com\/ouvrage\/9791280336170\/genova-1960-1970"},{"id":"9788867493630","title":"Jesper Just ; servitudes. circuits. interpassivities.","description":"Premi\u00e8re monographie r\u00e9trospective pr\u00e9sentant une vue d'ensemble des travaux du vid\u00e9aste danois sur plus de dix ans.\r\n\r\nPubli\u00e9 \u00e0 l'occasion de \u00ab Servitudes \u00bb au Maat, Lisbonne, du 16 mai au 2 septembre 2019, et au Kunsthal Charlottenborg, Copenhague, du 15 juin au 11 ao\u00fbt 2019.\r","authors":["Irene Campolmi"],"category_codes":["6000000","6070000","6070300"],"visuals":{"large":"https:\/\/images.epagine.fr\/630\/9788867493630_1_75.jpg","medium":"https:\/\/images.epagine.fr\/630\/9788867493630_1_m.jpg","thumbnail":"https:\/\/images.epagine.fr\/630\/9788867493630_1_v.jpg"},"orderable":true,"show_badge":true,"formatted_price":"28,00&nbsp;\u20ac","formatted_published_date":"7 novembre 2019","publisher_availability_label":"Sur commande","short_details":"Irene Campolmi \u2014 Mousse Publishing","translator":null,"weight":690,"page_count":104,"readership":null,"editor":"Mousse Publishing","price":2800,"published_date":"2019-11-06T23:00:00.000000Z","support":"Grand format","publisher_availability":1,"stock":0,"editions":[],"url":"https:\/\/quaidesbrumes.com\/ouvrage\/9788867493630\/jesper-just-servitudes-circuits-interpassivities"},{"id":"9782367162898","title":"Cultural Studies et Hollywood ; le pass\u00e9 remani\u00e9","description":"Hollywood a toujours accord\u00e9 une place importante \u00e0 la production de films historiques. D'Autant en emporte le vent de Victor Fleming \u00e0 Ben-Hur de William Wyler, ces oeuvres ont marqu\u00e9 durablement l'imaginaire des spectateurs. Toutefois, progressivement, le film historique hollywoodien a pris un nouveau tournant, en m\u00eame temps que les Cultural Studies s'imposaient dans les universit\u00e9s. Dor\u00e9navant, l'ambition de l'oevre historique serait de r\u00e9parer une vision falsifi\u00e9e du pass\u00e9 car enti\u00e8rement centr\u00e9e sur celle du groupe dominant (blanc, masculin, h\u00e9t\u00e9rosexuel...). Une proposition int\u00e9ressante mais ces films historiques du XXIe si\u00e8cle, estampill\u00e9s Cultural Studies et d\u00e9riv\u00e9s, ne seraient-ils pas au final aussi caricaturaux et fauss\u00e9s que ceux du si\u00e8cle pr\u00e9c\u00e9dent? Plus grave, ils pourraient tr\u00e8s bien symboliser les d\u00e9rives communautaires qui gangr\u00e8nent actuellement la soci\u00e9t\u00e9 am\u00e9ricaine... L'auteur a effectu\u00e9 de nombreuses interviews de r\u00e9alisateurs (Jos\u00e9 Padilha, David Mackenzie, Andrew Dominik, John Sayles), sc\u00e9naristes (Lee Hall, Jeffrey Caine) et producteur (T.G. Herrington) pour enrichir son travail d'analyse des films historiques hollywoodiens contemporains.\r","authors":["David Da silva"],"category_codes":["6000000","6070000","6070300","6070303"],"visuals":{"large":"https:\/\/images.epagine.fr\/898\/9782367162898_1_75.jpg","medium":"https:\/\/images.epagine.fr\/898\/9782367162898_1_m.jpg","thumbnail":"https:\/\/images.epagine.fr\/898\/9782367162898_1_v.jpg"},"orderable":true,"show_badge":true,"formatted_price":"29,00&nbsp;\u20ac","formatted_published_date":"30 janvier 2020","publisher_availability_label":"Sur commande","short_details":"David Da silva \u2014 Lettmotif","translator":null,"weight":420,"page_count":380,"readership":null,"editor":"Lettmotif","price":2900,"published_date":"2020-01-29T23:00:00.000000Z","support":"Grand format","publisher_availability":1,"stock":0,"editions":["9782367162904"],"url":"https:\/\/quaidesbrumes.com\/ouvrage\/9782367162898\/cultural-studies-et-hollywood-le-passe-remanie"},{"id":"9782807607705","title":"M\u00e9tiers et techniques du cin\u00e9ma et de l'audiovisuel : sources, terrains, m\u00e9thodes","description":"La \u00ab r\u00e9volution \u00bb du num\u00e9rique, entam\u00e9e au tournant des ann\u00e9es 2000, a entra\u00een\u00e9 dans un tourbillon de transformations l'ensemble de la fili\u00e8re cin\u00e9matographique, de la cr\u00e9ation \u00e0 la diffusion. L'ampleur des mutations engendr\u00e9es (disparition d'acteurs des industries techniques, destruction massive d'emplois et de savoir-faire, red\u00e9finition des contours de m\u00e9tiers anciens et apparition de nouveaux) a sensibilis\u00e9 une partie de la communaut\u00e9 scientifique. Des projets nationaux et internationaux d'envergure ont vu le jour, avec le souci de cartographier les changements et surtout de pr\u00e9server des connaissances et des comp\u00e9tences menac\u00e9es de disparition. \u00c0 l'heure o\u00f9 ces projets de recherche semblent se multiplier, cet ouvrage collectif, tir\u00e9 d'un colloque universitaire, propose de se concentrer sur des questionnements d'ordre m\u00e9thodologique : comment aborder les changements intervenus dans la fili\u00e8re cin\u00e9matographique ? \u00e0 partir de quelles sources, avec quels outils et selon quelles approches ? quels probl\u00e8mes m\u00e9thodologiques la recherche sur les m\u00e9tiers et les techniques du cin\u00e9ma et de l'audiovisuel soul\u00e8ve-t-elle ? Autant de questions trait\u00e9es dans ces pages, \u00e0 partir de contributions d'une jeune g\u00e9n\u00e9ration de chercheurs dont les travaux, parmi les plus novateurs, incarnent aujourd'hui une dynamique significative au sein des \u00e9tudes cin\u00e9matographiques et audiovisuelles. S'il y a urgence \u00e0 \u00e9tudier un monde qui semble dispara\u00eetre et se transformer sous nos yeux, il est tout aussi urgent de s'attarder sur les modalit\u00e9s de la recherche, sur les outils m\u00e9thodologiques et les sources \u00e0 disposition.\r","authors":["Collectif","Kira Kitsopanidou","H\u00e9l\u00e8ne Fleckinger","S\u00e9bastien Layerle"],"category_codes":["6000000","6070000","6070300","6070304"],"visuals":{"large":"https:\/\/images.epagine.fr\/705\/9782807607705_1_75.jpg","medium":"https:\/\/images.epagine.fr\/705\/9782807607705_1_m.jpg","thumbnail":"https:\/\/images.epagine.fr\/705\/9782807607705_1_v.jpg"},"orderable":true,"show_badge":true,"formatted_price":"45,00&nbsp;\u20ac","formatted_published_date":"1er octobre 2020","publisher_availability_label":"Sur commande","short_details":"Collectif, Kira Kitsopanidou, H\u00e9l\u00e8ne Fleckinger, S\u00e9bastien Layerle \u2014 P.I.E. Peter Lang","translator":null,"weight":383,"page_count":318,"readership":null,"editor":"P.I.E. Peter Lang","price":4500,"published_date":"2020-09-30T22:00:00.000000Z","support":"Poche","publisher_availability":1,"stock":0,"editions":[],"url":"https:\/\/quaidesbrumes.com\/ouvrage\/9782807607705\/metiers-et-techniques-du-cinema-et-de-laudiovisuel-sources-terrains-methodes"},{"id":"9782322188260","title":"L'hermione ; trois-m\u00e2ts carr\u00e9 du XVIIIe si\u00e8cle","description":"L'Hermione qui navigue actuellement est une r\u00e9plique d'un navire de guerre fran\u00e7ais, un trois-m\u00e2ts carr\u00e9 avec une coque en ch\u00eane, construit \u00e0 l'arsenal de Rochefort-sur-Mer de 1778 \u00e0 1779. C'est avec ce navire que La Fayette a rejoins, en 1780, les insurg\u00e9s am\u00e9ricains en lutte pour leur ind\u00e9pendance. L'Hermione est un vaisseau de type fr\u00e9gate de 12, \u00e9quip\u00e9e de 26 canons tirant des boulets de 12 livres, sa longueur est de 65 m et sa voilure de 2200 m2. L'association Hermione-La Fayette s'est lanc\u00e9e dans la reconstruction de cette fr\u00e9gate avec une double pr\u00e9occupation, celle de reconstruire une fr\u00e9gate du XVIIIe, \u00e9poque la plus glorieuse de l'arsenal de Rochefort, et celle de r\u00e9aliser une reconstruction la plus fid\u00e8le possible la fr\u00e9gate d'origine (sur la base des plans de la Concorde, sister-ship de l'Hermione, les plans de cette derni\u00e8re ayant \u00e9t\u00e9 perdus). Les travaux ont commenc\u00e9 en 1997 et la mise \u00e0 l'eau de la coque s'est faite en 2012 sur le fleuve la Charente ce n'est qu'en 2014, une fois les m\u00e2ts install\u00e9s avec le gr\u00e9ement, que L'Hermione est partie \u00e0 la rencontre des eaux sal\u00e9es.\r","authors":["Jo\u00ebl Douillet"],"category_codes":["6000000","6070000","6070200"],"visuals":{"large":"https:\/\/images.epagine.fr\/260\/9782322188260_1_75.jpg","medium":"https:\/\/images.epagine.fr\/260\/9782322188260_1_m.jpg","thumbnail":"https:\/\/images.epagine.fr\/260\/9782322188260_1_v.jpg"},"orderable":true,"show_badge":true,"formatted_price":"13,99&nbsp;\u20ac","formatted_published_date":"7 novembre 2019","publisher_availability_label":"Sur commande","short_details":"Jo\u00ebl Douillet \u2014 Books on Demand","translator":null,"weight":148,"page_count":28,"readership":null,"editor":"Books on Demand","price":1399,"published_date":"2019-11-06T23:00:00.000000Z","support":"Grand format","publisher_availability":1,"stock":0,"editions":[],"url":"https:\/\/quaidesbrumes.com\/ouvrage\/9782322188260\/lhermione-trois-mats-carre-du-xviiie-siecle"},{"id":"9783960700449","title":"Hans-christian schink hinterland \/anglais\/allemand","description":null,"authors":["Schink Hans-Christia"],"category_codes":["6000000","6070000","6070200"],"visuals":{"large":"https:\/\/images.epagine.fr\/449\/9783960700449_1_75.jpg","medium":"https:\/\/images.epagine.fr\/449\/9783960700449_1_m.jpg","thumbnail":"https:\/\/images.epagine.fr\/449\/9783960700449_1_v.jpg"},"orderable":true,"show_badge":true,"formatted_price":"48,00&nbsp;\u20ac","formatted_published_date":"30 janvier 2020","publisher_availability_label":"Sur commande","short_details":"Schink Hans-Christia \u2014 Hartmann Books","translator":null,"weight":1230,"page_count":144,"readership":null,"editor":"Hartmann Books","price":4800,"published_date":"2020-01-29T23:00:00.000000Z","support":"Grand format","publisher_availability":1,"stock":0,"editions":[],"url":"https:\/\/quaidesbrumes.com\/ouvrage\/9783960700449\/hans-christian-schink-hinterland-anglaisallemand"},{"id":"9783960700456","title":"Peter bialobrzeski give my regards to elizabeth \/anglais\/allemand","description":"Ce livre est un r\u00e9cit du s\u00e9jour de Peter Bialobrzeski en Angleterre au d\u00e9but des ann\u00e9es 1990, lorsqu'il y termine ses \u00e9tudes. Issu d'une \u00e9conomie allemande en plein essor apr\u00e8s l'unification, il rencontre \u00e0 Londres une r\u00e9alit\u00e9 et une \u00e9conomie en r\u00e9cession sous le poids du capitalisme thatch\u00e9rite. Bialobrzeski a captur\u00e9 des images de cette m\u00eame soci\u00e9t\u00e9 pour lui si inconnue, influenc\u00e9 par la photographie couleur britannique des ann\u00e9es 1980. La publication fut son travail de dipl\u00f4me, r\u00e9alis\u00e9 en deux livres factices reli\u00e9s \u00e0 la main, encore compl\u00e8tement analogiques. Aujourd'hui, 27 ans plus tard, le livre est publi\u00e9 sous la forme d'une version presque fac-simil\u00e9 de la mise en page originale.\r","authors":["Peter Bialobrzeski"],"category_codes":["6000000","6070000","6070200"],"visuals":{"large":"https:\/\/images.epagine.fr\/456\/9783960700456_1_75.jpg","medium":"https:\/\/images.epagine.fr\/456\/9783960700456_1_m.jpg","thumbnail":"https:\/\/images.epagine.fr\/456\/9783960700456_1_v.jpg"},"orderable":true,"show_badge":true,"formatted_price":"36,00&nbsp;\u20ac","formatted_published_date":"15 avril 2020","publisher_availability_label":"Sur commande","short_details":"Peter Bialobrzeski \u2014 Hartmann Books","translator":null,"weight":750,"page_count":96,"readership":null,"editor":"Hartmann Books","price":3600,"published_date":"2020-04-14T22:00:00.000000Z","support":"Grand format","publisher_availability":1,"stock":0,"editions":[],"url":"https:\/\/quaidesbrumes.com\/ouvrage\/9783960700456\/peter-bialobrzeski-give-my-regards-to-elizabeth-anglaisallemand"},{"id":"9781883318635","title":"Hollywood rides a bike","description":null,"authors":["Steven Rea"],"category_codes":["6000000","6070000","6070200"],"visuals":{"large":"https:\/\/quaidesbrumes.com\/img\/book-placeholder.png","medium":"https:\/\/quaidesbrumes.com\/img\/book-placeholder.png","thumbnail":"https:\/\/quaidesbrumes.com\/img\/book-placeholder.png"},"orderable":true,"show_badge":true,"formatted_price":"22,00&nbsp;\u20ac","formatted_published_date":"8 janvier 2020","publisher_availability_label":"Sur commande","short_details":"Steven Rea \u2014 Smith Gibbs","translator":null,"weight":501,"page_count":null,"readership":null,"editor":"Smith Gibbs","price":2200,"published_date":"2020-01-07T23:00:00.000000Z","support":"Grand format","publisher_availability":1,"stock":0,"editions":[],"url":"https:\/\/quaidesbrumes.com\/ouvrage\/9781883318635\/hollywood-rides-a-bike"},{"id":"9781626400672","title":"Bunker hill los angeles","description":null,"authors":["Nathan Marsak"],"category_codes":["6000000","6070000","6070200"],"visuals":{"large":"https:\/\/quaidesbrumes.com\/img\/book-placeholder.png","medium":"https:\/\/quaidesbrumes.com\/img\/book-placeholder.png","thumbnail":"https:\/\/quaidesbrumes.com\/img\/book-placeholder.png"},"orderable":true,"show_badge":true,"formatted_price":"42,00&nbsp;\u20ac","formatted_published_date":"8 avril 2020","publisher_availability_label":"Sur commande","short_details":"Nathan Marsak \u2014 Smith Gibbs","translator":null,"weight":0,"page_count":null,"readership":null,"editor":"Smith Gibbs","price":4200,"published_date":"2020-04-07T22:00:00.000000Z","support":"Grand format","publisher_availability":1,"stock":0,"editions":[],"url":"https:\/\/quaidesbrumes.com\/ouvrage\/9781626400672\/bunker-hill-los-angeles"},{"id":"9782367441436","title":"Circulation(s)","description":"Le festival Circulation(s), qui f\u00eate ses dix ann\u00e9es d'existence, est d\u00e9di\u00e9 \u00e0 la jeune photographie europ\u00e9enne, avec pour but d'en faire \u00e9merger les talents. De mars \u00e0 juin 2020, il pr\u00e9sente une grande exposition, au Centquatre \u00e0 Paris, qui r\u00e9unit 42 photographes issus de 16 nationalit\u00e9s. Engagement social, explorations visuelles de la science, interrogations politiques sur le Brexit ou la mont\u00e9e des nationalisme : les jeunes photographes interrogent le monde avec des \u00e9critures originales qui m\u00ealent approches conceptuelles et documentaires.\r\nCatalogue du festival, ce livre est un outil tr\u00e8s clair qui s'adresse \u00e0 la fois aux amateurs de photographie et aux professionnels. Le travail de chaque artiste est pr\u00e9sent\u00e9 avec une s\u00e9lection d'images, une biographie et une analyse de sa production.\r","authors":["Audrey Hoareau"],"category_codes":["6000000","6070000","6070200"],"visuals":{"large":"https:\/\/images.epagine.fr\/436\/9782367441436_1_75.jpg","medium":"https:\/\/images.epagine.fr\/436\/9782367441436_1_m.jpg","thumbnail":"https:\/\/images.epagine.fr\/436\/9782367441436_1_v.jpg"},"orderable":true,"show_badge":true,"formatted_price":"22,00&nbsp;\u20ac","formatted_published_date":"19 mars 2020","publisher_availability_label":"Sur commande","short_details":"Audrey Hoareau \u2014 LE BEC EN L'AIR","translator":null,"weight":510,"page_count":128,"readership":null,"editor":"LE BEC EN L'AIR","price":2200,"published_date":"2020-03-18T23:00:00.000000Z","support":"Grand format","publisher_availability":1,"stock":0,"editions":[],"url":"https:\/\/quaidesbrumes.com\/ouvrage\/9782367441436\/circulations"},{"id":"9788417975074","title":"Yvonne venegas special days the studio and its archives \/anglais\/espagnol","description":null,"authors":["Venega Yvonne"],"category_codes":["6000000","6070000","6070200"],"visuals":{"large":"https:\/\/images.epagine.fr\/074\/9788417975074_1_75.jpg","medium":"https:\/\/images.epagine.fr\/074\/9788417975074_1_m.jpg","thumbnail":"https:\/\/images.epagine.fr\/074\/9788417975074_1_v.jpg"},"orderable":true,"show_badge":true,"formatted_price":"22,00&nbsp;\u20ac","formatted_published_date":"15 f\u00e9vrier 2020","publisher_availability_label":"Sur commande","short_details":"Venega Yvonne \u2014 Rm Editorial","translator":null,"weight":250,"page_count":72,"readership":null,"editor":"Rm Editorial","price":2200,"published_date":"2020-02-14T23:00:00.000000Z","support":"Grand format","publisher_availability":1,"stock":0,"editions":[],"url":"https:\/\/quaidesbrumes.com\/ouvrage\/9788417975074\/yvonne-venegas-special-days-the-studio-and-its-archives-anglaisespagnol"},{"id":"9782343189789","title":"Dialoguer avec Ray, Godard, Visconti & friends ; regards et \u00e9coutes","description":"N\u00e9 de bouleversantes exp\u00e9riences d'\u00e9coute et de regard que ne cesse d'occasionner le cin\u00e9ma, de celles que l'on emporte avec soi, qui nous aident en secret \u00e0 vivre et qui donnent l'envie d'\u00e9crire, cet ouvrage assemble diverses analyses de films et dessine un trajet soumis \u00e0 l'h\u00e9t\u00e9roclite, au non raccord, \u00e0 la disparate. Il laisse au lecteur la libert\u00e9 de trouver son propre chemin et abandonne aux \u00eelots de texte le soin de faire sentir les affinit\u00e9s qui les lient souterrainement.","authors":["Guillaume Bourgeois"],"category_codes":["6000000","6070000","6070300","6070304"],"visuals":{"large":"https:\/\/images.epagine.fr\/789\/9782343189789_1_75.jpg","medium":"https:\/\/images.epagine.fr\/789\/9782343189789_1_m.jpg","thumbnail":"https:\/\/images.epagine.fr\/789\/9782343189789_1_v.jpg"},"orderable":true,"show_badge":true,"formatted_price":"21,00&nbsp;\u20ac","formatted_published_date":"11 d\u00e9cembre 2019","publisher_availability_label":"Sur commande","short_details":"Guillaume Bourgeois \u2014 \u00c9ditions L'Harmattan","translator":null,"weight":227,"page_count":184,"readership":null,"editor":"\u00c9ditions L'Harmattan","price":2100,"published_date":"2019-12-10T23:00:00.000000Z","support":"Grand format","publisher_availability":1,"stock":0,"editions":[],"url":"https:\/\/quaidesbrumes.com\/ouvrage\/9782343189789\/dialoguer-avec-ray-godard-visconti-friends-regards-et-ecoutes"},{"id":"9781938461842","title":"Look at me","description":"- Firooz Zahedi, c\u00e9l\u00e8bre photographe hollywoodien, publie    Look at Me, une collection de ses portraits de c\u00e9l\u00e9brit\u00e9s les   plus distingu\u00e9s et les plus intimes. - De commissions \u00e9ditoriales de magazines, y compris Vanity Fair, Glamour, InStyle, GQ et Entertainment Weekly,    sur des affiches de films embl\u00e9matiques comme Pulp    Fiction, Edward Scissorhands et The Addams Family    - Zahedi photographie les plus grandes stars  hollywoodiennes depuis plus de 35 ans. - Chaque photo est accompagn\u00e9e d'un court texte offrant    une perspicacit\u00e9 personnelle sur la mani\u00e8re dont chaque    photo a \u00e9t\u00e9 assembl\u00e9e. - Vous y trouverez \u00e9galement des photographies in\u00e9dites,    ainsi que des instantan\u00e9s sp\u00e9ciaux et des notes de    remerciement de la part de Zahedi. -  Look at Me est une c\u00e9l\u00e9bration de cet \u00e2ge d'or de la    c\u00e9l\u00e9brit\u00e9 \u00e0 travers l'objectif de l'un des photographes les    plus accomplis d'Hollywood.\r","authors":["Firooz Zahedi"],"category_codes":["6000000","6070000","6070200","6070204"],"visuals":{"large":"https:\/\/images.epagine.fr\/842\/9781938461842_1_75.jpg","medium":"https:\/\/images.epagine.fr\/842\/9781938461842_1_m.jpg","thumbnail":"https:\/\/images.epagine.fr\/842\/9781938461842_1_v.jpg"},"orderable":true,"show_badge":true,"formatted_price":"60,00&nbsp;\u20ac","formatted_published_date":"2 octobre 2020","publisher_availability_label":"Sur commande","short_details":"Firooz Zahedi \u2014 Pointed Leaf","translator":null,"weight":2090,"page_count":272,"readership":null,"editor":"Pointed Leaf","price":6000,"published_date":"2020-10-01T22:00:00.000000Z","support":"Grand format","publisher_availability":1,"stock":0,"editions":[],"url":"https:\/\/quaidesbrumes.com\/ouvrage\/9781938461842\/look-at-me"},{"id":"9782343194288","title":"Festivals de cin\u00e9ma en Afriques francophones","description":"Les festivals de cin\u00e9ma constituent un ph\u00e9nom\u00e8ne en forte croissance, tant dans le monde entier que sur le continent africain. En s'appuyant sur de nombreux cas concrets, la vari\u00e9t\u00e9 des situations et contraintes transpara\u00eet nettement. Mais dans ces pays qu'est-ce qu'un festival de cin\u00e9ma ? Ne doit-on pas s'interroger sur ce qu'est aujourd'hui le cin\u00e9ma dans une r\u00e9gion du monde qui ne poss\u00e8de pas, ou plus, de salles de cin\u00e9ma, pas plus que d'industrie de l'audiovisuel, ni de l\u00e9gislation l'encadrant voire le d\u00e9finissant ?","authors":["Claude Forest"],"category_codes":["6000000","6070000","6070300"],"visuals":{"large":"https:\/\/images.epagine.fr\/288\/9782343194288_1_75.jpg","medium":"https:\/\/images.epagine.fr\/288\/9782343194288_1_m.jpg","thumbnail":"https:\/\/images.epagine.fr\/288\/9782343194288_1_v.jpg"},"orderable":true,"show_badge":true,"formatted_price":"26,00&nbsp;\u20ac","formatted_published_date":"7 f\u00e9vrier 2020","publisher_availability_label":"Sur commande","short_details":"Claude Forest \u2014 \u00c9ditions L'Harmattan","translator":null,"weight":293,"page_count":236,"readership":null,"editor":"\u00c9ditions L'Harmattan","price":2600,"published_date":"2020-02-06T23:00:00.000000Z","support":"Grand format","publisher_availability":1,"stock":0,"editions":[],"url":"https:\/\/quaidesbrumes.com\/ouvrage\/9782343194288\/festivals-de-cinema-en-afriques-francophones"},{"id":"9781912339839","title":"Migrant mother, migrant gender","description":null,"authors":["Sally Stein"],"category_codes":["6000000","6070000","6070200","6070204"],"visuals":{"large":"https:\/\/quaidesbrumes.com\/img\/book-placeholder.png","medium":"https:\/\/quaidesbrumes.com\/img\/book-placeholder.png","thumbnail":"https:\/\/quaidesbrumes.com\/img\/book-placeholder.png"},"orderable":true,"show_badge":true,"formatted_price":"9,50&nbsp;\u20ac","formatted_published_date":"17 juin 2020","publisher_availability_label":"Sur commande","short_details":"Sally Stein \u2014 Mack Books","translator":null,"weight":201,"page_count":null,"readership":null,"editor":"Mack Books","price":950,"published_date":"2020-06-16T22:00:00.000000Z","support":"Grand format","publisher_availability":1,"stock":0,"editions":[],"url":"https:\/\/quaidesbrumes.com\/ouvrage\/9781912339839\/migrant-mother-migrant-gender"},{"id":"9782869067370","title":"Posthumains en s\u00e9rie ; les d\u00e9tectives du futur","description":"Depuis les ann\u00e9es 2000, la fiction s'est peupl\u00e9e de cr\u00e9atures artificielles et d'humains augment\u00e9s, de mondes virtuels ou parall\u00e8les, d'intelligences artificielles et de mondes postcataclysmiques qui renouvellent les questionnements sur l'identit\u00e9 humaine. Avec l'av\u00e8nement des s\u00e9ries \u00e0 narration complexe, la fiction explore \u00e0 l'\u00e9cran les possibles devenirs de l'humain.\r\nEn s'appuyant sur des s\u00e9ries qui hybrident science-fiction et r\u00e9cit policier, ce livre \u00e9tudie les repr\u00e9sentations du posthumain \u00e0 l'\u00e9cran. De Fringe \u00e0 Westworld, de Person of Interest \u00e0 Sense8, Mr Robot ou The Expanse, des h\u00e9ros faisant office de d\u00e9tectives du futur croisent andro\u00efdes, cyborgs, robots et clones dans des s\u00e9ries t\u00e9l\u00e9vis\u00e9es qui nous interrogent sur l'avenir de l'\u00eatre humain.\r","authors":["H\u00e9l\u00e8ne Machinal"],"category_codes":["6000000","6070000","6070300"],"visuals":{"large":"https:\/\/images.epagine.fr\/370\/9782869067370_1_75.jpg","medium":"https:\/\/images.epagine.fr\/370\/9782869067370_1_m.jpg","thumbnail":"https:\/\/images.epagine.fr\/370\/9782869067370_1_v.jpg"},"orderable":true,"show_badge":true,"formatted_price":"28,00&nbsp;\u20ac","formatted_published_date":"26 novembre 2020","publisher_availability_label":"Sur commande","short_details":"H\u00e9l\u00e8ne Machinal \u2014 Presses Universitaires Fran\u00e7ois Rabelais","translator":null,"weight":580,"page_count":394,"readership":null,"editor":"Presses Universitaires Fran\u00e7ois Rabelais","price":2800,"published_date":"2020-11-25T23:00:00.000000Z","support":"Grand format","publisher_availability":1,"stock":0,"editions":[],"url":"https:\/\/quaidesbrumes.com\/ouvrage\/9782869067370\/posthumains-en-serie-les-detectives-du-futur"},{"id":"9788293104209","title":"Segunda vez ; how Masotta was repeated ; a research project led by Dora Garcia","description":"Cette publication documente les recherches effectu\u00e9es par Dora Garc\u00eda pour un projet vid\u00e9o sur Oscar Masotta, critique d'art et pionnier de la pens\u00e9e lacanienne en Am\u00e9rique latine. Elle comprend entre autres une s\u00e9lection d'\u00e9crits de Masotta et des essais contextuels autour de son travail.\r","authors":["Dora Garcia"],"category_codes":["6000000","6070000","6070400"],"visuals":{"large":"https:\/\/images.epagine.fr\/209\/9788293104209_1_75.jpg","medium":"https:\/\/images.epagine.fr\/209\/9788293104209_1_m.jpg","thumbnail":"https:\/\/images.epagine.fr\/209\/9788293104209_1_v.jpg"},"orderable":true,"show_badge":true,"formatted_price":"30,00&nbsp;\u20ac","formatted_published_date":"1er janvier 2018","publisher_availability_label":"Sur commande","short_details":"Dora Garcia \u2014 Torpedo Press","translator":null,"weight":660,"page_count":320,"readership":null,"editor":"Torpedo Press","price":3000,"published_date":"2017-12-31T23:00:00.000000Z","support":"Grand format","publisher_availability":1,"stock":0,"editions":[],"url":"https:\/\/quaidesbrumes.com\/ouvrage\/9788293104209\/segunda-vez-how-masotta-was-repeated-a-research-project-led-by-dora-garcia"},{"id":"9782358641166","title":"Collection Maison Bernard, fonds de dotation Tome 3","description":"Troisi\u00e8me titre de la collection consacr\u00e9e aux r\u00e9sidences de la Maison Bernard, oeuvre-r\u00e9f\u00e9rence de l'architecture organique r\u00e9alis\u00e9e au cours des ann\u00e9es 1970 par Antti Lovag, en association avec Pierre Bernard. L'ouvrage documente le projet con\u00e7u durant la r\u00e9sidence du photographe Yves Gellie, un travail autour de la lumi\u00e8re et de la perception.\r\nYves Gellie partage d\u00e9j\u00e0 une longue histoire avec la Maison Bernard. Sa premi\u00e8re visite, qui remonte aux ann\u00e9es 1980, lui a permis de rencontrer ses cr\u00e9ateurs, Pierre Bernard et Antti Lovag. En les fr\u00e9quentant r\u00e9guli\u00e8rement, il a pu percevoir les motivations et les intentions de l'un et les conceptions novatrices de l'autre.\r\nLes premi\u00e8res images d'Yves Gellie sont documentaires, tr\u00e8s \u00e9loign\u00e9es des images traditionnelles d'architecture. Elles affirment un parti pris d\u00e9lib\u00e9r\u00e9 en refusant le grand angle car il ne s'agit pas de montrer le plus possible mais de sugg\u00e9rer en se focalisant sur le d\u00e9tail des \u00e9l\u00e9ments architecturaux pour r\u00e9v\u00e9ler la pr\u00e9cision des enchev\u00eatrements de formes, la fluidit\u00e9 des perspectives et le dessin des marqueteries de pierre au sol. Puis, il s'est en quelque sorte pris au jeu. En cr\u00e9ant un v\u00e9ritable studio photographique dans une chambre qui concentrait toute la gamme chromatique utilis\u00e9e dans la maison, il a su interpr\u00e9ter et d\u00e9tourner l'architecture d'Antti Lovag pour cr\u00e9er des images autonomes.\r\nDans une s\u00e9rie intitul\u00e9e La Chambre Soeur, il s'appuie sur les propri\u00e9t\u00e9s sp\u00e9cifiques de la photographie, en l'occurrence la lumi\u00e8re, pour r\u00e9duire un espace tridimensionnel en un espace \u00e0 deux dimensions, donnant \u00e0 voir de larges aplats de couleurs \u00e9voquant une composition abstraite et la mati\u00e8re brute d'un mur. Puis cherchant \u00e0 restituer la fugacit\u00e9 de la lumi\u00e8re dans les espaces et son influence sur leur perception, il a cr\u00e9\u00e9 une installation vid\u00e9o singuli\u00e8re en allant dans l'infiniment petit d'une image, le pixel. Et pixel par pixel, il a r\u00e9ussi \u00e0 reproduire les variations lumineuses que ne pouvait capter l'appareil photographique.\r\nSes images fixes et en mouvement ne sont pas des repr\u00e9sentations de l'architecture, encore moins des d\u00e9monstrations. Elles traduisent fid\u00e8lement cet esprit de libert\u00e9 qui animait Antti Lovag et qu'il a insuffl\u00e9 dans ses cr\u00e9ations architecturales.\r","authors":["Yves Gelli\u00e9"],"category_codes":["6000000","6070000","6070200"],"visuals":{"large":"https:\/\/images.epagine.fr\/166\/9782358641166_1_75.jpg","medium":"https:\/\/images.epagine.fr\/166\/9782358641166_1_m.jpg","thumbnail":"https:\/\/images.epagine.fr\/166\/9782358641166_1_v.jpg"},"orderable":true,"show_badge":true,"formatted_price":"11,00&nbsp;\u20ac","formatted_published_date":"12 mars 2020","publisher_availability_label":"Sur commande","short_details":"Yves Gelli\u00e9 \u2014 Analogues","translator":null,"weight":240,"page_count":88,"readership":null,"editor":"Analogues","price":1100,"published_date":"2020-03-11T23:00:00.000000Z","support":"Grand format","publisher_availability":1,"stock":0,"editions":[],"url":"https:\/\/quaidesbrumes.com\/ouvrage\/9782358641166\/collection-maison-bernard-fonds-de-dotation-tome-3"},{"id":"9783907236000","title":"Human territoriality","description":"Une s\u00e9rie de photographies cartographiant d'anciennes r\u00e9gions frontali\u00e8res du monde entier, r\u00e9v\u00e9lant l'impermanence de ces espaces limitrophes \u00e0 travers le cours de l'histoire humaine.\r","authors":["Roger Eberhard"],"category_codes":["6000000","6070000","6070200","6070205"],"visuals":{"large":"https:\/\/images.epagine.fr\/000\/9783907236000_1_75.jpg","medium":"https:\/\/images.epagine.fr\/000\/9783907236000_1_m.jpg","thumbnail":"https:\/\/images.epagine.fr\/000\/9783907236000_1_v.jpg"},"orderable":true,"show_badge":true,"formatted_price":"60,00&nbsp;\u20ac","formatted_published_date":"12 mars 2020","publisher_availability_label":"Sur commande","short_details":"Roger Eberhard \u2014 Patrick Frey","translator":null,"weight":1050,"page_count":116,"readership":null,"editor":"Patrick Frey","price":6000,"published_date":"2020-03-11T23:00:00.000000Z","support":"Grand format","publisher_availability":1,"stock":0,"editions":[],"url":"https:\/\/quaidesbrumes.com\/ouvrage\/9783907236000\/human-territoriality"}]}