{"data":[{"id":"9782869067370","title":"Posthumains en s\u00e9rie ; les d\u00e9tectives du futur","description":"Depuis les ann\u00e9es 2000, la fiction s'est peupl\u00e9e de cr\u00e9atures artificielles et d'humains augment\u00e9s, de mondes virtuels ou parall\u00e8les, d'intelligences artificielles et de mondes postcataclysmiques qui renouvellent les questionnements sur l'identit\u00e9 humaine. Avec l'av\u00e8nement des s\u00e9ries \u00e0 narration complexe, la fiction explore \u00e0 l'\u00e9cran les possibles devenirs de l'humain.\r\nEn s'appuyant sur des s\u00e9ries qui hybrident science-fiction et r\u00e9cit policier, ce livre \u00e9tudie les repr\u00e9sentations du posthumain \u00e0 l'\u00e9cran. De Fringe \u00e0 Westworld, de Person of Interest \u00e0 Sense8, Mr Robot ou The Expanse, des h\u00e9ros faisant office de d\u00e9tectives du futur croisent andro\u00efdes, cyborgs, robots et clones dans des s\u00e9ries t\u00e9l\u00e9vis\u00e9es qui nous interrogent sur l'avenir de l'\u00eatre humain.","authors":["H\u00e9l\u00e8ne Machinal"],"category_codes":["6000000","6070000","6070300"],"visuals":{"large":"https:\/\/images.epagine.fr\/370\/9782869067370_1_75.jpg","medium":"https:\/\/images.epagine.fr\/370\/9782869067370_1_m.jpg","thumbnail":"https:\/\/images.epagine.fr\/370\/9782869067370_1_v.jpg"},"orderable":true,"show_badge":true,"formatted_price":"28,00&nbsp;\u20ac","formatted_published_date":"26 novembre 2020","publisher_availability_label":"Sur commande","short_details":"H\u00e9l\u00e8ne Machinal \u2014 Presses Universitaires Fran\u00e7ois Rabelais","translator":null,"weight":580,"page_count":394,"readership":null,"editor":"Presses Universitaires Fran\u00e7ois Rabelais","price":2800,"published_date":"2020-11-25T23:00:00.000000Z","support":"Grand format","publisher_availability":1,"stock":0,"editions":[],"url":"https:\/\/quaidesbrumes.com\/ouvrage\/9782869067370\/posthumains-en-serie-les-detectives-du-futur"},{"id":"9788293104209","title":"Segunda vez ; how Masotta was repeated ; a research project led by Dora Garcia","description":"Cette publication documente les recherches effectu\u00e9es par Dora Garc\u00eda pour un projet vid\u00e9o sur Oscar Masotta, critique d'art et pionnier de la pens\u00e9e lacanienne en Am\u00e9rique latine. Elle comprend entre autres une s\u00e9lection d'\u00e9crits de Masotta et des essais contextuels autour de son travail.","authors":["Dora Garcia"],"category_codes":["6000000","6070000","6070400"],"visuals":{"large":"https:\/\/images.epagine.fr\/209\/9788293104209_1_75.jpg","medium":"https:\/\/images.epagine.fr\/209\/9788293104209_1_m.jpg","thumbnail":"https:\/\/images.epagine.fr\/209\/9788293104209_1_v.jpg"},"orderable":true,"show_badge":true,"formatted_price":"30,00&nbsp;\u20ac","formatted_published_date":"1er janvier 2018","publisher_availability_label":"Sur commande","short_details":"Dora Garcia \u2014 Torpedo Press","translator":null,"weight":660,"page_count":320,"readership":null,"editor":"Torpedo Press","price":3000,"published_date":"2017-12-31T23:00:00.000000Z","support":"Grand format","publisher_availability":1,"stock":0,"editions":[],"url":"https:\/\/quaidesbrumes.com\/ouvrage\/9788293104209\/segunda-vez-how-masotta-was-repeated-a-research-project-led-by-dora-garcia"},{"id":"9782358641166","title":"Collection Maison Bernard, fonds de dotation Tome 3","description":"Troisi\u00e8me titre de la collection consacr\u00e9e aux r\u00e9sidences de la Maison Bernard, oeuvre-r\u00e9f\u00e9rence de l'architecture organique r\u00e9alis\u00e9e au cours des ann\u00e9es 1970 par Antti Lovag, en association avec Pierre Bernard. L'ouvrage documente le projet con\u00e7u durant la r\u00e9sidence du photographe Yves Gellie, un travail autour de la lumi\u00e8re et de la perception.\r\nYves Gellie partage d\u00e9j\u00e0 une longue histoire avec la Maison Bernard. Sa premi\u00e8re visite, qui remonte aux ann\u00e9es 1980, lui a permis de rencontrer ses cr\u00e9ateurs, Pierre Bernard et Antti Lovag. En les fr\u00e9quentant r\u00e9guli\u00e8rement, il a pu percevoir les motivations et les intentions de l'un et les conceptions novatrices de l'autre.\r\nLes premi\u00e8res images d'Yves Gellie sont documentaires, tr\u00e8s \u00e9loign\u00e9es des images traditionnelles d'architecture. Elles affirment un parti pris d\u00e9lib\u00e9r\u00e9 en refusant le grand angle car il ne s'agit pas de montrer le plus possible mais de sugg\u00e9rer en se focalisant sur le d\u00e9tail des \u00e9l\u00e9ments architecturaux pour r\u00e9v\u00e9ler la pr\u00e9cision des enchev\u00eatrements de formes, la fluidit\u00e9 des perspectives et le dessin des marqueteries de pierre au sol. Puis, il s'est en quelque sorte pris au jeu. En cr\u00e9ant un v\u00e9ritable studio photographique dans une chambre qui concentrait toute la gamme chromatique utilis\u00e9e dans la maison, il a su interpr\u00e9ter et d\u00e9tourner l'architecture d'Antti Lovag pour cr\u00e9er des images autonomes.\r\nDans une s\u00e9rie intitul\u00e9e La Chambre Soeur, il s'appuie sur les propri\u00e9t\u00e9s sp\u00e9cifiques de la photographie, en l'occurrence la lumi\u00e8re, pour r\u00e9duire un espace tridimensionnel en un espace \u00e0 deux dimensions, donnant \u00e0 voir de larges aplats de couleurs \u00e9voquant une composition abstraite et la mati\u00e8re brute d'un mur. Puis cherchant \u00e0 restituer la fugacit\u00e9 de la lumi\u00e8re dans les espaces et son influence sur leur perception, il a cr\u00e9\u00e9 une installation vid\u00e9o singuli\u00e8re en allant dans l'infiniment petit d'une image, le pixel. Et pixel par pixel, il a r\u00e9ussi \u00e0 reproduire les variations lumineuses que ne pouvait capter l'appareil photographique.\r\nSes images fixes et en mouvement ne sont pas des repr\u00e9sentations de l'architecture, encore moins des d\u00e9monstrations. Elles traduisent fid\u00e8lement cet esprit de libert\u00e9 qui animait Antti Lovag et qu'il a insuffl\u00e9 dans ses cr\u00e9ations architecturales.","authors":["Yves Gelli\u00e9"],"category_codes":["6000000","6070000","6070200"],"visuals":{"large":"https:\/\/images.epagine.fr\/166\/9782358641166_1_75.jpg","medium":"https:\/\/images.epagine.fr\/166\/9782358641166_1_m.jpg","thumbnail":"https:\/\/images.epagine.fr\/166\/9782358641166_1_v.jpg"},"orderable":true,"show_badge":true,"formatted_price":"11,00&nbsp;\u20ac","formatted_published_date":"12 mars 2020","publisher_availability_label":"Sur commande","short_details":"Yves Gelli\u00e9 \u2014 Analogues","translator":null,"weight":240,"page_count":88,"readership":null,"editor":"Analogues","price":1100,"published_date":"2020-03-11T23:00:00.000000Z","support":"Grand format","publisher_availability":1,"stock":0,"editions":[],"url":"https:\/\/quaidesbrumes.com\/ouvrage\/9782358641166\/collection-maison-bernard-fonds-de-dotation-tome-3"},{"id":"9783907236000","title":"Human territoriality","description":"Une s\u00e9rie de photographies cartographiant d'anciennes r\u00e9gions frontali\u00e8res du monde entier, r\u00e9v\u00e9lant l'impermanence de ces espaces limitrophes \u00e0 travers le cours de l'histoire humaine.","authors":["Roger Eberhard"],"category_codes":["6000000","6070000","6070200","6070205"],"visuals":{"large":"https:\/\/images.epagine.fr\/000\/9783907236000_1_75.jpg","medium":"https:\/\/images.epagine.fr\/000\/9783907236000_1_m.jpg","thumbnail":"https:\/\/images.epagine.fr\/000\/9783907236000_1_v.jpg"},"orderable":true,"show_badge":true,"formatted_price":"60,00&nbsp;\u20ac","formatted_published_date":"12 mars 2020","publisher_availability_label":"Sur commande","short_details":"Roger Eberhard \u2014 Patrick Frey","translator":null,"weight":1050,"page_count":116,"readership":null,"editor":"Patrick Frey","price":6000,"published_date":"2020-03-11T23:00:00.000000Z","support":"Grand format","publisher_availability":1,"stock":0,"editions":[],"url":"https:\/\/quaidesbrumes.com\/ouvrage\/9783907236000\/human-territoriality"},{"id":"9782869067394","title":"The young pope : la tiare et l'image","description":"L'histoire de l'art est un aspect majeur de la po\u00e9tique visuelle de la s\u00e9rie de Paolo Sorrentino \u00ab The Young Pope \u00bb. En effet, tableaux, statues, oeuvres d'art du pass\u00e9 sont particuli\u00e8rement mis en valeur dans cette s\u00e9rie qui raconte la mont\u00e9e en puissance d'un jeune pape am\u00e9ricain d\u00e9cal\u00e9 et r\u00e9actionnaire, Pie XIII. Ces oeuvres jouent un r\u00f4le important dans l'effet de vraisemblance que recherche la s\u00e9rie, puisque les \u00e9difices et les jardins du Vatican sont effectivement remplis d'images. Contempl\u00e9es et comment\u00e9es par les personnages, ou utilis\u00e9es pour leurs d\u00e9votions, ces oeuvres sont bien plus que des \u00e9l\u00e9ments de d\u00e9cor, elles sont \u00ab activ\u00e9es\u00a0\u00bb et deviennent vivantes.  Les images de la s\u00e9rie sont elles-m\u00eames nourries d'images du pass\u00e9 et \u00ab The Young Pope \u00bb met en sc\u00e8ne des \u00ab voyages d'images \u00bb, qui transitent entre images mat\u00e9rielles, oniriques, visionnaires et cin\u00e9matographiques.  Ce livre explore l'histoire de ces images et leur mani\u00e8re de cr\u00e9er de nouveaux parcours visuels et s\u00e9mantiques au sein de la s\u00e9rie.","authors":["Cyril Gerbron"],"category_codes":["6000000","6070000","6070300"],"visuals":{"large":"https:\/\/images.epagine.fr\/394\/9782869067394_1_75.jpg","medium":"https:\/\/images.epagine.fr\/394\/9782869067394_1_m.jpg","thumbnail":"https:\/\/images.epagine.fr\/394\/9782869067394_1_v.jpg"},"orderable":true,"show_badge":true,"formatted_price":"25,00&nbsp;\u20ac","formatted_published_date":"27 mai 2021","publisher_availability_label":"Sur commande","short_details":"Cyril Gerbron \u2014 Presses Universitaires Fran\u00e7ois Rabelais","translator":null,"weight":366,"page_count":190,"readership":null,"editor":"Presses Universitaires Fran\u00e7ois Rabelais","price":2500,"published_date":"2021-05-26T22:00:00.000000Z","support":"Grand format","publisher_availability":1,"stock":0,"editions":[],"url":"https:\/\/quaidesbrumes.com\/ouvrage\/9782869067394\/the-young-pope-la-tiare-et-limage"},{"id":"9782322193172","title":"Enfants des ann\u00e9es 1950-1970","description":"Non, ceci n'est pas un album de photos familial, m\u00eame si cela y ressemble... Les portraits d'enfants ob\u00e9issent \u00e0 des codes qui changent d'une d\u00e9cennie \u00e0 l'autre. Les trois p\u00e9riodes repr\u00e9sent\u00e9es ici (ann\u00e9es 1950, 1960 et 1970) sont pr\u00e9c\u00e9d\u00e9es de 4 photos d'archives (1880-1950) qui mettent en perspective ces clich\u00e9s pris par un amateur passionn\u00e9 de Leica. S\u00e9lectionn\u00e9es d'abord pour leur qualit\u00e9 esth\u00e9tique, ces photos offrent aussi un pr\u00e9cieux t\u00e9moignage sociologique\u00a0: les v\u00eatements, coiffures, d\u00e9cors, occupations et jeux divers dressent un portrait de l'enfance dat\u00e9 et universel en m\u00eame temps. On retrouvera le m\u00eame sujet repr\u00e9sent\u00e9 sur une majorit\u00e9 de photos, pour cause d'enfant unique.  Nous sommes dans une classe moyenne dipl\u00f4m\u00e9e, issue d'artisans, commer\u00e7ants et agriculteurs de milieux modestes. Les lieux\u00a0: Auch et ses alentours (Gers), Marcol\u00e8s (Cantal), Bizeneuille (Allier), Prats-de-Mollo (Pyr\u00e9n\u00e9es-Orientales), Doix (Vend\u00e9e) et la Catalogne espagnole. Enfants des ann\u00e9es 1950-1970 est le quatri\u00e8me recueil de la s\u00e9rie \u00ab\u00a0Ma vie en Leica\u00a0\u00bb, apr\u00e8s Vacances \u00e0 la ferme en Bourbonnais (n\u00b0 1), Vaches (n\u00b0 2), et Barri\u00e8res (n\u00b0 3).","authors":["Albert Cazal"],"category_codes":["6000000","6070000","6070200","6070205"],"visuals":{"large":"https:\/\/images.epagine.fr\/172\/9782322193172_1_75.jpg","medium":"https:\/\/images.epagine.fr\/172\/9782322193172_1_m.jpg","thumbnail":"https:\/\/images.epagine.fr\/172\/9782322193172_1_v.jpg"},"orderable":true,"show_badge":true,"formatted_price":"13,99&nbsp;\u20ac","formatted_published_date":"4 janvier 2020","publisher_availability_label":"Sur commande","short_details":"Albert Cazal \u2014 Books on Demand","translator":null,"weight":635,"page_count":164,"readership":null,"editor":"Books on Demand","price":1399,"published_date":"2020-01-03T23:00:00.000000Z","support":"Grand format","publisher_availability":1,"stock":0,"editions":[],"url":"https:\/\/quaidesbrumes.com\/ouvrage\/9782322193172\/enfants-des-annees-1950-1970"},{"id":"9782343189192","title":"Nelson Pereira dos Santos et l'invention d'un cin\u00e9ma national","description":"Nelson Pereira dos Santos (1928-2018) est notamment connu en France comme le r\u00e9alisateur de S\u00e9cheresse, pr\u00e9sent\u00e9 \u00e0 Cannes en 1964, o\u00f9 il emporta le Prix du meilleur film pour la jeunesse et le Prix des Cin\u00e9mas d'art et d'essai. Au Br\u00e9sil, il \u00e9tait d\u00e9j\u00e0 c\u00e9l\u00e8bre pour la r\u00e9alisation de Rio 40 Degr\u00e9s (1954), le film qui a r\u00e9volutionn\u00e9 la fa\u00e7on de repr\u00e9senter le peuple br\u00e9silien \u00e0 l'\u00e9cran, et qu'Andr\u00e9 Bazin a eu l'opportunit\u00e9 de regarder lors d'un s\u00e9jour en Am\u00e9rique du Sud.","authors":["Ramos Deise"],"category_codes":["6000000","6070000","6070300"],"visuals":{"large":"https:\/\/images.epagine.fr\/192\/9782343189192_1_75.jpg","medium":"https:\/\/images.epagine.fr\/192\/9782343189192_1_m.jpg","thumbnail":"https:\/\/images.epagine.fr\/192\/9782343189192_1_v.jpg"},"orderable":true,"show_badge":true,"formatted_price":"24,50&nbsp;\u20ac","formatted_published_date":"9 janvier 2020","publisher_availability_label":"Sur commande","short_details":"Ramos Deise \u2014 \u00c9ditions L'Harmattan","translator":null,"weight":275,"page_count":224,"readership":null,"editor":"\u00c9ditions L'Harmattan","price":2450,"published_date":"2020-01-08T23:00:00.000000Z","support":"Grand format","publisher_availability":1,"stock":0,"editions":[],"url":"https:\/\/quaidesbrumes.com\/ouvrage\/9782343189192\/nelson-pereira-dos-santos-et-linvention-dun-cinema-national"},{"id":"3663322108648","title":"La Septi\u00e8me Obsession n.26 : le cin\u00e9ma peut-il sauver le climat ? histoire \u00e9cologique du cin\u00e9ma","description":"Dark Waters de Todd Haynes - par Lucas Charrier Le r\u00e9el transfigur\u00e9 entretien avec Todd Haynes - par Lucas Charrier Lookbook : les influences de Dark Waters par Todd Haynes Les \u00e9co-thrillers par Nicolas Tellop Motifs Le d\u00e9sert dans les airs - Loeil \u00e9merveill\u00e9 du cyclone - D\u00e9chantons sous la pluie - For\u00eat, mon amour - Blizzard, vous avez dit blizzard ? - Feu, mon exaltation - Carte Le monde de demain vu par les films catastrophes Mosquito Coast par Lucas Loubaresse Deus ex-Wall-E par Arthur Louis Cingualte Demain, les enfants par Thomas A\u00efdan & Nicolas Tellop Le climat selon les lyc\u00e9ens par des lyc\u00e9ens de Cambrai Sauts dans la nature de Vincent Deville Histoire de l\u00e9cologie au cin\u00e9ma Bonnes feuilles par Steven Moore Jeu de loie de lempreinte carbone par Nicolas Tellop Habiter le monde entretien avec Dominique Marchais - par Thomas A\u00efdan","authors":["La Septieme Obsession"],"category_codes":["6000000","6070000","6070300","6070306"],"visuals":{"large":"https:\/\/images.epagine.fr\/648\/3663322108648_1_75.jpg","medium":"https:\/\/images.epagine.fr\/648\/3663322108648_1_m.jpg","thumbnail":"https:\/\/images.epagine.fr\/648\/3663322108648_1_v.jpg"},"orderable":true,"show_badge":true,"formatted_price":"6,90&nbsp;\u20ac","formatted_published_date":"10 janvier 2020","publisher_availability_label":"Sur commande","short_details":"La Septieme Obsession \u2014 La Septieme Obsession","translator":null,"weight":339,"page_count":142,"readership":null,"editor":"La Septieme Obsession","price":690,"published_date":"2020-01-09T23:00:00.000000Z","support":"Revue","publisher_availability":1,"stock":0,"editions":[],"url":"https:\/\/quaidesbrumes.com\/ouvrage\/3663322108648\/la-septieme-obsession-n26-le-cinema-peut-il-sauver-le-climat-histoire-ecologique-du-cinema"},{"id":"9791093128054","title":"Ava m\u00e9moires","description":"L'actrice Ava Gardner est n\u00e9e en 1922 , Caroline du Nord (E.U).\r\nElle s'est \u00e9teinte \u00e0 Londres en 1990.\r\nAvec des films tels que:\r\nLes tueurs, Pandora, Mogambo, Ville haute ville basse, Show Boat, Les neiges du Kilimandjaro, 7 jours en mai, La Contesse aux pieds nus, La crois\u00e9e des destins, La nuit de l'iguane, L'ange pourpre, Les 55 jours de P\u00e9kin , Mayerling, Le pont de cassandra, La sentinelle des maudits, Cit\u00e9 en feu, Tremblement de Terre, La trahison...etc   Ava Gardner aura sign\u00e9 quelques com\u00e9dies mais beaucoup de films catastrophes.\r\nCe qui pour  cette icone de la \" Femme Fatale \" aura \u00e9t\u00e9 r\u00e9alis\u00e9 sous les directions de :\r\nSiodmak, Lewin, Leroy, Sidney, Ford, King, Frankenheimer, Mankiewicz, Cukor, Huston, Johnson, Ray, Young, Cosmatos, Robson, Winner...\r\nRep\u00e9r\u00e9e par la M.G.M \u00e0 17 ans en raison de sa beaut\u00e9, Ava Gardner fut, \u00e0 cause de son accent du Sud,  cantonn\u00e9 7 ans \u00e0 la figuration occasionnelle. Mais surtout au studio photo de la MGM !\r\nL\u00e0 avec les photographes, leurs \u00e9quipes  cadres, lumi\u00e8res, d\u00e9cors, costumes, coiffures, maquillages...\r\nEt avec son corps...\r\nElle y appris \u00e0 comprendre les installations.\r\nA distinguer le centre d'un cadre et le centre de la lumi\u00e8re pour mieux aller se placer, se tourner, lancer des regards ...jouer avec le feu et ses flammes.\r\nPersonne n'est photog\u00e9nique par hasard.\r\nSurtout pas Ava Gardner...\r\nLa photog\u00e9nie n'est pas un don.\r\nCela ne s'h\u00e9rite, ni avec...\r\nLes grands yeux verts de papa, ni avec le beau teint p\u00e2le de maman.\r\nCela s'apprend. \r\n\r\nAutre exemple de la richesse franchement sp\u00e9ctaculaire, du sybillin et du tonitruant de son autobiographie : \r\n\" Giuseppe Rotunno est le plus grand. Point. \" ...pour parler du c\u00e9l\u00e8bre chef op\u00e9rateur.\r\n\r\n \r\nHttps:\/\/www.youtube.com\/watch?v=3IPfK4sWyB8","authors":["Ava Gardner"],"category_codes":["6000000","6070000","6070300","6070305"],"visuals":{"large":"https:\/\/images.epagine.fr\/054\/9791093128054_1_75.jpg","medium":"https:\/\/images.epagine.fr\/054\/9791093128054_1_m.jpg","thumbnail":"https:\/\/images.epagine.fr\/054\/9791093128054_1_v.jpg"},"orderable":true,"show_badge":true,"formatted_price":"15,00&nbsp;\u20ac","formatted_published_date":"15 novembre 2016","publisher_availability_label":"Sur commande","short_details":"Ava Gardner \u2014 Audiobib","translator":null,"weight":0,"page_count":null,"readership":null,"editor":"Audiobib","price":1500,"published_date":"2016-11-14T23:00:00.000000Z","support":"CD Audio","publisher_availability":1,"stock":0,"editions":[],"url":"https:\/\/quaidesbrumes.com\/ouvrage\/9791093128054\/ava-memoires"},{"id":"9791093128092","title":"Cher monsieur G","description":"De parents hollandais William Clark Gable est n\u00e9 en 1901 \u00e0 Cadiz (Ohio).\r\nIl s'est \u00e9teint \u00e0 Los Angeles en 1961.\r\n\r\n\"Avec ces oreilles-l\u00e0 ? Acteur ? Clark GABLE ? \" Si cela n'avait tenu qu'aux hommes...\r\nMais \u00e0 Hollywood il y avait aussi des femmes ;\r\nProfessionnelles, critiques, visionnaires et puissantes.\r\nComme Clark les aimait intelligentes, il fut donc servit.\r\nEt elles furent ch\u00e9ries.\r\nDes d\u00e9c\u00e8nies durant, le symbole masculin N\u00b01 et le champion des recettes publiques fut Clark Gable, acteur.\r\nLes pages de cette biographie sont peut-\u00eatre \u00e0 lire comme une reconduction de ce pacte des d\u00e9buts. Pacte de loyaut\u00e9 !\r\nR\u00e9dig\u00e9e par 2 femmes, du m\u00e9tier, imm\u00e9diatement apr\u00e8s sa mort ; \r\n\"Cher monsieur G\" (nom d'une chanson de Judy Garland) r\u00e9pond donc peut-\u00eatre,  dans son style, au souci d'assurer la perp\u00e9tuation de ce pacte... jusque dans la mort. \r\nCar au tout d\u00e9but, avant de se faire un nom sur les planches \u00e0 New-York, il fallut \u00e0 Clark bourlinguer pour gagner son pain :  \r\n\r\nOuvrier agricole, ouvrier du p\u00e9trole,  dans une scirie, et bien d'autres encore.\r\n\r\nAu th\u00e9\u00e2tre, puis surtout au cin\u00e9ma, ce sont les femmes qui lui donn\u00e8rent sa chance.\r\n\r\nEt plus d'une fois !\r\n\r\nSa masculinit\u00e9 d\u00e9pouill\u00e9, tranchait avec des vedettes ambigues, dingues ou fauch\u00e9es (Rudolphe Valentino, Fairbanks, Fatty Arbuckle, Keaton, Chaplin).  \r\n\r\nLes femmes du m\u00e9tier firent avec lui, ce que les hommes faisaient avec les actrices depuis bien longtemps (et au nom du public) :\r\n\r\nElles lui donn\u00e8rent du professionnalisme, du style, du temps et de l'argent.\r\n\r\nElles l'habill\u00e8rent et donn\u00e8rent \u00e0 sa masculinit\u00e9 les mani\u00e8res et l'image de ce qu'elles voulaient et ne voulaient pas y voir. \r\n\r\nSans d\u00e9bat, et donc impos\u00e9 ou non,  le public, f\u00e9minin et masculin, \u00e0 l'\u00e9cran et dans la vie, pl\u00e9biscita le mod\u00e8le  !\r\n\r\nClark Gable fut un symbole, model\u00e9, de la racine des cheveux jusqu'\u00e0 la pointe des chaussures, par des femmes !\r\n\r\nEntre Spencer Tracy, Gary Cooper et John Wayne, il y avait Clark Gable, qu'aux E.U on consid\u00e9rait commun\u00e9ment comme \"Le roi d'Hollywood\".\r\n\r\nIl aura tourn\u00e9 avec Garbo, Crawford, Laughton, pour des cin\u00e9astes comme Fleming, Walsh, Huston, Ford, Capra, des films comme \" Red dust\" , \"Les r\u00e9volt\u00e9s du Bounty, \"Autant en emporte le vent \" , \"Mogambo\", \"Le chou-chou du professeur\", \"L'odyss\u00e9e du sous-marin Nerka\", \"L'esclave libre\" , \"Les d\u00e9sax\u00e9s \".","authors":["Inez Cocke","Jean Garceau"],"category_codes":["6000000","6070000","6070300","6070305"],"visuals":{"large":"https:\/\/images.epagine.fr\/092\/9791093128092_1_75.jpg","medium":"https:\/\/images.epagine.fr\/092\/9791093128092_1_m.jpg","thumbnail":"https:\/\/images.epagine.fr\/092\/9791093128092_1_v.jpg"},"orderable":true,"show_badge":true,"formatted_price":"15,00&nbsp;\u20ac","formatted_published_date":"15 septembre 2017","publisher_availability_label":"Sur commande","short_details":"Inez Cocke, Jean Garceau \u2014 Audiobib","translator":null,"weight":0,"page_count":null,"readership":null,"editor":"Audiobib","price":1500,"published_date":"2017-09-14T22:00:00.000000Z","support":"CD Audio","publisher_availability":1,"stock":0,"editions":[],"url":"https:\/\/quaidesbrumes.com\/ouvrage\/9791093128092\/cher-monsieur-g"},{"id":"9791093128030","title":"Prostitution de l'acteur","description":"Texte de 1946, dans lequel Andr\u00e9 Villiers collecte et analyse la d\u00e9fiance quasi g\u00e9n\u00e9rale de l'acteur et du com\u00e9dien, \u00e0 travers les auteurs, les \u00e2ges et les civilisations.\r\nStup\u00e9fiant tourbillon de citations et d'arguments... qui font de ce livre, r\u00e9dig\u00e9 dans un fran\u00e7ais lumineux, le plus grand livre occidental sur la com\u00e9dienne et le com\u00e9dien. L'actrice et l'acteur.\r\nAu-del\u00e0, Prostitution de l'acteur, est une cl\u00e9 fondamentale pour saisir la soci\u00e9t\u00e9 fran\u00e7aise en 2016. Soci\u00e9t\u00e9 o\u00f9 les acteurs , l\u00e0 o\u00f9 il est ill\u00e9gitime et criminel de l'\u00eatre, sont partout en force pour d\u00e9cha\u00eener la com\u00e9die et le drame . Et bien p\u00e2lichons, l\u00e0 o\u00f9 - de bon droit cette fois -  il serait salutaire qu'ils le soient puissamment.\r\n\r\nHttps:\/\/www.youtube.com\/watch?v=hx7Uy0gP9-M","authors":["Andre Villiers"],"category_codes":["6000000","6070000","6070300","6070304"],"visuals":{"large":"https:\/\/images.epagine.fr\/030\/9791093128030_1_75.jpg","medium":"https:\/\/images.epagine.fr\/030\/9791093128030_1_m.jpg","thumbnail":"https:\/\/images.epagine.fr\/030\/9791093128030_1_v.jpg"},"orderable":true,"show_badge":true,"formatted_price":"15,00&nbsp;\u20ac","formatted_published_date":"15 janvier 2016","publisher_availability_label":"Sur commande","short_details":"Andre Villiers \u2014 Audiobib","translator":null,"weight":0,"page_count":null,"readership":null,"editor":"Audiobib","price":1500,"published_date":"2016-01-14T23:00:00.000000Z","support":"CD Audio","publisher_availability":1,"stock":0,"editions":[],"url":"https:\/\/quaidesbrumes.com\/ouvrage\/9791093128030\/prostitution-de-lacteur"},{"id":"9791093128108","title":"La vie d\u00e9chirante de Vivien Leigh","description":"Vivien LEIGH, com\u00e9dienne britanique, est n\u00e9e en 1913 au Nord-Est de l'Inde, \u00e0 Darjeeling 2500m d'altitude environ, dans les contreforts de l'Himalaya.\r\nElle s'est \u00e9teinte en 1967 dans son appartement londonien.\r\nEt elle d\u00e9testa le th\u00e9 toute sa vie. \r\nEnfant unique, d'une famille au service de l'empire, elle en connue les privil\u00e8ges et les obligations.\r\nA commencer par son \u00e9litiste \u00e9ducation.\r\nSi son instruction la pr\u00e9para belle et bien \u00e0 d\u00e9passer son rang pour atteindre des sommets et m\u00eame \u00e0 renverser des montagnes...\r\nSon \u00e9poque en revanche - les crises, les guerres et les impuissances de la psychiatrie - l'afflig\u00e8rent, comme bien d'autres, de troubles et de chutes vertigineuses, qui d\u00e9chir\u00e8rent amour et fougue cr\u00e9atrice.\r\nTelle une Sysiphe au f\u00e9minin elle \u00e9tait conduite ...imp\u00e9rieusement \u00e0 tisser.\r\nEt aussi imp\u00e9rieusement ...\u00e0 d\u00e9chirer.\r\nLa  qualit\u00e9 d'\u00e9criture d'Anne Edwards nous approche tr\u00e8s pr\u00e8s de son ab\u00eeme... \r\nId\u00e9ation, cr\u00e9ation, destruction.\r\nConscience, pr\u00e9science, inconscience.\r\nVolont\u00e9 farouche , n\u00e9gociation subtile,  destin implacable.\r\nTh\u00e9\u00e2tre, photographie, cin\u00e9ma.\r\nD\u00e9testation du th\u00e9, go\u00fbt des hommes, passion des chats.\r\nAvec le com\u00e9dien Laurence Olivier, elle forma un couple de cr\u00e9ateurs passionn\u00e9s, qui marqua le 20\u00e8me si\u00e8cle, tant au th\u00e9\u00e2tre qu'au cin\u00e9ma, tant en Angleterre qu'\u00e0 travers le monde.\r\nUn grand couple d'artistes.\r\n\r\n\"Vive les \u00e9tudiants\", \"Vedette du pav\u00e9\",\"Autant en emporte le vent\", \"Un tramway nomm\u00e9 D\u00e9sir\", \"L'invincible Armada\",  \"Lady Hamilton\", \"C\u00e9sar et Cl\u00e9op\u00e2tre\", \"Le printemps romain de Mrs Stone\", \"La nef des fous\"... \"Sur la piste des \u00e9lephans\" !\r\n\r\nHttps:\/\/youtu.be\/qqSca35f770","authors":["Anne Edwards"],"category_codes":["6000000","6070000","6070300","6070305"],"visuals":{"large":"https:\/\/images.epagine.fr\/108\/9791093128108_1_75.jpg","medium":"https:\/\/images.epagine.fr\/108\/9791093128108_1_m.jpg","thumbnail":"https:\/\/images.epagine.fr\/108\/9791093128108_1_v.jpg"},"orderable":true,"show_badge":true,"formatted_price":"15,00&nbsp;\u20ac","formatted_published_date":"15 octobre 2017","publisher_availability_label":"Sur commande","short_details":"Anne Edwards \u2014 Audiobib","translator":null,"weight":0,"page_count":null,"readership":null,"editor":"Audiobib","price":1500,"published_date":"2017-10-14T22:00:00.000000Z","support":"CD Audio","publisher_availability":1,"stock":0,"editions":[],"url":"https:\/\/quaidesbrumes.com\/ouvrage\/9791093128108\/la-vie-dechirante-de-vivien-leigh"},{"id":"9791093128023","title":"Pornocrates; sexploiteurs : le Crapouillot avait enqu\u00eat\u00e9","description":"En  14\/18, dans les tranch\u00e9es sort le premier num\u00e9ro du Crapouillot.\r\nUne simple feuille d'imprimerie destin\u00e9e \u00e0 contourner la censure.\r\nEt \u00e0 donner du courage aux poilus (les Crapouillots) du front ?\r\n...non aux civils de l'arri\u00e8re !\r\n\r\nDans les ann\u00e9es 70, Le Crapouillot publie 2 enqu\u00eates sur les dessous d'une d\u00e9r\u00e9gulation bien envahissante : La pornographie ! \r\nLes film X des quartiers chauds et des ruelles obscures, viennent s'afficher sur les Champs-Elys\u00e9es... et avec les autorisations qu'il faut !\r\nPourquoi ? Comment ?\r\nLa force des ces 2 num\u00e9ros est de ne pas isoler le cin\u00e9ma de son contexte : la soci\u00e9t\u00e9.\r\nEt d'enqu\u00eater sur l'explosion de la pornographie aussi : dans le roman, la Bd, la peinture, l'Art moderne, la publicit\u00e9, l'industrie, la sant\u00e9 et qui aime bien ch\u00e2tie bien,  la presse, c'est- \u00e0-dire, les journalistes ! En France, en Europe, aux E.U, au Japon...\r\n\r\nArticles, reportages, billets, citations, extraits, tables rondes, entretiens... \u00e0 son \u00e9poque et  dans le pass\u00e9 ...le  Crapouillot enqu\u00eate vraiment. Ses plus fines plumes font de l'histoire, et analysent. Ils sp\u00e9culent aussi sur ce que deviendra la soci\u00e9t\u00e9, le pays, la culture occidentale dans 20 ans, dans 30 ans...\r\nAu Crapouillot on n'\u00e9crivait pas pour ne rien dire.\r\nAvec des talents aussi formidables que ceux de C\u00e9cil Saint-Laurent ou Marcel Achard, nous passons du pr\u00e9sent au pass\u00e9e et au futur, avec une virtuosit\u00e9, une \u00e9l\u00e9gance, qui nous remplit d'un profit intellectuel net et consid\u00e9rable. Le tout sur un sujet pourtant au d\u00e9part bien scabreux et bien opaque.\r\nPar ailleurs, les enqu\u00eates du Crapouillot furent une mine constante d'inspiration pour le cin\u00e9ma populaire fran\u00e7ais ...les espions, les barbouzes, les marchands de canons, les l\u00eaches bottes, les godillots, les publicitaires... les maisons closes, les \u00e9g\u00e9ries,  le dictionnaires des girouettes, comment ils se ruinent... sont autant de num\u00e9ros sur lesquels on peut facilement mettre un cin\u00e9aste - ou 2 ou 3 - et au moins un film qui d\u00e9pla\u00e7a des millions de sp\u00e9ctateurs. D'Yves Robert \u00e0 De Broca en passant par Jean Yanne, Pierre Richard  etc...\r\n\r\nHttps:\/\/youtu.be\/w8oHEG1Jb3w","authors":["Collectif"],"category_codes":["6000000","6070000","6070300","6070304"],"visuals":{"large":"https:\/\/images.epagine.fr\/023\/9791093128023_1_75.jpg","medium":"https:\/\/images.epagine.fr\/023\/9791093128023_1_m.jpg","thumbnail":"https:\/\/images.epagine.fr\/023\/9791093128023_1_v.jpg"},"orderable":true,"show_badge":true,"formatted_price":"15,00&nbsp;\u20ac","formatted_published_date":"15 novembre 2016","publisher_availability_label":"Sur commande","short_details":"Collectif \u2014 Audiobib","translator":null,"weight":0,"page_count":null,"readership":null,"editor":"Audiobib","price":1500,"published_date":"2016-11-14T23:00:00.000000Z","support":"CD Audio","publisher_availability":1,"stock":0,"editions":[],"url":"https:\/\/quaidesbrumes.com\/ouvrage\/9791093128023\/pornocrates-sexploiteurs-le-crapouillot-avait-enquete"},{"id":"9783906803913","title":"Die Verwandte ; Aus dem fotografischen Nachlass der Anne-Marie von Wolff","description":"Cette publication rassemble une s\u00e9lection de photos de famille prises entre les ann\u00e9es 1930 et 1950 par la photographe amateur Anne-Marie von Wolff. Une oeuvre fascinante, extraordinaire et puissante, r\u00e9v\u00e9l\u00e9e au grand jour par son arri\u00e8re petite-ni\u00e8ce, l'artiste Mimi von Moos.\r\nAnne-Marie von Wolff (1893-1974) a grandi \u00e0 Lucerne, o\u00f9 elle s'est tr\u00e8s t\u00f4t sentie \u00e9trang\u00e8re. Les crises d'\u00e9pilepsie, la tuberculose et le fait que sa maladie avait caus\u00e9 la mort de sa ni\u00e8ce ont d\u00e9velopp\u00e9 un sentiment d'exclusion, mais expliquent sans doute aussi qu'elle soit devenue une observatrice si attentive de sa famille et de son entourage imm\u00e9diat. Son appareil photo lui a finalement redonn\u00e9 une place dans le berceau familial et dans le monde \u00e9troit qu'elle habitait. On dit qu'elle \u00e9tait taciturne et plut\u00f4t aust\u00e8re, mais ses photographies de la vie quotidienne \u00e0 Lucerne, des vacances d'\u00e9t\u00e9 aux Mayens-de-Sion et d'une visite \u00e0 son cousin, le journaliste et \u00e9crivain Karl von Schumacher, au ch\u00e2teau Mauensee, t\u00e9moignent de sa sensibilit\u00e9 ainsi que de son go\u00fbt pour les compositions fortes. Mais son talent artistique est pass\u00e9 inaper\u00e7u de son vivant. Jusqu'\u00e0 ce que son arri\u00e8re-petite-ni\u00e8ce, Mimi von Moos, trouve certaines de ses photos rang\u00e9es dans une bo\u00eete \u00e0 bananes chez son grand-p\u00e8re. \u00c0 ce jour, Mimi von Moos a rassembl\u00e9 quelque 1500 photos en noir et blanc prises par Anne-Marie von Wolff entre les ann\u00e9es 1930 et 1950. \r\nDans ses textes, Mimi von Moos \u00e9voque l'examen de ces photos d'une \u00e9poque r\u00e9volue dans une perspective actuelle et s'en inspire pour dresser un portrait de cette photographe invisible et inconnue. Die Verwandte (\u00abMa parente\u00bb) explore divers aspects de la photographie \u00e0 partir d'une trouvaille des plus insolites. Cette entreprise critique est compl\u00e9t\u00e9e par des entretiens transcrits avec des membres de la famille et un essai de l'artiste et philosophe du langage Tine Melzer, qui approfondit l'imagerie lumineuse d'un parent disparu depuis longtemps et qui s'est toujours tenu \u00e0 l'\u00e9cart, dans l'ombre, derri\u00e8re l'appareil photo.","authors":["Mimi Von Moos"],"category_codes":["6000000","6070000","6070200","6070205"],"visuals":{"large":"https:\/\/images.epagine.fr\/913\/9783906803913_1_75.jpg","medium":"https:\/\/images.epagine.fr\/913\/9783906803913_1_m.jpg","thumbnail":"https:\/\/images.epagine.fr\/913\/9783906803913_1_v.jpg"},"orderable":true,"show_badge":true,"formatted_price":"58,00&nbsp;\u20ac","formatted_published_date":"30 janvier 2020","publisher_availability_label":"Sur commande","short_details":"Mimi Von Moos \u2014 Patrick Frey","translator":null,"weight":872,"page_count":298,"readership":null,"editor":"Patrick Frey","price":5800,"published_date":"2020-01-29T23:00:00.000000Z","support":"Grand format","publisher_availability":1,"stock":0,"editions":[],"url":"https:\/\/quaidesbrumes.com\/ouvrage\/9783906803913\/die-verwandte-aus-dem-fotografischen-nachlass-der-anne-marie-von-wolff"},{"id":"9788899385675","title":"Archivi della Basilicata Tome 2 ; Carlo Levi a San Costantino Albanese","description":"Trois essais pluridisciplinaires, entre anthropologie culturelle et analyse photographique, bas\u00e9s sur des archives visuelles documentant la visite de l'auteur, peintre et politicien Carlo Levi dans une communaut\u00e9 albanaise du Sud de l'Italie (deuxi\u00e8me volume de la s\u00e9rie \u00ab Archivi della Basilicata \u00bb).\r\n\r\nCet ouvrage s'inscrit dans la collection \u00ab Archivi della Basilicata \u00bb, cr\u00e9\u00e9e dans le cadre du projet I-DEA, qui accompagne la nomination de Matera comme Capitale europ\u00e9enne de la culture 2019. La collection explore les archives de la r\u00e9gion italienne de Basilicate \u00e0 travers une perspective artistique.","authors":["Mia Fuller"],"category_codes":["6000000","6070000","6070200"],"visuals":{"large":"https:\/\/images.epagine.fr\/675\/9788899385675_1_75.jpg","medium":"https:\/\/images.epagine.fr\/675\/9788899385675_1_m.jpg","thumbnail":"https:\/\/images.epagine.fr\/675\/9788899385675_1_v.jpg"},"orderable":true,"show_badge":true,"formatted_price":"18,00&nbsp;\u20ac","formatted_published_date":"29 janvier 2020","publisher_availability_label":"Sur commande","short_details":"Mia Fuller \u2014 Humboldt Books","translator":null,"weight":220,"page_count":88,"readership":null,"editor":"Humboldt Books","price":1800,"published_date":"2020-01-28T23:00:00.000000Z","support":"Grand format","publisher_availability":1,"stock":0,"editions":[],"url":"https:\/\/quaidesbrumes.com\/ouvrage\/9788899385675\/archivi-della-basilicata-tome-2-carlo-levi-a-san-costantino-albanese"},{"id":"9782322208814","title":"Portraits de bateaux traditionnels ; traditional sailboats on the coasts of France","description":"Des portraits de bateaux traditionnels, r\u00e9pliques ou reconstitutions, voiliers qui procurent, \u00e0 chaque fois qu'on les voit \u00e9voluer, une \u00e9motion d'ordre esth\u00e9tique, ils sont beaux, sous voiles ou amarr\u00e9s.  Portraits of traditional boats, replicas or reconstructions, sailboats that provide, whenever we see them evolving an emotion of an aesth\u00e9tic nature : they are beautiful, under sails or moored.  Corbeau des mers, Le Grand L\u00e9jon, G\u00e9n\u00e9ral Leclerc, Loch Monna, Marie-Claudine, Marche-Avec, Indomptable, \u00c9toile Mol\u00e8ne, Grand Norwen, Biche, Marie-Fernand, N\u00e9buleuse, Joli Vent, Les Trois Fr\u00e8res, Notre-Dame de B\u00e9querel, Telenn Mor, Seiz Avel, La Bonne M\u00e8re, Lola of Skagen, Saint-Gu\u00e9nol\u00e9, La Louisette, Neire Ma\u00f4ve, Notre-Dame des Flots, Skellig, Rose of Argyll, Dalh-Mad, Corentin, Sant C'hireg, Krog e Barz, Nizwa.","authors":["Jo\u00ebl Douillet"],"category_codes":["6000000","6070000","6070200"],"visuals":{"large":"https:\/\/images.epagine.fr\/814\/9782322208814_1_75.jpg","medium":"https:\/\/images.epagine.fr\/814\/9782322208814_1_m.jpg","thumbnail":"https:\/\/images.epagine.fr\/814\/9782322208814_1_v.jpg"},"orderable":true,"show_badge":true,"formatted_price":"18,99&nbsp;\u20ac","formatted_published_date":"27 mars 2020","publisher_availability_label":"Sur commande","short_details":"Jo\u00ebl Douillet \u2014 Books on Demand","translator":null,"weight":236,"page_count":48,"readership":null,"editor":"Books on Demand","price":1899,"published_date":"2020-03-26T23:00:00.000000Z","support":"Grand format","publisher_availability":1,"stock":0,"editions":[],"url":"https:\/\/quaidesbrumes.com\/ouvrage\/9782322208814\/portraits-de-bateaux-traditionnels-traditional-sailboats-on-the-coasts-of-france"},{"id":"9782322191956","title":"Lancelot du Lac, sur les pas de Chr\u00e9tien de Troyes","description":"Martin Aurell (historien m\u00e9di\u00e9viste, sp\u00e9cialiste des Plantagen\u00eats) consid\u00e8re comme presque certain le s\u00e9jour de Chr\u00e9tien de Troyes en Normandie. Avec cette presque certitude, s'ouvre la forte possibilit\u00e9 d'un s\u00e9jour de Chr\u00e9tien de Troyes en Basse-Normandie, d'une fr\u00e9quentation de la cour d'Ali\u00e9nor d'Aquitaine en sa r\u00e9sidence du ch\u00e2teau de Domfront (Orne), d'une visite des alentours, \u00e0 cheval et \u00e0 pied, de rencontres avec  les personnages de l'\u00e9poque, de la d\u00e9couverte des riches paysages du Passais. Possibilit\u00e9 renforc\u00e9e par l'\u00e9rudit local Ren\u00e9 Bansard et les travaux des chercheurs du CENA. De ce s\u00e9jour, l'imaginaire de Chr\u00e9tien de Troyes s'en est impr\u00e9gn\u00e9, et cette mati\u00e8re se retrouve dans ses romans : Lancelot ou le Chevalier \u00e0 la Charrette, Yvain ou le Chevalier au Lion... Chr\u00e9tien de Troyes, inventeur du roman, via ses fictions (r\u00e9el fantasm\u00e9, celui de la cr\u00e9ation litt\u00e9raire), nous offre une ouverture au monde de l'imaginaire arthurien, un monde ancr\u00e9 dans un r\u00e9el qu'il a foul\u00e9 des pieds. Nous sommes dans les pas de Chr\u00e9tien de Troyes et nous d\u00e9couvrons la g\u00e9ographie arthurienne du Passais (Nord-Mayenne, ouest de l'Orne et Sud-Manche) : le pays du passage.","authors":["Douillet Joel"],"category_codes":["6000000","6070000","6070200"],"visuals":{"large":"https:\/\/images.epagine.fr\/956\/9782322191956_1_75.jpg","medium":"https:\/\/images.epagine.fr\/956\/9782322191956_1_m.jpg","thumbnail":"https:\/\/images.epagine.fr\/956\/9782322191956_1_v.jpg"},"orderable":true,"show_badge":true,"formatted_price":"18,99&nbsp;\u20ac","formatted_published_date":"23 d\u00e9cembre 2019","publisher_availability_label":"Sur commande","short_details":"Douillet Joel \u2014 Books on Demand","translator":null,"weight":236,"page_count":48,"readership":null,"editor":"Books on Demand","price":1899,"published_date":"2019-12-22T23:00:00.000000Z","support":"Grand format","publisher_availability":1,"stock":0,"editions":[],"url":"https:\/\/quaidesbrumes.com\/ouvrage\/9782322191956\/lancelot-du-lac-sur-les-pas-de-chretien-de-troyes"},{"id":"9782384419845","title":"Carnet du ciel confin\u00e9","description":"\u00ab \u00c0 quoi pense-t-on le dernier jour de l'ann\u00e9e ? \u00c0 n'importe quoi relevant du tout et du rien, de la marche en avant du temps, du dernier r\u00eave ensommeill\u00e9, du r\u00e9veillon pr\u00e9vu tomb\u00e9 \u00e0 l'eau en raison d'un couvre-feu impos\u00e9 par les circonstances virales - pour parler le jargon officiel -, mais certainement pas \u00e0 la chanson The House of the Rising Sun. C'est pourtant elle qui me vient \u00e0 l'esprit en ouvrant la fen\u00eatre ce matin. La maison du Soleil levant.\r\nRegardez un peu ce passage de la nuit \u00e0 la clart\u00e9 du jour, quand le soleil n'a pas encore montr\u00e9 le bout de son nez, tout occup\u00e9 \u00e0 gravir la pente douce des monts de Vaucluse avant d'\u00e9merger sur la plaine du Comtat, et de me r\u00e9veiller compl\u00e8tement. L'or et le rose s'allient en un demi-cercle flamboyant o\u00f9 se d\u00e9tachent les silhouettes des arbres d\u00e9shabill\u00e9s. \u00bb","authors":["Catherine Didon"],"category_codes":["6000000","6070000","6070200"],"visuals":{"large":"https:\/\/images.epagine.fr\/845\/9782384419845_1_75.jpg","medium":"https:\/\/images.epagine.fr\/845\/9782384419845_1_m.jpg","thumbnail":"https:\/\/images.epagine.fr\/845\/9782384419845_1_v.jpg"},"orderable":true,"show_badge":true,"formatted_price":"24,00&nbsp;\u20ac","formatted_published_date":"20 novembre 2023","publisher_availability_label":"Sur commande","short_details":"Catherine Didon \u2014 Editions Ma\u00efa","translator":null,"weight":350,"page_count":160,"readership":null,"editor":"Editions Ma\u00efa","price":2400,"published_date":"2023-11-19T23:00:00.000000Z","support":"Grand format","publisher_availability":1,"stock":0,"editions":[],"url":"https:\/\/quaidesbrumes.com\/ouvrage\/9782384419845\/carnet-du-ciel-confine"},{"id":"9781423652809","title":"When hollywood came to utah","description":null,"authors":["James D'Arc"],"category_codes":["6000000","6070000","6070300"],"visuals":{"large":"https:\/\/quaidesbrumes.com\/img\/book-placeholder.png","medium":"https:\/\/quaidesbrumes.com\/img\/book-placeholder.png","thumbnail":"https:\/\/quaidesbrumes.com\/img\/book-placeholder.png"},"orderable":true,"show_badge":true,"formatted_price":"39,00&nbsp;\u20ac","formatted_published_date":"6 ao\u00fbt 2019","publisher_availability_label":"Sur commande","short_details":"James D'Arc \u2014 Smith Gibbs","translator":null,"weight":800,"page_count":null,"readership":null,"editor":"Smith Gibbs","price":3900,"published_date":"2019-08-05T22:00:00.000000Z","support":"Grand format","publisher_availability":1,"stock":0,"editions":[],"url":"https:\/\/quaidesbrumes.com\/ouvrage\/9781423652809\/when-hollywood-came-to-utah"},{"id":"9781423651765","title":"Greetings from las vegas","description":null,"authors":["Peter Moruzzi"],"category_codes":["6000000","6070000","6070200"],"visuals":{"large":"https:\/\/quaidesbrumes.com\/img\/book-placeholder.png","medium":"https:\/\/quaidesbrumes.com\/img\/book-placeholder.png","thumbnail":"https:\/\/quaidesbrumes.com\/img\/book-placeholder.png"},"orderable":true,"show_badge":true,"formatted_price":"36,00&nbsp;\u20ac","formatted_published_date":"3 septembre 2019","publisher_availability_label":"Sur commande","short_details":"Peter Moruzzi \u2014 Smith Gibbs","translator":null,"weight":700,"page_count":null,"readership":null,"editor":"Smith Gibbs","price":3600,"published_date":"2019-09-02T22:00:00.000000Z","support":"Grand format","publisher_availability":1,"stock":0,"editions":[],"url":"https:\/\/quaidesbrumes.com\/ouvrage\/9781423651765\/greetings-from-las-vegas"},{"id":"9782351372883","title":"Contretemps","description":"Livre-dvd du film de Jean-Daniel Pollet CONTRETEMPS.\r\n(1988, 110 minutes, version restaur\u00e9e).\r\nAvec Philippe Sollers, Julia Kristeva, Antoine Duhamel, Le\u00efla Geissler, Boris Pollet, Claude Melki.\r\nJean-Daniel Pollet rassemble des extraits de certains de ses pr\u00e9c\u00e9dents films. Sur ces images, il donne la parole \u00e0 Philippe Sollers et Julia Kristeva qui se livrent \u00e0 des r\u00e9flexions sur le temps, le travail, la lumi\u00e8re et le cin\u00e9ma.","authors":["Jean-daniel Pollet"],"category_codes":["6000000","6070000","6070300"],"visuals":{"large":"https:\/\/images.epagine.fr\/883\/9782351372883_1_75.jpg","medium":"https:\/\/images.epagine.fr\/883\/9782351372883_1_m.jpg","thumbnail":"https:\/\/images.epagine.fr\/883\/9782351372883_1_v.jpg"},"orderable":true,"show_badge":true,"formatted_price":"25,00&nbsp;\u20ac","formatted_published_date":"1er mars 2020","publisher_availability_label":"Sur commande","short_details":"Jean-daniel Pollet \u2014 EDITIONS DE L'OEIL","translator":null,"weight":232,"page_count":64,"readership":null,"editor":"EDITIONS DE L'OEIL","price":2500,"published_date":"2020-02-29T23:00:00.000000Z","support":"Livre + DVD","publisher_availability":1,"stock":0,"editions":[],"url":"https:\/\/quaidesbrumes.com\/ouvrage\/9782351372883\/contretemps"},{"id":"9782351372913","title":"Dieu sait quoi","description":"Livre-dvd du film de Jean-Daniel Pollet DIEU SAIT QUOI (1995, 90 minutes, version restaur\u00e9e) textes de Francis Ponge, dits par Michael Lonsdale Des objets quotidiens film\u00e9s dans un paysage proven\u00e7al, tels que les \u00e9voqua Francis Ponge dans ses textes. Peu \u00e0 peu se d\u00e9voile ce \u00ab monde muet \u00bb qui \u00ab est notre seule patrie \u00bb, s'animent ces \u00ab retours de la joie, ces rafra\u00eechissements de la m\u00e9moire, des objets de sensations \u00bb, ce que Ponge appelait ses \u00ab raisons de vivre \u00bb.","authors":["Jean-daniel Pollet"],"category_codes":["6000000","6070000","6070300"],"visuals":{"large":"https:\/\/images.epagine.fr\/913\/9782351372913_1_75.jpg","medium":"https:\/\/images.epagine.fr\/913\/9782351372913_1_m.jpg","thumbnail":"https:\/\/images.epagine.fr\/913\/9782351372913_1_v.jpg"},"orderable":true,"show_badge":true,"formatted_price":"25,00&nbsp;\u20ac","formatted_published_date":"1er mars 2020","publisher_availability_label":"Sur commande","short_details":"Jean-daniel Pollet \u2014 EDITIONS DE L'OEIL","translator":null,"weight":232,"page_count":64,"readership":null,"editor":"EDITIONS DE L'OEIL","price":2500,"published_date":"2020-02-29T23:00:00.000000Z","support":"Livre + DVD","publisher_availability":1,"stock":0,"editions":[],"url":"https:\/\/quaidesbrumes.com\/ouvrage\/9782351372913\/dieu-sait-quoi"},{"id":"9782351372920","title":"Le Horla","description":"Livre-dvd du film de Jean-Daniel Pollet LE HORLA (1967, 38 minutes, version restaur\u00e9e) avec Laurent Terzieff.\r\nUne adaptation libre de la c\u00e9l\u00e8bre nouvelle de Maupassant. Dans une maison solitaire au bord de la mer, un jeune homme, beau et vuln\u00e9rable, voit monter en lui le vent de la folie.","authors":["Jean-daniel Pollet"],"category_codes":["6000000","6070000","6070300"],"visuals":{"large":"https:\/\/images.epagine.fr\/920\/9782351372920_1_75.jpg","medium":"https:\/\/images.epagine.fr\/920\/9782351372920_1_m.jpg","thumbnail":"https:\/\/images.epagine.fr\/920\/9782351372920_1_v.jpg"},"orderable":true,"show_badge":true,"formatted_price":"25,00&nbsp;\u20ac","formatted_published_date":"1er mars 2020","publisher_availability_label":"Sur commande","short_details":"Jean-daniel Pollet \u2014 EDITIONS DE L'OEIL","translator":null,"weight":232,"page_count":64,"readership":null,"editor":"EDITIONS DE L'OEIL","price":2500,"published_date":"2020-02-29T23:00:00.000000Z","support":"Livre + DVD","publisher_availability":1,"stock":0,"editions":[],"url":"https:\/\/quaidesbrumes.com\/ouvrage\/9782351372920\/le-horla"},{"id":"9782351372937","title":"Jour apr\u00e8s jour","description":"Livre-dvd du film de Jean-Daniel Pollet et Jean-Paul Fargier JOUR APR\u00c9S JOUR (2006, 65 minutes).\r\nIl habite le monde comme sa maison : immobile. Un grave accident l'a clou\u00e9 l\u00e0, en ce point du monde : une maison au milieu d'un grand jardin. Il ne peut plus parcourir le monde : il le contemple depuis sa maison. Il est cin\u00e9aste. Il n'a v\u00e9cu que pour faire des films. Toujours un de plus : envers et contre toutes les circonstances. Il imagine faire un film avec toutes ses images fixes, se ranimant par conjonction, juxtaposition, succession. Il en isolerait, dans le lot innombrable, ce qu'il en faut pour voir s'\u00e9couler quatre saisons, jour apr\u00e8s jour. Jour apr\u00e8s jour serait le titre. Le programme. Le seul sc\u00e9nario. Une ann\u00e9e s'y \u00e9coulera. Une toute petite ann\u00e9e parmi les milliards d'ann\u00e9es du monde.\r\nUne vie s'y imprimera. Une petite vie parmi les milliards de vies du monde.","authors":["Jean-daniel Pollet"],"category_codes":["6000000","6070000","6070300"],"visuals":{"large":"https:\/\/images.epagine.fr\/937\/9782351372937_1_75.jpg","medium":"https:\/\/images.epagine.fr\/937\/9782351372937_1_m.jpg","thumbnail":"https:\/\/images.epagine.fr\/937\/9782351372937_1_v.jpg"},"orderable":true,"show_badge":true,"formatted_price":"25,00&nbsp;\u20ac","formatted_published_date":"1er mars 2020","publisher_availability_label":"Sur commande","short_details":"Jean-daniel Pollet \u2014 EDITIONS DE L'OEIL","translator":null,"weight":232,"page_count":64,"readership":null,"editor":"EDITIONS DE L'OEIL","price":2500,"published_date":"2020-02-29T23:00:00.000000Z","support":"Livre + DVD","publisher_availability":1,"stock":0,"editions":[],"url":"https:\/\/quaidesbrumes.com\/ouvrage\/9782351372937\/jour-apres-jour"}]}