{"data":[{"id":"9782343169163","title":"Mon d\u00e9sert rouge ; sur les traces d'un tournage d'Antonioni","description":"Morena Campani ignorait que, juste \u00e0 c\u00f4t\u00e9 du marais de Ravenne o\u00f9 elle vivait, Michelangelo Antonioni avait tourn\u00e9 le film Le d\u00e9sert rouge. Elle a ensuite essay\u00e9 de se r\u00e9approprier \u00e0 tous \u00e9gards les souvenirs de ces personnes qui avaient v\u00e9cu les instants de ce tournage. Tonino Guerra lui a racont\u00e9 plusieurs anecdotes. Flavio Nicolini lui a montr\u00e9 son journal intime. Un retrait\u00e9 de la centrale \u00e9lectrique de Porto Corsini lui a offert une VHS disant Voici mon d\u00e9sert rouge !.","authors":["Morena Campani"],"category_codes":["6000000","6070000","6070300","6070307"],"visuals":{"large":"https:\/\/images.epagine.fr\/163\/9782343169163_1_75.jpg","medium":"https:\/\/images.epagine.fr\/163\/9782343169163_1_m.jpg","thumbnail":"https:\/\/images.epagine.fr\/163\/9782343169163_1_v.jpg"},"orderable":true,"show_badge":true,"formatted_price":"24,00&nbsp;\u20ac","formatted_published_date":"24 septembre 2019","publisher_availability_label":"Sur commande","short_details":"Morena Campani \u2014 \u00c9ditions L'Harmattan","translator":null,"weight":305,"page_count":184,"readership":null,"editor":"\u00c9ditions L'Harmattan","price":2400,"published_date":"2019-09-23T22:00:00.000000Z","support":"Grand format","publisher_availability":1,"stock":0,"editions":[],"url":"https:\/\/quaidesbrumes.com\/ouvrage\/9782343169163\/mon-desert-rouge-sur-les-traces-dun-tournage-dantonioni"},{"id":"9781942185338","title":"Alison rossiter expired paper","description":"Expired Paper, divis\u00e9 en sections qui repr\u00e9sentent l'\u00e9tendue du processus et de la vision d'Alison Rossiter (n\u00e9e en 1953), offre un aper\u00e7u complet de la photographie sans cam\u00e9ra de l'artiste : empreintes lat\u00e9rales, paysages, bassins, coul\u00e9es, plong\u00e9es, flous et collages. Le livre comprend \u00e9galement une s\u00e9lection de paquets de papier photographique du d\u00e9but du XXe si\u00e8cle (que l'artiste collectionne depuis plus de 10 ans) dans un livret s\u00e9par\u00e9.\r","authors":["Rossiter Alison"],"category_codes":["6000000","6070000","6070200"],"visuals":{"large":"https:\/\/images.epagine.fr\/338\/9781942185338_1_75.jpg","medium":"https:\/\/images.epagine.fr\/338\/9781942185338_1_m.jpg","thumbnail":"https:\/\/images.epagine.fr\/338\/9781942185338_1_v.jpg"},"orderable":true,"show_badge":true,"formatted_price":"75,00&nbsp;\u20ac","formatted_published_date":"28 octobre 2017","publisher_availability_label":"Sur commande","short_details":"Rossiter Alison \u2014 Radius Books","translator":null,"weight":1301,"page_count":196,"readership":null,"editor":"Radius Books","price":7500,"published_date":"2017-10-27T22:00:00.000000Z","support":"Grand format","publisher_availability":1,"stock":0,"editions":[],"url":"https:\/\/quaidesbrumes.com\/ouvrage\/9781942185338\/alison-rossiter-expired-paper"},{"id":"9782869067325","title":"La s\u00e9rialit\u00e9 \u00e0 l'\u00e9cran : comprendre les s\u00e9ries anglophones","description":"Loin d'\u00eatre syst\u00e9matiquement oppos\u00e9s par leur mode de production, leur public ou m\u00eame leur port\u00e9e artistique, cin\u00e9ma et t\u00e9l\u00e9vision sont li\u00e9s par leur exploitation de la s\u00e9rialit\u00e9.\r\nQuels liens entretient la s\u00e9rialit\u00e9 au sens large avec le r\u00e9cit audiovisuel ? Quelle est sa sp\u00e9cificit\u00e9 en tant que strat\u00e9gie narrative dans les arts audiovisuels ? Quelles implications esth\u00e9tiques, culturelles, industrielles et \u00e9conomiques sont \u00e0 l'oeuvre dans les multiples formes de s\u00e9rialit\u00e9 audiovisuelle qui existent ?\r\n\u00c0 travers l'histoire du cin\u00e9ma mais aussi de son \u00e9volution inter-m\u00e9diatique suite \u00e0 l'arriv\u00e9e de la t\u00e9l\u00e9vision et d'internet, ainsi que l'analyse d'oeuvres comme Hannibal, CSI, Scream ou encore Wolverine, cet ouvrage \u00e9claire sur les m\u00e9canismes et les contraintes de l'\u00e9criture audiovisuelle en s\u00e9rie.\r","authors":["Anne Cremieux","Ariane Hudelet"],"category_codes":["6000000","6070000","6070300","6070304"],"visuals":{"large":"https:\/\/images.epagine.fr\/325\/9782869067325_1_75.jpg","medium":"https:\/\/images.epagine.fr\/325\/9782869067325_1_m.jpg","thumbnail":"https:\/\/images.epagine.fr\/325\/9782869067325_1_v.jpg"},"orderable":true,"show_badge":true,"formatted_price":"26,00&nbsp;\u20ac","formatted_published_date":"27 f\u00e9vrier 2020","publisher_availability_label":"Sur commande","short_details":"Anne Cremieux, Ariane Hudelet \u2014 Presses Universitaires Fran\u00e7ois Rabelais","translator":null,"weight":424,"page_count":292,"readership":null,"editor":"Presses Universitaires Fran\u00e7ois Rabelais","price":2600,"published_date":"2020-02-26T23:00:00.000000Z","support":"Grand format","publisher_availability":1,"stock":0,"editions":[],"url":"https:\/\/quaidesbrumes.com\/ouvrage\/9782869067325\/la-serialite-a-lecran-comprendre-les-series-anglophones"},{"id":"9782322186792","title":"Week-end gourmand a Granville","description":"Apr\u00e8s la fabuleuse p\u00e9riode de la p\u00eache \u00e0 la morue, avec les terre-neuviers dans les eaux de Terre-Neuve, nombre de p\u00eacheurs Granvillais se sont sp\u00e9cialis\u00e9s dans la p\u00eache aux coquillages et crustac\u00e9s (bulots, praires, coquilles Saint-Jacques, olivettes, amandes, homards, tourteaux...)   sans oublier la production d'hu\u00eetres et de moules en baie de Granville. En 2018 : 9400 tonnes de coquillages ont \u00e9t\u00e9 p\u00each\u00e9s sur Granville, premier port coquillier de France.  La meilleure illustration de cette r\u00e9alit\u00e9 coquilli\u00e8re, c'est le festival annuel des coquillages et crustac\u00e9s : le temps d'un week-end, une f\u00eate gargantuesque \u00e0 lieu sur le site de la Halle \u00e0 mar\u00e9e, avec une dizaine de tonnes de coquilles Saint-Jacques, quatre tonnes de praires, trois tonnes de bulots et plus de deux tonnes de homards, qui sont vendus ou consomm\u00e9s sur place (plus de 6000 assiettes de d\u00e9gustation sont servies sur le samedi et dimanche du dernier week-end de septembre).\r","authors":["Jo\u00ebl Douillet"],"category_codes":["6000000","6070000","6070200"],"visuals":{"large":"https:\/\/images.epagine.fr\/792\/9782322186792_1_75.jpg","medium":"https:\/\/images.epagine.fr\/792\/9782322186792_1_m.jpg","thumbnail":"https:\/\/images.epagine.fr\/792\/9782322186792_1_v.jpg"},"orderable":true,"show_badge":true,"formatted_price":"13,99&nbsp;\u20ac","formatted_published_date":"16 octobre 2019","publisher_availability_label":"Sur commande","short_details":"Jo\u00ebl Douillet \u2014 Books on Demand","translator":null,"weight":148,"page_count":28,"readership":null,"editor":"Books on Demand","price":1399,"published_date":"2019-10-15T22:00:00.000000Z","support":"Grand format","publisher_availability":1,"stock":0,"editions":[],"url":"https:\/\/quaidesbrumes.com\/ouvrage\/9782322186792\/week-end-gourmand-a-granville"},{"id":"9783947127160","title":"Christopher wool-swamp","description":null,"authors":["Cristopher Wool"],"category_codes":["6000000","6070000","6070200"],"visuals":{"large":"https:\/\/quaidesbrumes.com\/img\/book-placeholder.png","medium":"https:\/\/quaidesbrumes.com\/img\/book-placeholder.png","thumbnail":"https:\/\/quaidesbrumes.com\/img\/book-placeholder.png"},"orderable":true,"show_badge":true,"formatted_price":"119,00&nbsp;\u20ac","formatted_published_date":"3 septembre 2019","publisher_availability_label":"Sur commande","short_details":"Cristopher Wool \u2014 Holzwarth","translator":null,"weight":1901,"page_count":null,"readership":null,"editor":"Holzwarth","price":11900,"published_date":"2019-09-02T22:00:00.000000Z","support":"Grand format","publisher_availability":1,"stock":0,"editions":[],"url":"https:\/\/quaidesbrumes.com\/ouvrage\/9783947127160\/christopher-wool-swamp"},{"id":"9782343180205","title":"Dix films d'Afrique","description":"Dix textes in\u00e9dits sur dix films d'Afrique : cette anthologie retrace la rencontre entre des auteurs et des films venus d'Afrique de l'Ouest, du Maghreb et de la diaspora africaine depuis les ann\u00e9es 2000. Avec une diversit\u00e9 de styles et d'approches, nous sugg\u00e9rons que ces films et ces textes interrogent certaines questions traversant le cin\u00e9ma \u00e0 partir d'un renversement du regard : non plus en venant du cin\u00e9ma mondial pour aller vers un cin\u00e9ma pr\u00e9suppos\u00e9 africain, mais en r\u00e9fl\u00e9chissant au cin\u00e9ma contemporain depuis l'Afrique \u00ab qui advient \u00bb.","authors":["Fran\u00e7ois Fronty"],"category_codes":["6000000","6070000","6070300"],"visuals":{"large":"https:\/\/images.epagine.fr\/205\/9782343180205_1_75.jpg","medium":"https:\/\/images.epagine.fr\/205\/9782343180205_1_m.jpg","thumbnail":"https:\/\/images.epagine.fr\/205\/9782343180205_1_v.jpg"},"orderable":true,"show_badge":true,"formatted_price":"22,50&nbsp;\u20ac","formatted_published_date":"21 octobre 2019","publisher_availability_label":"Sur commande","short_details":"Fran\u00e7ois Fronty \u2014 \u00c9ditions L'Harmattan","translator":null,"weight":253,"page_count":204,"readership":null,"editor":"\u00c9ditions L'Harmattan","price":2250,"published_date":"2019-10-20T22:00:00.000000Z","support":"Grand format","publisher_availability":1,"stock":0,"editions":[],"url":"https:\/\/quaidesbrumes.com\/ouvrage\/9782343180205\/dix-films-dafrique"},{"id":"9783868282870","title":"Planet lovigin","description":null,"authors":["Petr Lovigin"],"category_codes":["6000000","6070000","6070200"],"visuals":{"large":"https:\/\/quaidesbrumes.com\/img\/book-placeholder.png","medium":"https:\/\/quaidesbrumes.com\/img\/book-placeholder.png","thumbnail":"https:\/\/quaidesbrumes.com\/img\/book-placeholder.png"},"orderable":true,"show_badge":true,"formatted_price":"19,00&nbsp;\u20ac","formatted_published_date":"1er janvier 2019","publisher_availability_label":"Sur commande","short_details":"Petr Lovigin \u2014 Kehrer","translator":null,"weight":401,"page_count":null,"readership":null,"editor":"Kehrer","price":1900,"published_date":"2018-12-31T23:00:00.000000Z","support":"Grand format","publisher_availability":1,"stock":0,"editions":[],"url":"https:\/\/quaidesbrumes.com\/ouvrage\/9783868282870\/planet-lovigin"},{"id":"9782343181882","title":"Les strat\u00e9gies de la peur dans le cin\u00e9ma d'horreur","description":"Comment faire peur dans le cin\u00e9ma d'horreur ? L'\u00e9motion de la peur s'est retrouv\u00e9e imm\u00e9diatement dans les oeuvres d'art afin de nous permettre d'en ressentir les affects n\u00e9gatifs sans pour autant \u00eatre r\u00e9ellement menac\u00e9. Avec le cin\u00e9ma, le spectateur se met \u00e0 l'\u00e9preuve en s\u00e9curit\u00e9 devant son \u00e9cran. Comment le genre tente-t-il d'effrayer ? L'auteur dresse une liste des proc\u00e9d\u00e9s th\u00e9matiques et stylistiques d\u00e9ploy\u00e9s pour faire peur. Elle permet de r\u00e9fl\u00e9chir sur l'immersion du spectateur dans le film, le travail de l'angoisse li\u00e9 \u00e0 l'attente du danger et le travail de l'horreur li\u00e9 \u00e0 ce dernier.","authors":["Etienne Jeannot"],"category_codes":["6000000","6070000","6070300"],"visuals":{"large":"https:\/\/images.epagine.fr\/882\/9782343181882_1_75.jpg","medium":"https:\/\/images.epagine.fr\/882\/9782343181882_1_m.jpg","thumbnail":"https:\/\/images.epagine.fr\/882\/9782343181882_1_v.jpg"},"orderable":true,"show_badge":true,"formatted_price":"28,50&nbsp;\u20ac","formatted_published_date":"6 septembre 2019","publisher_availability_label":"Sur commande","short_details":"Etienne Jeannot \u2014 \u00c9ditions L'Harmattan","translator":null,"weight":322,"page_count":264,"readership":null,"editor":"\u00c9ditions L'Harmattan","price":2850,"published_date":"2019-09-05T22:00:00.000000Z","support":"Grand format","publisher_availability":1,"stock":0,"editions":[],"url":"https:\/\/quaidesbrumes.com\/ouvrage\/9782343181882\/les-strategies-de-la-peur-dans-le-cinema-dhorreur"},{"id":"9781851245338","title":"Now and then: england 1970-2015","description":null,"authors":["Daniel Meadows"],"category_codes":["6000000","6070000","6070200"],"visuals":{"large":"https:\/\/quaidesbrumes.com\/img\/book-placeholder.png","medium":"https:\/\/quaidesbrumes.com\/img\/book-placeholder.png","thumbnail":"https:\/\/quaidesbrumes.com\/img\/book-placeholder.png"},"orderable":true,"show_badge":true,"formatted_price":"39,00&nbsp;\u20ac","formatted_published_date":"1er octobre 2019","publisher_availability_label":"Sur commande","short_details":"Daniel Meadows \u2014 Bodleian Library Publishing","translator":null,"weight":801,"page_count":null,"readership":null,"editor":"Bodleian Library Publishing","price":3900,"published_date":"2019-09-30T22:00:00.000000Z","support":"Grand format","publisher_availability":1,"stock":0,"editions":[],"url":"https:\/\/quaidesbrumes.com\/ouvrage\/9781851245338\/now-and-then-england-1970-2015"},{"id":"9782367441405","title":"+photographie ; les acquisitions photographiques nationales","description":"Chaque ann\u00e9e, des milliers de photographies (tirages, n\u00e9gatifs, plaques...) entrent dans les collections publiques fran\u00e7aises. Mus\u00e9es nationaux ou r\u00e9gionaux, grandes institutions culturelles, Frac, centres d'art ou d'archives, biblioth\u00e8ques... enrichissent leurs fonds sans pour autant donner \u00e0 voir leurs acquisitions au public. Cette publication y rem\u00e9die en op\u00e9rant une s\u00e9lection d'images, tant actuelles que patrimoniales. Du fonds Marc Riboud acquis par le mus\u00e9e Guimet aux photographies r\u00e9alis\u00e9es par \u00c9mile Zola, d'albums de photos de famille au portrait du dernier \u00abcannibale\u00bb des \u00eeles Marquises ou \u00e0 d'intenses clich\u00e9s issus de la Premi\u00e8re Guerre mondiale et des registres de d\u00e9portation, +Photographie revisite l'histoire de cet art visuel, depuis ses origines jusqu'\u00e0 ses champs contemporains.\r","authors":["Collectif"],"category_codes":["6000000","6070000","6070200"],"visuals":{"large":"https:\/\/images.epagine.fr\/405\/9782367441405_1_75.jpg","medium":"https:\/\/images.epagine.fr\/405\/9782367441405_1_m.jpg","thumbnail":"https:\/\/images.epagine.fr\/405\/9782367441405_1_v.jpg"},"orderable":true,"show_badge":true,"formatted_price":"30,00&nbsp;\u20ac","formatted_published_date":"19 mars 2020","publisher_availability_label":"Sur commande","short_details":"Collectif \u2014 LE BEC EN L'AIR","translator":null,"weight":1070,"page_count":176,"readership":null,"editor":"LE BEC EN L'AIR","price":3000,"published_date":"2020-03-18T23:00:00.000000Z","support":"Grand format","publisher_availability":1,"stock":0,"editions":[],"url":"https:\/\/quaidesbrumes.com\/ouvrage\/9782367441405\/photographie-les-acquisitions-photographiques-nationales"},{"id":"9782322187218","title":"Manuel De R\u00e9paration Primar-Reflex  II &  Primarreflex","description":"Dans cet ouvrage, vous trouverez ce qu'il faut savoir pour l'entretien, le d\u00e9montage et la r\u00e9paration du moyen format Primar reflex  avec de nombreuses photos pour illustrer les diff\u00e9rentes \u00e9tapes\r","authors":["Bruno Jean"],"category_codes":["6000000","6070000","6070200"],"visuals":{"large":"https:\/\/images.epagine.fr\/218\/9782322187218_1_75.jpg","medium":"https:\/\/images.epagine.fr\/218\/9782322187218_1_m.jpg","thumbnail":"https:\/\/images.epagine.fr\/218\/9782322187218_1_v.jpg"},"orderable":true,"show_badge":true,"formatted_price":"35,90&nbsp;\u20ac","formatted_published_date":"22 octobre 2019","publisher_availability_label":"Sur commande","short_details":"Bruno Jean \u2014 Books on Demand","translator":null,"weight":137,"page_count":64,"readership":null,"editor":"Books on Demand","price":3590,"published_date":"2019-10-21T22:00:00.000000Z","support":"Grand format","publisher_availability":1,"stock":0,"editions":[],"url":"https:\/\/quaidesbrumes.com\/ouvrage\/9782322187218\/manuel-de-reparation-primar-reflex-ii-primarreflex"},{"id":"9782406086468","title":"Le cin\u00e9ma fait sa litt\u00e9rature ; \u00e9tude de la r\u00e9ception de la litt\u00e9rature par le cin\u00e9ma","description":"Qu'est-ce que le cin\u00e9ma doit \u00e0 la litt\u00e9rature ? Cette question, qui d\u00e9borde de loin le cadre de l'adaptation, rel\u00e8ve des \u00e9tudes de r\u00e9ception. Le pr\u00e9sent ouvrage examine donc ce que le cin\u00e9ma a effectivement pris en compte des formes et genres de la litt\u00e9rature, de ses auteurs, quels qu'ils soient.\r","authors":["Michel Serceau"],"category_codes":["6000000","6070000","6070300","6070304"],"visuals":{"large":"https:\/\/images.epagine.fr\/468\/9782406086468_1_75.jpg","medium":"https:\/\/images.epagine.fr\/468\/9782406086468_1_m.jpg","thumbnail":"https:\/\/images.epagine.fr\/468\/9782406086468_1_v.jpg"},"orderable":true,"show_badge":true,"formatted_price":"59,00&nbsp;\u20ac","formatted_published_date":"20 novembre 2019","publisher_availability_label":"Sur commande","short_details":"Michel Serceau \u2014 CLASSIQUES GARNIER","translator":null,"weight":646,"page_count":530,"readership":null,"editor":"CLASSIQUES GARNIER","price":5900,"published_date":"2019-11-19T23:00:00.000000Z","support":"Grand format","publisher_availability":1,"stock":0,"editions":["9782406086475"],"url":"https:\/\/quaidesbrumes.com\/ouvrage\/9782406086468\/le-cinema-fait-sa-litterature-etude-de-la-reception-de-la-litterature-par-le-cinema"},{"id":"9781797201771","title":"Star wars: how to speak astromech with bb-8","description":null,"authors":["I. M. Rollin\/Jake"],"category_codes":["6000000","6070000","6070300"],"visuals":{"large":"https:\/\/quaidesbrumes.com\/img\/book-placeholder.png","medium":"https:\/\/quaidesbrumes.com\/img\/book-placeholder.png","thumbnail":"https:\/\/quaidesbrumes.com\/img\/book-placeholder.png"},"orderable":true,"show_badge":true,"formatted_price":"20,00&nbsp;\u20ac","formatted_published_date":"8 avril 2020","publisher_availability_label":"Sur commande","short_details":"I. M. Rollin\/Jake \u2014 CHRONICLE BOOKS","translator":null,"weight":0,"page_count":null,"readership":null,"editor":"CHRONICLE BOOKS","price":2000,"published_date":"2020-04-07T22:00:00.000000Z","support":"Grand format","publisher_availability":1,"stock":0,"editions":[],"url":"https:\/\/quaidesbrumes.com\/ouvrage\/9781797201771\/star-wars-how-to-speak-astromech-with-bb-8"},{"id":"9781452179803","title":"The art of onward","description":null,"authors":["Drew Taylor"],"category_codes":["6000000","6070000","6070300"],"visuals":{"large":"https:\/\/quaidesbrumes.com\/img\/book-placeholder.png","medium":"https:\/\/quaidesbrumes.com\/img\/book-placeholder.png","thumbnail":"https:\/\/quaidesbrumes.com\/img\/book-placeholder.png"},"orderable":true,"show_badge":true,"formatted_price":"45,00&nbsp;\u20ac","formatted_published_date":"3 mars 2020","publisher_availability_label":"Sur commande","short_details":"Drew Taylor \u2014 CHRONICLE BOOKS","translator":null,"weight":0,"page_count":null,"readership":null,"editor":"CHRONICLE BOOKS","price":4500,"published_date":"2020-03-02T23:00:00.000000Z","support":"Grand format","publisher_availability":1,"stock":0,"editions":[],"url":"https:\/\/quaidesbrumes.com\/ouvrage\/9781452179803\/the-art-of-onward"},{"id":"9781452183350","title":"Best in show","description":null,"authors":["Dolly Faibyshev"],"category_codes":["6000000","6070000","6070200"],"visuals":{"large":"https:\/\/quaidesbrumes.com\/img\/book-placeholder.png","medium":"https:\/\/quaidesbrumes.com\/img\/book-placeholder.png","thumbnail":"https:\/\/quaidesbrumes.com\/img\/book-placeholder.png"},"orderable":true,"show_badge":true,"formatted_price":"29,00&nbsp;\u20ac","formatted_published_date":"1er octobre 2020","publisher_availability_label":"Sur commande","short_details":"Dolly Faibyshev \u2014 CHRONICLE BOOKS","translator":null,"weight":601,"page_count":null,"readership":null,"editor":"CHRONICLE BOOKS","price":2900,"published_date":"2020-09-30T22:00:00.000000Z","support":"Grand format","publisher_availability":1,"stock":0,"editions":[],"url":"https:\/\/quaidesbrumes.com\/ouvrage\/9781452183350\/best-in-show"},{"id":"9781588397089","title":"Photography s last century","description":null,"authors":["Jeff L. Rosenheim"],"category_codes":["6000000","6070000","6070200"],"visuals":{"large":"https:\/\/quaidesbrumes.com\/img\/book-placeholder.png","medium":"https:\/\/quaidesbrumes.com\/img\/book-placeholder.png","thumbnail":"https:\/\/quaidesbrumes.com\/img\/book-placeholder.png"},"orderable":true,"show_badge":true,"formatted_price":"52,00&nbsp;\u20ac","formatted_published_date":"17 juin 2020","publisher_availability_label":"Sur commande","short_details":"Jeff L. Rosenheim \u2014 Yale Uk","translator":null,"weight":1101,"page_count":null,"readership":null,"editor":"Yale Uk","price":5200,"published_date":"2020-06-16T22:00:00.000000Z","support":"Grand format","publisher_availability":1,"stock":0,"editions":[],"url":"https:\/\/quaidesbrumes.com\/ouvrage\/9781588397089\/photography-s-last-century"},{"id":"9780300247190","title":"Modern look - photography and the american magazine","description":null,"authors":["Mason Klein"],"category_codes":["6000000","6070000","6070200"],"visuals":{"large":"https:\/\/quaidesbrumes.com\/img\/book-placeholder.png","medium":"https:\/\/quaidesbrumes.com\/img\/book-placeholder.png","thumbnail":"https:\/\/quaidesbrumes.com\/img\/book-placeholder.png"},"orderable":true,"show_badge":true,"formatted_price":"52,00&nbsp;\u20ac","formatted_published_date":"1er octobre 2020","publisher_availability_label":"Sur commande","short_details":"Mason Klein \u2014 Yale Uk","translator":null,"weight":1101,"page_count":null,"readership":null,"editor":"Yale Uk","price":5200,"published_date":"2020-09-30T22:00:00.000000Z","support":"Grand format","publisher_availability":1,"stock":0,"editions":[],"url":"https:\/\/quaidesbrumes.com\/ouvrage\/9780300247190\/modern-look-photography-and-the-american-magazine"},{"id":"9789077207628","title":"The flaneur","description":null,"authors":["Cornelia Stahl"],"category_codes":["6000000","6070000","6070200"],"visuals":{"large":"https:\/\/quaidesbrumes.com\/img\/book-placeholder.png","medium":"https:\/\/quaidesbrumes.com\/img\/book-placeholder.png","thumbnail":"https:\/\/quaidesbrumes.com\/img\/book-placeholder.png"},"orderable":true,"show_badge":true,"formatted_price":"35,00&nbsp;\u20ac","formatted_published_date":"8 janvier 2019","publisher_availability_label":"Sur commande","short_details":"Cornelia Stahl \u2014 Stockmans Art","translator":null,"weight":701,"page_count":null,"readership":null,"editor":"Stockmans Art","price":3500,"published_date":"2019-01-07T23:00:00.000000Z","support":"Grand format","publisher_availability":1,"stock":0,"editions":[],"url":"https:\/\/quaidesbrumes.com\/ouvrage\/9789077207628\/the-flaneur"},{"id":"9789077207543","title":"Iran - bardasht tasviri, a photographic perception","description":null,"authors":["Sam Asaert"],"category_codes":["6000000","6070000","6070200"],"visuals":{"large":"https:\/\/quaidesbrumes.com\/img\/book-placeholder.png","medium":"https:\/\/quaidesbrumes.com\/img\/book-placeholder.png","thumbnail":"https:\/\/quaidesbrumes.com\/img\/book-placeholder.png"},"orderable":true,"show_badge":true,"formatted_price":"50,00&nbsp;\u20ac","formatted_published_date":"2 janvier 2019","publisher_availability_label":"Sur commande","short_details":"Sam Asaert \u2014 Stockmans Art","translator":null,"weight":1001,"page_count":null,"readership":null,"editor":"Stockmans Art","price":5000,"published_date":"2019-01-01T23:00:00.000000Z","support":"Grand format","publisher_availability":1,"stock":0,"editions":[],"url":"https:\/\/quaidesbrumes.com\/ouvrage\/9789077207543\/iran-bardasht-tasviri-a-photographic-perception"},{"id":"9783958296930","title":"Shahidul alam the tide will turn","description":null,"authors":["Alam Shahidul"],"category_codes":["6000000","6070000","6070200"],"visuals":{"large":"https:\/\/images.epagine.fr\/930\/9783958296930_1_75.jpg","medium":"https:\/\/images.epagine.fr\/930\/9783958296930_1_m.jpg","thumbnail":"https:\/\/images.epagine.fr\/930\/9783958296930_1_v.jpg"},"orderable":true,"show_badge":true,"formatted_price":"28,00&nbsp;\u20ac","formatted_published_date":"18 novembre 2019","publisher_availability_label":"Sur commande","short_details":"Alam Shahidul \u2014 Steidl","translator":null,"weight":601,"page_count":184,"readership":null,"editor":"Steidl","price":2800,"published_date":"2019-11-17T23:00:00.000000Z","support":"Grand format","publisher_availability":1,"stock":0,"editions":[],"url":"https:\/\/quaidesbrumes.com\/ouvrage\/9783958296930\/shahidul-alam-the-tide-will-turn"},{"id":"9780764358036","title":"The dogs of cuba","description":null,"authors":["Emmy Park"],"category_codes":["6000000","6070000","6070200"],"visuals":{"large":"https:\/\/quaidesbrumes.com\/img\/book-placeholder.png","medium":"https:\/\/quaidesbrumes.com\/img\/book-placeholder.png","thumbnail":"https:\/\/quaidesbrumes.com\/img\/book-placeholder.png"},"orderable":true,"show_badge":true,"formatted_price":"35,00&nbsp;\u20ac","formatted_published_date":"6 septembre 2019","publisher_availability_label":"Sur commande","short_details":"Emmy Park \u2014 Schiffer","translator":null,"weight":701,"page_count":null,"readership":null,"editor":"Schiffer","price":3500,"published_date":"2019-09-05T22:00:00.000000Z","support":"Grand format","publisher_availability":1,"stock":0,"editions":[],"url":"https:\/\/quaidesbrumes.com\/ouvrage\/9780764358036\/the-dogs-of-cuba"},{"id":"9780764358029","title":"Cats of cuba","description":null,"authors":["Emmy Park"],"category_codes":["6000000","6070000","6070200"],"visuals":{"large":"https:\/\/quaidesbrumes.com\/img\/book-placeholder.png","medium":"https:\/\/quaidesbrumes.com\/img\/book-placeholder.png","thumbnail":"https:\/\/quaidesbrumes.com\/img\/book-placeholder.png"},"orderable":true,"show_badge":true,"formatted_price":"35,00&nbsp;\u20ac","formatted_published_date":"3 septembre 2019","publisher_availability_label":"Sur commande","short_details":"Emmy Park \u2014 Schiffer","translator":null,"weight":701,"page_count":null,"readership":null,"editor":"Schiffer","price":3500,"published_date":"2019-09-02T22:00:00.000000Z","support":"Grand format","publisher_availability":1,"stock":0,"editions":[],"url":"https:\/\/quaidesbrumes.com\/ouvrage\/9780764358029\/cats-of-cuba"},{"id":"9788417047979","title":"Pietro paolini buscando a bolivar \/anglais\/espagnol","description":"Ce livre est la documentation photographique des voyages de Pietro Paolini en Bolivie, Equateur et au V\u00e9n\u00e9zuela entre 2009 et 2014. Le photographe italien y rend compte en images de la vie quotidienne dans les pays du nouveau socialisme sous les pr\u00e9sidences de Evo Morales, Rafael Correa et Hugo Chavez. Le photographe cherche \u00e0 cr\u00e9er des images qui \u00e9chappent aux st\u00e9r\u00e9otypes avec lesquels on repr\u00e9sente souvent ces pays ; il souhaite voir les lieux et leurs \u00e9v\u00e9nements dans leur globalit\u00e9 et souligner les contradictions et coh\u00e9rences qui ont lieu dans le cr\u00e9ation des identit\u00e9s nationales.\r","authors":["Paolini Pietro"],"category_codes":["6000000","6070000","6070200"],"visuals":{"large":"https:\/\/images.epagine.fr\/979\/9788417047979_1_75.jpg","medium":"https:\/\/images.epagine.fr\/979\/9788417047979_1_m.jpg","thumbnail":"https:\/\/images.epagine.fr\/979\/9788417047979_1_v.jpg"},"orderable":true,"show_badge":true,"formatted_price":"36,00&nbsp;\u20ac","formatted_published_date":"15 septembre 2019","publisher_availability_label":"Sur commande","short_details":"Paolini Pietro \u2014 Rm Editorial","translator":null,"weight":800,"page_count":100,"readership":null,"editor":"Rm Editorial","price":3600,"published_date":"2019-09-14T22:00:00.000000Z","support":"Grand format","publisher_availability":1,"stock":0,"editions":[],"url":"https:\/\/quaidesbrumes.com\/ouvrage\/9788417047979\/pietro-paolini-buscando-a-bolivar-anglaisespagnol"},{"id":"9782322183777","title":"Barri\u00e8res","description":"Barri\u00e8res, portails, cl\u00f4tures, rampes, rambardes font partie de notre quotidien, mais nous ne les voyons plus. Ces photographies, datant essentiellement des ann\u00e9es 1955-1975, ont \u00e9t\u00e9 majoritairement prises en noir et blanc, avec un Leica, sauf quelques exceptions en couleur, certaines saisies avec un Fujica. Les lieux\u00a0? Diverses r\u00e9gions sont repr\u00e9sent\u00e9es dans cette s\u00e9lection\u00a0: essentiellement l'Auvergne, le Bourbonnais, l'Aquitaine, mais aussi l'Italie, l'Espagne. \u00c0 travers ce regard particulier, c'est tout le charme des ces ann\u00e9es oubli\u00e9es qui r\u00e9appara\u00eet.   \u00a0Barri\u00e8res\u00a0  est le troisi\u00e8me recueil de la s\u00e9rie  \u00a0Ma vie en Leica\u00a0 , apr\u00e8s  \u00a0Vacances \u00e0 la ferme en Bourbonnais\u00a0  et  \u00a0Vaches\u00a0 .\r","authors":["Albert Cazal"],"category_codes":["6000000","6070000","6070200","6070205"],"visuals":{"large":"https:\/\/images.epagine.fr\/777\/9782322183777_1_75.jpg","medium":"https:\/\/images.epagine.fr\/777\/9782322183777_1_m.jpg","thumbnail":"https:\/\/images.epagine.fr\/777\/9782322183777_1_v.jpg"},"orderable":true,"show_badge":true,"formatted_price":"12,99&nbsp;\u20ac","formatted_published_date":"19 novembre 2019","publisher_availability_label":"Sur commande","short_details":"Albert Cazal \u2014 Books on Demand","translator":null,"weight":784,"page_count":204,"readership":null,"editor":"Books on Demand","price":1299,"published_date":"2019-11-18T23:00:00.000000Z","support":"Grand format","publisher_availability":1,"stock":0,"editions":[],"url":"https:\/\/quaidesbrumes.com\/ouvrage\/9782322183777\/barrieres"}]}