{"data":[{"id":"9780764344879","title":"Harlem street portraits- harvey stein","description":null,"authors":["Herb Boyd\/Sara Rosen"],"category_codes":["6000000","6070000","6070200"],"visuals":{"large":"https:\/\/images.epagine.fr\/879\/9780764344879_1_75.jpg","medium":"https:\/\/images.epagine.fr\/879\/9780764344879_1_m.jpg","thumbnail":"https:\/\/images.epagine.fr\/879\/9780764344879_1_v.jpg"},"orderable":true,"show_badge":true,"formatted_price":"68,00&nbsp;\u20ac","formatted_published_date":"28 septembre 2013","publisher_availability_label":"Sur commande","short_details":"Herb Boyd\/Sara Rosen \u2014 Schiffer","translator":null,"weight":1301,"page_count":null,"readership":null,"editor":"Schiffer","price":6800,"published_date":"2013-09-27T22:00:00.000000Z","support":"Grand format","publisher_availability":1,"stock":0,"editions":[],"url":"https:\/\/quaidesbrumes.com\/ouvrage\/9780764344879\/harlem-street-portraits-harvey-stein"},{"id":"9782322101085","title":"Vacances \u00e0 la ferme en Bourbonnais","description":"Un tr\u00e9sor de plus de 2000 n\u00e9gatifs de photographies prises entre 1956 et 1968 attendait dans une valise que l'on veuille bien sauver de l'oubli les meilleures d'entre elles. Une autre   valise mexicaine  , en quelque sorte, mais auvergnate cette fois-ci. Ce premier album th\u00e9matique de la s\u00e9rie   Ma vie en Leica   est une histoire sans paroles autour du th\u00e8me des   vacances \u00e0 la ferme en Bourbonnais  ,  chez les grands-parents maternels de l'\u00e9ditrice, elle-m\u00eame fille du photographe. Paysages, portraits d'hommes et d'animaux, font ressurgir un monde disparu. Une ferme isol\u00e9e, vivant comme hors du temps. Une autre \u00e9poque, un autre monde. Un monde refl\u00e9t\u00e9 dans une goutte d'eau...\r","authors":["Albert Cazal"],"category_codes":["6000000","6070000","6070200","6070205"],"visuals":{"large":"https:\/\/images.epagine.fr\/085\/9782322101085_1_75.jpg","medium":"https:\/\/images.epagine.fr\/085\/9782322101085_1_m.jpg","thumbnail":"https:\/\/images.epagine.fr\/085\/9782322101085_1_v.jpg"},"orderable":true,"show_badge":true,"formatted_price":"8,99&nbsp;\u20ac","formatted_published_date":"24 juin 2019","publisher_availability_label":"Sur commande","short_details":"Albert Cazal \u2014 Books on Demand","translator":null,"weight":378,"page_count":116,"readership":null,"editor":"Books on Demand","price":899,"published_date":"2019-06-23T22:00:00.000000Z","support":"Grand format","publisher_availability":1,"stock":0,"editions":[],"url":"https:\/\/quaidesbrumes.com\/ouvrage\/9782322101085\/vacances-a-la-ferme-en-bourbonnais"},{"id":"9782322153329","title":"Manuel de restauration, certo dollina","description":"Les Certo Dollina sont des jolis boitiers 135 (24x36) de petite taille qui se glissent assez facilement dans une poche de manteau,  ce qui est tr\u00e8s pratique pour les d\u00e9placements. \r\nIls sont facilement r\u00e9parables vu la  simplicit\u00e9 de leur m\u00e9canisme ce qui les rend tr\u00e8s robustes.  Gr\u00e2ce \u00e0 cet ouvrage, vous pourrez rem\u00e9dier aux d\u00e9fauts de votre   Certo Dollina.\r","authors":["Bruno Jean"],"category_codes":["6000000","6070000","6070200"],"visuals":{"large":"https:\/\/images.epagine.fr\/329\/9782322153329_1_75.jpg","medium":"https:\/\/images.epagine.fr\/329\/9782322153329_1_m.jpg","thumbnail":"https:\/\/images.epagine.fr\/329\/9782322153329_1_v.jpg"},"orderable":true,"show_badge":true,"formatted_price":"22,00&nbsp;\u20ac","formatted_published_date":"22 avril 2019","publisher_availability_label":"Sur commande","short_details":"Bruno Jean \u2014 Books on Demand","translator":null,"weight":113,"page_count":52,"readership":null,"editor":"Books on Demand","price":2200,"published_date":"2019-04-21T22:00:00.000000Z","support":"Grand format","publisher_availability":1,"stock":0,"editions":[],"url":"https:\/\/quaidesbrumes.com\/ouvrage\/9782322153329\/manuel-de-restauration-certo-dollina"},{"id":"9782343182162","title":"Bernanos au cin\u00e9ma","description":"L'oeuvre de fiction de Georges Bernanos, figure de proue de la litt\u00e9rature fran\u00e7aise du XXe, devait s\u00e9duire le cin\u00e9ma. Des personnages complexes, haut en couleur, qui engagent leur vie avec passion sur le chemin du Bien ou du Mal. Une vision du monde profond\u00e9ment originale, comparable \u00e0 cette de Dosto\u00efevski, inscrite dans les p\u00e9rip\u00e9ties romanesques et des structures esth\u00e9tiques (d\u00e9cors, images, sensations) o\u00f9 le visible refl\u00e8te l'invisible : comment ne pas susciter l'inspiration d'un cin\u00e9aste ? Robert Bresson fut le premier \u00e0 transposer le romancier en tournant Journal d'un cur\u00e9 de campagne. Ce livre est le premier \u00e0 pr\u00e9senter une \u00e9tude d'ensemble des transpositions de Bernanos au cin\u00e9ma.","authors":["Michel Est\u00e8ve"],"category_codes":["6000000","6070000","6070300"],"visuals":{"large":"https:\/\/images.epagine.fr\/162\/9782343182162_1_75.jpg","medium":"https:\/\/images.epagine.fr\/162\/9782343182162_1_m.jpg","thumbnail":"https:\/\/images.epagine.fr\/162\/9782343182162_1_v.jpg"},"orderable":true,"show_badge":true,"formatted_price":"21,00&nbsp;\u20ac","formatted_published_date":"24 juillet 2019","publisher_availability_label":"Sur commande","short_details":"Michel Est\u00e8ve \u2014 \u00c9ditions L'Harmattan","translator":null,"weight":232,"page_count":180,"readership":null,"editor":"\u00c9ditions L'Harmattan","price":2100,"published_date":"2019-07-23T22:00:00.000000Z","support":"Grand format","publisher_availability":1,"stock":0,"editions":[],"url":"https:\/\/quaidesbrumes.com\/ouvrage\/9782343182162\/bernanos-au-cinema"},{"id":"9781914317606","title":"Terence Donovan : one hundred faces","description":"Following on from Terence Donovan: 100 Fashion Photos, this new compact edition of collected photographs features over 100 of Terence Donovan's best portraits.\r\n\r\nTerence Donovan (1936-1996) was one of the foremost photographers of his generation, with a career spanning four decades. He came to prominence as part of a post-war cultural renaissance in Britain, representing a new force in photography. Donovan had an eye for taking captivating portraits, and this book is a collection of one hundred of his best, from royalty to musicians, politicians, actors and more.\r\n\r\nGifted with an unerring eye for the iconic as well as the transformative, Donovan was a master of his craft and was an acclaimed portrait photographer. Featuring some of his most striking and memorable portraits from a vast array of people, including iconic images of Sophia Loren, Jimi Hendrix, Jazzy B, Bryan Ferry and Mary Quant, this small edition is an affordable yet luxurious introduction to Donovan's work, perfect for lovers of photography.","authors":["Collectif"],"category_codes":["6000000","6070000","6070200","6070205"],"visuals":{"large":"https:\/\/images.epagine.fr\/606\/9781914317606_1_75.jpg","medium":"https:\/\/images.epagine.fr\/606\/9781914317606_1_m.jpg","thumbnail":"https:\/\/images.epagine.fr\/606\/9781914317606_1_v.jpg"},"orderable":true,"show_badge":true,"formatted_price":"25,00&nbsp;\u20ac","formatted_published_date":"27 avril 2023","publisher_availability_label":"Sur commande","short_details":"Collectif \u2014 Welbeck","translator":null,"weight":381,"page_count":112,"readership":null,"editor":"Welbeck","price":2500,"published_date":"2023-04-26T22:00:00.000000Z","support":"Grand format","publisher_availability":1,"stock":0,"editions":[],"url":"https:\/\/quaidesbrumes.com\/ouvrage\/9781914317606\/terence-donovan-one-hundred-faces"},{"id":"9782956588900","title":"Des bases solides ; comment ma\u00eetriser les bases de la photographie facilement ?","description":"Ce livre est un condens\u00e9 des notions qui rendront n importe quel apprenti photographe tr\u00e8s rapidement efficace et original avec son reflex. Entre recueil de savoirs, m\u00e9thode de r\u00e9flexion et outil technique, ce livre est le support id\u00e9al pour bien d\u00e9marrer et gagner un maximum de temps. L auteur a souhait\u00e9 mettre des exemples et illustrations afin de faciliter l acc\u00e8s \u00e0 un jargon parfois soutenu. C est donc une mine d informations vulgaris\u00e9es. Ce livre contient l essence m\u00eame de ce qu un photographe doit savoir et offre la possibilit\u00e9 \u00e0 tout un chacun d y acc\u00e9der. Prenant le parti d \u00eatre le compl\u00e9ment de formation id\u00e9al pour celui qui se lancera dans l aventure, il se veut pratique et direct.\r","authors":["Johan Pommelec"],"category_codes":["6000000","6070000","6070200"],"visuals":{"large":"https:\/\/images.epagine.fr\/900\/9782956588900_1_75.jpg","medium":"https:\/\/images.epagine.fr\/900\/9782956588900_1_m.jpg","thumbnail":"https:\/\/images.epagine.fr\/900\/9782956588900_1_v.jpg"},"orderable":true,"show_badge":true,"formatted_price":"12,99&nbsp;\u20ac","formatted_published_date":"25 avril 2019","publisher_availability_label":"Sur commande","short_details":"Johan Pommelec \u2014 UNITE WANSHOT","translator":null,"weight":128,"page_count":80,"readership":null,"editor":"UNITE WANSHOT","price":1299,"published_date":"2019-04-24T22:00:00.000000Z","support":"Grand format","publisher_availability":1,"stock":0,"editions":[],"url":"https:\/\/quaidesbrumes.com\/ouvrage\/9782956588900\/des-bases-solides-comment-maitriser-les-bases-de-la-photographie-facilement"},{"id":"9782357291119","title":"Vou\u00e2tures","description":null,"authors":["Jeanne-Marie Sens"],"category_codes":["6000000","6070000","6070200","6070203"],"visuals":{"large":"https:\/\/images.epagine.fr\/119\/9782357291119_1_75.jpg","medium":"https:\/\/images.epagine.fr\/119\/9782357291119_1_m.jpg","thumbnail":"https:\/\/images.epagine.fr\/119\/9782357291119_1_v.jpg"},"orderable":true,"show_badge":true,"formatted_price":"20,00&nbsp;\u20ac","formatted_published_date":"22 novembre 2019","publisher_availability_label":"Sur commande","short_details":"Jeanne-Marie Sens \u2014 L'Une Et L'Autre","translator":null,"weight":210,"page_count":96,"readership":null,"editor":"L'Une Et L'Autre","price":2000,"published_date":"2019-11-21T23:00:00.000000Z","support":"Grand format","publisher_availability":1,"stock":0,"editions":[],"url":"https:\/\/quaidesbrumes.com\/ouvrage\/9782357291119\/vouatures"},{"id":"9791092727340","title":"The afterlife of the photographic subject - julia margaret cameron & nan goldin","description":"Le concept au coeur de ce travail est une vision africaine de l'au-del\u00e0 appel\u00e9e Sasa et Zamani. Sasa fait r\u00e9f\u00e9rence \u00e0 la p\u00e9riode pendant laquelle le d\u00e9funt laisse des personnes qui l'ont connu de son vivant, tandis que pendant la p\u00e9riode Zamani, tous ceux qui connaissaient la personne sont d\u00e9c\u00e9d\u00e9s. Marwan T. Assaf examine les photographies des disparus \u00e0 travers le prisme de Sasa et Zamani, en se concentrant sur les oeuvres des artistes Nan Goldin et Julia Margaret Cameron, deux photographes dont les sujets sont physiquement disparus, mais qui traitent cette question diff\u00e9remment. Marwan T. Assaf est un collectionneur libanais et historien d'art.\r","authors":["Assaf Marwan T."],"category_codes":["6000000","6070000","6070200"],"visuals":{"large":"https:\/\/images.epagine.fr\/340\/9791092727340_1_75.jpg","medium":"https:\/\/images.epagine.fr\/340\/9791092727340_1_m.jpg","thumbnail":"https:\/\/images.epagine.fr\/340\/9791092727340_1_v.jpg"},"orderable":true,"show_badge":true,"formatted_price":"39,00&nbsp;\u20ac","formatted_published_date":"1er juin 2019","publisher_availability_label":"Sur commande","short_details":"Assaf Marwan T. \u2014 THE EYES PUBLISHING","translator":null,"weight":701,"page_count":112,"readership":null,"editor":"THE EYES PUBLISHING","price":3900,"published_date":"2019-05-31T22:00:00.000000Z","support":"Grand format","publisher_availability":1,"stock":0,"editions":[],"url":"https:\/\/quaidesbrumes.com\/ouvrage\/9791092727340\/the-afterlife-of-the-photographic-subject-julia-margaret-cameron-nan-goldin"},{"id":"9783958296091","title":"Mitch epstein sunshine hotel","description":"Con\u00e7u par Andrew Roth, le Sunshine Hotel assemble 175 photos de Mitch Epstein (1952) r\u00e9alis\u00e9es entre 1969 et 2018, dont plus de la moiti\u00e9 sont in\u00e9dites. Le livre retrace \u00e0 la fois l'\u00e9volution de l'artiste et le d\u00e9veloppement de son pays, r\u00e9v\u00e9lant les mutations formelles et th\u00e9matiques d'Epstein en liaison avec l'\u00e9volution du climat social et du paysage artistique des \u00c9tats Unis.\r","authors":["Mitch Epstein"],"category_codes":["6000000","6070000","6070200"],"visuals":{"large":"https:\/\/images.epagine.fr\/091\/9783958296091_1_75.jpg","medium":"https:\/\/images.epagine.fr\/091\/9783958296091_1_m.jpg","thumbnail":"https:\/\/images.epagine.fr\/091\/9783958296091_1_v.jpg"},"orderable":true,"show_badge":true,"formatted_price":"68,00&nbsp;\u20ac","formatted_published_date":"2 octobre 2019","publisher_availability_label":"Sur commande","short_details":"Mitch Epstein \u2014 Steidl","translator":null,"weight":1301,"page_count":264,"readership":null,"editor":"Steidl","price":6800,"published_date":"2019-10-01T22:00:00.000000Z","support":"Grand format","publisher_availability":1,"stock":0,"editions":[],"url":"https:\/\/quaidesbrumes.com\/ouvrage\/9783958296091\/mitch-epstein-sunshine-hotel"},{"id":"9783958296152","title":"Nadav kander the meeting","description":"With his minimal and intuitive approach, Kander shows his interest in universal experience, which transcends the specificity of public persona or status. His enigmatic depictions of actors, artists, musicians, authors, sports icons and political leaders-from Barack Obama, John le Carr\u00e9, Alexander McQueen, to Tracey Emin, Robert Plant and Prince Charles-are layered and penetrating, revealing unexpected moments of reverie and vulnerability.\r","authors":["Nadav Kander"],"category_codes":["6000000","6070000","6070200"],"visuals":{"large":"https:\/\/images.epagine.fr\/152\/9783958296152_1_75.jpg","medium":"https:\/\/images.epagine.fr\/152\/9783958296152_1_m.jpg","thumbnail":"https:\/\/images.epagine.fr\/152\/9783958296152_1_v.jpg"},"orderable":true,"show_badge":true,"formatted_price":"85,00&nbsp;\u20ac","formatted_published_date":"28 novembre 2019","publisher_availability_label":"Sur commande","short_details":"Nadav Kander \u2014 Steidl","translator":null,"weight":1601,"page_count":324,"readership":null,"editor":"Steidl","price":8500,"published_date":"2019-11-27T23:00:00.000000Z","support":"Grand format","publisher_availability":1,"stock":0,"editions":[],"url":"https:\/\/quaidesbrumes.com\/ouvrage\/9783958296152\/nadav-kander-the-meeting"},{"id":"9781942185598","title":"Teresa Hubbard \/ Alexander Birchler : flora redux","description":"Oeuvre embl\u00e9matique du duo d'artistes suisses et am\u00e9ricains Teresa Hubbard \/ Alexander Birchler, Flora raconte la vie de l'artiste am\u00e9ricaine inconnue Flora Mayo, avec qui Alberto Giacometti avait v\u00e9cu une histoire d'amour \u00e0 Paris dans les ann\u00e9es 1920. Alors que Giacometti devint l'un des artistes les plus c\u00e9l\u00e8bres du XXe si\u00e8cle, l'oeuvre de Mayo a \u00e9t\u00e9 d\u00e9truite, et sa biographie m\u00eame a \u00e9t\u00e9 rel\u00e9gu\u00e9e au rang de note de bas de page des \u00e9tudes sur Giacometti. Flora, une installation de film \u00e0 double face, est con\u00e7ue comme une conversation entre Mayo et son fils, David, que les artistes ont d\u00e9couvert vivant pr\u00e8s de Los Angeles. Le travail g\u00e9n\u00e8re un dialogue aux multiples facettes entre une m\u00e8re et son fils, Mayo et Giacometti, Paris et Los Angeles, et entre pass\u00e9 et pr\u00e9sent. Ce livre richement illustr\u00e9 d\u00e9crit le cheminement du processus de Hubbard \/ Birchler et est accompagn\u00e9 d'une transcription de l'installation du film, d'une chronologie visuelle de la vie de Flora Mayo et de conversations avec les artistes.\r","authors":["Teresa Hubbard"],"category_codes":["6000000","6070000","6070200","6070205"],"visuals":{"large":"https:\/\/images.epagine.fr\/598\/9781942185598_1_75.jpg","medium":"https:\/\/images.epagine.fr\/598\/9781942185598_1_m.jpg","thumbnail":"https:\/\/images.epagine.fr\/598\/9781942185598_1_v.jpg"},"orderable":true,"show_badge":true,"formatted_price":"69,00&nbsp;\u20ac","formatted_published_date":"5 juillet 2022","publisher_availability_label":"Sur commande","short_details":"Teresa Hubbard \u2014 Radius Books","translator":null,"weight":1201,"page_count":148,"readership":null,"editor":"Radius Books","price":6900,"published_date":"2022-07-04T22:00:00.000000Z","support":"Grand format","publisher_availability":1,"stock":0,"editions":[],"url":"https:\/\/quaidesbrumes.com\/ouvrage\/9781942185598\/teresa-hubbard-alexander-birchler-flora-redux"},{"id":"9782919436408","title":"Ces petits riens ; philosophie d'un grand bonheur","description":"Ang\u00e9lique Boudet tente d'immortaliser des moments de tendresse et de douceur, de capturer une image d'un bonheur et d'une joie intime. Son travail met en \u00e9vidence l'universalit\u00e9 et surtout l'intemporalit\u00e9 de la simplicit\u00e9, quelle soit un principe de cr\u00e9ation ou de vie. Ce coffret est la r\u00e9alisation de douze cartes photographiques en bichromie accompagn\u00e9es d'un texte d'auteur. L'esth\u00e9tisme et la qualit\u00e9 valorisent le regard de l'auteur autour de la th\u00e9matique donn\u00e9e.\r","authors":["Ang\u00e9lique Boudet","Helaine Charbonnier-Teljesseg"],"category_codes":["6000000","6070000","6070200"],"visuals":{"large":"https:\/\/quaidesbrumes.com\/img\/book-placeholder.png","medium":"https:\/\/quaidesbrumes.com\/img\/book-placeholder.png","thumbnail":"https:\/\/quaidesbrumes.com\/img\/book-placeholder.png"},"orderable":true,"show_badge":true,"formatted_price":"15,00&nbsp;\u20ac","formatted_published_date":"8 octobre 2019","publisher_availability_label":"Sur commande","short_details":"Ang\u00e9lique Boudet, Helaine Charbonnier-Teljesseg \u2014 IMAGES PLURIELLES","translator":null,"weight":0,"page_count":15,"readership":null,"editor":"IMAGES PLURIELLES","price":1500,"published_date":"2019-10-07T22:00:00.000000Z","support":"Objet","publisher_availability":1,"stock":0,"editions":[],"url":"https:\/\/quaidesbrumes.com\/ouvrage\/9782919436408\/ces-petits-riens-philosophie-dun-grand-bonheur"},{"id":"9788833670492","title":"Gambling with life ; stories of detention in China","description":"Niu Guozheng est originaire du Henan, une province de la Chine int\u00e9rieure. Employ\u00e9 dans le service de police de la pr\u00e9fecture Pingdingshan, dont l'\u00e9conomie repose en grande partie sur l'exploitation mini\u00e8re - activit\u00e9 qu'il a d\u00e9crite dans deux s\u00e9ries photographiques distinctes -, Niu a \u00e9t\u00e9 t\u00e9moin de situations que son sens de la justice consid\u00e9rait comme injustifiables. Il a document\u00e9 les conditions de vie dans les centres de d\u00e9tention et d'interrogatoire (shoushensuo en Chinois), estimant que le traitement des prisonniers n'\u00e9tait pas digne de l'\u00e9thique de son pays. Son activit\u00e9 de policier cam\u00e9raman, accept\u00e9e ou tol\u00e9r\u00e9e par ses coll\u00e8gues et par les d\u00e9tenus, \u00e9tait motiv\u00e9e par sa conviction que seule la connaissance des faits peut apporter la solution des probl\u00e8mes. Les centres de d\u00e9tention et d'interrogatoire ont \u00e9t\u00e9 ferm\u00e9s en 1997 gr\u00e2ce \u00e0 une r\u00e9forme du processus de justice p\u00e9nale. Expos\u00e9 \u00e0 l'Acad\u00e9mie centrale des Beaux-Arts de P\u00e9kin pendant une courte p\u00e9riode, le reportage de Niu Guozheng n'a pas \u00e9t\u00e9 publi\u00e9 \u00e0 ce jour. Ses images, dures et d\u00e9rangeantes dans certains cas, tendrement po\u00e9tiques dans d'autres, caract\u00e9risent un oeil qui fusionne l'intention documentaire avec une tr\u00e8s forte sensibilit\u00e9 esth\u00e9tique qui nous rappelle les ma\u00eetres classiques de la photographie.\r","authors":["Niu Guozheng","Monica Dematte"],"category_codes":["6000000","6070000","6070200","6070201"],"visuals":{"large":"https:\/\/images.epagine.fr\/492\/9788833670492_1_75.jpg","medium":"https:\/\/images.epagine.fr\/492\/9788833670492_1_m.jpg","thumbnail":"https:\/\/images.epagine.fr\/492\/9788833670492_1_v.jpg"},"orderable":true,"show_badge":true,"formatted_price":"45,00&nbsp;\u20ac","formatted_published_date":"4 d\u00e9cembre 2019","publisher_availability_label":"Sur commande","short_details":"Niu Guozheng, Monica Dematte \u2014 Officina","translator":null,"weight":1185,"page_count":176,"readership":null,"editor":"Officina","price":4500,"published_date":"2019-12-03T23:00:00.000000Z","support":"Grand format","publisher_availability":1,"stock":0,"editions":[],"url":"https:\/\/quaidesbrumes.com\/ouvrage\/9788833670492\/gambling-with-life-stories-of-detention-in-china"},{"id":"9782825711293","title":"Le cerveau comme machine","description":"L'intelligence est une obsession contemporaine. Longtemps cantonn\u00e9s aux \u00e9nigmes polici\u00e8res et \u00e0 la science-fiction, les surdou\u00e9s envahissent aujourd'hui les \u00e9crans : drame, com\u00e9die, biopic, super-h\u00e9ros, espionnage...\r\nLa technologie est le principal moteur de cette obsession. Comme la r\u00e9volution industrielle a engendr\u00e9 les figures de savants fous, l'informatique popularise une vision du cerveau comme machine : il s'optimise, se transplante, se pirate. L'interconnexion permet au surdou\u00e9 de seconder ou de surclasser les agents de terrain. La ma\u00eetrise des nombres peut faire gagner au casino, r\u00e9soudre des \u00e9nigmes, voire chercher la cl\u00e9 de l'univers. L'intelligence est film\u00e9e comme moyen et comme fin : les cr\u00e9atures des nouveaux Frankenstein surpassent leurs cr\u00e9ateurs, aux \u00e9checs ou lors de duels plus dangereux.\r\nAu confluent de la sociologie, de la narratologie et des \u00e9tudes filmiques, portant sur plus de 200 films et de 100 s\u00e9ries, Le cerveau comme machine est la premi\u00e8re \u00e9tude d'envergure sur l'intelligence extr\u00eame \u00e0 l'\u00e9cran.\r","authors":["Olivier Ca\u00efra"],"category_codes":["6000000","6070000","6070300","6070306"],"visuals":{"large":"https:\/\/images.epagine.fr\/293\/9782825711293_1_75.jpg","medium":"https:\/\/images.epagine.fr\/293\/9782825711293_1_m.jpg","thumbnail":"https:\/\/images.epagine.fr\/293\/9782825711293_1_v.jpg"},"orderable":true,"show_badge":true,"formatted_price":"19,00&nbsp;\u20ac","formatted_published_date":"8 janvier 2020","publisher_availability_label":"Sur commande","short_details":"Olivier Ca\u00efra \u2014 Georg","translator":null,"weight":645,"page_count":376,"readership":null,"editor":"Georg","price":1900,"published_date":"2020-01-07T23:00:00.000000Z","support":"Grand format","publisher_availability":1,"stock":0,"editions":[],"url":"https:\/\/quaidesbrumes.com\/ouvrage\/9782825711293\/le-cerveau-comme-machine"},{"id":"9783960700401","title":"Henrik spohler hypothesis","description":null,"authors":["Spohler Henrik"],"category_codes":["6000000","6070000","6070200"],"visuals":{"large":"https:\/\/images.epagine.fr\/401\/9783960700401_1_75.jpg","medium":"https:\/\/images.epagine.fr\/401\/9783960700401_1_m.jpg","thumbnail":"https:\/\/images.epagine.fr\/401\/9783960700401_1_v.jpg"},"orderable":true,"show_badge":true,"formatted_price":"36,00&nbsp;\u20ac","formatted_published_date":"15 novembre 2019","publisher_availability_label":"Sur commande","short_details":"Spohler Henrik \u2014 Hartmann Books","translator":null,"weight":701,"page_count":136,"readership":null,"editor":"Hartmann Books","price":3600,"published_date":"2019-11-14T23:00:00.000000Z","support":"Grand format","publisher_availability":1,"stock":0,"editions":[],"url":"https:\/\/quaidesbrumes.com\/ouvrage\/9783960700401\/henrik-spohler-hypothesis"},{"id":"9789887903345","title":"Material matters Tome 3 ; stone creative interpretations of common materials","description":"Troisi\u00e8me opus de la s\u00e9rie \"Material Matters\", cet ouvrage s'int\u00e9resse \u00e0 l'utilisation de la pierre comme mati\u00e8re r\u00e9elle et visuelle dans le design graphique et plus particuli\u00e8rement dans le packaging d'objet.\r","authors":["Collectif"],"category_codes":["6000000","6070000","6070200","6070205"],"visuals":{"large":"https:\/\/images.epagine.fr\/345\/9789887903345_1_75.jpg","medium":"https:\/\/images.epagine.fr\/345\/9789887903345_1_m.jpg","thumbnail":"https:\/\/images.epagine.fr\/345\/9789887903345_1_v.jpg"},"orderable":true,"show_badge":true,"formatted_price":"28,00&nbsp;\u20ac","formatted_published_date":"27 ao\u00fbt 2019","publisher_availability_label":"Sur commande","short_details":"Collectif \u2014 Victionary","translator":null,"weight":400,"page_count":160,"readership":null,"editor":"Victionary","price":2800,"published_date":"2019-08-26T22:00:00.000000Z","support":"Grand format","publisher_availability":1,"stock":0,"editions":[],"url":"https:\/\/quaidesbrumes.com\/ouvrage\/9789887903345\/material-matters-tome-3-stone-creative-interpretations-of-common-materials"},{"id":"9791090306929","title":"Sabrina vitali fabrica \/francais","description":null,"authors":["Vitali Sabrina"],"category_codes":["6000000","6070000","6070200"],"visuals":{"large":"https:\/\/images.epagine.fr\/929\/9791090306929_1_75.jpg","medium":"https:\/\/images.epagine.fr\/929\/9791090306929_1_m.jpg","thumbnail":"https:\/\/images.epagine.fr\/929\/9791090306929_1_v.jpg"},"orderable":true,"show_badge":true,"formatted_price":"60,00&nbsp;\u20ac","formatted_published_date":"2 f\u00e9vrier 2020","publisher_availability_label":"Sur commande","short_details":"Vitali Sabrina \u2014 Rvb Books","translator":null,"weight":950,"page_count":180,"readership":null,"editor":"Rvb Books","price":6000,"published_date":"2020-02-01T23:00:00.000000Z","support":"Grand format","publisher_availability":1,"stock":0,"editions":[],"url":"https:\/\/quaidesbrumes.com\/ouvrage\/9791090306929\/sabrina-vitali-fabrica-francais"},{"id":"9783960700425","title":"Udo hesse berlin east","description":null,"authors":["Hesse Udo"],"category_codes":["6000000","6070000","6070200"],"visuals":{"large":"https:\/\/images.epagine.fr\/425\/9783960700425_1_75.jpg","medium":"https:\/\/images.epagine.fr\/425\/9783960700425_1_m.jpg","thumbnail":"https:\/\/images.epagine.fr\/425\/9783960700425_1_v.jpg"},"orderable":true,"show_badge":true,"formatted_price":"32,00&nbsp;\u20ac","formatted_published_date":"15 novembre 2019","publisher_availability_label":"Sur commande","short_details":"Hesse Udo \u2014 Hartmann Books","translator":null,"weight":701,"page_count":96,"readership":null,"editor":"Hartmann Books","price":3200,"published_date":"2019-11-14T23:00:00.000000Z","support":"Grand format","publisher_availability":1,"stock":0,"editions":[],"url":"https:\/\/quaidesbrumes.com\/ouvrage\/9783960700425\/udo-hesse-berlin-east"},{"id":"9782329320946","title":"Trait\u00e9 pratique de gravure en demi-teinte par l'intervention exclusive du clich\u00e9 photographique","description":"Trait\u00e9 pratique de gravure en demi-teinte par l'intervention exclusive du clich\u00e9 photographique \/ par Geymet\r\nDate de l'\u00e9dition originale : 1888\r\n\r\nLe pr\u00e9sent ouvrage s'inscrit dans une politique de conservation patrimoniale des ouvrages de la litt\u00e9rature Fran\u00e7aise mise en place avec la BNF. \r\nHACHETTE LIVRE et la BNF proposent ainsi un catalogue de titres indisponibles, la BNF ayant num\u00e9ris\u00e9 ces oeuvres et HACHETTE LIVRE les imprimant \u00e0 la demande. \r\nCertains de ces ouvrages refl\u00e8tent des courants de pens\u00e9e caract\u00e9ristiques de leur \u00e9poque, mais qui seraient aujourd'hui jug\u00e9s condamnables. \r\nIls n'en appartiennent pas moins \u00e0 l'histoire des id\u00e9es en France et sont susceptibles de pr\u00e9senter un int\u00e9r\u00eat scientifique ou historique. \r\nLe sens de notre d\u00e9marche \u00e9ditoriale consiste ainsi \u00e0 permettre l'acc\u00e8s \u00e0 ces oeuvres sans pour autant que nous en cautionnions en aucune fa\u00e7on le contenu. \r\nPour plus d'informations, rendez-vous sur www.hachettebnf.fr","authors":["Th\u00e9ophile Geymet"],"category_codes":["6000000","6070000","6070200"],"visuals":{"large":"https:\/\/images.epagine.fr\/946\/9782329320946_1_75.jpg","medium":"https:\/\/images.epagine.fr\/946\/9782329320946_1_m.jpg","thumbnail":"https:\/\/images.epagine.fr\/946\/9782329320946_1_v.jpg"},"orderable":true,"show_badge":true,"formatted_price":"17,50&nbsp;\u20ac","formatted_published_date":"1er septembre 2019","publisher_availability_label":"Sur commande","short_details":"Th\u00e9ophile Geymet \u2014 Hachette BNF","translator":null,"weight":219,"page_count":168,"readership":null,"editor":"Hachette BNF","price":1750,"published_date":"2019-08-31T22:00:00.000000Z","support":"Grand format","publisher_availability":1,"stock":0,"editions":[],"url":"https:\/\/quaidesbrumes.com\/ouvrage\/9782329320946\/traite-pratique-de-gravure-en-demi-teinte-par-lintervention-exclusive-du-cliche-photographique"},{"id":"9782322132942","title":"Navires et grands voiliers sur la Seine \u00e0 Honfleur ; Military ships and tall ships on the Seine in Honfleur (Normandy, France)","description":"A la premi\u00e8re \u00e9dition en 1989, les Voiles de la Libert\u00e9, l'objectif \u00e9tait de rassembler sur les quais de la ville de Rouen, les plus grands voiliers du monde, pour le bicentenaire de la R\u00e9volution fran\u00e7aise. Au fil des \u00e9ditions, une ouverture s'est faite, aux navires des arm\u00e9es de diff\u00e9rents pays. Armada de la Libert\u00e9 (1994), Armada du Si\u00e8cle (1999), Armada Rouen (2003), Armada 2008, Armada 2013, Armada 2019 . Au terme de dix jours d'escale et de f\u00eate \u00e0 Rouen, les bateaux redescendent la Seine, et juste apr\u00e8s le passage sous le magnifique pont de Normandie, ils retrouvent la mer au large du Havre et de Honfleur, dans la splendeur des lumi\u00e8res du soleil couchant.  At the first edition in 1989, the Voiles de la Libert\u00e9, the aim was to bring together on the quays of Rouen, the world's largest sailboats, for the bicentennial of the French Revolution. In the course of the editions, an opening was made to the ships of the armies of different countries. Armada de la Libert\u00e9 (1994), Armada du Si\u00e8cle (1999), Armada Rouen (2003), Armada 2008, Armada 2013, Armada 2019. At the end of ten days of stopover and celebration in Rouen, the boats descend the Seine, and just after the passage under the magnificent Normandy bridge, they find the sea off the Havre and Honfleur, in the splendour of the lights of the setting sun.\r","authors":["Jo\u00ebl Douillet"],"category_codes":["6000000","6070000","6070200","6070205"],"visuals":{"large":"https:\/\/images.epagine.fr\/942\/9782322132942_1_75.jpg","medium":"https:\/\/images.epagine.fr\/942\/9782322132942_1_m.jpg","thumbnail":"https:\/\/images.epagine.fr\/942\/9782322132942_1_v.jpg"},"orderable":true,"show_badge":true,"formatted_price":"19,90&nbsp;\u20ac","formatted_published_date":"30 juillet 2019","publisher_availability_label":"Sur commande","short_details":"Jo\u00ebl Douillet \u2014 Books on Demand","translator":null,"weight":501,"page_count":48,"readership":null,"editor":"Books on Demand","price":1990,"published_date":"2019-07-29T22:00:00.000000Z","support":"Grand format","publisher_availability":1,"stock":0,"editions":[],"url":"https:\/\/quaidesbrumes.com\/ouvrage\/9782322132942\/navires-et-grands-voiliers-sur-la-seine-a-honfleur-military-ships-and-tall-ships-on-the-seine-in-honfleur-normandy-france"},{"id":"9783868325140","title":"Bilderkriegerin","description":null,"authors":["Niedringhaus Anja"],"category_codes":["6000000","6070000","6070200"],"visuals":{"large":"https:\/\/quaidesbrumes.com\/img\/book-placeholder.png","medium":"https:\/\/quaidesbrumes.com\/img\/book-placeholder.png","thumbnail":"https:\/\/quaidesbrumes.com\/img\/book-placeholder.png"},"orderable":true,"show_badge":true,"formatted_price":"30,00&nbsp;\u20ac","formatted_published_date":"1er mars 2019","publisher_availability_label":"Sur commande","short_details":"Niedringhaus Anja \u2014 Wienand","translator":null,"weight":601,"page_count":null,"readership":null,"editor":"Wienand","price":3000,"published_date":"2019-02-28T23:00:00.000000Z","support":"Grand format","publisher_availability":1,"stock":0,"editions":[],"url":"https:\/\/quaidesbrumes.com\/ouvrage\/9783868325140\/bilderkriegerin"},{"id":"9788867493920","title":"Tehran","description":"En 2018, Giovanna Silva a photographi\u00e9 les rues de T\u00e9h\u00e9ran et a rassembl\u00e9 des documents d'archives issus de l'ambassade am\u00e9ricaine dans la capitale de la R\u00e9publique islamique. Les images constituent un r\u00e9cit stratifi\u00e9 qui rencontre les mots de Hamed Khosravi, dont la contribution s'inscrit dans une recherche sur les mouvements sociaux et leur relation avec l'architecture.\r","authors":["Hamed Khosravi","Giovanna Silva"],"category_codes":["6000000","6070000","6070200","6070201"],"visuals":{"large":"https:\/\/images.epagine.fr\/920\/9788867493920_1_75.jpg","medium":"https:\/\/images.epagine.fr\/920\/9788867493920_1_m.jpg","thumbnail":"https:\/\/images.epagine.fr\/920\/9788867493920_1_v.jpg"},"orderable":true,"show_badge":true,"formatted_price":"22,00&nbsp;\u20ac","formatted_published_date":"12 septembre 2019","publisher_availability_label":"Sur commande","short_details":"Hamed Khosravi, Giovanna Silva \u2014 Mousse Publishing","translator":null,"weight":460,"page_count":188,"readership":null,"editor":"Mousse Publishing","price":2200,"published_date":"2019-09-11T22:00:00.000000Z","support":"Grand format","publisher_availability":1,"stock":0,"editions":[],"url":"https:\/\/quaidesbrumes.com\/ouvrage\/9788867493920\/tehran"},{"id":"9791091490443","title":"En court : variations sur la premi\u00e8re image","description":"Soit une invitation \u00e0 se retourner vers le temps d'une origine, vers un premier regard, vers une premi\u00e8re image.\r\nSoit dix artistes et cin\u00e9astes, dix films courts, dix travers\u00e9es.\r\nSoit un paradis, la temp\u00eate, un tableau, des po\u00e8mes, des fleurs, la mort, le cin\u00e9ma, des enfants, des visions, de la musique, Ath\u00e8nes, une qu\u00eate, deux qu\u00eates, un cercle.\r\nSoit une branche de lilas blanc.\r\nSoit des contributions textuelles in\u00e9dites de Mali Arun, Isma\u00efl Bahri, Hicham Berrada, Jean Breschand, Alexandre Castant, Agn\u00e8s de Cayeux, Antoine Danis, Ma\u00efder Fortun\u00e9, Ana Maria Gomes, Daphn\u00e9 H\u00e9r\u00e9takis, Joachim Olender, Cl\u00e9ment Postec, Dania Reymond, qui sont autant de variations sur \u00ab la premi\u00e8re image \u00bb.\r\nLa Premi\u00e8re Image est une commande publique du Centre national des arts plastiques et du Grec - Groupe de recherches et d'essais cin\u00e9matographiques, produite par le Grec, avec le soutien du Centre national du cin\u00e9ma et de l'image anim\u00e9e.\r","authors":["Collectif"],"category_codes":["6000000","6070000","6070300","6070304"],"visuals":{"large":"https:\/\/images.epagine.fr\/443\/9791091490443_1_75.jpg","medium":"https:\/\/images.epagine.fr\/443\/9791091490443_1_m.jpg","thumbnail":"https:\/\/images.epagine.fr\/443\/9791091490443_1_v.jpg"},"orderable":true,"show_badge":true,"formatted_price":"20,00&nbsp;\u20ac","formatted_published_date":"12 juin 2019","publisher_availability_label":"Sur commande","short_details":"Collectif \u2014 Apres","translator":null,"weight":320,"page_count":128,"readership":null,"editor":"Apres","price":2000,"published_date":"2019-06-11T22:00:00.000000Z","support":"Livre + DVD","publisher_availability":1,"stock":0,"editions":[],"url":"https:\/\/quaidesbrumes.com\/ouvrage\/9791091490443\/en-court-variations-sur-la-premiere-image"},{"id":"9782940570799","title":"Amor fati","description":"Un film noir brod\u00e9 de fil rouge. Premi\u00e8re sc\u00e8ne, un orage se pr\u00e9pare. Des uppercuts galopent au-dessus d'un parking. Le d\u00e9cor est pos\u00e9. La descente aux enfers peut commencer. Fil blanc, sutures spectrales gravitant autour d'une blessure. Longue comme une route. Ronde comme un cirque. Profonde comme la nuit. Tous les parents sont des monstres, des assassins. Cavale. Radio. Hallucinations. Flashback. Deux adolescents. Blade paum\u00e9 et \u00e9nerv\u00e9, Stella libre et incandescente. Fil d'or, paillettes qui dansent. Dix couteaux s'envolent dans l'espace. Les uns apr\u00e8s les autres. Stella dispara\u00eet. R\u00e9apparait. Dispara\u00eet. Le temps s'acc\u00e9l\u00e8re. Un poids lourd passe en trombe en klaxonnant.\r\nQuatri\u00e8me opus de la collection So\/So, Amor Fati r\u00e9unit le po\u00e8te Flynn Maria Bergmann et la plasticienne Liliana Gassiot. Ces deux-l\u00e0 se devaient de faire un livre ensemble. Il \u00e9crit avec ses couilles. Poing. Elle brode avec ses entrailles. Point zigzag.\r\nTexte, textile. Obsession. Film, fil. Contrepoint. Broder, c'est dissimuler un secret. Orthographier, c'est s'exiler loin d'Eros. Oublier, c'est renier Dieu. Coudre, c'est hurler en silence.\r","authors":["Flynn maria Bergmann"],"category_codes":["6000000","6070000","6070300"],"visuals":{"large":"https:\/\/images.epagine.fr\/799\/9782940570799_1_75.jpg","medium":"https:\/\/images.epagine.fr\/799\/9782940570799_1_m.jpg","thumbnail":"https:\/\/images.epagine.fr\/799\/9782940570799_1_v.jpg"},"orderable":true,"show_badge":true,"formatted_price":"25,00&nbsp;\u20ac","formatted_published_date":"10 janvier 2020","publisher_availability_label":"Sur commande","short_details":"Flynn maria Bergmann \u2014 Art Et Fiction","translator":null,"weight":80,"page_count":96,"readership":null,"editor":"Art Et Fiction","price":2500,"published_date":"2020-01-09T23:00:00.000000Z","support":"Grand format","publisher_availability":1,"stock":0,"editions":[],"url":"https:\/\/quaidesbrumes.com\/ouvrage\/9782940570799\/amor-fati"}]}