{"data":[{"id":"9782322118793","title":"Fyrom downtown","description":"Fran\u00e7ais \/\/ FYROM downtown est le point d'orgue d'un reportage photographique effectu\u00e9 dans l'ancienne Yougoslavie, plus pr\u00e9cis\u00e9ment en R\u00e9publique de Mac\u00e9doine. Il est structur\u00e9 en quatre sections, consacr\u00e9es aux villes de Tetovo, Kumanovo, Veles et Skopje.\r\n\r\nEn s'\u00e9cartant volontairement des sites pittoresques ou touristiques, qu'ils soient naturels ou \u00e0 fort potentiel architectural, FYROM downtown pr\u00e9sente une Mac\u00e9doine urbaine inattendue et surprenante, r\u00e9v\u00e9l\u00e9e par un regard singulier qui s'aventure notamment au coeur de lieux \u00e9tranges, vides ou abandonn\u00e9s.\r\nLes espaces du r\u00e9el, pourtant empreints du quotidien, sont ici transform\u00e9s en vecteurs d'abstraction : les \u00e9l\u00e9ments, lignes et textures issus de la mati\u00e8re physique acqui\u00e8rent un sens nouveau et constituent des repr\u00e9sentations graphiques au sens esth\u00e9tique insoup\u00e7onn\u00e9.\r\nLes associations de photographies, qui composent des facettes urbaines in\u00e9dites, participent \u00e0 l'interrogation du monde tangible. La d\u00e9licate imbrication de ces visions fragment\u00e9es recompose une Mac\u00e9doine sans fard, brute et authentique.\r\n\r\n\r\nEnglish \/\/ FYROM downtown is the culmination of a photographic journey made in the Former Yugoslav Republic of Macedonia (FYROM). It is structured in four sections, dedicated to the cities of Tetovo, Kumanovo, Veles and Skopje.\r\n\r\nBy voluntarily moving away from picturesque or tourist sites, whether natural or with high architectural potential, FYROM downtown presents an unexpected and surprising urban Macedonia, revealed by a singular look that ventures particularly into the heart of strange, empty or abandoned places.\r\nThe spaces of reality, yet full of everyday life, are here transformed into axis of abstraction: the elements, lines and textures stemming from physical matter acquire a new meaning and establish graphic representations of an unsuspected aesthetic sense.\r\nThe combinations of photographs, which compose unprecedented urban facets, participate in the interrogation of the tangible world. The delicate interweaving of these fragmented visions reconstructs a raw and authentic Macedonia.\r","authors":["Clive Kodrii"],"category_codes":["6000000","6070000","6070200"],"visuals":{"large":"https:\/\/images.epagine.fr\/793\/9782322118793_1_75.jpg","medium":"https:\/\/images.epagine.fr\/793\/9782322118793_1_m.jpg","thumbnail":"https:\/\/images.epagine.fr\/793\/9782322118793_1_v.jpg"},"orderable":true,"show_badge":true,"formatted_price":"49,90&nbsp;\u20ac","formatted_published_date":"6 avril 2018","publisher_availability_label":"Sur commande","short_details":"Clive Kodrii \u2014 Books on Demand","translator":null,"weight":1001,"page_count":200,"readership":null,"editor":"Books on Demand","price":4990,"published_date":"2018-04-05T22:00:00.000000Z","support":"Grand format","publisher_availability":1,"stock":0,"editions":[],"url":"https:\/\/quaidesbrumes.com\/ouvrage\/9782322118793\/fyrom-downtown"},{"id":"9782322119943","title":"Laquelle est la vraie ?","description":"A partir de diff\u00e9rentes images d'un m\u00eame visage f\u00e9minin, l'auteur nous donne \u00e0 la fois un recueil de m\u00e9ditations et de r\u00eaveries, une enqu\u00eate sur le fonctionnement du langage, un manuel de photographie, un trait\u00e9 d'esth\u00e9tique, et un petit roman policier de l'identit\u00e9.\r\nLes Notes finales initient \u00e0 l'intertextualit\u00e9 du discours, et les Cl\u00e9s r\u00e9pondent aux questions de stylistique, d'esth\u00e9tique et d'anthropologie qu'on pourra ici se poser.\r","authors":["Michel Th\u00e9ron"],"category_codes":["6000000","6070000","6070200","6070204"],"visuals":{"large":"https:\/\/images.epagine.fr\/943\/9782322119943_1_75.jpg","medium":"https:\/\/images.epagine.fr\/943\/9782322119943_1_m.jpg","thumbnail":"https:\/\/images.epagine.fr\/943\/9782322119943_1_v.jpg"},"orderable":true,"show_badge":true,"formatted_price":"18,00&nbsp;\u20ac","formatted_published_date":"10 avril 2018","publisher_availability_label":"Sur commande","short_details":"Michel Th\u00e9ron \u2014 Books on Demand","translator":null,"weight":201,"page_count":292,"readership":null,"editor":"Books on Demand","price":1800,"published_date":"2018-04-09T22:00:00.000000Z","support":"Grand format","publisher_availability":1,"stock":0,"editions":[],"url":"https:\/\/quaidesbrumes.com\/ouvrage\/9782322119943\/laquelle-est-la-vraie"},{"id":"9782019232726","title":"Proc\u00e9d\u00e9s photographiques aux couleurs d'aniline, application sur vitraux, sur nacre et sur ivoire","description":"Proc\u00e9d\u00e9s photographiques aux couleurs d'aniline, application sur vitraux, sur nacre et sur ivoire, par Geymet\r\nDate de l'\u00e9dition originale : 1888\r\n\r\nLe pr\u00e9sent ouvrage s'inscrit dans une politique de conservation patrimoniale des ouvrages de la litt\u00e9rature Fran\u00e7aise mise en place avec la BNF. \r\nHACHETTE LIVRE et la BNF proposent ainsi un catalogue de titres indisponibles, la BNF ayant num\u00e9ris\u00e9 ces oeuvres et HACHETTE LIVRE les imprimant \u00e0 la demande. \r\nCertains de ces ouvrages refl\u00e8tent des courants de pens\u00e9e caract\u00e9ristiques  de leur \u00e9poque, mais qui seraient aujourd'hui jug\u00e9s condamnables. \r\nIls n'en appartiennent pas moins \u00e0 l'histoire des id\u00e9es en France et sont susceptibles de pr\u00e9senter un int\u00e9r\u00eat scientifique ou historique. \r\nLe sens de notre d\u00e9marche \u00e9ditoriale consiste ainsi \u00e0 permettre l'acc\u00e8s \u00e0 ces oeuvres sans pour autant que nous en cautionnions en aucune fa\u00e7on le contenu. \r\nPour plus d'informations, rendez-vous sur www.hachettebnf.fr","authors":["Geymet Theophile"],"category_codes":["6000000","6070000","6070200"],"visuals":{"large":"https:\/\/images.epagine.fr\/726\/9782019232726_1_75.jpg","medium":"https:\/\/images.epagine.fr\/726\/9782019232726_1_m.jpg","thumbnail":"https:\/\/images.epagine.fr\/726\/9782019232726_1_v.jpg"},"orderable":true,"show_badge":true,"formatted_price":"16,50&nbsp;\u20ac","formatted_published_date":"1er mars 2018","publisher_availability_label":"Sur commande","short_details":"Geymet Theophile \u2014 Hachette BNF","translator":null,"weight":180,"page_count":120,"readership":null,"editor":"Hachette BNF","price":1650,"published_date":"2018-02-28T23:00:00.000000Z","support":"Grand format","publisher_availability":1,"stock":0,"editions":[],"url":"https:\/\/quaidesbrumes.com\/ouvrage\/9782019232726\/procedes-photographiques-aux-couleurs-daniline-application-sur-vitraux-sur-nacre-et-sur-ivoire"},{"id":"9782367601496","title":"Aux royaumes des insoumis","description":"Ce livre est un t\u00e9moignage unique. Il raconte en mots et en images comment, de 1979 \u00e0 1989, les Afghans ont r\u00e9sist\u00e9 \u00e0 l'invasion de leur pays par l'Arm\u00e9e Rouge. Un \u00e9v\u00e8nement majeur du XXe si\u00e8cle, \u00e0 l'origine de tous les grands bouleversements qui ont model\u00e9 le monde d'aujourd'hui. La d\u00e9faite russe pr\u00e9cipitera en effet la fin du communisme, marquera le d\u00e9but de l'h\u00e9g\u00e9monie am\u00e9ricaine et la mont\u00e9e de l'islamisme radical.\r\nPascal Manoukian \u00e9quip\u00e9 de son bo\u00eetier argentique a arpent\u00e9 ce pays durant une d\u00e9cennie.\r","authors":["Pascal Manoukian"],"category_codes":["6000000","6070000","6070200"],"visuals":{"large":"https:\/\/images.epagine.fr\/496\/9782367601496_1_75.jpg","medium":"https:\/\/images.epagine.fr\/496\/9782367601496_1_m.jpg","thumbnail":"https:\/\/images.epagine.fr\/496\/9782367601496_1_v.jpg"},"orderable":true,"show_badge":true,"formatted_price":"15,00&nbsp;\u20ac","formatted_published_date":"11 octobre 2018","publisher_availability_label":"Sur commande","short_details":"Pascal Manoukian \u2014 ERICK BONNIER","translator":null,"weight":333,"page_count":126,"readership":null,"editor":"ERICK BONNIER","price":1500,"published_date":"2018-10-10T22:00:00.000000Z","support":"Grand format","publisher_availability":1,"stock":0,"editions":[],"url":"https:\/\/quaidesbrumes.com\/ouvrage\/9782367601496\/aux-royaumes-des-insoumis"},{"id":"9783962033385","title":"South African Queer Cinema: 1985-2003","description":"This book is the result of more than three decades of in-depth research regarding the representation of gays and lesbians in African, Asian and Latin American cinema. The study consists of a contextualisation and analysis of South African Queer features, as well as selected short films and documentaries.","authors":["Martin Botha"],"category_codes":["6000000","6070000","6070300"],"visuals":{"large":"https:\/\/images.epagine.fr\/385\/9783962033385_1_75.jpg","medium":"https:\/\/images.epagine.fr\/385\/9783962033385_1_m.jpg","thumbnail":"https:\/\/images.epagine.fr\/385\/9783962033385_1_v.jpg"},"orderable":true,"show_badge":true,"formatted_price":"46,00&nbsp;\u20ac","formatted_published_date":"28 d\u00e9cembre 2023","publisher_availability_label":"Sur commande","short_details":"Martin Botha \u2014 GALDA VERLAG","translator":null,"weight":180,"page_count":100,"readership":null,"editor":"GALDA VERLAG","price":4600,"published_date":"2023-12-27T23:00:00.000000Z","support":"Grand format","publisher_availability":1,"stock":0,"editions":[],"url":"https:\/\/quaidesbrumes.com\/ouvrage\/9783962033385\/south-african-queer-cinema-1985-2003"},{"id":"9782322119882","title":"Invitation \u00e0 la photographie","description":"Ce livre est une invitation \u00e0 construire et cr\u00e9er vos propres photographies, \u00e0 partir d'exemples sur des th\u00e8mes et sujets que vous avez d\u00e9j\u00e0 explor\u00e9s ou non.\r\nDes exemples comme point de d\u00e9part pour stimuler votre curiosit\u00e9 et votre cr\u00e9ativit\u00e9 et vous donner l'envie d'aller \"plus loin\".  \r\nIl est illustr\u00e9 par plus de 200 photos, avec leurs caract\u00e9ristiques en fin d'ouvrage et r\u00e9alis\u00e9es essentiellement avec du mat\u00e9riel Nikon\/Nikkor.\r\nLes techniques ne sont pas expliqu\u00e9es ; vous les trouverez facilement dans la litt\u00e9rature sp\u00e9cialis\u00e9e ou sur le web.\r","authors":["Thierry Grohando"],"category_codes":["6000000","6070000","6070200"],"visuals":{"large":"https:\/\/images.epagine.fr\/882\/9782322119882_1_75.jpg","medium":"https:\/\/images.epagine.fr\/882\/9782322119882_1_m.jpg","thumbnail":"https:\/\/images.epagine.fr\/882\/9782322119882_1_v.jpg"},"orderable":true,"show_badge":true,"formatted_price":"24,00&nbsp;\u20ac","formatted_published_date":"23 avril 2018","publisher_availability_label":"Sur commande","short_details":"Thierry Grohando \u2014 Books on Demand","translator":null,"weight":501,"page_count":104,"readership":null,"editor":"Books on Demand","price":2400,"published_date":"2018-04-22T22:00:00.000000Z","support":"Grand format","publisher_availability":1,"stock":0,"editions":[],"url":"https:\/\/quaidesbrumes.com\/ouvrage\/9782322119882\/invitation-a-la-photographie"},{"id":"9782322122554","title":"Trois faces, drei gesichter, three faces ; photographies, photographien, photographies","description":"Trois Faces Drei Gesichter Three Faces Cet ouvrage retrace l'exposition photographique \u00e9ponyme vue par pr\u00e8s de 50 000 visiteurs \u00e0 ce jour.\r\n\r\n44 photos extraordinaires, certaines prises en infrarouge noir et blanc, abordent les diverses faces de la nature et des hommes, soulign\u00e9s par des textes qui nous questionnent sur la vie et la mort, l'\u00eatre et le n\u00e9ant, l'amour et la col\u00e8re, la joie et la tristesse.\r\n\r\nRegards sur l'exposition :\r\n\r\n\"Alors que la vie est un jeu attrayant avec le monde, les photographes usent de magie pour parvenir \u00e0 stopper la marche du monde et le regarder en face.\" \"Visokni Zamok\" Lviv, Ukraine \"Une belle exposition qui stimule la r\u00e9flexion sur la vie et la nature.\" A. d'Italie \"Technique impressionnante et t\u00e9m\u00e9rit\u00e9 du photographe qui a photographi\u00e9 sans crainte de telles manifestations naturelles.\" N. d'Ukraine \"Ces Trois Faces sont les visages d'un monde des extr\u00eames travers\u00e9 par la vie. Des \u00e9crits ou des photos peuvent raconter de tels \u00e9v\u00e9nements mais c'est uniquement gr\u00e2ce \u00e0 la relation entre le texte et l'image que l'on comprend l'indivisibilit\u00e9 et le dynamisme de la vie.\" Anonyme. Ukraine \"De grandes photographies, des instants int\u00e9ressants pour une r\u00e9flexion philosophique.\" S. d'Allemagne Tous les textes du livre en fran\u00e7ais, allemand et anglais\r","authors":["Bernhard Conrad","Christian Holveck"],"category_codes":["6000000","6070000","6070200"],"visuals":{"large":"https:\/\/images.epagine.fr\/554\/9782322122554_1_75.jpg","medium":"https:\/\/images.epagine.fr\/554\/9782322122554_1_m.jpg","thumbnail":"https:\/\/images.epagine.fr\/554\/9782322122554_1_v.jpg"},"orderable":true,"show_badge":true,"formatted_price":"42,99&nbsp;\u20ac","formatted_published_date":"18 mai 2018","publisher_availability_label":"Sur commande","short_details":"Bernhard Conrad, Christian Holveck \u2014 Books on Demand","translator":null,"weight":1047,"page_count":120,"readership":null,"editor":"Books on Demand","price":4299,"published_date":"2018-05-17T22:00:00.000000Z","support":"Grand format","publisher_availability":1,"stock":0,"editions":[],"url":"https:\/\/quaidesbrumes.com\/ouvrage\/9782322122554\/trois-faces-drei-gesichter-three-faces-photographies-photographien-photographies"},{"id":"9782322122660","title":"Fant\u00f4mes de nos m\u00e9moires","description":"Un espace-temps s'ouvre. Un fant\u00f4me revient visiter le domaine de Pagny-le-Ch\u00e2teau. C'est le pr\u00e9texte qu'a choisi Claude Journu pour mettre en valeur, \u00e0 travers ses images, la beaut\u00e9 et la magie de ces lieux. On se prom\u00e8ne avec le fant\u00f4me dans une for\u00eat myst\u00e9rieuse peupl\u00e9e d'arbres morts, de lianes, de ronces. Le fant\u00f4me apparait dans la chapelle ce qui permet d'admirer les sculptures, les pierres, les d\u00e9cors qui t\u00e9moignent de la vie des si\u00e8cles pass\u00e9s. Cathy Sottas, com\u00e9dienne, s'est pr\u00eat\u00e9e au jeu photographique et a \u00e9crit les textes qui accompagnent cette d\u00e9ambulation dans le domaine.\r","authors":["Claude Journu","Cathy Sottas"],"category_codes":["6000000","6070000","6070200"],"visuals":{"large":"https:\/\/images.epagine.fr\/660\/9782322122660_1_75.jpg","medium":"https:\/\/images.epagine.fr\/660\/9782322122660_1_m.jpg","thumbnail":"https:\/\/images.epagine.fr\/660\/9782322122660_1_v.jpg"},"orderable":true,"show_badge":true,"formatted_price":"39,50&nbsp;\u20ac","formatted_published_date":"22 mai 2018","publisher_availability_label":"Sur commande","short_details":"Claude Journu, Cathy Sottas \u2014 Books on Demand","translator":null,"weight":478,"page_count":60,"readership":null,"editor":"Books on Demand","price":3950,"published_date":"2018-05-21T22:00:00.000000Z","support":"Grand format","publisher_availability":1,"stock":0,"editions":[],"url":"https:\/\/quaidesbrumes.com\/ouvrage\/9782322122660\/fantomes-de-nos-memoires"},{"id":"9782322123070","title":"Observations et photographies Tome 1 ; photographies enneig\u00e9es","description":"En grandissant, je me suis rendu compte que j'adorais prendre des photos, \u00e0 tous moments, en tous lieux.\r\nJe pourrais passer des heures \u00e0 observer les paysages, mon environnement.\r\nJ'ai d\u00e9cid\u00e9 de partager mes photos personnelles, celles par temps enneig\u00e9s.\r","authors":["Matthieu Meriot"],"category_codes":["6000000","6070000","6070200"],"visuals":{"large":"https:\/\/images.epagine.fr\/070\/9782322123070_1_75.jpg","medium":"https:\/\/images.epagine.fr\/070\/9782322123070_1_m.jpg","thumbnail":"https:\/\/images.epagine.fr\/070\/9782322123070_1_v.jpg"},"orderable":true,"show_badge":true,"formatted_price":"7,50&nbsp;\u20ac","formatted_published_date":"23 mai 2018","publisher_availability_label":"Sur commande","short_details":"Matthieu Meriot \u2014 Books on Demand","translator":null,"weight":79,"page_count":36,"readership":null,"editor":"Books on Demand","price":750,"published_date":"2018-05-22T22:00:00.000000Z","support":"Grand format","publisher_availability":1,"stock":0,"editions":[],"url":"https:\/\/quaidesbrumes.com\/ouvrage\/9782322123070\/observations-et-photographies-tome-1-photographies-enneigees"},{"id":"9782322144808","title":"Intime \u00e9chapp\u00e9e","description":"Invitation \u00e0 un grand voyage au coeur de l'intime. L\u00e0 o\u00f9, sur le  chemin vers les rivages abandonn\u00e9s du plus profond de ce que  nous sommes se font entendre parfois, fr\u00eales, d\u00e9licates, lancinantes,  les notes souffl\u00e9es de la fl\u00fbte du dieu Pan...\r\nIntime partition d'une fugue qui m\u00eale et entrelace l'\u00e9clat musical des images, le mouvement dans\u00e9 des corps, la chair, des \u00e2mes et le pas funambule des mots.\r","authors":["Claude Journu"],"category_codes":["6000000","6070000","6070200"],"visuals":{"large":"https:\/\/images.epagine.fr\/808\/9782322144808_1_75.jpg","medium":"https:\/\/images.epagine.fr\/808\/9782322144808_1_m.jpg","thumbnail":"https:\/\/images.epagine.fr\/808\/9782322144808_1_v.jpg"},"orderable":true,"show_badge":true,"formatted_price":"54,50&nbsp;\u20ac","formatted_published_date":"29 juin 2018","publisher_availability_label":"Sur commande","short_details":"Claude Journu \u2014 Books on Demand","translator":null,"weight":1101,"page_count":108,"readership":null,"editor":"Books on Demand","price":5450,"published_date":"2018-06-28T22:00:00.000000Z","support":"Grand format","publisher_availability":1,"stock":0,"editions":[],"url":"https:\/\/quaidesbrumes.com\/ouvrage\/9782322144808\/intime-echappee"},{"id":"9782343152752","title":"L'imaginaire du chemin de fer dans le western americain ; essai sur un mythe cin\u00e9matographique","description":"\"Se penchant sur l imaginaire du western classique am\u00e9ricain, ce livre propose une lecture narrative et mythologique des films relatant la construction d un chemin de fer (Railroad Buildind Story). Ces films constituent un sous-genre du western \u00e0 part enti\u00e8re. Celui-ci parcourt toute la grande \u00e9poque du western classique sous le signe hautement patriotique qu est le chemin de fer. Sous ces r\u00e9cits se d\u00e9couvre une matrice narrative d une coh\u00e9rence insoup\u00e7onn\u00e9e, v\u00e9ritable mythe de la nation am\u00e9ricaine tirant ses sources dans son histoire.\"\r","authors":["Guillaume Lavoie"],"category_codes":["6000000","6070000","6070300","6070304"],"visuals":{"large":"https:\/\/images.epagine.fr\/752\/9782343152752_1_75.jpg","medium":"https:\/\/images.epagine.fr\/752\/9782343152752_1_m.jpg","thumbnail":"https:\/\/images.epagine.fr\/752\/9782343152752_1_v.jpg"},"orderable":true,"show_badge":true,"formatted_price":"29,00&nbsp;\u20ac","formatted_published_date":"5 juillet 2018","publisher_availability_label":"Sur commande","short_details":"Guillaume Lavoie \u2014 \u00c9ditions L'Harmattan","translator":null,"weight":323,"page_count":268,"readership":null,"editor":"\u00c9ditions L'Harmattan","price":2900,"published_date":"2018-07-04T22:00:00.000000Z","support":"Grand format","publisher_availability":1,"stock":0,"editions":[],"url":"https:\/\/quaidesbrumes.com\/ouvrage\/9782343152752\/limaginaire-du-chemin-de-fer-dans-le-western-americain-essai-sur-un-mythe-cinematographique"},{"id":"9781452163857","title":"They drew as they pleased Tome 4 : hidden art of Disney's midcentury era","description":null,"authors":["Collectif"],"category_codes":["6000000","6070000","6070300"],"visuals":{"large":"https:\/\/images.epagine.fr\/857\/9781452163857_1_75.jpg","medium":"https:\/\/images.epagine.fr\/857\/9781452163857_1_m.jpg","thumbnail":"https:\/\/images.epagine.fr\/857\/9781452163857_1_v.jpg"},"orderable":true,"show_badge":true,"formatted_price":"53,00&nbsp;\u20ac","formatted_published_date":"1er septembre 2018","publisher_availability_label":"Sur commande","short_details":"Collectif \u2014 CHRONICLE BOOKS","translator":null,"weight":0,"page_count":null,"readership":null,"editor":"CHRONICLE BOOKS","price":5300,"published_date":"2018-08-31T22:00:00.000000Z","support":"Grand format","publisher_availability":1,"stock":0,"editions":[],"url":"https:\/\/quaidesbrumes.com\/ouvrage\/9781452163857\/they-drew-as-they-pleased-tome-4-hidden-art-of-disneys-midcentury-era"},{"id":"9788867493487","title":"17 april 1975 ; a cambodian journey","description":"La photographe Giovanna Silva et l'\u00e9crivain Peter Fr\u00f6eberg Idling retracent l'histoire du Cambodge, \u00e0 travers un r\u00e9cit fictionnel et personnel. Les photographies de paysages urbains du Phnom Penh d'aujourd'hui prennent une dimension singuli\u00e8re en regard de ruines des temples khmers, dans une impression de vide et d'abandon renvoyant \u00e0 l'invasion de Phnom Penh par les Khmers rouges en 1975. \r\n\r\nBas\u00e9e \u00e0 Milan, Giovanna Silva est photographe (elle a expos\u00e9 son travail sur la ville de Bogot\u00e0 \u00e0 la Biennale de Venise en 2006), \u00e9crivain (auteur de Desertions, une chronique d'un voyage aux Etats-Unis avec le designer Enzo Mari) et \u00e9ditrice (elle est la fondatrice et directrice des \u00e9ditions Humboldt Books). Elle collabore avec de nombreux magazines et revues (Domus, Abitare, Doppiozero). Elle a \u00e9galement publi\u00e9 Orantes (Quodlibet, 2011) et Narratives \/ Relazioni: Baghdad, Green Zone, Red Zone, Babylon (Mousse Publishing, 2012). \r\n\r\n Peter Fr\u00f6berg Idling (n\u00e9 en 1972 \u00e0 Stockholm) est un \u00e9crivain et romancier su\u00e9dois. Il est principalement connu pour son ouvrage sur le leader cambodgien Pol Pot, Pol Pots leende (2006). \r\n\r\n Voir aussi Giovanna Silva ; Emanuele Trevi & Giovanna Silva.\r","authors":["Silva & Idling"],"category_codes":["6000000","6070000","6070200","6070207"],"visuals":{"large":"https:\/\/images.epagine.fr\/487\/9788867493487_1_75.jpg","medium":"https:\/\/images.epagine.fr\/487\/9788867493487_1_m.jpg","thumbnail":"https:\/\/images.epagine.fr\/487\/9788867493487_1_v.jpg"},"orderable":true,"show_badge":true,"formatted_price":"20,00&nbsp;\u20ac","formatted_published_date":"1er juin 2018","publisher_availability_label":"Sur commande","short_details":"Silva & Idling \u2014 Mousse Publishing","translator":null,"weight":350,"page_count":112,"readership":null,"editor":"Mousse Publishing","price":2000,"published_date":"2018-05-31T22:00:00.000000Z","support":"Grand format","publisher_availability":1,"stock":0,"editions":[],"url":"https:\/\/quaidesbrumes.com\/ouvrage\/9788867493487\/17-april-1975-a-cambodian-journey"},{"id":"9782019306304","title":"La section photographique et artistique - de la direction generale des travaux geographiques du port","description":"La Section photographique et artistique de la direction g\u00e9n\u00e9rale des travaux g\u00e9ographiques du Portugal, par Jos\u00e9 Julio Rodrigues,...\r\nDate de l'\u00e9dition originale : 1877 Le pr\u00e9sent ouvrage s'inscrit dans une politique de conservation patrimoniale des ouvrages de la litt\u00e9rature Fran\u00e7aise mise en place avec la BNF.\r\nHACHETTE LIVRE et la BNF proposent ainsi un catalogue de titres indisponibles, la BNF ayant num\u00e9ris\u00e9 ces oeuvres et HACHETTE LIVRE les imprimant \u00e0 la demande.\r\nCertains de ces ouvrages refl\u00e8tent des courants de pens\u00e9e caract\u00e9ristiques de leur \u00e9poque, mais qui seraient aujourd'hui jug\u00e9s condamnables.\r\nIls n'en appartiennent pas moins \u00e0 l'histoire des id\u00e9es en France et sont susceptibles de pr\u00e9senter un int\u00e9r\u00eat scientifique ou historique.\r\nLe sens de notre d\u00e9marche \u00e9ditoriale consiste ainsi \u00e0 permettre l'acc\u00e8s \u00e0 ces oeuvres sans pour autant que nous en cautionnions en aucune fa\u00e7on le contenu.\r\nPour plus d'informations, rendez-vous sur www.hachettebnf.fr\r","authors":["Rodrigues"],"category_codes":["6000000","6070000","6070200"],"visuals":{"large":"https:\/\/images.epagine.fr\/304\/9782019306304_1_75.jpg","medium":"https:\/\/images.epagine.fr\/304\/9782019306304_1_m.jpg","thumbnail":"https:\/\/images.epagine.fr\/304\/9782019306304_1_v.jpg"},"orderable":true,"show_badge":true,"formatted_price":"9,50&nbsp;\u20ac","formatted_published_date":"1er juin 2018","publisher_availability_label":"Sur commande","short_details":"Rodrigues \u2014 Hachette BNF","translator":null,"weight":56,"page_count":null,"readership":null,"editor":"Hachette BNF","price":950,"published_date":"2018-05-31T22:00:00.000000Z","support":"Grand format","publisher_availability":1,"stock":0,"editions":[],"url":"https:\/\/quaidesbrumes.com\/ouvrage\/9782019306304\/la-section-photographique-et-artistique-de-la-direction-generale-des-travaux-geographiques-du-port"},{"id":"9780714877570","title":"Kate by Mario Sorrenti","description":"This gorgeously produced book features intimate, never-before-published portraits of a young and undiscovered Kate Moss, taken in the early 1990s by her then-boyfriend, Italian photographer Mario Sorrenti. Seen by Calvin Klein, the photographs gave life to the famous Obsession campaign, which launched Moss to international superstardom.\r\n\r\nSumptuously reproduced in tritone and presented in a cloth-covered clamshell box, Kate is a stunning photographic portfolio of one of contemporary culture's most iconic figures. It includes tipped-on images on the book and clamshell box's covers, plus an introductory essay by Sorrenti, which puts the work in its uniquely personal context.\r\n\r\nThis book, which celebrates the dawn of two legendary careers, and the start of the highly influential aesthetic of 1990s fashion photography, is a must-have for Kate Moss's fans, for fashion devotees, and for lovers of traditional portraiture and fashion photography.\r","authors":["Mario Sorrenti"],"category_codes":["6000000","6070000","6070200","6070205"],"visuals":{"large":"https:\/\/quaidesbrumes.com\/img\/book-placeholder.png","medium":"https:\/\/quaidesbrumes.com\/img\/book-placeholder.png","thumbnail":"https:\/\/quaidesbrumes.com\/img\/book-placeholder.png"},"orderable":true,"show_badge":true,"formatted_price":"850,00&nbsp;\u20ac","formatted_published_date":"20 ao\u00fbt 2018","publisher_availability_label":"Sur commande","short_details":"Mario Sorrenti \u2014 Phaidon Press","translator":null,"weight":0,"page_count":120,"readership":null,"editor":"Phaidon Press","price":85000,"published_date":"2018-08-19T22:00:00.000000Z","support":"Beaux-livres","publisher_availability":1,"stock":0,"editions":[],"url":"https:\/\/quaidesbrumes.com\/ouvrage\/9780714877570\/kate-by-mario-sorrenti"},{"id":"9782322147892","title":"R\u00e9paration Royer Savoy & Foca sport IB","description":"Les Royer Savoy et les Foca sont deux marques fran\u00e7aises qui sont tr\u00e8s int\u00e9ressantes. Ils sont \u00e0 la fois simples et complexes \u00e0 r\u00e9parer : les boitiers d'entr\u00e9e de gamme sont relativement faciles \u00e0 restaurer, mais plus vous montez en gamme, plus ils deviennent complexes, surtout en ce qui concerne le d\u00e9montage des objectifs.\r","authors":["Jean Bruno"],"category_codes":["6000000","6070000","6070200","6070208"],"visuals":{"large":"https:\/\/images.epagine.fr\/892\/9782322147892_1_75.jpg","medium":"https:\/\/images.epagine.fr\/892\/9782322147892_1_m.jpg","thumbnail":"https:\/\/images.epagine.fr\/892\/9782322147892_1_v.jpg"},"orderable":true,"show_badge":true,"formatted_price":"25,00&nbsp;\u20ac","formatted_published_date":"20 ao\u00fbt 2018","publisher_availability_label":"Sur commande","short_details":"Jean Bruno \u2014 Books on Demand","translator":null,"weight":501,"page_count":112,"readership":null,"editor":"Books on Demand","price":2500,"published_date":"2018-08-19T22:00:00.000000Z","support":"Grand format","publisher_availability":1,"stock":0,"editions":[],"url":"https:\/\/quaidesbrumes.com\/ouvrage\/9782322147892\/reparation-royer-savoy-foca-sport-ib"},{"id":"9782915150100","title":"Dark matter cinema tarot","description":"Coffret en \u00e9dition limit\u00e9e contenant un jeu de tarot divinatoire con\u00e7u par les cin\u00e9astes Silvia Maglioni et Graeme Thomson. Les cartes habituelles sont remplac\u00e9es par une s\u00e9lection de 78 photogrammes issus de l'histoire du cin\u00e9ma.\r\nLe Dark Matter Cinema Tarot est une technologie vernaculaire, un outil pour explorer collectivement les moyens par lesquels les images de cin\u00e9ma peuvent ouvrir de nouveaux canaux d'infra-perception, reliant les diff\u00e9rents champs d'exp\u00e9riences et d'enqu\u00eates du personnel, de l'esth\u00e9tique, du social et du politique. En concevant le DMC Tarot, Silvia Maglioni et Graeme Thomson ont remplac\u00e9 les Arcanes Majeurs et Mineurs par une s\u00e9lection de 78 photogrammes tir\u00e9s de l'histoire du cin\u00e9ma.\r\nLes r\u00e8gles du jeu sont assez simples : pour faire une lecture, vous devez former un \u00ab Comit\u00e9 Nocturne \u00bb (n'importe quel nombre de personnes, \u00e0 partir de 3). Un des participants pose une question au Tarot qui, potentiellement, peut concerner tout le monde, puis le groupe tente d'interpr\u00e9ter la r\u00e9ponse des cartes. Non plus li\u00e9s exclusivement \u00e0 leur fonctionne narrative, les images de cin\u00e9ma, suspendues entre contingence et fatalit\u00e9, r\u00e9fractent les questions qui leur sont pos\u00e9es. Chaque lecture forme un montage unique de gestes, de situations et de relations.\r","authors":["Silvia Maglioni","Graeme Thomson"],"category_codes":["6000000","6070000","6070300","6070301"],"visuals":{"large":"https:\/\/images.epagine.fr\/100\/9782915150100_1_75.jpg","medium":"https:\/\/images.epagine.fr\/100\/9782915150100_1_m.jpg","thumbnail":"https:\/\/images.epagine.fr\/100\/9782915150100_1_v.jpg"},"orderable":true,"show_badge":true,"formatted_price":"45,00&nbsp;\u20ac","formatted_published_date":"20 ao\u00fbt 2018","publisher_availability_label":"Sur commande","short_details":"Silvia Maglioni, Graeme Thomson \u2014 Laboratoires D'Aubervilliers","translator":null,"weight":0,"page_count":null,"readership":null,"editor":"Laboratoires D'Aubervilliers","price":4500,"published_date":"2018-08-19T22:00:00.000000Z","support":"Coffret \/ Bo&icirc;te","publisher_availability":1,"stock":0,"editions":[],"url":"https:\/\/quaidesbrumes.com\/ouvrage\/9782915150100\/dark-matter-cinema-tarot"},{"id":"9782019315634","title":"Galerie photographique et biographique des sauveteurs","description":"Galerie photographique et biographique des sauveteurs \/ [notices par Savinien Lapointe et Adolphe Boy\u00e9] Date de l'\u00e9dition originale : 1862 Le pr\u00e9sent ouvrage s'inscrit dans une politique de conservation patrimoniale des ouvrages de la litt\u00e9rature Fran\u00e7aise mise en place avec la BNF.\r\nHACHETTE LIVRE et la BNF proposent ainsi un catalogue de titres indisponibles, la BNF ayant num\u00e9ris\u00e9 ces oeuvres et HACHETTE LIVRE les imprimant \u00e0 la demande.\r\nCertains de ces ouvrages refl\u00e8tent des courants de pens\u00e9e caract\u00e9ristiques de leur \u00e9poque, mais qui seraient aujourd'hui jug\u00e9s condamnables.\r\nIls n'en appartiennent pas moins \u00e0 l'histoire des id\u00e9es en France et sont susceptibles de pr\u00e9senter un int\u00e9r\u00eat scientifique ou historique.\r\nLe sens de notre d\u00e9marche \u00e9ditoriale consiste ainsi \u00e0 permettre l'acc\u00e8s \u00e0 ces oeuvres sans pour autant que nous en cautionnions en aucune fa\u00e7on le contenu.\r\nPour plus d'informations, rendez-vous sur www.hachettebnf.fr\r","authors":["Lapointe Savinien"],"category_codes":["6000000","6070000","6070200"],"visuals":{"large":"https:\/\/images.epagine.fr\/634\/9782019315634_1_75.jpg","medium":"https:\/\/images.epagine.fr\/634\/9782019315634_1_m.jpg","thumbnail":"https:\/\/images.epagine.fr\/634\/9782019315634_1_v.jpg"},"orderable":true,"show_badge":true,"formatted_price":"9,50&nbsp;\u20ac","formatted_published_date":"1er juin 2018","publisher_availability_label":"Sur commande","short_details":"Lapointe Savinien \u2014 Hachette BNF","translator":null,"weight":43,"page_count":null,"readership":null,"editor":"Hachette BNF","price":950,"published_date":"2018-05-31T22:00:00.000000Z","support":"Grand format","publisher_availability":1,"stock":0,"editions":[],"url":"https:\/\/quaidesbrumes.com\/ouvrage\/9782019315634\/galerie-photographique-et-biographique-des-sauveteurs"},{"id":"9782329072456","title":"Les r\u00e9cr\u00e9ations photographiques","description":"Les r\u00e9cr\u00e9ations photographiques (1re \u00e9dition) \/ par A. Bergeret et F. Drouin,...\r\nDate de l'\u00e9dition originale : 1891\r\n\r\nLe pr\u00e9sent ouvrage s'inscrit dans une politique de conservation patrimoniale des ouvrages de la litt\u00e9rature Fran\u00e7aise mise en place avec la BNF. \r\nHACHETTE LIVRE et la BNF proposent ainsi un catalogue de titres indisponibles, la BNF ayant num\u00e9ris\u00e9 ces oeuvres et HACHETTE LIVRE les imprimant \u00e0 la demande. \r\nCertains de ces ouvrages refl\u00e8tent des courants de pens\u00e9e caract\u00e9ristiques de leur \u00e9poque, mais qui seraient aujourd'hui jug\u00e9s condamnables. \r\nIls n'en appartiennent pas moins \u00e0 l'histoire des id\u00e9es en France et sont susceptibles de pr\u00e9senter un int\u00e9r\u00eat scientifique ou historique. \r\nLe sens de notre d\u00e9marche \u00e9ditoriale consiste ainsi \u00e0 permettre l'acc\u00e8s \u00e0 ces oeuvres sans pour autant que nous en cautionnions en aucune fa\u00e7on le contenu. \r\nPour plus d'informations, rendez-vous sur www.hachettebnf.fr","authors":["Bergeret Albert"],"category_codes":["6000000","6070000","6070200"],"visuals":{"large":"https:\/\/images.epagine.fr\/456\/9782329072456_1_75.jpg","medium":"https:\/\/images.epagine.fr\/456\/9782329072456_1_m.jpg","thumbnail":"https:\/\/images.epagine.fr\/456\/9782329072456_1_v.jpg"},"orderable":true,"show_badge":true,"formatted_price":"11,90&nbsp;\u20ac","formatted_published_date":"1er septembre 2018","publisher_availability_label":"Sur commande","short_details":"Bergeret Albert \u2014 Hachette BNF","translator":null,"weight":99,"page_count":70,"readership":null,"editor":"Hachette BNF","price":1190,"published_date":"2018-08-31T22:00:00.000000Z","support":"Grand format","publisher_availability":1,"stock":0,"editions":[],"url":"https:\/\/quaidesbrumes.com\/ouvrage\/9782329072456\/les-recreations-photographiques"},{"id":"9782329090511","title":"Des papiers photographiques, proc\u00e9d\u00e9s de M. Blanquart-\u00c9vrard et autres","description":"Des papiers photographiques, proc\u00e9d\u00e9s de M. Blanquart-\u00c9vrard et autres \/ avec notes de N. P. Lerebours  http:\/\/gallica.bnf.fr\/ark:\/12148\/bpt6k8510084. Le pr\u00e9sent ouvrage s'inscrit dans une politique de conservation patrimoniale des ouvrages de la litt\u00e9rature Fran\u00e7aise mise en place avec la BNF. HACHETTE LIVRE et la BNF proposent ainsi un catalogue de titres indisponibles, la BNF ayant num\u00e9ris\u00e9 ces oeuvres et HACHETTE LIVRE les imprimant \u00e0 la demande. Certains de ces ouvrages refl\u00e8tent des courants de pens\u00e9e caract\u00e9ristiques de leur \u00e9poque, mais qui seraient aujourd'hui jug\u00e9s condamnables. Ils n'en appartiennent pas moins \u00e0 l'histoire des id\u00e9es en France et sont susceptibles de pr\u00e9senter un int\u00e9r\u00eat scientifique ou historique. Le sens de notre d\u00e9marche \u00e9ditoriale consiste ainsi \u00e0 permettre l'acc\u00e8s \u00e0 ces oeuvres sans pour autant que nous en cautionnions en aucune fa\u00e7on le contenu. Pour plus d'informations, rendez-vous sur le site hachettebnf.fr.","authors":["Lerebours N-M."],"category_codes":["6000000","6070000","6070200"],"visuals":{"large":"https:\/\/images.epagine.fr\/511\/9782329090511_1_75.jpg","medium":"https:\/\/images.epagine.fr\/511\/9782329090511_1_m.jpg","thumbnail":"https:\/\/images.epagine.fr\/511\/9782329090511_1_v.jpg"},"orderable":true,"show_badge":true,"formatted_price":"9,50&nbsp;\u20ac","formatted_published_date":"1er septembre 2018","publisher_availability_label":"Sur commande","short_details":"Lerebours N-M. \u2014 Hachette BNF","translator":null,"weight":67,"page_count":34,"readership":null,"editor":"Hachette BNF","price":950,"published_date":"2018-08-31T22:00:00.000000Z","support":"Grand format","publisher_availability":1,"stock":0,"editions":[],"url":"https:\/\/quaidesbrumes.com\/ouvrage\/9782329090511\/des-papiers-photographiques-procedes-de-m-blanquart-evrard-et-autres"},{"id":"9782355831966","title":"Paris, jour","description":null,"authors":["Desprez Sophie"],"category_codes":["6000000","6070000","6070200"],"visuals":{"large":"https:\/\/quaidesbrumes.com\/img\/book-placeholder.png","medium":"https:\/\/quaidesbrumes.com\/img\/book-placeholder.png","thumbnail":"https:\/\/quaidesbrumes.com\/img\/book-placeholder.png"},"orderable":true,"show_badge":true,"formatted_price":"16,00&nbsp;\u20ac","formatted_published_date":"1er novembre 2016","publisher_availability_label":"Sur commande","short_details":"Desprez Sophie \u2014 L'Escalier","translator":null,"weight":230,"page_count":null,"readership":null,"editor":"L'Escalier","price":1600,"published_date":"2016-10-31T23:00:00.000000Z","support":"Grand format","publisher_availability":1,"stock":0,"editions":[],"url":"https:\/\/quaidesbrumes.com\/ouvrage\/9782355831966\/paris-jour"},{"id":"9782874496363","title":"Disney ou l'avenir en couleurs","description":"L'\u00e9volution de la Walt Disney Company, depuis sa cr\u00e9ation en 1987, notamment depuis l'arriv\u00e9e de Robert Iger comme PDG en 2005. La production cin\u00e9matographique actuelle privil\u00e9gie des th\u00e8mes d'actualit\u00e9 tels que le f\u00e9minisme, l'inclusivit\u00e9 et le multiculturalisme, d\u00e9passant ainsi un pr\u00e9sent d\u00e9ceptif.\r","authors":["Christian Chelebourg"],"category_codes":["6000000","6070000","6070300","6070307"],"visuals":{"large":"https:\/\/images.epagine.fr\/363\/9782874496363_1_75.jpg","medium":"https:\/\/images.epagine.fr\/363\/9782874496363_1_m.jpg","thumbnail":"https:\/\/images.epagine.fr\/363\/9782874496363_1_v.jpg"},"orderable":true,"show_badge":true,"formatted_price":"22,00&nbsp;\u20ac","formatted_published_date":"8 novembre 2018","publisher_availability_label":"Sur commande","short_details":"Christian Chelebourg \u2014 IMPRESSIONS NOUVELLES","translator":null,"weight":432,"page_count":304,"readership":null,"editor":"IMPRESSIONS NOUVELLES","price":2200,"published_date":"2018-11-07T23:00:00.000000Z","support":"Grand format","publisher_availability":1,"stock":0,"editions":[],"url":"https:\/\/quaidesbrumes.com\/ouvrage\/9782874496363\/disney-ou-lavenir-en-couleurs"},{"id":"9791030901856","title":"Entretiens in\u00e9dits avec Claude Sautet","description":"R\u00e9alisateur majeur du cin\u00e9ma fran\u00e7ais de la Seconde moiti\u00e9 du XXe si\u00e8cle, Claude Sautet (1924-2000) est, apr\u00e8s sa mort, de plus en plus estim\u00e9 par la critique et le grand public. Ces entretiens in\u00e9dits que l'auteur, confident et ami, a enfin d\u00e9cid\u00e9 de publier, couvrent quinze ann\u00e9es de la vie et de l'oeuvre du r\u00e9alisateur. T\u00e9moignage unique d'un artiste-cr\u00e9ateur qui se penche sur ses films et, par endroits, sur ceux de ses confr\u00e8res ; c'est aussi une radiographie de la soci\u00e9t\u00e9 fran\u00e7aise de son \u00e9poque.\r","authors":["Joseph Korkmaz"],"category_codes":["6000000","6070000","6070300"],"visuals":{"large":"https:\/\/images.epagine.fr\/856\/9791030901856_1_75.jpg","medium":"https:\/\/images.epagine.fr\/856\/9791030901856_1_m.jpg","thumbnail":"https:\/\/images.epagine.fr\/856\/9791030901856_1_v.jpg"},"orderable":true,"show_badge":true,"formatted_price":"30,00&nbsp;\u20ac","formatted_published_date":"13 f\u00e9vrier 2019","publisher_availability_label":"Sur commande","short_details":"Joseph Korkmaz \u2014 Orizons","translator":null,"weight":480,"page_count":316,"readership":null,"editor":"Orizons","price":3000,"published_date":"2019-02-12T23:00:00.000000Z","support":"Grand format","publisher_availability":1,"stock":0,"editions":[],"url":"https:\/\/quaidesbrumes.com\/ouvrage\/9791030901856\/entretiens-inedits-avec-claude-sautet"},{"id":"9786148035135","title":"Building index","description":"Publication regroupant un ensemble photographique complet retra\u00e7ant la pratique architecturale de Rifat Chadirji \u00e0 Bagdad, de 1952 au d\u00e9but des ann\u00e9es 1980. L'ouvrage fournit un t\u00e9moignage unique sur la fa\u00e7on dont l'architecte a document\u00e9, organis\u00e9 et r\u00e9f\u00e9renc\u00e9 son propre travail \u00e0 travers la photographie.\r\n\r\nRifat Chadirji (n\u00e9 en 1926 \u00e0 Bagdad) est consid\u00e9r\u00e9 comme l'un des architectes les plus importants du monde arabe. \u00c0 son retour en Irak en 1952, Rifat Chadirji participe activement au renouvellement et \u00e0 la red\u00e9finition de l'architecture locale. Gr\u00e2ce \u00e0 ses travaux d'architecture et d'ing\u00e9nierie, Chadirji devient une figure culturelle majeure de Bagdad durant la p\u00e9riode de modernisation entre les ann\u00e9es 1950 \u00e0 1970. Il sera n\u00e9anmoins mis en prison par le r\u00e9gime irakien en 1978. Rel\u00e2ch\u00e9 deux ans plus tard, Rifat Chadirji quitte son pays en 1983, et se consacre depuis \u00e0 l'\u00e9criture et \u00e0 l'archivage de ses r\u00e9alisations architecturales.\r","authors":["Rifat Chadirji"],"category_codes":["6000000","6070000","6070200","6070204"],"visuals":{"large":"https:\/\/images.epagine.fr\/135\/9786148035135_1_75.jpg","medium":"https:\/\/images.epagine.fr\/135\/9786148035135_1_m.jpg","thumbnail":"https:\/\/images.epagine.fr\/135\/9786148035135_1_v.jpg"},"orderable":true,"show_badge":true,"formatted_price":"45,00&nbsp;\u20ac","formatted_published_date":"1er septembre 2018","publisher_availability_label":"Sur commande","short_details":"Rifat Chadirji \u2014 Kaph","translator":null,"weight":2257,"page_count":420,"readership":null,"editor":"Kaph","price":4500,"published_date":"2018-08-31T22:00:00.000000Z","support":"Grand format","publisher_availability":1,"stock":0,"editions":[],"url":"https:\/\/quaidesbrumes.com\/ouvrage\/9786148035135\/building-index"}]}