{"data":[{"id":"9783868282870","title":"Planet lovigin","description":null,"authors":["Petr Lovigin"],"category_codes":["6000000","6070000","6070200"],"visuals":{"large":"https:\/\/quaidesbrumes.com\/img\/book-placeholder.png","medium":"https:\/\/quaidesbrumes.com\/img\/book-placeholder.png","thumbnail":"https:\/\/quaidesbrumes.com\/img\/book-placeholder.png"},"orderable":true,"show_badge":true,"formatted_price":"19,00&nbsp;\u20ac","formatted_published_date":"1er janvier 2019","publisher_availability_label":"Sur commande","short_details":"Petr Lovigin \u2014 Kehrer","translator":null,"weight":401,"page_count":null,"readership":null,"editor":"Kehrer","price":1900,"published_date":"2018-12-31T23:00:00.000000Z","support":"Grand format","publisher_availability":1,"stock":0,"editions":[],"url":"https:\/\/quaidesbrumes.com\/ouvrage\/9783868282870\/planet-lovigin"},{"id":"9782343181882","title":"Les strat\u00e9gies de la peur dans le cin\u00e9ma d'horreur","description":"Comment faire peur dans le cin\u00e9ma d'horreur ? L'\u00e9motion de la peur s'est retrouv\u00e9e imm\u00e9diatement dans les oeuvres d'art afin de nous permettre d'en ressentir les affects n\u00e9gatifs sans pour autant \u00eatre r\u00e9ellement menac\u00e9. Avec le cin\u00e9ma, le spectateur se met \u00e0 l'\u00e9preuve en s\u00e9curit\u00e9 devant son \u00e9cran. Comment le genre tente-t-il d'effrayer ? L'auteur dresse une liste des proc\u00e9d\u00e9s th\u00e9matiques et stylistiques d\u00e9ploy\u00e9s pour faire peur. Elle permet de r\u00e9fl\u00e9chir sur l'immersion du spectateur dans le film, le travail de l'angoisse li\u00e9 \u00e0 l'attente du danger et le travail de l'horreur li\u00e9 \u00e0 ce dernier.","authors":["Etienne Jeannot"],"category_codes":["6000000","6070000","6070300"],"visuals":{"large":"https:\/\/images.epagine.fr\/882\/9782343181882_1_75.jpg","medium":"https:\/\/images.epagine.fr\/882\/9782343181882_1_m.jpg","thumbnail":"https:\/\/images.epagine.fr\/882\/9782343181882_1_v.jpg"},"orderable":true,"show_badge":true,"formatted_price":"28,50&nbsp;\u20ac","formatted_published_date":"6 septembre 2019","publisher_availability_label":"Sur commande","short_details":"Etienne Jeannot \u2014 \u00c9ditions L'Harmattan","translator":null,"weight":322,"page_count":264,"readership":null,"editor":"\u00c9ditions L'Harmattan","price":2850,"published_date":"2019-09-05T22:00:00.000000Z","support":"Grand format","publisher_availability":1,"stock":0,"editions":[],"url":"https:\/\/quaidesbrumes.com\/ouvrage\/9782343181882\/les-strategies-de-la-peur-dans-le-cinema-dhorreur"},{"id":"9781851245338","title":"Now and then: england 1970-2015","description":null,"authors":["Daniel Meadows"],"category_codes":["6000000","6070000","6070200"],"visuals":{"large":"https:\/\/quaidesbrumes.com\/img\/book-placeholder.png","medium":"https:\/\/quaidesbrumes.com\/img\/book-placeholder.png","thumbnail":"https:\/\/quaidesbrumes.com\/img\/book-placeholder.png"},"orderable":true,"show_badge":true,"formatted_price":"39,00&nbsp;\u20ac","formatted_published_date":"1er octobre 2019","publisher_availability_label":"Sur commande","short_details":"Daniel Meadows \u2014 Bodleian Library Publishing","translator":null,"weight":801,"page_count":null,"readership":null,"editor":"Bodleian Library Publishing","price":3900,"published_date":"2019-09-30T22:00:00.000000Z","support":"Grand format","publisher_availability":1,"stock":0,"editions":[],"url":"https:\/\/quaidesbrumes.com\/ouvrage\/9781851245338\/now-and-then-england-1970-2015"},{"id":"9782367441405","title":"+photographie ; les acquisitions photographiques nationales","description":"Chaque ann\u00e9e, des milliers de photographies (tirages, n\u00e9gatifs, plaques...) entrent dans les collections publiques fran\u00e7aises. Mus\u00e9es nationaux ou r\u00e9gionaux, grandes institutions culturelles, Frac, centres d'art ou d'archives, biblioth\u00e8ques... enrichissent leurs fonds sans pour autant donner \u00e0 voir leurs acquisitions au public. Cette publication y rem\u00e9die en op\u00e9rant une s\u00e9lection d'images, tant actuelles que patrimoniales. Du fonds Marc Riboud acquis par le mus\u00e9e Guimet aux photographies r\u00e9alis\u00e9es par \u00c9mile Zola, d'albums de photos de famille au portrait du dernier \u00abcannibale\u00bb des \u00eeles Marquises ou \u00e0 d'intenses clich\u00e9s issus de la Premi\u00e8re Guerre mondiale et des registres de d\u00e9portation, +Photographie revisite l'histoire de cet art visuel, depuis ses origines jusqu'\u00e0 ses champs contemporains.\r","authors":["Collectif"],"category_codes":["6000000","6070000","6070200"],"visuals":{"large":"https:\/\/images.epagine.fr\/405\/9782367441405_1_75.jpg","medium":"https:\/\/images.epagine.fr\/405\/9782367441405_1_m.jpg","thumbnail":"https:\/\/images.epagine.fr\/405\/9782367441405_1_v.jpg"},"orderable":true,"show_badge":true,"formatted_price":"30,00&nbsp;\u20ac","formatted_published_date":"19 mars 2020","publisher_availability_label":"Sur commande","short_details":"Collectif \u2014 LE BEC EN L'AIR","translator":null,"weight":1070,"page_count":176,"readership":null,"editor":"LE BEC EN L'AIR","price":3000,"published_date":"2020-03-18T23:00:00.000000Z","support":"Grand format","publisher_availability":1,"stock":0,"editions":[],"url":"https:\/\/quaidesbrumes.com\/ouvrage\/9782367441405\/photographie-les-acquisitions-photographiques-nationales"},{"id":"9782322187218","title":"Manuel De R\u00e9paration Primar-Reflex  II &  Primarreflex","description":"Dans cet ouvrage, vous trouverez ce qu'il faut savoir pour l'entretien, le d\u00e9montage et la r\u00e9paration du moyen format Primar reflex  avec de nombreuses photos pour illustrer les diff\u00e9rentes \u00e9tapes\r","authors":["Bruno Jean"],"category_codes":["6000000","6070000","6070200"],"visuals":{"large":"https:\/\/images.epagine.fr\/218\/9782322187218_1_75.jpg","medium":"https:\/\/images.epagine.fr\/218\/9782322187218_1_m.jpg","thumbnail":"https:\/\/images.epagine.fr\/218\/9782322187218_1_v.jpg"},"orderable":true,"show_badge":true,"formatted_price":"35,90&nbsp;\u20ac","formatted_published_date":"22 octobre 2019","publisher_availability_label":"Sur commande","short_details":"Bruno Jean \u2014 Books on Demand","translator":null,"weight":137,"page_count":64,"readership":null,"editor":"Books on Demand","price":3590,"published_date":"2019-10-21T22:00:00.000000Z","support":"Grand format","publisher_availability":1,"stock":0,"editions":[],"url":"https:\/\/quaidesbrumes.com\/ouvrage\/9782322187218\/manuel-de-reparation-primar-reflex-ii-primarreflex"},{"id":"9782406086468","title":"Le cin\u00e9ma fait sa litt\u00e9rature ; \u00e9tude de la r\u00e9ception de la litt\u00e9rature par le cin\u00e9ma","description":"Qu'est-ce que le cin\u00e9ma doit \u00e0 la litt\u00e9rature ? Cette question, qui d\u00e9borde de loin le cadre de l'adaptation, rel\u00e8ve des \u00e9tudes de r\u00e9ception. Le pr\u00e9sent ouvrage examine donc ce que le cin\u00e9ma a effectivement pris en compte des formes et genres de la litt\u00e9rature, de ses auteurs, quels qu'ils soient.\r","authors":["Michel Serceau"],"category_codes":["6000000","6070000","6070300","6070304"],"visuals":{"large":"https:\/\/images.epagine.fr\/468\/9782406086468_1_75.jpg","medium":"https:\/\/images.epagine.fr\/468\/9782406086468_1_m.jpg","thumbnail":"https:\/\/images.epagine.fr\/468\/9782406086468_1_v.jpg"},"orderable":true,"show_badge":true,"formatted_price":"59,00&nbsp;\u20ac","formatted_published_date":"20 novembre 2019","publisher_availability_label":"Sur commande","short_details":"Michel Serceau \u2014 CLASSIQUES GARNIER","translator":null,"weight":646,"page_count":530,"readership":null,"editor":"CLASSIQUES GARNIER","price":5900,"published_date":"2019-11-19T23:00:00.000000Z","support":"Grand format","publisher_availability":1,"stock":0,"editions":["9782406086475"],"url":"https:\/\/quaidesbrumes.com\/ouvrage\/9782406086468\/le-cinema-fait-sa-litterature-etude-de-la-reception-de-la-litterature-par-le-cinema"},{"id":"9781797201771","title":"Star wars: how to speak astromech with bb-8","description":null,"authors":["I. M. Rollin\/Jake"],"category_codes":["6000000","6070000","6070300"],"visuals":{"large":"https:\/\/quaidesbrumes.com\/img\/book-placeholder.png","medium":"https:\/\/quaidesbrumes.com\/img\/book-placeholder.png","thumbnail":"https:\/\/quaidesbrumes.com\/img\/book-placeholder.png"},"orderable":true,"show_badge":true,"formatted_price":"20,00&nbsp;\u20ac","formatted_published_date":"8 avril 2020","publisher_availability_label":"Sur commande","short_details":"I. M. Rollin\/Jake \u2014 CHRONICLE BOOKS","translator":null,"weight":0,"page_count":null,"readership":null,"editor":"CHRONICLE BOOKS","price":2000,"published_date":"2020-04-07T22:00:00.000000Z","support":"Grand format","publisher_availability":1,"stock":0,"editions":[],"url":"https:\/\/quaidesbrumes.com\/ouvrage\/9781797201771\/star-wars-how-to-speak-astromech-with-bb-8"},{"id":"9781452179803","title":"The art of onward","description":null,"authors":["Drew Taylor"],"category_codes":["6000000","6070000","6070300"],"visuals":{"large":"https:\/\/quaidesbrumes.com\/img\/book-placeholder.png","medium":"https:\/\/quaidesbrumes.com\/img\/book-placeholder.png","thumbnail":"https:\/\/quaidesbrumes.com\/img\/book-placeholder.png"},"orderable":true,"show_badge":true,"formatted_price":"45,00&nbsp;\u20ac","formatted_published_date":"3 mars 2020","publisher_availability_label":"Sur commande","short_details":"Drew Taylor \u2014 CHRONICLE BOOKS","translator":null,"weight":0,"page_count":null,"readership":null,"editor":"CHRONICLE BOOKS","price":4500,"published_date":"2020-03-02T23:00:00.000000Z","support":"Grand format","publisher_availability":1,"stock":0,"editions":[],"url":"https:\/\/quaidesbrumes.com\/ouvrage\/9781452179803\/the-art-of-onward"},{"id":"9781452183350","title":"Best in show","description":null,"authors":["Dolly Faibyshev"],"category_codes":["6000000","6070000","6070200"],"visuals":{"large":"https:\/\/quaidesbrumes.com\/img\/book-placeholder.png","medium":"https:\/\/quaidesbrumes.com\/img\/book-placeholder.png","thumbnail":"https:\/\/quaidesbrumes.com\/img\/book-placeholder.png"},"orderable":true,"show_badge":true,"formatted_price":"29,00&nbsp;\u20ac","formatted_published_date":"1er octobre 2020","publisher_availability_label":"Sur commande","short_details":"Dolly Faibyshev \u2014 CHRONICLE BOOKS","translator":null,"weight":601,"page_count":null,"readership":null,"editor":"CHRONICLE BOOKS","price":2900,"published_date":"2020-09-30T22:00:00.000000Z","support":"Grand format","publisher_availability":1,"stock":0,"editions":[],"url":"https:\/\/quaidesbrumes.com\/ouvrage\/9781452183350\/best-in-show"},{"id":"9781588397089","title":"Photography s last century","description":null,"authors":["Jeff L. Rosenheim"],"category_codes":["6000000","6070000","6070200"],"visuals":{"large":"https:\/\/quaidesbrumes.com\/img\/book-placeholder.png","medium":"https:\/\/quaidesbrumes.com\/img\/book-placeholder.png","thumbnail":"https:\/\/quaidesbrumes.com\/img\/book-placeholder.png"},"orderable":true,"show_badge":true,"formatted_price":"52,00&nbsp;\u20ac","formatted_published_date":"17 juin 2020","publisher_availability_label":"Sur commande","short_details":"Jeff L. Rosenheim \u2014 Yale Uk","translator":null,"weight":1101,"page_count":null,"readership":null,"editor":"Yale Uk","price":5200,"published_date":"2020-06-16T22:00:00.000000Z","support":"Grand format","publisher_availability":1,"stock":0,"editions":[],"url":"https:\/\/quaidesbrumes.com\/ouvrage\/9781588397089\/photography-s-last-century"},{"id":"9780300247190","title":"Modern look - photography and the american magazine","description":null,"authors":["Mason Klein"],"category_codes":["6000000","6070000","6070200"],"visuals":{"large":"https:\/\/quaidesbrumes.com\/img\/book-placeholder.png","medium":"https:\/\/quaidesbrumes.com\/img\/book-placeholder.png","thumbnail":"https:\/\/quaidesbrumes.com\/img\/book-placeholder.png"},"orderable":true,"show_badge":true,"formatted_price":"52,00&nbsp;\u20ac","formatted_published_date":"1er octobre 2020","publisher_availability_label":"Sur commande","short_details":"Mason Klein \u2014 Yale Uk","translator":null,"weight":1101,"page_count":null,"readership":null,"editor":"Yale Uk","price":5200,"published_date":"2020-09-30T22:00:00.000000Z","support":"Grand format","publisher_availability":1,"stock":0,"editions":[],"url":"https:\/\/quaidesbrumes.com\/ouvrage\/9780300247190\/modern-look-photography-and-the-american-magazine"},{"id":"9789077207628","title":"The flaneur","description":null,"authors":["Cornelia Stahl"],"category_codes":["6000000","6070000","6070200"],"visuals":{"large":"https:\/\/quaidesbrumes.com\/img\/book-placeholder.png","medium":"https:\/\/quaidesbrumes.com\/img\/book-placeholder.png","thumbnail":"https:\/\/quaidesbrumes.com\/img\/book-placeholder.png"},"orderable":true,"show_badge":true,"formatted_price":"35,00&nbsp;\u20ac","formatted_published_date":"8 janvier 2019","publisher_availability_label":"Sur commande","short_details":"Cornelia Stahl \u2014 Stockmans Art","translator":null,"weight":701,"page_count":null,"readership":null,"editor":"Stockmans Art","price":3500,"published_date":"2019-01-07T23:00:00.000000Z","support":"Grand format","publisher_availability":1,"stock":0,"editions":[],"url":"https:\/\/quaidesbrumes.com\/ouvrage\/9789077207628\/the-flaneur"},{"id":"9789077207543","title":"Iran - bardasht tasviri, a photographic perception","description":null,"authors":["Sam Asaert"],"category_codes":["6000000","6070000","6070200"],"visuals":{"large":"https:\/\/quaidesbrumes.com\/img\/book-placeholder.png","medium":"https:\/\/quaidesbrumes.com\/img\/book-placeholder.png","thumbnail":"https:\/\/quaidesbrumes.com\/img\/book-placeholder.png"},"orderable":true,"show_badge":true,"formatted_price":"50,00&nbsp;\u20ac","formatted_published_date":"2 janvier 2019","publisher_availability_label":"Sur commande","short_details":"Sam Asaert \u2014 Stockmans Art","translator":null,"weight":1001,"page_count":null,"readership":null,"editor":"Stockmans Art","price":5000,"published_date":"2019-01-01T23:00:00.000000Z","support":"Grand format","publisher_availability":1,"stock":0,"editions":[],"url":"https:\/\/quaidesbrumes.com\/ouvrage\/9789077207543\/iran-bardasht-tasviri-a-photographic-perception"},{"id":"9783958296930","title":"Shahidul alam the tide will turn","description":null,"authors":["Alam Shahidul"],"category_codes":["6000000","6070000","6070200"],"visuals":{"large":"https:\/\/images.epagine.fr\/930\/9783958296930_1_75.jpg","medium":"https:\/\/images.epagine.fr\/930\/9783958296930_1_m.jpg","thumbnail":"https:\/\/images.epagine.fr\/930\/9783958296930_1_v.jpg"},"orderable":true,"show_badge":true,"formatted_price":"28,00&nbsp;\u20ac","formatted_published_date":"18 novembre 2019","publisher_availability_label":"Sur commande","short_details":"Alam Shahidul \u2014 Steidl","translator":null,"weight":601,"page_count":184,"readership":null,"editor":"Steidl","price":2800,"published_date":"2019-11-17T23:00:00.000000Z","support":"Grand format","publisher_availability":1,"stock":0,"editions":[],"url":"https:\/\/quaidesbrumes.com\/ouvrage\/9783958296930\/shahidul-alam-the-tide-will-turn"},{"id":"9780764358036","title":"The dogs of cuba","description":null,"authors":["Emmy Park"],"category_codes":["6000000","6070000","6070200"],"visuals":{"large":"https:\/\/quaidesbrumes.com\/img\/book-placeholder.png","medium":"https:\/\/quaidesbrumes.com\/img\/book-placeholder.png","thumbnail":"https:\/\/quaidesbrumes.com\/img\/book-placeholder.png"},"orderable":true,"show_badge":true,"formatted_price":"35,00&nbsp;\u20ac","formatted_published_date":"6 septembre 2019","publisher_availability_label":"Sur commande","short_details":"Emmy Park \u2014 Schiffer","translator":null,"weight":701,"page_count":null,"readership":null,"editor":"Schiffer","price":3500,"published_date":"2019-09-05T22:00:00.000000Z","support":"Grand format","publisher_availability":1,"stock":0,"editions":[],"url":"https:\/\/quaidesbrumes.com\/ouvrage\/9780764358036\/the-dogs-of-cuba"},{"id":"9780764358029","title":"Cats of cuba","description":null,"authors":["Emmy Park"],"category_codes":["6000000","6070000","6070200"],"visuals":{"large":"https:\/\/quaidesbrumes.com\/img\/book-placeholder.png","medium":"https:\/\/quaidesbrumes.com\/img\/book-placeholder.png","thumbnail":"https:\/\/quaidesbrumes.com\/img\/book-placeholder.png"},"orderable":true,"show_badge":true,"formatted_price":"35,00&nbsp;\u20ac","formatted_published_date":"3 septembre 2019","publisher_availability_label":"Sur commande","short_details":"Emmy Park \u2014 Schiffer","translator":null,"weight":701,"page_count":null,"readership":null,"editor":"Schiffer","price":3500,"published_date":"2019-09-02T22:00:00.000000Z","support":"Grand format","publisher_availability":1,"stock":0,"editions":[],"url":"https:\/\/quaidesbrumes.com\/ouvrage\/9780764358029\/cats-of-cuba"},{"id":"9788417047979","title":"Pietro paolini buscando a bolivar \/anglais\/espagnol","description":"Ce livre est la documentation photographique des voyages de Pietro Paolini en Bolivie, Equateur et au V\u00e9n\u00e9zuela entre 2009 et 2014. Le photographe italien y rend compte en images de la vie quotidienne dans les pays du nouveau socialisme sous les pr\u00e9sidences de Evo Morales, Rafael Correa et Hugo Chavez. Le photographe cherche \u00e0 cr\u00e9er des images qui \u00e9chappent aux st\u00e9r\u00e9otypes avec lesquels on repr\u00e9sente souvent ces pays ; il souhaite voir les lieux et leurs \u00e9v\u00e9nements dans leur globalit\u00e9 et souligner les contradictions et coh\u00e9rences qui ont lieu dans le cr\u00e9ation des identit\u00e9s nationales.\r","authors":["Paolini Pietro"],"category_codes":["6000000","6070000","6070200"],"visuals":{"large":"https:\/\/images.epagine.fr\/979\/9788417047979_1_75.jpg","medium":"https:\/\/images.epagine.fr\/979\/9788417047979_1_m.jpg","thumbnail":"https:\/\/images.epagine.fr\/979\/9788417047979_1_v.jpg"},"orderable":true,"show_badge":true,"formatted_price":"36,00&nbsp;\u20ac","formatted_published_date":"15 septembre 2019","publisher_availability_label":"Sur commande","short_details":"Paolini Pietro \u2014 Rm Editorial","translator":null,"weight":800,"page_count":100,"readership":null,"editor":"Rm Editorial","price":3600,"published_date":"2019-09-14T22:00:00.000000Z","support":"Grand format","publisher_availability":1,"stock":0,"editions":[],"url":"https:\/\/quaidesbrumes.com\/ouvrage\/9788417047979\/pietro-paolini-buscando-a-bolivar-anglaisespagnol"},{"id":"9782322183777","title":"Barri\u00e8res","description":"Barri\u00e8res, portails, cl\u00f4tures, rampes, rambardes font partie de notre quotidien, mais nous ne les voyons plus. Ces photographies, datant essentiellement des ann\u00e9es 1955-1975, ont \u00e9t\u00e9 majoritairement prises en noir et blanc, avec un Leica, sauf quelques exceptions en couleur, certaines saisies avec un Fujica. Les lieux\u00a0? Diverses r\u00e9gions sont repr\u00e9sent\u00e9es dans cette s\u00e9lection\u00a0: essentiellement l'Auvergne, le Bourbonnais, l'Aquitaine, mais aussi l'Italie, l'Espagne. \u00c0 travers ce regard particulier, c'est tout le charme des ces ann\u00e9es oubli\u00e9es qui r\u00e9appara\u00eet.   \u00a0Barri\u00e8res\u00a0  est le troisi\u00e8me recueil de la s\u00e9rie  \u00a0Ma vie en Leica\u00a0 , apr\u00e8s  \u00a0Vacances \u00e0 la ferme en Bourbonnais\u00a0  et  \u00a0Vaches\u00a0 .\r","authors":["Albert Cazal"],"category_codes":["6000000","6070000","6070200","6070205"],"visuals":{"large":"https:\/\/images.epagine.fr\/777\/9782322183777_1_75.jpg","medium":"https:\/\/images.epagine.fr\/777\/9782322183777_1_m.jpg","thumbnail":"https:\/\/images.epagine.fr\/777\/9782322183777_1_v.jpg"},"orderable":true,"show_badge":true,"formatted_price":"12,99&nbsp;\u20ac","formatted_published_date":"19 novembre 2019","publisher_availability_label":"Sur commande","short_details":"Albert Cazal \u2014 Books on Demand","translator":null,"weight":784,"page_count":204,"readership":null,"editor":"Books on Demand","price":1299,"published_date":"2019-11-18T23:00:00.000000Z","support":"Grand format","publisher_availability":1,"stock":0,"editions":[],"url":"https:\/\/quaidesbrumes.com\/ouvrage\/9782322183777\/barrieres"},{"id":"9782322187027","title":"Le Marit\u00e9 ; trois-mats go\u00e9lette","description":"Le Marit\u00e9 est un trois-m\u00e2ts-go\u00e9lette, c'est le dernier terre-neuvier (ou terre-neuva) fran\u00e7ais en \u00e9tat de navigation. Voilier miracul\u00e9 : il a \u00e9chapp\u00e9 \u00e0 la destruction et \u00e0 l'abandon. Construit \u00e0 F\u00e9camp en 1922, \u00e0 partir d'une coque de harenguier transform\u00e9e en go\u00e9lette \u00e9quip\u00e9 de trois-m\u00e2ts. Il va pratiquer la p\u00eache \u00e0 la morue sur les bancs de Terre-Neuve de 1924 \u00e0 1929. Durant la Seconde Guerre mondiale, il est r\u00e9quisitionn\u00e9 par les Alli\u00e9s pour le transport de marchandises vers la Grande-Bretagne, il passera au travers des mines flottantes et \u00e9chappera aux avions et sous-marins allemands. R\u00e9duit \u00e0 l'\u00e9tat d'\u00e9pave aux \u00celes F\u00e9ro\u00e9, il sera sauv\u00e9 par deux Su\u00e9dois, qui d\u00e9cident de l'emmener \u00e0 Stockholm afin de lui donner une nouvelle jeunesse. Il passera ensuite dans d'autres mains. Apr\u00e8s des travaux importants de r\u00e9novation \u00e0 Cherbourg-Octeville, \u00e0 Saint-Vaast-la-Hougue et \u00e0 Granville (2009-2012) : c'est Granville qui devient son port d'attache.\r","authors":["Jo\u00ebl Douillet"],"category_codes":["6000000","6070000","6070200"],"visuals":{"large":"https:\/\/images.epagine.fr\/027\/9782322187027_1_75.jpg","medium":"https:\/\/images.epagine.fr\/027\/9782322187027_1_m.jpg","thumbnail":"https:\/\/images.epagine.fr\/027\/9782322187027_1_v.jpg"},"orderable":true,"show_badge":true,"formatted_price":"13,99&nbsp;\u20ac","formatted_published_date":"26 octobre 2019","publisher_availability_label":"Sur commande","short_details":"Jo\u00ebl Douillet \u2014 Books on Demand","translator":null,"weight":148,"page_count":28,"readership":null,"editor":"Books on Demand","price":1399,"published_date":"2019-10-25T22:00:00.000000Z","support":"Grand format","publisher_availability":1,"stock":0,"editions":[],"url":"https:\/\/quaidesbrumes.com\/ouvrage\/9782322187027\/le-marite-trois-mats-goelette"},{"id":"9782343189109","title":"Cin\u00e9philies plurielles dans la France des ann\u00e9es 1940-1950 ; sortir, lire, r\u00eaver, collectionner","description":"Cet ouvrage \u00e9tudie des pratiques cin\u00e9philes dans la France des ann\u00e9es 1940 et 1950, o\u00f9 ce m\u00e9dia constitue le premier loisir des Fran\u00e7ais. Dans comme hors des salles de cin\u00e9ma, les cin\u00e9philies circulent au sein des espaces publics comme priv\u00e9s et constituent un ph\u00e9nom\u00e8ne culturel majeur pour la compr\u00e9hension de la soci\u00e9t\u00e9 fran\u00e7aise du milieu du XXe si\u00e8cle. Revues et magazines, lettres de fans, correspondances et sources orales sont autant de supports mobilis\u00e9s ici pour \u00e9clairer l'univers cin\u00e9matographique ordinaire des spectateurs et spectatrices.","authors":["Chedaleux"],"category_codes":["6000000","6070000","6070300"],"visuals":{"large":"https:\/\/images.epagine.fr\/109\/9782343189109_1_75.jpg","medium":"https:\/\/images.epagine.fr\/109\/9782343189109_1_m.jpg","thumbnail":"https:\/\/images.epagine.fr\/109\/9782343189109_1_v.jpg"},"orderable":true,"show_badge":true,"formatted_price":"24,50&nbsp;\u20ac","formatted_published_date":"19 novembre 2019","publisher_availability_label":"Sur commande","short_details":"Chedaleux \u2014 \u00c9ditions L'Harmattan","translator":null,"weight":278,"page_count":220,"readership":null,"editor":"\u00c9ditions L'Harmattan","price":2450,"published_date":"2019-11-18T23:00:00.000000Z","support":"Grand format","publisher_availability":1,"stock":0,"editions":[],"url":"https:\/\/quaidesbrumes.com\/ouvrage\/9782343189109\/cinephilies-plurielles-dans-la-france-des-annees-1940-1950-sortir-lire-rever-collectionner"},{"id":"9782490161058","title":"Pablo lopez luz piedra volcanica \/anglais\/espagnol","description":null,"authors":["Lopez Luz Pablo"],"category_codes":["6000000","6070000","6070200"],"visuals":{"large":"https:\/\/images.epagine.fr\/058\/9782490161058_1_75.jpg","medium":"https:\/\/images.epagine.fr\/058\/9782490161058_1_m.jpg","thumbnail":"https:\/\/images.epagine.fr\/058\/9782490161058_1_v.jpg"},"orderable":true,"show_badge":true,"formatted_price":"37,00&nbsp;\u20ac","formatted_published_date":"5 novembre 2019","publisher_availability_label":"Sur commande","short_details":"Lopez Luz Pablo \u2014 Toluca","translator":null,"weight":950,"page_count":120,"readership":null,"editor":"Toluca","price":3700,"published_date":"2019-11-04T23:00:00.000000Z","support":"Grand format","publisher_availability":1,"stock":0,"editions":[],"url":"https:\/\/quaidesbrumes.com\/ouvrage\/9782490161058\/pablo-lopez-luz-piedra-volcanica-anglaisespagnol"},{"id":"9788899385637","title":"The sound of the Woodpecker Bill ; New York City","description":"Cet ouvrage pr\u00e9sente une recherche visuelle sur les zones limitrophes de chacun des 5 boroughs de New York, au moyen d'un portfolio photographique, d'un ensemble de cartes et d'une s\u00e9rie de textes.\r","authors":["Antonio Rovaldi"],"category_codes":["6000000","6070000","6070200"],"visuals":{"large":"https:\/\/images.epagine.fr\/637\/9788899385637_1_75.jpg","medium":"https:\/\/images.epagine.fr\/637\/9788899385637_1_m.jpg","thumbnail":"https:\/\/images.epagine.fr\/637\/9788899385637_1_v.jpg"},"orderable":true,"show_badge":true,"formatted_price":"30,00&nbsp;\u20ac","formatted_published_date":"25 novembre 2019","publisher_availability_label":"Sur commande","short_details":"Antonio Rovaldi \u2014 Humboldt Books","translator":null,"weight":1300,"page_count":576,"readership":null,"editor":"Humboldt Books","price":3000,"published_date":"2019-11-24T23:00:00.000000Z","support":"Grand format","publisher_availability":1,"stock":0,"editions":[],"url":"https:\/\/quaidesbrumes.com\/ouvrage\/9788899385637\/the-sound-of-the-woodpecker-bill-new-york-city"},{"id":"9788899385699","title":"Archivi della Basilicata Tome 1 ; la Bonifica di Bradano e Metaponto","description":"Premier ouvrage d'une s\u00e9rie de publications consacr\u00e9es \u00e0 l'exploration des archives de la r\u00e9gion italienne de Basilicate sous un angle artistique. Ce volume s'int\u00e9resse aux terres touch\u00e9es par des probl\u00e9matiques li\u00e9es au r\u00e9seau hydraulique.\r\n\r\nCet ouvrage s'inscrit dans la collection \u00ab Archivi della Basilicata \u00bb, cr\u00e9\u00e9e dans le cadre du projet I-DEA, qui accompagne la nomination de Matera comme Capitale europ\u00e9enne de la culture 2019. La collection explore les archives de la r\u00e9gion italienne de Basilicate \u00e0 travers une perspective artistique.\r","authors":["Andrea Bagnato"],"category_codes":["6000000","6070000","6070200"],"visuals":{"large":"https:\/\/images.epagine.fr\/699\/9788899385699_1_75.jpg","medium":"https:\/\/images.epagine.fr\/699\/9788899385699_1_m.jpg","thumbnail":"https:\/\/images.epagine.fr\/699\/9788899385699_1_v.jpg"},"orderable":true,"show_badge":true,"formatted_price":"18,00&nbsp;\u20ac","formatted_published_date":"25 novembre 2019","publisher_availability_label":"Sur commande","short_details":"Andrea Bagnato \u2014 Humboldt Books","translator":null,"weight":340,"page_count":136,"readership":null,"editor":"Humboldt Books","price":1800,"published_date":"2019-11-24T23:00:00.000000Z","support":"Grand format","publisher_availability":1,"stock":0,"editions":[],"url":"https:\/\/quaidesbrumes.com\/ouvrage\/9788899385699\/archivi-della-basilicata-tome-1-la-bonifica-di-bradano-e-metaponto"},{"id":"9782343184593","title":"Le cin\u00e9ma d'animation en Tunisie ; un cin\u00e9ma de la marge en contexte autoritaire","description":"Force est de constater que la r\u00e9volution tunisienne de D\u00e9cembre 2010 - Janvier 2011 a surpris. Pourtant, des signes annonciateurs de ce bouleversement ont \u00e9t\u00e9 observ\u00e9s longtemps avant, aussi bien dans le champ politique et social que dans la production culturelle et artistique, et tout particuli\u00e8rement cin\u00e9matographique. Ce livre tente de d\u00e9fricher et d'explorer la terra incognita qu'est le cin\u00e9ma d'animation en Tunisie.","authors":["Maya Ben ayed"],"category_codes":["6000000","6070000","6070300","6070304"],"visuals":{"large":"https:\/\/images.epagine.fr\/593\/9782343184593_1_75.jpg","medium":"https:\/\/images.epagine.fr\/593\/9782343184593_1_m.jpg","thumbnail":"https:\/\/images.epagine.fr\/593\/9782343184593_1_v.jpg"},"orderable":true,"show_badge":true,"formatted_price":"33,50&nbsp;\u20ac","formatted_published_date":"21 novembre 2019","publisher_availability_label":"Sur commande","short_details":"Maya Ben ayed \u2014 \u00c9ditions L'Harmattan","translator":null,"weight":473,"page_count":300,"readership":null,"editor":"\u00c9ditions L'Harmattan","price":3350,"published_date":"2019-11-20T23:00:00.000000Z","support":"Grand format","publisher_availability":1,"stock":0,"editions":[],"url":"https:\/\/quaidesbrumes.com\/ouvrage\/9782343184593\/le-cinema-danimation-en-tunisie-un-cinema-de-la-marge-en-contexte-autoritaire"}]}