{"data":[{"id":"9783958296602","title":"Nancy spero","description":null,"authors":["Folkwang"],"category_codes":["6000000","6070000","6070200"],"visuals":{"large":"https:\/\/images.epagine.fr\/602\/9783958296602_1_75.jpg","medium":"https:\/\/images.epagine.fr\/602\/9783958296602_1_m.jpg","thumbnail":"https:\/\/images.epagine.fr\/602\/9783958296602_1_v.jpg"},"orderable":true,"show_badge":true,"formatted_price":"20,00&nbsp;\u20ac","formatted_published_date":"1er juin 2019","publisher_availability_label":"Sur commande","short_details":"Folkwang \u2014 Steidl","translator":null,"weight":501,"page_count":160,"readership":null,"editor":"Steidl","price":2000,"published_date":"2019-05-31T22:00:00.000000Z","support":"Grand format","publisher_availability":1,"stock":0,"editions":[],"url":"https:\/\/quaidesbrumes.com\/ouvrage\/9783958296602\/nancy-spero"},{"id":"9781452147321","title":"Game of Thrones - le tr\u00f4ne de fer : the complete series","description":null,"authors":["Miles Mcnutt"],"category_codes":["6000000","6070000","6070300","6070306"],"visuals":{"large":"https:\/\/quaidesbrumes.com\/img\/book-placeholder.png","medium":"https:\/\/quaidesbrumes.com\/img\/book-placeholder.png","thumbnail":"https:\/\/quaidesbrumes.com\/img\/book-placeholder.png"},"orderable":true,"show_badge":true,"formatted_price":"53,00&nbsp;\u20ac","formatted_published_date":"4 novembre 2019","publisher_availability_label":"Sur commande","short_details":"Miles Mcnutt \u2014 CHRONICLE BOOKS","translator":null,"weight":0,"page_count":null,"readership":null,"editor":"CHRONICLE BOOKS","price":5300,"published_date":"2019-11-03T23:00:00.000000Z","support":"Grand format","publisher_availability":1,"stock":0,"editions":[],"url":"https:\/\/quaidesbrumes.com\/ouvrage\/9781452147321\/game-of-thrones-le-trone-de-fer-the-complete-series"},{"id":"9781419736469","title":"Who am i? a peek-through-pages book of endangered animals","description":"Gorgeous nature photography introduces readers to endangered species in this picture book from Tim Flach Who is that peeking through the page? Is it a giant panda munching on  bamboo? Or perhaps a yellow-eyed tree frog hiding in a tropical forest?  Who Am I?  uses clever riddles and stunning images by esteemed photographer Tim Flach (taken from his Abrams adult book  Endangered ) to introduce ten vital species-at-risk to readers. With its engaging  and timely message, this beautifully crafted picture book is perfect for the youngest animal enthusiasts.","authors":["Tim Flack"],"category_codes":["6000000","6070000","6070200","6070205"],"visuals":{"large":"https:\/\/images.epagine.fr\/469\/9781419736469_1_75.jpg","medium":"https:\/\/images.epagine.fr\/469\/9781419736469_1_m.jpg","thumbnail":"https:\/\/images.epagine.fr\/469\/9781419736469_1_v.jpg"},"orderable":true,"show_badge":true,"formatted_price":"15,00&nbsp;\u20ac","formatted_published_date":"12 novembre 2019","publisher_availability_label":"Sur commande","short_details":"Tim Flack \u2014 Abrams UK","translator":null,"weight":401,"page_count":48,"readership":"\u00e0 partir de 4 ANS","editor":"Abrams UK","price":1500,"published_date":"2019-11-11T23:00:00.000000Z","support":"Grand format","publisher_availability":1,"stock":0,"editions":[],"url":"https:\/\/quaidesbrumes.com\/ouvrage\/9781419736469\/who-am-i-a-peek-through-pages-book-of-endangered-animals"},{"id":"9781452173337","title":"Farm+lands back to the land","description":null,"authors":["Freddie Pikovsky"],"category_codes":["6000000","6070000","6070200"],"visuals":{"large":"https:\/\/quaidesbrumes.com\/img\/book-placeholder.png","medium":"https:\/\/quaidesbrumes.com\/img\/book-placeholder.png","thumbnail":"https:\/\/quaidesbrumes.com\/img\/book-placeholder.png"},"orderable":true,"show_badge":true,"formatted_price":"34,00&nbsp;\u20ac","formatted_published_date":"5 novembre 2019","publisher_availability_label":"Sur commande","short_details":"Freddie Pikovsky \u2014 CHRONICLE BOOKS","translator":null,"weight":0,"page_count":null,"readership":null,"editor":"CHRONICLE BOOKS","price":3400,"published_date":"2019-11-04T23:00:00.000000Z","support":"Grand format","publisher_availability":1,"stock":0,"editions":[],"url":"https:\/\/quaidesbrumes.com\/ouvrage\/9781452173337\/farmlands-back-to-the-land"},{"id":"9781452182803","title":"Hope, never fear","description":null,"authors":["Callie Shell"],"category_codes":["6000000","6070000","6070200"],"visuals":{"large":"https:\/\/quaidesbrumes.com\/img\/book-placeholder.png","medium":"https:\/\/quaidesbrumes.com\/img\/book-placeholder.png","thumbnail":"https:\/\/quaidesbrumes.com\/img\/book-placeholder.png"},"orderable":true,"show_badge":true,"formatted_price":"28,00&nbsp;\u20ac","formatted_published_date":"3 septembre 2019","publisher_availability_label":"Sur commande","short_details":"Callie Shell \u2014 CHRONICLE BOOKS","translator":null,"weight":0,"page_count":null,"readership":null,"editor":"CHRONICLE BOOKS","price":2800,"published_date":"2019-09-02T22:00:00.000000Z","support":"Grand format","publisher_availability":1,"stock":0,"editions":[],"url":"https:\/\/quaidesbrumes.com\/ouvrage\/9781452182803\/hope-never-fear"},{"id":"9782955590614","title":"24 h hong kong","description":null,"authors":["Karl Hab"],"category_codes":["6000000","6070000","6070200"],"visuals":{"large":"https:\/\/images.epagine.fr\/614\/9782955590614_1_75.jpg","medium":"https:\/\/images.epagine.fr\/614\/9782955590614_1_m.jpg","thumbnail":"https:\/\/images.epagine.fr\/614\/9782955590614_1_v.jpg"},"orderable":true,"show_badge":true,"formatted_price":"49,00&nbsp;\u20ac","formatted_published_date":"3 avril 2019","publisher_availability_label":"Sur commande","short_details":"Karl Hab \u2014 Karl Hab","translator":null,"weight":1001,"page_count":null,"readership":null,"editor":"Karl Hab","price":4900,"published_date":"2019-04-02T22:00:00.000000Z","support":"Grand format","publisher_availability":1,"stock":0,"editions":[],"url":"https:\/\/quaidesbrumes.com\/ouvrage\/9782955590614\/24-h-hong-kong"},{"id":"9782322170760","title":"Granvillaise, Cancalaise : les rivales ! Bisquines Granvillaise and Cancalaise : the rivals !","description":"La Cancalaise a \u00e9t\u00e9 lanc\u00e9e en avril 1987, c'est une r\u00e9plique de la Perle, une bisquine construite \u00e0 Cancale en 1905. La Granvillaise a \u00e9t\u00e9 lanc\u00e9e en avril 1990, elle a \u00e9t\u00e9 construite d'apr\u00e8s les plans de la Rose-Marie, bisquine construite en 1899 au chantier Julienne. Durant l'\u00e9t\u00e9 1990 \u00e0 Cancale, a eu lieu la premi\u00e8re r\u00e9gate, les voiliers se sont affront\u00e9s sur un parcours identique \u00e0  celui de 1938, date de la derni\u00e8re r\u00e9gate des bisquines originales. Les r\u00e9gates, les ann\u00e9es suivantes se sont altern\u00e9es de Cancale \u00e0 Granville, pour le bonheur des spectateurs, mais elles ont cess\u00e9es \u00e0 partir de 2016. Esp\u00e9rons le retour des joutes estivales entre les deux bisquines, que le public puisse de nouveau admirer ces magnifiques bateaux, notamment toutes voiles dehors, c'est \u00e0 dire avec trois \u00e9tages de voile, leurs perroquets et leurs  rikikis .  The Cancalaise was launched in April 1987, it is a replica of the Perle, bisquine built in Cancale in 1905. The Granvillaise was launched in April 1990, it was built according to the plans of Rose-Marie, Bisquine built in 1899 at the Julienne shipyard. During the summer of 1990, facing the port of La Houle in Cancale, the first regatta was held, the boats competed on a course identical to that of 1938, date of the last regatta of the  original Bisquines. The summer regattas, the following years have alternated from Cancale to Granville, for the happiness of the spectators, but they stopped from 2016. Hopefully the return of the summer games with new regattas between the two Bisquines, that the public can to again admire these boats, especially all sails outside, that is to say : with three levels of sail, with their parrots and their  rikikis .","authors":["Jo\u00ebl Douillet"],"category_codes":["6000000","6070000","6070200","6070205"],"visuals":{"large":"https:\/\/images.epagine.fr\/760\/9782322170760_1_75.jpg","medium":"https:\/\/images.epagine.fr\/760\/9782322170760_1_m.jpg","thumbnail":"https:\/\/images.epagine.fr\/760\/9782322170760_1_v.jpg"},"orderable":true,"show_badge":true,"formatted_price":"18,99&nbsp;\u20ac","formatted_published_date":"12 septembre 2019","publisher_availability_label":"Sur commande","short_details":"Jo\u00ebl Douillet \u2014 Books on Demand","translator":null,"weight":218,"page_count":44,"readership":null,"editor":"Books on Demand","price":1899,"published_date":"2019-09-11T22:00:00.000000Z","support":"Grand format","publisher_availability":1,"stock":0,"editions":[],"url":"https:\/\/quaidesbrumes.com\/ouvrage\/9782322170760\/granvillaise-cancalaise-les-rivales-bisquines-granvillaise-and-cancalaise-the-rivals"},{"id":"9782322157532","title":"Souvenirs de Saint-Malo ; memories of Saint-Malo (Brittany, France)","description":"Des plages sauvages de la crique du Fort Varde, \u00e0 la plage immense du Sillon, jusqu'\u00e0 la plage du M\u00f4le. Du bassin Vauban avec les grands voiliers de la Tall Ship's Races, la fr\u00e9gate l'Hermione, le cotre corsaire Le Renard\u00a0; jusqu'\u00e0 la cit\u00e9 mythique d'Aleth, le mar\u00e9graphe, la remarquable tour Solidor. Une balade photographique dans l'espace-temps de Saint-Malo. Celle des souvenirs inoubliables, tout en \u00e9tant compagnons avec Chateaubriand des flots et des vents...\r\n\r\nFrom the wild beaches of the Fort Varde creek, to the huge Sillon beach, to the M\u00f4le beach. From the Vauban basin with the Tall Ship's Races sailing ships, the Hermione frigate, the corsair cutter Le Renard ; to the mythical city of Aleth, the tide gauge, the remarkable Solidor tower. A photographic walk in the space-time of Saint-Malo. That of unforgettable memories, while being companions with Chateaubriand of the waves and winds ...","authors":["Jo\u00ebl Douillet"],"category_codes":["6000000","6070000","6070200","6070205"],"visuals":{"large":"https:\/\/images.epagine.fr\/532\/9782322157532_1_75.jpg","medium":"https:\/\/images.epagine.fr\/532\/9782322157532_1_m.jpg","thumbnail":"https:\/\/images.epagine.fr\/532\/9782322157532_1_v.jpg"},"orderable":true,"show_badge":true,"formatted_price":"19,99&nbsp;\u20ac","formatted_published_date":"26 ao\u00fbt 2019","publisher_availability_label":"Sur commande","short_details":"Jo\u00ebl Douillet \u2014 Books on Demand","translator":null,"weight":236,"page_count":48,"readership":null,"editor":"Books on Demand","price":1999,"published_date":"2019-08-25T22:00:00.000000Z","support":"Grand format","publisher_availability":1,"stock":0,"editions":[],"url":"https:\/\/quaidesbrumes.com\/ouvrage\/9782322157532\/souvenirs-de-saint-malo-memories-of-saint-malo-brittany-france"},{"id":"9789188369345","title":"Ake ericson beyond afghanistan","description":null,"authors":["Ericson Ake"],"category_codes":["6000000","6070000","6070200"],"visuals":{"large":"https:\/\/images.epagine.fr\/345\/9789188369345_1_75.jpg","medium":"https:\/\/images.epagine.fr\/345\/9789188369345_1_m.jpg","thumbnail":"https:\/\/images.epagine.fr\/345\/9789188369345_1_v.jpg"},"orderable":true,"show_badge":true,"formatted_price":"44,90&nbsp;\u20ac","formatted_published_date":"27 octobre 2019","publisher_availability_label":"Sur commande","short_details":"Ericson Ake \u2014 Dokument Forlag","translator":null,"weight":400,"page_count":80,"readership":null,"editor":"Dokument Forlag","price":4490,"published_date":"2019-10-26T22:00:00.000000Z","support":"Grand format","publisher_availability":1,"stock":0,"editions":[],"url":"https:\/\/quaidesbrumes.com\/ouvrage\/9789188369345\/ake-ericson-beyond-afghanistan"},{"id":"9782862344669","title":"Incubes et succubes","description":null,"authors":["Marc Couturier"],"category_codes":["6000000","6070000","6070200"],"visuals":{"large":"https:\/\/images.epagine.fr\/669\/9782862344669_1_75.jpg","medium":"https:\/\/images.epagine.fr\/669\/9782862344669_1_m.jpg","thumbnail":"https:\/\/images.epagine.fr\/669\/9782862344669_1_v.jpg"},"orderable":true,"show_badge":true,"formatted_price":"19,00&nbsp;\u20ac","formatted_published_date":"19 ao\u00fbt 2020","publisher_availability_label":"Sur commande","short_details":"Marc Couturier \u2014 MARVAL","translator":null,"weight":450,"page_count":48,"readership":null,"editor":"MARVAL","price":1900,"published_date":"2020-08-18T22:00:00.000000Z","support":"Grand format","publisher_availability":1,"stock":0,"editions":[],"url":"https:\/\/quaidesbrumes.com\/ouvrage\/9782862344669\/incubes-et-succubes"},{"id":"9788494590160","title":"The insistence of struggle ; images, uprisings, counter-revolutions","description":"Un ensemble d'essais de Dork Zabunyan o\u00f9 l'auteur analyse la cr\u00e9ation, usage et circulation d'images dans les contextes du Printemps Arabe et la guerre de Syrie.\r\nCet ouvrage examine et confronte un ensemble de travaux cin\u00e9matographiques et audiovisuels tels que les films du collectif de cin\u00e9ma syrien Abounaddara, les documentaires de Stefano Savona, certains travaux de Harun Farocki, Chris Marker et Brian de Palma, ainsi que de films anonymes circulant par internet.","authors":["Dork Zabunyan"],"category_codes":["6000000","6070000","6070300"],"visuals":{"large":"https:\/\/images.epagine.fr\/160\/9788494590160_1_75.jpg","medium":"https:\/\/images.epagine.fr\/160\/9788494590160_1_m.jpg","thumbnail":"https:\/\/images.epagine.fr\/160\/9788494590160_1_v.jpg"},"orderable":true,"show_badge":true,"formatted_price":"24,00&nbsp;\u20ac","formatted_published_date":"15 octobre 2019","publisher_availability_label":"Sur commande","short_details":"Dork Zabunyan \u2014 If Publications","translator":null,"weight":430,"page_count":246,"readership":null,"editor":"If Publications","price":2400,"published_date":"2019-10-14T22:00:00.000000Z","support":"Grand format","publisher_availability":1,"stock":0,"editions":[],"url":"https:\/\/quaidesbrumes.com\/ouvrage\/9788494590160\/the-insistence-of-struggle-images-uprisings-counter-revolutions"},{"id":"9788494590139","title":"Farben\/alphabet","description":"Farben \/ Alphabet r\u00e9unit deux travaux de jeunesse de l'artiste autrichien Heimo Zobernig. D'un c\u00f4t\u00e9 Farben (\u00ab COuleurs \u00bb), un livre d'artiste publi\u00e9 il y a trente ans, et Alphabet, une s\u00e9rie de 26 photographies prises dans les expositions o\u00f9 l'artiste pla\u00e7ait une \u00e9norme lettre.","authors":["Zobernig Heimo"],"category_codes":["6000000","6070000","6070200","6070205"],"visuals":{"large":"https:\/\/images.epagine.fr\/139\/9788494590139_1_75.jpg","medium":"https:\/\/images.epagine.fr\/139\/9788494590139_1_m.jpg","thumbnail":"https:\/\/images.epagine.fr\/139\/9788494590139_1_v.jpg"},"orderable":true,"show_badge":true,"formatted_price":"28,00&nbsp;\u20ac","formatted_published_date":"15 octobre 2019","publisher_availability_label":"Sur commande","short_details":"Zobernig Heimo \u2014 If Publications","translator":null,"weight":185,"page_count":32,"readership":null,"editor":"If Publications","price":2800,"published_date":"2019-10-14T22:00:00.000000Z","support":"Grand format","publisher_availability":1,"stock":0,"editions":[],"url":"https:\/\/quaidesbrumes.com\/ouvrage\/9788494590139\/farbenalphabet"},{"id":"9782322174867","title":"Ma vie en Leica Tome 2 ; vaches","description":"Les vaches n'aiment pas seulement regarder les trains, mais aussi contempler le photographe. Dans la campagne gasconne, pr\u00e8s de la ville d'Auch, pr\u00e9fecture du Gers, un troupeau envahit soudain un champ de ma\u00efs, qu'une cl\u00f4ture d\u00e9faillante a rendu accessible. Du plan g\u00e9n\u00e9ral au gros plan, le photographe a saisi la d\u00e9lectable consommation du fruit d\u00e9fendu, croisant d'inoubliables regards de bonheur gustatif et de complicit\u00e9 partag\u00e9e. Cette s\u00e9rie principale est suivie d'autres clich\u00e9s o\u00f9 apparaissent, apr\u00e8s les Blondes d'Aquitaine et les Normandes du troupeau gersois, des Charolaises du Bourbonnais et des Salers du Cantal. Plus belles les unes que les autres, heureuses dans leur environnement naturel, bien loin encore des \u00e9levages intensifs\u00a0: ces photos en noir et blanc ont \u00e9t\u00e9 prises dans les ann\u00e9es 1960...","authors":["Albert Cazal"],"category_codes":["6000000","6070000","6070200","6070205"],"visuals":{"large":"https:\/\/images.epagine.fr\/867\/9782322174867_1_75.jpg","medium":"https:\/\/images.epagine.fr\/867\/9782322174867_1_m.jpg","thumbnail":"https:\/\/images.epagine.fr\/867\/9782322174867_1_v.jpg"},"orderable":true,"show_badge":true,"formatted_price":"7,99&nbsp;\u20ac","formatted_published_date":"16 septembre 2019","publisher_availability_label":"Sur commande","short_details":"Albert Cazal \u2014 Books on Demand","translator":null,"weight":316,"page_count":96,"readership":null,"editor":"Books on Demand","price":799,"published_date":"2019-09-15T22:00:00.000000Z","support":"Grand format","publisher_availability":1,"stock":0,"editions":[],"url":"https:\/\/quaidesbrumes.com\/ouvrage\/9782322174867\/ma-vie-en-leica-tome-2-vaches"},{"id":"9783906803937","title":"Re-visions","description":"La r\u00e9\u00e9dition du livre iconique publi\u00e9 en 1978, encens\u00e9 par Allen Ginsberg, Andy Warhol, William S. Burroughs et Lydia Lunch : une s\u00e9rie de 48 photographies noir et blanc constituant un r\u00e9cit autobiographique qui met en sc\u00e8ne l'adolescence f\u00e9minine.","authors":["Marcia Resnick"],"category_codes":["6000000","6070000","6070200","6070205"],"visuals":{"large":"https:\/\/images.epagine.fr\/937\/9783906803937_1_75.jpg","medium":"https:\/\/images.epagine.fr\/937\/9783906803937_1_m.jpg","thumbnail":"https:\/\/images.epagine.fr\/937\/9783906803937_1_v.jpg"},"orderable":true,"show_badge":true,"formatted_price":"52,00&nbsp;\u20ac","formatted_published_date":"19 septembre 2019","publisher_availability_label":"Sur commande","short_details":"Marcia Resnick \u2014 Patrick Frey","translator":null,"weight":790,"page_count":104,"readership":null,"editor":"Patrick Frey","price":5200,"published_date":"2019-09-18T22:00:00.000000Z","support":"Grand format","publisher_availability":1,"stock":0,"editions":[],"url":"https:\/\/quaidesbrumes.com\/ouvrage\/9783906803937\/re-visions"},{"id":"9783906803838","title":"Funf finger f\u00f6hn frisur","description":"Les photographes zurichois Peter Gaechter et Bettina Clahsen documentent des coiffures r\u00e9alis\u00e9es dans les salons haut de gamme suisses, retra\u00e7ant les tendances en mati\u00e8re capillaire des ann\u00e9es 1970 aux ann\u00e9es 1990. Le livre rassemble 160 photographies ainsi que des textes de Bettina Clahsen et de l'historien de l'art et journaliste suisse Joerg Scheller.","authors":["Gaechter+Clahsen"],"category_codes":["6000000","6070000","6070200","6070205"],"visuals":{"large":"https:\/\/images.epagine.fr\/838\/9783906803838_1_75.jpg","medium":"https:\/\/images.epagine.fr\/838\/9783906803838_1_m.jpg","thumbnail":"https:\/\/images.epagine.fr\/838\/9783906803838_1_v.jpg"},"orderable":true,"show_badge":true,"formatted_price":"60,00&nbsp;\u20ac","formatted_published_date":"19 septembre 2019","publisher_availability_label":"Sur commande","short_details":"Gaechter+Clahsen \u2014 Patrick Frey","translator":null,"weight":1070,"page_count":160,"readership":null,"editor":"Patrick Frey","price":6000,"published_date":"2019-09-18T22:00:00.000000Z","support":"Grand format","publisher_availability":1,"stock":0,"editions":[],"url":"https:\/\/quaidesbrumes.com\/ouvrage\/9783906803838\/funf-finger-fohn-frisur"},{"id":"9788417047962","title":"Africamericanos","description":"Publi\u00e9 \u00e0 l'occasion de l'exposition au Centro de la Imagen (Mexico) du 16 ao\u00fbt 2018 au 11 novembre 2018, Africamericanos est le premier projet novateur de recherche, d'exposition et de production visuelle qui cherche \u00e0 examiner et \u00e0 faire la lumi\u00e8re sur la configuration des imaginaires associ\u00e9s aux communaut\u00e9s afrodescendantes en Am\u00e9rique latine et dans les Cara\u00efbes.Ce catalogue comprend des images de Pierre Verger, Maya Goded, Sandra Eleta, Nelson Garrido, Cristina de Middel et de la Collection de l'Instituto Moreira Salles pour n'en nommer que quelques-unes ; textes de Claudi Carreras, Abraham Nahon, German Rey et Sheila Walker, photos en n.b. et en couleurs.","authors":["Collectif"],"category_codes":["6000000","6070000","6070200"],"visuals":{"large":"https:\/\/images.epagine.fr\/962\/9788417047962_1_75.jpg","medium":"https:\/\/images.epagine.fr\/962\/9788417047962_1_m.jpg","thumbnail":"https:\/\/images.epagine.fr\/962\/9788417047962_1_v.jpg"},"orderable":true,"show_badge":true,"formatted_price":"48,00&nbsp;\u20ac","formatted_published_date":"15 septembre 2019","publisher_availability_label":"Sur commande","short_details":"Collectif \u2014 Rm Editorial","translator":null,"weight":1500,"page_count":256,"readership":null,"editor":"Rm Editorial","price":4800,"published_date":"2019-09-14T22:00:00.000000Z","support":"Grand format","publisher_availability":1,"stock":0,"editions":[],"url":"https:\/\/quaidesbrumes.com\/ouvrage\/9788417047962\/africamericanos"},{"id":"9788417975005","title":"Eamonn doyle (fundacion mapfre)","description":"Cet ouvrage accompagne une exposition de la Fundacion Mapfre presentant pour la premi\u00e8re fois en Espagne le travail du photographe irlandais Eamonn Doyle (Dublin, 1969). Il propose des oeuvres r\u00e9alis\u00e9es au cours de la derni\u00e8re d\u00e9cennie, caract\u00e9ris\u00e9e par le retour \u00e0 une pratique photographique rigoureuse se concentrant particuli\u00e8rement sur sa ville natale, Dublin. Le s\u00e9ries \u00ab i \u00bb, \u00ab ON \u00bb et \u00ab End \u00bb, autrement connues sous le nom de \u00ab Trilogie de Dublin \u00bb cotoient le corpus plus r\u00e9cent entitul\u00e9 \u00ab K \u00bb, d'avantage mysterieux et personnel.","authors":["Doyle Eamonn"],"category_codes":["6000000","6070000","6070200"],"visuals":{"large":"https:\/\/images.epagine.fr\/005\/9788417975005_1_75.jpg","medium":"https:\/\/images.epagine.fr\/005\/9788417975005_1_m.jpg","thumbnail":"https:\/\/images.epagine.fr\/005\/9788417975005_1_v.jpg"},"orderable":true,"show_badge":true,"formatted_price":"65,00&nbsp;\u20ac","formatted_published_date":"12 octobre 2019","publisher_availability_label":"Sur commande","short_details":"Doyle Eamonn \u2014 Rm Editorial","translator":null,"weight":2050,"page_count":296,"readership":null,"editor":"Rm Editorial","price":6500,"published_date":"2019-10-11T22:00:00.000000Z","support":"Grand format","publisher_availability":1,"stock":0,"editions":[],"url":"https:\/\/quaidesbrumes.com\/ouvrage\/9788417975005\/eamonn-doyle-fundacion-mapfre"},{"id":"9782914563925","title":"Lee Chang-dong (angl.)","description":"This is the first full monograph on the widely acclaimed South Korean director Lee Chang-dong (born 1954), whose 2018 film Burning was the first Korean production shortlisted for the Academy Award for Best Foreign Film.\r\nWith his six features made since taking up filmmaking at the age of 43 (after working as a novelist), Lee has distinguished himself as an uncompromising auteur through his tightly wrought narratives that depict human suffering taken to its limits. His films tend to follow conventional genre structures, including thriller and melodrama, but are consistently surprising in both their emotional subtlety and their characters' confrontations with Korean history and politics.\r\nThe latest in a monograph series from Dis Voir, the book was designed by Lee himself, who selected and arranged all the images, and includes an interview with the director along with several scholarly essays on his work.","authors":["Jean-Philippe Cazier","Antoine Coppola","Bergen V\u00e9ronique"],"category_codes":["6000000","6070000","6070300"],"visuals":{"large":"https:\/\/images.epagine.fr\/925\/9782914563925_1_75.jpg","medium":"https:\/\/images.epagine.fr\/925\/9782914563925_1_m.jpg","thumbnail":"https:\/\/images.epagine.fr\/925\/9782914563925_1_v.jpg"},"orderable":true,"show_badge":true,"formatted_price":"35,00&nbsp;\u20ac","formatted_published_date":"6 septembre 2019","publisher_availability_label":"Sur commande","short_details":"Jean-Philippe Cazier, Antoine Coppola, Bergen V\u00e9ronique \u2014 Dis Voir","translator":null,"weight":630,"page_count":128,"readership":null,"editor":"Dis Voir","price":3500,"published_date":"2019-09-05T22:00:00.000000Z","support":"Grand format","publisher_availability":1,"stock":0,"editions":[],"url":"https:\/\/quaidesbrumes.com\/ouvrage\/9782914563925\/lee-chang-dong-angl"},{"id":"9782343169163","title":"Mon d\u00e9sert rouge ; sur les traces d'un tournage d'Antonioni","description":"Morena Campani ignorait que, juste \u00e0 c\u00f4t\u00e9 du marais de Ravenne o\u00f9 elle vivait, Michelangelo Antonioni avait tourn\u00e9 le film Le d\u00e9sert rouge. Elle a ensuite essay\u00e9 de se r\u00e9approprier \u00e0 tous \u00e9gards les souvenirs de ces personnes qui avaient v\u00e9cu les instants de ce tournage. Tonino Guerra lui a racont\u00e9 plusieurs anecdotes. Flavio Nicolini lui a montr\u00e9 son journal intime. Un retrait\u00e9 de la centrale \u00e9lectrique de Porto Corsini lui a offert une VHS disant Voici mon d\u00e9sert rouge !.","authors":["Morena Campani"],"category_codes":["6000000","6070000","6070300","6070307"],"visuals":{"large":"https:\/\/images.epagine.fr\/163\/9782343169163_1_75.jpg","medium":"https:\/\/images.epagine.fr\/163\/9782343169163_1_m.jpg","thumbnail":"https:\/\/images.epagine.fr\/163\/9782343169163_1_v.jpg"},"orderable":true,"show_badge":true,"formatted_price":"24,00&nbsp;\u20ac","formatted_published_date":"24 septembre 2019","publisher_availability_label":"Sur commande","short_details":"Morena Campani \u2014 \u00c9ditions L'Harmattan","translator":null,"weight":305,"page_count":184,"readership":null,"editor":"\u00c9ditions L'Harmattan","price":2400,"published_date":"2019-09-23T22:00:00.000000Z","support":"Grand format","publisher_availability":1,"stock":0,"editions":[],"url":"https:\/\/quaidesbrumes.com\/ouvrage\/9782343169163\/mon-desert-rouge-sur-les-traces-dun-tournage-dantonioni"},{"id":"9781942185338","title":"Alison rossiter expired paper","description":"Expired Paper, divis\u00e9 en sections qui repr\u00e9sentent l'\u00e9tendue du processus et de la vision d'Alison Rossiter (n\u00e9e en 1953), offre un aper\u00e7u complet de la photographie sans cam\u00e9ra de l'artiste : empreintes lat\u00e9rales, paysages, bassins, coul\u00e9es, plong\u00e9es, flous et collages. Le livre comprend \u00e9galement une s\u00e9lection de paquets de papier photographique du d\u00e9but du XXe si\u00e8cle (que l'artiste collectionne depuis plus de 10 ans) dans un livret s\u00e9par\u00e9.","authors":["Rossiter Alison"],"category_codes":["6000000","6070000","6070200"],"visuals":{"large":"https:\/\/images.epagine.fr\/338\/9781942185338_1_75.jpg","medium":"https:\/\/images.epagine.fr\/338\/9781942185338_1_m.jpg","thumbnail":"https:\/\/images.epagine.fr\/338\/9781942185338_1_v.jpg"},"orderable":true,"show_badge":true,"formatted_price":"75,00&nbsp;\u20ac","formatted_published_date":"28 octobre 2017","publisher_availability_label":"Sur commande","short_details":"Rossiter Alison \u2014 Radius Books","translator":null,"weight":1301,"page_count":196,"readership":null,"editor":"Radius Books","price":7500,"published_date":"2017-10-27T22:00:00.000000Z","support":"Grand format","publisher_availability":1,"stock":0,"editions":[],"url":"https:\/\/quaidesbrumes.com\/ouvrage\/9781942185338\/alison-rossiter-expired-paper"},{"id":"9782869067325","title":"La s\u00e9rialit\u00e9 \u00e0 l'\u00e9cran : comprendre les s\u00e9ries anglophones","description":"Loin d'\u00eatre syst\u00e9matiquement oppos\u00e9s par leur mode de production, leur public ou m\u00eame leur port\u00e9e artistique, cin\u00e9ma et t\u00e9l\u00e9vision sont li\u00e9s par leur exploitation de la s\u00e9rialit\u00e9.\r\nQuels liens entretient la s\u00e9rialit\u00e9 au sens large avec le r\u00e9cit audiovisuel ? Quelle est sa sp\u00e9cificit\u00e9 en tant que strat\u00e9gie narrative dans les arts audiovisuels ? Quelles implications esth\u00e9tiques, culturelles, industrielles et \u00e9conomiques sont \u00e0 l'oeuvre dans les multiples formes de s\u00e9rialit\u00e9 audiovisuelle qui existent ?\r\n\u00c0 travers l'histoire du cin\u00e9ma mais aussi de son \u00e9volution inter-m\u00e9diatique suite \u00e0 l'arriv\u00e9e de la t\u00e9l\u00e9vision et d'internet, ainsi que l'analyse d'oeuvres comme Hannibal, CSI, Scream ou encore Wolverine, cet ouvrage \u00e9claire sur les m\u00e9canismes et les contraintes de l'\u00e9criture audiovisuelle en s\u00e9rie.","authors":["Anne Cremieux","Ariane Hudelet"],"category_codes":["6000000","6070000","6070300","6070304"],"visuals":{"large":"https:\/\/images.epagine.fr\/325\/9782869067325_1_75.jpg","medium":"https:\/\/images.epagine.fr\/325\/9782869067325_1_m.jpg","thumbnail":"https:\/\/images.epagine.fr\/325\/9782869067325_1_v.jpg"},"orderable":true,"show_badge":true,"formatted_price":"26,00&nbsp;\u20ac","formatted_published_date":"27 f\u00e9vrier 2020","publisher_availability_label":"Sur commande","short_details":"Anne Cremieux, Ariane Hudelet \u2014 Presses Universitaires Fran\u00e7ois Rabelais","translator":null,"weight":424,"page_count":292,"readership":null,"editor":"Presses Universitaires Fran\u00e7ois Rabelais","price":2600,"published_date":"2020-02-26T23:00:00.000000Z","support":"Grand format","publisher_availability":1,"stock":0,"editions":[],"url":"https:\/\/quaidesbrumes.com\/ouvrage\/9782869067325\/la-serialite-a-lecran-comprendre-les-series-anglophones"},{"id":"9782322186792","title":"Week-end gourmand a Granville","description":"Apr\u00e8s la fabuleuse p\u00e9riode de la p\u00eache \u00e0 la morue, avec les terre-neuviers dans les eaux de Terre-Neuve, nombre de p\u00eacheurs Granvillais se sont sp\u00e9cialis\u00e9s dans la p\u00eache aux coquillages et crustac\u00e9s (bulots, praires, coquilles Saint-Jacques, olivettes, amandes, homards, tourteaux...)   sans oublier la production d'hu\u00eetres et de moules en baie de Granville. En 2018 : 9400 tonnes de coquillages ont \u00e9t\u00e9 p\u00each\u00e9s sur Granville, premier port coquillier de France.  La meilleure illustration de cette r\u00e9alit\u00e9 coquilli\u00e8re, c'est le festival annuel des coquillages et crustac\u00e9s : le temps d'un week-end, une f\u00eate gargantuesque \u00e0 lieu sur le site de la Halle \u00e0 mar\u00e9e, avec une dizaine de tonnes de coquilles Saint-Jacques, quatre tonnes de praires, trois tonnes de bulots et plus de deux tonnes de homards, qui sont vendus ou consomm\u00e9s sur place (plus de 6000 assiettes de d\u00e9gustation sont servies sur le samedi et dimanche du dernier week-end de septembre).","authors":["Jo\u00ebl Douillet"],"category_codes":["6000000","6070000","6070200"],"visuals":{"large":"https:\/\/images.epagine.fr\/792\/9782322186792_1_75.jpg","medium":"https:\/\/images.epagine.fr\/792\/9782322186792_1_m.jpg","thumbnail":"https:\/\/images.epagine.fr\/792\/9782322186792_1_v.jpg"},"orderable":true,"show_badge":true,"formatted_price":"13,99&nbsp;\u20ac","formatted_published_date":"16 octobre 2019","publisher_availability_label":"Sur commande","short_details":"Jo\u00ebl Douillet \u2014 Books on Demand","translator":null,"weight":148,"page_count":28,"readership":null,"editor":"Books on Demand","price":1399,"published_date":"2019-10-15T22:00:00.000000Z","support":"Grand format","publisher_availability":1,"stock":0,"editions":[],"url":"https:\/\/quaidesbrumes.com\/ouvrage\/9782322186792\/week-end-gourmand-a-granville"},{"id":"9783947127160","title":"Christopher wool-swamp","description":null,"authors":["Cristopher Wool"],"category_codes":["6000000","6070000","6070200"],"visuals":{"large":"https:\/\/quaidesbrumes.com\/img\/book-placeholder.png","medium":"https:\/\/quaidesbrumes.com\/img\/book-placeholder.png","thumbnail":"https:\/\/quaidesbrumes.com\/img\/book-placeholder.png"},"orderable":true,"show_badge":true,"formatted_price":"119,00&nbsp;\u20ac","formatted_published_date":"3 septembre 2019","publisher_availability_label":"Sur commande","short_details":"Cristopher Wool \u2014 Holzwarth","translator":null,"weight":1901,"page_count":null,"readership":null,"editor":"Holzwarth","price":11900,"published_date":"2019-09-02T22:00:00.000000Z","support":"Grand format","publisher_availability":1,"stock":0,"editions":[],"url":"https:\/\/quaidesbrumes.com\/ouvrage\/9783947127160\/christopher-wool-swamp"},{"id":"9782343180205","title":"Dix films d'Afrique","description":"Dix textes in\u00e9dits sur dix films d'Afrique : cette anthologie retrace la rencontre entre des auteurs et des films venus d'Afrique de l'Ouest, du Maghreb et de la diaspora africaine depuis les ann\u00e9es 2000. Avec une diversit\u00e9 de styles et d'approches, nous sugg\u00e9rons que ces films et ces textes interrogent certaines questions traversant le cin\u00e9ma \u00e0 partir d'un renversement du regard : non plus en venant du cin\u00e9ma mondial pour aller vers un cin\u00e9ma pr\u00e9suppos\u00e9 africain, mais en r\u00e9fl\u00e9chissant au cin\u00e9ma contemporain depuis l'Afrique \u00ab qui advient \u00bb.","authors":["Fran\u00e7ois Fronty"],"category_codes":["6000000","6070000","6070300"],"visuals":{"large":"https:\/\/images.epagine.fr\/205\/9782343180205_1_75.jpg","medium":"https:\/\/images.epagine.fr\/205\/9782343180205_1_m.jpg","thumbnail":"https:\/\/images.epagine.fr\/205\/9782343180205_1_v.jpg"},"orderable":true,"show_badge":true,"formatted_price":"22,50&nbsp;\u20ac","formatted_published_date":"21 octobre 2019","publisher_availability_label":"Sur commande","short_details":"Fran\u00e7ois Fronty \u2014 \u00c9ditions L'Harmattan","translator":null,"weight":253,"page_count":204,"readership":null,"editor":"\u00c9ditions L'Harmattan","price":2250,"published_date":"2019-10-20T22:00:00.000000Z","support":"Grand format","publisher_availability":1,"stock":0,"editions":[],"url":"https:\/\/quaidesbrumes.com\/ouvrage\/9782343180205\/dix-films-dafrique"}]}