{"data":[{"id":"9783958296404","title":"Antanas sutkus in memoriam","description":null,"authors":["Antanas Sutkus"],"category_codes":["6000000","6070000","6070200"],"visuals":{"large":"https:\/\/images.epagine.fr\/404\/9783958296404_1_75.jpg","medium":"https:\/\/images.epagine.fr\/404\/9783958296404_1_m.jpg","thumbnail":"https:\/\/images.epagine.fr\/404\/9783958296404_1_v.jpg"},"orderable":true,"show_badge":true,"formatted_price":"35,00&nbsp;\u20ac","formatted_published_date":"6 juin 2020","publisher_availability_label":"Sur commande","short_details":"Antanas Sutkus \u2014 Steidl","translator":null,"weight":900,"page_count":128,"readership":null,"editor":"Steidl","price":3500,"published_date":"2020-06-05T22:00:00.000000Z","support":"Grand format","publisher_availability":1,"stock":0,"editions":[],"url":"https:\/\/quaidesbrumes.com\/ouvrage\/9783958296404\/antanas-sutkus-in-memoriam"},{"id":"9783958296053","title":"Harf zimmerman the sad-eyed lady","description":"Dans The Sad Eyed Lady, Zimmermann documente le Berliner Luft- und Badeparadies (\u00abBlub\u00bb en abr\u00e9g\u00e9), un centre de baignade et de loisirs jadis appr\u00e9ci\u00e9 dans le quartier Britz de Berlin, devenu aujourd'hui une ruine \u00e0 graffiti. Inaugur\u00e9 en 1985, le centre avait accueilli environ sept millions de visiteurs avant de fermer en 2005 suite \u00e0 des probl\u00e8mes d'hygi\u00e8ne.\r","authors":["Zimmerman Harf"],"category_codes":["6000000","6070000","6070200"],"visuals":{"large":"https:\/\/images.epagine.fr\/053\/9783958296053_1_75.jpg","medium":"https:\/\/images.epagine.fr\/053\/9783958296053_1_m.jpg","thumbnail":"https:\/\/images.epagine.fr\/053\/9783958296053_1_v.jpg"},"orderable":true,"show_badge":true,"formatted_price":"58,00&nbsp;\u20ac","formatted_published_date":"30 octobre 2019","publisher_availability_label":"Sur commande","short_details":"Zimmerman Harf \u2014 Steidl","translator":null,"weight":1201,"page_count":136,"readership":null,"editor":"Steidl","price":5800,"published_date":"2019-10-29T23:00:00.000000Z","support":"Grand format","publisher_availability":1,"stock":0,"editions":[],"url":"https:\/\/quaidesbrumes.com\/ouvrage\/9783958296053\/harf-zimmerman-the-sad-eyed-lady"},{"id":"9783958295476","title":"John gossage jack wilson's waltz","description":"Selon John Gossage, celui-ci est un livre \u00ab con\u00e7u dans un contexte particulier, avec des photographies r\u00e9alis\u00e9es pour calmer le sentiment que je ne comprenais pas mon pays. \u00c0 partir de 2003, j'ai cherch\u00e9 \u00e0 comprendre quelle clart\u00e9 pouvaient donc apporter mes photos. \u00bb C'est ainsi que sont apparus ces clich\u00e9s de gens, de choses, d'\u00e9v\u00e9nements mineurs et de portraits des yeux des jeunes, pris au quotidien \u00e0 des endroits non-iconiques tout au long de ses voyages \u00e0 travers l'Am\u00e9rique. Ce regard continu que Gossage porte sur son pays est rythmique, r\u00e9dempteur et r\u00e9parateur, et donne l'espoir d'une r\u00e9conciliation, celle du photographe avec son propre pays.\r","authors":["John Gossage"],"category_codes":["6000000","6070000","6070200"],"visuals":{"large":"https:\/\/images.epagine.fr\/476\/9783958295476_1_75.jpg","medium":"https:\/\/images.epagine.fr\/476\/9783958295476_1_m.jpg","thumbnail":"https:\/\/images.epagine.fr\/476\/9783958295476_1_v.jpg"},"orderable":true,"show_badge":true,"formatted_price":"45,00&nbsp;\u20ac","formatted_published_date":"19 novembre 2019","publisher_availability_label":"Sur commande","short_details":"John Gossage \u2014 Steidl","translator":null,"weight":1000,"page_count":144,"readership":null,"editor":"Steidl","price":4500,"published_date":"2019-11-18T23:00:00.000000Z","support":"Grand format","publisher_availability":1,"stock":0,"editions":[],"url":"https:\/\/quaidesbrumes.com\/ouvrage\/9783958295476\/john-gossage-jack-wilsons-waltz"},{"id":"9783958296268","title":"Massimo vitali vol. iii photographs 2009-2018","description":"Apr\u00e8s les deux premiers volumes publi\u00e9s ensemble sous le titre Paysage avec figures \/ Habitats naturels, 1994-2009 en 2011, ce troisi\u00e8me volume pr\u00e9sente les images en couleurs \u00e0 grande \u00e9chelle de Vitali repr\u00e9sentant des humains interagissant en masse - consciemment et inconsciemment - avec leur environnement. Qu'il s'agisse de se d\u00e9tendre au bord de la plage, d'explorer les ruines du Forum romain ou de fl\u00e2ner le long d'une promenade commer\u00e7ante bond\u00e9e, les photos de Vitali sont des c\u00e9l\u00e9brations topographiques et des critiques subtiles de nos habitudes changeantes de loisirs.\r","authors":["Vitali Massimo"],"category_codes":["6000000","6070000","6070200"],"visuals":{"large":"https:\/\/images.epagine.fr\/268\/9783958296268_1_75.jpg","medium":"https:\/\/images.epagine.fr\/268\/9783958296268_1_m.jpg","thumbnail":"https:\/\/images.epagine.fr\/268\/9783958296268_1_v.jpg"},"orderable":true,"show_badge":true,"formatted_price":"95,00&nbsp;\u20ac","formatted_published_date":"30 novembre 2019","publisher_availability_label":"Sur commande","short_details":"Vitali Massimo \u2014 Steidl","translator":null,"weight":2900,"page_count":208,"readership":null,"editor":"Steidl","price":9500,"published_date":"2019-11-29T23:00:00.000000Z","support":"Grand format","publisher_availability":1,"stock":0,"editions":[],"url":"https:\/\/quaidesbrumes.com\/ouvrage\/9783958296268\/massimo-vitali-vol-iii-photographs-2009-2018"},{"id":"9782322112319","title":"Voyager \u00e0 travers les fleurs ; photographie de fleurs","description":"Une passion pour la photographie, la nature, un bo\u00eetier et voil\u00e0 qu'on se trouve lancer dans la po\u00e9sie photographique.\r\nJe me suis prise dans la po\u00e9sie photographique des fleurs, sp\u00e9cialis\u00e9 dans le macro, les fleurs mise en avant tandis que l'arri\u00e8re est plong\u00e9 dans la beaut\u00e9 des p\u00e9tales de fleurs. \r\nDes fleurs de toutes vari\u00e9t\u00e9s et aux mille couleurs.\r\nCertainement qu'une s\u00e9lection de vari\u00e9t\u00e9 pr\u00e9sente dans cet ouvrage n'avait vous jamais vu dans votre vie. Ne cherchez plus, les plus belles p\u00e9tales de fleurs se trouvent dans ce livre de photographie.\r","authors":["Elvina Minjacq"],"category_codes":["6000000","6070000","6070200"],"visuals":{"large":"https:\/\/images.epagine.fr\/319\/9782322112319_1_75.jpg","medium":"https:\/\/images.epagine.fr\/319\/9782322112319_1_m.jpg","thumbnail":"https:\/\/images.epagine.fr\/319\/9782322112319_1_v.jpg"},"orderable":true,"show_badge":true,"formatted_price":"17,50&nbsp;\u20ac","formatted_published_date":"11 juin 2019","publisher_availability_label":"Sur commande","short_details":"Elvina Minjacq \u2014 Books on Demand","translator":null,"weight":283,"page_count":48,"readership":null,"editor":"Books on Demand","price":1750,"published_date":"2019-06-10T22:00:00.000000Z","support":"Grand format","publisher_availability":1,"stock":0,"editions":[],"url":"https:\/\/quaidesbrumes.com\/ouvrage\/9782322112319\/voyager-a-travers-les-fleurs-photographie-de-fleurs"},{"id":"9791030902006","title":"D\u00e9construire au cin\u00e9ma","description":"Les nouvelles technologies, la parit\u00e9, l'\u00e9cologie, mais encore les ph\u00e9nom\u00e8nes migratoires, ou la menace des \u00e9pid\u00e9mies... Ces probl\u00e8mes qui remettent en cause les fondements de notre soci\u00e9t\u00e9, inspirent le cin\u00e9ma contemporain. Certains films, avec leur dimension onirique, r\u00e9v\u00e8lent le lien de ces mutations, devenues autant de moyens de la \u00ab d\u00e9construction \u00bb id\u00e9ologique affectant tous les domaines de la culture.\r","authors":["Michel Aroumi"],"category_codes":["6000000","6070000","6070300","6070308"],"visuals":{"large":"https:\/\/images.epagine.fr\/006\/9791030902006_1_75.jpg","medium":"https:\/\/images.epagine.fr\/006\/9791030902006_1_m.jpg","thumbnail":"https:\/\/images.epagine.fr\/006\/9791030902006_1_v.jpg"},"orderable":true,"show_badge":true,"formatted_price":"20,00&nbsp;\u20ac","formatted_published_date":"13 mai 2019","publisher_availability_label":"Sur commande","short_details":"Michel Aroumi \u2014 Orizons","translator":null,"weight":327,"page_count":206,"readership":null,"editor":"Orizons","price":2000,"published_date":"2019-05-12T22:00:00.000000Z","support":"Grand format","publisher_availability":1,"stock":0,"editions":[],"url":"https:\/\/quaidesbrumes.com\/ouvrage\/9791030902006\/deconstruire-au-cinema"},{"id":"9782322171361","title":"\u00e9ternels instants Tome 2","description":"La photographie est un arr\u00eat du temps. Les po\u00e8mes qui accompagnent les photos de ce livre proc\u00e8dent aussi de l'intention d'arr\u00eater le temps, dont le d\u00e9roulement n'est pas vu comme un accomplissement, mais comme une d\u00e9gradation, ainsi que l'ont bien remarqu\u00e9 les gnostiques chr\u00e9tiens, dont ce livre reprend les intuitions. Chronos d\u00e9vore implacablement ses enfants, tel l'ogre de Goya dans son tableau \"Saturne\".\r\nHeureusement qu'\u00e0 de certains moments transper\u00e7ants l'\u00e9ternit\u00e9 peut nous visiter, ce qui justifie la remarque de Spinoza : \"Nous sentons et exp\u00e9rimentons que nous sommes \u00e9ternels.\" Bien s\u00fbr, ce ne sont que des moments, qui ne durent qu'un temps. Mais enfin ils existent, et m\u00eame disparus nous en reste au moins le souvenir, viatique pour notre avenir, source \u00e0 laquelle nous pouvons nous abreuver pour rester en vie.\r\nCe livre illustre les situations qui gravitent autour de cette m\u00eame question : comment continuer \u00e0 vivre d'une vie authentique dans un exil temporel qui semble l'interdire ?\r","authors":["Michel Th\u00e9ron"],"category_codes":["6000000","6070000","6070200"],"visuals":{"large":"https:\/\/images.epagine.fr\/361\/9782322171361_1_75.jpg","medium":"https:\/\/images.epagine.fr\/361\/9782322171361_1_m.jpg","thumbnail":"https:\/\/images.epagine.fr\/361\/9782322171361_1_v.jpg"},"orderable":true,"show_badge":true,"formatted_price":"15,00&nbsp;\u20ac","formatted_published_date":"26 mars 2019","publisher_availability_label":"Sur commande","short_details":"Michel Th\u00e9ron \u2014 Books on Demand","translator":null,"weight":240,"page_count":100,"readership":null,"editor":"Books on Demand","price":1500,"published_date":"2019-03-25T23:00:00.000000Z","support":"Grand format","publisher_availability":1,"stock":0,"editions":[],"url":"https:\/\/quaidesbrumes.com\/ouvrage\/9782322171361\/eternels-instants-tome-2"},{"id":"9782329289649","title":"Trait\u00e9 pratique de photogravure en relief et en creux","description":"Trait\u00e9 pratique de photogravure en relief et en creux \/ par L\u00e9on Vidal,...\r\nDate de l'\u00e9dition originale : 1900\r\n\r\nLe pr\u00e9sent ouvrage s'inscrit dans une politique de conservation patrimoniale des ouvrages de la litt\u00e9rature Fran\u00e7aise mise en place avec la BNF. \r\nHACHETTE LIVRE et la BNF proposent ainsi un catalogue de titres indisponibles, la BNF ayant num\u00e9ris\u00e9 ces oeuvres et HACHETTE LIVRE les imprimant \u00e0 la demande. \r\nCertains de ces ouvrages refl\u00e8tent des courants de pens\u00e9e caract\u00e9ristiques de leur \u00e9poque, mais qui seraient aujourd'hui jug\u00e9s condamnables. \r\nIls n'en appartiennent pas moins \u00e0 l'histoire des id\u00e9es en France et sont susceptibles de pr\u00e9senter un int\u00e9r\u00eat scientifique ou historique. \r\nLe sens de notre d\u00e9marche \u00e9ditoriale consiste ainsi \u00e0 permettre l'acc\u00e8s \u00e0 ces oeuvres sans pour autant que nous en cautionnions en aucune fa\u00e7on le contenu. \r\nPour plus d'informations, rendez-vous sur www.hachettebnf.fr","authors":["L\u00e9on Vidal"],"category_codes":["6000000","6070000","6070200"],"visuals":{"large":"https:\/\/images.epagine.fr\/649\/9782329289649_1_75.jpg","medium":"https:\/\/images.epagine.fr\/649\/9782329289649_1_m.jpg","thumbnail":"https:\/\/images.epagine.fr\/649\/9782329289649_1_v.jpg"},"orderable":true,"show_badge":true,"formatted_price":"30,00&nbsp;\u20ac","formatted_published_date":"1er juin 2019","publisher_availability_label":"Sur commande","short_details":"L\u00e9on Vidal \u2014 Hachette BNF","translator":null,"weight":663,"page_count":488,"readership":null,"editor":"Hachette BNF","price":3000,"published_date":"2019-05-31T22:00:00.000000Z","support":"Grand format","publisher_availability":1,"stock":0,"editions":[],"url":"https:\/\/quaidesbrumes.com\/ouvrage\/9782329289649\/traite-pratique-de-photogravure-en-relief-et-en-creux"},{"id":"9781909526648","title":"Hunter barnes spirit of the southern speedways","description":null,"authors":["Barnes Hunter"],"category_codes":["6000000","6070000","6070200"],"visuals":{"large":"https:\/\/images.epagine.fr\/648\/9781909526648_1_75.jpg","medium":"https:\/\/images.epagine.fr\/648\/9781909526648_1_m.jpg","thumbnail":"https:\/\/images.epagine.fr\/648\/9781909526648_1_v.jpg"},"orderable":true,"show_badge":true,"formatted_price":"42,00&nbsp;\u20ac","formatted_published_date":"30 octobre 2019","publisher_availability_label":"Sur commande","short_details":"Barnes Hunter \u2014 Reel Art Press","translator":null,"weight":901,"page_count":128,"readership":null,"editor":"Reel Art Press","price":4200,"published_date":"2019-10-29T23:00:00.000000Z","support":"Grand format","publisher_availability":1,"stock":0,"editions":[],"url":"https:\/\/quaidesbrumes.com\/ouvrage\/9781909526648\/hunter-barnes-spirit-of-the-southern-speedways"},{"id":"9782351372661","title":"Gwen et le livre de sable","description":"Ce livre-DVD pr\u00e9sente le film de Jean-Fran\u00e7ois Laguionie (1985, 65 min.) dans une version restaur\u00e9e sous la direction du cin\u00e9aste et, au fil du r\u00e9cit de cette formidable aventure, les \u00e9l\u00e9ments qui ont servi \u00e0 la r\u00e9alisation : croquis, d\u00e9cors, personnages...\r\nLa jeune Gwen, adopt\u00e9e par une tribu de nomades, vit dans un monde post-apocalyptique envahi par le sable, o\u00f9 une entit\u00e9 inconnue d\u00e9verse des flots d'objets, reproductions gigantesques de produits banals de notre monde (valises, t\u00e9l\u00e9phones, horloges...). Quand le gar\u00e7on avec lequel elle s'est li\u00e9e d'amiti\u00e9 est enlev\u00e9 par l'entit\u00e9, Gwen part \u00e0 sa recherche.\r","authors":["Jean-fran\u00e7ois Laguionie"],"category_codes":["6000000","6070000","6070300"],"visuals":{"large":"https:\/\/images.epagine.fr\/661\/9782351372661_1_75.jpg","medium":"https:\/\/images.epagine.fr\/661\/9782351372661_1_m.jpg","thumbnail":"https:\/\/images.epagine.fr\/661\/9782351372661_1_v.jpg"},"orderable":true,"show_badge":true,"formatted_price":"25,00&nbsp;\u20ac","formatted_published_date":"1er juillet 2019","publisher_availability_label":"Sur commande","short_details":"Jean-fran\u00e7ois Laguionie \u2014 EDITIONS DE L'OEIL","translator":null,"weight":267,"page_count":80,"readership":null,"editor":"EDITIONS DE L'OEIL","price":2500,"published_date":"2019-06-30T22:00:00.000000Z","support":"Livre + DVD","publisher_availability":1,"stock":0,"editions":[],"url":"https:\/\/quaidesbrumes.com\/ouvrage\/9782351372661\/gwen-et-le-livre-de-sable"},{"id":"9782343167053","title":"L'image du corps f\u00e9minin dans \"les silences du palais\" ; corps opprim\u00e9 ou rebelle","description":"Cet ouvrage analyse la repr\u00e9sentation, l'image et la place accord\u00e9es \u00e0 la femme maghr\u00e9bine dans Les Silences du palais. Les personnages f\u00e9minins semblent incarner un m\u00e9canisme de perturbation dans la hi\u00e9rarchie des genres, une source de rupture et de lib\u00e9ration \u00e0 travers la fiction. Parall\u00e8lement, il y a une autre face de la repr\u00e9sentation f\u00e9minine montrant une docilit\u00e9 et une soumission pr\u00e9pond\u00e9rantes. L'oeuvre \u00e9voque, ainsi, un paradoxe certain de la condition f\u00e9minine arabe : d'un c\u00f4t\u00e9, la repr\u00e9sentation de la femme soumise et ob\u00e9issante; de l'autre, le portrait d'une femme rebelle.","authors":["Laakri Cherifi"],"category_codes":["6000000","6070000","6070300","6070304"],"visuals":{"large":"https:\/\/images.epagine.fr\/053\/9782343167053_1_75.jpg","medium":"https:\/\/images.epagine.fr\/053\/9782343167053_1_m.jpg","thumbnail":"https:\/\/images.epagine.fr\/053\/9782343167053_1_v.jpg"},"orderable":true,"show_badge":true,"formatted_price":"23,50&nbsp;\u20ac","formatted_published_date":"28 mars 2019","publisher_availability_label":"Sur commande","short_details":"Laakri Cherifi \u2014 \u00c9ditions L'Harmattan","translator":null,"weight":256,"page_count":214,"readership":null,"editor":"\u00c9ditions L'Harmattan","price":2350,"published_date":"2019-03-27T23:00:00.000000Z","support":"Grand format","publisher_availability":1,"stock":0,"editions":[],"url":"https:\/\/quaidesbrumes.com\/ouvrage\/9782343167053\/limage-du-corps-feminin-dans-les-silences-du-palais-corps-opprime-ou-rebelle"},{"id":"9782343174426","title":"Histoire des cin\u00e9mas \u00e0 Conflans-Sainte-Honorine","description":"L'histoire des salles de cin\u00e9ma dans la ville de Conflans-Sainte-Honorine depuis leur apparition est retrac\u00e9e ici pour la premi\u00e8re fois. Leur programmation et activit\u00e9s sont rappel\u00e9es dans ce beau-livre mettant en valeur - \u00e0 c\u00f4t\u00e9 d'images d'archives et d'affiches - des photographies originales des parties publiques mais aussi cach\u00e9es de ces deux derni\u00e8res salles, sous des angles et aspects inattendus, afin d'en saisir quelques-unes de leurs sp\u00e9cificit\u00e9s et originalit\u00e9s.","authors":["Arnaud Chapuy","Claude Forest"],"category_codes":["6000000","6070000","6070300"],"visuals":{"large":"https:\/\/images.epagine.fr\/426\/9782343174426_1_75.jpg","medium":"https:\/\/images.epagine.fr\/426\/9782343174426_1_m.jpg","thumbnail":"https:\/\/images.epagine.fr\/426\/9782343174426_1_v.jpg"},"orderable":true,"show_badge":true,"formatted_price":"27,00&nbsp;\u20ac","formatted_published_date":"27 mai 2019","publisher_availability_label":"Sur commande","short_details":"Arnaud Chapuy, Claude Forest \u2014 \u00c9ditions L'Harmattan","translator":null,"weight":309,"page_count":96,"readership":null,"editor":"\u00c9ditions L'Harmattan","price":2700,"published_date":"2019-05-26T22:00:00.000000Z","support":"Grand format","publisher_availability":1,"stock":0,"editions":[],"url":"https:\/\/quaidesbrumes.com\/ouvrage\/9782343174426\/histoire-des-cinemas-a-conflans-sainte-honorine"},{"id":"9783960700388","title":"Ingar krauss huts hedges heaps","description":null,"authors":["Krauss Ingar"],"category_codes":["6000000","6070000","6070200"],"visuals":{"large":"https:\/\/images.epagine.fr\/388\/9783960700388_1_75.jpg","medium":"https:\/\/images.epagine.fr\/388\/9783960700388_1_m.jpg","thumbnail":"https:\/\/images.epagine.fr\/388\/9783960700388_1_v.jpg"},"orderable":true,"show_badge":true,"formatted_price":"40,00&nbsp;\u20ac","formatted_published_date":"30 juin 2019","publisher_availability_label":"Sur commande","short_details":"Krauss Ingar \u2014 Hartmann Books","translator":null,"weight":801,"page_count":88,"readership":null,"editor":"Hartmann Books","price":4000,"published_date":"2019-06-29T22:00:00.000000Z","support":"Grand format","publisher_availability":1,"stock":0,"editions":[],"url":"https:\/\/quaidesbrumes.com\/ouvrage\/9783960700388\/ingar-krauss-huts-hedges-heaps"},{"id":"9783960700364","title":"Lia darjes tempora morte","description":null,"authors":["Lia Darjes"],"category_codes":["6000000","6070000","6070200"],"visuals":{"large":"https:\/\/images.epagine.fr\/364\/9783960700364_1_75.jpg","medium":"https:\/\/images.epagine.fr\/364\/9783960700364_1_m.jpg","thumbnail":"https:\/\/images.epagine.fr\/364\/9783960700364_1_v.jpg"},"orderable":true,"show_badge":true,"formatted_price":"36,00&nbsp;\u20ac","formatted_published_date":"22 septembre 2019","publisher_availability_label":"Sur commande","short_details":"Lia Darjes \u2014 Hartmann Books","translator":null,"weight":601,"page_count":92,"readership":null,"editor":"Hartmann Books","price":3600,"published_date":"2019-09-21T22:00:00.000000Z","support":"Grand format","publisher_availability":1,"stock":0,"editions":[],"url":"https:\/\/quaidesbrumes.com\/ouvrage\/9783960700364\/lia-darjes-tempora-morte"},{"id":"9783829608749","title":"Thomas struth composition 19","description":null,"authors":["Struth Thomas"],"category_codes":["6000000","6070000","6070200"],"visuals":{"large":"https:\/\/images.epagine.fr\/749\/9783829608749_1_75.jpg","medium":"https:\/\/images.epagine.fr\/749\/9783829608749_1_m.jpg","thumbnail":"https:\/\/images.epagine.fr\/749\/9783829608749_1_v.jpg"},"orderable":true,"show_badge":true,"formatted_price":"49,00&nbsp;\u20ac","formatted_published_date":"15 juin 2019","publisher_availability_label":"Sur commande","short_details":"Struth Thomas \u2014 Schirmer Mosel","translator":null,"weight":1001,"page_count":130,"readership":null,"editor":"Schirmer Mosel","price":4900,"published_date":"2019-06-14T22:00:00.000000Z","support":"Grand format","publisher_availability":1,"stock":0,"editions":[],"url":"https:\/\/quaidesbrumes.com\/ouvrage\/9783829608749\/thomas-struth-composition-19"},{"id":"9782322120314","title":"Flottilles sur le golfe du Morbihan ; sailboats floats on the Morbihan gulf","description":"Une f\u00eate maritime d'exception avec des centaines de bateaux r\u00e9partis sur Vannes, Arradon, Saint-Goustan, Larmor-Baden, Port-Blanc, \u00cele aux Moines, Port-Anna. Voiliers qui naviguent en flottilles, dans un cadre fait de paysages marins \u00e0 couper le souffle, d'anses, d'\u00eeles, de criques avec des petites plages (accessibles uniquement en bateau). C'est la Semaine du Golfe du Morbihan. \u00c9v\u00e8nement maritime qui a lieu tous les deux ans, avec une armada de flottilles : voile-aviron, petite plaisance traditionnelle, plaisance classique, voiliers traditionnels, motonautisme classique et grands voiliers. Avec en final : la Grande Parade.  An exceptional maritime festival with hundreds of boats spread over Vannes, Arradon, Saint-Goustan, Larmor-Baden, Port-Blanc, \u00cele aux Moines, Port-Anna... Sailboats that sail in fleets in a frame made of seascapes to breathtaking, currents, islands, coves with small secret beaches accessible only by boat. This is the \u00ab Week of Morbihan Gulf \u00bb (Brittany, France) ! Maritime event that takes place every two years with an armada of fleets : sailing-rowing boats, traditional yachting, classic yachts and yachting of the 60s \/ 70s, without forgetting the traditional sailboats, the classic motorboating and Tall ships. With fireworks, for the finale : the Grande Parade.\r","authors":["Jo\u00ebl Douillet"],"category_codes":["6000000","6070000","6070200","6070201"],"visuals":{"large":"https:\/\/images.epagine.fr\/314\/9782322120314_1_75.jpg","medium":"https:\/\/images.epagine.fr\/314\/9782322120314_1_m.jpg","thumbnail":"https:\/\/images.epagine.fr\/314\/9782322120314_1_v.jpg"},"orderable":true,"show_badge":true,"formatted_price":"19,90&nbsp;\u20ac","formatted_published_date":"13 juillet 2019","publisher_availability_label":"Sur commande","short_details":"Jo\u00ebl Douillet \u2014 Books on Demand","translator":null,"weight":236,"page_count":48,"readership":null,"editor":"Books on Demand","price":1990,"published_date":"2019-07-12T22:00:00.000000Z","support":"Grand format","publisher_availability":1,"stock":0,"editions":[],"url":"https:\/\/quaidesbrumes.com\/ouvrage\/9782322120314\/flottilles-sur-le-golfe-du-morbihan-sailboats-floats-on-the-morbihan-gulf"},{"id":"9780764345661","title":"Alternative movie poster volume i: film art from the underground","description":null,"authors":["Matthew Chojnacki"],"category_codes":["6000000","6070000","6070300","6070306"],"visuals":{"large":"https:\/\/images.epagine.fr\/661\/9780764345661_1_75.jpg","medium":"https:\/\/images.epagine.fr\/661\/9780764345661_1_m.jpg","thumbnail":"https:\/\/images.epagine.fr\/661\/9780764345661_1_v.jpg"},"orderable":true,"show_badge":true,"formatted_price":"54,00&nbsp;\u20ac","formatted_published_date":"18 octobre 2013","publisher_availability_label":"Sur commande","short_details":"Matthew Chojnacki \u2014 Schiffer","translator":null,"weight":1101,"page_count":null,"readership":null,"editor":"Schiffer","price":5400,"published_date":"2013-10-17T22:00:00.000000Z","support":"Grand format","publisher_availability":1,"stock":0,"editions":[],"url":"https:\/\/quaidesbrumes.com\/ouvrage\/9780764345661\/alternative-movie-poster-volume-i-film-art-from-the-underground"},{"id":"9780764349867","title":"Alternative movie poster volume ii more film art from the underground","description":null,"authors":["Matthew Chojnacki"],"category_codes":["6000000","6070000","6070300","6070306"],"visuals":{"large":"https:\/\/images.epagine.fr\/867\/9780764349867_1_75.jpg","medium":"https:\/\/images.epagine.fr\/867\/9780764349867_1_m.jpg","thumbnail":"https:\/\/images.epagine.fr\/867\/9780764349867_1_v.jpg"},"orderable":true,"show_badge":true,"formatted_price":"54,00&nbsp;\u20ac","formatted_published_date":"5 d\u00e9cembre 2015","publisher_availability_label":"Sur commande","short_details":"Matthew Chojnacki \u2014 Schiffer","translator":null,"weight":1101,"page_count":null,"readership":null,"editor":"Schiffer","price":5400,"published_date":"2015-12-04T23:00:00.000000Z","support":"Grand format","publisher_availability":1,"stock":0,"editions":[],"url":"https:\/\/quaidesbrumes.com\/ouvrage\/9780764349867\/alternative-movie-poster-volume-ii-more-film-art-from-the-underground"},{"id":"9780764344879","title":"Harlem street portraits- harvey stein","description":null,"authors":["Herb Boyd\/Sara Rosen"],"category_codes":["6000000","6070000","6070200"],"visuals":{"large":"https:\/\/images.epagine.fr\/879\/9780764344879_1_75.jpg","medium":"https:\/\/images.epagine.fr\/879\/9780764344879_1_m.jpg","thumbnail":"https:\/\/images.epagine.fr\/879\/9780764344879_1_v.jpg"},"orderable":true,"show_badge":true,"formatted_price":"68,00&nbsp;\u20ac","formatted_published_date":"28 septembre 2013","publisher_availability_label":"Sur commande","short_details":"Herb Boyd\/Sara Rosen \u2014 Schiffer","translator":null,"weight":1301,"page_count":null,"readership":null,"editor":"Schiffer","price":6800,"published_date":"2013-09-27T22:00:00.000000Z","support":"Grand format","publisher_availability":1,"stock":0,"editions":[],"url":"https:\/\/quaidesbrumes.com\/ouvrage\/9780764344879\/harlem-street-portraits-harvey-stein"},{"id":"9782322101085","title":"Vacances \u00e0 la ferme en Bourbonnais","description":"Un tr\u00e9sor de plus de 2000 n\u00e9gatifs de photographies prises entre 1956 et 1968 attendait dans une valise que l'on veuille bien sauver de l'oubli les meilleures d'entre elles. Une autre   valise mexicaine  , en quelque sorte, mais auvergnate cette fois-ci. Ce premier album th\u00e9matique de la s\u00e9rie   Ma vie en Leica   est une histoire sans paroles autour du th\u00e8me des   vacances \u00e0 la ferme en Bourbonnais  ,  chez les grands-parents maternels de l'\u00e9ditrice, elle-m\u00eame fille du photographe. Paysages, portraits d'hommes et d'animaux, font ressurgir un monde disparu. Une ferme isol\u00e9e, vivant comme hors du temps. Une autre \u00e9poque, un autre monde. Un monde refl\u00e9t\u00e9 dans une goutte d'eau...\r","authors":["Albert Cazal"],"category_codes":["6000000","6070000","6070200","6070205"],"visuals":{"large":"https:\/\/images.epagine.fr\/085\/9782322101085_1_75.jpg","medium":"https:\/\/images.epagine.fr\/085\/9782322101085_1_m.jpg","thumbnail":"https:\/\/images.epagine.fr\/085\/9782322101085_1_v.jpg"},"orderable":true,"show_badge":true,"formatted_price":"8,99&nbsp;\u20ac","formatted_published_date":"24 juin 2019","publisher_availability_label":"Sur commande","short_details":"Albert Cazal \u2014 Books on Demand","translator":null,"weight":378,"page_count":116,"readership":null,"editor":"Books on Demand","price":899,"published_date":"2019-06-23T22:00:00.000000Z","support":"Grand format","publisher_availability":1,"stock":0,"editions":[],"url":"https:\/\/quaidesbrumes.com\/ouvrage\/9782322101085\/vacances-a-la-ferme-en-bourbonnais"},{"id":"9782322153329","title":"Manuel de restauration, certo dollina","description":"Les Certo Dollina sont des jolis boitiers 135 (24x36) de petite taille qui se glissent assez facilement dans une poche de manteau,  ce qui est tr\u00e8s pratique pour les d\u00e9placements. \r\nIls sont facilement r\u00e9parables vu la  simplicit\u00e9 de leur m\u00e9canisme ce qui les rend tr\u00e8s robustes.  Gr\u00e2ce \u00e0 cet ouvrage, vous pourrez rem\u00e9dier aux d\u00e9fauts de votre   Certo Dollina.\r","authors":["Bruno Jean"],"category_codes":["6000000","6070000","6070200"],"visuals":{"large":"https:\/\/images.epagine.fr\/329\/9782322153329_1_75.jpg","medium":"https:\/\/images.epagine.fr\/329\/9782322153329_1_m.jpg","thumbnail":"https:\/\/images.epagine.fr\/329\/9782322153329_1_v.jpg"},"orderable":true,"show_badge":true,"formatted_price":"22,00&nbsp;\u20ac","formatted_published_date":"22 avril 2019","publisher_availability_label":"Sur commande","short_details":"Bruno Jean \u2014 Books on Demand","translator":null,"weight":113,"page_count":52,"readership":null,"editor":"Books on Demand","price":2200,"published_date":"2019-04-21T22:00:00.000000Z","support":"Grand format","publisher_availability":1,"stock":0,"editions":[],"url":"https:\/\/quaidesbrumes.com\/ouvrage\/9782322153329\/manuel-de-restauration-certo-dollina"},{"id":"9782343182162","title":"Bernanos au cin\u00e9ma","description":"L'oeuvre de fiction de Georges Bernanos, figure de proue de la litt\u00e9rature fran\u00e7aise du XXe, devait s\u00e9duire le cin\u00e9ma. Des personnages complexes, haut en couleur, qui engagent leur vie avec passion sur le chemin du Bien ou du Mal. Une vision du monde profond\u00e9ment originale, comparable \u00e0 cette de Dosto\u00efevski, inscrite dans les p\u00e9rip\u00e9ties romanesques et des structures esth\u00e9tiques (d\u00e9cors, images, sensations) o\u00f9 le visible refl\u00e8te l'invisible : comment ne pas susciter l'inspiration d'un cin\u00e9aste ? Robert Bresson fut le premier \u00e0 transposer le romancier en tournant Journal d'un cur\u00e9 de campagne. Ce livre est le premier \u00e0 pr\u00e9senter une \u00e9tude d'ensemble des transpositions de Bernanos au cin\u00e9ma.","authors":["Michel Est\u00e8ve"],"category_codes":["6000000","6070000","6070300"],"visuals":{"large":"https:\/\/images.epagine.fr\/162\/9782343182162_1_75.jpg","medium":"https:\/\/images.epagine.fr\/162\/9782343182162_1_m.jpg","thumbnail":"https:\/\/images.epagine.fr\/162\/9782343182162_1_v.jpg"},"orderable":true,"show_badge":true,"formatted_price":"21,00&nbsp;\u20ac","formatted_published_date":"24 juillet 2019","publisher_availability_label":"Sur commande","short_details":"Michel Est\u00e8ve \u2014 \u00c9ditions L'Harmattan","translator":null,"weight":232,"page_count":180,"readership":null,"editor":"\u00c9ditions L'Harmattan","price":2100,"published_date":"2019-07-23T22:00:00.000000Z","support":"Grand format","publisher_availability":1,"stock":0,"editions":[],"url":"https:\/\/quaidesbrumes.com\/ouvrage\/9782343182162\/bernanos-au-cinema"},{"id":"9781914317606","title":"Terence Donovan : one hundred faces","description":"Following on from Terence Donovan: 100 Fashion Photos, this new compact edition of collected photographs features over 100 of Terence Donovan's best portraits.\r\n\r\nTerence Donovan (1936-1996) was one of the foremost photographers of his generation, with a career spanning four decades. He came to prominence as part of a post-war cultural renaissance in Britain, representing a new force in photography. Donovan had an eye for taking captivating portraits, and this book is a collection of one hundred of his best, from royalty to musicians, politicians, actors and more.\r\n\r\nGifted with an unerring eye for the iconic as well as the transformative, Donovan was a master of his craft and was an acclaimed portrait photographer. Featuring some of his most striking and memorable portraits from a vast array of people, including iconic images of Sophia Loren, Jimi Hendrix, Jazzy B, Bryan Ferry and Mary Quant, this small edition is an affordable yet luxurious introduction to Donovan's work, perfect for lovers of photography.","authors":["Collectif"],"category_codes":["6000000","6070000","6070200","6070205"],"visuals":{"large":"https:\/\/images.epagine.fr\/606\/9781914317606_1_75.jpg","medium":"https:\/\/images.epagine.fr\/606\/9781914317606_1_m.jpg","thumbnail":"https:\/\/images.epagine.fr\/606\/9781914317606_1_v.jpg"},"orderable":true,"show_badge":true,"formatted_price":"25,00&nbsp;\u20ac","formatted_published_date":"27 avril 2023","publisher_availability_label":"Sur commande","short_details":"Collectif \u2014 Welbeck","translator":null,"weight":381,"page_count":112,"readership":null,"editor":"Welbeck","price":2500,"published_date":"2023-04-26T22:00:00.000000Z","support":"Grand format","publisher_availability":1,"stock":0,"editions":[],"url":"https:\/\/quaidesbrumes.com\/ouvrage\/9781914317606\/terence-donovan-one-hundred-faces"},{"id":"9782956588900","title":"Des bases solides ; comment ma\u00eetriser les bases de la photographie facilement ?","description":"Ce livre est un condens\u00e9 des notions qui rendront n importe quel apprenti photographe tr\u00e8s rapidement efficace et original avec son reflex. Entre recueil de savoirs, m\u00e9thode de r\u00e9flexion et outil technique, ce livre est le support id\u00e9al pour bien d\u00e9marrer et gagner un maximum de temps. L auteur a souhait\u00e9 mettre des exemples et illustrations afin de faciliter l acc\u00e8s \u00e0 un jargon parfois soutenu. C est donc une mine d informations vulgaris\u00e9es. Ce livre contient l essence m\u00eame de ce qu un photographe doit savoir et offre la possibilit\u00e9 \u00e0 tout un chacun d y acc\u00e9der. Prenant le parti d \u00eatre le compl\u00e9ment de formation id\u00e9al pour celui qui se lancera dans l aventure, il se veut pratique et direct.\r","authors":["Johan Pommelec"],"category_codes":["6000000","6070000","6070200"],"visuals":{"large":"https:\/\/images.epagine.fr\/900\/9782956588900_1_75.jpg","medium":"https:\/\/images.epagine.fr\/900\/9782956588900_1_m.jpg","thumbnail":"https:\/\/images.epagine.fr\/900\/9782956588900_1_v.jpg"},"orderable":true,"show_badge":true,"formatted_price":"12,99&nbsp;\u20ac","formatted_published_date":"25 avril 2019","publisher_availability_label":"Sur commande","short_details":"Johan Pommelec \u2014 UNITE WANSHOT","translator":null,"weight":128,"page_count":80,"readership":null,"editor":"UNITE WANSHOT","price":1299,"published_date":"2019-04-24T22:00:00.000000Z","support":"Grand format","publisher_availability":1,"stock":0,"editions":[],"url":"https:\/\/quaidesbrumes.com\/ouvrage\/9782956588900\/des-bases-solides-comment-maitriser-les-bases-de-la-photographie-facilement"}]}