{"data":[{"id":"9782350745596","title":"Portraits de mains ; une histoire parisienne","description":"Une galerie de portraits inattendus, les mains comme miroirs de l'\u00e2me.\r\n\r\nL'auteure, avec sa g\u00e9n\u00e9rosit\u00e9 a su convaincre une nombre impressionnant de c\u00e9l\u00e9brit\u00e9s : Claudia Cardinale, Gilles Jacob, Armen P\u00e9trossian, Nicoletta, Robert Hossein, Arielle Dombasle, Thomas Dutronc, Jean-Michel Jarre, Renaud Capu\u00e7on... une centaine de personnalit\u00e9s du monde des arts travaillant en France lui ont donn\u00e9 leur main.\r\n\r\nUne illustration multiple de cette partie de nous-m\u00eames qui nous est essentielle pour appr\u00e9hender la beaut\u00e9 du monde.  \u00ab Il y a quelques ann\u00e9es, Pascal Morabito dans une performance m\u00e9morable a pendant un an photographi\u00e9 tous les pieds rencontr\u00e9s lors de cocktails ou soir\u00e9es parisiennes. Ce travail immense fut r\u00e9uni dans son livre Mes pas dans vos pas. Pourquoi pas les mains ai-je pens\u00e9 ? L'id\u00e9e a fait son che-main et le livre s'est construit. Aucun nom n'est l\u00e0 par hasard, le fil rouge est l'amour, l'admiration pour le talent des personnalit\u00e9s choisies.\r","authors":["Alain Delon","Dominique de Rabaudy montoussin"],"category_codes":["6000000","6070000","6070200"],"visuals":{"large":"https:\/\/images.epagine.fr\/596\/9782350745596_1_75.jpg","medium":"https:\/\/images.epagine.fr\/596\/9782350745596_1_m.jpg","thumbnail":"https:\/\/images.epagine.fr\/596\/9782350745596_1_v.jpg"},"orderable":true,"show_badge":true,"formatted_price":"35,00&nbsp;\u20ac","formatted_published_date":"18 mai 2019","publisher_availability_label":"Sur commande","short_details":"Alain Delon, Dominique de Rabaudy montoussin \u2014 Magellan & Cie","translator":null,"weight":1090,"page_count":196,"readership":null,"editor":"Magellan & Cie","price":3500,"published_date":"2019-05-17T22:00:00.000000Z","support":"Grand format","publisher_availability":1,"stock":0,"editions":[],"url":"https:\/\/quaidesbrumes.com\/ouvrage\/9782350745596\/portraits-de-mains-une-histoire-parisienne"},{"id":"9783960700340","title":"Andre kirchner berlin the city's edge 1993\/1994","description":null,"authors":["Domrose Ulrich"],"category_codes":["6000000","6070000","6070200"],"visuals":{"large":"https:\/\/images.epagine.fr\/340\/9783960700340_1_75.jpg","medium":"https:\/\/images.epagine.fr\/340\/9783960700340_1_m.jpg","thumbnail":"https:\/\/images.epagine.fr\/340\/9783960700340_1_v.jpg"},"orderable":true,"show_badge":true,"formatted_price":"36,00&nbsp;\u20ac","formatted_published_date":"15 mai 2019","publisher_availability_label":"Sur commande","short_details":"Domrose Ulrich \u2014 Hartmann Books","translator":null,"weight":701,"page_count":152,"readership":null,"editor":"Hartmann Books","price":3600,"published_date":"2019-05-14T22:00:00.000000Z","support":"Grand format","publisher_availability":1,"stock":0,"editions":[],"url":"https:\/\/quaidesbrumes.com\/ouvrage\/9783960700340\/andre-kirchner-berlin-the-citys-edge-19931994"},{"id":"9791093196435","title":"Bestioles de mon jardin","description":"\" Mais qui sont ces bestioles qui peuplent notre jardin ? Des papillons, des araign\u00e9es, des insectes de toutes sortes, mais pas que... Une incroyable faune habite tout pr\u00e8s de nous aussi prodigieuse, qu'effrayante, aussi fascinante que magnifique, mais toujours avec ce merveilleux que seule la nature est capable de cr\u00e9er.  Une c\u00e9l\u00e8bre phrase de George Sand s'applique parfaitement aux Bestioles de mon jardin : \u00ab C'est ici que la prodigalit\u00e9 de la nature et l'ardeur de la vie \u00e9clatent... \u00bb\"\r","authors":["Michel Rajaut"],"category_codes":["6000000","6070000","6070200","6070203"],"visuals":{"large":"https:\/\/images.epagine.fr\/435\/9791093196435_1_75.jpg","medium":"https:\/\/images.epagine.fr\/435\/9791093196435_1_m.jpg","thumbnail":"https:\/\/images.epagine.fr\/435\/9791093196435_1_v.jpg"},"orderable":true,"show_badge":true,"formatted_price":"25,00&nbsp;\u20ac","formatted_published_date":"14 janvier 2019","publisher_availability_label":"Sur commande","short_details":"Michel Rajaut \u2014 Complices","translator":null,"weight":330,"page_count":148,"readership":null,"editor":"Complices","price":2500,"published_date":"2019-01-13T23:00:00.000000Z","support":"Grand format","publisher_availability":1,"stock":0,"editions":[],"url":"https:\/\/quaidesbrumes.com\/ouvrage\/9791093196435\/bestioles-de-mon-jardin"},{"id":"9780871301000","title":"Balanchine teaching","description":"N 1961, Nancy Lassalle was given permission to photograph a two-day teachers seminar led by George Balanchine at the School of American Ballet. The workshop, funded by the Ford Foundation, was intended to elevate the level of ballet education across the United States by offering the highest standard of training to future dancers. Teachers came from around the country to learn directly from Balanchine. The fourteen photographs collected in Balanchine Teaching show Mr. Balanchine demonstrating various ballet positions, doing pli\u00e9s, making slight adjustments on students, at once articulating his command of the art as well as his generous desire to share that knowledge. They offer a rare glimpse behind the scenes of a pivotal moment in the history of American dance when ballet s greatest choreographer is deeply engaged with his most fundamental calling: teaching dancers to dance. Through her involvement with SAB and NYCB, Mrs. Lassalle had unique access to Mr. Balanchine during this foundational experience which deepened her subsequent life-long relationship with the School and the Company.\r\n\r\nSuki Schorer s essay and commentary on each of the photographs demonstrates a deep understanding of Balanchine s teaching. Schorer was chosen to assist Balanchine during these 1961 workshops and appears in several of the photographs. In her essay, she notes that while Balanchine is known to the world as a choreographer; for most ballet lovers he is the greatest of the twentieth century, if not of all time...Yet he said of himself, I am a teacher. That is my contribution.\r","authors":["Nancy Lassalle"],"category_codes":["6000000","6070000","6070200","6070205"],"visuals":{"large":"https:\/\/images.epagine.fr\/000\/9780871301000_1_75.jpg","medium":"https:\/\/images.epagine.fr\/000\/9780871301000_1_m.jpg","thumbnail":"https:\/\/images.epagine.fr\/000\/9780871301000_1_v.jpg"},"orderable":true,"show_badge":true,"formatted_price":"25,00&nbsp;\u20ac","formatted_published_date":"10 novembre 2016","publisher_availability_label":"Sur commande","short_details":"Nancy Lassalle \u2014 Distributed Art Publishers","translator":null,"weight":501,"page_count":36,"readership":null,"editor":"Distributed Art Publishers","price":2500,"published_date":"2016-11-09T23:00:00.000000Z","support":"Grand format","publisher_availability":1,"stock":0,"editions":[],"url":"https:\/\/quaidesbrumes.com\/ouvrage\/9780871301000\/balanchine-teaching"},{"id":"9780871300706","title":"Carl Van Vechten: 'o, write my name': american heroes, harlem portraits","description":"This elegantly designed and beautifully produced volume presents portraits of 50 extraordinary individuals who contributed to making the Harlem Renaissance one of the great cultural movements in American history. Some of the subjects are familiar?icons of music, dance, theater, literature, art, academia and sports?while others are considerably less well known, but equally important to the spirit at the heart of the movement.\r\nThe photographs show the sitters not only as public personalities but also as private citizens. They ennoble without flattery, and benefit from the insight that their friendship with Van Vechten engendered. Carl Van Vechten (1880-1964) was a well-known and controversial figure during his lifetime. He was a celebrated dance critic, novelist, photographer and friend of Harlem. In his introduction to the book, Darryl Pinckney writes of Van Vechten, \"He recreated himself as an artist and he became a portrait photographer of historical importance.... [The Harlem Renaissance] was a cultural movement that through his photography Van Vechten both witnessed and abetted. In remaining true to the cause, he discovered his best self.\"  'O, Write My Name': American Portraits, Harlem Heroes is both a cultural and photographic treasure, providing new audiences with compelling studies of these inimitable figures who so essentially shaped what we know as American culture. The book is intended to contribute to a deep and lasting appreciation of the achievements of African-Americans of this era by informing succeeding generations about their works and their personalities.\r","authors":["Collectif"],"category_codes":["6000000","6070000","6070200","6070205"],"visuals":{"large":"https:\/\/images.epagine.fr\/706\/9780871300706_1_75.jpg","medium":"https:\/\/images.epagine.fr\/706\/9780871300706_1_m.jpg","thumbnail":"https:\/\/images.epagine.fr\/706\/9780871300706_1_v.jpg"},"orderable":true,"show_badge":true,"formatted_price":"50,00&nbsp;\u20ac","formatted_published_date":"2 f\u00e9vrier 2015","publisher_availability_label":"Sur commande","short_details":"Collectif \u2014 Distributed Art Publishers","translator":null,"weight":1001,"page_count":136,"readership":null,"editor":"Distributed Art Publishers","price":5000,"published_date":"2015-02-01T23:00:00.000000Z","support":"Grand format","publisher_availability":1,"stock":0,"editions":[],"url":"https:\/\/quaidesbrumes.com\/ouvrage\/9780871300706\/carl-van-vechten-o-write-my-name-american-heroes-harlem-portraits"},{"id":"9782322133673","title":"\u00e9ternels instants","description":"La photographie est un arr\u00eat du temps. Les po\u00e8mes qui accompagnent les photos de ce livre proc\u00e8dent aussi de l'intention d'arr\u00eater le temps, dont le d\u00e9roulement n'est pas vu comme un accomplissement, mais comme une d\u00e9gradation, ainsi que l'ont bien remarqu\u00e9 les gnostiques chr\u00e9tiens, dont ce livre reprend les intuitions. Chronos d\u00e9vore implacablement ses enfants, tel l'ogre de Goya dans son tableau \"Saturne\".\r\nHeureusement qu'\u00e0 de certains moments transper\u00e7ants l'\u00e9ternit\u00e9 peut nous visiter, ce qui justifie la remarque de Spinoza : \"Nous sentons et exp\u00e9rimentons que nous sommes \u00e9ternels.\" Bien s\u00fbr, ce ne sont que des moments, qui ne durent qu'un temps. Mais enfin ils existent, et m\u00eame disparus nous en reste au moins le souvenir, viatique pour notre avenir, source \u00e0 laquelle nous pouvons nous abreuver pour rester en vie.\r\nCe livre illustre les situations qui gravitent autour de cette m\u00eame question : comment continuer \u00e0 vivre d'une vie authentique dans un exil temporel qui semble l'interdire ?\r","authors":["Michel Th\u00e9ron"],"category_codes":["6000000","6070000","6070200"],"visuals":{"large":"https:\/\/images.epagine.fr\/673\/9782322133673_1_75.jpg","medium":"https:\/\/images.epagine.fr\/673\/9782322133673_1_m.jpg","thumbnail":"https:\/\/images.epagine.fr\/673\/9782322133673_1_v.jpg"},"orderable":true,"show_badge":true,"formatted_price":"15,00&nbsp;\u20ac","formatted_published_date":"6 f\u00e9vrier 2019","publisher_availability_label":"Sur commande","short_details":"Michel Th\u00e9ron \u2014 Books on Demand","translator":null,"weight":240,"page_count":100,"readership":null,"editor":"Books on Demand","price":1500,"published_date":"2019-02-05T23:00:00.000000Z","support":"Grand format","publisher_availability":1,"stock":0,"editions":[],"url":"https:\/\/quaidesbrumes.com\/ouvrage\/9782322133673\/eternels-instants"},{"id":"9782343164755","title":"Georges Franju, l'image d\u00e9sincarn\u00e9e","description":"Le chef-d'oeuvre de Georges Franju, Les Yeux sans visage (1960) a inspir\u00e9 un certain nombre de cin\u00e9astes, de John Woo (Volte\/face, 1997) \u00e0 Pedro Almod\u00f3var (La Piel que habito, 2011). Contemporain de la Nouvelle Vague, Franju r\u00e9alise un film intemporel et insolite au sein du septi\u00e8me art qui se renouvelle fortement \u00e0 cette \u00e9poque m\u00e9morable. Franju r\u00e9ussit \u00e0 transposer l'invisibilit\u00e9 d'un monstre \u00e0 l'\u00e9cran, personnage central, dont on ne voit jamais le visage. \u00c9pigone de Frankenstein, le p\u00e8re de cette cr\u00e9ature tente d\u00e9sesp\u00e9r\u00e9ment de combler son d\u00e9ficit d'image, d'accomplir une transfiguration miraculeuse, une transsubstantiation d'un visage profane en image d\u00e9sincarn\u00e9e.","authors":["Eric Costeix"],"category_codes":["6000000","6070000","6070300","6070304"],"visuals":{"large":"https:\/\/images.epagine.fr\/755\/9782343164755_1_75.jpg","medium":"https:\/\/images.epagine.fr\/755\/9782343164755_1_m.jpg","thumbnail":"https:\/\/images.epagine.fr\/755\/9782343164755_1_v.jpg"},"orderable":true,"show_badge":true,"formatted_price":"28,50&nbsp;\u20ac","formatted_published_date":"22 mars 2019","publisher_availability_label":"Sur commande","short_details":"Eric Costeix \u2014 \u00c9ditions L'Harmattan","translator":null,"weight":370,"page_count":246,"readership":null,"editor":"\u00c9ditions L'Harmattan","price":2850,"published_date":"2019-03-21T23:00:00.000000Z","support":"Grand format","publisher_availability":1,"stock":0,"editions":[],"url":"https:\/\/quaidesbrumes.com\/ouvrage\/9782343164755\/georges-franju-limage-desincarnee"},{"id":"9780892368105","title":"Weegee","description":null,"authors":["Keller"],"category_codes":["6000000","6070000","6070200","6070205"],"visuals":{"large":"https:\/\/images.epagine.fr\/105\/9780892368105_1_75.jpg","medium":"https:\/\/images.epagine.fr\/105\/9780892368105_1_m.jpg","thumbnail":"https:\/\/images.epagine.fr\/105\/9780892368105_1_v.jpg"},"orderable":true,"show_badge":true,"formatted_price":"25,00&nbsp;\u20ac","formatted_published_date":"1er f\u00e9vrier 2019","publisher_availability_label":"Sur commande","short_details":"Keller \u2014 GETTY MUSEUM","translator":null,"weight":501,"page_count":null,"readership":null,"editor":"GETTY MUSEUM","price":2500,"published_date":"2019-01-31T23:00:00.000000Z","support":"Grand format","publisher_availability":1,"stock":0,"editions":[],"url":"https:\/\/quaidesbrumes.com\/ouvrage\/9780892368105\/weegee"},{"id":"9781588396846","title":"Apollo's muse - the moon in the age of photography","description":null,"authors":["Fineman\/Saunders"],"category_codes":["6000000","6070000","6070200"],"visuals":{"large":"https:\/\/quaidesbrumes.com\/img\/book-placeholder.png","medium":"https:\/\/quaidesbrumes.com\/img\/book-placeholder.png","thumbnail":"https:\/\/quaidesbrumes.com\/img\/book-placeholder.png"},"orderable":true,"show_badge":true,"formatted_price":"45,00&nbsp;\u20ac","formatted_published_date":"17 juin 2020","publisher_availability_label":"Sur commande","short_details":"Fineman\/Saunders \u2014 Yale Uk","translator":null,"weight":901,"page_count":null,"readership":null,"editor":"Yale Uk","price":4500,"published_date":"2020-06-16T22:00:00.000000Z","support":"Grand format","publisher_availability":1,"stock":0,"editions":[],"url":"https:\/\/quaidesbrumes.com\/ouvrage\/9781588396846\/apollos-muse-the-moon-in-the-age-of-photography"},{"id":"9780892363742","title":"Julia margaret cameron","description":null,"authors":["Cox"],"category_codes":["6000000","6070000","6070200","6070205"],"visuals":{"large":"https:\/\/images.epagine.fr\/742\/9780892363742_1_75.jpg","medium":"https:\/\/images.epagine.fr\/742\/9780892363742_1_m.jpg","thumbnail":"https:\/\/images.epagine.fr\/742\/9780892363742_1_v.jpg"},"orderable":true,"show_badge":true,"formatted_price":"25,00&nbsp;\u20ac","formatted_published_date":"1er f\u00e9vrier 2019","publisher_availability_label":"Sur commande","short_details":"Cox \u2014 GETTY MUSEUM","translator":null,"weight":501,"page_count":null,"readership":null,"editor":"GETTY MUSEUM","price":2500,"published_date":"2019-01-31T23:00:00.000000Z","support":"Grand format","publisher_availability":1,"stock":0,"editions":[],"url":"https:\/\/quaidesbrumes.com\/ouvrage\/9780892363742\/julia-margaret-cameron"},{"id":"9782322016020","title":"Si l'on nous voyait","description":"\"Si l'on nous voyait\" est un projet de photographie documentaire men\u00e9 par le photographe Martin Bertrand durant trois ans. \r\nCe projet documente une jeunesse fran\u00e7aise au moment o\u00f9, aux alentours de la vingtaine, on quitte le domicile familial et de nouvelles libert\u00e9s apparaissent. L'histoire se d\u00e9roule principalement en Bretagne et repr\u00e9sente, avec une subjectivit\u00e9 assum\u00e9e par l'auteur, un groupe de jeunes \u00e0 travers leurs nuits.\r\n\r\n\"Si l'on nous voyait\", c'est une histoire simple qui s'est av\u00e9r\u00e9e tr\u00e8s riche. Elle alterne des moments de peine et de gaiet\u00e9, des situations dr\u00f4les et d'autres plus violentes.\r\n\r\nCe projet a \u00e9t\u00e9 projet\u00e9 au In Out Transylvania Photo Festival en Roumanie en 2017. Il a \u00e9t\u00e9 coup de coeur de Fisheye Magazine en 2018 et sera expos\u00e9 \u00e0 la prochaine \u00e9dition de la Quinzaine Photographique Nantaise.\r\n\r\nDans ce livre, le photographies de Martin Bertrand sont sublim\u00e9es par un graphisme \u00e0 la fois \u00e9pur\u00e9 et destructur\u00e9 r\u00e9alis\u00e9 par Martin Lebettre.\r\n\r\nL'ouvrage est au format 15x22 et compte 232 pages. La pr\u00e9face a \u00e9t\u00e9 r\u00e9alis\u00e9e par Wilfrid Est\u00e8ve, directeur du Studio Hans Lucas, Chevalier de l'Ordre des Arts et des Lettres.\r","authors":["Bertrand Martin"],"category_codes":["6000000","6070000","6070200"],"visuals":{"large":"https:\/\/images.epagine.fr\/020\/9782322016020_1_75.jpg","medium":"https:\/\/images.epagine.fr\/020\/9782322016020_1_m.jpg","thumbnail":"https:\/\/images.epagine.fr\/020\/9782322016020_1_v.jpg"},"orderable":true,"show_badge":true,"formatted_price":"26,99&nbsp;\u20ac","formatted_published_date":"2 mai 2019","publisher_availability_label":"Sur commande","short_details":"Bertrand Martin \u2014 Books on Demand","translator":null,"weight":493,"page_count":232,"readership":null,"editor":"Books on Demand","price":2699,"published_date":"2019-05-01T22:00:00.000000Z","support":"Grand format","publisher_availability":1,"stock":0,"editions":[],"url":"https:\/\/quaidesbrumes.com\/ouvrage\/9782322016020\/si-lon-nous-voyait"},{"id":"9782377160280","title":"Cahiers du cin\u00e9ma n.761 : les ann\u00e9es 2010","description":null,"authors":["Cahiers Du Cinema"],"category_codes":["6000000","6070000","6070300","6070306"],"visuals":{"large":"https:\/\/images.epagine.fr\/280\/9782377160280_1_75.jpg","medium":"https:\/\/images.epagine.fr\/280\/9782377160280_1_m.jpg","thumbnail":"https:\/\/images.epagine.fr\/280\/9782377160280_1_v.jpg"},"orderable":true,"show_badge":true,"formatted_price":"5,90&nbsp;\u20ac","formatted_published_date":"1er d\u00e9cembre 2019","publisher_availability_label":"Sur commande","short_details":"Cahiers Du Cinema \u2014 Revue Cahiers Du Cinema","translator":null,"weight":230,"page_count":98,"readership":null,"editor":"Revue Cahiers Du Cinema","price":590,"published_date":"2019-11-30T23:00:00.000000Z","support":"Revue","publisher_availability":1,"stock":0,"editions":[],"url":"https:\/\/quaidesbrumes.com\/ouvrage\/9782377160280\/cahiers-du-cinema-n761-les-annees-2010"},{"id":"9782322111275","title":"La quadrature du volcan","description":"Fran\u00e7ais \/\/  La quadrature du Volcan est l'aboutissement d'un reportage photographique effectu\u00e9 par Clive Kodrii dans la ville du Havre. Il est con\u00e7u comme une tentative d\u00e9centr\u00e9e de reconstruction chaotique du Volcan, l'oeuvre architecturale d'Oscar Niemeyer \u00e9rig\u00e9e dans le centre-ville.  Les quatre sections pr\u00e9dominantes r\u00e9v\u00e8lent la recherche d'une courbe (\u00e9l\u00e9ment g\u00e9om\u00e9trique privil\u00e9gi\u00e9 par Oscar Niemeyer) ou celle d'une ligne droite (\u00e9l\u00e9ment g\u00e9om\u00e9trique li\u00e9 \u00e0 la quadrature), en s'effor\u00e7ant de trouver une harmonie, ou au contraire une discordance, entre ces deux figures. En refl\u00e9tant des sites d\u00e9nu\u00e9s de tout caract\u00e8re pittoresque (le port, les docks, mais surtout les terminaux logistiques, les zones de stockage ou encore les r\u00e9servoirs de l'industrie p\u00e9trochimique), ces sections interrogent le rapport complexe entre l'Homme et son environnement transfigur\u00e9 par une soci\u00e9t\u00e9 sans v\u00e9ritables limites (mondialisation, surproduction, surconsommation).  La quadrature du Volcan, dont le titre \u00e9voque un sujet \u00e0 la fois insoluble et presque irrationnel, mais qui sugg\u00e8re \u00e9galement une recherche persistante de la singularit\u00e9 et de la sensibilit\u00e9, rend hommage \u00e0 l'exceptionnelle inventivit\u00e9 et \u00e0 la noble obstination des architectes contemporains. \/\/   English \/\/  La quadrature du Volcan (Squaring the Volcano) is the outcome of a photographic reporting made by Clive Kodrii in the city of Le Havre (France). It is conceived as an off-centre attempt of a chaotic reconstruction of Le Volcan (the Volcano), the architectural work of Oscar Niemeyer erected in the city centre.  The four predominant sections reveal the search for a curve (geometric element favoured by Oscar Niemeyer) or that of a straight line (geometric element related to the squaring), striving to find a harmony, or on the contrary a discordance, between these two figures. By reflecting sites devoid of any picturesque features (the harbour, the docks, but especially the logistic terminals, the storage areas or the tanks of the petrochemical industry), these sections question the complex relationship between Man and his environment transfigured by a society without real limits (globalization, overproduction, overconsumption).  La quadrature du Volcan, which title evokes a subject that is both insoluble and almost irrational, but which also suggests a persistent search for singularity and sensitivity, pays homage to the exceptional inventiveness and the noble obstinacy of contemporary architects.\r","authors":["Clive Kodrii"],"category_codes":["6000000","6070000","6070200"],"visuals":{"large":"https:\/\/images.epagine.fr\/275\/9782322111275_1_75.jpg","medium":"https:\/\/images.epagine.fr\/275\/9782322111275_1_m.jpg","thumbnail":"https:\/\/images.epagine.fr\/275\/9782322111275_1_v.jpg"},"orderable":true,"show_badge":true,"formatted_price":"24,90&nbsp;\u20ac","formatted_published_date":"6 mai 2019","publisher_availability_label":"Sur commande","short_details":"Clive Kodrii \u2014 Books on Demand","translator":null,"weight":1034,"page_count":236,"readership":null,"editor":"Books on Demand","price":2490,"published_date":"2019-05-05T22:00:00.000000Z","support":"Grand format","publisher_availability":1,"stock":0,"editions":[],"url":"https:\/\/quaidesbrumes.com\/ouvrage\/9782322111275\/la-quadrature-du-volcan"},{"id":"9791095790136","title":"La photo argentique ; tout savoir, mat\u00e9riel, films, prise de vues, d\u00e9veloppement","description":"Dans cet ouvrage, id\u00e9al pour d\u00e9buter en photographie, vous vous familiariserez avec tous les basiques de la photo - qui vous serviront aussi en num\u00e9rique.\r\n\r\nDu choix de votre appareil, au choix du format et du film, les types d'optiques, en passant par le d\u00e9veloppement de vos pellicules noir et blanc, couleur, sans oublier leur postproduction moderne avec les diff\u00e9rents traitements adapt\u00e9s \u00e0 la num\u00e9risation. \r\n\r\nV\u00e9ritable recueil d'informations indispensables au photographe argentique, avec de nombreux sch\u00e9mas, tableaux, techniques, ce livre vous sera utile de la prise de vue jusqu'au d\u00e9veloppement. \r\nIl contient \u00e9galement des liens vers les applications smartphone les plus pratiques, ainsi que des vid\u00e9os r\u00e9guli\u00e8rement mises \u00e0 jour sur les techniques de prise de vue, de d\u00e9veloppement et de postproduction. \r\n\r\nVous d\u00e9couvrirez \u00e9galement les prises de vue et techniques de relief argentique, avec des vid\u00e9os et la paire de lunettes anaglyphe incluse.\r\n\r\nQue vous soyez d\u00e9butants ou plus confirm\u00e9s, comme aide m\u00e9moire, bible ou compagnon de route, cet ouvrage saura vous accompagner \u00e0 chaque instant.\r","authors":["Arnaud Najarro"],"category_codes":["6000000","6070000","6070200","6070208"],"visuals":{"large":"https:\/\/images.epagine.fr\/136\/9791095790136_1_75.jpg","medium":"https:\/\/images.epagine.fr\/136\/9791095790136_1_m.jpg","thumbnail":"https:\/\/images.epagine.fr\/136\/9791095790136_1_v.jpg"},"orderable":true,"show_badge":true,"formatted_price":"24,99&nbsp;\u20ac","formatted_published_date":"1er avril 2019","publisher_availability_label":"Sur commande","short_details":"Arnaud Najarro \u2014 Corde Rouge","translator":null,"weight":296,"page_count":178,"readership":null,"editor":"Corde Rouge","price":2499,"published_date":"2019-03-31T22:00:00.000000Z","support":"Grand format","publisher_availability":1,"stock":0,"editions":[],"url":"https:\/\/quaidesbrumes.com\/ouvrage\/9791095790136\/la-photo-argentique-tout-savoir-materiel-films-prise-de-vues-developpement"},{"id":"9782329287751","title":"La Photographie pour tous, apprise sans ma\u00eetre. 2e \u00e9dition","description":"La Photographie pour tous, apprise sans ma\u00eetre, par L. Mulot et Casimir Lefebvre,... 2e \u00e9dition...\r\nDate de l'\u00e9dition originale : 1860\r\n\r\nLe pr\u00e9sent ouvrage s'inscrit dans une politique de conservation patrimoniale des ouvrages de la litt\u00e9rature Fran\u00e7aise mise en place avec la BNF. \r\nHACHETTE LIVRE et la BNF proposent ainsi un catalogue de titres indisponibles, la BNF ayant num\u00e9ris\u00e9 ces oeuvres et HACHETTE LIVRE les imprimant \u00e0 la demande. \r\nCertains de ces ouvrages refl\u00e8tent des courants de pens\u00e9e caract\u00e9ristiques de leur \u00e9poque, mais qui seraient aujourd'hui jug\u00e9s condamnables. \r\nIls n'en appartiennent pas moins \u00e0 l'histoire des id\u00e9es en France et sont susceptibles de pr\u00e9senter un int\u00e9r\u00eat scientifique ou historique. \r\nLe sens de notre d\u00e9marche \u00e9ditoriale consiste ainsi \u00e0 permettre l'acc\u00e8s \u00e0 ces oeuvres sans pour autant que nous en cautionnions en aucune fa\u00e7on le contenu. \r\nPour plus d'informations, rendez-vous sur www.hachettebnf.fr","authors":["L. Mulot"],"category_codes":["6000000","6070000","6070200"],"visuals":{"large":"https:\/\/images.epagine.fr\/751\/9782329287751_1_75.jpg","medium":"https:\/\/images.epagine.fr\/751\/9782329287751_1_m.jpg","thumbnail":"https:\/\/images.epagine.fr\/751\/9782329287751_1_v.jpg"},"orderable":true,"show_badge":true,"formatted_price":"11,50&nbsp;\u20ac","formatted_published_date":"1er juin 2019","publisher_availability_label":"Sur commande","short_details":"L. Mulot \u2014 Hachette BNF","translator":null,"weight":113,"page_count":68,"readership":null,"editor":"Hachette BNF","price":1150,"published_date":"2019-05-31T22:00:00.000000Z","support":"Grand format","publisher_availability":1,"stock":0,"editions":[],"url":"https:\/\/quaidesbrumes.com\/ouvrage\/9782329287751\/la-photographie-pour-tous-apprise-sans-maitre-2e-edition"},{"id":"9791092727371","title":"The eyes 10 les traversees \/francais","description":"Ce dixi\u00e8me num\u00e9ro de la revue fran\u00e7aise The Eyes invite Taous Damhani, doctorante en histoire de la photographie, \u00e0 explorer les notions de fronti\u00e8re et migration avec un regard \u00e9mancipateur, en \u00e9cho aux 30 ans de la chute du Mur de Berlin.Plusieurs portfolios de photographes font \u00e9cho \u00e0 ce th\u00e8me, pr\u00e9sentant la diversit\u00e9 des approches et des exp\u00e9riences qui s'y rapportent.\r","authors":[],"category_codes":["6000000","6070000","6070200"],"visuals":{"large":"https:\/\/images.epagine.fr\/371\/9791092727371_1_75.jpg","medium":"https:\/\/images.epagine.fr\/371\/9791092727371_1_m.jpg","thumbnail":"https:\/\/images.epagine.fr\/371\/9791092727371_1_v.jpg"},"orderable":true,"show_badge":true,"formatted_price":"25,00&nbsp;\u20ac","formatted_published_date":"4 novembre 2019","publisher_availability_label":"Sur commande","short_details":"THE EYES PUBLISHING","translator":null,"weight":850,"page_count":216,"readership":null,"editor":"THE EYES PUBLISHING","price":2500,"published_date":"2019-11-03T23:00:00.000000Z","support":"Grand format","publisher_availability":1,"stock":0,"editions":[],"url":"https:\/\/quaidesbrumes.com\/ouvrage\/9791092727371\/the-eyes-10-les-traversees-francais"},{"id":"9788867493715","title":"Landscape plus","description":"Premi\u00e8re monographie de l'artiste r\u00e9alisatrice espagnole bas\u00e9e \u00e0 Los Angeles : une vue d'ensemble de sa pratique, avec de nombreuses illustrations, un ensemble de documents in\u00e9dits ainsi que trois essais et un texte de Laida Lertxundi.\r","authors":["Alejandro Alonso d\u00edaz","Erika Balsom","Laida Lertxundi","Anna Mannubens"],"category_codes":["6000000","6070000","6070300","6070305"],"visuals":{"large":"https:\/\/images.epagine.fr\/715\/9788867493715_1_75.jpg","medium":"https:\/\/images.epagine.fr\/715\/9788867493715_1_m.jpg","thumbnail":"https:\/\/images.epagine.fr\/715\/9788867493715_1_v.jpg"},"orderable":true,"show_badge":true,"formatted_price":"22,00&nbsp;\u20ac","formatted_published_date":"15 juin 2019","publisher_availability_label":"Sur commande","short_details":"Alejandro Alonso d\u00edaz, Erika Balsom, Laida Lertxundi, Anna Mannubens \u2014 Mousse Publishing","translator":null,"weight":0,"page_count":128,"readership":null,"editor":"Mousse Publishing","price":2200,"published_date":"2019-06-14T22:00:00.000000Z","support":"Grand format","publisher_availability":1,"stock":0,"editions":[],"url":"https:\/\/quaidesbrumes.com\/ouvrage\/9788867493715\/landscape-plus"},{"id":"9783958296336","title":"Anastasia samoylova floodzone","description":"FloodZone est le r\u00e9cit photographique d'Anastasia Samoylova sur la vie dans le sud des \u00c9tats-Unis \u00e0 l'heure du changement climatique. Des images subtiles et souvent troublantes, refl\u00e8tent l'atmosph\u00e8re d'attente qui r\u00e8gne dans un terroir conscient des bouleversements en cours et de leur danger, mais compl\u00e8tement impuissante face \u00e0 leur m\u00e9nace.\r","authors":["Samoylova Anastasia"],"category_codes":["6000000","6070000","6070200"],"visuals":{"large":"https:\/\/images.epagine.fr\/336\/9783958296336_1_75.jpg","medium":"https:\/\/images.epagine.fr\/336\/9783958296336_1_m.jpg","thumbnail":"https:\/\/images.epagine.fr\/336\/9783958296336_1_v.jpg"},"orderable":true,"show_badge":true,"formatted_price":"38,00&nbsp;\u20ac","formatted_published_date":"15 novembre 2019","publisher_availability_label":"Sur commande","short_details":"Samoylova Anastasia \u2014 Steidl","translator":null,"weight":801,"page_count":136,"readership":null,"editor":"Steidl","price":3800,"published_date":"2019-11-14T23:00:00.000000Z","support":"Grand format","publisher_availability":1,"stock":0,"editions":[],"url":"https:\/\/quaidesbrumes.com\/ouvrage\/9783958296336\/anastasia-samoylova-floodzone"},{"id":"9783958296404","title":"Antanas sutkus in memoriam","description":null,"authors":["Antanas Sutkus"],"category_codes":["6000000","6070000","6070200"],"visuals":{"large":"https:\/\/images.epagine.fr\/404\/9783958296404_1_75.jpg","medium":"https:\/\/images.epagine.fr\/404\/9783958296404_1_m.jpg","thumbnail":"https:\/\/images.epagine.fr\/404\/9783958296404_1_v.jpg"},"orderable":true,"show_badge":true,"formatted_price":"35,00&nbsp;\u20ac","formatted_published_date":"6 juin 2020","publisher_availability_label":"Sur commande","short_details":"Antanas Sutkus \u2014 Steidl","translator":null,"weight":900,"page_count":128,"readership":null,"editor":"Steidl","price":3500,"published_date":"2020-06-05T22:00:00.000000Z","support":"Grand format","publisher_availability":1,"stock":0,"editions":[],"url":"https:\/\/quaidesbrumes.com\/ouvrage\/9783958296404\/antanas-sutkus-in-memoriam"},{"id":"9783958296053","title":"Harf zimmerman the sad-eyed lady","description":"Dans The Sad Eyed Lady, Zimmermann documente le Berliner Luft- und Badeparadies (\u00abBlub\u00bb en abr\u00e9g\u00e9), un centre de baignade et de loisirs jadis appr\u00e9ci\u00e9 dans le quartier Britz de Berlin, devenu aujourd'hui une ruine \u00e0 graffiti. Inaugur\u00e9 en 1985, le centre avait accueilli environ sept millions de visiteurs avant de fermer en 2005 suite \u00e0 des probl\u00e8mes d'hygi\u00e8ne.\r","authors":["Zimmerman Harf"],"category_codes":["6000000","6070000","6070200"],"visuals":{"large":"https:\/\/images.epagine.fr\/053\/9783958296053_1_75.jpg","medium":"https:\/\/images.epagine.fr\/053\/9783958296053_1_m.jpg","thumbnail":"https:\/\/images.epagine.fr\/053\/9783958296053_1_v.jpg"},"orderable":true,"show_badge":true,"formatted_price":"58,00&nbsp;\u20ac","formatted_published_date":"30 octobre 2019","publisher_availability_label":"Sur commande","short_details":"Zimmerman Harf \u2014 Steidl","translator":null,"weight":1201,"page_count":136,"readership":null,"editor":"Steidl","price":5800,"published_date":"2019-10-29T23:00:00.000000Z","support":"Grand format","publisher_availability":1,"stock":0,"editions":[],"url":"https:\/\/quaidesbrumes.com\/ouvrage\/9783958296053\/harf-zimmerman-the-sad-eyed-lady"},{"id":"9783958295476","title":"John gossage jack wilson's waltz","description":"Selon John Gossage, celui-ci est un livre \u00ab con\u00e7u dans un contexte particulier, avec des photographies r\u00e9alis\u00e9es pour calmer le sentiment que je ne comprenais pas mon pays. \u00c0 partir de 2003, j'ai cherch\u00e9 \u00e0 comprendre quelle clart\u00e9 pouvaient donc apporter mes photos. \u00bb C'est ainsi que sont apparus ces clich\u00e9s de gens, de choses, d'\u00e9v\u00e9nements mineurs et de portraits des yeux des jeunes, pris au quotidien \u00e0 des endroits non-iconiques tout au long de ses voyages \u00e0 travers l'Am\u00e9rique. Ce regard continu que Gossage porte sur son pays est rythmique, r\u00e9dempteur et r\u00e9parateur, et donne l'espoir d'une r\u00e9conciliation, celle du photographe avec son propre pays.\r","authors":["John Gossage"],"category_codes":["6000000","6070000","6070200"],"visuals":{"large":"https:\/\/images.epagine.fr\/476\/9783958295476_1_75.jpg","medium":"https:\/\/images.epagine.fr\/476\/9783958295476_1_m.jpg","thumbnail":"https:\/\/images.epagine.fr\/476\/9783958295476_1_v.jpg"},"orderable":true,"show_badge":true,"formatted_price":"45,00&nbsp;\u20ac","formatted_published_date":"19 novembre 2019","publisher_availability_label":"Sur commande","short_details":"John Gossage \u2014 Steidl","translator":null,"weight":1000,"page_count":144,"readership":null,"editor":"Steidl","price":4500,"published_date":"2019-11-18T23:00:00.000000Z","support":"Grand format","publisher_availability":1,"stock":0,"editions":[],"url":"https:\/\/quaidesbrumes.com\/ouvrage\/9783958295476\/john-gossage-jack-wilsons-waltz"},{"id":"9783958296268","title":"Massimo vitali vol. iii photographs 2009-2018","description":"Apr\u00e8s les deux premiers volumes publi\u00e9s ensemble sous le titre Paysage avec figures \/ Habitats naturels, 1994-2009 en 2011, ce troisi\u00e8me volume pr\u00e9sente les images en couleurs \u00e0 grande \u00e9chelle de Vitali repr\u00e9sentant des humains interagissant en masse - consciemment et inconsciemment - avec leur environnement. Qu'il s'agisse de se d\u00e9tendre au bord de la plage, d'explorer les ruines du Forum romain ou de fl\u00e2ner le long d'une promenade commer\u00e7ante bond\u00e9e, les photos de Vitali sont des c\u00e9l\u00e9brations topographiques et des critiques subtiles de nos habitudes changeantes de loisirs.\r","authors":["Vitali Massimo"],"category_codes":["6000000","6070000","6070200"],"visuals":{"large":"https:\/\/images.epagine.fr\/268\/9783958296268_1_75.jpg","medium":"https:\/\/images.epagine.fr\/268\/9783958296268_1_m.jpg","thumbnail":"https:\/\/images.epagine.fr\/268\/9783958296268_1_v.jpg"},"orderable":true,"show_badge":true,"formatted_price":"95,00&nbsp;\u20ac","formatted_published_date":"30 novembre 2019","publisher_availability_label":"Sur commande","short_details":"Vitali Massimo \u2014 Steidl","translator":null,"weight":2900,"page_count":208,"readership":null,"editor":"Steidl","price":9500,"published_date":"2019-11-29T23:00:00.000000Z","support":"Grand format","publisher_availability":1,"stock":0,"editions":[],"url":"https:\/\/quaidesbrumes.com\/ouvrage\/9783958296268\/massimo-vitali-vol-iii-photographs-2009-2018"},{"id":"9782322112319","title":"Voyager \u00e0 travers les fleurs ; photographie de fleurs","description":"Une passion pour la photographie, la nature, un bo\u00eetier et voil\u00e0 qu'on se trouve lancer dans la po\u00e9sie photographique.\r\nJe me suis prise dans la po\u00e9sie photographique des fleurs, sp\u00e9cialis\u00e9 dans le macro, les fleurs mise en avant tandis que l'arri\u00e8re est plong\u00e9 dans la beaut\u00e9 des p\u00e9tales de fleurs. \r\nDes fleurs de toutes vari\u00e9t\u00e9s et aux mille couleurs.\r\nCertainement qu'une s\u00e9lection de vari\u00e9t\u00e9 pr\u00e9sente dans cet ouvrage n'avait vous jamais vu dans votre vie. Ne cherchez plus, les plus belles p\u00e9tales de fleurs se trouvent dans ce livre de photographie.\r","authors":["Elvina Minjacq"],"category_codes":["6000000","6070000","6070200"],"visuals":{"large":"https:\/\/images.epagine.fr\/319\/9782322112319_1_75.jpg","medium":"https:\/\/images.epagine.fr\/319\/9782322112319_1_m.jpg","thumbnail":"https:\/\/images.epagine.fr\/319\/9782322112319_1_v.jpg"},"orderable":true,"show_badge":true,"formatted_price":"17,50&nbsp;\u20ac","formatted_published_date":"11 juin 2019","publisher_availability_label":"Sur commande","short_details":"Elvina Minjacq \u2014 Books on Demand","translator":null,"weight":283,"page_count":48,"readership":null,"editor":"Books on Demand","price":1750,"published_date":"2019-06-10T22:00:00.000000Z","support":"Grand format","publisher_availability":1,"stock":0,"editions":[],"url":"https:\/\/quaidesbrumes.com\/ouvrage\/9782322112319\/voyager-a-travers-les-fleurs-photographie-de-fleurs"},{"id":"9791030902006","title":"D\u00e9construire au cin\u00e9ma","description":"Les nouvelles technologies, la parit\u00e9, l'\u00e9cologie, mais encore les ph\u00e9nom\u00e8nes migratoires, ou la menace des \u00e9pid\u00e9mies... Ces probl\u00e8mes qui remettent en cause les fondements de notre soci\u00e9t\u00e9, inspirent le cin\u00e9ma contemporain. Certains films, avec leur dimension onirique, r\u00e9v\u00e8lent le lien de ces mutations, devenues autant de moyens de la \u00ab d\u00e9construction \u00bb id\u00e9ologique affectant tous les domaines de la culture.\r","authors":["Michel Aroumi"],"category_codes":["6000000","6070000","6070300","6070308"],"visuals":{"large":"https:\/\/images.epagine.fr\/006\/9791030902006_1_75.jpg","medium":"https:\/\/images.epagine.fr\/006\/9791030902006_1_m.jpg","thumbnail":"https:\/\/images.epagine.fr\/006\/9791030902006_1_v.jpg"},"orderable":true,"show_badge":true,"formatted_price":"20,00&nbsp;\u20ac","formatted_published_date":"13 mai 2019","publisher_availability_label":"Sur commande","short_details":"Michel Aroumi \u2014 Orizons","translator":null,"weight":327,"page_count":206,"readership":null,"editor":"Orizons","price":2000,"published_date":"2019-05-12T22:00:00.000000Z","support":"Grand format","publisher_availability":1,"stock":0,"editions":[],"url":"https:\/\/quaidesbrumes.com\/ouvrage\/9791030902006\/deconstruire-au-cinema"}]}