{"data":[{"id":"9782322016020","title":"Si l'on nous voyait","description":"\"Si l'on nous voyait\" est un projet de photographie documentaire men\u00e9 par le photographe Martin Bertrand durant trois ans. \r\nCe projet documente une jeunesse fran\u00e7aise au moment o\u00f9, aux alentours de la vingtaine, on quitte le domicile familial et de nouvelles libert\u00e9s apparaissent. L'histoire se d\u00e9roule principalement en Bretagne et repr\u00e9sente, avec une subjectivit\u00e9 assum\u00e9e par l'auteur, un groupe de jeunes \u00e0 travers leurs nuits.\r\n\r\n\"Si l'on nous voyait\", c'est une histoire simple qui s'est av\u00e9r\u00e9e tr\u00e8s riche. Elle alterne des moments de peine et de gaiet\u00e9, des situations dr\u00f4les et d'autres plus violentes.\r\n\r\nCe projet a \u00e9t\u00e9 projet\u00e9 au In Out Transylvania Photo Festival en Roumanie en 2017. Il a \u00e9t\u00e9 coup de coeur de Fisheye Magazine en 2018 et sera expos\u00e9 \u00e0 la prochaine \u00e9dition de la Quinzaine Photographique Nantaise.\r\n\r\nDans ce livre, le photographies de Martin Bertrand sont sublim\u00e9es par un graphisme \u00e0 la fois \u00e9pur\u00e9 et destructur\u00e9 r\u00e9alis\u00e9 par Martin Lebettre.\r\n\r\nL'ouvrage est au format 15x22 et compte 232 pages. La pr\u00e9face a \u00e9t\u00e9 r\u00e9alis\u00e9e par Wilfrid Est\u00e8ve, directeur du Studio Hans Lucas, Chevalier de l'Ordre des Arts et des Lettres.\r","authors":["Bertrand Martin"],"category_codes":["6000000","6070000","6070200"],"visuals":{"large":"https:\/\/images.epagine.fr\/020\/9782322016020_1_75.jpg","medium":"https:\/\/images.epagine.fr\/020\/9782322016020_1_m.jpg","thumbnail":"https:\/\/images.epagine.fr\/020\/9782322016020_1_v.jpg"},"orderable":true,"show_badge":true,"formatted_price":"26,99&nbsp;\u20ac","formatted_published_date":"2 mai 2019","publisher_availability_label":"Sur commande","short_details":"Bertrand Martin \u2014 Books on Demand","translator":null,"weight":493,"page_count":232,"readership":null,"editor":"Books on Demand","price":2699,"published_date":"2019-05-01T22:00:00.000000Z","support":"Grand format","publisher_availability":1,"stock":0,"editions":[],"url":"https:\/\/quaidesbrumes.com\/ouvrage\/9782322016020\/si-lon-nous-voyait"},{"id":"9782377160280","title":"Cahiers du cin\u00e9ma n.761 : les ann\u00e9es 2010","description":null,"authors":["Cahiers Du Cinema"],"category_codes":["6000000","6070000","6070300","6070306"],"visuals":{"large":"https:\/\/images.epagine.fr\/280\/9782377160280_1_75.jpg","medium":"https:\/\/images.epagine.fr\/280\/9782377160280_1_m.jpg","thumbnail":"https:\/\/images.epagine.fr\/280\/9782377160280_1_v.jpg"},"orderable":true,"show_badge":true,"formatted_price":"5,90&nbsp;\u20ac","formatted_published_date":"1er d\u00e9cembre 2019","publisher_availability_label":"Sur commande","short_details":"Cahiers Du Cinema \u2014 Revue Cahiers Du Cinema","translator":null,"weight":230,"page_count":98,"readership":null,"editor":"Revue Cahiers Du Cinema","price":590,"published_date":"2019-11-30T23:00:00.000000Z","support":"Revue","publisher_availability":1,"stock":0,"editions":[],"url":"https:\/\/quaidesbrumes.com\/ouvrage\/9782377160280\/cahiers-du-cinema-n761-les-annees-2010"},{"id":"9782322111275","title":"La quadrature du volcan","description":"Fran\u00e7ais \/\/  La quadrature du Volcan est l'aboutissement d'un reportage photographique effectu\u00e9 par Clive Kodrii dans la ville du Havre. Il est con\u00e7u comme une tentative d\u00e9centr\u00e9e de reconstruction chaotique du Volcan, l'oeuvre architecturale d'Oscar Niemeyer \u00e9rig\u00e9e dans le centre-ville.  Les quatre sections pr\u00e9dominantes r\u00e9v\u00e8lent la recherche d'une courbe (\u00e9l\u00e9ment g\u00e9om\u00e9trique privil\u00e9gi\u00e9 par Oscar Niemeyer) ou celle d'une ligne droite (\u00e9l\u00e9ment g\u00e9om\u00e9trique li\u00e9 \u00e0 la quadrature), en s'effor\u00e7ant de trouver une harmonie, ou au contraire une discordance, entre ces deux figures. En refl\u00e9tant des sites d\u00e9nu\u00e9s de tout caract\u00e8re pittoresque (le port, les docks, mais surtout les terminaux logistiques, les zones de stockage ou encore les r\u00e9servoirs de l'industrie p\u00e9trochimique), ces sections interrogent le rapport complexe entre l'Homme et son environnement transfigur\u00e9 par une soci\u00e9t\u00e9 sans v\u00e9ritables limites (mondialisation, surproduction, surconsommation).  La quadrature du Volcan, dont le titre \u00e9voque un sujet \u00e0 la fois insoluble et presque irrationnel, mais qui sugg\u00e8re \u00e9galement une recherche persistante de la singularit\u00e9 et de la sensibilit\u00e9, rend hommage \u00e0 l'exceptionnelle inventivit\u00e9 et \u00e0 la noble obstination des architectes contemporains. \/\/   English \/\/  La quadrature du Volcan (Squaring the Volcano) is the outcome of a photographic reporting made by Clive Kodrii in the city of Le Havre (France). It is conceived as an off-centre attempt of a chaotic reconstruction of Le Volcan (the Volcano), the architectural work of Oscar Niemeyer erected in the city centre.  The four predominant sections reveal the search for a curve (geometric element favoured by Oscar Niemeyer) or that of a straight line (geometric element related to the squaring), striving to find a harmony, or on the contrary a discordance, between these two figures. By reflecting sites devoid of any picturesque features (the harbour, the docks, but especially the logistic terminals, the storage areas or the tanks of the petrochemical industry), these sections question the complex relationship between Man and his environment transfigured by a society without real limits (globalization, overproduction, overconsumption).  La quadrature du Volcan, which title evokes a subject that is both insoluble and almost irrational, but which also suggests a persistent search for singularity and sensitivity, pays homage to the exceptional inventiveness and the noble obstinacy of contemporary architects.\r","authors":["Clive Kodrii"],"category_codes":["6000000","6070000","6070200"],"visuals":{"large":"https:\/\/images.epagine.fr\/275\/9782322111275_1_75.jpg","medium":"https:\/\/images.epagine.fr\/275\/9782322111275_1_m.jpg","thumbnail":"https:\/\/images.epagine.fr\/275\/9782322111275_1_v.jpg"},"orderable":true,"show_badge":true,"formatted_price":"24,90&nbsp;\u20ac","formatted_published_date":"6 mai 2019","publisher_availability_label":"Sur commande","short_details":"Clive Kodrii \u2014 Books on Demand","translator":null,"weight":1034,"page_count":236,"readership":null,"editor":"Books on Demand","price":2490,"published_date":"2019-05-05T22:00:00.000000Z","support":"Grand format","publisher_availability":1,"stock":0,"editions":[],"url":"https:\/\/quaidesbrumes.com\/ouvrage\/9782322111275\/la-quadrature-du-volcan"},{"id":"9791095790136","title":"La photo argentique ; tout savoir, mat\u00e9riel, films, prise de vues, d\u00e9veloppement","description":"Dans cet ouvrage, id\u00e9al pour d\u00e9buter en photographie, vous vous familiariserez avec tous les basiques de la photo - qui vous serviront aussi en num\u00e9rique.\r\n\r\nDu choix de votre appareil, au choix du format et du film, les types d'optiques, en passant par le d\u00e9veloppement de vos pellicules noir et blanc, couleur, sans oublier leur postproduction moderne avec les diff\u00e9rents traitements adapt\u00e9s \u00e0 la num\u00e9risation. \r\n\r\nV\u00e9ritable recueil d'informations indispensables au photographe argentique, avec de nombreux sch\u00e9mas, tableaux, techniques, ce livre vous sera utile de la prise de vue jusqu'au d\u00e9veloppement. \r\nIl contient \u00e9galement des liens vers les applications smartphone les plus pratiques, ainsi que des vid\u00e9os r\u00e9guli\u00e8rement mises \u00e0 jour sur les techniques de prise de vue, de d\u00e9veloppement et de postproduction. \r\n\r\nVous d\u00e9couvrirez \u00e9galement les prises de vue et techniques de relief argentique, avec des vid\u00e9os et la paire de lunettes anaglyphe incluse.\r\n\r\nQue vous soyez d\u00e9butants ou plus confirm\u00e9s, comme aide m\u00e9moire, bible ou compagnon de route, cet ouvrage saura vous accompagner \u00e0 chaque instant.\r","authors":["Arnaud Najarro"],"category_codes":["6000000","6070000","6070200","6070208"],"visuals":{"large":"https:\/\/images.epagine.fr\/136\/9791095790136_1_75.jpg","medium":"https:\/\/images.epagine.fr\/136\/9791095790136_1_m.jpg","thumbnail":"https:\/\/images.epagine.fr\/136\/9791095790136_1_v.jpg"},"orderable":true,"show_badge":true,"formatted_price":"24,99&nbsp;\u20ac","formatted_published_date":"1er avril 2019","publisher_availability_label":"Sur commande","short_details":"Arnaud Najarro \u2014 Corde Rouge","translator":null,"weight":296,"page_count":178,"readership":null,"editor":"Corde Rouge","price":2499,"published_date":"2019-03-31T22:00:00.000000Z","support":"Grand format","publisher_availability":1,"stock":0,"editions":[],"url":"https:\/\/quaidesbrumes.com\/ouvrage\/9791095790136\/la-photo-argentique-tout-savoir-materiel-films-prise-de-vues-developpement"},{"id":"9782329287751","title":"La Photographie pour tous, apprise sans ma\u00eetre. 2e \u00e9dition","description":"La Photographie pour tous, apprise sans ma\u00eetre, par L. Mulot et Casimir Lefebvre,... 2e \u00e9dition...\r\nDate de l'\u00e9dition originale : 1860\r\n\r\nLe pr\u00e9sent ouvrage s'inscrit dans une politique de conservation patrimoniale des ouvrages de la litt\u00e9rature Fran\u00e7aise mise en place avec la BNF. \r\nHACHETTE LIVRE et la BNF proposent ainsi un catalogue de titres indisponibles, la BNF ayant num\u00e9ris\u00e9 ces oeuvres et HACHETTE LIVRE les imprimant \u00e0 la demande. \r\nCertains de ces ouvrages refl\u00e8tent des courants de pens\u00e9e caract\u00e9ristiques de leur \u00e9poque, mais qui seraient aujourd'hui jug\u00e9s condamnables. \r\nIls n'en appartiennent pas moins \u00e0 l'histoire des id\u00e9es en France et sont susceptibles de pr\u00e9senter un int\u00e9r\u00eat scientifique ou historique. \r\nLe sens de notre d\u00e9marche \u00e9ditoriale consiste ainsi \u00e0 permettre l'acc\u00e8s \u00e0 ces oeuvres sans pour autant que nous en cautionnions en aucune fa\u00e7on le contenu. \r\nPour plus d'informations, rendez-vous sur www.hachettebnf.fr","authors":["L. Mulot"],"category_codes":["6000000","6070000","6070200"],"visuals":{"large":"https:\/\/images.epagine.fr\/751\/9782329287751_1_75.jpg","medium":"https:\/\/images.epagine.fr\/751\/9782329287751_1_m.jpg","thumbnail":"https:\/\/images.epagine.fr\/751\/9782329287751_1_v.jpg"},"orderable":true,"show_badge":true,"formatted_price":"11,50&nbsp;\u20ac","formatted_published_date":"1er juin 2019","publisher_availability_label":"Sur commande","short_details":"L. Mulot \u2014 Hachette BNF","translator":null,"weight":113,"page_count":68,"readership":null,"editor":"Hachette BNF","price":1150,"published_date":"2019-05-31T22:00:00.000000Z","support":"Grand format","publisher_availability":1,"stock":0,"editions":[],"url":"https:\/\/quaidesbrumes.com\/ouvrage\/9782329287751\/la-photographie-pour-tous-apprise-sans-maitre-2e-edition"},{"id":"9791092727371","title":"The eyes 10 les traversees \/francais","description":"Ce dixi\u00e8me num\u00e9ro de la revue fran\u00e7aise The Eyes invite Taous Damhani, doctorante en histoire de la photographie, \u00e0 explorer les notions de fronti\u00e8re et migration avec un regard \u00e9mancipateur, en \u00e9cho aux 30 ans de la chute du Mur de Berlin.Plusieurs portfolios de photographes font \u00e9cho \u00e0 ce th\u00e8me, pr\u00e9sentant la diversit\u00e9 des approches et des exp\u00e9riences qui s'y rapportent.\r","authors":[],"category_codes":["6000000","6070000","6070200"],"visuals":{"large":"https:\/\/images.epagine.fr\/371\/9791092727371_1_75.jpg","medium":"https:\/\/images.epagine.fr\/371\/9791092727371_1_m.jpg","thumbnail":"https:\/\/images.epagine.fr\/371\/9791092727371_1_v.jpg"},"orderable":true,"show_badge":true,"formatted_price":"25,00&nbsp;\u20ac","formatted_published_date":"4 novembre 2019","publisher_availability_label":"Sur commande","short_details":"THE EYES PUBLISHING","translator":null,"weight":850,"page_count":216,"readership":null,"editor":"THE EYES PUBLISHING","price":2500,"published_date":"2019-11-03T23:00:00.000000Z","support":"Grand format","publisher_availability":1,"stock":0,"editions":[],"url":"https:\/\/quaidesbrumes.com\/ouvrage\/9791092727371\/the-eyes-10-les-traversees-francais"},{"id":"9788867493715","title":"Landscape plus","description":"Premi\u00e8re monographie de l'artiste r\u00e9alisatrice espagnole bas\u00e9e \u00e0 Los Angeles : une vue d'ensemble de sa pratique, avec de nombreuses illustrations, un ensemble de documents in\u00e9dits ainsi que trois essais et un texte de Laida Lertxundi.\r","authors":["Alejandro Alonso d\u00edaz","Erika Balsom","Laida Lertxundi","Anna Mannubens"],"category_codes":["6000000","6070000","6070300","6070305"],"visuals":{"large":"https:\/\/images.epagine.fr\/715\/9788867493715_1_75.jpg","medium":"https:\/\/images.epagine.fr\/715\/9788867493715_1_m.jpg","thumbnail":"https:\/\/images.epagine.fr\/715\/9788867493715_1_v.jpg"},"orderable":true,"show_badge":true,"formatted_price":"22,00&nbsp;\u20ac","formatted_published_date":"15 juin 2019","publisher_availability_label":"Sur commande","short_details":"Alejandro Alonso d\u00edaz, Erika Balsom, Laida Lertxundi, Anna Mannubens \u2014 Mousse Publishing","translator":null,"weight":0,"page_count":128,"readership":null,"editor":"Mousse Publishing","price":2200,"published_date":"2019-06-14T22:00:00.000000Z","support":"Grand format","publisher_availability":1,"stock":0,"editions":[],"url":"https:\/\/quaidesbrumes.com\/ouvrage\/9788867493715\/landscape-plus"},{"id":"9783958296336","title":"Anastasia samoylova floodzone","description":"FloodZone est le r\u00e9cit photographique d'Anastasia Samoylova sur la vie dans le sud des \u00c9tats-Unis \u00e0 l'heure du changement climatique. Des images subtiles et souvent troublantes, refl\u00e8tent l'atmosph\u00e8re d'attente qui r\u00e8gne dans un terroir conscient des bouleversements en cours et de leur danger, mais compl\u00e8tement impuissante face \u00e0 leur m\u00e9nace.\r","authors":["Samoylova Anastasia"],"category_codes":["6000000","6070000","6070200"],"visuals":{"large":"https:\/\/images.epagine.fr\/336\/9783958296336_1_75.jpg","medium":"https:\/\/images.epagine.fr\/336\/9783958296336_1_m.jpg","thumbnail":"https:\/\/images.epagine.fr\/336\/9783958296336_1_v.jpg"},"orderable":true,"show_badge":true,"formatted_price":"38,00&nbsp;\u20ac","formatted_published_date":"15 novembre 2019","publisher_availability_label":"Sur commande","short_details":"Samoylova Anastasia \u2014 Steidl","translator":null,"weight":801,"page_count":136,"readership":null,"editor":"Steidl","price":3800,"published_date":"2019-11-14T23:00:00.000000Z","support":"Grand format","publisher_availability":1,"stock":0,"editions":[],"url":"https:\/\/quaidesbrumes.com\/ouvrage\/9783958296336\/anastasia-samoylova-floodzone"},{"id":"9783958296404","title":"Antanas sutkus in memoriam","description":null,"authors":["Antanas Sutkus"],"category_codes":["6000000","6070000","6070200"],"visuals":{"large":"https:\/\/images.epagine.fr\/404\/9783958296404_1_75.jpg","medium":"https:\/\/images.epagine.fr\/404\/9783958296404_1_m.jpg","thumbnail":"https:\/\/images.epagine.fr\/404\/9783958296404_1_v.jpg"},"orderable":true,"show_badge":true,"formatted_price":"35,00&nbsp;\u20ac","formatted_published_date":"6 juin 2020","publisher_availability_label":"Sur commande","short_details":"Antanas Sutkus \u2014 Steidl","translator":null,"weight":900,"page_count":128,"readership":null,"editor":"Steidl","price":3500,"published_date":"2020-06-05T22:00:00.000000Z","support":"Grand format","publisher_availability":1,"stock":0,"editions":[],"url":"https:\/\/quaidesbrumes.com\/ouvrage\/9783958296404\/antanas-sutkus-in-memoriam"},{"id":"9783958296053","title":"Harf zimmerman the sad-eyed lady","description":"Dans The Sad Eyed Lady, Zimmermann documente le Berliner Luft- und Badeparadies (\u00abBlub\u00bb en abr\u00e9g\u00e9), un centre de baignade et de loisirs jadis appr\u00e9ci\u00e9 dans le quartier Britz de Berlin, devenu aujourd'hui une ruine \u00e0 graffiti. Inaugur\u00e9 en 1985, le centre avait accueilli environ sept millions de visiteurs avant de fermer en 2005 suite \u00e0 des probl\u00e8mes d'hygi\u00e8ne.\r","authors":["Zimmerman Harf"],"category_codes":["6000000","6070000","6070200"],"visuals":{"large":"https:\/\/images.epagine.fr\/053\/9783958296053_1_75.jpg","medium":"https:\/\/images.epagine.fr\/053\/9783958296053_1_m.jpg","thumbnail":"https:\/\/images.epagine.fr\/053\/9783958296053_1_v.jpg"},"orderable":true,"show_badge":true,"formatted_price":"58,00&nbsp;\u20ac","formatted_published_date":"30 octobre 2019","publisher_availability_label":"Sur commande","short_details":"Zimmerman Harf \u2014 Steidl","translator":null,"weight":1201,"page_count":136,"readership":null,"editor":"Steidl","price":5800,"published_date":"2019-10-29T23:00:00.000000Z","support":"Grand format","publisher_availability":1,"stock":0,"editions":[],"url":"https:\/\/quaidesbrumes.com\/ouvrage\/9783958296053\/harf-zimmerman-the-sad-eyed-lady"},{"id":"9783958295476","title":"John gossage jack wilson's waltz","description":"Selon John Gossage, celui-ci est un livre \u00ab con\u00e7u dans un contexte particulier, avec des photographies r\u00e9alis\u00e9es pour calmer le sentiment que je ne comprenais pas mon pays. \u00c0 partir de 2003, j'ai cherch\u00e9 \u00e0 comprendre quelle clart\u00e9 pouvaient donc apporter mes photos. \u00bb C'est ainsi que sont apparus ces clich\u00e9s de gens, de choses, d'\u00e9v\u00e9nements mineurs et de portraits des yeux des jeunes, pris au quotidien \u00e0 des endroits non-iconiques tout au long de ses voyages \u00e0 travers l'Am\u00e9rique. Ce regard continu que Gossage porte sur son pays est rythmique, r\u00e9dempteur et r\u00e9parateur, et donne l'espoir d'une r\u00e9conciliation, celle du photographe avec son propre pays.\r","authors":["John Gossage"],"category_codes":["6000000","6070000","6070200"],"visuals":{"large":"https:\/\/images.epagine.fr\/476\/9783958295476_1_75.jpg","medium":"https:\/\/images.epagine.fr\/476\/9783958295476_1_m.jpg","thumbnail":"https:\/\/images.epagine.fr\/476\/9783958295476_1_v.jpg"},"orderable":true,"show_badge":true,"formatted_price":"45,00&nbsp;\u20ac","formatted_published_date":"19 novembre 2019","publisher_availability_label":"Sur commande","short_details":"John Gossage \u2014 Steidl","translator":null,"weight":1000,"page_count":144,"readership":null,"editor":"Steidl","price":4500,"published_date":"2019-11-18T23:00:00.000000Z","support":"Grand format","publisher_availability":1,"stock":0,"editions":[],"url":"https:\/\/quaidesbrumes.com\/ouvrage\/9783958295476\/john-gossage-jack-wilsons-waltz"},{"id":"9783958296268","title":"Massimo vitali vol. iii photographs 2009-2018","description":"Apr\u00e8s les deux premiers volumes publi\u00e9s ensemble sous le titre Paysage avec figures \/ Habitats naturels, 1994-2009 en 2011, ce troisi\u00e8me volume pr\u00e9sente les images en couleurs \u00e0 grande \u00e9chelle de Vitali repr\u00e9sentant des humains interagissant en masse - consciemment et inconsciemment - avec leur environnement. Qu'il s'agisse de se d\u00e9tendre au bord de la plage, d'explorer les ruines du Forum romain ou de fl\u00e2ner le long d'une promenade commer\u00e7ante bond\u00e9e, les photos de Vitali sont des c\u00e9l\u00e9brations topographiques et des critiques subtiles de nos habitudes changeantes de loisirs.\r","authors":["Vitali Massimo"],"category_codes":["6000000","6070000","6070200"],"visuals":{"large":"https:\/\/images.epagine.fr\/268\/9783958296268_1_75.jpg","medium":"https:\/\/images.epagine.fr\/268\/9783958296268_1_m.jpg","thumbnail":"https:\/\/images.epagine.fr\/268\/9783958296268_1_v.jpg"},"orderable":true,"show_badge":true,"formatted_price":"95,00&nbsp;\u20ac","formatted_published_date":"30 novembre 2019","publisher_availability_label":"Sur commande","short_details":"Vitali Massimo \u2014 Steidl","translator":null,"weight":2900,"page_count":208,"readership":null,"editor":"Steidl","price":9500,"published_date":"2019-11-29T23:00:00.000000Z","support":"Grand format","publisher_availability":1,"stock":0,"editions":[],"url":"https:\/\/quaidesbrumes.com\/ouvrage\/9783958296268\/massimo-vitali-vol-iii-photographs-2009-2018"},{"id":"9782322112319","title":"Voyager \u00e0 travers les fleurs ; photographie de fleurs","description":"Une passion pour la photographie, la nature, un bo\u00eetier et voil\u00e0 qu'on se trouve lancer dans la po\u00e9sie photographique.\r\nJe me suis prise dans la po\u00e9sie photographique des fleurs, sp\u00e9cialis\u00e9 dans le macro, les fleurs mise en avant tandis que l'arri\u00e8re est plong\u00e9 dans la beaut\u00e9 des p\u00e9tales de fleurs. \r\nDes fleurs de toutes vari\u00e9t\u00e9s et aux mille couleurs.\r\nCertainement qu'une s\u00e9lection de vari\u00e9t\u00e9 pr\u00e9sente dans cet ouvrage n'avait vous jamais vu dans votre vie. Ne cherchez plus, les plus belles p\u00e9tales de fleurs se trouvent dans ce livre de photographie.\r","authors":["Elvina Minjacq"],"category_codes":["6000000","6070000","6070200"],"visuals":{"large":"https:\/\/images.epagine.fr\/319\/9782322112319_1_75.jpg","medium":"https:\/\/images.epagine.fr\/319\/9782322112319_1_m.jpg","thumbnail":"https:\/\/images.epagine.fr\/319\/9782322112319_1_v.jpg"},"orderable":true,"show_badge":true,"formatted_price":"17,50&nbsp;\u20ac","formatted_published_date":"11 juin 2019","publisher_availability_label":"Sur commande","short_details":"Elvina Minjacq \u2014 Books on Demand","translator":null,"weight":283,"page_count":48,"readership":null,"editor":"Books on Demand","price":1750,"published_date":"2019-06-10T22:00:00.000000Z","support":"Grand format","publisher_availability":1,"stock":0,"editions":[],"url":"https:\/\/quaidesbrumes.com\/ouvrage\/9782322112319\/voyager-a-travers-les-fleurs-photographie-de-fleurs"},{"id":"9791030902006","title":"D\u00e9construire au cin\u00e9ma","description":"Les nouvelles technologies, la parit\u00e9, l'\u00e9cologie, mais encore les ph\u00e9nom\u00e8nes migratoires, ou la menace des \u00e9pid\u00e9mies... Ces probl\u00e8mes qui remettent en cause les fondements de notre soci\u00e9t\u00e9, inspirent le cin\u00e9ma contemporain. Certains films, avec leur dimension onirique, r\u00e9v\u00e8lent le lien de ces mutations, devenues autant de moyens de la \u00ab d\u00e9construction \u00bb id\u00e9ologique affectant tous les domaines de la culture.\r","authors":["Michel Aroumi"],"category_codes":["6000000","6070000","6070300","6070308"],"visuals":{"large":"https:\/\/images.epagine.fr\/006\/9791030902006_1_75.jpg","medium":"https:\/\/images.epagine.fr\/006\/9791030902006_1_m.jpg","thumbnail":"https:\/\/images.epagine.fr\/006\/9791030902006_1_v.jpg"},"orderable":true,"show_badge":true,"formatted_price":"20,00&nbsp;\u20ac","formatted_published_date":"13 mai 2019","publisher_availability_label":"Sur commande","short_details":"Michel Aroumi \u2014 Orizons","translator":null,"weight":327,"page_count":206,"readership":null,"editor":"Orizons","price":2000,"published_date":"2019-05-12T22:00:00.000000Z","support":"Grand format","publisher_availability":1,"stock":0,"editions":[],"url":"https:\/\/quaidesbrumes.com\/ouvrage\/9791030902006\/deconstruire-au-cinema"},{"id":"9782322171361","title":"\u00e9ternels instants Tome 2","description":"La photographie est un arr\u00eat du temps. Les po\u00e8mes qui accompagnent les photos de ce livre proc\u00e8dent aussi de l'intention d'arr\u00eater le temps, dont le d\u00e9roulement n'est pas vu comme un accomplissement, mais comme une d\u00e9gradation, ainsi que l'ont bien remarqu\u00e9 les gnostiques chr\u00e9tiens, dont ce livre reprend les intuitions. Chronos d\u00e9vore implacablement ses enfants, tel l'ogre de Goya dans son tableau \"Saturne\".\r\nHeureusement qu'\u00e0 de certains moments transper\u00e7ants l'\u00e9ternit\u00e9 peut nous visiter, ce qui justifie la remarque de Spinoza : \"Nous sentons et exp\u00e9rimentons que nous sommes \u00e9ternels.\" Bien s\u00fbr, ce ne sont que des moments, qui ne durent qu'un temps. Mais enfin ils existent, et m\u00eame disparus nous en reste au moins le souvenir, viatique pour notre avenir, source \u00e0 laquelle nous pouvons nous abreuver pour rester en vie.\r\nCe livre illustre les situations qui gravitent autour de cette m\u00eame question : comment continuer \u00e0 vivre d'une vie authentique dans un exil temporel qui semble l'interdire ?\r","authors":["Michel Th\u00e9ron"],"category_codes":["6000000","6070000","6070200"],"visuals":{"large":"https:\/\/images.epagine.fr\/361\/9782322171361_1_75.jpg","medium":"https:\/\/images.epagine.fr\/361\/9782322171361_1_m.jpg","thumbnail":"https:\/\/images.epagine.fr\/361\/9782322171361_1_v.jpg"},"orderable":true,"show_badge":true,"formatted_price":"15,00&nbsp;\u20ac","formatted_published_date":"26 mars 2019","publisher_availability_label":"Sur commande","short_details":"Michel Th\u00e9ron \u2014 Books on Demand","translator":null,"weight":240,"page_count":100,"readership":null,"editor":"Books on Demand","price":1500,"published_date":"2019-03-25T23:00:00.000000Z","support":"Grand format","publisher_availability":1,"stock":0,"editions":[],"url":"https:\/\/quaidesbrumes.com\/ouvrage\/9782322171361\/eternels-instants-tome-2"},{"id":"9782329289649","title":"Trait\u00e9 pratique de photogravure en relief et en creux","description":"Trait\u00e9 pratique de photogravure en relief et en creux \/ par L\u00e9on Vidal,...\r\nDate de l'\u00e9dition originale : 1900\r\n\r\nLe pr\u00e9sent ouvrage s'inscrit dans une politique de conservation patrimoniale des ouvrages de la litt\u00e9rature Fran\u00e7aise mise en place avec la BNF. \r\nHACHETTE LIVRE et la BNF proposent ainsi un catalogue de titres indisponibles, la BNF ayant num\u00e9ris\u00e9 ces oeuvres et HACHETTE LIVRE les imprimant \u00e0 la demande. \r\nCertains de ces ouvrages refl\u00e8tent des courants de pens\u00e9e caract\u00e9ristiques de leur \u00e9poque, mais qui seraient aujourd'hui jug\u00e9s condamnables. \r\nIls n'en appartiennent pas moins \u00e0 l'histoire des id\u00e9es en France et sont susceptibles de pr\u00e9senter un int\u00e9r\u00eat scientifique ou historique. \r\nLe sens de notre d\u00e9marche \u00e9ditoriale consiste ainsi \u00e0 permettre l'acc\u00e8s \u00e0 ces oeuvres sans pour autant que nous en cautionnions en aucune fa\u00e7on le contenu. \r\nPour plus d'informations, rendez-vous sur www.hachettebnf.fr","authors":["L\u00e9on Vidal"],"category_codes":["6000000","6070000","6070200"],"visuals":{"large":"https:\/\/images.epagine.fr\/649\/9782329289649_1_75.jpg","medium":"https:\/\/images.epagine.fr\/649\/9782329289649_1_m.jpg","thumbnail":"https:\/\/images.epagine.fr\/649\/9782329289649_1_v.jpg"},"orderable":true,"show_badge":true,"formatted_price":"30,00&nbsp;\u20ac","formatted_published_date":"1er juin 2019","publisher_availability_label":"Sur commande","short_details":"L\u00e9on Vidal \u2014 Hachette BNF","translator":null,"weight":663,"page_count":488,"readership":null,"editor":"Hachette BNF","price":3000,"published_date":"2019-05-31T22:00:00.000000Z","support":"Grand format","publisher_availability":1,"stock":0,"editions":[],"url":"https:\/\/quaidesbrumes.com\/ouvrage\/9782329289649\/traite-pratique-de-photogravure-en-relief-et-en-creux"},{"id":"9781909526648","title":"Hunter barnes spirit of the southern speedways","description":null,"authors":["Barnes Hunter"],"category_codes":["6000000","6070000","6070200"],"visuals":{"large":"https:\/\/images.epagine.fr\/648\/9781909526648_1_75.jpg","medium":"https:\/\/images.epagine.fr\/648\/9781909526648_1_m.jpg","thumbnail":"https:\/\/images.epagine.fr\/648\/9781909526648_1_v.jpg"},"orderable":true,"show_badge":true,"formatted_price":"42,00&nbsp;\u20ac","formatted_published_date":"30 octobre 2019","publisher_availability_label":"Sur commande","short_details":"Barnes Hunter \u2014 Reel Art Press","translator":null,"weight":901,"page_count":128,"readership":null,"editor":"Reel Art Press","price":4200,"published_date":"2019-10-29T23:00:00.000000Z","support":"Grand format","publisher_availability":1,"stock":0,"editions":[],"url":"https:\/\/quaidesbrumes.com\/ouvrage\/9781909526648\/hunter-barnes-spirit-of-the-southern-speedways"},{"id":"9782351372661","title":"Gwen et le livre de sable","description":"Ce livre-DVD pr\u00e9sente le film de Jean-Fran\u00e7ois Laguionie (1985, 65 min.) dans une version restaur\u00e9e sous la direction du cin\u00e9aste et, au fil du r\u00e9cit de cette formidable aventure, les \u00e9l\u00e9ments qui ont servi \u00e0 la r\u00e9alisation : croquis, d\u00e9cors, personnages...\r\nLa jeune Gwen, adopt\u00e9e par une tribu de nomades, vit dans un monde post-apocalyptique envahi par le sable, o\u00f9 une entit\u00e9 inconnue d\u00e9verse des flots d'objets, reproductions gigantesques de produits banals de notre monde (valises, t\u00e9l\u00e9phones, horloges...). Quand le gar\u00e7on avec lequel elle s'est li\u00e9e d'amiti\u00e9 est enlev\u00e9 par l'entit\u00e9, Gwen part \u00e0 sa recherche.\r","authors":["Jean-fran\u00e7ois Laguionie"],"category_codes":["6000000","6070000","6070300"],"visuals":{"large":"https:\/\/images.epagine.fr\/661\/9782351372661_1_75.jpg","medium":"https:\/\/images.epagine.fr\/661\/9782351372661_1_m.jpg","thumbnail":"https:\/\/images.epagine.fr\/661\/9782351372661_1_v.jpg"},"orderable":true,"show_badge":true,"formatted_price":"25,00&nbsp;\u20ac","formatted_published_date":"1er juillet 2019","publisher_availability_label":"Sur commande","short_details":"Jean-fran\u00e7ois Laguionie \u2014 EDITIONS DE L'OEIL","translator":null,"weight":267,"page_count":80,"readership":null,"editor":"EDITIONS DE L'OEIL","price":2500,"published_date":"2019-06-30T22:00:00.000000Z","support":"Livre + DVD","publisher_availability":1,"stock":0,"editions":[],"url":"https:\/\/quaidesbrumes.com\/ouvrage\/9782351372661\/gwen-et-le-livre-de-sable"},{"id":"9782343167053","title":"L'image du corps f\u00e9minin dans \"les silences du palais\" ; corps opprim\u00e9 ou rebelle","description":"Cet ouvrage analyse la repr\u00e9sentation, l'image et la place accord\u00e9es \u00e0 la femme maghr\u00e9bine dans Les Silences du palais. Les personnages f\u00e9minins semblent incarner un m\u00e9canisme de perturbation dans la hi\u00e9rarchie des genres, une source de rupture et de lib\u00e9ration \u00e0 travers la fiction. Parall\u00e8lement, il y a une autre face de la repr\u00e9sentation f\u00e9minine montrant une docilit\u00e9 et une soumission pr\u00e9pond\u00e9rantes. L'oeuvre \u00e9voque, ainsi, un paradoxe certain de la condition f\u00e9minine arabe : d'un c\u00f4t\u00e9, la repr\u00e9sentation de la femme soumise et ob\u00e9issante; de l'autre, le portrait d'une femme rebelle.","authors":["Laakri Cherifi"],"category_codes":["6000000","6070000","6070300","6070304"],"visuals":{"large":"https:\/\/images.epagine.fr\/053\/9782343167053_1_75.jpg","medium":"https:\/\/images.epagine.fr\/053\/9782343167053_1_m.jpg","thumbnail":"https:\/\/images.epagine.fr\/053\/9782343167053_1_v.jpg"},"orderable":true,"show_badge":true,"formatted_price":"23,50&nbsp;\u20ac","formatted_published_date":"28 mars 2019","publisher_availability_label":"Sur commande","short_details":"Laakri Cherifi \u2014 \u00c9ditions L'Harmattan","translator":null,"weight":256,"page_count":214,"readership":null,"editor":"\u00c9ditions L'Harmattan","price":2350,"published_date":"2019-03-27T23:00:00.000000Z","support":"Grand format","publisher_availability":1,"stock":0,"editions":[],"url":"https:\/\/quaidesbrumes.com\/ouvrage\/9782343167053\/limage-du-corps-feminin-dans-les-silences-du-palais-corps-opprime-ou-rebelle"},{"id":"9782343174426","title":"Histoire des cin\u00e9mas \u00e0 Conflans-Sainte-Honorine","description":"L'histoire des salles de cin\u00e9ma dans la ville de Conflans-Sainte-Honorine depuis leur apparition est retrac\u00e9e ici pour la premi\u00e8re fois. Leur programmation et activit\u00e9s sont rappel\u00e9es dans ce beau-livre mettant en valeur - \u00e0 c\u00f4t\u00e9 d'images d'archives et d'affiches - des photographies originales des parties publiques mais aussi cach\u00e9es de ces deux derni\u00e8res salles, sous des angles et aspects inattendus, afin d'en saisir quelques-unes de leurs sp\u00e9cificit\u00e9s et originalit\u00e9s.","authors":["Arnaud Chapuy","Claude Forest"],"category_codes":["6000000","6070000","6070300"],"visuals":{"large":"https:\/\/images.epagine.fr\/426\/9782343174426_1_75.jpg","medium":"https:\/\/images.epagine.fr\/426\/9782343174426_1_m.jpg","thumbnail":"https:\/\/images.epagine.fr\/426\/9782343174426_1_v.jpg"},"orderable":true,"show_badge":true,"formatted_price":"27,00&nbsp;\u20ac","formatted_published_date":"27 mai 2019","publisher_availability_label":"Sur commande","short_details":"Arnaud Chapuy, Claude Forest \u2014 \u00c9ditions L'Harmattan","translator":null,"weight":309,"page_count":96,"readership":null,"editor":"\u00c9ditions L'Harmattan","price":2700,"published_date":"2019-05-26T22:00:00.000000Z","support":"Grand format","publisher_availability":1,"stock":0,"editions":[],"url":"https:\/\/quaidesbrumes.com\/ouvrage\/9782343174426\/histoire-des-cinemas-a-conflans-sainte-honorine"},{"id":"9783960700388","title":"Ingar krauss huts hedges heaps","description":null,"authors":["Krauss Ingar"],"category_codes":["6000000","6070000","6070200"],"visuals":{"large":"https:\/\/images.epagine.fr\/388\/9783960700388_1_75.jpg","medium":"https:\/\/images.epagine.fr\/388\/9783960700388_1_m.jpg","thumbnail":"https:\/\/images.epagine.fr\/388\/9783960700388_1_v.jpg"},"orderable":true,"show_badge":true,"formatted_price":"40,00&nbsp;\u20ac","formatted_published_date":"30 juin 2019","publisher_availability_label":"Sur commande","short_details":"Krauss Ingar \u2014 Hartmann Books","translator":null,"weight":801,"page_count":88,"readership":null,"editor":"Hartmann Books","price":4000,"published_date":"2019-06-29T22:00:00.000000Z","support":"Grand format","publisher_availability":1,"stock":0,"editions":[],"url":"https:\/\/quaidesbrumes.com\/ouvrage\/9783960700388\/ingar-krauss-huts-hedges-heaps"},{"id":"9783960700364","title":"Lia darjes tempora morte","description":null,"authors":["Lia Darjes"],"category_codes":["6000000","6070000","6070200"],"visuals":{"large":"https:\/\/images.epagine.fr\/364\/9783960700364_1_75.jpg","medium":"https:\/\/images.epagine.fr\/364\/9783960700364_1_m.jpg","thumbnail":"https:\/\/images.epagine.fr\/364\/9783960700364_1_v.jpg"},"orderable":true,"show_badge":true,"formatted_price":"36,00&nbsp;\u20ac","formatted_published_date":"22 septembre 2019","publisher_availability_label":"Sur commande","short_details":"Lia Darjes \u2014 Hartmann Books","translator":null,"weight":601,"page_count":92,"readership":null,"editor":"Hartmann Books","price":3600,"published_date":"2019-09-21T22:00:00.000000Z","support":"Grand format","publisher_availability":1,"stock":0,"editions":[],"url":"https:\/\/quaidesbrumes.com\/ouvrage\/9783960700364\/lia-darjes-tempora-morte"},{"id":"9783829608749","title":"Thomas struth composition 19","description":null,"authors":["Struth Thomas"],"category_codes":["6000000","6070000","6070200"],"visuals":{"large":"https:\/\/images.epagine.fr\/749\/9783829608749_1_75.jpg","medium":"https:\/\/images.epagine.fr\/749\/9783829608749_1_m.jpg","thumbnail":"https:\/\/images.epagine.fr\/749\/9783829608749_1_v.jpg"},"orderable":true,"show_badge":true,"formatted_price":"49,00&nbsp;\u20ac","formatted_published_date":"15 juin 2019","publisher_availability_label":"Sur commande","short_details":"Struth Thomas \u2014 Schirmer Mosel","translator":null,"weight":1001,"page_count":130,"readership":null,"editor":"Schirmer Mosel","price":4900,"published_date":"2019-06-14T22:00:00.000000Z","support":"Grand format","publisher_availability":1,"stock":0,"editions":[],"url":"https:\/\/quaidesbrumes.com\/ouvrage\/9783829608749\/thomas-struth-composition-19"},{"id":"9782322120314","title":"Flottilles sur le golfe du Morbihan ; sailboats floats on the Morbihan gulf","description":"Une f\u00eate maritime d'exception avec des centaines de bateaux r\u00e9partis sur Vannes, Arradon, Saint-Goustan, Larmor-Baden, Port-Blanc, \u00cele aux Moines, Port-Anna. Voiliers qui naviguent en flottilles, dans un cadre fait de paysages marins \u00e0 couper le souffle, d'anses, d'\u00eeles, de criques avec des petites plages (accessibles uniquement en bateau). C'est la Semaine du Golfe du Morbihan. \u00c9v\u00e8nement maritime qui a lieu tous les deux ans, avec une armada de flottilles : voile-aviron, petite plaisance traditionnelle, plaisance classique, voiliers traditionnels, motonautisme classique et grands voiliers. Avec en final : la Grande Parade.  An exceptional maritime festival with hundreds of boats spread over Vannes, Arradon, Saint-Goustan, Larmor-Baden, Port-Blanc, \u00cele aux Moines, Port-Anna... Sailboats that sail in fleets in a frame made of seascapes to breathtaking, currents, islands, coves with small secret beaches accessible only by boat. This is the \u00ab Week of Morbihan Gulf \u00bb (Brittany, France) ! Maritime event that takes place every two years with an armada of fleets : sailing-rowing boats, traditional yachting, classic yachts and yachting of the 60s \/ 70s, without forgetting the traditional sailboats, the classic motorboating and Tall ships. With fireworks, for the finale : the Grande Parade.\r","authors":["Jo\u00ebl Douillet"],"category_codes":["6000000","6070000","6070200","6070201"],"visuals":{"large":"https:\/\/images.epagine.fr\/314\/9782322120314_1_75.jpg","medium":"https:\/\/images.epagine.fr\/314\/9782322120314_1_m.jpg","thumbnail":"https:\/\/images.epagine.fr\/314\/9782322120314_1_v.jpg"},"orderable":true,"show_badge":true,"formatted_price":"19,90&nbsp;\u20ac","formatted_published_date":"13 juillet 2019","publisher_availability_label":"Sur commande","short_details":"Jo\u00ebl Douillet \u2014 Books on Demand","translator":null,"weight":236,"page_count":48,"readership":null,"editor":"Books on Demand","price":1990,"published_date":"2019-07-12T22:00:00.000000Z","support":"Grand format","publisher_availability":1,"stock":0,"editions":[],"url":"https:\/\/quaidesbrumes.com\/ouvrage\/9782322120314\/flottilles-sur-le-golfe-du-morbihan-sailboats-floats-on-the-morbihan-gulf"}]}