{"data":[{"id":"9782019164812","title":"La photographie sous-marine et les progr\u00e8s de la photographie","description":"La photographie sous-marine et les progr\u00e8s de la photographie \/ par Louis Boutan,...\r\nDate de l'\u00e9dition originale : 1900 M\u00e9c\u00e9nat texte imprim\u00e9 : Cet ouvrage a \u00e9t\u00e9 num\u00e9ris\u00e9 gr\u00e2ce \u00e0 POMO Le pr\u00e9sent ouvrage s'inscrit dans une politique de conservation patrimoniale des ouvrages de la litt\u00e9rature Fran\u00e7aise mise en place avec la BNF.\r\nHACHETTE LIVRE et la BNF proposent ainsi un catalogue de titres indisponibles, la BNF ayant num\u00e9ris\u00e9 ces oeuvres et HACHETTE LIVRE les imprimant \u00e0 la demande.\r\nCertains de ces ouvrages refl\u00e8tent des courants de pens\u00e9e caract\u00e9ristiques de leur \u00e9poque, mais qui seraient aujourd'hui jug\u00e9s condamnables.\r\nIls n'en appartiennent pas moins \u00e0 l'histoire des id\u00e9es en France et sont susceptibles de pr\u00e9senter un int\u00e9r\u00eat scientifique ou historique.\r\nLe sens de notre d\u00e9marche \u00e9ditoriale consiste ainsi \u00e0 permettre l'acc\u00e8s \u00e0 ces oeuvres sans pour autant que nous en cautionnions en aucune fa\u00e7on le contenu.\r\n\r\nPour plus d'informations, rendez-vous sur www.hachettebnf.fr\r","authors":["Boutan Louis"],"category_codes":["6000000","6070000","6070200"],"visuals":{"large":"https:\/\/images.epagine.fr\/812\/9782019164812_1_75.jpg","medium":"https:\/\/images.epagine.fr\/812\/9782019164812_1_m.jpg","thumbnail":"https:\/\/images.epagine.fr\/812\/9782019164812_1_v.jpg"},"orderable":true,"show_badge":true,"formatted_price":"25,50&nbsp;\u20ac","formatted_published_date":"1er octobre 2017","publisher_availability_label":"Sur commande","short_details":"Boutan Louis \u2014 Hachette BNF","translator":null,"weight":519,"page_count":null,"readership":null,"editor":"Hachette BNF","price":2550,"published_date":"2017-09-30T22:00:00.000000Z","support":"Grand format","publisher_availability":1,"stock":0,"editions":[],"url":"https:\/\/quaidesbrumes.com\/ouvrage\/9782019164812\/la-photographie-sous-marine-et-les-progres-de-la-photographie"},{"id":"9782019163938","title":"Recherches photographiques. photographie sur verre, heliochromie, gravure heliographique - notes et","description":"Recherches photographiques : photographie sur verre, h\u00e9liochromie, gravure h\u00e9liographique, notes et proc\u00e9d\u00e9s divers ; par M. Niepce de Saint-Victor. Suivies de consid\u00e9rations \/ par M. E. Chevreul,... ; avec une pr\u00e9face biographique et des notes par M. Ernest Lacan Date de l'\u00e9dition originale : 1855 Comprend : Consid\u00e9rations sur la reproduction par les proc\u00e9d\u00e9s de M. Niepce de Saint-Victor Le pr\u00e9sent ouvrage s'inscrit dans une politique de conservation patrimoniale des ouvrages de la litt\u00e9rature Fran\u00e7aise mise en place avec la BNF.\r\nHACHETTE LIVRE et la BNF proposent ainsi un catalogue de titres indisponibles, la BNF ayant num\u00e9ris\u00e9 ces oeuvres et HACHETTE LIVRE les imprimant \u00e0 la demande.\r\nCertains de ces ouvrages refl\u00e8tent des courants de pens\u00e9e caract\u00e9ristiques de leur \u00e9poque, mais qui seraient aujourd'hui jug\u00e9s condamnables.\r\nIls n'en appartiennent pas moins \u00e0 l'histoire des id\u00e9es en France et sont susceptibles de pr\u00e9senter un int\u00e9r\u00eat scientifique ou historique.\r\nLe sens de notre d\u00e9marche \u00e9ditoriale consiste ainsi \u00e0 permettre l'acc\u00e8s \u00e0 ces oeuvres sans pour autant que nous en cautionnions en aucune fa\u00e7on le contenu.\r\n\r\nPour plus d'informations, rendez-vous sur www.hachettebnf.fr\r","authors":["Niepce De Saint-Vict"],"category_codes":["6000000","6070000","6070200"],"visuals":{"large":"https:\/\/images.epagine.fr\/938\/9782019163938_1_75.jpg","medium":"https:\/\/images.epagine.fr\/938\/9782019163938_1_m.jpg","thumbnail":"https:\/\/images.epagine.fr\/938\/9782019163938_1_v.jpg"},"orderable":true,"show_badge":true,"formatted_price":"18,00&nbsp;\u20ac","formatted_published_date":"1er octobre 2017","publisher_availability_label":"Sur commande","short_details":"Niepce De Saint-Vict \u2014 Hachette BNF","translator":null,"weight":250,"page_count":null,"readership":null,"editor":"Hachette BNF","price":1800,"published_date":"2017-09-30T22:00:00.000000Z","support":"Grand format","publisher_availability":1,"stock":0,"editions":[],"url":"https:\/\/quaidesbrumes.com\/ouvrage\/9782019163938\/recherches-photographiques-photographie-sur-verre-heliochromie-gravure-heliographique-notes-et"},{"id":"9782900175040","title":"Les archives audiovisuelles","description":"Les Petits guides des archi\u00adves sont une col\u00adlec\u00adtion diri\u00adg\u00e9e par le centre de for\u00adma\u00adtion de l'Association des archi\u00advis\u00adtes fran\u00ad\u00e7ais (AAF). Faisant \u00e9cho aux stages pro\u00adpo\u00ads\u00e9s par l'AAF, chaque guide a pour objec\u00adtif, dans une appro\u00adche aussi pra\u00adti\u00adque que pos\u00adsi\u00adble de faire le point sur une ques\u00adtion, une pro\u00adc\u00e9\u00addure, un outil archi\u00advis\u00adti\u00adque par\u00adti\u00adcu\u00adliers. Ces guides doi\u00advent pou\u00advoir r\u00e9pon\u00addre \u00e0 vos atten\u00adtes. En nous les fai\u00adsant conna\u00ee\u00adtre, vous contri\u00adbue\u00adrez \u00e0 enri\u00adchir la col\u00adlec\u00adtion.\r\n\r\nG\u00e9rer, conser\u00adver, exploi\u00adter les archi\u00adves audio\u00advi\u00adsuel\u00adles n'est pas une mince affaire. Constitu\u00e9es de conte\u00adnus et de genres mul\u00adti\u00adples, enre\u00adgis\u00adtr\u00e9es sur des sup\u00adports sou\u00advent mena\u00adc\u00e9s de d\u00e9gra\u00adda\u00adtion dans le temps, ces archi\u00adves par\u00adti\u00adcu\u00adli\u00e8\u00adres n\u00e9ces\u00adsi\u00adtent, pour les lire, un mat\u00e9\u00adriel sp\u00e9\u00adci\u00adfi\u00adque. Ce petit guide a pour objec\u00adtif d'aider les archi\u00advis\u00adtes et les docu\u00admen\u00adta\u00adlis\u00adtes \u00e0 se rep\u00e9\u00adrer dans les genres, les sup\u00adports, les for\u00admats, \u00e0 pren\u00addre des mesu\u00adres de conser\u00adva\u00adtion pr\u00e9\u00adven\u00adtive, et \u00e0 envi\u00adsa\u00adger la num\u00e9\u00adri\u00adsa\u00adtion et la valo\u00adri\u00adsa\u00adtion des fonds audio\u00advi\u00adsuels. Il est le fruit de l'exp\u00e9\u00adrience de l'Ina dans ce domaine et de sa col\u00adla\u00adbo\u00adra\u00adtion avec l'AAF sur des for\u00adma\u00adtions qui accueillent chaque ann\u00e9e de nom\u00adbreux pro\u00adfes\u00adsion\u00adnels. Un glos\u00adsaire, des annexes et une biblio\u00adgra\u00adphie com\u00adpl\u00e8\u00adtent et illus\u00adtrent le propos prin\u00adci\u00adpal.\r\n\r\nCe petit guide a \u00e9t\u00e9 r\u00e9a\u00adlis\u00e9 en par\u00adte\u00adna\u00adriat avec l'Ina.\r","authors":["Sophie Labonne"],"category_codes":["6000000","6070000","6070100"],"visuals":{"large":"https:\/\/images.epagine.fr\/040\/9782900175040_1_75.jpg","medium":"https:\/\/images.epagine.fr\/040\/9782900175040_1_m.jpg","thumbnail":"https:\/\/images.epagine.fr\/040\/9782900175040_1_v.jpg"},"orderable":true,"show_badge":true,"formatted_price":"13,00&nbsp;\u20ac","formatted_published_date":"11 d\u00e9cembre 2013","publisher_availability_label":"Sur commande","short_details":"Sophie Labonne \u2014 Association Des Archivistes Francais","translator":null,"weight":0,"page_count":54,"readership":null,"editor":"Association Des Archivistes Francais","price":1300,"published_date":"2013-12-10T23:00:00.000000Z","support":"Grand format","publisher_availability":1,"stock":0,"editions":[],"url":"https:\/\/quaidesbrumes.com\/ouvrage\/9782900175040\/les-archives-audiovisuelles"},{"id":"9788836637874","title":"Paparazzi ; photographers and stars ; from the Dolce Vita to the present","description":"Over one hundred and fifty pictures of VIPs and stars of yesterday and today tell about the phenomenon and transformations of the role of those photojournalists who became known with the name of paparazzi.\r\n\r\nFrom celebrated 20th-century image thieves like Tazio Secchiaroli, Marcello Geppetti, Ron Galella, Lino Nanni, to photographic projects by contemporary artists such as Alison Jackson and Armin Linke, the volume spans over the years and the themes that change along with society and and mass media.\r\n\r\nFrom the 30s images of candid cameras to the Rome of the early sixties, with its myth of \u00abHollywood on the Tevere\u00bb, from the stolen shots of Anita Ekberg, Marilyn Monroe, Jackie Kennedy, Lady D up to Silvio Berlusconi, the repertoire collected in these pages show the transformation of the language used by paparazzi, offering new interpretations of a phenomenon that unites the history of society, communication and image.\r","authors":["Collectif"],"category_codes":["6000000","6070000","6070200","6070206"],"visuals":{"large":"https:\/\/quaidesbrumes.com\/img\/book-placeholder.png","medium":"https:\/\/quaidesbrumes.com\/img\/book-placeholder.png","thumbnail":"https:\/\/quaidesbrumes.com\/img\/book-placeholder.png"},"orderable":true,"show_badge":true,"formatted_price":"29,00&nbsp;\u20ac","formatted_published_date":"15 novembre 2017","publisher_availability_label":"Sur commande","short_details":"Collectif \u2014 Silvana Editoriale","translator":null,"weight":845,"page_count":136,"readership":null,"editor":"Silvana Editoriale","price":2900,"published_date":"2017-11-14T23:00:00.000000Z","support":"Grand format","publisher_availability":1,"stock":0,"editions":[],"url":"https:\/\/quaidesbrumes.com\/ouvrage\/9788836637874\/paparazzi-photographers-and-stars-from-the-dolce-vita-to-the-present"},{"id":"9782825710678","title":"The historians ; saison 1 ; les s\u00e9ries TV d\u00e9crypt\u00e9es par les historiens","description":"Les s\u00e9ries t\u00e9l\u00e9vis\u00e9es, ph\u00e9nom\u00e8ne culturel et social incontournable des quinze derni\u00e8res ann\u00e9es, accordent \u00e0 l'Histoire une place de premier plan. Mettant en sc\u00e8ne des empereurs de la Rome antique aussi bien que des narco-trafiquants des ann\u00e9es 1980, les intrigues situ\u00e9es dans un pass\u00e9 proche ou lointain repr\u00e9sentent l'une des cat\u00e9gories les plus pris\u00e9es du public.\r\nEntre reconstitutions minutieuses et anachronismes assum\u00e9s, ces relectures contemporaines offrent une vision sans cesse renouvel\u00e9e du pass\u00e9. Mais celle-ci fait-elle \u00e9cho aux avanc\u00e9es de la recherche historique ? Que nous apprend-elle des rapports que notre soci\u00e9t\u00e9 entretient avec les si\u00e8cles pr\u00e9c\u00e9dents ? Pour expliquer le succ\u00e8s de ces s\u00e9ries et la mani\u00e8re dont elles recomposent notre imaginaire, ce livre donne la parole \u00e0 des historiens qui d\u00e9cortiquent cinq s\u00e9ries historiques : Kaamelott, Vikings, The Tudors, The Knick et Masters of Sex.\r","authors":["Thalia Brero","S\u00e9bastien Farr\u00e9"],"category_codes":["6000000","6070000","6070100"],"visuals":{"large":"https:\/\/images.epagine.fr\/678\/9782825710678_1_75.jpg","medium":"https:\/\/images.epagine.fr\/678\/9782825710678_1_m.jpg","thumbnail":"https:\/\/images.epagine.fr\/678\/9782825710678_1_v.jpg"},"orderable":true,"show_badge":true,"formatted_price":"15,00&nbsp;\u20ac","formatted_published_date":"18 novembre 2017","publisher_availability_label":"Sur commande","short_details":"Thalia Brero, S\u00e9bastien Farr\u00e9 \u2014 Georg","translator":null,"weight":235,"page_count":144,"readership":null,"editor":"Georg","price":1500,"published_date":"2017-11-17T23:00:00.000000Z","support":"Grand format","publisher_availability":1,"stock":0,"editions":[],"url":"https:\/\/quaidesbrumes.com\/ouvrage\/9782825710678\/the-historians-saison-1-les-series-tv-decryptees-par-les-historiens"},{"id":"9788417048020","title":"Pilar pequeno huellas \/ traces \/anglais\/espagnol","description":"Ce volume rassemble deux oeuvres du photographe espagnol Pilar Peque\u00f1o (n\u00e9 en 1944): des photographies d'une maison sur la c\u00f4te de la Mar Menor, et la vieille \u00e9cole du photographe en Galice, transform\u00e9e depuis en camp de prisonniers.\r","authors":["Pequeno Pilar"],"category_codes":["6000000","6070000","6070200"],"visuals":{"large":"https:\/\/images.epagine.fr\/020\/9788417048020_1_75.jpg","medium":"https:\/\/images.epagine.fr\/020\/9788417048020_1_m.jpg","thumbnail":"https:\/\/images.epagine.fr\/020\/9788417048020_1_v.jpg"},"orderable":true,"show_badge":true,"formatted_price":"40,00&nbsp;\u20ac","formatted_published_date":"3 juillet 2017","publisher_availability_label":"Sur commande","short_details":"Pequeno Pilar \u2014 La Fabrica","translator":null,"weight":700,"page_count":96,"readership":null,"editor":"La Fabrica","price":4000,"published_date":"2017-07-02T22:00:00.000000Z","support":"Grand format","publisher_availability":1,"stock":0,"editions":[],"url":"https:\/\/quaidesbrumes.com\/ouvrage\/9788417048020\/pilar-pequeno-huellas-traces-anglaisespagnol"},{"id":"9782019199616","title":"Description de nouveaux daguerreotypes perfectionnes et portatifs - avec l'instruction de m. daguerr","description":"Description de nouveaux daguerr\u00e9otypes perfectionn\u00e9s et portatifs, avec l'instruction de M. Daguerre, annot\u00e9e, et des m\u00e9thodes pour faire des portraits... \/ par Buron,...\r\nDate de l'\u00e9dition originale : 1841 Le pr\u00e9sent ouvrage s'inscrit dans une politique de conservation patrimoniale des ouvrages de la litt\u00e9rature Fran\u00e7aise mise en place avec la BNF.\r\nHACHETTE LIVRE et la BNF proposent ainsi un catalogue de titres indisponibles, la BNF ayant num\u00e9ris\u00e9 ces oeuvres et HACHETTE LIVRE les imprimant \u00e0 la demande.\r\nCertains de ces ouvrages refl\u00e8tent des courants de pens\u00e9e caract\u00e9ristiques de leur \u00e9poque, mais qui seraient aujourd'hui jug\u00e9s condamnables.\r\nIls n'en appartiennent pas moins \u00e0 l'histoire des id\u00e9es en France et sont susceptibles de pr\u00e9senter un int\u00e9r\u00eat scientifique ou historique.\r\nLe sens de notre d\u00e9marche \u00e9ditoriale consiste ainsi \u00e0 permettre l'acc\u00e8s \u00e0 ces oeuvres sans pour autant que nous en cautionnions en aucune fa\u00e7on le contenu.\r\n\r\nPour plus d'informations, rendez-vous sur www.hachettebnf.fr\r","authors":["Daguerre L-J-M."],"category_codes":["6000000","6070000","6070200"],"visuals":{"large":"https:\/\/images.epagine.fr\/616\/9782019199616_1_75.jpg","medium":"https:\/\/images.epagine.fr\/616\/9782019199616_1_m.jpg","thumbnail":"https:\/\/images.epagine.fr\/616\/9782019199616_1_v.jpg"},"orderable":true,"show_badge":true,"formatted_price":"11,00&nbsp;\u20ac","formatted_published_date":"1er novembre 2017","publisher_availability_label":"Sur commande","short_details":"Daguerre L-J-M. \u2014 Hachette BNF","translator":null,"weight":92,"page_count":null,"readership":null,"editor":"Hachette BNF","price":1100,"published_date":"2017-10-31T23:00:00.000000Z","support":"Grand format","publisher_availability":1,"stock":0,"editions":[],"url":"https:\/\/quaidesbrumes.com\/ouvrage\/9782019199616\/description-de-nouveaux-daguerreotypes-perfectionnes-et-portatifs-avec-linstruction-de-m-daguerr"},{"id":"9783943573091","title":"Push start ; the art of video games","description":null,"authors":["Stefan Gunzel"],"category_codes":["6000000","6070000","6070400"],"visuals":{"large":"https:\/\/images.epagine.fr\/091\/9783943573091_1_75.jpg","medium":"https:\/\/images.epagine.fr\/091\/9783943573091_1_m.jpg","thumbnail":"https:\/\/images.epagine.fr\/091\/9783943573091_1_v.jpg"},"orderable":true,"show_badge":true,"formatted_price":"54,00&nbsp;\u20ac","formatted_published_date":"30 juin 2014","publisher_availability_label":"Sur commande","short_details":"Stefan Gunzel \u2014 Ear Books","translator":null,"weight":1100,"page_count":null,"readership":null,"editor":"Ear Books","price":5400,"published_date":"2014-06-29T22:00:00.000000Z","support":"Livre + CD Audio","publisher_availability":1,"stock":0,"editions":[],"url":"https:\/\/quaidesbrumes.com\/ouvrage\/9783943573091\/push-start-the-art-of-video-games"},{"id":"9782322102150","title":"Bronica ; notice contr\u00f4le entretien d\u00e9montage","description":"Pour en savoir plus sur le Bronica Etr et  Etrsi  Dans cet ouvrage, vous trouverez la notice du boitier et des diff\u00e9rents prismes ainsi  que le d\u00e9montage  pour l'entretien et la suppression des champignons dans les objectifs.\r","authors":["Bruno Jean"],"category_codes":["6000000","6070000","6070200"],"visuals":{"large":"https:\/\/images.epagine.fr\/150\/9782322102150_1_75.jpg","medium":"https:\/\/images.epagine.fr\/150\/9782322102150_1_m.jpg","thumbnail":"https:\/\/images.epagine.fr\/150\/9782322102150_1_v.jpg"},"orderable":true,"show_badge":true,"formatted_price":"40,00&nbsp;\u20ac","formatted_published_date":"8 janvier 2018","publisher_availability_label":"Sur commande","short_details":"Bruno Jean \u2014 Books on Demand","translator":null,"weight":801,"page_count":104,"readership":null,"editor":"Books on Demand","price":4000,"published_date":"2018-01-07T23:00:00.000000Z","support":"Grand format","publisher_availability":1,"stock":0,"editions":[],"url":"https:\/\/quaidesbrumes.com\/ouvrage\/9782322102150\/bronica-notice-controle-entretien-demontage"},{"id":"9782019189259","title":"Album de l'ecole centrale, vues et souvenirs","description":"Album de l'Ecole Centrale : vues et souvenirs \/ publi\u00e9 par les soins de l'Association amicale des anciens \u00e9l\u00e8ves Date de l'\u00e9dition originale : 1884 Le pr\u00e9sent ouvrage s'inscrit dans une politique de conservation patrimoniale des ouvrages de la litt\u00e9rature Fran\u00e7aise mise en place avec la BNF.\r\nHACHETTE LIVRE et la BNF proposent ainsi un catalogue de titres indisponibles, la BNF ayant num\u00e9ris\u00e9 ces oeuvres et HACHETTE LIVRE les imprimant \u00e0 la demande.\r\nCertains de ces ouvrages refl\u00e8tent des courants de pens\u00e9e caract\u00e9ristiques de leur \u00e9poque, mais qui seraient aujourd'hui jug\u00e9s condamnables.\r\nIls n'en appartiennent pas moins \u00e0 l'histoire des id\u00e9es en France et sont susceptibles de pr\u00e9senter un int\u00e9r\u00eat scientifique ou historique.\r\nLe sens de notre d\u00e9marche \u00e9ditoriale consiste ainsi \u00e0 permettre l'acc\u00e8s \u00e0 ces oeuvres sans pour autant que nous en cautionnions en aucune fa\u00e7on le contenu.\r\n\r\nPour plus d'informations, rendez-vous sur www.hachettebnf.fr\r","authors":["Ecole Centrale Paris"],"category_codes":["6000000","6070000","6070200"],"visuals":{"large":"https:\/\/images.epagine.fr\/259\/9782019189259_1_75.jpg","medium":"https:\/\/images.epagine.fr\/259\/9782019189259_1_m.jpg","thumbnail":"https:\/\/images.epagine.fr\/259\/9782019189259_1_v.jpg"},"orderable":true,"show_badge":true,"formatted_price":"10,90&nbsp;\u20ac","formatted_published_date":"1er novembre 2017","publisher_availability_label":"Sur commande","short_details":"Ecole Centrale Paris \u2014 Hachette BNF","translator":null,"weight":78,"page_count":null,"readership":null,"editor":"Hachette BNF","price":1090,"published_date":"2017-10-31T23:00:00.000000Z","support":"Grand format","publisher_availability":1,"stock":0,"editions":[],"url":"https:\/\/quaidesbrumes.com\/ouvrage\/9782019189259\/album-de-lecole-centrale-vues-et-souvenirs"},{"id":"9782954366319","title":"Breves d amour","description":null,"authors":["Delandre"],"category_codes":["6000000","6070000","6070200"],"visuals":{"large":"https:\/\/quaidesbrumes.com\/img\/book-placeholder.png","medium":"https:\/\/quaidesbrumes.com\/img\/book-placeholder.png","thumbnail":"https:\/\/quaidesbrumes.com\/img\/book-placeholder.png"},"orderable":true,"show_badge":true,"formatted_price":"20,00&nbsp;\u20ac","formatted_published_date":"15 janvier 2018","publisher_availability_label":"Sur commande","short_details":"Delandre \u2014 Entrepren'Art","translator":null,"weight":220,"page_count":null,"readership":null,"editor":"Entrepren'Art","price":2000,"published_date":"2018-01-14T23:00:00.000000Z","support":"Grand format","publisher_availability":1,"stock":0,"editions":[],"url":"https:\/\/quaidesbrumes.com\/ouvrage\/9782954366319\/breves-d-amour"},{"id":"9782322084296","title":"Manuel de reparation fed, kiev, zorki","description":"Les Zorki sont simples \u00e0 restaurer et ils pr\u00e9sentent l'avantage d'avoir la m\u00eame conception m\u00e9canique que les Leica, ils sont donc un tr\u00e8s bon entrainement avant de s'attaquer \u00e0 ce genre de boitier.\r\nLe Kiev 4, lui, est exactement identique au Contax 3. Vous trouverez aussi dans cet ouvrage la r\u00e9paration du Fed 4.\r\nLe tout illustr\u00e9 par de nombreuses photographies car ce livre s'adresse avant tout au r\u00e9parateur d\u00e9butant mais il peut \u00eatre aussi utile au plus perfectionn\u00e9.\r","authors":["Jean Bruno"],"category_codes":["6000000","6070000","6070200","6070208"],"visuals":{"large":"https:\/\/images.epagine.fr\/296\/9782322084296_1_75.jpg","medium":"https:\/\/images.epagine.fr\/296\/9782322084296_1_m.jpg","thumbnail":"https:\/\/images.epagine.fr\/296\/9782322084296_1_v.jpg"},"orderable":true,"show_badge":true,"formatted_price":"40,00&nbsp;\u20ac","formatted_published_date":"9 octobre 2017","publisher_availability_label":"Sur commande","short_details":"Jean Bruno \u2014 Books on Demand","translator":null,"weight":801,"page_count":172,"readership":null,"editor":"Books on Demand","price":4000,"published_date":"2017-10-08T22:00:00.000000Z","support":"Grand format","publisher_availability":1,"stock":0,"editions":[],"url":"https:\/\/quaidesbrumes.com\/ouvrage\/9782322084296\/manuel-de-reparation-fed-kiev-zorki"},{"id":"9782312123127","title":"Projet photo : Longwy","description":"Ce livre fait suite au projet photo : le Luxembourg, comme je suis longovicien, il \u00e9tait normal, non pardon il m'\u00e9tait oblig\u00e9 de faire un nouveau projet photo sur Longwy. Ce livre  s'articule en trois parties, dont la derni\u00e8re qui sera consacr\u00e9e aux photos du carnaval v\u00e9nitien de Longwy. Ce livre est une promenade touristique de la ville de Longwy.","authors":["Christian Manzoni"],"category_codes":["6000000","6070000","6070200","6070201"],"visuals":{"large":"https:\/\/images.epagine.fr\/127\/9782312123127_1_75.jpg","medium":"https:\/\/images.epagine.fr\/127\/9782312123127_1_m.jpg","thumbnail":"https:\/\/images.epagine.fr\/127\/9782312123127_1_v.jpg"},"orderable":true,"show_badge":true,"formatted_price":"28,00&nbsp;\u20ac","formatted_published_date":"8 juillet 2022","publisher_availability_label":"Sur commande","short_details":"Christian Manzoni \u2014 Editions du Net","translator":null,"weight":217,"page_count":76,"readership":null,"editor":"Editions du Net","price":2800,"published_date":"2022-07-07T22:00:00.000000Z","support":"Grand format","publisher_availability":1,"stock":0,"editions":[],"url":"https:\/\/quaidesbrumes.com\/ouvrage\/9782312123127\/projet-photo-longwy"},{"id":"9782322099450","title":"Exakta guide de r\u00e9paration","description":"Cet ouvrage est d\u00e9di\u00e9 aux Exakta.\r\nLes boitiers Exakta et Exa sont tr\u00e8s simples \u00e0 r\u00e9parer dans l'ensemble. Il vous suffira juste d'un peu de patience, ils sont un excellent exercice pour bien d\u00e9marrer dans la r\u00e9paration amateur.\r\nVous trouverez aussi dans ce livre un chapitre sur la suppression des champignons dans les objectifs.\r","authors":["Jean Bruno"],"category_codes":["6000000","6070000","6070200","6070208"],"visuals":{"large":"https:\/\/images.epagine.fr\/450\/9782322099450_1_75.jpg","medium":"https:\/\/images.epagine.fr\/450\/9782322099450_1_m.jpg","thumbnail":"https:\/\/images.epagine.fr\/450\/9782322099450_1_v.jpg"},"orderable":true,"show_badge":true,"formatted_price":"35,00&nbsp;\u20ac","formatted_published_date":"6 novembre 2017","publisher_availability_label":"Sur commande","short_details":"Jean Bruno \u2014 Books on Demand","translator":null,"weight":700,"page_count":468,"readership":null,"editor":"Books on Demand","price":3500,"published_date":"2017-11-05T23:00:00.000000Z","support":"Grand format","publisher_availability":1,"stock":0,"editions":[],"url":"https:\/\/quaidesbrumes.com\/ouvrage\/9782322099450\/exakta-guide-de-reparation"},{"id":"9783906803401","title":"Years later...","description":"R\u00e9sultat de trois ann\u00e9es de travail, cet ouvrage du duo Rico Scagliola et Michael Meier propose un portrait de l'espace public occidental \u00e0 travers une exploration du quotidien des femmes et des hommes qui l'habitent. Les clich\u00e9s sont accompagn\u00e9s de paroles entendues dans la rue ou de phrases reprises d'internet, contribuant \u00e0 la composition d'une v\u00e9ritable com\u00e9die humaine contemporaine.\r\n\r\nRico Scagliola (n\u00e9 en 1985 \u00e0 Uster) et Michael Meier (n\u00e9 en 1982 \u00e0 Chur) vivent et travaillent \u00e0 Zurich. Ils ont \u00e9tudi\u00e9 la photographie \u00e0 l'Universit\u00e9 des Arts de Zurich de 2006 \u00e0 2010 et ont d\u00e9but\u00e9 leur collaboration en 2008. Ils s'int\u00e9ressent avant tout \u00e0 la cr\u00e9ation de \u00ab portraits de moeurs \u00bb et \u00e0 l'exploration des groupes sociaux.\r","authors":["Michael Meier","Rico Scagliola"],"category_codes":["6000000","6070000","6070200","6070205"],"visuals":{"large":"https:\/\/images.epagine.fr\/401\/9783906803401_1_75.jpg","medium":"https:\/\/images.epagine.fr\/401\/9783906803401_1_m.jpg","thumbnail":"https:\/\/images.epagine.fr\/401\/9783906803401_1_v.jpg"},"orderable":true,"show_badge":true,"formatted_price":"60,00&nbsp;\u20ac","formatted_published_date":"15 octobre 2017","publisher_availability_label":"Sur commande","short_details":"Michael Meier, Rico Scagliola \u2014 Patrick Frey","translator":null,"weight":0,"page_count":232,"readership":null,"editor":"Patrick Frey","price":6000,"published_date":"2017-10-14T22:00:00.000000Z","support":"Grand format","publisher_availability":1,"stock":0,"editions":[],"url":"https:\/\/quaidesbrumes.com\/ouvrage\/9783906803401\/years-later"},{"id":"9783906803487","title":"Appetite for the Magnificent ; J\u00f6rg Scheller, David & Tania Willen","description":"Publication compos\u00e9e d'un essai et d'une s\u00e9rie photographique prenant pour sujet l'aquarium, son histoire et sa r\u00e9ception contemporaine. La contribution de David et Tania Willen aborde la dimension esth\u00e9tique des aquariums suisses actuels, tandis que le texte de J\u00f6rg Scheller sur le naturaliste britannique Philip Henry Gosse retrace l'\u00e9volution de l'aquarium \u00e0 l'interface de l'art, de la science et de la religion...\r\n\r\nLe photographe David Willen (n\u00e9 en 1968 \u00e0 Berne) et la directrice photo Tania Willen (n\u00e9e en 1967 \u00e0 Berne) travaillent ensemble depuis 2003 et enseignent \u00e0 l'Universit\u00e9 des Arts de Zurich depuis 2013.\r","authors":["J\u00f6rg Scheller"],"category_codes":["6000000","6070000","6070200","6070205"],"visuals":{"large":"https:\/\/images.epagine.fr\/487\/9783906803487_1_75.jpg","medium":"https:\/\/images.epagine.fr\/487\/9783906803487_1_m.jpg","thumbnail":"https:\/\/images.epagine.fr\/487\/9783906803487_1_v.jpg"},"orderable":true,"show_badge":true,"formatted_price":"43,00&nbsp;\u20ac","formatted_published_date":"15 octobre 2017","publisher_availability_label":"Sur commande","short_details":"J\u00f6rg Scheller \u2014 Patrick Frey","translator":null,"weight":0,"page_count":128,"readership":null,"editor":"Patrick Frey","price":4300,"published_date":"2017-10-14T22:00:00.000000Z","support":"Grand format","publisher_availability":1,"stock":0,"editions":[],"url":"https:\/\/quaidesbrumes.com\/ouvrage\/9783906803487\/appetite-for-the-magnificent-jorg-scheller-david-tania-willen"},{"id":"9781419729027","title":"Rolling Stone ; covers 50 years","description":"For the past 50 years, the covers of  Rolling Stone  have depicted the icons of popular culture--from John Lennon, Bob Dylan, the Rolling Stones, Madonna, and Steve Martin to Rihanna, Louis C.K., Adele, Radiohead, and Barack Obama--cementing their legendary and influential status. No other magazine has the illustrious history and prestige of having defined popular culture from the birth of rock and roll to the present.   This fantastic collection is newly revised and updated to include the covers from all 50 years of  Rolling Stone  history. With an updated introduction by Jann S. Wenner as well as new excerpts from the magazine and quotes from photographers and their celebrity subjects, this nostalgic journey down the memory lane of music, entertainment, and politics is irresistible.\r","authors":["Jann s. Wenner"],"category_codes":["6000000","6070000","6070200","6070205"],"visuals":{"large":"https:\/\/images.epagine.fr\/027\/9781419729027_1_75.jpg","medium":"https:\/\/images.epagine.fr\/027\/9781419729027_1_m.jpg","thumbnail":"https:\/\/images.epagine.fr\/027\/9781419729027_1_v.jpg"},"orderable":true,"show_badge":true,"formatted_price":"40,00&nbsp;\u20ac","formatted_published_date":"5 mai 2018","publisher_availability_label":"Sur commande","short_details":"Jann s. Wenner \u2014 Abrams UK","translator":null,"weight":801,"page_count":null,"readership":null,"editor":"Abrams UK","price":4000,"published_date":"2018-05-04T22:00:00.000000Z","support":"Grand format","publisher_availability":1,"stock":0,"editions":[],"url":"https:\/\/quaidesbrumes.com\/ouvrage\/9781419729027\/rolling-stone-covers-50-years"},{"id":"9780500025352","title":"Alex Prager : silver lake drive","description":"The definitive monograph on Alex Prager, one of the truly original image makers of our time.\r\n\r\nAlex Prager is a photographer and filmmaker whose elaborate sets and complex staging draw on a rich cultural heritage of cinematic style, informed by street photography, to produce work that is unerringly memorable. At once temporal and timeless, bright but shadowed, Prager's images exist within a hyperreal world, deeply rooted in the eerie undertones of Los Angeles, where the line between reality and fiction is blurred.\r\n\r\nPrager's critically acclaimed work is introduced here, spanning a decade of photographic work and five films. This collection of carefully curated photographs is complemented by an in-depth interview by Nathalie Herschdorfer, director of the Musee des Beaux-Arts Le Locle, Switzerland, and discursive essays by Michael Govan, director of the Los Angeles County Museum of Art, Michael Mansfield, executive director of the Ogunquit Museum of American Art, Maine, and Clare Grafik, senior curator at The Photographers' Gallery, London.","authors":["Prager Alex"],"category_codes":["6000000","6010000","6010400"],"visuals":{"large":"https:\/\/images.epagine.fr\/352\/9780500025352_1_75.jpg","medium":"https:\/\/images.epagine.fr\/352\/9780500025352_1_m.jpg","thumbnail":"https:\/\/images.epagine.fr\/352\/9780500025352_1_v.jpg"},"orderable":true,"show_badge":true,"formatted_price":"37,00&nbsp;\u20ac","formatted_published_date":"20 ao\u00fbt 2022","publisher_availability_label":"Sur commande","short_details":"Prager Alex \u2014 Thames & Hudson","translator":null,"weight":801,"page_count":224,"readership":null,"editor":"Thames & Hudson","price":3700,"published_date":"2022-08-19T22:00:00.000000Z","support":"Grand format","publisher_availability":1,"stock":0,"editions":[],"url":"https:\/\/quaidesbrumes.com\/ouvrage\/9780500025352\/alex-prager-silver-lake-drive"},{"id":"9782874599996","title":"Entre deux rives","description":"Jo\u00ebl Godart signe avec ce recueil son troisi\u00e8me livre chez Chlo\u00e9 des Lys. Apr\u00e8s deux livres de po\u00e8mes, il nous propose \u00e0 pr\u00e9sent un livre de photographies prises ces derni\u00e8res ann\u00e9es au cimeti\u00e8re du P\u00e8re Lachaise \u00e0 Paris.\r\nLe mot de l'auteur : Jo\u00ebl Godart nous convie \u00e0 une promenade po\u00e9tique dans les all\u00e9es du P\u00e8re Lachaise \u00e0 Paris. Pour capter le regard de tous ces disparus, rendre \u00e0 la vie ces visages de pierre  afin qu'ils nous parlent \u00e0 nouveau, l'auteur a utilis\u00e9 son objectif et tent\u00e9 joindre ces deux mondes, en toute humilit\u00e9, en toute discr\u00e9tion. Puis il a d\u00fb s'effacer...\r","authors":["Jo\u00ebl Godart"],"category_codes":["6000000","6070000","6070200"],"visuals":{"large":"https:\/\/images.epagine.fr\/996\/9782874599996_1_75.jpg","medium":"https:\/\/images.epagine.fr\/996\/9782874599996_1_m.jpg","thumbnail":"https:\/\/images.epagine.fr\/996\/9782874599996_1_v.jpg"},"orderable":true,"show_badge":true,"formatted_price":"39,90&nbsp;\u20ac","formatted_published_date":"19 octobre 2017","publisher_availability_label":"Sur commande","short_details":"Jo\u00ebl Godart \u2014 Chloe Des Lys","translator":null,"weight":140,"page_count":80,"readership":null,"editor":"Chloe Des Lys","price":3990,"published_date":"2017-10-18T22:00:00.000000Z","support":"Grand format","publisher_availability":1,"stock":0,"editions":[],"url":"https:\/\/quaidesbrumes.com\/ouvrage\/9782874599996\/entre-deux-rives"},{"id":"9782956240105","title":"Postes \u00e9lectriques\u00a0; Quand le street art s'expose sur les postes de transformation","description":"Pour la premi\u00e8re fois, un livre rassemble une tr\u00e8s large s\u00e9lection d'oeuvres de street art r\u00e9alis\u00e9es sur les postes de distribution d'\u00e9lectricit\u00e9, partout sur le territoire.\r\n Depuis une vingtaine d'ann\u00e9es, Enedis r\u00e9unit associations d'insertion, artistes graffeurs, techniciens et \u00e9lus locaux dans ce projet sans pr\u00e9c\u00e9dent. Avec un objectif : redonner des couleurs au patrimoine industriel des villes et villages fran\u00e7ais tout en renfor\u00e7ant la coh\u00e9sion sociale.\r\n\r\nPhotographes: William\u00a0Beaucardet ; Benjamin B\u00e9chet\u00a0; Sophie Brandstrom\u00a0; Ludovic Combe\u00a0; Roxanne Gauthier\u00a0; Vincent Gouriou\u00a0; Alban Pernet ; Julien Pitinome\u00a0; Philippe Somnolet\r","authors":["Simon Clair","Collectif"],"category_codes":["6000000","6070000","6070200"],"visuals":{"large":"https:\/\/images.epagine.fr\/105\/9782956240105_1_75.jpg","medium":"https:\/\/images.epagine.fr\/105\/9782956240105_1_m.jpg","thumbnail":"https:\/\/images.epagine.fr\/105\/9782956240105_1_v.jpg"},"orderable":true,"show_badge":true,"formatted_price":"16,00&nbsp;\u20ac","formatted_published_date":"21 novembre 2017","publisher_availability_label":"Sur commande","short_details":"Simon Clair, Collectif \u2014 Parker Wayne Philips","translator":null,"weight":412,"page_count":194,"readership":null,"editor":"Parker Wayne Philips","price":1600,"published_date":"2017-11-20T23:00:00.000000Z","support":"Grand format","publisher_availability":1,"stock":0,"editions":[],"url":"https:\/\/quaidesbrumes.com\/ouvrage\/9782956240105\/postes-electriques-quand-le-street-art-sexpose-sur-les-postes-de-transformation"},{"id":"9781909526563","title":"Johnny Cash at Folsom and San Quentin","description":"En 1968 et 1969, Johnny Cash s'est rendu dans les prisons de Folsom et de San Quentin afin de donner un concert au profit des prisonniers. Jim Marshall, collaborateur de longue date du musicien, est le seul photographe officiel autoris\u00e9 \u00e0 documenter l'enregistrement de l'album \"At Folsom Prison\" puis \"At San Quentin\". Issus des archives personnelles de Jim Marshall, les photographies de cet ouvrage racontent cet \u00e9pisode fascinant de l'histoire du rock am\u00e9ricain.\r","authors":["Jim Marshall"],"category_codes":["6000000","6070000","6070200","6070205"],"visuals":{"large":"https:\/\/images.epagine.fr\/563\/9781909526563_1_75.jpg","medium":"https:\/\/images.epagine.fr\/563\/9781909526563_1_m.jpg","thumbnail":"https:\/\/images.epagine.fr\/563\/9781909526563_1_v.jpg"},"orderable":true,"show_badge":true,"formatted_price":"54,00&nbsp;\u20ac","formatted_published_date":"15 juin 2018","publisher_availability_label":"Sur commande","short_details":"Jim Marshall \u2014 Reel Art Press","translator":null,"weight":1101,"page_count":null,"readership":null,"editor":"Reel Art Press","price":5400,"published_date":"2018-06-14T22:00:00.000000Z","support":"Grand format","publisher_availability":1,"stock":0,"editions":[],"url":"https:\/\/quaidesbrumes.com\/ouvrage\/9781909526563\/johnny-cash-at-folsom-and-san-quentin"},{"id":"9782343137773","title":"La peinture \u00e0 l'oeuvre dans le cin\u00e9ma d'Alfred Hitchcock","description":"Cet ouvrage met en lumi\u00e8re le lien \u00e9tabli entre l'art pictural et le cin\u00e9ma d'Alfred Hitchcock. Les tableaux sont mis en sc\u00e8ne et dynamisent la narration, mais s'asservissent-ils aux r\u00e9cits ? Sous quelles formes et jusqu'o\u00f9 s'\u00e9tend l'impact de la peinture sur le cin\u00e9ma hitchcockien ? L'auteur d\u00e9crit les d\u00e9cors, les toiles de fond, les tableaux qui habitent et structurent les images du r\u00e9alisateur, tout en faisant appel \u00e0 la m\u00e9moire collective.\r","authors":["Lydie Decobert"],"category_codes":["6000000","6070000","6070300"],"visuals":{"large":"https:\/\/images.epagine.fr\/773\/9782343137773_1_75.jpg","medium":"https:\/\/images.epagine.fr\/773\/9782343137773_1_m.jpg","thumbnail":"https:\/\/images.epagine.fr\/773\/9782343137773_1_v.jpg"},"orderable":true,"show_badge":true,"formatted_price":"25,50&nbsp;\u20ac","formatted_published_date":"14 d\u00e9cembre 2017","publisher_availability_label":"Sur commande","short_details":"Lydie Decobert \u2014 \u00c9ditions L'Harmattan","translator":null,"weight":285,"page_count":230,"readership":null,"editor":"\u00c9ditions L'Harmattan","price":2550,"published_date":"2017-12-13T23:00:00.000000Z","support":"Grand format","publisher_availability":1,"stock":0,"editions":[],"url":"https:\/\/quaidesbrumes.com\/ouvrage\/9782343137773\/la-peinture-a-loeuvre-dans-le-cinema-dalfred-hitchcock"},{"id":"9782322100552","title":"Georges D\u00e9trey, photographies Tome 1 ; Europe 1930-1950","description":"En Hollande et en Belgique, en haute montagne ou sur les falaises de la Meuse, des images du patrimoine historique, ethnographique de l'entre deux guerres...\r\nLes plaques de verre st\u00e9r\u00e9o originales ont \u00e9t\u00e9 num\u00e9ris\u00e9es en haute d\u00e9finition et transform\u00e9es en anaglyphes cyan-rouge sur les pages de gauche, les pages de droite pr\u00e9sentant la vue sans relief \"d'un seul oeil\"...\r","authors":["Georges Detrey"],"category_codes":["6000000","6070000","6070200"],"visuals":{"large":"https:\/\/images.epagine.fr\/552\/9782322100552_1_75.jpg","medium":"https:\/\/images.epagine.fr\/552\/9782322100552_1_m.jpg","thumbnail":"https:\/\/images.epagine.fr\/552\/9782322100552_1_v.jpg"},"orderable":true,"show_badge":true,"formatted_price":"12,00&nbsp;\u20ac","formatted_published_date":"29 janvier 2018","publisher_availability_label":"Sur commande","short_details":"Georges Detrey \u2014 Books on Demand","translator":null,"weight":301,"page_count":104,"readership":null,"editor":"Books on Demand","price":1200,"published_date":"2018-01-28T23:00:00.000000Z","support":"Grand format","publisher_availability":1,"stock":0,"editions":[],"url":"https:\/\/quaidesbrumes.com\/ouvrage\/9782322100552\/georges-detrey-photographies-tome-1-europe-1930-1950"},{"id":"9782019218942","title":"Douze lecons de photographie","description":"Douze le\u00e7ons de photographie,... par le Dr J. Fau Date de l'\u00e9dition originale : 1854 Le pr\u00e9sent ouvrage s'inscrit dans une politique de conservation patrimoniale des ouvrages de la litt\u00e9rature Fran\u00e7aise mise en place avec la BNF.\r\nHACHETTE LIVRE et la BNF proposent ainsi un catalogue de titres indisponibles, la BNF ayant num\u00e9ris\u00e9 ces oeuvres et HACHETTE LIVRE les imprimant \u00e0 la demande.\r\nCertains de ces ouvrages refl\u00e8tent des courants de pens\u00e9e caract\u00e9ristiques de leur \u00e9poque, mais qui seraient aujourd'hui jug\u00e9s condamnables.\r\nIls n'en appartiennent pas moins \u00e0 l'histoire des id\u00e9es en France et sont susceptibles de pr\u00e9senter un int\u00e9r\u00eat scientifique ou historique.\r\nLe sens de notre d\u00e9marche \u00e9ditoriale consiste ainsi \u00e0 permettre l'acc\u00e8s \u00e0 ces oeuvres sans pour autant que nous en cautionnions en aucune fa\u00e7on le contenu.\r\nPour plus d'informations, rendez-vous sur www.hachettebnf.fr\r","authors":["Fau Julien"],"category_codes":["6000000","6070000","6070200"],"visuals":{"large":"https:\/\/images.epagine.fr\/942\/9782019218942_1_75.jpg","medium":"https:\/\/images.epagine.fr\/942\/9782019218942_1_m.jpg","thumbnail":"https:\/\/images.epagine.fr\/942\/9782019218942_1_v.jpg"},"orderable":true,"show_badge":true,"formatted_price":"14,90&nbsp;\u20ac","formatted_published_date":"1er f\u00e9vrier 2018","publisher_availability_label":"Sur commande","short_details":"Fau Julien \u2014 Hachette BNF","translator":null,"weight":143,"page_count":null,"readership":null,"editor":"Hachette BNF","price":1490,"published_date":"2018-01-31T23:00:00.000000Z","support":"Grand format","publisher_availability":1,"stock":0,"editions":[],"url":"https:\/\/quaidesbrumes.com\/ouvrage\/9782019218942\/douze-lecons-de-photographie"}]}