{"data":[{"id":"9788899765026","title":"Buried treasure","description":"Ce superbe volume illustre une collection extraordinaire compos\u00e9e de 66 troncs fossiles provenant pour la plupart des \u00ab for\u00eats p\u00e9trifi\u00e9es \u00bb de l'ouest des \u00c9tats- Unis (Arizona, Oregon, Washington). Chaque fossile a \u00e9t\u00e9 photographi\u00e9 express\u00e9ment afin d'\u00eatre repr\u00e9sent\u00e9 en entier et dans certains de ses magnifiques d\u00e9tails.\r\nLes \u00ab for\u00eats p\u00e9trifi\u00e9es \u00bb se forment en absence d'oxyg\u00e8ne et de microbes et en pr\u00e9sence d'eaux riches en min\u00e9raux ; dans ces conditions se d\u00e9veloppe un processus appel\u00e9 permin\u00e9ralisation, qui transforme les troncs en fossiles.\r\nOr il arrive souvent que la Nature sorte ses pinceaux au cours de ce processus, cr\u00e9ant un jeu de couleurs et de nuances qu'elle distribue sur la surface du bois avant que celle-ci ne se transforme en quartz dur, ce qui donne naissance \u00e0 de v\u00e9ritables chefs-d'oeuvre.\r\nIl existe des \u00ab for\u00eats p\u00e9trifi\u00e9es \u00bb dans le monde entier, mais les plus spectaculaires se trouvent aux \u00c9tats-Unis. La plus c\u00e9l\u00e8bre est la Chinle Formation Forest, en Arizona.\r","authors":["Ernest Beck","George e. Harlow","John Bigelow taylor","Dianne Dubler"],"category_codes":["6000000","6070000","6070200"],"visuals":{"large":"https:\/\/images.epagine.fr\/026\/9788899765026_1_75.jpg","medium":"https:\/\/images.epagine.fr\/026\/9788899765026_1_m.jpg","thumbnail":"https:\/\/images.epagine.fr\/026\/9788899765026_1_v.jpg"},"orderable":true,"show_badge":true,"formatted_price":"120,00&nbsp;\u20ac","formatted_published_date":"9 octobre 2017","publisher_availability_label":"Sur commande","short_details":"Ernest Beck, George e. Harlow, John Bigelow taylor, Dianne Dubler \u2014 Officina","translator":null,"weight":4085,"page_count":304,"readership":null,"editor":"Officina","price":12000,"published_date":"2017-10-08T22:00:00.000000Z","support":"Beaux-livres","publisher_availability":1,"stock":0,"editions":[],"url":"https:\/\/quaidesbrumes.com\/ouvrage\/9788899765026\/buried-treasure"},{"id":"9782825710609","title":"Des machines et des hommes","description":"Situ\u00e9 \u00e0 la crois\u00e9e des \u00e9tudes filmiques et des \u00e9tudes de genre (gender studies), Des machines et des hommes s'appuie sur une approche socio-historique du genre afin d'analyser la masculinit\u00e9 des h\u00e9ros du cin\u00e9ma hollywoodien en tant que construction politique, narrative et esth\u00e9tique. En examinant des films embl\u00e9matiques tels que Terminator, Rambo II, Gladiator, I, Robot, Alexandre, Le Prestige, Casino Royale ou 2012, l'auteur se propose de faire l'histoire de la masculinit\u00e9 am\u00e9ricaine \u00e0 l'\u00e8re postindustrielle et de montrer combien le cin\u00e9ma \u00e9tats-unien forme alors un espace privil\u00e9gi\u00e9 de restructuration imaginaire des masculinit\u00e9s dominantes dans leurs relations \u00e0 la technologie.\r\nEn d\u00e9finitive, cette \u00e9tude en appelle \u00e0 envisager le sentiment d'ali\u00e9nation qui accompagne l'essor des nouvelles technologies, des ann\u00e9es 1970 \u00e0 nos jours, avant tout comme un sentiment de d\u00e9virilisation.\r","authors":["Charles-antoine Courcoux"],"category_codes":["6000000","6070000","6070300","6070303"],"visuals":{"large":"https:\/\/images.epagine.fr\/609\/9782825710609_1_75.jpg","medium":"https:\/\/images.epagine.fr\/609\/9782825710609_1_m.jpg","thumbnail":"https:\/\/images.epagine.fr\/609\/9782825710609_1_v.jpg"},"orderable":true,"show_badge":true,"formatted_price":"19,00&nbsp;\u20ac","formatted_published_date":"9 octobre 2017","publisher_availability_label":"Sur commande","short_details":"Charles-antoine Courcoux \u2014 Georg","translator":null,"weight":880,"page_count":null,"readership":null,"editor":"Georg","price":1900,"published_date":"2017-10-08T22:00:00.000000Z","support":"Grand format","publisher_availability":1,"stock":0,"editions":[],"url":"https:\/\/quaidesbrumes.com\/ouvrage\/9782825710609\/des-machines-et-des-hommes"},{"id":"9788460689522","title":"Ciertas vidas perras","description":null,"authors":["Canameras Adria"],"category_codes":["6000000","6070000","6070200"],"visuals":{"large":"https:\/\/images.epagine.fr\/522\/9788460689522_1_75.jpg","medium":"https:\/\/images.epagine.fr\/522\/9788460689522_1_m.jpg","thumbnail":"https:\/\/images.epagine.fr\/522\/9788460689522_1_v.jpg"},"orderable":true,"show_badge":true,"formatted_price":"48,00&nbsp;\u20ac","formatted_published_date":"1er janvier 2017","publisher_availability_label":"Sur commande","short_details":"Canameras Adria \u2014 Terranova","translator":null,"weight":1320,"page_count":null,"readership":null,"editor":"Terranova","price":4800,"published_date":"2016-12-31T23:00:00.000000Z","support":"Grand format","publisher_availability":1,"stock":0,"editions":[],"url":"https:\/\/quaidesbrumes.com\/ouvrage\/9788460689522\/ciertas-vidas-perras"},{"id":"9783869840796","title":"Marcel Duchamp : Jeff Wall ; with the eye of the mind","description":null,"authors":["Stefan Banz"],"category_codes":["6000000","6070000","6070200","6070204"],"visuals":{"large":"https:\/\/images.epagine.fr\/796\/9783869840796_1_75.jpg","medium":"https:\/\/images.epagine.fr\/796\/9783869840796_1_m.jpg","thumbnail":"https:\/\/images.epagine.fr\/796\/9783869840796_1_v.jpg"},"orderable":true,"show_badge":true,"formatted_price":"20,00&nbsp;\u20ac","formatted_published_date":"1er f\u00e9vrier 2017","publisher_availability_label":"Sur commande","short_details":"Stefan Banz \u2014 Kunsthalle Marcel Duchamp","translator":null,"weight":340,"page_count":252,"readership":null,"editor":"Kunsthalle Marcel Duchamp","price":2000,"published_date":"2017-01-31T23:00:00.000000Z","support":"Grand format","publisher_availability":1,"stock":0,"editions":[],"url":"https:\/\/quaidesbrumes.com\/ouvrage\/9783869840796\/marcel-duchamp-jeff-wall-with-the-eye-of-the-mind"},{"id":"9782343124766","title":"Sc\u00e8nes de la vie familiale ; Ingmar Bergman","description":"\"Ingmar Bergman a toujours film\u00e9 le sujet humain dans toutes ses complexit\u00e9s : que ce soit l affrontement conjugal, l incertitude face \u00e0 Dieu ou le r\u00f4le de l artiste dans le monde qui l entoure. Mais qu en est-il de la filiation ? Comment met-il en sc\u00e8ne la relation parent-enfant ? A partir de plusieurs analyses filmiques, ce livre entend r\u00e9v\u00e9ler la particularit\u00e9 et les sp\u00e9cificit\u00e9s de cette relation dans l oeuvre de Bergman.\"\r","authors":["Rapha\u00ebl Yung mariano"],"category_codes":["6000000","6070000","6070300","6070304"],"visuals":{"large":"https:\/\/images.epagine.fr\/766\/9782343124766_1_75.jpg","medium":"https:\/\/images.epagine.fr\/766\/9782343124766_1_m.jpg","thumbnail":"https:\/\/images.epagine.fr\/766\/9782343124766_1_v.jpg"},"orderable":true,"show_badge":true,"formatted_price":"15,00&nbsp;\u20ac","formatted_published_date":"14 juin 2017","publisher_availability_label":"Sur commande","short_details":"Rapha\u00ebl Yung mariano \u2014 \u00c9ditions L'Harmattan","translator":null,"weight":160,"page_count":124,"readership":null,"editor":"\u00c9ditions L'Harmattan","price":1500,"published_date":"2017-06-13T22:00:00.000000Z","support":"Grand format","publisher_availability":1,"stock":0,"editions":[],"url":"https:\/\/quaidesbrumes.com\/ouvrage\/9782343124766\/scenes-de-la-vie-familiale-ingmar-bergman"},{"id":"9783836564502","title":"Edward Weston","description":"Rares sont les photographes qui ont laiss\u00e9 un patrimoine aussi pr\u00e9cieux que Edward Weston (1886-1958). Apr\u00e8s une dizaine d'ann\u00e9es pass\u00e9es \u00e0 faire des photos dignes d'un peintre, en jouant avec la technique du flou artistique, il devint la figure tut\u00e9laire d'un groupe d'artistes de la c\u00f4te ouest baptis\u00e9 Group f\/64, qui lan\u00e7a l'\u00e9cole pr\u00e9cise et pointue de la \u00abphotographie pure\u00bb. Apr\u00e8s ce grand plongeon stylistique, la carri\u00e8re de Weston passe \u00e0 la vitesse sup\u00e9rieure, et il r\u00e9alise des clich\u00e9s d'un r\u00e9alisme sensuel extraordinaire, en \u00e9quilibre parfait entre immobilit\u00e9 de la composition et fulgurante intensit\u00e9. Avec ses nus, ses \u00e9tudes de la nature et sa myriade de vues sur les spectaculaires paysages californiens, Weston cherchait \u00e0 distinguer la \u00absubstance et la quintessence de la chose elle-m\u00eame\u00bb. Cette monographie concise rassemble certaines des plus belles oeuvres de Weston, qui montrent de quelles mani\u00e8res il a poursuivi et atteint cet objectif, avec un paysage, un coquillage, ou un corps nu.","authors":["Manfred Heiting","Terence Pitts"],"category_codes":["6000000","6070000","6070200","6070205"],"visuals":{"large":"https:\/\/images.epagine.fr\/502\/9783836564502_1_75.jpg","medium":"https:\/\/images.epagine.fr\/502\/9783836564502_1_m.jpg","thumbnail":"https:\/\/images.epagine.fr\/502\/9783836564502_1_v.jpg"},"orderable":true,"show_badge":true,"formatted_price":"20,00&nbsp;\u20ac","formatted_published_date":"19 juin 2017","publisher_availability_label":"Sur commande","short_details":"Manfred Heiting, Terence Pitts \u2014 Taschen","translator":null,"weight":1510,"page_count":252,"readership":null,"editor":"Taschen","price":2000,"published_date":"2017-06-18T22:00:00.000000Z","support":"Grand format","publisher_availability":1,"stock":0,"editions":[],"url":"https:\/\/quaidesbrumes.com\/ouvrage\/9783836564502\/edward-weston"},{"id":"9791030901139","title":"Matrix, Marx et le Messie","description":"\"Cet essai montre que The Matrix (premier \u00e9pisode, sorti en 1999) des fr\u00e8res Wachowski est susceptible d'une approche pluridisciplinaire. Pourquoi les machines dot\u00e9es d'une intelligence artificielle ne peuvent subsister sans l'apport \u00e9nerg\u00e9tique puis\u00e9 dans les humains, cela s'explique par le fait que le travail mort ne s'anime qu'en vampirisant le travail vivant.  - Cette \u00e9tude s'inscrit dans le cadre d'une approche philosophique d'un genre cin\u00e9matographique, la science-fiction, dont The Matrix a renouvel\u00e9 les codes et la syntaxe au tournant du nouveau mill\u00e9naire.\"\r","authors":["Jad Hatem"],"category_codes":["6000000","6070000","6070300","6070304"],"visuals":{"large":"https:\/\/images.epagine.fr\/139\/9791030901139_1_75.jpg","medium":"https:\/\/images.epagine.fr\/139\/9791030901139_1_m.jpg","thumbnail":"https:\/\/images.epagine.fr\/139\/9791030901139_1_v.jpg"},"orderable":true,"show_badge":true,"formatted_price":"15,00&nbsp;\u20ac","formatted_published_date":"20 juin 2017","publisher_availability_label":"Sur commande","short_details":"Jad Hatem \u2014 Orizons","translator":null,"weight":218,"page_count":130,"readership":null,"editor":"Orizons","price":1500,"published_date":"2017-06-19T22:00:00.000000Z","support":"Grand format","publisher_availability":1,"stock":0,"editions":[],"url":"https:\/\/quaidesbrumes.com\/ouvrage\/9791030901139\/matrix-marx-et-le-messie"},{"id":"9782351372265","title":"Espace 1","description":"Inclassable po\u00e8te, tout \u00e0 sa libert\u00e9 et \u00e0 ses d\u00e9couvertes, Jos\u00e9 Ramon Bas, finalement, reste un d\u00e9licieux enfant, inventif et rieur, un voyageur bricoleur qui ressemble beaucoup aux petits capables de s'\u00e9merveiller et de s'inventer de merveilleux jouets avec tout ce qui les entoure. Cela fait beaucoup de bien.\r","authors":["Jos\u00e9 ramon Bas"],"category_codes":["6000000","6070000","6070200"],"visuals":{"large":"https:\/\/images.epagine.fr\/265\/9782351372265_1_75.jpg","medium":"https:\/\/images.epagine.fr\/265\/9782351372265_1_m.jpg","thumbnail":"https:\/\/images.epagine.fr\/265\/9782351372265_1_v.jpg"},"orderable":true,"show_badge":true,"formatted_price":"10,00&nbsp;\u20ac","formatted_published_date":"22 mai 2017","publisher_availability_label":"Sur commande","short_details":"Jos\u00e9 ramon Bas \u2014 EDITIONS DE L'OEIL","translator":null,"weight":150,"page_count":48,"readership":null,"editor":"EDITIONS DE L'OEIL","price":1000,"published_date":"2017-05-21T22:00:00.000000Z","support":"Grand format","publisher_availability":1,"stock":0,"editions":[],"url":"https:\/\/quaidesbrumes.com\/ouvrage\/9782351372265\/espace-1"},{"id":"9783791356877","title":"Dara Friedman ; perfect stranger","description":null,"authors":["Ren\u00e9 Morales"],"category_codes":["6000000","6070000","6070400"],"visuals":{"large":"https:\/\/images.epagine.fr\/877\/9783791356877_1_75.jpg","medium":"https:\/\/images.epagine.fr\/877\/9783791356877_1_m.jpg","thumbnail":"https:\/\/images.epagine.fr\/877\/9783791356877_1_v.jpg"},"orderable":true,"show_badge":true,"formatted_price":"60,00&nbsp;\u20ac","formatted_published_date":"2 octobre 2017","publisher_availability_label":"Sur commande","short_details":"Ren\u00e9 Morales \u2014 Prestel","translator":null,"weight":1900,"page_count":null,"readership":null,"editor":"Prestel","price":6000,"published_date":"2017-10-01T22:00:00.000000Z","support":"Grand format","publisher_availability":1,"stock":0,"editions":[],"url":"https:\/\/quaidesbrumes.com\/ouvrage\/9783791356877\/dara-friedman-perfect-stranger"},{"id":"9791031003115","title":"La mer la po\u00e9sie Tome 2","description":"Il y a cet \u00e9criteau : \u00abla mer, la po\u00e9sie\u00bb.  Au-dessous une affiche annonce un spectacle de cirque.\r\nIl y a des animaux aussi, chiens, corneilles, chevaux. Il y a un bois flott\u00e9 qui figure la t\u00eate et l'encolure du cheval. \r\nUn arc en ciel \u00e9clate sur le plomb bleu et souple de la mer. \r\nLa myst\u00e9rieuse unit\u00e9 du tout, le sentiment bouleversant d'une continuit\u00e9 \u00e0 vif dans chaque manifestation du visible, sur cette seule sc\u00e8ne, et selon toutes les formes, d'o\u00f9 vient qu'au fil de ces images, de leur simplicit\u00e9 r\u00e9it\u00e9r\u00e9e, on les \u00e9prouve si fortement ?\r","authors":["Jean-Fran\u00e7ois Agostini","Antoine Graziani"],"category_codes":["6000000","6070000","6070200"],"visuals":{"large":"https:\/\/images.epagine.fr\/115\/9791031003115_1_75.jpg","medium":"https:\/\/images.epagine.fr\/115\/9791031003115_1_m.jpg","thumbnail":"https:\/\/images.epagine.fr\/115\/9791031003115_1_v.jpg"},"orderable":true,"show_badge":true,"formatted_price":"25,00&nbsp;\u20ac","formatted_published_date":"24 mai 2017","publisher_availability_label":"Sur commande","short_details":"Jean-Fran\u00e7ois Agostini, Antoine Graziani \u2014 Presses Litteraires","translator":null,"weight":605,"page_count":144,"readership":null,"editor":"Presses Litteraires","price":2500,"published_date":"2017-05-23T22:00:00.000000Z","support":"Grand format","publisher_availability":1,"stock":0,"editions":[],"url":"https:\/\/quaidesbrumes.com\/ouvrage\/9791031003115\/la-mer-la-poesie-tome-2"},{"id":"9782330037277","title":"Metamorphosis","description":"\u00c0 une th\u00e9i\u00e8re poussent des ailes de bois, un carr\u00e9 de soie se mue en collier d'air, un Kelly d\u00e9construit se fait tabouret. Les chutes, bris et surplus des ateliers Herm\u00e8s forment la mati\u00e8re des d\u00e9tournements op\u00e9r\u00e9s depuis 2010 par Pascale Mussard et son \u00e9quipe pour la ligne Petit h. Autant de fruits de cristal, de porcelaine, de soie ou de peau qui alimentent une po\u00e9sie de la m\u00e9tamorphose. \r\nC\u00e9l\u00e9br\u00e9 par Herm\u00e8s en 2014, ce th\u00e8me devient celui d'un ouvrage publi\u00e9 en co\u00e9dition avec Actes Sud. Un recueil de textes litt\u00e9raires y trouve son contrepoint visuel dans une s\u00e9rie r\u00e9alis\u00e9e par Sarah Moon, photographe et cin\u00e9aste qui transforme le monde en mat\u00e9riau de ses contes.\r","authors":["Collectif"],"category_codes":["6000000","6070000","6070200","6070203"],"visuals":{"large":"https:\/\/images.epagine.fr\/277\/9782330037277_1_75.jpg","medium":"https:\/\/images.epagine.fr\/277\/9782330037277_1_m.jpg","thumbnail":"https:\/\/images.epagine.fr\/277\/9782330037277_1_v.jpg"},"orderable":true,"show_badge":true,"formatted_price":"49,00&nbsp;\u20ac","formatted_published_date":"29 octobre 2014","publisher_availability_label":"Sur commande","short_details":"Collectif \u2014 Actes Sud","translator":null,"weight":670,"page_count":146,"readership":null,"editor":"Actes Sud","price":4900,"published_date":"2014-10-28T23:00:00.000000Z","support":"Beaux-livres","publisher_availability":1,"stock":0,"editions":[],"url":"https:\/\/quaidesbrumes.com\/ouvrage\/9782330037277\/metamorphosis"},{"id":"9782343123707","title":"Les territoires du cin\u00e9ma","description":"\"Cet ouvrage propose, par une approche multidisciplinaire de comprendre les places dans lesquels le cin\u00e9ma se d\u00e9veloppe et se cr\u00e9e. Comprendre o\u00f9 et comment le cin\u00e9ma est un enjeu \u00e9conomique et culturel, saisir sa place dans l espace social, analyser le traitement que lui r\u00e9servent les artistes. De l id\u00e9e \u00e0 sa projection, il s agit d envisager quelle mat\u00e9rialit\u00e9 emprunte le cin\u00e9ma et quels espaces tangibles  ou imaginaires sont les t\u00e9moins du 7e art.\"\r","authors":["Collectif"],"category_codes":["6000000","6070000","6070300"],"visuals":{"large":"https:\/\/images.epagine.fr\/707\/9782343123707_1_75.jpg","medium":"https:\/\/images.epagine.fr\/707\/9782343123707_1_m.jpg","thumbnail":"https:\/\/images.epagine.fr\/707\/9782343123707_1_v.jpg"},"orderable":true,"show_badge":true,"formatted_price":"29,00&nbsp;\u20ac","formatted_published_date":"29 juin 2017","publisher_availability_label":"Sur commande","short_details":"Collectif \u2014 \u00c9ditions L'Harmattan","translator":null,"weight":405,"page_count":262,"readership":null,"editor":"\u00c9ditions L'Harmattan","price":2900,"published_date":"2017-06-28T22:00:00.000000Z","support":"Grand format","publisher_availability":1,"stock":0,"editions":[],"url":"https:\/\/quaidesbrumes.com\/ouvrage\/9782343123707\/les-territoires-du-cinema"},{"id":"9782343124919","title":"Les cin\u00e9astes animaliers ; enqu\u00eate dans les coulisses du film animalier en France","description":"\"Le film animalier est un genre vivant, populaire, int\u00e9gr\u00e9 \u00e0 la culture occidentale et reconnu \u00e0 travers son sujet principal : la faune sauvage. En 2006, le documentaire animalier La Marche de l Empereur, re\u00e7oit l Oscar du meilleur documentaire, sacrant ainsi une d\u00e9cennie d une prolifique production fran\u00e7aise. Pour la premi\u00e8re fois, une enqu\u00eate propose de d\u00e9couvrir le film animalier en France \u00e0 travers son histoire, sa culture et l exp\u00e9rience humaine de sa cr\u00e9ation.\"\r","authors":["Maxence Lamoureux"],"category_codes":["6000000","6070000","6070300","6070308"],"visuals":{"large":"https:\/\/images.epagine.fr\/919\/9782343124919_1_75.jpg","medium":"https:\/\/images.epagine.fr\/919\/9782343124919_1_m.jpg","thumbnail":"https:\/\/images.epagine.fr\/919\/9782343124919_1_v.jpg"},"orderable":true,"show_badge":true,"formatted_price":"29,00&nbsp;\u20ac","formatted_published_date":"29 juin 2017","publisher_availability_label":"Sur commande","short_details":"Maxence Lamoureux \u2014 \u00c9ditions L'Harmattan","translator":null,"weight":408,"page_count":258,"readership":null,"editor":"\u00c9ditions L'Harmattan","price":2900,"published_date":"2017-06-28T22:00:00.000000Z","support":"Grand format","publisher_availability":1,"stock":0,"editions":[],"url":"https:\/\/quaidesbrumes.com\/ouvrage\/9782343124919\/les-cineastes-animaliers-enquete-dans-les-coulisses-du-film-animalier-en-france"},{"id":"9783330872851","title":"Les salles de cin\u00e9ma de quartiers \u00e0 l'\u00e9poque contemporaine ; \u00e9tudes sur les salles de cin\u00e9ma de la ville d'Oran","description":"Les salles de cin\u00e9ma sont des \u00e9difices particuliers dans le tissu urbain, consid\u00e9r\u00e9es comme des p\u00f4les d'attraction au sein des quartiers et des villes. Leur architecture est synonyme de r\u00eave et d'\u00e9vasion. Cette particularit\u00e9 les fait contraster dans le paysage urbain par rapport aux autres \u00e9difices avoisinants. Elles sont aussi des espaces culturels et de loisirs, comprenant des activit\u00e9s essentielles \u00e0 l'int\u00e9rieur de la ville. Les anciennes salles de cin\u00e9ma de la Ville d'Oran se trouvent dans un \u00e9tat tr\u00e8s d\u00e9grad\u00e9. On octroie cet \u00e9tat de fait \u00e0 une mauvaise gestion, \u00e0 l'absence d'approvisionnement en films et \u00e0 l'ins\u00e9curit\u00e9 \u00e0 l'int\u00e9rieur des salles. Sur les 37 salles que compte la ville seulement cinq projettent encore des films. Et, sur les cinq, quatre projettent en syst\u00e8me vid\u00e9o, situation regrettable vu que la ville compte des salles de cin\u00e9ma d'une grande valeur patrimoniale. La d\u00e9gradation des salles de cin\u00e9ma \u00e0 Oran a cr\u00e9\u00e9 un manque dans le paysage urbain ainsi qu'une carence dans les pratiques culturelles des usagers et cela sur des quartiers entiers.\r","authors":["Ryma Kerouicha"],"category_codes":["6000000","6070000","6070300","6070304"],"visuals":{"large":"https:\/\/images.epagine.fr\/851\/9783330872851_1_75.jpg","medium":"https:\/\/images.epagine.fr\/851\/9783330872851_1_m.jpg","thumbnail":"https:\/\/images.epagine.fr\/851\/9783330872851_1_v.jpg"},"orderable":true,"show_badge":true,"formatted_price":"64,90&nbsp;\u20ac","formatted_published_date":"16 mai 2017","publisher_availability_label":"Sur commande","short_details":"Ryma Kerouicha \u2014 Editions Universitaires Europeennes","translator":null,"weight":274,"page_count":180,"readership":null,"editor":"Editions Universitaires Europeennes","price":6490,"published_date":"2017-05-15T22:00:00.000000Z","support":"Grand format","publisher_availability":1,"stock":0,"editions":[],"url":"https:\/\/quaidesbrumes.com\/ouvrage\/9783330872851\/les-salles-de-cinema-de-quartiers-a-lepoque-contemporaine-etudes-sur-les-salles-de-cinema-de-la-ville-doran"},{"id":"9782343127729","title":"Ultra peau ; au-del\u00e0 de la dermatologie photographique","description":"\"La m\u00e9taphore de la peau r\u00e9v\u00e8le un aspect crucial du passage entre l argentique et le num\u00e9rique. Avec ce dernier, l auteur se r\u00e9f\u00e8re au caract\u00e8re non dermatologique de la surface num\u00e9rique, du fait qu il s est produit sur elle une soustraction de la peau : c est l \u00e9poque de l ultra-peau, par opposition \u00e0 l \u00e9poque de la dermatologie photographique. Nous vivons la fin de la surface contact\u00e9e. Il vaut la peine de se demander ce que signifie pour nous d abandonner les ombres et les peaux qui \u00e9taient \u00e0 la base de l exp\u00e9rience photographique. Quels types de subjectivit\u00e9s ressortiront d un processus d une telle ampleur ?\"\r","authors":["Rodrigo Zuniga"],"category_codes":["6000000","6070000","6070200"],"visuals":{"large":"https:\/\/images.epagine.fr\/729\/9782343127729_1_75.jpg","medium":"https:\/\/images.epagine.fr\/729\/9782343127729_1_m.jpg","thumbnail":"https:\/\/images.epagine.fr\/729\/9782343127729_1_v.jpg"},"orderable":true,"show_badge":true,"formatted_price":"13,00&nbsp;\u20ac","formatted_published_date":"19 juillet 2017","publisher_availability_label":"Sur commande","short_details":"Rodrigo Zuniga \u2014 \u00c9ditions L'Harmattan","translator":null,"weight":127,"page_count":92,"readership":null,"editor":"\u00c9ditions L'Harmattan","price":1300,"published_date":"2017-07-18T22:00:00.000000Z","support":"Grand format","publisher_availability":1,"stock":0,"editions":[],"url":"https:\/\/quaidesbrumes.com\/ouvrage\/9782343127729\/ultra-peau-au-dela-de-la-dermatologie-photographique"},{"id":"9782376400103","title":"Daluis","description":"Pour d\u00e9couvrir cette gorge profonde, taill\u00e9e N-S dans le massif du d\u00f4me du Barrot, il faut emprunter une route dessin\u00e9e en 'pleins et d\u00e9li\u00e9s', sur les traces d'un tramway oubli\u00e9 ; longer ce d\u00e9fil\u00e9 de schiste rouge, oxyd\u00e9 par le fer, creus\u00e9 par le Var, une des derni\u00e8res grandes rivi\u00e8res sauvages d'Europe. Un territoire min\u00e9ral venu du pass\u00e9, d'une exceptionnelle richesse g\u00e9ologique. Des terres rares qui n'existent qu'ici et qui font de cette gorge lie-de-vin un lieu unique et encore myst\u00e9rieux.\r\nEn page 2 vous trouverez la cartographie des photos et en page 39 la Carte d'identit\u00e9 de la R\u00e9serve Naturelle des gorges de Daluis.\r\nSite internet pour en savoir plus : http:\/\/gorgesdedaluis.fr Bon Voyage !\r","authors":["Brigitte Dubanchet","Pierre-yves Reichenecker","Lindsay Leggat Smith"],"category_codes":["6000000","6070000","6070200"],"visuals":{"large":"https:\/\/images.epagine.fr\/103\/9782376400103_1_75.jpg","medium":"https:\/\/images.epagine.fr\/103\/9782376400103_1_m.jpg","thumbnail":"https:\/\/images.epagine.fr\/103\/9782376400103_1_v.jpg"},"orderable":true,"show_badge":true,"formatted_price":"15,00&nbsp;\u20ac","formatted_published_date":"20 juillet 2017","publisher_availability_label":"Sur commande","short_details":"Brigitte Dubanchet, Pierre-yves Reichenecker, Lindsay Leggat Smith \u2014 Baie Des Anges","translator":"LINDSAY LEGGAT SMITH","weight":160,"page_count":36,"readership":null,"editor":"Baie Des Anges","price":1500,"published_date":"2017-07-19T22:00:00.000000Z","support":"Grand format","publisher_availability":1,"stock":0,"editions":[],"url":"https:\/\/quaidesbrumes.com\/ouvrage\/9782376400103\/daluis"},{"id":"9782019683511","title":"Photographie et gravure heliographique. histoire et expose des divers procedes employes - dans cet a","description":"Photographie et gravure h\u00e9liographique : histoire et expos\u00e9 des divers proc\u00e9d\u00e9s employ\u00e9s dans cet art depuis Joseph Niepce et Daguerre jusqu'\u00e0 nos jours \/ par le Dr A. Boulongne Date de l'\u00e9dition originale : 1854 Le pr\u00e9sent ouvrage s'inscrit dans une politique de conservation patrimoniale des ouvrages de la litt\u00e9rature Fran\u00e7aise mise en place avec la BNF.\r\nHACHETTE LIVRE et la BNF proposent ainsi un catalogue de titres indisponibles, la BNF ayant num\u00e9ris\u00e9 ces oeuvres et HACHETTE LIVRE les imprimant \u00e0 la demande.\r\nCertains de ces ouvrages refl\u00e8tent des courants de pens\u00e9e caract\u00e9ristiques de leur \u00e9poque, mais qui seraient aujourd'hui jug\u00e9s condamnables.\r\nIls n'en appartiennent pas moins \u00e0 l'histoire des id\u00e9es en France et sont susceptibles de pr\u00e9senter un int\u00e9r\u00eat scientifique ou historique.\r\nLe sens de notre d\u00e9marche \u00e9ditoriale consiste ainsi \u00e0 permettre l'acc\u00e8s \u00e0 ces oeuvres sans pour autant que nous en cautionnions en aucune fa\u00e7on le contenu.\r\n\r\nPour plus d'informations, rendez-vous sur www.hachettebnf.fr\r","authors":["Alfred"],"category_codes":["6000000","6070000","6070200"],"visuals":{"large":"https:\/\/images.epagine.fr\/511\/9782019683511_1_75.jpg","medium":"https:\/\/images.epagine.fr\/511\/9782019683511_1_m.jpg","thumbnail":"https:\/\/images.epagine.fr\/511\/9782019683511_1_v.jpg"},"orderable":true,"show_badge":true,"formatted_price":"11,50&nbsp;\u20ac","formatted_published_date":"1er ao\u00fbt 2017","publisher_availability_label":"Sur commande","short_details":"Alfred \u2014 Hachette BNF","translator":null,"weight":105,"page_count":null,"readership":null,"editor":"Hachette BNF","price":1150,"published_date":"2017-07-31T22:00:00.000000Z","support":"Grand format","publisher_availability":1,"stock":0,"editions":[],"url":"https:\/\/quaidesbrumes.com\/ouvrage\/9782019683511\/photographie-et-gravure-heliographique-histoire-et-expose-des-divers-procedes-employes-dans-cet-a"},{"id":"9782019673765","title":"Traite de l'impression photographique sans sels d'argent - histoire, theorie et pratique des methode","description":"Trait\u00e9 de l'impression photographique sans sels d'argent : contenant l'histoire, la th\u00e9orie et la pratique des m\u00e9thodes et proc\u00e9d\u00e9s de l'impression au charbon, de l'h\u00e9lioplastie... \/ par Alphonse Poitevin,... ; avec une introduction par M. Ernest Lacan Date de l'\u00e9dition originale : 1862 Le pr\u00e9sent ouvrage s'inscrit dans une politique de conservation patrimoniale des ouvrages de la litt\u00e9rature Fran\u00e7aise mise en place avec la BNF.\r\nHACHETTE LIVRE et la BNF proposent ainsi un catalogue de titres indisponibles, la BNF ayant num\u00e9ris\u00e9 ces oeuvres et HACHETTE LIVRE les imprimant \u00e0 la demande.\r\nCertains de ces ouvrages refl\u00e8tent des courants de pens\u00e9e caract\u00e9ristiques de leur \u00e9poque, mais qui seraient aujourd'hui jug\u00e9s condamnables.\r\nIls n'en appartiennent pas moins \u00e0 l'histoire des id\u00e9es en France et sont susceptibles de pr\u00e9senter un int\u00e9r\u00eat scientifique ou historique.\r\nLe sens de notre d\u00e9marche \u00e9ditoriale consiste ainsi \u00e0 permettre l'acc\u00e8s \u00e0 ces oeuvres sans pour autant que nous en cautionnions en aucune fa\u00e7on le contenu.\r\n\r\nPour plus d'informations, rendez-vous sur www.hachettebnf.fr\r","authors":["Poitevin Alphonse"],"category_codes":["6000000","6070000","6070200"],"visuals":{"large":"https:\/\/images.epagine.fr\/765\/9782019673765_1_75.jpg","medium":"https:\/\/images.epagine.fr\/765\/9782019673765_1_m.jpg","thumbnail":"https:\/\/images.epagine.fr\/765\/9782019673765_1_v.jpg"},"orderable":true,"show_badge":true,"formatted_price":"19,50&nbsp;\u20ac","formatted_published_date":"1er ao\u00fbt 2017","publisher_availability_label":"Sur commande","short_details":"Poitevin Alphonse \u2014 Hachette BNF","translator":null,"weight":292,"page_count":null,"readership":null,"editor":"Hachette BNF","price":1950,"published_date":"2017-07-31T22:00:00.000000Z","support":"Grand format","publisher_availability":1,"stock":0,"editions":[],"url":"https:\/\/quaidesbrumes.com\/ouvrage\/9782019673765\/traite-de-limpression-photographique-sans-sels-dargent-histoire-theorie-et-pratique-des-methode"},{"id":"9782908092899","title":"Night watch","description":null,"authors":["Sabine Pigalle"],"category_codes":["6000000","6070000","6070200"],"visuals":{"large":"https:\/\/quaidesbrumes.com\/img\/book-placeholder.png","medium":"https:\/\/quaidesbrumes.com\/img\/book-placeholder.png","thumbnail":"https:\/\/quaidesbrumes.com\/img\/book-placeholder.png"},"orderable":true,"show_badge":true,"formatted_price":"49,00&nbsp;\u20ac","formatted_published_date":"9 octobre 2017","publisher_availability_label":"Sur commande","short_details":"Sabine Pigalle \u2014 La Pionniere","translator":null,"weight":592,"page_count":null,"readership":null,"editor":"La Pionniere","price":4900,"published_date":"2017-10-08T22:00:00.000000Z","support":"Grand format","publisher_availability":1,"stock":0,"editions":[],"url":"https:\/\/quaidesbrumes.com\/ouvrage\/9782908092899\/night-watch"},{"id":"9788481360943","title":"Tina modotti","description":null,"authors":[" Barckhausen-Canale"],"category_codes":["6000000","6070000","6070300"],"visuals":{"large":"https:\/\/quaidesbrumes.com\/img\/book-placeholder.png","medium":"https:\/\/quaidesbrumes.com\/img\/book-placeholder.png","thumbnail":"https:\/\/quaidesbrumes.com\/img\/book-placeholder.png"},"orderable":true,"show_badge":true,"formatted_price":"16,00&nbsp;\u20ac","formatted_published_date":"17 mars 1998","publisher_availability_label":"Sur commande","short_details":" Barckhausen-Canale \u2014 Txalaparta","translator":null,"weight":401,"page_count":null,"readership":null,"editor":"Txalaparta","price":1600,"published_date":"1998-03-16T23:00:00.000000Z","support":"Grand format","publisher_availability":1,"stock":0,"editions":[],"url":"https:\/\/quaidesbrumes.com\/ouvrage\/9788481360943\/tina-modotti"},{"id":"9791030901214","title":"Les super-h\u00e9ros \u00e0 l'\u00e9cran ; mutations, transformations, \u00e9volutions","description":"L'augmentation du nombre de films et de s\u00e9ries t\u00e9l\u00e9vis\u00e9es de super-h\u00e9ros ces derni\u00e8res ann\u00e9es a entra\u00een\u00e9 un regain d'int\u00e9r\u00eat de la part des chercheurs qui prennent de plus en plus comme sujets d'\u00e9tude ces productions, qui rencontrent un grand succ\u00e8s aupr\u00e8s du public.\r\n Cet ouvrage pose la question essentielle du devenir du super-h\u00e9ros \u00e0 l'\u00e9cran, \u00e0 travers plusieurs textes d'auteurs issus de disciplines diff\u00e9rentes.\r","authors":["Elie Yazbek"],"category_codes":["6000000","6070000","6070300","6070307"],"visuals":{"large":"https:\/\/images.epagine.fr\/214\/9791030901214_1_75.jpg","medium":"https:\/\/images.epagine.fr\/214\/9791030901214_1_m.jpg","thumbnail":"https:\/\/images.epagine.fr\/214\/9791030901214_1_v.jpg"},"orderable":true,"show_badge":true,"formatted_price":"25,00&nbsp;\u20ac","formatted_published_date":"12 juillet 2017","publisher_availability_label":"Sur commande","short_details":"Elie Yazbek \u2014 Orizons","translator":null,"weight":517,"page_count":246,"readership":null,"editor":"Orizons","price":2500,"published_date":"2017-07-11T22:00:00.000000Z","support":"Grand format","publisher_availability":1,"stock":0,"editions":[],"url":"https:\/\/quaidesbrumes.com\/ouvrage\/9791030901214\/les-super-heros-a-lecran-mutations-transformations-evolutions"},{"id":"9782343130477","title":"Photographie et ext\u00e9riorit\u00e9","description":"\"Qu est-ce que l ext\u00e9riorit\u00e9 ? En quoi convoque-t-elle notre rapport au monde et notre obligation de penser ? Qu en est-il des relations qu entretiennent avec l ext\u00e9riorit\u00e9 la photographie sans-art et les photographies faites dans un horizon de l art ? Cette probl\u00e9matique nous oblige \u00e0 repenser les liens que la photographie peut nouer avec l invisible et le visible, avec l \u00e9tranget\u00e9 et l alt\u00e9rit\u00e9, avec la distance et la proximit\u00e9, la transparence et l obstacle.\"\r","authors":["Gilles Picarel","Fran\u00e7ois Soulages"],"category_codes":["6000000","6070000","6070200"],"visuals":{"large":"https:\/\/images.epagine.fr\/477\/9782343130477_1_75.jpg","medium":"https:\/\/images.epagine.fr\/477\/9782343130477_1_m.jpg","thumbnail":"https:\/\/images.epagine.fr\/477\/9782343130477_1_v.jpg"},"orderable":true,"show_badge":true,"formatted_price":"18,00&nbsp;\u20ac","formatted_published_date":"18 septembre 2017","publisher_availability_label":"Sur commande","short_details":"Gilles Picarel, Fran\u00e7ois Soulages \u2014 \u00c9ditions L'Harmattan","translator":null,"weight":199,"page_count":152,"readership":null,"editor":"\u00c9ditions L'Harmattan","price":1800,"published_date":"2017-09-17T22:00:00.000000Z","support":"Grand format","publisher_availability":1,"stock":0,"editions":[],"url":"https:\/\/quaidesbrumes.com\/ouvrage\/9782343130477\/photographie-et-exteriorite"},{"id":"9782940570249","title":"Nouveaux souvenirs","description":"Imaginez un paparazzi ou un photographe de guerre en vacances - pas une starlette \u00e0 l'horizon, pas un fait d'armes \u00e0 t\u00e9moigner au monde, que lui reste-t-il \u00e0 photographier ?\r","authors":["Olivier Christinat"],"category_codes":["6000000","6070000","6070200"],"visuals":{"large":"https:\/\/images.epagine.fr\/249\/9782940570249_1_75.jpg","medium":"https:\/\/images.epagine.fr\/249\/9782940570249_1_m.jpg","thumbnail":"https:\/\/images.epagine.fr\/249\/9782940570249_1_v.jpg"},"orderable":true,"show_badge":true,"formatted_price":"36,00&nbsp;\u20ac","formatted_published_date":"28 ao\u00fbt 2017","publisher_availability_label":"Sur commande","short_details":"Olivier Christinat \u2014 Art Et Fiction","translator":null,"weight":645,"page_count":null,"readership":null,"editor":"Art Et Fiction","price":3600,"published_date":"2017-08-27T22:00:00.000000Z","support":"Grand format","publisher_availability":1,"stock":0,"editions":[],"url":"https:\/\/quaidesbrumes.com\/ouvrage\/9782940570249\/nouveaux-souvenirs"},{"id":"9782013059183","title":"Le retoucheur. Trait\u00e9 complet de la photographie, de la retouche, du coloris : des \u00e9preuves albumin\u00e9es par les couleurs et le syst\u00e8me","description":"Le retoucheur : trait\u00e9 complet de la photographie, de la retouche, du coloris des \u00e9preuves albumin\u00e9es par les couleurs et le syst\u00e8me \/ A. Belloc,...\r\nDate de l'\u00e9dition originale : 1868\r\nRestriction de la consultation epub : Public\r\n\r\nLe pr\u00e9sent ouvrage s'inscrit dans une politique de conservation patrimoniale des ouvrages de la litt\u00e9rature Fran\u00e7aise mise en place avec la BNF.\r\nHACHETTE LIVRE et la BNF proposent ainsi un catalogue de titres indisponibles, la BNF ayant num\u00e9ris\u00e9 ces oeuvres et HACHETTE LIVRE les imprimant \u00e0 la demande.\r\nCertains de ces ouvrages refl\u00e8tent des courants de pens\u00e9e caract\u00e9ristiques de leur \u00e9poque, mais qui seraient aujourd'hui jug\u00e9s condamnables.\r\nIls n'en appartiennent pas moins \u00e0 l'histoire des id\u00e9es en France et sont susceptibles de pr\u00e9senter un int\u00e9r\u00eat scientifique ou historique.\r\nLe sens de notre d\u00e9marche \u00e9ditoriale consiste ainsi \u00e0 permettre l'acc\u00e8s \u00e0 ces oeuvres sans pour autant que nous en cautionnions en aucune fa\u00e7on le contenu.\r\n\r\nPour plus d'informations, rendez-vous sur www.hachettebnf.fr","authors":["Belloc Auguste"],"category_codes":["6000000","6070000","6070200"],"visuals":{"large":"https:\/\/images.epagine.fr\/183\/9782013059183_1_75.jpg","medium":"https:\/\/images.epagine.fr\/183\/9782013059183_1_m.jpg","thumbnail":"https:\/\/images.epagine.fr\/183\/9782013059183_1_v.jpg"},"orderable":true,"show_badge":true,"formatted_price":"11,90&nbsp;\u20ac","formatted_published_date":"1er mai 2017","publisher_availability_label":"Sur commande","short_details":"Belloc Auguste \u2014 Hachette BNF","translator":null,"weight":118,"page_count":74,"readership":null,"editor":"Hachette BNF","price":1190,"published_date":"2017-04-30T22:00:00.000000Z","support":"Grand format","publisher_availability":1,"stock":0,"editions":[],"url":"https:\/\/quaidesbrumes.com\/ouvrage\/9782013059183\/le-retoucheur-traite-complet-de-la-photographie-de-la-retouche-du-coloris-des-epreuves-albuminees-par-les-couleurs-et-le-systeme"}]}