{"data":[{"id":"3663322090899","title":"La Septi\u00e8me Obsession n.7 : Isabelle Huppert","description":"L'oeIL DE PAMELA PIANEZZA.\r\n\r\nMatthew Libatique par Pamela Pianezza.\r\n\r\n\u00c9DITORIAL.\r\n\r\nSauve qui peut (la cin\u00e9philie) ? par Thomas A\u00efdan.\r\n\r\nOBSESSION.\r\n\r\n? Isabelle Huppert.\r\n\r\nProfession : actrice entretien avec Isabelle Huppert - par Thomas A\u00efdan et Sandrine Marques.\r\n\r\nREP\u00c9RAGES.\r\n\r\nL'Ornithologue de Joao Pedro Rodrigues - par Morgan Pok\u00e9e.\r\n\r\nEntretien avec Joao Pedro Rodrigues par Morgan Pok\u00e9e.\r\n\r\nTa'ang de Wang Bing - par Adrien Valgalier.\r\n\r\nEntretien avec Wang Bing par Thomas A\u00efdan et Xavier Leherpeur.\r\n\r\nDerni\u00e8res nouvelles du cosmos de Julie Bertuccelli - par Thomas A\u00efdan.\r\n\r\nEntretien avec Julie Bertuccelli par Thomas A\u00efdan.\r\n\r\nPersonal Shopper de Olivier Assayas - par Claire Micallef.\r\n\r\nFais de beaux r\u00eaves de Marco Bellochio - par Claire Micallef.\r\n\r\nHedi de Mohamed Ben Attia - par Xavier Leherpeur.\r\n\r\nBaccalaur\u00e9at de Christian Mungiu - par Xavier Leherpeur.\r\n\r\nLa mort de Louis XIV de Albert Serra - par Morgan Pok\u00e9e.\r\n\r\nLe Client de Asghar Farhadi - par Claire Micallef.\r\n\r\nEt aussi Wolf and Sheep de Shahrbanoo Sadat, R\u00e9parer les vivants de Katell Quill\u00e9v\u00e9r\u00e9, Plan\u00e9tarium de Rebecca Zlotowski, Paterson de Jim Jarmush, Mademoiselle de Park Chan-wook, Moi, Daniel Blake de Ken Loach, Close encounters with Vilmos Zsigmond de Pierre Filmon, Ma'Rosa de Brillante Mendonza, La prunelle de mes yeux de Axelle Ropert, Mademoiselle de Park Chan-wook.\r\n\r\nLivre Wes Anderson.\r\n\r\nPortraits Uri Zohar, Philippe Lesage.\r\n\r\nFestivals Locarno, Venise.\r\n\r\nBOUSSOLES.\r\n\r\n? Satyajit Ray.\r\n\r\nL'appel au monde par Charles Tesson.\r\n\r\nLes courts-m\u00e9trages de Satyajit Ray par Xavier Leherpeur.\r\n\r\n? Milos Forman.\r\n\r\nFilmographie comment\u00e9e par Fabrice Fuentes et Jean-S\u00e9bastien Massart.\r\n\r\nCORRESPONDANCE.\r\n\r\n? Voyage en G\u00e9orgie.\r\n\r\nUne cin\u00e9philie qui ne ment pas par Thomas A\u00efdan.\r\n\r\nR\u00caVERIE.\r\n\r\n? \u00c0 quoi r\u00eavent les cin\u00e9philes ? (acte II).\r\n\r\nLes sept obsessions : d\u00e9sir, hallucination, bouleversement, joie, humour, effroi et d\u00e9go\u00fbt.\r\n\r\nAvec Bertrand Bonello, Gilles Jacob, Jean Douchet, Nicolas Saada, Antonin Peretjatko, Fran\u00e7ois Margolin, Michel Ocelot, S\u00e9verine Danflous, David Greven, Olivier P\u00e8re, Mathieu Larnaudie...\r","authors":["La Septieme Obsession"],"category_codes":["6000000","6070000","6070300","6070306"],"visuals":{"large":"https:\/\/images.epagine.fr\/899\/3663322090899_1_75.jpg","medium":"https:\/\/images.epagine.fr\/899\/3663322090899_1_m.jpg","thumbnail":"https:\/\/images.epagine.fr\/899\/3663322090899_1_v.jpg"},"orderable":true,"show_badge":true,"formatted_price":"7,50&nbsp;\u20ac","formatted_published_date":"27 octobre 2016","publisher_availability_label":"Sur commande","short_details":"La Septieme Obsession \u2014 La Septieme Obsession","translator":null,"weight":357,"page_count":142,"readership":null,"editor":"La Septieme Obsession","price":750,"published_date":"2016-10-26T22:00:00.000000Z","support":"Revue","publisher_availability":1,"stock":0,"editions":[],"url":"https:\/\/quaidesbrumes.com\/ouvrage\/3663322090899\/la-septieme-obsession-n7-isabelle-huppert"},{"id":"9782343091921","title":"Lord of war : Une all\u00e9gorie du monde contemporain","description":"S'inscrivant dans une tradition n\u00e9o-hollywoodienne, alliant r\u00e9alisme et images spectaculaires, Andrew Niccol sensibilise le spectateur au fl\u00e9au du trafic d'armes. Au-del\u00e0 de ce r\u00e9cit donnant \u00e0 voir les rouages des conflits arm\u00e9s de la plan\u00e8te, le film dresse le portrait d'un homme dont la perception du monde est fond\u00e9e sur les mythologies de la soci\u00e9t\u00e9 de consommation. L'auteur dresse, dans ce film, l'all\u00e9gorie de nos pulsions contemporaines et, dans son h\u00e9ros, la figure embl\u00e9matique du gangster international.","authors":["Arnaud Labombarda"],"category_codes":["6000000","6070000","6070200"],"visuals":{"large":"https:\/\/images.epagine.fr\/921\/9782343091921_1_75.jpg","medium":"https:\/\/images.epagine.fr\/921\/9782343091921_1_m.jpg","thumbnail":"https:\/\/images.epagine.fr\/921\/9782343091921_1_v.jpg"},"orderable":true,"show_badge":true,"formatted_price":"13,50&nbsp;\u20ac","formatted_published_date":"31 mai 2016","publisher_availability_label":"Sur commande","short_details":"Arnaud Labombarda \u2014 \u00c9ditions L'Harmattan","translator":null,"weight":125,"page_count":96,"readership":null,"editor":"\u00c9ditions L'Harmattan","price":1350,"published_date":"2016-05-30T22:00:00.000000Z","support":"Grand format","publisher_availability":1,"stock":0,"editions":[],"url":"https:\/\/quaidesbrumes.com\/ouvrage\/9782343091921\/lord-of-war-une-allegorie-du-monde-contemporain"},{"id":"9782374160665","title":"C'est beau la vie !","description":"Paul Stewart montre la Vie sous un angle po\u00e9tique, sans artifice. Ses clich\u00e9s sont des tranches de vies, avec des tronches ou plut\u00f4t des gueules, tous \u00e2ges confondus. Devant son objectif, se c\u00f4toient amis, f\u00eatards, paysans, musiciens, baroudeurs, punks, voisins ou retrait\u00e9s... Pour beaucoup du centre-Bretagne, o\u00f9 l'Ecossais voyageur a pos\u00e9 ses valises il y a deux d\u00e9cennies.\r","authors":["Paul Stewart"],"category_codes":["6000000","6070000","6070200"],"visuals":{"large":"https:\/\/quaidesbrumes.com\/img\/book-placeholder.png","medium":"https:\/\/quaidesbrumes.com\/img\/book-placeholder.png","thumbnail":"https:\/\/quaidesbrumes.com\/img\/book-placeholder.png"},"orderable":true,"show_badge":true,"formatted_price":"15,00&nbsp;\u20ac","formatted_published_date":"3 mai 2016","publisher_availability_label":"Sur commande","short_details":"Paul Stewart \u2014 Yil","translator":null,"weight":487,"page_count":54,"readership":null,"editor":"Yil","price":1500,"published_date":"2016-05-02T22:00:00.000000Z","support":"Grand format","publisher_availability":1,"stock":0,"editions":[],"url":"https:\/\/quaidesbrumes.com\/ouvrage\/9782374160665\/cest-beau-la-vie"},{"id":"9783775741972","title":"Stefan hanke concentration camp survivors \/anglais\/allemand","description":null,"authors":["Hanke Stefan"],"category_codes":["6000000","6070000","6070200"],"visuals":{"large":"https:\/\/images.epagine.fr\/972\/9783775741972_1_75.jpg","medium":"https:\/\/images.epagine.fr\/972\/9783775741972_1_m.jpg","thumbnail":"https:\/\/images.epagine.fr\/972\/9783775741972_1_v.jpg"},"orderable":true,"show_badge":true,"formatted_price":"49,80&nbsp;\u20ac","formatted_published_date":"1er juillet 2016","publisher_availability_label":"Sur commande","short_details":"Hanke Stefan \u2014 Hatje Cantz","translator":null,"weight":1700,"page_count":null,"readership":null,"editor":"Hatje Cantz","price":4980,"published_date":"2016-06-30T22:00:00.000000Z","support":"Grand format","publisher_availability":1,"stock":0,"editions":[],"url":"https:\/\/quaidesbrumes.com\/ouvrage\/9783775741972\/stefan-hanke-concentration-camp-survivors-anglaisallemand"},{"id":"9783899556872","title":"Porsche 911 \/anglais","description":null,"authors":["Collectif"],"category_codes":["6000000","6070000","6070200"],"visuals":{"large":"https:\/\/images.epagine.fr\/872\/9783899556872_1_75.jpg","medium":"https:\/\/images.epagine.fr\/872\/9783899556872_1_m.jpg","thumbnail":"https:\/\/images.epagine.fr\/872\/9783899556872_1_v.jpg"},"orderable":true,"show_badge":true,"formatted_price":"39,90&nbsp;\u20ac","formatted_published_date":"19 janvier 2017","publisher_availability_label":"Sur commande","short_details":"Collectif \u2014 Die Gestalten Editions","translator":null,"weight":2000,"page_count":null,"readership":null,"editor":"Die Gestalten Editions","price":3990,"published_date":"2017-01-18T23:00:00.000000Z","support":"Grand format","publisher_availability":1,"stock":0,"editions":[],"url":"https:\/\/quaidesbrumes.com\/ouvrage\/9783899556872\/porsche-911-anglais"},{"id":"9782322252855","title":"Kumbh mela ; pierce the haze, see consciousness","description":"Kumbh Mela is a Hindu festival and probably the largest spiritual gathering in the world. Hundreds of millions of visitors attended the near month-and-a-half-long event.\r\n\r\nYou will discover here, through photographs and a story, the evolution of cultural curiosity, of a half-declared mystical quest transforming into a spiritual experience of openness and introspective exploration.\r\n\r\nIn Spanish, recordar means to remember. The re invites us to call back or come back, through the cor, through the heart.\r\nTo remember would therefore be to come back through the heart.\r\n \r\nI hope that the openness and adventures that have known mine will resonate in yours.\r","authors":["Edgar Bonnet-behar"],"category_codes":["6000000","6070000","6070200","6070204"],"visuals":{"large":"https:\/\/images.epagine.fr\/855\/9782322252855_1_75.jpg","medium":"https:\/\/images.epagine.fr\/855\/9782322252855_1_m.jpg","thumbnail":"https:\/\/images.epagine.fr\/855\/9782322252855_1_v.jpg"},"orderable":true,"show_badge":true,"formatted_price":"21,00&nbsp;\u20ac","formatted_published_date":"3 octobre 2020","publisher_availability_label":"Sur commande","short_details":"Edgar Bonnet-behar \u2014 Books on Demand","translator":null,"weight":215,"page_count":106,"readership":null,"editor":"Books on Demand","price":2100,"published_date":"2020-10-02T22:00:00.000000Z","support":"Grand format","publisher_availability":1,"stock":0,"editions":[],"url":"https:\/\/quaidesbrumes.com\/ouvrage\/9782322252855\/kumbh-mela-pierce-the-haze-see-consciousness"},{"id":"9783858815293","title":"Christian nilson the swiss \/anglais\/allemand","description":null,"authors":["Nilson Christian"],"category_codes":["6000000","6070000","6070200"],"visuals":{"large":"https:\/\/images.epagine.fr\/293\/9783858815293_1_75.jpg","medium":"https:\/\/images.epagine.fr\/293\/9783858815293_1_m.jpg","thumbnail":"https:\/\/images.epagine.fr\/293\/9783858815293_1_v.jpg"},"orderable":true,"show_badge":true,"formatted_price":"48,00&nbsp;\u20ac","formatted_published_date":"1er octobre 2016","publisher_availability_label":"Sur commande","short_details":"Nilson Christian \u2014 Scheidegger","translator":null,"weight":600,"page_count":96,"readership":null,"editor":"Scheidegger","price":4800,"published_date":"2016-09-30T22:00:00.000000Z","support":"Grand format","publisher_availability":1,"stock":0,"editions":[],"url":"https:\/\/quaidesbrumes.com\/ouvrage\/9783858815293\/christian-nilson-the-swiss-anglaisallemand"},{"id":"9782749150475","title":"Chronique d'un monde d'images ; le CNC, 70 ans au service de la cr\u00e9ation","description":"Imaginez que le syst\u00e8me de soutien fran\u00e7ais au cin\u00e9ma n'existe pas, et il n'y aurait pas de cin\u00e9ma fran\u00e7ais apr\u00e8s la Seconde Guerre mondiale. La France constitue une r\u00e9f\u00e9rence dans le 7e art, et de nombreux pays en Europe, en Asie et en Am\u00e9rique latine se sont inspir\u00e9s des politiques publiques fran\u00e7aises dans les domaines cin\u00e9matographiques et audiovisuels.\r\nCes politiques, introduites apr\u00e8s le deuxi\u00e8me conflit mondial, il y a soixante-dix ans, permettent \u00e0 la France d'\u00eatre le premier \u00ab hub \u00bb europ\u00e9en de production et d'exportation de films, et l'une des principales puissances mondiales dans les industries du cin\u00e9ma et de l'image anim\u00e9e.\r\nComment le syst\u00e8me fran\u00e7ais a-t-il \u00e9t\u00e9 progressivement construit depuis 1946 ? Quelles sont les grandes \u00e9tapes de son \u00e9volution ? Entre lois du march\u00e9 et diversit\u00e9 culturelle, quelle est la strat\u00e9gie fran\u00e7aise \u00e0 l'heure du num\u00e9rique et de la mondialisation ?\r\nCe livre retrace son histoire et restitue les \u00e9tapes fondamentales qui ont r\u00e9gi l'institution. Il place le CNC au coeur des innovations techniques actuelles et futures transformant l'image, sa production et sa r\u00e9ception. L'ouvrage aborde enfin les enjeux li\u00e9s \u00e0 l'image film\u00e9e, dessin\u00e9e, imagin\u00e9e ou invent\u00e9e et met l'accent sur la transmission d'un art aujourd'hui mondialement reconnu.\r\n\u00a0\r","authors":["B\u00e9n\u00e9dicte Jourgeaud","Bertrand Richard"],"category_codes":["6000000","6070000","6070300","6070307"],"visuals":{"large":"https:\/\/images.epagine.fr\/475\/9782749150475_1_75.jpg","medium":"https:\/\/images.epagine.fr\/475\/9782749150475_1_m.jpg","thumbnail":"https:\/\/images.epagine.fr\/475\/9782749150475_1_v.jpg"},"orderable":true,"show_badge":true,"formatted_price":"26,00&nbsp;\u20ac","formatted_published_date":"10 novembre 2016","publisher_availability_label":"Sur commande","short_details":"B\u00e9n\u00e9dicte Jourgeaud, Bertrand Richard \u2014 Le Cherche Midi","translator":null,"weight":803,"page_count":128,"readership":null,"editor":"Le Cherche Midi","price":2600,"published_date":"2016-11-09T23:00:00.000000Z","support":"Grand format","publisher_availability":1,"stock":0,"editions":[],"url":"https:\/\/quaidesbrumes.com\/ouvrage\/9782749150475\/chronique-dun-monde-dimages-le-cnc-70-ans-au-service-de-la-creation"},{"id":"9783958292048","title":"Peter keetman gestaltete welt \/allemand","description":"Ce catalogue r\u00e9trospectif accompagne une exposition pr\u00e9sent\u00e9e en 2014 au mus\u00e9e Folkwang \u00e0 Essen. Il rend hommage au travail de Peter Keetman, pilier de l'histoire de la photographie allemande. Sensible \u00e0 la forme, osant l'abstraction et la photographie exp\u00e9rimentale d\u00e8s les ann\u00e9es 1940, il se fait aussi le t\u00e9moin de la vie europ\u00e9enne : les heures sombres de l'Histoire allemande pendant le Seconde Guerre Mondiale, les soldats allemands et les paysans en proie \u00e0 l'hiver des plaines russes, les ouvriers au service du progr\u00e8s industriel dans les ann\u00e9es 1970 et des paysages naturels ou urbains tout au long de sa carri\u00e8re.\r","authors":["Keetman Peter"],"category_codes":["6000000","6070000","6070200"],"visuals":{"large":"https:\/\/images.epagine.fr\/048\/9783958292048_1_75.jpg","medium":"https:\/\/images.epagine.fr\/048\/9783958292048_1_m.jpg","thumbnail":"https:\/\/images.epagine.fr\/048\/9783958292048_1_v.jpg"},"orderable":true,"show_badge":true,"formatted_price":"48,00&nbsp;\u20ac","formatted_published_date":"1er juin 2016","publisher_availability_label":"Sur commande","short_details":"Keetman Peter \u2014 Steidl","translator":null,"weight":2200,"page_count":300,"readership":null,"editor":"Steidl","price":4800,"published_date":"2016-05-31T22:00:00.000000Z","support":"Grand format","publisher_availability":1,"stock":0,"editions":[],"url":"https:\/\/quaidesbrumes.com\/ouvrage\/9783958292048\/peter-keetman-gestaltete-welt-allemand"},{"id":"9782343030388","title":"Testament anthropologique rebelle de Madagascar","description":"Cet ouvrage, qui tente de synth\u00e9tiser un ensemble de connaissances sur Madagascar, est structur\u00e9 en trois parties : anthropologique, cin\u00e9matographique, et socio-historique. Etudes de terrain, carnets d'observation participante, patrimoine audiovisuel, conf\u00e9rences, articles, documents statistiques... Une approche atypique de la pens\u00e9e mythique et du social malgaches, que l'auteur met en forme avec brio, r\u00e9alisant une analyse rebelle d'une soci\u00e9t\u00e9 complexe.","authors":["Didier Mauro"],"category_codes":["6000000","6070000","6070200"],"visuals":{"large":"https:\/\/images.epagine.fr\/388\/9782343030388_1_75.jpg","medium":"https:\/\/images.epagine.fr\/388\/9782343030388_1_m.jpg","thumbnail":"https:\/\/images.epagine.fr\/388\/9782343030388_1_v.jpg"},"orderable":true,"show_badge":true,"formatted_price":"49,50&nbsp;\u20ac","formatted_published_date":"16 juin 2016","publisher_availability_label":"Sur commande","short_details":"Didier Mauro \u2014 \u00c9ditions L'Harmattan","translator":null,"weight":775,"page_count":516,"readership":null,"editor":"\u00c9ditions L'Harmattan","price":4950,"published_date":"2016-06-15T22:00:00.000000Z","support":"Grand format","publisher_availability":1,"stock":0,"editions":[],"url":"https:\/\/quaidesbrumes.com\/ouvrage\/9782343030388\/testament-anthropologique-rebelle-de-madagascar"},{"id":"9783958291324","title":"Lewis baltz works (coffret 10 vol.) last edition","description":"Steidl rend hommage au grand photographe am\u00e9ricain Lewis Baltz en publiant en \u00e9troite collaboration avec l'artiste un ensemble de r\u00e9\u00e9ditions de livres devenus cultes et de s\u00e9ries in\u00e9dites, augment\u00e9 de Candlestick Point et Texts.\r","authors":["Baltz Lewis"],"category_codes":["6000000","6070000","6070200"],"visuals":{"large":"https:\/\/images.epagine.fr\/324\/9783958291324_1_75.jpg","medium":"https:\/\/images.epagine.fr\/324\/9783958291324_1_m.jpg","thumbnail":"https:\/\/images.epagine.fr\/324\/9783958291324_1_v.jpg"},"orderable":true,"show_badge":true,"formatted_price":"995,00&nbsp;\u20ac","formatted_published_date":"1er septembre 2010","publisher_availability_label":"Sur commande","short_details":"Baltz Lewis \u2014 Steidl","translator":null,"weight":0,"page_count":964,"readership":null,"editor":"Steidl","price":99500,"published_date":"2010-08-31T22:00:00.000000Z","support":"Grand format","publisher_availability":1,"stock":0,"editions":[],"url":"https:\/\/quaidesbrumes.com\/ouvrage\/9783958291324\/lewis-baltz-works-coffret-10-vol-last-edition"},{"id":"9791026704447","title":"Chaplin et ses doubles ; essai sur l'id\u00e9ntite burlesque","description":"Chaplin est un artiste qui fut travaill\u00e9 \u00e0 la fois par le d\u00e9sir de totalit\u00e9 et par la menace toujours pr\u00e9sente de la division psychique. C'est cette menace, exprim\u00e9e mais aussi conjur\u00e9e par toutes les formes et figures de doubles parcourant son oeuvre, que cet essai tente de cerner. De la m\u00e9tamorphose de Chaplin en Charlot et du \"complexe de Jekylhide\" faisant coexister deux tendances psychiques antagonistes, aux alter ego (l'enfant du Kid) en passant par les \"moi\" oniriques , ce sont les figures du sosie (Le Dictateur), du travestissement (Mamz'elle Charlot), de la m\u00e9prise (Les Lumi\u00e8res de la ville) ou de l'imposture (Le P\u00e9lerin) qui font la richesse et la complexit\u00e9 de l'identit\u00e9 chaplinesque (dans sa dimension burlesque), et chaplinienne (dans sa dimension dramatique).\r","authors":["Christian Godin"],"category_codes":["6000000","6070000","6070300","6070304"],"visuals":{"large":"https:\/\/images.epagine.fr\/447\/9791026704447_1_75.jpg","medium":"https:\/\/images.epagine.fr\/447\/9791026704447_1_m.jpg","thumbnail":"https:\/\/images.epagine.fr\/447\/9791026704447_1_v.jpg"},"orderable":true,"show_badge":true,"formatted_price":"19,00&nbsp;\u20ac","formatted_published_date":"20 octobre 2016","publisher_availability_label":"Sur commande","short_details":"Christian Godin \u2014 CHAMP VALLON","translator":null,"weight":262,"page_count":220,"readership":null,"editor":"CHAMP VALLON","price":1900,"published_date":"2016-10-19T22:00:00.000000Z","support":"Grand format","publisher_availability":1,"stock":0,"editions":[],"url":"https:\/\/quaidesbrumes.com\/ouvrage\/9791026704447\/chaplin-et-ses-doubles-essai-sur-lidentite-burlesque"},{"id":"9781910164679","title":"Hibi postcards","description":null,"authors":["Fukase Masahisa"],"category_codes":["6000000","6070000","6070200","6070205"],"visuals":{"large":"https:\/\/images.epagine.fr\/679\/9781910164679_1_75.jpg","medium":"https:\/\/images.epagine.fr\/679\/9781910164679_1_m.jpg","thumbnail":"https:\/\/images.epagine.fr\/679\/9781910164679_1_v.jpg"},"orderable":true,"show_badge":true,"formatted_price":"12,00&nbsp;\u20ac","formatted_published_date":"1er septembre 2016","publisher_availability_label":"Sur commande","short_details":"Fukase Masahisa \u2014 Mack Books","translator":null,"weight":301,"page_count":null,"readership":null,"editor":"Mack Books","price":1200,"published_date":"2016-08-31T22:00:00.000000Z","support":"Grand format","publisher_availability":1,"stock":0,"editions":[],"url":"https:\/\/quaidesbrumes.com\/ouvrage\/9781910164679\/hibi-postcards"},{"id":"9788897503804","title":"Sunset boulevard","description":"Ce livre d'artiste propose une s\u00e9rie de Polaroids pris depuis le coffre d'une voiture en mouvement, offrant le portrait \u00e9ph\u00e9m\u00e8re et transitoire d'un Los Angeles grav\u00e9 dans l'imaginaire collectif. Avec une sensibilit\u00e9 cin\u00e9matographique appuy\u00e9e, Giorgio Andreotta Cal\u00f2 capture les silhouettes vaporeuses des palmiers et des voitures sous le ciel radieux de Sunset Boulevard et Beverly Drive.\r\n\r\nPubli\u00e9 \u00e0 l'occasion de l'exposition \u00ab 5122.65 Miles \u00bb \u00e0 la Depart Foundation, Los Angeles, du 10 mars au 7 mai 2016.\r\n\r\nLe travail performatif et \u00e9ph\u00e9m\u00e8re de Giorgio Andreotta Cal\u00f2 (n\u00e9 en 1979 \u00e0 Venise, vit et travaille \u00e0 Amsterdam) repose \u00e0 l'intersection de l'art et de l'architecture. Il intervient sur les b\u00e2timents et le paysage, s'appropriant et transformant l'architecture et l'espace en exp\u00e9riences symboliques et esth\u00e9tiques. Calo a \u00e9galement effectu\u00e9 une s\u00e9rie de marches qui l'ont conduit sur plus de 2 500 kilom\u00e8tres \u00e0 travers la France, l'Espagne et le Portugal, ou bien sur une ligne de train c\u00f4ti\u00e8re de 98 kilom\u00e8tres de long au Liban. Cal\u00f2 a particip\u00e9 \u00e0 la Biennale de Venise 2011 et est le r\u00e9cipiendaire du Prix Jeune Artiste 2012 d\u00e9cern\u00e9 par le Mus\u00e9e MAXXI.\r","authors":["Giorgio andreotta Cal\u00f2"],"category_codes":["6000000","6070000","6070200","6070205"],"visuals":{"large":"https:\/\/images.epagine.fr\/804\/9788897503804_1_75.jpg","medium":"https:\/\/images.epagine.fr\/804\/9788897503804_1_m.jpg","thumbnail":"https:\/\/images.epagine.fr\/804\/9788897503804_1_v.jpg"},"orderable":true,"show_badge":true,"formatted_price":"25,00&nbsp;\u20ac","formatted_published_date":"1er juillet 2016","publisher_availability_label":"Sur commande","short_details":"Giorgio andreotta Cal\u00f2 \u2014 Nero","translator":null,"weight":1263,"page_count":144,"readership":null,"editor":"Nero","price":2500,"published_date":"2016-06-30T22:00:00.000000Z","support":"Grand format","publisher_availability":1,"stock":0,"editions":[],"url":"https:\/\/quaidesbrumes.com\/ouvrage\/9788897503804\/sunset-boulevard"},{"id":"9780008204624","title":"FANTASTIC BEASTS AND WHERE TO FIND THEM - MAGICAL CHARACTERS AND PLACES COLOURING BOOK","description":null,"authors":["Collectif"],"category_codes":["6000000","6070000","6070300"],"visuals":{"large":"https:\/\/images.epagine.fr\/624\/9780008204624_1_75.jpg","medium":"https:\/\/images.epagine.fr\/624\/9780008204624_1_m.jpg","thumbnail":"https:\/\/images.epagine.fr\/624\/9780008204624_1_v.jpg"},"orderable":true,"show_badge":true,"formatted_price":"15,30&nbsp;\u20ac","formatted_published_date":"1er septembre 2016","publisher_availability_label":"Sur commande","short_details":"Collectif \u2014 Harper Collins Publishers","translator":null,"weight":365,"page_count":80,"readership":null,"editor":"Harper Collins Publishers","price":1530,"published_date":"2016-08-31T22:00:00.000000Z","support":"Grand format","publisher_availability":1,"stock":0,"editions":[],"url":"https:\/\/quaidesbrumes.com\/ouvrage\/9780008204624\/fantastic-beasts-and-where-to-find-them-magical-characters-and-places-colouring-book"},{"id":"9780008204617","title":"THE ART OF THE FILM: FANTASTIC BEASTS AND WHERE TO FIND THEM","description":"Step inside the world of the talented art departments who, led by Academy Award-winning production designer Stuart Craig, were responsible for the creation of the unforgettable characters, locations and beasts in J.K. Rowling''s Fantastic Beasts and Where to Find Them.  The Art of the Film, edited by concept artist Dermot Power, takes you on a magical journey through a design process every bit as wonderful as Newt Scamander''s adventure in the wizarding world.  Bursting with hundreds of production paintings, concept sketches, storyboards, and matte paintings, and filled with unique insights about the filmmaking journey from Stuart Craig and the artists themselves, this sumptuous volume presents a visual feast for readers, and welcomes fans of the Harry Potter films into the world of the Academy Award-nominated Fantastic Beasts and Where to Find Them.\r","authors":["Collectif"],"category_codes":["6000000","6070000","6070300"],"visuals":{"large":"https:\/\/images.epagine.fr\/617\/9780008204617_1_75.jpg","medium":"https:\/\/images.epagine.fr\/617\/9780008204617_1_m.jpg","thumbnail":"https:\/\/images.epagine.fr\/617\/9780008204617_1_v.jpg"},"orderable":true,"show_badge":true,"formatted_price":"47,30&nbsp;\u20ac","formatted_published_date":"18 novembre 2016","publisher_availability_label":"Sur commande","short_details":"Collectif \u2014 Harper Collins Publishers","translator":null,"weight":1737,"page_count":264,"readership":null,"editor":"Harper Collins Publishers","price":4730,"published_date":"2016-11-17T23:00:00.000000Z","support":"Grand format","publisher_availability":1,"stock":0,"editions":[],"url":"https:\/\/quaidesbrumes.com\/ouvrage\/9780008204617\/the-art-of-the-film-fantastic-beasts-and-where-to-find-them"},{"id":"9780008204631","title":"MAGICAL CREATURES COLOURING BOOK - FANTASTIC BEASTS AND WHERE TO FIND THEM","description":null,"authors":["Collectif"],"category_codes":["6000000","6070000","6070300"],"visuals":{"large":"https:\/\/quaidesbrumes.com\/img\/book-placeholder.png","medium":"https:\/\/quaidesbrumes.com\/img\/book-placeholder.png","thumbnail":"https:\/\/quaidesbrumes.com\/img\/book-placeholder.png"},"orderable":true,"show_badge":true,"formatted_price":"17,50&nbsp;\u20ac","formatted_published_date":"1er d\u00e9cembre 2016","publisher_availability_label":"Sur commande","short_details":"Collectif \u2014 Harper Collins Publishers","translator":null,"weight":368,"page_count":80,"readership":null,"editor":"Harper Collins Publishers","price":1750,"published_date":"2016-11-30T23:00:00.000000Z","support":"Grand format","publisher_availability":1,"stock":0,"editions":[],"url":"https:\/\/quaidesbrumes.com\/ouvrage\/9780008204631\/magical-creatures-colouring-book-fantastic-beasts-and-where-to-find-them"},{"id":"9780008204648","title":"FANTASTIC BEASTS AND WHERE TO FIND THEM: A BOOK OF 20 POSTCARDS TO - COLOUR","description":null,"authors":["Collectif"],"category_codes":["6000000","6070000","6070300"],"visuals":{"large":"https:\/\/images.epagine.fr\/648\/9780008204648_1_75.jpg","medium":"https:\/\/images.epagine.fr\/648\/9780008204648_1_m.jpg","thumbnail":"https:\/\/images.epagine.fr\/648\/9780008204648_1_v.jpg"},"orderable":true,"show_badge":true,"formatted_price":"0,00&nbsp;\u20ac","formatted_published_date":"1er d\u00e9cembre 2016","publisher_availability_label":"Sur commande","short_details":"Collectif \u2014 Harper Collins Publishers","translator":null,"weight":179,"page_count":40,"readership":null,"editor":"Harper Collins Publishers","price":0,"published_date":"2016-11-30T23:00:00.000000Z","support":"Grand format","publisher_availability":1,"stock":0,"editions":[],"url":"https:\/\/quaidesbrumes.com\/ouvrage\/9780008204648\/fantastic-beasts-and-where-to-find-them-a-book-of-20-postcards-to-colour"},{"id":"9782343095639","title":"Cin\u00e9ma et incitation \u00e0 l'action","description":"Le film \"embarque\" son spectateur, lui propose une direction de lecture et s'emploie \u00e0 \u00e9tablir une participation \u00e0 un monde fictif donn\u00e9, afin de mimer une participation, un temps de mise en suspens mais toujours effective, au monde r\u00e9el. Afin de mettre en \u00e9vidence les strat\u00e9gies d'implication et d'orientation du spectateur, l'auteur \u00e9labore un cadre th\u00e9orique et en \u00e9claire les \u00e9l\u00e9ments gr\u00e2ce \u00e0 des films hollywoodiens dits classiques.\r","authors":["Anne Benjamin"],"category_codes":["6000000","6070000","6070300"],"visuals":{"large":"https:\/\/images.epagine.fr\/639\/9782343095639_1_75.jpg","medium":"https:\/\/images.epagine.fr\/639\/9782343095639_1_m.jpg","thumbnail":"https:\/\/images.epagine.fr\/639\/9782343095639_1_v.jpg"},"orderable":true,"show_badge":true,"formatted_price":"26,50&nbsp;\u20ac","formatted_published_date":"22 juin 2016","publisher_availability_label":"Sur commande","short_details":"Anne Benjamin \u2014 \u00c9ditions L'Harmattan","translator":null,"weight":290,"page_count":240,"readership":null,"editor":"\u00c9ditions L'Harmattan","price":2650,"published_date":"2016-06-21T22:00:00.000000Z","support":"Grand format","publisher_availability":1,"stock":0,"editions":[],"url":"https:\/\/quaidesbrumes.com\/ouvrage\/9782343095639\/cinema-et-incitation-a-laction"},{"id":"9781910164563","title":"A glass darkly","description":null,"authors":["Kevin Lear"],"category_codes":["6000000","6070000","6070200","6070205"],"visuals":{"large":"https:\/\/images.epagine.fr\/563\/9781910164563_1_75.jpg","medium":"https:\/\/images.epagine.fr\/563\/9781910164563_1_m.jpg","thumbnail":"https:\/\/images.epagine.fr\/563\/9781910164563_1_v.jpg"},"orderable":true,"show_badge":true,"formatted_price":"30,00&nbsp;\u20ac","formatted_published_date":"1er mai 2017","publisher_availability_label":"Sur commande","short_details":"Kevin Lear \u2014 Mack Books","translator":null,"weight":601,"page_count":null,"readership":null,"editor":"Mack Books","price":3000,"published_date":"2017-04-30T22:00:00.000000Z","support":"Grand format","publisher_availability":1,"stock":0,"editions":[],"url":"https:\/\/quaidesbrumes.com\/ouvrage\/9781910164563\/a-glass-darkly"},{"id":"9781452153155","title":"The art of Kubo and the two strings","description":null,"authors":["Emily Haynes","Travis Knight"],"category_codes":["6000000","6070000","6070300"],"visuals":{"large":"https:\/\/images.epagine.fr\/155\/9781452153155_1_75.jpg","medium":"https:\/\/images.epagine.fr\/155\/9781452153155_1_m.jpg","thumbnail":"https:\/\/images.epagine.fr\/155\/9781452153155_1_v.jpg"},"orderable":true,"show_badge":true,"formatted_price":"38,00&nbsp;\u20ac","formatted_published_date":"19 juillet 2016","publisher_availability_label":"Sur commande","short_details":"Emily Haynes, Travis Knight \u2014 CHRONICLE BOOKS","translator":null,"weight":800,"page_count":null,"readership":null,"editor":"CHRONICLE BOOKS","price":3800,"published_date":"2016-07-18T22:00:00.000000Z","support":"Grand format","publisher_availability":1,"stock":0,"editions":[],"url":"https:\/\/quaidesbrumes.com\/ouvrage\/9781452153155\/the-art-of-kubo-and-the-two-strings"},{"id":"9781910164716","title":"Live in the house and it will not fall down","description":null,"authors":["Alessandro Laita"],"category_codes":["6000000","6070000","6070200","6070205"],"visuals":{"large":"https:\/\/images.epagine.fr\/716\/9781910164716_1_75.jpg","medium":"https:\/\/images.epagine.fr\/716\/9781910164716_1_m.jpg","thumbnail":"https:\/\/images.epagine.fr\/716\/9781910164716_1_v.jpg"},"orderable":true,"show_badge":true,"formatted_price":"30,00&nbsp;\u20ac","formatted_published_date":"1er juin 2016","publisher_availability_label":"Sur commande","short_details":"Alessandro Laita \u2014 Mack Books","translator":null,"weight":601,"page_count":null,"readership":null,"editor":"Mack Books","price":3000,"published_date":"2016-05-31T22:00:00.000000Z","support":"Grand format","publisher_availability":1,"stock":0,"editions":[],"url":"https:\/\/quaidesbrumes.com\/ouvrage\/9781910164716\/live-in-the-house-and-it-will-not-fall-down"},{"id":"9791031001845","title":"Nous naissons de partout","description":"Hannibal Volkoff est n\u00e9 en 1986 \u00e0 Nantes, il vit et travaille \u00e0 Paris. Apr\u00e8s des \u00e9tudes d'art appliqu\u00e9 puis une excursion dans le cin\u00e9ma, il se consacre \u00e0 la photographie \u00e0 travers ses recherches plastiques et ses reportages communautaires. Ces derniers, progressivement, deviendront un v\u00e9ritable portrait g\u00e9n\u00e9rationnel, entre le journal intime d'une jeunesse masculine et homosexuelle (la s\u00e9rie \u00ab Les gar\u00e7ons sauvages \u00bb), l'\u00e9tude des extravagantes sous-cultures qui se sont d\u00e9velopp\u00e9es dans le Paris underground des derni\u00e8res ann\u00e9es (\u00ab Confessions d'un masque \u00bb), et celle de la jeunesse rock&psych\u00e9 parisienne, en son \u00e9ternel cocktail de drogues, de sexe et de musique (\u00ab Les descendants : absinthe et cerfs-volants \u00bb). \r\nLe premier livre d'Hannibal Volkoff, \u00ab Nous naissons de partout \u00bb, se propose de r\u00e9unir ces diff\u00e9rentes rencontres telles qu'elles se sont c\u00f4toy\u00e9es, dans les m\u00eames rues, en ces m\u00eames temps de crise, avec la m\u00eame soif d'exp\u00e9rimentations.\r","authors":["Hannibal Volkoff"],"category_codes":["6000000","6070000","6070200"],"visuals":{"large":"https:\/\/images.epagine.fr\/845\/9791031001845_1_75.jpg","medium":"https:\/\/images.epagine.fr\/845\/9791031001845_1_m.jpg","thumbnail":"https:\/\/images.epagine.fr\/845\/9791031001845_1_v.jpg"},"orderable":true,"show_badge":true,"formatted_price":"18,00&nbsp;\u20ac","formatted_published_date":"24 juin 2016","publisher_availability_label":"Sur commande","short_details":"Hannibal Volkoff \u2014 Presses Litteraires","translator":null,"weight":514,"page_count":110,"readership":null,"editor":"Presses Litteraires","price":1800,"published_date":"2016-06-23T22:00:00.000000Z","support":"Grand format","publisher_availability":1,"stock":0,"editions":[],"url":"https:\/\/quaidesbrumes.com\/ouvrage\/9791031001845\/nous-naissons-de-partout"},{"id":"9782343098173","title":"Filmer les r\u00e9fugi\u00e9s ; cin\u00e9ma d'enqu\u00eate \u00e9tudes visuelles et subjectivit\u00e9 assum\u00e9e, documentaires, films ethnographiques, ethno-fictions ou ego-fictions ?","description":"Le Cin\u00e9ma d'enqu\u00eate, qui est \u00e0 la crois\u00e9e de toutes les sciences sociales, se distingue par un r\u00e9el travail scientifique. N\u00e9anmoins, l'auteure, qui interroge sa propre production cin\u00e9matographique, \u00e9labore une th\u00e9orie de l'authenticit\u00e9 des \u00e9tudes visuelles qui se fonde sur une subjectivit\u00e9 assum\u00e9e. L'affectivit\u00e9, par exemple, en n'\u00e9vitant pas les paradoxes et les contradictions, est une posture intellectuelle et esth\u00e9tique centrale. Au-del\u00e0 de ces r\u00e9flexions th\u00e9oriques, la chercheuse revient sur son travail de cin\u00e9aste : films ethnographiques, films de genre, ethno-fictions, ou tout simplement films d'enqu\u00eate ?\r","authors":["Fabienne Le Hou\u00e9rou"],"category_codes":["6000000","6070000","6070300","6070308"],"visuals":{"large":"https:\/\/images.epagine.fr\/173\/9782343098173_1_75.jpg","medium":"https:\/\/images.epagine.fr\/173\/9782343098173_1_m.jpg","thumbnail":"https:\/\/images.epagine.fr\/173\/9782343098173_1_v.jpg"},"orderable":true,"show_badge":true,"formatted_price":"32,50&nbsp;\u20ac","formatted_published_date":"27 juillet 2016","publisher_availability_label":"Sur commande","short_details":"Fabienne Le Hou\u00e9rou \u2014 \u00c9ditions L'Harmattan","translator":null,"weight":340,"page_count":294,"readership":null,"editor":"\u00c9ditions L'Harmattan","price":3250,"published_date":"2016-07-26T22:00:00.000000Z","support":"Grand format","publisher_availability":1,"stock":0,"editions":[],"url":"https:\/\/quaidesbrumes.com\/ouvrage\/9782343098173\/filmer-les-refugies-cinema-denquete-etudes-visuelles-et-subjectivite-assumee-documentaires-films-ethnographiques-ethno-fictions-ou-ego-fictions"}]}