{"data":[{"id":"9783958291324","title":"Lewis baltz works (coffret 10 vol.) last edition","description":"Steidl rend hommage au grand photographe am\u00e9ricain Lewis Baltz en publiant en \u00e9troite collaboration avec l'artiste un ensemble de r\u00e9\u00e9ditions de livres devenus cultes et de s\u00e9ries in\u00e9dites, augment\u00e9 de Candlestick Point et Texts.","authors":["Baltz Lewis"],"category_codes":["6000000","6070000","6070200"],"visuals":{"large":"https:\/\/images.epagine.fr\/324\/9783958291324_1_75.jpg","medium":"https:\/\/images.epagine.fr\/324\/9783958291324_1_m.jpg","thumbnail":"https:\/\/images.epagine.fr\/324\/9783958291324_1_v.jpg"},"orderable":true,"show_badge":true,"formatted_price":"995,00&nbsp;\u20ac","formatted_published_date":"1er septembre 2010","publisher_availability_label":"Sur commande","short_details":"Baltz Lewis \u2014 Steidl","translator":null,"weight":0,"page_count":964,"readership":null,"editor":"Steidl","price":99500,"published_date":"2010-08-31T22:00:00.000000Z","support":"Grand format","publisher_availability":1,"stock":0,"editions":[],"url":"https:\/\/quaidesbrumes.com\/ouvrage\/9783958291324\/lewis-baltz-works-coffret-10-vol-last-edition"},{"id":"9791026704447","title":"Chaplin et ses doubles ; essai sur l'id\u00e9ntite burlesque","description":"Chaplin est un artiste qui fut travaill\u00e9 \u00e0 la fois par le d\u00e9sir de totalit\u00e9 et par la menace toujours pr\u00e9sente de la division psychique. C'est cette menace, exprim\u00e9e mais aussi conjur\u00e9e par toutes les formes et figures de doubles parcourant son oeuvre, que cet essai tente de cerner. De la m\u00e9tamorphose de Chaplin en Charlot et du \"complexe de Jekylhide\" faisant coexister deux tendances psychiques antagonistes, aux alter ego (l'enfant du Kid) en passant par les \"moi\" oniriques , ce sont les figures du sosie (Le Dictateur), du travestissement (Mamz'elle Charlot), de la m\u00e9prise (Les Lumi\u00e8res de la ville) ou de l'imposture (Le P\u00e9lerin) qui font la richesse et la complexit\u00e9 de l'identit\u00e9 chaplinesque (dans sa dimension burlesque), et chaplinienne (dans sa dimension dramatique).","authors":["Christian Godin"],"category_codes":["6000000","6070000","6070300","6070304"],"visuals":{"large":"https:\/\/images.epagine.fr\/447\/9791026704447_1_75.jpg","medium":"https:\/\/images.epagine.fr\/447\/9791026704447_1_m.jpg","thumbnail":"https:\/\/images.epagine.fr\/447\/9791026704447_1_v.jpg"},"orderable":true,"show_badge":true,"formatted_price":"19,00&nbsp;\u20ac","formatted_published_date":"20 octobre 2016","publisher_availability_label":"Sur commande","short_details":"Christian Godin \u2014 CHAMP VALLON","translator":null,"weight":262,"page_count":220,"readership":null,"editor":"CHAMP VALLON","price":1900,"published_date":"2016-10-19T22:00:00.000000Z","support":"Grand format","publisher_availability":1,"stock":0,"editions":[],"url":"https:\/\/quaidesbrumes.com\/ouvrage\/9791026704447\/chaplin-et-ses-doubles-essai-sur-lidentite-burlesque"},{"id":"9781910164679","title":"Hibi postcards","description":null,"authors":["Fukase Masahisa"],"category_codes":["6000000","6070000","6070200","6070205"],"visuals":{"large":"https:\/\/images.epagine.fr\/679\/9781910164679_1_75.jpg","medium":"https:\/\/images.epagine.fr\/679\/9781910164679_1_m.jpg","thumbnail":"https:\/\/images.epagine.fr\/679\/9781910164679_1_v.jpg"},"orderable":true,"show_badge":true,"formatted_price":"12,00&nbsp;\u20ac","formatted_published_date":"1er septembre 2016","publisher_availability_label":"Sur commande","short_details":"Fukase Masahisa \u2014 Mack Books","translator":null,"weight":301,"page_count":null,"readership":null,"editor":"Mack Books","price":1200,"published_date":"2016-08-31T22:00:00.000000Z","support":"Grand format","publisher_availability":1,"stock":0,"editions":[],"url":"https:\/\/quaidesbrumes.com\/ouvrage\/9781910164679\/hibi-postcards"},{"id":"9788897503804","title":"Sunset boulevard","description":"Ce livre d'artiste propose une s\u00e9rie de Polaroids pris depuis le coffre d'une voiture en mouvement, offrant le portrait \u00e9ph\u00e9m\u00e8re et transitoire d'un Los Angeles grav\u00e9 dans l'imaginaire collectif. Avec une sensibilit\u00e9 cin\u00e9matographique appuy\u00e9e, Giorgio Andreotta Cal\u00f2 capture les silhouettes vaporeuses des palmiers et des voitures sous le ciel radieux de Sunset Boulevard et Beverly Drive.\r\n\r\nPubli\u00e9 \u00e0 l'occasion de l'exposition \u00ab 5122.65 Miles \u00bb \u00e0 la Depart Foundation, Los Angeles, du 10 mars au 7 mai 2016.\r\n\r\nLe travail performatif et \u00e9ph\u00e9m\u00e8re de Giorgio Andreotta Cal\u00f2 (n\u00e9 en 1979 \u00e0 Venise, vit et travaille \u00e0 Amsterdam) repose \u00e0 l'intersection de l'art et de l'architecture. Il intervient sur les b\u00e2timents et le paysage, s'appropriant et transformant l'architecture et l'espace en exp\u00e9riences symboliques et esth\u00e9tiques. Calo a \u00e9galement effectu\u00e9 une s\u00e9rie de marches qui l'ont conduit sur plus de 2 500 kilom\u00e8tres \u00e0 travers la France, l'Espagne et le Portugal, ou bien sur une ligne de train c\u00f4ti\u00e8re de 98 kilom\u00e8tres de long au Liban. Cal\u00f2 a particip\u00e9 \u00e0 la Biennale de Venise 2011 et est le r\u00e9cipiendaire du Prix Jeune Artiste 2012 d\u00e9cern\u00e9 par le Mus\u00e9e MAXXI.","authors":["Giorgio andreotta Cal\u00f2"],"category_codes":["6000000","6070000","6070200","6070205"],"visuals":{"large":"https:\/\/images.epagine.fr\/804\/9788897503804_1_75.jpg","medium":"https:\/\/images.epagine.fr\/804\/9788897503804_1_m.jpg","thumbnail":"https:\/\/images.epagine.fr\/804\/9788897503804_1_v.jpg"},"orderable":true,"show_badge":true,"formatted_price":"25,00&nbsp;\u20ac","formatted_published_date":"1er juillet 2016","publisher_availability_label":"Sur commande","short_details":"Giorgio andreotta Cal\u00f2 \u2014 Nero","translator":null,"weight":1263,"page_count":144,"readership":null,"editor":"Nero","price":2500,"published_date":"2016-06-30T22:00:00.000000Z","support":"Grand format","publisher_availability":1,"stock":0,"editions":[],"url":"https:\/\/quaidesbrumes.com\/ouvrage\/9788897503804\/sunset-boulevard"},{"id":"9780008204624","title":"FANTASTIC BEASTS AND WHERE TO FIND THEM - MAGICAL CHARACTERS AND PLACES COLOURING BOOK","description":null,"authors":["Collectif"],"category_codes":["6000000","6070000","6070300"],"visuals":{"large":"https:\/\/images.epagine.fr\/624\/9780008204624_1_75.jpg","medium":"https:\/\/images.epagine.fr\/624\/9780008204624_1_m.jpg","thumbnail":"https:\/\/images.epagine.fr\/624\/9780008204624_1_v.jpg"},"orderable":true,"show_badge":true,"formatted_price":"15,30&nbsp;\u20ac","formatted_published_date":"1er septembre 2016","publisher_availability_label":"Sur commande","short_details":"Collectif \u2014 Harper Collins Publishers","translator":null,"weight":365,"page_count":80,"readership":null,"editor":"Harper Collins Publishers","price":1530,"published_date":"2016-08-31T22:00:00.000000Z","support":"Grand format","publisher_availability":1,"stock":0,"editions":[],"url":"https:\/\/quaidesbrumes.com\/ouvrage\/9780008204624\/fantastic-beasts-and-where-to-find-them-magical-characters-and-places-colouring-book"},{"id":"9780008204617","title":"THE ART OF THE FILM: FANTASTIC BEASTS AND WHERE TO FIND THEM","description":"Step inside the world of the talented art departments who, led by Academy Award-winning production designer Stuart Craig, were responsible for the creation of the unforgettable characters, locations and beasts in J.K. Rowling''s Fantastic Beasts and Where to Find Them.  The Art of the Film, edited by concept artist Dermot Power, takes you on a magical journey through a design process every bit as wonderful as Newt Scamander''s adventure in the wizarding world.  Bursting with hundreds of production paintings, concept sketches, storyboards, and matte paintings, and filled with unique insights about the filmmaking journey from Stuart Craig and the artists themselves, this sumptuous volume presents a visual feast for readers, and welcomes fans of the Harry Potter films into the world of the Academy Award-nominated Fantastic Beasts and Where to Find Them.","authors":["Collectif"],"category_codes":["6000000","6070000","6070300"],"visuals":{"large":"https:\/\/images.epagine.fr\/617\/9780008204617_1_75.jpg","medium":"https:\/\/images.epagine.fr\/617\/9780008204617_1_m.jpg","thumbnail":"https:\/\/images.epagine.fr\/617\/9780008204617_1_v.jpg"},"orderable":true,"show_badge":true,"formatted_price":"47,30&nbsp;\u20ac","formatted_published_date":"18 novembre 2016","publisher_availability_label":"Sur commande","short_details":"Collectif \u2014 Harper Collins Publishers","translator":null,"weight":1737,"page_count":264,"readership":null,"editor":"Harper Collins Publishers","price":4730,"published_date":"2016-11-17T23:00:00.000000Z","support":"Grand format","publisher_availability":1,"stock":0,"editions":[],"url":"https:\/\/quaidesbrumes.com\/ouvrage\/9780008204617\/the-art-of-the-film-fantastic-beasts-and-where-to-find-them"},{"id":"9780008204631","title":"MAGICAL CREATURES COLOURING BOOK - FANTASTIC BEASTS AND WHERE TO FIND THEM","description":null,"authors":["Collectif"],"category_codes":["6000000","6070000","6070300"],"visuals":{"large":"https:\/\/quaidesbrumes.com\/img\/book-placeholder.png","medium":"https:\/\/quaidesbrumes.com\/img\/book-placeholder.png","thumbnail":"https:\/\/quaidesbrumes.com\/img\/book-placeholder.png"},"orderable":true,"show_badge":true,"formatted_price":"17,50&nbsp;\u20ac","formatted_published_date":"1er d\u00e9cembre 2016","publisher_availability_label":"Sur commande","short_details":"Collectif \u2014 Harper Collins Publishers","translator":null,"weight":368,"page_count":80,"readership":null,"editor":"Harper Collins Publishers","price":1750,"published_date":"2016-11-30T23:00:00.000000Z","support":"Grand format","publisher_availability":1,"stock":0,"editions":[],"url":"https:\/\/quaidesbrumes.com\/ouvrage\/9780008204631\/magical-creatures-colouring-book-fantastic-beasts-and-where-to-find-them"},{"id":"9780008204648","title":"FANTASTIC BEASTS AND WHERE TO FIND THEM: A BOOK OF 20 POSTCARDS TO - COLOUR","description":null,"authors":["Collectif"],"category_codes":["6000000","6070000","6070300"],"visuals":{"large":"https:\/\/images.epagine.fr\/648\/9780008204648_1_75.jpg","medium":"https:\/\/images.epagine.fr\/648\/9780008204648_1_m.jpg","thumbnail":"https:\/\/images.epagine.fr\/648\/9780008204648_1_v.jpg"},"orderable":true,"show_badge":true,"formatted_price":"0,00&nbsp;\u20ac","formatted_published_date":"1er d\u00e9cembre 2016","publisher_availability_label":"Sur commande","short_details":"Collectif \u2014 Harper Collins Publishers","translator":null,"weight":179,"page_count":40,"readership":null,"editor":"Harper Collins Publishers","price":0,"published_date":"2016-11-30T23:00:00.000000Z","support":"Grand format","publisher_availability":1,"stock":0,"editions":[],"url":"https:\/\/quaidesbrumes.com\/ouvrage\/9780008204648\/fantastic-beasts-and-where-to-find-them-a-book-of-20-postcards-to-colour"},{"id":"9782343095639","title":"Cin\u00e9ma et incitation \u00e0 l'action","description":"Le film \"embarque\" son spectateur, lui propose une direction de lecture et s'emploie \u00e0 \u00e9tablir une participation \u00e0 un monde fictif donn\u00e9, afin de mimer une participation, un temps de mise en suspens mais toujours effective, au monde r\u00e9el. Afin de mettre en \u00e9vidence les strat\u00e9gies d'implication et d'orientation du spectateur, l'auteur \u00e9labore un cadre th\u00e9orique et en \u00e9claire les \u00e9l\u00e9ments gr\u00e2ce \u00e0 des films hollywoodiens dits classiques.","authors":["Anne Benjamin"],"category_codes":["6000000","6070000","6070300"],"visuals":{"large":"https:\/\/images.epagine.fr\/639\/9782343095639_1_75.jpg","medium":"https:\/\/images.epagine.fr\/639\/9782343095639_1_m.jpg","thumbnail":"https:\/\/images.epagine.fr\/639\/9782343095639_1_v.jpg"},"orderable":true,"show_badge":true,"formatted_price":"26,50&nbsp;\u20ac","formatted_published_date":"22 juin 2016","publisher_availability_label":"Sur commande","short_details":"Anne Benjamin \u2014 \u00c9ditions L'Harmattan","translator":null,"weight":290,"page_count":240,"readership":null,"editor":"\u00c9ditions L'Harmattan","price":2650,"published_date":"2016-06-21T22:00:00.000000Z","support":"Grand format","publisher_availability":1,"stock":0,"editions":[],"url":"https:\/\/quaidesbrumes.com\/ouvrage\/9782343095639\/cinema-et-incitation-a-laction"},{"id":"9781910164563","title":"A glass darkly","description":null,"authors":["Kevin Lear"],"category_codes":["6000000","6070000","6070200","6070205"],"visuals":{"large":"https:\/\/images.epagine.fr\/563\/9781910164563_1_75.jpg","medium":"https:\/\/images.epagine.fr\/563\/9781910164563_1_m.jpg","thumbnail":"https:\/\/images.epagine.fr\/563\/9781910164563_1_v.jpg"},"orderable":true,"show_badge":true,"formatted_price":"30,00&nbsp;\u20ac","formatted_published_date":"1er mai 2017","publisher_availability_label":"Sur commande","short_details":"Kevin Lear \u2014 Mack Books","translator":null,"weight":601,"page_count":null,"readership":null,"editor":"Mack Books","price":3000,"published_date":"2017-04-30T22:00:00.000000Z","support":"Grand format","publisher_availability":1,"stock":0,"editions":[],"url":"https:\/\/quaidesbrumes.com\/ouvrage\/9781910164563\/a-glass-darkly"},{"id":"9781452153155","title":"The art of Kubo and the two strings","description":null,"authors":["Emily Haynes","Travis Knight"],"category_codes":["6000000","6070000","6070300"],"visuals":{"large":"https:\/\/images.epagine.fr\/155\/9781452153155_1_75.jpg","medium":"https:\/\/images.epagine.fr\/155\/9781452153155_1_m.jpg","thumbnail":"https:\/\/images.epagine.fr\/155\/9781452153155_1_v.jpg"},"orderable":true,"show_badge":true,"formatted_price":"38,00&nbsp;\u20ac","formatted_published_date":"19 juillet 2016","publisher_availability_label":"Sur commande","short_details":"Emily Haynes, Travis Knight \u2014 CHRONICLE BOOKS","translator":null,"weight":800,"page_count":null,"readership":null,"editor":"CHRONICLE BOOKS","price":3800,"published_date":"2016-07-18T22:00:00.000000Z","support":"Grand format","publisher_availability":1,"stock":0,"editions":[],"url":"https:\/\/quaidesbrumes.com\/ouvrage\/9781452153155\/the-art-of-kubo-and-the-two-strings"},{"id":"9781910164716","title":"Live in the house and it will not fall down","description":null,"authors":["Alessandro Laita"],"category_codes":["6000000","6070000","6070200","6070205"],"visuals":{"large":"https:\/\/images.epagine.fr\/716\/9781910164716_1_75.jpg","medium":"https:\/\/images.epagine.fr\/716\/9781910164716_1_m.jpg","thumbnail":"https:\/\/images.epagine.fr\/716\/9781910164716_1_v.jpg"},"orderable":true,"show_badge":true,"formatted_price":"30,00&nbsp;\u20ac","formatted_published_date":"1er juin 2016","publisher_availability_label":"Sur commande","short_details":"Alessandro Laita \u2014 Mack Books","translator":null,"weight":601,"page_count":null,"readership":null,"editor":"Mack Books","price":3000,"published_date":"2016-05-31T22:00:00.000000Z","support":"Grand format","publisher_availability":1,"stock":0,"editions":[],"url":"https:\/\/quaidesbrumes.com\/ouvrage\/9781910164716\/live-in-the-house-and-it-will-not-fall-down"},{"id":"9791031001845","title":"Nous naissons de partout","description":"Hannibal Volkoff est n\u00e9 en 1986 \u00e0 Nantes, il vit et travaille \u00e0 Paris. Apr\u00e8s des \u00e9tudes d'art appliqu\u00e9 puis une excursion dans le cin\u00e9ma, il se consacre \u00e0 la photographie \u00e0 travers ses recherches plastiques et ses reportages communautaires. Ces derniers, progressivement, deviendront un v\u00e9ritable portrait g\u00e9n\u00e9rationnel, entre le journal intime d'une jeunesse masculine et homosexuelle (la s\u00e9rie \u00ab Les gar\u00e7ons sauvages \u00bb), l'\u00e9tude des extravagantes sous-cultures qui se sont d\u00e9velopp\u00e9es dans le Paris underground des derni\u00e8res ann\u00e9es (\u00ab Confessions d'un masque \u00bb), et celle de la jeunesse rock&psych\u00e9 parisienne, en son \u00e9ternel cocktail de drogues, de sexe et de musique (\u00ab Les descendants : absinthe et cerfs-volants \u00bb). \r\nLe premier livre d'Hannibal Volkoff, \u00ab Nous naissons de partout \u00bb, se propose de r\u00e9unir ces diff\u00e9rentes rencontres telles qu'elles se sont c\u00f4toy\u00e9es, dans les m\u00eames rues, en ces m\u00eames temps de crise, avec la m\u00eame soif d'exp\u00e9rimentations.","authors":["Hannibal Volkoff"],"category_codes":["6000000","6070000","6070200"],"visuals":{"large":"https:\/\/images.epagine.fr\/845\/9791031001845_1_75.jpg","medium":"https:\/\/images.epagine.fr\/845\/9791031001845_1_m.jpg","thumbnail":"https:\/\/images.epagine.fr\/845\/9791031001845_1_v.jpg"},"orderable":true,"show_badge":true,"formatted_price":"18,00&nbsp;\u20ac","formatted_published_date":"24 juin 2016","publisher_availability_label":"Sur commande","short_details":"Hannibal Volkoff \u2014 Presses Litteraires","translator":null,"weight":514,"page_count":110,"readership":null,"editor":"Presses Litteraires","price":1800,"published_date":"2016-06-23T22:00:00.000000Z","support":"Grand format","publisher_availability":1,"stock":0,"editions":[],"url":"https:\/\/quaidesbrumes.com\/ouvrage\/9791031001845\/nous-naissons-de-partout"},{"id":"9782343098173","title":"Filmer les r\u00e9fugi\u00e9s ; cin\u00e9ma d'enqu\u00eate \u00e9tudes visuelles et subjectivit\u00e9 assum\u00e9e, documentaires, films ethnographiques, ethno-fictions ou ego-fictions ?","description":"Le Cin\u00e9ma d'enqu\u00eate, qui est \u00e0 la crois\u00e9e de toutes les sciences sociales, se distingue par un r\u00e9el travail scientifique. N\u00e9anmoins, l'auteure, qui interroge sa propre production cin\u00e9matographique, \u00e9labore une th\u00e9orie de l'authenticit\u00e9 des \u00e9tudes visuelles qui se fonde sur une subjectivit\u00e9 assum\u00e9e. L'affectivit\u00e9, par exemple, en n'\u00e9vitant pas les paradoxes et les contradictions, est une posture intellectuelle et esth\u00e9tique centrale. Au-del\u00e0 de ces r\u00e9flexions th\u00e9oriques, la chercheuse revient sur son travail de cin\u00e9aste : films ethnographiques, films de genre, ethno-fictions, ou tout simplement films d'enqu\u00eate ?","authors":["Fabienne Le Hou\u00e9rou"],"category_codes":["6000000","6070000","6070300","6070308"],"visuals":{"large":"https:\/\/images.epagine.fr\/173\/9782343098173_1_75.jpg","medium":"https:\/\/images.epagine.fr\/173\/9782343098173_1_m.jpg","thumbnail":"https:\/\/images.epagine.fr\/173\/9782343098173_1_v.jpg"},"orderable":true,"show_badge":true,"formatted_price":"32,50&nbsp;\u20ac","formatted_published_date":"27 juillet 2016","publisher_availability_label":"Sur commande","short_details":"Fabienne Le Hou\u00e9rou \u2014 \u00c9ditions L'Harmattan","translator":null,"weight":340,"page_count":294,"readership":null,"editor":"\u00c9ditions L'Harmattan","price":3250,"published_date":"2016-07-26T22:00:00.000000Z","support":"Grand format","publisher_availability":1,"stock":0,"editions":[],"url":"https:\/\/quaidesbrumes.com\/ouvrage\/9782343098173\/filmer-les-refugies-cinema-denquete-etudes-visuelles-et-subjectivite-assumee-documentaires-films-ethnographiques-ethno-fictions-ou-ego-fictions"},{"id":"9782080202734","title":"Capturing fashion : Derujinsky","description":"\u00c9dition en langue anglaise","authors":["Andrea Derujinsky"],"category_codes":["6000000","6070000","6070200","6070203"],"visuals":{"large":"https:\/\/images.epagine.fr\/734\/9782080202734_1_75.jpg","medium":"https:\/\/images.epagine.fr\/734\/9782080202734_1_m.jpg","thumbnail":"https:\/\/images.epagine.fr\/734\/9782080202734_1_v.jpg"},"orderable":true,"show_badge":true,"formatted_price":"75,00&nbsp;\u20ac","formatted_published_date":"5 octobre 2016","publisher_availability_label":"Sur commande","short_details":"Andrea Derujinsky \u2014 Flammarion","translator":null,"weight":2282,"page_count":220,"readership":null,"editor":"Flammarion","price":7500,"published_date":"2016-10-04T22:00:00.000000Z","support":"Grand format","publisher_availability":1,"stock":0,"editions":[],"url":"https:\/\/quaidesbrumes.com\/ouvrage\/9782080202734\/capturing-fashion-derujinsky"},{"id":"9782955492604","title":"Terres de d\u00e9serts","description":"De l'Atacama au Namib en passant par le Sahara et d'autres contr\u00e9es, j'ai tent\u00e9, au fil de ces 84 photos, de saisir ici ou l\u00e0 les silhouettes de quelques figures tant\u00f4t iconiques tant\u00f4t moins connues propres \u00e0 ces lieux : dunes orang\u00e9es, champignons de craie \u00e9gar\u00e9s, badlands d\u00e9chiquet\u00e9s, chemin\u00e9es de f\u00e9es vacillantes...","authors":["Romain Hanifi"],"category_codes":["6000000","6070000","6070200"],"visuals":{"large":"https:\/\/images.epagine.fr\/604\/9782955492604_1_75.jpg","medium":"https:\/\/images.epagine.fr\/604\/9782955492604_1_m.jpg","thumbnail":"https:\/\/images.epagine.fr\/604\/9782955492604_1_v.jpg"},"orderable":true,"show_badge":true,"formatted_price":"15,00&nbsp;\u20ac","formatted_published_date":"1er f\u00e9vrier 2016","publisher_availability_label":"Sur commande","short_details":"Romain Hanifi \u2014 Romain Hanifi","translator":null,"weight":650,"page_count":94,"readership":null,"editor":"Romain Hanifi","price":1500,"published_date":"2016-01-31T23:00:00.000000Z","support":"Grand format","publisher_availability":1,"stock":0,"editions":[],"url":"https:\/\/quaidesbrumes.com\/ouvrage\/9782955492604\/terres-de-deserts"},{"id":"9782955704400","title":"La voie(x) du coeur ; ou le chemin du miroir","description":"\u00ab...le Chemin se fait perpendiculaire, tel une \u00e9querre...\r\nDescendre au fond de soi tout en marchant horizontalement vers l'occident...\u00bb.\r\n\r\nPour Philippe Glorieux, le projet de marcher sur les chemins de Saint-Jacques de Compostelle \u00e9tait latent depuis des ann\u00e9es. Au mois de mai 2015, il part et entame \u00ab son \u00bb chemin, un chemin int\u00e9rieur en ad\u00e9quation avec une d\u00e9marche introspective qui deviendra vite initiatique. Il nous partage ici les photographies et les r\u00e9cits o\u00f9 se m\u00ealent signes et r\u00e9v\u00e9lations.\r\n\r\nPhotographe professionnel, il allie cette recherche de soi avec une d\u00e9marche photographique des \u00ab Portraits aux miroirs \u00bb : il invite les p\u00e8lerins \u00e0 poser comme s'ils se regardaient. Le montage photo fait le reste : d\u00e9couverte, refus, r\u00e9v\u00e9lation... \u00ab C'est \u00e0 travers cette s\u00e9rie de photographies ponctu\u00e9es de \u00abPortraits aux miroirs\u00bb que j'ai voulu faire passer ma qu\u00eate de la connaissance de soi, et peut-\u00eatre donner envie aux spectateurs de mon travail de parcourir ce chemin spirituel \u00bb. Ces portraits, la beaut\u00e9 des paysages, l'\u00e9vidence de la pr\u00e9sence du cosmos dans la nature, alli\u00e9s \u00e0 la marche au long cours, contribuent \u00e0 la transformation quasi alchimique de la vision de la place de l'Homme dans l'univers.","authors":["Philippe Glorieux"],"category_codes":["6000000","6070000","6070200"],"visuals":{"large":"https:\/\/images.epagine.fr\/400\/9782955704400_1_75.jpg","medium":"https:\/\/images.epagine.fr\/400\/9782955704400_1_m.jpg","thumbnail":"https:\/\/images.epagine.fr\/400\/9782955704400_1_v.jpg"},"orderable":true,"show_badge":true,"formatted_price":"24,00&nbsp;\u20ac","formatted_published_date":"15 juin 2016","publisher_availability_label":"Sur commande","short_details":"Philippe Glorieux \u2014 Philippe Glorieux","translator":null,"weight":400,"page_count":80,"readership":null,"editor":"Philippe Glorieux","price":2400,"published_date":"2016-06-14T22:00:00.000000Z","support":"Grand format","publisher_availability":1,"stock":0,"editions":[],"url":"https:\/\/quaidesbrumes.com\/ouvrage\/9782955704400\/la-voiex-du-coeur-ou-le-chemin-du-miroir"},{"id":"9783841637888","title":"L'adaptation des bandes dessin\u00e9es de Titeuf en s\u00e9ries de dessins anim\u00e9s","description":"Nous esp\u00e9rons contribuer par ce modeste travail \u00e0 alimenter la r\u00e9flexion sur de nouveaux personnages c\u00e9l\u00e8bres de BD tel que Titeuf ; qui est devenu, ces derni\u00e8res ann\u00e9es, un ph\u00e9nom\u00e8ne de soci\u00e9t\u00e9. L'objectif de cette recherche est d'\u00e9tudier l'adaptation des bandes dessin\u00e9es de Titeuf en s\u00e9ries de dessins anim\u00e9s. Pour cette investigation, nous allons explorer les deux premiers et les dixi\u00e8mes albums. Le choix de ces titres s'explique par la particularit\u00e9 des sujets \u00e9voqu\u00e9s dans les deux premiers albums et par l'\u00e9volution diachronique que nous engageons \u00e0 la d\u00e9gager entre ces diff\u00e9rentes publications. Ce th\u00e8me d'\u00e9tude pr\u00e9sente deux principales particularit\u00e9s. Premi\u00e8rement, la censure de quelques th\u00e8mes lors du passage \u00e0 la t\u00e9l\u00e9vision. Une exclusion qui pourrait \u00eatre expliqu\u00e9e dans le rapport dict\u00e9 par le Conseil Sup\u00e9rieur de l'Audiovisuel (CSA) auquel est confi\u00e9e la mission de la protection de l'enfance et de l'adolescence. Seconde particularit\u00e9, le changement graphique qui a eu lieu lors de l'adaptation de la BD de Titeuf en dessins anim\u00e9s. Une modification que l'auteur de cet ouvrage tente de lui trouver des explications fond\u00e9es essentiellement sur la symbolique de la couleur.","authors":["Amamou Leila"],"category_codes":["6000000","6070000","6070300","6070305"],"visuals":{"large":"https:\/\/images.epagine.fr\/888\/9783841637888_1_75.jpg","medium":"https:\/\/images.epagine.fr\/888\/9783841637888_1_m.jpg","thumbnail":"https:\/\/images.epagine.fr\/888\/9783841637888_1_v.jpg"},"orderable":true,"show_badge":true,"formatted_price":"17,80&nbsp;\u20ac","formatted_published_date":"15 janvier 2016","publisher_availability_label":"Sur commande","short_details":"Amamou Leila \u2014 Presses Academiques Francophones","translator":null,"weight":296,"page_count":196,"readership":null,"editor":"Presses Academiques Francophones","price":1780,"published_date":"2016-01-14T23:00:00.000000Z","support":"Grand format","publisher_availability":1,"stock":0,"editions":[],"url":"https:\/\/quaidesbrumes.com\/ouvrage\/9783841637888\/ladaptation-des-bandes-dessinees-de-titeuf-en-series-de-dessins-animes"},{"id":"9782845975699","title":"Americandream","description":"Dans cette collection d'images amateur am\u00e9ricaines, des couples ou familles des ann\u00e9es 1950 posent fi\u00e8rement devant leur Pontiac, Cadillac ou Ford Thunderbird. Pur objet du d\u00e9sir, la voiture incarne le mythique r\u00eave am\u00e9ricain. \u00c0 l'heure de l'engouement pour la photo d'amateurs, cette collection d\u00e9licieusement vintage de snapshots est un must. Cet ensemble constituera l'une des pi\u00e8ces phares de l'exposition de la Fondation Cartier du 19 avril \u00e0 fin octobre 2017: \"Autophoto\".","authors":["Sylvie Meunier","Patrick Tourneboeuf"],"category_codes":["6000000","6070000","6070200"],"visuals":{"large":"https:\/\/images.epagine.fr\/699\/9782845975699_1_75.jpg","medium":"https:\/\/images.epagine.fr\/699\/9782845975699_1_m.jpg","thumbnail":"https:\/\/images.epagine.fr\/699\/9782845975699_1_v.jpg"},"orderable":true,"show_badge":true,"formatted_price":"32,00&nbsp;\u20ac","formatted_published_date":"29 mars 2017","publisher_availability_label":"Sur commande","short_details":"Sylvie Meunier, Patrick Tourneboeuf \u2014 Les \u00c9ditions Textuel","translator":null,"weight":625,"page_count":176,"readership":null,"editor":"Les \u00c9ditions Textuel","price":3200,"published_date":"2017-03-28T22:00:00.000000Z","support":"Grand format","publisher_availability":1,"stock":0,"editions":[],"url":"https:\/\/quaidesbrumes.com\/ouvrage\/9782845975699\/americandream"},{"id":"9782019563486","title":"Les progres de la photographie : resume comprenant les perfectionnements apportes aux divers - proce","description":"Les progr\u00e8s de la photographie : r\u00e9sum\u00e9 comprenant les perfectionnements apport\u00e9s aux divers proc\u00e9d\u00e9s photographiques pour les \u00e9preuves n\u00e9gatives et les \u00e9preuves positives... \/ par A. Davanne Date de l'\u00e9dition originale : 1877 Sujet de l'ouvrage : Photographie. Techniq. 1877 Ce livre est la reproduction fid\u00e8le d'une oeuvre publi\u00e9e avant 1920 et fait partie d'une collection de livres r\u00e9imprim\u00e9s \u00e0 la demande \u00e9dit\u00e9e par Hachette Livre, dans le cadre d'un partenariat avec la Biblioth\u00e8que nationale de France, offrant l'opportunit\u00e9 d'acc\u00e9der \u00e0 des ouvrages anciens et souvent rares issus des fonds patrimoniaux de la BnF.\r\nLes oeuvres faisant partie de cette collection ont \u00e9t\u00e9 num\u00e9ris\u00e9es par la BnF et sont pr\u00e9sentes sur Gallica, sa biblioth\u00e8que num\u00e9rique.\r\n\r\nEn entreprenant de redonner vie \u00e0 ces ouvrages au travers d'une collection de livres r\u00e9imprim\u00e9s \u00e0 la demande, nous leur donnons la possibilit\u00e9 de rencontrer un public \u00e9largi et participons \u00e0 la transmission de connaissances et de savoirs parfois difficilement accessibles.\r\nNous avons cherch\u00e9 \u00e0 concilier la reproduction fid\u00e8le d'un livre ancien \u00e0 partir de sa version num\u00e9ris\u00e9e avec le souci d'un confort de lecture optimal. Nous esp\u00e9rons que les ouvrages de cette nouvelle collection vous apporteront enti\u00e8re satisfaction.\r\n\r\nPour plus d'informations, rendez-vous sur www.hachettebnf.fr","authors":["Davanne Alphonse"],"category_codes":["6000000","6070000","6070200"],"visuals":{"large":"https:\/\/images.epagine.fr\/486\/9782019563486_1_75.jpg","medium":"https:\/\/images.epagine.fr\/486\/9782019563486_1_m.jpg","thumbnail":"https:\/\/images.epagine.fr\/486\/9782019563486_1_v.jpg"},"orderable":true,"show_badge":true,"formatted_price":"20,50&nbsp;\u20ac","formatted_published_date":"1er octobre 2016","publisher_availability_label":"Sur commande","short_details":"Davanne Alphonse \u2014 Hachette BNF","translator":null,"weight":349,"page_count":null,"readership":null,"editor":"Hachette BNF","price":2050,"published_date":"2016-09-30T22:00:00.000000Z","support":"Grand format","publisher_availability":1,"stock":0,"editions":[],"url":"https:\/\/quaidesbrumes.com\/ouvrage\/9782019563486\/les-progres-de-la-photographie-resume-comprenant-les-perfectionnements-apportes-aux-divers-proce"},{"id":"9782745330925","title":"Le western, conscience du nouveau monde","description":"Les peuples sans histoire sont des peuples sans avenir. Au d\u00e9but du XXe si\u00e8cle, alors que les \u00c9tats-Unis prenaient conscience de leur puissance, le western cin\u00e9matographique magnifia les termes de leur naissance. Cette \u00ab mytho-histoire \u00bb impr\u00e9gnera durablement l'inconscient collectif am\u00e9ricain. Mais s'il ne se fut agi que d'une affaire int\u00e9rieure, ou d'un folklore, comment expliquer l'extraordinaire succ\u00e8s que connurent ces histoires de cow-boys et d'Indiens aux quatre coins du monde ? En v\u00e9rit\u00e9, sous son apparente simplicit\u00e9, le western charrie une vision de Soi, des Autres et du Monde en perp\u00e9tuelle n\u00e9gociation. Ethos, pathos, logos : rien moins que les probl\u00e8mes ultimes et universels de la philosophie.","authors":["William Bourton"],"category_codes":["6000000","6070000","6070300","6070303"],"visuals":{"large":"https:\/\/images.epagine.fr\/925\/9782745330925_1_75.jpg","medium":"https:\/\/images.epagine.fr\/925\/9782745330925_1_m.jpg","thumbnail":"https:\/\/images.epagine.fr\/925\/9782745330925_1_v.jpg"},"orderable":true,"show_badge":true,"formatted_price":"30,00&nbsp;\u20ac","formatted_published_date":"8 septembre 2016","publisher_availability_label":"Sur commande","short_details":"William Bourton \u2014 HONORE CHAMPION","translator":null,"weight":320,"page_count":202,"readership":null,"editor":"HONORE CHAMPION","price":3000,"published_date":"2016-09-07T22:00:00.000000Z","support":"Grand format","publisher_availability":1,"stock":0,"editions":[],"url":"https:\/\/quaidesbrumes.com\/ouvrage\/9782745330925\/le-western-conscience-du-nouveau-monde"},{"id":"9782343093451","title":"Fronti\u00e8res des mouvements autophotobiograph\u00e9matiques ; RETINA.Internacional \u00e0 Brasilia","description":"Ce livre part des biograph\u00e8mes de Barthes et de la photographie : qu'en est-il du photobiograph\u00e9matique et de son sous-ensemble l'autophotobiograph\u00e9matique ? Des mouvements artistiques le travaillent. Mais ces mouvements sont-ils li\u00e9s \u00e0 d'autres pratiques artistiques, soit directement li\u00e9es \u00e0 la photographie, soit relevant plus g\u00e9n\u00e9ralement des arts des images ? C'est pourquoi la probl\u00e9matique de ce livre est celle des fronti\u00e8res des mouvements autophotobiograph\u00e9matiques.\r\nElle sera donc abord\u00e9e \u00e0 partir d'abord de la photographie, puis des liens entre la photographie et d'autres arts, enfin des arts des images.","authors":["Collectif"],"category_codes":["6000000","6070000","6070200","6070204"],"visuals":{"large":"https:\/\/images.epagine.fr\/451\/9782343093451_1_75.jpg","medium":"https:\/\/images.epagine.fr\/451\/9782343093451_1_m.jpg","thumbnail":"https:\/\/images.epagine.fr\/451\/9782343093451_1_v.jpg"},"orderable":true,"show_badge":true,"formatted_price":"20,50&nbsp;\u20ac","formatted_published_date":"8 septembre 2016","publisher_availability_label":"Sur commande","short_details":"Collectif \u2014 \u00c9ditions L'Harmattan","translator":null,"weight":230,"page_count":188,"readership":null,"editor":"\u00c9ditions L'Harmattan","price":2050,"published_date":"2016-09-07T22:00:00.000000Z","support":"Grand format","publisher_availability":1,"stock":0,"editions":[],"url":"https:\/\/quaidesbrumes.com\/ouvrage\/9782343093451\/frontieres-des-mouvements-autophotobiographematiques-retinainternacional-a-brasilia"},{"id":"9781910164754","title":"The narcissistic city notebook","description":null,"authors":["Takashi Homma"],"category_codes":["6000000","6070000","6070200","6070205"],"visuals":{"large":"https:\/\/images.epagine.fr\/754\/9781910164754_1_75.jpg","medium":"https:\/\/images.epagine.fr\/754\/9781910164754_1_m.jpg","thumbnail":"https:\/\/images.epagine.fr\/754\/9781910164754_1_v.jpg"},"orderable":true,"show_badge":true,"formatted_price":"15,00&nbsp;\u20ac","formatted_published_date":"1er septembre 2016","publisher_availability_label":"Sur commande","short_details":"Takashi Homma \u2014 Mack Books","translator":null,"weight":401,"page_count":null,"readership":null,"editor":"Mack Books","price":1500,"published_date":"2016-08-31T22:00:00.000000Z","support":"Grand format","publisher_availability":1,"stock":0,"editions":[],"url":"https:\/\/quaidesbrumes.com\/ouvrage\/9781910164754\/the-narcissistic-city-notebook"},{"id":"9782019573584","title":"Vade-mecum du photographe : notice abregee du daguerreotype et de la photographie - sur papier, avec","description":"Vade-mecum du photographe : notice abr\u00e9g\u00e9e du daguerr\u00e9otype et de la photographie sur papier, avec un r\u00e9pertoire de chimie et physique et un formulaire \/ par Marc-Antoine Gaudin,...\r\nDate de l'\u00e9dition originale : 1861 Ce livre est la reproduction fid\u00e8le d'une oeuvre publi\u00e9e avant 1920 et fait partie d'une collection de livres r\u00e9imprim\u00e9s \u00e0 la demande \u00e9dit\u00e9e par Hachette Livre, dans le cadre d'un partenariat avec la Biblioth\u00e8que nationale de France, offrant l'opportunit\u00e9 d'acc\u00e9der \u00e0 des ouvrages anciens et souvent rares issus des fonds patrimoniaux de la BnF.\r\nLes oeuvres faisant partie de cette collection ont \u00e9t\u00e9 num\u00e9ris\u00e9es par la BnF et sont pr\u00e9sentes sur Gallica, sa biblioth\u00e8que num\u00e9rique.\r\n\r\nEn entreprenant de redonner vie \u00e0 ces ouvrages au travers d'une collection de livres r\u00e9imprim\u00e9s \u00e0 la demande, nous leur donnons la possibilit\u00e9 de rencontrer un public \u00e9largi et participons \u00e0 la transmission de connaissances et de savoirs parfois difficilement accessibles.\r\nNous avons cherch\u00e9 \u00e0 concilier la reproduction fid\u00e8le d'un livre ancien \u00e0 partir de sa version num\u00e9ris\u00e9e avec le souci d'un confort de lecture optimal. Nous esp\u00e9rons que les ouvrages de cette nouvelle collection vous apporteront enti\u00e8re satisfaction.\r\n\r\nPour plus d'informations, rendez-vous sur www.hachettebnf.fr","authors":["Gaudin Marc Antoine"],"category_codes":["6000000","6070000","6070200"],"visuals":{"large":"https:\/\/images.epagine.fr\/584\/9782019573584_1_75.jpg","medium":"https:\/\/images.epagine.fr\/584\/9782019573584_1_m.jpg","thumbnail":"https:\/\/images.epagine.fr\/584\/9782019573584_1_v.jpg"},"orderable":true,"show_badge":true,"formatted_price":"20,00&nbsp;\u20ac","formatted_published_date":"1er octobre 2016","publisher_availability_label":"Sur commande","short_details":"Gaudin Marc Antoine \u2014 Hachette BNF","translator":null,"weight":324,"page_count":null,"readership":null,"editor":"Hachette BNF","price":2000,"published_date":"2016-09-30T22:00:00.000000Z","support":"Grand format","publisher_availability":1,"stock":0,"editions":[],"url":"https:\/\/quaidesbrumes.com\/ouvrage\/9782019573584\/vade-mecum-du-photographe-notice-abregee-du-daguerreotype-et-de-la-photographie-sur-papier-avec"}]}