{"data":[{"id":"9783791394138","title":"The Drum Thing","description":"Now available in a compact edition, the world's best drummers are showcased in this book of magnificent photographs and fascinating interviews by renowned photographer Deirdre O'Callaghan.\r\n\r\nThe drummer is usually the least well-known member of any band. Yet behind every lead singer is the person keeping the beat, and often acting as the music's driving force. In these incredible portraits, Deirdre O'Callaghan places drummers squarely in the spotlight.","authors":["Deirdre O'Callaghan"],"category_codes":["6000000","6070000","6070200","6070205"],"visuals":{"large":"https:\/\/images.epagine.fr\/138\/9783791394138_1_75.jpg","medium":"https:\/\/images.epagine.fr\/138\/9783791394138_1_m.jpg","thumbnail":"https:\/\/images.epagine.fr\/138\/9783791394138_1_v.jpg"},"orderable":true,"show_badge":true,"formatted_price":"50,00&nbsp;\u20ac","formatted_published_date":"7 avril 2026","publisher_availability_label":"Sur commande","short_details":"Deirdre O'Callaghan \u2014 Prestel","translator":null,"weight":1250,"page_count":256,"readership":null,"editor":"Prestel","price":5000,"published_date":"2026-04-06T22:00:00.000000Z","support":"Beaux-livres","publisher_availability":1,"stock":0,"editions":[],"url":"https:\/\/quaidesbrumes.com\/ouvrage\/9783791394138\/the-drum-thing"},{"id":"9782918616252","title":"Portrait du monde ouvrier ; des hommes et des femme au coeur de l'industrie","description":"En \u00e9cho aux photographies r\u00e9alis\u00e9es par les rouennais Burchell et Elleb\u00e9 entre les ann\u00e9es 1950 et 1970, le photographe Lo\u00efc Seron, sur invitation du Mus\u00e9e Industriel de la Corderie Vallois, a r\u00e9alis\u00e9 en 2015 une vaste campagne photographique dans une trentaines d'usines de Seine-Maritime, tous domaines d'activit\u00e9 confondus. Ce catalogue accompagne l'exposition qui se tiendra au Mus\u00e9e de la Corderie Vallois \u00e0 partir du 29 avril 2016.\r","authors":["Collectif"],"category_codes":["6000000","6070000","6070200"],"visuals":{"large":"https:\/\/images.epagine.fr\/252\/9782918616252_1_75.jpg","medium":"https:\/\/images.epagine.fr\/252\/9782918616252_1_m.jpg","thumbnail":"https:\/\/images.epagine.fr\/252\/9782918616252_1_v.jpg"},"orderable":true,"show_badge":true,"formatted_price":"15,00&nbsp;\u20ac","formatted_published_date":"29 avril 2016","publisher_availability_label":"Sur commande","short_details":"Collectif \u2014 L'ECHO DES VAGUES","translator":null,"weight":350,"page_count":128,"readership":null,"editor":"L'ECHO DES VAGUES","price":1500,"published_date":"2016-04-28T22:00:00.000000Z","support":"Grand format","publisher_availability":1,"stock":0,"editions":[],"url":"https:\/\/quaidesbrumes.com\/ouvrage\/9782918616252\/portrait-du-monde-ouvrier-des-hommes-et-des-femme-au-coeur-de-lindustrie"},{"id":"9782746689961","title":"1936 au-devant de la vie","description":"Chronique photographique sur la vie dans les augerbes de jeunesse sous le Front populaire. Ce livre est un t\u00e9moignage photographique unique de la vie dans les auberges de jeunesse en plein essor durant la p\u00e9riode historique du Front populaire.\r\nLes photos de Pierre Jamet (1910-2000) qui y sont rassembl\u00e9es exhalent la libert\u00e9 et l'\u00e9clatante joie de vivre des filles et des gar\u00e7ons qui participaient \u00e0 cette aventure. Certains parmi eux ont laiss\u00e9 leur nom \u00e0 la post\u00e9rit\u00e9 tels Dina Vierny, mod\u00e8le et muse du sculpteur Maillol ou Jean-Pierre Vernant, qui devint ce grand sp\u00e9cialiste de la Gr\u00e8ce antique.\r\nCes photos participent, dans un style personnel, de l'\u00e9lan qui entrainait alors une pl\u00e9iade de grands photographes, de Cartier-Bresson \u00e0 Doisneau et Ronis, \u00e0 exalter la fraternit\u00e9. L'ombre du d\u00e9sastre historique qui allait suivre ne peut que rendre encore plus \u00e9mouvante l'euphorie qui s'en d\u00e9gage.\r","authors":["Pierre Borhan","Pierre Jamet"],"category_codes":["6000000","6070000","6070200"],"visuals":{"large":"https:\/\/images.epagine.fr\/961\/9782746689961_1_75.jpg","medium":"https:\/\/images.epagine.fr\/961\/9782746689961_1_m.jpg","thumbnail":"https:\/\/images.epagine.fr\/961\/9782746689961_1_v.jpg"},"orderable":true,"show_badge":true,"formatted_price":"25,00&nbsp;\u20ac","formatted_published_date":"15 mai 2016","publisher_availability_label":"Sur commande","short_details":"Pierre Borhan, Pierre Jamet \u2014 Taffimai","translator":null,"weight":670,"page_count":120,"readership":null,"editor":"Taffimai","price":2500,"published_date":"2016-05-14T22:00:00.000000Z","support":"Grand format","publisher_availability":1,"stock":0,"editions":[],"url":"https:\/\/quaidesbrumes.com\/ouvrage\/9782746689961\/1936-au-devant-de-la-vie"},{"id":"9782367161716","title":"Baron noir ; saison 1, \u00e9pisode 1 \/ 8","description":"Sc\u00e9nario int\u00e9gral et dialogues des 8 \u00e9pisodes de la saison 1 de la s\u00e9rie Baron Noir\r","authors":["Eric Benzekri","Jean-Baptiste Delafon"],"category_codes":["6000000","6070000","6070300","6070309"],"visuals":{"large":"https:\/\/images.epagine.fr\/716\/9782367161716_1_75.jpg","medium":"https:\/\/images.epagine.fr\/716\/9782367161716_1_m.jpg","thumbnail":"https:\/\/images.epagine.fr\/716\/9782367161716_1_v.jpg"},"orderable":true,"show_badge":true,"formatted_price":"29,00&nbsp;\u20ac","formatted_published_date":"20 juin 2016","publisher_availability_label":"Sur commande","short_details":"Eric Benzekri, Jean-Baptiste Delafon \u2014 Lettmotif","translator":null,"weight":380,"page_count":480,"readership":null,"editor":"Lettmotif","price":2900,"published_date":"2016-06-19T22:00:00.000000Z","support":"Grand format","publisher_availability":1,"stock":0,"editions":[],"url":"https:\/\/quaidesbrumes.com\/ouvrage\/9782367161716\/baron-noir-saison-1-episode-1-8"},{"id":"9782357630949","title":"Regards crois\u00e9s","description":"Regards crois\u00e9s avec l'enfance retrouv\u00e9e, heureuse et insouciante ou d\u00e9j\u00e0 marqu\u00e9e par la duret\u00e9 de la vie...\r\nRegards crois\u00e9s avec les marques du temps sur des visages o\u00f9 s'\u00e9crit la m\u00e9moire d'un parcours qui finit...\r\nSon sens critique sur une soci\u00e9t\u00e9 en mal \u00eatre transpara\u00eet \u00e0 chaque page comme son d\u00e9sir d'entretenir avec ses semblables des rapports vrais. Le parti pris du portrait noir et blanc \u00e9voque le caract\u00e8re essentiel de la rencontre. La lumi\u00e8re y est plus pure ; des regards, des visages et des mains des personnes \u00e9manent souvent les couleurs qui en font leur beaut\u00e9.\r\n\r\n\u00abLes pi\u00e8ces r\u00e9unies ici posent toutes la question fondamentale de l'ancrage de l'Humanit\u00e9 au lieu. La photographie est affective, aimante, amoureuse, ironiste, charnelle, critique au sens de la philosophie sensualiste, chez Pierre Gable. Puissent ces quelques images contribuer \u00e0 ce que se dessine en le spectateur l'id\u00e9e, quelle que soit sa forme, d'une \u00ab pr\u00e9sence au monde \u00bb. Ronan Prigent dit Emmanuel Tugny, \u00e9crivain et musicien.\r","authors":["Pierre Gable"],"category_codes":["6000000","6070000","6070200"],"visuals":{"large":"https:\/\/images.epagine.fr\/949\/9782357630949_1_75.jpg","medium":"https:\/\/images.epagine.fr\/949\/9782357630949_1_m.jpg","thumbnail":"https:\/\/images.epagine.fr\/949\/9782357630949_1_v.jpg"},"orderable":true,"show_badge":true,"formatted_price":"25,00&nbsp;\u20ac","formatted_published_date":"19 mai 2016","publisher_availability_label":"Sur commande","short_details":"Pierre Gable \u2014 Gerard Louis","translator":null,"weight":700,"page_count":80,"readership":null,"editor":"Gerard Louis","price":2500,"published_date":"2016-05-18T22:00:00.000000Z","support":"Beaux-livres","publisher_availability":1,"stock":0,"editions":[],"url":"https:\/\/quaidesbrumes.com\/ouvrage\/9782357630949\/regards-croises"},{"id":"9782343089645","title":"La com\u00e9die hollywoodienne classique : (1929 - 1945) - Structure triadique et m\u00e9diations du d\u00e9sir","description":"Le triangle amoureux fait partie int\u00e9grante de la d\u00e9finition structurelle et de la syntaxe de la com\u00e9die hollywoodienne classique des ann\u00e9es 1930-1940. A partir de cette hypoth\u00e8se, sont abord\u00e9es les sources th\u00e9\u00e2trales puis l'importance de cette convention dramatique et de ses d\u00e9clinaisons narratives dans la construction du r\u00e9cit, la mise en sc\u00e8ne et la promotion des com\u00e9dies hollywoodiennes, d'Ernst Lubitsch \u00e0 Preston Sturges en passant par George Cukor, Howard Hawks ou Leo McCarey. La th\u00e9orie du d\u00e9sir mim\u00e9tique de Ren\u00e9 Girard \u00e9claire aussi la fiction romantique hollywoodienne.","authors":["Toufic El-Khoury"],"category_codes":["6000000","6070000","6070200"],"visuals":{"large":"https:\/\/images.epagine.fr\/645\/9782343089645_1_75.jpg","medium":"https:\/\/images.epagine.fr\/645\/9782343089645_1_m.jpg","thumbnail":"https:\/\/images.epagine.fr\/645\/9782343089645_1_v.jpg"},"orderable":true,"show_badge":true,"formatted_price":"27,50&nbsp;\u20ac","formatted_published_date":"25 mai 2016","publisher_availability_label":"Sur commande","short_details":"Toufic El-Khoury \u2014 \u00c9ditions L'Harmattan","translator":null,"weight":355,"page_count":242,"readership":null,"editor":"\u00c9ditions L'Harmattan","price":2750,"published_date":"2016-05-24T22:00:00.000000Z","support":"Grand format","publisher_availability":1,"stock":0,"editions":[],"url":"https:\/\/quaidesbrumes.com\/ouvrage\/9782343089645\/la-comedie-hollywoodienne-classique-1929-1945-structure-triadique-et-mediations-du-desir"},{"id":"9782343091082","title":"Vu(es) de dos : La photographie - espace d'identit\u00e9 & de cr\u00e9ation","description":"\u00c0 travers Vu(es) de dos, l'auteur ouvre la porte vers un monde vu de dos, aboutissant \u00e0 un recueil th\u00e9orique et artistique. En partant de l'autoportrait, elle nous transporte dans un univers compos\u00e9 d'un grand nombre d'artistes ayant travaill\u00e9 la vue de dos, et au sein duquel elle questionne le rapport qu'elle entretient, tant comme corps photographi\u00e9 que photographiant, avec le monde qui l'entoure. Le r\u00e9sultat est un kal\u00e9idoscope de dos, d\u00e9voil\u00e9 \u00e0 travers l'oeuvre d'artistes, de l'Antiquit\u00e9 \u00e0 nos jours.","authors":["Cristina Dias De Magalh\u00e3es"],"category_codes":["6000000","6070000","6070200"],"visuals":{"large":"https:\/\/images.epagine.fr\/082\/9782343091082_1_75.jpg","medium":"https:\/\/images.epagine.fr\/082\/9782343091082_1_m.jpg","thumbnail":"https:\/\/images.epagine.fr\/082\/9782343091082_1_v.jpg"},"orderable":true,"show_badge":true,"formatted_price":"16,50&nbsp;\u20ac","formatted_published_date":"27 avril 2016","publisher_availability_label":"Sur commande","short_details":"Cristina Dias De Magalh\u00e3es \u2014 \u00c9ditions L'Harmattan","translator":null,"weight":175,"page_count":146,"readership":null,"editor":"\u00c9ditions L'Harmattan","price":1650,"published_date":"2016-04-26T22:00:00.000000Z","support":"Grand format","publisher_availability":1,"stock":0,"editions":[],"url":"https:\/\/quaidesbrumes.com\/ouvrage\/9782343091082\/vues-de-dos-la-photographie-espace-didentite-de-creation"},{"id":"9788890841835","title":"Orizzonte in italia","description":null,"authors":["Antonio Rovaldi"],"category_codes":["6000000","6070000","6070200"],"visuals":{"large":"https:\/\/quaidesbrumes.com\/img\/book-placeholder.png","medium":"https:\/\/quaidesbrumes.com\/img\/book-placeholder.png","thumbnail":"https:\/\/quaidesbrumes.com\/img\/book-placeholder.png"},"orderable":true,"show_badge":true,"formatted_price":"30,00&nbsp;\u20ac","formatted_published_date":"12 mai 2015","publisher_availability_label":"Sur commande","short_details":"Antonio Rovaldi \u2014 Humboldt Books","translator":null,"weight":1300,"page_count":null,"readership":null,"editor":"Humboldt Books","price":3000,"published_date":"2015-05-11T22:00:00.000000Z","support":"Grand format","publisher_availability":1,"stock":0,"editions":[],"url":"https:\/\/quaidesbrumes.com\/ouvrage\/9788890841835\/orizzonte-in-italia"},{"id":"9791030900767","title":"Cit\u00e9 des Anges et des Amours perdues : Le campo Santo de G\u00eanes","description":"Le cimeti\u00e8re de G\u00eanes-Staglieno est sans doute le plus beau cimeti\u00e8re du monde. Ici plus qu'ailleurs, le tombeau, ultime \u00e9tape du rite de passage dans l'au-del\u00e0, humblement anonyme ou somptueusement \u00e9labor\u00e9 par un sculpteur, nous donne des indications sur l'\u00e9tat des mentalit\u00e9s et sur l'art d'une \u00e9poque ; il nous transmet aussi des \u00e9motions qui franchissent les barri\u00e8res du temps, grav\u00e9es dans la pierre, le bronze, le marbre... Les moyens modernes de la photo num\u00e9rique permettent aujourd'hui de fixer, de r\u00e9interpr\u00e9ter l'\u00e9motion d\u00e9gag\u00e9e par ce lieu, pour nous la rendre encore plus proche. Il n'y a nulle volont\u00e9 de profaner le silence de la mort.","authors":["Jean-Pierre Pr\u00e9vost"],"category_codes":["6000000","6070000","6070200"],"visuals":{"large":"https:\/\/images.epagine.fr\/767\/9791030900767_1_75.jpg","medium":"https:\/\/images.epagine.fr\/767\/9791030900767_1_m.jpg","thumbnail":"https:\/\/images.epagine.fr\/767\/9791030900767_1_v.jpg"},"orderable":true,"show_badge":true,"formatted_price":"40,00&nbsp;\u20ac","formatted_published_date":"28 avril 2016","publisher_availability_label":"Sur commande","short_details":"Jean-Pierre Pr\u00e9vost \u2014 Orizons","translator":null,"weight":1015,"page_count":270,"readership":null,"editor":"Orizons","price":4000,"published_date":"2016-04-27T22:00:00.000000Z","support":"Grand format","publisher_availability":1,"stock":0,"editions":[],"url":"https:\/\/quaidesbrumes.com\/ouvrage\/9791030900767\/cite-des-anges-et-des-amours-perdues-le-campo-santo-de-genes"},{"id":"9782343093437","title":"Photographie & alt\u00e9rit\u00e9 ; interrogations \u00e0 partir de Marc Pataut","description":"La relation entre photographie et alt\u00e9rit\u00e9 pourrait se caract\u00e9riser par un emp\u00eachement : l'impossibilit\u00e9 faite au m\u00e9dium d'atteindre son objet. C'est \u00e0 partir des travaux de Marc Pataut, principal acteur depuis les ann\u00e9es 1990 d'une photographie reposant sur des processus dialogiques, que la r\u00e9flexion va \u00eatre men\u00e9e. Confront\u00e9e \u00e0 une alt\u00e9rit\u00e9 qui \u00e0 la fois se donne et se retire, appara\u00eet et se voile, reste la m\u00eame tout en \u00e9tant toujours autre, la photographie n'est-elle pas condamn\u00e9e \u00e0 manquer irr\u00e9m\u00e9diablement son objet ?\r","authors":["Gilles Picarel"],"category_codes":["6000000","6070000","6070200","6070204"],"visuals":{"large":"https:\/\/images.epagine.fr\/437\/9782343093437_1_75.jpg","medium":"https:\/\/images.epagine.fr\/437\/9782343093437_1_m.jpg","thumbnail":"https:\/\/images.epagine.fr\/437\/9782343093437_1_v.jpg"},"orderable":true,"show_badge":true,"formatted_price":"14,50&nbsp;\u20ac","formatted_published_date":"12 mai 2016","publisher_availability_label":"Sur commande","short_details":"Gilles Picarel \u2014 \u00c9ditions L'Harmattan","translator":null,"weight":145,"page_count":120,"readership":null,"editor":"\u00c9ditions L'Harmattan","price":1450,"published_date":"2016-05-11T22:00:00.000000Z","support":"Grand format","publisher_availability":1,"stock":0,"editions":[],"url":"https:\/\/quaidesbrumes.com\/ouvrage\/9782343093437\/photographie-alterite-interrogations-a-partir-de-marc-pataut"},{"id":"9782955615959","title":"Submerged landscapes ; a pinhole photographic tale","description":"An ancient pagan folktale narrates that, long ago, a fascinating young nymph, Agilla, lived in the waters of the Trasimenus, the vast blue lake of Italy's Umbria region. \r\n\r\nOne day Prince Trasimenus, son of the powerful Etruscan King Tyrrhenus, heard the strain of a melodious song coming from Polvese island. Attracted by the charming voice, Trasimenus reached the place and, unexpectedly, descried the enchanting divine young girl. \r\n\r\nDespite their different nature and origin, Agilla and Trasimenus immediately fell in love: every day the youth would reach the island shores to meet Agilla and listen to her. \r\nFinally Trasimenus, unable to live apart from his beloved water-nymph, plunged into the lake. Swallowed up by the waves, he fatally disappeared. \r\n\r\nAgilla, waiting in vain for Trasimenus, was seized by despair. Convulsively she started looking for him, wandering here and there, looking into every possible hiding place and searching every boat that furrowed the lake's waters. \r\n\r\nAccording to the tale, since then, Agilla has never stopped seeking her Trasimenus: even nowadays, local old fishermen say that during the summer, whenever the warm wind blows from the north, agitating the waves and shaking the boats, it is the sign that Agilla is wandering in search of her earthly beloved.\r\n\r\nThe book is printed in a signed and numbered limited edition of 99 copies.","authors":["Martino Nicoletti"],"category_codes":["6000000","6070000","6070200"],"visuals":{"large":"https:\/\/images.epagine.fr\/959\/9782955615959_1_75.jpg","medium":"https:\/\/images.epagine.fr\/959\/9782955615959_1_m.jpg","thumbnail":"https:\/\/images.epagine.fr\/959\/9782955615959_1_v.jpg"},"orderable":true,"show_badge":true,"formatted_price":"18,00&nbsp;\u20ac","formatted_published_date":"6 mai 2016","publisher_availability_label":"Sur commande","short_details":"Martino Nicoletti \u2014 Le Loup Des Steppes","translator":null,"weight":65,"page_count":36,"readership":null,"editor":"Le Loup Des Steppes","price":1800,"published_date":"2016-05-05T22:00:00.000000Z","support":"Grand format","publisher_availability":1,"stock":0,"editions":[],"url":"https:\/\/quaidesbrumes.com\/ouvrage\/9782955615959\/submerged-landscapes-a-pinhole-photographic-tale"},{"id":"9783777426235","title":"Roland fischer tel aviv: a collective portrait \/anglais\/allemand","description":null,"authors":["Vedder Bjorn"],"category_codes":["6000000","6070000","6070200"],"visuals":{"large":"https:\/\/images.epagine.fr\/235\/9783777426235_1_75.jpg","medium":"https:\/\/images.epagine.fr\/235\/9783777426235_1_m.jpg","thumbnail":"https:\/\/images.epagine.fr\/235\/9783777426235_1_v.jpg"},"orderable":true,"show_badge":true,"formatted_price":"29,90&nbsp;\u20ac","formatted_published_date":"30 juin 2016","publisher_availability_label":"Sur commande","short_details":"Vedder Bjorn \u2014 Hirmer","translator":null,"weight":1200,"page_count":null,"readership":null,"editor":"Hirmer","price":2990,"published_date":"2016-06-29T22:00:00.000000Z","support":"Grand format","publisher_availability":1,"stock":0,"editions":[],"url":"https:\/\/quaidesbrumes.com\/ouvrage\/9783777426235\/roland-fischer-tel-aviv-a-collective-portrait-anglaisallemand"},{"id":"9782361951313","title":"Forbidden places exploring our abandoned heritage - tome 3 - vol03","description":null,"authors":["Margaine"],"category_codes":["6000000","6070000","6070200"],"visuals":{"large":"https:\/\/images.epagine.fr\/313\/9782361951313_1_75.jpg","medium":"https:\/\/images.epagine.fr\/313\/9782361951313_1_m.jpg","thumbnail":"https:\/\/images.epagine.fr\/313\/9782361951313_1_v.jpg"},"orderable":true,"show_badge":true,"formatted_price":"35,00&nbsp;\u20ac","formatted_published_date":"7 juin 2016","publisher_availability_label":"Sur commande","short_details":"Margaine \u2014 \u00c9ditions Jonglez","translator":null,"weight":1370,"page_count":null,"readership":null,"editor":"\u00c9ditions Jonglez","price":3500,"published_date":"2016-06-06T22:00:00.000000Z","support":"Grand format","publisher_availability":1,"stock":0,"editions":[],"url":"https:\/\/quaidesbrumes.com\/ouvrage\/9782361951313\/forbidden-places-exploring-our-abandoned-heritage-tome-3-vol03"},{"id":"9782336419244","title":"La qualit\u00e9 du cin\u00e9ma d'animation en question, entre \u00e9conomie et esth\u00e9tique : Full Animation vs. Limited Animation ?","description":"Full Animation vs. Limited Animation... Dr\u00f4le de sous-titre pour un ouvrage en fran\u00e7ais ! Mais l'opposition entre \u00ab pleine \u00bb (ou enti\u00e8re, compl\u00e8te, totale...) et \u00ab limit\u00e9e \u00bb ne fonctionnerait pas aussi bien pour faire comprendre l'importance des termes full animation et limited animation dans le monde de l'animation au niveau international.  \r\nS'int\u00e9resser \u00e0 l'histoire, aux discours et aux techniques derri\u00e8re ces deux syntagmes est une fa\u00e7on renouvel\u00e9e d'entrer dans l'analyse des films d'animation, par le biais de la qualit\u00e9. De fait, la \u00ab qualit\u00e9 \u00bb de l'animation n'est que fort peu discut\u00e9e par le grand public, et elle l'est m\u00eame assez peu en r\u00e9alit\u00e9 au sein des groupes de sp\u00e9cialistes ; pourtant, cette question est d'une grande importance, en termes techniques, \u00e9conomiques et esth\u00e9tiques, pour comprendre le ph\u00e9nom\u00e8ne m\u00eame d'animation.  \r\nCet ouvrage est le premier centr\u00e9 sur cette approche et permet ainsi de prendre \u00e0 bras le corps le concept de \u00ab limitation \u00bb comme op\u00e9rateur \u00e9pist\u00e9mologique afin d'expliciter plus avant les enjeux de la mise en mouvement des phases arr\u00eat\u00e9es composant l'animation.","authors":["S\u00e9bastien Denis","Lucie M\u00e9rijeau","Marie Pruvost-Delaspre","S\u00e9bastien Roffat"],"category_codes":["6000000","6070000","6070300"],"visuals":{"large":"https:\/\/images.epagine.fr\/244\/9782336419244_1_75.jpg","medium":"https:\/\/images.epagine.fr\/244\/9782336419244_1_m.jpg","thumbnail":"https:\/\/images.epagine.fr\/244\/9782336419244_1_v.jpg"},"orderable":true,"show_badge":true,"formatted_price":"24,00&nbsp;\u20ac","formatted_published_date":"21 d\u00e9cembre 2023","publisher_availability_label":"Sur commande","short_details":"S\u00e9bastien Denis, Lucie M\u00e9rijeau, Marie Pruvost-Delaspre, S\u00e9bastien Roffat \u2014 \u00c9ditions L'Harmattan","translator":null,"weight":283,"page_count":238,"readership":null,"editor":"\u00c9ditions L'Harmattan","price":2400,"published_date":"2023-12-20T23:00:00.000000Z","support":"Grand format","publisher_availability":1,"stock":0,"editions":[],"url":"https:\/\/quaidesbrumes.com\/ouvrage\/9782336419244\/la-qualite-du-cinema-danimation-en-question-entre-economie-et-esthetique-full-animation-vs-limited-animation"},{"id":"3663322090899","title":"La Septi\u00e8me Obsession n.7 : Isabelle Huppert","description":"L'oeIL DE PAMELA PIANEZZA.\r\n\r\nMatthew Libatique par Pamela Pianezza.\r\n\r\n\u00c9DITORIAL.\r\n\r\nSauve qui peut (la cin\u00e9philie) ? par Thomas A\u00efdan.\r\n\r\nOBSESSION.\r\n\r\n? Isabelle Huppert.\r\n\r\nProfession : actrice entretien avec Isabelle Huppert - par Thomas A\u00efdan et Sandrine Marques.\r\n\r\nREP\u00c9RAGES.\r\n\r\nL'Ornithologue de Joao Pedro Rodrigues - par Morgan Pok\u00e9e.\r\n\r\nEntretien avec Joao Pedro Rodrigues par Morgan Pok\u00e9e.\r\n\r\nTa'ang de Wang Bing - par Adrien Valgalier.\r\n\r\nEntretien avec Wang Bing par Thomas A\u00efdan et Xavier Leherpeur.\r\n\r\nDerni\u00e8res nouvelles du cosmos de Julie Bertuccelli - par Thomas A\u00efdan.\r\n\r\nEntretien avec Julie Bertuccelli par Thomas A\u00efdan.\r\n\r\nPersonal Shopper de Olivier Assayas - par Claire Micallef.\r\n\r\nFais de beaux r\u00eaves de Marco Bellochio - par Claire Micallef.\r\n\r\nHedi de Mohamed Ben Attia - par Xavier Leherpeur.\r\n\r\nBaccalaur\u00e9at de Christian Mungiu - par Xavier Leherpeur.\r\n\r\nLa mort de Louis XIV de Albert Serra - par Morgan Pok\u00e9e.\r\n\r\nLe Client de Asghar Farhadi - par Claire Micallef.\r\n\r\nEt aussi Wolf and Sheep de Shahrbanoo Sadat, R\u00e9parer les vivants de Katell Quill\u00e9v\u00e9r\u00e9, Plan\u00e9tarium de Rebecca Zlotowski, Paterson de Jim Jarmush, Mademoiselle de Park Chan-wook, Moi, Daniel Blake de Ken Loach, Close encounters with Vilmos Zsigmond de Pierre Filmon, Ma'Rosa de Brillante Mendonza, La prunelle de mes yeux de Axelle Ropert, Mademoiselle de Park Chan-wook.\r\n\r\nLivre Wes Anderson.\r\n\r\nPortraits Uri Zohar, Philippe Lesage.\r\n\r\nFestivals Locarno, Venise.\r\n\r\nBOUSSOLES.\r\n\r\n? Satyajit Ray.\r\n\r\nL'appel au monde par Charles Tesson.\r\n\r\nLes courts-m\u00e9trages de Satyajit Ray par Xavier Leherpeur.\r\n\r\n? Milos Forman.\r\n\r\nFilmographie comment\u00e9e par Fabrice Fuentes et Jean-S\u00e9bastien Massart.\r\n\r\nCORRESPONDANCE.\r\n\r\n? Voyage en G\u00e9orgie.\r\n\r\nUne cin\u00e9philie qui ne ment pas par Thomas A\u00efdan.\r\n\r\nR\u00caVERIE.\r\n\r\n? \u00c0 quoi r\u00eavent les cin\u00e9philes ? (acte II).\r\n\r\nLes sept obsessions : d\u00e9sir, hallucination, bouleversement, joie, humour, effroi et d\u00e9go\u00fbt.\r\n\r\nAvec Bertrand Bonello, Gilles Jacob, Jean Douchet, Nicolas Saada, Antonin Peretjatko, Fran\u00e7ois Margolin, Michel Ocelot, S\u00e9verine Danflous, David Greven, Olivier P\u00e8re, Mathieu Larnaudie...\r","authors":["La Septieme Obsession"],"category_codes":["6000000","6070000","6070300","6070306"],"visuals":{"large":"https:\/\/images.epagine.fr\/899\/3663322090899_1_75.jpg","medium":"https:\/\/images.epagine.fr\/899\/3663322090899_1_m.jpg","thumbnail":"https:\/\/images.epagine.fr\/899\/3663322090899_1_v.jpg"},"orderable":true,"show_badge":true,"formatted_price":"7,50&nbsp;\u20ac","formatted_published_date":"27 octobre 2016","publisher_availability_label":"Sur commande","short_details":"La Septieme Obsession \u2014 La Septieme Obsession","translator":null,"weight":357,"page_count":142,"readership":null,"editor":"La Septieme Obsession","price":750,"published_date":"2016-10-26T22:00:00.000000Z","support":"Revue","publisher_availability":1,"stock":0,"editions":[],"url":"https:\/\/quaidesbrumes.com\/ouvrage\/3663322090899\/la-septieme-obsession-n7-isabelle-huppert"},{"id":"9782343091921","title":"Lord of war : Une all\u00e9gorie du monde contemporain","description":"S'inscrivant dans une tradition n\u00e9o-hollywoodienne, alliant r\u00e9alisme et images spectaculaires, Andrew Niccol sensibilise le spectateur au fl\u00e9au du trafic d'armes. Au-del\u00e0 de ce r\u00e9cit donnant \u00e0 voir les rouages des conflits arm\u00e9s de la plan\u00e8te, le film dresse le portrait d'un homme dont la perception du monde est fond\u00e9e sur les mythologies de la soci\u00e9t\u00e9 de consommation. L'auteur dresse, dans ce film, l'all\u00e9gorie de nos pulsions contemporaines et, dans son h\u00e9ros, la figure embl\u00e9matique du gangster international.","authors":["Arnaud Labombarda"],"category_codes":["6000000","6070000","6070200"],"visuals":{"large":"https:\/\/images.epagine.fr\/921\/9782343091921_1_75.jpg","medium":"https:\/\/images.epagine.fr\/921\/9782343091921_1_m.jpg","thumbnail":"https:\/\/images.epagine.fr\/921\/9782343091921_1_v.jpg"},"orderable":true,"show_badge":true,"formatted_price":"13,50&nbsp;\u20ac","formatted_published_date":"31 mai 2016","publisher_availability_label":"Sur commande","short_details":"Arnaud Labombarda \u2014 \u00c9ditions L'Harmattan","translator":null,"weight":125,"page_count":96,"readership":null,"editor":"\u00c9ditions L'Harmattan","price":1350,"published_date":"2016-05-30T22:00:00.000000Z","support":"Grand format","publisher_availability":1,"stock":0,"editions":[],"url":"https:\/\/quaidesbrumes.com\/ouvrage\/9782343091921\/lord-of-war-une-allegorie-du-monde-contemporain"},{"id":"9782374160665","title":"C'est beau la vie !","description":"Paul Stewart montre la Vie sous un angle po\u00e9tique, sans artifice. Ses clich\u00e9s sont des tranches de vies, avec des tronches ou plut\u00f4t des gueules, tous \u00e2ges confondus. Devant son objectif, se c\u00f4toient amis, f\u00eatards, paysans, musiciens, baroudeurs, punks, voisins ou retrait\u00e9s... Pour beaucoup du centre-Bretagne, o\u00f9 l'Ecossais voyageur a pos\u00e9 ses valises il y a deux d\u00e9cennies.\r","authors":["Paul Stewart"],"category_codes":["6000000","6070000","6070200"],"visuals":{"large":"https:\/\/quaidesbrumes.com\/img\/book-placeholder.png","medium":"https:\/\/quaidesbrumes.com\/img\/book-placeholder.png","thumbnail":"https:\/\/quaidesbrumes.com\/img\/book-placeholder.png"},"orderable":true,"show_badge":true,"formatted_price":"15,00&nbsp;\u20ac","formatted_published_date":"3 mai 2016","publisher_availability_label":"Sur commande","short_details":"Paul Stewart \u2014 Yil","translator":null,"weight":487,"page_count":54,"readership":null,"editor":"Yil","price":1500,"published_date":"2016-05-02T22:00:00.000000Z","support":"Grand format","publisher_availability":1,"stock":0,"editions":[],"url":"https:\/\/quaidesbrumes.com\/ouvrage\/9782374160665\/cest-beau-la-vie"},{"id":"9783775741972","title":"Stefan hanke concentration camp survivors \/anglais\/allemand","description":null,"authors":["Hanke Stefan"],"category_codes":["6000000","6070000","6070200"],"visuals":{"large":"https:\/\/images.epagine.fr\/972\/9783775741972_1_75.jpg","medium":"https:\/\/images.epagine.fr\/972\/9783775741972_1_m.jpg","thumbnail":"https:\/\/images.epagine.fr\/972\/9783775741972_1_v.jpg"},"orderable":true,"show_badge":true,"formatted_price":"49,80&nbsp;\u20ac","formatted_published_date":"1er juillet 2016","publisher_availability_label":"Sur commande","short_details":"Hanke Stefan \u2014 Hatje Cantz","translator":null,"weight":1700,"page_count":null,"readership":null,"editor":"Hatje Cantz","price":4980,"published_date":"2016-06-30T22:00:00.000000Z","support":"Grand format","publisher_availability":1,"stock":0,"editions":[],"url":"https:\/\/quaidesbrumes.com\/ouvrage\/9783775741972\/stefan-hanke-concentration-camp-survivors-anglaisallemand"},{"id":"9783899556872","title":"Porsche 911 \/anglais","description":null,"authors":["Collectif"],"category_codes":["6000000","6070000","6070200"],"visuals":{"large":"https:\/\/images.epagine.fr\/872\/9783899556872_1_75.jpg","medium":"https:\/\/images.epagine.fr\/872\/9783899556872_1_m.jpg","thumbnail":"https:\/\/images.epagine.fr\/872\/9783899556872_1_v.jpg"},"orderable":true,"show_badge":true,"formatted_price":"39,90&nbsp;\u20ac","formatted_published_date":"19 janvier 2017","publisher_availability_label":"Sur commande","short_details":"Collectif \u2014 Die Gestalten Editions","translator":null,"weight":2000,"page_count":null,"readership":null,"editor":"Die Gestalten Editions","price":3990,"published_date":"2017-01-18T23:00:00.000000Z","support":"Grand format","publisher_availability":1,"stock":0,"editions":[],"url":"https:\/\/quaidesbrumes.com\/ouvrage\/9783899556872\/porsche-911-anglais"},{"id":"9782322252855","title":"Kumbh mela ; pierce the haze, see consciousness","description":"Kumbh Mela is a Hindu festival and probably the largest spiritual gathering in the world. Hundreds of millions of visitors attended the near month-and-a-half-long event.\r\n\r\nYou will discover here, through photographs and a story, the evolution of cultural curiosity, of a half-declared mystical quest transforming into a spiritual experience of openness and introspective exploration.\r\n\r\nIn Spanish, recordar means to remember. The re invites us to call back or come back, through the cor, through the heart.\r\nTo remember would therefore be to come back through the heart.\r\n \r\nI hope that the openness and adventures that have known mine will resonate in yours.\r","authors":["Edgar Bonnet-behar"],"category_codes":["6000000","6070000","6070200","6070204"],"visuals":{"large":"https:\/\/images.epagine.fr\/855\/9782322252855_1_75.jpg","medium":"https:\/\/images.epagine.fr\/855\/9782322252855_1_m.jpg","thumbnail":"https:\/\/images.epagine.fr\/855\/9782322252855_1_v.jpg"},"orderable":true,"show_badge":true,"formatted_price":"21,00&nbsp;\u20ac","formatted_published_date":"3 octobre 2020","publisher_availability_label":"Sur commande","short_details":"Edgar Bonnet-behar \u2014 Books on Demand","translator":null,"weight":215,"page_count":106,"readership":null,"editor":"Books on Demand","price":2100,"published_date":"2020-10-02T22:00:00.000000Z","support":"Grand format","publisher_availability":1,"stock":0,"editions":[],"url":"https:\/\/quaidesbrumes.com\/ouvrage\/9782322252855\/kumbh-mela-pierce-the-haze-see-consciousness"},{"id":"9783858815293","title":"Christian nilson the swiss \/anglais\/allemand","description":null,"authors":["Nilson Christian"],"category_codes":["6000000","6070000","6070200"],"visuals":{"large":"https:\/\/images.epagine.fr\/293\/9783858815293_1_75.jpg","medium":"https:\/\/images.epagine.fr\/293\/9783858815293_1_m.jpg","thumbnail":"https:\/\/images.epagine.fr\/293\/9783858815293_1_v.jpg"},"orderable":true,"show_badge":true,"formatted_price":"48,00&nbsp;\u20ac","formatted_published_date":"1er octobre 2016","publisher_availability_label":"Sur commande","short_details":"Nilson Christian \u2014 Scheidegger","translator":null,"weight":600,"page_count":96,"readership":null,"editor":"Scheidegger","price":4800,"published_date":"2016-09-30T22:00:00.000000Z","support":"Grand format","publisher_availability":1,"stock":0,"editions":[],"url":"https:\/\/quaidesbrumes.com\/ouvrage\/9783858815293\/christian-nilson-the-swiss-anglaisallemand"},{"id":"9782749150475","title":"Chronique d'un monde d'images ; le CNC, 70 ans au service de la cr\u00e9ation","description":"Imaginez que le syst\u00e8me de soutien fran\u00e7ais au cin\u00e9ma n'existe pas, et il n'y aurait pas de cin\u00e9ma fran\u00e7ais apr\u00e8s la Seconde Guerre mondiale. La France constitue une r\u00e9f\u00e9rence dans le 7e art, et de nombreux pays en Europe, en Asie et en Am\u00e9rique latine se sont inspir\u00e9s des politiques publiques fran\u00e7aises dans les domaines cin\u00e9matographiques et audiovisuels.\r\nCes politiques, introduites apr\u00e8s le deuxi\u00e8me conflit mondial, il y a soixante-dix ans, permettent \u00e0 la France d'\u00eatre le premier \u00ab hub \u00bb europ\u00e9en de production et d'exportation de films, et l'une des principales puissances mondiales dans les industries du cin\u00e9ma et de l'image anim\u00e9e.\r\nComment le syst\u00e8me fran\u00e7ais a-t-il \u00e9t\u00e9 progressivement construit depuis 1946 ? Quelles sont les grandes \u00e9tapes de son \u00e9volution ? Entre lois du march\u00e9 et diversit\u00e9 culturelle, quelle est la strat\u00e9gie fran\u00e7aise \u00e0 l'heure du num\u00e9rique et de la mondialisation ?\r\nCe livre retrace son histoire et restitue les \u00e9tapes fondamentales qui ont r\u00e9gi l'institution. Il place le CNC au coeur des innovations techniques actuelles et futures transformant l'image, sa production et sa r\u00e9ception. L'ouvrage aborde enfin les enjeux li\u00e9s \u00e0 l'image film\u00e9e, dessin\u00e9e, imagin\u00e9e ou invent\u00e9e et met l'accent sur la transmission d'un art aujourd'hui mondialement reconnu.\r\n\u00a0\r","authors":["B\u00e9n\u00e9dicte Jourgeaud","Bertrand Richard"],"category_codes":["6000000","6070000","6070300","6070307"],"visuals":{"large":"https:\/\/images.epagine.fr\/475\/9782749150475_1_75.jpg","medium":"https:\/\/images.epagine.fr\/475\/9782749150475_1_m.jpg","thumbnail":"https:\/\/images.epagine.fr\/475\/9782749150475_1_v.jpg"},"orderable":true,"show_badge":true,"formatted_price":"26,00&nbsp;\u20ac","formatted_published_date":"10 novembre 2016","publisher_availability_label":"Sur commande","short_details":"B\u00e9n\u00e9dicte Jourgeaud, Bertrand Richard \u2014 Le Cherche Midi","translator":null,"weight":803,"page_count":128,"readership":null,"editor":"Le Cherche Midi","price":2600,"published_date":"2016-11-09T23:00:00.000000Z","support":"Grand format","publisher_availability":1,"stock":0,"editions":[],"url":"https:\/\/quaidesbrumes.com\/ouvrage\/9782749150475\/chronique-dun-monde-dimages-le-cnc-70-ans-au-service-de-la-creation"},{"id":"9783958292048","title":"Peter keetman gestaltete welt \/allemand","description":"Ce catalogue r\u00e9trospectif accompagne une exposition pr\u00e9sent\u00e9e en 2014 au mus\u00e9e Folkwang \u00e0 Essen. Il rend hommage au travail de Peter Keetman, pilier de l'histoire de la photographie allemande. Sensible \u00e0 la forme, osant l'abstraction et la photographie exp\u00e9rimentale d\u00e8s les ann\u00e9es 1940, il se fait aussi le t\u00e9moin de la vie europ\u00e9enne : les heures sombres de l'Histoire allemande pendant le Seconde Guerre Mondiale, les soldats allemands et les paysans en proie \u00e0 l'hiver des plaines russes, les ouvriers au service du progr\u00e8s industriel dans les ann\u00e9es 1970 et des paysages naturels ou urbains tout au long de sa carri\u00e8re.\r","authors":["Keetman Peter"],"category_codes":["6000000","6070000","6070200"],"visuals":{"large":"https:\/\/images.epagine.fr\/048\/9783958292048_1_75.jpg","medium":"https:\/\/images.epagine.fr\/048\/9783958292048_1_m.jpg","thumbnail":"https:\/\/images.epagine.fr\/048\/9783958292048_1_v.jpg"},"orderable":true,"show_badge":true,"formatted_price":"48,00&nbsp;\u20ac","formatted_published_date":"1er juin 2016","publisher_availability_label":"Sur commande","short_details":"Keetman Peter \u2014 Steidl","translator":null,"weight":2200,"page_count":300,"readership":null,"editor":"Steidl","price":4800,"published_date":"2016-05-31T22:00:00.000000Z","support":"Grand format","publisher_availability":1,"stock":0,"editions":[],"url":"https:\/\/quaidesbrumes.com\/ouvrage\/9783958292048\/peter-keetman-gestaltete-welt-allemand"},{"id":"9782343030388","title":"Testament anthropologique rebelle de Madagascar","description":"Cet ouvrage, qui tente de synth\u00e9tiser un ensemble de connaissances sur Madagascar, est structur\u00e9 en trois parties : anthropologique, cin\u00e9matographique, et socio-historique. Etudes de terrain, carnets d'observation participante, patrimoine audiovisuel, conf\u00e9rences, articles, documents statistiques... Une approche atypique de la pens\u00e9e mythique et du social malgaches, que l'auteur met en forme avec brio, r\u00e9alisant une analyse rebelle d'une soci\u00e9t\u00e9 complexe.","authors":["Didier Mauro"],"category_codes":["6000000","6070000","6070200"],"visuals":{"large":"https:\/\/images.epagine.fr\/388\/9782343030388_1_75.jpg","medium":"https:\/\/images.epagine.fr\/388\/9782343030388_1_m.jpg","thumbnail":"https:\/\/images.epagine.fr\/388\/9782343030388_1_v.jpg"},"orderable":true,"show_badge":true,"formatted_price":"49,50&nbsp;\u20ac","formatted_published_date":"16 juin 2016","publisher_availability_label":"Sur commande","short_details":"Didier Mauro \u2014 \u00c9ditions L'Harmattan","translator":null,"weight":775,"page_count":516,"readership":null,"editor":"\u00c9ditions L'Harmattan","price":4950,"published_date":"2016-06-15T22:00:00.000000Z","support":"Grand format","publisher_availability":1,"stock":0,"editions":[],"url":"https:\/\/quaidesbrumes.com\/ouvrage\/9782343030388\/testament-anthropologique-rebelle-de-madagascar"}]}