{"data":[{"id":"9783037644331","title":"Cinema in the expanded field","description":"Publi\u00e9 coinjointement \u00e0 Exhibiting the Moving Image, cet ouvrage prolonge l'\u00e9tude historique et th\u00e9orique des pratiques cin\u00e9matographiques et de l'art vid\u00e9o dans l'espace d'exposition, particuli\u00e8rement dans les domaines de la performance et des arts augment\u00e9s.\r\nComme Exhibiting the Moving Image, ce volume se compose d'\u00e9tudes de cas consacr\u00e9es aux expositions qui ont permis de probl\u00e9matiser et d\u00e9finir de nouveaux espaces de monstration appel\u00e9s \u00ab complexes exhibitionnaires \u00bb. Il s'agit ici d'esquisser une histoire alternative des expositions vid\u00e9os qui ne reposerait pas simplement sur la salle obscure ou le \u00ab cube blanc \u00bb. Au lieu de cela, il convient de cartographier les situations de pollinisations crois\u00e9es et d'hybridation, ainsi que les exclusions, entre ces dispositifs, sans jamais manquer de rappeler la singularit\u00e9 esth\u00e9tique, technique, discursive et contextuelle de chacun des \u00e9v\u00e9nements \u00e9tudi\u00e9s.\r\nPubli\u00e9 dans le cadre du projet de recherche \u00e9ponyme conduit \u00e0 l'ECAL \/ Ecole cantonale d'art de Lausanne, sous la direction de Fran\u00e7ois Bovier et Adeena Mey, et soutenu par la HES-SO \/ Haute \u00e9cole sp\u00e9cialis\u00e9e de Suisse occidentale.\r\n\r\nVoir aussi Exhibiting the Moving Image ; Cin\u00e9ma expos\u00e9 - Films d'artistes, art vid\u00e9o et exposition d'images en mouvement ; L'exposition d'un film.\r","authors":["Fran\u00e7ois Bovier","Adeena Mey"],"category_codes":["6000000","6070000","6070300","6070304"],"visuals":{"large":"https:\/\/images.epagine.fr\/331\/9783037644331_1_75.jpg","medium":"https:\/\/images.epagine.fr\/331\/9783037644331_1_m.jpg","thumbnail":"https:\/\/images.epagine.fr\/331\/9783037644331_1_v.jpg"},"orderable":true,"show_badge":true,"formatted_price":"20,00&nbsp;\u20ac","formatted_published_date":"15 f\u00e9vrier 2016","publisher_availability_label":"Sur commande","short_details":"Fran\u00e7ois Bovier, Adeena Mey \u2014 Les presses du r\u00e9el","translator":null,"weight":0,"page_count":184,"readership":null,"editor":"Les presses du r\u00e9el","price":2000,"published_date":"2016-02-14T23:00:00.000000Z","support":"Grand format","publisher_availability":1,"stock":0,"editions":[],"url":"https:\/\/quaidesbrumes.com\/ouvrage\/9783037644331\/cinema-in-the-expanded-field"},{"id":"9782913192058","title":"Des gens","description":"Recueil de dessins et de photographies repr\u00e9sentant des personnages connus ou inconnus, r\u00e9els ou fictifs, accompagn\u00e9s d'un commentaire, d'une anecdote, etc.\r","authors":["Philippe Hollevout","Dimitri Vazemsky"],"category_codes":["6000000","6070000","6070100"],"visuals":{"large":"https:\/\/images.epagine.fr\/058\/9782913192058_1_75.jpg","medium":"https:\/\/images.epagine.fr\/058\/9782913192058_1_m.jpg","thumbnail":"https:\/\/images.epagine.fr\/058\/9782913192058_1_v.jpg"},"orderable":true,"show_badge":true,"formatted_price":"15,00&nbsp;\u20ac","formatted_published_date":"15 octobre 2001","publisher_availability_label":"Sur commande","short_details":"Philippe Hollevout, Dimitri Vazemsky \u2014 Nuit Myrtide","translator":null,"weight":260,"page_count":260,"readership":null,"editor":"Nuit Myrtide","price":1500,"published_date":"2001-10-14T22:00:00.000000Z","support":"Grand format","publisher_availability":1,"stock":0,"editions":[],"url":"https:\/\/quaidesbrumes.com\/ouvrage\/9782913192058\/des-gens"},{"id":"9782882504197","title":"Helvetica version anglaise","description":null,"authors":["Werner Bischof"],"category_codes":["6000000","6070000","6070200"],"visuals":{"large":"https:\/\/quaidesbrumes.com\/img\/book-placeholder.png","medium":"https:\/\/quaidesbrumes.com\/img\/book-placeholder.png","thumbnail":"https:\/\/quaidesbrumes.com\/img\/book-placeholder.png"},"orderable":true,"show_badge":true,"formatted_price":"35,00&nbsp;\u20ac","formatted_published_date":"29 f\u00e9vrier 2016","publisher_availability_label":"Sur commande","short_details":"Werner Bischof \u2014 Les \u00c9ditions Noir sur Blanc","translator":null,"weight":814,"page_count":null,"readership":null,"editor":"Les \u00c9ditions Noir sur Blanc","price":3500,"published_date":"2016-02-28T23:00:00.000000Z","support":"Grand format","publisher_availability":1,"stock":0,"editions":[],"url":"https:\/\/quaidesbrumes.com\/ouvrage\/9782882504197\/helvetica-version-anglaise"},{"id":"9782882504203","title":"Helvetica version allemande","description":null,"authors":["Werner Bischof"],"category_codes":["6000000","6070000","6070200"],"visuals":{"large":"https:\/\/quaidesbrumes.com\/img\/book-placeholder.png","medium":"https:\/\/quaidesbrumes.com\/img\/book-placeholder.png","thumbnail":"https:\/\/quaidesbrumes.com\/img\/book-placeholder.png"},"orderable":true,"show_badge":true,"formatted_price":"35,00&nbsp;\u20ac","formatted_published_date":"29 f\u00e9vrier 2016","publisher_availability_label":"Sur commande","short_details":"Werner Bischof \u2014 Les \u00c9ditions Noir sur Blanc","translator":null,"weight":814,"page_count":null,"readership":null,"editor":"Les \u00c9ditions Noir sur Blanc","price":3500,"published_date":"2016-02-28T23:00:00.000000Z","support":"Grand format","publisher_availability":1,"stock":0,"editions":[],"url":"https:\/\/quaidesbrumes.com\/ouvrage\/9782882504203\/helvetica-version-allemande"},{"id":"9782954059730","title":"Mode in brittany","description":null,"authors":["Olivier Drean"],"category_codes":["6000000","6070000","6070200"],"visuals":{"large":"https:\/\/quaidesbrumes.com\/img\/book-placeholder.png","medium":"https:\/\/quaidesbrumes.com\/img\/book-placeholder.png","thumbnail":"https:\/\/quaidesbrumes.com\/img\/book-placeholder.png"},"orderable":true,"show_badge":true,"formatted_price":"15,00&nbsp;\u20ac","formatted_published_date":"2 mars 2016","publisher_availability_label":"Sur commande","short_details":"Olivier Drean \u2014 Drean Olivier","translator":null,"weight":180,"page_count":null,"readership":null,"editor":"Drean Olivier","price":1500,"published_date":"2016-03-01T23:00:00.000000Z","support":"Grand format","publisher_availability":1,"stock":0,"editions":[],"url":"https:\/\/quaidesbrumes.com\/ouvrage\/9782954059730\/mode-in-brittany"},{"id":"9782746677197","title":"Inde-N\u00e9pal, chemins de travers","description":null,"authors":["Jean-Marc Renaudie"],"category_codes":["6000000","6070000","6070200"],"visuals":{"large":"https:\/\/images.epagine.fr\/197\/9782746677197_1_75.jpg","medium":"https:\/\/images.epagine.fr\/197\/9782746677197_1_m.jpg","thumbnail":"https:\/\/images.epagine.fr\/197\/9782746677197_1_v.jpg"},"orderable":true,"show_badge":true,"formatted_price":"39,00&nbsp;\u20ac","formatted_published_date":"15 octobre 2015","publisher_availability_label":"Sur commande","short_details":"Jean-Marc Renaudie \u2014 Jm Renaudie","translator":null,"weight":1500,"page_count":null,"readership":null,"editor":"Jm Renaudie","price":3900,"published_date":"2015-10-14T22:00:00.000000Z","support":"Grand format","publisher_availability":1,"stock":0,"editions":[],"url":"https:\/\/quaidesbrumes.com\/ouvrage\/9782746677197\/inde-nepal-chemins-de-travers"},{"id":"9782955615911","title":"Bangkok skyline ; six photographs plus one","description":"A rare photographic artist's book devoted to the city of Bangkok, printed in a signed and numbered limited edition of 50 copies. The B&W photos contained in the artwork were taken by the author with an old 6x6 analogue camera of the early 1960s. The choice of this specific vintage visual media was inspired by the desire to bring photography back into the framework of a slow and discrete approach to reality.\r","authors":["Martino Nicoletti"],"category_codes":["6000000","6070000","6070200"],"visuals":{"large":"https:\/\/images.epagine.fr\/911\/9782955615911_1_75.jpg","medium":"https:\/\/images.epagine.fr\/911\/9782955615911_1_m.jpg","thumbnail":"https:\/\/images.epagine.fr\/911\/9782955615911_1_v.jpg"},"orderable":true,"show_badge":true,"formatted_price":"14,00&nbsp;\u20ac","formatted_published_date":"20 avril 2016","publisher_availability_label":"Sur commande","short_details":"Martino Nicoletti \u2014 Le Loup Des Steppes","translator":null,"weight":90,"page_count":22,"readership":null,"editor":"Le Loup Des Steppes","price":1400,"published_date":"2016-04-19T22:00:00.000000Z","support":"Grand format","publisher_availability":1,"stock":0,"editions":[],"url":"https:\/\/quaidesbrumes.com\/ouvrage\/9782955615911\/bangkok-skyline-six-photographs-plus-one"},{"id":"9782955615928","title":"Water memory ; an orphic post-mortem journey","description":"Ancient Graeco-Roman Orphic cults had the principal aim, in a highly secret initiatory context, of enabling adepts, at the moment of death, to access an otherworldly destiny similar to that of the effulgent gods. On these premises, the post-mortem journey of the initiate's soul, in the form of vivid symbolic images, was often described as an arduous itinerary, dense with trials, destined to enable the dead to rid himself of his burden of earthly dross, so as finally to achieve, thanks to the secret knowledge received during his life, immortality. A recurrent motif of the journey is \u00abwater\u00bb, here perceived as the fluid receptacle of the initiate's personal memories as well as an element capable of reactivating the subject's archetypal consciousness, thus reconnecting him to the original luminous principle existing beyond time itself. Inspired by the texts of ancient Orphic gold tablets - traditionally buried alongside the body of the initiate as a memento and actual guide during the journey - this artist's book, combining performance and photography, presents a series of images taken in the territory of the Trasimeno Lake, in the Italian region of Umbria, using pinhole photography. In this visual and visionary narration of an initiatory afterlife, the solitary soul is depicted dialoguing with its old memories and fighting the relicts of its past, placed between the risk of extinction in the abysses of nothingness and the possibility of continuing its journey to be finally re-united with its divine matrix. The book is printed in a signed and numbered limited edition of 51 copies.\r","authors":["Martino Nicoletti"],"category_codes":["6000000","6070000","6070200"],"visuals":{"large":"https:\/\/images.epagine.fr\/928\/9782955615928_1_75.jpg","medium":"https:\/\/images.epagine.fr\/928\/9782955615928_1_m.jpg","thumbnail":"https:\/\/images.epagine.fr\/928\/9782955615928_1_v.jpg"},"orderable":true,"show_badge":true,"formatted_price":"18,00&nbsp;\u20ac","formatted_published_date":"20 avril 2016","publisher_availability_label":"Sur commande","short_details":"Martino Nicoletti \u2014 Le Loup Des Steppes","translator":null,"weight":240,"page_count":104,"readership":null,"editor":"Le Loup Des Steppes","price":1800,"published_date":"2016-04-19T22:00:00.000000Z","support":"Grand format","publisher_availability":1,"stock":0,"editions":[],"url":"https:\/\/quaidesbrumes.com\/ouvrage\/9782955615928\/water-memory-an-orphic-post-mortem-journey"},{"id":"9782882504210","title":"The white angel","description":null,"authors":["Ackermann Niels"],"category_codes":["6000000","6070000","6070200"],"visuals":{"large":"https:\/\/images.epagine.fr\/210\/9782882504210_1_75.jpg","medium":"https:\/\/images.epagine.fr\/210\/9782882504210_1_m.jpg","thumbnail":"https:\/\/images.epagine.fr\/210\/9782882504210_1_v.jpg"},"orderable":true,"show_badge":true,"formatted_price":"35,00&nbsp;\u20ac","formatted_published_date":"8 avril 2016","publisher_availability_label":"Sur commande","short_details":"Ackermann Niels \u2014 Les \u00c9ditions Noir sur Blanc","translator":null,"weight":468,"page_count":null,"readership":null,"editor":"Les \u00c9ditions Noir sur Blanc","price":3500,"published_date":"2016-04-07T22:00:00.000000Z","support":"Grand format","publisher_availability":1,"stock":0,"editions":[],"url":"https:\/\/quaidesbrumes.com\/ouvrage\/9782882504210\/the-white-angel"},{"id":"9782016167571","title":"Etudes photographiques","description":"Etudes photographiques \/ par Ildefonse Rousset ; Avec une introduction et des notes par Louis Jourdan Date de l'\u00e9dition originale : 1865 Ce livre est la reproduction fid\u00e8le d'une oeuvre publi\u00e9e avant 1920 et fait partie d'une collection de livres r\u00e9imprim\u00e9s \u00e0 la demande \u00e9dit\u00e9e par Hachette Livre, dans le cadre d'un partenariat avec la Biblioth\u00e8que nationale de France, offrant l'opportunit\u00e9 d'acc\u00e9der \u00e0 des ouvrages anciens et souvent rares issus des fonds patrimoniaux de la BnF.\r\nLes oeuvres faisant partie de cette collection ont \u00e9t\u00e9 num\u00e9ris\u00e9es par la BnF et sont pr\u00e9sentes sur Gallica, sa biblioth\u00e8que num\u00e9rique.\r\n\r\nEn entreprenant de redonner vie \u00e0 ces ouvrages au travers d'une collection de livres r\u00e9imprim\u00e9s \u00e0 la demande, nous leur donnons la possibilit\u00e9 de rencontrer un public \u00e9largi et participons \u00e0 la transmission de connaissances et de savoirs parfois difficilement accessibles.\r\nNous avons cherch\u00e9 \u00e0 concilier la reproduction fid\u00e8le d'un livre ancien \u00e0 partir de sa version num\u00e9ris\u00e9e avec le souci d'un confort de lecture optimal. Nous esp\u00e9rons que les ouvrages de cette nouvelle collection vous apporteront enti\u00e8re satisfaction.\r\n\r\nPour plus d'informations, rendez-vous sur www.hachettebnf.fr\r","authors":["Rousset"],"category_codes":["6000000","6070000","6070200"],"visuals":{"large":"https:\/\/images.epagine.fr\/571\/9782016167571_1_75.jpg","medium":"https:\/\/images.epagine.fr\/571\/9782016167571_1_m.jpg","thumbnail":"https:\/\/images.epagine.fr\/571\/9782016167571_1_v.jpg"},"orderable":true,"show_badge":true,"formatted_price":"16,00&nbsp;\u20ac","formatted_published_date":"1er mars 2016","publisher_availability_label":"Sur commande","short_details":"Rousset \u2014 Hachette BNF","translator":null,"weight":176,"page_count":null,"readership":null,"editor":"Hachette BNF","price":1600,"published_date":"2016-02-29T23:00:00.000000Z","support":"Grand format","publisher_availability":1,"stock":0,"editions":[],"url":"https:\/\/quaidesbrumes.com\/ouvrage\/9782016167571\/etudes-photographiques"},{"id":"9788897737940","title":"De Paris et d'ailleurs : photographies, fotografie, photographies ; 1985-2015","description":"\u00ab De la fen\u00eatre de ma chambre, je vois l'endroit o\u00f9 je suis n\u00e9, voil\u00e0 maintenant cinquante ans. Autant dire que je n'ai pas beaucoup boug\u00e9. La maternit\u00e9 a \u00e9t\u00e9 remplac\u00e9e par une \u00e9cole \u00e9l\u00e9mentaire mais l'h\u00f4pital est toujours l\u00e0. L'angle est celui d'une vue de Van Gogh vers la banlieue nord-ouest de Paris, qui appara\u00eet au loin. De l'autre c\u00f4t\u00e9, il y a la tour Eiffel, bien s\u00fbr, mais aussi la verri\u00e8re du Grand-Palais, o\u00f9 j'allais \u00e0 l'universit\u00e9 dans la seconde moiti\u00e9 des ann\u00e9es 80, quand la Sorbonne y \u00e9tait encore install\u00e9e. On devinera facilement, en voyant mes images, o\u00f9 je vis. Une image par trimestre est une moyenne exigeante. S\u00e9lectionner un peu plus de 120 images ne s'est pas fait sans difficult\u00e9 et il a bien fallu \u00e9liminer de nombreux voyages pour conserver \u00e0 l'ensemble sa coh\u00e9rence.\r\nChoisir, c'est renoncer, et le fait est que je suis plus \u00e0 l'aise avec des repr\u00e9sentations de ce que je connais bien. L'encha\u00eenement n'ob\u00e9it pas \u00e0 l'ordre chronologique parce que je ne suis pas certain que mes photos d'il y a trente ans aient d\u00e9j\u00e0 pris de vrais accents vintage. Il y a donc trois grands regroupements autour des lieux o\u00f9 je me sens chez moi : Paris et Montmartre, Les Petites-Dalles et la France, l'Italie et d'autres voyages, entre lesquels s'intercalent quelques associations (le train, etc.).\r\nL'ensemble se termine \u00e0 Rio de Janeiro, pour moi aussi la vraie cidade maravilhosa. \u00bb\r","authors":["Michel Paoli"],"category_codes":["6000000","6070000","6070200"],"visuals":{"large":"https:\/\/images.epagine.fr\/940\/9788897737940_1_75.jpg","medium":"https:\/\/images.epagine.fr\/940\/9788897737940_1_m.jpg","thumbnail":"https:\/\/images.epagine.fr\/940\/9788897737940_1_v.jpg"},"orderable":true,"show_badge":true,"formatted_price":"35,00&nbsp;\u20ac","formatted_published_date":"5 juillet 2016","publisher_availability_label":"Sur commande","short_details":"Michel Paoli \u2014 Officina","translator":null,"weight":1125,"page_count":128,"readership":null,"editor":"Officina","price":3500,"published_date":"2016-07-04T22:00:00.000000Z","support":"Beaux-livres","publisher_availability":1,"stock":0,"editions":[],"url":"https:\/\/quaidesbrumes.com\/ouvrage\/9788897737940\/de-paris-et-dailleurs-photographies-fotografie-photographies-1985-2015"},{"id":"9791029004582","title":"Aux fronti\u00e8res du r\u00e9el, X-Files : le guide ; la s\u00e9rie TV et les films, tous les \u00e9pisodes chroniqu\u00e9s","description":"Alain Pelosato a vu plusieurs fois tous les \u00e9pisodes de X-Files jusqu'\u00e0 la dixi\u00e8me saison. Il d\u00e9cortique ici, \u00e9pisode par \u00e9pisode, l'art des r\u00e9alisateurs et sc\u00e9naristes mis en oeuvre pour traiter leur sujet, mais aussi, il analyse les ponts entre cette fiction pour la t\u00e9l\u00e9vision et la culture SF en g\u00e9n\u00e9ral. Et ces ponts sont nombreux : la litt\u00e9rature, surtout l'\u00e2ge d'or de la SF US et le cin\u00e9ma. De nombreuses chroniques d\u00e9tectent les clins d'oeil, les inspirations et les hommages rendus \u00e0 \u00e9norm\u00e9ment d'oeuvres de SF et fantastique dont sont nourris Chris Carter et ses collaborateurs. Un travail de plusieurs ann\u00e9es et une grande culture SF. Cet ouvrage est publi\u00e9 au moment de la sortie aux USA de la dixi\u00e8me saison (6 \u00e9pisodes) de X-Files.\r","authors":["Alain Pelosato"],"category_codes":["6000000","6070000","6070100"],"visuals":{"large":"https:\/\/images.epagine.fr\/582\/9791029004582_1_75.jpg","medium":"https:\/\/images.epagine.fr\/582\/9791029004582_1_m.jpg","thumbnail":"https:\/\/images.epagine.fr\/582\/9791029004582_1_v.jpg"},"orderable":true,"show_badge":true,"formatted_price":"14,00&nbsp;\u20ac","formatted_published_date":"16 mars 2016","publisher_availability_label":"Sur commande","short_details":"Alain Pelosato \u2014 CHAPITRE.COM","translator":null,"weight":162,"page_count":90,"readership":null,"editor":"CHAPITRE.COM","price":1400,"published_date":"2016-03-15T23:00:00.000000Z","support":"Grand format","publisher_availability":1,"stock":0,"editions":[],"url":"https:\/\/quaidesbrumes.com\/ouvrage\/9791029004582\/aux-frontieres-du-reel-x-files-le-guide-la-serie-tv-et-les-films-tous-les-episodes-chroniques"},{"id":"9781910164631","title":"Confabulations","description":null,"authors":["Torbjorn Rodland"],"category_codes":["6000000","6070000","6070200","6070205"],"visuals":{"large":"https:\/\/images.epagine.fr\/631\/9781910164631_1_75.jpg","medium":"https:\/\/images.epagine.fr\/631\/9781910164631_1_m.jpg","thumbnail":"https:\/\/images.epagine.fr\/631\/9781910164631_1_v.jpg"},"orderable":true,"show_badge":true,"formatted_price":"40,00&nbsp;\u20ac","formatted_published_date":"19 mai 2016","publisher_availability_label":"Sur commande","short_details":"Torbjorn Rodland \u2014 Mack Books","translator":null,"weight":801,"page_count":null,"readership":null,"editor":"Mack Books","price":4000,"published_date":"2016-05-18T22:00:00.000000Z","support":"Grand format","publisher_availability":1,"stock":0,"editions":[],"url":"https:\/\/quaidesbrumes.com\/ouvrage\/9781910164631\/confabulations"},{"id":"9783905929973","title":"Fuck it","description":"Prostitu\u00e9es, vagabonds, fous du village, rastas, prox\u00e9n\u00e8tes, expatri\u00e9s ivres, videurs surmen\u00e9s, mendiants, voyous, flics, employ\u00e9s d'ONG, exorcistes des rues... un portrait photographique des anges d\u00e9chus du district de Kabalagala, \u00e9picentre de la vie nocturne de la capitale ougandaise.\r","authors":["Michele Sibiloni"],"category_codes":["6000000","6070000","6070200"],"visuals":{"large":"https:\/\/images.epagine.fr\/973\/9783905929973_1_75.jpg","medium":"https:\/\/images.epagine.fr\/973\/9783905929973_1_m.jpg","thumbnail":"https:\/\/images.epagine.fr\/973\/9783905929973_1_v.jpg"},"orderable":true,"show_badge":true,"formatted_price":"43,00&nbsp;\u20ac","formatted_published_date":"18 avril 2016","publisher_availability_label":"Sur commande","short_details":"Michele Sibiloni \u2014 Patrick Frey","translator":null,"weight":550,"page_count":128,"readership":null,"editor":"Patrick Frey","price":4300,"published_date":"2016-04-17T22:00:00.000000Z","support":"Grand format","publisher_availability":1,"stock":0,"editions":[],"url":"https:\/\/quaidesbrumes.com\/ouvrage\/9783905929973\/fuck-it"},{"id":"9782334141598","title":"Il \u00e9tait une fois un acteur : Matt Damon","description":"Dans la d\u00e9cennie 1990, Matt tourne Il faut sauver le soldat Ryan. Steven Spielberg prend le parti de l'ultra r\u00e9alisme, notamment dans les sc\u00e8nes de combat du d\u00e9but o\u00f9 la cam\u00e9ra passe au plus pr\u00e8s des visages bl\u00eames et des corps d\u00e9membr\u00e9s, couleurs pass\u00e9es, bruit continu des mitraillettes... La guerre dans toute son horreur.\r\n\r\nDix ann\u00e9es plus tard, en 2008, Matt Damon arrive en Afrique du Sud pour tourner dans un film qui va marquer l'histoire cin\u00e9matographique de ce XXe si\u00e8cle : Invictus. Un film de Clint Eastwood qui va marquer l'histoire et m\u00eame l'Histoire \u00e9crite avec un grand H.\r","authors":["Martine Hamm","Daniel Pierrejean"],"category_codes":["6000000","6070000","6070300","6070305"],"visuals":{"large":"https:\/\/images.epagine.fr\/598\/9782334141598_1_75.jpg","medium":"https:\/\/images.epagine.fr\/598\/9782334141598_1_m.jpg","thumbnail":"https:\/\/images.epagine.fr\/598\/9782334141598_1_v.jpg"},"orderable":true,"show_badge":true,"formatted_price":"37,50&nbsp;\u20ac","formatted_published_date":"16 mai 2016","publisher_availability_label":"Sur commande","short_details":"Martine Hamm, Daniel Pierrejean \u2014 Edilivre","translator":null,"weight":450,"page_count":224,"readership":null,"editor":"Edilivre","price":3750,"published_date":"2016-05-15T22:00:00.000000Z","support":"Grand format","publisher_availability":1,"stock":0,"editions":[],"url":"https:\/\/quaidesbrumes.com\/ouvrage\/9782334141598\/il-etait-une-fois-un-acteur-matt-damon"},{"id":"9783777426129","title":"Katharina alt - boxing cuba \/anglais\/allemand","description":null,"authors":["Schleicher Michael"],"category_codes":["6000000","6070000","6070200"],"visuals":{"large":"https:\/\/images.epagine.fr\/129\/9783777426129_1_75.jpg","medium":"https:\/\/images.epagine.fr\/129\/9783777426129_1_m.jpg","thumbnail":"https:\/\/images.epagine.fr\/129\/9783777426129_1_v.jpg"},"orderable":true,"show_badge":true,"formatted_price":"34,90&nbsp;\u20ac","formatted_published_date":"25 ao\u00fbt 2016","publisher_availability_label":"Sur commande","short_details":"Schleicher Michael \u2014 Hirmer","translator":null,"weight":1200,"page_count":184,"readership":null,"editor":"Hirmer","price":3490,"published_date":"2016-08-24T22:00:00.000000Z","support":"Grand format","publisher_availability":1,"stock":0,"editions":[],"url":"https:\/\/quaidesbrumes.com\/ouvrage\/9783777426129\/katharina-alt-boxing-cuba-anglaisallemand"},{"id":"9783959050999","title":"Susanne kriemann p(ech) b(lende) library for radioactive afterlife \/anglais\/allemand","description":"Le livre d'artiste (P)ech (B)lende: Library for Radioactive Afterlife par Susanne Kriemann s'int\u00e9resse \u00e0 l'invisibilit\u00e9 politique et physique de la pechblende, ce mat\u00e9riau hautement radioactif. De 1946 \u00e0 1989, la pechblende \u00e9tait extraite dans les monts m\u00e9tallif\u00e8res, dans une r\u00e9gion de l'ancienne RDA, et constituait une composante importante de l'arsenal nucl\u00e9aire d'URSS. Cette publication rassemble 7 textes litt\u00e9raires et critiques sur le sujet, ainsi que leurs illustrations. Tous les textes parlent de ce mat\u00e9riau radioactif, de ses effets et de la gestion de ses d\u00e9chets.\r","authors":["Kriemann Susanne"],"category_codes":["6000000","6070000","6070200"],"visuals":{"large":"https:\/\/images.epagine.fr\/999\/9783959050999_1_75.jpg","medium":"https:\/\/images.epagine.fr\/999\/9783959050999_1_m.jpg","thumbnail":"https:\/\/images.epagine.fr\/999\/9783959050999_1_v.jpg"},"orderable":true,"show_badge":true,"formatted_price":"24,00&nbsp;\u20ac","formatted_published_date":"1er juin 2016","publisher_availability_label":"Sur commande","short_details":"Kriemann Susanne \u2014 Spector Books","translator":null,"weight":400,"page_count":216,"readership":null,"editor":"Spector Books","price":2400,"published_date":"2016-05-31T22:00:00.000000Z","support":"Grand format","publisher_availability":1,"stock":0,"editions":[],"url":"https:\/\/quaidesbrumes.com\/ouvrage\/9783959050999\/susanne-kriemann-pech-blende-library-for-radioactive-afterlife-anglaisallemand"},{"id":"9783959051194","title":"The end of the world as we know it \/anglais\/allemand","description":null,"authors":[],"category_codes":["6000000","6070000","6070200"],"visuals":{"large":"https:\/\/images.epagine.fr\/194\/9783959051194_1_75.jpg","medium":"https:\/\/images.epagine.fr\/194\/9783959051194_1_m.jpg","thumbnail":"https:\/\/images.epagine.fr\/194\/9783959051194_1_v.jpg"},"orderable":true,"show_badge":true,"formatted_price":"35,00&nbsp;\u20ac","formatted_published_date":"1er juillet 2016","publisher_availability_label":"Sur commande","short_details":"Spector Books","translator":null,"weight":500,"page_count":160,"readership":null,"editor":"Spector Books","price":3500,"published_date":"2016-06-30T22:00:00.000000Z","support":"Grand format","publisher_availability":1,"stock":0,"editions":[],"url":"https:\/\/quaidesbrumes.com\/ouvrage\/9783959051194\/the-end-of-the-world-as-we-know-it-anglaisallemand"},{"id":"9782334125512","title":"Le triomphe de la b\u00eate ; sc\u00e9nario pilote pour TV","description":"Apr\u00e8s avoir \u00e9t\u00e9 tortur\u00e9 pour son engagement et ses opinions politiques, Boualem abandonne son m\u00e9tier d'enseignant et s'installe dans un village perdu o\u00f9 il monte un petit atelier de produits d'entretien. Il fait travailler une malheureuse femme et trois filles de joie.\r\n\r\nQuand le moral est au beau fixe, elles se regroupent et chantent leur joie et leur tristesse. Lui, il s'attelle \u00e0 r\u00e9aliser son r\u00eave d'enfance : construire son petit avion et voler avec. Il finit par \u00e9pouser les quatre femmes mais sera vite rattrap\u00e9 par son destin. Hussein, jeune informaticien, a, par inadvertance, ouvert la porte du diable lors de la mise en place d'un logiciel d'archivage. Toutes les forces de s\u00e9curit\u00e9 se mettent \u00e0 sa recherche. Il trouve refuge chez Boualem...\r","authors":["Akram Seddad"],"category_codes":["6000000","6070000","6070300","6070309"],"visuals":{"large":"https:\/\/images.epagine.fr\/512\/9782334125512_1_75.jpg","medium":"https:\/\/images.epagine.fr\/512\/9782334125512_1_m.jpg","thumbnail":"https:\/\/images.epagine.fr\/512\/9782334125512_1_v.jpg"},"orderable":true,"show_badge":true,"formatted_price":"12,50&nbsp;\u20ac","formatted_published_date":"20 mai 2016","publisher_availability_label":"Sur commande","short_details":"Akram Seddad \u2014 Edilivre","translator":null,"weight":140,"page_count":110,"readership":null,"editor":"Edilivre","price":1250,"published_date":"2016-05-19T22:00:00.000000Z","support":"Grand format","publisher_availability":1,"stock":0,"editions":[],"url":"https:\/\/quaidesbrumes.com\/ouvrage\/9782334125512\/le-triomphe-de-la-bete-scenario-pilote-pour-tv"},{"id":"9782343084473","title":"De l'un-pr\u00e9cis : Entre chair iconique et \u00e9criture de lumi\u00e8re - Essai sur la photographie","description":"Qu'est-ce que la photographie ? Chair iconique ? \u00c9criture de lumi\u00e8re ? Tel est l'enjeu de cet essai qui tente de questionner la d\u00e9finition premi\u00e8re de ce m\u00e9dium par l'interm\u00e9diaire d'une image impr\u00e9cise s'apparentant \u00e0 un seuil hautement symbolique. Travers\u00e9e des miroirs, travers\u00e9e des \u00e9vidences, le flou nous entra\u00eene dans un entre-deux dialectique en cr\u00e9ant des analogies avec la figure de Judas, l'ic\u00f4ne religieuse, le voile de V\u00e9ronique, l'\u00e9preuve initiatique du d\u00e9sert et le retour \u00e0 la lettre, point de lumi\u00e8re photographique \u00e9trangement familier \u00e0 la graphie h\u00e9bra\u00efque.","authors":["Esther S\u00e9gal"],"category_codes":["6000000","6070000","6070200"],"visuals":{"large":"https:\/\/images.epagine.fr\/473\/9782343084473_1_75.jpg","medium":"https:\/\/images.epagine.fr\/473\/9782343084473_1_m.jpg","thumbnail":"https:\/\/images.epagine.fr\/473\/9782343084473_1_v.jpg"},"orderable":true,"show_badge":true,"formatted_price":"24,50&nbsp;\u20ac","formatted_published_date":"6 mai 2016","publisher_availability_label":"Sur commande","short_details":"Esther S\u00e9gal \u2014 \u00c9ditions L'Harmattan","translator":null,"weight":325,"page_count":210,"readership":null,"editor":"\u00c9ditions L'Harmattan","price":2450,"published_date":"2016-05-05T22:00:00.000000Z","support":"Grand format","publisher_availability":1,"stock":0,"editions":[],"url":"https:\/\/quaidesbrumes.com\/ouvrage\/9782343084473\/de-lun-precis-entre-chair-iconique-et-ecriture-de-lumiere-essai-sur-la-photographie"},{"id":"9782847124880","title":"Vend\u00e9e, terre de cin\u00e9ma ; \"mon\" dictionnaire du 7e Art en Vend\u00e9e","description":"La Vend\u00e9e est riche en tournages de cin\u00e9ma, et les r\u00e9f\u00e9rences ne manquent pas, permettant m\u00eame de remonter aux sources balbutiantes du 7e Art : des fr\u00e8res Lumi\u00e8re et l'\u00e8re du muet aux Vacances du Petit Nicolas, tourn\u00e9 en 2013 \u00e0 Noirmoutier, en passant par La terre qui meurt (1925), avec Madeleine Renaud \u00e0 Sallertaine, La ferme du pendu (1945) \u00e0 Pouzauges, avec Charles Vanel et Bourvil \u00e0 ses d\u00e9buts, Les vieux de la vieille (1960) en pays apremontais et vicomtois avec le mythique trio de p\u00e9p\u00e9s anars Gabin-Fresnay-No\u00ebl... Et puis Bernard Menez Du c\u00f4t\u00e9 d'Orouet en 1969, Jean Richard en Maigret \u00e0 Fontenay-le-Comte, Un flic de Melville \u00e0 Saint-Jean-de-Monts et Challans (1971), C\u00e9sar et Rosalie de Sautet \u00e0 Noirmoutier (1972). Sans oublier L'arbre, la maire et la M\u00e9diath\u00e8que, d'Eric Rhomer du c\u00f4t\u00e9 de Saint-Juire-Champgillon (1992) : Gilbert Prouteau, le natif de Nesmy, r\u00e9alisateur de Dieu a choisi Paris, avec Belmondo : Florelle et Gaby Morlay, ces deux Vend\u00e9ennes. Ce dictionnaire du 7e Art en Vend\u00e9e n'est peut-\u00eatre pas exhaustif, mais pas loin avec ses tournages mythiques avec des stars, mais aussi ses coups de coeur du c\u00f4t\u00e9 court-m\u00e9trage ou cin\u00e9ma d'essai ou exploratoire... Des anecdotes aussi, qui peuvent relier les seigneurs du 7e Art \u00e0 cette terre de Vend\u00e9e, comme Harry Baur, Jean-Jacques Annaud, Maurice Pialat, et Myl\u00e8ne Demongeot, pour en citer quelques-uns.\r","authors":["Philippe Gilbert"],"category_codes":["6000000","6070000","6070300"],"visuals":{"large":"https:\/\/images.epagine.fr\/880\/9782847124880_1_75.jpg","medium":"https:\/\/images.epagine.fr\/880\/9782847124880_1_m.jpg","thumbnail":"https:\/\/images.epagine.fr\/880\/9782847124880_1_v.jpg"},"orderable":true,"show_badge":true,"formatted_price":"24,00&nbsp;\u20ac","formatted_published_date":"22 avril 2016","publisher_availability_label":"Sur commande","short_details":"Philippe Gilbert \u2014 Petit Pave","translator":null,"weight":540,"page_count":238,"readership":null,"editor":"Petit Pave","price":2400,"published_date":"2016-04-21T22:00:00.000000Z","support":"Grand format","publisher_availability":1,"stock":0,"editions":[],"url":"https:\/\/quaidesbrumes.com\/ouvrage\/9782847124880\/vendee-terre-de-cinema-mon-dictionnaire-du-7e-art-en-vendee"},{"id":"9782884743839","title":"Arbres ; vues de Suisse\/B\u00e4ume ; Schweizer Sichten","description":"Gr\u00e2ce \u00e0 son utilisation verticale d'un Hasselblad X-Pan, appareil analogique con\u00e7u pour r\u00e9aliser des vues panoramiques, le photographe bernois Ulrich Ackermann a d\u00e9velopp\u00e9 un style tr\u00e8s original. Les arbres et leur riche symbolique l'ont toujours fascin\u00e9; leur verticalit\u00e9 est rendue plus impressionnante encore par sa technique sp\u00e9cifique. Ce livre est consacr\u00e9 aux plus beaux arbres qu'il a photographi\u00e9s en Suisse - une soixantaine -, saison par saison. Ses superbes vues sont enrichies par des textes de l'\u00e9crivain bilingue Jean-Pascal Ansermoz. Un regard totalement neuf sur ces monuments naturels, qui nous \u00e9merveillent et nous rendent humbles \u00e0 la fois. \r\n\r\nDer Berner Fotograf Ulrich Ackermann arbeitet seit mehreren Jahren mit einer Hasselblad X-Pan Kamera, die er vertikal verwendet; somit erzielt er erstaunliche Panoramen im Langformat. Er hat auch eine grosse Leidenschaft f\u00fcr B\u00e4ume, die er hier mit dieser besonderen Technik fotografiert hat.Dieses neuartige Buch, das den vier Jahreszeiten folgt, besteht aus 60 Fotos von den sch\u00f6nsten B\u00e4umen aus verschiedenen Regionen der Schweiz. Der zweisprachige Schriftsteller Jean-Pascal Ansermoz hat sich dabei kurze poetische Texte gedacht, und das Vorwort wurde von Silva Semadeni, Pr\u00e4sidentin von Pro Natura, geschrieben.\r","authors":["Ulrich Ackermann","Jean-pascal Ansermoz"],"category_codes":["6000000","6070000","6070200","6070205"],"visuals":{"large":"https:\/\/images.epagine.fr\/839\/9782884743839_1_75.jpg","medium":"https:\/\/images.epagine.fr\/839\/9782884743839_1_m.jpg","thumbnail":"https:\/\/images.epagine.fr\/839\/9782884743839_1_v.jpg"},"orderable":true,"show_badge":true,"formatted_price":"42,00&nbsp;\u20ac","formatted_published_date":"1er d\u00e9cembre 2016","publisher_availability_label":"Sur commande","short_details":"Ulrich Ackermann, Jean-pascal Ansermoz \u2014 INFOLIO","translator":null,"weight":1098,"page_count":null,"readership":null,"editor":"INFOLIO","price":4200,"published_date":"2016-11-30T23:00:00.000000Z","support":"Grand format","publisher_availability":1,"stock":0,"editions":[],"url":"https:\/\/quaidesbrumes.com\/ouvrage\/9782884743839\/arbres-vues-de-suissebaume-schweizer-sichten"},{"id":"9781910164662","title":"The voyage of discovery notebook","description":null,"authors":["Steinbrunn Carly"],"category_codes":["6000000","6070000","6070200","6070205"],"visuals":{"large":"https:\/\/images.epagine.fr\/662\/9781910164662_1_75.jpg","medium":"https:\/\/images.epagine.fr\/662\/9781910164662_1_m.jpg","thumbnail":"https:\/\/images.epagine.fr\/662\/9781910164662_1_v.jpg"},"orderable":true,"show_badge":true,"formatted_price":"12,00&nbsp;\u20ac","formatted_published_date":"1er mai 2016","publisher_availability_label":"Sur commande","short_details":"Steinbrunn Carly \u2014 Mack Books","translator":null,"weight":301,"page_count":null,"readership":null,"editor":"Mack Books","price":1200,"published_date":"2016-04-30T22:00:00.000000Z","support":"Grand format","publisher_availability":1,"stock":0,"editions":[],"url":"https:\/\/quaidesbrumes.com\/ouvrage\/9781910164662\/the-voyage-of-discovery-notebook"},{"id":"9782875572561","title":"Je me suis invit\u00e9 chez les stars \u00e0 Hollywood","description":"Tristan est ce qu'on appelle un \u00ab crasher \u00bb, un pirate du syst\u00e8me. Son but est de s'infiltrer dans des c\u00e9l\u00e8bres c\u00e9r\u00e9monies people, sans y avoir \u00e9t\u00e9 convi\u00e9, \u00e9videmment. \u00c0 son actif : les Grammys, les Golden Globes, les Oscars, la soir\u00e9e Vanity Fair et trinquer avec Brad Pitt, Eva Longoria, Leonardo DiCaprio, Paris Hilton... Comment s'y prend-t-il ? Un smoking chic, une chemise blanche impeccable et surtout... du culot ! Tristan se fait passer pour un acteur europ\u00e9en et Hollywood l'ui ouvre les bras. Pourquoi crashe-t-il ? Pour le fun, l'adr\u00e9naline.\u00a0 Tristan r\u00e9ussit-il \u00e0 tous les coups ? Pas toujours, mais cela fait partie du jeu.\u00a0 - Alors que la menace p\u00e8se sur notre environnement actuel et que la s\u00e9curit\u00e9 est \u00e0 son maximum, comment se fait-il qu'un adolescent puisse duper la vigilance des lieux les plus s\u00e9curis\u00e9 au monde ?\u00a0 - Comment en est-\u00ad-il arriv\u00e9 l\u00e0 ?\u00a0 - Qu'est-ce qui pousse un jeune gar\u00e7on ordinaire \u00e0 s'infiltrer l\u00e0 o\u00f9 il n'est pas attendu ?\u00a0\r","authors":["Tristan Hankard"],"category_codes":["6000000","6070000","6070300","6070306"],"visuals":{"large":"https:\/\/images.epagine.fr\/561\/9782875572561_1_75.jpg","medium":"https:\/\/images.epagine.fr\/561\/9782875572561_1_m.jpg","thumbnail":"https:\/\/images.epagine.fr\/561\/9782875572561_1_v.jpg"},"orderable":true,"show_badge":true,"formatted_price":"17,90&nbsp;\u20ac","formatted_published_date":"1er octobre 2016","publisher_availability_label":"Sur commande","short_details":"Tristan Hankard \u2014 LA BOITE A PANDORE","translator":null,"weight":296,"page_count":232,"readership":null,"editor":"LA BOITE A PANDORE","price":1790,"published_date":"2016-09-30T22:00:00.000000Z","support":"Grand format","publisher_availability":1,"stock":0,"editions":[],"url":"https:\/\/quaidesbrumes.com\/ouvrage\/9782875572561\/je-me-suis-invite-chez-les-stars-a-hollywood"}]}