{"data":[{"id":"9791031000527","title":"Ombrage","description":"Photographe autodidacte depuis 2004, Jean-Michel Nguyen est photographe sp\u00e9cialis\u00e9 dans la mode et la beaut\u00e9.\r\nApr\u00e8s une longue p\u00e9riode pass\u00e9e \u00e0 faire des photos de mode et beaut\u00e9, Jean-Michel s'oriente vers les photos de nu suite \u00e0 l'acquisition de son studio photo dans le sud de Paris.\r\nAvec un style inimitable, Jean-Michel a mis en place des d\u00e9cors et des modeleurs afin de fa\u00e7onner la lumi\u00e8re de mani\u00e8re unique.\r\nC'est ainsi qu'est n\u00e9 le livre Ombrage o\u00f9 cette belle lumi\u00e8re traverse une pergola pour aller envelopper tout doucement le corps de jeunes femmes se pr\u00e9lassant sur une terrasse italienne.\r\nCe livre Ombrage est le premier tome de la collection Nu & Beaut\u00e9, pr\u00e9lude de tant de douceur et de beaut\u00e9.","authors":["Jean-Michel Nguyen"],"category_codes":["6000000","6070000","6070200"],"visuals":{"large":"https:\/\/images.epagine.fr\/527\/9791031000527_1_75.jpg","medium":"https:\/\/images.epagine.fr\/527\/9791031000527_1_m.jpg","thumbnail":"https:\/\/images.epagine.fr\/527\/9791031000527_1_v.jpg"},"orderable":true,"show_badge":true,"formatted_price":"12,00&nbsp;\u20ac","formatted_published_date":"17 juillet 2015","publisher_availability_label":"Sur commande","short_details":"Jean-Michel Nguyen \u2014 Presses Litteraires","translator":null,"weight":372,"page_count":80,"readership":null,"editor":"Presses Litteraires","price":1200,"published_date":"2015-07-16T22:00:00.000000Z","support":"Grand format","publisher_availability":1,"stock":0,"editions":[],"url":"https:\/\/quaidesbrumes.com\/ouvrage\/9791031000527\/ombrage"},{"id":"9782234080478","title":"La g\u00e9opolitique des s\u00e9ries","description":"\u00ab Les deux extr\u00e9mismes que sont l'organisation de l'\u00c9tat islamique et le r\u00e9gime de T\u00e9h\u00e9ran se livrent \u00e0 un jeu de tr\u00f4ne mortel \u00bb, disait le Premier ministre isra\u00e9lien, Benjamin Netanyahou, dans son discours au Congr\u00e8s des \u00c9tats-Unis, le 3 mars 2015. Il n'a donc pas h\u00e9sit\u00e9, pour convaincre son auditoire, \u00e0 faire r\u00e9f\u00e9rence de mani\u00e8re explicite \u00e0 la s\u00e9rie culte de HBO, Game of Thrones.\r\nAu lendemain du 11 septembre 2011, la g\u00e9opolitique n'a pas seulement envahi le r\u00e9el, elle envahit nos imaginaires. Un monde nouveau appara\u00eet, refl\u00e9t\u00e9 par une nouvelle mani\u00e8re de raconter des histoires \u00e0 la t\u00e9l\u00e9vision. Les s\u00e9ries deviennent des r\u00e9f\u00e9rences culturelles mais aussi politiques : les sc\u00e9naristes et r\u00e9alisateurs de ces s\u00e9ries ne se contentent pas d'analyser froidement la r\u00e9alit\u00e9 du monde. Ils la sentent et la devinent, par le pouvoir de leur intuition, par la lucidit\u00e9 de leur imagination. De fait, ces sc\u00e9naristes sont devenus les meilleurs analystes du monde contemporain - et peut-\u00eatre de notre futur.\r\nQue per\u00e7oivent-ils de nos soci\u00e9t\u00e9s ? La peur. La peur de la chute de la d\u00e9mocratie, avec  House of Cards, celle du terrorisme avec Homeland, la peur d'une soci\u00e9t\u00e9 paralys\u00e9e avec Engrenages, celle d'un monde qui dispara\u00eet dans Downton Abbey, enfin la peur de la dictature et de la barbarie avec Game of Thrones.\r\nChacune de ces s\u00e9ries fera l'objet d'un chapitre, o\u00f9 seront cit\u00e9es, en \u00e9cho, d'autres s\u00e9ries au succ\u00e8s comparable. On d\u00e9couvrira le raz-de-mar\u00e9e qu'elles provoquent \u00e0 travers le monde : de Barack Obama suspendu \u00e0 chaque saison de Game of Thrones \u00e0 l'acteur qui jouait Carson, le \u00ab butler \u00bb de Downton Abbey, assailli par des touristes asiatiques alors qu'il voguait en vacances sur le M\u00e9kong. En conclusion, Dominique Mo\u00efsi invente le scenario d'une s\u00e9rie cherchant \u00e0 comprendre le monde qui vient. Dans Balance of Power, des agents am\u00e9ricains et chinois sont tous \u00e0 la fois alli\u00e9s et rivaux face au risque de l'arme nucl\u00e9aire, nord-cor\u00e9enne et pakistanaise. Les terroristes vous invitent au prochain \u00e9pisode.","authors":["Dominique Mo\u00efsi"],"category_codes":["6000000","6070000","6070300","6070306"],"visuals":{"large":"https:\/\/images.epagine.fr\/478\/9782234080478_1_75.jpg","medium":"https:\/\/images.epagine.fr\/478\/9782234080478_1_m.jpg","thumbnail":"https:\/\/images.epagine.fr\/478\/9782234080478_1_v.jpg"},"orderable":true,"show_badge":true,"formatted_price":"20,00&nbsp;\u20ac","formatted_published_date":"17 f\u00e9vrier 2016","publisher_availability_label":"Sur commande","short_details":"Dominique Mo\u00efsi \u2014 Stock","translator":null,"weight":240,"page_count":196,"readership":null,"editor":"Stock","price":2000,"published_date":"2016-02-16T23:00:00.000000Z","support":"Grand format","publisher_availability":1,"stock":0,"editions":[],"url":"https:\/\/quaidesbrumes.com\/ouvrage\/9782234080478\/la-geopolitique-des-series"},{"id":"9782343056555","title":"Le pouvoir de l'oubli\u00e9e : la perception au cin\u00e9ma","description":"\"De la mat\u00e9rialit\u00e9 de l \u00e9criture filmique d\u00e9pend le caract\u00e8re analogique, id\u00e9ologique de l image, du film, de l intrigue, du r\u00e9cit. On peut consid\u00e9rer que cette mat\u00e9rialit\u00e9 ou son support sont assortis \u00e0 la perception et \u00e0 la pens\u00e9e (que Bergson appelle m\u00e9moire). Perception et pens\u00e9e constituent ainsi le v\u00e9ritable pouvoir de l \u00e9criture. La premi\u00e8re partie de cet ouvrage questionne l histoire de la pens\u00e9e de l image et du cin\u00e9ma ; la seconde, la pens\u00e9e des histoires ou l identit\u00e9 narrative induite des r\u00e9cits documentaires ou de fiction.\"","authors":["Lucie Roy"],"category_codes":["6000000","6070000","6070300"],"visuals":{"large":"https:\/\/images.epagine.fr\/555\/9782343056555_1_75.jpg","medium":"https:\/\/images.epagine.fr\/555\/9782343056555_1_m.jpg","thumbnail":"https:\/\/images.epagine.fr\/555\/9782343056555_1_v.jpg"},"orderable":true,"show_badge":true,"formatted_price":"26,00&nbsp;\u20ac","formatted_published_date":"8 juin 2015","publisher_availability_label":"Sur commande","short_details":"Lucie Roy \u2014 \u00c9ditions L'Harmattan","translator":null,"weight":285,"page_count":244,"readership":null,"editor":"\u00c9ditions L'Harmattan","price":2600,"published_date":"2015-06-07T22:00:00.000000Z","support":"Grand format","publisher_availability":1,"stock":0,"editions":[],"url":"https:\/\/quaidesbrumes.com\/ouvrage\/9782343056555\/le-pouvoir-de-loubliee-la-perception-au-cinema"},{"id":"9782806634689","title":"Une belle histoire d'\u00e9cole ; comment te raconter ?","description":"\"Une \u00e9cole qui f\u00eate un demi-si\u00e8cle, voil\u00e0 une histoire au parfum de nostalgie qui trouverait place dans un recueil d anthologie ou dans un mus\u00e9e poussi\u00e9reux que personne ne visiterait plus si quelques-uns d entre nous n avaient pos\u00e9 un regard dans le r\u00e9troviseur de cette \u00e9cole au nom si \u00e9vocateur, au parfum de clart\u00e9, d azur et de libert\u00e9... (Ouvrage en couleur illustr\u00e9 de nombreuses photographies).\"","authors":["Collectif"],"category_codes":["6000000","6070000","6070200"],"visuals":{"large":"https:\/\/images.epagine.fr\/689\/9782806634689_1_75.jpg","medium":"https:\/\/images.epagine.fr\/689\/9782806634689_1_m.jpg","thumbnail":"https:\/\/images.epagine.fr\/689\/9782806634689_1_v.jpg"},"orderable":true,"show_badge":true,"formatted_price":"21,50&nbsp;\u20ac","formatted_published_date":"19 octobre 2015","publisher_availability_label":"Sur commande","short_details":"Collectif \u2014 EME EDITIONS","translator":null,"weight":130,"page_count":86,"readership":null,"editor":"EME EDITIONS","price":2150,"published_date":"2015-10-18T22:00:00.000000Z","support":"Grand format","publisher_availability":1,"stock":0,"editions":[],"url":"https:\/\/quaidesbrumes.com\/ouvrage\/9782806634689\/une-belle-histoire-decole-comment-te-raconter"},{"id":"9783829607155","title":"1945 ikonen eines jahres \/allemand","description":null,"authors":["Schirmer"],"category_codes":["6000000","6070000","6070200"],"visuals":{"large":"https:\/\/images.epagine.fr\/155\/9783829607155_1_75.jpg","medium":"https:\/\/images.epagine.fr\/155\/9783829607155_1_m.jpg","thumbnail":"https:\/\/images.epagine.fr\/155\/9783829607155_1_v.jpg"},"orderable":true,"show_badge":true,"formatted_price":"42,00&nbsp;\u20ac","formatted_published_date":"1er juillet 2015","publisher_availability_label":"Sur commande","short_details":"Schirmer \u2014 Schirmer Mosel","translator":null,"weight":901,"page_count":216,"readership":null,"editor":"Schirmer Mosel","price":4200,"published_date":"2015-06-30T22:00:00.000000Z","support":"Grand format","publisher_availability":1,"stock":0,"editions":[],"url":"https:\/\/quaidesbrumes.com\/ouvrage\/9783829607155\/1945-ikonen-eines-jahres-allemand"},{"id":"9783829607216","title":"Rainer viertlbock munchen \/anglais\/allemand","description":null,"authors":["Viertlbock Rainer"],"category_codes":["6000000","6070000","6070200"],"visuals":{"large":"https:\/\/images.epagine.fr\/216\/9783829607216_1_75.jpg","medium":"https:\/\/images.epagine.fr\/216\/9783829607216_1_m.jpg","thumbnail":"https:\/\/images.epagine.fr\/216\/9783829607216_1_v.jpg"},"orderable":true,"show_badge":true,"formatted_price":"60,00&nbsp;\u20ac","formatted_published_date":"30 octobre 2015","publisher_availability_label":"Sur commande","short_details":"Viertlbock Rainer \u2014 Schirmer Mosel","translator":null,"weight":1201,"page_count":240,"readership":null,"editor":"Schirmer Mosel","price":6000,"published_date":"2015-10-29T23:00:00.000000Z","support":"Grand format","publisher_availability":1,"stock":0,"editions":[],"url":"https:\/\/quaidesbrumes.com\/ouvrage\/9783829607216\/rainer-viertlbock-munchen-anglaisallemand"},{"id":"9782322243259","title":"Dinard : paradis d'\u00c9meraude ; Dinard (Brittany, France) : Emerald paradise","description":"Espace de travail pour les p\u00eacheurs, Dinard va se transmuter au XIXe en domaine de contemplation : le paysage auparavant ignor\u00e9, devient une sc\u00e8ne appr\u00e9ci\u00e9e dans la pl\u00e9nitude de ses composantes (pointes, criques, plages). Dinard, via l'arriv\u00e9e de richissimes \u00e9trangers, op\u00e8re son changement de perspective. L'\u00e9lite de l'\u00e9poque, notamment anglaise, d\u00e9couvre la C\u00f4te d'\u00c9meraude, s'y installe, fait construire. La mode est au thermalisme et aux bains de mer, mode coupl\u00e9e \u00e0 l'attrait pour le rivage, la plage deviens un espace de loisirs, le tourisme se d\u00e9veloppe. Cette mutation s'accompagne avec la construction de nombreux h\u00f4tels et de maisons de vill\u00e9giature baln\u00e9aire, pour la plupart construites entre 1850 et 1930, de luxueuses villas prennent place sur le front de mer. Fin du XIXe, Dinard est la premi\u00e8re station baln\u00e9aire en France, on la surnomme :   La Dinard aux cent h\u00f4tels   ou encore :   La Perle de la C\u00f4te d'\u00c9meraude  . Work space for fishermen, Dinard will transmute itself in the 19th century into a domain of contemplation: the previously ignored landscape becomes a scene appreciated in the fullness of its components (pointes, creeks, beaches). Dinard, via the arrival of wealthy foreigners, operates a change of perspective. The elite of the time, especially the English, discovered the Emerald Coast, settled there, had it built. The fashion is for hydrotherapy and sea bathing, fashion coupled with the attraction for the shore, the beach becomes a leisure area, tourism is developing. This change was accompanied by the construction of many hotels and seaside resort houses, most of which were built between 1850 and 1930, luxurious villas were located on the seafront. At the end of the 19th century, Dinard was the first seaside resort in France , it is nicknamed:  La Dinard with a hundred hotels  or even:  The Pearl of the Emerald Coast .","authors":["Jo\u00ebl Douillet"],"category_codes":["6000000","6070000","6070200","6070204"],"visuals":{"large":"https:\/\/images.epagine.fr\/259\/9782322243259_1_75.jpg","medium":"https:\/\/images.epagine.fr\/259\/9782322243259_1_m.jpg","thumbnail":"https:\/\/images.epagine.fr\/259\/9782322243259_1_v.jpg"},"orderable":true,"show_badge":true,"formatted_price":"19,99&nbsp;\u20ac","formatted_published_date":"26 septembre 2020","publisher_availability_label":"Sur commande","short_details":"Jo\u00ebl Douillet \u2014 Books on Demand","translator":null,"weight":501,"page_count":48,"readership":null,"editor":"Books on Demand","price":1999,"published_date":"2020-09-25T22:00:00.000000Z","support":"Grand format","publisher_availability":1,"stock":0,"editions":[],"url":"https:\/\/quaidesbrumes.com\/ouvrage\/9782322243259\/dinard-paradis-demeraude-dinard-brittany-france-emerald-paradise"},{"id":"9782322251988","title":"Un printemps d'apr\u00e8s","description":"Un printemps d'apr\u00e8s est le troisi\u00e8me recueil de po\u00e8mes et de photographies sur la for\u00eat que signe Fabien Vispi. La saison, le printemps, qui succ\u00e8de \u00e0 l'automne et \u00e0 l'\u00e9t\u00e9, th\u00e8mes des deux pr\u00e9c\u00e9dents ouvrages, mais aussi le printemps marqu\u00e9 par la crise sanitaire et l'apr\u00e8s-confinement. Un clin d'oeil, aussi, \u00e0 la labellisation For\u00eat d'exception, obtenue, en 2020, pour la for\u00eat de Haguenau. De nouvelles opportunit\u00e9s d'exalter et de respirer la beaut\u00e9 et la paix de cet environnement exceptionnel.","authors":["Fabien Vispi"],"category_codes":["6000000","6070000","6070200","6070204"],"visuals":{"large":"https:\/\/images.epagine.fr\/988\/9782322251988_1_75.jpg","medium":"https:\/\/images.epagine.fr\/988\/9782322251988_1_m.jpg","thumbnail":"https:\/\/images.epagine.fr\/988\/9782322251988_1_v.jpg"},"orderable":true,"show_badge":true,"formatted_price":"16,99&nbsp;\u20ac","formatted_published_date":"27 septembre 2020","publisher_availability_label":"Sur commande","short_details":"Fabien Vispi \u2014 Books on Demand","translator":null,"weight":401,"page_count":46,"readership":null,"editor":"Books on Demand","price":1699,"published_date":"2020-09-26T22:00:00.000000Z","support":"Grand format","publisher_availability":1,"stock":0,"editions":[],"url":"https:\/\/quaidesbrumes.com\/ouvrage\/9782322251988\/un-printemps-dapres"},{"id":"9783829607223","title":"Berlin im 19 jahrhundert \/allemand","description":null,"authors":["Schirmer"],"category_codes":["6000000","6070000","6070200"],"visuals":{"large":"https:\/\/images.epagine.fr\/223\/9783829607223_1_75.jpg","medium":"https:\/\/images.epagine.fr\/223\/9783829607223_1_m.jpg","thumbnail":"https:\/\/images.epagine.fr\/223\/9783829607223_1_v.jpg"},"orderable":true,"show_badge":true,"formatted_price":"60,00&nbsp;\u20ac","formatted_published_date":"1er d\u00e9cembre 2015","publisher_availability_label":"Sur commande","short_details":"Schirmer \u2014 Schirmer Mosel","translator":null,"weight":1201,"page_count":240,"readership":null,"editor":"Schirmer Mosel","price":6000,"published_date":"2015-11-30T23:00:00.000000Z","support":"Grand format","publisher_availability":1,"stock":0,"editions":[],"url":"https:\/\/quaidesbrumes.com\/ouvrage\/9783829607223\/berlin-im-19-jahrhundert-allemand"},{"id":"9782343061993","title":"La gr\u00e8ve des mineurs du Borinage ; Belgique, 1932-1936","description":"En 1934, des artistes font connaitre dans un magazine communiste un documentaire sur les cons\u00e9quences de la gr\u00e8ve g\u00e9n\u00e9rale des mineurs de 1932 dans la r\u00e9gion mini\u00e8re du Borinage en Belgique. Les jeunes cin\u00e9astes attestent de la volont\u00e9 des peuples \u00e0 ne pas se soumettre \u00e0 un ordre oppressif. Cin\u00e9astes, \u00e9crivains et militants antifascistes se rassemblent alors autour de la lutte des classes. L'auteur propose cette \u00e9tude \u00e0 partir de compilations et d'interpr\u00e9tations d'oeuvres cin\u00e9matographiques et litt\u00e9raires.","authors":["Alain Moreews"],"category_codes":["6000000","6070000","6070300"],"visuals":{"large":"https:\/\/images.epagine.fr\/993\/9782343061993_1_75.jpg","medium":"https:\/\/images.epagine.fr\/993\/9782343061993_1_m.jpg","thumbnail":"https:\/\/images.epagine.fr\/993\/9782343061993_1_v.jpg"},"orderable":true,"show_badge":true,"formatted_price":"29,00&nbsp;\u20ac","formatted_published_date":"17 juillet 2015","publisher_availability_label":"Sur commande","short_details":"Alain Moreews \u2014 \u00c9ditions L'Harmattan","translator":null,"weight":308,"page_count":266,"readership":null,"editor":"\u00c9ditions L'Harmattan","price":2900,"published_date":"2015-07-16T22:00:00.000000Z","support":"Grand format","publisher_availability":1,"stock":0,"editions":[],"url":"https:\/\/quaidesbrumes.com\/ouvrage\/9782343061993\/la-greve-des-mineurs-du-borinage-belgique-1932-1936"},{"id":"9782705691189","title":"L'exp\u00e9rience du cin\u00e9ma","description":"Juger le cin\u00e9ma n'a jamais \u00e9t\u00e9 la seule affaire des sp\u00e9cialistes. Le 7e art, d\u00e8s sa naissance, a montr\u00e9 sa capacit\u00e9 \u00e0 susciter toutes sortes de r\u00e9actions, spontan\u00e9es ou savantes, \u00e9merveill\u00e9es ou inqui\u00e8tes, rendant compte du rapport singulier qui se tisse entre le film et son spectateur. Ce qu'on interroge ici en priorit\u00e9, ce sont donc moins les discours professionnels que l'exp\u00e9rience du cin\u00e9ma au sens large, telle qu'elle se vit \u00e0 de multiples niveaux : chez le spectateur cultiv\u00e9, fascin\u00e9 ou r\u00e9vuls\u00e9, mais rarement indiff\u00e9rent ; chez les critiques bien s\u00fbr, dans les moments particuliers o\u00f9, face \u00e0 des oeuvres inattendues, leurs convictions esth\u00e9tiques sont \u00e9branl\u00e9es ; enfin, chez le spectateur ordinaire, dont le go\u00fbt fut longtemps ignor\u00e9 alors que son exp\u00e9rience est par excellence le terrain o\u00f9 s'observent les \u00e9chos et les effets du cin\u00e9ma dans la soci\u00e9t\u00e9.\r\nCette entreprise, par son \u00e9tendue, exigeait la collaboration de plusieurs disciplines. Ainsi se donnent \u00e0 voir d'un article \u00e0 l'autre les contours mouvants de l'exp\u00e9rience du cin\u00e9ma, qui se transforme en circulant entre les \u00e9poques, les individus, les communaut\u00e9s interpr\u00e9tatives, et rassemble finalement les publics.","authors":["Baty-Delalande H."],"category_codes":["6000000","6070000","6070300"],"visuals":{"large":"https:\/\/images.epagine.fr\/189\/9782705691189_1_75.jpg","medium":"https:\/\/images.epagine.fr\/189\/9782705691189_1_m.jpg","thumbnail":"https:\/\/images.epagine.fr\/189\/9782705691189_1_v.jpg"},"orderable":true,"show_badge":true,"formatted_price":"25,00&nbsp;\u20ac","formatted_published_date":"19 octobre 2015","publisher_availability_label":"Sur commande","short_details":"Baty-Delalande H. \u2014 Hermann","translator":null,"weight":317,"page_count":168,"readership":null,"editor":"Hermann","price":2500,"published_date":"2015-10-18T22:00:00.000000Z","support":"Grand format","publisher_availability":1,"stock":0,"editions":[],"url":"https:\/\/quaidesbrumes.com\/ouvrage\/9782705691189\/lexperience-du-cinema"},{"id":"9782343069890","title":"Le selfie ; aux fronti\u00e8res de l'\u00e9goportrait","description":"Une photographie de soi mal cadr\u00e9e, prise \u00e0 bout de bras devant un miroir ou face \u00e0 son t\u00e9l\u00e9phone portable, suivi d'une publication sur un r\u00e9seau social. Mais sait-on vraiment de quoi il s'agit ? Nouveau type d'images ou sous-genre de l'autoportrait ? Simple ph\u00e9nom\u00e8ne culturel ou trait d'\u00e9poque ? Ce livre propose d'explorer et d'\u00e9tudier la nature du selfie comme image, et comme manifestation d'une strat\u00e9gie communicationnelle qui vise \u00e0 compenser la perte du r\u00e9el dans un monde contemporain o\u00f9 l'\u00e9cran est miroir du monde.","authors":["Agathe Lichtenszteinj"],"category_codes":["6000000","6070000","6070200","6070204"],"visuals":{"large":"https:\/\/images.epagine.fr\/890\/9782343069890_1_75.jpg","medium":"https:\/\/images.epagine.fr\/890\/9782343069890_1_m.jpg","thumbnail":"https:\/\/images.epagine.fr\/890\/9782343069890_1_v.jpg"},"orderable":true,"show_badge":true,"formatted_price":"13,50&nbsp;\u20ac","formatted_published_date":"28 juillet 2015","publisher_availability_label":"Sur commande","short_details":"Agathe Lichtenszteinj \u2014 \u00c9ditions L'Harmattan","translator":null,"weight":130,"page_count":104,"readership":null,"editor":"\u00c9ditions L'Harmattan","price":1350,"published_date":"2015-07-27T22:00:00.000000Z","support":"Grand format","publisher_availability":1,"stock":0,"editions":[],"url":"https:\/\/quaidesbrumes.com\/ouvrage\/9782343069890\/le-selfie-aux-frontieres-de-legoportrait"},{"id":"9782322011360","title":"N\u00e9 de la terre","description":"Au d\u00e9but, c'est seulement un costume que l'on porte et qu'il faut apprendre \u00e0 habiter. Puis vient le blanc, le noir et quand le rouge est mis, la filature commence. On l'observe de loin pour ne pas l'effaroucher .Au bout de quelque temps, il s'approche, on voit alors appara\u00eetre les d\u00e9tails, il s'habitue \u00e0 nous et l'image trouble du d\u00e9but se pr\u00e9cise peu \u00e0 peu. Il prend corps. On multiplie les lieux, les rencontres, les \u00e9motions, les silences . Les prises de notes se succ\u00e8dent pour qu'enfin que le clown se pr\u00e9sente \u00e0 vous.","authors":["Eric Lyonnet","Eric Pouyet"],"category_codes":["6000000","6070000","6070200"],"visuals":{"large":"https:\/\/images.epagine.fr\/360\/9782322011360_1_75.jpg","medium":"https:\/\/images.epagine.fr\/360\/9782322011360_1_m.jpg","thumbnail":"https:\/\/images.epagine.fr\/360\/9782322011360_1_v.jpg"},"orderable":true,"show_badge":true,"formatted_price":"15,00&nbsp;\u20ac","formatted_published_date":"20 octobre 2015","publisher_availability_label":"Sur commande","short_details":"Eric Lyonnet, Eric Pouyet \u2014 Books on Demand","translator":null,"weight":401,"page_count":80,"readership":null,"editor":"Books on Demand","price":1500,"published_date":"2015-10-19T22:00:00.000000Z","support":"Grand format","publisher_availability":1,"stock":0,"editions":[],"url":"https:\/\/quaidesbrumes.com\/ouvrage\/9782322011360\/ne-de-la-terre"},{"id":"9781760290955","title":"WOMEN I''VE UNDRESSED - THE FABULOUS LIFE AND TIMES OF A LEGENDARY HOLLYWOOD DESIGNER","description":null,"authors":["Orry-Kelly"],"category_codes":["6000000","6070000","6070300"],"visuals":{"large":"https:\/\/images.epagine.fr\/955\/9781760290955_1_75.jpg","medium":"https:\/\/images.epagine.fr\/955\/9781760290955_1_m.jpg","thumbnail":"https:\/\/images.epagine.fr\/955\/9781760290955_1_v.jpg"},"orderable":true,"show_badge":true,"formatted_price":"29,80&nbsp;\u20ac","formatted_published_date":"4 f\u00e9vrier 2016","publisher_availability_label":"Sur commande","short_details":"Orry-Kelly \u2014 Allen & Unwin","translator":null,"weight":1578,"page_count":425,"readership":null,"editor":"Allen & Unwin","price":2980,"published_date":"2016-02-03T23:00:00.000000Z","support":"Grand format","publisher_availability":1,"stock":0,"editions":[],"url":"https:\/\/quaidesbrumes.com\/ouvrage\/9781760290955\/women-ive-undressed-the-fabulous-life-and-times-of-a-legendary-hollywood-designer"},{"id":"9782343070735","title":"La r\u00e9daction de presse dans tous ses \u00e9tats ; le journaliste au scanner","description":"La presse, acteur privil\u00e9gi\u00e9 de l'espace public, est per\u00e7ue ici comme un univers particulier, ambivalent qui suscite \u00e0 la fois enthousiasme, curiosit\u00e9 et m\u00e9fiance... Cet \u00e9tat d'esprit est renforc\u00e9 par la m\u00e9connaissance de l'un de ses plus pr\u00e9cieux outils de communication organisationnelle qu'est la conf\u00e9rence de r\u00e9daction. Pour les journalistes, la conf\u00e9rence de r\u00e9daction est et doit rester l'affaire des professionnels ! Mais cet ouvrage offre \u00e0 tous une chance de r\u00e9appropriation des conventions et des bonnes pratiques de cette instance d'autor\u00e9gulation.","authors":["Anicet laurent Quenum"],"category_codes":["6000000","6070000","6070300"],"visuals":{"large":"https:\/\/images.epagine.fr\/735\/9782343070735_1_75.jpg","medium":"https:\/\/images.epagine.fr\/735\/9782343070735_1_m.jpg","thumbnail":"https:\/\/images.epagine.fr\/735\/9782343070735_1_v.jpg"},"orderable":true,"show_badge":true,"formatted_price":"21,00&nbsp;\u20ac","formatted_published_date":"21 juillet 2015","publisher_availability_label":"Sur commande","short_details":"Anicet laurent Quenum \u2014 \u00c9ditions L'Harmattan","translator":null,"weight":235,"page_count":190,"readership":null,"editor":"\u00c9ditions L'Harmattan","price":2100,"published_date":"2015-07-20T22:00:00.000000Z","support":"Grand format","publisher_availability":1,"stock":0,"editions":[],"url":"https:\/\/quaidesbrumes.com\/ouvrage\/9782343070735\/la-redaction-de-presse-dans-tous-ses-etats-le-journaliste-au-scanner"},{"id":"9783901753732","title":"Buffalo ballad ; on the trail on american icon","description":"Heidi et Hans-J\u00fcrgen Koch \u00e0 la recherche visuelle des traces de l'esprit et du mythe d'une ic\u00f4ne am\u00e9ricaine. Dans les merveilleuses photographies en noir et blanc de Heidi et Hans-J\u00fcrgen Koch, un couple de photographes maintes fois prim\u00e9, le bison devient une vision r\u00e9elle : \u00ab Nous avons voyag\u00e9 au coeur du pays des bisons, \u00e0 travers le Dakota , du Nord et du Sud, le Wyoming, le Colorado et le Montana. Notre image du bison n'est ni romantique ni nostalgique. Elle montre aussi bien le pass\u00e9 que le pr\u00e9sent et le futur de la prairie am\u00e9ricaine. \u00bb","authors":["Hans Jurgen koch","Heidi Jurgen koch"],"category_codes":["6000000","6070000","6070200"],"visuals":{"large":"https:\/\/images.epagine.fr\/732\/9783901753732_1_75.jpg","medium":"https:\/\/images.epagine.fr\/732\/9783901753732_1_m.jpg","thumbnail":"https:\/\/images.epagine.fr\/732\/9783901753732_1_v.jpg"},"orderable":true,"show_badge":true,"formatted_price":"99,00&nbsp;\u20ac","formatted_published_date":"29 octobre 2014","publisher_availability_label":"Sur commande","short_details":"Hans Jurgen koch, Heidi Jurgen koch \u2014 Lammerhuber","translator":null,"weight":2678,"page_count":224,"readership":null,"editor":"Lammerhuber","price":9900,"published_date":"2014-10-28T23:00:00.000000Z","support":"Grand format","publisher_availability":1,"stock":0,"editions":[],"url":"https:\/\/quaidesbrumes.com\/ouvrage\/9783901753732\/buffalo-ballad-on-the-trail-on-american-icon"},{"id":"9782343067216","title":"Filmer des spots de pub, un metier aventureux","description":"Des h\u00e9licos, des cascades, des stars, des tournages sur tous les continents, parfois au prix de risques physiques, Jacques Arnaud a d\u00fb tout g\u00e9rer en tant que producteur de spots publicitaires. Certains ont profond\u00e9ment marqu\u00e9 l'imaginaire collectif. Cet ouvrage offre le t\u00e9moignage d'un professionnel de l'audiovisuel, mais aussi d'un patron de PME aux prises avec les difficult\u00e9s de son environnement : la lutte du petit entrepreneur contre les grosses machines, les rigidit\u00e9s r\u00e9glementaires, les effets de la mondialisation.","authors":["Jacques Arnaud"],"category_codes":["6000000","6070000","6070300","6070304"],"visuals":{"large":"https:\/\/images.epagine.fr\/216\/9782343067216_1_75.jpg","medium":"https:\/\/images.epagine.fr\/216\/9782343067216_1_m.jpg","thumbnail":"https:\/\/images.epagine.fr\/216\/9782343067216_1_v.jpg"},"orderable":true,"show_badge":true,"formatted_price":"39,00&nbsp;\u20ac","formatted_published_date":"5 ao\u00fbt 2015","publisher_availability_label":"Sur commande","short_details":"Jacques Arnaud \u2014 \u00c9ditions L'Harmattan","translator":null,"weight":588,"page_count":342,"readership":null,"editor":"\u00c9ditions L'Harmattan","price":3900,"published_date":"2015-08-04T22:00:00.000000Z","support":"Grand format","publisher_availability":1,"stock":0,"editions":[],"url":"https:\/\/quaidesbrumes.com\/ouvrage\/9782343067216\/filmer-des-spots-de-pub-un-metier-aventureux"},{"id":"9783829602204","title":"Frida kahlo und nickolas muray : ich werde dich nie vergessen \/allemand","description":null,"authors":["Salomon Grimberg"],"category_codes":["6000000","6070000","6070200"],"visuals":{"large":"https:\/\/images.epagine.fr\/204\/9783829602204_1_75.jpg","medium":"https:\/\/images.epagine.fr\/204\/9783829602204_1_m.jpg","thumbnail":"https:\/\/images.epagine.fr\/204\/9783829602204_1_v.jpg"},"orderable":true,"show_badge":true,"formatted_price":"24,00&nbsp;\u20ac","formatted_published_date":"30 d\u00e9cembre 1999","publisher_availability_label":"Sur commande","short_details":"Salomon Grimberg \u2014 Schirmer Mosel","translator":null,"weight":501,"page_count":120,"readership":null,"editor":"Schirmer Mosel","price":2400,"published_date":"1999-12-29T23:00:00.000000Z","support":"Grand format","publisher_availability":1,"stock":0,"editions":[],"url":"https:\/\/quaidesbrumes.com\/ouvrage\/9783829602204\/frida-kahlo-und-nickolas-muray-ich-werde-dich-nie-vergessen-allemand"},{"id":"9782343070605","title":"Le corps hors norme dans la photographie contemporaine ; plasticit\u00e9s","description":"La figure du corps hors norme est l'h\u00e9riti\u00e8re contemporaine des monstres, freaks et autres curiosit\u00e9s humaines qui furent au fil des si\u00e8cles monstr\u00e9s \u00e0 la foule et auscult\u00e9s par la Science. A l'instar de son sujet, la repr\u00e9sentation photographique contemporaine se caract\u00e9rise, face \u00e0 l'iconographie produite \u00e0 partir de la seconde partie du XIXe si\u00e8cle, par des gestes de continuit\u00e9 et de rupture, de r\u00e9p\u00e9tition et de variation, de disparition et de cr\u00e9ation; c'est cet enjeu esth\u00e9tique qui permet d'appr\u00e9hender pleinement l'espace critique et r\u00e9flexif qu'elle occupe aujourd'hui aux c\u00f4t\u00e9s du corps hors norme.","authors":["Forget Zoe"],"category_codes":["6000000","6070000","6070200","6070203"],"visuals":{"large":"https:\/\/images.epagine.fr\/605\/9782343070605_1_75.jpg","medium":"https:\/\/images.epagine.fr\/605\/9782343070605_1_m.jpg","thumbnail":"https:\/\/images.epagine.fr\/605\/9782343070605_1_v.jpg"},"orderable":true,"show_badge":true,"formatted_price":"25,50&nbsp;\u20ac","formatted_published_date":"17 septembre 2015","publisher_availability_label":"Sur commande","short_details":"Forget Zoe \u2014 \u00c9ditions L'Harmattan","translator":null,"weight":275,"page_count":236,"readership":null,"editor":"\u00c9ditions L'Harmattan","price":2550,"published_date":"2015-09-16T22:00:00.000000Z","support":"Grand format","publisher_availability":1,"stock":0,"editions":[],"url":"https:\/\/quaidesbrumes.com\/ouvrage\/9782343070605\/le-corps-hors-norme-dans-la-photographie-contemporaine-plasticites"},{"id":"9782011904812","title":"Exposition universelle paris 1889","description":"Exposition universelle, Paris, 1889 Date de l'\u00e9dition originale : 1889 Sujet de l'ouvrage : Exposition universelle (1889) Ce livre est la reproduction fid\u00e8le d une uvre publi\u00e9e avant 1920 et fait partie d une collection de livres r\u00e9imprim\u00e9s \u00e0 la demande \u00e9dit\u00e9e par Hachette Livre, dans le cadre d un partenariat avec la Biblioth\u00e8que nationale de France, offrant l opportunit\u00e9 d acc\u00e9der \u00e0 des ouvrages anciens et souvent rares issus des fonds patrimoniaux de la BnF.\r\nLes uvres faisant partie de cette collection ont \u00e9t\u00e9 num\u00e9ris\u00e9es par la BnF et sont pr\u00e9sentes sur Gallica, sa biblioth\u00e8que num\u00e9rique.\r\n\r\nEn entreprenant de redonner vie \u00e0 ces ouvrages au travers d une collection de livres r\u00e9imprim\u00e9s \u00e0 la demande, nous leur donnons la possibilit\u00e9 de rencontrer un public \u00e9largi et participons \u00e0 la transmission de connaissances et de savoirs parfois difficilement accessibles.\r\nNous avons cherch\u00e9 \u00e0 concilier la reproduction fid\u00e8le d un livre ancien \u00e0 partir de sa version num\u00e9ris\u00e9e avec le souci d un confort de lecture optimal. Nous esp\u00e9rons que les ouvrages de cette nouvelle collection vous apporteront enti\u00e8re satisfaction.\r\n\r\nPour plus d informations, rendez-vous sur www.hachettebnf.fr","authors":["[S.N.]"],"category_codes":["6000000","6070000","6070200"],"visuals":{"large":"https:\/\/images.epagine.fr\/812\/9782011904812_1_75.jpg","medium":"https:\/\/images.epagine.fr\/812\/9782011904812_1_m.jpg","thumbnail":"https:\/\/images.epagine.fr\/812\/9782011904812_1_v.jpg"},"orderable":true,"show_badge":true,"formatted_price":"9,50&nbsp;\u20ac","formatted_published_date":"1er ao\u00fbt 2015","publisher_availability_label":"Sur commande","short_details":"[S.N.] \u2014 Hachette BNF","translator":null,"weight":43,"page_count":null,"readership":null,"editor":"Hachette BNF","price":950,"published_date":"2015-07-31T22:00:00.000000Z","support":"Grand format","publisher_availability":1,"stock":0,"editions":[],"url":"https:\/\/quaidesbrumes.com\/ouvrage\/9782011904812\/exposition-universelle-paris-1889"},{"id":"9782367161358","title":"Macadam baby ; sc\u00e9nario du film","description":"Sc\u00e9nario complet et dialogues du film. Introduction de Patrick Bossard.","authors":["Patrick Bossard"],"category_codes":["6000000","6070000","6070300","6070309"],"visuals":{"large":"https:\/\/images.epagine.fr\/358\/9782367161358_1_75.jpg","medium":"https:\/\/images.epagine.fr\/358\/9782367161358_1_m.jpg","thumbnail":"https:\/\/images.epagine.fr\/358\/9782367161358_1_v.jpg"},"orderable":true,"show_badge":true,"formatted_price":"18,00&nbsp;\u20ac","formatted_published_date":"23 septembre 2015","publisher_availability_label":"Sur commande","short_details":"Patrick Bossard \u2014 Lettmotif","translator":null,"weight":340,"page_count":152,"readership":null,"editor":"Lettmotif","price":1800,"published_date":"2015-09-22T22:00:00.000000Z","support":"Grand format","publisher_availability":1,"stock":0,"editions":[],"url":"https:\/\/quaidesbrumes.com\/ouvrage\/9782367161358\/macadam-baby-scenario-du-film"},{"id":"9783943514391","title":"On distance","description":"Une s\u00e9lection d'oeuvres de Heinz Peter Knes issues des archives que l'artiste consacre \u00e0 la photographie de voyage depuis 2010.\r\nContrairement \u00e0 l'approche conventionnelle du carnet de voyage, bas\u00e9 sur l'indexation de lieux et de situations et ordonn\u00e9 de mani\u00e8re chronologique ou g\u00e9ographique, l'agencement des photographies ici pr\u00e9sentes refl\u00e8te une th\u00e9matique culturelle plus large, motiv\u00e9e par les int\u00e9r\u00eats personnels, les d\u00e9sirs et le hasard. En collaboration avec Julie Ault, Knes a organis\u00e9 les images selon des cat\u00e9gories subjectives et associatives, influenc\u00e9 en cela par la \u00abloi de bon voisinage\u00bb de Warburg. La loi de Warburg concernant l'agencement d'une biblioth\u00e8que est bas\u00e9e sur le dialogue et la relation engag\u00e9e entre les ouvrages plac\u00e9s c\u00f4te \u00e0 c\u00f4te.\r\nOn distance op\u00e8re une recherche similaire \u00e0 travers les possibilit\u00e9s s\u00e9mantiques qui \u00e9mergent des images lorsqu'elles s'autorisent \u00e0 \u00eatre lues hors des contraintes des mod\u00e8les pr\u00e9con\u00e7us de cat\u00e9gorisation de la connaissance et de l'exp\u00e9rience.\r\nPubli\u00e9 \u00e0 l'occasion de l'exposition \u00ab mothertongue \u00bb de Danh Vo, au Pavillon danois de la 56e Biennale de Venise, du 9 mai au 22 novembre 2015.","authors":["Heinz peter Knes"],"category_codes":["6000000","6070000","6070200","6070205"],"visuals":{"large":"https:\/\/images.epagine.fr\/391\/9783943514391_1_75.jpg","medium":"https:\/\/images.epagine.fr\/391\/9783943514391_1_m.jpg","thumbnail":"https:\/\/images.epagine.fr\/391\/9783943514391_1_v.jpg"},"orderable":true,"show_badge":true,"formatted_price":"19,00&nbsp;\u20ac","formatted_published_date":"15 juin 2015","publisher_availability_label":"Sur commande","short_details":"Heinz peter Knes \u2014 Bom Dia Boa Tarde Boa Noite","translator":null,"weight":0,"page_count":112,"readership":null,"editor":"Bom Dia Boa Tarde Boa Noite","price":1900,"published_date":"2015-06-14T22:00:00.000000Z","support":"Grand format","publisher_availability":1,"stock":0,"editions":[],"url":"https:\/\/quaidesbrumes.com\/ouvrage\/9783943514391\/on-distance"},{"id":"9783838172880","title":"Le cin\u00e9ma europ\u00e9en face a l'invasion du film hollywoodien","description":"Le cin\u00e9ma est un \u00e9merveillement de doubles, de fant\u00f4mes, un univers futuriste ou archa\u00efque qui nous poss\u00e8de, nous envo\u00fbte, qui vit en nous.L'esprit du spectateur effectue un travail formidable de perception, r\u00e9flexion, cr\u00e9ation de l'imaginaire, impr\u00e9gn\u00e9 du r\u00e9el. Penser visuellement est une activit\u00e9 humaine dont le produit est l'arrangement des images, de nouvelles formes porteuses de sens. Le caract\u00e8re de l'individu, son exp\u00e9rience personnelle, son intelligence repr\u00e9sentent des liaisons complexes fragmentaires d'association et d'information. Le processus d'entassement d'information est un processus de r\u00e9flexion artistique. L'esprit du spectateur effectue un travail formidable de perception, r\u00e9flexion, cr\u00e9ation de l'imaginaire, impr\u00e9gn\u00e9 du r\u00e9el. Penser visuellement est une activit\u00e9 humaine dont le produit est l'arrangement des images, de nouvelles formes porteuses de sens.","authors":["Petya jeancier Vartigova"],"category_codes":["6000000","6070000","6070300","6070304"],"visuals":{"large":"https:\/\/images.epagine.fr\/880\/9783838172880_1_75.jpg","medium":"https:\/\/images.epagine.fr\/880\/9783838172880_1_m.jpg","thumbnail":"https:\/\/images.epagine.fr\/880\/9783838172880_1_v.jpg"},"orderable":true,"show_badge":true,"formatted_price":"29,00&nbsp;\u20ac","formatted_published_date":"5 septembre 2012","publisher_availability_label":"Sur commande","short_details":"Petya jeancier Vartigova \u2014 Presses Academiques Francophones","translator":null,"weight":130,"page_count":80,"readership":null,"editor":"Presses Academiques Francophones","price":2900,"published_date":"2012-09-04T22:00:00.000000Z","support":"Grand format","publisher_availability":1,"stock":0,"editions":[],"url":"https:\/\/quaidesbrumes.com\/ouvrage\/9783838172880\/le-cinema-europeen-face-a-linvasion-du-film-hollywoodien"},{"id":"9781781859377","title":"A STAR IS BORN","description":null,"authors":["George Tiffin"],"category_codes":["6000000","6070000","6070300"],"visuals":{"large":"https:\/\/images.epagine.fr\/377\/9781781859377_1_75.jpg","medium":"https:\/\/images.epagine.fr\/377\/9781781859377_1_m.jpg","thumbnail":"https:\/\/images.epagine.fr\/377\/9781781859377_1_v.jpg"},"orderable":true,"show_badge":true,"formatted_price":"33,80&nbsp;\u20ac","formatted_published_date":"1er octobre 2015","publisher_availability_label":"Sur commande","short_details":"George Tiffin \u2014 Head of Zeus","translator":null,"weight":1824,"page_count":407,"readership":null,"editor":"Head of Zeus","price":3380,"published_date":"2015-09-30T22:00:00.000000Z","support":"Grand format","publisher_availability":1,"stock":0,"editions":[],"url":"https:\/\/quaidesbrumes.com\/ouvrage\/9781781859377\/a-star-is-born"}]}