{"data":[{"id":"9782322016907","title":"Le cirque bidon ; sur la route","description":"Le cirque Bidon est un cirque traditionnel. Il est le seul cirque se d\u00e9pla\u00e7ant encore avec des roulottes tir\u00e9es par des chevaux. Apr\u00e8s avoir parcouru l'Italie pendant des ann\u00e9es, on peut le rencontr\u00e9, \u00e0 la belle saison, sur les routes de France. Chaque ann\u00e9e, sa caravane serpente le long des routes d'une r\u00e9gion. Il est stationn\u00e9 en hiver dans le Berry, pr\u00e8s du village o\u00f9 fut tourn\u00e9 'Jour de f\u00eate' de Jacques Tati.\r\nJ'ai la chance de suivre depuis trois ans cette troupe: \r\nSon spectacle alterne les num\u00e9ros d'acrobatie, de com\u00e9die ou de clowns. Il d\u00e9nonce avec humour les travers de la vie moderne. Au spectacle avec un public qui retient son souffle ne voulant pas perdre une seconde des sc\u00e8nes qui s'entrecroisent.\r\nLa route qui fait l'\u00e9loge de la lenteur, si l'\u00e9tape fait plus de 30 km, un bivouac s'impose pour pr\u00e9server les chevaux.\r\nLe montage et d\u00e9montage du palc (cirque en plein air, sans chapiteau) travail m\u00e9thodique o\u00f9 chacun r\u00e9p\u00e8te ses gestes appris par l'exp\u00e9rience.\r\n\r\nJe vous propose dans se livre de photos quelques moments que j'ai pu partag\u00e9 avec ces artistes dont la vie, j'en suis s\u00fbr saura vous captiver.","authors":["Alain Gaymard"],"category_codes":["6000000","6070000","6070200"],"visuals":{"large":"https:\/\/images.epagine.fr\/907\/9782322016907_1_75.jpg","medium":"https:\/\/images.epagine.fr\/907\/9782322016907_1_m.jpg","thumbnail":"https:\/\/images.epagine.fr\/907\/9782322016907_1_v.jpg"},"orderable":true,"show_badge":true,"formatted_price":"15,00&nbsp;\u20ac","formatted_published_date":"22 avril 2015","publisher_availability_label":"Sur commande","short_details":"Alain Gaymard \u2014 Books on Demand","translator":null,"weight":401,"page_count":80,"readership":null,"editor":"Books on Demand","price":1500,"published_date":"2015-04-21T22:00:00.000000Z","support":"Grand format","publisher_availability":1,"stock":0,"editions":[],"url":"https:\/\/quaidesbrumes.com\/ouvrage\/9782322016907\/le-cirque-bidon-sur-la-route"},{"id":"9782351300879","title":"Timadeuc ; il \u00e9tait... une foi","description":"Alain Auboiroux : Timadeuc, une abbaye cistercienne au coeur de la Bretagne. Des hommes qui cherchent Dieu ont choisi de consacrer leur vie \u00e0 la pri\u00e8re. Rythm\u00e9e par un emploi du temps immuable, leur vie s'\u00e9coule de vigiles \u00e0 complies dans ce lieu o\u00f9 chaque geste du quotidien devient un acte de foi. En captant une attitude, un regard, une situation, un geste, l'objectif d'Alain Auboiroux tente de percer les pens\u00e9es secr\u00e8tes de ces hommes qui vivent dans le silence. Une soixantaine d'images accompagn\u00e9es des r\u00e9flexions du photographe et des citations de la R\u00e8gle de saint Beno\u00eet, retrace la vie quotidienne \u00e0 Timadeuc.","authors":["Alain Auboiroux"],"category_codes":["6000000","6070000","6070200"],"visuals":{"large":"https:\/\/images.epagine.fr\/879\/9782351300879_1_75.jpg","medium":"https:\/\/images.epagine.fr\/879\/9782351300879_1_m.jpg","thumbnail":"https:\/\/images.epagine.fr\/879\/9782351300879_1_v.jpg"},"orderable":true,"show_badge":true,"formatted_price":"15,00&nbsp;\u20ac","formatted_published_date":"27 mars 2015","publisher_availability_label":"Sur commande","short_details":"Alain Auboiroux \u2014 Cdpeditions","translator":null,"weight":201,"page_count":48,"readership":null,"editor":"Cdpeditions","price":1500,"published_date":"2015-03-26T23:00:00.000000Z","support":"Grand format","publisher_availability":1,"stock":0,"editions":[],"url":"https:\/\/quaidesbrumes.com\/ouvrage\/9782351300879\/timadeuc-il-etait-une-foi"},{"id":"9782916109473","title":"Jura bleu blanc vert","description":"Paysage du Jura \u00e0 travers ses trois couleurs. Bleu Blanc Vert","authors":["St\u00e9phane Godin"],"category_codes":["6000000","6070000","6070200"],"visuals":{"large":"https:\/\/images.epagine.fr\/473\/9782916109473_1_75.jpg","medium":"https:\/\/images.epagine.fr\/473\/9782916109473_1_m.jpg","thumbnail":"https:\/\/images.epagine.fr\/473\/9782916109473_1_v.jpg"},"orderable":true,"show_badge":true,"formatted_price":"19,50&nbsp;\u20ac","formatted_published_date":"2 mars 2015","publisher_availability_label":"Sur commande","short_details":"St\u00e9phane Godin \u2014 Septeditions","translator":null,"weight":306,"page_count":146,"readership":null,"editor":"Septeditions","price":1950,"published_date":"2015-03-01T23:00:00.000000Z","support":"Grand format","publisher_availability":1,"stock":0,"editions":[],"url":"https:\/\/quaidesbrumes.com\/ouvrage\/9782916109473\/jura-bleu-blanc-vert"},{"id":"9788867494446","title":"ZimmerFrei","description":"Une documentation exhaustive sur la trilogie de courts m\u00e9trages du collectif artistique italien.\r\nD\u00e9velopp\u00e9 autour des notions de politique identitaire, d'alt\u00e9rit\u00e9 et de solidarit\u00e9, LUMI, le titre du dernier film de ZimmerFrei, devient un acte social, o\u00f9 voir n'est plus l'\u00e9quivalent d'un acte perceptif direct mais de la \u00ab production raciale du visible \u00bb. Pr\u00e9sent\u00e9 par l'anthropologue Francesco Remotti et par la curatrice et \u00e9ditrice du livre, Martina Angelotti, le livre rassemble les scripts et une documentation visuelle exhaustive sur la production de la trilogie de courts m\u00e9trages qui composent le projet.","authors":["Lumi"],"category_codes":["6000000","6070000","6070300","6070304"],"visuals":{"large":"https:\/\/images.epagine.fr\/446\/9788867494446_1_75.jpg","medium":"https:\/\/images.epagine.fr\/446\/9788867494446_1_m.jpg","thumbnail":"https:\/\/images.epagine.fr\/446\/9788867494446_1_v.jpg"},"orderable":true,"show_badge":true,"formatted_price":"25,00&nbsp;\u20ac","formatted_published_date":"21 janvier 2021","publisher_availability_label":"Sur commande","short_details":"Lumi \u2014 Mousse Publishing","translator":null,"weight":0,"page_count":256,"readership":null,"editor":"Mousse Publishing","price":2500,"published_date":"2021-01-20T23:00:00.000000Z","support":"Grand format","publisher_availability":1,"stock":0,"editions":[],"url":"https:\/\/quaidesbrumes.com\/ouvrage\/9788867494446\/zimmerfrei"},{"id":"9788416282166","title":"William kentridge fortune (expo muac mexico) \/anglais\/espagnol","description":null,"authors":["Tone Liane"],"category_codes":["6000000","6070000","6070200"],"visuals":{"large":"https:\/\/images.epagine.fr\/166\/9788416282166_1_75.jpg","medium":"https:\/\/images.epagine.fr\/166\/9788416282166_1_m.jpg","thumbnail":"https:\/\/images.epagine.fr\/166\/9788416282166_1_v.jpg"},"orderable":true,"show_badge":true,"formatted_price":"22,00&nbsp;\u20ac","formatted_published_date":"1er juin 2015","publisher_availability_label":"Sur commande","short_details":"Tone Liane \u2014 Rm Editorial","translator":null,"weight":300,"page_count":120,"readership":null,"editor":"Rm Editorial","price":2200,"published_date":"2015-05-31T22:00:00.000000Z","support":"Grand format","publisher_availability":1,"stock":0,"editions":[],"url":"https:\/\/quaidesbrumes.com\/ouvrage\/9788416282166\/william-kentridge-fortune-expo-muac-mexico-anglaisespagnol"},{"id":"9782824606231","title":"Audiard ; une histoire sur grand \u00e9cran","description":"Michel Audiard. Un nom qui incarne \u00e0 lui seul les grandes heures du cin\u00e9ma fran\u00e7ais. Il est synonyme de r\u00e9pliques cultes prononc\u00e9es par les meilleurs acteurs, de Gabin \u00e0 Ventura, de Blier \u00e0 Belmondo, de Girardot \u00e0 Serrault. En une centaine de films, Audiard s'est impos\u00e9 comme le plus grand dialoguiste du septi\u00e8me art. Cette biographie montre comment sont n\u00e9s ces grands films, des Tontons flingueurs \u00e0 Un singe en hiver, des Barbouzes \u00e0 Le cave se rebiffe. Et puis la vie d'Audiard, de son enfance malheureuse et pauvre \u00e0 ses succ\u00e8s populaires, c'est toute une \u00e9poque. Une France d'apr\u00e8s-guerre dans laquelle Audiard cultivait l'irr\u00e9v\u00e9rence, le politiquement incorrect et la provocation. Pour notre plus grand bonheur !","authors":["Sandro Cassati"],"category_codes":["6000000","6070000","6070300"],"visuals":{"large":"https:\/\/images.epagine.fr\/231\/9782824606231_1_75.jpg","medium":"https:\/\/images.epagine.fr\/231\/9782824606231_1_m.jpg","thumbnail":"https:\/\/images.epagine.fr\/231\/9782824606231_1_v.jpg"},"orderable":true,"show_badge":true,"formatted_price":"18,00&nbsp;\u20ac","formatted_published_date":"15 juillet 2015","publisher_availability_label":"Sur commande","short_details":"Sandro Cassati \u2014 City \u00c9ditions","translator":null,"weight":434,"page_count":244,"readership":null,"editor":"City \u00c9ditions","price":1800,"published_date":"2015-07-14T22:00:00.000000Z","support":"Grand format","publisher_availability":1,"stock":0,"editions":[],"url":"https:\/\/quaidesbrumes.com\/ouvrage\/9782824606231\/audiard-une-histoire-sur-grand-ecran"},{"id":"9782824606347","title":"Le monde des tontons flingueurs","description":"Les Tontons flingueurs figure au palmar\u00e8s des films cultes du cin\u00e9ma fran\u00e7ais. Un chef d'oeuvre qui, cinquante ans apr\u00e8s, fait toujours partie des films pr\u00e9f\u00e9r\u00e9s du public. Dans ce dictionnaire \u00ab fa\u00e7on puzzle \u00bb, l'auteur rend hommage \u00e0 un monument d'humour d\u00e9cal\u00e9, de personnages loufoques et de situations abracadabrantesques. Sans oublier les plus grandes r\u00e9pliques devenues des classiques (\u00ab Touche pas au grisbi salope ! \u00bb, \u00ab Les cons, \u00e7a ose tout, c'est m\u00eame \u00e0 \u00e7a qu'on les reconna\u00eet \u00bb, etc.) De A comme Audiard \u00e0 Z comme S\u00e9rie Z, de G comme Grisbi \u00e0 V comme Volfoni, de B comme Blier \u00e0 L comme Lautner : entrez dans l'univers d'un film de l\u00e9gende.","authors":["Marc Lemonier"],"category_codes":["6000000","6070000","6070300"],"visuals":{"large":"https:\/\/images.epagine.fr\/347\/9782824606347_1_75.jpg","medium":"https:\/\/images.epagine.fr\/347\/9782824606347_1_m.jpg","thumbnail":"https:\/\/images.epagine.fr\/347\/9782824606347_1_v.jpg"},"orderable":true,"show_badge":true,"formatted_price":"21,97&nbsp;\u20ac","formatted_published_date":"1er juillet 2015","publisher_availability_label":"Sur commande","short_details":"Marc Lemonier \u2014 City \u00c9ditions","translator":null,"weight":624,"page_count":244,"readership":null,"editor":"City \u00c9ditions","price":2197,"published_date":"2015-06-30T22:00:00.000000Z","support":"Grand format","publisher_availability":1,"stock":0,"editions":[],"url":"https:\/\/quaidesbrumes.com\/ouvrage\/9782824606347\/le-monde-des-tontons-flingueurs"},{"id":"9782343067254","title":"Cahiers congolais (vol xii) de communication","description":"\"Ce douzi\u00e8me volume des Cahiers congolais de communication comprend cinq parties : Recherches sur la communication \u00e9crite (Bibliologie) en RD Congo ; Communication, Enjeux sociaux et politiques ; Communication et Enjeux d entreprises ; Communication interpersonnelle et Enjeux sociaux ; Regards compl\u00e9mentaires : SIC et sciences sociales.\"","authors":["Collectif"],"category_codes":["6000000","6070000","6070300"],"visuals":{"large":"https:\/\/images.epagine.fr\/254\/9782343067254_1_75.jpg","medium":"https:\/\/images.epagine.fr\/254\/9782343067254_1_m.jpg","thumbnail":"https:\/\/images.epagine.fr\/254\/9782343067254_1_v.jpg"},"orderable":true,"show_badge":true,"formatted_price":"23,00&nbsp;\u20ac","formatted_published_date":"17 juin 2015","publisher_availability_label":"Sur commande","short_details":"Collectif \u2014 \u00c9ditions L'Harmattan","translator":null,"weight":320,"page_count":200,"readership":null,"editor":"\u00c9ditions L'Harmattan","price":2300,"published_date":"2015-06-16T22:00:00.000000Z","support":"Grand format","publisher_availability":1,"stock":0,"editions":[],"url":"https:\/\/quaidesbrumes.com\/ouvrage\/9782343067254\/cahiers-congolais-vol-xii-de-communication"},{"id":"9782839914048","title":"Cin\u00e9ma expos\u00e9 \/exhibited cinema","description":"L'enjeu de l'ouvrage Cin\u00e9ma expos\u00e9 consiste \u00e0 reconstruire l'histoire du cin\u00e9ma en situation d'exposition et \u00e0 retracer son arch\u00e9ologie, \u00e0 partir d'essais in\u00e9dits de chercheurs, de curateurs, d'artistes et de cin\u00e9astes.\r\nL'objectif du livre est double : d'une part, reconstituer, \u00e0 partir de recherches en archives, la place du cin\u00e9ma et de l'image en mouvement dans le champ de l'art contemporain en Suisse romande et au-del\u00e0 ; d'autre part, \u00e9prouver les implications du contexte de l'exposition sur les formes de l'exp\u00e9rimentation filmique (gestion de la dur\u00e9e, multiplication des surfaces de projection, r\u00e9ception par un spectateur mobile). La premi\u00e8re partie, conjoignant des essais th\u00e9oriques ou historiques et des interventions d'artistes et de cin\u00e9astes, propose un \u00e9tat des lieux du film en situation d'exposition. La deuxi\u00e8me partie, issue d'une journ\u00e9e d'\u00e9tudes organis\u00e9e en partenariat avec l'Universit\u00e9 de Lausanne, dresse une cartographie du cin\u00e9ma \u00e9largi en Europe, qui se d\u00e9ploie \u00e0 travers des formes et des strat\u00e9gies moins spectaculaires qu'aux Etats-Unis. Ce livre se conclut en reproduisant un rapport pour l'Unesco sur l'actualit\u00e9 de l'art vid\u00e9o, r\u00e9dig\u00e9 en 1983 par Ren\u00e9 Berger.\r\nPubli\u00e9 dans le cadre du projet de recherche \u00e9ponyme conduit \u00e0 l'ECAL \/ Ecole cantonale d'art de Lausanne, sous la direction de Fran\u00e7ois Bovier & Adeena Mey, et soutenu par la HES-SO \/ Haute \u00e9cole sp\u00e9cialis\u00e9e de Suisse occidentale.","authors":["Collectif"],"category_codes":["6000000","6070000","6070300"],"visuals":{"large":"https:\/\/images.epagine.fr\/048\/9782839914048_1_75.jpg","medium":"https:\/\/images.epagine.fr\/048\/9782839914048_1_m.jpg","thumbnail":"https:\/\/images.epagine.fr\/048\/9782839914048_1_v.jpg"},"orderable":true,"show_badge":true,"formatted_price":"30,00&nbsp;\u20ac","formatted_published_date":"15 mai 2015","publisher_availability_label":"Sur commande","short_details":"Collectif \u2014 Ecole Cantonale D'Art De Lausanne","translator":null,"weight":0,"page_count":224,"readership":null,"editor":"Ecole Cantonale D'Art De Lausanne","price":3000,"published_date":"2015-05-14T22:00:00.000000Z","support":"Grand format","publisher_availability":1,"stock":0,"editions":[],"url":"https:\/\/quaidesbrumes.com\/ouvrage\/9782839914048\/cinema-expose-exhibited-cinema"},{"id":"9783956791062","title":"\"we support everything since dawn of time that has struggled and still struggles\" introduction to lettrist cinema","description":"Une pr\u00e9sentation des concepts et figures cl\u00e9s du cin\u00e9ma lettriste, dont les innovations formelles pr\u00e9figurent les avanc\u00e9es de la Nouvelle Vague et les exp\u00e9rimentations de l'Expanded Cinema.\r\nPubli\u00e9 avec le Moderna Museet, Stockholm, cet ouvrage s'inscrit dans la s\u00e9rie \u00ab All the King's Horses \u00bb, d\u00e9di\u00e9e \u00e0 l'Internationale situationniste.","authors":["Nicole Brenez","Clodagh Kinsella"],"category_codes":["6000000","6070000","6070300"],"visuals":{"large":"https:\/\/images.epagine.fr\/062\/9783956791062_1_75.jpg","medium":"https:\/\/images.epagine.fr\/062\/9783956791062_1_m.jpg","thumbnail":"https:\/\/images.epagine.fr\/062\/9783956791062_1_v.jpg"},"orderable":true,"show_badge":true,"formatted_price":"8,00&nbsp;\u20ac","formatted_published_date":"15 juin 2015","publisher_availability_label":"Sur commande","short_details":"Nicole Brenez, Clodagh Kinsella \u2014 Sternberg Press","translator":"CLODAGH KINSELLA","weight":0,"page_count":72,"readership":null,"editor":"Sternberg Press","price":800,"published_date":"2015-06-14T22:00:00.000000Z","support":"Grand format","publisher_availability":1,"stock":0,"editions":[],"url":"https:\/\/quaidesbrumes.com\/ouvrage\/9783956791062\/we-support-everything-since-dawn-of-time-that-has-struggled-and-still-struggles-introduction-to-lettrist-cinema"},{"id":"9782336307336","title":"Vers une culture m\u00e9diatic? m\u00e9dias, journalisme et espace public \u00e0 l'\u00e9preuve de la  num\u00e9risation","description":"Nouveaux dispositifs num\u00e9riques, nouveaux modes de production de l'information, crise \u00e9conomique du secteur de la presse... le paysage m\u00e9diatique \u00e9volue en profondeur. Comment aujourd'hui penser les m\u00e9dias, leurs publics et le r\u00f4le de chacun dans la soci\u00e9t\u00e9? Au travers de douze articles, cet ouvrage met en \u00e9vidence une grande diversit\u00e9 dans les objets, les m\u00e9thodes et de courants face aux \u00e9volutions socio-technologiques qui traversent le monde des m\u00e9dias et du journalisme.","authors":["Maas Elise","Nicolas P\u00e9lissier"],"category_codes":["6000000","6070000","6070300"],"visuals":{"large":"https:\/\/images.epagine.fr\/336\/9782336307336_1_75.jpg","medium":"https:\/\/images.epagine.fr\/336\/9782336307336_1_m.jpg","thumbnail":"https:\/\/images.epagine.fr\/336\/9782336307336_1_v.jpg"},"orderable":true,"show_badge":true,"formatted_price":"18,00&nbsp;\u20ac","formatted_published_date":"20 mai 2015","publisher_availability_label":"Sur commande","short_details":"Maas Elise, Nicolas P\u00e9lissier \u2014 \u00c9ditions L'Harmattan","translator":null,"weight":198,"page_count":160,"readership":null,"editor":"\u00c9ditions L'Harmattan","price":1800,"published_date":"2015-05-19T22:00:00.000000Z","support":"Grand format","publisher_availability":1,"stock":0,"editions":[],"url":"https:\/\/quaidesbrumes.com\/ouvrage\/9782336307336\/vers-une-culture-mediatic-medias-journalisme-et-espace-public-a-lepreuve-de-la-numerisation"},{"id":"9782343061795","title":"De l'autre c\u00f4t\u00e9 de l'amer ; repr\u00e9sentations visuelles et cin\u00e9matographiques de l'identit\u00e9 pied-noir","description":"Contrairement aux \u00e9tudes traditionnelles qui tendent \u00e0 cerner le pied-noir dans le rapport incestueux qu'il entretient entre m\u00e9tropole et colonie et qui le r\u00e9duisent au contexte caduque de la guerre d'Alg\u00e9rie, ce volume propose une analyse interdisciplinaire de l'identit\u00e9 pied-noir visant \u00e0 en explorer la pluralit\u00e9 \u00e0 travers ses repr\u00e9sentations graphiques, litt\u00e9raires et cin\u00e9matiques, que celles-ci \u00e9manent ou non d'artistes pieds-noirs.","authors":["Jean xavier Brager"],"category_codes":["6000000","6070000","6070300"],"visuals":{"large":"https:\/\/images.epagine.fr\/795\/9782343061795_1_75.jpg","medium":"https:\/\/images.epagine.fr\/795\/9782343061795_1_m.jpg","thumbnail":"https:\/\/images.epagine.fr\/795\/9782343061795_1_v.jpg"},"orderable":true,"show_badge":true,"formatted_price":"26,00&nbsp;\u20ac","formatted_published_date":"6 mai 2015","publisher_availability_label":"Sur commande","short_details":"Jean xavier Brager \u2014 \u00c9ditions L'Harmattan","translator":null,"weight":300,"page_count":244,"readership":null,"editor":"\u00c9ditions L'Harmattan","price":2600,"published_date":"2015-05-05T22:00:00.000000Z","support":"Grand format","publisher_availability":1,"stock":0,"editions":[],"url":"https:\/\/quaidesbrumes.com\/ouvrage\/9782343061795\/de-lautre-cote-de-lamer-representations-visuelles-et-cinematographiques-de-lidentite-pied-noir"},{"id":"9781784050900","title":"Du photon au pixel : l'appareil photographique num\u00e9rique","description":"L'appareil photographique num\u00e9rique cache des innovations technologiques remarquables qui concernent la formation de l'image, la repr\u00e9sentation des couleurs ou l'automatisation des mesures et des r\u00e9glages.\r\n\r\nDu photon au pixel d\u00e9crit l'appareil aussi bien du point de vue de la physique des ph\u00e9nom\u00e8nes mis en jeu, que de la technique des composants et des logiciels qu'il emploie. S'appuyant sur les propri\u00e9t\u00e9s perceptuelles du syst\u00e8me visuel ainsi que sur les standards de transmission et de repr\u00e9sentation, il analyse les solutions propos\u00e9es pour r\u00e9pondre aux demandes du photographe concernant la mise au point, le contraste, la balance des blancs ou la stabilisation de l'image.\r\n\r\nLes architectures avanc\u00e9es adopt\u00e9es dans les t\u00e9l\u00e9phones mobiles et les d\u00e9veloppements de la photographie computationnelle sont \u00e9galement pr\u00e9sent\u00e9s, pr\u00e9figurant les fonctionnalit\u00e9s de l'appareil futur.","authors":["Henri Maitre"],"category_codes":["6000000","6070000","6070200","6070208"],"visuals":{"large":"https:\/\/images.epagine.fr\/900\/9781784050900_1_75.jpg","medium":"https:\/\/images.epagine.fr\/900\/9781784050900_1_m.jpg","thumbnail":"https:\/\/images.epagine.fr\/900\/9781784050900_1_v.jpg"},"orderable":true,"show_badge":true,"formatted_price":"68,58&nbsp;\u20ac","formatted_published_date":"1er octobre 2015","publisher_availability_label":"Sur commande","short_details":"Henri Maitre \u2014 Iste","translator":null,"weight":780,"page_count":434,"readership":null,"editor":"Iste","price":6858,"published_date":"2015-09-30T22:00:00.000000Z","support":"Grand format","publisher_availability":1,"stock":0,"editions":[],"url":"https:\/\/quaidesbrumes.com\/ouvrage\/9781784050900\/du-photon-au-pixel-lappareil-photographique-numerique"},{"id":"9782343068428","title":"Communication sociale et politique ; une perspective panoramique des savoirs","description":"\"Profitant du ph\u00e9nom\u00e8ne technique de l expansion des m\u00e9dias de masse dans le quotidien des soci\u00e9t\u00e9s contemporaines et des apports des disciplines anciennement constitu\u00e9es, comme la sociologie, la philosophie ou la psychologie, le champ de la communication a pu d\u00e9velopper des concepts et des th\u00e9ories op\u00e9ratoires. Ce livre est une tentative de synth\u00e8se des domaines de l information et de la communication avec un regard singulier port\u00e9 sur les ph\u00e9nom\u00e8nes de la communication sociale et politique.\"","authors":["Henri Mova Sakanyi"],"category_codes":["6000000","6070000","6070300"],"visuals":{"large":"https:\/\/images.epagine.fr\/428\/9782343068428_1_75.jpg","medium":"https:\/\/images.epagine.fr\/428\/9782343068428_1_m.jpg","thumbnail":"https:\/\/images.epagine.fr\/428\/9782343068428_1_v.jpg"},"orderable":true,"show_badge":true,"formatted_price":"48,50&nbsp;\u20ac","formatted_published_date":"29 juin 2015","publisher_availability_label":"Sur commande","short_details":"Henri Mova Sakanyi \u2014 \u00c9ditions L'Harmattan","translator":null,"weight":725,"page_count":506,"readership":null,"editor":"\u00c9ditions L'Harmattan","price":4850,"published_date":"2015-06-28T22:00:00.000000Z","support":"Grand format","publisher_availability":1,"stock":0,"editions":[],"url":"https:\/\/quaidesbrumes.com\/ouvrage\/9782343068428\/communication-sociale-et-politique-une-perspective-panoramique-des-savoirs"},{"id":"9782343062860","title":"Requiem ou te deum pour les m\u00e9dias ?","description":"\"L auteur analyse les conditions de production de l information et la marginalisation du citoyen dans ce processus. Il s interroge sur la crise de confiance aux medias par des citoyens quelquefois d\u00e9sabus\u00e9s. Quels sens alors pour un journalisme citoyen ou civique, qui pr\u00f4ne une d\u00e9marche alternative ?\"","authors":["Oumar Seck ndiaye"],"category_codes":["6000000","6070000","6070300"],"visuals":{"large":"https:\/\/images.epagine.fr\/860\/9782343062860_1_75.jpg","medium":"https:\/\/images.epagine.fr\/860\/9782343062860_1_m.jpg","thumbnail":"https:\/\/images.epagine.fr\/860\/9782343062860_1_v.jpg"},"orderable":true,"show_badge":true,"formatted_price":"21,50&nbsp;\u20ac","formatted_published_date":"2 juin 2015","publisher_availability_label":"Sur commande","short_details":"Oumar Seck ndiaye \u2014 \u00c9ditions L'Harmattan","translator":null,"weight":260,"page_count":208,"readership":null,"editor":"\u00c9ditions L'Harmattan","price":2150,"published_date":"2015-06-01T22:00:00.000000Z","support":"Grand format","publisher_availability":1,"stock":0,"editions":[],"url":"https:\/\/quaidesbrumes.com\/ouvrage\/9782343062860\/requiem-ou-te-deum-pour-les-medias"},{"id":"9782351371831","title":"\u00e9thiopiques","description":"Fin 2014, William Ropp est retourn\u00e9 en Afrique, quelques ann\u00e9es apr\u00e8s M\u00e9moires r\u00eav\u00e9es d'Afrique. Mais \u00e0 l'est cette fois, \u00ab dans la corne \u00bb, en \u00c9thiopie, terre de l\u00e9gendes, des s\u00e9jours de Rimbaud au surnom de \u00ab berceau de l'humanit\u00e9 \u00bb. Ropp a  tremp\u00e9 sa photographie \u00e0 la source de ces l\u00e9gendes, et ramen\u00e9 de ce voyage des images hors du temps, autochromes r\u00e9invent\u00e9s o\u00f9 se cachent aussi bien de farouches enfants que de rus\u00e9s vieillards. Tous habitent ce pays inconnu qu'est l'\u00c9thiopie de Ropp, fait de terre grise, de ciel rose, d'eau profonde et de for\u00eat dense. \u00c9thiopiques est la carte de ce pays maintenant r\u00e9v\u00e9l\u00e9, autant que le r\u00e9cit d'un voyage dont on ne sait qui l'a vraiment r\u00eav\u00e9, du photographe, de ses mod\u00e8les ou de nous qui les regardons aujourd'hui.","authors":["William Ropp","Gael Teicher"],"category_codes":["6000000","6070000","6070200"],"visuals":{"large":"https:\/\/images.epagine.fr\/831\/9782351371831_1_75.jpg","medium":"https:\/\/images.epagine.fr\/831\/9782351371831_1_m.jpg","thumbnail":"https:\/\/images.epagine.fr\/831\/9782351371831_1_v.jpg"},"orderable":true,"show_badge":true,"formatted_price":"20,00&nbsp;\u20ac","formatted_published_date":"25 juin 2015","publisher_availability_label":"Sur commande","short_details":"William Ropp, Gael Teicher \u2014 EDITIONS DE L'OEIL","translator":null,"weight":450,"page_count":108,"readership":null,"editor":"EDITIONS DE L'OEIL","price":2000,"published_date":"2015-06-24T22:00:00.000000Z","support":"Grand format","publisher_availability":1,"stock":0,"editions":[],"url":"https:\/\/quaidesbrumes.com\/ouvrage\/9782351371831\/ethiopiques"},{"id":"9783905929737","title":"I love to dress like i am coming from somewhere and i have a place to go","description":null,"authors":["Rothenberger Flurina"],"category_codes":["6000000","6070000","6070200"],"visuals":{"large":"https:\/\/quaidesbrumes.com\/img\/book-placeholder.png","medium":"https:\/\/quaidesbrumes.com\/img\/book-placeholder.png","thumbnail":"https:\/\/quaidesbrumes.com\/img\/book-placeholder.png"},"orderable":true,"show_badge":true,"formatted_price":"43,00&nbsp;\u20ac","formatted_published_date":"2 juillet 2015","publisher_availability_label":"Sur commande","short_details":"Rothenberger Flurina \u2014 Patrick Frey","translator":null,"weight":485,"page_count":null,"readership":null,"editor":"Patrick Frey","price":4300,"published_date":"2015-07-01T22:00:00.000000Z","support":"Grand format","publisher_availability":1,"stock":0,"editions":[],"url":"https:\/\/quaidesbrumes.com\/ouvrage\/9783905929737\/i-love-to-dress-like-i-am-coming-from-somewhere-and-i-have-a-place-to-go"},{"id":"9783905929744","title":"Front lawn funerals and cemeteries","description":"Cimeti\u00e8res, fant\u00f4mes, guillotines, squelettes, cercueils, corps d\u00e9membr\u00e9s et araign\u00e9es g\u00e9antes... La fr\u00e9n\u00e9sie d\u00e9corative am\u00e9ricaine d'Halloween photographi\u00e9e, de jour, par Cameron Jamie (livre d'artiste).\r\nChaque ann\u00e9e depuis 1984, et bien qu'il vive d\u00e9sormais en France, l'artiste am\u00e9ricain Cameron Jamie photographie les devantures des maisons d\u00e9cor\u00e9es pour la f\u00eate des morts dans son quartier d'enfance en banlieue de Los Angeles. Ce rituel photographique a pour particularit\u00e9 d'\u00eatre r\u00e9alis\u00e9 en journ\u00e9e, modifiant ainsi le contexte perceptif de cette culture horrifique populaire. Front Lawn Funerals and Cemeteries met en tension l'imagerie macabre et les ext\u00e9rieurs familiaux pris \u00e0 la lumi\u00e8re du jour. Ici, la normalit\u00e9 de fa\u00e7ade de ces maisons pavillonnaires c\u00e8de le pas \u00e0 l'humour, la violence et le trouble. Tout \u00e0 la fois m\u00e9taphore et forme d'art vernaculaire, d\u00e9finie par Jamie comme \u00ab The American Grand Guignol \u00bb, cette pratique de transformation de l'habitat suburbain exprime l'imaginaire collectif am\u00e9ricain dans sa perception de la mort, et ce, pour son propre amusement. Et lorsque la figuration de v\u00e9ritables faits divers, sociaux et criminels, se m\u00eale aux repr\u00e9sentations fictionnelles de l'horreur Hollywoodien pour s'introduire dans le r\u00e9el, le monde n'en devient que plus inqui\u00e9tant. Le soleil californien brille d'une \u00e9trange lumi\u00e8re...\r\nL'oeuvre multiforme de Cameron Jamie (n\u00e9 en 1969 \u00e0 Los Angeles, vit et travaille \u00e0 Paris) prend sa source dans le tissu social des classes d\u00e9favoris\u00e9es des banlieues am\u00e9ricaines et transfigure les codes esth\u00e9tiques de la culture populaire et underground. Si Cameron Jamie s'est fait conna\u00eetre avec ses performances, films, photographies et installations, ses r\u00e9centes sculptures en c\u00e9ramique sont le prolongement tridimensionnel des dessins qu'il produit depuis le d\u00e9but des ann\u00e9es 2000.\r\nCameron Jamie a fait l'objet de nombreuses expositions et r\u00e9trospectives, notamment au Walker Art Center (Minneapolis), au MIT List Visual Arts Center (Cambridge), au Centre Pompidou et au Quai Branly (Paris), au MoMA (New York) ou \u00e0 la Kunsthalle de Zurich.","authors":["Cameron Jamie"],"category_codes":["6000000","6070000","6070200"],"visuals":{"large":"https:\/\/images.epagine.fr\/744\/9783905929744_1_75.jpg","medium":"https:\/\/images.epagine.fr\/744\/9783905929744_1_m.jpg","thumbnail":"https:\/\/images.epagine.fr\/744\/9783905929744_1_v.jpg"},"orderable":true,"show_badge":true,"formatted_price":"70,00&nbsp;\u20ac","formatted_published_date":"2 juillet 2015","publisher_availability_label":"Sur commande","short_details":"Cameron Jamie \u2014 Patrick Frey","translator":null,"weight":1277,"page_count":144,"readership":null,"editor":"Patrick Frey","price":7000,"published_date":"2015-07-01T22:00:00.000000Z","support":"Grand format","publisher_availability":1,"stock":0,"editions":[],"url":"https:\/\/quaidesbrumes.com\/ouvrage\/9783905929744\/front-lawn-funerals-and-cemeteries"},{"id":"9782322016273","title":"M\u00e8res des arbres Neem Danse \u00e9ternelle Neem Tree Mothers Eternal Dance ; MAriska MA Loeart \u00e9co-spirituel de la d\u00e9esse Terre et Nature Eco-spiritual Earth-Nature Goddess Art","description":"Catalogue d?exposition personnelle M\u00e8res des arbres Neem - Danse \u00e9ternelle  MAriska MA - l'art \u00e9co-spirituel de la d\u00e9esse Terre et Nature   Solo exhibition catalogue Neem Tree Mothers - Eternal Dance  MAriska MA - Eco-spiritual Earth-Nature Goddess Art","authors":["Mariska Ondrich"],"category_codes":["6000000","6070000","6070200"],"visuals":{"large":"https:\/\/images.epagine.fr\/273\/9782322016273_1_75.jpg","medium":"https:\/\/images.epagine.fr\/273\/9782322016273_1_m.jpg","thumbnail":"https:\/\/images.epagine.fr\/273\/9782322016273_1_v.jpg"},"orderable":true,"show_badge":true,"formatted_price":"26,99&nbsp;\u20ac","formatted_published_date":"30 juillet 2015","publisher_availability_label":"Sur commande","short_details":"Mariska Ondrich \u2014 Books on Demand","translator":null,"weight":601,"page_count":68,"readership":null,"editor":"Books on Demand","price":2699,"published_date":"2015-07-29T22:00:00.000000Z","support":"Grand format","publisher_availability":1,"stock":0,"editions":[],"url":"https:\/\/quaidesbrumes.com\/ouvrage\/9782322016273\/meres-des-arbres-neem-danse-eternelle-neem-tree-mothers-eternal-dance-mariska-ma-loeart-eco-spirituel-de-la-deesse-terre-et-nature-eco-spiritual-earth-nature-goddess-art"},{"id":"9783868286182","title":"Embed in egypt - emine godze serim","description":null,"authors":[],"category_codes":["6000000","6070000","6070200"],"visuals":{"large":"https:\/\/quaidesbrumes.com\/img\/book-placeholder.png","medium":"https:\/\/quaidesbrumes.com\/img\/book-placeholder.png","thumbnail":"https:\/\/quaidesbrumes.com\/img\/book-placeholder.png"},"orderable":true,"show_badge":true,"formatted_price":"39,00&nbsp;\u20ac","formatted_published_date":"12 octobre 2015","publisher_availability_label":"Sur commande","short_details":"Kehrer","translator":null,"weight":800,"page_count":null,"readership":null,"editor":"Kehrer","price":3900,"published_date":"2015-10-11T22:00:00.000000Z","support":"Grand format","publisher_availability":1,"stock":0,"editions":[],"url":"https:\/\/quaidesbrumes.com\/ouvrage\/9783868286182\/embed-in-egypt-emine-godze-serim"},{"id":"9791092444292","title":"Nathalie Savey","description":"\u00ab Il suffit d'\u00eatre poss\u00e9d\u00e9 par le songe dans ses profondeurs et de savoir trouver l'accord de ces quatre mots. \u00bb (Philippe Jaccottet) Je souhaite que chaque photographie soit une exp\u00e9rience po\u00e9tique, o\u00f9 l'imm\u00e9diat, le lieu, et mon d\u00e9sir d'image entrent en dialogue. Aller \u00e0 l'essentiel \u00e0 travers l'exp\u00e9rience du paysage, marcher en s'oubliant, percevoir l'immanence du r\u00e9el, contempler toujours, oser la po\u00e9sie, \u00eatre. \r\n Le ton, les doutes, la qu\u00eate, l'\u00e9motion, l'exigence, la beaut\u00e9 de l'oeuvre de Philippe Jaccottet m'ont toujours accompagn\u00e9s. Reconna\u00eetre ce qui est le plus proche de soi est le plus difficile \u00e0 voir, se reconnaitre dans l'autre est une chance et une r\u00e9sonnance. Voir et \u00e9crire, sont comme deux personnes en regard. Trouver l'accord de la note entre ces deux verbes est une qu\u00eate, la donner \u00e0 entendre dans un espace o\u00f9 le souffle d'un instant est retenu par la beaut\u00e9 est un bonheur.\r\n J'ai port\u00e9 en moi les \u00e9crits de Philippe Jaccottet, comme cette phrase cit\u00e9e plus haut, en me disant : voici ce que je voudrais faire en photographie. Il existe un espace non d\u00e9fini entre le visible et l'invisible, \u00e0 voir \u00e0 travers l'\u00e9paisseur du visible. Et certainement, avant tout, le gout tr\u00e8s particulier, indescriptible, d'aimer marcher dans la montagne, le long des rivi\u00e8res, que je signifie dans le silence de mes images en tentant d'ouvrir un espace imagin\u00e9 que j'entends dans les \u00e9crits de Philippe Jaccottet.\r\n (Nathalie Savey)","authors":["Philippe Jaccottet"],"category_codes":["6000000","6070000","6070200"],"visuals":{"large":"https:\/\/images.epagine.fr\/292\/9791092444292_1_75.jpg","medium":"https:\/\/images.epagine.fr\/292\/9791092444292_1_m.jpg","thumbnail":"https:\/\/images.epagine.fr\/292\/9791092444292_1_v.jpg"},"orderable":true,"show_badge":true,"formatted_price":"30,00&nbsp;\u20ac","formatted_published_date":"16 novembre 2015","publisher_availability_label":"Sur commande","short_details":"Philippe Jaccottet \u2014 L'Atelier Contemporain","translator":null,"weight":420,"page_count":136,"readership":null,"editor":"L'Atelier Contemporain","price":3000,"published_date":"2015-11-15T23:00:00.000000Z","support":"Grand format","publisher_availability":1,"stock":0,"editions":[],"url":"https:\/\/quaidesbrumes.com\/ouvrage\/9791092444292\/nathalie-savey"},{"id":"9782343074801","title":"M\u00e9diation t\u00e9l\u00e9visuelle et repr\u00e9sentation de la diversit\u00e9","description":"Le cahier des charges de France T\u00e9l\u00e9visions comporte des obligations sur la repr\u00e9sentation de la diversit\u00e9 dans son ensemble, avec ses diff\u00e9rences et ses particularit\u00e9s culturelles, linguistiques et religieuses. Cet ouvrage analyse le concept de m\u00e9diation, de service public, de \"minorit\u00e9 visible\" et pose la question du lien entre m\u00e9diation t\u00e9l\u00e9visuelle et repr\u00e9sentation des minorit\u00e9s.","authors":["Catherine Ghosn"],"category_codes":["8000000","8050000","8050300","8050304"],"visuals":{"large":"https:\/\/images.epagine.fr\/801\/9782343074801_1_75.jpg","medium":"https:\/\/images.epagine.fr\/801\/9782343074801_1_m.jpg","thumbnail":"https:\/\/images.epagine.fr\/801\/9782343074801_1_v.jpg"},"orderable":true,"show_badge":true,"formatted_price":"23,00&nbsp;\u20ac","formatted_published_date":"14 octobre 2015","publisher_availability_label":"Sur commande","short_details":"Catherine Ghosn \u2014 \u00c9ditions L'Harmattan","translator":null,"weight":258,"page_count":208,"readership":null,"editor":"\u00c9ditions L'Harmattan","price":2300,"published_date":"2015-10-13T22:00:00.000000Z","support":"Grand format","publisher_availability":1,"stock":0,"editions":[],"url":"https:\/\/quaidesbrumes.com\/ouvrage\/9782343074801\/mediation-televisuelle-et-representation-de-la-diversite"},{"id":"9782312037417","title":"Salo, ou les cent vingt journ\u00e9es de Sodome ; malaise dans la vision","description":"En 1975, Pier-Paolo Pasolini, au fa\u00eete de sa carri\u00e8re cin\u00e9matographique, est, assassin\u00e9, pr\u00e8s d'Ostie. Le cin\u00e9aste-\u00e9crivain vient de r\u00e9aliser Sal\u00f2, ou les Cent vingt journ\u00e9es de Sodome, troublante adaptation de Sade, sur fonds de barbarie fasciste. Le sexe, la mort, le pouvoir . Pasolini aborde, dans un seul film, les trois th\u00e8mes d'un triptyque infernal, reposant sur un subtil d\u00e9tournement de ses r\u00e9f\u00e9rents litt\u00e9raires : Les Cent vingt journ\u00e9es de Sodome, du sulfureux auteur fran\u00e7ais, et La Divina Commedia, du po\u00e8te italien Dante Alighieri. Enfant adult\u00e9rin des lettres et du Cin\u00e9ma, mettant en sc\u00e8ne l'horreur du syst\u00e8me concentrationnaire pour la d\u00e9noncer, Sal\u00f2 permet \u00e0 Pasolini de tenter la plus radicale critique de la soci\u00e9t\u00e9 occidentale : le pouvoir politique chr\u00e9tien-d\u00e9mocrate, l'Eglise catholique romaine, et le syst\u00e8me capitaliste sont questionn\u00e9s. Le cin\u00e9aste pousse son spectateur \u00e0 s'interroger, sur ce qu'il y a de plus probl\u00e9matique en lui, autrement dit, sa propre obsc\u00e9nit\u00e9.","authors":["Brahim Megherbi"],"category_codes":["6000000","6070000","6070300","6070307"],"visuals":{"large":"https:\/\/images.epagine.fr\/417\/9782312037417_1_75.jpg","medium":"https:\/\/images.epagine.fr\/417\/9782312037417_1_m.jpg","thumbnail":"https:\/\/images.epagine.fr\/417\/9782312037417_1_v.jpg"},"orderable":true,"show_badge":true,"formatted_price":"14,00&nbsp;\u20ac","formatted_published_date":"31 ao\u00fbt 2015","publisher_availability_label":"Sur commande","short_details":"Brahim Megherbi \u2014 Editions du Net","translator":null,"weight":252,"page_count":252,"readership":null,"editor":"Editions du Net","price":1400,"published_date":"2015-08-30T22:00:00.000000Z","support":"Grand format","publisher_availability":1,"stock":0,"editions":[],"url":"https:\/\/quaidesbrumes.com\/ouvrage\/9782312037417\/salo-ou-les-cent-vingt-journees-de-sodome-malaise-dans-la-vision"},{"id":"9791092265385","title":"Women we have not lost yet","description":"Le photographe a fait le choix de maintenir ouverte sa galerie \u00e0 Alep, en d\u00e9pit de la guerre, voire en raison d'elle, il nous dit \"L'art est l'arme la plus puissante contre les fanatiques, c'est sans doute la raison pour laquelle ils veulent partout le d\u00e9truire.\" Women we have not lost yet comporte quinze portraits de femmes, premi\u00e8res victimes des islamistes.\r\n\r\n\"Le 26 avril 2015, ces derniers ont annonc\u00e9 leur \u00abgrande attaque\u00bb sur Alep, des hommes et des femmes sont venus se r\u00e9fugier dans ma galerie. Nous avons alors d\u00e9cid\u00e9 de commencer des s\u00e9ances photographiques, comme pour un dernier message\", explique Issa Touma.\r\n\r\nAlors que le sort d'Alep et de ses civils est en jeu, les portraits de Women we have not lost yet (Ces Femmes, que nous n'avons pas encore perdues) sont un \u00e9mouvant appel \u00e0 l'aide urgent. L'extr\u00e9misme en Syrie a de tr\u00e8s nombreux visages, mais tous sont tr\u00e8s sombres. Alors que les femmes dans ces photographies sont encore en vie, beaucoup d'autres sont mortes, d\u00e9j\u00e0.","authors":["Issa Touma"],"category_codes":["6000000","6070000","6070200","6070205"],"visuals":{"large":"https:\/\/images.epagine.fr\/385\/9791092265385_1_75.jpg","medium":"https:\/\/images.epagine.fr\/385\/9791092265385_1_m.jpg","thumbnail":"https:\/\/images.epagine.fr\/385\/9791092265385_1_v.jpg"},"orderable":true,"show_badge":true,"formatted_price":"25,00&nbsp;\u20ac","formatted_published_date":"20 octobre 2015","publisher_availability_label":"Sur commande","short_details":"Issa Touma \u2014 Andre Frere","translator":null,"weight":509,"page_count":64,"readership":null,"editor":"Andre Frere","price":2500,"published_date":"2015-10-19T22:00:00.000000Z","support":"Grand format","publisher_availability":1,"stock":0,"editions":[],"url":"https:\/\/quaidesbrumes.com\/ouvrage\/9791092265385\/women-we-have-not-lost-yet"}]}