{"data":[{"id":"9782918658405","title":"Stenopes","description":null,"authors":["Jacques Prud'homme"],"category_codes":["6000000","6070000","6070200"],"visuals":{"large":"https:\/\/quaidesbrumes.com\/img\/book-placeholder.png","medium":"https:\/\/quaidesbrumes.com\/img\/book-placeholder.png","thumbnail":"https:\/\/quaidesbrumes.com\/img\/book-placeholder.png"},"orderable":true,"show_badge":true,"formatted_price":"22,00&nbsp;\u20ac","formatted_published_date":"1er juin 2014","publisher_availability_label":"Sur commande","short_details":"Jacques Prud'homme \u2014 Jarjille","translator":null,"weight":475,"page_count":null,"readership":null,"editor":"Jarjille","price":2200,"published_date":"2014-05-31T22:00:00.000000Z","support":"Grand format","publisher_availability":1,"stock":0,"editions":[],"url":"https:\/\/quaidesbrumes.com\/ouvrage\/9782918658405\/stenopes"},{"id":"9782322014439","title":"Visages de Paris","description":"Un livre qui pr\u00e9sente de jeunes femmes \u00e0 travers de magnifiques photos. Leurs visages sont ceux de celles que l'on peut croiser au d\u00e9tour d'une rue de Paris...","authors":["Karim Hardy-a\u00eft-adjedjou"],"category_codes":["6000000","6070000","6070200"],"visuals":{"large":"https:\/\/images.epagine.fr\/439\/9782322014439_1_75.jpg","medium":"https:\/\/images.epagine.fr\/439\/9782322014439_1_m.jpg","thumbnail":"https:\/\/images.epagine.fr\/439\/9782322014439_1_v.jpg"},"orderable":true,"show_badge":true,"formatted_price":"20,00&nbsp;\u20ac","formatted_published_date":"26 f\u00e9vrier 2015","publisher_availability_label":"Sur commande","short_details":"Karim Hardy-a\u00eft-adjedjou \u2014 Books on Demand","translator":null,"weight":501,"page_count":44,"readership":null,"editor":"Books on Demand","price":2000,"published_date":"2015-02-25T23:00:00.000000Z","support":"Grand format","publisher_availability":1,"stock":0,"editions":[],"url":"https:\/\/quaidesbrumes.com\/ouvrage\/9782322014439\/visages-de-paris"},{"id":"9782343052762","title":"Ouverture m\u00e9diatique, pluralisme et audiovisuel ; ajustements au S\u00e9n\u00e9gal du monde num\u00e9rique","description":"Comment faisait-on avant pour assurer l'expression d\u00e9mocratique ? Quand il n'y avait pas de r\u00e9seaux sociaux en ligne, quand l'internet n'\u00e9tait pas d\u00e9mocratis\u00e9, quand les outils mobiles de communication balbutiaient, quand il y avait des monopoles de diffusion de la radio et de la t\u00e9l\u00e9vision... L'auteur t\u00e9moigne des divers ajustements qui ont \u00e9t\u00e9 n\u00e9cessaires dans le domaine de l'audiovisuel pour accompagner les politiques g\u00e9n\u00e9rales d'ouverture d\u00e9mocratique men\u00e9es dans un pays comme le S\u00e9n\u00e9gal.","authors":["Guila Thiam"],"category_codes":["6000000","6070000","6070300"],"visuals":{"large":"https:\/\/images.epagine.fr\/762\/9782343052762_1_75.jpg","medium":"https:\/\/images.epagine.fr\/762\/9782343052762_1_m.jpg","thumbnail":"https:\/\/images.epagine.fr\/762\/9782343052762_1_v.jpg"},"orderable":true,"show_badge":true,"formatted_price":"22,50&nbsp;\u20ac","formatted_published_date":"13 janvier 2015","publisher_availability_label":"Sur commande","short_details":"Guila Thiam \u2014 \u00c9ditions L'Harmattan","translator":null,"weight":260,"page_count":212,"readership":null,"editor":"\u00c9ditions L'Harmattan","price":2250,"published_date":"2015-01-12T23:00:00.000000Z","support":"Grand format","publisher_availability":1,"stock":0,"editions":[],"url":"https:\/\/quaidesbrumes.com\/ouvrage\/9782343052762\/ouverture-mediatique-pluralisme-et-audiovisuel-ajustements-au-senegal-du-monde-numerique"},{"id":"9782875571779","title":"La face cach\u00e9e de koh lanta ; une mine de tr\u00e9sors pour tous","description":"Ella Gbezan, alias Ella de Koh Lanta, a \u00e9t\u00e9 finaliste du jeu t\u00e9l\u00e9vis\u00e9, \u00e0 Raja Ampat, en 2011. Le t\u00e9l\u00e9spectateur avait alors d\u00e9couvert une candidate redoutable, fine analyste du genre humain, le manipulant \u00e0 l'envi. Mais est-elle vraiment ce que les cam\u00e9ras ont bien voulu montrer ?\r\n\r\nCe livre se veut transparent \u00e0 tous les niveaux. Ella souhaite livrer les d\u00e9tails inconnus du public. Du casting, au d\u00e9part pour l'aventure, en passant par la survie face aux autres et \u00e0 soi-m\u00eame, Ella nous explique avec franchise le fonctionnement de son aventure. Elle y d\u00e9crit aussi les lieux, aborde les caract\u00e8res des diff\u00e9rents candidats et n'h\u00e9site pas \u00e0 r\u00e9v\u00e9ler ce qui a \u00e9t\u00e9 cach\u00e9 pendant les \u00e9preuves. Comment vit-on le fait de devenir une c\u00e9l\u00e9brit\u00e9 malgr\u00e9 soi ? Comment g\u00e8re-t-on l'apr\u00e8s aventure d'un point de vue m\u00e9diatique et personnel ? Ella, psychologue \u00e0 pr\u00e9sent, pose son regard sur cette exp\u00e9rience hors du commun, \u00e0 l'autre bout du monde.","authors":["Ella Gbezan"],"category_codes":["6000000","6070000","6070300"],"visuals":{"large":"https:\/\/images.epagine.fr\/779\/9782875571779_1_75.jpg","medium":"https:\/\/images.epagine.fr\/779\/9782875571779_1_m.jpg","thumbnail":"https:\/\/images.epagine.fr\/779\/9782875571779_1_v.jpg"},"orderable":true,"show_badge":true,"formatted_price":"18,90&nbsp;\u20ac","formatted_published_date":"18 juin 2015","publisher_availability_label":"Sur commande","short_details":"Ella Gbezan \u2014 LA BOITE A PANDORE","translator":null,"weight":328,"page_count":246,"readership":null,"editor":"LA BOITE A PANDORE","price":1890,"published_date":"2015-06-17T22:00:00.000000Z","support":"Grand format","publisher_availability":1,"stock":0,"editions":[],"url":"https:\/\/quaidesbrumes.com\/ouvrage\/9782875571779\/la-face-cachee-de-koh-lanta-une-mine-de-tresors-pour-tous"},{"id":"9782343052960","title":"La photographie vue de dos ; une aventure sp\u00e9culaire","description":"L'image photographique induit un tiraillement esth\u00e9tique, une r\u00e9sistance th\u00e9orique, une tension dans la repr\u00e9sentation dont l'exp\u00e9rience est ici visit\u00e9e. C'est \u00e0 partir des points de rencontre, d'achoppement, et d'instabilit\u00e9 rep\u00e9r\u00e9s dans cette image si sp\u00e9cifique, que la question de la repr\u00e9sentation est abord\u00e9e. La proc\u00e9dure employ\u00e9e s'apparente \u00e0 un transplant de la photographie au sein de champs diversement guid\u00e9s par l'esth\u00e9tique, l'ontologie, la po\u00e9sie, la mythologie, la psychologie..., afin d'en constater l'acclimatation et\/ou le rejet.","authors":["David Brunel"],"category_codes":["6000000","6070000","6070200"],"visuals":{"large":"https:\/\/images.epagine.fr\/960\/9782343052960_1_75.jpg","medium":"https:\/\/images.epagine.fr\/960\/9782343052960_1_m.jpg","thumbnail":"https:\/\/images.epagine.fr\/960\/9782343052960_1_v.jpg"},"orderable":true,"show_badge":true,"formatted_price":"30,00&nbsp;\u20ac","formatted_published_date":"19 janvier 2015","publisher_availability_label":"Sur commande","short_details":"David Brunel \u2014 \u00c9ditions L'Harmattan","translator":null,"weight":340,"page_count":288,"readership":null,"editor":"\u00c9ditions L'Harmattan","price":3000,"published_date":"2015-01-18T23:00:00.000000Z","support":"Grand format","publisher_availability":1,"stock":0,"editions":[],"url":"https:\/\/quaidesbrumes.com\/ouvrage\/9782343052960\/la-photographie-vue-de-dos-une-aventure-speculaire"},{"id":"9782369650010","title":"Les gorges du Tarn illustr\u00e9es","description":"Cet ouvrage couronn\u00e9 par l'Acad\u00e9mie Fran\u00e7aise aurait pu s'intituler Anthologie des Gorges du Tarn, tant la description de cette r\u00e9gion est compl\u00e8te et d\u00e9taill\u00e9e. Classant par ordre toutes ces beaut\u00e9s pittoresques, avec leur caract\u00e8re propre, l'auteur des Gorges du Tarn Illustr\u00e9es a voulu donner une monographie compl\u00e8te de ce recoin de terre fran\u00e7aise. Son travail a pour base plus de quarante ans d'observations sur les lieux. Il a d\u00e9crit le Ca\u00f1on, comme on d\u00e9crit un monument, pi\u00e8ce \u00e0 pi\u00e8ce, en remontant des donn\u00e9es analytiques \u00e0 la conception grandiose de l'ensemble. Homme m\u00e9thodique, travailleur acharn\u00e9, l'abb\u00e9 Alexis Solanet a accompagn\u00e9 son tour des Gorges par de nombreuses photos qui font en quelque sorte un \u00ab \u00e9tat des lieux \u00bb de ces endroits tr\u00e8s peu connus \u00e0 son \u00e9poque et qui de nos jours, ont beaucoup chang\u00e9. M\u00eame si la qualit\u00e9 des prises de vue correspondent \u00e0 la technologie de la fin du XIXe si\u00e8cle, on reste \u00e9merveill\u00e9 devant ces paysages qui sont autant de t\u00e9moignages de notre pass\u00e9. L'auteur nous a laiss\u00e9 un livre \u00e0 la fois po\u00e9tique, historique, g\u00e9ologique, prenant plaisir \u00e0 raconter de vieilles l\u00e9gendes locales, des anecdotes et des rappels historiques. Ce travail r\u00e9alis\u00e9 bien avant le d\u00e9veloppement du tourisme, a contribu\u00e9 \u00e0 la r\u00e9putation des Gorges du Tarn, devan\u00e7ant, par son modernisme et sa clart\u00e9, les \u00e9v\u00e8nements m\u00e9diatiques qui ont d\u00e9finitivement assur\u00e9 la r\u00e9putation internationale de cette r\u00e9gion.","authors":["Alexis Solanet"],"category_codes":["6000000","6070000"],"visuals":{"large":"https:\/\/images.epagine.fr\/010\/9782369650010_1_75.jpg","medium":"https:\/\/images.epagine.fr\/010\/9782369650010_1_m.jpg","thumbnail":"https:\/\/images.epagine.fr\/010\/9782369650010_1_v.jpg"},"orderable":true,"show_badge":true,"formatted_price":"39,00&nbsp;\u20ac","formatted_published_date":"12 d\u00e9cembre 2014","publisher_availability_label":"Sur commande","short_details":"Alexis Solanet \u2014 DECOOPMAN","translator":null,"weight":666,"page_count":384,"readership":null,"editor":"DECOOPMAN","price":3900,"published_date":"2014-12-11T23:00:00.000000Z","support":"Grand format","publisher_availability":1,"stock":0,"editions":["9782013051927"],"url":"https:\/\/quaidesbrumes.com\/ouvrage\/9782369650010\/les-gorges-du-tarn-illustrees"},{"id":"9782917790731","title":"Holga sur la Riviera","description":"Holga sur la Riviera est le sixi\u00e8me ouvrage de notre collection d\u00e9di\u00e9e aux Photographes du Sud travaillant en noir & blanc. \r\nCe livre se pr\u00e9sente comme une ode \u00e0 la Riviera de Cannes \u00e0 Menton en passant par L\u00e9rins, Antibes, Cagnes\/Mer, St Laurent du Var, Nice, Villefranche, St Jean et Monaco. R\u00e9alis\u00e9 exclusivement en argentique sur un appareil photo \u00abrudimentaire\u00bb, le Holga. Cet appareil avec son rendu particulier a permis \u00e0 Magali Moscardo de nous livrer un travail atypique. On d\u00e9couvrira au fil des 35 photos qui le composent, rivage, rochers, mer M\u00e9diterran\u00e9e, mais aussi architecture entre Croisette et Menton en passant par les d\u00e9sormais plus que fameuses chaises bleues. Nous proposons aux lecteurs et\/ou collectionneurs deux couvertures au choix ! (Cannes \/Carlton et Nice\/Prom). C'est notre seconde collaboration avec Magali apr\u00e8s Nice au carr\u00e9 en 2011.","authors":["Magali Moscardo"],"category_codes":["6000000","6070000","6070200"],"visuals":{"large":"https:\/\/images.epagine.fr\/731\/9782917790731_1_75.jpg","medium":"https:\/\/images.epagine.fr\/731\/9782917790731_1_m.jpg","thumbnail":"https:\/\/images.epagine.fr\/731\/9782917790731_1_v.jpg"},"orderable":true,"show_badge":true,"formatted_price":"13,00&nbsp;\u20ac","formatted_published_date":"9 f\u00e9vrier 2015","publisher_availability_label":"Sur commande","short_details":"Magali Moscardo \u2014 Baie Des Anges","translator":null,"weight":200,"page_count":36,"readership":null,"editor":"Baie Des Anges","price":1300,"published_date":"2015-02-08T23:00:00.000000Z","support":"Grand format","publisher_availability":1,"stock":0,"editions":[],"url":"https:\/\/quaidesbrumes.com\/ouvrage\/9782917790731\/holga-sur-la-riviera"},{"id":"9782332876362","title":"S\u00e9ances de cin\u00e9ma avec Fr\u00e9d\u00e9ric Mistral","description":"\u00ab Lorsque je lis les chefs-d'oeuvre de Fr\u00e9d\u00e9ric Mistral, je visualise souvent des images de films. L'anagramme d'image \u00e9tant \"magie\", l'\u00e2me agit !\r\n\r\nJe vous invite au \"Cin\u00e9ma Fr\u00e9d\u00e9ric Mistral\" pour admirer les correspondances de ses po\u00e8mes \u00e9piques avec certains films. Car le message du divin po\u00e8te proven\u00e7al est universel, le souffle de Mistral influence les r\u00e9alisateurs du monde entier. Ainsi, venez d\u00e9couvrir les analogies cin\u00e9matographiques entre Les Moissons du ma\u00eetre de Maillane et les films City Girl de F.W. Murnau, ou Les Moissons du ciel de Terrence Malick.\r\n\r\nNerte de Mistral r\u00e9sonne avec Le Portrait de Dorian Gray d'Albert Lewin, mais aussi avec Nosferatu et Faust de Murnau. On retrouve dans Fitzcarraldo de Werner Herzog et dans Apocalypse Now de Francis Ford Coppola la veine \u00e9pique du Po\u00e8me du Rh\u00f4ne.\r\n\r\nBonnes s\u00e9ances de Cin\u00e9MAGIE avec le \"mage de l'occident\" : Fr\u00e9d\u00e9ric Mistral ! \u00bb","authors":["Jean-paul Marsal"],"category_codes":["6000000","6070000","6070300"],"visuals":{"large":"https:\/\/images.epagine.fr\/362\/9782332876362_1_75.jpg","medium":"https:\/\/images.epagine.fr\/362\/9782332876362_1_m.jpg","thumbnail":"https:\/\/images.epagine.fr\/362\/9782332876362_1_v.jpg"},"orderable":true,"show_badge":true,"formatted_price":"26,50&nbsp;\u20ac","formatted_published_date":"21 janvier 2015","publisher_availability_label":"Sur commande","short_details":"Jean-paul Marsal \u2014 Edilivre","translator":null,"weight":497,"page_count":280,"readership":null,"editor":"Edilivre","price":2650,"published_date":"2015-01-20T23:00:00.000000Z","support":"Grand format","publisher_availability":1,"stock":0,"editions":[],"url":"https:\/\/quaidesbrumes.com\/ouvrage\/9782332876362\/seances-de-cinema-avec-frederic-mistral"},{"id":"9782343056579","title":"Les t\u00e9l\u00e9visions africaines face au d\u00e9fi de la modernit\u00e9 ; l'exp\u00e9rience de la CRTV","description":"Se fondant sur l'exp\u00e9rience particuli\u00e8re de la Cameroon Radion Television (CRVT), l'auteur soutient que les t\u00e9l\u00e9visions africaines ont maille \u00e0 partir avec la modernit\u00e9. La trajectoire historique de la CRTV est mise en lumi\u00e8re \u00e0 la faveur d'une analyse la comparant avec celle de t\u00e9l\u00e9visions europ\u00e9ennes embl\u00e9matiques. Dans un contexte africain de migration vers le num\u00e9rique et de mondialisation m\u00e9diatique qui incline vers une uniformisation aussi f\u00e9conde que destructrice d'identit\u00e9s, l'auteur livre sa vision d'un mod\u00e8le de t\u00e9l\u00e9vision authentiquement africain.","authors":["Olivier Bile"],"category_codes":["6000000","6070000","6070300"],"visuals":{"large":"https:\/\/images.epagine.fr\/579\/9782343056579_1_75.jpg","medium":"https:\/\/images.epagine.fr\/579\/9782343056579_1_m.jpg","thumbnail":"https:\/\/images.epagine.fr\/579\/9782343056579_1_v.jpg"},"orderable":true,"show_badge":true,"formatted_price":"30,00&nbsp;\u20ac","formatted_published_date":"9 mars 2015","publisher_availability_label":"Sur commande","short_details":"Olivier Bile \u2014 \u00c9ditions L'Harmattan","translator":null,"weight":430,"page_count":270,"readership":null,"editor":"\u00c9ditions L'Harmattan","price":3000,"published_date":"2015-03-08T23:00:00.000000Z","support":"Grand format","publisher_availability":1,"stock":0,"editions":[],"url":"https:\/\/quaidesbrumes.com\/ouvrage\/9782343056579\/les-televisions-africaines-face-au-defi-de-la-modernite-lexperience-de-la-crtv"},{"id":"9781910164280","title":"Buon fresco","description":null,"authors":["Tacita Dean"],"category_codes":["6000000","6070000","6070200","6070205"],"visuals":{"large":"https:\/\/images.epagine.fr\/280\/9781910164280_1_75.jpg","medium":"https:\/\/images.epagine.fr\/280\/9781910164280_1_m.jpg","thumbnail":"https:\/\/images.epagine.fr\/280\/9781910164280_1_v.jpg"},"orderable":true,"show_badge":true,"formatted_price":"85,00&nbsp;\u20ac","formatted_published_date":"26 f\u00e9vrier 2016","publisher_availability_label":"Sur commande","short_details":"Tacita Dean \u2014 Mack Books","translator":null,"weight":1601,"page_count":null,"readership":null,"editor":"Mack Books","price":8500,"published_date":"2016-02-25T23:00:00.000000Z","support":"Grand format","publisher_availability":1,"stock":0,"editions":[],"url":"https:\/\/quaidesbrumes.com\/ouvrage\/9781910164280\/buon-fresco"},{"id":"9781910164334","title":"The voyage of discovery","description":null,"authors":["Steinbrunn Carly"],"category_codes":["6000000","6070000","6070200","6070205"],"visuals":{"large":"https:\/\/images.epagine.fr\/334\/9781910164334_1_75.jpg","medium":"https:\/\/images.epagine.fr\/334\/9781910164334_1_m.jpg","thumbnail":"https:\/\/images.epagine.fr\/334\/9781910164334_1_v.jpg"},"orderable":true,"show_badge":true,"formatted_price":"30,00&nbsp;\u20ac","formatted_published_date":"24 juillet 2015","publisher_availability_label":"Sur commande","short_details":"Steinbrunn Carly \u2014 Mack Books","translator":null,"weight":601,"page_count":null,"readership":null,"editor":"Mack Books","price":3000,"published_date":"2015-07-23T22:00:00.000000Z","support":"Grand format","publisher_availability":1,"stock":0,"editions":[],"url":"https:\/\/quaidesbrumes.com\/ouvrage\/9781910164334\/the-voyage-of-discovery"},{"id":"9782705690236","title":"Cin\u00e9Malraux","description":"Dans cette histoire que litt\u00e9rature et cin\u00e9ma ont longtemps partag\u00e9e (en France plus qu'ailleurs), l'oeuvre de Malraux fait figure \u00e0 la fois de comble et d'hapax. Sa filmographie n'\u00e9gale pas celles de Guitry, Cocteau ou Duras, mais le r\u00e9alisateur de Sierra de Teruel a pour lui d'avoir explor\u00e9 toutes les dimensions du 7e art : l'essai th\u00e9orique (en particulier touchant l'adaptation), les ressorts d'une politique cin\u00e9matographique et audiovisuelle, l'invention de \u00ab sc\u00e9narios dans un fauteuil \u00bb r\u00e9dig\u00e9s sans perspective de r\u00e9alisation, ou encore le genre du film d'art qu'il d\u00e9fendit en contribuant aux documentaires tir\u00e9s de ses propres essais... \u00c0 ce titre, Malraux est un auteur total. Cet essai s'attache \u00e0 examiner chacun de ces plans, \u00e0 en observer les croisements op\u00e9r\u00e9s entre temps des oeuvres litt\u00e9raires et temps des films, \u00e0 proposer, autrement dit, une entrelecture propre \u00e0 renouveler l'image que nous nous faisons de ce domaine d'\u00e9tude aujourd'hui d\u00e9laiss\u00e9.","authors":["Jean-louis Jeannelle"],"category_codes":["6000000","6070000","6070300","6070304"],"visuals":{"large":"https:\/\/images.epagine.fr\/236\/9782705690236_1_75.jpg","medium":"https:\/\/images.epagine.fr\/236\/9782705690236_1_m.jpg","thumbnail":"https:\/\/images.epagine.fr\/236\/9782705690236_1_v.jpg"},"orderable":true,"show_badge":true,"formatted_price":"30,00&nbsp;\u20ac","formatted_published_date":"22 avril 2015","publisher_availability_label":"Sur commande","short_details":"Jean-louis Jeannelle \u2014 Hermann","translator":null,"weight":375,"page_count":252,"readership":null,"editor":"Hermann","price":3000,"published_date":"2015-04-21T22:00:00.000000Z","support":"Grand format","publisher_availability":1,"stock":0,"editions":[],"url":"https:\/\/quaidesbrumes.com\/ouvrage\/9782705690236\/cinemalraux"},{"id":"9782351371749","title":"Change pas de main","description":"Madame Bourgeois, femme importante du milieu politique parisien, est victime d'un chantage \u00e0 la veille de d\u00e9crocher une place de ministre : elle re\u00e7oit des films pornographiques dans lesquels elle reconna\u00eet sans mal son propre fils... Elle d\u00e9cide d'engager M\u00e9linda, d\u00e9tective de choc qui, avec sa comm\u00e8re Natacha, va tenter d'\u00e9lucider le myst\u00e8re. D'une bo\u00eete louche, \u00ab Le Shanghai-Lily \u00bb, \u00e0 des recoins parisiens de plus en plus secrets, d'un travesti n\u00e9crophile \u00e0 un \u00e9trange mime, les deux d\u00e9tectives sont embarqu\u00e9es dans un monde o\u00f9 les risques se paient de la vie... \r\nFilm pornolitique habit\u00e9 par Jean-Christophe Bouvet autant que par la guerre d'Alg\u00e9rie, polar hawksien - The Big Sleep n'est pas loin et M\u00e9zi\u00e8res est une \u00e9patante soeur de \u00ab Bogey \u00bb - film \u00e0 retrousse-code et \u00e0 tiroirs, Change pas de main (Change pas demain...) est une oeuvre essentielle, dr\u00f4le, po\u00e9tique, unique, o\u00f9 se croisent des figures d\u00e9j\u00e0 myth(olog)iques - M\u00e9zi\u00e8res en imper, Bouvet sans, Delahaye en G\u00e9n\u00e9ral et Surg\u00e8re en particulier...","authors":["Paul Vecchiali"],"category_codes":["6000000","6070000","6070300"],"visuals":{"large":"https:\/\/images.epagine.fr\/749\/9782351371749_1_75.jpg","medium":"https:\/\/images.epagine.fr\/749\/9782351371749_1_m.jpg","thumbnail":"https:\/\/images.epagine.fr\/749\/9782351371749_1_v.jpg"},"orderable":true,"show_badge":true,"formatted_price":"24,00&nbsp;\u20ac","formatted_published_date":"23 f\u00e9vrier 2015","publisher_availability_label":"Sur commande","short_details":"Paul Vecchiali \u2014 EDITIONS DE L'OEIL","translator":null,"weight":350,"page_count":48,"readership":null,"editor":"EDITIONS DE L'OEIL","price":2400,"published_date":"2015-02-22T23:00:00.000000Z","support":"Livre + DVD","publisher_availability":1,"stock":0,"editions":[],"url":"https:\/\/quaidesbrumes.com\/ouvrage\/9782351371749\/change-pas-de-main"},{"id":"9782351371732","title":"C'est la vie !","description":"Une cit\u00e9 de banlieue \u00e9trange et banale \u00e0 la fois, comme la vie m\u00eame. Une vie qui se r\u00e9fugie dans le terrain vague cern\u00e9 par les buildings : enfants qui d\u00e9valent les talus en criant, amoureux qui pique-niquent dans l'herbe, se disputent et se r\u00e9concilient tendrement \u00e0 l'abri des buissons ; vieillards qui, de leur banc, regardent vivre les autres. Solidaires par force, ils organisent la vie de la cit\u00e9, mais chacun poursuit son r\u00eave solitaire et secret.\r\nDans ce d\u00e9cor, Ginette, ind\u00e9pendante et t\u00eatue, lutte pour construire sa vie \u00e0 sa guise. Mais quelle vie ? Faut-il travailler ou se consacrer \u00e0 ses enfants ? Garder un mari qui entrave sa libert\u00e9 ? Ou se laisser prendre en charge par un amant d\u00e9vou\u00e9 ? Aller habiter chez une grand-m\u00e8re pr\u00eate \u00e0 jouer les bonnes f\u00e9es ? Accepter la tendresse bourrue mais tonique de son amie Simone ? Que choisir ? Comment choisir ?\r\nSon d\u00e9sarroi lui sugg\u00e8re une initiative qui se r\u00e9v\u00e9lera p\u00e9rilleuse : elle d\u00e9croche son t\u00e9l\u00e9phone, appelle la radio France-Expert, Rachah des Rangers, conseill\u00e8re en psychologie, est au bout du fil...","authors":["Paul Vecchiali"],"category_codes":["6000000","6070000","6070300"],"visuals":{"large":"https:\/\/images.epagine.fr\/732\/9782351371732_1_75.jpg","medium":"https:\/\/images.epagine.fr\/732\/9782351371732_1_m.jpg","thumbnail":"https:\/\/images.epagine.fr\/732\/9782351371732_1_v.jpg"},"orderable":true,"show_badge":true,"formatted_price":"24,00&nbsp;\u20ac","formatted_published_date":"25 f\u00e9vrier 2015","publisher_availability_label":"Sur commande","short_details":"Paul Vecchiali \u2014 EDITIONS DE L'OEIL","translator":null,"weight":350,"page_count":48,"readership":null,"editor":"EDITIONS DE L'OEIL","price":2400,"published_date":"2015-02-24T23:00:00.000000Z","support":"Livre + DVD","publisher_availability":1,"stock":0,"editions":[],"url":"https:\/\/quaidesbrumes.com\/ouvrage\/9782351371732\/cest-la-vie"},{"id":"9782351371756","title":"Les ruses du diable","description":"Ginette, jeune cousette, re\u00e7oit tous les jours pendant cinq mois un billet de dix mille francs, dans une lettre cachet\u00e9e dont elle ignore l'origine. D'abord troubl\u00e9e, puis inqui\u00e8te, la jeune femme s'habitue bien vite \u00e0 cette rente qui transforme sa vie - elle renonce m\u00eame \u00e0 travailler. Elle prend un amant mais, troubl\u00e9 par ces dix mille francs quotidiens de provenance inconnue, il la quitte. D\u00e9courag\u00e9e de perdre cet amour, Ginette l'est plus encore le jour o\u00f9 la rente insolite cesse d'arriver. Elle ne peut plus faire face aux d\u00e9penses engag\u00e9es. C'est finalement une amie de Ginette qui l\u00e8ve le voile sur le g\u00e9n\u00e9reux donateur anonyme...\r\nDe l'atelier des cousettes insouciantes, d\u00e9cid\u00e9es \u00e0 se montrer gaies co\u00fbte que co\u00fbte, \u00e0 la vielle voisine de Ginette, \u00e9prise de merveilleux jusqu'\u00e0 la mythomanie ; d'une concierge f\u00e9rue de m\u00e9lodrame \u00e0 une m\u00e8re rigide et puritaine ; ces Ruses du diable, perle m\u00e9connue et premier long m\u00e9trage d'un grand cin\u00e9aste, se situe entre le Godard de Vivre sa vie et le Demy des Parapluies de Cherbourg.","authors":["Paul Vecchiali"],"category_codes":["6000000","6070000","6070300"],"visuals":{"large":"https:\/\/images.epagine.fr\/756\/9782351371756_1_75.jpg","medium":"https:\/\/images.epagine.fr\/756\/9782351371756_1_m.jpg","thumbnail":"https:\/\/images.epagine.fr\/756\/9782351371756_1_v.jpg"},"orderable":true,"show_badge":true,"formatted_price":"24,00&nbsp;\u20ac","formatted_published_date":"23 f\u00e9vrier 2015","publisher_availability_label":"Sur commande","short_details":"Paul Vecchiali \u2014 EDITIONS DE L'OEIL","translator":null,"weight":350,"page_count":48,"readership":null,"editor":"EDITIONS DE L'OEIL","price":2400,"published_date":"2015-02-22T23:00:00.000000Z","support":"Livre + DVD","publisher_availability":1,"stock":0,"editions":[],"url":"https:\/\/quaidesbrumes.com\/ouvrage\/9782351371756\/les-ruses-du-diable"},{"id":"9783037784525","title":"Villa monte schule der kinder \/allemand","description":null,"authors":[],"category_codes":["6000000","6070000","6070200"],"visuals":{"large":"https:\/\/images.epagine.fr\/525\/9783037784525_1_75.jpg","medium":"https:\/\/images.epagine.fr\/525\/9783037784525_1_m.jpg","thumbnail":"https:\/\/images.epagine.fr\/525\/9783037784525_1_v.jpg"},"orderable":true,"show_badge":true,"formatted_price":"30,00&nbsp;\u20ac","formatted_published_date":"23 d\u00e9cembre 2014","publisher_availability_label":"Sur commande","short_details":"Lars Muller","translator":null,"weight":900,"page_count":284,"readership":null,"editor":"Lars Muller","price":3000,"published_date":"2014-12-22T23:00:00.000000Z","support":"Grand format","publisher_availability":1,"stock":0,"editions":[],"url":"https:\/\/quaidesbrumes.com\/ouvrage\/9783037784525\/villa-monte-schule-der-kinder-allemand"},{"id":"9789185639670","title":"Too much too young","description":null,"authors":["Lindqvist"],"category_codes":["6000000","6070000","6070200"],"visuals":{"large":"https:\/\/images.epagine.fr\/670\/9789185639670_1_75.jpg","medium":"https:\/\/images.epagine.fr\/670\/9789185639670_1_m.jpg","thumbnail":"https:\/\/images.epagine.fr\/670\/9789185639670_1_v.jpg"},"orderable":true,"show_badge":true,"formatted_price":"29,90&nbsp;\u20ac","formatted_published_date":"1er septembre 2014","publisher_availability_label":"Sur commande","short_details":"Lindqvist \u2014 Dokument Forlag","translator":null,"weight":601,"page_count":null,"readership":null,"editor":"Dokument Forlag","price":2990,"published_date":"2014-08-31T22:00:00.000000Z","support":"Grand format","publisher_availability":1,"stock":0,"editions":[],"url":"https:\/\/quaidesbrumes.com\/ouvrage\/9789185639670\/too-much-too-young"},{"id":"9782954398808","title":"Les Yvelines au fil du vent","description":"Ce livre pr\u00e9sente en images vues du ciel un portrait du d\u00e9partement des Yvelines, \u00e0 l'Ouest et aux portes de Paris. Apr\u00e8s quatre ann\u00e9es de prises de vues a\u00e9riennes r\u00e9alis\u00e9es en h\u00e9licopt\u00e8re, Philippe Guignard a compil\u00e9 au fil des saisons un vaste portfolio haut en couleur de ce magnifique territoire. Les photographies pr\u00e9sent\u00e9es mettent en lumi\u00e8re la qualit\u00e9 et la diversit\u00e9 des paysages, les \u00e9tonnantes richesses patrimoniales, et finalement l'\u00e2me du d\u00e9partement.\r\nCet ouvrage vous invite \u00e0 une promenade a\u00e9rienne sur les traces des rois de France, entre pass\u00e9 prestigieux et modernit\u00e9 contemporaine.\r\nTextes bilingues Fran\u00e7ais-Anglais","authors":["Philippe Guignard"],"category_codes":["6000000","6070000","6070200","6070205"],"visuals":{"large":"https:\/\/images.epagine.fr\/808\/9782954398808_1_75.jpg","medium":"https:\/\/images.epagine.fr\/808\/9782954398808_1_m.jpg","thumbnail":"https:\/\/images.epagine.fr\/808\/9782954398808_1_v.jpg"},"orderable":true,"show_badge":true,"formatted_price":"13,90&nbsp;\u20ac","formatted_published_date":"15 d\u00e9cembre 2014","publisher_availability_label":"Sur commande","short_details":"Philippe Guignard \u2014 Air Images","translator":null,"weight":380,"page_count":128,"readership":null,"editor":"Air Images","price":1390,"published_date":"2014-12-14T23:00:00.000000Z","support":"Grand format","publisher_availability":1,"stock":0,"editions":[],"url":"https:\/\/quaidesbrumes.com\/ouvrage\/9782954398808\/les-yvelines-au-fil-du-vent"},{"id":"9791091490177","title":"Logical song ; Ange Leccia","description":"Un film de Gilles Coudert qui propose une analyse du travail d'Ange Leccia en croisant l'exploration de son exposition \u00ab Logical Song \u00bb (2013) au MAC\/VAL - Mus\u00e9e d'art contemporain du Val-de-Marne et sa mise en perspective \u00e0 travers une s\u00e9rie d'entretiens (avec trois films de l'artiste).\r\nCompos\u00e9e d'une succession de vid\u00e9os monumentales, l'exposition offre une relecture autobiographique et po\u00e9tique de son oeuvre, en cr\u00e9ant un dialogue entre ses films, des plus anciens aux plus r\u00e9cents. Le spectateur est invit\u00e9 \u00e0 parcourir le dispositif et \u00e0 s'impr\u00e9gner de cet environnement visuel et sonore pour inventer son propre r\u00e9cit. Ange Leccia nous livre son parcours et nous parle de sa d\u00e9marche aux c\u00f4t\u00e9s d'Alexia Fabre, conservatrice en chef du MAC\/VAL, Nicole Brenez, th\u00e9oricienne du cin\u00e9ma, et Fabien Danesi, historien et critique d'art, qui commentent son oeuvre et la situent dans l'histoire de l'art et du cin\u00e9ma.\r\n\r\nLe DVD contient \u00e9galement trois films d'Ange Leccia.\r\n\r\nSeven Islands (2013) : le titre renvoie d'abord aux \u00eeles de la mer de Seto o\u00f9 ce film a \u00e9t\u00e9 tourn\u00e9, mais aussi \u00e0 sa structure. \u00ab \u00cele \u00bb pourrait signifier une \u00e9tape sc\u00e9naristique : chaque s\u00e9quence est construite comme un monde autonome \u00e0 partir d'une g\u00e9ographie, d'une temporalit\u00e9, d'un \u00e9tat mental, telle une \u00eele cin\u00e9matographique. \u00c0 l'image des pr\u00e9c\u00e9dentes r\u00e9alisations d'Ange Leccia, notamment \u00cele de Beaut\u00e9 (1996), ce film est une d\u00e9rive po\u00e9tique et onirique au fil de paysages maritimes.\r\n\r\nTravers\u00e9e (2012) : ce film met en sc\u00e8ne de multiples trajets entre Marseille et un ailleurs m\u00e9diterran\u00e9en qui virent \u00e0 la d\u00e9rive. Ces voyages se referment sur eux-m\u00eames pour former une boucle continue. Le r\u00e9cit se d\u00e9lite dans cet \u00e9ternel retour. Travers\u00e9e est avant tout un lieu mouvant, un entre-deux, une m\u00e9taphore po\u00e9tique de la situation politique entre la France et les pays du Maghreb. C'est un espace de contemplation et de tension, un voyage sans fin, une invitation.\r\n\r\nLe d\u00e9but des choses (2012) : inspir\u00e9 par l'architecture monumentale du Palais de Tokyo, le film d'Ange Leccia en d\u00e9multiplie les effets lumineux en jouant avec la surface r\u00e9fl\u00e9chissante d'un immense miroir : l'artiste Michelangelo Pistoletto est au coeur de ce dispositif d'ombres et de diffractions, scand\u00e9 par les apparitions d'une jeune femme et des images d'archives du Palais de Tokyo de 1930 \u00e0 nos jours.\r\nAnge Leccia (n\u00e9 en 1952 \u00e0 Minerviu en Corse, vit et travaille \u00e0 Paris et en Corse) est un artiste majeur, l'un des pionniers fran\u00e7ais de l'art vid\u00e9o. Depuis le d\u00e9but des ann\u00e9es 1980, la lumi\u00e8re et l'image, combin\u00e9es \u00e0 l'humain, sont la mati\u00e8re premi\u00e8re de son oeuvre.\r\nOn a pu voir son travail, entre autres, au Mus\u00e9e d'art moderne de la ville de Paris, au Centre Georges Pompidou (Paris), au Mus\u00e9e Guggenheim de New-York, \u00e0 la Documenta de Kassel, au Skulptur Projekte de M\u00fcnster, \u00e0 la Biennale de Venise, etc.","authors":["Gilles Coudert"],"category_codes":["6000000","6070000","6070200"],"visuals":{"large":"https:\/\/images.epagine.fr\/177\/9791091490177_1_75.jpg","medium":"https:\/\/images.epagine.fr\/177\/9791091490177_1_m.jpg","thumbnail":"https:\/\/images.epagine.fr\/177\/9791091490177_1_v.jpg"},"orderable":true,"show_badge":true,"formatted_price":"0,00&nbsp;\u20ac","formatted_published_date":"15 d\u00e9cembre 2014","publisher_availability_label":"Sur commande","short_details":"Gilles Coudert \u2014 Apres","translator":null,"weight":0,"page_count":null,"readership":null,"editor":"Apres","price":0,"published_date":"2014-12-14T23:00:00.000000Z","support":"DVD","publisher_availability":1,"stock":0,"editions":[],"url":"https:\/\/quaidesbrumes.com\/ouvrage\/9791091490177\/logical-song-ange-leccia"},{"id":"9782343056258","title":"Marguerite Pierry et Jeanne Fusier-Gir ; deux actrices ambigu\u00ebs amies de Sacha Guitry","description":"Ces deux actrices dites comiques ont d\u00fb renoncer, faute d'engagement, \u00e0 la carri\u00e8re de trag\u00e9dienne dont elles avaient r\u00eav\u00e9. Elles sont donc devenues, \u00e0 leur corps d\u00e9fendant, des actrices comiques. Mais leur intelligences, leur parfaite diction et leur go\u00fbt de la litt\u00e9rature leur permirent de rencontrer Guitry qui leur confia des personnages ambigus et cruels. Jeanne joua \u00e9galement pour Cavalcanti, Oph\u00fcls, L'Herbier, Duvivier, Clouzot et Becker. Marguerite tourna avec Renoir, Mirande, Raymond Bernard et Christian-Jacque","authors":["Yves Uro"],"category_codes":["6000000","6070000","6070300"],"visuals":{"large":"https:\/\/images.epagine.fr\/258\/9782343056258_1_75.jpg","medium":"https:\/\/images.epagine.fr\/258\/9782343056258_1_m.jpg","thumbnail":"https:\/\/images.epagine.fr\/258\/9782343056258_1_v.jpg"},"orderable":true,"show_badge":true,"formatted_price":"21,50&nbsp;\u20ac","formatted_published_date":"2 avril 2015","publisher_availability_label":"Sur commande","short_details":"Yves Uro \u2014 \u00c9ditions L'Harmattan","translator":null,"weight":260,"page_count":206,"readership":null,"editor":"\u00c9ditions L'Harmattan","price":2150,"published_date":"2015-04-01T22:00:00.000000Z","support":"Grand format","publisher_availability":1,"stock":0,"editions":[],"url":"https:\/\/quaidesbrumes.com\/ouvrage\/9782343056258\/marguerite-pierry-et-jeanne-fusier-gir-deux-actrices-ambigues-amies-de-sacha-guitry"},{"id":"9782343052816","title":"Television francaise : la saison 2014 ; une analyse des programmes du 1er septembre 2011 au 31 ao\u00fbt 2013","description":"Cette saison regroupe exceptionnellement deux ann\u00e9es, soit les programmes en premi\u00e8re diffusion du 1er septembre 2011 au 31 ao\u00fbt 2013. Depuis la fin 2011, toutes les r\u00e9gions fran\u00e7aises, m\u00e9tropole et outre-mer ont bascul\u00e9, comme toutes les cha\u00eenes, sur la T\u00e9l\u00e9vision num\u00e9rique terrestre (TNT). Aux 19 cha\u00eenes d\u00e9j\u00e0 disponibles sont venues s'ajouter, le 12 d\u00e9cembre 2012, 6 nouvelles cha\u00eenes. Leur part de march\u00e9 approche aujourd'hui le quart de l'audience et grignote la part des cha\u00eenes plus anciennes.","authors":["Christian Boss\u00e9no"],"category_codes":["6000000","6070000","6070300"],"visuals":{"large":"https:\/\/images.epagine.fr\/816\/9782343052816_1_75.jpg","medium":"https:\/\/images.epagine.fr\/816\/9782343052816_1_m.jpg","thumbnail":"https:\/\/images.epagine.fr\/816\/9782343052816_1_v.jpg"},"orderable":true,"show_badge":true,"formatted_price":"38,00&nbsp;\u20ac","formatted_published_date":"29 d\u00e9cembre 2014","publisher_availability_label":"Sur commande","short_details":"Christian Boss\u00e9no \u2014 \u00c9ditions L'Harmattan","translator":null,"weight":995,"page_count":428,"readership":null,"editor":"\u00c9ditions L'Harmattan","price":3800,"published_date":"2014-12-28T23:00:00.000000Z","support":"Grand format","publisher_availability":1,"stock":0,"editions":[],"url":"https:\/\/quaidesbrumes.com\/ouvrage\/9782343052816\/television-francaise-la-saison-2014-une-analyse-des-programmes-du-1er-septembre-2011-au-31-aout-2013"},{"id":"9782955050415","title":"Cote de la photographie de collection","description":"Figurant aujourd'hui sur le terrain de la collection, cette s\u00e9lection atteint les prix indiqu\u00e9s en regard, relev\u00e9s en vente publique et sur le march\u00e9 durant ces trois derni\u00e8res ann\u00e9es. Ainsi vous trouverez \u00e0 travers ces r\u00e9f\u00e9rences l'oeuvre de ces alchimistes de la lumi\u00e8re.\r\n \r\nPlus de mille deux cents photographes de Niepce \u00e0 Doisneau, tous les plus grands noms de la photographie qu'elle soit d'importance historique ou artistique, celle que le collectionneur recherche et que le mus\u00e9e accumule. Plus de cinq mille r\u00e9f\u00e9rences, plus de deux mille cinq cents titres de bibliophilie composent ce r\u00e9pertoire chronologique des oeuvres de photographes ayant gagn\u00e9 la reconnaissance du temps.\r\n \r\nOutil indispensable pour les amateurs et les curieux sensibilis\u00e9s \u00e0 l'art photographique dont la France est le berceau et le terrain des plus grandes manifestations.","authors":["David Nosek"],"category_codes":["6000000","6070000","6070200"],"visuals":{"large":"https:\/\/images.epagine.fr\/415\/9782955050415_1_75.jpg","medium":"https:\/\/images.epagine.fr\/415\/9782955050415_1_m.jpg","thumbnail":"https:\/\/images.epagine.fr\/415\/9782955050415_1_v.jpg"},"orderable":true,"show_badge":true,"formatted_price":"25,00&nbsp;\u20ac","formatted_published_date":"20 janvier 2015","publisher_availability_label":"Sur commande","short_details":"David Nosek \u2014 Books on Demand","translator":null,"weight":400,"page_count":392,"readership":null,"editor":"Books on Demand","price":2500,"published_date":"2015-01-19T23:00:00.000000Z","support":"Grand format","publisher_availability":1,"stock":0,"editions":[],"url":"https:\/\/quaidesbrumes.com\/ouvrage\/9782955050415\/cote-de-la-photographie-de-collection"},{"id":"9791094358009","title":"Le guide safari photo en Charente-Maritime Tome 1","description":"Partez \u00e0 la d\u00e9couverte des paysages de la Charente-Maritime, d\u00e9couvrez les recoins cach\u00e9s du d\u00e9partement o\u00f9 se dissimulent des tr\u00e9sors de la nature. Vous irez \u00e0 la rencontre d'une faune luxuriante et d'une flore foisonnante. Munissez-vous de votre appareil photo et parcourez les \u00e9tendues bucoliques, les plages de sable fin, les all\u00e9es des vieilles villes charg\u00e9es d'histoires, les ch\u00e2teaux et autres monuments anciens ou plus contemporains qui ornementent ces paysages.\r\nIl y a tant \u00e0 voir et \u00e0 d\u00e9couvrir... Pour vous guider dans votre parcours, Le Guide Safari Photo en Charente-Maritime r\u00e9pertorie pour vous plus de deux-cents communes, une centaine de bonnes adresses, des conseils techniques et un cours d'initiation \u00e0 la photographie de paysage.\r\nPour mieux vous inspirer, quatre photographes professionnels ont \u00e9t\u00e9 invit\u00e9s a collaborer avec St\u00e9phane Souchon afin d'illustrer cet ouvrage de cent quatre-vingt photographies grand format qui r\u00e9v\u00e8lent en images la splendeur des lieux.","authors":["St\u00e9phane Souchon"],"category_codes":["6000000","6070000","6070200"],"visuals":{"large":"https:\/\/images.epagine.fr\/009\/9791094358009_1_75.jpg","medium":"https:\/\/images.epagine.fr\/009\/9791094358009_1_m.jpg","thumbnail":"https:\/\/images.epagine.fr\/009\/9791094358009_1_v.jpg"},"orderable":true,"show_badge":true,"formatted_price":"29,90&nbsp;\u20ac","formatted_published_date":"30 janvier 2015","publisher_availability_label":"Sur commande","short_details":"St\u00e9phane Souchon \u2014 Ds Atlantique","translator":null,"weight":1900,"page_count":339,"readership":null,"editor":"Ds Atlantique","price":2990,"published_date":"2015-01-29T23:00:00.000000Z","support":"Grand format","publisher_availability":1,"stock":0,"editions":[],"url":"https:\/\/quaidesbrumes.com\/ouvrage\/9791094358009\/le-guide-safari-photo-en-charente-maritime-tome-1"},{"id":"9782350463551","title":"Das Schloss (le ch\u00e2teau)","description":"Le \"Schloss\", c'est le surnom d'un ch\u00e2teau dont les malles regorgent de vieilles photos et de souvenirs, une grande b\u00e2tisse lorraine inchauffable occup\u00e9e par les Allemands pendant la Seconde Guerre mondiale. Les gens du coin appellent encore Sara Imloul et sa cousine \"les petites-filles du ch\u00e2teau\". Sur ce royaume de courants d'air r\u00e8gne toujours aujourd'hui le grand-p\u00e8re, le patriarche, autour duquel la famille de Sara se r\u00e9unit.\r\nDas Schloss est donc une s\u00e9rie introspective, un huis clos photographique : des s\u00e9ances de poses au d\u00e9veloppement des tirages, tout se passe l\u00e0-bas. Tout commence dans la brume matinale alors que Sara attend son mod\u00e8le, \"madame jambes\", sa tante, \u00e0 qui elle va faire tenir la pose pendant les longues secondes que n\u00e9cessite la technique que l'artiste s'est impos\u00e9e : la calotypie, ce proc\u00e9d\u00e9 photographique invent\u00e9 par Talbot. Je ne travaille qu'avec des gens que je connais parce que je sais qu'il est tr\u00e8s difficile de poser. Et, en calotypie, tout est tr\u00e8s lent. Parce qu'il y a une intimit\u00e9, je me permets d'aller plus loin, ils me donnent plus, et la projection de mon imaginaire est plus facile avec ceux que j'aime. Avant cela, l'image a \u00e9t\u00e9 pens\u00e9e, r\u00eav\u00e9e. L'artiste a r\u00e9alis\u00e9 des esquisses pr\u00e9paratoires puis cherch\u00e9 les accessoires avec minutie. Ici, par exemple, elle a pos\u00e9 un tissu noir sur le haut du corps de sa tante pour qu'il disparaisse dans le d\u00e9cor. Devant sa chambre photographique (Toyo-View 4x5), rien n'est donc laiss\u00e9 au hasard.","authors":["Sara Imloul"],"category_codes":["6000000","6070000","6070200"],"visuals":{"large":"https:\/\/images.epagine.fr\/551\/9782350463551_1_75.jpg","medium":"https:\/\/images.epagine.fr\/551\/9782350463551_1_m.jpg","thumbnail":"https:\/\/images.epagine.fr\/551\/9782350463551_1_v.jpg"},"orderable":true,"show_badge":true,"formatted_price":"17,00&nbsp;\u20ac","formatted_published_date":"11 avril 2015","publisher_availability_label":"Sur commande","short_details":"Sara Imloul \u2014 Filigranes","translator":null,"weight":170,"page_count":72,"readership":null,"editor":"Filigranes","price":1700,"published_date":"2015-04-10T22:00:00.000000Z","support":"Grand format","publisher_availability":1,"stock":0,"editions":[],"url":"https:\/\/quaidesbrumes.com\/ouvrage\/9782350463551\/das-schloss-le-chateau"}]}