{"data":[{"id":"9782081339248","title":"Pourquoi partir ?","description":"\u00ab Je reviens \u00e0 la source, je retrouve tous mes sentiers d'\u00e9vasion, les Pyr\u00e9n\u00e9es me reprennent tout entier, collines, montagnes, amiti\u00e9s confondues.\r\nL'\u00e2ge est venu et mon app\u00e9tit redouble, je ne vois que des soleils jusque dans les jours les plus sombres, je ne sais toujours pas d'o\u00f9 me vient cette r\u00e9sistance \u00e0 l'ennui, ce bonheur de vivre, cette irr\u00e9sistible envie de rester aupr\u00e8s de tous les miens. Pourquoi partir en effet ? \u00bb Le journal intime de Jacques Chancel des ann\u00e9es 2011-2014 nous propose, sur le ton de la confi dence, de revenir sur les grands et les petits \u00e9v\u00e9nements qui agitent notre monde. Comme toujours, il est question de politique, de sport, de litt\u00e9rature, de musique, de voyages... Et, plus que jamais, de la vie, de la mort, et de demain.\r","authors":["Jacques Chancel"],"category_codes":["6000000","6070000","6070300"],"visuals":{"large":"https:\/\/images.epagine.fr\/248\/9782081339248_1_75.jpg","medium":"https:\/\/images.epagine.fr\/248\/9782081339248_1_m.jpg","thumbnail":"https:\/\/images.epagine.fr\/248\/9782081339248_1_v.jpg"},"orderable":true,"show_badge":true,"formatted_price":"19,90&nbsp;\u20ac","formatted_published_date":"12 novembre 2014","publisher_availability_label":"Sur commande","short_details":"Jacques Chancel \u2014 Flammarion","translator":null,"weight":519,"page_count":416,"readership":null,"editor":"Flammarion","price":1990,"published_date":"2014-11-11T23:00:00.000000Z","support":"Grand format","publisher_availability":1,"stock":0,"editions":[],"url":"https:\/\/quaidesbrumes.com\/ouvrage\/9782081339248\/pourquoi-partir"},{"id":"9782343039992","title":"Medium et appareil dans la cr\u00e9ation photographique","description":"Lorsque la cr\u00e9ation d'une image se fait gr\u00e2ce \u00e0 l'utilisation d'un appareil, il arrive un moment o\u00f9 celui-ci devient central et le sujet de tous les questionnements. C'est en consid\u00e9rant l'appareil comme un ensemble global, participant pleinement \u00e0 la cr\u00e9ation et la conditionnant en m\u00eame temps, qu'il para\u00eet possible de mener une r\u00e9flexion sur cette place particuli\u00e8re qu'occupe l'appareillage photographique dans la r\u00e9alisation d'images ou d'installation de celles-ci.\r","authors":["Tiphaine Gondouin"],"category_codes":["6000000","6070000","6070200"],"visuals":{"large":"https:\/\/images.epagine.fr\/992\/9782343039992_1_75.jpg","medium":"https:\/\/images.epagine.fr\/992\/9782343039992_1_m.jpg","thumbnail":"https:\/\/images.epagine.fr\/992\/9782343039992_1_v.jpg"},"orderable":true,"show_badge":true,"formatted_price":"28,00&nbsp;\u20ac","formatted_published_date":"6 octobre 2014","publisher_availability_label":"Sur commande","short_details":"Tiphaine Gondouin \u2014 \u00c9ditions L'Harmattan","translator":null,"weight":320,"page_count":264,"readership":null,"editor":"\u00c9ditions L'Harmattan","price":2800,"published_date":"2014-10-05T22:00:00.000000Z","support":"Grand format","publisher_availability":1,"stock":0,"editions":[],"url":"https:\/\/quaidesbrumes.com\/ouvrage\/9782343039992\/medium-et-appareil-dans-la-creation-photographique"},{"id":"9782013497077","title":"La photographie pour tous, apprise sans maitre, traite simplifie","description":"La Photographie pour tous, apprise sans ma\u00eetre, trait\u00e9 simplifi\u00e9, par L. Mulot,... [et Casimir Lefebvre.] Date de l'\u00e9dition originale : 1858 Ce livre est la reproduction fid\u00e8le d'une oeuvre publi\u00e9e avant 1920 et fait partie d'une collection de livres r\u00e9imprim\u00e9s \u00e0 la demande \u00e9dit\u00e9e par Hachette Livre, dans le cadre d'un partenariat avec la Biblioth\u00e8que nationale de France, offrant l'opportunit\u00e9 d'acc\u00e9der \u00e0 des ouvrages anciens et souvent rares issus des fonds patrimoniaux de la BnF.\r\nLes oeuvres faisant partie de cette collection ont \u00e9t\u00e9 num\u00e9ris\u00e9es par la BnF et sont pr\u00e9sentes sur Gallica, sa biblioth\u00e8que num\u00e9rique.\r\n\r\nEn entreprenant de redonner vie \u00e0 ces ouvrages au travers d'une collection de livres r\u00e9imprim\u00e9s \u00e0 la demande, nous leur donnons la possibilit\u00e9 de rencontrer un public \u00e9largi et participons \u00e0 la transmission de connaissances et de savoirs parfois difficilement accessibles.\r\nNous avons cherch\u00e9 \u00e0 concilier la reproduction fid\u00e8le d'un livre ancien \u00e0 partir de sa version num\u00e9ris\u00e9e avec le souci d'un confort de lecture optimal. Nous esp\u00e9rons que les ouvrages de cette nouvelle collection vous apporteront enti\u00e8re satisfaction.\r\n\r\nPour plus d'informations, rendez-vous sur www.hachettebnf.fr\r","authors":["Mulot"],"category_codes":["6000000","6070000","6070200"],"visuals":{"large":"https:\/\/images.epagine.fr\/077\/9782013497077_1_75.jpg","medium":"https:\/\/images.epagine.fr\/077\/9782013497077_1_m.jpg","thumbnail":"https:\/\/images.epagine.fr\/077\/9782013497077_1_v.jpg"},"orderable":true,"show_badge":true,"formatted_price":"11,50&nbsp;\u20ac","formatted_published_date":"1er octobre 2014","publisher_availability_label":"Sur commande","short_details":"Mulot \u2014 Hachette BNF","translator":null,"weight":113,"page_count":null,"readership":null,"editor":"Hachette BNF","price":1150,"published_date":"2014-09-30T22:00:00.000000Z","support":"Grand format","publisher_availability":1,"stock":0,"editions":["9782019693558"],"url":"https:\/\/quaidesbrumes.com\/ouvrage\/9782013497077\/la-photographie-pour-tous-apprise-sans-maitre-traite-simplifie"},{"id":"9782013497404","title":"Traite de photographie, derniers perfectionnements apportes au daguerreotype 4e edition","description":"Trait\u00e9 de photographie, derniers perfectionnements apport\u00e9s au daguerr\u00e9otype (4e \u00e9dition), par N. P. Lerebours,...\r\nDate de l'\u00e9dition originale : 1843 Sujet de l'ouvrage : Photogr. Technique. 1843 Ce livre est la reproduction fid\u00e8le d'une oeuvre publi\u00e9e avant 1920 et fait partie d'une collection de livres r\u00e9imprim\u00e9s \u00e0 la demande \u00e9dit\u00e9e par Hachette Livre, dans le cadre d'un partenariat avec la Biblioth\u00e8que nationale de France, offrant l'opportunit\u00e9 d'acc\u00e9der \u00e0 des ouvrages anciens et souvent rares issus des fonds patrimoniaux de la BnF.\r\nLes oeuvres faisant partie de cette collection ont \u00e9t\u00e9 num\u00e9ris\u00e9es par la BnF et sont pr\u00e9sentes sur Gallica, sa biblioth\u00e8que num\u00e9rique.\r\n\r\nEn entreprenant de redonner vie \u00e0 ces ouvrages au travers d'une collection de livres r\u00e9imprim\u00e9s \u00e0 la demande, nous leur donnons la possibilit\u00e9 de rencontrer un public \u00e9largi et participons \u00e0 la transmission de connaissances et de savoirs parfois difficilement accessibles.\r\nNous avons cherch\u00e9 \u00e0 concilier la reproduction fid\u00e8le d'un livre ancien \u00e0 partir de sa version num\u00e9ris\u00e9e avec le souci d'un confort de lecture optimal. Nous esp\u00e9rons que les ouvrages de cette nouvelle collection vous apporteront enti\u00e8re satisfaction.\r\n\r\nPour plus d'informations, rendez-vous sur www.hachettebnf.fr\r","authors":["Lerebours N-M."],"category_codes":["6000000","6070000","6070200"],"visuals":{"large":"https:\/\/images.epagine.fr\/404\/9782013497404_1_75.jpg","medium":"https:\/\/images.epagine.fr\/404\/9782013497404_1_m.jpg","thumbnail":"https:\/\/images.epagine.fr\/404\/9782013497404_1_v.jpg"},"orderable":true,"show_badge":true,"formatted_price":"20,00&nbsp;\u20ac","formatted_published_date":"1er octobre 2014","publisher_availability_label":"Sur commande","short_details":"Lerebours N-M. \u2014 Hachette BNF","translator":null,"weight":327,"page_count":null,"readership":null,"editor":"Hachette BNF","price":2000,"published_date":"2014-09-30T22:00:00.000000Z","support":"Grand format","publisher_availability":1,"stock":0,"editions":[],"url":"https:\/\/quaidesbrumes.com\/ouvrage\/9782013497404\/traite-de-photographie-derniers-perfectionnements-apportes-au-daguerreotype-4e-edition"},{"id":"9782013498517","title":"Nicephore niepce, inventeur de la photographie","description":"Nic\u00e9phore Niepce, inventeur de la photographie, conf\u00e9rence faite \u00e0 Chalon-sur-Sa\u00f4ne pour l'inauguration de la statue de Nic\u00e9phore Niepce, le 22 juin 1885 , par A. Davanne,...\r\nDate de l'\u00e9dition originale : 1885 Sujet de l'ouvrage : Niepce, Nic\u00e9phore Ce livre est la reproduction fid\u00e8le d'une oeuvre publi\u00e9e avant 1920 et fait partie d'une collection de livres r\u00e9imprim\u00e9s \u00e0 la demande \u00e9dit\u00e9e par Hachette Livre, dans le cadre d'un partenariat avec la Biblioth\u00e8que nationale de France, offrant l'opportunit\u00e9 d'acc\u00e9der \u00e0 des ouvrages anciens et souvent rares issus des fonds patrimoniaux de la BnF.\r\nLes oeuvres faisant partie de cette collection ont \u00e9t\u00e9 num\u00e9ris\u00e9es par la BnF et sont pr\u00e9sentes sur Gallica, sa biblioth\u00e8que num\u00e9rique.\r\n\r\nEn entreprenant de redonner vie \u00e0 ces ouvrages au travers d'une collection de livres r\u00e9imprim\u00e9s \u00e0 la demande, nous leur donnons la possibilit\u00e9 de rencontrer un public \u00e9largi et participons \u00e0 la transmission de connaissances et de savoirs parfois difficilement accessibles.\r\nNous avons cherch\u00e9 \u00e0 concilier la reproduction fid\u00e8le d'un livre ancien \u00e0 partir de sa version num\u00e9ris\u00e9e avec le souci d'un confort de lecture optimal. Nous esp\u00e9rons que les ouvrages de cette nouvelle collection vous apporteront enti\u00e8re satisfaction.\r\n\r\nPour plus d'informations, rendez-vous sur www.hachettebnf.fr\r","authors":["Davanne Alphonse"],"category_codes":["6000000","6070000","6070200"],"visuals":{"large":"https:\/\/images.epagine.fr\/517\/9782013498517_1_75.jpg","medium":"https:\/\/images.epagine.fr\/517\/9782013498517_1_m.jpg","thumbnail":"https:\/\/images.epagine.fr\/517\/9782013498517_1_v.jpg"},"orderable":true,"show_badge":true,"formatted_price":"9,50&nbsp;\u20ac","formatted_published_date":"1er octobre 2014","publisher_availability_label":"Sur commande","short_details":"Davanne Alphonse \u2014 Hachette BNF","translator":null,"weight":64,"page_count":null,"readership":null,"editor":"Hachette BNF","price":950,"published_date":"2014-09-30T22:00:00.000000Z","support":"Grand format","publisher_availability":1,"stock":0,"editions":[],"url":"https:\/\/quaidesbrumes.com\/ouvrage\/9782013498517\/nicephore-niepce-inventeur-de-la-photographie"},{"id":"9788415118985","title":"Juan rulfo en los ferrocarriles \/anglais\/espagnol","description":null,"authors":["Juan Rulfo"],"category_codes":["6000000","6070000","6070200"],"visuals":{"large":"https:\/\/images.epagine.fr\/985\/9788415118985_1_75.jpg","medium":"https:\/\/images.epagine.fr\/985\/9788415118985_1_m.jpg","thumbnail":"https:\/\/images.epagine.fr\/985\/9788415118985_1_v.jpg"},"orderable":true,"show_badge":true,"formatted_price":"47,00&nbsp;\u20ac","formatted_published_date":"30 d\u00e9cembre 1999","publisher_availability_label":"Sur commande","short_details":"Juan Rulfo \u2014 Rm Editorial","translator":null,"weight":1300,"page_count":176,"readership":null,"editor":"Rm Editorial","price":4700,"published_date":"1999-12-29T23:00:00.000000Z","support":"Grand format","publisher_availability":1,"stock":0,"editions":[],"url":"https:\/\/quaidesbrumes.com\/ouvrage\/9788415118985\/juan-rulfo-en-los-ferrocarriles-anglaisespagnol"},{"id":"9783905929584","title":"Photographs","description":"Les travaux photographiques de l'artiste c\u00e9l\u00e8bre depuis les ann\u00e9es 1980 pour ses installations puis ses peintures, un ensemble de 250 photographies jusqu'\u00e0 pr\u00e9sent rarement montr\u00e9es et largement m\u00e9connues (luxueux livre d'artiste).\r\nAyant contribu\u00e9 \u00e0 la fin des ann\u00e9es 1980 \u00e0 la d\u00e9finition du genre de l'installation, Karen Kilimnik (n\u00e9e en 1955, travaillant \u00e0 Philadelphie) se r\u00e9v\u00e8le aujourd'hui particuli\u00e8rement virtuose dans celui de la peinture classique. Fascin\u00e9e par l'univers f\u00e9erique des contes et l\u00e9gendes autant que par les ic\u00f4nes de la culture pop contemporaine, empruntant ses sujets \u00e0 l'actualit\u00e9, \u00e0 la presse \u00ab people \u00bb, autant qu'\u00e0 la litt\u00e9rature et aux ma\u00eetres de la peinture ancienne (Constable, Reynolds, Goya), l'artiste recr\u00e9e des \u00ab int\u00e9rieurs \u00bb semblables \u00e0 des d\u00e9cors de th\u00e9\u00e2tre, o\u00f9 la r\u00e9alit\u00e9 c\u00f4toie l'illusion.\r","authors":["Karen Kilimnik"],"category_codes":["6000000","6070000","6070200"],"visuals":{"large":"https:\/\/images.epagine.fr\/584\/9783905929584_1_75.jpg","medium":"https:\/\/images.epagine.fr\/584\/9783905929584_1_m.jpg","thumbnail":"https:\/\/images.epagine.fr\/584\/9783905929584_1_v.jpg"},"orderable":true,"show_badge":true,"formatted_price":"60,00&nbsp;\u20ac","formatted_published_date":"5 novembre 2014","publisher_availability_label":"Sur commande","short_details":"Karen Kilimnik \u2014 Patrick Frey","translator":null,"weight":1150,"page_count":252,"readership":null,"editor":"Patrick Frey","price":6000,"published_date":"2014-11-04T23:00:00.000000Z","support":"Grand format","publisher_availability":1,"stock":0,"editions":[],"url":"https:\/\/quaidesbrumes.com\/ouvrage\/9783905929584\/photographs"},{"id":"9782350739274","title":"Damien Mohn","description":"N\u00e9 en 1976 \u00e0 Sartrouville, Damien Mohn est photographe sp\u00e9cialis\u00e9 dans la mode et la beaut\u00e9. Amoureux de peinture, de graphisme et des Femmes, il commence la photographie en 2005, en autodidacte, avec l'achat de son premier boitier r\u00e9flex num\u00e9rique.\r\nLe temps imposera son style, bas\u00e9 essentiellement sur le portrait, r\u00e9alis\u00e9 en lumi\u00e8re naturelle, alors simple et \u00e9pur\u00e9, ou en studio, avec des mises en beaut\u00e9 \u00e9labor\u00e9es.\r\nCet ouvrage est une Ode \u00e0 la Femme, plac\u00e9e dans un seul et unique \u00e9crin : \r\nUn lit, baign\u00e9 de lumi\u00e8re. Le glamour fait ici la part belle \u00e0 l'onirisme...\r","authors":["Damien Mohn"],"category_codes":["6000000","6070000","6070200"],"visuals":{"large":"https:\/\/images.epagine.fr\/274\/9782350739274_1_75.jpg","medium":"https:\/\/images.epagine.fr\/274\/9782350739274_1_m.jpg","thumbnail":"https:\/\/images.epagine.fr\/274\/9782350739274_1_v.jpg"},"orderable":true,"show_badge":true,"formatted_price":"12,00&nbsp;\u20ac","formatted_published_date":"22 octobre 2014","publisher_availability_label":"Sur commande","short_details":"Damien Mohn \u2014 Presses Litteraires","translator":null,"weight":455,"page_count":78,"readership":null,"editor":"Presses Litteraires","price":1200,"published_date":"2014-10-21T22:00:00.000000Z","support":"Grand format","publisher_availability":1,"stock":0,"editions":[],"url":"https:\/\/quaidesbrumes.com\/ouvrage\/9782350739274\/damien-mohn"},{"id":"9782351300831","title":"Face \u00e0 faces","description":"St\u00e9phane de Bourgies photographie depuis trente ans des hommes et des femmes venant d'univers tr\u00e8s vari\u00e9s. Des acteurs aux chefs cuisiniers en passant par les hommes d'affaires, les mannequins ou les chanteurs... ils sont sans cesse plus nombreux \u00e0 pousser la porte de son studio parisien pour y trouver son style si personnel. Les portraits en noir et blanc de St\u00e9phane de Bourgies, principalement r\u00e9alis\u00e9s sur fond blanc, expriment toute une palette d'\u00e9motions allant de la d\u00e9rision \u00e0 la gravit\u00e9 en exacerbant les traits de caract\u00e8re de chacun. Lors de ses rencontres avec ses mod\u00e8les, il tente toujours de capter un instant : cet instant \u00ab T \u00bb qui sera reproduit sur le tirage final au cadrage souvent d\u00e9cal\u00e9, aux lumi\u00e8res brillantes et aux contrastes forts, qui constituent sa patte si reconnaissable aujourd'hui.\r","authors":["St\u00e9phane  de Bourgies"],"category_codes":["6000000","6070000","6070200"],"visuals":{"large":"https:\/\/images.epagine.fr\/831\/9782351300831_1_75.jpg","medium":"https:\/\/images.epagine.fr\/831\/9782351300831_1_m.jpg","thumbnail":"https:\/\/images.epagine.fr\/831\/9782351300831_1_v.jpg"},"orderable":true,"show_badge":true,"formatted_price":"50,00&nbsp;\u20ac","formatted_published_date":"10 novembre 2014","publisher_availability_label":"Sur commande","short_details":"St\u00e9phane  de Bourgies \u2014 Cdpeditions","translator":null,"weight":1493,"page_count":96,"readership":null,"editor":"Cdpeditions","price":5000,"published_date":"2014-11-09T23:00:00.000000Z","support":"Beaux-livres","publisher_availability":1,"stock":0,"editions":[],"url":"https:\/\/quaidesbrumes.com\/ouvrage\/9782351300831\/face-a-faces"},{"id":"9782705689223","title":"Le restaurant Tchara","description":"Julie Courel fait oeuvre de pionni\u00e8re au Burkina Faso, car elle introduit la cam\u00e9ra dans le v\u00e9cu quotidien d'une communaut\u00e9 qui se construit entre \u00abzone lotie\u00bb et \u00ab zone non-lotie \u00bb, entre \u00ab ex-villageois \u00bb et \u00ab pas encore citadins\u00bb. Ma conviction est que c'est dans l'univers socio-\u00e9conomique o\u00f9 \u00e9volue le restaurant \u00abTchara\u00bb, ses actrices et ses acteurs, que se construit la vraie ville africaine. \r\nLes trois films et la th\u00e8se \u00e9crite constituent un capital pour tous les jeunes chercheurs qui, \u00e0 la suite de Julie Courel, voudront vivre, voir et sentir \u00ab l'autre ville \u00bb de Ouagadougou en construction avec \u00ab Ouaga 2000 \u00bb des ann\u00e9es 2000. Les films laissent les acteurs libres de leurs faits et gestes et de leurs propos. Il n'y a ni mis\u00e8re noire ni mendiants, ni enfants aux ventres ballonn\u00e9s tant m\u00e9diatis\u00e9s hors d'Afrique. Makini, Kanama ou Aminata travaillent et gagnent leur vie \u00e0 la sueur de leur front, sans plus. C'est une existence comme n'importe quelle autre, n'importe o\u00f9 sur cette \u00ab terre des hommes \u00bb. Chercher \u00e0 comprendre et expliquer qu'on peut na\u00eetre, vivre et \u00e9voluer en dehors et \u00e0 c\u00f4t\u00e9 des \u00ab normes \u00bb du syst\u00e8me et de l'\u00c9tat Import\u00e9 postcolonial en Afrique, c'est ce que r\u00e9ussit ce travail de reccherche, simple, profond et compliqu\u00e9 \u00e0 la fois.\r\nIl fallait le faire, c'est fait.\r\nPr Basile Laetare Guissou","authors":["Julie Courel"],"category_codes":["6000000","6070000","6070300","6070304"],"visuals":{"large":"https:\/\/images.epagine.fr\/223\/9782705689223_1_75.jpg","medium":"https:\/\/images.epagine.fr\/223\/9782705689223_1_m.jpg","thumbnail":"https:\/\/images.epagine.fr\/223\/9782705689223_1_v.jpg"},"orderable":true,"show_badge":true,"formatted_price":"30,00&nbsp;\u20ac","formatted_published_date":"22 avril 2015","publisher_availability_label":"Sur commande","short_details":"Julie Courel \u2014 Hermann","translator":null,"weight":295,"page_count":176,"readership":null,"editor":"Hermann","price":3000,"published_date":"2015-04-21T22:00:00.000000Z","support":"Grand format","publisher_availability":1,"stock":0,"editions":[],"url":"https:\/\/quaidesbrumes.com\/ouvrage\/9782705689223\/le-restaurant-tchara"},{"id":"9791026700043","title":"Photoroman en 47 l\u00e9gendes","description":"Ces 47 microfi ctions viennent l\u00e9gender 47 images, presque toujours des photos, dr\u00f4les, bizarres, souvent vintage, mais aussi quelques images pieuses et quelques tableaux. Ces l\u00e9gendes , donc, toujours d\u00e9cal\u00e9es par rapport aux images qui les inspirent - vieilles bagnoles, femmes nues, hommes \u00e0 chapeau ou \u00e0 casquette -, les d\u00e9tournent du c\u00f4t\u00e9 de la fantaisie et du fantastique. Les zigzags ou la guirlande de leur succession tracent la fi gure d'un parcours o\u00f9 se rep\u00e8rent des th\u00e8mes qui sont des mythes de l'Occident : la Femme ; le Livre ; \u00ab Dieu \u00bb ou plus pr\u00e9cis\u00e9ment le bon J\u00e9sus, trait\u00e9 sur le mode badin et puis, quelquefois, curieusement mystique. Autant de fragments qui secr\u00e8tement auraient de quoi s'agencer en un photoroman absolument insolite.\r","authors":["Jacques G\u00e9raud"],"category_codes":["6000000","6070000","6070200"],"visuals":{"large":"https:\/\/images.epagine.fr\/043\/9791026700043_1_75.jpg","medium":"https:\/\/images.epagine.fr\/043\/9791026700043_1_m.jpg","thumbnail":"https:\/\/images.epagine.fr\/043\/9791026700043_1_v.jpg"},"orderable":true,"show_badge":true,"formatted_price":"16,00&nbsp;\u20ac","formatted_published_date":"19 f\u00e9vrier 2015","publisher_availability_label":"Sur commande","short_details":"Jacques G\u00e9raud \u2014 CHAMP VALLON","translator":null,"weight":160,"page_count":160,"readership":null,"editor":"CHAMP VALLON","price":1600,"published_date":"2015-02-18T23:00:00.000000Z","support":"Grand format","publisher_availability":1,"stock":0,"editions":[],"url":"https:\/\/quaidesbrumes.com\/ouvrage\/9791026700043\/photoroman-en-47-legendes"},{"id":"9782013508841","title":"L' art en photographie avec le procede au gelatino-bromure d'argent - la theorie, la pratique et l'a","description":"L' art en photographie avec le proc\u00e9d\u00e9 au g\u00e9latino-bromure d'argent : la th\u00e9orie, la pratique et l'art en photographie \/ par Fr\u00e9d\u00e9ric Dillaye Date de l'\u00e9dition originale : 1909 Sujet de l'ouvrage : Photographie -- 1870-1914Composition (photographie) -- 1870-1914Photographie artistique -- 1870-1914Tirage (photographie) -- 1870-1914 Ce livre est la reproduction fid\u00e8le d'une oeuvre publi\u00e9e avant 1920 et fait partie d'une collection de livres r\u00e9imprim\u00e9s \u00e0 la demande \u00e9dit\u00e9e par Hachette Livre, dans le cadre d'un partenariat avec la Biblioth\u00e8que nationale de France, offrant l'opportunit\u00e9 d'acc\u00e9der \u00e0 des ouvrages anciens et souvent rares issus des fonds patrimoniaux de la BnF.\r\nLes oeuvres faisant partie de cette collection ont \u00e9t\u00e9 num\u00e9ris\u00e9es par la BnF et sont pr\u00e9sentes sur Gallica, sa biblioth\u00e8que num\u00e9rique.\r\n\r\nEn entreprenant de redonner vie \u00e0 ces ouvrages au travers d'une collection de livres r\u00e9imprim\u00e9s \u00e0 la demande, nous leur donnons la possibilit\u00e9 de rencontrer un public \u00e9largi et participons \u00e0 la transmission de connaissances et de savoirs parfois difficilement accessibles.\r\nNous avons cherch\u00e9 \u00e0 concilier la reproduction fid\u00e8le d'un livre ancien \u00e0 partir de sa version num\u00e9ris\u00e9e avec le souci d'un confort de lecture optimal. Nous esp\u00e9rons que les ouvrages de cette nouvelle collection vous apporteront enti\u00e8re satisfaction.\r\n\r\nPour plus d'informations, rendez-vous sur www.hachettebnf.fr\r","authors":["Dillaye Frederic"],"category_codes":["6000000","6070000","6070200"],"visuals":{"large":"https:\/\/images.epagine.fr\/841\/9782013508841_1_75.jpg","medium":"https:\/\/images.epagine.fr\/841\/9782013508841_1_m.jpg","thumbnail":"https:\/\/images.epagine.fr\/841\/9782013508841_1_v.jpg"},"orderable":true,"show_badge":true,"formatted_price":"26,00&nbsp;\u20ac","formatted_published_date":"1er octobre 2014","publisher_availability_label":"Sur commande","short_details":"Dillaye Frederic \u2014 Hachette BNF","translator":null,"weight":560,"page_count":null,"readership":null,"editor":"Hachette BNF","price":2600,"published_date":"2014-09-30T22:00:00.000000Z","support":"Grand format","publisher_availability":1,"stock":0,"editions":["9782019188849"],"url":"https:\/\/quaidesbrumes.com\/ouvrage\/9782013508841\/l-art-en-photographie-avec-le-procede-au-gelatino-bromure-dargent-la-theorie-la-pratique-et-la"},{"id":"9782950606679","title":"Panoramiques Dauphin\u00e9 vu du ciel","description":"Ouvrage de 68 pages constitu\u00e9 de photos panoramiques et croquis l\u00e9gend\u00e9s, sous forme de triptyques d\u00e9pliants (format ouvert 300x900).\r\n\r\nCe livre vous fera d\u00e9couvrir un pays de contrastes, des massifs cristallins de Belledonne aux remparts de calcaire du Vercors et de Chartreuse, jusqu'aux confins de la Dr\u00f4me.\r","authors":["Fran\u00e7ois Dardelet","Laurent Dardelet"],"category_codes":["6000000","6070000","6070200"],"visuals":{"large":"https:\/\/quaidesbrumes.com\/img\/book-placeholder.png","medium":"https:\/\/quaidesbrumes.com\/img\/book-placeholder.png","thumbnail":"https:\/\/quaidesbrumes.com\/img\/book-placeholder.png"},"orderable":true,"show_badge":true,"formatted_price":"36,00&nbsp;\u20ac","formatted_published_date":"1er d\u00e9cembre 2014","publisher_availability_label":"Sur commande","short_details":"Fran\u00e7ois Dardelet, Laurent Dardelet \u2014 Dardelet","translator":null,"weight":0,"page_count":68,"readership":null,"editor":"Dardelet","price":3600,"published_date":"2014-11-30T23:00:00.000000Z","support":"Grand format","publisher_availability":1,"stock":0,"editions":[],"url":"https:\/\/quaidesbrumes.com\/ouvrage\/9782950606679\/panoramiques-dauphine-vu-du-ciel"},{"id":"9782013513180","title":"Compte rendu de la photographie \u00e0 l'exposition universelle de 1855 (\u00e9d.1855)","description":"Compte rendu de la photographie \u00e0 l'Exposition universelle de 1855 \/ par M. J. Ziegler,...\r\nDate de l'\u00e9dition originale : 1855 Ce livre est la reproduction fid\u00e8le d'une oeuvre publi\u00e9e avant 1920 et fait partie d'une collection de livres r\u00e9imprim\u00e9s \u00e0 la demande \u00e9dit\u00e9e par Hachette Livre, dans le cadre d'un partenariat avec la Biblioth\u00e8que nationale de France, offrant l'opportunit\u00e9 d'acc\u00e9der \u00e0 des ouvrages anciens et souvent rares issus des fonds patrimoniaux de la BnF.\r\nLes oeuvres faisant partie de cette collection ont \u00e9t\u00e9 num\u00e9ris\u00e9es par la BnF et sont pr\u00e9sentes sur Gallica, sa biblioth\u00e8que num\u00e9rique.\r\n\r\nEn entreprenant de redonner vie \u00e0 ces ouvrages au travers d'une collection de livres r\u00e9imprim\u00e9s \u00e0 la demande, nous leur donnons la possibilit\u00e9 de rencontrer un public \u00e9largi et participons \u00e0 la transmission de connaissances et de savoirs parfois difficilement accessibles.\r\nNous avons cherch\u00e9 \u00e0 concilier la reproduction fid\u00e8le d'un livre ancien \u00e0 partir de sa version num\u00e9ris\u00e9e avec le souci d'un confort de lecture optimal. Nous esp\u00e9rons que les ouvrages de cette nouvelle collection vous apporteront enti\u00e8re satisfaction.\r\n\r\nPour plus d'informations, rendez-vous sur www.hachettebnf.fr\r","authors":["Jules Ziegler"],"category_codes":["6000000","6070000","6070200"],"visuals":{"large":"https:\/\/images.epagine.fr\/180\/9782013513180_1_75.jpg","medium":"https:\/\/images.epagine.fr\/180\/9782013513180_1_m.jpg","thumbnail":"https:\/\/images.epagine.fr\/180\/9782013513180_1_v.jpg"},"orderable":true,"show_badge":true,"formatted_price":"14,90&nbsp;\u20ac","formatted_published_date":"1er octobre 2014","publisher_availability_label":"Sur commande","short_details":"Jules Ziegler \u2014 Hachette BNF","translator":null,"weight":143,"page_count":null,"readership":null,"editor":"Hachette BNF","price":1490,"published_date":"2014-09-30T22:00:00.000000Z","support":"Grand format","publisher_availability":1,"stock":0,"editions":[],"url":"https:\/\/quaidesbrumes.com\/ouvrage\/9782013513180\/compte-rendu-de-la-photographie-a-lexposition-universelle-de-1855-ed1855"},{"id":"9782013515627","title":"Photomagie, memento pour operer seul sans avoir aucune notion de l'art photographique","description":"Photomagie, memento pour op\u00e9rer seul sans avoir aucune notion de l'art photographique avec figures explicatives, par J. Marinier Date de l'\u00e9dition originale : 1864 Ce livre est la reproduction fid\u00e8le d'une oeuvre publi\u00e9e avant 1920 et fait partie d'une collection de livres r\u00e9imprim\u00e9s \u00e0 la demande \u00e9dit\u00e9e par Hachette Livre, dans le cadre d'un partenariat avec la Biblioth\u00e8que nationale de France, offrant l'opportunit\u00e9 d'acc\u00e9der \u00e0 des ouvrages anciens et souvent rares issus des fonds patrimoniaux de la BnF.\r\nLes oeuvres faisant partie de cette collection ont \u00e9t\u00e9 num\u00e9ris\u00e9es par la BnF et sont pr\u00e9sentes sur Gallica, sa biblioth\u00e8que num\u00e9rique.\r\n\r\nEn entreprenant de redonner vie \u00e0 ces ouvrages au travers d'une collection de livres r\u00e9imprim\u00e9s \u00e0 la demande, nous leur donnons la possibilit\u00e9 de rencontrer un public \u00e9largi et participons \u00e0 la transmission de connaissances et de savoirs parfois difficilement accessibles.\r\nNous avons cherch\u00e9 \u00e0 concilier la reproduction fid\u00e8le d'un livre ancien \u00e0 partir de sa version num\u00e9ris\u00e9e avec le souci d'un confort de lecture optimal. Nous esp\u00e9rons que les ouvrages de cette nouvelle collection vous apporteront enti\u00e8re satisfaction.\r\n\r\nPour plus d'informations, rendez-vous sur www.hachettebnf.fr\r","authors":["Marinier"],"category_codes":["6000000","6070000","6070200"],"visuals":{"large":"https:\/\/images.epagine.fr\/627\/9782013515627_1_75.jpg","medium":"https:\/\/images.epagine.fr\/627\/9782013515627_1_m.jpg","thumbnail":"https:\/\/images.epagine.fr\/627\/9782013515627_1_v.jpg"},"orderable":true,"show_badge":true,"formatted_price":"9,50&nbsp;\u20ac","formatted_published_date":"1er octobre 2014","publisher_availability_label":"Sur commande","short_details":"Marinier \u2014 Hachette BNF","translator":null,"weight":64,"page_count":null,"readership":null,"editor":"Hachette BNF","price":950,"published_date":"2014-09-30T22:00:00.000000Z","support":"Grand format","publisher_availability":1,"stock":0,"editions":[],"url":"https:\/\/quaidesbrumes.com\/ouvrage\/9782013515627\/photomagie-memento-pour-operer-seul-sans-avoir-aucune-notion-de-lart-photographique"},{"id":"9782013517256","title":"La photographie en amerique 3e ed. - traite complet de photographie pratique par les procedes americ","description":"La photographie en Am\u00e9rique : trait\u00e9 complet de photographie pratique par les proc\u00e9d\u00e9s am\u00e9ricains... (3e \u00e9d.) \/ par A. Li\u00e9bert,...\r\nDate de l'\u00e9dition originale : 1878 Sujet de l'ouvrage : Photographie -- \u00c9tats-Unis -- 1870-1914Photographie -- Traitement -- \u00c9tats-Unis -- 1870-1914 Ce livre est la reproduction fid\u00e8le d'une oeuvre publi\u00e9e avant 1920 et fait partie d'une collection de livres r\u00e9imprim\u00e9s \u00e0 la demande \u00e9dit\u00e9e par Hachette Livre, dans le cadre d'un partenariat avec la Biblioth\u00e8que nationale de France, offrant l'opportunit\u00e9 d'acc\u00e9der \u00e0 des ouvrages anciens et souvent rares issus des fonds patrimoniaux de la BnF.\r\nLes oeuvres faisant partie de cette collection ont \u00e9t\u00e9 num\u00e9ris\u00e9es par la BnF et sont pr\u00e9sentes sur Gallica, sa biblioth\u00e8que num\u00e9rique.\r\n\r\nEn entreprenant de redonner vie \u00e0 ces ouvrages au travers d'une collection de livres r\u00e9imprim\u00e9s \u00e0 la demande, nous leur donnons la possibilit\u00e9 de rencontrer un public \u00e9largi et participons \u00e0 la transmission de connaissances et de savoirs parfois difficilement accessibles.\r\nNous avons cherch\u00e9 \u00e0 concilier la reproduction fid\u00e8le d'un livre ancien \u00e0 partir de sa version num\u00e9ris\u00e9e avec le souci d'un confort de lecture optimal. Nous esp\u00e9rons que les ouvrages de cette nouvelle collection vous apporteront enti\u00e8re satisfaction.\r\n\r\nPour plus d'informations, rendez-vous sur www.hachettebnf.fr\r","authors":["Liebert Alphonse"],"category_codes":["6000000","6070000","6070200"],"visuals":{"large":"https:\/\/images.epagine.fr\/256\/9782013517256_1_75.jpg","medium":"https:\/\/images.epagine.fr\/256\/9782013517256_1_m.jpg","thumbnail":"https:\/\/images.epagine.fr\/256\/9782013517256_1_v.jpg"},"orderable":true,"show_badge":true,"formatted_price":"38,00&nbsp;\u20ac","formatted_published_date":"1er octobre 2014","publisher_availability_label":"Sur commande","short_details":"Liebert Alphonse \u2014 Hachette BNF","translator":null,"weight":1007,"page_count":null,"readership":null,"editor":"Hachette BNF","price":3800,"published_date":"2014-09-30T22:00:00.000000Z","support":"Grand format","publisher_availability":1,"stock":0,"editions":[],"url":"https:\/\/quaidesbrumes.com\/ouvrage\/9782013517256\/la-photographie-en-amerique-3e-ed-traite-complet-de-photographie-pratique-par-les-procedes-americ"},{"id":"9783836555630","title":"Great escapes : l'Am\u00e9rique du Nord","description":"Villes \u00e9blouissantes et villages excentriques, vastes montagnes ou plaines qui s'\u00e9tendent \u00e0 perte de vue, le Canada et les \u00c9tats-Unis offrent mille et une possibilit\u00e9s d'aventures de voyage. Dans ce guide d'h\u00e9bergement raffin\u00e9, Angelika Taschen vous met sur la bonne voie pour d\u00e9couvrir les lieux les plus extraordinaires, les plus inspirants et les plus \u00e9l\u00e9gants o\u00f9 se reposer.\r\n\r\nD'une c\u00f4te \u00e0 l'autre, du nord au sud, d'une petite \u00eele de l'archipel des Keys en Floride \u00e0 une villa d'inspiration italienne dans le Massachusetts rural, couvrant rustique, boutiques, majestueux, minimaliste, historique et perles architecturales, voici le recueil d'adresses incontournable pour s\u00e9journer avec style. Vous d\u00e9couvrirez entre autres merveilles les tentes safari dans El Capitan Canyon en Californie, une merveilleuses station thermale de sources chaudes pr\u00e8s de Los Angeles, un ranch historique nich\u00e9 dans une oasis de la vall\u00e9e de la Mort, une maison de Frank Lloyd Wright surplombant le Mirror Lake dans le Wisconsin, et un h\u00f4tel des ann\u00e9es 1930 au Texas, dans lequel James Dean a s\u00e9journ\u00e9.\r","authors":["Collectif"],"category_codes":["6000000","6070000","6070200","6070205"],"visuals":{"large":"https:\/\/images.epagine.fr\/630\/9783836555630_1_75.jpg","medium":"https:\/\/images.epagine.fr\/630\/9783836555630_1_m.jpg","thumbnail":"https:\/\/images.epagine.fr\/630\/9783836555630_1_v.jpg"},"orderable":true,"show_badge":true,"formatted_price":"30,00&nbsp;\u20ac","formatted_published_date":"26 mars 2015","publisher_availability_label":"Sur commande","short_details":"Collectif \u2014 Taschen","translator":null,"weight":2505,"page_count":360,"readership":null,"editor":"Taschen","price":3000,"published_date":"2015-03-25T23:00:00.000000Z","support":"Beaux-livres","publisher_availability":1,"stock":0,"editions":[],"url":"https:\/\/quaidesbrumes.com\/ouvrage\/9783836555630\/great-escapes-lamerique-du-nord"},{"id":"9782343042619","title":"La libert\u00e9 de la presse au Congo Brazzaville","description":"Dans la d\u00e9claration de Windhoek du 3 mai 1991, il est dit que la cr\u00e9ation, le maintien et le renforcement d'une presse ind\u00e9pendante, pluraliste et libre sont indispensables au progr\u00e8s et \u00e0 la pr\u00e9servation de la d\u00e9mocratie dans un pays, ainsi qu'au d\u00e9veloppement \u00e9conomique. Le Congo est partie prenante de ces textes, et la libert\u00e9 de la presse y est garantie par la loi de la presse. Seulement, le doute persiste malgr\u00e9 l'absence de journalistes dans les ge\u00f4les congolaises.\r","authors":["Florent Sogni zaou"],"category_codes":["6000000","6070000","6070300"],"visuals":{"large":"https:\/\/images.epagine.fr\/619\/9782343042619_1_75.jpg","medium":"https:\/\/images.epagine.fr\/619\/9782343042619_1_m.jpg","thumbnail":"https:\/\/images.epagine.fr\/619\/9782343042619_1_v.jpg"},"orderable":true,"show_badge":true,"formatted_price":"16,00&nbsp;\u20ac","formatted_published_date":"1er d\u00e9cembre 2014","publisher_availability_label":"Sur commande","short_details":"Florent Sogni zaou \u2014 \u00c9ditions L'Harmattan","translator":null,"weight":185,"page_count":150,"readership":null,"editor":"\u00c9ditions L'Harmattan","price":1600,"published_date":"2014-11-30T23:00:00.000000Z","support":"Grand format","publisher_availability":1,"stock":0,"editions":[],"url":"https:\/\/quaidesbrumes.com\/ouvrage\/9782343042619\/la-liberte-de-la-presse-au-congo-brazzaville"},{"id":"9782332742193","title":"Marilyn monroe  les couleurs du reve","description":"Marilyn Monroe avait ses secrets. Elle les inscrivait dans un cahier rouge, comme un sc\u00e9nario \u00e0 apprendre par coeur. Il fallait le r\u00e9cup\u00e9rer !\r\n\r\nD'aucuns persistent \u00e0 penser que les fr\u00e8res Kennedy, la Mafia, la CIA et le FBI ne seraient pas \u00e9trangers \u00e0 ce drame. Marilyn Monroe, d\u00e9j\u00e0 mythifi\u00e9e de son vivant, devenait dans la mort la plus grande star de l'histoire du cin\u00e9ma.\r","authors":["Pascal Dague"],"category_codes":["6000000","6070000","6070300"],"visuals":{"large":"https:\/\/images.epagine.fr\/193\/9782332742193_1_75.jpg","medium":"https:\/\/images.epagine.fr\/193\/9782332742193_1_m.jpg","thumbnail":"https:\/\/images.epagine.fr\/193\/9782332742193_1_v.jpg"},"orderable":true,"show_badge":true,"formatted_price":"9,50&nbsp;\u20ac","formatted_published_date":"27 novembre 2014","publisher_availability_label":"Sur commande","short_details":"Pascal Dague \u2014 Edilivre","translator":null,"weight":68,"page_count":44,"readership":null,"editor":"Edilivre","price":950,"published_date":"2014-11-26T23:00:00.000000Z","support":"Grand format","publisher_availability":1,"stock":0,"editions":[],"url":"https:\/\/quaidesbrumes.com\/ouvrage\/9782332742193\/marilyn-monroe-les-couleurs-du-reve"},{"id":"9782351372098","title":"Otesanek","description":"La Nature a priv\u00e9 le couple Hor\u00e1k (Karel et Bo\u017eena) du b\u00e9b\u00e9 qu'ils d\u00e9siraient tant. Un jour, M. Hor\u00e1k d\u00e9terre dans la for\u00eat une petite souche qui ressemble \u00e0 un enfant ; il suffit de la tailler un peu pour que la ressemblance soit parfaite. La souche ravive chez Mme Hor\u00e1kov\u00e1 des sentiments d'amour et de d\u00e9sir, mais son bonheur sera de courte dur\u00e9e : d'abord, son mari essaie de la convaincre qu'il n'est pas tout \u00e0 fait normal de ressentir de l'amour maternel envers un bout de bois... puis le petit Otik (\u00ab Otes\u00e1nek \u00bb, ainsi qu'ils ont nomm\u00e9 le \u00ab b\u00e9b\u00e9 \u00bb) est constamment affam\u00e9. Il commence par manger le chat, avant de s'attaquer aux voisins. En d\u00e9sespoir de cause - et malgr\u00e9 les protestations de sa femme - M. Hor\u00e1k enferme Otik dans une boite \u00e0 patates, \u00e0 la cave, dans l'espoir qu'il y mourra de faim. C'est \u00e0 ce moment qu'Alzbeta, la fille des voisins, fait irruption dans l'histoire : elle comprend ce qui se passe et devine ce qui va arriver...\r\n\r\n\u00ab Otes\u00e1nek est un vieux conte de f\u00e9es populaire tch\u00e8que. Le mythe qui le fonde est un des mythes essentiels de notre civilisation : la r\u00e9volte contre la nature et la dimension tragique de cette r\u00e9volte. \u00bb Jan \u0160vankmajer.\r","authors":["Jan Svankmajer"],"category_codes":["6000000","6070000","6070300"],"visuals":{"large":"https:\/\/images.epagine.fr\/098\/9782351372098_1_75.jpg","medium":"https:\/\/images.epagine.fr\/098\/9782351372098_1_m.jpg","thumbnail":"https:\/\/images.epagine.fr\/098\/9782351372098_1_v.jpg"},"orderable":true,"show_badge":true,"formatted_price":"25,00&nbsp;\u20ac","formatted_published_date":"7 f\u00e9vrier 2017","publisher_availability_label":"Sur commande","short_details":"Jan Svankmajer \u2014 EDITIONS DE L'OEIL","translator":null,"weight":300,"page_count":48,"readership":null,"editor":"EDITIONS DE L'OEIL","price":2500,"published_date":"2017-02-06T23:00:00.000000Z","support":"Livre + DVD","publisher_availability":1,"stock":0,"editions":[],"url":"https:\/\/quaidesbrumes.com\/ouvrage\/9782351372098\/otesanek"},{"id":"9782917790724","title":"Monaco black and white","description":"Monaco est \u00e0 la fois immuable et sans cesse redessin\u00e9e. Plus que des vestiges, ses pierres sont les fondements des \u00e9poques qui ont structur\u00e9 l'\u00c9tat princier. Des fortifications m\u00e9di\u00e9vales de Monaco-ville aux tours futuristes, en passant par les chefs d'oeuvre Belle \u00c9poque de Monte-Carlo, la Principaut\u00e9 n'a cess\u00e9 d'\u00e9voluer en conservant son caract\u00e8re unique. Solange Podell s'est rendue c\u00e9l\u00e8bre par ses portraits de stars dans leur vie simple. Elle a su regarder Monaco de la m\u00eame fa\u00e7on, quand personne n'en troublait l'intimit\u00e9. A l'oppos\u00e9 du voyeurisme, ses photographies posent sur la Principaut\u00e9 un regard tendre, parfois critique : un regard amoureux sur les ann\u00e9es pass\u00e9es Cet ouvrage n'est pas un guide touristique. Il propose une cinquantaine de \u00ab vues \u00bb de Monaco sous des angles qui diff\u00e9rent de la perception quotidienne. Des clich\u00e9s aujourd'hui impossibles : nombre de sujets ont carr\u00e9ment disparu ou se sont m\u00e9tamorphos\u00e9s...\r\nPour rendre compte d'un pass\u00e9 encore si proche qu'il permet de comprendre les \u00ab grandissements \u00bb de Monaco, seule convenait la photo argentique. La profondeur et la chaleur du noir-et-blanc juxtaposent bien plus que cinquante nuances de gris.\r\nCe livre propose quatre chapitres, quatre balades dans les lieux embl\u00e9matiques de Monte-Carlo : Le Rocher dominant le Port Hercule, Monte-Carlo et son Casino, le Monte-Carlo Beach H\u00f4tel, sa piscine et ses palmiers, enfin la Principaut\u00e9 entre mer et montagne, dans un amphith\u00e9\u00e2tre adoss\u00e9 aux contreforts des Alpes et ouvert sur la M\u00e9diterran\u00e9e.\r\nSolange Podell a su capter la vie de la Principaut\u00e9 en l'observant comme un \u00eatre anim\u00e9. La s\u00e9lection des clich\u00e9s pr\u00e9sent\u00e9s dans cet ouvrage est un document exceptionnel qui r\u00e9v\u00e8le l'\u00e9volution esth\u00e9tique et dynamique unique de la Principaut\u00e9 de Monaco.\r","authors":["Solange Podell"],"category_codes":["6000000","6070000","6070200"],"visuals":{"large":"https:\/\/images.epagine.fr\/724\/9782917790724_1_75.jpg","medium":"https:\/\/images.epagine.fr\/724\/9782917790724_1_m.jpg","thumbnail":"https:\/\/images.epagine.fr\/724\/9782917790724_1_v.jpg"},"orderable":true,"show_badge":true,"formatted_price":"13,00&nbsp;\u20ac","formatted_published_date":"3 d\u00e9cembre 2014","publisher_availability_label":"Sur commande","short_details":"Solange Podell \u2014 Baie Des Anges","translator":null,"weight":100,"page_count":48,"readership":null,"editor":"Baie Des Anges","price":1300,"published_date":"2014-12-02T23:00:00.000000Z","support":"Grand format","publisher_availability":1,"stock":0,"editions":[],"url":"https:\/\/quaidesbrumes.com\/ouvrage\/9782917790724\/monaco-black-and-white"},{"id":"9788898391288","title":"Une femme fran\u00e7aise en Orient","description":"Ces photographies proposent un Orient vu par FLORE entre imaginaire et r\u00e9alit\u00e9, entre intimit\u00e9 et illusion ; vision nourrie \u00e0 la fois de l'enfance \u00e9gyptienne de l'artiste et des grands textes litt\u00e9raires.\r\nNostalgie d'une \u00e9poque o\u00f9 le lent voyage vers l'Orient myst\u00e9rieux, \u00e9tait \u00e0 la fois initiatique et synonyme d'aventure.\r\nCette s\u00e9rie est le r\u00e9sultat de plusieurs s\u00e9jours autour du bassin m\u00e9diterran\u00e9en (Egypte, Syrie, Turquie, Maroc, Andalousie, Tunisie).\r\nC'est une invitation au voyage que l'artiste nous offre ainsi dans la plus pure tradition orientaliste, images d'un r\u00eave que la modernit\u00e9 ne saurait alt\u00e9rer.\r","authors":["Flore","Natacha Wolinski"],"category_codes":["6000000","6070000","6070200"],"visuals":{"large":"https:\/\/images.epagine.fr\/288\/9788898391288_1_75.jpg","medium":"https:\/\/images.epagine.fr\/288\/9788898391288_1_m.jpg","thumbnail":"https:\/\/images.epagine.fr\/288\/9788898391288_1_v.jpg"},"orderable":true,"show_badge":true,"formatted_price":"39,00&nbsp;\u20ac","formatted_published_date":"1er d\u00e9cembre 2014","publisher_availability_label":"Sur commande","short_details":"Flore, Natacha Wolinski \u2014 L'Oeil De L'Esprit","translator":null,"weight":400,"page_count":96,"readership":null,"editor":"L'Oeil De L'Esprit","price":3900,"published_date":"2014-11-30T23:00:00.000000Z","support":"Beaux-livres","publisher_availability":1,"stock":0,"editions":[],"url":"https:\/\/quaidesbrumes.com\/ouvrage\/9788898391288\/une-femme-francaise-en-orient"},{"id":"9782355770883","title":"Lueur","description":null,"authors":[],"category_codes":["6000000","6070000","6070200"],"visuals":{"large":"https:\/\/quaidesbrumes.com\/img\/book-placeholder.png","medium":"https:\/\/quaidesbrumes.com\/img\/book-placeholder.png","thumbnail":"https:\/\/quaidesbrumes.com\/img\/book-placeholder.png"},"orderable":true,"show_badge":true,"formatted_price":"22,00&nbsp;\u20ac","formatted_published_date":"27 novembre 2014","publisher_availability_label":"Sur commande","short_details":"La Rumeur Libre","translator":null,"weight":130,"page_count":null,"readership":null,"editor":"La Rumeur Libre","price":2200,"published_date":"2014-11-26T23:00:00.000000Z","support":"Grand format","publisher_availability":1,"stock":0,"editions":[],"url":"https:\/\/quaidesbrumes.com\/ouvrage\/9782355770883\/lueur"},{"id":"9791091490115","title":"Numero trois - variations sur numero deux de jean-luc godard (livre\/dvd)","description":null,"authors":["Collectif"],"category_codes":["6000000","6070000","6070300"],"visuals":{"large":"https:\/\/quaidesbrumes.com\/img\/book-placeholder.png","medium":"https:\/\/quaidesbrumes.com\/img\/book-placeholder.png","thumbnail":"https:\/\/quaidesbrumes.com\/img\/book-placeholder.png"},"orderable":true,"show_badge":true,"formatted_price":"20,00&nbsp;\u20ac","formatted_published_date":"1er avril 2013","publisher_availability_label":"Sur commande","short_details":"Collectif \u2014 Apres","translator":null,"weight":300,"page_count":null,"readership":null,"editor":"Apres","price":2000,"published_date":"2013-03-31T22:00:00.000000Z","support":"Grand format","publisher_availability":1,"stock":0,"editions":[],"url":"https:\/\/quaidesbrumes.com\/ouvrage\/9791091490115\/numero-trois-variations-sur-numero-deux-de-jean-luc-godard-livredvd"}]}