{"data":[{"id":"9783829606905","title":"Heinrich zille das alte berlin 1890-1910 \/anglais\/allemand","description":null,"authors":["Zille Heinrich"],"category_codes":["6000000","6070000","6070200"],"visuals":{"large":"https:\/\/images.epagine.fr\/905\/9783829606905_1_75.jpg","medium":"https:\/\/images.epagine.fr\/905\/9783829606905_1_m.jpg","thumbnail":"https:\/\/images.epagine.fr\/905\/9783829606905_1_v.jpg"},"orderable":true,"show_badge":true,"formatted_price":"37,00&nbsp;\u20ac","formatted_published_date":"1er novembre 2014","publisher_availability_label":"Sur commande","short_details":"Zille Heinrich \u2014 Schirmer Mosel","translator":null,"weight":801,"page_count":160,"readership":null,"editor":"Schirmer Mosel","price":3700,"published_date":"2014-10-31T23:00:00.000000Z","support":"Grand format","publisher_availability":1,"stock":0,"editions":[],"url":"https:\/\/quaidesbrumes.com\/ouvrage\/9783829606905\/heinrich-zille-das-alte-berlin-1890-1910-anglaisallemand"},{"id":"9782350738789","title":"La magie du minuscule","description":"Souvent l'on se pose la question du rapport entre l'infiniment grand et l'infiniment petit, entre le puissant \u00e9l\u00e9phant et la petite coccinelle rouge, entre la majestueuse baleine et le plancton fluorescent... Entre Tych\u00e9 et les quarks ?\r\n\r\nLe monde normal, le monde des \" grands \", est observable ais\u00e9ment, sans effort. Il est l\u00e0 devant nous, il fait partie de notre quotidien. Alors que le monde des \" petits \" lui, on le c\u00f4toie \u00e0 chaque instant, mais sans y pr\u00eater v\u00e9ritablement attention. Pourtant, il est magique !\r\nL'immensit\u00e9 des terres et celle des mers, nous sont famili\u00e8res. Mais cette nature est en fait compos\u00e9e d'une incroyable multitude d'esp\u00e8ces, dont certaines, pour nous humains incapables de les voir, sont totalement inconnues.\r\n\r\nTous ces minis organismes cohabitent, plus ou moins pacifiquement, sur un  terrain qui leur est propre, sur les fleurs, dans les plantes, en haut des arbres, sous terre, sous l'eau ou dans les airs, s'adaptant \u00e0 leur biotope. La \" macro photographie \" permet de d\u00e9couvrir cet univers fascinant, trop souvent m\u00e9connu, n\u00e9glig\u00e9 et si \u00e9ph\u00e9m\u00e8re.\r\n\r\nPourtant, ces \" animaluscules \" sont n\u00e9cessaires \u00e0 la survie de notre plan\u00e8te telle que nous la vivons actuellement. Pour exemples, la pollinisation, les coraux, le plancton...\r\nToute cette petite vie si vari\u00e9e et si bien organis\u00e9e, \u00e0 force de multiples observations, nous apparait esth\u00e9tique car compos\u00e9e d'une vari\u00e9t\u00e9 incroyable de formes et de couleurs. Certaines esp\u00e8ces ne poss\u00e9dant bien \u00e9videmment pas la beaut\u00e9 d'autres, mais leur attitude pr\u00eate tellement \u00e0 sourire. Alors, soyons indulgents !\r\n\r\nIl est bon de se souvenir que ce monde existe et qu'il est magnifique. \r\nIl a sa place au m\u00eame titre que nous et on se doit de le respecter. Merci.\r\nQue la nature soit !\r","authors":["Henri Eskenazi","Christian Saunier"],"category_codes":["6000000","6070000","6070200"],"visuals":{"large":"https:\/\/images.epagine.fr\/789\/9782350738789_1_75.jpg","medium":"https:\/\/images.epagine.fr\/789\/9782350738789_1_m.jpg","thumbnail":"https:\/\/images.epagine.fr\/789\/9782350738789_1_v.jpg"},"orderable":true,"show_badge":true,"formatted_price":"20,00&nbsp;\u20ac","formatted_published_date":"3 avril 2014","publisher_availability_label":"Sur commande","short_details":"Henri Eskenazi, Christian Saunier \u2014 Presses Litteraires","translator":null,"weight":336,"page_count":110,"readership":null,"editor":"Presses Litteraires","price":2000,"published_date":"2014-04-02T22:00:00.000000Z","support":"Grand format","publisher_availability":1,"stock":0,"editions":[],"url":"https:\/\/quaidesbrumes.com\/ouvrage\/9782350738789\/la-magie-du-minuscule"},{"id":"9788867492374","title":"Moving tales ; video works from the La Gaia Collection","description":"Un catalogue d'importance, publi\u00e9 \u00e0 la suite d'une exposition des oeuvres vid\u00e9os issues de la collection La Gaia en Italie. La publication revient en d\u00e9tail sur l'exposition et pr\u00e9sente chacune des vid\u00e9os r\u00e9alis\u00e9es par trente artistes parmi les plus importants de leur g\u00e9n\u00e9ration.\r\n\r\nAvec Marina Abramovic, Bas Jan Ader, Victor Alimpiev, Pierre Bismuth, Candice Breitz, Mircea Cantor, Chen Chieh-jen, R\u00e4 Di Martino, Regina Jos\u00e9 Galindo, Ugo Giletta, Douglas Gordon, Ion Grigorescu, Gary Hill, Mar\u00eda Teresa Hincapi\u00e9, Jonathan Horowitz,  Alfredo Jaar, Joan Jonas, William E. Jones, William Kentridge, Anna Maria Maiolino, Ana Mendieta, Marzia Migliora, Adrian Paci, Ene-Liis Semper, Santiago Sierra, Rosemarie Trockel, Valie Export, Bill Viola, Ryszard Wasko, Jordan Wolfson.\r\n\r\nPubli\u00e9 suite \u00e0 l'exposition \u00e9ponyme au Complesso Monumentale di San Francesco, Cuneo, Italie, du 24 juin au 28 ao\u00fbt 2016.\r","authors":["Collectif"],"category_codes":["6000000","6070000","6070400"],"visuals":{"large":"https:\/\/images.epagine.fr\/374\/9788867492374_1_75.jpg","medium":"https:\/\/images.epagine.fr\/374\/9788867492374_1_m.jpg","thumbnail":"https:\/\/images.epagine.fr\/374\/9788867492374_1_v.jpg"},"orderable":true,"show_badge":true,"formatted_price":"26,00&nbsp;\u20ac","formatted_published_date":"15 juin 2017","publisher_availability_label":"Sur commande","short_details":"Collectif \u2014 Mousse Publishing","translator":null,"weight":0,"page_count":264,"readership":null,"editor":"Mousse Publishing","price":2600,"published_date":"2017-06-14T22:00:00.000000Z","support":"Grand format","publisher_availability":1,"stock":0,"editions":[],"url":"https:\/\/quaidesbrumes.com\/ouvrage\/9788867492374\/moving-tales-video-works-from-the-la-gaia-collection"},{"id":"9782312023946","title":"Cin\u00e9ma ; dessous & \u00e0-c\u00f4t\u00e9s","description":"Qui n'a jamais vu un bureau encombr\u00e9 de casiers \u00e0 fiches bristol de diff\u00e9rents formats (jusqu'\u00e0 100 000 fiches, selon sa derni\u00e8re estimation, avant leur transfert en format informatique), des \u00e9tag\u00e8res de biblioth\u00e8ques surcharg\u00e9s de centaines d'ouvrages - livres, dictionnaires, encyclop\u00e9dies, ou des rayonnages entiers croulant sous le poids de bo\u00eetiers de DVD, ne peut imaginer le fatras accumul\u00e9 au cours de pr\u00e8s de quarante ann\u00e9es de recherches sur le cin\u00e9ma, les films, les r\u00e9alisateurs, les com\u00e9diens, les techniciens. C'est le fruit de toutes ces ann\u00e9es de labeur monomaniaque qui est pr\u00e9sent\u00e9 ici, dans un ouvrage qui se veut \u00e0 la fois historique et l\u00e9ger, m\u00eame s'il a \u00e9t\u00e9 n\u00e9cessaire de proc\u00e9der \u00e0 des coupes sombres pour \u00e9viter que le recueil ne soit plus lourd qu'une superproduction hollywoodienne consacr\u00e9e \u00e0 un quelconque super-h\u00e9ros de bande dessin\u00e9e infantile. Selon des informations puis\u00e9es aux meilleures sources, le tome 2 serait d'ores et d\u00e9j\u00e0 en pr\u00e9paration.\r","authors":["Christian Labaz\u00e9e"],"category_codes":["6000000","6070000","6070300"],"visuals":{"large":"https:\/\/images.epagine.fr\/946\/9782312023946_1_75.jpg","medium":"https:\/\/images.epagine.fr\/946\/9782312023946_1_m.jpg","thumbnail":"https:\/\/images.epagine.fr\/946\/9782312023946_1_v.jpg"},"orderable":true,"show_badge":true,"formatted_price":"15,00&nbsp;\u20ac","formatted_published_date":"17 septembre 2014","publisher_availability_label":"Sur commande","short_details":"Christian Labaz\u00e9e \u2014 Editions du Net","translator":null,"weight":446,"page_count":248,"readership":null,"editor":"Editions du Net","price":1500,"published_date":"2014-09-16T22:00:00.000000Z","support":"Grand format","publisher_availability":1,"stock":0,"editions":[],"url":"https:\/\/quaidesbrumes.com\/ouvrage\/9782312023946\/cinema-dessous-a-cotes"},{"id":"9782343043463","title":"Blanche Neige et les sept nains ; la cr\u00e9ation du chef-d'oeuvre de Walt Disney","description":"Au d\u00e9but des ann\u00e9es 1930, Walt Disney est un producteur connu et reconnu. Arriv\u00e9 \u00e0 Hollywood une d\u00e9cennie plus t\u00f4t avec un film inachev\u00e9 et quelques minces \u00e9conomies, il s'est impos\u00e9 comme l'un des pionners du cin\u00e9ma d'animation. Ses cartoons, sonores et coloris\u00e9s sont novateurs. Le nom de Disney est synonyme de qualit\u00e9 et ses h\u00e9ros, tel que Mickey Mouse, ont conquis le public dans le monde entier. En 1934 Walt Disney prend le pari risqu\u00e9 de r\u00e9aliser le premier long-m\u00e9trage d'animation sonore et en couleur, Blanche Neige et les sept nains.\r","authors":["Karl Derisson"],"category_codes":["6000000","6070000","6070300"],"visuals":{"large":"https:\/\/images.epagine.fr\/463\/9782343043463_1_75.jpg","medium":"https:\/\/images.epagine.fr\/463\/9782343043463_1_m.jpg","thumbnail":"https:\/\/images.epagine.fr\/463\/9782343043463_1_v.jpg"},"orderable":true,"show_badge":true,"formatted_price":"32,50&nbsp;\u20ac","formatted_published_date":"29 septembre 2014","publisher_availability_label":"Sur commande","short_details":"Karl Derisson \u2014 \u00c9ditions L'Harmattan","translator":null,"weight":435,"page_count":290,"readership":null,"editor":"\u00c9ditions L'Harmattan","price":3250,"published_date":"2014-09-28T22:00:00.000000Z","support":"Grand format","publisher_availability":1,"stock":0,"editions":[],"url":"https:\/\/quaidesbrumes.com\/ouvrage\/9782343043463\/blanche-neige-et-les-sept-nains-la-creation-du-chef-doeuvre-de-walt-disney"},{"id":"9782343032917","title":"Jacques Demy ; un portrait personnel","description":"Quel livre restait-il \u00e0 faire pour dire ce cin\u00e9aste tr\u00e8s exactement original et juste qu'est Jacques Demy? Une s\u00e9rie de gloses, de d\u00e9veloppements, d'articles: un ensemble qui serait le plus personnel possible, si bien que le titre de ce livre pourrait \u00eatre Mon Demy \u00e0 moi. On n'y parle pas forc\u00e9ment de tous les films, on butine ou l'on musarde, on s'obstine ou l'on bavarde, on cuisine ou l'on l\u00e9zarde, on affine ou l'on s'attarde.\r","authors":["Jacques Layani"],"category_codes":["6000000","6070000","6070300"],"visuals":{"large":"https:\/\/images.epagine.fr\/917\/9782343032917_1_75.jpg","medium":"https:\/\/images.epagine.fr\/917\/9782343032917_1_m.jpg","thumbnail":"https:\/\/images.epagine.fr\/917\/9782343032917_1_v.jpg"},"orderable":true,"show_badge":true,"formatted_price":"15,00&nbsp;\u20ac","formatted_published_date":"3 avril 2014","publisher_availability_label":"Sur commande","short_details":"Jacques Layani \u2014 \u00c9ditions L'Harmattan","translator":null,"weight":170,"page_count":132,"readership":null,"editor":"\u00c9ditions L'Harmattan","price":1500,"published_date":"2014-04-02T22:00:00.000000Z","support":"Grand format","publisher_availability":1,"stock":0,"editions":[],"url":"https:\/\/quaidesbrumes.com\/ouvrage\/9782343032917\/jacques-demy-un-portrait-personnel"},{"id":"9782377160853","title":"La rampe","description":"\u00ab Tous les articles de ce recueil ont \u00e9t\u00e9 \u00e9crits, entre 1970 et 1982, pour les Cahiers du cin\u00e9ma. L'id\u00e9e de travailler pour une autre revue ne m'a simplement jamais effleur\u00e9. Le paradoxe de ces textes - \u00e0 peine retouch\u00e9s - est qu'ils ont \u00e9t\u00e9 \u00e9crits avec le souci de \u00abfaire le point\u00bb sur la situation de la revue tout au long de la d\u00e9cennie, prise entre ses go\u00fbts et ses d\u00e9go\u00fbts spontan\u00e9s, sa l\u00e9gende d'hier et son pass\u00e9 r\u00e9cent, tel mot cl\u00e9 et tel autre. Il y a un dr\u00f4le de \u00abnous\u00bb dans ces textes, un \u00abon\u00bb facile, un \u00abje\u00bb bizarre et tardif. Ils suivent pas \u00e0 pas (ce \u00abnous\u00bb, ce \u00abon\u00bb et ce \u00abje\u00bb), en faisant la th\u00e9orie de chaque pas, les impasses et les m\u00e9tamorphoses d'une probl\u00e9matique \u00abmaison\u00bb, h\u00e9rit\u00e9e par-del\u00e0 1968 d'Andr\u00e9 Bazin et des Cahiers dits \u00abjaunes\u00bb. Des embryons th\u00e9oriques jouxtent des pol\u00e9miques oubli\u00e9es, des \u00e9valuations sauvages voisinent avec un peu de lenteur p\u00e9dagogique. Des cris provisoires n'emp\u00eachent pas d'entendre, discret mais off, le bruit d'une page qui se tourne. \u00bb Serge Daney, 1983.\r\n(\u00c0 l'occasion de la premi\u00e8re publication du recueil)","authors":["Serge Daney"],"category_codes":["6000000","6070000","6070300"],"visuals":{"large":"https:\/\/quaidesbrumes.com\/img\/book-placeholder.png","medium":"https:\/\/quaidesbrumes.com\/img\/book-placeholder.png","thumbnail":"https:\/\/quaidesbrumes.com\/img\/book-placeholder.png"},"orderable":false,"show_badge":true,"formatted_price":"15,00&nbsp;\u20ac","formatted_published_date":null,"publisher_availability_label":"\u00c0 para\u00eetre","short_details":"Serge Daney \u2014 Cahiers Du Cinema","translator":null,"weight":230,"page_count":228,"readership":null,"editor":"Cahiers Du Cinema","price":1500,"published_date":null,"support":"Poche","publisher_availability":2,"stock":0,"editions":[],"url":"https:\/\/quaidesbrumes.com\/ouvrage\/9782377160853\/la-rampe"},{"id":"9783956790645","title":"The very quick of the word","description":null,"authors":["Ken Okiishi"],"category_codes":["6000000","6070000","6070200"],"visuals":{"large":"https:\/\/quaidesbrumes.com\/img\/book-placeholder.png","medium":"https:\/\/quaidesbrumes.com\/img\/book-placeholder.png","thumbnail":"https:\/\/quaidesbrumes.com\/img\/book-placeholder.png"},"orderable":true,"show_badge":true,"formatted_price":"19,00&nbsp;\u20ac","formatted_published_date":"13 ao\u00fbt 2014","publisher_availability_label":"Sur commande","short_details":"Ken Okiishi \u2014 Sternberg Press","translator":null,"weight":0,"page_count":160,"readership":null,"editor":"Sternberg Press","price":1900,"published_date":"2014-08-12T22:00:00.000000Z","support":"Grand format","publisher_availability":1,"stock":0,"editions":[],"url":"https:\/\/quaidesbrumes.com\/ouvrage\/9783956790645\/the-very-quick-of-the-word"},{"id":"9782970056973","title":"Micronaut is against the grain too","description":"L'exposition \u00ab Against the grain - La photographie \u00e0 contre-courant \u00bb pr\u00e9sente la photographie contemporaine telle qu'elle est v\u00e9cue et \u00e9crite par une vingtaine de jeunes artistes de l'arc l\u00e9manique et d'ailleurs en compagnie d'un artiste de r\u00e9f\u00e9rence dans le domaine de l'image photographique, Allan Sekula. Ils sont tous en rupture avec le style documentaire mais tout autant attach\u00e9s, et positionnent leurs pratiques dans la sph\u00e8re de la vie de tous les jours. Ils s'emparent de moyens qui passent par l'invention de formes photographiques, ou par l'\u00e9dition, la photo \/ sculpture, la vid\u00e9o, etc., d\u00e9laissant le sacrosaint tirage sous cadre. Une approche critique des pratiques de la repr\u00e9sentation et de l'information est au coeur de l'exposition. \r\nLe catalogue contient le plan de l'exposition, divis\u00e9 et agrandit sur double page, ainsi qu'un long entretient r\u00e9alis\u00e9 sur le plan, pens\u00e9 comme une visite virtuelle de l'exposition entre S\u00e9bastien Leseigneur (commissaire) et Julien Gremaud (artiste et graphiste).\r","authors":["Collectif"],"category_codes":["6000000","6070000","6070200"],"visuals":{"large":"https:\/\/quaidesbrumes.com\/img\/book-placeholder.png","medium":"https:\/\/quaidesbrumes.com\/img\/book-placeholder.png","thumbnail":"https:\/\/quaidesbrumes.com\/img\/book-placeholder.png"},"orderable":true,"show_badge":true,"formatted_price":"10,00&nbsp;\u20ac","formatted_published_date":"13 ao\u00fbt 2014","publisher_availability_label":"Sur commande","short_details":"Collectif \u2014 Centre De La Photo De Geneve","translator":null,"weight":145,"page_count":48,"readership":null,"editor":"Centre De La Photo De Geneve","price":1000,"published_date":"2014-08-12T22:00:00.000000Z","support":"Grand format","publisher_availability":1,"stock":0,"editions":[],"url":"https:\/\/quaidesbrumes.com\/ouvrage\/9782970056973\/micronaut-is-against-the-grain-too"},{"id":"9783869307725","title":"John Cohen walking in the light","description":"D'une petite \u00e9glise de Harlem jusqu'\u00e0 Johns Island en Caroline du Sud, en passant par les rues de New Haven sur les traces du r\u00e9v\u00e9rend Gary Davis ou aux chapelles improvis\u00e9es dans les mines de charbon, John Cohen r\u00e9alise un voyage au coeur de la musique gospel entre 1954 et 1964.\r","authors":["John Cohen"],"category_codes":["6000000","6070000","6070200"],"visuals":{"large":"https:\/\/images.epagine.fr\/725\/9783869307725_1_75.jpg","medium":"https:\/\/images.epagine.fr\/725\/9783869307725_1_m.jpg","thumbnail":"https:\/\/images.epagine.fr\/725\/9783869307725_1_v.jpg"},"orderable":true,"show_badge":true,"formatted_price":"38,00&nbsp;\u20ac","formatted_published_date":"1er juillet 2015","publisher_availability_label":"Sur commande","short_details":"John Cohen \u2014 Steidl","translator":null,"weight":600,"page_count":96,"readership":null,"editor":"Steidl","price":3800,"published_date":"2015-06-30T22:00:00.000000Z","support":"Grand format","publisher_availability":1,"stock":0,"editions":[],"url":"https:\/\/quaidesbrumes.com\/ouvrage\/9783869307725\/john-cohen-walking-in-the-light"},{"id":"9783869307954","title":"Partida","description":null,"authors":["Robert Frank"],"category_codes":["6000000","6070000","6070200"],"visuals":{"large":"https:\/\/images.epagine.fr\/954\/9783869307954_1_75.jpg","medium":"https:\/\/images.epagine.fr\/954\/9783869307954_1_m.jpg","thumbnail":"https:\/\/images.epagine.fr\/954\/9783869307954_1_v.jpg"},"orderable":true,"show_badge":true,"formatted_price":"27,00&nbsp;\u20ac","formatted_published_date":"1er juillet 2014","publisher_availability_label":"Sur commande","short_details":"Robert Frank \u2014 Steidl","translator":null,"weight":300,"page_count":56,"readership":null,"editor":"Steidl","price":2700,"published_date":"2014-06-30T22:00:00.000000Z","support":"Grand format","publisher_availability":1,"stock":0,"editions":[],"url":"https:\/\/quaidesbrumes.com\/ouvrage\/9783869307954\/partida"},{"id":"9783869307411","title":"Voices from amherst and beyond","description":null,"authors":["Ewald"],"category_codes":["6000000","6070000","6070200"],"visuals":{"large":"https:\/\/images.epagine.fr\/411\/9783869307411_1_75.jpg","medium":"https:\/\/images.epagine.fr\/411\/9783869307411_1_m.jpg","thumbnail":"https:\/\/images.epagine.fr\/411\/9783869307411_1_v.jpg"},"orderable":true,"show_badge":true,"formatted_price":"24,00&nbsp;\u20ac","formatted_published_date":"29 ao\u00fbt 2014","publisher_availability_label":"Sur commande","short_details":"Ewald \u2014 Steidl","translator":null,"weight":501,"page_count":240,"readership":null,"editor":"Steidl","price":2400,"published_date":"2014-08-28T22:00:00.000000Z","support":"Grand format","publisher_availability":1,"stock":0,"editions":[],"url":"https:\/\/quaidesbrumes.com\/ouvrage\/9783869307411\/voices-from-amherst-and-beyond"},{"id":"9782847250848","title":"L'avant-sc\u00e8ne cin\u00e9ma n.589 : Dupont Lajoie","description":null,"authors":["L'Avant-Scene Cinema"],"category_codes":["6000000","6070000","6070300"],"visuals":{"large":"https:\/\/images.epagine.fr\/848\/9782847250848_1_75.jpg","medium":"https:\/\/images.epagine.fr\/848\/9782847250848_1_m.jpg","thumbnail":"https:\/\/images.epagine.fr\/848\/9782847250848_1_v.jpg"},"orderable":true,"show_badge":true,"formatted_price":"15,00&nbsp;\u20ac","formatted_published_date":"1er mai 2012","publisher_availability_label":"Sur commande","short_details":"L'Avant-Scene Cinema \u2014 Alice Edition","translator":null,"weight":200,"page_count":100,"readership":null,"editor":"Alice Edition","price":1500,"published_date":"2012-04-30T22:00:00.000000Z","support":"Revue","publisher_availability":1,"stock":0,"editions":[],"url":"https:\/\/quaidesbrumes.com\/ouvrage\/9782847250848\/lavant-scene-cinema-n589-dupont-lajoie"},{"id":"9788415118763","title":"Medellin a living city","description":null,"authors":["Anderson"],"category_codes":["6000000","6070000","6070200"],"visuals":{"large":"https:\/\/images.epagine.fr\/763\/9788415118763_1_75.jpg","medium":"https:\/\/images.epagine.fr\/763\/9788415118763_1_m.jpg","thumbnail":"https:\/\/images.epagine.fr\/763\/9788415118763_1_v.jpg"},"orderable":true,"show_badge":true,"formatted_price":"26,00&nbsp;\u20ac","formatted_published_date":"1er avril 2014","publisher_availability_label":"Sur commande","short_details":"Anderson \u2014 Rm Editorial","translator":null,"weight":600,"page_count":254,"readership":null,"editor":"Rm Editorial","price":2600,"published_date":"2014-03-31T22:00:00.000000Z","support":"Grand format","publisher_availability":1,"stock":0,"editions":[],"url":"https:\/\/quaidesbrumes.com\/ouvrage\/9788415118763\/medellin-a-living-city"},{"id":"9783869307992","title":"Philipp keel splash","description":"Splash presents a rigorous selection of Philipp Keel's photographs from the last decade. Keel's luminous, color-intense images celebrate the pleasure and strange beauty of random details and objects. While his bold style may appear spontaneous, Keel meticulously experiments with the processes of image creation in the darkroom, condensing forms and tones so that everyday subjects adopt abstract qualities. Keel's most recent photographs depict motifs in or near water: here objects dissolve in movement, take on a life of their own, and entrance us with a shimmering ambivalence.\r","authors":["Philipp Keel"],"category_codes":["6000000","6070000","6070200"],"visuals":{"large":"https:\/\/images.epagine.fr\/992\/9783869307992_1_75.jpg","medium":"https:\/\/images.epagine.fr\/992\/9783869307992_1_m.jpg","thumbnail":"https:\/\/images.epagine.fr\/992\/9783869307992_1_v.jpg"},"orderable":true,"show_badge":true,"formatted_price":"48,00&nbsp;\u20ac","formatted_published_date":"1er septembre 2016","publisher_availability_label":"Sur commande","short_details":"Philipp Keel \u2014 Steidl","translator":null,"weight":1200,"page_count":112,"readership":null,"editor":"Steidl","price":4800,"published_date":"2016-08-31T22:00:00.000000Z","support":"Grand format","publisher_availability":1,"stock":0,"editions":[],"url":"https:\/\/quaidesbrumes.com\/ouvrage\/9783869307992\/philipp-keel-splash"},{"id":"9783858814296","title":"Swissair aerial photographs \/anglais\/allemand","description":null,"authors":["Gasser"],"category_codes":["6000000","6070000","6070200"],"visuals":{"large":"https:\/\/images.epagine.fr\/296\/9783858814296_1_75.jpg","medium":"https:\/\/images.epagine.fr\/296\/9783858814296_1_m.jpg","thumbnail":"https:\/\/images.epagine.fr\/296\/9783858814296_1_v.jpg"},"orderable":true,"show_badge":true,"formatted_price":"52,00&nbsp;\u20ac","formatted_published_date":"27 ao\u00fbt 2014","publisher_availability_label":"Sur commande","short_details":"Gasser \u2014 Scheidegger","translator":null,"weight":900,"page_count":192,"readership":null,"editor":"Scheidegger","price":5200,"published_date":"2014-08-26T22:00:00.000000Z","support":"Grand format","publisher_availability":1,"stock":0,"editions":[],"url":"https:\/\/quaidesbrumes.com\/ouvrage\/9783858814296\/swissair-aerial-photographs-anglaisallemand"},{"id":"9782322251865","title":"R\u00e9paration notice entretien kowa six & kowa super soixante six","description":"Cet ouvrage s'adresse aux r\u00e9parateurs amateurs. Dans ce livre, vous trouverez ce qu'il faut savoir pour l'entretien, le d\u00e9montage et la r\u00e9paration des moyens formats Kowa six et Kowa super 66.\r","authors":["Bruno Jean"],"category_codes":["6000000","6070000","6070200","6070205"],"visuals":{"large":"https:\/\/images.epagine.fr\/865\/9782322251865_1_75.jpg","medium":"https:\/\/images.epagine.fr\/865\/9782322251865_1_m.jpg","thumbnail":"https:\/\/images.epagine.fr\/865\/9782322251865_1_v.jpg"},"orderable":true,"show_badge":true,"formatted_price":"40,00&nbsp;\u20ac","formatted_published_date":"24 septembre 2020","publisher_availability_label":"Sur commande","short_details":"Bruno Jean \u2014 Books on Demand","translator":null,"weight":271,"page_count":136,"readership":null,"editor":"Books on Demand","price":4000,"published_date":"2020-09-23T22:00:00.000000Z","support":"Grand format","publisher_availability":1,"stock":0,"editions":[],"url":"https:\/\/quaidesbrumes.com\/ouvrage\/9782322251865\/reparation-notice-entretien-kowa-six-kowa-super-soixante-six"},{"id":"9783858811554","title":"Binia bill fotografien \/allemand","description":null,"authors":[],"category_codes":["6000000","6070000","6070200"],"visuals":{"large":"https:\/\/images.epagine.fr\/554\/9783858811554_1_75.jpg","medium":"https:\/\/images.epagine.fr\/554\/9783858811554_1_m.jpg","thumbnail":"https:\/\/images.epagine.fr\/554\/9783858811554_1_v.jpg"},"orderable":true,"show_badge":true,"formatted_price":"46,00&nbsp;\u20ac","formatted_published_date":"1er juin 2004","publisher_availability_label":"Sur commande","short_details":"Scheidegger","translator":null,"weight":1095,"page_count":144,"readership":null,"editor":"Scheidegger","price":4600,"published_date":"2004-05-31T22:00:00.000000Z","support":"Grand format","publisher_availability":1,"stock":0,"editions":[],"url":"https:\/\/quaidesbrumes.com\/ouvrage\/9783858811554\/binia-bill-fotografien-allemand"},{"id":"9783858812384","title":"Chiara a journey into light \/anglais\/allemand","description":"Chiara, daughter of artist and photographer Elisabeth Zahnd, was diagnosed with an incurable brain tumor at the age of five. Zahnds portraits of Chiara capture her remarkable dignity during the final months of her young life. Zahnd never exploits the suffering of her daughter for her artistic project; even in close-up pictures she keeps a respectful, private distance. The photographs of Chiara instead portray her maturity and charisma even as her physical strength weakens. The images of Chiara are complemented by photos of abstract landscapes that visualize the changing perception of reality that accompanies a loss of the senses and an essay by Austrian scholar and writer Thomas Macho that is a philosophical meditation on illness and fear that provides context for Zahnds work.\r","authors":["Zahnd Elisabeth"],"category_codes":["6000000","6070000","6070200"],"visuals":{"large":"https:\/\/images.epagine.fr\/384\/9783858812384_1_75.jpg","medium":"https:\/\/images.epagine.fr\/384\/9783858812384_1_m.jpg","thumbnail":"https:\/\/images.epagine.fr\/384\/9783858812384_1_v.jpg"},"orderable":true,"show_badge":true,"formatted_price":"38,00&nbsp;\u20ac","formatted_published_date":"1er juin 2009","publisher_availability_label":"Sur commande","short_details":"Zahnd Elisabeth \u2014 Scheidegger","translator":null,"weight":902,"page_count":152,"readership":null,"editor":"Scheidegger","price":3800,"published_date":"2009-05-31T22:00:00.000000Z","support":"Grand format","publisher_availability":1,"stock":0,"editions":[],"url":"https:\/\/quaidesbrumes.com\/ouvrage\/9783858812384\/chiara-a-journey-into-light-anglaisallemand"},{"id":"9783869307657","title":"Manifeste!: eine andere geschichte der fotografie \/allemand","description":null,"authors":["Steidl"],"category_codes":["6000000","6070000","6070200"],"visuals":{"large":"https:\/\/images.epagine.fr\/657\/9783869307657_1_75.jpg","medium":"https:\/\/images.epagine.fr\/657\/9783869307657_1_m.jpg","thumbnail":"https:\/\/images.epagine.fr\/657\/9783869307657_1_v.jpg"},"orderable":true,"show_badge":true,"formatted_price":"38,00&nbsp;\u20ac","formatted_published_date":"1er octobre 2014","publisher_availability_label":"Sur commande","short_details":"Steidl \u2014 Steidl","translator":null,"weight":801,"page_count":null,"readership":null,"editor":"Steidl","price":3800,"published_date":"2014-09-30T22:00:00.000000Z","support":"Grand format","publisher_availability":1,"stock":0,"editions":[],"url":"https:\/\/quaidesbrumes.com\/ouvrage\/9783869307657\/manifeste-eine-andere-geschichte-der-fotografie-allemand"},{"id":"9783858811875","title":"Photography, made in zurich \/anglais\/allemand","description":null,"authors":["Depart Thomas Weski"],"category_codes":["6000000","6070000","6070200"],"visuals":{"large":"https:\/\/images.epagine.fr\/875\/9783858811875_1_75.jpg","medium":"https:\/\/images.epagine.fr\/875\/9783858811875_1_m.jpg","thumbnail":"https:\/\/images.epagine.fr\/875\/9783858811875_1_v.jpg"},"orderable":true,"show_badge":true,"formatted_price":"46,00&nbsp;\u20ac","formatted_published_date":"1er juin 2007","publisher_availability_label":"Sur commande","short_details":"Depart Thomas Weski \u2014 Scheidegger","translator":null,"weight":1574,"page_count":288,"readership":null,"editor":"Scheidegger","price":4600,"published_date":"2007-05-31T22:00:00.000000Z","support":"Grand format","publisher_availability":1,"stock":0,"editions":[],"url":"https:\/\/quaidesbrumes.com\/ouvrage\/9783858811875\/photography-made-in-zurich-anglaisallemand"},{"id":"9783858811691","title":"Renee schwarzenbach-wille bilder mit legenden \/allemand","description":null,"authors":["Renee Schwarzenbach-"],"category_codes":["6000000","6070000","6070200"],"visuals":{"large":"https:\/\/images.epagine.fr\/691\/9783858811691_1_75.jpg","medium":"https:\/\/images.epagine.fr\/691\/9783858811691_1_m.jpg","thumbnail":"https:\/\/images.epagine.fr\/691\/9783858811691_1_v.jpg"},"orderable":true,"show_badge":true,"formatted_price":"46,00&nbsp;\u20ac","formatted_published_date":"1er juin 2005","publisher_availability_label":"Sur commande","short_details":"Renee Schwarzenbach- \u2014 Scheidegger","translator":null,"weight":860,"page_count":168,"readership":null,"editor":"Scheidegger","price":4600,"published_date":"2005-05-31T22:00:00.000000Z","support":"Grand format","publisher_availability":1,"stock":0,"editions":[],"url":"https:\/\/quaidesbrumes.com\/ouvrage\/9783858811691\/renee-schwarzenbach-wille-bilder-mit-legenden-allemand"},{"id":"9782017270188","title":"Bob l'\u00e9ponge","description":null,"authors":["Collectif"],"category_codes":["2000000","2040000","2040300"],"visuals":{"large":"https:\/\/quaidesbrumes.com\/img\/book-placeholder.png","medium":"https:\/\/quaidesbrumes.com\/img\/book-placeholder.png","thumbnail":"https:\/\/quaidesbrumes.com\/img\/book-placeholder.png"},"orderable":false,"show_badge":true,"formatted_price":"9,90&nbsp;\u20ac","formatted_published_date":null,"publisher_availability_label":"\u00c0 para\u00eetre","short_details":"Collectif \u2014 Hachette Jeunesse","translator":null,"weight":0,"page_count":null,"readership":"\u00e0 partir de 8 ANS","editor":"Hachette Jeunesse","price":990,"published_date":null,"support":"Poche","publisher_availability":2,"stock":0,"editions":[],"url":"https:\/\/quaidesbrumes.com\/ouvrage\/9782017270188\/bob-leponge"},{"id":"9782343046594","title":"George A. Romero et les zombies : Autopsie d'un mort-vivant","description":"Et si le \"zombie\" d'aujourd'hui avait plus \u00e0 exprimer qu'une peur existentielle ? S'il n'\u00e9tait pas seulement un \u00eatre avide de chair, pouss\u00e9 par un instinct de conservation ? S'il \u00e9tait autre chose qu'une figure de la lutte des classes ? Les morts-vivants de Romero ont \u00e9t\u00e9 r\u00e9cup\u00e9r\u00e9s par l'industrie du cin\u00e9ma hollywoodien, qui leur a enlev\u00e9 leur capacit\u00e9 radicale de contestation politique. Plus largement, c'est une philosophie de la mort-vivantitude qui s'ouvrira au lecteur.\r","authors":["Joachim Daniel Dupuis"],"category_codes":["6000000","6070000","6070200"],"visuals":{"large":"https:\/\/images.epagine.fr\/594\/9782343046594_1_75.jpg","medium":"https:\/\/images.epagine.fr\/594\/9782343046594_1_m.jpg","thumbnail":"https:\/\/images.epagine.fr\/594\/9782343046594_1_v.jpg"},"orderable":true,"show_badge":true,"formatted_price":"14,50&nbsp;\u20ac","formatted_published_date":"16 octobre 2014","publisher_availability_label":"Sur commande","short_details":"Joachim Daniel Dupuis \u2014 \u00c9ditions L'Harmattan","translator":null,"weight":170,"page_count":128,"readership":null,"editor":"\u00c9ditions L'Harmattan","price":1450,"published_date":"2014-10-15T22:00:00.000000Z","support":"Grand format","publisher_availability":1,"stock":0,"editions":[],"url":"https:\/\/quaidesbrumes.com\/ouvrage\/9782343046594\/george-a-romero-et-les-zombies-autopsie-dun-mort-vivant"}]}