{"data":[{"id":"9783791381169","title":"The art of sports photography","description":null,"authors":["Aspland Marc"],"category_codes":["6000000","6070000","6070200"],"visuals":{"large":"https:\/\/images.epagine.fr\/169\/9783791381169_1_75.jpg","medium":"https:\/\/images.epagine.fr\/169\/9783791381169_1_m.jpg","thumbnail":"https:\/\/images.epagine.fr\/169\/9783791381169_1_v.jpg"},"orderable":true,"show_badge":true,"formatted_price":"44,00&nbsp;\u20ac","formatted_published_date":"26 ao\u00fbt 2014","publisher_availability_label":"Sur commande","short_details":"Aspland Marc \u2014 Prestel","translator":null,"weight":1200,"page_count":144,"readership":null,"editor":"Prestel","price":4400,"published_date":"2014-08-25T22:00:00.000000Z","support":"Grand format","publisher_availability":1,"stock":0,"editions":[],"url":"https:\/\/quaidesbrumes.com\/ouvrage\/9783791381169\/the-art-of-sports-photography"},{"id":"9782840664635","title":"The magic castle","description":"Une oeuvre in\u00e9dite bas\u00e9e sur une s\u00e9rie de photographies r\u00e9alis\u00e9es par Richard Prince lorsqu'il \u00e9tait \u00e9tudiant en France : un livre d'artiste avec lequel Prince ouvre une fen\u00eatre sur sa p\u00e9riode de formation.\r","authors":["Richard Prince"],"category_codes":["6000000","6070000","6070200"],"visuals":{"large":"https:\/\/quaidesbrumes.com\/img\/book-placeholder.png","medium":"https:\/\/quaidesbrumes.com\/img\/book-placeholder.png","thumbnail":"https:\/\/quaidesbrumes.com\/img\/book-placeholder.png"},"orderable":true,"show_badge":true,"formatted_price":"15,00&nbsp;\u20ac","formatted_published_date":"31 janvier 2014","publisher_availability_label":"Sur commande","short_details":"Richard Prince \u2014 Les presses du r\u00e9el","translator":null,"weight":0,"page_count":48,"readership":null,"editor":"Les presses du r\u00e9el","price":1500,"published_date":"2014-01-30T23:00:00.000000Z","support":"Grand format","publisher_availability":1,"stock":0,"editions":[],"url":"https:\/\/quaidesbrumes.com\/ouvrage\/9782840664635\/the-magic-castle"},{"id":"9781419711657","title":"Animal architecture","description":"Collects photographs of structures created by animals, from the six-foot-high hills of tiny red ants to the colorfully decorated courtship arenas of the bowerbird, showcasing the connections between human and animal architecture.\r","authors":["Ingo Arndt","Jurgen Tautz"],"category_codes":["6000000","6070000","6070200"],"visuals":{"large":"https:\/\/images.epagine.fr\/657\/9781419711657_1_75.jpg","medium":"https:\/\/images.epagine.fr\/657\/9781419711657_1_m.jpg","thumbnail":"https:\/\/images.epagine.fr\/657\/9781419711657_1_v.jpg"},"orderable":true,"show_badge":true,"formatted_price":"30,10&nbsp;\u20ac","formatted_published_date":"27 mars 2014","publisher_availability_label":"Sur commande","short_details":"Ingo Arndt, Jurgen Tautz \u2014 Abrams US","translator":null,"weight":991,"page_count":160,"readership":null,"editor":"Abrams US","price":3010,"published_date":"2014-03-26T23:00:00.000000Z","support":"Grand format","publisher_availability":1,"stock":0,"editions":[],"url":"https:\/\/quaidesbrumes.com\/ouvrage\/9781419711657\/animal-architecture"},{"id":"9782919070503","title":"Les yeux clairs ; sc\u00e9nario du film","description":"Sc\u00e9nario complet et dialogues du film. Avant-propos et interview de J\u00e9r\u00f4me Bonnell.\r","authors":["J\u00e9r\u00f4me Bonnell"],"category_codes":["6000000","6070000","6070300"],"visuals":{"large":"https:\/\/images.epagine.fr\/503\/9782919070503_1_75.jpg","medium":"https:\/\/images.epagine.fr\/503\/9782919070503_1_m.jpg","thumbnail":"https:\/\/images.epagine.fr\/503\/9782919070503_1_v.jpg"},"orderable":true,"show_badge":true,"formatted_price":"18,00&nbsp;\u20ac","formatted_published_date":"20 f\u00e9vrier 2014","publisher_availability_label":"Sur commande","short_details":"J\u00e9r\u00f4me Bonnell \u2014 Lettmotif","translator":null,"weight":400,"page_count":116,"readership":null,"editor":"Lettmotif","price":1800,"published_date":"2014-02-19T23:00:00.000000Z","support":"Grand format","publisher_availability":1,"stock":0,"editions":["9782367161143"],"url":"https:\/\/quaidesbrumes.com\/ouvrage\/9782919070503\/les-yeux-clairs-scenario-du-film"},{"id":"9781576876916","title":"Bridged field : found-photo drawings","description":null,"authors":["Beech"],"category_codes":["6000000","6070000","6070200"],"visuals":{"large":"https:\/\/images.epagine.fr\/916\/9781576876916_1_75.jpg","medium":"https:\/\/images.epagine.fr\/916\/9781576876916_1_m.jpg","thumbnail":"https:\/\/images.epagine.fr\/916\/9781576876916_1_v.jpg"},"orderable":true,"show_badge":true,"formatted_price":"45,00&nbsp;\u20ac","formatted_published_date":"1er avril 2014","publisher_availability_label":"Sur commande","short_details":"Beech \u2014 Powerhouse","translator":null,"weight":901,"page_count":104,"readership":null,"editor":"Powerhouse","price":4500,"published_date":"2014-03-31T22:00:00.000000Z","support":"Grand format","publisher_availability":1,"stock":0,"editions":[],"url":"https:\/\/quaidesbrumes.com\/ouvrage\/9781576876916\/bridged-field-found-photo-drawings"},{"id":"9788867490929","title":"Libya ; inch by inch, house by house, alley by alley","description":"Un double portrait de la Libye contemporaine, au travers de photographies des traces de la r\u00e9volution dans le paysage architectural, et d'une s\u00e9rie de portraits d'archive qui op\u00e8re une d\u00e9\/reconstruction de l'image de Kadhafi.\r\n\r\n Cet ouvrage s'inscrit dans une s\u00e9rie de publications \u00e9dit\u00e9e par la photographe Giovanna Silva, consacr\u00e9e aux pays en guerre ou en crise et dont le principe consiste \u00e0 en faire le r\u00e9cit au travers de photographies de leurs diff\u00e9rents paysages. Dans le cas de la Libye, Giovanna Silva montre les structures architecturales construites par le r\u00e9gime de Kadhafi qui ont \u00e9t\u00e9 d\u00e9truites au cours de la r\u00e9volution de 2011. Le livre propose un double r\u00e9cit : celui de la r\u00e9volution elle-m\u00eame, dont Silva retrace le parcours, de l'\u00e9picentre de la r\u00e9volte \u00e0 Benghazi jusqu'au bunker de Kadhafi \u00e0 Tripoli, et celui de la vie et de la carri\u00e8re de Kadhafi, par le biais d'une s\u00e9rie de portraits d'archive accumul\u00e9s par Giovanna Silva au fil des ans, qui op\u00e8re une reconstruction de son image et de sa personnalit\u00e9, jusqu'aux images de sa mort, \u00e0 terre comme l'architecture qui incarnait ses id\u00e9aux.\r","authors":["Silva Giovanna"],"category_codes":["6000000","6070000","6070200"],"visuals":{"large":"https:\/\/images.epagine.fr\/929\/9788867490929_1_75.jpg","medium":"https:\/\/images.epagine.fr\/929\/9788867490929_1_m.jpg","thumbnail":"https:\/\/images.epagine.fr\/929\/9788867490929_1_v.jpg"},"orderable":true,"show_badge":true,"formatted_price":"20,00&nbsp;\u20ac","formatted_published_date":"4 f\u00e9vrier 2014","publisher_availability_label":"Sur commande","short_details":"Silva Giovanna \u2014 Mousse Publishing","translator":null,"weight":0,"page_count":256,"readership":null,"editor":"Mousse Publishing","price":2000,"published_date":"2014-02-03T23:00:00.000000Z","support":"Grand format","publisher_availability":1,"stock":0,"editions":[],"url":"https:\/\/quaidesbrumes.com\/ouvrage\/9788867490929\/libya-inch-by-inch-house-by-house-alley-by-alley"},{"id":"9782930667089","title":"Une id\u00e9e du cin\u00e9ma","description":"\u00ab Ce qu'est le cin\u00e9ma \u00bb : le manifeste du biographe d'Andr\u00e9 Bazin, une travers\u00e9e concise et lumineuse dans l'histoire du cin\u00e9ma et de sa th\u00e9orie.\r\nUne id\u00e9e du cin\u00e9ma nous invite \u00e0 sonder une conception puissante et exigeante du cin\u00e9ma, une conception qui trouva sa forme in\u00e9puisable dans le c\u00e9l\u00e8bre recueil d'Andr\u00e9 Bazin, Qu'est-ce que le cin\u00e9ma ? (1958-1962). Dudley Andrew, biographe de Bazin et brillant ex\u00e9g\u00e8te de son oeuvre, remonte ici le fil de cette id\u00e9e, \u00e0 travers une investigation des trois op\u00e9rations fondamentales du cin\u00e9ma : l'enregistrement, la composition et la projection. Il en situe l'\u00e9mergence dans le contexte intellectuel de son temps (Andr\u00e9 Malraux, Roger Leenhardt, Jean-Paul Sartre), en r\u00e9v\u00e8le des facettes m\u00e9connues, d\u00e9montre sa fertilit\u00e9 au cours de la seconde moiti\u00e9 du XXe si\u00e8cle, et la confronte aux films les plus actuels, r\u00e9alisant ainsi une travers\u00e9e concise et lumineuse dans l'histoire du cin\u00e9ma et de sa th\u00e9orie. Ce faisant, il oppose un d\u00e9menti salutaire aux tenants du d\u00e9clin du septi\u00e8me art. Selon Andrew en effet, les bouleversements inh\u00e9rents au passage \u00e0 l'\u00e8re num\u00e9rique, loin de saper l'identit\u00e9 du m\u00e9dium, l'invitent au contraire \u00e0 r\u00e9aliser sa nature et sa vocation : s'adapter au r\u00e9el pour mieux l'explorer.\r\nDudley Andrew (1945) est professeur de cin\u00e9ma et de litt\u00e9rature compar\u00e9e \u00e0 l'Universit\u00e9 Yale. Il est l'auteur d'une biographie d'Andr\u00e9 Bazin, ainsi que de plusieurs ouvrages sur le cin\u00e9ma fran\u00e7ais et la th\u00e9orie cin\u00e9matographique.\r","authors":["Dudley Andrew","Olivier Mignon"],"category_codes":["6000000","6070000","6070300"],"visuals":{"large":"https:\/\/images.epagine.fr\/089\/9782930667089_1_75.jpg","medium":"https:\/\/images.epagine.fr\/089\/9782930667089_1_m.jpg","thumbnail":"https:\/\/images.epagine.fr\/089\/9782930667089_1_v.jpg"},"orderable":true,"show_badge":true,"formatted_price":"18,00&nbsp;\u20ac","formatted_published_date":"15 mars 2014","publisher_availability_label":"Sur commande","short_details":"Dudley Andrew, Olivier Mignon \u2014 (Sic)","translator":"OLIVIER MIGNON","weight":0,"page_count":208,"readership":null,"editor":"(Sic)","price":1800,"published_date":"2014-03-14T23:00:00.000000Z","support":"Grand format","publisher_availability":1,"stock":0,"editions":[],"url":"https:\/\/quaidesbrumes.com\/ouvrage\/9782930667089\/une-idee-du-cinema"},{"id":"9783037643532","title":"Natural histories","description":"Cette monographie de r\u00e9f\u00e9rence, con\u00e7ue en \u00e9troite collaboration avec l'artiste, pr\u00e9sente l'ensemble des exp\u00e9rimentations photographiques et sculpturales men\u00e9es par Walead Beshty depuis une dizaine d'ann\u00e9es (avec des essais in\u00e9dits de Suzanne Hudson et de Nicolas Bourriaud, ainsi qu'une conversation entre Walead Beshty et Bob Nickas).\r\nNouvelle \u00e9dition augment\u00e9e de la monographie parue en 2011 (ISBN 978-3-03764-188-0).\r\nSouvent consid\u00e9r\u00e9 comme abstrait, le travail de Walead Beshty (n\u00e9 en 1976 \u00e0 Londres, vit et travaille \u00e0 Los Angeles) constitue d'abord une recherche objective sur les conditions de la photographie et son rapport au r\u00e9el. Beshty exp\u00e9rimente avec la mati\u00e8re m\u00eame du m\u00e9dium photographique et les proc\u00e9d\u00e9s physico-chimiques de r\u00e9v\u00e9lation de l'image, reprenant l'h\u00e9ritage d'un Man Ray ou d'un Laszlo Moholy-Nagy, mais il propose ensuite une repr\u00e9sentation de ces exp\u00e9rimentations, dont il photographie le r\u00e9sultat, au sein de grands tableaux. Une approche ph\u00e9nom\u00e9nologique d\u00e9j\u00e0 pr\u00e9sente dans ses oeuvres figuratives plus anciennes, o\u00f9 le th\u00e8me du passage du temps est trait\u00e9 \u00e0 travers des s\u00e9ries de photographies de symboles d\u00e9chus de l'architecture moderniste (un lotissement, une autoroute, un centre commercial abandonn\u00e9s). L'artiste poursuit \u00e9galement cette recherche par le biais de la sculpture, exposant des colis fracass\u00e9s au cours de leurs exp\u00e9ditions successives, r\u00e9v\u00e9lant ainsi le r\u00e9sultat d'activit\u00e9s qui sont g\u00e9n\u00e9ralement rel\u00e9gu\u00e9es dans les coulisses de la production et de l'exposition d'art.\r","authors":["Walead Beshty"],"category_codes":["6000000","6070000","6070200"],"visuals":{"large":"https:\/\/images.epagine.fr\/532\/9783037643532_1_75.jpg","medium":"https:\/\/images.epagine.fr\/532\/9783037643532_1_m.jpg","thumbnail":"https:\/\/images.epagine.fr\/532\/9783037643532_1_v.jpg"},"orderable":true,"show_badge":true,"formatted_price":"40,00&nbsp;\u20ac","formatted_published_date":"15 f\u00e9vrier 2014","publisher_availability_label":"Sur commande","short_details":"Walead Beshty \u2014 Jrp \/ Ringier","translator":null,"weight":0,"page_count":192,"readership":null,"editor":"Jrp \/ Ringier","price":4000,"published_date":"2014-02-14T23:00:00.000000Z","support":"Grand format","publisher_availability":1,"stock":0,"editions":[],"url":"https:\/\/quaidesbrumes.com\/ouvrage\/9783037643532\/natural-histories"},{"id":"9781576876879","title":"Developer trays","description":null,"authors":["Cyr"],"category_codes":["6000000","6070000","6070200"],"visuals":{"large":"https:\/\/images.epagine.fr\/879\/9781576876879_1_75.jpg","medium":"https:\/\/images.epagine.fr\/879\/9781576876879_1_m.jpg","thumbnail":"https:\/\/images.epagine.fr\/879\/9781576876879_1_v.jpg"},"orderable":true,"show_badge":true,"formatted_price":"35,00&nbsp;\u20ac","formatted_published_date":"11 mars 2014","publisher_availability_label":"Sur commande","short_details":"Cyr \u2014 Powerhouse","translator":null,"weight":701,"page_count":144,"readership":null,"editor":"Powerhouse","price":3500,"published_date":"2014-03-10T23:00:00.000000Z","support":"Grand format","publisher_availability":1,"stock":0,"editions":[],"url":"https:\/\/quaidesbrumes.com\/ouvrage\/9781576876879\/developer-trays"},{"id":"9783943365603","title":"John Smith","description":"Monographie compl\u00e8te consacr\u00e9e \u00e0 l'un des artistes et r\u00e9alisateurs britanniques les plus influents, dont le travail d'avant-garde brouille de mani\u00e8re subtile et ing\u00e9nieuse les fronti\u00e8res entre documentaire et fiction, entre repr\u00e9sentation et abstraction, avec plusieurs essais, une filmographie illustr\u00e9e compl\u00e8te sur 84 pages et les images et les synopsis de quelque 50 oeuvres vid\u00e9o et films r\u00e9alis\u00e9s entre 1972 et 2012.\r\n\r\nN\u00e9 en 1952 \u00e0 Walthamstow (Londres), John Smith vit et travaille \u00e0 Londres.\r","authors":["Collectif"],"category_codes":["6000000","6070000","6070300"],"visuals":{"large":"https:\/\/images.epagine.fr\/603\/9783943365603_1_75.jpg","medium":"https:\/\/images.epagine.fr\/603\/9783943365603_1_m.jpg","thumbnail":"https:\/\/images.epagine.fr\/603\/9783943365603_1_v.jpg"},"orderable":true,"show_badge":true,"formatted_price":"30,00&nbsp;\u20ac","formatted_published_date":"16 d\u00e9cembre 2013","publisher_availability_label":"Sur commande","short_details":"Collectif \u2014 Sternberg Press","translator":null,"weight":0,"page_count":236,"readership":null,"editor":"Sternberg Press","price":3000,"published_date":"2013-12-15T23:00:00.000000Z","support":"Grand format","publisher_availability":1,"stock":0,"editions":[],"url":"https:\/\/quaidesbrumes.com\/ouvrage\/9783943365603\/john-smith"},{"id":"9782351371671","title":"Titans","description":"Dans sa s\u00e9rie de nus f\u00e9minins Les femmes enceintes, Didier Desplats cherchait d\u00e9j\u00e0 \u00e0 r\u00e9v\u00e9ler, par un traitement po\u00e9tique du noir et blanc et de la lumi\u00e8re, l'esth\u00e9tique de ces corps hors normes. Avec TITANS en 2006, le passage au nu masculin s'inscrit dans la continuit\u00e9 du travail pr\u00e9c\u00e9dent et propose une autre image du d\u00e9sir. Si ces hommes sont des Titans, figures monumentales qui lib\u00e8rent une puissance physique, ils se pr\u00e9sentent aussi dans une forme d'abandon face \u00e0 l'objectif, d\u00e9gageant tant\u00f4t une impression d'int\u00e9riorit\u00e9 par une pose de repli sur soi-m\u00eame, tant\u00f4t une certaine arrogance. Cet aspect fondamental dans le travail de Didier Desplats, construit l'acte photographique comme une rencontre et un \u00e9change entre le photographe et le sujet.\r","authors":["Jo\u00eblle Caujolle","Didier Desplats"],"category_codes":["6000000","6070000","6070200"],"visuals":{"large":"https:\/\/images.epagine.fr\/671\/9782351371671_1_75.jpg","medium":"https:\/\/images.epagine.fr\/671\/9782351371671_1_m.jpg","thumbnail":"https:\/\/images.epagine.fr\/671\/9782351371671_1_v.jpg"},"orderable":true,"show_badge":true,"formatted_price":"20,00&nbsp;\u20ac","formatted_published_date":"1er septembre 2014","publisher_availability_label":"Sur commande","short_details":"Jo\u00eblle Caujolle, Didier Desplats \u2014 EDITIONS DE L'OEIL","translator":null,"weight":250,"page_count":92,"readership":null,"editor":"EDITIONS DE L'OEIL","price":2000,"published_date":"2014-08-31T22:00:00.000000Z","support":"Grand format","publisher_availability":1,"stock":0,"editions":[],"url":"https:\/\/quaidesbrumes.com\/ouvrage\/9782351371671\/titans"},{"id":"9782226253774","title":"La transparence et la vertu","description":"Nous avons le droit de savoir ! \" mart\u00e8lent en 2013 les 54 000 signataires de l'appel de Mediapart, sorte de manifeste universel contre le secret. En partant des affaires Bettencourt, WikiLeaks, Snowden, notamment, Daniel Soulez Larivi\u00e8re propose un essai singulier qui montre les dangers de l'id\u00e9alisation m\u00e9diatique contemporaine selon laquelle la transparence serait une vertu.\r\n\r\nEn revisitant l'Histoire (la R\u00e9publique romaine, l'absolutisme de Louis XIV, la R\u00e9volution fran\u00e7aise, la Ve R\u00e9publique) et l'histoire des concepts (de Bodin \u00e0 Richelieu, de Rousseau \u00e0 Kant, de la \" raison d'Etat \" \u00e0 la censure), il pointe trois niveaux de transparence qui r\u00e9gissent notre soci\u00e9t\u00e9 contemporaine : de haut en bas (du pouvoir vers les citoyens), de bas en haut vers le pouvoir (des citoyens repr\u00e9sent\u00e9s par les m\u00e9dias), et horizontale entre les citoyens qui s'exposent les uns et les autres. Mais l'exigence dogmatique de transparence fait basculer dans un monde manich\u00e9en, au rebours de la v\u00e9rit\u00e9, d'une part, et avec les plus grandes risques pour la d\u00e9mocratie et les dysfonctionnements de la justice, d'autre part. D\u00e9monstration est faite de l'ambigu\u00eft\u00e9 de la notion m\u00eame de transparence.\r\n\r\nPour l'auteur, la transparence n'est pas plus une vertu que le secret. Ce sont les deux faces d'une m\u00e9daille qui constituent avant tout des techniques de gouvernement, dans un exercice du pouvoir \" normal \" et non pas machiav\u00e9lique ou totalitaire. La politique est ainsi l'art de voiler et de d\u00e9voiler.\r","authors":["Daniel Soulez larivi\u00e8re"],"category_codes":["6000000","6070000","6070300"],"visuals":{"large":"https:\/\/images.epagine.fr\/774\/9782226253774_1_75.jpg","medium":"https:\/\/images.epagine.fr\/774\/9782226253774_1_m.jpg","thumbnail":"https:\/\/images.epagine.fr\/774\/9782226253774_1_v.jpg"},"orderable":true,"show_badge":true,"formatted_price":"15,00&nbsp;\u20ac","formatted_published_date":"30 avril 2014","publisher_availability_label":"Sur commande","short_details":"Daniel Soulez larivi\u00e8re \u2014 Albin Michel","translator":null,"weight":244,"page_count":188,"readership":null,"editor":"Albin Michel","price":1500,"published_date":"2014-04-29T22:00:00.000000Z","support":"Grand format","publisher_availability":1,"stock":0,"editions":[],"url":"https:\/\/quaidesbrumes.com\/ouvrage\/9782226253774\/la-transparence-et-la-vertu"},{"id":"9782322034802","title":"Un jour, une femme","description":"Apr\u00e8s 7 ann\u00e9es pass\u00e9es \u00e0 immortaliser le plus beau jour de leurs vies, je me suis rendue compte que m\u00eame ce jour merveilleux, le regard de leurs proches et de leur \u00e2me soeur n'arrivait pas \u00e0 convaincre certaines femmes de leur beaut\u00e9. Malgr\u00e9 la coiffure, la robe, le maquillage, les nombreux compliments et le bonheur de cette journ\u00e9e unique, certaines femmes que je rencontrais, manquaient toujours de confiance en elles, en leur beaut\u00e9.  J'ai donc d\u00e9cid\u00e9 de leur montrer ce que je vois quand je les regarde, chacune d'elles d'une beaut\u00e9 unique, d'une sensibilit\u00e9, et g\u00e9n\u00e9ratrice d'\u00e9motions dont elles n'ont pas conscience. Je vois en elles non seulement une beaut\u00e9 physique, mais aussi leurs qualit\u00e9s de coeur et d'esprit. Certaines d'entre elles ont v\u00e9cu de dures \u00e9preuves parfois inavouables qui les ont enferm\u00e9es dans le carcan du manque de confiance et de la peur, parfois leur corps en a souffert. Lorsqu'elle se regardent dans le miroir, elle se voient avec une esp\u00e8ce de masque, elles y voient leurs souffrances physiques et\/ou leurs vieux d\u00e9mons.\r","authors":["H\u00e9l\u00e8ne Valbonetti"],"category_codes":["6000000","6070000","6070200"],"visuals":{"large":"https:\/\/images.epagine.fr\/802\/9782322034802_1_75.jpg","medium":"https:\/\/images.epagine.fr\/802\/9782322034802_1_m.jpg","thumbnail":"https:\/\/images.epagine.fr\/802\/9782322034802_1_v.jpg"},"orderable":true,"show_badge":true,"formatted_price":"27,00&nbsp;\u20ac","formatted_published_date":"3 f\u00e9vrier 2014","publisher_availability_label":"Sur commande","short_details":"H\u00e9l\u00e8ne Valbonetti \u2014 Books on Demand","translator":null,"weight":601,"page_count":52,"readership":null,"editor":"Books on Demand","price":2700,"published_date":"2014-02-02T23:00:00.000000Z","support":"Beaux-livres","publisher_availability":1,"stock":0,"editions":[],"url":"https:\/\/quaidesbrumes.com\/ouvrage\/9782322034802\/un-jour-une-femme"},{"id":"9782951807129","title":"Te lucis ante terminum, avant que la lumi\u00e8re ne s'\u00e9teigne ; monast\u00e8re de Saorge","description":null,"authors":["Michel Eisenlohr"],"category_codes":["6000000","6070000","6070200"],"visuals":{"large":"https:\/\/quaidesbrumes.com\/img\/book-placeholder.png","medium":"https:\/\/quaidesbrumes.com\/img\/book-placeholder.png","thumbnail":"https:\/\/quaidesbrumes.com\/img\/book-placeholder.png"},"orderable":true,"show_badge":true,"formatted_price":"19,00&nbsp;\u20ac","formatted_published_date":"4 juillet 2014","publisher_availability_label":"Sur commande","short_details":"Michel Eisenlohr \u2014 Images Du Sud","translator":null,"weight":375,"page_count":null,"readership":null,"editor":"Images Du Sud","price":1900,"published_date":"2014-07-03T22:00:00.000000Z","support":"Grand format","publisher_availability":1,"stock":0,"editions":[],"url":"https:\/\/quaidesbrumes.com\/ouvrage\/9782951807129\/te-lucis-ante-terminum-avant-que-la-lumiere-ne-seteigne-monastere-de-saorge"},{"id":"9782912528018","title":"El desengano","description":"Photographies de Martin Franc\u00e9s, Augustin.\r","authors":["Aurelio Diaz-Ronda","Agust\u00edn Mart\u00edn franc\u00e9s"],"category_codes":["6000000","6070000","6070200"],"visuals":{"large":"https:\/\/quaidesbrumes.com\/img\/book-placeholder.png","medium":"https:\/\/quaidesbrumes.com\/img\/book-placeholder.png","thumbnail":"https:\/\/quaidesbrumes.com\/img\/book-placeholder.png"},"orderable":true,"show_badge":true,"formatted_price":"50,00&nbsp;\u20ac","formatted_published_date":"1er janvier 1997","publisher_availability_label":"Sur commande","short_details":"Aurelio Diaz-Ronda, Agust\u00edn Mart\u00edn franc\u00e9s \u2014 Le Grand Os","translator":null,"weight":801,"page_count":32,"readership":null,"editor":"Le Grand Os","price":5000,"published_date":"1996-12-31T23:00:00.000000Z","support":"Poche","publisher_availability":1,"stock":0,"editions":[],"url":"https:\/\/quaidesbrumes.com\/ouvrage\/9782912528018\/el-desengano"},{"id":"9783905509960","title":"Irene","description":"R\u00e9\u00e9dition (augment\u00e9e) du livre culte de 1978 - la \u00ab vie amoureuse \u00bb de l'artiste-muse et prostitu\u00e9e zurichoise Irene \u00ab Lady Shiva \u00bb, photographi\u00e9e par Roswitha Hecke.\r\nLe livre de photographies de Roswitha Hecke Liebes Leben (Vie amoureuse) sur l'artiste-muse et prostitu\u00e9e zurichoise Irene, \u00e9galement connue sous le pseudonyme de \u00ab Lady Shiva \u00bb, a \u00e9t\u00e9 publi\u00e9 pour la premi\u00e8re fois en 1978. Il est devenu \u00e0 la fois un livre culte et un succ\u00e8s international. R\u00e9imprim\u00e9 de nombreuses fois et traduit en plusieurs langues, il est enfin \u00e0 nouveau disponible. Le nouveau volume r\u00e9vis\u00e9 par Edition Patrick Frey pr\u00e9sente des photos qui n'ont jamais \u00e9t\u00e9 publi\u00e9es auparavant.\r\nC'est \u00e0 travers le directeur Werner Schroeter que Roswitha Hecke rencontre Irene. Star secr\u00e8te de la boh\u00e8me zurichoise de l'\u00e9poque, elle travaille comme prostitu\u00e9e jusqu'\u00e0 sa tragique mort accidentelle. Durant trois semaines Hecke a photographi\u00e9 son quotidien \u00e0 Zurich et l'a accompagn\u00e9e \u00e0 Rome o\u00f9 Irene c\u00e9l\u00e9brait toujours son anniversaire. Le r\u00e9sultat est le portrait subtil et fort d'une femme, \u00e0 la fois belle et confiante, d'un \u00e9rotisme in\u00e9gal\u00e9 et d'une \u00e9l\u00e9gance fi\u00e8re. Les photos, un m\u00e9lange de travaux de chor\u00e9graphie et de travaux documentaires, capturent une imm\u00e9diatet\u00e9 ainsi qu'une pr\u00e9sence inhabituelles.\r\n\r\n\u00ab Irene voulait \u00eatre jolie, \u00eatre une femme, \u00eatre libre. Elle \u00e9tait directe et capricieuse comme une enfant. Elle aimait le flirt plus que le mariage. La tension plus que l'harmonie. L'envie plus que la satisfaction. Et la distance plus que le contact. Elle a v\u00e9cu sa vie de cette mani\u00e8re, advienne que pourra. \u00bb (Roswitha Hecke)\r","authors":["Roswitha Hecke"],"category_codes":["6000000","6070000","6070200"],"visuals":{"large":"https:\/\/quaidesbrumes.com\/img\/book-placeholder.png","medium":"https:\/\/quaidesbrumes.com\/img\/book-placeholder.png","thumbnail":"https:\/\/quaidesbrumes.com\/img\/book-placeholder.png"},"orderable":true,"show_badge":true,"formatted_price":"52,00&nbsp;\u20ac","formatted_published_date":"1er janvier 2011","publisher_availability_label":"Sur commande","short_details":"Roswitha Hecke \u2014 Patrick Frey","translator":null,"weight":600,"page_count":160,"readership":null,"editor":"Patrick Frey","price":5200,"published_date":"2010-12-31T23:00:00.000000Z","support":"Grand format","publisher_availability":1,"stock":0,"editions":[],"url":"https:\/\/quaidesbrumes.com\/ouvrage\/9783905509960\/irene"},{"id":"9783905929522","title":"Eine gl\u00fcckliche ehe \/ un matrimonio felice \/ a happy marriage","description":"Le jeu de genre de Daniela Comani (une d\u00e9construction subtile de la repr\u00e9sentation du couple h\u00e9t\u00e9rosexuel).\r\nDaniela Comani a travaill\u00e9 sur son projet photographique, A Happy Marriage, depuis 2003. Dans sa s\u00e9rie photo aux facettes multiples, elle est son propre mod\u00e8le, jouant le r\u00f4le de l'homme et de la femme en m\u00eame temps pour un mariage intellectuel o\u00f9 l'assignation du genre n'a plus sa place. Toutefois, cela est r\u00e9fut\u00e9 par les expressions sur les visages, les gestes, les poses et les v\u00eatements des sujets. Le statut d'homme \/ femme, d\u00e9pendant enti\u00e8rement de la convention repr\u00e9sent\u00e9e par le couple h\u00e9t\u00e9rosexuel, est si d\u00e9concertant, si subtil et subversif, que nous nous trouvons \u00e0 nous demander qui est qui ou qui joue quel r\u00f4le.\r","authors":["Daniela Comani"],"category_codes":["6000000","6070000","6070200"],"visuals":{"large":"https:\/\/images.epagine.fr\/522\/9783905929522_1_75.jpg","medium":"https:\/\/images.epagine.fr\/522\/9783905929522_1_m.jpg","thumbnail":"https:\/\/images.epagine.fr\/522\/9783905929522_1_v.jpg"},"orderable":true,"show_badge":true,"formatted_price":"43,00&nbsp;\u20ac","formatted_published_date":"28 avril 2014","publisher_availability_label":"Sur commande","short_details":"Daniela Comani \u2014 Patrick Frey","translator":null,"weight":500,"page_count":72,"readership":null,"editor":"Patrick Frey","price":4300,"published_date":"2014-04-27T22:00:00.000000Z","support":"Grand format","publisher_availability":1,"stock":0,"editions":[],"url":"https:\/\/quaidesbrumes.com\/ouvrage\/9783905929522\/eine-gluckliche-ehe-un-matrimonio-felice-a-happy-marriage"},{"id":"9783829605007","title":"August sander menschen des 20. jahrhunderts \/allemand","description":null,"authors":["August Sander"],"category_codes":["6000000","6070000","6070200"],"visuals":{"large":"https:\/\/quaidesbrumes.com\/img\/book-placeholder.png","medium":"https:\/\/quaidesbrumes.com\/img\/book-placeholder.png","thumbnail":"https:\/\/quaidesbrumes.com\/img\/book-placeholder.png"},"orderable":true,"show_badge":true,"formatted_price":"148,00&nbsp;\u20ac","formatted_published_date":"1er novembre 2010","publisher_availability_label":"Sur commande","short_details":"August Sander \u2014 Schirmer Mosel","translator":null,"weight":3701,"page_count":null,"readership":null,"editor":"Schirmer Mosel","price":14800,"published_date":"2010-10-31T23:00:00.000000Z","support":"Grand format","publisher_availability":1,"stock":0,"editions":[],"url":"https:\/\/quaidesbrumes.com\/ouvrage\/9783829605007\/august-sander-menschen-des-20-jahrhunderts-allemand"},{"id":"9782343041155","title":"L'informel pour informer ; les journalistes et leurs sources","description":"Etre au contact des sources, celles qui donnent des informations aux gens de presse n'est pas sans risque-le spectre de la \"connivence\" n'est jamais loin-mais permet de recueillir de pr\u00e9cieuses informations pour rendre compte. C'est bien ici que prend la place de l'informel. Le mot permet d'\u00e9clairer un ensemble de pratiques qui s'opposent a priori \u00e0 la dimension officielle, publique, du m\u00e9tier, d'indiquer et de comprendre des \u00e9carts, des tensions, des intrications.\r","authors":["Jean-Baptiste Legavre"],"category_codes":["6000000","6070000","6070300"],"visuals":{"large":"https:\/\/images.epagine.fr\/155\/9782343041155_1_75.jpg","medium":"https:\/\/images.epagine.fr\/155\/9782343041155_1_m.jpg","thumbnail":"https:\/\/images.epagine.fr\/155\/9782343041155_1_v.jpg"},"orderable":true,"show_badge":true,"formatted_price":"29,00&nbsp;\u20ac","formatted_published_date":"23 septembre 2014","publisher_availability_label":"Sur commande","short_details":"Jean-Baptiste Legavre \u2014 \u00c9ditions L'Harmattan","translator":null,"weight":408,"page_count":258,"readership":null,"editor":"\u00c9ditions L'Harmattan","price":2900,"published_date":"2014-09-22T22:00:00.000000Z","support":"Grand format","publisher_availability":1,"stock":0,"editions":[],"url":"https:\/\/quaidesbrumes.com\/ouvrage\/9782343041155\/linformel-pour-informer-les-journalistes-et-leurs-sources"},{"id":"9782354490508","title":"Trembler pour l'autre ; pour une \u00e9thique du cin\u00e9ma","description":"Un livre de philosophie peut parfois se lire comme un r\u00e9cit \u00e0 intrigue, \u00e0 suspens, \u00e0 surprises.\r\nMais nous pourrions entendre ce propos en l'inversant: le r\u00e9cit \u00e0 intrigue peut se r\u00e9v\u00e9ler pleinement philosophique.\r\nTrembler pour l'autre pose ainsi les jalons d'une histoire alternative du cin\u00e9ma de fiction, o\u00f9 textes et images s'\u00e9clairent mutuellement au cours d'un dialogue f\u00e9cond avec la pens\u00e9e - en particulier avec celle d'Emmanuel Levinas.\r\nDe m\u00eame en va-t-il avec la notion de \u00ab substitution \u00bb, qui se trouve au principe m\u00eame de la mise en sc\u00e8ne dans Solaris de Tarkovski. Ici le surnaturel - ou l'inspiration - \u00e9branle en profondeur toute th\u00e9orie de la connaissance.\r\nCet \u00e9branlement est \u00e9galement bien pr\u00e9sent dans les films de B\u00e9la Tarr. En particulier dans Les harmonies Werckmeister, o\u00f9 le visage de l'autre s'expose dans sa fragilit\u00e9, et fait surgir la honte chez le sujet.\r\nEnfin, la notion de \u00ab subjectivit\u00e9\u00bb comprise selon les termes du penseur, est un tenant-lieu de ce qui n'a pas lieu, du tiers exclu toujours en exil, qui ne saurait appara\u00eetre que sous le masque de la com\u00e9die. Tel est le ressort d'un film s\u00e9rieusement dr\u00f4le et dr\u00f4lement s\u00e9rieux: Zelig de Woody Allen.\r\nL'ambition de ce livre est donc bien de montrer comment sont li\u00e9es r\u00e9flexion et repr\u00e9sentation.\r\nEt peut-\u00eatre le d\u00e9passement de cette derni\u00e8re est-il, depuis longtemps mais sans qu'on y soit toujours attentif, l'une des sources de la modernit\u00e9, tant en art qu'en philosophie.\r","authors":["David Lengyel"],"category_codes":["6000000","6070000","6070300"],"visuals":{"large":"https:\/\/images.epagine.fr\/508\/9782354490508_1_75.jpg","medium":"https:\/\/images.epagine.fr\/508\/9782354490508_1_m.jpg","thumbnail":"https:\/\/images.epagine.fr\/508\/9782354490508_1_v.jpg"},"orderable":true,"show_badge":true,"formatted_price":"20,00&nbsp;\u20ac","formatted_published_date":"26 f\u00e9vrier 2015","publisher_availability_label":"Sur commande","short_details":"David Lengyel \u2014 Du Palio","translator":null,"weight":290,"page_count":216,"readership":null,"editor":"Du Palio","price":2000,"published_date":"2015-02-25T23:00:00.000000Z","support":"Grand format","publisher_availability":1,"stock":0,"editions":[],"url":"https:\/\/quaidesbrumes.com\/ouvrage\/9782354490508\/trembler-pour-lautre-pour-une-ethique-du-cinema"},{"id":"9782363831569","title":"De quoi nous parlez-vous ce matin ? les 100 meilleures chroniques, 2012-2015","description":"Chaque matin, sur France Inter, Thomas Legrand prononce un vigoureux \u00e9ditorial o\u00f9 s'expriment sa verve et sa lucidit\u00e9 politique.\r\nTransition mariniste du Front national, premiers pas d'un pr\u00e9sident \u00ab normal \u00bb, crise identitaire, impuissance publique, \u00e9pineuse transition \u00e9cologique, mariage et Manif pour tous, affaire Cahuzac, transgression Valls, trahison Macron, la\u00efcit\u00e9 en question, et surtout choc de l'attentat contre Charlie Hebdo et l'\u00e9picerie casher : la R\u00e9publique \u00e9branl\u00e9e. Cet ouvrage retrace trois ann\u00e9es de vie politique fran\u00e7aise \u00e0 travers une s\u00e9lection de billets de janvier 2012 \u00e0 janvier 2015.\r\nUn passionnant retour sur notre histoire r\u00e9cente.\r\n\r\nAuteur Thomas Legrand est \u00e9ditorialiste politique \u00e0 France Inter. Il collabore avec plusieurs titres de la presse \u00e9crite et est auteur de documentaires politiques pour France 2 et Canal+. Il est \u00e9galement l'auteur de plusieurs livres, dont Arr\u00eatons d'\u00e9lire des pr\u00e9sidents (Stock, 2014).\r","authors":["Thomas Legrand"],"category_codes":["6000000","6070000","6070300"],"visuals":{"large":"https:\/\/images.epagine.fr\/569\/9782363831569_1_75.jpg","medium":"https:\/\/images.epagine.fr\/569\/9782363831569_1_m.jpg","thumbnail":"https:\/\/images.epagine.fr\/569\/9782363831569_1_v.jpg"},"orderable":true,"show_badge":true,"formatted_price":"15,00&nbsp;\u20ac","formatted_published_date":"5 mars 2015","publisher_availability_label":"Sur commande","short_details":"Thomas Legrand \u2014 Les petits matins","translator":null,"weight":268,"page_count":224,"readership":null,"editor":"Les petits matins","price":1500,"published_date":"2015-03-04T23:00:00.000000Z","support":"Grand format","publisher_availability":1,"stock":0,"editions":[],"url":"https:\/\/quaidesbrumes.com\/ouvrage\/9782363831569\/de-quoi-nous-parlez-vous-ce-matin-les-100-meilleures-chroniques-2012-2015"},{"id":"9782359560480","title":"Acqua viva ; Corse","description":"Vue d'en haut, et singuli\u00e8rement d'en eau tout au long de ces pages, la beaut\u00e9 de la Corse, la splendeur de ses paysages, coule de source. Au fil de cet ouvrage qui ajoute de la profondeur \u00e0 l'altitude d'une collection d\u00e9j\u00e0 g\u00e9n\u00e9reuse, l'\u00eele donne \u00e0 voir une incroyable et in\u00e9dite vari\u00e9t\u00e9 de points de vue.\r\nEaux vives pour nature vivante, la Corse surprend par la diversit\u00e9 de ses d\u00e9cors. La nature est d\u00e9bordante d'imagination : lacs, pozzines, canyons, cascades, chutes, ruisseaux, rivi\u00e8res, fleuves, piscines et baignoires naturelles, \u00e9tangs et estuaires que le sable, \u00e0 la saison s\u00e8che, vient parfois combler. Il arrive en effet que le plus hardi des torrents s'alanguisse ainsi, en bord de plage, tel le touriste face \u00e0 la mer.\r\nMichel Luccioni, photographe passionn\u00e9, et Alain Gauthier, auteur hydrog\u00e9ologue, ont ainsi suivi le cours pas vraiment tranquille d'une eau dynamique qui, de sa source o\u00f9 tout commence au rivage o\u00f9 tout finit, sculpte la roche, fa\u00e7onne la terre comme aucun autre \u00e9l\u00e9ment. La richesse de cet album est, \u00e0 l'image de ses eaux si vives, intarissable.\r","authors":["Alain Gauthier","Michel Luccioni"],"category_codes":["6000000","6070000","6070200"],"visuals":{"large":"https:\/\/images.epagine.fr\/480\/9782359560480_1_75.jpg","medium":"https:\/\/images.epagine.fr\/480\/9782359560480_1_m.jpg","thumbnail":"https:\/\/images.epagine.fr\/480\/9782359560480_1_v.jpg"},"orderable":true,"show_badge":true,"formatted_price":"13,50&nbsp;\u20ac","formatted_published_date":"28 ao\u00fbt 2014","publisher_availability_label":"Sur commande","short_details":"Alain Gauthier, Michel Luccioni \u2014 \u00c9ditions Gilletta","translator":null,"weight":678,"page_count":128,"readership":null,"editor":"\u00c9ditions Gilletta","price":1350,"published_date":"2014-08-27T22:00:00.000000Z","support":"Grand format","publisher_availability":1,"stock":0,"editions":[],"url":"https:\/\/quaidesbrumes.com\/ouvrage\/9782359560480\/acqua-viva-corse"},{"id":"9782868535979","title":"Littoral ; de Dunkerque \u00e0 Hendaye","description":"Des plages de la Mer du Nord aux escarpements c\u00f4tiers du Pays basque, Fr\u00e9d\u00e9ric Lallemand a longuement arpent\u00e9 en pi\u00e9ton attentif les confins humides, zones incertaines entre l'oc\u00e9an et la terre ferme dont le tourisme a fait des \u00abbords de mer\u00bb et que les g\u00e9ographes appellent le littoral. Or, il a justement \u00e9vit\u00e9 tout pittoresque en photographiant ces territoires changeants selon sa sensibilit\u00e9 patiente : rien de hasardeux dans ces images d'une grande rigueur de construction o\u00f9, remarquons-le, c'est la douceur qui prime. Rien de spectaculaire ni de p\u00e9remptoire. Car, en pr\u00e9f\u00e9rant les lumi\u00e8res pauvres ou peu flatteuses, en abaissant le plus souvent son point de vue, en \u00e9vitant autant que possible le contraste des mati\u00e8res ou la confrontation des nettet\u00e9s, Fr\u00e9d\u00e9ric Lallemand donne le plus grand prix \u00e0 l'\u00e9tendue et \u00e0 la profondeur dans une r\u00e9alit\u00e9 pourtant limit\u00e9e \u00e0 deux dimensions. En fixant, sans aucune violence, la fluidit\u00e9 de son motif, il invente litt\u00e9ralement un paysage qui, pour \u00eatre familier \u00e0 la plupart d'entre nous, n'en porte pas moins la marque indiscutable de son propre regard. Et ce faisant, il nous apprend \u00e0 voir.\r","authors":["Fr\u00e9d\u00e9ric Lallemand"],"category_codes":["6000000","6070000","6070200"],"visuals":{"large":"https:\/\/images.epagine.fr\/979\/9782868535979_1_75.jpg","medium":"https:\/\/images.epagine.fr\/979\/9782868535979_1_m.jpg","thumbnail":"https:\/\/images.epagine.fr\/979\/9782868535979_1_v.jpg"},"orderable":true,"show_badge":true,"formatted_price":"24,00&nbsp;\u20ac","formatted_published_date":"27 mai 2014","publisher_availability_label":"Sur commande","short_details":"Fr\u00e9d\u00e9ric Lallemand \u2014 Le Temps Qu'Il Fait","translator":null,"weight":312,"page_count":80,"readership":null,"editor":"Le Temps Qu'Il Fait","price":2400,"published_date":"2014-05-26T22:00:00.000000Z","support":"Grand format","publisher_availability":1,"stock":0,"editions":[],"url":"https:\/\/quaidesbrumes.com\/ouvrage\/9782868535979\/littoral-de-dunkerque-a-hendaye"},{"id":"9783775739115","title":"Arwed messmer reenactment mfs \/anglais\/allemand","description":null,"authors":["Messmer"],"category_codes":["6000000","6070000","6070200"],"visuals":{"large":"https:\/\/images.epagine.fr\/115\/9783775739115_1_75.jpg","medium":"https:\/\/images.epagine.fr\/115\/9783775739115_1_m.jpg","thumbnail":"https:\/\/images.epagine.fr\/115\/9783775739115_1_v.jpg"},"orderable":true,"show_badge":true,"formatted_price":"35,00&nbsp;\u20ac","formatted_published_date":"30 octobre 2014","publisher_availability_label":"Sur commande","short_details":"Messmer \u2014 Hatje Cantz","translator":null,"weight":800,"page_count":null,"readership":null,"editor":"Hatje Cantz","price":3500,"published_date":"2014-10-29T23:00:00.000000Z","support":"Grand format","publisher_availability":1,"stock":0,"editions":[],"url":"https:\/\/quaidesbrumes.com\/ouvrage\/9783775739115\/arwed-messmer-reenactment-mfs-anglaisallemand"}]}