{"data":[{"id":"9782343034256","title":"Mon cin\u00e9ma en culottes courtes ; orphelins de lumi\u00e8re ; m\u00e9moires d'un enfant-acteur, de la Lib\u00e9ration aux sixties","description":"C'est la livre d'une aventure v\u00e9cue. La mienne, \u00e0 l'\u00e2ge tendre, dans ces milieux du show, du th\u00e9\u00e2tre et du cin\u00e9ma, rest\u00e9s pour moi ce pays merveilleux d'o\u00f9, pass\u00e9 l'\u00e2ge du premier duvet, le syst\u00e8me exploitant vous rejette. Le destin des enfants stars est de s'\u00e9teindre. Le public vous ayant oubli\u00e9 en tant qu'enfant, vous redemandera de faire vos preuves \u00e0 l'\u00e2ge adulte. Il reste \u00e0 \u00e9crire une histoire g\u00e9n\u00e9rale des enfants du spectacle, ainsi qu'une r\u00e9flexion sur \"que devient-on apr\u00e8s ?\".\r","authors":["Serge Lebel"],"category_codes":["6000000","6070000","6070300"],"visuals":{"large":"https:\/\/images.epagine.fr\/256\/9782343034256_1_75.jpg","medium":"https:\/\/images.epagine.fr\/256\/9782343034256_1_m.jpg","thumbnail":"https:\/\/images.epagine.fr\/256\/9782343034256_1_v.jpg"},"orderable":true,"show_badge":true,"formatted_price":"21,50&nbsp;\u20ac","formatted_published_date":"23 avril 2014","publisher_availability_label":"Sur commande","short_details":"Serge Lebel \u2014 \u00c9ditions L'Harmattan","translator":null,"weight":260,"page_count":204,"readership":null,"editor":"\u00c9ditions L'Harmattan","price":2150,"published_date":"2014-04-22T22:00:00.000000Z","support":"Grand format","publisher_availability":1,"stock":0,"editions":[],"url":"https:\/\/quaidesbrumes.com\/ouvrage\/9782343034256\/mon-cinema-en-culottes-courtes-orphelins-de-lumiere-memoires-dun-enfant-acteur-de-la-liberation-aux-sixties"},{"id":"9783829606738","title":"August Sander meisterwerke","description":null,"authors":["August Sander"],"category_codes":["6000000","6070000","6070200"],"visuals":{"large":"https:\/\/images.epagine.fr\/738\/9783829606738_1_75.jpg","medium":"https:\/\/images.epagine.fr\/738\/9783829606738_1_m.jpg","thumbnail":"https:\/\/images.epagine.fr\/738\/9783829606738_1_v.jpg"},"orderable":true,"show_badge":true,"formatted_price":"60,00&nbsp;\u20ac","formatted_published_date":"29 juin 2018","publisher_availability_label":"Sur commande","short_details":"August Sander \u2014 Schirmer Mosel","translator":null,"weight":1201,"page_count":400,"readership":null,"editor":"Schirmer Mosel","price":6000,"published_date":"2018-06-28T22:00:00.000000Z","support":"Grand format","publisher_availability":1,"stock":0,"editions":[],"url":"https:\/\/quaidesbrumes.com\/ouvrage\/9783829606738\/august-sander-meisterwerke"},{"id":"9783829606721","title":"August sander menschen vor flusslandschaft \/allemand","description":null,"authors":["August Sander"],"category_codes":["6000000","6070000","6070200"],"visuals":{"large":"https:\/\/images.epagine.fr\/721\/9783829606721_1_75.jpg","medium":"https:\/\/images.epagine.fr\/721\/9783829606721_1_m.jpg","thumbnail":"https:\/\/images.epagine.fr\/721\/9783829606721_1_v.jpg"},"orderable":true,"show_badge":true,"formatted_price":"49,00&nbsp;\u20ac","formatted_published_date":"1er mars 2014","publisher_availability_label":"Sur commande","short_details":"August Sander \u2014 Schirmer Mosel","translator":null,"weight":800,"page_count":null,"readership":null,"editor":"Schirmer Mosel","price":4900,"published_date":"2014-02-28T23:00:00.000000Z","support":"Grand format","publisher_availability":1,"stock":0,"editions":[],"url":"https:\/\/quaidesbrumes.com\/ouvrage\/9783829606721\/august-sander-menschen-vor-flusslandschaft-allemand"},{"id":"9782703310396","title":"D\u00e9cryptez l'information ; pour ne plus vous laisser manipuler par les m\u00e9dias","description":"Les m\u00e9dias, qui n'ont plus l'ambition de \u00ab rechercher la v\u00e9rit\u00e9 \u00bb, sont le lieu de nombreuses d\u00e9rives et manipulations non sanctionn\u00e9es. Certains commencent \u00e0 s'alarmer de la perte de cr\u00e9dibilit\u00e9 qui en r\u00e9sulte. Pourtant, bien peu est fait pour garantir la qualit\u00e9 de l'information d\u00e9livr\u00e9e au public. Si nous devons, nous les citoyens, les inviter \u00e0 plus de rigueur et de d\u00e9ontologie et \u00e0 rendre publiquement des comptes sur leur fonctionnement, il ne faut pas non plus attendre, pour \u00eatre bien inform\u00e9s, qu'ils aient enfin pris conscience de cette n\u00e9cessit\u00e9 et d\u00e9cid\u00e9 les r\u00e9formes n\u00e9cessaires. L'Internet, certainement plus libre et plus diversifi\u00e9 que les m\u00e9dias professionnels, est lui aussi le r\u00e9ceptacle du pire comme du meilleur. Aujourd'hui, nul ne peut vous garantir une information exacte et juste. La solution ? Sachez d\u00e9crypter les informations que vous recevez et habituez-vous \u00e0 rechercher vous-m\u00eame la v\u00e9rit\u00e9 ! Pas facile ? C'est pourtant indispensable si vous voulez \u00e9viter de vous faire manipuler. Ce livre est pr\u00e9cis\u00e9ment con\u00e7u pour vous y aider.\r","authors":["Jean-Luc Martin-Lagardette"],"category_codes":["6000000","6070000","6070300"],"visuals":{"large":"https:\/\/images.epagine.fr\/396\/9782703310396_1_75.jpg","medium":"https:\/\/images.epagine.fr\/396\/9782703310396_1_m.jpg","thumbnail":"https:\/\/images.epagine.fr\/396\/9782703310396_1_v.jpg"},"orderable":true,"show_badge":true,"formatted_price":"9,00&nbsp;\u20ac","formatted_published_date":"1er mars 2014","publisher_availability_label":"Sur commande","short_details":"Jean-Luc Martin-Lagardette \u2014 DANGLES","translator":null,"weight":92,"page_count":96,"readership":null,"editor":"DANGLES","price":900,"published_date":"2014-02-28T23:00:00.000000Z","support":"Grand format","publisher_availability":1,"stock":0,"editions":[],"url":"https:\/\/quaidesbrumes.com\/ouvrage\/9782703310396\/decryptez-linformation-pour-ne-plus-vous-laisser-manipuler-par-les-medias"},{"id":"9782350739007","title":"La mer la po\u00e9sie","description":"Livre de photos prises sur la plage de Pinarello de Jean Fran\u00e7ois Agostini.\r","authors":["Jean-Fran\u00e7ois Agostini"],"category_codes":["6000000","6070000","6070200"],"visuals":{"large":"https:\/\/images.epagine.fr\/007\/9782350739007_1_75.jpg","medium":"https:\/\/images.epagine.fr\/007\/9782350739007_1_m.jpg","thumbnail":"https:\/\/images.epagine.fr\/007\/9782350739007_1_v.jpg"},"orderable":true,"show_badge":true,"formatted_price":"25,00&nbsp;\u20ac","formatted_published_date":"30 juin 2014","publisher_availability_label":"Sur commande","short_details":"Jean-Fran\u00e7ois Agostini \u2014 Presses Litteraires","translator":null,"weight":760,"page_count":164,"readership":null,"editor":"Presses Litteraires","price":2500,"published_date":"2014-06-29T22:00:00.000000Z","support":"Grand format","publisher_availability":1,"stock":0,"editions":[],"url":"https:\/\/quaidesbrumes.com\/ouvrage\/9782350739007\/la-mer-la-poesie"},{"id":"9781576876787","title":"The waters of our time","description":null,"authors":["Roma"],"category_codes":["6000000","6070000","6070200"],"visuals":{"large":"https:\/\/images.epagine.fr\/787\/9781576876787_1_75.jpg","medium":"https:\/\/images.epagine.fr\/787\/9781576876787_1_m.jpg","thumbnail":"https:\/\/images.epagine.fr\/787\/9781576876787_1_v.jpg"},"orderable":true,"show_badge":true,"formatted_price":"12,95&nbsp;\u20ac","formatted_published_date":"20 mai 2014","publisher_availability_label":"Sur commande","short_details":"Roma \u2014 Powerhouse","translator":null,"weight":301,"page_count":100,"readership":null,"editor":"Powerhouse","price":1295,"published_date":"2014-05-19T22:00:00.000000Z","support":"Grand format","publisher_availability":1,"stock":0,"editions":[],"url":"https:\/\/quaidesbrumes.com\/ouvrage\/9781576876787\/the-waters-of-our-time"},{"id":"9789491376641","title":"Koos breukel me we","description":null,"authors":["Breukel"],"category_codes":["6000000","6070000","6070200"],"visuals":{"large":"https:\/\/images.epagine.fr\/641\/9789491376641_1_75.jpg","medium":"https:\/\/images.epagine.fr\/641\/9789491376641_1_m.jpg","thumbnail":"https:\/\/images.epagine.fr\/641\/9789491376641_1_v.jpg"},"orderable":true,"show_badge":true,"formatted_price":"35,00&nbsp;\u20ac","formatted_published_date":"1er janvier 2014","publisher_availability_label":"Sur commande","short_details":"Breukel \u2014 Hannibal","translator":null,"weight":2400,"page_count":380,"readership":null,"editor":"Hannibal","price":3500,"published_date":"2013-12-31T23:00:00.000000Z","support":"Grand format","publisher_availability":1,"stock":0,"editions":[],"url":"https:\/\/quaidesbrumes.com\/ouvrage\/9789491376641\/koos-breukel-me-we"},{"id":"9782749135175","title":"Radio et t\u00e9l\u00e9vision ; miroir de nos passions","description":"Il est des lieux, des institutions, qui se donnent pour mission de ne rien oublier, et de donner du sens \u00e0 ce qu'elles conservent. C'est le cas de\u00a0 l'Institut national de l'audiovisuel (INA), cr\u00e9\u00e9 voil\u00e0 quarante ans. Il y a eu les biblioth\u00e8ques pour les livres, mais que devait-on faire des sons et images, ces \u00ab\u00a0choses\u00a0\u00bb volatiles et en multiplication exponentielle? Alternant le plus substantiel et le plus d\u00e9risoire, le vulgaire et le raffin\u00e9, la production audiovisuelle, sons et images, raconte le temps pr\u00e9sent avec une richesse in\u00e9dite dans l'histoire de l'humanit\u00e9. L'Ina conserve et valorise ces archives du temps pr\u00e9sent, n\u00e9es de cette civilisation de l'audiovisuel puis du num\u00e9rique qui a tant r\u00e9volutionn\u00e9 les usages, les fa\u00e7ons de penser, de se distraire et de travailler.\r\n\r\nC'est tout cela que cet ouvrage, ludique, inform\u00e9, illustr\u00e9 et agile entend raconter\u00a0: une institution originale qui fabrique de la m\u00e9moire partag\u00e9e et tente de lui donner de la coh\u00e9rence.\r","authors":["Bertrand Richard"],"category_codes":["6000000","6070000","6070300"],"visuals":{"large":"https:\/\/images.epagine.fr\/175\/9782749135175_1_75.jpg","medium":"https:\/\/images.epagine.fr\/175\/9782749135175_1_m.jpg","thumbnail":"https:\/\/images.epagine.fr\/175\/9782749135175_1_v.jpg"},"orderable":true,"show_badge":true,"formatted_price":"26,00&nbsp;\u20ac","formatted_published_date":"13 novembre 2014","publisher_availability_label":"Sur commande","short_details":"Bertrand Richard \u2014 Le Cherche Midi","translator":null,"weight":663,"page_count":136,"readership":null,"editor":"Le Cherche Midi","price":2600,"published_date":"2014-11-12T23:00:00.000000Z","support":"Grand format","publisher_availability":1,"stock":0,"editions":[],"url":"https:\/\/quaidesbrumes.com\/ouvrage\/9782749135175\/radio-et-television-miroir-de-nos-passions"},{"id":"9782371460003","title":"C\u00f4te \u00e0 c\u00f4te ; grosses houles en c\u00f4tes basques","description":null,"authors":["Laurent Masurel"],"category_codes":["6000000","6070000","6070200"],"visuals":{"large":"https:\/\/images.epagine.fr\/003\/9782371460003_1_75.jpg","medium":"https:\/\/images.epagine.fr\/003\/9782371460003_1_m.jpg","thumbnail":"https:\/\/images.epagine.fr\/003\/9782371460003_1_v.jpg"},"orderable":true,"show_badge":true,"formatted_price":"33,00&nbsp;\u20ac","formatted_published_date":"10 juillet 2014","publisher_availability_label":"Sur commande","short_details":"Laurent Masurel \u2014 Surf Session","translator":null,"weight":1325,"page_count":140,"readership":null,"editor":"Surf Session","price":3300,"published_date":"2014-07-09T22:00:00.000000Z","support":"Grand format","publisher_availability":1,"stock":0,"editions":[],"url":"https:\/\/quaidesbrumes.com\/ouvrage\/9782371460003\/cote-a-cote-grosses-houles-en-cotes-basques"},{"id":"9781616892883","title":"Nocturne creatures of the night","description":null,"authors":["Scott"],"category_codes":["6000000","6070000","6070200"],"visuals":{"large":"https:\/\/images.epagine.fr\/883\/9781616892883_1_75.jpg","medium":"https:\/\/images.epagine.fr\/883\/9781616892883_1_m.jpg","thumbnail":"https:\/\/images.epagine.fr\/883\/9781616892883_1_v.jpg"},"orderable":true,"show_badge":true,"formatted_price":"18,95&nbsp;\u20ac","formatted_published_date":"1er septembre 2014","publisher_availability_label":"Sur commande","short_details":"Scott \u2014 Princeton Architectural","translator":null,"weight":401,"page_count":128,"readership":null,"editor":"Princeton Architectural","price":1895,"published_date":"2014-08-31T22:00:00.000000Z","support":"Grand format","publisher_availability":1,"stock":0,"editions":[],"url":"https:\/\/quaidesbrumes.com\/ouvrage\/9781616892883\/nocturne-creatures-of-the-night"},{"id":"9781616892135","title":"Terminal bar","description":"Cette galerie de portraits des clients d'un bar new-yorkais de Times Square ont \u00e9t\u00e9 prises dans les ann\u00e9es 1970 par le barman Seldom Nadelman. Tous ces clich\u00e9s, fa\u00e7on photo d'identit\u00e9, sont aujourd'hui exhum\u00e9es et rassembl\u00e9es dans ce livre par son fils.\r","authors":["Nadelman Stefan"],"category_codes":["6000000","6070000","6070200"],"visuals":{"large":"https:\/\/images.epagine.fr\/135\/9781616892135_1_75.jpg","medium":"https:\/\/images.epagine.fr\/135\/9781616892135_1_m.jpg","thumbnail":"https:\/\/images.epagine.fr\/135\/9781616892135_1_v.jpg"},"orderable":true,"show_badge":true,"formatted_price":"32,00&nbsp;\u20ac","formatted_published_date":"1er octobre 2014","publisher_availability_label":"Sur commande","short_details":"Nadelman Stefan \u2014 Princeton Architectural","translator":null,"weight":900,"page_count":176,"readership":null,"editor":"Princeton Architectural","price":3200,"published_date":"2014-09-30T22:00:00.000000Z","support":"Grand format","publisher_availability":1,"stock":0,"editions":[],"url":"https:\/\/quaidesbrumes.com\/ouvrage\/9781616892135\/terminal-bar"},{"id":"9780714848532","title":"The seven dog","description":"The Seventh Dog is a new monograph\/photobook by American photographer Danny Lyon. Organised chronologically, this artist's book tells the story of Danny Lyon's 50-year-career as one of America's most original and influential documentary photographers. Groundbreaking as a photobook in itself, Lyon tells this story starting in the present day and going back in time to the beginning of his career in the 1960s when he photographed the American civil rights movement and the Chicago bikeriders. Through text and image - colour and b&w photographs, original photo collages, letters and other ephemera (many published here for the first time), and Lyon's own writings - this is a story of Danny Lyon's personal journey as a photographer - a story about photojournalism, the move from film to digital photography, about Lyon's life and quest as a photographer, and of America.\r","authors":["Danny Lyon"],"category_codes":["6000000","6070000","6070200"],"visuals":{"large":"https:\/\/images.epagine.fr\/532\/9780714848532_1_75.jpg","medium":"https:\/\/images.epagine.fr\/532\/9780714848532_1_m.jpg","thumbnail":"https:\/\/images.epagine.fr\/532\/9780714848532_1_v.jpg"},"orderable":true,"show_badge":true,"formatted_price":"95,00&nbsp;\u20ac","formatted_published_date":"27 mai 2014","publisher_availability_label":"Sur commande","short_details":"Danny Lyon \u2014 Phaidon Press","translator":null,"weight":1878,"page_count":240,"readership":null,"editor":"Phaidon Press","price":9500,"published_date":"2014-05-26T22:00:00.000000Z","support":"Beaux-livres","publisher_availability":1,"stock":0,"editions":[],"url":"https:\/\/quaidesbrumes.com\/ouvrage\/9780714848532\/the-seven-dog"},{"id":"9791092265200","title":"Japan coast","description":"En fait, ce que je voudrais montrer n'est ni un pays, ni une ville ou la c\u00f4te, mais le sentiment de la vie. Cet ouvrage est une fiction presque intemporelle, sans construction pr\u00e9d\u00e9finie, juste des images, singuli\u00e8res et maintenant ind\u00e9pendantes de moi. Des auteurs comme Cervantes, Dosto\u00efevski, Calvino, Kafka, Kundera, Pamuk, Murakami et quelques autres ont essay\u00e9 de nous faire prendre conscience de la r\u00e9alit\u00e9 de l'\u00e8re industrielle. Avec mes images, quand je d\u00e9veloppe cette fiction, c'est cette litt\u00e9rature qui m'inspire et me guide. Je cherche a \u00e9chapper \u00e0 la notion de temps et de lieu afin de tenter de mettre en \u00e9vidence les d\u00e9gats plan\u00e9taires de notre \u00e9poque.\r\nCe livre fait r\u00e9f\u00e9rence \u00e0 : l'amour, la mort, la naissance, les hommes, le monde masculin et les conflits entre les sexes. Cette approche des hommes, est de part ma condition, forc\u00e9ment f\u00e9minine. Un regard f\u00e9minin sur les hommes, la masculinit\u00e9, ce monde trop masculin.\r\nUne des entr\u00e9es possible du livre est certainement aussi, le rapport \u00e0 la mort ou \u00e0 la fin. En fait, je ne sais pas ce qu' est la fin de la vie. Je parle de la fin de la vie mais je n'en connais rien, c'est, comme le dit Mikiko Kikuta, d'essayer d'imaginer ce qu'il y aurait entre la vie et la mort. Ce pourrait certainement \u00eatre, au moment de la mort, de ressentir les douleurs de l'enfantement.\r","authors":["Silva Bingaz"],"category_codes":["6000000","6070000","6070200"],"visuals":{"large":"https:\/\/images.epagine.fr\/200\/9791092265200_1_75.jpg","medium":"https:\/\/images.epagine.fr\/200\/9791092265200_1_m.jpg","thumbnail":"https:\/\/images.epagine.fr\/200\/9791092265200_1_v.jpg"},"orderable":true,"show_badge":true,"formatted_price":"29,00&nbsp;\u20ac","formatted_published_date":"9 octobre 2014","publisher_availability_label":"Sur commande","short_details":"Silva Bingaz \u2014 Andre Frere","translator":null,"weight":745,"page_count":96,"readership":null,"editor":"Andre Frere","price":2900,"published_date":"2014-10-08T22:00:00.000000Z","support":"Grand format","publisher_availability":1,"stock":0,"editions":[],"url":"https:\/\/quaidesbrumes.com\/ouvrage\/9791092265200\/japan-coast"},{"id":"9783829605298","title":"Mondino two much (collector)","description":null,"authors":["Mondino"],"category_codes":["6000000","6070000","6070200"],"visuals":{"large":"https:\/\/images.epagine.fr\/298\/9783829605298_1_75.jpg","medium":"https:\/\/images.epagine.fr\/298\/9783829605298_1_m.jpg","thumbnail":"https:\/\/images.epagine.fr\/298\/9783829605298_1_v.jpg"},"orderable":true,"show_badge":true,"formatted_price":"190,00&nbsp;\u20ac","formatted_published_date":"1er septembre 2013","publisher_availability_label":"Sur commande","short_details":"Mondino \u2014 Schirmer Mosel","translator":null,"weight":0,"page_count":null,"readership":null,"editor":"Schirmer Mosel","price":19000,"published_date":"2013-08-31T22:00:00.000000Z","support":"Grand format","publisher_availability":1,"stock":0,"editions":[],"url":"https:\/\/quaidesbrumes.com\/ouvrage\/9783829605298\/mondino-two-much-collector"},{"id":"9782100711147","title":"Obtenez le meilleur du Pentax K-3","description":"Ce guide pratique pr\u00e9sente les sp\u00e9cificit\u00e9s du Pentax K-3, de sa prise en main \u00e0 ses modes avanc\u00e9s, ainsi que son \u00ab syst\u00e8me \u00bb (bo\u00eetiers et optiques compl\u00e9mentaires, flashes, accessoires, logiciels).\r\n\r\nPhotographe chevronn\u00e9, l'auteur s'est mis dans la peau d'un utilisateur passionn\u00e9 et a pouss\u00e9 ses exp\u00e9rimentations de terrain bien au-del\u00e0 du simple mode d'emploi. D\u00e9couvrez ses conseils, astuces et r\u00e9glages favoris, ses tests optiques ainsi que quelques \u00e9tapes essentielles de traitement num\u00e9rique, pour r\u00e9ussir vos photos et vid\u00e9os en toutes situations.\r","authors":["Jean-marie Sepulchre"],"category_codes":["6000000","6070000","6070200"],"visuals":{"large":"https:\/\/images.epagine.fr\/147\/9782100711147_1_75.jpg","medium":"https:\/\/images.epagine.fr\/147\/9782100711147_1_m.jpg","thumbnail":"https:\/\/images.epagine.fr\/147\/9782100711147_1_v.jpg"},"orderable":true,"show_badge":true,"formatted_price":"24,90&nbsp;\u20ac","formatted_published_date":"9 avril 2014","publisher_availability_label":"Sur commande","short_details":"Jean-marie Sepulchre \u2014 Dunod","translator":null,"weight":328,"page_count":182,"readership":null,"editor":"Dunod","price":2490,"published_date":"2014-04-08T22:00:00.000000Z","support":"Grand format","publisher_availability":1,"stock":0,"editions":[],"url":"https:\/\/quaidesbrumes.com\/ouvrage\/9782100711147\/obtenez-le-meilleur-du-pentax-k-3"},{"id":"9781576877159","title":"In the vale of cashmere","description":null,"authors":["Roma"],"category_codes":["6000000","6070000","6070200"],"visuals":{"large":"https:\/\/images.epagine.fr\/159\/9781576877159_1_75.jpg","medium":"https:\/\/images.epagine.fr\/159\/9781576877159_1_m.jpg","thumbnail":"https:\/\/images.epagine.fr\/159\/9781576877159_1_v.jpg"},"orderable":true,"show_badge":true,"formatted_price":"30,00&nbsp;\u20ac","formatted_published_date":"1er septembre 2015","publisher_availability_label":"Sur commande","short_details":"Roma \u2014 Powerhouse","translator":null,"weight":601,"page_count":144,"readership":null,"editor":"Powerhouse","price":3000,"published_date":"2015-08-31T22:00:00.000000Z","support":"Grand format","publisher_availability":1,"stock":0,"editions":[],"url":"https:\/\/quaidesbrumes.com\/ouvrage\/9781576877159\/in-the-vale-of-cashmere"},{"id":"9782367400754","title":"Bluwal ; pionnier de la t\u00e9l\u00e9vision","description":"Marcel Bluwal est un des pionniers qui ont fait les grandes heures de la t\u00e9l\u00e9vision fran\u00e7aise. Son Dom Juan avec Michel Piccoli et Claude Brasseur, ses adaptations de Marivaux - Les Jeux de l'amour et du hasard et La Double Inconstance avec Dani\u00e8le Lebrun et Jean-Pierre Cassel, mais aussi le feuilleton Vidocq avec Bernard No\u00ebl puis Claude Brasseur, sont des chefs-d'oeuvre incontournables. N\u00e9 en 1925, il a travers\u00e9 le si\u00e8cle, est devenu metteur en sc\u00e8ne \u00e0 la t\u00e9l\u00e9vision, au cin\u00e9ma, au th\u00e9\u00e2tre et \u00e0 l'op\u00e9ra. Sa vie est un roman. Toujours actif (il vient de diriger Michel Aumont et Michel Duchaussoy au th\u00e9\u00e2tre et tourne actuellement sa nouvelle fiction t\u00e9l\u00e9) son regard sur le monde est ac\u00e9r\u00e9, sa passion de l'image intacte, sa parole abondante et passionnante.\r","authors":["Isabelle Danel"],"category_codes":["6000000","6070000","6070300"],"visuals":{"large":"https:\/\/images.epagine.fr\/754\/9782367400754_1_75.jpg","medium":"https:\/\/images.epagine.fr\/754\/9782367400754_1_m.jpg","thumbnail":"https:\/\/images.epagine.fr\/754\/9782367400754_1_v.jpg"},"orderable":true,"show_badge":true,"formatted_price":"24,00&nbsp;\u20ac","formatted_published_date":"2 mai 2014","publisher_availability_label":"Sur commande","short_details":"Isabelle Danel \u2014 Scrineo","translator":null,"weight":482,"page_count":320,"readership":null,"editor":"Scrineo","price":2400,"published_date":"2014-05-01T22:00:00.000000Z","support":"Grand format","publisher_availability":1,"stock":0,"editions":[],"url":"https:\/\/quaidesbrumes.com\/ouvrage\/9782367400754\/bluwal-pionnier-de-la-television"},{"id":"9782213685618","title":"Un parfum d'oranges am\u00e8res","description":"C'est au balcon d'un appartement d'Oran que tout a commenc\u00e9. Encore enfant, Jean Benguigui regarde passer les voitures des vedettes venues de Paris et, entre deux pitreries, r\u00eave du monde des artistes. \u00c0 l'\u00e2ge de dix-sept ans, il est envoy\u00e9 en France pour \u00e9chapper \u00e0 la guerre et \u00e0 la pression montante de l'OAS. Jean rejoint la famille des acteurs qui, au premier ou au second plan, font les grandes heures de la sc\u00e8ne et du cin\u00e9ma fran\u00e7ais. Il fr\u00e9quente Ch\u00e9reau, de Broca, Deneuve, Noiret, Chabrol, Depardieu. Avec la \u00ab bande \u00e0 Ruquier \u00bb, il r\u00e9v\u00e8le une personnalit\u00e9 chaleureuse donnant la r\u00e9plique aux hommes politiques et aux humoristes.\r\nDans ce livre, tout en tendresse, il revient sur les riches heures de sa vie, celles o\u00f9 son destin a bascul\u00e9. Plus qu'une histoire, c'est une ode \u00e0 l'amiti\u00e9, \u00e0 l'amour et \u00e0 l'humour.Jean Benguigui a men\u00e9 sa carri\u00e8re d'acteur en jouant au th\u00e9\u00e2tre (Brecht, Feydeau ou plus r\u00e9cemment Labiche), tout en multipliant les r\u00f4les \u00e0 la t\u00e9l\u00e9vision et au cin\u00e9ma : de Buffet froid de Blier au Grand Pardon d'Arcady.","authors":["Jean Benguigui"],"category_codes":["6000000","6070000","6070300"],"visuals":{"large":"https:\/\/images.epagine.fr\/618\/9782213685618_1_75.jpg","medium":"https:\/\/images.epagine.fr\/618\/9782213685618_1_m.jpg","thumbnail":"https:\/\/images.epagine.fr\/618\/9782213685618_1_v.jpg"},"orderable":true,"show_badge":true,"formatted_price":"26,00&nbsp;\u20ac","formatted_published_date":"29 octobre 2014","publisher_availability_label":"Sur commande","short_details":"Jean Benguigui \u2014 Fayard","translator":null,"weight":348,"page_count":288,"readership":null,"editor":"Fayard","price":2600,"published_date":"2014-10-28T23:00:00.000000Z","support":"Grand format","publisher_availability":1,"stock":0,"editions":[],"url":"https:\/\/quaidesbrumes.com\/ouvrage\/9782213685618\/un-parfum-doranges-ameres"},{"id":"9782705673239","title":"Jeux interdits ; essai sur le D\u00e9calogue de Kieslowski","description":"Le D\u00e9calogue de Krzysztof Kieslowski (1941-1996) est une oeuvre phare du cin\u00e9ma contemporain. Cette s\u00e9rie de dix films illustre la mani\u00e8re dont les hommes brisent les interdits et pourquoi ils s'exposent alors \u00e0 l'\u00e9chec de leur projet. Guid\u00e9 par l'intuition que chaque film repose sur une structure mim\u00e9tique, Yves Vaillancourt montre en effet que les personnages du D\u00e9calogue, tout comme les gens dans la vie de tous les jours, s'imitent les uns les autres. Ainsi, dans un monde s\u00e9culier comme le n\u00f4tre, les messages moraux ne viennent plus du ciel, mais des effets miroirs des hommes dans leurs rapports mutuels \u00e0 l'interdit.\r\nYves Vaillancourt livre ici un exercice de philosophie tout empreint de sensibilit\u00e9, guidant le lecteur et les cin\u00e9philes vers ces moments o\u00f9, parfois, les humains s'ouvrent \u00e0 la myst\u00e9rieuse et difficile r\u00e9v\u00e9lation du bien. Bien qu'il ne soit pas croyant, il d\u00e9fend avec \u00e9loquence l'id\u00e9e que le D\u00e9calogue est l'une de ces oeuvres qui ouvrent \u00e0 ce myst\u00e8re qu'on appelle commun\u00e9ment le sacr\u00e9.","authors":["Yves Vaillancourt"],"category_codes":["6000000","6070000","6070300","6070304"],"visuals":{"large":"https:\/\/images.epagine.fr\/239\/9782705673239_1_75.jpg","medium":"https:\/\/images.epagine.fr\/239\/9782705673239_1_m.jpg","thumbnail":"https:\/\/images.epagine.fr\/239\/9782705673239_1_v.jpg"},"orderable":true,"show_badge":true,"formatted_price":"24,00&nbsp;\u20ac","formatted_published_date":"14 mai 2014","publisher_availability_label":"Sur commande","short_details":"Yves Vaillancourt \u2014 Hermann","translator":null,"weight":165,"page_count":130,"readership":null,"editor":"Hermann","price":2400,"published_date":"2014-05-13T22:00:00.000000Z","support":"Grand format","publisher_availability":1,"stock":0,"editions":[],"url":"https:\/\/quaidesbrumes.com\/ouvrage\/9782705673239\/jeux-interdits-essai-sur-le-decalogue-de-kieslowski"},{"id":"9782234077379","title":"Un v\u00e9lo dans la t\u00eate","description":"\u00ab J'ai onze ans et des chaussettes qui tire-bouchonnent sur des mollets maigres. Je sais les pages des journaux par coeur. Je vais d\u00e9couvrir les calots en papier, le Pschitt citron, le maillot Sonolor de Lucien Van Impe, le Gan de Raymond Poulidor, le Molteni d'Eddy Merckx. Je suis un rural catholique des C\u00f4tes-du-Nord \u00e9lev\u00e9 chez les fr\u00e8res, un monde d\u00e9j\u00e0 en voie d'extinction. Ma premi\u00e8re exploration du r\u00e9cit cycliste je l'ai couch\u00e9e sur des cartes postales que j'envoyais \u00e0 mon grand-p\u00e8re, un poilu qui s'est battu \u00e0 Dixmude. Ce n'est que vingt-cinq ans plus tard que j'ai rev\u00eatu l'habit du suiveur sur les routes du Tour de France. L'exercice s'est renouvel\u00e9 \u00e0 dix-huit reprises. Chemin faisant, j'ai d\u00e9couvert un sport d'orgueil et de grandes forfaitures. Aujourd'hui, j'ai achev\u00e9 ma croissance et choisi de prendre du recul, non sans avoir fait le tri parmi plus de mille chroniques donn\u00e9es \u00e0 Lib\u00e9ration. \u00bb","authors":["Jean-louis Le touzet"],"category_codes":["6000000","6070000","6070300"],"visuals":{"large":"https:\/\/images.epagine.fr\/379\/9782234077379_1_75.jpg","medium":"https:\/\/images.epagine.fr\/379\/9782234077379_1_m.jpg","thumbnail":"https:\/\/images.epagine.fr\/379\/9782234077379_1_v.jpg"},"orderable":true,"show_badge":true,"formatted_price":"26,00&nbsp;\u20ac","formatted_published_date":"4 juin 2014","publisher_availability_label":"Sur commande","short_details":"Jean-louis Le touzet \u2014 Stock","translator":null,"weight":408,"page_count":408,"readership":null,"editor":"Stock","price":2600,"published_date":"2014-06-03T22:00:00.000000Z","support":"Grand format","publisher_availability":1,"stock":0,"editions":[],"url":"https:\/\/quaidesbrumes.com\/ouvrage\/9782234077379\/un-velo-dans-la-tete"},{"id":"9782234076440","title":"Assayas par Assayas","description":"Olivier Assayas incarne depuis plus de 25 ans ce que le cin\u00e9ma fran\u00e7ais poss\u00e8de de plus \u00e9nergique et de plus inventif. Cr\u00e9ateur de formes, ouvert sur la diversit\u00e9 du monde et en m\u00eame temps inscrit dans une histoire longue, Olivier Assayas a en 15 films (D\u00e9sordre, L'Eau froide, Irma Vep, Fin ao\u00fbt d\u00e9but septembre, Les Destin\u00e9es sentimentales, Demonlover, Clean, L'Heure d'\u00e9t\u00e9, Carlos, Sils Maria...) affirm\u00e9 une oeuvre exigeante et qui s\u00e9duit pourtant de vastes publics, en France et dans le monde. Mais s'il est cin\u00e9aste dans toutes les fibres de son \u00eatre, c'est en \u00e9tant aussi fin connaisseur des musiques de son temps et amateur \u00e9rudit d'art plastique, voyageur et \u00e9crivain, observateur de son \u00e9poque et h\u00e9ritier d'une riche trajectoire familiale dont les racines plongent dans l'aristocratie hongroise, la diaspora du Moyen-Orient, les exils, la R\u00e9sistance et la proximit\u00e9 avec une intelligentsia cosmopolite qui a fait l'Europe moderne. Critique aux Cahiers du cin\u00e9ma dans les ann\u00e9es 1980, il avait contribu\u00e9 \u00e0 ouvrir la cin\u00e9philie aux nouveaux films de genre et aux innovations de Hollywood, et \u00e9t\u00e9 l'un des premiers grands ambassadeurs en Occident des nouveaux cin\u00e9ma d'Asie, avant de jouer un r\u00f4le majeur dans la reconnaissance d'avant-garde cin\u00e9matographiques incarn\u00e9es par Kenneth Anger ou Guy Debord. \r\nAu fil d'une conversation au long cours avec Jean-Michel Frodon, critique et journaliste, ancien responsable des pages \" cin\u00e9ma \" du Monde et ancien directeur de la r\u00e9daction des Cahiers, Olivier Assayas partage avec verve et g\u00e9n\u00e9rosit\u00e9 une exp\u00e9rience et une r\u00e9flexion uniques sur son propre parcours personnel et professionnel, mais aussi sur l'\u00e9tat du monde actuel et de la place qui occupe le cin\u00e9ma contemporain.\r","authors":["Olivier Assayas","Jean-Michel Frodon"],"category_codes":["6000000","6070000","6070300"],"visuals":{"large":"https:\/\/images.epagine.fr\/440\/9782234076440_1_75.jpg","medium":"https:\/\/images.epagine.fr\/440\/9782234076440_1_m.jpg","thumbnail":"https:\/\/images.epagine.fr\/440\/9782234076440_1_v.jpg"},"orderable":true,"show_badge":true,"formatted_price":"26,00&nbsp;\u20ac","formatted_published_date":"27 ao\u00fbt 2014","publisher_availability_label":"Sur commande","short_details":"Olivier Assayas, Jean-Michel Frodon \u2014 Stock","translator":null,"weight":580,"page_count":368,"readership":null,"editor":"Stock","price":2600,"published_date":"2014-08-26T22:00:00.000000Z","support":"Grand format","publisher_availability":1,"stock":0,"editions":[],"url":"https:\/\/quaidesbrumes.com\/ouvrage\/9782234076440\/assayas-par-assayas"},{"id":"9788415118886","title":"Mark powell open at noon \/anglais\/espagnol","description":"Originaire de D\u00e9troit, Mark Powell vit aujourd'hui \u00e0 Mexico. Les clich\u00e9s qu'il tire de ses observations de la vie quotidienne oscillent entre le banal et l'\u00e9trange, l'humour et l'angoisse. Comme dans un film de David Lynch, on est invit\u00e9 \u00e0 se questionner : le fait d'observer change-t-il la signification de ce que l'on regarde ?\r","authors":["Powell Mark"],"category_codes":["6000000","6070000","6070200"],"visuals":{"large":"https:\/\/images.epagine.fr\/886\/9788415118886_1_75.jpg","medium":"https:\/\/images.epagine.fr\/886\/9788415118886_1_m.jpg","thumbnail":"https:\/\/images.epagine.fr\/886\/9788415118886_1_v.jpg"},"orderable":true,"show_badge":true,"formatted_price":"36,00&nbsp;\u20ac","formatted_published_date":"14 octobre 2014","publisher_availability_label":"Sur commande","short_details":"Powell Mark \u2014 Rm Editorial","translator":null,"weight":450,"page_count":68,"readership":null,"editor":"Rm Editorial","price":3600,"published_date":"2014-10-13T22:00:00.000000Z","support":"Grand format","publisher_availability":1,"stock":0,"editions":[],"url":"https:\/\/quaidesbrumes.com\/ouvrage\/9788415118886\/mark-powell-open-at-noon-anglaisespagnol"},{"id":"9782862344454","title":"Lucien Clergue, ses rencontres ; photographies 1953-2013","description":null,"authors":["Lucien Clergue"],"category_codes":["6000000","6070000","6070200"],"visuals":{"large":"https:\/\/images.epagine.fr\/454\/9782862344454_1_75.jpg","medium":"https:\/\/images.epagine.fr\/454\/9782862344454_1_m.jpg","thumbnail":"https:\/\/images.epagine.fr\/454\/9782862344454_1_v.jpg"},"orderable":true,"show_badge":true,"formatted_price":"26,00&nbsp;\u20ac","formatted_published_date":"11 juillet 2014","publisher_availability_label":"Sur commande","short_details":"Lucien Clergue \u2014 MARVAL","translator":null,"weight":770,"page_count":141,"readership":null,"editor":"MARVAL","price":2600,"published_date":"2014-07-10T22:00:00.000000Z","support":"Grand format","publisher_availability":1,"stock":0,"editions":[],"url":"https:\/\/quaidesbrumes.com\/ouvrage\/9782862344454\/lucien-clergue-ses-rencontres-photographies-1953-2013"},{"id":"9783791347653","title":"Chuck close photographer","description":null,"authors":["Colin Westerbeck"],"category_codes":["6000000","6070000","6070200"],"visuals":{"large":"https:\/\/images.epagine.fr\/653\/9783791347653_1_75.jpg","medium":"https:\/\/images.epagine.fr\/653\/9783791347653_1_m.jpg","thumbnail":"https:\/\/images.epagine.fr\/653\/9783791347653_1_v.jpg"},"orderable":true,"show_badge":true,"formatted_price":"75,00&nbsp;\u20ac","formatted_published_date":"15 octobre 2014","publisher_availability_label":"Sur commande","short_details":"Colin Westerbeck \u2014 Prestel","translator":null,"weight":1600,"page_count":204,"readership":null,"editor":"Prestel","price":7500,"published_date":"2014-10-14T22:00:00.000000Z","support":"Grand format","publisher_availability":1,"stock":0,"editions":[],"url":"https:\/\/quaidesbrumes.com\/ouvrage\/9783791347653\/chuck-close-photographer"}]}