{"data":[{"id":"9783869307237","title":"Sharon yaari leap toward yourself","description":"Catalogue de l'exposition du photographe isra\u00e9lien Sharon Ya'ari au Tel Aviv Museum of Art, cet ouvrage pr\u00e9sente une s\u00e9lection de ses photographies. Offrant au spectateur une lecture intime et singuli\u00e8re de la vie quotidienne, ses clich\u00e9s m\u00ealent r\u00e9f\u00e9rences historiques, locales et conceptuelles.\r","authors":["Yaari"],"category_codes":["6000000","6070000","6070200"],"visuals":{"large":"https:\/\/images.epagine.fr\/237\/9783869307237_1_75.jpg","medium":"https:\/\/images.epagine.fr\/237\/9783869307237_1_m.jpg","thumbnail":"https:\/\/images.epagine.fr\/237\/9783869307237_1_v.jpg"},"orderable":true,"show_badge":true,"formatted_price":"48,00&nbsp;\u20ac","formatted_published_date":"1er novembre 2013","publisher_availability_label":"Sur commande","short_details":"Yaari \u2014 Steidl","translator":null,"weight":1400,"page_count":264,"readership":null,"editor":"Steidl","price":4800,"published_date":"2013-10-31T23:00:00.000000Z","support":"Grand format","publisher_availability":1,"stock":0,"editions":[],"url":"https:\/\/quaidesbrumes.com\/ouvrage\/9783869307237\/sharon-yaari-leap-toward-yourself"},{"id":"9782367440514","title":"Circulation(s) ; festival de la jeune photographie europ\u00e9enne 2014","description":"Depuis sa premi\u00e8re \u00e9dition en 2011, le festival Circulation(s), initi\u00e9 par Fetart, est d\u00e9di\u00e9 \u00e0 la jeune photographie europ\u00e9enne, avec pour ambition d'en faire \u00e9merger les talents, de f\u00e9d\u00e9rer un r\u00e9seau d'acteurs europ\u00e9ens et de faire d\u00e9couvrir au public une cr\u00e9ation artistique innovante. Autour d'une exposition d'envergure (7 f\u00e9vrier-16 mars 2014 au 104 \u00e0 Paris) r\u00e9unissant une quarantaine de photographes europ\u00e9ens, il propose des projections, des ateliers. Cet ouvrage constitue le catalogue de l'\u00e9dition 2014 de Circulation(s), une caisse de r\u00e9sonance de toute une g\u00e9n\u00e9ration d'artistes \u00e0 la conqu\u00eate de nouveaux territoires photographiques. Le travail de chaque artiste est pr\u00e9sent\u00e9 sur deux pages avec sa biographie et un commentaire critique de ses images.\r","authors":["Collectif"],"category_codes":["6000000","6070000","6070200"],"visuals":{"large":"https:\/\/images.epagine.fr\/514\/9782367440514_1_75.jpg","medium":"https:\/\/images.epagine.fr\/514\/9782367440514_1_m.jpg","thumbnail":"https:\/\/images.epagine.fr\/514\/9782367440514_1_v.jpg"},"orderable":true,"show_badge":true,"formatted_price":"22,00&nbsp;\u20ac","formatted_published_date":"6 f\u00e9vrier 2014","publisher_availability_label":"Sur commande","short_details":"Collectif \u2014 LE BEC EN L'AIR","translator":null,"weight":458,"page_count":112,"readership":null,"editor":"LE BEC EN L'AIR","price":2200,"published_date":"2014-02-05T23:00:00.000000Z","support":"Grand format","publisher_availability":1,"stock":0,"editions":[],"url":"https:\/\/quaidesbrumes.com\/ouvrage\/9782367440514\/circulations-festival-de-la-jeune-photographie-europeenne-2014"},{"id":"9791092054231","title":"\u00e0 fleur de chair","description":"R\u00e9veiller le corps, apprivoiser ses pudeurs, d\u00e9voiler l'incarnat, transfuser les \u00eatres p\u00e9trifi\u00e9s... La photographe B\u00e9rang\u00e8re Ha\u00ebgy courtise \u00c9ros et Thanatos pour faire \u00e9clore la femme d'un labyrinthe charnel qu'elle emprunte dans ses clich\u00e9s m\u00ealant anim\u00e9 et inanim\u00e9. \r\nPoup\u00e9es, mannequins, \u00e9corch\u00e9s anatomiques sont les mod\u00e8les d'incarnations successives qui r\u00e9v\u00e8lent cet \u00e9trange objet du d\u00e9sir. Le corps, d\u00e9clin\u00e9 au f\u00e9minin pluriel, se fait voyages \u00e0 fleur de chair, frissons photographiques d\u00e9clinant l'enfance et ses peurs, la nudit\u00e9 et son r\u00eave de candeur, la sensualit\u00e9 et sa conscience d'\u00eatre. \r\n\u00c0 effeuiller avec d\u00e9licatesse.\r","authors":["B\u00e9rang\u00e8re Ha\u00ebgy","Chlo\u00e9 Pirson"],"category_codes":["6000000","6070000","6070200"],"visuals":{"large":"https:\/\/images.epagine.fr\/231\/9791092054231_1_75.jpg","medium":"https:\/\/images.epagine.fr\/231\/9791092054231_1_m.jpg","thumbnail":"https:\/\/images.epagine.fr\/231\/9791092054231_1_v.jpg"},"orderable":true,"show_badge":true,"formatted_price":"15,00&nbsp;\u20ac","formatted_published_date":"8 octobre 2013","publisher_availability_label":"Sur commande","short_details":"B\u00e9rang\u00e8re Ha\u00ebgy, Chlo\u00e9 Pirson \u2014 Galeries Et Musees","translator":null,"weight":210,"page_count":78,"readership":null,"editor":"Galeries Et Musees","price":1500,"published_date":"2013-10-07T22:00:00.000000Z","support":"Grand format","publisher_availability":1,"stock":0,"editions":[],"url":"https:\/\/quaidesbrumes.com\/ouvrage\/9791092054231\/a-fleur-de-chair"},{"id":"9781616892487","title":"Lois conner beijing contemporary and imperial","description":"Avec des photographies panoramiques noir et blanc, la photographe am\u00e9ricaine saisit toute la complexit\u00e9 de la ville de P\u00e9kin. La beaut\u00e9 immuable des ruines et des sites historiques contraste avec les constructions ultra modernes de b\u00e9ton et d'acier.\r","authors":["Conner Lois"],"category_codes":["6000000","6070000","6070200"],"visuals":{"large":"https:\/\/images.epagine.fr\/487\/9781616892487_1_75.jpg","medium":"https:\/\/images.epagine.fr\/487\/9781616892487_1_m.jpg","thumbnail":"https:\/\/images.epagine.fr\/487\/9781616892487_1_v.jpg"},"orderable":true,"show_badge":true,"formatted_price":"44,00&nbsp;\u20ac","formatted_published_date":"13 mai 2014","publisher_availability_label":"Sur commande","short_details":"Conner Lois \u2014 Princeton Architectural","translator":null,"weight":1500,"page_count":156,"readership":null,"editor":"Princeton Architectural","price":4400,"published_date":"2014-05-12T22:00:00.000000Z","support":"Grand format","publisher_availability":1,"stock":0,"editions":[],"url":"https:\/\/quaidesbrumes.com\/ouvrage\/9781616892487\/lois-conner-beijing-contemporary-and-imperial"},{"id":"9783775737746","title":"Heinrich heidersberger light harmonies \/anglais\/allemand","description":null,"authors":["Witt"],"category_codes":["6000000","6070000","6070200"],"visuals":{"large":"https:\/\/images.epagine.fr\/746\/9783775737746_1_75.jpg","medium":"https:\/\/images.epagine.fr\/746\/9783775737746_1_m.jpg","thumbnail":"https:\/\/images.epagine.fr\/746\/9783775737746_1_v.jpg"},"orderable":true,"show_badge":true,"formatted_price":"39,80&nbsp;\u20ac","formatted_published_date":"1er avril 2014","publisher_availability_label":"Sur commande","short_details":"Witt \u2014 Hatje Cantz","translator":null,"weight":1000,"page_count":120,"readership":null,"editor":"Hatje Cantz","price":3980,"published_date":"2014-03-31T22:00:00.000000Z","support":"Grand format","publisher_availability":1,"stock":0,"editions":[],"url":"https:\/\/quaidesbrumes.com\/ouvrage\/9783775737746\/heinrich-heidersberger-light-harmonies-anglaisallemand"},{"id":"9782915096156","title":"R\u00e9pertoire des photographes fran\u00e7ais d'Outre-Mer du XIXe si\u00e8cle","description":"La fin du XIX\u00e8me si\u00e8cle et les deux premi\u00e8res d\u00e9cennies du XXe si\u00e8cle ont \u00e9t\u00e9 l'\u00e2ge d'or de la carte postale dans de nombreux pays d'outre-mer. Si la carte postale constitue une mine de renseignements, il ne faut pas omettre les photos cartes de visite qui les ont devanc\u00e9es - tous les photographes, des plus humbles aux plus c\u00e9l\u00e8bres de la deuxi\u00e8me moiti\u00e9 du XIXe si\u00e8cle, utilisaient ce support.\r\nLe R\u00e9pertoire des photographes fran\u00e7ais d'Outre-Mer recense les photographes professionnels fran\u00e7ais et \u00e9trangers travaillant sur les territoires fran\u00e7ais du XIXe si\u00e8cle ainsi que les photographes professionnels fran\u00e7ais ayant travaill\u00e9 sur les territoires d'outre-mer autres que la France et l'Europe, photographes pour la plupart actifs entre 1839 et 1920.\r\nLa grande masse des principaux documents utilis\u00e9s pour r\u00e9aliser ce recensement sont les photos cartes de visite, un nombre non n\u00e9gligeable d'ouvrages photographiques et de journaux d'\u00e9poque.\r\nProfessionnels et amateurs nous offrent ainsi une v\u00e9ritable m\u00e9moire de ces pays - Bassin m\u00e9diterran\u00e9en, Afrique noire, Asie, Oc\u00e9anie et Am\u00e9rique - par leur production personnelle ou par les r\u00e9alisations d'\u00e9diteurs.\r\nFruit de 35 ann\u00e9es de travail, cet annuaire recense plus de 1000 photographes et r\u00e9unit des documents \u00e9manant principalement des collections des deux auteurs et d'un collectionneur priv\u00e9. Par son int\u00e9r\u00eat \u00e0 la fois historique, artistique et sociologique, il contribue notamment \u00e0 ressusciter un monde sans doute \u00e0 jamais disparu...\r","authors":["Jean-christophe Badot","Fran\u00e7ois Boisjoly"],"category_codes":["6000000","6070000","6070200"],"visuals":{"large":"https:\/\/images.epagine.fr\/156\/9782915096156_1_75.jpg","medium":"https:\/\/images.epagine.fr\/156\/9782915096156_1_m.jpg","thumbnail":"https:\/\/images.epagine.fr\/156\/9782915096156_1_v.jpg"},"orderable":true,"show_badge":true,"formatted_price":"80,00&nbsp;\u20ac","formatted_published_date":"2 d\u00e9cembre 2013","publisher_availability_label":"Sur commande","short_details":"Jean-christophe Badot, Fran\u00e7ois Boisjoly \u2014 Heritage Architectural","translator":null,"weight":0,"page_count":312,"readership":null,"editor":"Heritage Architectural","price":8000,"published_date":"2013-12-01T23:00:00.000000Z","support":"Grand format","publisher_availability":1,"stock":0,"editions":[],"url":"https:\/\/quaidesbrumes.com\/ouvrage\/9782915096156\/repertoire-des-photographes-francais-doutre-mer-du-xixe-siecle"},{"id":"9782358960328","title":"Aux affiches, citoyens ! ; 1789-1889 : un si\u00e8cle d'effervescence populaire \u00e0 travers les affiches politiques","description":null,"authors":["Ga\u00ebtan de Royer"],"category_codes":["6000000","6070000","6070300"],"visuals":{"large":"https:\/\/images.epagine.fr\/328\/9782358960328_1_75.jpg","medium":"https:\/\/images.epagine.fr\/328\/9782358960328_1_m.jpg","thumbnail":"https:\/\/images.epagine.fr\/328\/9782358960328_1_v.jpg"},"orderable":true,"show_badge":true,"formatted_price":"5,00&nbsp;\u20ac","formatted_published_date":"25 septembre 2014","publisher_availability_label":"Sur commande","short_details":"Ga\u00ebtan de Royer \u2014 Mecene","translator":null,"weight":535,"page_count":192,"readership":null,"editor":"Mecene","price":500,"published_date":"2014-09-24T22:00:00.000000Z","support":"Grand format","publisher_availability":1,"stock":0,"editions":[],"url":"https:\/\/quaidesbrumes.com\/ouvrage\/9782358960328\/aux-affiches-citoyens-1789-1889-un-siecle-deffervescence-populaire-a-travers-les-affiches-politiques"},{"id":"9789491376252","title":"Gert jochems s","description":null,"authors":["Jochems Gert"],"category_codes":["6000000","6070000","6070200"],"visuals":{"large":"https:\/\/images.epagine.fr\/252\/9789491376252_1_75.jpg","medium":"https:\/\/images.epagine.fr\/252\/9789491376252_1_m.jpg","thumbnail":"https:\/\/images.epagine.fr\/252\/9789491376252_1_v.jpg"},"orderable":true,"show_badge":true,"formatted_price":"29,50&nbsp;\u20ac","formatted_published_date":"1er ao\u00fbt 2013","publisher_availability_label":"Sur commande","short_details":"Jochems Gert \u2014 Hannibal","translator":null,"weight":500,"page_count":null,"readership":null,"editor":"Hannibal","price":2950,"published_date":"2013-07-31T22:00:00.000000Z","support":"Grand format","publisher_availability":1,"stock":0,"editions":[],"url":"https:\/\/quaidesbrumes.com\/ouvrage\/9789491376252\/gert-jochems-s"},{"id":"9783037784105","title":"Liminal spaces jurek wajdowicz fotografie_75 \/anglais\/allemand","description":null,"authors":["Wajdowicz"],"category_codes":["6000000","6070000","6070200"],"visuals":{"large":"https:\/\/images.epagine.fr\/105\/9783037784105_1_75.jpg","medium":"https:\/\/images.epagine.fr\/105\/9783037784105_1_m.jpg","thumbnail":"https:\/\/images.epagine.fr\/105\/9783037784105_1_v.jpg"},"orderable":true,"show_badge":true,"formatted_price":"60,00&nbsp;\u20ac","formatted_published_date":"1er janvier 2014","publisher_availability_label":"Sur commande","short_details":"Wajdowicz \u2014 Lars Muller","translator":null,"weight":1000,"page_count":112,"readership":null,"editor":"Lars Muller","price":6000,"published_date":"2013-12-31T23:00:00.000000Z","support":"Grand format","publisher_availability":1,"stock":0,"editions":[],"url":"https:\/\/quaidesbrumes.com\/ouvrage\/9783037784105\/liminal-spaces-jurek-wajdowicz-fotografie-75-anglaisallemand"},{"id":"9782322034284","title":"Jardin orch\u00e9sien ; faune, flore, litt\u00e9rature, philosophie et photographie","description":"Ceci est un aper\u00e7u de toutes les merveilles que peut contenir un petit jardin sans que nous nous en apercevions. La macrophotographie est un excellent moyen de d\u00e9couvrir le monde miniature qui nous entoure et surtout nous permet de r\u00e9fl\u00e9chir sur notre rapport \u00e0 la nature et sur notre relative grandeur et importance. Elle permet de r\u00e9fl\u00e9chir notamment sur des notions tel que le Beau et d'exprimer un amour infini \u00e0 toutes les esp\u00e8ces qui nous entourent et que bien des Hommes m\u00e9prisent, ne voient pas, ou tout simplement ignorent car elles ne font pas partie de leur champ de vision et surtout de leur \u00e9chelle. L'Homme se pense sup\u00e9rieur et donne de l'importance \u00e0 des choses qui n'en ont sans doute pas. Comme dirait Protagoras: \"L'Homme est la mesure de toute chose\". Ce projet est un travail de plusieurs mois dans un espace r\u00e9duit sans aucune retouche et n\u00e9cessitant tr\u00e8s peu de mat\u00e9riel. J'invite chacun \u00e0 en faire autant.\r","authors":["Fr\u00e9d\u00e9ric Lienard"],"category_codes":["6000000","6070000","6070200"],"visuals":{"large":"https:\/\/images.epagine.fr\/284\/9782322034284_1_75.jpg","medium":"https:\/\/images.epagine.fr\/284\/9782322034284_1_m.jpg","thumbnail":"https:\/\/images.epagine.fr\/284\/9782322034284_1_v.jpg"},"orderable":true,"show_badge":true,"formatted_price":"17,90&nbsp;\u20ac","formatted_published_date":"17 octobre 2013","publisher_availability_label":"Sur commande","short_details":"Fr\u00e9d\u00e9ric Lienard \u2014 Books on Demand","translator":null,"weight":401,"page_count":28,"readership":null,"editor":"Books on Demand","price":1790,"published_date":"2013-10-16T22:00:00.000000Z","support":"Beaux-livres","publisher_availability":1,"stock":0,"editions":["9782322035083"],"url":"https:\/\/quaidesbrumes.com\/ouvrage\/9782322034284\/jardin-orchesien-faune-flore-litterature-philosophie-et-photographie"},{"id":"9783858813435","title":"Jules beck der erste schweizer hochgebirgsfotograf \/allemand","description":null,"authors":["Alpines Museum Der S"],"category_codes":["6000000","6070000","6070200"],"visuals":{"large":"https:\/\/images.epagine.fr\/435\/9783858813435_1_75.jpg","medium":"https:\/\/images.epagine.fr\/435\/9783858813435_1_m.jpg","thumbnail":"https:\/\/images.epagine.fr\/435\/9783858813435_1_v.jpg"},"orderable":true,"show_badge":true,"formatted_price":"87,00&nbsp;\u20ac","formatted_published_date":"1er juin 2012","publisher_availability_label":"Sur commande","short_details":"Alpines Museum Der S \u2014 Scheidegger","translator":null,"weight":1936,"page_count":272,"readership":null,"editor":"Scheidegger","price":8700,"published_date":"2012-05-31T22:00:00.000000Z","support":"Grand format","publisher_availability":1,"stock":0,"editions":[],"url":"https:\/\/quaidesbrumes.com\/ouvrage\/9783858813435\/jules-beck-der-erste-schweizer-hochgebirgsfotograf-allemand"},{"id":"9782916067902","title":"11\/09\/2001 - 11\/03\/2011","description":"Livre d'artiste : Tadashi Kawamata compile, \u00e0 la mani\u00e8re d'un album souvenir, des photographies extraites d'articles de journaux relatant catastrophes naturelles, attentats ou accidents.\r\n\r\nCabanes accroch\u00e9es \u00e0 la fa\u00e7ade du Centre Pompidou, tour participative de plus de 20 m\u00e8tres \u00e9chafaud\u00e9e dans le parc de la Villette, passerelles et ponts inachev\u00e9s \u00e0 Bordeaux ou ailleurs, Tadashi Kawamata, artiste japonais \u00e9tabli \u00e0 Paris et Tokyo, \u00e9labore dans ses oeuvres, monumentales et \u00e9ph\u00e9m\u00e8res, faites de mat\u00e9riaux de r\u00e9cup\u00e9ration, une esth\u00e9tique de la destruction, de la catastrophe, de l'\u00e9quilibre instable. Dans l'ouvrage au titre \u00e9vocateur 11\/09\/2001 - 11\/03\/2011, l'artiste, compile, \u00e0 la mani\u00e8re d'un album souvenir, des photographies extraites d'articles de journaux relatant catastrophes naturelles, attentats ou accidents. Il en repousse l'aspect tragique pour n'en conserver que l'esth\u00e9tique qui l'inspire, \u00e9voquant tout comme son travail, la fragilit\u00e9 des constructions, l'\u00e9ph\u00e9m\u00e8re de la vie, l'instabilit\u00e9. Ouvrage \u00e0 la fois d\u00e9rangeant et fascinant.\r","authors":["Tadashi Kawamata"],"category_codes":["6000000","6070000","6070200"],"visuals":{"large":"https:\/\/images.epagine.fr\/902\/9782916067902_1_75.jpg","medium":"https:\/\/images.epagine.fr\/902\/9782916067902_1_m.jpg","thumbnail":"https:\/\/images.epagine.fr\/902\/9782916067902_1_v.jpg"},"orderable":true,"show_badge":true,"formatted_price":"12,00&nbsp;\u20ac","formatted_published_date":"15 octobre 2013","publisher_availability_label":"Sur commande","short_details":"Tadashi Kawamata \u2014 Jannink","translator":null,"weight":100,"page_count":48,"readership":null,"editor":"Jannink","price":1200,"published_date":"2013-10-14T22:00:00.000000Z","support":"Grand format","publisher_availability":1,"stock":0,"editions":[],"url":"https:\/\/quaidesbrumes.com\/ouvrage\/9782916067902\/11092001-11032011"},{"id":"9782350738260","title":"Surprises sous-marines","description":"Le photographe sous-marin puise son inspiration dans le secret des oc\u00e9ans myst\u00e9rieux. \r\n\r\nDepuis que je plonge, fascin\u00e9 par cette apesanteur, je saisis les couleurs des fonds marins comme le regard d'un peintre prolong\u00e9 de son pinceau, entre rigueur et r\u00eave. Cette impression est imm\u00e9diate d\u00e8s l'interface liquidienne franchie, mais elle laisse, \u00e0 jamais, un souvenir profond.\r\n\r\nLa photographie a ce pouvoir in\u00e9gal\u00e9 de figer l'instant \u00e9ph\u00e9m\u00e8re et d'en restituer les subtiles sensations avec un perfectionnisme frisant l'obsession : est-ce cela l'ivresse des profondeurs ?\r\n\r\nTout a commenc\u00e9, il y a plus de trente ans lorsque, happ\u00e9 par la mer, j'ai d\u00e9cid\u00e9 de mieux la conna\u00eetre. De plong\u00e9es en voyages, de photos en souvenirs, je me suis int\u00e9ress\u00e9 \u00e0 elle et elle m'a apprivois\u00e9 sans pr\u00e9m\u00e9ditation consciente.\r\n\r\nEt, bien au-del\u00e0 de la surprenante beaut\u00e9 de la nature vivante, l'\u00e9motion me saisit \u00e0 chaque instant : exub\u00e9rance joyeuse d'un enfant g\u00e2t\u00e9.\r\n\r\nRapporter l'image pour aller \u00e0 l'essentiel.\r\n\r\nJe vis ainsi une passion d\u00e9bordante qui ne cesse de m'\u00e9merveiller et que j'adore partager ou faire partager.\r\n\r\nSans mod\u00e9ration.\r","authors":["Henri Eskenazi"],"category_codes":["6000000","6070000","6070200"],"visuals":{"large":"https:\/\/images.epagine.fr\/260\/9782350738260_1_75.jpg","medium":"https:\/\/images.epagine.fr\/260\/9782350738260_1_m.jpg","thumbnail":"https:\/\/images.epagine.fr\/260\/9782350738260_1_v.jpg"},"orderable":true,"show_badge":true,"formatted_price":"16,00&nbsp;\u20ac","formatted_published_date":"21 octobre 2013","publisher_availability_label":"Sur commande","short_details":"Henri Eskenazi \u2014 Presses Litteraires","translator":null,"weight":453,"page_count":84,"readership":null,"editor":"Presses Litteraires","price":1600,"published_date":"2013-10-20T22:00:00.000000Z","support":"Grand format","publisher_availability":1,"stock":0,"editions":[],"url":"https:\/\/quaidesbrumes.com\/ouvrage\/9782350738260\/surprises-sous-marines"},{"id":"9782343017471","title":"Le fond cin\u00e9matographique","description":"Le concept de fond a-t-il une pertinence pour le cin\u00e9ma et que peut-il recouvrir alors ? C'est \u00e0 cette question que cet essai t\u00e2che de r\u00e9pondre. Ce livre privil\u00e9gie quelques films singuliers et un nombre limit\u00e9 de cin\u00e9astes. Qu'il soit question de Rivette, Oliveira, Straub-Huillet, Guiguet, Antonioni, l'approfondissement ou la compilation de la vue cin\u00e9matographique correspond \u00e0 une mont\u00e9e du fond visuel et sonore. Les figures, les personnages, les lieux d\u00e9limit\u00e9s sont alors perturb\u00e9s par l'intervention de cet autre composant.\r","authors":["Robert Bonamy"],"category_codes":["6000000","6070000","6070300"],"visuals":{"large":"https:\/\/images.epagine.fr\/471\/9782343017471_1_75.jpg","medium":"https:\/\/images.epagine.fr\/471\/9782343017471_1_m.jpg","thumbnail":"https:\/\/images.epagine.fr\/471\/9782343017471_1_v.jpg"},"orderable":true,"show_badge":true,"formatted_price":"21,50&nbsp;\u20ac","formatted_published_date":"20 septembre 2013","publisher_availability_label":"Sur commande","short_details":"Robert Bonamy \u2014 \u00c9ditions L'Harmattan","translator":null,"weight":250,"page_count":202,"readership":null,"editor":"\u00c9ditions L'Harmattan","price":2150,"published_date":"2013-09-19T22:00:00.000000Z","support":"Grand format","publisher_availability":1,"stock":0,"editions":[],"url":"https:\/\/quaidesbrumes.com\/ouvrage\/9782343017471\/le-fond-cinematographique"},{"id":"9782364590441","title":"Livres des benevoles","description":null,"authors":["Collectif"],"category_codes":["6000000","6070000","6070200"],"visuals":{"large":"https:\/\/quaidesbrumes.com\/img\/book-placeholder.png","medium":"https:\/\/quaidesbrumes.com\/img\/book-placeholder.png","thumbnail":"https:\/\/quaidesbrumes.com\/img\/book-placeholder.png"},"orderable":true,"show_badge":true,"formatted_price":"35,00&nbsp;\u20ac","formatted_published_date":"10 octobre 2013","publisher_availability_label":"Sur commande","short_details":"Collectif \u2014 PATRIMOINES & MEDIAS","translator":null,"weight":1155,"page_count":null,"readership":null,"editor":"PATRIMOINES & MEDIAS","price":3500,"published_date":"2013-10-09T22:00:00.000000Z","support":"Grand format","publisher_availability":1,"stock":0,"editions":[],"url":"https:\/\/quaidesbrumes.com\/ouvrage\/9782364590441\/livres-des-benevoles"},{"id":"9783961715343","title":"Brazil","description":"The Berlin photographer Olaf Heine shows the sensuality of Brazil and does without striking color, he is primarily concerned with the form. The well-known portrait and fashion photographer was fascinated by the country, which he has traveled to several times. In his coffee table book Brazil, Heine juxtaposes the Brazilian landscape and architecture with the curves of the people, surfers and beautiful women. To do this, he dispenses with distracting colors and provides an unusual black-and-white view of Brazil.","authors":["Olaf Heine"],"category_codes":["6000000","6070000","6070200","6070205"],"visuals":{"large":"https:\/\/images.epagine.fr\/343\/9783961715343_1_75.jpg","medium":"https:\/\/images.epagine.fr\/343\/9783961715343_1_m.jpg","thumbnail":"https:\/\/images.epagine.fr\/343\/9783961715343_1_v.jpg"},"orderable":true,"show_badge":true,"formatted_price":"92,00&nbsp;\u20ac","formatted_published_date":"4 avril 2024","publisher_availability_label":"Sur commande","short_details":"Olaf Heine \u2014 Teneues Verlag","translator":null,"weight":1601,"page_count":264,"readership":null,"editor":"Teneues Verlag","price":9200,"published_date":"2024-04-03T22:00:00.000000Z","support":"Grand format","publisher_availability":1,"stock":0,"editions":[],"url":"https:\/\/quaidesbrumes.com\/ouvrage\/9783961715343\/brazil"},{"id":"9782746665224","title":"Ciel mon Paris je suis fou de toits","description":null,"authors":["Di Maria"],"category_codes":["6000000","6070000","6070200"],"visuals":{"large":"https:\/\/quaidesbrumes.com\/img\/book-placeholder.png","medium":"https:\/\/quaidesbrumes.com\/img\/book-placeholder.png","thumbnail":"https:\/\/quaidesbrumes.com\/img\/book-placeholder.png"},"orderable":true,"show_badge":true,"formatted_price":"30,00&nbsp;\u20ac","formatted_published_date":"2 d\u00e9cembre 2013","publisher_availability_label":"Sur commande","short_details":"Di Maria \u2014 L'Ile Aux Images","translator":null,"weight":985,"page_count":null,"readership":null,"editor":"L'Ile Aux Images","price":3000,"published_date":"2013-12-01T23:00:00.000000Z","support":"Grand format","publisher_availability":1,"stock":0,"editions":[],"url":"https:\/\/quaidesbrumes.com\/ouvrage\/9782746665224\/ciel-mon-paris-je-suis-fou-de-toits"},{"id":"9782350738284","title":"Imageries","description":"Dessinateur de 1980 \u00e0 2007. Courte formation aux Beaux-Arts, puis d\u00e9couverte et exploration de la composition serr\u00e9e, en bas-relief, au contact d'un ami sculpteur \u00e9l\u00e8ve de Roger Plin. Cet attachement particulier se retrouve dans la photographie, abord\u00e9e en 2008, dans les portraits, dans les compositions en sc\u00e8nes. Des rencontres avec des gens du spectacle et de la vie nocturne  fourniront les mod\u00e8les vivants des images de ce livre couvrant une p\u00e9riode de quatre ans.\r","authors":["Michel Portier"],"category_codes":["6000000","6070000","6070200"],"visuals":{"large":"https:\/\/images.epagine.fr\/284\/9782350738284_1_75.jpg","medium":"https:\/\/images.epagine.fr\/284\/9782350738284_1_m.jpg","thumbnail":"https:\/\/images.epagine.fr\/284\/9782350738284_1_v.jpg"},"orderable":true,"show_badge":true,"formatted_price":"15,00&nbsp;\u20ac","formatted_published_date":"30 octobre 2013","publisher_availability_label":"Sur commande","short_details":"Michel Portier \u2014 Presses Litteraires","translator":null,"weight":513,"page_count":100,"readership":null,"editor":"Presses Litteraires","price":1500,"published_date":"2013-10-29T23:00:00.000000Z","support":"Grand format","publisher_availability":1,"stock":0,"editions":[],"url":"https:\/\/quaidesbrumes.com\/ouvrage\/9782350738284\/imageries"},{"id":"9782353910281","title":"La TV de 1964, de la RTF a l'ORTF ; la naissance de la 2e cha\u00eene","description":"L'histoire de la t\u00e9l\u00e9vision fran\u00e7aise a fait vivre \u00e0 ses t\u00e9l\u00e9spectateurs des \u00e9v\u00e9nements fort riches en \u00e9motions depuis son apparition dans les ann\u00e9es trente. Des moments tr\u00e8s importants sur les plans historique et esth\u00e9tique, toujours pionniers sur celui des progr\u00e8s technologiques.\r\n\r\nDans cette saga palpitante, l'ann\u00e9e 1964 tient une place primordiale. Ce fut l'ann\u00e9e de la transformation de la RTF en l'ORTF, pr\u00e9mices de la lib\u00e9ration des ann\u00e9es soixante-dix, mais surtout la cr\u00e9ation de la 2e cha\u00eene.\r\n\r\nSi de nos jours la naissance ou la disparition d'une cha\u00eene nouvelle passent \u00e0 peu pr\u00e8s inaper\u00e7ues, cette naissance-l\u00e0 fut v\u00e9cue comme une r\u00e9volution nationale, m\u00eame si l'implantation se fit attendre dans maintes r\u00e9gions.\r","authors":["Yves Portier-R\u00e9thor\u00e9"],"category_codes":["6000000","6070000","6070300"],"visuals":{"large":"https:\/\/images.epagine.fr\/281\/9782353910281_1_75.jpg","medium":"https:\/\/images.epagine.fr\/281\/9782353910281_1_m.jpg","thumbnail":"https:\/\/images.epagine.fr\/281\/9782353910281_1_v.jpg"},"orderable":true,"show_badge":true,"formatted_price":"9,50&nbsp;\u20ac","formatted_published_date":"1er mars 2014","publisher_availability_label":"Sur commande","short_details":"Yves Portier-R\u00e9thor\u00e9 \u2014 Regain De Lecture","translator":null,"weight":100,"page_count":50,"readership":null,"editor":"Regain De Lecture","price":950,"published_date":"2014-02-28T23:00:00.000000Z","support":"Grand format","publisher_availability":1,"stock":0,"editions":[],"url":"https:\/\/quaidesbrumes.com\/ouvrage\/9782353910281\/la-tv-de-1964-de-la-rtf-a-lortf-la-naissance-de-la-2e-chaine"},{"id":"9788415118534","title":"Cotidiano latino \/ us \/anglais\/espagnol","description":null,"authors":["Carreras Claudi"],"category_codes":["6000000","6070000","6070200"],"visuals":{"large":"https:\/\/images.epagine.fr\/534\/9788415118534_1_75.jpg","medium":"https:\/\/images.epagine.fr\/534\/9788415118534_1_m.jpg","thumbnail":"https:\/\/images.epagine.fr\/534\/9788415118534_1_v.jpg"},"orderable":true,"show_badge":true,"formatted_price":"32,00&nbsp;\u20ac","formatted_published_date":"30 d\u00e9cembre 1999","publisher_availability_label":"Sur commande","short_details":"Carreras Claudi \u2014 Rm Editorial","translator":null,"weight":700,"page_count":192,"readership":null,"editor":"Rm Editorial","price":3200,"published_date":"1999-12-29T23:00:00.000000Z","support":"Grand format","publisher_availability":1,"stock":0,"editions":[],"url":"https:\/\/quaidesbrumes.com\/ouvrage\/9788415118534\/cotidiano-latino-us-anglaisespagnol"},{"id":"9788492480432","title":"Lourdes grobet lucha libre family portraits","description":"Ever since she was a little girl, Lourdes Grobet has been interested in the spectacle of Mexican professional wrestling, or lucha libre. She is the only woman to have worked in the area -for more than 25 years- and her lens has captured the magic of this exciting sport, which is much talked of but little known, constituting as it does a world apart, admired but misunderstood. In this fascinating book the fan of the wrestling arena enters into the private lives of these idols, into their homes, their gathering places, and the celebrations of the historic gladiators of the ring. Rafael Tonatiuh contributes his special vision of a social phenomenon unique in the World. Each wrestler takes us to the brink of his personal mystery.\r","authors":["Grobet Lourdes"],"category_codes":["6000000","6070000","6070200"],"visuals":{"large":"https:\/\/images.epagine.fr\/432\/9788492480432_1_75.jpg","medium":"https:\/\/images.epagine.fr\/432\/9788492480432_1_m.jpg","thumbnail":"https:\/\/images.epagine.fr\/432\/9788492480432_1_v.jpg"},"orderable":true,"show_badge":true,"formatted_price":"29,90&nbsp;\u20ac","formatted_published_date":"30 d\u00e9cembre 1999","publisher_availability_label":"Sur commande","short_details":"Grobet Lourdes \u2014 Rm Editorial","translator":null,"weight":800,"page_count":78,"readership":null,"editor":"Rm Editorial","price":2990,"published_date":"1999-12-29T23:00:00.000000Z","support":"Grand format","publisher_availability":1,"stock":0,"editions":[],"url":"https:\/\/quaidesbrumes.com\/ouvrage\/9788492480432\/lourdes-grobet-lucha-libre-family-portraits"},{"id":"9788415118558","title":"Everything passes","description":"Ce charmant petit livre renferme des instantan\u00e9s de photographes de rue, les \u00ab fotocineros \u00bb, qui capturent l'effervescence de la rue Jun\u00edn, \u00e9picentre de la vie sociale de la bourgeoisie de Medellin dans les ann\u00e9es 60. A la mani\u00e8re des photogrammes, ces images nous font remonter le temps, faisant revivre les passants et leur environnement.\r","authors":["Garces Isabel\/Alfons"],"category_codes":["6000000","6070000","6070200"],"visuals":{"large":"https:\/\/images.epagine.fr\/558\/9788415118558_1_75.jpg","medium":"https:\/\/images.epagine.fr\/558\/9788415118558_1_m.jpg","thumbnail":"https:\/\/images.epagine.fr\/558\/9788415118558_1_v.jpg"},"orderable":true,"show_badge":true,"formatted_price":"22,00&nbsp;\u20ac","formatted_published_date":"30 septembre 2013","publisher_availability_label":"Sur commande","short_details":"Garces Isabel\/Alfons \u2014 Rm Editorial","translator":null,"weight":200,"page_count":null,"readership":null,"editor":"Rm Editorial","price":2200,"published_date":"2013-09-29T22:00:00.000000Z","support":"Grand format","publisher_availability":1,"stock":0,"editions":[],"url":"https:\/\/quaidesbrumes.com\/ouvrage\/9788415118558\/everything-passes"},{"id":"9781864705225","title":"Rome secrets","description":"From magnificent squares to exquisite side streets, tucked-away gardens to quiet neighbourhood caf\u00e9s and, of course, the architecture for which Rome is so famous, this richly illustrated volume features the history and style that underline the Eternal City. See Rome through the seasons, or peer through some of the many secret doorways to see a side of the city hidden from the masses.\r","authors":["Wright Susan"],"category_codes":["6000000","6070000","6070200"],"visuals":{"large":"https:\/\/images.epagine.fr\/225\/9781864705225_1_75.jpg","medium":"https:\/\/images.epagine.fr\/225\/9781864705225_1_m.jpg","thumbnail":"https:\/\/images.epagine.fr\/225\/9781864705225_1_v.jpg"},"orderable":true,"show_badge":true,"formatted_price":"54,00&nbsp;\u20ac","formatted_published_date":"22 novembre 2013","publisher_availability_label":"Sur commande","short_details":"Wright Susan \u2014 IMAGES PUBLISHING","translator":null,"weight":1400,"page_count":220,"readership":null,"editor":"IMAGES PUBLISHING","price":5400,"published_date":"2013-11-21T23:00:00.000000Z","support":"Grand format","publisher_availability":1,"stock":0,"editions":[],"url":"https:\/\/quaidesbrumes.com\/ouvrage\/9781864705225\/rome-secrets"},{"id":"9782359061178","title":"Les \u00e2mes grises ; r\u00e9cits photographiques d'apr\u00e8s-guerre","description":"Les Ames grises presente, dans le cadre du festival Allers-Retours de photographie contemporaine du musee Albert-Kahn, les oeuvres de huit photographes qui questionnent la narration liee aux conflits les plus sanglants, recents ou anciens. A l\u0081findicible de la violence initiale succede l\u0081fecriture des evenements dans les livres d\u0081fhistoire. Entre ces deux etapes, le recit enfle.\r\nD\u0081findividuel, il devient collectif, de partisan et revendicatif, il devient progressivement neutre et factuel ; et bientot, le temps aura fait son oeuvre, seules les plaques commemoratives et les monuments aux morts temoigneront. Cette histoire commune, ecrite a posteriori, commence a l\u0081finstant ou le traumatisme devient dicible ; ce qui la distingue de la demarche d\u0081fun grand reporter, qui produit des temoignages directs au plus pres du feu des combats. Les oeuvres, par l\u0081fattention portee aux marques indelebiles laissees dans les paysages, les corps ou les esprits, abordent la question de la memoire et du temps qui passe.\r\nFemmes rwandaises violees durant le genocide et leur enfant ne de ce viol portraitures par Jonathan Torgovnik ; diptyques confrontant portraits et paysages devastes realises au Liban par Rita Leistner ; exil des Espagnols, fuyant la victoire franquiste au terme de trois annees de guerre civile, relate par Laetitia Tura. Des soldats du Komala, opposes au regime iranien, rejouent sous l\u0081foeil d\u0081fEmeric Lhuisset les scenes de leur propre vecu selon les conventions de la peinture de guerre du XIXe siecle ; le regard de Vasantha Yogananthan nous fait revivre la guerre sans repit du Sri Lanka. Camilla De Maffei se pose, elle, sur le mont Trebevi., dominant Sarajevo et ayant ete le theatre des jeux olympiques d\u0081fhiver avant d\u0081fetre occupe par les troupes bosno-serbes ; Bertrand Carriere nous embarque dans l\u0081foperation Jubilee, tentative de debarquement des Allies menee a Dieppe, ou un quart des troupes canadiennes engagees ont peri ; enfin Patrick Tourneboeuf nous donne a voir la presence memorielle et monumentale de la Grande Guerre dans l\u0081fespace public francais.\r\nAutant d\u0081fallers et retours entre la subjectivite du photographe et la realite des sujets, d\u0081fallers et retours entre l\u0081fexperience artistique et sa lecture. Autant de regards engages sur la violence du monde contemporain, tout a la fois documentaires et sensibles. Autant de relectures qui s\u0081finscrivent dans la perspective du projet d\u0081fArchives de la Planete lance par Albert Kahn au debut du XXe siecle.","authors":["Collectif"],"category_codes":["6000000","6070000","6070200"],"visuals":{"large":"https:\/\/images.epagine.fr\/178\/9782359061178_1_75.jpg","medium":"https:\/\/images.epagine.fr\/178\/9782359061178_1_m.jpg","thumbnail":"https:\/\/images.epagine.fr\/178\/9782359061178_1_v.jpg"},"orderable":true,"show_badge":true,"formatted_price":"19,90&nbsp;\u20ac","formatted_published_date":"3 juillet 2014","publisher_availability_label":"Sur commande","short_details":"Collectif \u2014 Lienart","translator":null,"weight":678,"page_count":160,"readership":null,"editor":"Lienart","price":1990,"published_date":"2014-07-02T22:00:00.000000Z","support":"Grand format","publisher_availability":1,"stock":0,"editions":[],"url":"https:\/\/quaidesbrumes.com\/ouvrage\/9782359061178\/les-ames-grises-recits-photographiques-dapres-guerre"}]}