{"data":[{"id":"9783869306865","title":"Philip brookman redlands","description":null,"authors":["Brookman"],"category_codes":["6000000","6070000","6070200"],"visuals":{"large":"https:\/\/images.epagine.fr\/865\/9783869306865_1_75.jpg","medium":"https:\/\/images.epagine.fr\/865\/9783869306865_1_m.jpg","thumbnail":"https:\/\/images.epagine.fr\/865\/9783869306865_1_v.jpg"},"orderable":true,"show_badge":true,"formatted_price":"38,00&nbsp;\u20ac","formatted_published_date":"21 mars 2015","publisher_availability_label":"Sur commande","short_details":"Brookman \u2014 Steidl","translator":null,"weight":800,"page_count":248,"readership":null,"editor":"Steidl","price":3800,"published_date":"2015-03-20T23:00:00.000000Z","support":"Grand format","publisher_availability":1,"stock":0,"editions":[],"url":"https:\/\/quaidesbrumes.com\/ouvrage\/9783869306865\/philip-brookman-redlands"},{"id":"9781576876572","title":"The book of dolores","description":null,"authors":["Vollmann"],"category_codes":["6000000","6070000","6070200"],"visuals":{"large":"https:\/\/images.epagine.fr\/572\/9781576876572_1_75.jpg","medium":"https:\/\/images.epagine.fr\/572\/9781576876572_1_m.jpg","thumbnail":"https:\/\/images.epagine.fr\/572\/9781576876572_1_v.jpg"},"orderable":true,"show_badge":true,"formatted_price":"45,00&nbsp;\u20ac","formatted_published_date":"1er octobre 2013","publisher_availability_label":"Sur commande","short_details":"Vollmann \u2014 Powerhouse","translator":null,"weight":901,"page_count":null,"readership":null,"editor":"Powerhouse","price":4500,"published_date":"2013-09-30T22:00:00.000000Z","support":"Grand format","publisher_availability":1,"stock":0,"editions":[],"url":"https:\/\/quaidesbrumes.com\/ouvrage\/9781576876572\/the-book-of-dolores"},{"id":"9782914909860","title":"Voulez-vous en sourire avec moi ?","description":"Dans son ouvrage, l'acteur se raconte et raconte ses partenaires, sous forme d'anecdotes qui font parfois sourire... ou qui surprennent... mais qui ne laissent jamais indiff\u00e9rent. \r\nIl nous y livre la g\u00e9n\u00e9rosit\u00e9 de Simone Signoret, ses liens d'amiti\u00e9 avec Ingrid Bergman, les caprices d'Edwige Feuill\u00e8re, le petit carnet d'Alice Sapritch, sa rencontre avec un petit acteur chauve, \u00e9nerv\u00e9 et sautillant, inconnu \u00e0 l'\u00e9poque... \r\nEt puis, il y a les petites histoires o\u00f9 l'acteur se met un peu plus \u00e0 nu...","authors":["Yves Vincent"],"category_codes":["6000000","6070000","6070300","6070304"],"visuals":{"large":"https:\/\/images.epagine.fr\/860\/9782914909860_1_75.jpg","medium":"https:\/\/images.epagine.fr\/860\/9782914909860_1_m.jpg","thumbnail":"https:\/\/images.epagine.fr\/860\/9782914909860_1_v.jpg"},"orderable":true,"show_badge":true,"formatted_price":"24,00&nbsp;\u20ac","formatted_published_date":"1er septembre 2013","publisher_availability_label":"Sur commande","short_details":"Yves Vincent \u2014 Christian Navarro","translator":null,"weight":0,"page_count":300,"readership":null,"editor":"Christian Navarro","price":2400,"published_date":"2013-08-31T22:00:00.000000Z","support":"Grand format","publisher_availability":1,"stock":0,"editions":[],"url":"https:\/\/quaidesbrumes.com\/ouvrage\/9782914909860\/voulez-vous-en-sourire-avec-moi"},{"id":"9782918040866","title":"Georges Cukor","description":null,"authors":["Collectif"],"category_codes":["6000000","6070000","6070300"],"visuals":{"large":"https:\/\/quaidesbrumes.com\/img\/book-placeholder.png","medium":"https:\/\/quaidesbrumes.com\/img\/book-placeholder.png","thumbnail":"https:\/\/quaidesbrumes.com\/img\/book-placeholder.png"},"orderable":true,"show_badge":true,"formatted_price":"25,00&nbsp;\u20ac","formatted_published_date":"25 juillet 2013","publisher_availability_label":"Sur commande","short_details":"Collectif \u2014 Capricci","translator":null,"weight":564,"page_count":null,"readership":null,"editor":"Capricci","price":2500,"published_date":"2013-07-24T22:00:00.000000Z","support":"Grand format","publisher_availability":1,"stock":0,"editions":[],"url":"https:\/\/quaidesbrumes.com\/ouvrage\/9782918040866\/georges-cukor"},{"id":"9782362140150","title":"100%","description":"Les femmes ont des droits. le premier d'entre eux est de revendiquer le droit d'en avoir. Nadine Bergot signe un livre de photos en faisant poser douze femmes, seins nus, pour d\u00e9noncer douze injustices. Loin de provoquer, choquer ou pol\u00e9miquer, l'auteur utilise son art pour r\u00e9veiller les esprits et faire parler les coeurs.","authors":["Nadine Bergot debbas"],"category_codes":["6000000","6070000","6070200"],"visuals":{"large":"https:\/\/images.epagine.fr\/150\/9782362140150_1_75.jpg","medium":"https:\/\/images.epagine.fr\/150\/9782362140150_1_m.jpg","thumbnail":"https:\/\/images.epagine.fr\/150\/9782362140150_1_v.jpg"},"orderable":true,"show_badge":true,"formatted_price":"12,00&nbsp;\u20ac","formatted_published_date":"18 juin 2013","publisher_availability_label":"Sur commande","short_details":"Nadine Bergot debbas \u2014 Le Voyageur","translator":null,"weight":90,"page_count":60,"readership":null,"editor":"Le Voyageur","price":1200,"published_date":"2013-06-17T22:00:00.000000Z","support":"Grand format","publisher_availability":1,"stock":0,"editions":[],"url":"https:\/\/quaidesbrumes.com\/ouvrage\/9782362140150\/100"},{"id":"9782869251045","title":"Am\u00e9rica Latina ; 1960-2013","description":"Ax\u00e9e sur la relation entre texte et image photographique, l'exposition Am\u00e9rica Latina 1960-2013 et l'ouvrage publi\u00e9 \u00e0 cette occasion r\u00e9v\u00e8lent la grande diversit\u00e9 des pratiques photographiques de nombreux artistes latino-am\u00e9ricains au cours de ces cinquante derni\u00e8res ann\u00e9es, marqu\u00e9es par une forte instabilit\u00e9 politique, \u00e9conomique et sociale. L'association du texte et de la photographie, que ce soit avec la photographie directe ou \u00e0 travers l'utilisation d'une large gamme de m\u00e9diums (s\u00e9rigraphie, collage, performance, vid\u00e9o, installation.), a r\u00e9pondu aux besoins de certains artistes de communiquer dans un contexte d'urgence et d'explorer les notions de territoire, d'identit\u00e9 et de m\u00e9moire. \u00c0 la fois plong\u00e9e dans l'histoire r\u00e9cente du continent et vaste panorama de la production artistique contemporaine, l'exposition Am\u00e9rica Latina 1960-2013 et son catalogue d\u00e9voilent \u00e0 travers la pr\u00e9sentation de pr\u00e8s de cinq cents oeuvres la multiplicit\u00e9 de ces pratiques artistiques tout en r\u00e9v\u00e9lant la sp\u00e9cificit\u00e9 de l'approche latino-am\u00e9ricaine.\r\nL'exposition Am\u00e9rica Latina 1960-2013 est pr\u00e9sent\u00e9e \u00e0 la Fondation Cartier pour l'art contemporain \u00e0 Paris du 19 novembre 2013 au 6 avril 2014 puis au Museo Amparo de Puebla, au Mexique, du 15 mai au 17 septembre 2014.","authors":["Luis Camnitzer","Olivier Compagnon","Alfonso Morales"],"category_codes":["6000000","6070000","6070200"],"visuals":{"large":"https:\/\/images.epagine.fr\/045\/9782869251045_1_75.jpg","medium":"https:\/\/images.epagine.fr\/045\/9782869251045_1_m.jpg","thumbnail":"https:\/\/images.epagine.fr\/045\/9782869251045_1_v.jpg"},"orderable":true,"show_badge":true,"formatted_price":"38,50&nbsp;\u20ac","formatted_published_date":"27 novembre 2013","publisher_availability_label":"Sur commande","short_details":"Luis Camnitzer, Olivier Compagnon, Alfonso Morales \u2014 FONDATION CARTIER","translator":null,"weight":1732,"page_count":392,"readership":null,"editor":"FONDATION CARTIER","price":3850,"published_date":"2013-11-26T23:00:00.000000Z","support":"Beaux-livres","publisher_availability":1,"stock":0,"editions":[],"url":"https:\/\/quaidesbrumes.com\/ouvrage\/9782869251045\/america-latina-1960-2013"},{"id":"9782352892144","title":"Cement \u00e9clipses","description":"Avant que l'Espagne ne subisse la crise financi\u00e8re mondiale, Isaac Cordal voyait d\u00e9j\u00e0 la b\u00e9tonnisation de son pays comme preuve de l'ali\u00e9nation de la soci\u00e9t\u00e9. Il a donc choisi le ciment pour mouler des corps humains. Cement Eclipses est tout autant critique que r\u00e9flexion sur notre comportement en tant que masse sociale. Compos\u00e9e de petites sculptures de quelques centim\u00e8tres de haut qui prennent la forme d'arch\u00e9types de nos soci\u00e9t\u00e9s, elle montre les effets collat\u00e9raux d\u00e9vastateurs de notre \u00e9volution en rupture avec notre environnement naturel. Ce livre revient sur des oeuvres ant\u00e9rieures, et fait la part belle au projet men\u00e9 \u00e0 Nantes \u00e0 travers un choix de photographies et de textes critiques \u00e9crits par Eva Prouteau et David Moinard, commissaire de l'exposition.","authors":["Isaac Cordal"],"category_codes":["6000000","6010000","6010400"],"visuals":{"large":"https:\/\/quaidesbrumes.com\/img\/book-placeholder.png","medium":"https:\/\/quaidesbrumes.com\/img\/book-placeholder.png","thumbnail":"https:\/\/quaidesbrumes.com\/img\/book-placeholder.png"},"orderable":true,"show_badge":true,"formatted_price":"17,00&nbsp;\u20ac","formatted_published_date":"2 septembre 2013","publisher_availability_label":"Sur commande","short_details":"Isaac Cordal \u2014 \u00c9ditions MeMo","translator":null,"weight":350,"page_count":128,"readership":null,"editor":"\u00c9ditions MeMo","price":1700,"published_date":"2013-09-01T22:00:00.000000Z","support":"Grand format","publisher_availability":1,"stock":0,"editions":["9780955912184"],"url":"https:\/\/quaidesbrumes.com\/ouvrage\/9782352892144\/cement-eclipses"},{"id":"9782824603773","title":"Jean Marais, une histoire vraie","description":"L'auteur retrace la carri\u00e8re de l'acteur et revient sur ses films les plus importants, mais aussi sa relation avec Jean Cocteau ou des facettes plus m\u00e9connues de sa vie comme son engagement dans la 2e DB au moment de la lib\u00e9ration de Paris.","authors":["Sandro Cassati"],"category_codes":["6000000","6070000","6070300"],"visuals":{"large":"https:\/\/images.epagine.fr\/773\/9782824603773_1_75.jpg","medium":"https:\/\/images.epagine.fr\/773\/9782824603773_1_m.jpg","thumbnail":"https:\/\/images.epagine.fr\/773\/9782824603773_1_v.jpg"},"orderable":true,"show_badge":true,"formatted_price":"21,21&nbsp;\u20ac","formatted_published_date":"20 novembre 2013","publisher_availability_label":"Sur commande","short_details":"Sandro Cassati \u2014 City \u00c9ditions","translator":null,"weight":446,"page_count":240,"readership":null,"editor":"City \u00c9ditions","price":2121,"published_date":"2013-11-19T23:00:00.000000Z","support":"Grand format","publisher_availability":1,"stock":0,"editions":[],"url":"https:\/\/quaidesbrumes.com\/ouvrage\/9782824603773\/jean-marais-une-histoire-vraie"},{"id":"9782830915327","title":"Derri\u00e8re le masque : mon visage ; le photographe et ses mod\u00e8les","description":"Dans cet ouvrage particuli\u00e8rement suggestif, le photographe Jean Mohr pr\u00e9sente les coulisses de son activit\u00e9 men\u00e9e depuis plus d'un demi-si\u00e8cle. En 135 photos et au fil de confidences pleines de sel, le c\u00e9l\u00e8bre artiste genevois raconte les dessous de sa vocation et de sa carri\u00e8re. Quels sont les secrets d'un m\u00e9tier exerc\u00e9 au jour le jour ? Comment tire-t-on le portrait de coll\u00e8gues, d'enfants, de marginaux, de stars, d'amis, dans son pays et sous les plus lointaines latitudes ? L'auteur d\u00e9cline ici entre deux images des anecdotes et des portraits, ceux qui refusent, s'intimident ou se d\u00e9voilent dans cette relation si particuli\u00e8re d'un photographe \u00e0 ses mod\u00e8les.\r\nN\u00e9 \u00e0 Gen\u00e8ve en 1925, Jean Mohr a longtemps t\u00e9moign\u00e9 par la photo sur le Proche-Orient en guerre et sur des catastrophes humanitaires qu'il a couvertes tout au long du XXe si\u00e8cle aux c\u00f4t\u00e9s du CICR, du HCR et de l'UNRWA. Auteur de 28 livres, il entretient aujourd'hui une activit\u00e9 \u00e9ditoriale importante avec l'\u00e9crivain John Berger.","authors":["Jean Mohr"],"category_codes":["6000000","6070000","6070200"],"visuals":{"large":"https:\/\/images.epagine.fr\/327\/9782830915327_1_75.jpg","medium":"https:\/\/images.epagine.fr\/327\/9782830915327_1_m.jpg","thumbnail":"https:\/\/images.epagine.fr\/327\/9782830915327_1_v.jpg"},"orderable":true,"show_badge":true,"formatted_price":"34,00&nbsp;\u20ac","formatted_published_date":"4 d\u00e9cembre 2013","publisher_availability_label":"Sur commande","short_details":"Jean Mohr \u2014 \u00c9ditions Labor et Fides","translator":null,"weight":890,"page_count":192,"readership":null,"editor":"\u00c9ditions Labor et Fides","price":3400,"published_date":"2013-12-03T23:00:00.000000Z","support":"Grand format","publisher_availability":1,"stock":0,"editions":[],"url":"https:\/\/quaidesbrumes.com\/ouvrage\/9782830915327\/derriere-le-masque-mon-visage-le-photographe-et-ses-modeles"},{"id":"9782849341414","title":"Nouveaux territoires m\u00e9diatiques","description":"Qu'y a-t-il de nouveau en territoire m\u00e9diatique ? Le \"nouveau\" l'est-il autant que ses prescripteurs tentent de nous le faire penser ? Quels sont ses liens avec des mouvements de fond et des processus \u00e0 long terme ? Les contributions r\u00e9unies ici analysent ces ph\u00e9nom\u00e8nes \u00e0 partir de douze \u00e9tudes de cas qui, toutes, articulent une forme m\u00e9diatique et un territoire physique ou symbolique. \r\n\r\nDu Vietnam au P\u00e9rou en passant par la France et la Roumanie, de la presse r\u00e9gionale aux t\u00e9l\u00e9visions nationales en passant par internet et les r\u00e9seaux sociaux, les auteurs de ce livre dessinent un \u00e9tat des lieux des recompositions contemporaines des territoires m\u00e9diatiques, s'effor\u00e7ant d'en d\u00e9gager les enjeux politiques, \u00e9conomiques et symboliques.\r\n\r\nAvec des contributions de :\r\nMihai Coman,Andr\u00e9 Gunthert,Jacques Guyot,Delphine Iost,Fr\u00e9d\u00e9ric Lambert,Jean-Baptiste Le Corf,Sarah Leperchey,Christophe Magis,Thi Thanh Phuong Nguyen,Maria Luisa Pinar,Virginie Spies.","authors":["Lo\u00efc Ballarini","Gilles Delavaud"],"category_codes":["1000000","1060000","1060300"],"visuals":{"large":"https:\/\/images.epagine.fr\/414\/9782849341414_1_75.jpg","medium":"https:\/\/images.epagine.fr\/414\/9782849341414_1_m.jpg","thumbnail":"https:\/\/images.epagine.fr\/414\/9782849341414_1_v.jpg"},"orderable":true,"show_badge":true,"formatted_price":"25,00&nbsp;\u20ac","formatted_published_date":"11 septembre 2014","publisher_availability_label":"Sur commande","short_details":"Lo\u00efc Ballarini, Gilles Delavaud \u2014 Mare & Martin","translator":null,"weight":350,"page_count":262,"readership":null,"editor":"Mare & Martin","price":2500,"published_date":"2014-09-10T22:00:00.000000Z","support":"Grand format","publisher_availability":1,"stock":0,"editions":[],"url":"https:\/\/quaidesbrumes.com\/ouvrage\/9782849341414\/nouveaux-territoires-mediatiques"},{"id":"9782353401673","title":"Le d\u00e9sert de Retz","description":"Le D\u00e9sert de Retz est un jardin anglo-chinois cr\u00e9\u00e9 \u00e0 la fin du XVIIIe si\u00e8cle par un aristocrate, F.-N.-H. Racine de Monville \u00e0 Saint-Jacques-de-Retz, dans la commune de Chambourcy. P. Grunchec a photographi\u00e9 pendant plus de deux ans ce lieu o\u00f9 s'imbriquent de fa\u00e7on surprenante la nature et l'architecture, le naturel et l'artifice. Un travail en noir et blanc, fruit de sa contemplation.","authors":["Philippe Grunchec"],"category_codes":["6000000","6070000","6070200"],"visuals":{"large":"https:\/\/images.epagine.fr\/673\/9782353401673_1_75.jpg","medium":"https:\/\/images.epagine.fr\/673\/9782353401673_1_m.jpg","thumbnail":"https:\/\/images.epagine.fr\/673\/9782353401673_1_v.jpg"},"orderable":true,"show_badge":true,"formatted_price":"26,00&nbsp;\u20ac","formatted_published_date":"2 d\u00e9cembre 2013","publisher_availability_label":"Sur commande","short_details":"Philippe Grunchec \u2014 Gourcuff Gradenigo","translator":null,"weight":490,"page_count":80,"readership":null,"editor":"Gourcuff Gradenigo","price":2600,"published_date":"2013-12-01T23:00:00.000000Z","support":"Grand format","publisher_availability":1,"stock":0,"editions":[],"url":"https:\/\/quaidesbrumes.com\/ouvrage\/9782353401673\/le-desert-de-retz"},{"id":"9782953403350","title":"Volez, jets en patrouilles ; flying, jet teams","description":"Airia Editions vous propose un tour du monde des patrouilles acrobatiques volant sur avion \u00e0 r\u00e9action, avec de rares photographies r\u00e9alis\u00e9es par les plus grands spotters. Patrouille de France, Blue Angels, Patrouille chinoise \u00ab\u00a01er Ao\u00fbt\u00a0\u00bb, Saudi Hawks, Red Arrows parmi les patrouilles militaires... mais \u00e9galement les patrouilles civiles avec la Breitling Jet Team, la Patrouille Tranchant, les Patriots... Suivez les \u00e9volutions de 22 patrouilles d'exception volant sur jet\u00a0!","authors":["Fabrice Morlon"],"category_codes":["6000000","6070000","6070200"],"visuals":{"large":"https:\/\/images.epagine.fr\/350\/9782953403350_1_75.jpg","medium":"https:\/\/images.epagine.fr\/350\/9782953403350_1_m.jpg","thumbnail":"https:\/\/images.epagine.fr\/350\/9782953403350_1_v.jpg"},"orderable":true,"show_badge":true,"formatted_price":"15,00&nbsp;\u20ac","formatted_published_date":"1er f\u00e9vrier 2013","publisher_availability_label":"Sur commande","short_details":"Fabrice Morlon \u2014 Airia","translator":null,"weight":760,"page_count":108,"readership":null,"editor":"Airia","price":1500,"published_date":"2013-01-31T23:00:00.000000Z","support":"Grand format","publisher_availability":1,"stock":0,"editions":[],"url":"https:\/\/quaidesbrumes.com\/ouvrage\/9782953403350\/volez-jets-en-patrouilles-flying-jet-teams"},{"id":"9782013271561","title":"La photographie a la bibliotheque imperiale : lettre a monsieur l'administrateur general - directeur","description":"La photographie \u00e0 la Biblioth\u00e8que imp\u00e9riale : lettre \u00e0 Monsieur l'administrateur g\u00e9n\u00e9ral directeur de la Biblioth\u00e8que imp\u00e9riale \/ [sign\u00e9 L. Curmer] Date de l'\u00e9dition originale : 1866 Ce livre est la reproduction fid\u00e8le d'une oeuvre publi\u00e9e avant 1920 et fait partie d'une collection de livres r\u00e9imprim\u00e9s \u00e0 la demande \u00e9dit\u00e9e par Hachette Livre, dans le cadre d'un partenariat avec la Biblioth\u00e8que nationale de France, offrant l'opportunit\u00e9 d'acc\u00e9der \u00e0 des ouvrages anciens et souvent rares issus des fonds patrimoniaux de la BnF.\r\nLes oeuvres faisant partie de cette collection ont \u00e9t\u00e9 num\u00e9ris\u00e9es par la BnF et sont pr\u00e9sentes sur Gallica, sa biblioth\u00e8que num\u00e9rique.\r\n\r\nEn entreprenant de redonner vie \u00e0 ces ouvrages au travers d'une collection de livres r\u00e9imprim\u00e9s \u00e0 la demande, nous leur donnons la possibilit\u00e9 de rencontrer un public \u00e9largi et participons \u00e0 la transmission de connaissances et de savoirs parfois difficilement accessibles.\r\nNous avons cherch\u00e9 \u00e0 concilier la reproduction fid\u00e8le d'un livre ancien \u00e0 partir de sa version num\u00e9ris\u00e9e avec le souci d'un confort de lecture optimal. Nous esp\u00e9rons que les ouvrages de cette nouvelle collection vous apporteront enti\u00e8re satisfaction.\r\n\r\nPour plus d'informations, rendez-vous sur www.hachettebnf.fr","authors":["Leon Curmer"],"category_codes":["6000000","6070000","6070200"],"visuals":{"large":"https:\/\/images.epagine.fr\/561\/9782013271561_1_75.jpg","medium":"https:\/\/images.epagine.fr\/561\/9782013271561_1_m.jpg","thumbnail":"https:\/\/images.epagine.fr\/561\/9782013271561_1_v.jpg"},"orderable":true,"show_badge":true,"formatted_price":"9,50&nbsp;\u20ac","formatted_published_date":"1er ao\u00fbt 2013","publisher_availability_label":"Sur commande","short_details":"Leon Curmer \u2014 Hachette BNF","translator":null,"weight":62,"page_count":null,"readership":null,"editor":"Hachette BNF","price":950,"published_date":"2013-07-31T22:00:00.000000Z","support":"Grand format","publisher_availability":1,"stock":0,"editions":[],"url":"https:\/\/quaidesbrumes.com\/ouvrage\/9782013271561\/la-photographie-a-la-bibliotheque-imperiale-lettre-a-monsieur-ladministrateur-general-directeur"},{"id":"9783869307237","title":"Sharon yaari leap toward yourself","description":"Catalogue de l'exposition du photographe isra\u00e9lien Sharon Ya'ari au Tel Aviv Museum of Art, cet ouvrage pr\u00e9sente une s\u00e9lection de ses photographies. Offrant au spectateur une lecture intime et singuli\u00e8re de la vie quotidienne, ses clich\u00e9s m\u00ealent r\u00e9f\u00e9rences historiques, locales et conceptuelles.","authors":["Yaari"],"category_codes":["6000000","6070000","6070200"],"visuals":{"large":"https:\/\/images.epagine.fr\/237\/9783869307237_1_75.jpg","medium":"https:\/\/images.epagine.fr\/237\/9783869307237_1_m.jpg","thumbnail":"https:\/\/images.epagine.fr\/237\/9783869307237_1_v.jpg"},"orderable":true,"show_badge":true,"formatted_price":"48,00&nbsp;\u20ac","formatted_published_date":"1er novembre 2013","publisher_availability_label":"Sur commande","short_details":"Yaari \u2014 Steidl","translator":null,"weight":1400,"page_count":264,"readership":null,"editor":"Steidl","price":4800,"published_date":"2013-10-31T23:00:00.000000Z","support":"Grand format","publisher_availability":1,"stock":0,"editions":[],"url":"https:\/\/quaidesbrumes.com\/ouvrage\/9783869307237\/sharon-yaari-leap-toward-yourself"},{"id":"9782367440514","title":"Circulation(s) ; festival de la jeune photographie europ\u00e9enne 2014","description":"Depuis sa premi\u00e8re \u00e9dition en 2011, le festival Circulation(s), initi\u00e9 par Fetart, est d\u00e9di\u00e9 \u00e0 la jeune photographie europ\u00e9enne, avec pour ambition d'en faire \u00e9merger les talents, de f\u00e9d\u00e9rer un r\u00e9seau d'acteurs europ\u00e9ens et de faire d\u00e9couvrir au public une cr\u00e9ation artistique innovante. Autour d'une exposition d'envergure (7 f\u00e9vrier-16 mars 2014 au 104 \u00e0 Paris) r\u00e9unissant une quarantaine de photographes europ\u00e9ens, il propose des projections, des ateliers. Cet ouvrage constitue le catalogue de l'\u00e9dition 2014 de Circulation(s), une caisse de r\u00e9sonance de toute une g\u00e9n\u00e9ration d'artistes \u00e0 la conqu\u00eate de nouveaux territoires photographiques. Le travail de chaque artiste est pr\u00e9sent\u00e9 sur deux pages avec sa biographie et un commentaire critique de ses images.","authors":["Collectif"],"category_codes":["6000000","6070000","6070200"],"visuals":{"large":"https:\/\/images.epagine.fr\/514\/9782367440514_1_75.jpg","medium":"https:\/\/images.epagine.fr\/514\/9782367440514_1_m.jpg","thumbnail":"https:\/\/images.epagine.fr\/514\/9782367440514_1_v.jpg"},"orderable":true,"show_badge":true,"formatted_price":"22,00&nbsp;\u20ac","formatted_published_date":"6 f\u00e9vrier 2014","publisher_availability_label":"Sur commande","short_details":"Collectif \u2014 LE BEC EN L'AIR","translator":null,"weight":458,"page_count":112,"readership":null,"editor":"LE BEC EN L'AIR","price":2200,"published_date":"2014-02-05T23:00:00.000000Z","support":"Grand format","publisher_availability":1,"stock":0,"editions":[],"url":"https:\/\/quaidesbrumes.com\/ouvrage\/9782367440514\/circulations-festival-de-la-jeune-photographie-europeenne-2014"},{"id":"9791092054231","title":"\u00e0 fleur de chair","description":"R\u00e9veiller le corps, apprivoiser ses pudeurs, d\u00e9voiler l'incarnat, transfuser les \u00eatres p\u00e9trifi\u00e9s... La photographe B\u00e9rang\u00e8re Ha\u00ebgy courtise \u00c9ros et Thanatos pour faire \u00e9clore la femme d'un labyrinthe charnel qu'elle emprunte dans ses clich\u00e9s m\u00ealant anim\u00e9 et inanim\u00e9. \r\nPoup\u00e9es, mannequins, \u00e9corch\u00e9s anatomiques sont les mod\u00e8les d'incarnations successives qui r\u00e9v\u00e8lent cet \u00e9trange objet du d\u00e9sir. Le corps, d\u00e9clin\u00e9 au f\u00e9minin pluriel, se fait voyages \u00e0 fleur de chair, frissons photographiques d\u00e9clinant l'enfance et ses peurs, la nudit\u00e9 et son r\u00eave de candeur, la sensualit\u00e9 et sa conscience d'\u00eatre. \r\n\u00c0 effeuiller avec d\u00e9licatesse.","authors":["B\u00e9rang\u00e8re Ha\u00ebgy","Chlo\u00e9 Pirson"],"category_codes":["6000000","6070000","6070200"],"visuals":{"large":"https:\/\/images.epagine.fr\/231\/9791092054231_1_75.jpg","medium":"https:\/\/images.epagine.fr\/231\/9791092054231_1_m.jpg","thumbnail":"https:\/\/images.epagine.fr\/231\/9791092054231_1_v.jpg"},"orderable":true,"show_badge":true,"formatted_price":"15,00&nbsp;\u20ac","formatted_published_date":"8 octobre 2013","publisher_availability_label":"Sur commande","short_details":"B\u00e9rang\u00e8re Ha\u00ebgy, Chlo\u00e9 Pirson \u2014 Galeries Et Musees","translator":null,"weight":210,"page_count":78,"readership":null,"editor":"Galeries Et Musees","price":1500,"published_date":"2013-10-07T22:00:00.000000Z","support":"Grand format","publisher_availability":1,"stock":0,"editions":[],"url":"https:\/\/quaidesbrumes.com\/ouvrage\/9791092054231\/a-fleur-de-chair"},{"id":"9781616892487","title":"Lois conner beijing contemporary and imperial","description":"Avec des photographies panoramiques noir et blanc, la photographe am\u00e9ricaine saisit toute la complexit\u00e9 de la ville de P\u00e9kin. La beaut\u00e9 immuable des ruines et des sites historiques contraste avec les constructions ultra modernes de b\u00e9ton et d'acier.","authors":["Conner Lois"],"category_codes":["6000000","6070000","6070200"],"visuals":{"large":"https:\/\/images.epagine.fr\/487\/9781616892487_1_75.jpg","medium":"https:\/\/images.epagine.fr\/487\/9781616892487_1_m.jpg","thumbnail":"https:\/\/images.epagine.fr\/487\/9781616892487_1_v.jpg"},"orderable":true,"show_badge":true,"formatted_price":"44,00&nbsp;\u20ac","formatted_published_date":"13 mai 2014","publisher_availability_label":"Sur commande","short_details":"Conner Lois \u2014 Princeton Architectural","translator":null,"weight":1500,"page_count":156,"readership":null,"editor":"Princeton Architectural","price":4400,"published_date":"2014-05-12T22:00:00.000000Z","support":"Grand format","publisher_availability":1,"stock":0,"editions":[],"url":"https:\/\/quaidesbrumes.com\/ouvrage\/9781616892487\/lois-conner-beijing-contemporary-and-imperial"},{"id":"9783775737746","title":"Heinrich heidersberger light harmonies \/anglais\/allemand","description":null,"authors":["Witt"],"category_codes":["6000000","6070000","6070200"],"visuals":{"large":"https:\/\/images.epagine.fr\/746\/9783775737746_1_75.jpg","medium":"https:\/\/images.epagine.fr\/746\/9783775737746_1_m.jpg","thumbnail":"https:\/\/images.epagine.fr\/746\/9783775737746_1_v.jpg"},"orderable":true,"show_badge":true,"formatted_price":"39,80&nbsp;\u20ac","formatted_published_date":"1er avril 2014","publisher_availability_label":"Sur commande","short_details":"Witt \u2014 Hatje Cantz","translator":null,"weight":1000,"page_count":120,"readership":null,"editor":"Hatje Cantz","price":3980,"published_date":"2014-03-31T22:00:00.000000Z","support":"Grand format","publisher_availability":1,"stock":0,"editions":[],"url":"https:\/\/quaidesbrumes.com\/ouvrage\/9783775737746\/heinrich-heidersberger-light-harmonies-anglaisallemand"},{"id":"9782915096156","title":"R\u00e9pertoire des photographes fran\u00e7ais d'Outre-Mer du XIXe si\u00e8cle","description":"La fin du XIX\u00e8me si\u00e8cle et les deux premi\u00e8res d\u00e9cennies du XXe si\u00e8cle ont \u00e9t\u00e9 l'\u00e2ge d'or de la carte postale dans de nombreux pays d'outre-mer. Si la carte postale constitue une mine de renseignements, il ne faut pas omettre les photos cartes de visite qui les ont devanc\u00e9es - tous les photographes, des plus humbles aux plus c\u00e9l\u00e8bres de la deuxi\u00e8me moiti\u00e9 du XIXe si\u00e8cle, utilisaient ce support.\r\nLe R\u00e9pertoire des photographes fran\u00e7ais d'Outre-Mer recense les photographes professionnels fran\u00e7ais et \u00e9trangers travaillant sur les territoires fran\u00e7ais du XIXe si\u00e8cle ainsi que les photographes professionnels fran\u00e7ais ayant travaill\u00e9 sur les territoires d'outre-mer autres que la France et l'Europe, photographes pour la plupart actifs entre 1839 et 1920.\r\nLa grande masse des principaux documents utilis\u00e9s pour r\u00e9aliser ce recensement sont les photos cartes de visite, un nombre non n\u00e9gligeable d'ouvrages photographiques et de journaux d'\u00e9poque.\r\nProfessionnels et amateurs nous offrent ainsi une v\u00e9ritable m\u00e9moire de ces pays - Bassin m\u00e9diterran\u00e9en, Afrique noire, Asie, Oc\u00e9anie et Am\u00e9rique - par leur production personnelle ou par les r\u00e9alisations d'\u00e9diteurs.\r\nFruit de 35 ann\u00e9es de travail, cet annuaire recense plus de 1000 photographes et r\u00e9unit des documents \u00e9manant principalement des collections des deux auteurs et d'un collectionneur priv\u00e9. Par son int\u00e9r\u00eat \u00e0 la fois historique, artistique et sociologique, il contribue notamment \u00e0 ressusciter un monde sans doute \u00e0 jamais disparu...","authors":["Jean-christophe Badot","Fran\u00e7ois Boisjoly"],"category_codes":["6000000","6070000","6070200"],"visuals":{"large":"https:\/\/images.epagine.fr\/156\/9782915096156_1_75.jpg","medium":"https:\/\/images.epagine.fr\/156\/9782915096156_1_m.jpg","thumbnail":"https:\/\/images.epagine.fr\/156\/9782915096156_1_v.jpg"},"orderable":true,"show_badge":true,"formatted_price":"80,00&nbsp;\u20ac","formatted_published_date":"2 d\u00e9cembre 2013","publisher_availability_label":"Sur commande","short_details":"Jean-christophe Badot, Fran\u00e7ois Boisjoly \u2014 Heritage Architectural","translator":null,"weight":0,"page_count":312,"readership":null,"editor":"Heritage Architectural","price":8000,"published_date":"2013-12-01T23:00:00.000000Z","support":"Grand format","publisher_availability":1,"stock":0,"editions":[],"url":"https:\/\/quaidesbrumes.com\/ouvrage\/9782915096156\/repertoire-des-photographes-francais-doutre-mer-du-xixe-siecle"},{"id":"9782358960328","title":"Aux affiches, citoyens ! ; 1789-1889 : un si\u00e8cle d'effervescence populaire \u00e0 travers les affiches politiques","description":null,"authors":["Ga\u00ebtan de Royer"],"category_codes":["6000000","6070000","6070300"],"visuals":{"large":"https:\/\/images.epagine.fr\/328\/9782358960328_1_75.jpg","medium":"https:\/\/images.epagine.fr\/328\/9782358960328_1_m.jpg","thumbnail":"https:\/\/images.epagine.fr\/328\/9782358960328_1_v.jpg"},"orderable":true,"show_badge":true,"formatted_price":"5,00&nbsp;\u20ac","formatted_published_date":"25 septembre 2014","publisher_availability_label":"Sur commande","short_details":"Ga\u00ebtan de Royer \u2014 Mecene","translator":null,"weight":535,"page_count":192,"readership":null,"editor":"Mecene","price":500,"published_date":"2014-09-24T22:00:00.000000Z","support":"Grand format","publisher_availability":1,"stock":0,"editions":[],"url":"https:\/\/quaidesbrumes.com\/ouvrage\/9782358960328\/aux-affiches-citoyens-1789-1889-un-siecle-deffervescence-populaire-a-travers-les-affiches-politiques"},{"id":"9789491376252","title":"Gert jochems s","description":null,"authors":["Jochems Gert"],"category_codes":["6000000","6070000","6070200"],"visuals":{"large":"https:\/\/images.epagine.fr\/252\/9789491376252_1_75.jpg","medium":"https:\/\/images.epagine.fr\/252\/9789491376252_1_m.jpg","thumbnail":"https:\/\/images.epagine.fr\/252\/9789491376252_1_v.jpg"},"orderable":true,"show_badge":true,"formatted_price":"29,50&nbsp;\u20ac","formatted_published_date":"1er ao\u00fbt 2013","publisher_availability_label":"Sur commande","short_details":"Jochems Gert \u2014 Hannibal","translator":null,"weight":500,"page_count":null,"readership":null,"editor":"Hannibal","price":2950,"published_date":"2013-07-31T22:00:00.000000Z","support":"Grand format","publisher_availability":1,"stock":0,"editions":[],"url":"https:\/\/quaidesbrumes.com\/ouvrage\/9789491376252\/gert-jochems-s"},{"id":"9783037784105","title":"Liminal spaces jurek wajdowicz fotografie_75 \/anglais\/allemand","description":null,"authors":["Wajdowicz"],"category_codes":["6000000","6070000","6070200"],"visuals":{"large":"https:\/\/images.epagine.fr\/105\/9783037784105_1_75.jpg","medium":"https:\/\/images.epagine.fr\/105\/9783037784105_1_m.jpg","thumbnail":"https:\/\/images.epagine.fr\/105\/9783037784105_1_v.jpg"},"orderable":true,"show_badge":true,"formatted_price":"60,00&nbsp;\u20ac","formatted_published_date":"1er janvier 2014","publisher_availability_label":"Sur commande","short_details":"Wajdowicz \u2014 Lars Muller","translator":null,"weight":1000,"page_count":112,"readership":null,"editor":"Lars Muller","price":6000,"published_date":"2013-12-31T23:00:00.000000Z","support":"Grand format","publisher_availability":1,"stock":0,"editions":[],"url":"https:\/\/quaidesbrumes.com\/ouvrage\/9783037784105\/liminal-spaces-jurek-wajdowicz-fotografie-75-anglaisallemand"},{"id":"9782322034284","title":"Jardin orch\u00e9sien ; faune, flore, litt\u00e9rature, philosophie et photographie","description":"Ceci est un aper\u00e7u de toutes les merveilles que peut contenir un petit jardin sans que nous nous en apercevions. La macrophotographie est un excellent moyen de d\u00e9couvrir le monde miniature qui nous entoure et surtout nous permet de r\u00e9fl\u00e9chir sur notre rapport \u00e0 la nature et sur notre relative grandeur et importance. Elle permet de r\u00e9fl\u00e9chir notamment sur des notions tel que le Beau et d'exprimer un amour infini \u00e0 toutes les esp\u00e8ces qui nous entourent et que bien des Hommes m\u00e9prisent, ne voient pas, ou tout simplement ignorent car elles ne font pas partie de leur champ de vision et surtout de leur \u00e9chelle. L'Homme se pense sup\u00e9rieur et donne de l'importance \u00e0 des choses qui n'en ont sans doute pas. Comme dirait Protagoras: \"L'Homme est la mesure de toute chose\". Ce projet est un travail de plusieurs mois dans un espace r\u00e9duit sans aucune retouche et n\u00e9cessitant tr\u00e8s peu de mat\u00e9riel. J'invite chacun \u00e0 en faire autant.","authors":["Fr\u00e9d\u00e9ric Lienard"],"category_codes":["6000000","6070000","6070200"],"visuals":{"large":"https:\/\/images.epagine.fr\/284\/9782322034284_1_75.jpg","medium":"https:\/\/images.epagine.fr\/284\/9782322034284_1_m.jpg","thumbnail":"https:\/\/images.epagine.fr\/284\/9782322034284_1_v.jpg"},"orderable":true,"show_badge":true,"formatted_price":"17,90&nbsp;\u20ac","formatted_published_date":"17 octobre 2013","publisher_availability_label":"Sur commande","short_details":"Fr\u00e9d\u00e9ric Lienard \u2014 Books on Demand","translator":null,"weight":401,"page_count":28,"readership":null,"editor":"Books on Demand","price":1790,"published_date":"2013-10-16T22:00:00.000000Z","support":"Beaux-livres","publisher_availability":1,"stock":0,"editions":["9782322035083"],"url":"https:\/\/quaidesbrumes.com\/ouvrage\/9782322034284\/jardin-orchesien-faune-flore-litterature-philosophie-et-photographie"},{"id":"9783858813435","title":"Jules beck der erste schweizer hochgebirgsfotograf \/allemand","description":null,"authors":["Alpines Museum Der S"],"category_codes":["6000000","6070000","6070200"],"visuals":{"large":"https:\/\/images.epagine.fr\/435\/9783858813435_1_75.jpg","medium":"https:\/\/images.epagine.fr\/435\/9783858813435_1_m.jpg","thumbnail":"https:\/\/images.epagine.fr\/435\/9783858813435_1_v.jpg"},"orderable":true,"show_badge":true,"formatted_price":"87,00&nbsp;\u20ac","formatted_published_date":"1er juin 2012","publisher_availability_label":"Sur commande","short_details":"Alpines Museum Der S \u2014 Scheidegger","translator":null,"weight":1936,"page_count":272,"readership":null,"editor":"Scheidegger","price":8700,"published_date":"2012-05-31T22:00:00.000000Z","support":"Grand format","publisher_availability":1,"stock":0,"editions":[],"url":"https:\/\/quaidesbrumes.com\/ouvrage\/9783858813435\/jules-beck-der-erste-schweizer-hochgebirgsfotograf-allemand"}]}