{"data":[{"id":"9782916583761","title":"Photographes de surf ; chasseurs de vagues","description":null,"authors":["Julien Roulland"],"category_codes":["6000000","6070000","6070200"],"visuals":{"large":"https:\/\/images.epagine.fr\/761\/9782916583761_1_75.jpg","medium":"https:\/\/images.epagine.fr\/761\/9782916583761_1_m.jpg","thumbnail":"https:\/\/images.epagine.fr\/761\/9782916583761_1_v.jpg"},"orderable":true,"show_badge":true,"formatted_price":"20,00&nbsp;\u20ac","formatted_published_date":"29 juin 2013","publisher_availability_label":"Sur commande","short_details":"Julien Roulland \u2014 Surf Session","translator":null,"weight":505,"page_count":108,"readership":null,"editor":"Surf Session","price":2000,"published_date":"2013-06-28T22:00:00.000000Z","support":"Grand format","publisher_availability":1,"stock":0,"editions":[],"url":"https:\/\/quaidesbrumes.com\/ouvrage\/9782916583761\/photographes-de-surf-chasseurs-de-vagues"},{"id":"9782916583822","title":"R\u00e9ussir la photo de surf","description":null,"authors":["Damien Poullenot","Julien Roulland"],"category_codes":["6000000","6070000","6070200"],"visuals":{"large":"https:\/\/images.epagine.fr\/822\/9782916583822_1_75.jpg","medium":"https:\/\/images.epagine.fr\/822\/9782916583822_1_m.jpg","thumbnail":"https:\/\/images.epagine.fr\/822\/9782916583822_1_v.jpg"},"orderable":true,"show_badge":true,"formatted_price":"12,90&nbsp;\u20ac","formatted_published_date":"22 ao\u00fbt 2013","publisher_availability_label":"Sur commande","short_details":"Damien Poullenot, Julien Roulland \u2014 Surf Session","translator":null,"weight":220,"page_count":64,"readership":null,"editor":"Surf Session","price":1290,"published_date":"2013-08-21T22:00:00.000000Z","support":"Grand format","publisher_availability":1,"stock":0,"editions":[],"url":"https:\/\/quaidesbrumes.com\/ouvrage\/9782916583822\/reussir-la-photo-de-surf"},{"id":"9782351371435","title":"Martin Karplus ; la couleur des ann\u00e9es 1950","description":"Martin Karplus (n\u00e9 \u00e0 Vienne en 1930, vivant aux \u00c9tats-Unis depuis 1938), scientifique mondialement reconnu pour ses travaux (entre autres, il est un pionnier de la th\u00e9orie chimique de r\u00e9sonance magn\u00e9tique nucl\u00e9aire) a aussi pratiqu\u00e9 la photographie en couleurs entre 1954 et 1965 : une bourse de la National Science Foundation lui a permis de visiter toute l'Europe, muni d'un Leica IIIC. Pendant cette pause dans une vie consacr\u00e9e \u00e0 la science, il n'a cess\u00e9 de produire des photographies avec les premi\u00e8res diapositives Kodachrome. Il a poursuivi ce travail durant quelques ann\u00e9es aux \u00c9tats-Unis, en Am\u00e9rique du Sud et en Asie. La centaine d'images s\u00e9lectionn\u00e9es parmi les milliers r\u00e9alis\u00e9es en quelques ann\u00e9es, t\u00e9moignent du regard curieux et profond\u00e9ment humaniste d'un tr\u00e8s grand chercheur.","authors":["Sylvie Aubenas","Nathalie Boulouch","Jean-Pierre Changeux","Martin Karplus"],"category_codes":["6000000","6070000","6070200"],"visuals":{"large":"https:\/\/images.epagine.fr\/435\/9782351371435_1_75.jpg","medium":"https:\/\/images.epagine.fr\/435\/9782351371435_1_m.jpg","thumbnail":"https:\/\/images.epagine.fr\/435\/9782351371435_1_v.jpg"},"orderable":true,"show_badge":true,"formatted_price":"25,00&nbsp;\u20ac","formatted_published_date":"6 mai 2013","publisher_availability_label":"Sur commande","short_details":"Sylvie Aubenas, Nathalie Boulouch, Jean-Pierre Changeux, Martin Karplus \u2014 EDITIONS DE L'OEIL","translator":null,"weight":450,"page_count":104,"readership":null,"editor":"EDITIONS DE L'OEIL","price":2500,"published_date":"2013-05-05T22:00:00.000000Z","support":"Grand format","publisher_availability":1,"stock":0,"editions":[],"url":"https:\/\/quaidesbrumes.com\/ouvrage\/9782351371435\/martin-karplus-la-couleur-des-annees-1950"},{"id":"9791254630730","title":"Alessandra Chemollo : Venice alter mundus","description":"Twenty years of ethereal Venice photography.\r\n\r\nThis volume presents 20 years of work by Italian photographer Alessandra Chemollo (born 1963), who captures the otherworldly beauty of Venice in a way that only a true Venetian can. The images are accompanied by text by Italian philosopher and essayist Franco Rella (born 1944).","authors":["Alessandra Chemollo"],"category_codes":["6000000","6070000","6070200","6070205"],"visuals":{"large":"https:\/\/images.epagine.fr\/730\/9791254630730_1_75.jpg","medium":"https:\/\/images.epagine.fr\/730\/9791254630730_1_m.jpg","thumbnail":"https:\/\/images.epagine.fr\/730\/9791254630730_1_v.jpg"},"orderable":true,"show_badge":true,"formatted_price":"40,00&nbsp;\u20ac","formatted_published_date":"28 mars 2023","publisher_availability_label":"Sur commande","short_details":"Alessandra Chemollo \u2014 Distributed Art Publishers","translator":null,"weight":801,"page_count":160,"readership":null,"editor":"Distributed Art Publishers","price":4000,"published_date":"2023-03-27T22:00:00.000000Z","support":"Grand format","publisher_availability":1,"stock":0,"editions":[],"url":"https:\/\/quaidesbrumes.com\/ouvrage\/9791254630730\/alessandra-chemollo-venice-alter-mundus"},{"id":"9782012164956","title":"Voyage dans l'empire othoman, l'egypte et la perse, fait par ordre du gouvernement - , pendant les s","description":"Voyage dans l'empire othoman, l'Egypte et la Perse, fait par ordre du gouvernement, pendant les six premi\u00e8res ann\u00e9es de la R\u00e9publique , par G.-A. Olivier,... avec atlas Date de l'\u00e9dition originale : 1801-1807 Ce livre est la reproduction fid\u00e8le d'une oeuvre publi\u00e9e avant 1920 et fait partie d'une collection de livres r\u00e9imprim\u00e9s \u00e0 la demande \u00e9dit\u00e9e par Hachette Livre, dans le cadre d'un partenariat avec la Biblioth\u00e8que nationale de France, offrant l'opportunit\u00e9 d'acc\u00e9der \u00e0 des ouvrages anciens et souvent rares issus des fonds patrimoniaux de la BnF.\r\nLes oeuvres faisant partie de cette collection ont \u00e9t\u00e9 num\u00e9ris\u00e9es par la BnF et sont pr\u00e9sentes sur Gallica, sa biblioth\u00e8que num\u00e9rique.\r\n\r\nEn entreprenant de redonner vie \u00e0 ces ouvrages au travers d'une collection de livres r\u00e9imprim\u00e9s \u00e0 la demande, nous leur donnons la possibilit\u00e9 de rencontrer un public \u00e9largi et participons \u00e0 la transmission de connaissances et de savoirs parfois difficilement accessibles.\r\nNous avons cherch\u00e9 \u00e0 concilier la reproduction fid\u00e8le d'un livre ancien \u00e0 partir de sa version num\u00e9ris\u00e9e avec le souci d'un confort de lecture optimal. Nous esp\u00e9rons que les ouvrages de cette nouvelle collection vous apporteront enti\u00e8re satisfaction.\r\n\r\nPour plus d'informations, rendez-vous sur www.hachettebnf.fr","authors":["Olivier\/Dezauche"],"category_codes":["6000000","6070000","6070200"],"visuals":{"large":"https:\/\/images.epagine.fr\/956\/9782012164956_1_75.jpg","medium":"https:\/\/images.epagine.fr\/956\/9782012164956_1_m.jpg","thumbnail":"https:\/\/images.epagine.fr\/956\/9782012164956_1_v.jpg"},"orderable":true,"show_badge":true,"formatted_price":"10,90&nbsp;\u20ac","formatted_published_date":"1er avril 2013","publisher_availability_label":"Sur commande","short_details":"Olivier\/Dezauche \u2014 Hachette BNF","translator":null,"weight":83,"page_count":null,"readership":null,"editor":"Hachette BNF","price":1090,"published_date":"2013-03-31T22:00:00.000000Z","support":"Grand format","publisher_availability":1,"stock":0,"editions":[],"url":"https:\/\/quaidesbrumes.com\/ouvrage\/9782012164956\/voyage-dans-lempire-othoman-legypte-et-la-perse-fait-par-ordre-du-gouvernement-pendant-les-s"},{"id":"9782954224909","title":"M\u00e2con en 3D","description":"D\u00e9couvrez M\u00e2con sous des perspectives \u00e9tonnantes avec cette balade photographique en 3D !\r\nDes angles de vue inhabituels, des panoramas ou des d\u00e9tails vous am\u00e8neront \u00e0 poser un nouveau regard sur les principaux \u00e9l\u00e9ments historiques de la ville. \r\nLa technique de la photographie en relief  ( identique \u00e0 celle utilis\u00e9e au cin\u00e9ma pour les films 3D )  met en valeur les volumes architecturaux et permet une approche originale et ludique du patrimoine local.\r\nChaussez vos lunettes 3D ( 1 paire fournie \u00e0 l'int\u00e9rieur de ce livre )  et suivez le guide !","authors":["Vincent Fournier"],"category_codes":["6000000","6070000","6070200"],"visuals":{"large":"https:\/\/images.epagine.fr\/909\/9782954224909_1_75.jpg","medium":"https:\/\/images.epagine.fr\/909\/9782954224909_1_m.jpg","thumbnail":"https:\/\/images.epagine.fr\/909\/9782954224909_1_v.jpg"},"orderable":true,"show_badge":true,"formatted_price":"9,90&nbsp;\u20ac","formatted_published_date":"20 novembre 2012","publisher_availability_label":"Sur commande","short_details":"Vincent Fournier \u2014 Vincent Fournier - 3d Photographe","translator":null,"weight":150,"page_count":24,"readership":null,"editor":"Vincent Fournier - 3d Photographe","price":990,"published_date":"2012-11-19T23:00:00.000000Z","support":"Grand format","publisher_availability":1,"stock":0,"editions":[],"url":"https:\/\/quaidesbrumes.com\/ouvrage\/9782954224909\/macon-en-3d"},{"id":"9782012733251","title":"Album photographique d'archeologie religieuse","description":"Album photographique d'arch\u00e9ologie religieuse \/ publi\u00e9 par M. Hippolyte Mal\u00e8gue,... sous le patronage de Monseigneur de Morlhon, \u00e9v\u00eaque du Puy, et d'apr\u00e8s le voeu \u00e9mis par le Congr\u00e8s scientifique de France (XXIIe session) ; texte par M. Aymard archiviste d\u00e9partemental...\r\nDate de l'\u00e9dition originale : 1857\r\n\r\nLe pr\u00e9sent ouvrage s'inscrit dans une politique de conservation patrimoniale des ouvrages de la litt\u00e9rature Fran\u00e7aise mise en place avec la BNF.\r\nHACHETTE LIVRE et la BNF proposent ainsi un catalogue de titres indisponibles, la BNF ayant num\u00e9ris\u00e9 ces oeuvres et HACHETTE LIVRE les imprimant \u00e0 la demande.\r\nCertains de ces ouvrages refl\u00e8tent des courants de pens\u00e9e caract\u00e9ristiques de leur \u00e9poque, mais qui seraient aujourd'hui jug\u00e9s condamnables.\r\nIls n'en appartiennent pas moins \u00e0 l'histoire des id\u00e9es en France et sont susceptibles de pr\u00e9senter un int\u00e9r\u00eat scientifique ou historique.\r\nLe sens de notre d\u00e9marche \u00e9ditoriale consiste ainsi \u00e0 permettre l'acc\u00e8s \u00e0 ces oeuvres sans pour autant que nous en cautionnions en aucune fa\u00e7on le contenu.\r\n\r\nPour plus d'informations, rendez-vous sur www.hachettebnf.fr","authors":["Aymard Auguste"],"category_codes":["6000000","6070000","6070200"],"visuals":{"large":"https:\/\/images.epagine.fr\/251\/9782012733251_1_75.jpg","medium":"https:\/\/images.epagine.fr\/251\/9782012733251_1_m.jpg","thumbnail":"https:\/\/images.epagine.fr\/251\/9782012733251_1_v.jpg"},"orderable":true,"show_badge":true,"formatted_price":"18,50&nbsp;\u20ac","formatted_published_date":"1er avril 2013","publisher_availability_label":"Sur commande","short_details":"Aymard Auguste \u2014 Hachette BNF","translator":null,"weight":270,"page_count":185,"readership":null,"editor":"Hachette BNF","price":1850,"published_date":"2013-03-31T22:00:00.000000Z","support":"Grand format","publisher_availability":1,"stock":0,"editions":["9782012857940","9782019911386"],"url":"https:\/\/quaidesbrumes.com\/ouvrage\/9782012733251\/album-photographique-darcheologie-religieuse"},{"id":"9782012733893","title":"Application aux portraits photographiques d'un systeme d'eclairage a l'aide d'un ecran - de tete mob","description":"Application aux portraits photographiques d'un syst\u00e8me d'\u00e9clairage \u00e0 l'aide d'un \u00e9cran de t\u00eate mobile et color\u00e9... \/ par C. Klary...\r\nDate de l'\u00e9dition originale : 1875\r\n\r\nLe pr\u00e9sent ouvrage s'inscrit dans une politique de conservation patrimoniale des ouvrages de la litt\u00e9rature Fran\u00e7aise mise en place avec la BNF.\r\nHACHETTE LIVRE et la BNF proposent ainsi un catalogue de titres indisponibles, la BNF ayant num\u00e9ris\u00e9 ces oeuvres et HACHETTE LIVRE les imprimant \u00e0 la demande.\r\nCertains de ces ouvrages refl\u00e8tent des courants de pens\u00e9e caract\u00e9ristiques de leur \u00e9poque, mais qui seraient aujourd'hui jug\u00e9s condamnables.\r\nIls n'en appartiennent pas moins \u00e0 l'histoire des id\u00e9es en France et sont susceptibles de pr\u00e9senter un int\u00e9r\u00eat scientifique ou historique.\r\nLe sens de notre d\u00e9marche \u00e9ditoriale consiste ainsi \u00e0 permettre l'acc\u00e8s \u00e0 ces oeuvres sans pour autant que nous en cautionnions en aucune fa\u00e7on le contenu.\r\n\r\nPour plus d'informations, rendez-vous sur www.hachettebnf.fr","authors":["Klary C."],"category_codes":["6000000","6070000","6070200"],"visuals":{"large":"https:\/\/images.epagine.fr\/893\/9782012733893_1_75.jpg","medium":"https:\/\/images.epagine.fr\/893\/9782012733893_1_m.jpg","thumbnail":"https:\/\/images.epagine.fr\/893\/9782012733893_1_v.jpg"},"orderable":true,"show_badge":true,"formatted_price":"11,50&nbsp;\u20ac","formatted_published_date":"1er avril 2013","publisher_availability_label":"Sur commande","short_details":"Klary C. \u2014 Hachette BNF","translator":null,"weight":108,"page_count":64,"readership":null,"editor":"Hachette BNF","price":1150,"published_date":"2013-03-31T22:00:00.000000Z","support":"Grand format","publisher_availability":1,"stock":0,"editions":["9782019129163"],"url":"https:\/\/quaidesbrumes.com\/ouvrage\/9782012733893\/application-aux-portraits-photographiques-dun-systeme-declairage-a-laide-dun-ecran-de-tete-mob"},{"id":"9782012186828","title":"La photographie pratique : manuel \u00e0 l'usage des officiers, des explorateurs et des touristes","description":"La photographie pratique : manuel \u00e0 l'usage des officiers, des explorateurs et des touristes (Nouveau tirage) \/ par le Commandant E. Joly,...\r\nDate de l'\u00e9dition originale : 1898\r\nSujet de l'ouvrage : Photographie -- Guides pratiques et m\u00e9mentos\r\nCollection : Biblioth\u00e8que photographique\r\n\r\nLe pr\u00e9sent ouvrage s'inscrit dans une politique de conservation patrimoniale des ouvrages de la litt\u00e9rature Fran\u00e7aise mise en place avec la BNF.\r\nHACHETTE LIVRE et la BNF proposent ainsi un catalogue de titres indisponibles, la BNF ayant num\u00e9ris\u00e9 ces oeuvres et HACHETTE LIVRE les imprimant \u00e0 la demande.\r\nCertains de ces ouvrages refl\u00e8tent des courants de pens\u00e9e caract\u00e9ristiques de leur \u00e9poque, mais qui seraient aujourd'hui jug\u00e9s condamnables.\r\nIls n'en appartiennent pas moins \u00e0 l'histoire des id\u00e9es en France et sont susceptibles de pr\u00e9senter un int\u00e9r\u00eat scientifique ou historique.\r\nLe sens de notre d\u00e9marche \u00e9ditoriale consiste ainsi \u00e0 permettre l'acc\u00e8s \u00e0 ces oeuvres sans pour autant que nous en cautionnions en aucune fa\u00e7on le contenu.\r\n\r\nPour plus d'informations, rendez-vous sur www.hachettebnf.fr","authors":["Joly Edouard-Leon"],"category_codes":["6000000","6070000","6070200"],"visuals":{"large":"https:\/\/images.epagine.fr\/828\/9782012186828_1_75.jpg","medium":"https:\/\/images.epagine.fr\/828\/9782012186828_1_m.jpg","thumbnail":"https:\/\/images.epagine.fr\/828\/9782012186828_1_v.jpg"},"orderable":true,"show_badge":true,"formatted_price":"11,50&nbsp;\u20ac","formatted_published_date":"1er avril 2013","publisher_availability_label":"Sur commande","short_details":"Joly Edouard-Leon \u2014 Hachette BNF","translator":null,"weight":108,"page_count":64,"readership":null,"editor":"Hachette BNF","price":1150,"published_date":"2013-03-31T22:00:00.000000Z","support":"Grand format","publisher_availability":1,"stock":0,"editions":[],"url":"https:\/\/quaidesbrumes.com\/ouvrage\/9782012186828\/la-photographie-pratique-manuel-a-lusage-des-officiers-des-explorateurs-et-des-touristes"},{"id":"9789401405041","title":"The eye of the photographer","description":"Photography influences the way we look at reality. When seen through a camera lens, or in a photograph, the world looks different ; the vision of the photographer determines the image.\r\nThe Eye of the Photographer illustrates how photographers, both past and present, have worked. According to the photographic perspective - objectifying or subjectifying, public or private - the reader is presented with different interpretations of reality. The Eye of the Photographer takes a new, thematic look at the history of photography. This publication contains over 150 highlights from the rich and international photography and camera collection of FoMu, including work by \u00c9douard Baldus, Dirk Braeckman, Claude Cahun, Robert Capa, Henri Cartier-Bresson, Robert Doisneau, Francis Frith, William Klein, Eadweard Muybridge, Nadar, Stephen Shore, Edward Steichen, Alfred Stieglitz and others.\r\nIn addition, the book describes how the main camera types function and offers a well-organized timeline in which the most common photographic techniques are explained in the context of the technological evolution.","authors":["Fomu"],"category_codes":["6000000","6070000","6070200"],"visuals":{"large":"https:\/\/images.epagine.fr\/041\/9789401405041_1_75.jpg","medium":"https:\/\/images.epagine.fr\/041\/9789401405041_1_m.jpg","thumbnail":"https:\/\/images.epagine.fr\/041\/9789401405041_1_v.jpg"},"orderable":true,"show_badge":true,"formatted_price":"34,99&nbsp;\u20ac","formatted_published_date":"27 novembre 2012","publisher_availability_label":"Sur commande","short_details":"Fomu \u2014 Lannoo","translator":null,"weight":0,"page_count":null,"readership":null,"editor":"Lannoo","price":3499,"published_date":"2012-11-26T23:00:00.000000Z","support":"Grand format","publisher_availability":1,"stock":0,"editions":[],"url":"https:\/\/quaidesbrumes.com\/ouvrage\/9789401405041\/the-eye-of-the-photographer"},{"id":"9782365838528","title":"Loin d'Hollywood ?","description":"Cet ouvrage explore quatre cin\u00e9matographies nationales (fran\u00e7aise, allemande, sovi\u00e9tique et chinoise) dans leur rapport au mod\u00e8le am\u00e9ricain de production durant la d\u00e9cennie d\u00e9cisive qui vit l'av\u00e8nement du cin\u00e9ma sonore (1925-1935). Les ann\u00e9es 1925-1935 sont encore parfois consid\u00e9r\u00e9es comme des ann\u00e9es obscures, travers\u00e9es par des tensions contradictoires, des t\u00e2tonnements ; ce serait une p\u00e9riode d'essai s'opposant \u00e0 celle qui vit s'\u00e9laborer les cin\u00e9mas classiques domin\u00e9s par la standardisation. R\u00e9\u00e9valuant ce st\u00e9r\u00e9otype, le propos de cet ouvrage est aussi de souligner comment, par-del\u00e0 les bouleversements, les innovations et les tentatives d'adaptation que connurent diverses cin\u00e9matographies mondiales, se dessinent des permanences et la r\u00e9affirmation de certaines normes. En abordant des questions aussi centrales que celles des transferts culturels, du mod\u00e8le et de ses modalit\u00e9s d'appropriation, de l'acculturation, cet ensemble d'articles ouvre des perspectives importantes sur le plan m\u00e9thodologique mais aussi \u00e9pist\u00e9mologique. Il nous montre surtout que, d\u00e8s l'entre-deux-guerres, et particuli\u00e8rement durant cette phase critique de transition, la cin\u00e9matographie loin d'Hollywood, de l'Europe \u00e0 l'Asie, n'a pu faire autrement que de se situer face \u00e0 Hollywood.\r\n\r\nChristophe Gauthier est directeur du d\u00e9partement de l'Audiovisuel de la Biblioth\u00e8que nationale de France. Il est notamment l'auteur de La Passion du cin\u00e9ma. Cin\u00e9philes, cin\u00e9-clubs et salles sp\u00e9cialis\u00e9es \u00e0 Paris de 1920 \u00e0 1929 (AFRHC\/Ecole des chartes, 1999). Anne Kerlan, chercheure et directrice adjointe de l'Institut d'histoire du temps pr\u00e9sent (UPR 301, CNRS), est sp\u00e9cialiste de l'histoire culturelle de la Chine et de l'histoire du cin\u00e9ma chinois et l'auteure de plusieurs articles sur ce sujet. Dimitri Vezyroglou est ma\u00eetre de conf\u00e9rences en histoire du cin\u00e9ma \u00e0 l'universit\u00e9 Paris I Panth\u00e9on-Sorbonne. Il est notamment l'auteur de Le Cin\u00e9ma en France \u00e0 la veille du parlant. Un essai d'histoire culturelle (CNRS \u00e9ditions, 2011).","authors":["Christophe Gauthier","Anne Kerlan","Dimitri Vezyroglou"],"category_codes":["6000000","6070000","6070300"],"visuals":{"large":"https:\/\/images.epagine.fr\/528\/9782365838528_1_75.jpg","medium":"https:\/\/images.epagine.fr\/528\/9782365838528_1_m.jpg","thumbnail":"https:\/\/images.epagine.fr\/528\/9782365838528_1_v.jpg"},"orderable":true,"show_badge":true,"formatted_price":"25,00&nbsp;\u20ac","formatted_published_date":"25 octobre 2013","publisher_availability_label":"Sur commande","short_details":"Christophe Gauthier, Anne Kerlan, Dimitri Vezyroglou \u2014 Nouveau Monde \u00c9ditions","translator":null,"weight":366,"page_count":272,"readership":null,"editor":"Nouveau Monde \u00c9ditions","price":2500,"published_date":"2013-10-24T22:00:00.000000Z","support":"Grand format","publisher_availability":1,"stock":0,"editions":[],"url":"https:\/\/quaidesbrumes.com\/ouvrage\/9782365838528\/loin-dhollywood"},{"id":"9783869306513","title":"Distance and desire - african photography from the walther collection","description":"Ce troisi\u00e8me volume consacr\u00e9 \u00e0 la photographie africaine de la collection d'Arthur Walther s'int\u00e9resse \u00e0 la photographie ethnographique de la fin du 19e et du d\u00e9but du 20e si\u00e8cle pour la confronter aux clich\u00e9s de photographes contemporains qui s'en sont inspir\u00e9s pour la d\u00e9tourner et la critiquer.","authors":["Walther Artur"],"category_codes":["6000000","6070000","6070200"],"visuals":{"large":"https:\/\/images.epagine.fr\/513\/9783869306513_1_75.jpg","medium":"https:\/\/images.epagine.fr\/513\/9783869306513_1_m.jpg","thumbnail":"https:\/\/images.epagine.fr\/513\/9783869306513_1_v.jpg"},"orderable":true,"show_badge":true,"formatted_price":"68,00&nbsp;\u20ac","formatted_published_date":"1er avril 2013","publisher_availability_label":"Sur commande","short_details":"Walther Artur \u2014 Steidl","translator":null,"weight":1900,"page_count":352,"readership":null,"editor":"Steidl","price":6800,"published_date":"2013-03-31T22:00:00.000000Z","support":"Grand format","publisher_availability":1,"stock":0,"editions":[],"url":"https:\/\/quaidesbrumes.com\/ouvrage\/9783869306513\/distance-and-desire-african-photography-from-the-walther-collection"},{"id":"9782916073996","title":"Le sirop de la rue","description":"Roland Laboye est de ces photographes humanistes qui savent pressentir l'inattendu et traquer l'invisible. Dans son oeuvre au Leica, o\u00f9 l'emporte la cocasserie, pas d'effet spectaculaire mais une photographie \u00e0 hauteur d'homme, une vision de promeneur pour souligner sans fard les petites sc\u00e8nes quotidiennes qui donnent son sens \u00e0 la vie.\r\nComme l'explique Marc Riboud : \u00ab Roland Laboye ne cherche pas \u00e0 plaire par la belle photo. Il s'\u00e9loigne avec bonheur de toute pr\u00e9tention formelle et de tout acad\u00e9misme. S'il nous touche, c'est par la spontan\u00e9it\u00e9 de son coup d'oeil, par cette saveur chantante du midi o\u00f9 l'on pr\u00e9f\u00e8re rire que pleurer, et o\u00f9 le spectacle de la rue vaut mieux que le cin\u00e9ma ou la t\u00e9l\u00e9. \u00bb Cette monographie pr\u00e9sente en une centaine d'images l'essentiel du travail de Roland Laboye.","authors":["Roland Laboye"],"category_codes":["6000000","6070000","6070200"],"visuals":{"large":"https:\/\/images.epagine.fr\/996\/9782916073996_1_75.jpg","medium":"https:\/\/images.epagine.fr\/996\/9782916073996_1_m.jpg","thumbnail":"https:\/\/images.epagine.fr\/996\/9782916073996_1_v.jpg"},"orderable":true,"show_badge":true,"formatted_price":"28,00&nbsp;\u20ac","formatted_published_date":"28 mars 2013","publisher_availability_label":"Sur commande","short_details":"Roland Laboye \u2014 LE BEC EN L'AIR","translator":null,"weight":670,"page_count":128,"readership":null,"editor":"LE BEC EN L'AIR","price":2800,"published_date":"2013-03-27T23:00:00.000000Z","support":"Grand format","publisher_availability":1,"stock":0,"editions":[],"url":"https:\/\/quaidesbrumes.com\/ouvrage\/9782916073996\/le-sirop-de-la-rue"},{"id":"9780316243414","title":"Ansel adams in the canadian rockies","description":"C'est en 1928, \u00e0 l'occasion de la sortie annuelle du Sierra Club dans les Rocheuses Canadiennes, qu'Ansel Adams se joint pour la premi\u00e8re fois \u00e0 cette organisation de protection de l'environnement en tant que photographe officiel. Les splendides images de ce trek ambitieux, dans lesquelles transpara\u00eet l'\u00e9motion des d\u00e9buts, marqueront le d\u00e9but de sa longue carri\u00e8re de photographe.","authors":["Ansel Adams"],"category_codes":["6000000","6070000","6070200"],"visuals":{"large":"https:\/\/images.epagine.fr\/414\/9780316243414_1_75.jpg","medium":"https:\/\/images.epagine.fr\/414\/9780316243414_1_m.jpg","thumbnail":"https:\/\/images.epagine.fr\/414\/9780316243414_1_v.jpg"},"orderable":true,"show_badge":true,"formatted_price":"30,00&nbsp;\u20ac","formatted_published_date":"31 octobre 2013","publisher_availability_label":"Sur commande","short_details":"Ansel Adams \u2014 Little Brown Us","translator":null,"weight":600,"page_count":96,"readership":null,"editor":"Little Brown Us","price":3000,"published_date":"2013-10-30T23:00:00.000000Z","support":"Grand format","publisher_availability":1,"stock":0,"editions":[],"url":"https:\/\/quaidesbrumes.com\/ouvrage\/9780316243414\/ansel-adams-in-the-canadian-rockies"},{"id":"9782853137133","title":"Enfants, parents, \u00e9crans","description":"Beaucoup de questions se posent aux parents quand on en vient au rapport entre les enfants et les \u00e9crans : celui de la t\u00e9l\u00e9vision, mais aussi ceux des jeux vid\u00e9o, des ordinateurs, des tablettes... \u00c0 quel \u00e2ge commencer \u00e0 y exposer les enfants ? Quels sont les effets d'une utilisation pr\u00e9coce des \u00e9crans sur la capacit\u00e9 des enfants \u00e0 se concentrer ou \u00e0 lire ainsi que sur leur cr\u00e9ativit\u00e9 et leurs performances scolaires ? \u00c0 partir des r\u00e9sultats de recherches sur l'impact que la t\u00e9l\u00e9vision et les autres \u00e9crans ont sur les enfants de 0 \u00e0 10 ans, en passant par des exp\u00e9riences de parents et des propos recueillis aupr\u00e8s d'enseignants, la premi\u00e8re partie du livre essaie de r\u00e9pondre \u00e0 ces questions. \u00c0 travers une synth\u00e8se riche en donn\u00e9es, structur\u00e9e en suivant le d\u00e9veloppement de l'enfant, cette partie se propose d'aider parents et \u00e9ducateurs \u00e0 faire des choix avis\u00e9s.\r\nLa seconde partie du livre propose une s\u00e9lection d'oeuvres de qualit\u00e9 - dessins anim\u00e9s et films - \u00e0 regarder et commenter en famille avec des enfants \u00e0 partir de six ans. Des fiches \u00e0 la port\u00e9e de tous facilitent la pr\u00e9sentation de chaque oeuvre et sugg\u00e8rent des pistes de dialogue et de r\u00e9flexion.\r\nDans son ensemble, ce livre offre aux parents et \u00e9ducateurs des outils pour r\u00e9fl\u00e9chir sur les r\u00e9els besoins des enfants et les accompagner dans leur exploration du monde des \u00e9crans.","authors":["Mario Ponta","Maria teresa Siniscalco","Claire Perfumo"],"category_codes":["6000000","6070000","6070300"],"visuals":{"large":"https:\/\/images.epagine.fr\/133\/9782853137133_1_75.jpg","medium":"https:\/\/images.epagine.fr\/133\/9782853137133_1_m.jpg","thumbnail":"https:\/\/images.epagine.fr\/133\/9782853137133_1_v.jpg"},"orderable":true,"show_badge":true,"formatted_price":"17,00&nbsp;\u20ac","formatted_published_date":"30 janvier 2014","publisher_availability_label":"Sur commande","short_details":"Mario Ponta, Maria teresa Siniscalco, Claire Perfumo \u2014 Nouvelle Cit\u00e9","translator":"CLAIRE PERFUMO","weight":255,"page_count":180,"readership":null,"editor":"Nouvelle Cit\u00e9","price":1700,"published_date":"2014-01-29T23:00:00.000000Z","support":"Grand format","publisher_availability":1,"stock":0,"editions":[],"url":"https:\/\/quaidesbrumes.com\/ouvrage\/9782853137133\/enfants-parents-ecrans"},{"id":"9783791348650","title":"Robert nickelsberg afghanistan a distant war","description":null,"authors":["Nickelsberg Robert"],"category_codes":["6000000","6070000","6070200"],"visuals":{"large":"https:\/\/images.epagine.fr\/650\/9783791348650_1_75.jpg","medium":"https:\/\/images.epagine.fr\/650\/9783791348650_1_m.jpg","thumbnail":"https:\/\/images.epagine.fr\/650\/9783791348650_1_v.jpg"},"orderable":true,"show_badge":true,"formatted_price":"65,00&nbsp;\u20ac","formatted_published_date":"1er octobre 2013","publisher_availability_label":"Sur commande","short_details":"Nickelsberg Robert \u2014 Prestel","translator":null,"weight":1400,"page_count":192,"readership":null,"editor":"Prestel","price":6500,"published_date":"2013-09-30T22:00:00.000000Z","support":"Grand format","publisher_availability":1,"stock":0,"editions":[],"url":"https:\/\/quaidesbrumes.com\/ouvrage\/9783791348650\/robert-nickelsberg-afghanistan-a-distant-war"},{"id":"9783791348551","title":"Tod seelie bright nights","description":"Les photographies du new yorkais Tod Seelie d\u00e9peignent une autre r\u00e9alit\u00e9 de la ville que celle des films ou des cartes postales. Son exp\u00e9rience est celle de l'underground, des personnes en marge, les freaks , vivant la nuit, dans des lieux d\u00e9saffect\u00e9s. Dans cette s\u00e9rie de photo, il r\u00e9v\u00e8le cette \u00e9nergie souterraine, \u00e0 l'\u00e9cart de toutes les conventions.","authors":["Seelie Tod"],"category_codes":["6000000","6070000","6070200"],"visuals":{"large":"https:\/\/images.epagine.fr\/551\/9783791348551_1_75.jpg","medium":"https:\/\/images.epagine.fr\/551\/9783791348551_1_m.jpg","thumbnail":"https:\/\/images.epagine.fr\/551\/9783791348551_1_v.jpg"},"orderable":true,"show_badge":true,"formatted_price":"35,00&nbsp;\u20ac","formatted_published_date":"1er octobre 2013","publisher_availability_label":"Sur commande","short_details":"Seelie Tod \u2014 Prestel","translator":null,"weight":1000,"page_count":192,"readership":null,"editor":"Prestel","price":3500,"published_date":"2013-09-30T22:00:00.000000Z","support":"Grand format","publisher_availability":1,"stock":0,"editions":[],"url":"https:\/\/quaidesbrumes.com\/ouvrage\/9783791348551\/tod-seelie-bright-nights"},{"id":"9783791347608","title":"Siberia in the eyes of russian photographers","description":null,"authors":["Leah Bendavid-Val"],"category_codes":["6000000","6070000","6070200"],"visuals":{"large":"https:\/\/images.epagine.fr\/608\/9783791347608_1_75.jpg","medium":"https:\/\/images.epagine.fr\/608\/9783791347608_1_m.jpg","thumbnail":"https:\/\/images.epagine.fr\/608\/9783791347608_1_v.jpg"},"orderable":true,"show_badge":true,"formatted_price":"65,00&nbsp;\u20ac","formatted_published_date":"1er ao\u00fbt 2013","publisher_availability_label":"Sur commande","short_details":"Leah Bendavid-Val \u2014 Prestel","translator":null,"weight":1400,"page_count":240,"readership":null,"editor":"Prestel","price":6500,"published_date":"2013-07-31T22:00:00.000000Z","support":"Grand format","publisher_availability":1,"stock":0,"editions":[],"url":"https:\/\/quaidesbrumes.com\/ouvrage\/9783791347608\/siberia-in-the-eyes-of-russian-photographers"},{"id":"9782952801850","title":"Southeast asian cinema ; le cin\u00e9ma d'asie du sud-est","description":null,"authors":["Collectif"],"category_codes":["6000000","6070000","6070300"],"visuals":{"large":"https:\/\/images.epagine.fr\/850\/9782952801850_1_75.jpg","medium":"https:\/\/images.epagine.fr\/850\/9782952801850_1_m.jpg","thumbnail":"https:\/\/images.epagine.fr\/850\/9782952801850_1_v.jpg"},"orderable":true,"show_badge":true,"formatted_price":"29,00&nbsp;\u20ac","formatted_published_date":"12 avril 2012","publisher_availability_label":"Sur commande","short_details":"Collectif \u2014 Asiexpo","translator":null,"weight":890,"page_count":null,"readership":null,"editor":"Asiexpo","price":2900,"published_date":"2012-04-11T22:00:00.000000Z","support":"Grand format","publisher_availability":1,"stock":0,"editions":[],"url":"https:\/\/quaidesbrumes.com\/ouvrage\/9782952801850\/southeast-asian-cinema-le-cinema-dasie-du-sud-est"},{"id":"9782954183343","title":"Le voyage du Bambou ; entre Asie et C\u00e9vennes","description":"Que l'on arrive par la trou\u00e9e d'Anduze, le long du Gardon ou par les vall\u00e9es c\u00e9venoles, aust\u00e8re paysage fa\u00e7onn\u00e9 par la main de l'homme, la porte du parc de Prafrance  franchie, la surprise est grande : nous sommes dans un monde de g\u00e9ants. D'\u00e9tranges visions nous font perdre le sens de l'orientation, nous sommes envo\u00fbt\u00e9s par le myst\u00e8re : o\u00f9 sommes-nous ? En Asie ? Ailleurs ?","authors":["Herv\u00e9 Grimal"],"category_codes":["6000000","6070000","6070200"],"visuals":{"large":"https:\/\/images.epagine.fr\/343\/9782954183343_1_75.jpg","medium":"https:\/\/images.epagine.fr\/343\/9782954183343_1_m.jpg","thumbnail":"https:\/\/images.epagine.fr\/343\/9782954183343_1_v.jpg"},"orderable":true,"show_badge":true,"formatted_price":"22,50&nbsp;\u20ac","formatted_published_date":"13 mai 2013","publisher_availability_label":"Sur commande","short_details":"Herv\u00e9 Grimal \u2014 Complices","translator":null,"weight":200,"page_count":33,"readership":null,"editor":"Complices","price":2250,"published_date":"2013-05-12T22:00:00.000000Z","support":"Grand format","publisher_availability":1,"stock":0,"editions":[],"url":"https:\/\/quaidesbrumes.com\/ouvrage\/9782954183343\/le-voyage-du-bambou-entre-asie-et-cevennes"},{"id":"9782916289403","title":"PLUS BELLE LA VIE : Patrick, le secret des origines","description":"Quand Patrick et Babeth, son \u00e9pouse, sont venus me demander d'\u00e9crire l'histoire de la m\u00e8re de Patrick, j'ai h\u00e9sit\u00e9 \u00e0 dire oui. Comment d\u00e9crire mieux que Patrick le trouble qu'il a ressenti en partant sur les traces de sa m\u00e8re, disparue du jour au lendemain lorsqu'il avait quatre ans ? Comment ne pas trahir l'\u00e9motion qui l'a submerg\u00e9 en d\u00e9couvrant qu'elle avait \u00e9t\u00e9 assassin\u00e9e - et qu'elle ne l'avait donc pas abandonn\u00e9, comme il l'avait toujours cru ?\r\nMais, tr\u00e8s vite, je me suis laiss\u00e9 envo\u00fbter par le fant\u00f4me d'Emmanuelle, cette femme libre et passionn\u00e9e, mod\u00e8le \u00e0 la beaut\u00e9 scandaleuse dont le milieu artistique marseillais des ann\u00e9es 1970 avait fait son \u00e9g\u00e9rie. J'ai voulu savoir ce qui lui \u00e9tait arriv\u00e9.\r\nQui \u00e9tait le p\u00e8re de Patrick ? Quelle porte Emmanuelle n'aurait-elle jamais d\u00fb pousser ? Et pourquoi a-t-on voulu fermer \u00e0 tout jamais ses beaux yeux ensorcelants et fiers ?","authors":["Marci Blanche"],"category_codes":["6000000","6070000","6070300"],"visuals":{"large":"https:\/\/images.epagine.fr\/403\/9782916289403_1_75.jpg","medium":"https:\/\/images.epagine.fr\/403\/9782916289403_1_m.jpg","thumbnail":"https:\/\/images.epagine.fr\/403\/9782916289403_1_v.jpg"},"orderable":true,"show_badge":true,"formatted_price":"12,00&nbsp;\u20ac","formatted_published_date":"13 novembre 2013","publisher_availability_label":"Sur commande","short_details":"Marci Blanche \u2014 LE TIGRE BLEU","translator":null,"weight":202,"page_count":168,"readership":null,"editor":"LE TIGRE BLEU","price":1200,"published_date":"2013-11-12T23:00:00.000000Z","support":"Grand format","publisher_availability":1,"stock":0,"editions":[],"url":"https:\/\/quaidesbrumes.com\/ouvrage\/9782916289403\/plus-belle-la-vie-patrick-le-secret-des-origines"},{"id":"9782822408608","title":"Photoshop Elements 12","description":"Envie de d\u00e9couvrir Photoshop Elements 12 \u00e0 votre rythme? Avec la collection 200% Visuel, choisissez un th\u00e8me pratique et laissez-vous guider par des explications d\u00e9taill\u00e9es pas \u00e0 pas avec des illustrations \u00e0 chaque \u00e9tape. Un guide clair et complet pour aborder l'informatique et approfondir vos connaissances en toute simplicit\u00e9.","authors":["Nicolas Boudier-ducloy"],"category_codes":["10000000","10070000","10070300","10070302"],"visuals":{"large":"https:\/\/images.epagine.fr\/608\/9782822408608_1_75.jpg","medium":"https:\/\/images.epagine.fr\/608\/9782822408608_1_m.jpg","thumbnail":"https:\/\/images.epagine.fr\/608\/9782822408608_1_v.jpg"},"orderable":true,"show_badge":true,"formatted_price":"22,90&nbsp;\u20ac","formatted_published_date":"26 f\u00e9vrier 2014","publisher_availability_label":"Sur commande","short_details":"Nicolas Boudier-ducloy \u2014 MA","translator":null,"weight":645,"page_count":140,"readership":null,"editor":"MA","price":2290,"published_date":"2014-02-25T23:00:00.000000Z","support":"Grand format","publisher_availability":1,"stock":0,"editions":[],"url":"https:\/\/quaidesbrumes.com\/ouvrage\/9782822408608\/photoshop-elements-12"},{"id":"9782011893642","title":"De la photographie et de ses applications aux besoins de l'arm\u00e9e","description":"De la photographie et de ses applications aux besoins de l'arm\u00e9e : entretien fait \u00e0 la R\u00e9union des officiers le 23 avril 1872 \/ par M. Dumas,...\r\nDate de l'\u00e9dition originale : 1872 Sujet de l'ouvrage : Photogr. Techniq. 1872 Ce livre est la reproduction fid\u00e8le d'une oeuvre publi\u00e9e avant 1920 et fait partie d'une collection de livres r\u00e9imprim\u00e9s \u00e0 la demande \u00e9dit\u00e9e par Hachette Livre, dans le cadre d'un partenariat avec la Biblioth\u00e8que nationale de France, offrant l'opportunit\u00e9 d'acc\u00e9der \u00e0 des ouvrages anciens et souvent rares issus des fonds patrimoniaux de la BnF.\r\nLes oeuvres faisant partie de cette collection ont \u00e9t\u00e9 num\u00e9ris\u00e9es par la BnF et sont pr\u00e9sentes sur Gallica, sa biblioth\u00e8que num\u00e9rique.\r\n\r\nEn entreprenant de redonner vie \u00e0 ces ouvrages au travers d'une collection de livres r\u00e9imprim\u00e9s \u00e0 la demande, nous leur donnons la possibilit\u00e9 de rencontrer un public \u00e9largi et participons \u00e0 la transmission de connaissances et de savoirs parfois difficilement accessibles.\r\nNous avons cherch\u00e9 \u00e0 concilier la reproduction fid\u00e8le d'un livre ancien \u00e0 partir de sa version num\u00e9ris\u00e9e avec le souci d'un confort de lecture optimal. Nous esp\u00e9rons que les ouvrages de cette nouvelle collection vous apporteront enti\u00e8re satisfaction.\r\n\r\nPour plus d'informations, rendez-vous sur www.hachettebnf.fr","authors":["Floridor Dumas"],"category_codes":["6000000","6070000","6070200"],"visuals":{"large":"https:\/\/images.epagine.fr\/642\/9782011893642_1_75.jpg","medium":"https:\/\/images.epagine.fr\/642\/9782011893642_1_m.jpg","thumbnail":"https:\/\/images.epagine.fr\/642\/9782011893642_1_v.jpg"},"orderable":true,"show_badge":true,"formatted_price":"9,50&nbsp;\u20ac","formatted_published_date":"1er avril 2013","publisher_availability_label":"Sur commande","short_details":"Floridor Dumas \u2014 Hachette BNF","translator":null,"weight":73,"page_count":37,"readership":null,"editor":"Hachette BNF","price":950,"published_date":"2013-03-31T22:00:00.000000Z","support":"Grand format","publisher_availability":1,"stock":0,"editions":[],"url":"https:\/\/quaidesbrumes.com\/ouvrage\/9782011893642\/de-la-photographie-et-de-ses-applications-aux-besoins-de-larmee"},{"id":"9782363060921","title":"Noir ; la v\u00e9nus aux gla\u00efeuls","description":"Multiple imagin\u00e9 par Philippe Favier \u00e0 l'occasion de l'\u00e9dition du livre \"NOIR\" accompagnant son exposition \u00e0 la Maison Europ\u00e9enne de la photographie (avril-juin 2013). Philippe Favier choisit dans \u00ab Ch\u00e2teau double \u00bb de supprimer la classique \u00e9tiquette de la bouteille de vin, finalement banale et galvaud\u00e9e, pour en faire na\u00eetre une nouvelle, rappelant justement que cette surface en verre peut devenir le support, par le dessin, d'un geste f\u00e9cond et r\u00e9-enchanteur \u00e0 l'infini.\r\n\r\nCe qui caract\u00e9rise l'oeuvre de Favier, c'est sans aucun doute la permanence de son inventivit\u00e9 et la libert\u00e9 qu'il s'accorde \u00e0 d\u00e9placer les images \u00e9tablies. Dans cette soci\u00e9t\u00e9 \u00e9tiqueteuse, il montre \u00e0 chaque fois son immense talent \u00e0 proposer un travail renouvel\u00e9 cr\u00e9ant une des oeuvres les plus foisonnantes et des plus originales de sa g\u00e9n\u00e9ration.","authors":["Philippe Favier"],"category_codes":["6000000","6070000","6070200"],"visuals":{"large":"https:\/\/images.epagine.fr\/921\/9782363060921_1_75.jpg","medium":"https:\/\/images.epagine.fr\/921\/9782363060921_1_m.jpg","thumbnail":"https:\/\/images.epagine.fr\/921\/9782363060921_1_v.jpg"},"orderable":true,"show_badge":true,"formatted_price":"390,00&nbsp;\u20ac","formatted_published_date":"1er mai 2013","publisher_availability_label":"Sur commande","short_details":"Philippe Favier \u2014 Bernard Chauveau","translator":null,"weight":305,"page_count":null,"readership":null,"editor":"Bernard Chauveau","price":39000,"published_date":"2013-04-30T22:00:00.000000Z","support":"Grand format","publisher_availability":1,"stock":0,"editions":[],"url":"https:\/\/quaidesbrumes.com\/ouvrage\/9782363060921\/noir-la-venus-aux-glaieuls"}]}