{"data":[{"id":"9780007342440","title":"James cameron's avatar: the field guide to pandora - a confidential report on the biological and social history of pandora","description":"This lavishly illustrated film companion takes the reader on a journey into the magical world of Pandora, to get closer to the landscapes, creatures and characters of James Cameron's blockbuster epic, AVATAR. This is the only adult tie-in book to what many are already describing as the cinematic event of 2009.","authors":["Collectif"],"category_codes":["6000000","6070000","6070300"],"visuals":{"large":"https:\/\/images.epagine.fr\/440\/9780007342440_1_75.jpg","medium":"https:\/\/images.epagine.fr\/440\/9780007342440_1_m.jpg","thumbnail":"https:\/\/images.epagine.fr\/440\/9780007342440_1_v.jpg"},"orderable":true,"show_badge":true,"formatted_price":"18,80&nbsp;\u20ac","formatted_published_date":"29 d\u00e9cembre 2009","publisher_availability_label":"Sur commande","short_details":"Collectif \u2014 Harper Collins Publishers","translator":null,"weight":481,"page_count":203,"readership":null,"editor":"Harper Collins Publishers","price":1880,"published_date":"2009-12-28T23:00:00.000000Z","support":"Grand format","publisher_availability":1,"stock":0,"editions":[],"url":"https:\/\/quaidesbrumes.com\/ouvrage\/9780007342440\/james-camerons-avatar-the-field-guide-to-pandora-a-confidential-report-on-the-biological-and-social-history-of-pandora"},{"id":"9782012579927","title":"Les r\u00e9cr\u00e9ations photographiques (2e \u00e9dition revue et corrig\u00e9e) (\u00c9d.1893)","description":"Les r\u00e9cr\u00e9ations photographiques (2e \u00e9dition revue et corrig\u00e9e) \/ par A. Bergeret et F. Drouin,...\r\nDate de l'\u00e9dition originale : 1893\r\n\r\nLe pr\u00e9sent ouvrage s'inscrit dans une politique de conservation patrimoniale des ouvrages de la litt\u00e9rature Fran\u00e7aise mise en place avec la BNF.\r\nHACHETTE LIVRE et la BNF proposent ainsi un catalogue de titres indisponibles, la BNF ayant num\u00e9ris\u00e9 ces oeuvres et HACHETTE LIVRE les imprimant \u00e0 la demande.\r\nCertains de ces ouvrages refl\u00e8tent des courants de pens\u00e9e caract\u00e9ristiques de leur \u00e9poque, mais qui seraient aujourd'hui jug\u00e9s condamnables.\r\nIls n'en appartiennent pas moins \u00e0 l'histoire des id\u00e9es en France et sont susceptibles de pr\u00e9senter un int\u00e9r\u00eat scientifique ou historique.\r\nLe sens de notre d\u00e9marche \u00e9ditoriale consiste ainsi \u00e0 permettre l'acc\u00e8s \u00e0 ces oeuvres sans pour autant que nous en cautionnions en aucune fa\u00e7on le contenu.\r\n\r\nPour plus d'informations, rendez-vous sur www.hachettebnf.fr","authors":["Bergeret Albert"],"category_codes":["6000000","6070000","6070200"],"visuals":{"large":"https:\/\/images.epagine.fr\/927\/9782012579927_1_75.jpg","medium":"https:\/\/images.epagine.fr\/927\/9782012579927_1_m.jpg","thumbnail":"https:\/\/images.epagine.fr\/927\/9782012579927_1_v.jpg"},"orderable":true,"show_badge":true,"formatted_price":"20,50&nbsp;\u20ac","formatted_published_date":"1er mai 2012","publisher_availability_label":"Sur commande","short_details":"Bergeret Albert \u2014 Hachette BNF","translator":null,"weight":343,"page_count":240,"readership":null,"editor":"Hachette BNF","price":2050,"published_date":"2012-04-30T22:00:00.000000Z","support":"Grand format","publisher_availability":1,"stock":0,"editions":[],"url":"https:\/\/quaidesbrumes.com\/ouvrage\/9782012579927\/les-recreations-photographiques-2e-edition-revue-et-corrigee-ed1893"},{"id":"9783829605632","title":"Vivian Maier street photographer","description":"Premi\u00e8re publication consacr\u00e9e \u00e0 cette photographe \u00e9tonnante : rest\u00e9e inconnue de son vivant, Vivian Maier prit plus de 10 000 clich\u00e9s dans les rues de Chicago et d'autres villes. Ses images, retrouv\u00e9es r\u00e9cemment dans un grenier, lui valent une notori\u00e9t\u00e9 posthume d'ampleur mondiale.","authors":["Vivian Maier","Maloof"],"category_codes":["6000000","6070000","6070200"],"visuals":{"large":"https:\/\/images.epagine.fr\/632\/9783829605632_1_75.jpg","medium":"https:\/\/images.epagine.fr\/632\/9783829605632_1_m.jpg","thumbnail":"https:\/\/images.epagine.fr\/632\/9783829605632_1_v.jpg"},"orderable":true,"show_badge":true,"formatted_price":"49,00&nbsp;\u20ac","formatted_published_date":"8 novembre 2011","publisher_availability_label":"Sur commande","short_details":"Vivian Maier, Maloof \u2014 Schirmer Mosel","translator":null,"weight":540,"page_count":null,"readership":null,"editor":"Schirmer Mosel","price":4900,"published_date":"2011-11-07T23:00:00.000000Z","support":"Grand format","publisher_availability":1,"stock":0,"editions":[],"url":"https:\/\/quaidesbrumes.com\/ouvrage\/9783829605632\/vivian-maier-street-photographer"},{"id":"9782916073835","title":"Vis \u00e0 vies","description":"Le photographe Thomas Bilanges a r\u00e9alis\u00e9 une surprenante s\u00e9rie de portraits au mus\u00e9e Carnavalet, \u00e0 Paris. Sur un mode op\u00e9ratoire identique (m\u00eame cadrage, m\u00eame lumi\u00e8re et m\u00eame point de vue), il a photographi\u00e9 chaque membre du personnel du mus\u00e9e. De l'agent de surveillance au conservateur en chef, en passant par le stagiaire et le jardinier, tous se sont pr\u00eat\u00e9s au jeu. Chacun \u00e9tait ensuite invit\u00e9 \u00e0 choisir parmi les oeuvres du mus\u00e9e le portrait d'un personnage peint, dessin\u00e9 ou sculpt\u00e9, que Thomas Bilanges a ensuite photographi\u00e9 et tir\u00e9 sur du papier, en vis-\u00e0-vis. Le r\u00e9sultat est aussi saisissant qu'inattendu : en observant les diptyques, appara\u00eet sur nombre d'entre eux une ressemblance frappante entre la personne photographi\u00e9e et l'oeuvre d'art qu'elle a choisie. Un ph\u00e9nom\u00e8ne qui n'a pas manqu\u00e9 d'int\u00e9resser le psychanalyste Serge Tisseron qui donne ici des clefs d'interpr\u00e9tation de cette relecture contemporaine de la \" galerie de portraits \".","authors":["Thomas Bilanges","Serge Tisseron"],"category_codes":["6000000","6070000","6070200"],"visuals":{"large":"https:\/\/images.epagine.fr\/835\/9782916073835_1_75.jpg","medium":"https:\/\/images.epagine.fr\/835\/9782916073835_1_m.jpg","thumbnail":"https:\/\/images.epagine.fr\/835\/9782916073835_1_v.jpg"},"orderable":true,"show_badge":true,"formatted_price":"29,50&nbsp;\u20ac","formatted_published_date":"19 avril 2012","publisher_availability_label":"Sur commande","short_details":"Thomas Bilanges, Serge Tisseron \u2014 LE BEC EN L'AIR","translator":null,"weight":918,"page_count":197,"readership":null,"editor":"LE BEC EN L'AIR","price":2950,"published_date":"2012-04-18T22:00:00.000000Z","support":"Grand format","publisher_availability":1,"stock":0,"editions":[],"url":"https:\/\/quaidesbrumes.com\/ouvrage\/9782916073835\/vis-a-vies"},{"id":"9782012749115","title":"Materiel d'imprimerie : medaille d'or a l'exposition de saint-etienne 1891 (ed.1894)","description":"Mat\u00e9riel d'imprimerie : m\u00e9daille d'or \u00e0 l'Exposition de Saint-Etienne 1891 \/ B. Delaye http:\/\/gallica.bnf.fr\/ark:\/12148\/bpt6k5675266c","authors":["Delaye B."],"category_codes":["6000000","6070000","6070200"],"visuals":{"large":"https:\/\/images.epagine.fr\/115\/9782012749115_1_75.jpg","medium":"https:\/\/images.epagine.fr\/115\/9782012749115_1_m.jpg","thumbnail":"https:\/\/images.epagine.fr\/115\/9782012749115_1_v.jpg"},"orderable":true,"show_badge":true,"formatted_price":"14,90&nbsp;\u20ac","formatted_published_date":"1er mai 2012","publisher_availability_label":"Sur commande","short_details":"Delaye B. \u2014 Hachette BNF","translator":null,"weight":140,"page_count":null,"readership":null,"editor":"Hachette BNF","price":1490,"published_date":"2012-04-30T22:00:00.000000Z","support":"Grand format","publisher_availability":1,"stock":0,"editions":[],"url":"https:\/\/quaidesbrumes.com\/ouvrage\/9782012749115\/materiel-dimprimerie-medaille-dor-a-lexposition-de-saint-etienne-1891-ed1894"},{"id":"9782911511233","title":"Bruissements ; \u00e7a h\u00e9site encore","description":"Un livre d'artiste. Une \u00e9dition limit\u00e9e (100 exemplaires) num\u00e9rot\u00e9e et sign\u00e9e comprenant quinze tirages photographiques, imprim\u00e9e en Digigraphie sur papier Velvet au format 15x21 cm, de Vincent Monthiers accompagn\u00e9 du texte de R\u00e9mi Checchetto \"\u00c7a h\u00e9site encore\", imprim\u00e9 sur papier Bouffant au format 90x21 cm d\u00e9pli\u00e9, ainsi que dans un coffret marqu\u00e9 par impression \u00e0 chaud.\r\nAvec ce patrimoine sensible, source d'inspiration et de r\u00e9flexion sur le m\u00e9lange entre l'eau et la terre, Vincent Monthiers a compos\u00e9 une s\u00e9rie de photographies prises \u00e0 la lisi\u00e8re de l'eau : Bruissements. L'\u00e9crivain R\u00e9mi Checchetto fait \u00e9cho \u00e0 \"Bruissements\" avec \"\u00c7a h\u00e9site encore\", un texte qui nous plonge dans le troisi\u00e8me jour de la Gen\u00e8se.","authors":["R\u00e9mi Checchetto","Vincent Monthiers"],"category_codes":["6000000","6070000","6070200"],"visuals":{"large":"https:\/\/images.epagine.fr\/233\/9782911511233_1_75.jpg","medium":"https:\/\/images.epagine.fr\/233\/9782911511233_1_m.jpg","thumbnail":"https:\/\/images.epagine.fr\/233\/9782911511233_1_v.jpg"},"orderable":true,"show_badge":true,"formatted_price":"95,00&nbsp;\u20ac","formatted_published_date":"1er d\u00e9cembre 2010","publisher_availability_label":"Sur commande","short_details":"R\u00e9mi Checchetto, Vincent Monthiers \u2014 Script","translator":null,"weight":448,"page_count":null,"readership":null,"editor":"Script","price":9500,"published_date":"2010-11-30T23:00:00.000000Z","support":"Beaux-livres","publisher_availability":1,"stock":0,"editions":[],"url":"https:\/\/quaidesbrumes.com\/ouvrage\/9782911511233\/bruissements-ca-hesite-encore"},{"id":"9780316217804","title":"LOOKING AT ANSEL ADAMS - THE PHOTOGRAPHS AND THE MAN","description":"Examines twenty of the most significant images from the landscape photographer and environmental advocate, offering new angles and alternative versions of classic photos including Moonrise, El Capitan, and Sand Dunes.","authors":["Andrea G. Stillman"],"category_codes":["6000000","6070000","6070200"],"visuals":{"large":"https:\/\/images.epagine.fr\/804\/9780316217804_1_75.jpg","medium":"https:\/\/images.epagine.fr\/804\/9780316217804_1_m.jpg","thumbnail":"https:\/\/images.epagine.fr\/804\/9780316217804_1_v.jpg"},"orderable":true,"show_badge":true,"formatted_price":"40,00&nbsp;\u20ac","formatted_published_date":"1er octobre 2012","publisher_availability_label":"Sur commande","short_details":"Andrea G. Stillman \u2014 Little Brown Us","translator":null,"weight":1540,"page_count":254,"readership":null,"editor":"Little Brown Us","price":4000,"published_date":"2012-09-30T22:00:00.000000Z","support":"Grand format","publisher_availability":1,"stock":0,"editions":[],"url":"https:\/\/quaidesbrumes.com\/ouvrage\/9780316217804\/looking-at-ansel-adams-the-photographs-and-the-man"},{"id":"9782915936148","title":"Lumiere des corps","description":null,"authors":["Stetie Salah \/ Ciepk"],"category_codes":["6000000","6070000","6070200"],"visuals":{"large":"https:\/\/quaidesbrumes.com\/img\/book-placeholder.png","medium":"https:\/\/quaidesbrumes.com\/img\/book-placeholder.png","thumbnail":"https:\/\/quaidesbrumes.com\/img\/book-placeholder.png"},"orderable":true,"show_badge":true,"formatted_price":"32,00&nbsp;\u20ac","formatted_published_date":"4 janvier 2013","publisher_availability_label":"Sur commande","short_details":"Stetie Salah \/ Ciepk \u2014 Picard","translator":null,"weight":1156,"page_count":null,"readership":null,"editor":"Picard","price":3200,"published_date":"2013-01-03T23:00:00.000000Z","support":"Grand format","publisher_availability":1,"stock":0,"editions":[],"url":"https:\/\/quaidesbrumes.com\/ouvrage\/9782915936148\/lumiere-des-corps"},{"id":"9783829606363","title":"Anselm kiefer the shape of ancient thought \/anglais\/allemand","description":"Luxueuse \u00e9dition d'un travail de collage photographique d'Anselm Kiefer inspir\u00e9 par un essai de Thomas McEvilley comparant les philosophies grecques et indiennes.","authors":["Bastian Heiner"],"category_codes":["6000000","6070000","6070200"],"visuals":{"large":"https:\/\/images.epagine.fr\/363\/9783829606363_1_75.jpg","medium":"https:\/\/images.epagine.fr\/363\/9783829606363_1_m.jpg","thumbnail":"https:\/\/images.epagine.fr\/363\/9783829606363_1_v.jpg"},"orderable":true,"show_badge":true,"formatted_price":"56,00&nbsp;\u20ac","formatted_published_date":"1er avril 2013","publisher_availability_label":"Sur commande","short_details":"Bastian Heiner \u2014 Schirmer Mosel","translator":null,"weight":700,"page_count":56,"readership":null,"editor":"Schirmer Mosel","price":5600,"published_date":"2013-03-31T22:00:00.000000Z","support":"Grand format","publisher_availability":1,"stock":0,"editions":[],"url":"https:\/\/quaidesbrumes.com\/ouvrage\/9783829606363\/anselm-kiefer-the-shape-of-ancient-thought-anglaisallemand"},{"id":"9783829606264","title":"Zwischen biedermeier und grunderzeit : deutschland in fruhen photographien 1840-1890 \/allemand","description":null,"authors":["Schirmer"],"category_codes":["6000000","6070000","6070200"],"visuals":{"large":"https:\/\/images.epagine.fr\/264\/9783829606264_1_75.jpg","medium":"https:\/\/images.epagine.fr\/264\/9783829606264_1_m.jpg","thumbnail":"https:\/\/images.epagine.fr\/264\/9783829606264_1_v.jpg"},"orderable":true,"show_badge":true,"formatted_price":"60,00&nbsp;\u20ac","formatted_published_date":"1er d\u00e9cembre 2012","publisher_availability_label":"Sur commande","short_details":"Schirmer \u2014 Schirmer Mosel","translator":null,"weight":2100,"page_count":null,"readership":null,"editor":"Schirmer Mosel","price":6000,"published_date":"2012-11-30T23:00:00.000000Z","support":"Grand format","publisher_availability":1,"stock":0,"editions":[],"url":"https:\/\/quaidesbrumes.com\/ouvrage\/9783829606264\/zwischen-biedermeier-und-grunderzeit-deutschland-in-fruhen-photographien-1840-1890-allemand"},{"id":"9780349000220","title":"Vanished years","description":"This memoir is filled with stories from Rupert Everett's childhood to the present: astonishing encounters; tragedy and comedy; vivid portraits of friends and rivals; razor-sharp observations of the celebrity circuit from LA to London and beyond.","authors":["Rupert Everett"],"category_codes":["1000000","1060000","1060100"],"visuals":{"large":"https:\/\/images.epagine.fr\/220\/9780349000220_1_75.jpg","medium":"https:\/\/images.epagine.fr\/220\/9780349000220_1_m.jpg","thumbnail":"https:\/\/images.epagine.fr\/220\/9780349000220_1_v.jpg"},"orderable":true,"show_badge":true,"formatted_price":"27,70&nbsp;\u20ac","formatted_published_date":"11 octobre 2012","publisher_availability_label":"Sur commande","short_details":"Rupert Everett \u2014 Abacus","translator":null,"weight":649,"page_count":326,"readership":null,"editor":"Abacus","price":2770,"published_date":"2012-10-10T22:00:00.000000Z","support":"Grand format","publisher_availability":1,"stock":0,"editions":["9780349000237"],"url":"https:\/\/quaidesbrumes.com\/ouvrage\/9780349000220\/vanished-years"},{"id":"9783903101425","title":"Climate recording ; Klima-Aufzeichnungen","description":"Klimaaufzeichnungen der anderen Art: In der Tradition historischer Expeditionszeichner dokumentiert die Illustratorin Kerstin Heymach auf einer Expeditionsreise am Polarkreis die uns alle betreffenden, wichtigen wissenschaftlichen Arbeiten der Arktisforscher. Sie pr\u00e4sentiert in diesem Buch nicht nur originelle, k\u00fcnstlerische Abbildungen der Wirklichkeit in Form von Aquarellen, Zeichnungen und Fotografien, sondern dar\u00fcber hinaus und vor allem Wissenschaft auf h\u00f6chstem Niveau.","authors":["Collectif"],"category_codes":["6000000","6070000","6070200","6070205"],"visuals":{"large":"https:\/\/images.epagine.fr\/425\/9783903101425_1_75.jpg","medium":"https:\/\/images.epagine.fr\/425\/9783903101425_1_m.jpg","thumbnail":"https:\/\/images.epagine.fr\/425\/9783903101425_1_v.jpg"},"orderable":true,"show_badge":true,"formatted_price":"39,90&nbsp;\u20ac","formatted_published_date":"13 mars 2018","publisher_availability_label":"Sur commande","short_details":"Collectif \u2014 Lammerhuber","translator":null,"weight":1000,"page_count":null,"readership":null,"editor":"Lammerhuber","price":3990,"published_date":"2018-03-12T23:00:00.000000Z","support":"Grand format","publisher_availability":1,"stock":0,"editions":[],"url":"https:\/\/quaidesbrumes.com\/ouvrage\/9783903101425\/climate-recording-klima-aufzeichnungen"},{"id":"9782873865429","title":"R\u00e9solument optimistes ; 20 ans de semaine infernale","description":"Un apr\u00e8s-midi de 1987. Jacques Mercier anime l'\u00e9mission radio On est faits pour s'entendre. Marc Moulin, Jean-Pierre Hautier, Henri Sonet, Andr\u00e9-Herman Lemoine, Beno\u00eet Moulin, Raoul Reyers, Virginie Svenson et d'autres personnalit\u00e9s lancent une petite s\u00e9quence in\u00e9dite, baptis\u00e9e La Semaine infernale. Sur un ton audacieux et caustique, ils m\u00ealent leurs regards contrast\u00e9s sur l'actualit\u00e9. Avec cette formule os\u00e9e et novatrice, ils dopent le paysage radiophonique belge. Ils y greffent alors une \u00e9mission quotidienne, Le Jeu des dictionnaires, o\u00f9 la langue fran\u00e7aise n'est que pr\u00e9texte \u00e0 rire et \u00e0 d\u00e9cliner humour, irr\u00e9v\u00e9rence et impertinence sur un ton d\u00e9cal\u00e9. Les principaux protagonistes racontent comment ils se sont retrouv\u00e9s de l'autre c\u00f4t\u00e9 du micro! Zoom sur les coulisses de l'\u00e9mission qui a aujourd'hui 20 ans... et toutes ses dents! Et red\u00e9couvrez avec plaisir les meilleurs moments dans le CD offert avec le livre.","authors":["Aur\u00e9lia Dejond"],"category_codes":["6000000","6070000","6070300"],"visuals":{"large":"https:\/\/images.epagine.fr\/429\/9782873865429_1_75.jpg","medium":"https:\/\/images.epagine.fr\/429\/9782873865429_1_m.jpg","thumbnail":"https:\/\/images.epagine.fr\/429\/9782873865429_1_v.jpg"},"orderable":true,"show_badge":true,"formatted_price":"24,95&nbsp;\u20ac","formatted_published_date":"3 juin 2008","publisher_availability_label":"Sur commande","short_details":"Aur\u00e9lia Dejond \u2014 \u00c9ditions Racine","translator":null,"weight":0,"page_count":200,"readership":null,"editor":"\u00c9ditions Racine","price":2495,"published_date":"2008-06-02T22:00:00.000000Z","support":"Livre + CD Audio","publisher_availability":1,"stock":0,"editions":[],"url":"https:\/\/quaidesbrumes.com\/ouvrage\/9782873865429\/resolument-optimistes-20-ans-de-semaine-infernale"},{"id":"9782824603018","title":"G\u00e9rard Depardieu ; une vie libre","description":"Passionn\u00e9, g\u00e9nial, gargantuesque... Depardieu est l'homme de tous les superlatifs. Mais au-del\u00e0 de cette image, derri\u00e8re l'interpr\u00e8te des Valseuses, de Cyrano de Bergerac, ou d'Ast\u00e9rix, qui est vraiment le plus c\u00e9l\u00e8bre des acteurs fran\u00e7ais ?\r\nCette biographie d\u00e9voile un homme qui a grandi dans la \u00ab vraie \u00bb France profonde o\u00f9 il a men\u00e9 une adolescence de petit loubard avant de devenir une star du 7e art. Un homme qui a su r\u00e9aliser ses r\u00eaves d'enfant en d\u00e9vorant le cin\u00e9ma, et le monde, \u00e0 pleine dents.\r\nC'est le portrait d'un personnage qui assume tout. Ses coups de gueule dans une France devenue mesquine, ses relations passionnelles avec ses enfants ou ses amiti\u00e9s controvers\u00e9es avec Castro ou Poutine.\r\nVoici la biographie \u00e9tonnante d'un acteur loin de la bien-pensance habituelle. Un homme qui revendique, passionn\u00e9ment, sa libert\u00e9...","authors":["Sophie Girault"],"category_codes":["6000000","6070000","6070300"],"visuals":{"large":"https:\/\/images.epagine.fr\/018\/9782824603018_1_75.jpg","medium":"https:\/\/images.epagine.fr\/018\/9782824603018_1_m.jpg","thumbnail":"https:\/\/images.epagine.fr\/018\/9782824603018_1_v.jpg"},"orderable":true,"show_badge":true,"formatted_price":"21,93&nbsp;\u20ac","formatted_published_date":"12 juin 2013","publisher_availability_label":"Sur commande","short_details":"Sophie Girault \u2014 City \u00c9ditions","translator":null,"weight":414,"page_count":256,"readership":null,"editor":"City \u00c9ditions","price":2193,"published_date":"2013-06-11T22:00:00.000000Z","support":"Grand format","publisher_availability":1,"stock":0,"editions":[],"url":"https:\/\/quaidesbrumes.com\/ouvrage\/9782824603018\/gerard-depardieu-une-vie-libre"},{"id":"9782824603285","title":"Les perles cultes du cin\u00e9ma","description":null,"authors":["S\u00e9bastien Lebrun"],"category_codes":["6000000","6070000","6070300"],"visuals":{"large":"https:\/\/images.epagine.fr\/285\/9782824603285_1_75.jpg","medium":"https:\/\/images.epagine.fr\/285\/9782824603285_1_m.jpg","thumbnail":"https:\/\/images.epagine.fr\/285\/9782824603285_1_v.jpg"},"orderable":true,"show_badge":true,"formatted_price":"14,95&nbsp;\u20ac","formatted_published_date":"3 juillet 2013","publisher_availability_label":"Sur commande","short_details":"S\u00e9bastien Lebrun \u2014 City \u00c9ditions","translator":null,"weight":308,"page_count":190,"readership":null,"editor":"City \u00c9ditions","price":1495,"published_date":"2013-07-02T22:00:00.000000Z","support":"Grand format","publisher_availability":1,"stock":0,"editions":[],"url":"https:\/\/quaidesbrumes.com\/ouvrage\/9782824603285\/les-perles-cultes-du-cinema"},{"id":"9791090448018","title":"The feeling of being there ; a filmmaker's memoir","description":null,"authors":["Richard Leacock"],"category_codes":["6000000","6070000","6070300"],"visuals":{"large":"https:\/\/quaidesbrumes.com\/img\/book-placeholder.png","medium":"https:\/\/quaidesbrumes.com\/img\/book-placeholder.png","thumbnail":"https:\/\/quaidesbrumes.com\/img\/book-placeholder.png"},"orderable":true,"show_badge":true,"formatted_price":"89,00&nbsp;\u20ac","formatted_published_date":"9 janvier 2012","publisher_availability_label":"Sur commande","short_details":"Richard Leacock \u2014 Semeion","translator":null,"weight":1600,"page_count":null,"readership":null,"editor":"Semeion","price":8900,"published_date":"2012-01-08T23:00:00.000000Z","support":"Grand format","publisher_availability":1,"stock":0,"editions":["9791090448001"],"url":"https:\/\/quaidesbrumes.com\/ouvrage\/9791090448018\/the-feeling-of-being-there-a-filmmakers-memoir"},{"id":"9780007464463","title":"The hobbit official movie guide","description":"Packed with exclusive behind-the-scenes photographs, this official illustrated guide tells the detailed story of the making of the highly anticipated new film The Hobbit: An Unexpected Journey, directed by Peter Jackson.","authors":["Brian Sibley"],"category_codes":["6000000","6070000","6070300"],"visuals":{"large":"https:\/\/images.epagine.fr\/463\/9780007464463_1_75.jpg","medium":"https:\/\/images.epagine.fr\/463\/9780007464463_1_m.jpg","thumbnail":"https:\/\/images.epagine.fr\/463\/9780007464463_1_v.jpg"},"orderable":true,"show_badge":true,"formatted_price":"21,40&nbsp;\u20ac","formatted_published_date":"6 novembre 2012","publisher_availability_label":"Sur commande","short_details":"Brian Sibley \u2014 Harper Collins Publishers","translator":null,"weight":713,"page_count":167,"readership":null,"editor":"Harper Collins Publishers","price":2140,"published_date":"2012-11-05T23:00:00.000000Z","support":"Grand format","publisher_availability":1,"stock":0,"editions":[],"url":"https:\/\/quaidesbrumes.com\/ouvrage\/9780007464463\/the-hobbit-official-movie-guide"},{"id":"9782950525574","title":"Transmissions ; histoire des moyens de communication \u00e0 distance","description":"Histoire de la qu\u00eate des hommes pour la communication \u00e0 distance.\r\nUne lectrice a dit \u00e0 l'auteur qu'elle avait lu cet ouvrage comme un roman.\r\nIl est vrai qu'on aurait pu lui donner le titre de roman des communications de l'humanit\u00e9 ou roman du t\u00e9l\u00e9graphe ou encore roman de l'\u00e9lectricit\u00e9. En r\u00e9alit\u00e9 il est tout cela le ROMAN DES TRANSMISSIONS.\r\nHistoire des hommes, dont une partie de l'oeuvre au moins a contribu\u00e9 au d\u00e9veloppement de moyens de t\u00e9l\u00e9communication, par de courtes biographies compl\u00e9t\u00e9es parfois dans le corps du texte.\r\nCe livre de r\u00e9f\u00e9rences, exclut les jargons professionnels. Le lecteur est conduit dans sa lecture du signal de fum\u00e9e -et m\u00eame avant- jusqu'\u00e0 la t\u00e9l\u00e9vision et au radar.\r\nInstruments de la pr\u00e9histoire puis de l'antiquit\u00e9, pigeons, timides essais sur l'\u00e9lectricit\u00e9 et le magn\u00e9tisme, t\u00e9l\u00e9graphes optiques, \u00e9lectriques, comment l'invention de la lampe d'\u00e9clairage a conduit aux lampes de radio ; le phonographe, le magn\u00e9tophone, le t\u00e9l\u00e9phone, la naissance presque accidentelle de la T\u00e9l\u00e9graphie Sans Fil ; la transmission des images par le t\u00e9l\u00e9graphe puis par la radio, etc.. Le texte peut \u00eatre parcouru \u00e0 plusieurs niveaux. : le n\u00e9ophyte retiendra les grandes lignes abondamment trait\u00e9es et le fin connaisseur trouvera son compte dans les annexes mod\u00e9r\u00e9ment techniques et d\u00e9taill\u00e9es.\r\nDe nombreuses illustrations, souvent d'\u00e9poque, \u00e9clairent le texte. La Tables des Mati\u00e8res \u00e0 trois niveaux est situ\u00e9e en t\u00eate d'ouvrage. A la fin, index et bibliographie contribuent \u00e0 en faire un pr\u00e9cieux auxiliaire de recherche.","authors":["Jean-claude b. Montagn\u00e9"],"category_codes":["6000000","6070000","6070300"],"visuals":{"large":"https:\/\/images.epagine.fr\/574\/9782950525574_1_75.jpg","medium":"https:\/\/images.epagine.fr\/574\/9782950525574_1_m.jpg","thumbnail":"https:\/\/images.epagine.fr\/574\/9782950525574_1_v.jpg"},"orderable":true,"show_badge":true,"formatted_price":"49,90&nbsp;\u20ac","formatted_published_date":"1er novembre 2008","publisher_availability_label":"Sur commande","short_details":"Jean-claude b. Montagn\u00e9 \u2014 Jean-Claude Montagne","translator":null,"weight":950,"page_count":471,"readership":null,"editor":"Jean-Claude Montagne","price":4990,"published_date":"2008-10-31T23:00:00.000000Z","support":"Grand format","publisher_availability":1,"stock":0,"editions":[],"url":"https:\/\/quaidesbrumes.com\/ouvrage\/9782950525574\/transmissions-histoire-des-moyens-de-communication-a-distance"},{"id":"9782950525543","title":"Le si\u00e8cle de la radio","description":"Tout ce que nous connaissons aujourd'hui dans notre quotidien rel\u00e8ve de la radio et de son \u00e9volution depuis la d\u00e9couverte des ondes hertziennes. En relatant l'\u00e9volution des appareils de la grande famille des transmissions dont la radio fait partie, l'auteur montre cette r\u00e9alit\u00e9. Le physicien mit en \u00e9vidence l'\u00e9lectricit\u00e9 et ses applications. De l\u00e0 naquit l'\u00e9lectricien. L'\u00e9lectricien fut le premier \u00e0 mettre au point la T.S.F.. De l\u00e0 survint le radio\u00e9lectricien. Avant 1925, le radio\u00e9lectricien employait d\u00e9j\u00e0 les circuits amplificateurs, d\u00e9tecteurs ou s\u00e9lecteurs de la radio, au profit de l'industrie comme de la m\u00e9decine. La g\u00e9n\u00e9ration suivante fut celle de l'\u00e9lectronicien. En se perfectionnant, la radio offrait ses connaissances \u00e0 l'\u00e9lectronique, et en retour l'\u00e9lectronique \u00e9tait utilis\u00e9e par la radio. Le mouvement, rapide \u00e0 l'\u00e9poque des lampes de radio s'est acc\u00e9l\u00e9r\u00e9 dans la derni\u00e8re moiti\u00e9 du si\u00e8cle gr\u00e2ce aux transistors et aux circuits int\u00e9gr\u00e9s. Voici quelques exemples communs pour conduire \u00e0 un d\u00e9but de r\u00e9flexion : le four \u00e0 micro-ondes est un petit \u00e9metteur de radio sp\u00e9cialis\u00e9. La plaque de cuisine \u00e0 induction met en oeuvre l'\u00e9lectromagn\u00e9tisme \u00e0 haute fr\u00e9quence. Les syst\u00e8mes \u00e9lectroniques \u00e0 microprocesseurs int\u00e9gr\u00e9s dans le moteur d'automobile, dans l'appareil de photographie ou dans le lave-linge sont employ\u00e9s aussi dans des r\u00e9cepteurs de radio. Le t\u00e9l\u00e9phone portable est un \u00e9metteur-r\u00e9cepteur sur ondes radio tr\u00e8s courtes, etc.","authors":["Jean-claude b. Montagn\u00e9"],"category_codes":["6000000","6070000","6070300"],"visuals":{"large":"https:\/\/images.epagine.fr\/543\/9782950525543_1_75.jpg","medium":"https:\/\/images.epagine.fr\/543\/9782950525543_1_m.jpg","thumbnail":"https:\/\/images.epagine.fr\/543\/9782950525543_1_v.jpg"},"orderable":true,"show_badge":true,"formatted_price":"18,00&nbsp;\u20ac","formatted_published_date":"15 juin 2001","publisher_availability_label":"Sur commande","short_details":"Jean-claude b. Montagn\u00e9 \u2014 Jean-Claude Montagne","translator":null,"weight":130,"page_count":52,"readership":null,"editor":"Jean-Claude Montagne","price":1800,"published_date":"2001-06-14T22:00:00.000000Z","support":"Grand format","publisher_availability":1,"stock":0,"editions":[],"url":"https:\/\/quaidesbrumes.com\/ouvrage\/9782950525543\/le-siecle-de-la-radio"},{"id":"9782916583761","title":"Photographes de surf ; chasseurs de vagues","description":null,"authors":["Julien Roulland"],"category_codes":["6000000","6070000","6070200"],"visuals":{"large":"https:\/\/images.epagine.fr\/761\/9782916583761_1_75.jpg","medium":"https:\/\/images.epagine.fr\/761\/9782916583761_1_m.jpg","thumbnail":"https:\/\/images.epagine.fr\/761\/9782916583761_1_v.jpg"},"orderable":true,"show_badge":true,"formatted_price":"20,00&nbsp;\u20ac","formatted_published_date":"29 juin 2013","publisher_availability_label":"Sur commande","short_details":"Julien Roulland \u2014 Surf Session","translator":null,"weight":505,"page_count":108,"readership":null,"editor":"Surf Session","price":2000,"published_date":"2013-06-28T22:00:00.000000Z","support":"Grand format","publisher_availability":1,"stock":0,"editions":[],"url":"https:\/\/quaidesbrumes.com\/ouvrage\/9782916583761\/photographes-de-surf-chasseurs-de-vagues"},{"id":"9782916583822","title":"R\u00e9ussir la photo de surf","description":null,"authors":["Damien Poullenot","Julien Roulland"],"category_codes":["6000000","6070000","6070200"],"visuals":{"large":"https:\/\/images.epagine.fr\/822\/9782916583822_1_75.jpg","medium":"https:\/\/images.epagine.fr\/822\/9782916583822_1_m.jpg","thumbnail":"https:\/\/images.epagine.fr\/822\/9782916583822_1_v.jpg"},"orderable":true,"show_badge":true,"formatted_price":"12,90&nbsp;\u20ac","formatted_published_date":"22 ao\u00fbt 2013","publisher_availability_label":"Sur commande","short_details":"Damien Poullenot, Julien Roulland \u2014 Surf Session","translator":null,"weight":220,"page_count":64,"readership":null,"editor":"Surf Session","price":1290,"published_date":"2013-08-21T22:00:00.000000Z","support":"Grand format","publisher_availability":1,"stock":0,"editions":[],"url":"https:\/\/quaidesbrumes.com\/ouvrage\/9782916583822\/reussir-la-photo-de-surf"},{"id":"9782351371435","title":"Martin Karplus ; la couleur des ann\u00e9es 1950","description":"Martin Karplus (n\u00e9 \u00e0 Vienne en 1930, vivant aux \u00c9tats-Unis depuis 1938), scientifique mondialement reconnu pour ses travaux (entre autres, il est un pionnier de la th\u00e9orie chimique de r\u00e9sonance magn\u00e9tique nucl\u00e9aire) a aussi pratiqu\u00e9 la photographie en couleurs entre 1954 et 1965 : une bourse de la National Science Foundation lui a permis de visiter toute l'Europe, muni d'un Leica IIIC. Pendant cette pause dans une vie consacr\u00e9e \u00e0 la science, il n'a cess\u00e9 de produire des photographies avec les premi\u00e8res diapositives Kodachrome. Il a poursuivi ce travail durant quelques ann\u00e9es aux \u00c9tats-Unis, en Am\u00e9rique du Sud et en Asie. La centaine d'images s\u00e9lectionn\u00e9es parmi les milliers r\u00e9alis\u00e9es en quelques ann\u00e9es, t\u00e9moignent du regard curieux et profond\u00e9ment humaniste d'un tr\u00e8s grand chercheur.","authors":["Sylvie Aubenas","Nathalie Boulouch","Jean-Pierre Changeux","Martin Karplus"],"category_codes":["6000000","6070000","6070200"],"visuals":{"large":"https:\/\/images.epagine.fr\/435\/9782351371435_1_75.jpg","medium":"https:\/\/images.epagine.fr\/435\/9782351371435_1_m.jpg","thumbnail":"https:\/\/images.epagine.fr\/435\/9782351371435_1_v.jpg"},"orderable":true,"show_badge":true,"formatted_price":"25,00&nbsp;\u20ac","formatted_published_date":"6 mai 2013","publisher_availability_label":"Sur commande","short_details":"Sylvie Aubenas, Nathalie Boulouch, Jean-Pierre Changeux, Martin Karplus \u2014 EDITIONS DE L'OEIL","translator":null,"weight":450,"page_count":104,"readership":null,"editor":"EDITIONS DE L'OEIL","price":2500,"published_date":"2013-05-05T22:00:00.000000Z","support":"Grand format","publisher_availability":1,"stock":0,"editions":[],"url":"https:\/\/quaidesbrumes.com\/ouvrage\/9782351371435\/martin-karplus-la-couleur-des-annees-1950"},{"id":"9791254630730","title":"Alessandra Chemollo : Venice alter mundus","description":"Twenty years of ethereal Venice photography.\r\n\r\nThis volume presents 20 years of work by Italian photographer Alessandra Chemollo (born 1963), who captures the otherworldly beauty of Venice in a way that only a true Venetian can. The images are accompanied by text by Italian philosopher and essayist Franco Rella (born 1944).","authors":["Alessandra Chemollo"],"category_codes":["6000000","6070000","6070200","6070205"],"visuals":{"large":"https:\/\/images.epagine.fr\/730\/9791254630730_1_75.jpg","medium":"https:\/\/images.epagine.fr\/730\/9791254630730_1_m.jpg","thumbnail":"https:\/\/images.epagine.fr\/730\/9791254630730_1_v.jpg"},"orderable":true,"show_badge":true,"formatted_price":"40,00&nbsp;\u20ac","formatted_published_date":"28 mars 2023","publisher_availability_label":"Sur commande","short_details":"Alessandra Chemollo \u2014 Distributed Art Publishers","translator":null,"weight":801,"page_count":160,"readership":null,"editor":"Distributed Art Publishers","price":4000,"published_date":"2023-03-27T22:00:00.000000Z","support":"Grand format","publisher_availability":1,"stock":0,"editions":[],"url":"https:\/\/quaidesbrumes.com\/ouvrage\/9791254630730\/alessandra-chemollo-venice-alter-mundus"},{"id":"9782012164956","title":"Voyage dans l'empire othoman, l'egypte et la perse, fait par ordre du gouvernement - , pendant les s","description":"Voyage dans l'empire othoman, l'Egypte et la Perse, fait par ordre du gouvernement, pendant les six premi\u00e8res ann\u00e9es de la R\u00e9publique , par G.-A. Olivier,... avec atlas Date de l'\u00e9dition originale : 1801-1807 Ce livre est la reproduction fid\u00e8le d'une oeuvre publi\u00e9e avant 1920 et fait partie d'une collection de livres r\u00e9imprim\u00e9s \u00e0 la demande \u00e9dit\u00e9e par Hachette Livre, dans le cadre d'un partenariat avec la Biblioth\u00e8que nationale de France, offrant l'opportunit\u00e9 d'acc\u00e9der \u00e0 des ouvrages anciens et souvent rares issus des fonds patrimoniaux de la BnF.\r\nLes oeuvres faisant partie de cette collection ont \u00e9t\u00e9 num\u00e9ris\u00e9es par la BnF et sont pr\u00e9sentes sur Gallica, sa biblioth\u00e8que num\u00e9rique.\r\n\r\nEn entreprenant de redonner vie \u00e0 ces ouvrages au travers d'une collection de livres r\u00e9imprim\u00e9s \u00e0 la demande, nous leur donnons la possibilit\u00e9 de rencontrer un public \u00e9largi et participons \u00e0 la transmission de connaissances et de savoirs parfois difficilement accessibles.\r\nNous avons cherch\u00e9 \u00e0 concilier la reproduction fid\u00e8le d'un livre ancien \u00e0 partir de sa version num\u00e9ris\u00e9e avec le souci d'un confort de lecture optimal. Nous esp\u00e9rons que les ouvrages de cette nouvelle collection vous apporteront enti\u00e8re satisfaction.\r\n\r\nPour plus d'informations, rendez-vous sur www.hachettebnf.fr","authors":["Olivier\/Dezauche"],"category_codes":["6000000","6070000","6070200"],"visuals":{"large":"https:\/\/images.epagine.fr\/956\/9782012164956_1_75.jpg","medium":"https:\/\/images.epagine.fr\/956\/9782012164956_1_m.jpg","thumbnail":"https:\/\/images.epagine.fr\/956\/9782012164956_1_v.jpg"},"orderable":true,"show_badge":true,"formatted_price":"10,90&nbsp;\u20ac","formatted_published_date":"1er avril 2013","publisher_availability_label":"Sur commande","short_details":"Olivier\/Dezauche \u2014 Hachette BNF","translator":null,"weight":83,"page_count":null,"readership":null,"editor":"Hachette BNF","price":1090,"published_date":"2013-03-31T22:00:00.000000Z","support":"Grand format","publisher_availability":1,"stock":0,"editions":[],"url":"https:\/\/quaidesbrumes.com\/ouvrage\/9782012164956\/voyage-dans-lempire-othoman-legypte-et-la-perse-fait-par-ordre-du-gouvernement-pendant-les-s"}]}