{"data":[{"id":"9783829603577","title":"Elger esser ansichten - views - vues \/anglais\/allemand","description":"Les derniers travaux du photographe Elger Esser lui ont \u00e9t\u00e9 inspir\u00e9s par sa collection de cartes postales 1900 - images c\u00f4ti\u00e8res de plages, de baigneurs et de bateaux, peintes \u00e0 la main. Par leur manipulation, il cr\u00e9e de nouvelles images qui nous renvoient aux tableaux pointillistes et impressionnistes des peintres fran\u00e7ais.\r","authors":["Esser Elger"],"category_codes":["6000000","6070000","6070200"],"visuals":{"large":"https:\/\/images.epagine.fr\/577\/9783829603577_1_75.jpg","medium":"https:\/\/images.epagine.fr\/577\/9783829603577_1_m.jpg","thumbnail":"https:\/\/images.epagine.fr\/577\/9783829603577_1_v.jpg"},"orderable":true,"show_badge":true,"formatted_price":"59,95&nbsp;\u20ac","formatted_published_date":"30 avril 2008","publisher_availability_label":"Sur commande","short_details":"Esser Elger \u2014 Schirmer Mosel","translator":null,"weight":1204,"page_count":96,"readership":null,"editor":"Schirmer Mosel","price":5995,"published_date":"2008-04-29T22:00:00.000000Z","support":"Grand format","publisher_availability":1,"stock":0,"editions":[],"url":"https:\/\/quaidesbrumes.com\/ouvrage\/9783829603577\/elger-esser-ansichten-views-vues-anglaisallemand"},{"id":"9783865216021","title":"Koto bolofo venus","description":"Etonnant portrait de la championne de tennis Venus Williams par le photographe d'origine sud-africaine qui m\u00eale des s\u00e9ries de mode, des photos de courts et des portraits plus intimes. Apr\u00e8s sa cinqui\u00e8me victoire \u00e0 Wimbledon...\r","authors":["Koto Bolofo"],"category_codes":["6000000","6070000","6070200"],"visuals":{"large":"https:\/\/images.epagine.fr\/021\/9783865216021_1_75.jpg","medium":"https:\/\/images.epagine.fr\/021\/9783865216021_1_m.jpg","thumbnail":"https:\/\/images.epagine.fr\/021\/9783865216021_1_v.jpg"},"orderable":true,"show_badge":true,"formatted_price":"45,00&nbsp;\u20ac","formatted_published_date":"3 juillet 2008","publisher_availability_label":"Sur commande","short_details":"Koto Bolofo \u2014 Steidl","translator":null,"weight":1750,"page_count":128,"readership":null,"editor":"Steidl","price":4500,"published_date":"2008-07-02T22:00:00.000000Z","support":"Grand format","publisher_availability":1,"stock":0,"editions":[],"url":"https:\/\/quaidesbrumes.com\/ouvrage\/9783865216021\/koto-bolofo-venus"},{"id":"9783865216328","title":"David Bailey ; is that so kid","description":"La s\u00e9rie de photos de mode de David Bailey pour Vogue avec l'actrice parfois mod\u00e8le, Angelica Huston.\r","authors":["David Bailey"],"category_codes":["6000000","6070000","6070200"],"visuals":{"large":"https:\/\/images.epagine.fr\/328\/9783865216328_1_75.jpg","medium":"https:\/\/images.epagine.fr\/328\/9783865216328_1_m.jpg","thumbnail":"https:\/\/images.epagine.fr\/328\/9783865216328_1_v.jpg"},"orderable":true,"show_badge":true,"formatted_price":"45,00&nbsp;\u20ac","formatted_published_date":"5 septembre 2008","publisher_availability_label":"Sur commande","short_details":"David Bailey \u2014 Steidl","translator":null,"weight":1100,"page_count":84,"readership":null,"editor":"Steidl","price":4500,"published_date":"2008-09-04T22:00:00.000000Z","support":"Grand format","publisher_availability":1,"stock":0,"editions":[],"url":"https:\/\/quaidesbrumes.com\/ouvrage\/9783865216328\/david-bailey-is-that-so-kid"},{"id":"9783865215994","title":"Fazal sheikh circle","description":"Une ode \u00e0 la femme indienne \u00e0 travers d'\u00e9mouvants portraits de b\u00e9b\u00e9s, de fillettes, d'adolescentes, d'adultes et de vieilles.\r","authors":["Fazal Sheikh"],"category_codes":["6000000","6070000","6070200"],"visuals":{"large":"https:\/\/images.epagine.fr\/994\/9783865215994_1_75.jpg","medium":"https:\/\/images.epagine.fr\/994\/9783865215994_1_m.jpg","thumbnail":"https:\/\/images.epagine.fr\/994\/9783865215994_1_v.jpg"},"orderable":true,"show_badge":true,"formatted_price":"32,00&nbsp;\u20ac","formatted_published_date":"16 juin 2008","publisher_availability_label":"Sur commande","short_details":"Fazal Sheikh \u2014 Steidl","translator":null,"weight":480,"page_count":112,"readership":null,"editor":"Steidl","price":3200,"published_date":"2008-06-15T22:00:00.000000Z","support":"Grand format","publisher_availability":1,"stock":0,"editions":[],"url":"https:\/\/quaidesbrumes.com\/ouvrage\/9783865215994\/fazal-sheikh-circle"},{"id":"9783865216137","title":"Joakim eneroth swedish red","description":"Joakim Eneroth photographie les fa\u00e7ades des maisons de bois su\u00e9doises recouvertes de cette peinture rouge si caract\u00e9ristique. En ne prenant que des murs aveugles, il r\u00e9v\u00e8le la tentation s\u00e9curitaire des habitants et leur isolement.\r","authors":["Eneroth"],"category_codes":["6000000","6070000","6070200"],"visuals":{"large":"https:\/\/images.epagine.fr\/137\/9783865216137_1_75.jpg","medium":"https:\/\/images.epagine.fr\/137\/9783865216137_1_m.jpg","thumbnail":"https:\/\/images.epagine.fr\/137\/9783865216137_1_v.jpg"},"orderable":true,"show_badge":true,"formatted_price":"28,00&nbsp;\u20ac","formatted_published_date":"1er ao\u00fbt 2013","publisher_availability_label":"Sur commande","short_details":"Eneroth \u2014 Steidl","translator":null,"weight":300,"page_count":52,"readership":null,"editor":"Steidl","price":2800,"published_date":"2013-07-31T22:00:00.000000Z","support":"Grand format","publisher_availability":1,"stock":0,"editions":[],"url":"https:\/\/quaidesbrumes.com\/ouvrage\/9783865216137\/joakim-eneroth-swedish-red"},{"id":"9783865215376","title":"Tobias faldth year one","description":null,"authors":["Faldth"],"category_codes":["6000000","6070000","6070200"],"visuals":{"large":"https:\/\/images.epagine.fr\/376\/9783865215376_1_75.jpg","medium":"https:\/\/images.epagine.fr\/376\/9783865215376_1_m.jpg","thumbnail":"https:\/\/images.epagine.fr\/376\/9783865215376_1_v.jpg"},"orderable":true,"show_badge":true,"formatted_price":"38,00&nbsp;\u20ac","formatted_published_date":"10 juin 2011","publisher_availability_label":"Sur commande","short_details":"Faldth \u2014 Steidl","translator":null,"weight":600,"page_count":240,"readership":null,"editor":"Steidl","price":3800,"published_date":"2011-06-09T22:00:00.000000Z","support":"Grand format","publisher_availability":1,"stock":0,"editions":[],"url":"https:\/\/quaidesbrumes.com\/ouvrage\/9783865215376\/tobias-faldth-year-one"},{"id":"9782296063976","title":"Journalismes dans l'oc\u00e9an indien ; espaces publics en questions","description":"Cet ouvrage s'int\u00e9resse aux producteurs, journalistes, r\u00e9unionnais, mauriciens, malgaches, comoriens et seychellois. Il t\u00e9moigne d'une rencontre qui a permis de r\u00e9unir des chercheurs de plusieurs universit\u00e9s et des professionnels des m\u00e9dias venus rendre compte de leurs analyses pour les uns et de leurs pratiques pour les autres. L'ensemble des journalistes se r\u00e9f\u00e8rent \u00e0 une conception normative de leur profession, dans une volont\u00e9 d'ouverture d\u00e9mocratique de leurs aires d'exercice.\r","authors":["Bernard Idelson"],"category_codes":["6000000","6070000","6070300"],"visuals":{"large":"https:\/\/images.epagine.fr\/976\/9782296063976_1_75.jpg","medium":"https:\/\/images.epagine.fr\/976\/9782296063976_1_m.jpg","thumbnail":"https:\/\/images.epagine.fr\/976\/9782296063976_1_v.jpg"},"orderable":true,"show_badge":true,"formatted_price":"24,50&nbsp;\u20ac","formatted_published_date":"7 novembre 2008","publisher_availability_label":"Sur commande","short_details":"Bernard Idelson \u2014 \u00c9ditions L'Harmattan","translator":null,"weight":260,"page_count":246,"readership":null,"editor":"\u00c9ditions L'Harmattan","price":2450,"published_date":"2008-11-06T23:00:00.000000Z","support":"Grand format","publisher_availability":1,"stock":0,"editions":[],"url":"https:\/\/quaidesbrumes.com\/ouvrage\/9782296063976\/journalismes-dans-locean-indien-espaces-publics-en-questions"},{"id":"9782930481685","title":"La communication pour le d\u00e9veloppement ; analyse critique des dispositifs et pratiques professionnels au Congo","description":"\"Le rapport \"Communication et d\u00e9veloppement\" n\u00e9cessite une approche interdisciplinaire associant aussi bien des r\u00e9flexions th\u00e9oriques que des analyses empiriques. L articulation des pratiques communicationnelles et le contexte dans lequel elles s inscrivent, le rapport entre la technique et l homme, le savoir et la culture constituent les axes majeurs de cet ouvrage. Il ne s agit pas d \u00e9tablir la v\u00e9rit\u00e9, ni de proposer des solutions toutes faites, mais d inciter \u00e0 une r\u00e9flexion d ensemble...\"\r","authors":["Alain Kiyindou"],"category_codes":["6000000","6070000","6070300"],"visuals":{"large":"https:\/\/images.epagine.fr\/685\/9782930481685_1_75.jpg","medium":"https:\/\/images.epagine.fr\/685\/9782930481685_1_m.jpg","thumbnail":"https:\/\/images.epagine.fr\/685\/9782930481685_1_v.jpg"},"orderable":true,"show_badge":true,"formatted_price":"36,50&nbsp;\u20ac","formatted_published_date":"30 octobre 2008","publisher_availability_label":"Sur commande","short_details":"Alain Kiyindou \u2014 EME EDITIONS","translator":null,"weight":350,"page_count":312,"readership":null,"editor":"EME EDITIONS","price":3650,"published_date":"2008-10-29T23:00:00.000000Z","support":"Grand format","publisher_availability":1,"stock":0,"editions":[],"url":"https:\/\/quaidesbrumes.com\/ouvrage\/9782930481685\/la-communication-pour-le-developpement-analyse-critique-des-dispositifs-et-pratiques-professionnels-au-congo"},{"id":"9782913176010","title":"Willy Kessels","description":null,"authors":["Willy Kessels"],"category_codes":["6000000","6070000","6070200"],"visuals":{"large":"https:\/\/quaidesbrumes.com\/img\/book-placeholder.png","medium":"https:\/\/quaidesbrumes.com\/img\/book-placeholder.png","thumbnail":"https:\/\/quaidesbrumes.com\/img\/book-placeholder.png"},"orderable":true,"show_badge":true,"formatted_price":"5,88&nbsp;\u20ac","formatted_published_date":"1er mai 1998","publisher_availability_label":"Sur commande","short_details":"Willy Kessels \u2014 Trans Photographic Press","translator":null,"weight":75,"page_count":null,"readership":null,"editor":"Trans Photographic Press","price":588,"published_date":"1998-04-30T22:00:00.000000Z","support":"Grand format","publisher_availability":1,"stock":0,"editions":[],"url":"https:\/\/quaidesbrumes.com\/ouvrage\/9782913176010\/willy-kessels"},{"id":"9782081217119","title":"Les films \u00e0 voir entre copains","description":"Les films D'Olivier Bousquet et Arnaud Devillard avec Indiana Jones, Bridget Jones, les Apprentis, Ferris Bueller, les Nuls, James Bond, les Bronz\u00e9s... Flammarion, 2008. Dur\u00e9e : 104films. L'histoire : Deux journalistes qui ont \u00e9t\u00e9 jeunes ont s\u00e9lectionn\u00e9 pour vous plus d'une centaine de films se pr\u00eatant au visionnage entre copains (et copines). Pourquoi utiliser ce guide : Parce que c'est dr\u00f4le. Parce que c'est pratique. Parce que vous allez apprendre plein de choses. Parce que vous n'aviez pas d'id\u00e9es pour samedi soir. Avec qui : Vos pires ami(e)s, et, dans des cas exceptionnels, vos meilleurs ennemi(e)s. Quand : Samedi soir ou dimanche apr\u00e8s-midi. Quoi boire\/manger devant : Rien de bien sain mais tout ce qu'il y a de plus coh\u00e9rent avec le film que vous allez choisir de voir apr\u00e8s consultation de ce guide. \u00c0 ne pas louper : La rubrique \u00ab\u00c0 ne pas louper\u00bb \u00e0 propos de chaque film s\u00e9lectionn\u00e9. Le petit truc en plus : L'in\u00e9puisable exp\u00e9rience du sujet des deux auteurs. Id\u00e9es de d\u00e9bat pour prolonger : .Ils ont oubli\u00e9 plein d'autres films, non ? .Vous avez vu ce qu'ils disent sur Le Seigneur des anneaux ? .Ils sont beaux, les deux auteurs ?","authors":["Devillard\/Bousquet"],"category_codes":["6000000","6070000","6070300"],"visuals":{"large":"https:\/\/images.epagine.fr\/119\/9782081217119_1_75.jpg","medium":"https:\/\/images.epagine.fr\/119\/9782081217119_1_m.jpg","thumbnail":"https:\/\/images.epagine.fr\/119\/9782081217119_1_v.jpg"},"orderable":true,"show_badge":true,"formatted_price":"18,30&nbsp;\u20ac","formatted_published_date":"20 octobre 2008","publisher_availability_label":"Sur commande","short_details":"Devillard\/Bousquet \u2014 Flammarion","translator":null,"weight":260,"page_count":264,"readership":"Tout public","editor":"Flammarion","price":1830,"published_date":"2008-10-19T22:00:00.000000Z","support":"Grand format","publisher_availability":1,"stock":0,"editions":[],"url":"https:\/\/quaidesbrumes.com\/ouvrage\/9782081217119\/les-films-a-voir-entre-copains"},{"id":"9782907337526","title":"Les ann\u00e9es Montreuil","description":"Un peu de fer, un peu de bois, un peu de corde, un peu de plomb, un corps en extension qui appara\u00eet, Christian Grisinger a pos\u00e9 son oeuvre l\u00e0, \u00e0 Montreuil. Il a pens\u00e9 et fabriqu\u00e9 ces formes et ces ombres \u00e0 Montreuil. L'humanit\u00e9 est l\u00e0 aussi, dans ces mati\u00e8res... N'est-elle pas m\u00eame plus pr\u00e9sente dans ce bois tordu ou ce clou fich\u00e9 ou cette corde tortill\u00e9e ou ce creux d'un si\u00e8ge que dans le buste \u00e9tir\u00e9 et fig\u00e9 ? Peu de mots peu de discours mais avec Christian chaque mot, chaque id\u00e9e se plante l\u00e0, c'est un clou qui s'engage droit, sans se tourner ni se vriller ni contourner ni justifier. C'est comme \u00e7a. T\u00eate de bois, homme de fer, liens nou\u00e9s, enroul\u00e9s, ici et maintenant. C'est Christian Grisinger.\r","authors":["Grisinger C"],"category_codes":["6000000","6070000","6070200"],"visuals":{"large":"https:\/\/quaidesbrumes.com\/img\/book-placeholder.png","medium":"https:\/\/quaidesbrumes.com\/img\/book-placeholder.png","thumbnail":"https:\/\/quaidesbrumes.com\/img\/book-placeholder.png"},"orderable":true,"show_badge":true,"formatted_price":"38,00&nbsp;\u20ac","formatted_published_date":"10 avril 2008","publisher_availability_label":"Sur commande","short_details":"Grisinger C \u2014 Folies D'Encre","translator":null,"weight":775,"page_count":127,"readership":null,"editor":"Folies D'Encre","price":3800,"published_date":"2008-04-09T22:00:00.000000Z","support":"Beaux-livres","publisher_availability":1,"stock":0,"editions":[],"url":"https:\/\/quaidesbrumes.com\/ouvrage\/9782907337526\/les-annees-montreuil"},{"id":"9782952801812","title":"Le cin\u00e9ma vietnamien ; vietnamese cinema","description":"Dire \"cin\u00e9ma vietnamien\", c'est le plus souvent penser \u00e0 tran anh hung ou \u00e0 tony bui.\r\n Mais a la verticale de l'\u00e9t\u00e9 est un film fran\u00e7ais et trois saisons un film am\u00e9ricain.  le cin\u00e9ma vietnamien reste un cin\u00e9ma mal connu.  un petit nombre de festivals, de rares distributeurs ont pu offrir quelques oeuvres au public de quelques pays du monde, la grande masse des films vietnamiens est rest\u00e9e au pays.  n\u00e9 dans la guerre, ce cin\u00e9ma sans moyens marqu\u00e9 par le r\u00e9alisme socialiste s'est construit dans un rapport \u00e9troit avec l'identit\u00e9 nationale.\r\n Mais sur les derniers vingt ans deux faits sont venus troubler la production cin\u00e9matographique : l'\"ouverture\" de 1986 et le retour au pays de cin\u00e9astes d'origine vietnamienne.  les oeuvres de viet linh, de dang nhat minh ou de tran anh hung ont acquis la reconnaissance qu'elles m\u00e9ritent, mais cette notori\u00e9t\u00e9 ne doit masquer ni la gravit\u00e9 des oeuvres traditionnelles ni la vivacit\u00e9 des films de la modernit\u00e9.\r\n Profond ou superficiel, ces cin\u00e9mas-l\u00e0 - celui de l'h\u00e9ritage, celui de l'avenir - ne circulent pas.  il revient \u00e0 cet ouvrage d'en rendre compte.  ce recueil d'articles croise des \u00e9clairages vari\u00e9s pour sortir de l'ombre ce cin\u00e9ma vietnamien et en faire conna\u00eetre la richesse.\r","authors":["Collectif"],"category_codes":["6000000","6070000","6070300"],"visuals":{"large":"https:\/\/images.epagine.fr\/812\/9782952801812_1_75.jpg","medium":"https:\/\/images.epagine.fr\/812\/9782952801812_1_m.jpg","thumbnail":"https:\/\/images.epagine.fr\/812\/9782952801812_1_v.jpg"},"orderable":true,"show_badge":true,"formatted_price":"21,00&nbsp;\u20ac","formatted_published_date":"30 novembre 2007","publisher_availability_label":"Sur commande","short_details":"Collectif \u2014 Asiexpo","translator":null,"weight":350,"page_count":260,"readership":null,"editor":"Asiexpo","price":2100,"published_date":"2007-11-29T23:00:00.000000Z","support":"Livre + DVD","publisher_availability":1,"stock":0,"editions":[],"url":"https:\/\/quaidesbrumes.com\/ouvrage\/9782952801812\/le-cinema-vietnamien-vietnamese-cinema"},{"id":"9782213643267","title":"Radio","description":"Radio, musique, parole.\r\n\r\nC'\u00e9tait aujourd'hui. La musique classique devait se faire toute petite. Jimi Hendrix \u00e9tait mobilis\u00e9 pour venir en aide \u00e0 Roland de Lassus. Le ton copain, bien d\u00e9gag\u00e9 derri\u00e8re les micros, allait enfin combler le gouffre entre Grande Musique et petits auditeurs. A gauche, d\u00e9ferlement d'une parole d\u00e9boutonn\u00e9e ; \u00e0 droite, robinet \u00e0 musique. L'avenir \u00e9tait pour hier.\r\n\r\nA moins que... Une nouvelle radio pour la musique ? C'est demain. La radio est un art du futur. La parole y sera toujours davantage la bienvenue, car la demande de lien l'emporte d\u00e9j\u00e0 sur celle de flux. L'auditeur est plus alerte qu'il ne le croit lui-m\u00eame. Il a envie d'un savoir : gai. D'une ouverture au cin\u00e9ma sans images, tellement congru \u00e0 la radio. Ou \u00e0 la litt\u00e9rature, puisque la musique raconte aussi. Ou \u00e0 la peinture, car elle dessine tout autant. Et de musique plus secr\u00e8te enfin, comme d'une parole pour lui seul. Une radio pour accorder son droit au temps d'\u00e9couter, et m\u00eame d'entendre. Pour estimer que Mozart ou Bart\u00f3k sont une parade contre l'inanit\u00e9 ambiante. Pour tenir \u00e0 manifester envers tant de beaut\u00e9 du pass\u00e9 sa \u00ab gratitude \u00bb. Pour croire, finalement, qu'une telle Consid\u00e9ration de la musique n'est pas Inactuelle.\r\nDJ Dominique Jameux (1939) est musicologue, auteur (Richard Strauss, Alban Berg, Pierre Boulez, L'Ecole de Vienne...), journaliste, conf\u00e9rencier, sc\u00e9nariste TV. Producteur sur France Culture et surtout France Musique de 1972 \u00e0 2008.","authors":["Dominique Jameux"],"category_codes":["6000000","6070000","6070300"],"visuals":{"large":"https:\/\/images.epagine.fr\/267\/9782213643267_1_75.jpg","medium":"https:\/\/images.epagine.fr\/267\/9782213643267_1_m.jpg","thumbnail":"https:\/\/images.epagine.fr\/267\/9782213643267_1_v.jpg"},"orderable":true,"show_badge":true,"formatted_price":"20,00&nbsp;\u20ac","formatted_published_date":"14 janvier 2009","publisher_availability_label":"Sur commande","short_details":"Dominique Jameux \u2014 Fayard","translator":null,"weight":202,"page_count":184,"readership":"Tout public","editor":"Fayard","price":2000,"published_date":"2009-01-13T23:00:00.000000Z","support":"Grand format","publisher_availability":1,"stock":0,"editions":[],"url":"https:\/\/quaidesbrumes.com\/ouvrage\/9782213643267\/radio"},{"id":"9782828911744","title":"Terra borealis","description":"Groenland, Norv\u00e8ge, Islande, \u00eeles Shetland et F\u00e9ro\u00e9: au-del\u00e0 du 60e parall\u00e8le s'\u00e9tendent des espaces rudes et purs, primitifs et intenses, min\u00e9raux et liquides, les terres bor\u00e9ales. La fascination du photographe qui les arpente depuis pr\u00e8s de 20 ans nous en restitue ici la beaut\u00e9 nue et \u00e9blouissante. Un voyage hypnotique.\r","authors":["Marco Paoluzzo"],"category_codes":["6000000","6070000","6070200"],"visuals":{"large":"https:\/\/images.epagine.fr\/744\/9782828911744_1_75.jpg","medium":"https:\/\/images.epagine.fr\/744\/9782828911744_1_m.jpg","thumbnail":"https:\/\/images.epagine.fr\/744\/9782828911744_1_v.jpg"},"orderable":true,"show_badge":true,"formatted_price":"35,00&nbsp;\u20ac","formatted_published_date":"14 octobre 2010","publisher_availability_label":"Sur commande","short_details":"Marco Paoluzzo \u2014 Favre","translator":null,"weight":1920,"page_count":191,"readership":null,"editor":"Favre","price":3500,"published_date":"2010-10-13T22:00:00.000000Z","support":"Beaux-livres","publisher_availability":1,"stock":0,"editions":[],"url":"https:\/\/quaidesbrumes.com\/ouvrage\/9782828911744\/terra-borealis"},{"id":"9782355070259","title":"Des cin\u00e9mas dans la ville, Caen ; des Fr\u00e8res Lumi\u00e8re au nouveaub mill\u00e9naire","description":"En retra\u00e7ant l'aventure des salles obscures de Caen, des baraques \u00e0 projection aux complexes cin\u00e9matographiques actuels, ce livre \u00e9voque tout \u00e0 la fois l'histoire du 7e Art et celle des am\u00e9nagements de la capitale bas-normande. Il dessine un portrait des spectateurs caennais qui comptent de nombreux cin\u00e9philes dans leurs rangs.\r","authors":["Serge David"],"category_codes":["6000000","6070000","6070300","6070307"],"visuals":{"large":"https:\/\/images.epagine.fr\/259\/9782355070259_1_75.jpg","medium":"https:\/\/images.epagine.fr\/259\/9782355070259_1_m.jpg","thumbnail":"https:\/\/images.epagine.fr\/259\/9782355070259_1_v.jpg"},"orderable":true,"show_badge":true,"formatted_price":"25,00&nbsp;\u20ac","formatted_published_date":"7 mai 2010","publisher_availability_label":"Sur commande","short_details":"Serge David \u2014 Cahiers Du Temps","translator":null,"weight":700,"page_count":145,"readership":null,"editor":"Cahiers Du Temps","price":2500,"published_date":"2010-05-06T22:00:00.000000Z","support":"Grand format","publisher_availability":1,"stock":0,"editions":[],"url":"https:\/\/quaidesbrumes.com\/ouvrage\/9782355070259\/des-cinemas-dans-la-ville-caen-des-freres-lumiere-au-nouveaub-millenaire"},{"id":"9782913176539","title":"Verspieren","description":"Aujourd'hui, sous nos yeux, des quartiers, des cit\u00e9s enti\u00e8res \u00e9closent, cons\u00e9quence de l'urbanisation forcen\u00e9e de la plan\u00e8te.\r\nD'Asie ou d'ailleurs nous parviennent les images spectaculaires de grands travaux de construction ou de r\u00e9habilitation. Un certains nombre d'auteurs se sont saisi du sujet pour le constituer en th\u00e8me au point, semble-t-il, que la photographie de chantier est en passe de devenir, plus qu'une simple trace documentaire, un genre sp\u00e9cifique de la cr\u00e9ation photographique et que sa pr\u00e9sence s'impose maintenant aux cimaises des foires d'art contemporain et des mus\u00e9es.\r\nC'est dans ce contexte que le cabinet d'architectes SCAU, charg\u00e9 de r\u00e9aliser le nouveau si\u00e8ge social du courtier en assurances Verspieren \u00e0 Wasquehal dans la p\u00e9riph\u00e9rie de Lille, a propos\u00e9 une carte blanche \u00e0 Bruno Delamain et Laurent Gueneau. Par ce choix, il sollicitait des visions d'auteurs plus qu'un banal suivi de travaux et s'engageait dans une r\u00e9elle commande artistique. Effectivement, sous leur objectif, le document, investi de pr\u00e9occupations personnelles, s'est trouv\u00e9 int\u00e9gr\u00e9 \u00e0 l'oeuvre de chacun.\r\nLe chantier appara\u00eet ici comme un organisme vivant.\r","authors":[],"category_codes":["6000000","6070000","6070200"],"visuals":{"large":"https:\/\/images.epagine.fr\/539\/9782913176539_1_75.jpg","medium":"https:\/\/images.epagine.fr\/539\/9782913176539_1_m.jpg","thumbnail":"https:\/\/images.epagine.fr\/539\/9782913176539_1_v.jpg"},"orderable":true,"show_badge":true,"formatted_price":"38,54&nbsp;\u20ac","formatted_published_date":"9 avril 2008","publisher_availability_label":"Sur commande","short_details":"Trans Photographic Press","translator":null,"weight":620,"page_count":null,"readership":"Tout public","editor":"Trans Photographic Press","price":3854,"published_date":"2008-04-08T22:00:00.000000Z","support":"Grand format","publisher_availability":1,"stock":0,"editions":[],"url":"https:\/\/quaidesbrumes.com\/ouvrage\/9782913176539\/verspieren"},{"id":"9783829604765","title":"Anton Corbijn ; inside the american","description":"Pendant le tournage de son dernier film, The American avec George Clooney (sortie fran\u00e7aise le 27 octobre), le cin\u00e9aste et photographe hollandais Anton Corbijn a pris quantit\u00e9 de clich\u00e9s et de notes dont il nous livre ici une s\u00e9lection qui nous plonge dans l'univers myst\u00e9rieux de son film.\r","authors":["Anton Corbijn"],"category_codes":["6000000","6070000","6070300"],"visuals":{"large":"https:\/\/images.epagine.fr\/765\/9783829604765_1_75.jpg","medium":"https:\/\/images.epagine.fr\/765\/9783829604765_1_m.jpg","thumbnail":"https:\/\/images.epagine.fr\/765\/9783829604765_1_v.jpg"},"orderable":true,"show_badge":true,"formatted_price":"18,00&nbsp;\u20ac","formatted_published_date":"19 ao\u00fbt 2010","publisher_availability_label":"Sur commande","short_details":"Anton Corbijn \u2014 Schirmer Mosel","translator":null,"weight":1200,"page_count":164,"readership":null,"editor":"Schirmer Mosel","price":1800,"published_date":"2010-08-18T22:00:00.000000Z","support":"Grand format","publisher_availability":1,"stock":0,"editions":[],"url":"https:\/\/quaidesbrumes.com\/ouvrage\/9783829604765\/anton-corbijn-inside-the-american"},{"id":"9783829605144","title":"Candida hofer spaces of their own","description":null,"authors":["Hofer\/Vila Matas"],"category_codes":["6000000","6070000","6070200"],"visuals":{"large":"https:\/\/images.epagine.fr\/144\/9783829605144_1_75.jpg","medium":"https:\/\/images.epagine.fr\/144\/9783829605144_1_m.jpg","thumbnail":"https:\/\/images.epagine.fr\/144\/9783829605144_1_v.jpg"},"orderable":true,"show_badge":true,"formatted_price":"60,00&nbsp;\u20ac","formatted_published_date":"1er octobre 2010","publisher_availability_label":"Sur commande","short_details":"Hofer\/Vila Matas \u2014 Schirmer Mosel","translator":null,"weight":1800,"page_count":208,"readership":null,"editor":"Schirmer Mosel","price":6000,"published_date":"2010-09-30T22:00:00.000000Z","support":"Grand format","publisher_availability":1,"stock":0,"editions":[],"url":"https:\/\/quaidesbrumes.com\/ouvrage\/9783829605144\/candida-hofer-spaces-of-their-own"},{"id":"9782952522731","title":"Au fil de l'eau, la Dordogne \u00e0 Bergerac","description":null,"authors":["Photo Club Bergerac"],"category_codes":["6000000","6070000","6070200"],"visuals":{"large":"https:\/\/quaidesbrumes.com\/img\/book-placeholder.png","medium":"https:\/\/quaidesbrumes.com\/img\/book-placeholder.png","thumbnail":"https:\/\/quaidesbrumes.com\/img\/book-placeholder.png"},"orderable":true,"show_badge":true,"formatted_price":"25,00&nbsp;\u20ac","formatted_published_date":"20 novembre 2006","publisher_availability_label":"Sur commande","short_details":"Photo Club Bergerac \u2014 COULEURS PERIGORDS","translator":null,"weight":300,"page_count":null,"readership":null,"editor":"COULEURS PERIGORDS","price":2500,"published_date":"2006-11-19T23:00:00.000000Z","support":"Grand format","publisher_availability":1,"stock":0,"editions":[],"url":"https:\/\/quaidesbrumes.com\/ouvrage\/9782952522731\/au-fil-de-leau-la-dordogne-a-bergerac"},{"id":"9782296122659","title":"D\u00e9cryptage de l'actualit\u00e9 internationale ; recueil d'analyses, de commentaires et d'\u00e9ditoriaux","description":"Cette \u00e9tude passe au bistouri l'actualit\u00e9 internationale \u00e0 travers tous les genres journalistiques : \u00e9ditorial, analyse, commentaire, billet... L'auteur nous prom\u00e8ne sans transition de la guerre de Gaza \u00e0 l'\u00e9lection de Barak Obama, il commente le d\u00e9part du pr\u00e9sident Bush et les atermoiements de la diplomatie internationale, les \u00e9lections pr\u00e9sidentielles fran\u00e7aises vues du Sud, les enjeux du nucl\u00e9aire, la r\u00e9currente crise congolaise, la course aux armements...\r","authors":["Ahmad Makaila"],"category_codes":["6000000","6070000","6070300"],"visuals":{"large":"https:\/\/images.epagine.fr\/659\/9782296122659_1_75.jpg","medium":"https:\/\/images.epagine.fr\/659\/9782296122659_1_m.jpg","thumbnail":"https:\/\/images.epagine.fr\/659\/9782296122659_1_v.jpg"},"orderable":true,"show_badge":true,"formatted_price":"18,50&nbsp;\u20ac","formatted_published_date":"28 mai 2010","publisher_availability_label":"Sur commande","short_details":"Ahmad Makaila \u2014 \u00c9ditions L'Harmattan","translator":null,"weight":225,"page_count":null,"readership":null,"editor":"\u00c9ditions L'Harmattan","price":1850,"published_date":"2010-05-27T22:00:00.000000Z","support":"Grand format","publisher_availability":1,"stock":0,"editions":[],"url":"https:\/\/quaidesbrumes.com\/ouvrage\/9782296122659\/decryptage-de-lactualite-internationale-recueil-danalyses-de-commentaires-et-deditoriaux"},{"id":"9782868535214","title":"Le coffre-fort de ma m\u00e8re","description":"Pierre-Jean Amar, fils unique d'une famille juive alg\u00e9roise, orphelin de p\u00e8re \u00e0 quinze ans, sera jusqu'\u00e0 l'\u00e2ge adulte prisonnier d'une m\u00e8re malade et autoritaire, extraordinairement abusive.\r\nDe cette jeunesse confisqu\u00e9e, d'o\u00f9 il ressort une funeste impression de mort dans la vie, na\u00eetra un go\u00fbt pour l'art et un besoin d'expression que la pratique de la photographie allait combler. C'est donc naturellement par ce moyen qu'il a fait, en fixant divers objets de l'appartement o\u00f9 il vivait pr\u00e8s d'elle (l'armoire \u00e0 pharmacie d\u00e9bordant de rem\u00e8des, le placard \u00e0 vaisselle, le lit, la table de nuit.\r\nEt jusqu'au coffre-fort tellement symbolique de son enfermement) une mani\u00e8re de portrait par contumace de cette m\u00e8re aim\u00e9e autant qu'ha\u00efe, et un autoportrait par ricochet. Cette tentative autobiographique - dont le lecteur saisit forc\u00e9ment la dimension d'exorcisme - le mettra dans une position positivement inconfortable : celle d'avoir \u00e0 reconna\u00eetre dans cet \u00e9trange cas de possession les marques les plus banales de l'amour et de la vie ordinaire.\r","authors":["Pierre-Jean Amar"],"category_codes":["6000000","6070000","6070200"],"visuals":{"large":"https:\/\/images.epagine.fr\/214\/9782868535214_1_75.jpg","medium":"https:\/\/images.epagine.fr\/214\/9782868535214_1_m.jpg","thumbnail":"https:\/\/images.epagine.fr\/214\/9782868535214_1_v.jpg"},"orderable":true,"show_badge":true,"formatted_price":"22,00&nbsp;\u20ac","formatted_published_date":"2 juillet 2009","publisher_availability_label":"Sur commande","short_details":"Pierre-Jean Amar \u2014 Le Temps Qu'Il Fait","translator":null,"weight":300,"page_count":null,"readership":null,"editor":"Le Temps Qu'Il Fait","price":2200,"published_date":"2009-07-01T22:00:00.000000Z","support":"Grand format","publisher_availability":1,"stock":0,"editions":[],"url":"https:\/\/quaidesbrumes.com\/ouvrage\/9782868535214\/le-coffre-fort-de-ma-mere"},{"id":"9781568987842","title":"A year of mornings","description":null,"authors":["Alexandra Vettese\/St"],"category_codes":["6000000","6070000","6070200"],"visuals":{"large":"https:\/\/images.epagine.fr\/842\/9781568987842_1_75.jpg","medium":"https:\/\/images.epagine.fr\/842\/9781568987842_1_m.jpg","thumbnail":"https:\/\/images.epagine.fr\/842\/9781568987842_1_v.jpg"},"orderable":true,"show_badge":true,"formatted_price":"18,00&nbsp;\u20ac","formatted_published_date":"1er octobre 2008","publisher_availability_label":"Sur commande","short_details":"Alexandra Vettese\/St \u2014 Princeton Architectural","translator":null,"weight":420,"page_count":null,"readership":null,"editor":"Princeton Architectural","price":1800,"published_date":"2008-09-30T22:00:00.000000Z","support":"Grand format","publisher_availability":1,"stock":0,"editions":[],"url":"https:\/\/quaidesbrumes.com\/ouvrage\/9781568987842\/a-year-of-mornings"},{"id":"9781576873687","title":"Enanitos toreros","description":null,"authors":["Corona Livia"],"category_codes":["6000000","6070000","6070200"],"visuals":{"large":"https:\/\/images.epagine.fr\/687\/9781576873687_1_75.jpg","medium":"https:\/\/images.epagine.fr\/687\/9781576873687_1_m.jpg","thumbnail":"https:\/\/images.epagine.fr\/687\/9781576873687_1_v.jpg"},"orderable":true,"show_badge":true,"formatted_price":"39,90&nbsp;\u20ac","formatted_published_date":"6 ao\u00fbt 2008","publisher_availability_label":"Sur commande","short_details":"Corona Livia \u2014 Powerhouse","translator":null,"weight":801,"page_count":null,"readership":null,"editor":"Powerhouse","price":3990,"published_date":"2008-08-05T22:00:00.000000Z","support":"Grand format","publisher_availability":1,"stock":0,"editions":[],"url":"https:\/\/quaidesbrumes.com\/ouvrage\/9781576873687\/enanitos-toreros"},{"id":"9781576874158","title":"Leora kahn darfur","description":null,"authors":["Kahn Leora"],"category_codes":["6000000","6070000","6070200"],"visuals":{"large":"https:\/\/images.epagine.fr\/158\/9781576874158_1_75.jpg","medium":"https:\/\/images.epagine.fr\/158\/9781576874158_1_m.jpg","thumbnail":"https:\/\/images.epagine.fr\/158\/9781576874158_1_v.jpg"},"orderable":true,"show_badge":true,"formatted_price":"30,00&nbsp;\u20ac","formatted_published_date":"18 ao\u00fbt 2008","publisher_availability_label":"Sur commande","short_details":"Kahn Leora \u2014 Powerhouse","translator":null,"weight":601,"page_count":null,"readership":null,"editor":"Powerhouse","price":3000,"published_date":"2008-08-17T22:00:00.000000Z","support":"Grand format","publisher_availability":1,"stock":0,"editions":[],"url":"https:\/\/quaidesbrumes.com\/ouvrage\/9781576874158\/leora-kahn-darfur"}]}