{"data":[{"id":"9782287210242","title":"Les proth\u00e8ses de hanche sans ciment de premi\u00e8re intention ; techniques op\u00e9ratoires, probl\u00e8mes et solutions","description":"Ce livre est le fruit d'un travail collectif du groupe Futura, groupe de travail d\u00e9di\u00e9 \u00e0 l'arthroplastie totale de hanche qui fait partie du Groupe d'Etude pour la Chirurgie 0sseuse (GECO). Son objectif principal est d'apporter aux jeunes chirurgiens, poseurs totales de hanches non ciment\u00e9es, les fruits de l'exp\u00e9rience acquise par plus de dix ans de pratique du groupe Futura dans ce domaine.\r\n\r\nL'ouvrage se veut didactique et - apr\u00e8s \u00e9nonc\u00e9s des classiques rappels de base, ici, les diff\u00e9rentes voies d'abord et l'historique - le lecteur plonge rapidement dans la description des techniques de pose de la pi\u00e8ce cotylo\u00efdienne et de la pi\u00e8ce f\u00e9morale.\r\n\r\nL'originalit\u00e9 r\u00e9side ensuite dans un important chapitre consacr\u00e9 aux \"probl\u00e8mes et solutions\", les classiques FAQ (frequently asked questions). Les auteurs ont sollicit\u00e9 les jeunes chirurgiens du groupe afin qu'ils transmettent leurs interrogations, leurs difficult\u00e9s ainsi que les pi\u00e8ges qu'ils ont rencontr\u00e9s dans leurs arthroplasties et apportent leurs r\u00e9ponses guid\u00e9es par l'analyse pertinente et l'exp\u00e9rience partag\u00e9e.\r\n\r\nA une \u00e9poque o\u00f9 les indications d'arthroplastie totale de hanche augmentent consid\u00e9rablement du fait du vieillissement de la population, la pose d'une proth\u00e8se totale de hanche \u00e0 fixation biologique, sans interface de \"ciment\", prend \u00e9galement une place croissante, la notion d'\u00e2ge limite reculant progressivement. L'ouvrage s'adresse en priorit\u00e9 \u00e0 un public chirurgical orthop\u00e9diste, en formation ou confirm\u00e9, mais il trouvera \u00e9galement sa place dans la biblioth\u00e8que des rhumatologues, des m\u00e9decins physiques, des IBODEs et des kin\u00e9sith\u00e9rapeutes, tous membres de l'\u00e9quipe soignante dans ce domaine.","authors":["Dambreville\/Dubrana"],"category_codes":["6000000","6070000","6070200"],"visuals":{"large":"https:\/\/images.epagine.fr\/242\/9782287210242_1_75.jpg","medium":"https:\/\/images.epagine.fr\/242\/9782287210242_1_m.jpg","thumbnail":"https:\/\/images.epagine.fr\/242\/9782287210242_1_v.jpg"},"orderable":true,"show_badge":true,"formatted_price":"71,00&nbsp;\u20ac","formatted_published_date":"3 ao\u00fbt 2010","publisher_availability_label":"Sur commande","short_details":"Dambreville\/Dubrana \u2014 Springer","translator":null,"weight":300,"page_count":300,"readership":null,"editor":"Springer","price":7100,"published_date":"2010-08-02T22:00:00.000000Z","support":"Grand format","publisher_availability":1,"stock":0,"editions":[],"url":"https:\/\/quaidesbrumes.com\/ouvrage\/9782287210242\/les-protheses-de-hanche-sans-ciment-de-premiere-intention-techniques-operatoires-problemes-et-solutions"},{"id":"9781568984186","title":"Brothels of nevada: candid views of america's legal sex industry","description":null,"authors":["Hursley\/Albert"],"category_codes":["6000000","6070000","6070200"],"visuals":{"large":"https:\/\/images.epagine.fr\/186\/9781568984186_1_75.jpg","medium":"https:\/\/images.epagine.fr\/186\/9781568984186_1_m.jpg","thumbnail":"https:\/\/images.epagine.fr\/186\/9781568984186_1_v.jpg"},"orderable":true,"show_badge":true,"formatted_price":"35,95&nbsp;\u20ac","formatted_published_date":"1er novembre 2003","publisher_availability_label":"Sur commande","short_details":"Hursley\/Albert \u2014 Princeton Architectural","translator":null,"weight":750,"page_count":null,"readership":null,"editor":"Princeton Architectural","price":3595,"published_date":"2003-10-31T23:00:00.000000Z","support":"Grand format","publisher_availability":1,"stock":0,"editions":[],"url":"https:\/\/quaidesbrumes.com\/ouvrage\/9781568984186\/brothels-of-nevada-candid-views-of-americas-legal-sex-industry"},{"id":"9782287332944","title":"\u00e9chographie de contraste","description":"La mise \u00e0 disposition des agents de contraste ultrasonores a introduit une nouvelle dimension dans l'examen \u00e9chographique avec la possibilit\u00e9 d'une exploration en temps r\u00e9el de la cin\u00e9tique de prise de contraste de l\u00e9sions vari\u00e9es. Les indications potentielles de ces microbulles touchent la quasi-totalit\u00e9 des organes profonds et superficiels, mais \u00e9galement les possibilit\u00e9s d'\u00e9tudes pharmacologiques pour la n\u00e9o-angiogen\u00e8se ou le guidage th\u00e9rapeutique par m\u00e9thodes physiques. Enfin, de nouvelles applications se font jour dans le domaine des produits cibl\u00e9s et le transport de principes actifs. Il nous est apparu opportun de tenter de faire le point sur ce monde en mouvement au travers d'une collaboration intense entre les diverses \u00e9quipes impliqu\u00e9es et reconnues dans ce domaine et dont, malheureusement, seulement certaines sont ici repr\u00e9sent\u00e9es. Nous souhaitons que cet ouvrage soit un point de r\u00e9f\u00e9rence actuel de l'\u00e9chographie de contraste, point qui demandera certainement \u00e0 \u00e9voluer dans les prochaines ann\u00e9es. Il d\u00e9montre avec force que les ultrasons peuvent jouer un r\u00f4le tr\u00e8s important dans l'imagerie moderne tant diagnostique que th\u00e9rapeutique en raison de leur performance diagnostique et de leur caract\u00e8re non invasif. Nous esp\u00e9rons que vous prendrez autant de plaisir \u00e0 y rechercher l'information utile que nous en avons eu \u00e0 d\u00e9couvrir une imagerie fonctionnelle ultrasonore en temps r\u00e9el et \u00e9crire ces diff\u00e9rents chapitres.","authors":["Tranquart\/Correas"],"category_codes":["6000000","6070000","6070200"],"visuals":{"large":"https:\/\/images.epagine.fr\/944\/9782287332944_1_75.jpg","medium":"https:\/\/images.epagine.fr\/944\/9782287332944_1_m.jpg","thumbnail":"https:\/\/images.epagine.fr\/944\/9782287332944_1_v.jpg"},"orderable":true,"show_badge":true,"formatted_price":"99,00&nbsp;\u20ac","formatted_published_date":"3 ao\u00fbt 2010","publisher_availability_label":"Sur commande","short_details":"Tranquart\/Correas \u2014 Springer","translator":null,"weight":1040,"page_count":328,"readership":null,"editor":"Springer","price":9900,"published_date":"2010-08-02T22:00:00.000000Z","support":"Grand format","publisher_availability":1,"stock":0,"editions":[],"url":"https:\/\/quaidesbrumes.com\/ouvrage\/9782287332944\/echographie-de-contraste"},{"id":"9782287484919","title":"Atlas de pathologie thoracique","description":"Cet ouvrage, consacr\u00e9 essentiellement \u00e0 l'imagerie du thorax, est divis\u00e9 en trois grandes parties.\r\n\r\nLa premi\u00e8re r\u00e9unit toutes les informations permettant de comprendre la formation et l'interpr\u00e9tation des images du thorax, qu'elles soient normales ou pathologiques, et d'\u00e9viter ainsi le maximum d'erreurs d'interpr\u00e9tation.\r\nLa seconde \u00e9tudie les diff\u00e9rents syndromes radio-anatomiques thoraciques. Elle permet au pneumologue, face \u00e0 un certain type d'images, de le rapporter au compartiment anatomique sous-jacent l\u00e9s\u00e9 et d'envisager alors toutes les \u00e9tiologies possibles.\r\nLa troisi\u00e8me partie, a contrario, r\u00e9capitule tous les aspects radiologiques susceptibles d'\u00eatre rencontr\u00e9s dans chacune des pathologies envisag\u00e9es.","authors":["Anthoine\/Humbert"],"category_codes":["6000000","6070000","6070200"],"visuals":{"large":"https:\/\/images.epagine.fr\/919\/9782287484919_1_75.jpg","medium":"https:\/\/images.epagine.fr\/919\/9782287484919_1_m.jpg","thumbnail":"https:\/\/images.epagine.fr\/919\/9782287484919_1_v.jpg"},"orderable":true,"show_badge":true,"formatted_price":"99,00&nbsp;\u20ac","formatted_published_date":"30 ao\u00fbt 2007","publisher_availability_label":"Sur commande","short_details":"Anthoine\/Humbert \u2014 Springer","translator":null,"weight":1620,"page_count":660,"readership":null,"editor":"Springer","price":9900,"published_date":"2007-08-29T22:00:00.000000Z","support":"Grand format","publisher_availability":1,"stock":0,"editions":[],"url":"https:\/\/quaidesbrumes.com\/ouvrage\/9782287484919\/atlas-de-pathologie-thoracique"},{"id":"9783829600408","title":"Simone nieweg landscapes garden pieces \/anglais\/allemand","description":null,"authors":["Nieweg Simone"],"category_codes":["6000000","6070000","6070200"],"visuals":{"large":"https:\/\/images.epagine.fr\/408\/9783829600408_1_75.jpg","medium":"https:\/\/images.epagine.fr\/408\/9783829600408_1_m.jpg","thumbnail":"https:\/\/images.epagine.fr\/408\/9783829600408_1_v.jpg"},"orderable":true,"show_badge":true,"formatted_price":"59,95&nbsp;\u20ac","formatted_published_date":"2 f\u00e9vrier 2003","publisher_availability_label":"Sur commande","short_details":"Nieweg Simone \u2014 Schirmer Mosel","translator":null,"weight":1374,"page_count":144,"readership":null,"editor":"Schirmer Mosel","price":5995,"published_date":"2003-02-01T23:00:00.000000Z","support":"Grand format","publisher_availability":1,"stock":0,"editions":[],"url":"https:\/\/quaidesbrumes.com\/ouvrage\/9783829600408\/simone-nieweg-landscapes-garden-pieces-anglaisallemand"},{"id":"9783829600477","title":"Elger esser cap d'antifer - etretat \/anglais\/allemand","description":null,"authors":["Foos Peter"],"category_codes":["6000000","6070000","6070200"],"visuals":{"large":"https:\/\/images.epagine.fr\/477\/9783829600477_1_75.jpg","medium":"https:\/\/images.epagine.fr\/477\/9783829600477_1_m.jpg","thumbnail":"https:\/\/images.epagine.fr\/477\/9783829600477_1_v.jpg"},"orderable":true,"show_badge":true,"formatted_price":"48,95&nbsp;\u20ac","formatted_published_date":"24 d\u00e9cembre 2002","publisher_availability_label":"Sur commande","short_details":"Foos Peter \u2014 Schirmer Mosel","translator":null,"weight":1022,"page_count":48,"readership":null,"editor":"Schirmer Mosel","price":4895,"published_date":"2002-12-23T23:00:00.000000Z","support":"Grand format","publisher_availability":1,"stock":0,"editions":[],"url":"https:\/\/quaidesbrumes.com\/ouvrage\/9783829600477\/elger-esser-cap-dantifer-etretat-anglaisallemand"},{"id":"9783829600538","title":"Heute bis jetzt zeitgenossische fotografie aus dusseldorf  vol 2 \/allemand","description":null,"authors":["Pfab Rupert"],"category_codes":["6000000","6070000","6070200"],"visuals":{"large":"https:\/\/images.epagine.fr\/538\/9783829600538_1_75.jpg","medium":"https:\/\/images.epagine.fr\/538\/9783829600538_1_m.jpg","thumbnail":"https:\/\/images.epagine.fr\/538\/9783829600538_1_v.jpg"},"orderable":true,"show_badge":true,"formatted_price":"36,95&nbsp;\u20ac","formatted_published_date":"1er mai 2002","publisher_availability_label":"Sur commande","short_details":"Pfab Rupert \u2014 Schirmer Mosel","translator":null,"weight":650,"page_count":null,"readership":null,"editor":"Schirmer Mosel","price":3695,"published_date":"2002-04-30T22:00:00.000000Z","support":"Grand format","publisher_availability":1,"stock":0,"editions":[],"url":"https:\/\/quaidesbrumes.com\/ouvrage\/9783829600538\/heute-bis-jetzt-zeitgenossische-fotografie-aus-dusseldorf-vol-2-allemand"},{"id":"9783829601726","title":"Jorg sasse tableaux et esquisses","description":null,"authors":["Sasse Jorg"],"category_codes":["6000000","6070000","6070200"],"visuals":{"large":"https:\/\/images.epagine.fr\/726\/9783829601726_1_75.jpg","medium":"https:\/\/images.epagine.fr\/726\/9783829601726_1_m.jpg","thumbnail":"https:\/\/images.epagine.fr\/726\/9783829601726_1_v.jpg"},"orderable":true,"show_badge":true,"formatted_price":"48,95&nbsp;\u20ac","formatted_published_date":"1er janvier 2004","publisher_availability_label":"Sur commande","short_details":"Sasse Jorg \u2014 Schirmer Mosel","translator":null,"weight":1001,"page_count":117,"readership":null,"editor":"Schirmer Mosel","price":4895,"published_date":"2003-12-31T23:00:00.000000Z","support":"Grand format","publisher_availability":1,"stock":0,"editions":[],"url":"https:\/\/quaidesbrumes.com\/ouvrage\/9783829601726\/jorg-sasse-tableaux-et-esquisses"},{"id":"9783829601801","title":"Brigitte lacombe cinema theatre","description":"R\u00e9\u00e9dition broch\u00e9e de la r\u00e9trospective consacr\u00e9e aux portraits d'acteurs et de metteurs en sc\u00e8ne de th\u00e9\u00e2tre et de cin\u00e9ma fran\u00e7ais et am\u00e9ricains pris par la photographe fran\u00e7aise Brigitte Lacombe.\r","authors":["Brigitte Lacombe"],"category_codes":["6000000","6070000","6070200"],"visuals":{"large":"https:\/\/images.epagine.fr\/801\/9783829601801_1_75.jpg","medium":"https:\/\/images.epagine.fr\/801\/9783829601801_1_m.jpg","thumbnail":"https:\/\/images.epagine.fr\/801\/9783829601801_1_v.jpg"},"orderable":true,"show_badge":true,"formatted_price":"60,00&nbsp;\u20ac","formatted_published_date":"1er novembre 2005","publisher_availability_label":"Sur commande","short_details":"Brigitte Lacombe \u2014 Schirmer Mosel","translator":null,"weight":2504,"page_count":292,"readership":null,"editor":"Schirmer Mosel","price":6000,"published_date":"2005-10-31T23:00:00.000000Z","support":"Grand format","publisher_availability":1,"stock":0,"editions":[],"url":"https:\/\/quaidesbrumes.com\/ouvrage\/9783829601801\/brigitte-lacombe-cinema-theatre"},{"id":"9783829601924","title":"Bernd & hilla becher kuhlturme \/allemand","description":"Les Becher se concentrent ici sur les tours de refroidissement, des premi\u00e8res structures en bois dans les mines de charbon aux r\u00e9centes constructions en acier pour les centrales nucl\u00e9aires. Visibles de loin, m\u00eame dans nos paysages contemporains, leur simplicit\u00e9 et leur monumentali\u00e9 ont attir\u00e9 les deux photographes de D\u00fcsseldorf.\r","authors":["Bernd Becher"],"category_codes":["6000000","6070000","6070200"],"visuals":{"large":"https:\/\/images.epagine.fr\/924\/9783829601924_1_75.jpg","medium":"https:\/\/images.epagine.fr\/924\/9783829601924_1_m.jpg","thumbnail":"https:\/\/images.epagine.fr\/924\/9783829601924_1_v.jpg"},"orderable":true,"show_badge":true,"formatted_price":"95,00&nbsp;\u20ac","formatted_published_date":"23 novembre 2006","publisher_availability_label":"Sur commande","short_details":"Bernd Becher \u2014 Schirmer Mosel","translator":null,"weight":2030,"page_count":236,"readership":null,"editor":"Schirmer Mosel","price":9500,"published_date":"2006-11-22T23:00:00.000000Z","support":"Grand format","publisher_availability":1,"stock":0,"editions":[],"url":"https:\/\/quaidesbrumes.com\/ouvrage\/9783829601924\/bernd-hilla-becher-kuhlturme-allemand"},{"id":"9783829602068","title":"Martin rosswog schultenhofe \/anglais\/allemand","description":"Martin Rosswog s'int\u00e9resse \u00e0 l'architecture vernaculaire. Il a ici photographi\u00e9 les int\u00e9rieurs de style Schultenh\u00f6fe tr\u00e8s pr\u00e9sents en Westphalie.\r","authors":[],"category_codes":["6000000","6070000","6070200"],"visuals":{"large":"https:\/\/images.epagine.fr\/068\/9783829602068_1_75.jpg","medium":"https:\/\/images.epagine.fr\/068\/9783829602068_1_m.jpg","thumbnail":"https:\/\/images.epagine.fr\/068\/9783829602068_1_v.jpg"},"orderable":true,"show_badge":true,"formatted_price":"36,95&nbsp;\u20ac","formatted_published_date":"14 septembre 2005","publisher_availability_label":"Sur commande","short_details":"Schirmer Mosel","translator":null,"weight":884,"page_count":null,"readership":null,"editor":"Schirmer Mosel","price":3695,"published_date":"2005-09-13T22:00:00.000000Z","support":"Grand format","publisher_availability":1,"stock":0,"editions":[],"url":"https:\/\/quaidesbrumes.com\/ouvrage\/9783829602068\/martin-rosswog-schultenhofe-anglaisallemand"},{"id":"9783829602167","title":"Jorg sasse tableaus und skizzen 2004-2005 \/allemand","description":"Catalogue de l'exposition au Kunstmuseum, Bonn, puis au Kunstverein, Hanovre (2005-2006) sur la derni\u00e8re s\u00e9rie de photos de J\u00f6rg Sasse.\r","authors":[],"category_codes":["6000000","6070000","6070200"],"visuals":{"large":"https:\/\/images.epagine.fr\/167\/9783829602167_1_75.jpg","medium":"https:\/\/images.epagine.fr\/167\/9783829602167_1_m.jpg","thumbnail":"https:\/\/images.epagine.fr\/167\/9783829602167_1_v.jpg"},"orderable":true,"show_badge":true,"formatted_price":"48,95&nbsp;\u20ac","formatted_published_date":"26 janvier 2006","publisher_availability_label":"Sur commande","short_details":"Schirmer Mosel","translator":null,"weight":1134,"page_count":null,"readership":null,"editor":"Schirmer Mosel","price":4895,"published_date":"2006-01-25T23:00:00.000000Z","support":"Grand format","publisher_availability":1,"stock":0,"editions":[],"url":"https:\/\/quaidesbrumes.com\/ouvrage\/9783829602167\/jorg-sasse-tableaus-und-skizzen-2004-2005-allemand"},{"id":"9782287597695","title":"Abord clinique des malades de l'alcool","description":"Les m\u00e9decins g\u00e9n\u00e9ralistes sont destinataires d'un grand nombre d'informations sur l'alcool, son usage et ses cons\u00e9quences pathologiques imm\u00e9diates ou potentielles. Ces connaissances, \u00e9manant de m\u00e9decins le plus souvent hospitaliers et sp\u00e9cialis\u00e9s, ont conduit \u00e0 des recommandations destin\u00e9es \u00e0 guider les m\u00e9decins g\u00e9n\u00e9ralistes dans le rep\u00e9rage des malades de l'alcool et leur prise en charge th\u00e9rapeutique. Cependant, la pertinence et l'applicabilit\u00e9 de la plupart de ces recommandations sont peu ou mal \u00e9valu\u00e9es dans la pratique de la m\u00e9decine g\u00e9n\u00e9rale. De ce fait, les m\u00e9decins g\u00e9n\u00e9ralistes, parfois \u00e0 l'encontre des recommandations, sont amen\u00e9s \u00e0 \u00e9laborer des concepts et des pratiques propres \u00e0 leur client\u00e8le et \u00e0 leurs conditions de travail. L'originalit\u00e9 de ce livre vient de la confrontation des connaissances et des pratiques de deux m\u00e9decins, soignant des malades de l'alcool dans des structures diff\u00e9rentes. Les auteurs - un m\u00e9decin g\u00e9n\u00e9raliste, praticien lib\u00e9ral et professeur d'universit\u00e9, et un m\u00e9decin alcoologue hospitalo-universitaire -, proposent apr\u00e8s avoir compar\u00e9 leurs approches respectives, un bref inventaire des connaissances actuelles utiles \u00e0 la pratique, et une r\u00e9flexion sur les particularit\u00e9s et les difficult\u00e9s rencontr\u00e9es par les m\u00e9decins g\u00e9n\u00e9ralistes dans le cadre de leur travail. Il s'agit davantage d'un livre de m\u00e9decine g\u00e9n\u00e9rale sur les patients ayant des probl\u00e8mes li\u00e9s \u00e0 l'alcool que d'un livre d'alcoologie.","authors":["Huas\/Rueff"],"category_codes":["6000000","6070000","6070200"],"visuals":{"large":"https:\/\/images.epagine.fr\/695\/9782287597695_1_75.jpg","medium":"https:\/\/images.epagine.fr\/695\/9782287597695_1_m.jpg","thumbnail":"https:\/\/images.epagine.fr\/695\/9782287597695_1_v.jpg"},"orderable":true,"show_badge":true,"formatted_price":"24,00&nbsp;\u20ac","formatted_published_date":"26 juillet 2005","publisher_availability_label":"Sur commande","short_details":"Huas\/Rueff \u2014 Springer","translator":null,"weight":230,"page_count":124,"readership":null,"editor":"Springer","price":2400,"published_date":"2005-07-25T22:00:00.000000Z","support":"Grand format","publisher_availability":1,"stock":0,"editions":[],"url":"https:\/\/quaidesbrumes.com\/ouvrage\/9782287597695\/abord-clinique-des-malades-de-lalcool"},{"id":"9783829602617","title":"Axel hutte after midnight \/anglais\/allemand","description":"Les vues nocturnes des grandes m\u00e9tropoles am\u00e9ricaines photographi\u00e9es par Axel H\u00fctte.\r","authors":["Filler Martin"],"category_codes":["6000000","6070000","6070200"],"visuals":{"large":"https:\/\/images.epagine.fr\/617\/9783829602617_1_75.jpg","medium":"https:\/\/images.epagine.fr\/617\/9783829602617_1_m.jpg","thumbnail":"https:\/\/images.epagine.fr\/617\/9783829602617_1_v.jpg"},"orderable":true,"show_badge":true,"formatted_price":"59,95&nbsp;\u20ac","formatted_published_date":"1er juillet 2006","publisher_availability_label":"Sur commande","short_details":"Filler Martin \u2014 Schirmer Mosel","translator":null,"weight":1110,"page_count":56,"readership":null,"editor":"Schirmer Mosel","price":5995,"published_date":"2006-06-30T22:00:00.000000Z","support":"Grand format","publisher_availability":1,"stock":0,"editions":[],"url":"https:\/\/quaidesbrumes.com\/ouvrage\/9783829602617\/axel-hutte-after-midnight-anglaisallemand"},{"id":"9783888142550","title":"Bernd & hilla becher wasserturme \/allemand","description":"Les ch\u00e2teaux d'eau, une s\u00e9rie embl\u00e9matique du couple Becher.\r","authors":["Bernd Becher"],"category_codes":["6000000","6070000","6070200"],"visuals":{"large":"https:\/\/images.epagine.fr\/550\/9783888142550_1_75.jpg","medium":"https:\/\/images.epagine.fr\/550\/9783888142550_1_m.jpg","thumbnail":"https:\/\/images.epagine.fr\/550\/9783888142550_1_v.jpg"},"orderable":true,"show_badge":true,"formatted_price":"95,95&nbsp;\u20ac","formatted_published_date":"1er janvier 1998","publisher_availability_label":"Sur commande","short_details":"Bernd Becher \u2014 Schirmer Mosel","translator":null,"weight":1680,"page_count":240,"readership":null,"editor":"Schirmer Mosel","price":9595,"published_date":"1997-12-31T23:00:00.000000Z","support":"Grand format","publisher_availability":1,"stock":0,"editions":[],"url":"https:\/\/quaidesbrumes.com\/ouvrage\/9783888142550\/bernd-hilla-becher-wasserturme-allemand"},{"id":"9783888143526","title":"Bernd & hilla becher hochofen \/allemand","description":"Les Hauts-Fourneaux, ou l'un des \u00e9l\u00e9ments les plus connus photographi\u00e9s par les Becher dans leur d\u00e9marche topographique sur les b\u00e2timents industriels.\r","authors":["Bernd Becher"],"category_codes":["6000000","6070000","6070200"],"visuals":{"large":"https:\/\/images.epagine.fr\/526\/9783888143526_1_75.jpg","medium":"https:\/\/images.epagine.fr\/526\/9783888143526_1_m.jpg","thumbnail":"https:\/\/images.epagine.fr\/526\/9783888143526_1_v.jpg"},"orderable":true,"show_badge":true,"formatted_price":"95,95&nbsp;\u20ac","formatted_published_date":"1er janvier 2002","publisher_availability_label":"Sur commande","short_details":"Bernd Becher \u2014 Schirmer Mosel","translator":null,"weight":1860,"page_count":272,"readership":null,"editor":"Schirmer Mosel","price":9595,"published_date":"2001-12-31T23:00:00.000000Z","support":"Grand format","publisher_availability":1,"stock":0,"editions":[],"url":"https:\/\/quaidesbrumes.com\/ouvrage\/9783888143526\/bernd-hilla-becher-hochofen-allemand"},{"id":"9783865210135","title":"New york to nova scotia","description":null,"authors":["Coles","Marzio"],"category_codes":["6000000","6070000","6070200"],"visuals":{"large":"https:\/\/images.epagine.fr\/135\/9783865210135_1_75.jpg","medium":"https:\/\/images.epagine.fr\/135\/9783865210135_1_m.jpg","thumbnail":"https:\/\/images.epagine.fr\/135\/9783865210135_1_v.jpg"},"orderable":true,"show_badge":true,"formatted_price":"35,00&nbsp;\u20ac","formatted_published_date":"3 mai 2005","publisher_availability_label":"Sur commande","short_details":"Coles, Marzio \u2014 Steidl","translator":null,"weight":720,"page_count":112,"readership":null,"editor":"Steidl","price":3500,"published_date":"2005-05-02T22:00:00.000000Z","support":"Grand format","publisher_availability":1,"stock":0,"editions":[],"url":"https:\/\/quaidesbrumes.com\/ouvrage\/9783865210135\/new-york-to-nova-scotia"},{"id":"9783865210357","title":"Roni horn her her her & her","description":null,"authors":["Roni Horn"],"category_codes":["6000000","6070000","6070200"],"visuals":{"large":"https:\/\/images.epagine.fr\/357\/9783865210357_1_75.jpg","medium":"https:\/\/images.epagine.fr\/357\/9783865210357_1_m.jpg","thumbnail":"https:\/\/images.epagine.fr\/357\/9783865210357_1_v.jpg"},"orderable":true,"show_badge":true,"formatted_price":"42,00&nbsp;\u20ac","formatted_published_date":"15 novembre 2005","publisher_availability_label":"Sur commande","short_details":"Roni Horn \u2014 Steidl","translator":null,"weight":580,"page_count":124,"readership":null,"editor":"Steidl","price":4200,"published_date":"2005-11-14T23:00:00.000000Z","support":"Grand format","publisher_availability":1,"stock":0,"editions":[],"url":"https:\/\/quaidesbrumes.com\/ouvrage\/9783865210357\/roni-horn-her-her-her-her"},{"id":"9783829603003","title":"Thomas struth making time das prado projekt \/allemand","description":"Le photographe allemand Thomas Struth \u00e0 consacr\u00e9 un nouveau travail au c\u00e9l\u00e8bre mus\u00e9e du Prado \u00e0 Madrid. En exposant ses photos du mus\u00e9e et de ses visiteurs \u00e0 c\u00f4t\u00e9 des oeuvres anciennes, il cr\u00e9e une confrontation passionnante.\r","authors":["Struth Thomas"],"category_codes":["6000000","6070000","6070200"],"visuals":{"large":"https:\/\/images.epagine.fr\/003\/9783829603003_1_75.jpg","medium":"https:\/\/images.epagine.fr\/003\/9783829603003_1_m.jpg","thumbnail":"https:\/\/images.epagine.fr\/003\/9783829603003_1_v.jpg"},"orderable":true,"show_badge":true,"formatted_price":"59,95&nbsp;\u20ac","formatted_published_date":"1er juillet 2007","publisher_availability_label":"Sur commande","short_details":"Struth Thomas \u2014 Schirmer Mosel","translator":null,"weight":932,"page_count":116,"readership":null,"editor":"Schirmer Mosel","price":5995,"published_date":"2007-06-30T22:00:00.000000Z","support":"Grand format","publisher_availability":1,"stock":0,"editions":[],"url":"https:\/\/quaidesbrumes.com\/ouvrage\/9783829603003\/thomas-struth-making-time-das-prado-projekt-allemand"},{"id":"9783865213631","title":"Me and my brother","description":"DVD, script et photos du premier moyen m\u00e9trage de Robert Frank, Me and My Brother, co-\u00e9crit avec Sam Shepard et Allen Ginsberg.\r","authors":["Robert Frank"],"category_codes":["6000000","6070000","6070200"],"visuals":{"large":"https:\/\/images.epagine.fr\/631\/9783865213631_1_75.jpg","medium":"https:\/\/images.epagine.fr\/631\/9783865213631_1_m.jpg","thumbnail":"https:\/\/images.epagine.fr\/631\/9783865213631_1_v.jpg"},"orderable":true,"show_badge":true,"formatted_price":"38,00&nbsp;\u20ac","formatted_published_date":"14 mai 2007","publisher_availability_label":"Sur commande","short_details":"Robert Frank \u2014 Steidl","translator":null,"weight":901,"page_count":72,"readership":null,"editor":"Steidl","price":3800,"published_date":"2007-05-13T22:00:00.000000Z","support":"Livre + DVD","publisher_availability":1,"stock":0,"editions":[],"url":"https:\/\/quaidesbrumes.com\/ouvrage\/9783865213631\/me-and-my-brother"},{"id":"9783865211255","title":"Fazal sheikh moksha","description":"R\u00e9\u00e9dition (avec une traduction fran\u00e7aise) de cet ouvrage de Fazal Sheikh pour l'exposition des photographies de cette s\u00e9rie \u00e0 la Fondation Henri Cartier-Bresson (2007).\r","authors":["Fazal Sheikh"],"category_codes":["6000000","6070000","6070200"],"visuals":{"large":"https:\/\/images.epagine.fr\/255\/9783865211255_1_75.jpg","medium":"https:\/\/images.epagine.fr\/255\/9783865211255_1_m.jpg","thumbnail":"https:\/\/images.epagine.fr\/255\/9783865211255_1_v.jpg"},"orderable":true,"show_badge":true,"formatted_price":"76,00&nbsp;\u20ac","formatted_published_date":"15 d\u00e9cembre 2005","publisher_availability_label":"Sur commande","short_details":"Fazal Sheikh \u2014 Steidl","translator":null,"weight":480,"page_count":280,"readership":null,"editor":"Steidl","price":7600,"published_date":"2005-12-14T23:00:00.000000Z","support":"Grand format","publisher_availability":1,"stock":0,"editions":[],"url":"https:\/\/quaidesbrumes.com\/ouvrage\/9783865211255\/fazal-sheikh-moksha"},{"id":"9783865213679","title":"David bailey pictures that mark can do","description":"Le photographe anglais David Bailey est surtout connu pour ses photos de stars ou encore ses s\u00e9ries de mode, mais beaucoup moins pour ses instantan\u00e9s de la vie quotidienne rassembl\u00e9s ici.\r","authors":["David Bailey"],"category_codes":["6000000","6070000","6070200"],"visuals":{"large":"https:\/\/images.epagine.fr\/679\/9783865213679_1_75.jpg","medium":"https:\/\/images.epagine.fr\/679\/9783865213679_1_m.jpg","thumbnail":"https:\/\/images.epagine.fr\/679\/9783865213679_1_v.jpg"},"orderable":true,"show_badge":true,"formatted_price":"48,00&nbsp;\u20ac","formatted_published_date":"25 juin 2007","publisher_availability_label":"Sur commande","short_details":"David Bailey \u2014 Steidl","translator":null,"weight":1600,"page_count":168,"readership":null,"editor":"Steidl","price":4800,"published_date":"2007-06-24T22:00:00.000000Z","support":"Grand format","publisher_availability":1,"stock":0,"editions":[],"url":"https:\/\/quaidesbrumes.com\/ouvrage\/9783865213679\/david-bailey-pictures-that-mark-can-do"},{"id":"9783865211293","title":"Greta pratt using history","description":null,"authors":[],"category_codes":["6000000","6070000","6070200"],"visuals":{"large":"https:\/\/images.epagine.fr\/293\/9783865211293_1_75.jpg","medium":"https:\/\/images.epagine.fr\/293\/9783865211293_1_m.jpg","thumbnail":"https:\/\/images.epagine.fr\/293\/9783865211293_1_v.jpg"},"orderable":true,"show_badge":true,"formatted_price":"45,00&nbsp;\u20ac","formatted_published_date":"17 ao\u00fbt 2006","publisher_availability_label":"Sur commande","short_details":"Steidl","translator":null,"weight":1020,"page_count":88,"readership":null,"editor":"Steidl","price":4500,"published_date":"2006-08-16T22:00:00.000000Z","support":"Grand format","publisher_availability":1,"stock":0,"editions":[],"url":"https:\/\/quaidesbrumes.com\/ouvrage\/9783865211293\/greta-pratt-using-history"},{"id":"9783865211323","title":"Juergen teller nurnberg","description":"Juergen Teller est retourn\u00e9 dans la ville de son enfance, Nuremberg, pour photographier la d\u00e9g\u00e9n\u00e9rescence des monuments du nazisme et, parall\u00e8lement, sa propre famille en train de s'agrandir.\r","authors":["Juergen Teller"],"category_codes":["6000000","6070000","6070200"],"visuals":{"large":"https:\/\/images.epagine.fr\/323\/9783865211323_1_75.jpg","medium":"https:\/\/images.epagine.fr\/323\/9783865211323_1_m.jpg","thumbnail":"https:\/\/images.epagine.fr\/323\/9783865211323_1_v.jpg"},"orderable":true,"show_badge":true,"formatted_price":"75,00&nbsp;\u20ac","formatted_published_date":"18 avril 2006","publisher_availability_label":"Sur commande","short_details":"Juergen Teller \u2014 Steidl","translator":null,"weight":1520,"page_count":132,"readership":null,"editor":"Steidl","price":7500,"published_date":"2006-04-17T22:00:00.000000Z","support":"Grand format","publisher_availability":1,"stock":0,"editions":[],"url":"https:\/\/quaidesbrumes.com\/ouvrage\/9783865211323\/juergen-teller-nurnberg"}]}