{"data":[{"id":"9783516816464","title":"Montagnes, lacs et chalets dans la vall\u00e9e d'Aoste (Calendrier mural 2027 DIN A4 vertical), CALVENDO calendrier mensuel : De nombreuses nuances de vert","description":"Des lieux de paix et de tranquillit\u00e9, o\u00f9 chacun peut se ressourcer en contemplant ces couleurs. Montagnes, for\u00eats, rivi\u00e8res, lacs et fleurs, autant d'\u00e9l\u00e9ments naturels d'une beaut\u00e9 \u00e9ph\u00e9m\u00e8re. Un simple regard, accompagn\u00e9 d'un peu d'imagination, suffit \u00e0 nous transporter dans ces lieux.\r\n\r\nCalendrier mural de qualit\u00e9 sup\u00e9rieure avec 12 magnifiques photos. L'environnement nous tient \u00e0 coeur. C'est pourquoi nous utilisons exclusivement du papier certifi\u00e9 FSC provenant de for\u00eats g\u00e9r\u00e9es de mani\u00e8re \u00e9coresponsable. Nous \u00e9vitons la surproduction et donc des quantit\u00e9s significatives de d\u00e9chets, en produisant dans l'UE \u00e0 l'unit\u00e9 et sur demande. Nous r\u00e9duisons nos distances de transport et assurons une logistique respectueuse de l'environnement.\r\n\r\n14 pages dont 1 couverture | 12 pages mensuelles | 1 page d'index | dos cartonn\u00e9\r\n\r\nIllustrations:\r\nJanvier: Val Ferret\r\nF\u00e9vrier: Lac Bleu, Cervinia\r\nMars: Ancien chalet alpin\r\nAvril: Fleurs alpines, Courmayeur\r\nMai: Lac Verney, col du Petit Saint-Bernard, 2188 m d'altitude.\r\nJuin: Val Ferret\r\nJuillet: Vue depuis le col du Nivolet \u00e0 2612 m d'altitude.\r\nAo\u00fbt: Le Cervin se refl\u00e8te dans un lac alpin\r\nSeptembre: Le lac C\u00e9r\u00e8s, avec ses lupins en fleurs\r\nOctobre: Lac Bleu, Cervinia\r\nNovembre: Lac Pellaud\r\nD\u00e9cembre: Chalet alpin typique de la vall\u00e9e d'Aoste\r\n\r\nQUALITATIF - un calendrier annuel de qualit\u00e9 sup\u00e9rieure avec 12 magnifiques motifs, sur papier d'impression photo, avec une reliure spirale robuste et un crochet de suspension.\r\nDURABLE - r\u00e9duction significative des d\u00e9chets gr\u00e2ce \u00e0 une fabrication sur papier certifi\u00e9 FSC \u00e0 l'unit\u00e9 et sur demande, production dans l'UE, logistique \u00e9cologique.\r\nCADEAU ID\u00c9AL - destin\u00e9 \u00e0 vos contacts priv\u00e9s ou professionnels, \u00e0 la famille ou aux amis, aux jeunes adultes ou aux moins jeunes,  pour un cadeau de No\u00ebl ou d'anniversaire ou juste pour le plaisir d'offrir.\r\nDIVERSIFI\u00c9 - de nombreux formats DIN A4 ou DIN A3, pour s'adapter \u00e0 toutes vos envies et vos cadres de vie.\r\nDe nombreuses nuances de vert par l'auteur(rice): Photostravellers\r","authors":["Photostravellers Photostravellers"],"category_codes":["6000000","6070000","6070200"],"visuals":{"large":"https:\/\/images.epagine.fr\/464\/9783516816464_1_75.jpg","medium":"https:\/\/images.epagine.fr\/464\/9783516816464_1_m.jpg","thumbnail":"https:\/\/images.epagine.fr\/464\/9783516816464_1_v.jpg"},"orderable":true,"show_badge":true,"formatted_price":"0,00&nbsp;\u20ac","formatted_published_date":"26 mars 2026","publisher_availability_label":"Sur commande","short_details":"Photostravellers Photostravellers \u2014 Calvendo","translator":null,"weight":210,"page_count":14,"readership":null,"editor":"Calvendo","price":0,"published_date":"2026-03-25T23:00:00.000000Z","support":"Calendrier","publisher_availability":1,"stock":0,"editions":[],"url":"https:\/\/quaidesbrumes.com\/ouvrage\/9783516816464\/montagnes-lacs-et-chalets-dans-la-vallee-daoste-calendrier-mural-2027-din-a4-vertical-calvendo-calendrier-mensuel-de-nombreuses-nuances-de-vert"},{"id":"9783516816488","title":"Montagnes, lacs et chalets dans la vall\u00e9e d'Aoste (Calendrier mural 2027 DIN A3 vertical), CALVENDO calendrier mensuel : De nombreuses nuances de vert","description":"Des lieux de paix et de tranquillit\u00e9, o\u00f9 chacun peut se ressourcer en contemplant ces couleurs. Montagnes, for\u00eats, rivi\u00e8res, lacs et fleurs, autant d'\u00e9l\u00e9ments naturels d'une beaut\u00e9 \u00e9ph\u00e9m\u00e8re. Un simple regard, accompagn\u00e9 d'un peu d'imagination, suffit \u00e0 nous transporter dans ces lieux.\r\n\r\nCalendrier mural de qualit\u00e9 sup\u00e9rieure avec 12 magnifiques photos. L'environnement nous tient \u00e0 coeur. C'est pourquoi nous utilisons exclusivement du papier certifi\u00e9 FSC provenant de for\u00eats g\u00e9r\u00e9es de mani\u00e8re \u00e9coresponsable. Nous \u00e9vitons la surproduction et donc des quantit\u00e9s significatives de d\u00e9chets, en produisant dans l'UE \u00e0 l'unit\u00e9 et sur demande. Nous r\u00e9duisons nos distances de transport et assurons une logistique respectueuse de l'environnement.\r\n\r\n14 pages dont 1 couverture | 12 pages mensuelles | 1 page d'index | dos cartonn\u00e9\r\n\r\nIllustrations:\r\nJanvier: Val Ferret\r\nF\u00e9vrier: Lac Bleu, Cervinia\r\nMars: Ancien chalet alpin\r\nAvril: Fleurs alpines, Courmayeur\r\nMai: Lac Verney, col du Petit Saint-Bernard, 2188 m d'altitude.\r\nJuin: Val Ferret\r\nJuillet: Vue depuis le col du Nivolet \u00e0 2612 m d'altitude.\r\nAo\u00fbt: Le Cervin se refl\u00e8te dans un lac alpin\r\nSeptembre: Le lac C\u00e9r\u00e8s, avec ses lupins en fleurs\r\nOctobre: Lac Bleu, Cervinia\r\nNovembre: Lac Pellaud\r\nD\u00e9cembre: Chalet alpin typique de la vall\u00e9e d'Aoste\r\n\r\nQUALITATIF - un calendrier annuel de qualit\u00e9 sup\u00e9rieure avec 12 magnifiques motifs, sur papier d'impression photo, avec une reliure spirale robuste et un crochet de suspension.\r\nDURABLE - r\u00e9duction significative des d\u00e9chets gr\u00e2ce \u00e0 une fabrication sur papier certifi\u00e9 FSC \u00e0 l'unit\u00e9 et sur demande, production dans l'UE, logistique \u00e9cologique.\r\nCADEAU ID\u00c9AL - destin\u00e9 \u00e0 vos contacts priv\u00e9s ou professionnels, \u00e0 la famille ou aux amis, aux jeunes adultes ou aux moins jeunes,  pour un cadeau de No\u00ebl ou d'anniversaire ou juste pour le plaisir d'offrir.\r\nDIVERSIFI\u00c9 - de nombreux formats DIN A4 ou DIN A3, pour s'adapter \u00e0 toutes vos envies et vos cadres de vie.\r\nDe nombreuses nuances de vert par l'auteur(rice): Photostravellers\r","authors":["Photostravellers Photostravellers"],"category_codes":["6000000","6070000","6070200"],"visuals":{"large":"https:\/\/images.epagine.fr\/488\/9783516816488_1_75.jpg","medium":"https:\/\/images.epagine.fr\/488\/9783516816488_1_m.jpg","thumbnail":"https:\/\/images.epagine.fr\/488\/9783516816488_1_v.jpg"},"orderable":true,"show_badge":true,"formatted_price":"0,00&nbsp;\u20ac","formatted_published_date":"26 mars 2026","publisher_availability_label":"Sur commande","short_details":"Photostravellers Photostravellers \u2014 Calvendo","translator":null,"weight":460,"page_count":14,"readership":null,"editor":"Calvendo","price":0,"published_date":"2026-03-25T23:00:00.000000Z","support":"Calendrier","publisher_availability":1,"stock":0,"editions":[],"url":"https:\/\/quaidesbrumes.com\/ouvrage\/9783516816488\/montagnes-lacs-et-chalets-dans-la-vallee-daoste-calendrier-mural-2027-din-a3-vertical-calvendo-calendrier-mensuel-de-nombreuses-nuances-de-vert"},{"id":"9783516816518","title":"Montagnes, lacs et chalets dans la vall\u00e9e d'Aoste (Calendrier mural 2027 DIN A2 vertical), CALVENDO calendrier mensuel : De nombreuses nuances de vert","description":"Des lieux de paix et de tranquillit\u00e9, o\u00f9 chacun peut se ressourcer en contemplant ces couleurs. Montagnes, for\u00eats, rivi\u00e8res, lacs et fleurs, autant d'\u00e9l\u00e9ments naturels d'une beaut\u00e9 \u00e9ph\u00e9m\u00e8re. Un simple regard, accompagn\u00e9 d'un peu d'imagination, suffit \u00e0 nous transporter dans ces lieux.\r\n\r\nCalendrier mural de qualit\u00e9 sup\u00e9rieure avec 12 magnifiques photos. L'environnement nous tient \u00e0 coeur. C'est pourquoi nous utilisons exclusivement du papier certifi\u00e9 FSC provenant de for\u00eats g\u00e9r\u00e9es de mani\u00e8re \u00e9coresponsable. Nous \u00e9vitons la surproduction et donc des quantit\u00e9s significatives de d\u00e9chets, en produisant dans l'UE \u00e0 l'unit\u00e9 et sur demande. Nous r\u00e9duisons nos distances de transport et assurons une logistique respectueuse de l'environnement.\r\n\r\n14 pages dont 1 couverture | 12 pages mensuelles | 1 page d'index | dos cartonn\u00e9\r\n\r\nIllustrations:\r\nJanvier: Val Ferret\r\nF\u00e9vrier: Lac Bleu, Cervinia\r\nMars: Ancien chalet alpin\r\nAvril: Fleurs alpines, Courmayeur\r\nMai: Lac Verney, col du Petit Saint-Bernard, 2188 m d'altitude.\r\nJuin: Val Ferret\r\nJuillet: Vue depuis le col du Nivolet \u00e0 2612 m d'altitude.\r\nAo\u00fbt: Le Cervin se refl\u00e8te dans un lac alpin\r\nSeptembre: Le lac C\u00e9r\u00e8s, avec ses lupins en fleurs\r\nOctobre: Lac Bleu, Cervinia\r\nNovembre: Lac Pellaud\r\nD\u00e9cembre: Chalet alpin typique de la vall\u00e9e d'Aoste\r\n\r\nQUALITATIF - un calendrier annuel de qualit\u00e9 sup\u00e9rieure avec 12 magnifiques motifs, sur papier d'impression photo, avec une reliure spirale robuste et un crochet de suspension.\r\nDURABLE - r\u00e9duction significative des d\u00e9chets gr\u00e2ce \u00e0 une fabrication sur papier certifi\u00e9 FSC \u00e0 l'unit\u00e9 et sur demande, production dans l'UE, logistique \u00e9cologique.\r\nCADEAU ID\u00c9AL - destin\u00e9 \u00e0 vos contacts priv\u00e9s ou professionnels, \u00e0 la famille ou aux amis, aux jeunes adultes ou aux moins jeunes,  pour un cadeau de No\u00ebl ou d'anniversaire ou juste pour le plaisir d'offrir.\r\nDIVERSIFI\u00c9 - de nombreux formats DIN A4 ou DIN A3, pour s'adapter \u00e0 toutes vos envies et vos cadres de vie.\r\nDe nombreuses nuances de vert par l'auteur(rice): Photostravellers\r","authors":["Photostravellers Photostravellers"],"category_codes":["6000000","6070000","6070200"],"visuals":{"large":"https:\/\/images.epagine.fr\/518\/9783516816518_1_75.jpg","medium":"https:\/\/images.epagine.fr\/518\/9783516816518_1_m.jpg","thumbnail":"https:\/\/images.epagine.fr\/518\/9783516816518_1_v.jpg"},"orderable":true,"show_badge":true,"formatted_price":"0,00&nbsp;\u20ac","formatted_published_date":"26 mars 2026","publisher_availability_label":"Sur commande","short_details":"Photostravellers Photostravellers \u2014 Calvendo","translator":null,"weight":940,"page_count":14,"readership":null,"editor":"Calvendo","price":0,"published_date":"2026-03-25T23:00:00.000000Z","support":"Calendrier","publisher_availability":1,"stock":0,"editions":[],"url":"https:\/\/quaidesbrumes.com\/ouvrage\/9783516816518\/montagnes-lacs-et-chalets-dans-la-vallee-daoste-calendrier-mural-2027-din-a2-vertical-calvendo-calendrier-mensuel-de-nombreuses-nuances-de-vert"},{"id":"9783516816549","title":"Montagnes, lacs et chalets dans la vall\u00e9e d'Aoste (Calendrier de bureau 2027 DIN A5 vertical), CALVENDO calendrier mensuel : De nombreuses nuances de vert","description":"Des lieux de paix et de tranquillit\u00e9, o\u00f9 chacun peut se ressourcer en contemplant ces couleurs. Montagnes, for\u00eats, rivi\u00e8res, lacs et fleurs, autant d'\u00e9l\u00e9ments naturels d'une beaut\u00e9 \u00e9ph\u00e9m\u00e8re. Un simple regard, accompagn\u00e9 d'un peu d'imagination, suffit \u00e0 nous transporter dans ces lieux.\r\n\r\nCalendrier de bureau de qualit\u00e9 sup\u00e9rieure avec 12 magnifiques photos. L'environnement nous tient \u00e0 coeur. C'est pourquoi nous utilisons exclusivement du papier certifi\u00e9 FSC provenant de for\u00eats g\u00e9r\u00e9es de mani\u00e8re \u00e9coresponsable. Nous \u00e9vitons la surproduction et donc des quantit\u00e9s significatives de d\u00e9chets, en produisant dans l'UE \u00e0 l'unit\u00e9 et sur demande. Nous r\u00e9duisons nos distances de transport et assurons une logistique respectueuse de l'environnement.\r\n\r\n14 pages dont 1 couverture | 12 pages mensuelles | 1 page d'index I dos cartonn\u00e9.\r\n\r\nIllustrations:\r\nJanvier: Val Ferret\r\nF\u00e9vrier: Lac Bleu, Cervinia\r\nMars: Ancien chalet alpin\r\nAvril: Fleurs alpines, Courmayeur\r\nMai: Lac Verney, col du Petit Saint-Bernard, 2188 m d'altitude.\r\nJuin: Val Ferret\r\nJuillet: Vue depuis le col du Nivolet \u00e0 2612 m d'altitude.\r\nAo\u00fbt: Le Cervin se refl\u00e8te dans un lac alpin\r\nSeptembre: Le lac C\u00e9r\u00e8s, avec ses lupins en fleurs\r\nOctobre: Lac Bleu, Cervinia\r\nNovembre: Lac Pellaud\r\nD\u00e9cembre: Chalet alpin typique de la vall\u00e9e d'Aoste\r\n\r\nQUALITATIF - un calendrier annuel de qualit\u00e9 sup\u00e9rieure avec 12 magnifiques motifs, sur papier d'impression photo, avec une reliure spirale robuste.\r\nDURABLE - r\u00e9duction significative des d\u00e9chets gr\u00e2ce \u00e0 une fabrication sur papier certifi\u00e9 FSC \u00e0 l'unit\u00e9 et sur demande, production dans l'UE, logistique \u00e9cologique.\r\nCADEAU ID\u00c9AL - destin\u00e9 \u00e0 vos contacts priv\u00e9s ou professionnels, \u00e0 la famille ou aux amis, aux jeunes adultes ou aux moins jeunes,  pour un cadeau de No\u00ebl ou d'anniversaire ou juste pour le plaisir d'offrir.\r\nDIVERSIFI\u00c9 - de nombreux formats DIN A4 ou DIN A3, pour s'adapter \u00e0 toutes vos envies et vos cadres de vie.\r\nDe nombreuses nuances de vert par l'auteur(rice): Photostravellers\r","authors":["Photostravellers Photostravellers"],"category_codes":["6000000","6070000","6070200"],"visuals":{"large":"https:\/\/images.epagine.fr\/549\/9783516816549_1_75.jpg","medium":"https:\/\/images.epagine.fr\/549\/9783516816549_1_m.jpg","thumbnail":"https:\/\/images.epagine.fr\/549\/9783516816549_1_v.jpg"},"orderable":true,"show_badge":true,"formatted_price":"0,00&nbsp;\u20ac","formatted_published_date":"26 mars 2026","publisher_availability_label":"Sur commande","short_details":"Photostravellers Photostravellers \u2014 Calvendo","translator":null,"weight":165,"page_count":14,"readership":null,"editor":"Calvendo","price":0,"published_date":"2026-03-25T23:00:00.000000Z","support":"Calendrier","publisher_availability":1,"stock":0,"editions":[],"url":"https:\/\/quaidesbrumes.com\/ouvrage\/9783516816549\/montagnes-lacs-et-chalets-dans-la-vallee-daoste-calendrier-de-bureau-2027-din-a5-vertical-calvendo-calendrier-mensuel-de-nombreuses-nuances-de-vert"},{"id":"9783516816563","title":"Montagnes, lacs et chalets dans la vall\u00e9e d'Aoste  (Calendrier mural 2027 DIN A2 vertical) calendrier de bureau : De nombreuses nuances de vert","description":"Des lieux de paix et de tranquillit\u00e9, o\u00f9 chacun peut se ressourcer en contemplant ces couleurs. Montagnes, for\u00eats, rivi\u00e8res, lacs et fleurs, autant d'\u00e9l\u00e9ments naturels d'une beaut\u00e9 \u00e9ph\u00e9m\u00e8re. Un simple regard, accompagn\u00e9 d'un peu d'imagination, suffit \u00e0 nous transporter dans ces lieux.\r\n\r\nImpression d'art premium en haute brillance de qualit\u00e9 mus\u00e9e. Pour que les feuilles de papier soient bien accroch\u00e9es au mur, ce calendrier haut de gamme est dot\u00e9 de pochettes innovantes. Elles prot\u00e8gent les grandes feuilles des effets de l'humidit\u00e9 de l'air. Le papier est un mat\u00e9riau naturel. Les fibres r\u00e9agissent aux variations du climat ambiant. Il est donc conseill\u00e9 de ne pas retirer les pochettes d'insertion.\r\n\r\nNotre environnement nous tient \u00e0 coeur, c'est pourquoi nous misons sur une fabrication individuelle en Allemagne (Made in Germany) avec des mat\u00e9riaux de qualit\u00e9 sup\u00e9rieure.\r\n\r\n14 pages dont 1 couverture | 12 pages mensuelles | 1 page d'index I dos cartonn\u00e9.\r\n\r\n\r\nIllustrations:\r\nJanvier: Val Ferret\r\nF\u00e9vrier: Lac Bleu, Cervinia\r\nMars: Ancien chalet alpin\r\nAvril: Fleurs alpines, Courmayeur\r\nMai: Lac Verney, col du Petit Saint-Bernard, 2188 m d'altitude.\r\nJuin: Val Ferret\r\nJuillet: Vue depuis le col du Nivolet \u00e0 2612 m d'altitude.\r\nAo\u00fbt: Le Cervin se refl\u00e8te dans un lac alpin\r\nSeptembre: Le lac C\u00e9r\u00e8s, avec ses lupins en fleurs\r\nOctobre: Lac Bleu, Cervinia\r\nNovembre: Lac Pellaud\r\nD\u00e9cembre: Chalet alpin typique de la vall\u00e9e d'Aoste\r\n\r\nLIGNE PREMIUM - Calendrier photo brillant avec 12 magnifiques motifs, impression d'art en haute brillance de qualit\u00e9 mus\u00e9e\r\nQUALIT\u00c9 - mat\u00e9riaux nobles, dos solide avec 2 pochettes innovantes pour une pr\u00e9sentation optimale au mur\r\nDURABLE - nette r\u00e9duction des d\u00e9chets gr\u00e2ce \u00e0 une fabrication \u00e0 l'unit\u00e9 adapt\u00e9e aux besoins, papier certifi\u00e9 FSC respectueux de l'environnement, production en Allemagne, logistique respectueuse du climat.\r\nCADEAU PARFAIT - calendrier pour les amis et la famille, pour les enfants et les adultes, les jeunes et les moins jeunes, pour No\u00ebl, les anniversaires ou entre deux.\r\nDe nombreuses nuances de vert par l'auteur(rice): Photostravellers\r","authors":["Photostravellers Photostravellers"],"category_codes":["6000000","6070000","6070200"],"visuals":{"large":"https:\/\/images.epagine.fr\/563\/9783516816563_1_75.jpg","medium":"https:\/\/images.epagine.fr\/563\/9783516816563_1_m.jpg","thumbnail":"https:\/\/images.epagine.fr\/563\/9783516816563_1_v.jpg"},"orderable":true,"show_badge":true,"formatted_price":"0,00&nbsp;\u20ac","formatted_published_date":"26 mars 2026","publisher_availability_label":"Sur commande","short_details":"Photostravellers Photostravellers \u2014 Calvendo","translator":null,"weight":1280,"page_count":14,"readership":null,"editor":"Calvendo","price":0,"published_date":"2026-03-25T23:00:00.000000Z","support":"Calendrier","publisher_availability":1,"stock":0,"editions":[],"url":"https:\/\/quaidesbrumes.com\/ouvrage\/9783516816563\/montagnes-lacs-et-chalets-dans-la-vallee-daoste-calendrier-mural-2027-din-a2-vertical-calendrier-de-bureau-de-nombreuses-nuances-de-vert"},{"id":"9782082105798","title":"Enqu\u00eate sur le cauchemar de darwin","description":"Sorti en 2005, le film Le Cauchemar de Darwin acc\u00e8de imm\u00e9diatement au statut de monument du cin\u00e9ma documentaire.\r\nIl r\u00e9v\u00e8le un trafic monstrueux, sacril\u00e8ge : les avions qui viennent chercher la perche du Nil, poisson abondamment p\u00each\u00e9 dans le Lac Victoria, arrivent en Tanzanie charg\u00e9s d'armes destin\u00e9es \u00e0 \" alimenter \" les conflits locaux. L'obsc\u00e9nit\u00e9 du d\u00e9pe\u00e7age de l'Afrique par les pays du Nord \u00e9clate au grand jour. D\u00e9but 2006, une \u00e9tude de Fran\u00e7ois Gar\u00e7on para\u00eet dans la revue Les Temps modernes : Hubert Sauper, le r\u00e9alisateur, aurait instruit uniquement \u00e0 charge.\r\nSuit une pol\u00e9mique virulente qui d\u00e9cide plusieurs journaux \u00e0 envoyer des reporters sur les lieux du tournage. Le caract\u00e8re probl\u00e9matique de la d\u00e9monstration du cin\u00e9aste se voit confirm\u00e9. Cet ouvrage nous offre un formidable d\u00e9cryptage de la puissance de l'image, alli\u00e9 \u00e0 une r\u00e9flexion politique et esth\u00e9tique plus que jamais n\u00e9cessaire. Tous les moyens seraient donc bons pour servir n'importe quelle cause suppos\u00e9e bonne ? Ce livre refuse ce bien curieux postulat et nous apporte une autre vision du fonctionnement de la globalisation dans cette r\u00e9gion de l'Afrique, nettement plus complexe, moins cauchemardesque aussi.","authors":["Fran\u00e7ois Gar\u00e7on"],"category_codes":["6000000","6070000","6070300"],"visuals":{"large":"https:\/\/images.epagine.fr\/798\/9782082105798_1_75.jpg","medium":"https:\/\/images.epagine.fr\/798\/9782082105798_1_m.jpg","thumbnail":"https:\/\/images.epagine.fr\/798\/9782082105798_1_v.jpg"},"orderable":true,"show_badge":true,"formatted_price":"17,30&nbsp;\u20ac","formatted_published_date":"15 novembre 2006","publisher_availability_label":"Sur commande","short_details":"Fran\u00e7ois Gar\u00e7on \u2014 Flammarion","translator":null,"weight":290,"page_count":272,"readership":null,"editor":"Flammarion","price":1730,"published_date":"2006-11-14T23:00:00.000000Z","support":"Grand format","publisher_availability":1,"stock":0,"editions":[],"url":"https:\/\/quaidesbrumes.com\/ouvrage\/9782082105798\/enquete-sur-le-cauchemar-de-darwin"},{"id":"9782080689214","title":"Jean Mineur : La Publicit\u00e9 passion","description":"Balzac 00 01 ! Pour des dizaines de millions de Fran\u00e7ais, ce num\u00e9ro de t\u00e9l\u00e9phone exprime et r\u00e9sume \u00e0 lui seul une \u00e9poque, un lieu, un moment, une atmosph\u00e8re : les salles de cin\u00e9ma. Ce num\u00e9ro est indissociable du petit personnage, de son pic et de son lancer dans la cible, de la musique, du d\u00e9cor... L'ensemble constitue une \u00abmadeleine\u00bb dans laquelle chacun a mordu, un morceau de notre m\u00e9moire individuelle et collective. Pour autant, son g\u00e9niteur, Jean Mineur, demeure largement m\u00e9connu. Comme Simenon et Maigret, Maurice Leblanc et Ars\u00e8ne Lupin, il fut phagocyt\u00e9 par sa cr\u00e9ature, comme absorb\u00e9 par elle. Au point m\u00eame que nombreux sont ceux qui ignorent que Jean Mineur exista ! Et pourtant... Quelle vie que la sienne ! Une vie faite de combats, de luttes, de revanches. Une vie qui amena ce Valenciennois ayant quitt\u00e9 l'\u00e9cole \u00e0 quatorze ans \u00e0 devenir un des architectes de la publicit\u00e9 en France et le cr\u00e9ateur du personnage publicitaire le plus connu du si\u00e8cle. Explorant les archives, rest\u00e9es inviol\u00e9es \u00e0 ce jour, de Jean Mineur, s'appuyant sur de nombreuses recherches et entretiens, Fabrice Carlier retrace avec vivacit\u00e9 et pr\u00e9cision ce parcours \u00e9tonnant, cette vie \u00e0 l'intersection du cin\u00e9ma et de la publicit\u00e9, cette travers\u00e9e du XXe si\u00e8cle.","authors":["Fabrice Carlier"],"category_codes":["6000000","6070000","6070300"],"visuals":{"large":"https:\/\/images.epagine.fr\/214\/9782080689214_1_75.jpg","medium":"https:\/\/images.epagine.fr\/214\/9782080689214_1_m.jpg","thumbnail":"https:\/\/images.epagine.fr\/214\/9782080689214_1_v.jpg"},"orderable":true,"show_badge":true,"formatted_price":"20,20&nbsp;\u20ac","formatted_published_date":"7 ao\u00fbt 2006","publisher_availability_label":"Sur commande","short_details":"Fabrice Carlier \u2014 Flammarion","translator":null,"weight":435,"page_count":325,"readership":null,"editor":"Flammarion","price":2020,"published_date":"2006-08-06T22:00:00.000000Z","support":"Grand format","publisher_availability":1,"stock":0,"editions":[],"url":"https:\/\/quaidesbrumes.com\/ouvrage\/9782080689214\/jean-mineur-la-publicite-passion"},{"id":"9782296009158","title":"Les archaismes violents et l'image","description":"Les soci\u00e9t\u00e9s modernes ont perp\u00e9tu\u00e9 le pouvoir absolu et quasi divin des images cultes de l'autorit\u00e9, de la puissance politique, ... Les images sont une mat\u00e9rialisation de l'invisible qui a longtemps rivalis\u00e9 avec le pouvoir du verbe divin. L'image est au centre du pouvoir des institutions comme violence l\u00e9gale sur le corps de la vie. On la force \u00e0 signifier, \u00e0 discourir, \u00e0 appuyer la propagande du sens impos\u00e9.","authors":["Steven Bernas"],"category_codes":["6000000","6070000","6070200"],"visuals":{"large":"https:\/\/images.epagine.fr\/158\/9782296009158_1_75.jpg","medium":"https:\/\/images.epagine.fr\/158\/9782296009158_1_m.jpg","thumbnail":"https:\/\/images.epagine.fr\/158\/9782296009158_1_v.jpg"},"orderable":true,"show_badge":true,"formatted_price":"16,50&nbsp;\u20ac","formatted_published_date":"15 juin 2006","publisher_availability_label":"Sur commande","short_details":"Steven Bernas \u2014 \u00c9ditions L'Harmattan","translator":null,"weight":190,"page_count":174,"readership":null,"editor":"\u00c9ditions L'Harmattan","price":1650,"published_date":"2006-06-14T22:00:00.000000Z","support":"Grand format","publisher_availability":1,"stock":0,"editions":[],"url":"https:\/\/quaidesbrumes.com\/ouvrage\/9782296009158\/les-archaismes-violents-et-limage"},{"id":"9782296001206","title":"LA FEKS La Fabrique de l'Acteur Excentrique","description":"De 1921 \u00e0 1929, la FEKS a pu passer pour \"l'enfant terrible\" du cin\u00e9ma sovi\u00e9tique. Le collectif s'est progressivement impos\u00e9 comme une figure essentielle de l'avant-garde th\u00e9\u00e2trale d'abord, cin\u00e9matographique ensuite, en Union sovi\u00e9tique. Avant que le mod\u00e8le unique et contraignant d'un \"art pour les masses\" ne mette un terme \u00e0 leur aventure, ces tenants d'un \"excentrisme\" original vont d\u00e9velopper une ligne coh\u00e9rente, qui emprunte \u00e0 une \"th\u00e9orie de la forme\" des proc\u00e9dures r\u00e9solument singuli\u00e8res.","authors":["Eric Schmul\u00e9vitch"],"category_codes":["6000000","6070000","6070200"],"visuals":{"large":"https:\/\/images.epagine.fr\/206\/9782296001206_1_75.jpg","medium":"https:\/\/images.epagine.fr\/206\/9782296001206_1_m.jpg","thumbnail":"https:\/\/images.epagine.fr\/206\/9782296001206_1_v.jpg"},"orderable":true,"show_badge":true,"formatted_price":"26,50&nbsp;\u20ac","formatted_published_date":"15 f\u00e9vrier 2006","publisher_availability_label":"Sur commande","short_details":"Eric Schmul\u00e9vitch \u2014 \u00c9ditions L'Harmattan","translator":null,"weight":385,"page_count":288,"readership":null,"editor":"\u00c9ditions L'Harmattan","price":2650,"published_date":"2006-02-14T23:00:00.000000Z","support":"Grand format","publisher_availability":1,"stock":0,"editions":[],"url":"https:\/\/quaidesbrumes.com\/ouvrage\/9782296001206\/la-feks-la-fabrique-de-lacteur-excentrique"},{"id":"9782296008151","title":"L'analyse de film en question - regards, champs, lectures","description":"Concernant les \u00e9tudiants des fili\u00e8res \"arts du spectacle\" aussi bien que les \u00e9l\u00e8ves du premier et du second degr\u00e9, l'analyse de film a \u00e9tendu son domaine depuis la cr\u00e9ation des premiers enseignements de cin\u00e9ma. Face \u00e0 cette situation complexe, plusieurs enseignants-chercheurs sp\u00e9cialistes de cin\u00e9ma exposent leur vision de l'analyse. Qu'en est-il de notre droit \u00e0 l'analyse ? Le cin\u00e9ma est-il art de l'image ou art du plan ? Comment l'analyse articule-t-elle le texte filmique et son contexte oe","authors":["Jacqueline Nacache"],"category_codes":["6000000","6070000","6070200"],"visuals":{"large":"https:\/\/images.epagine.fr\/151\/9782296008151_1_75.jpg","medium":"https:\/\/images.epagine.fr\/151\/9782296008151_1_m.jpg","thumbnail":"https:\/\/images.epagine.fr\/151\/9782296008151_1_v.jpg"},"orderable":true,"show_badge":true,"formatted_price":"25,00&nbsp;\u20ac","formatted_published_date":"1er juin 2006","publisher_availability_label":"Sur commande","short_details":"Jacqueline Nacache \u2014 \u00c9ditions L'Harmattan","translator":null,"weight":256,"page_count":266,"readership":null,"editor":"\u00c9ditions L'Harmattan","price":2500,"published_date":"2006-05-31T22:00:00.000000Z","support":"Grand format","publisher_availability":1,"stock":0,"editions":[],"url":"https:\/\/quaidesbrumes.com\/ouvrage\/9782296008151\/lanalyse-de-film-en-question-regards-champs-lectures"},{"id":"9782296007390","title":"Ken Loach un regard cin\u00e9matographique sur l'ali\u00e9nation familiale","description":"Kes (1970), Family (1971) et Sweet sixteen (2002) constituent trois films \u00e0 part dans la filmographie de Ken Loach constituant un questionnement subtil sur l'ali\u00e9nation familiale: une exploration de ces univers oppressifs et r\u00e9pressifs des v\u00e9cus individuels qui s'articulent toujours au sein du collectif. A la mani\u00e8re d'un clinicien, le cin\u00e9aste observe, recueille et organise les \u00e9l\u00e9ments explicatifs des modes d'agir et d'\u00eatre des uns et des autres.","authors":["Erika Thomas"],"category_codes":["6000000","6070000","6070200"],"visuals":{"large":"https:\/\/images.epagine.fr\/390\/9782296007390_1_75.jpg","medium":"https:\/\/images.epagine.fr\/390\/9782296007390_1_m.jpg","thumbnail":"https:\/\/images.epagine.fr\/390\/9782296007390_1_v.jpg"},"orderable":true,"show_badge":true,"formatted_price":"12,00&nbsp;\u20ac","formatted_published_date":"15 mai 2006","publisher_availability_label":"Sur commande","short_details":"Erika Thomas \u2014 \u00c9ditions L'Harmattan","translator":null,"weight":122,"page_count":104,"readership":null,"editor":"\u00c9ditions L'Harmattan","price":1200,"published_date":"2006-05-14T22:00:00.000000Z","support":"Grand format","publisher_availability":1,"stock":0,"editions":[],"url":"https:\/\/quaidesbrumes.com\/ouvrage\/9782296007390\/ken-loach-un-regard-cinematographique-sur-lalienation-familiale"},{"id":"9782296003316","title":"La croyance dans l'image","description":"Elire une image \u00e0 l'aune de nos d\u00e9sirs signifie instituer un usage instrumentalis\u00e9 des images. Les images sont enr\u00f4l\u00e9es de force dans le r\u00e9cit, qui constitue la fiction en laquelle nous avons besoin de croire. Ainsi d\u00e9bute la fable litt\u00e9raire, paternelle, orale ou cin\u00e9matographique de l'humanit\u00e9 parlante. Mais l'image est muette. Cependant nous la chargeons de significations et de projections, nous croyons en l'image comme repr\u00e9sentation de ce que nous vivons. Ainsi le narcissisme culturel joue ici sur nos repr\u00e9sentations mentales et notre culte de l'ego.","authors":["Steven Bernas"],"category_codes":["6000000","6070000","6070200"],"visuals":{"large":"https:\/\/images.epagine.fr\/316\/9782296003316_1_75.jpg","medium":"https:\/\/images.epagine.fr\/316\/9782296003316_1_m.jpg","thumbnail":"https:\/\/images.epagine.fr\/316\/9782296003316_1_v.jpg"},"orderable":true,"show_badge":true,"formatted_price":"29,00&nbsp;\u20ac","formatted_published_date":"1er avril 2006","publisher_availability_label":"Sur commande","short_details":"Steven Bernas \u2014 \u00c9ditions L'Harmattan","translator":null,"weight":320,"page_count":322,"readership":null,"editor":"\u00c9ditions L'Harmattan","price":2900,"published_date":"2006-03-31T22:00:00.000000Z","support":"Grand format","publisher_availability":1,"stock":0,"editions":[],"url":"https:\/\/quaidesbrumes.com\/ouvrage\/9782296003316\/la-croyance-dans-limage"},{"id":"9782296005457","title":"Le financement public de la production cinematographique","description":"La production d'une oeuvre cin\u00e9matographique est une r\u00e9elle prise de risque : la rentabilit\u00e9 du film d\u00e9pendra de l'accueil que lui r\u00e9servera le public. Aussi, pour soutenir la production nationale, le secteur cin\u00e9matographique repose pour une large part sur des sources publiques de financement. Ces aides publiques ont trois sources : la communaut\u00e9 europ\u00e9enne, l'Etat, ou les sources locales : les collectivit\u00e9s territoriales. Voici de fa\u00e7on simple et d\u00e9taill\u00e9e la description du fonctionnement et de l'esprit de ces syst\u00e8mes publics de financement.","authors":["Xavier Cabannes"],"category_codes":["6000000","6070000","6070200"],"visuals":{"large":"https:\/\/images.epagine.fr\/457\/9782296005457_1_75.jpg","medium":"https:\/\/images.epagine.fr\/457\/9782296005457_1_m.jpg","thumbnail":"https:\/\/images.epagine.fr\/457\/9782296005457_1_v.jpg"},"orderable":true,"show_badge":true,"formatted_price":"18,00&nbsp;\u20ac","formatted_published_date":"1er avril 2006","publisher_availability_label":"Sur commande","short_details":"Xavier Cabannes \u2014 \u00c9ditions L'Harmattan","translator":null,"weight":258,"page_count":184,"readership":null,"editor":"\u00c9ditions L'Harmattan","price":1800,"published_date":"2006-03-31T22:00:00.000000Z","support":"Grand format","publisher_availability":1,"stock":0,"editions":[],"url":"https:\/\/quaidesbrumes.com\/ouvrage\/9782296005457\/le-financement-public-de-la-production-cinematographique"},{"id":"9782912483249","title":"Les images de Guy : reculer pour mieux aimer","description":null,"authors":["C\u00e9line Duval"],"category_codes":["6000000","6070000","6070200"],"visuals":{"large":"https:\/\/images.epagine.fr\/249\/9782912483249_1_75.jpg","medium":"https:\/\/images.epagine.fr\/249\/9782912483249_1_m.jpg","thumbnail":"https:\/\/images.epagine.fr\/249\/9782912483249_1_v.jpg"},"orderable":true,"show_badge":true,"formatted_price":"7,00&nbsp;\u20ac","formatted_published_date":"20 septembre 2004","publisher_availability_label":"Sur commande","short_details":"C\u00e9line Duval \u2014 Cneai","translator":null,"weight":93,"page_count":32,"readership":null,"editor":"Cneai","price":700,"published_date":"2004-09-19T22:00:00.000000Z","support":"Grand format","publisher_availability":1,"stock":0,"editions":[],"url":"https:\/\/quaidesbrumes.com\/ouvrage\/9782912483249\/les-images-de-guy-reculer-pour-mieux-aimer"},{"id":"9782912483386","title":"Les impressionnants","description":null,"authors":["& Le Borgne Genee"],"category_codes":["6000000","6070000","6070200"],"visuals":{"large":"https:\/\/images.epagine.fr\/386\/9782912483386_1_75.jpg","medium":"https:\/\/images.epagine.fr\/386\/9782912483386_1_m.jpg","thumbnail":"https:\/\/images.epagine.fr\/386\/9782912483386_1_v.jpg"},"orderable":true,"show_badge":true,"formatted_price":"25,00&nbsp;\u20ac","formatted_published_date":"20 septembre 2005","publisher_availability_label":"Sur commande","short_details":"& Le Borgne Genee \u2014 Cneai","translator":null,"weight":526,"page_count":null,"readership":null,"editor":"Cneai","price":2500,"published_date":"2005-09-19T22:00:00.000000Z","support":"Grand format","publisher_availability":1,"stock":0,"editions":[],"url":"https:\/\/quaidesbrumes.com\/ouvrage\/9782912483386\/les-impressionnants"},{"id":"9782940271610","title":"11e biennale de l'image en mouvement","description":null,"authors":["Collectif"],"category_codes":["6000000","6070000","6070300"],"visuals":{"large":"https:\/\/images.epagine.fr\/610\/9782940271610_1_75.jpg","medium":"https:\/\/images.epagine.fr\/610\/9782940271610_1_m.jpg","thumbnail":"https:\/\/images.epagine.fr\/610\/9782940271610_1_v.jpg"},"orderable":true,"show_badge":true,"formatted_price":"23,00&nbsp;\u20ac","formatted_published_date":"25 janvier 2006","publisher_availability_label":"Sur commande","short_details":"Collectif \u2014 Jrp \/ Ringier","translator":null,"weight":800,"page_count":null,"readership":null,"editor":"Jrp \/ Ringier","price":2300,"published_date":"2006-01-24T23:00:00.000000Z","support":"Grand format","publisher_availability":1,"stock":0,"editions":[],"url":"https:\/\/quaidesbrumes.com\/ouvrage\/9782940271610\/11e-biennale-de-limage-en-mouvement"},{"id":"9782840494782","title":"Le cinema et ses hommes","description":null,"authors":["Henri Colpi"],"category_codes":["6000000","6070000","6070300"],"visuals":{"large":"https:\/\/quaidesbrumes.com\/img\/book-placeholder.png","medium":"https:\/\/quaidesbrumes.com\/img\/book-placeholder.png","thumbnail":"https:\/\/quaidesbrumes.com\/img\/book-placeholder.png"},"orderable":true,"show_badge":true,"formatted_price":"20,00&nbsp;\u20ac","formatted_published_date":"20 juin 2006","publisher_availability_label":"Sur commande","short_details":"Henri Colpi \u2014 \u00c9ditions S\u00e9guier","translator":null,"weight":0,"page_count":null,"readership":null,"editor":"\u00c9ditions S\u00e9guier","price":2000,"published_date":"2006-06-19T22:00:00.000000Z","support":"Grand format","publisher_availability":1,"stock":0,"editions":[],"url":"https:\/\/quaidesbrumes.com\/ouvrage\/9782840494782\/le-cinema-et-ses-hommes"},{"id":"9782742763290","title":"Infra-mince Tome 2 ; cahier de l'\u00e9cole nationale sup\u00e9rieure de la photographie, arles","description":null,"authors":["Collectif"],"category_codes":["6000000","6070000","6070200"],"visuals":{"large":"https:\/\/images.epagine.fr\/290\/9782742763290_1_75.jpg","medium":"https:\/\/images.epagine.fr\/290\/9782742763290_1_m.jpg","thumbnail":"https:\/\/images.epagine.fr\/290\/9782742763290_1_v.jpg"},"orderable":true,"show_badge":true,"formatted_price":"18,30&nbsp;\u20ac","formatted_published_date":"31 octobre 2006","publisher_availability_label":"Sur commande","short_details":"Collectif \u2014 Actes Sud","translator":null,"weight":712,"page_count":147,"readership":null,"editor":"Actes Sud","price":1830,"published_date":"2006-10-30T23:00:00.000000Z","support":"Grand format","publisher_availability":1,"stock":0,"editions":[],"url":"https:\/\/quaidesbrumes.com\/ouvrage\/9782742763290\/infra-mince-tome-2-cahier-de-lecole-nationale-superieure-de-la-photographie-arles"},{"id":"9782845971844","title":"La houill\u00e8re de Westphalie","description":"Le 30 juin 2000, pr\u00e8s de cent ans d'histoire mini\u00e8re se sont achev\u00e9s \u00e0 Ahlen, en Allemagne, avec la\r\nfermeture de la houill\u00e8re de Westphalie, ouverte en 1902. \u00c9cho aux travaux que Naoya\r\nHatakeyama a d\u00e9j\u00e0 men\u00e9s autour des cimenteries et des carri\u00e8res au Japon, cette s\u00e9rie\r\nphotographique interroge le processus de la m\u00e9moire \u00e0 travers un site singulier, qui a connu de\r\nnombreuses ruptures et mutations.\r\nIl r\u00e9alise ainsi un hommage sensible au patrimoine industriel allemand et interroge la pratique\r\nphotographique comme m\u00e9taphore du processus m\u00e9moriel. Photographier ou fixer la disparition\r\nd'une histoire sociale, \u00e9conomique, culturelle, humaine.","authors":["Naoya Hatakeyama"],"category_codes":["6000000","6070000","6070200"],"visuals":{"large":"https:\/\/images.epagine.fr\/844\/9782845971844_1_75.jpg","medium":"https:\/\/images.epagine.fr\/844\/9782845971844_1_m.jpg","thumbnail":"https:\/\/images.epagine.fr\/844\/9782845971844_1_v.jpg"},"orderable":true,"show_badge":true,"formatted_price":"53,80&nbsp;\u20ac","formatted_published_date":"12 octobre 2006","publisher_availability_label":"Sur commande","short_details":"Naoya Hatakeyama \u2014 Les \u00c9ditions Textuel","translator":null,"weight":960,"page_count":120,"readership":null,"editor":"Les \u00c9ditions Textuel","price":5380,"published_date":"2006-10-11T22:00:00.000000Z","support":"Grand format","publisher_availability":1,"stock":0,"editions":[],"url":"https:\/\/quaidesbrumes.com\/ouvrage\/9782845971844\/la-houillere-de-westphalie"},{"id":"9782884740166","title":"Hors-champ","description":"Hors-champ est un hommage \u00e0 la photographie, \u00e0 son histoire et surtout aux cr\u00e9ateurs d'images. Au-del\u00e0 des int\u00e9rieurs qu'il pr\u00e9sente, cet ouvrage engage une r\u00e9flexion sur le m\u00e9dium, son pass\u00e9 et son avenir. Catherine Leutenegger nous invite \u00e0 d\u00e9couvrir les coulisses de la photographie : ateliers et studios de photographes, chambres noires, laboratoires de d\u00e9veloppement et de tirage. Chacun des espaces affiche les accessoires, le mat\u00e9riel de prise de vue, les bacs \u00e0 produits chimiques, les livres et les images qui inspirent les usagers des lieux. Lieux vides de toute pr\u00e9sence humaine, l'activit\u00e9 des photographes est n\u00e9anmoins palpable tant dans l'ordre que dans le d\u00e9sordre donn\u00e9s aux choses.","authors":["Catherine Leutenegger"],"category_codes":["6000000","6070000","6070200"],"visuals":{"large":"https:\/\/images.epagine.fr\/166\/9782884740166_1_75.jpg","medium":"https:\/\/images.epagine.fr\/166\/9782884740166_1_m.jpg","thumbnail":"https:\/\/images.epagine.fr\/166\/9782884740166_1_v.jpg"},"orderable":true,"show_badge":true,"formatted_price":"32,45&nbsp;\u20ac","formatted_published_date":"18 janvier 2007","publisher_availability_label":"Sur commande","short_details":"Catherine Leutenegger \u2014 INFOLIO","translator":null,"weight":702,"page_count":168,"readership":null,"editor":"INFOLIO","price":3245,"published_date":"2007-01-17T23:00:00.000000Z","support":"Grand format","publisher_availability":1,"stock":0,"editions":[],"url":"https:\/\/quaidesbrumes.com\/ouvrage\/9782884740166\/hors-champ"},{"id":"9782916067094","title":"Update","description":null,"authors":["Lionel Bayol-themines"],"category_codes":["6000000","6070000","6070200"],"visuals":{"large":"https:\/\/images.epagine.fr\/094\/9782916067094_1_75.jpg","medium":"https:\/\/images.epagine.fr\/094\/9782916067094_1_m.jpg","thumbnail":"https:\/\/images.epagine.fr\/094\/9782916067094_1_v.jpg"},"orderable":true,"show_badge":true,"formatted_price":"22,00&nbsp;\u20ac","formatted_published_date":"29 juin 2006","publisher_availability_label":"Sur commande","short_details":"Lionel Bayol-themines \u2014 Jannink","translator":null,"weight":268,"page_count":null,"readership":null,"editor":"Jannink","price":2200,"published_date":"2006-06-28T22:00:00.000000Z","support":"Grand format","publisher_availability":1,"stock":0,"editions":[],"url":"https:\/\/quaidesbrumes.com\/ouvrage\/9782916067094\/update"},{"id":"9782916067100","title":"L'esprit des mutations","description":null,"authors":["Marc Michiels"],"category_codes":["6000000","6070000","6070200"],"visuals":{"large":"https:\/\/images.epagine.fr\/100\/9782916067100_1_75.jpg","medium":"https:\/\/images.epagine.fr\/100\/9782916067100_1_m.jpg","thumbnail":"https:\/\/images.epagine.fr\/100\/9782916067100_1_v.jpg"},"orderable":true,"show_badge":true,"formatted_price":"16,00&nbsp;\u20ac","formatted_published_date":"29 juin 2006","publisher_availability_label":"Sur commande","short_details":"Marc Michiels \u2014 Jannink","translator":null,"weight":250,"page_count":null,"readership":null,"editor":"Jannink","price":1600,"published_date":"2006-06-28T22:00:00.000000Z","support":"Grand format","publisher_availability":1,"stock":0,"editions":[],"url":"https:\/\/quaidesbrumes.com\/ouvrage\/9782916067100\/lesprit-des-mutations"},{"id":"9782914453929","title":"Voyages en tourneries","description":"Les fascinants panoramiques de L\u00e9onard de Selva ne visent pas uniquement\r\n\u00e0 restituer le mouvement circulaire d'un regard qui balaierait l'espace en pivotant sur lui-m\u00eame. L'ouverture spectaculaire du champ de la vision sur 360\u00b0 pose en effet des\r\nprobl\u00e8mes de construction et de compr\u00e9hension de l'image. Ces vues d\u00e9passent donc le cadre ordinaire de la photographie conventionnelle et proposent une visionradicalement diff\u00e9rente. En imprimant \u00e0 l'image un mouvement, L\u00e9onard de Selva y introduit aussi des \u00e9l\u00e9ments narratifs, il cr\u00e9e ainsi un \u00abespace-temps\u00bb totalement \u00e9tranger aux vues instantan\u00e9es et aux codes visuels h\u00e9rit\u00e9s de la perspective g\u00e9om\u00e9trique de la Renaissance italienne. Cette perspective curviligne en mouvement nous invite en effet \u00e0 une perception\r\n\u00abautre\u00bb de l'espace qui nous entoure. Une perception comparable peut-\u00eatre \u00e0 celle d'un derviche tourneur. Ainsi ces panoptiques d\u00e9passent m\u00eame leur int\u00e9r\u00eat esth\u00e9tique, pourtant tr\u00e8s remarquable ; ce sont en quelque sorte des \u00abexercices spirituels\u00bb qui, dans leur mouvement centrip\u00e8te, nous recentrent sur nous m\u00eames tout en nous redonnant au monde.","authors":["L\u00e9onard de Selva"],"category_codes":["6000000","6070000","6070200"],"visuals":{"large":"https:\/\/images.epagine.fr\/929\/9782914453929_1_75.jpg","medium":"https:\/\/images.epagine.fr\/929\/9782914453929_1_m.jpg","thumbnail":"https:\/\/images.epagine.fr\/929\/9782914453929_1_v.jpg"},"orderable":true,"show_badge":true,"formatted_price":"32,00&nbsp;\u20ac","formatted_published_date":"10 octobre 2006","publisher_availability_label":"Sur commande","short_details":"L\u00e9onard de Selva \u2014 L'Archange Minotaure","translator":null,"weight":0,"page_count":null,"readership":null,"editor":"L'Archange Minotaure","price":3200,"published_date":"2006-10-09T22:00:00.000000Z","support":"Grand format","publisher_availability":1,"stock":0,"editions":[],"url":"https:\/\/quaidesbrumes.com\/ouvrage\/9782914453929\/voyages-en-tourneries"},{"id":"9782013072816","title":"Les ma\u00eetres de la photographie","description":"Les ma\u00eetres de la photographie \/ [sign\u00e9 : Ph. de S\u00e9ran]\r\nDate de l'\u00e9dition originale : 1900\r\nSujet de l'ouvrage : Photographie -- 19e si\u00e8clePhotogr. Histoire. 1839-1900\r\n\r\nLe pr\u00e9sent ouvrage s'inscrit dans une politique de conservation patrimoniale des ouvrages de la litt\u00e9rature Fran\u00e7aise mise en place avec la BNF.\r\nHACHETTE LIVRE et la BNF proposent ainsi un catalogue de titres indisponibles, la BNF ayant num\u00e9ris\u00e9 ces oeuvres et HACHETTE LIVRE les imprimant \u00e0 la demande.\r\nCertains de ces ouvrages refl\u00e8tent des courants de pens\u00e9e caract\u00e9ristiques de leur \u00e9poque, mais qui seraient aujourd'hui jug\u00e9s condamnables.\r\nIls n'en appartiennent pas moins \u00e0 l'histoire des id\u00e9es en France et sont susceptibles de pr\u00e9senter un int\u00e9r\u00eat scientifique ou historique.\r\nLe sens de notre d\u00e9marche \u00e9ditoriale consiste ainsi \u00e0 permettre l'acc\u00e8s \u00e0 ces oeuvres sans pour autant que nous en cautionnions en aucune fa\u00e7on le contenu.\r\n\r\nPour plus d'informations, rendez-vous sur www.hachettebnf.fr","authors":["Seran"],"category_codes":["6000000","6070000","6070200"],"visuals":{"large":"https:\/\/images.epagine.fr\/816\/9782013072816_1_75.jpg","medium":"https:\/\/images.epagine.fr\/816\/9782013072816_1_m.jpg","thumbnail":"https:\/\/images.epagine.fr\/816\/9782013072816_1_v.jpg"},"orderable":true,"show_badge":true,"formatted_price":"16,00&nbsp;\u20ac","formatted_published_date":"1er mai 2017","publisher_availability_label":"Sur commande","short_details":"Seran \u2014 Hachette BNF","translator":null,"weight":132,"page_count":110,"readership":null,"editor":"Hachette BNF","price":1600,"published_date":"2017-04-30T22:00:00.000000Z","support":"Grand format","publisher_availability":1,"stock":0,"editions":[],"url":"https:\/\/quaidesbrumes.com\/ouvrage\/9782013072816\/les-maitres-de-la-photographie"}]}