{"data":[{"id":"9782738428820","title":"Les techniques d'expression et de communication","description":"Le d\u00e9veloppement des fili\u00e8res professionnalisantes de l'enseignement sup\u00e9rieur et des actions de formation d'adultes a favoris\u00e9 l'extension des Techniques d'Expression et de Communication. Une multiplicit\u00e9 de pratiques s'y rattachent, reflet d'une \u00e9volution li\u00e9e \u00e0 celle de la demande sociale. Aujourd'hui se pose le probl\u00e8me du statut de ce nouveau champ dans le syst\u00e8me \u00e9ducatif et dans celui de la formation d'adultes.\r","authors":["Ren\u00e9e Simonet"],"category_codes":["6000000","6070000","6070300"],"visuals":{"large":"https:\/\/images.epagine.fr\/820\/9782738428820_1_75.jpg","medium":"https:\/\/images.epagine.fr\/820\/9782738428820_1_m.jpg","thumbnail":"https:\/\/images.epagine.fr\/820\/9782738428820_1_v.jpg"},"orderable":true,"show_badge":true,"formatted_price":"22,50&nbsp;\u20ac","formatted_published_date":"3 mai 2000","publisher_availability_label":"Sur commande","short_details":"Ren\u00e9e Simonet \u2014 \u00c9ditions L'Harmattan","translator":null,"weight":314,"page_count":236,"readership":null,"editor":"\u00c9ditions L'Harmattan","price":2250,"published_date":"2000-05-02T22:00:00.000000Z","support":"Grand format","publisher_availability":1,"stock":0,"editions":[],"url":"https:\/\/quaidesbrumes.com\/ouvrage\/9782738428820\/les-techniques-dexpression-et-de-communication"},{"id":"9782914945097","title":"Le louvre, lumiere des pierres","description":null,"authors":["Michel Ellenberger"],"category_codes":["6000000","6070000","6070200"],"visuals":{"large":"https:\/\/images.epagine.fr\/097\/9782914945097_1_75.jpg","medium":"https:\/\/images.epagine.fr\/097\/9782914945097_1_m.jpg","thumbnail":"https:\/\/images.epagine.fr\/097\/9782914945097_1_v.jpg"},"orderable":true,"show_badge":true,"formatted_price":"22,00&nbsp;\u20ac","formatted_published_date":"23 juin 2005","publisher_availability_label":"Sur commande","short_details":"Michel Ellenberger \u2014 Le Preau Des Collines","translator":null,"weight":330,"page_count":128,"readership":null,"editor":"Le Preau Des Collines","price":2200,"published_date":"2005-06-22T22:00:00.000000Z","support":"Grand format","publisher_availability":1,"stock":0,"editions":[],"url":"https:\/\/quaidesbrumes.com\/ouvrage\/9782914945097\/le-louvre-lumiere-des-pierres"},{"id":"9782738473752","title":"Steven spielberg ; un univers de jeux","description":"L'univers communicationnel de Steven Spielberg est fondamentalement ludique. Cet ouvrage, synth\u00e8se de plusieurs ann\u00e9es de recherche sur l'oeuvre du metteur en sc\u00e8ne-producteur, propose une analyse d\u00e9taill\u00e9e de ses images \u00e0 travers la th\u00e9matique du jeu. De \" Jurassic park \" en passant par \" Gremlins \", de multiples films aux titres familiers sont revisit\u00e9s \u00e0 la lumi\u00e8re de ce nouvel \u00e9clairage.\r","authors":["Cyrille Bossy"],"category_codes":["6000000","6070000","6070300"],"visuals":{"large":"https:\/\/images.epagine.fr\/752\/9782738473752_1_75.jpg","medium":"https:\/\/images.epagine.fr\/752\/9782738473752_1_m.jpg","thumbnail":"https:\/\/images.epagine.fr\/752\/9782738473752_1_v.jpg"},"orderable":true,"show_badge":true,"formatted_price":"29,50&nbsp;\u20ac","formatted_published_date":"12 mars 1999","publisher_availability_label":"Sur commande","short_details":"Cyrille Bossy \u2014 \u00c9ditions L'Harmattan","translator":null,"weight":378,"page_count":304,"readership":null,"editor":"\u00c9ditions L'Harmattan","price":2950,"published_date":"1999-03-11T23:00:00.000000Z","support":"Grand format","publisher_availability":1,"stock":0,"editions":[],"url":"https:\/\/quaidesbrumes.com\/ouvrage\/9782738473752\/steven-spielberg-un-univers-de-jeux"},{"id":"9782747579490","title":"M\u00e9dias et culture Tome 1","description":"Au sommaire de ce premier num\u00e9ro :\r\n- Nous, et la culture am\u00e9ricaine\r\n- Les Publics, des ensembles ou des communaut\u00e9s?\r\n- La Gangr\u00e8ne de l'art par la communication (et r\u00e9ciproquement)\r\n- Le st\u00e9r\u00e9otype : fondement de la communication ou pilier de la b\u00eatise ?\r\n- \"Parler\" : fait de langage ou fait de soci\u00e9t\u00e9 ?\r\n- Sommes-nous dans une \"crise de la repr\u00e9sentation\" ?\r","authors":["Collectif"],"category_codes":["6000000","6070000","6070300"],"visuals":{"large":"https:\/\/images.epagine.fr\/490\/9782747579490_1_75.jpg","medium":"https:\/\/images.epagine.fr\/490\/9782747579490_1_m.jpg","thumbnail":"https:\/\/images.epagine.fr\/490\/9782747579490_1_v.jpg"},"orderable":true,"show_badge":true,"formatted_price":"29,00&nbsp;\u20ac","formatted_published_date":"2 mai 2005","publisher_availability_label":"Sur commande","short_details":"Collectif \u2014 \u00c9ditions L'Harmattan","translator":null,"weight":295,"page_count":null,"readership":null,"editor":"\u00c9ditions L'Harmattan","price":2900,"published_date":"2005-05-01T22:00:00.000000Z","support":"Grand format","publisher_availability":1,"stock":0,"editions":[],"url":"https:\/\/quaidesbrumes.com\/ouvrage\/9782747579490\/medias-et-culture-tome-1"},{"id":"9782747564557","title":"Les temps recompos\u00e9s du film de science-fiction","description":"Depuis leur apparition au cin\u00e9ma, les mises en sc\u00e8ne de science-fiction centr\u00e9es sur la th\u00e9matique du temps ont cherch\u00e9 \u00e0 r\u00e9soudre les questions li\u00e9es au devenir des hommes qu'il soit collectif, familial, personnel. De telles r\u00e9flexions caract\u00e9risent la quarantaine de longs m\u00e9trages de science-fiction r\u00e9alis\u00e9s au cours de la deuxi\u00e8me moiti\u00e9 du XX\u00e8me si\u00e8cle, dont cet ouvrage expose l'analyse.\r","authors":["Sandy Torres"],"category_codes":["6000000","6070000","6070200"],"visuals":{"large":"https:\/\/images.epagine.fr\/557\/9782747564557_1_75.jpg","medium":"https:\/\/images.epagine.fr\/557\/9782747564557_1_m.jpg","thumbnail":"https:\/\/images.epagine.fr\/557\/9782747564557_1_v.jpg"},"orderable":true,"show_badge":true,"formatted_price":"32,50&nbsp;\u20ac","formatted_published_date":"2 f\u00e9vrier 2005","publisher_availability_label":"Sur commande","short_details":"Sandy Torres \u2014 \u00c9ditions L'Harmattan","translator":null,"weight":445,"page_count":386,"readership":null,"editor":"\u00c9ditions L'Harmattan","price":3250,"published_date":"2005-02-01T23:00:00.000000Z","support":"Grand format","publisher_availability":1,"stock":0,"editions":[],"url":"https:\/\/quaidesbrumes.com\/ouvrage\/9782747564557\/les-temps-recomposes-du-film-de-science-fiction"},{"id":"9782845971691","title":"Plaisir la douleur","description":"Peintre, photographe, cin\u00e9aste, figure de proue de la cr\u00e9ation contemporaine au Br\u00e9sil, Miguel Rio Branco est un artiste aux multiples talents. Plaisir, la douleur est le premier ouvrage de Rio Branco \u00e9dit\u00e9 en France. Livre d'auteur, livre d'artiste, il constitue la premi\u00e8re r\u00e9trospective de ce plasticien en marge des genres et des tendances. Une oeuvre qui d\u00e9borde de sensualit\u00e9 et d'exub\u00e9rance par sa palette de couleurs et sa lumi\u00e8re o\u00f9 le charme est sous-jacent. La construction tendue du livre est la r\u00e9sonance entre les diff\u00e9rents mondes de l'artiste. Montages collages, photos noir et blanc et couleur, toiles des ann\u00e9es 60 dialoguent avec des installations r\u00e9centes. La po\u00e9tique du livre porte l'inqui\u00e9tude dramatique au coeur de l'oeuvre de Miguel Rio Branco : \u00ab Malgr\u00e9 l'envie et le besoin de cr\u00e9er r\u00e9cemment des oeuvres moins sombres, mon regard sur le monde contemporain n'est en aucun cas optimiste. \u00bb\r\n\r\nN\u00e9 en 1946 aux Canaries, Miguel Rio Branco travaille et vit \u00e0 Rio de Janeiro. Membre de Magnum Photos depuis 1980, il commence par la peinture puis se d\u00e9die \u00e0 la photo, au cin\u00e9ma, \u00e0 la vid\u00e9o. Et conjugue ces diff\u00e9rentes techniques dans un langage parfaitement singulier, souvent fait de montages et d'installations. Les \u00c9tats-Unis, le Japon, l'Am\u00e9rique latine et l'Europe du Sud ont d\u00e9j\u00e0 largement expos\u00e9 son oeuvre qui est pr\u00e9sente dans de nombreuses collections publiques.\r","authors":["Miguel Rio branco"],"category_codes":["6000000","6070000","6070200"],"visuals":{"large":"https:\/\/images.epagine.fr\/691\/9782845971691_1_75.jpg","medium":"https:\/\/images.epagine.fr\/691\/9782845971691_1_m.jpg","thumbnail":"https:\/\/images.epagine.fr\/691\/9782845971691_1_v.jpg"},"orderable":true,"show_badge":true,"formatted_price":"25,40&nbsp;\u20ac","formatted_published_date":"7 octobre 2005","publisher_availability_label":"Sur commande","short_details":"Miguel Rio branco \u2014 Les \u00c9ditions Textuel","translator":null,"weight":1260,"page_count":116,"readership":null,"editor":"Les \u00c9ditions Textuel","price":2540,"published_date":"2005-10-06T22:00:00.000000Z","support":"Grand format","publisher_availability":1,"stock":0,"editions":[],"url":"https:\/\/quaidesbrumes.com\/ouvrage\/9782845971691\/plaisir-la-douleur"},{"id":"9788873015963","title":"Dario argento","description":null,"authors":["Collectif"],"category_codes":["6000000","6070000","6070300"],"visuals":{"large":"https:\/\/quaidesbrumes.com\/img\/book-placeholder.png","medium":"https:\/\/quaidesbrumes.com\/img\/book-placeholder.png","thumbnail":"https:\/\/quaidesbrumes.com\/img\/book-placeholder.png"},"orderable":true,"show_badge":true,"formatted_price":"19,80&nbsp;\u20ac","formatted_published_date":"1er juin 2005","publisher_availability_label":"Sur commande","short_details":"Collectif \u2014 Gremese","translator":null,"weight":0,"page_count":128,"readership":null,"editor":"Gremese","price":1980,"published_date":"2005-05-31T22:00:00.000000Z","support":"Grand format","publisher_availability":1,"stock":0,"editions":[],"url":"https:\/\/quaidesbrumes.com\/ouvrage\/9788873015963\/dario-argento"},{"id":"9782858022786","title":"Haute Volta et le cin\u00e9ma","description":null,"authors":["Victor Bachy"],"category_codes":["6000000","6070000","6070300","6070304"],"visuals":{"large":"https:\/\/quaidesbrumes.com\/img\/book-placeholder.png","medium":"https:\/\/quaidesbrumes.com\/img\/book-placeholder.png","thumbnail":"https:\/\/quaidesbrumes.com\/img\/book-placeholder.png"},"orderable":true,"show_badge":true,"formatted_price":"9,15&nbsp;\u20ac","formatted_published_date":"1er d\u00e9cembre 2004","publisher_availability_label":"Sur commande","short_details":"Victor Bachy \u2014 \u00c9ditions L'Harmattan","translator":null,"weight":150,"page_count":null,"readership":null,"editor":"\u00c9ditions L'Harmattan","price":915,"published_date":"2004-11-30T23:00:00.000000Z","support":"Grand format","publisher_availability":1,"stock":0,"editions":[],"url":"https:\/\/quaidesbrumes.com\/ouvrage\/9782858022786\/haute-volta-et-le-cinema"},{"id":"9782844811059","title":"Ecrire, tourner, monter","description":null,"authors":["Maurice Ferlet"],"category_codes":["6000000","6070000","6070300"],"visuals":{"large":"https:\/\/quaidesbrumes.com\/img\/book-placeholder.png","medium":"https:\/\/quaidesbrumes.com\/img\/book-placeholder.png","thumbnail":"https:\/\/quaidesbrumes.com\/img\/book-placeholder.png"},"orderable":true,"show_badge":true,"formatted_price":"18,00&nbsp;\u20ac","formatted_published_date":"1er janvier 2009","publisher_availability_label":"Sur commande","short_details":"Maurice Ferlet \u2014 DIXIT","translator":null,"weight":0,"page_count":null,"readership":null,"editor":"DIXIT","price":1800,"published_date":"2008-12-31T23:00:00.000000Z","support":"Grand format","publisher_availability":1,"stock":0,"editions":[],"url":"https:\/\/quaidesbrumes.com\/ouvrage\/9782844811059\/ecrire-tourner-monter"},{"id":"9782738454539","title":"La soci\u00e9t\u00e9 informationnelle ; enjeux sociaux et approches","description":"\u00c9conomistes, chercheurs en sciences de l'information, les auteurs qui ont contribu\u00e9 \u00e0 cet ouvrage sont parmi les plus r\u00e9put\u00e9s Outre-Atlantique et en Europe dans le domaine de l'\u00e9conomie de l'information. Avec les autoroutes de l'information, et Internet, le d\u00e9bat sur l'information, ses technologies et \u00e9volutions sociales, a connu un regain de vigueur. Comment d\u00e9finir et mesurer la valeur de l'information ? Sous quelles conditions l'information peut-elle \u00eatre \u00e9chang\u00e9e sur des march\u00e9s, et de quelles cat\u00e9gories \u00e9conomiques rel\u00e8ve-t-elle ? En quoi certains enjeux politiques ou sociaux, tels que la diminution du pouvoir des \u00c9tats ou l'\u00e9clatement de la famille nucl\u00e9aire, peuvent-ils \u00eatre confort\u00e9s par le d\u00e9veloppement des industries de l'information ? Le lecteur pourra ici mieux se situer dans la diversit\u00e9 des travaux existants, et dans leurs orientations actuelles.\r","authors":["Anne May\u00e8re"],"category_codes":["6000000","6070000","6070300"],"visuals":{"large":"https:\/\/images.epagine.fr\/539\/9782738454539_1_75.jpg","medium":"https:\/\/images.epagine.fr\/539\/9782738454539_1_m.jpg","thumbnail":"https:\/\/images.epagine.fr\/539\/9782738454539_1_v.jpg"},"orderable":true,"show_badge":true,"formatted_price":"22,50&nbsp;\u20ac","formatted_published_date":"3 mai 2000","publisher_availability_label":"Sur commande","short_details":"Anne May\u00e8re \u2014 \u00c9ditions L'Harmattan","translator":null,"weight":296,"page_count":null,"readership":null,"editor":"\u00c9ditions L'Harmattan","price":2250,"published_date":"2000-05-02T22:00:00.000000Z","support":"Grand format","publisher_availability":1,"stock":0,"editions":[],"url":"https:\/\/quaidesbrumes.com\/ouvrage\/9782738454539\/la-societe-informationnelle-enjeux-sociaux-et-approches"},{"id":"9782738421531","title":"Le pluralisme radiophonique en afrique de l'ouest Tome 2","description":"Actes du colloque de Bamako, 1993","authors":["Collectif"],"category_codes":["6000000","6070000","6070300"],"visuals":{"large":"https:\/\/images.epagine.fr\/531\/9782738421531_1_75.jpg","medium":"https:\/\/images.epagine.fr\/531\/9782738421531_1_m.jpg","thumbnail":"https:\/\/images.epagine.fr\/531\/9782738421531_1_v.jpg"},"orderable":true,"show_badge":true,"formatted_price":"15,50&nbsp;\u20ac","formatted_published_date":"3 mai 2000","publisher_availability_label":"Sur commande","short_details":"Collectif \u2014 \u00c9ditions L'Harmattan","translator":null,"weight":296,"page_count":149,"readership":null,"editor":"\u00c9ditions L'Harmattan","price":1550,"published_date":"2000-05-02T22:00:00.000000Z","support":"Grand format","publisher_availability":1,"stock":0,"editions":[],"url":"https:\/\/quaidesbrumes.com\/ouvrage\/9782738421531\/le-pluralisme-radiophonique-en-afrique-de-louest-tome-2"},{"id":"9782752901194","title":"Visages","description":"Photographes mais surtout voyageurs de l'esp\u00e8ce rare - celle qui sait prendre son temps -, Tiziana et Gianni Baldizzone, oeuvrant en complicit\u00e9 avec Boris Cyrulnik, analyste passionn\u00e9 des moeurs humaines, avaient d\u00e9j\u00e0 con\u00e7u un \u00e9tonnant ouvrage illustr\u00e9 consacr\u00e9 \u00e0 la Main, lequel avait connu un extraordinaire succ\u00e8s en France, en Allemagne et dans le monde anglo-saxon (La Main qui parle, Ph\u00e9bus, 2002).\r\nFins observateurs de l'humanit\u00e9 sous toutes les latitudes, ils ont capt\u00e9 dans leur viseur, au long de vingt ann\u00e9es et plus de bourlingue, la magie fugitive de quelques milliers de visages - en Asie, en Europe et en Afrique surtout. Une centaine d'entre eux ont \u00e9t\u00e9 \u00e9lus pour figurer dans ces pages : ils refl\u00e8tent, tous \u00e2ges confondus, le g\u00e9nie expressif de notre esp\u00e8ce... et une gamme incroyablement vari\u00e9e d'\u00e9motions que l'on jurerait impossibles \u00e0 saisir.\r\nAu fil de sept chapitres (\" Regards \", \" Solitude et Partage \", \" Le miroir des sentiments \", \" L'\u00e2me en paix \"), le lecteur pourra d\u00e9couvrir tout ce que le visage humain dit et fait, montre et cache. Mais il d\u00e9couvrira surtout que la beaut\u00e9, que nous cantonnons d'habitude si timidement dans le cadre de st\u00e9r\u00e9otypes rassurants (donc menteurs), ne loge pas toujours, tant s'en faut, \u00e0 l'enseigne que l'on croit.\r\nUn beau voyage, que Boris Cyrulnik accompagne cette fois encore d'un commentaire aussi aigu qu'inattendu. Il nous rappelle que le visage, bien avant l'invention de la parole articul\u00e9e, aura \u00e9t\u00e9 le lieu de notre corps o\u00f9, par le jeu complexe du regard, du sourire, du mouvement des l\u00e8vres et de mille infimes mimiques, au long d'un patient et myst\u00e9rieux \u00e9change avec l'Autre, s'est constitu\u00e9 ce qu'il faut bien appeler un langage - premier et dernier des miracles humains.\r","authors":["Baldizzone"],"category_codes":["6000000","6070000","6070200"],"visuals":{"large":"https:\/\/images.epagine.fr\/194\/9782752901194_1_75.jpg","medium":"https:\/\/images.epagine.fr\/194\/9782752901194_1_m.jpg","thumbnail":"https:\/\/images.epagine.fr\/194\/9782752901194_1_v.jpg"},"orderable":true,"show_badge":true,"formatted_price":"40,55&nbsp;\u20ac","formatted_published_date":"28 octobre 2005","publisher_availability_label":"Sur commande","short_details":"Baldizzone \u2014 \u00c9ditions Ph\u00e9bus","translator":null,"weight":1400,"page_count":null,"readership":null,"editor":"\u00c9ditions Ph\u00e9bus","price":4055,"published_date":"2005-10-27T22:00:00.000000Z","support":"Beaux-livres","publisher_availability":1,"stock":0,"editions":[],"url":"https:\/\/quaidesbrumes.com\/ouvrage\/9782752901194\/visages"},{"id":"9782350460086","title":"Robert","description":"Dix ans apr\u00e8s sa mort, le 1er avril 1994, Robert Doisneau reste toujours aussi populaire. Pour f\u00eater l'auteur de Mademoiselle Anita et du Baiser de l'H\u00f4tel de Ville, ceux qui l'ont bien connu - coll\u00e8gues, voisins, proches - \u00e9voquent cet homme attachant \u00e0 l'humour l\u00e9gendaire. De Sabine Weiss \u00e0 Willy Ronis, de Daniel Pennac \u00e0 Pierre Dumayet, de Sophie Ristelhueber \u00e0 Bertrand Eveno, tous racontent un souvenir avec lui et permettent ainsi de retrouver Doisneau dans Paris et sa banlieue, en compagnie de tous ces gens qu'il a photographi\u00e9s avec tendresse et humanit\u00e9.\r\nB.O.\r\n\r","authors":["Ollier\/Doisneau"],"category_codes":["6000000","6070000","6070200"],"visuals":{"large":"https:\/\/images.epagine.fr\/086\/9782350460086_1_75.jpg","medium":"https:\/\/images.epagine.fr\/086\/9782350460086_1_m.jpg","thumbnail":"https:\/\/images.epagine.fr\/086\/9782350460086_1_v.jpg"},"orderable":true,"show_badge":true,"formatted_price":"14,00&nbsp;\u20ac","formatted_published_date":"7 avril 2005","publisher_availability_label":"Sur commande","short_details":"Ollier\/Doisneau \u2014 Filigranes","translator":null,"weight":160,"page_count":null,"readership":null,"editor":"Filigranes","price":1400,"published_date":"2005-04-06T22:00:00.000000Z","support":"Grand format","publisher_availability":1,"stock":0,"editions":[],"url":"https:\/\/quaidesbrumes.com\/ouvrage\/9782350460086\/robert"},{"id":"9782738400550","title":"Regards sur le cin\u00e9ma \u00e9gyptien 1895-1975","description":null,"authors":["Yves Thoraval"],"category_codes":["6000000","6070000","6070300","6070304"],"visuals":{"large":"https:\/\/quaidesbrumes.com\/img\/book-placeholder.png","medium":"https:\/\/quaidesbrumes.com\/img\/book-placeholder.png","thumbnail":"https:\/\/quaidesbrumes.com\/img\/book-placeholder.png"},"orderable":true,"show_badge":true,"formatted_price":"14,50&nbsp;\u20ac","formatted_published_date":"3 mai 2000","publisher_availability_label":"Sur commande","short_details":"Yves Thoraval \u2014 \u00c9ditions L'Harmattan","translator":null,"weight":248,"page_count":146,"readership":null,"editor":"\u00c9ditions L'Harmattan","price":1450,"published_date":"2000-05-02T22:00:00.000000Z","support":"Grand format","publisher_availability":1,"stock":0,"editions":[],"url":"https:\/\/quaidesbrumes.com\/ouvrage\/9782738400550\/regards-sur-le-cinema-egyptien-1895-1975"},{"id":"9782738424877","title":"Libert\u00e9 pour les radios africaines","description":"Actes du colloque de Bamako, 1993\r","authors":["Panos"],"category_codes":["6000000","6070000","6070300"],"visuals":{"large":"https:\/\/images.epagine.fr\/877\/9782738424877_1_75.jpg","medium":"https:\/\/images.epagine.fr\/877\/9782738424877_1_m.jpg","thumbnail":"https:\/\/images.epagine.fr\/877\/9782738424877_1_v.jpg"},"orderable":true,"show_badge":true,"formatted_price":"22,50&nbsp;\u20ac","formatted_published_date":"3 mai 2000","publisher_availability_label":"Sur commande","short_details":"Panos \u2014 \u00c9ditions L'Harmattan","translator":null,"weight":360,"page_count":null,"readership":null,"editor":"\u00c9ditions L'Harmattan","price":2250,"published_date":"2000-05-02T22:00:00.000000Z","support":"Grand format","publisher_availability":1,"stock":0,"editions":[],"url":"https:\/\/quaidesbrumes.com\/ouvrage\/9782738424877\/liberte-pour-les-radios-africaines"},{"id":"9782738474605","title":"Voix & m\u00e9dia","description":"Ce num\u00e9ro \u00ab Voix et M\u00e9dia \u00bb pr\u00e9sente : Les nouveaux masques de la voix (Michel Chion) - Du silence au cin\u00e9ma (Jos\u00e9 Moure) - T\u00e9l\u00e9g\u00e9nie de la parole (Gilles Delavaud) - Voix d'acteurs (Jean-Louis Jacopin) - La voix du mus\u00e9e ? Le probl\u00e8me des voix dans la m\u00e9diation de l'oeuvre d'art in situ (Fran\u00e7oise Casanova) - Le silence de la photographie, la br\u00fblure de l'image (Alain Mons).\r","authors":["Marie Thonon"],"category_codes":["6000000","6070000","6070300"],"visuals":{"large":"https:\/\/images.epagine.fr\/605\/9782738474605_1_75.jpg","medium":"https:\/\/images.epagine.fr\/605\/9782738474605_1_m.jpg","thumbnail":"https:\/\/images.epagine.fr\/605\/9782738474605_1_v.jpg"},"orderable":true,"show_badge":true,"formatted_price":"19,00&nbsp;\u20ac","formatted_published_date":"3 mai 2000","publisher_availability_label":"Sur commande","short_details":"Marie Thonon \u2014 \u00c9ditions L'Harmattan","translator":null,"weight":322,"page_count":176,"readership":null,"editor":"\u00c9ditions L'Harmattan","price":1900,"published_date":"2000-05-02T22:00:00.000000Z","support":"Grand format","publisher_availability":1,"stock":0,"editions":[],"url":"https:\/\/quaidesbrumes.com\/ouvrage\/9782738474605\/voix-media"},{"id":"9782738448439","title":"Festival audiovisuel international, mus\u00e9es & patrimoine ; catalogue 96","description":null,"authors":["Collectif"],"category_codes":["6000000","6070000","6070100"],"visuals":{"large":"https:\/\/images.epagine.fr\/439\/9782738448439_1_75.jpg","medium":"https:\/\/images.epagine.fr\/439\/9782738448439_1_m.jpg","thumbnail":"https:\/\/images.epagine.fr\/439\/9782738448439_1_v.jpg"},"orderable":true,"show_badge":true,"formatted_price":"26,00&nbsp;\u20ac","formatted_published_date":"3 mai 2000","publisher_availability_label":"Sur commande","short_details":"Collectif \u2014 \u00c9ditions L'Harmattan","translator":null,"weight":466,"page_count":256,"readership":null,"editor":"\u00c9ditions L'Harmattan","price":2600,"published_date":"2000-05-02T22:00:00.000000Z","support":"Grand format","publisher_availability":1,"stock":0,"editions":[],"url":"https:\/\/quaidesbrumes.com\/ouvrage\/9782738448439\/festival-audiovisuel-international-musees-patrimoine-catalogue-96"},{"id":"9782747579711","title":"Nollywood ; le ph\u00e9nom\u00e8ne vid\u00e9o au Nigeria","description":"Avec 1200 films produits chaque ann\u00e9e en vid\u00e9o, le Nigeria est devenu l'un des producteurs de fiction les plus prolifiques au monde. Ce livre montre comment le plus grand pays d'Afrique se raconte et se met en sc\u00e8ne en copiant sans \u00e9tat d'\u00e2me et avec une \u00e9nergie impressionnante les recettes du cin\u00e9ma populaire. De cette production vid\u00e9o effervescente, apparue spontan\u00e9ment et sans aucun soutien ext\u00e9rieur, pourrait surgir un renouveau du cin\u00e9ma africain ancr\u00e9, cette fois, dans ce qui lui a le plus manqu\u00e9 tout au long de son histoire: le public.\r","authors":["Collectif","Pierre Barrot"],"category_codes":["6000000","6070000","6070300","6070304"],"visuals":{"large":"https:\/\/images.epagine.fr\/711\/9782747579711_1_75.jpg","medium":"https:\/\/images.epagine.fr\/711\/9782747579711_1_m.jpg","thumbnail":"https:\/\/images.epagine.fr\/711\/9782747579711_1_v.jpg"},"orderable":true,"show_badge":true,"formatted_price":"19,50&nbsp;\u20ac","formatted_published_date":"2 mars 2005","publisher_availability_label":"Sur commande","short_details":"Collectif, Pierre Barrot \u2014 \u00c9ditions L'Harmattan","translator":null,"weight":200,"page_count":176,"readership":null,"editor":"\u00c9ditions L'Harmattan","price":1950,"published_date":"2005-03-01T23:00:00.000000Z","support":"Grand format","publisher_availability":1,"stock":0,"editions":[],"url":"https:\/\/quaidesbrumes.com\/ouvrage\/9782747579711\/nollywood-le-phenomene-video-au-nigeria"},{"id":"9782863641330","title":"Bikers variations","description":"Mi-anges, mi-d\u00e9mons, soud\u00e9s \u00e0 leur Harley, les bikers narguent la mort et la soci\u00e9t\u00e9. Rebelles romantiques, barbares h\u00e9riss\u00e9s d'ornements, anticonformistes d\u00e9vots et panurgistes, on ne conna\u00eet d'eux que ce qu'ils veulent bien exhiber. Bernard de Tournadre les a photographi\u00e9s opini\u00e2trement pendant cinq ans, r\u00e9unissant une cinquantaine de portraits intimes, se m\u00ealant \u00e0 la foule des grands rassemblements en Europe et aux \u00c9tats-Unis (Sturgis,\r\nDaytona, Laconia, centenaire Harley-Davidson, Cunlhat) pour y inventer sur le vif une photographie crue, humoristique et \u00e9rotique.\r\nCon\u00e7u comme un travelling autour de variations th\u00e9matiques, ce livre d\u00e9file \u00e0 l'instar du ruban de b\u00e9ton de la route 66. Un raid en cin\u00e9mascope \u00e0 travers l'Ouest am\u00e9ricain, un voyage jalonn\u00e9 de paroles de bikers et d'extraits litt\u00e9raires (Ralph \"Sonny\" Barger, The Holy Ranger, Michael Chimino, Robert M. Pirsig, Jack Kerouac, Charles Bukowski, Bob Dylan, Henry David Thoreau, Che Guevarra\").\r","authors":["Tournadre (De) B."],"category_codes":["6000000","6070000","6070200"],"visuals":{"large":"https:\/\/images.epagine.fr\/330\/9782863641330_1_75.jpg","medium":"https:\/\/images.epagine.fr\/330\/9782863641330_1_m.jpg","thumbnail":"https:\/\/images.epagine.fr\/330\/9782863641330_1_v.jpg"},"orderable":true,"show_badge":true,"formatted_price":"10,00&nbsp;\u20ac","formatted_published_date":"1er octobre 2005","publisher_availability_label":"Sur commande","short_details":"Tournadre (De) B. \u2014 \u00c9ditions Parenth\u00e8ses","translator":null,"weight":852,"page_count":256,"readership":null,"editor":"\u00c9ditions Parenth\u00e8ses","price":1000,"published_date":"2005-09-30T22:00:00.000000Z","support":"Grand format","publisher_availability":1,"stock":0,"editions":[],"url":"https:\/\/quaidesbrumes.com\/ouvrage\/9782863641330\/bikers-variations"},{"id":"9782951231047","title":"Au-dela du visible","description":null,"authors":["Bogdan Konopka"],"category_codes":["6000000","6070000","6070200"],"visuals":{"large":"https:\/\/quaidesbrumes.com\/img\/book-placeholder.png","medium":"https:\/\/quaidesbrumes.com\/img\/book-placeholder.png","thumbnail":"https:\/\/quaidesbrumes.com\/img\/book-placeholder.png"},"orderable":true,"show_badge":true,"formatted_price":"16,00&nbsp;\u20ac","formatted_published_date":"15 juin 2005","publisher_availability_label":"Sur commande","short_details":"Bogdan Konopka \u2014 Aureoline","translator":null,"weight":0,"page_count":64,"readership":null,"editor":"Aureoline","price":1600,"published_date":"2005-06-14T22:00:00.000000Z","support":"Grand format","publisher_availability":1,"stock":0,"editions":[],"url":"https:\/\/quaidesbrumes.com\/ouvrage\/9782951231047\/au-dela-du-visible"},{"id":"9782080114624","title":"Garbo","description":"\r\nInsaisissable. Greta Garbo refusait syst\u00e9matiquement de se laisser photographier. Aussi les portraits sign\u00e9s par les plus grands photographes de Hollywood que la \u00ab\u00a0Divine\u00a0\u00bb avait pris soin de conserver de son vivant constituent-ils une raret\u00e9, un tr\u00e9sor que ses h\u00e9ritiers ont accept\u00e9 de publier ici pour la premi\u00e8re fois.\r\nCompl\u00e9t\u00e9e par un essai de Robert Dance restituant en d\u00e9tail l'\u00e9volution de l'image, de la carri\u00e8re et de la vie priv\u00e9e de la star, enrichie par des photos de famille, des lettres, des documents in\u00e9dits et par le t\u00e9moignage intime de Scott Reisfield, petit-neveu de Garbo, cette collection nous offre une nouvelle vision, plus compl\u00e8te mais aussi plus authentique et plus humaine, de cette l\u00e9gende faite femme qu'aucune autre ic\u00f4ne n'a encore d\u00e9tr\u00f4n\u00e9e \u00e0 ce jour.\r\n\r\n\r","authors":["R Dance","S Reisfield"],"category_codes":["6000000","6070000","6070300"],"visuals":{"large":"https:\/\/images.epagine.fr\/624\/9782080114624_1_75.jpg","medium":"https:\/\/images.epagine.fr\/624\/9782080114624_1_m.jpg","thumbnail":"https:\/\/images.epagine.fr\/624\/9782080114624_1_v.jpg"},"orderable":true,"show_badge":true,"formatted_price":"45,00&nbsp;\u20ac","formatted_published_date":"15 septembre 2005","publisher_availability_label":"Sur commande","short_details":"R Dance, S Reisfield \u2014 Flammarion","translator":null,"weight":1800,"page_count":255,"readership":null,"editor":"Flammarion","price":4500,"published_date":"2005-09-14T22:00:00.000000Z","support":"Grand format","publisher_availability":1,"stock":0,"editions":[],"url":"https:\/\/quaidesbrumes.com\/ouvrage\/9782080114624\/garbo"},{"id":"9783865211354","title":"Roni horn index cixous cix pax","description":"Quand la c\u00e9l\u00e8bre auteure pose pour un langage sans mot, juste un visage. Un visage o\u00f9 l'on peut lire beaucoup d'histoires. \r\nUn livre attachant, original... Qui pourrait avoir une bonne place en litt\u00e9rature, m\u00eame si il n'y a aucun mot... Pour les fans de Roni Horn et d'H\u00e9l\u00e8ne Cixous. Pour les f\u00e9ministes et les gays.\r\n\r","authors":["Roni Horn"],"category_codes":["6000000","6070000","6070200"],"visuals":{"large":"https:\/\/images.epagine.fr\/354\/9783865211354_1_75.jpg","medium":"https:\/\/images.epagine.fr\/354\/9783865211354_1_m.jpg","thumbnail":"https:\/\/images.epagine.fr\/354\/9783865211354_1_v.jpg"},"orderable":true,"show_badge":true,"formatted_price":"24,00&nbsp;\u20ac","formatted_published_date":"26 septembre 2005","publisher_availability_label":"Sur commande","short_details":"Roni Horn \u2014 Steidl","translator":null,"weight":220,"page_count":120,"readership":null,"editor":"Steidl","price":2400,"published_date":"2005-09-25T22:00:00.000000Z","support":"Grand format","publisher_availability":1,"stock":0,"editions":[],"url":"https:\/\/quaidesbrumes.com\/ouvrage\/9783865211354\/roni-horn-index-cixous-cix-pax"},{"id":"9782742758104","title":"Infra-mince, n 1 - cahiers de l'ecole nationale superieure de la photographie d'arles","description":"\r\n            ce premier num\u00e9ro d'infra-mince est publi\u00e9 \u00e0 l'occasion du vingti\u00e8me anniversaire de la premi\u00e8re promotion sortie en 1985 d'une institution unique en son genre, l'ecole nationale -aujourd'hui sup\u00e9rieure -de la photographie, \u00e9tablie \u00e0 arles depuis sa cr\u00e9ation.\r\n il est enti\u00e8rement consacr\u00e9 \u00e0 l'ecole elle-m\u00eame et, principalement \u00e0 ses anciens \u00e9tudiants.  par l'interm\u00e9diaire de textes, t\u00e9moignages ou r\u00e9flexions th\u00e9oriques, et des nombreuses photographies qu'il contient, chaque lecteur pourra constater que cette \u00e9cole donne \u00e0 ceux qui y acc\u00e8dent une formation leur permettant non seulement de devenir des photographes accomplis mais d'envisager un grand nombre de m\u00e9tiers comme dans ceux de la cr\u00e9ation contemporaine.\r\n les num\u00e9ros \u00e0 venir, sans perdre de vue l'ecole, seront moins centr\u00e9s sur elle et aborderont diverses questions touchant \u00e0 la photographie dans tous ses \u00e9tats. \r\n        \r","authors":["Collectif"],"category_codes":["6000000","6070000","6070200"],"visuals":{"large":"https:\/\/images.epagine.fr\/104\/9782742758104_1_75.jpg","medium":"https:\/\/images.epagine.fr\/104\/9782742758104_1_m.jpg","thumbnail":"https:\/\/images.epagine.fr\/104\/9782742758104_1_v.jpg"},"orderable":true,"show_badge":true,"formatted_price":"18,30&nbsp;\u20ac","formatted_published_date":"6 octobre 2005","publisher_availability_label":"Sur commande","short_details":"Collectif \u2014 Actes Sud","translator":null,"weight":895,"page_count":192,"readership":null,"editor":"Actes Sud","price":1830,"published_date":"2005-10-05T22:00:00.000000Z","support":"Grand format","publisher_availability":1,"stock":0,"editions":[],"url":"https:\/\/quaidesbrumes.com\/ouvrage\/9782742758104\/infra-mince-n-1-cahiers-de-lecole-nationale-superieure-de-la-photographie-darles"},{"id":"9782226159908","title":"Les chevaux de ma vie","description":"\u00ab J'invite le lecteur \u00e0 faire connaissance avec les chevaux de ma vie et \u00e0 partager les joies qu'ils m'ont procur\u00e9es. \u00bb\r\nMonty Roberts\r\n Depuis L'Homme qui sait parler aux chevaux, Monty Roberts est devenu une v\u00e9ritable l\u00e9gende, reconnu mondialement pour ses talents de dresseur. Apr\u00e8s Shy Boy, le cheval qui venait du d\u00e9sert, extraordinaire histoire d'amiti\u00e9 avec un mustang sauvage, il rend ici hommage \u00e0 ses chevaux pr\u00e9f\u00e9r\u00e9s, ceux qu'il a dress\u00e9s ou gu\u00e9ris, et dont l'empreinte demeure \u00e0 jamais grav\u00e9e dans sa m\u00e9moire et dans son coeur.\r\nUn t\u00e9moignage unique sur l'\u00e9change et la compr\u00e9hension qui peuvent exister entre l'homme et sa plus noble conqu\u00eate.\r","authors":["Monty Roberts"],"category_codes":["6000000","6070000","6070200"],"visuals":{"large":"https:\/\/images.epagine.fr\/908\/9782226159908_1_75.jpg","medium":"https:\/\/images.epagine.fr\/908\/9782226159908_1_m.jpg","thumbnail":"https:\/\/images.epagine.fr\/908\/9782226159908_1_v.jpg"},"orderable":true,"show_badge":true,"formatted_price":"22,20&nbsp;\u20ac","formatted_published_date":"21 septembre 2005","publisher_availability_label":"Sur commande","short_details":"Monty Roberts \u2014 Albin Michel","translator":null,"weight":812,"page_count":280,"readership":null,"editor":"Albin Michel","price":2220,"published_date":"2005-09-20T22:00:00.000000Z","support":"Grand format","publisher_availability":1,"stock":0,"editions":[],"url":"https:\/\/quaidesbrumes.com\/ouvrage\/9782226159908\/les-chevaux-de-ma-vie"}]}