{"data":[{"id":"9782846981156","title":"Cafe de la marine","description":"Promenade po\u00e9tique par le regard intime du photographe m\u00eal\u00e9 \u00e0 celui d'un anc\u00eatre photographe du d\u00e9but du si\u00e8cle et des textes inspir\u00e9s par ceux-ci \u00e0 un journaliste-romancier de talent. La Corse se d\u00e9cline amoureusement en noir et blanc. \r\nLa Corse vue par un artiste photographe install\u00e9 dans l'\u00cele de Beaut\u00e9 o\u00f9 paysages et lieux se r\u00e9pondent pour recr\u00e9er les douceurs et l'harmonie qui surgissent immanquablement pour celui qui prend le temps du regard et de la m\u00e9ditation.\r\n\r\n\r","authors":["& Camilly Fortini"],"category_codes":["6000000","6070000","6070200"],"visuals":{"large":"https:\/\/images.epagine.fr\/156\/9782846981156_1_75.jpg","medium":"https:\/\/images.epagine.fr\/156\/9782846981156_1_m.jpg","thumbnail":"https:\/\/images.epagine.fr\/156\/9782846981156_1_v.jpg"},"orderable":true,"show_badge":true,"formatted_price":"15,00&nbsp;\u20ac","formatted_published_date":"16 mars 2005","publisher_availability_label":"Sur commande","short_details":"& Camilly Fortini \u2014 Albiana","translator":null,"weight":307,"page_count":48,"readership":null,"editor":"Albiana","price":1500,"published_date":"2005-03-15T23:00:00.000000Z","support":"Grand format","publisher_availability":1,"stock":0,"editions":[],"url":"https:\/\/quaidesbrumes.com\/ouvrage\/9782846981156\/cafe-de-la-marine"},{"id":"9782738465450","title":"La t\u00e9l\u00e9vision au miroir Tome 2","description":"Dans ce deuxi\u00e8me tome de la revue consacr\u00e9e \u00e0 la t\u00e9l\u00e9vision, les diff\u00e9rents articles font l'analyse des autres strat\u00e9gies r\u00e9flexives \u00e0 savoir le narcissisme, la d\u00e9rision et la nostalgie. Dans un deuxi\u00e8me temps ils analysent la r\u00e9flexivit\u00e9 t\u00e9l\u00e9visuelle en tant que ph\u00e9nom\u00e8ne international \u00e0 travers les exemples italiens, br\u00e9siliens et am\u00e9ricains. Enfin ils font le constat d'une r\u00e9flexivit\u00e9 g\u00e9n\u00e9ralis\u00e9e.\r","authors":["Collectif"],"category_codes":["6000000","6070000","6070300"],"visuals":{"large":"https:\/\/images.epagine.fr\/450\/9782738465450_1_75.jpg","medium":"https:\/\/images.epagine.fr\/450\/9782738465450_1_m.jpg","thumbnail":"https:\/\/images.epagine.fr\/450\/9782738465450_1_v.jpg"},"orderable":true,"show_badge":true,"formatted_price":"19,00&nbsp;\u20ac","formatted_published_date":"3 mai 2000","publisher_availability_label":"Sur commande","short_details":"Collectif \u2014 \u00c9ditions L'Harmattan","translator":null,"weight":354,"page_count":null,"readership":null,"editor":"\u00c9ditions L'Harmattan","price":1900,"published_date":"2000-05-02T22:00:00.000000Z","support":"Grand format","publisher_availability":1,"stock":0,"editions":[],"url":"https:\/\/quaidesbrumes.com\/ouvrage\/9782738465450\/la-television-au-miroir-tome-2"},{"id":"9782212673180","title":"Tout photographier en num\u00e9rique (3e \u00e9dition)","description":"Cet ouvrage, mis \u00e0 jour \u00e0 l'occasion de sa troisi\u00e8me \u00e9dition, pr\u00e9sente \u00e0 travers une trentaine de rubriques extr\u00eamement vari\u00e9es et illustr\u00e9es un panorama tr\u00e8s complet des possibilit\u00e9s qui s'offrent aux photographes munis d'un appareil num\u00e9rique.\r\nPlus de 800 photos comment\u00e9es, prises avec la plupart des mod\u00e8les entr\u00e9e de gamme et \" amateur-expert \" des grandes marques (Nikon, Canon, Olympus...), permettent ainsi de comprendre par l'exemple quels sont les param\u00e8tres qui concourent \u00e0 la r\u00e9ussite d'un clich\u00e9. Des chapitres et fiches techniques d\u00e9di\u00e9s au choix et aux r\u00e9glages d'un appareil num\u00e9rique, compact ou reflex, aideront par ailleurs tous les amateurs, m\u00eame les plus d\u00e9butants, \u00e0 r\u00e9ussir leurs prises de vue en toutes circonstances.\r","authors":["Jean-marie Sepulchre"],"category_codes":["6000000","6070000","6070200"],"visuals":{"large":"https:\/\/images.epagine.fr\/180\/9782212673180_1_75.jpg","medium":"https:\/\/images.epagine.fr\/180\/9782212673180_1_m.jpg","thumbnail":"https:\/\/images.epagine.fr\/180\/9782212673180_1_v.jpg"},"orderable":true,"show_badge":true,"formatted_price":"29,40&nbsp;\u20ac","formatted_published_date":"20 ao\u00fbt 2009","publisher_availability_label":"Sur commande","short_details":"Jean-marie Sepulchre \u2014 Vm","translator":null,"weight":897,"page_count":286,"readership":"Tout public","editor":"Vm","price":2940,"published_date":"2009-08-19T22:00:00.000000Z","support":"Grand format","publisher_availability":1,"stock":0,"editions":[],"url":"https:\/\/quaidesbrumes.com\/ouvrage\/9782212673180\/tout-photographier-en-numerique-3e-edition"},{"id":"9782738419880","title":"Intelligence artificielle et organisation ; aporie du fordisme et paradigme communicationnel","description":null,"authors":["Edouard Legrain"],"category_codes":["6000000","6070000","6070300"],"visuals":{"large":"https:\/\/images.epagine.fr\/880\/9782738419880_1_75.jpg","medium":"https:\/\/images.epagine.fr\/880\/9782738419880_1_m.jpg","thumbnail":"https:\/\/images.epagine.fr\/880\/9782738419880_1_v.jpg"},"orderable":true,"show_badge":true,"formatted_price":"48,50&nbsp;\u20ac","formatted_published_date":"3 mai 2000","publisher_availability_label":"Sur commande","short_details":"Edouard Legrain \u2014 \u00c9ditions L'Harmattan","translator":null,"weight":756,"page_count":null,"readership":null,"editor":"\u00c9ditions L'Harmattan","price":4850,"published_date":"2000-05-02T22:00:00.000000Z","support":"Grand format","publisher_availability":1,"stock":0,"editions":[],"url":"https:\/\/quaidesbrumes.com\/ouvrage\/9782738419880\/intelligence-artificielle-et-organisation-aporie-du-fordisme-et-paradigme-communicationnel"},{"id":"9782742754199","title":"Paris a shanghai, trois generations de photographes francais","description":null,"authors":["Monterosso\/Schmit"],"category_codes":["6000000","6070000","6070200"],"visuals":{"large":"https:\/\/images.epagine.fr\/199\/9782742754199_1_75.jpg","medium":"https:\/\/images.epagine.fr\/199\/9782742754199_1_m.jpg","thumbnail":"https:\/\/images.epagine.fr\/199\/9782742754199_1_v.jpg"},"orderable":true,"show_badge":true,"formatted_price":"45,70&nbsp;\u20ac","formatted_published_date":"2 mars 2005","publisher_availability_label":"Sur commande","short_details":"Monterosso\/Schmit \u2014 Actes Sud","translator":null,"weight":710,"page_count":140,"readership":null,"editor":"Actes Sud","price":4570,"published_date":"2005-03-01T23:00:00.000000Z","support":"Grand format","publisher_availability":1,"stock":0,"editions":[],"url":"https:\/\/quaidesbrumes.com\/ouvrage\/9782742754199\/paris-a-shanghai-trois-generations-de-photographes-francais"},{"id":"9782738447746","title":"La photographie, un miroir des sciences sociales","description":null,"authors":["Sylvain Maresca"],"category_codes":["6000000","6040000","6040900"],"visuals":{"large":"https:\/\/images.epagine.fr\/746\/9782738447746_1_75.jpg","medium":"https:\/\/images.epagine.fr\/746\/9782738447746_1_m.jpg","thumbnail":"https:\/\/images.epagine.fr\/746\/9782738447746_1_v.jpg"},"orderable":true,"show_badge":true,"formatted_price":"28,50&nbsp;\u20ac","formatted_published_date":"7 mars 1997","publisher_availability_label":"Sur commande","short_details":"Sylvain Maresca \u2014 \u00c9ditions L'Harmattan","translator":null,"weight":354,"page_count":268,"readership":null,"editor":"\u00c9ditions L'Harmattan","price":2850,"published_date":"1997-03-06T23:00:00.000000Z","support":"Grand format","publisher_availability":1,"stock":0,"editions":[],"url":"https:\/\/quaidesbrumes.com\/ouvrage\/9782738447746\/la-photographie-un-miroir-des-sciences-sociales"},{"id":"9782738448743","title":"Un manifeste pour le cin\u00e9ma ; les normes culturelles en question dans la premi\u00e8re Revue du cin\u00e9ma","description":"De 1928 \u00e0 1931, \u00e0 la charni\u00e8re du muet et du parlant et \u00e0 l'\u00e9poque du surr\u00e9alisme, l'\u00e9quipe de la Revue du cin\u00e9ma forge un \"manifeste\" critique pour un cin\u00e9ma irr\u00e9ductible \u00e0 l'uniformit\u00e9. Elle y revendique une triple libert\u00e9 : celle de la r\u00e9ception du film hors de tout esprit de syst\u00e8me, celle de la cr\u00e9ation d'un cin\u00e9ma d'auteurs face \u00e0 la pression de l'industrialisation, celle du d\u00e9voilement de l'insolite et du hors norme. Le lyrisme et la r\u00e9volte de ses \u00e9crits sur l'intellectualisme, la critique, la cr\u00e9ation, la technique, le commerce et les stars sont ainsi d'une surprenante actualit\u00e9.\r","authors":["Bernadette Plot"],"category_codes":["6000000","6070000","6070300"],"visuals":{"large":"https:\/\/images.epagine.fr\/743\/9782738448743_1_75.jpg","medium":"https:\/\/images.epagine.fr\/743\/9782738448743_1_m.jpg","thumbnail":"https:\/\/images.epagine.fr\/743\/9782738448743_1_v.jpg"},"orderable":true,"show_badge":true,"formatted_price":"27,50&nbsp;\u20ac","formatted_published_date":"24 f\u00e9vrier 1997","publisher_availability_label":"Sur commande","short_details":"Bernadette Plot \u2014 \u00c9ditions L'Harmattan","translator":null,"weight":378,"page_count":null,"readership":null,"editor":"\u00c9ditions L'Harmattan","price":2750,"published_date":"1997-02-23T23:00:00.000000Z","support":"Grand format","publisher_availability":1,"stock":0,"editions":[],"url":"https:\/\/quaidesbrumes.com\/ouvrage\/9782738448743\/un-manifeste-pour-le-cinema-les-normes-culturelles-en-question-dans-la-premiere-revue-du-cinema"},{"id":"9782343087771","title":"Selfie : Un nouveau regard photographique","description":"Il est devenu commun de consid\u00e9rer le selfie comme un autoportrait photographique. . Et pourtant, le passage du self-portrait au selfie r\u00e9v\u00e8le un nouveau regard photographique. L'image de soi devient alors dialogique et permet au Petit Poucet 2.0 que nous sommes de garder la trace de lui-m\u00eame dans un pr\u00e9sent menac\u00e9. Face \u00e0 un futur apocalyptique, le selfiste se v\u00e9rifie. Cet essai se propose d'analyser l'obsession de rester avec soi \u00e0 travers les trois grands moments photographiques que furent l'apparition de Kodak, du Polaro\u00efd et du smartphone.","authors":["Bertrand Naivin"],"category_codes":["6000000","6070000","6070200"],"visuals":{"large":"https:\/\/images.epagine.fr\/771\/9782343087771_1_75.jpg","medium":"https:\/\/images.epagine.fr\/771\/9782343087771_1_m.jpg","thumbnail":"https:\/\/images.epagine.fr\/771\/9782343087771_1_v.jpg"},"orderable":true,"show_badge":true,"formatted_price":"19,50&nbsp;\u20ac","formatted_published_date":"14 avril 2016","publisher_availability_label":"Sur commande","short_details":"Bertrand Naivin \u2014 \u00c9ditions L'Harmattan","translator":null,"weight":215,"page_count":172,"readership":null,"editor":"\u00c9ditions L'Harmattan","price":1950,"published_date":"2016-04-13T22:00:00.000000Z","support":"Grand format","publisher_availability":1,"stock":0,"editions":[],"url":"https:\/\/quaidesbrumes.com\/ouvrage\/9782343087771\/selfie-un-nouveau-regard-photographique"},{"id":"9782915320442","title":"Batman begins","description":null,"authors":["Collectif"],"category_codes":["6000000","6070000","6070300"],"visuals":{"large":"https:\/\/images.epagine.fr\/442\/9782915320442_1_75.jpg","medium":"https:\/\/images.epagine.fr\/442\/9782915320442_1_m.jpg","thumbnail":"https:\/\/images.epagine.fr\/442\/9782915320442_1_v.jpg"},"orderable":true,"show_badge":true,"formatted_price":"14,50&nbsp;\u20ac","formatted_published_date":"22 juin 2005","publisher_availability_label":"Sur commande","short_details":"Collectif \u2014 City \u00c9ditions","translator":null,"weight":410,"page_count":300,"readership":null,"editor":"City \u00c9ditions","price":1450,"published_date":"2005-06-21T22:00:00.000000Z","support":"Grand format","publisher_availability":1,"stock":0,"editions":[],"url":"https:\/\/quaidesbrumes.com\/ouvrage\/9782915320442\/batman-begins"},{"id":"9782915412154","title":"La photographie entre le reel et sa representation","description":null,"authors":["Eric Manguelin"],"category_codes":["6000000","6070000","6070200"],"visuals":{"large":"https:\/\/quaidesbrumes.com\/img\/book-placeholder.png","medium":"https:\/\/quaidesbrumes.com\/img\/book-placeholder.png","thumbnail":"https:\/\/quaidesbrumes.com\/img\/book-placeholder.png"},"orderable":true,"show_badge":true,"formatted_price":"9,00&nbsp;\u20ac","formatted_published_date":"8 f\u00e9vrier 2005","publisher_availability_label":"Sur commande","short_details":"Eric Manguelin \u2014 Jean Pierre Huguet","translator":null,"weight":92,"page_count":null,"readership":null,"editor":"Jean Pierre Huguet","price":900,"published_date":"2005-02-07T23:00:00.000000Z","support":"Grand format","publisher_availability":1,"stock":0,"editions":[],"url":"https:\/\/quaidesbrumes.com\/ouvrage\/9782915412154\/la-photographie-entre-le-reel-et-sa-representation"},{"id":"9782730702331","title":"Deux ans dans les studios am\u00e9ricains","description":"R\u00e9\u00e9dition du livre paru en 1926 aux Editions Jean Pascal, Paris.\r\nIllustr\u00e9 de 150 dessins de Jo\u00eb Hamman.","authors":["Robert Florey","Jo\u00eb Hamman"],"category_codes":["6000000","6070000","6070300"],"visuals":{"large":"https:\/\/images.epagine.fr\/331\/9782730702331_1_75.jpg","medium":"https:\/\/images.epagine.fr\/331\/9782730702331_1_m.jpg","thumbnail":"https:\/\/images.epagine.fr\/331\/9782730702331_1_v.jpg"},"orderable":true,"show_badge":true,"formatted_price":"24,50&nbsp;\u20ac","formatted_published_date":"1er d\u00e9cembre 2004","publisher_availability_label":"Sur commande","short_details":"Robert Florey, Jo\u00eb Hamman \u2014 \u00c9ditions L'Harmattan","translator":null,"weight":414,"page_count":280,"readership":null,"editor":"\u00c9ditions L'Harmattan","price":2450,"published_date":"2004-11-30T23:00:00.000000Z","support":"Grand format","publisher_availability":1,"stock":0,"editions":[],"url":"https:\/\/quaidesbrumes.com\/ouvrage\/9782730702331\/deux-ans-dans-les-studios-americains"},{"id":"9782914945059","title":"Eiffel, la tour de fer","description":"La tour Eiffel est tellement connue qu'on ne la voit pas ; elle est devenu une ic\u00f4ne, mais cette ic\u00f4ne cache mille arabesques, mille d\u00e9cors de poutrelles, de grilles, d'escaliers. Un po\u00e8me de formes qui surgissent et se d\u00e9font suivant les lumi\u00e8res changeantes, un po\u00e8me de paysages m\u00e9talliques sans cesse renouvel\u00e9es, suspendus dans le ciel, baign\u00e9s de la douceur grise des toits de Paris.\r","authors":["Jacques Le Scanff"],"category_codes":["6000000","6070000","6070200"],"visuals":{"large":"https:\/\/quaidesbrumes.com\/img\/book-placeholder.png","medium":"https:\/\/quaidesbrumes.com\/img\/book-placeholder.png","thumbnail":"https:\/\/quaidesbrumes.com\/img\/book-placeholder.png"},"orderable":true,"show_badge":true,"formatted_price":"10,00&nbsp;\u20ac","formatted_published_date":"1er novembre 2005","publisher_availability_label":"Sur commande","short_details":"Jacques Le Scanff \u2014 Le Preau Des Collines","translator":null,"weight":150,"page_count":80,"readership":null,"editor":"Le Preau Des Collines","price":1000,"published_date":"2005-10-31T23:00:00.000000Z","support":"Grand format","publisher_availability":1,"stock":0,"editions":[],"url":"https:\/\/quaidesbrumes.com\/ouvrage\/9782914945059\/eiffel-la-tour-de-fer"},{"id":"9782846121699","title":"Le rire est mon refuge","description":"Sa vitalit\u00e9 fascinante, son courage \u00e0 toutes \u00e9preuves, sa g\u00e9n\u00e9rosit\u00e9 ind\u00e9niable, Marthe Mercadier les a mis tr\u00e8s t\u00f4t ? et en toute discr\u00e9tion ? au service de nobles causes, au m\u00e9pris des risques encourus. Son engagement actif dans la R\u00e9sistance ne s?arr\u00eate pas \u00e0 la fin de guerre, la com\u00e9dienne s?implique dans la chasse aux nazis r\u00e9fugi\u00e9s en Am\u00e9rique. Ses combats men\u00e9s en politique et dans l?humanitaire r\u00e9v\u00e8lent la face cach\u00e9e d?une citoyenne dont les ma\u00eetres mots sont justice et libert\u00e9. Son amiti\u00e9 infaillible pour Fran\u00e7ois Mitterrand et Roland Dumas a prouv\u00e9 que la fid\u00e9lit\u00e9 faisait partie de ses valeurs. Celle qui a toujours \u00ab voulu rester droite dans ses bottes \u00bb paiera parfois le prix fort pour son ind\u00e9pendance, son esprit jusqu?au-boutiste. Elle \u00e9chappera \u00e0 un attentat dirig\u00e9 contre elle, puis sera injustement inqui\u00e9t\u00e9e et malmen\u00e9e dans l?affaire du Carrefour du d\u00e9veloppement. Son nom, d?habitude associ\u00e9 au rire et \u00e0 la com\u00e9die, s?inscrira \u00e0 plusieurs reprises sur toutes sortes de listes noires? Quand elle confie \u00ab Ma vie de femme est beaucoup plus int\u00e9ressante que ma vie de com\u00e9dienne \u00bb ? on peut la croire sur parole ! Mais toutes les v\u00e9rit\u00e9s sont-elles bonnes \u00e0 dire ? \u00c0 l?id\u00e9e que Marthe Mercadier puisse mettre les pieds dans le plat et faire quelques r\u00e9v\u00e9lations, certains pourraient bien trembler !","authors":["Marthe Mercadier"],"category_codes":["6000000","6070000","6070300"],"visuals":{"large":"https:\/\/images.epagine.fr\/699\/9782846121699_1_75.jpg","medium":"https:\/\/images.epagine.fr\/699\/9782846121699_1_m.jpg","thumbnail":"https:\/\/images.epagine.fr\/699\/9782846121699_1_v.jpg"},"orderable":true,"show_badge":true,"formatted_price":"22,90&nbsp;\u20ac","formatted_published_date":"16 mars 2005","publisher_availability_label":"Sur commande","short_details":"Marthe Mercadier \u2014 EDITIONS 1","translator":null,"weight":340,"page_count":211,"readership":null,"editor":"EDITIONS 1","price":2290,"published_date":"2005-03-15T23:00:00.000000Z","support":"Grand format","publisher_availability":1,"stock":0,"editions":[],"url":"https:\/\/quaidesbrumes.com\/ouvrage\/9782846121699\/le-rire-est-mon-refuge"},{"id":"9782738428820","title":"Les techniques d'expression et de communication","description":"Le d\u00e9veloppement des fili\u00e8res professionnalisantes de l'enseignement sup\u00e9rieur et des actions de formation d'adultes a favoris\u00e9 l'extension des Techniques d'Expression et de Communication. Une multiplicit\u00e9 de pratiques s'y rattachent, reflet d'une \u00e9volution li\u00e9e \u00e0 celle de la demande sociale. Aujourd'hui se pose le probl\u00e8me du statut de ce nouveau champ dans le syst\u00e8me \u00e9ducatif et dans celui de la formation d'adultes.\r","authors":["Ren\u00e9e Simonet"],"category_codes":["6000000","6070000","6070300"],"visuals":{"large":"https:\/\/images.epagine.fr\/820\/9782738428820_1_75.jpg","medium":"https:\/\/images.epagine.fr\/820\/9782738428820_1_m.jpg","thumbnail":"https:\/\/images.epagine.fr\/820\/9782738428820_1_v.jpg"},"orderable":true,"show_badge":true,"formatted_price":"22,50&nbsp;\u20ac","formatted_published_date":"3 mai 2000","publisher_availability_label":"Sur commande","short_details":"Ren\u00e9e Simonet \u2014 \u00c9ditions L'Harmattan","translator":null,"weight":314,"page_count":236,"readership":null,"editor":"\u00c9ditions L'Harmattan","price":2250,"published_date":"2000-05-02T22:00:00.000000Z","support":"Grand format","publisher_availability":1,"stock":0,"editions":[],"url":"https:\/\/quaidesbrumes.com\/ouvrage\/9782738428820\/les-techniques-dexpression-et-de-communication"},{"id":"9782914945097","title":"Le louvre, lumiere des pierres","description":null,"authors":["Michel Ellenberger"],"category_codes":["6000000","6070000","6070200"],"visuals":{"large":"https:\/\/images.epagine.fr\/097\/9782914945097_1_75.jpg","medium":"https:\/\/images.epagine.fr\/097\/9782914945097_1_m.jpg","thumbnail":"https:\/\/images.epagine.fr\/097\/9782914945097_1_v.jpg"},"orderable":true,"show_badge":true,"formatted_price":"22,00&nbsp;\u20ac","formatted_published_date":"23 juin 2005","publisher_availability_label":"Sur commande","short_details":"Michel Ellenberger \u2014 Le Preau Des Collines","translator":null,"weight":330,"page_count":128,"readership":null,"editor":"Le Preau Des Collines","price":2200,"published_date":"2005-06-22T22:00:00.000000Z","support":"Grand format","publisher_availability":1,"stock":0,"editions":[],"url":"https:\/\/quaidesbrumes.com\/ouvrage\/9782914945097\/le-louvre-lumiere-des-pierres"},{"id":"9782738473752","title":"Steven spielberg ; un univers de jeux","description":"L'univers communicationnel de Steven Spielberg est fondamentalement ludique. Cet ouvrage, synth\u00e8se de plusieurs ann\u00e9es de recherche sur l'oeuvre du metteur en sc\u00e8ne-producteur, propose une analyse d\u00e9taill\u00e9e de ses images \u00e0 travers la th\u00e9matique du jeu. De \" Jurassic park \" en passant par \" Gremlins \", de multiples films aux titres familiers sont revisit\u00e9s \u00e0 la lumi\u00e8re de ce nouvel \u00e9clairage.\r","authors":["Cyrille Bossy"],"category_codes":["6000000","6070000","6070300"],"visuals":{"large":"https:\/\/images.epagine.fr\/752\/9782738473752_1_75.jpg","medium":"https:\/\/images.epagine.fr\/752\/9782738473752_1_m.jpg","thumbnail":"https:\/\/images.epagine.fr\/752\/9782738473752_1_v.jpg"},"orderable":true,"show_badge":true,"formatted_price":"29,50&nbsp;\u20ac","formatted_published_date":"12 mars 1999","publisher_availability_label":"Sur commande","short_details":"Cyrille Bossy \u2014 \u00c9ditions L'Harmattan","translator":null,"weight":378,"page_count":304,"readership":null,"editor":"\u00c9ditions L'Harmattan","price":2950,"published_date":"1999-03-11T23:00:00.000000Z","support":"Grand format","publisher_availability":1,"stock":0,"editions":[],"url":"https:\/\/quaidesbrumes.com\/ouvrage\/9782738473752\/steven-spielberg-un-univers-de-jeux"},{"id":"9782747579490","title":"M\u00e9dias et culture Tome 1","description":"Au sommaire de ce premier num\u00e9ro :\r\n- Nous, et la culture am\u00e9ricaine\r\n- Les Publics, des ensembles ou des communaut\u00e9s?\r\n- La Gangr\u00e8ne de l'art par la communication (et r\u00e9ciproquement)\r\n- Le st\u00e9r\u00e9otype : fondement de la communication ou pilier de la b\u00eatise ?\r\n- \"Parler\" : fait de langage ou fait de soci\u00e9t\u00e9 ?\r\n- Sommes-nous dans une \"crise de la repr\u00e9sentation\" ?\r","authors":["Collectif"],"category_codes":["6000000","6070000","6070300"],"visuals":{"large":"https:\/\/images.epagine.fr\/490\/9782747579490_1_75.jpg","medium":"https:\/\/images.epagine.fr\/490\/9782747579490_1_m.jpg","thumbnail":"https:\/\/images.epagine.fr\/490\/9782747579490_1_v.jpg"},"orderable":true,"show_badge":true,"formatted_price":"29,00&nbsp;\u20ac","formatted_published_date":"2 mai 2005","publisher_availability_label":"Sur commande","short_details":"Collectif \u2014 \u00c9ditions L'Harmattan","translator":null,"weight":295,"page_count":null,"readership":null,"editor":"\u00c9ditions L'Harmattan","price":2900,"published_date":"2005-05-01T22:00:00.000000Z","support":"Grand format","publisher_availability":1,"stock":0,"editions":[],"url":"https:\/\/quaidesbrumes.com\/ouvrage\/9782747579490\/medias-et-culture-tome-1"},{"id":"9782747564557","title":"Les temps recompos\u00e9s du film de science-fiction","description":"Depuis leur apparition au cin\u00e9ma, les mises en sc\u00e8ne de science-fiction centr\u00e9es sur la th\u00e9matique du temps ont cherch\u00e9 \u00e0 r\u00e9soudre les questions li\u00e9es au devenir des hommes qu'il soit collectif, familial, personnel. De telles r\u00e9flexions caract\u00e9risent la quarantaine de longs m\u00e9trages de science-fiction r\u00e9alis\u00e9s au cours de la deuxi\u00e8me moiti\u00e9 du XX\u00e8me si\u00e8cle, dont cet ouvrage expose l'analyse.\r","authors":["Sandy Torres"],"category_codes":["6000000","6070000","6070200"],"visuals":{"large":"https:\/\/images.epagine.fr\/557\/9782747564557_1_75.jpg","medium":"https:\/\/images.epagine.fr\/557\/9782747564557_1_m.jpg","thumbnail":"https:\/\/images.epagine.fr\/557\/9782747564557_1_v.jpg"},"orderable":true,"show_badge":true,"formatted_price":"32,50&nbsp;\u20ac","formatted_published_date":"2 f\u00e9vrier 2005","publisher_availability_label":"Sur commande","short_details":"Sandy Torres \u2014 \u00c9ditions L'Harmattan","translator":null,"weight":445,"page_count":386,"readership":null,"editor":"\u00c9ditions L'Harmattan","price":3250,"published_date":"2005-02-01T23:00:00.000000Z","support":"Grand format","publisher_availability":1,"stock":0,"editions":[],"url":"https:\/\/quaidesbrumes.com\/ouvrage\/9782747564557\/les-temps-recomposes-du-film-de-science-fiction"},{"id":"9782845971691","title":"Plaisir la douleur","description":"Peintre, photographe, cin\u00e9aste, figure de proue de la cr\u00e9ation contemporaine au Br\u00e9sil, Miguel Rio Branco est un artiste aux multiples talents. Plaisir, la douleur est le premier ouvrage de Rio Branco \u00e9dit\u00e9 en France. Livre d'auteur, livre d'artiste, il constitue la premi\u00e8re r\u00e9trospective de ce plasticien en marge des genres et des tendances. Une oeuvre qui d\u00e9borde de sensualit\u00e9 et d'exub\u00e9rance par sa palette de couleurs et sa lumi\u00e8re o\u00f9 le charme est sous-jacent. La construction tendue du livre est la r\u00e9sonance entre les diff\u00e9rents mondes de l'artiste. Montages collages, photos noir et blanc et couleur, toiles des ann\u00e9es 60 dialoguent avec des installations r\u00e9centes. La po\u00e9tique du livre porte l'inqui\u00e9tude dramatique au coeur de l'oeuvre de Miguel Rio Branco : \u00ab Malgr\u00e9 l'envie et le besoin de cr\u00e9er r\u00e9cemment des oeuvres moins sombres, mon regard sur le monde contemporain n'est en aucun cas optimiste. \u00bb\r\n\r\nN\u00e9 en 1946 aux Canaries, Miguel Rio Branco travaille et vit \u00e0 Rio de Janeiro. Membre de Magnum Photos depuis 1980, il commence par la peinture puis se d\u00e9die \u00e0 la photo, au cin\u00e9ma, \u00e0 la vid\u00e9o. Et conjugue ces diff\u00e9rentes techniques dans un langage parfaitement singulier, souvent fait de montages et d'installations. Les \u00c9tats-Unis, le Japon, l'Am\u00e9rique latine et l'Europe du Sud ont d\u00e9j\u00e0 largement expos\u00e9 son oeuvre qui est pr\u00e9sente dans de nombreuses collections publiques.\r","authors":["Miguel Rio branco"],"category_codes":["6000000","6070000","6070200"],"visuals":{"large":"https:\/\/images.epagine.fr\/691\/9782845971691_1_75.jpg","medium":"https:\/\/images.epagine.fr\/691\/9782845971691_1_m.jpg","thumbnail":"https:\/\/images.epagine.fr\/691\/9782845971691_1_v.jpg"},"orderable":true,"show_badge":true,"formatted_price":"25,40&nbsp;\u20ac","formatted_published_date":"7 octobre 2005","publisher_availability_label":"Sur commande","short_details":"Miguel Rio branco \u2014 Les \u00c9ditions Textuel","translator":null,"weight":1260,"page_count":116,"readership":null,"editor":"Les \u00c9ditions Textuel","price":2540,"published_date":"2005-10-06T22:00:00.000000Z","support":"Grand format","publisher_availability":1,"stock":0,"editions":[],"url":"https:\/\/quaidesbrumes.com\/ouvrage\/9782845971691\/plaisir-la-douleur"},{"id":"9788873015963","title":"Dario argento","description":null,"authors":["Collectif"],"category_codes":["6000000","6070000","6070300"],"visuals":{"large":"https:\/\/quaidesbrumes.com\/img\/book-placeholder.png","medium":"https:\/\/quaidesbrumes.com\/img\/book-placeholder.png","thumbnail":"https:\/\/quaidesbrumes.com\/img\/book-placeholder.png"},"orderable":true,"show_badge":true,"formatted_price":"19,80&nbsp;\u20ac","formatted_published_date":"1er juin 2005","publisher_availability_label":"Sur commande","short_details":"Collectif \u2014 Gremese","translator":null,"weight":0,"page_count":128,"readership":null,"editor":"Gremese","price":1980,"published_date":"2005-05-31T22:00:00.000000Z","support":"Grand format","publisher_availability":1,"stock":0,"editions":[],"url":"https:\/\/quaidesbrumes.com\/ouvrage\/9788873015963\/dario-argento"},{"id":"9782858022786","title":"Haute Volta et le cin\u00e9ma","description":null,"authors":["Victor Bachy"],"category_codes":["6000000","6070000","6070300","6070304"],"visuals":{"large":"https:\/\/quaidesbrumes.com\/img\/book-placeholder.png","medium":"https:\/\/quaidesbrumes.com\/img\/book-placeholder.png","thumbnail":"https:\/\/quaidesbrumes.com\/img\/book-placeholder.png"},"orderable":true,"show_badge":true,"formatted_price":"9,15&nbsp;\u20ac","formatted_published_date":"1er d\u00e9cembre 2004","publisher_availability_label":"Sur commande","short_details":"Victor Bachy \u2014 \u00c9ditions L'Harmattan","translator":null,"weight":150,"page_count":null,"readership":null,"editor":"\u00c9ditions L'Harmattan","price":915,"published_date":"2004-11-30T23:00:00.000000Z","support":"Grand format","publisher_availability":1,"stock":0,"editions":[],"url":"https:\/\/quaidesbrumes.com\/ouvrage\/9782858022786\/haute-volta-et-le-cinema"},{"id":"9782844811059","title":"Ecrire, tourner, monter","description":null,"authors":["Maurice Ferlet"],"category_codes":["6000000","6070000","6070300"],"visuals":{"large":"https:\/\/quaidesbrumes.com\/img\/book-placeholder.png","medium":"https:\/\/quaidesbrumes.com\/img\/book-placeholder.png","thumbnail":"https:\/\/quaidesbrumes.com\/img\/book-placeholder.png"},"orderable":true,"show_badge":true,"formatted_price":"18,00&nbsp;\u20ac","formatted_published_date":"1er janvier 2009","publisher_availability_label":"Sur commande","short_details":"Maurice Ferlet \u2014 DIXIT","translator":null,"weight":0,"page_count":null,"readership":null,"editor":"DIXIT","price":1800,"published_date":"2008-12-31T23:00:00.000000Z","support":"Grand format","publisher_availability":1,"stock":0,"editions":[],"url":"https:\/\/quaidesbrumes.com\/ouvrage\/9782844811059\/ecrire-tourner-monter"},{"id":"9782738454539","title":"La soci\u00e9t\u00e9 informationnelle ; enjeux sociaux et approches","description":"\u00c9conomistes, chercheurs en sciences de l'information, les auteurs qui ont contribu\u00e9 \u00e0 cet ouvrage sont parmi les plus r\u00e9put\u00e9s Outre-Atlantique et en Europe dans le domaine de l'\u00e9conomie de l'information. Avec les autoroutes de l'information, et Internet, le d\u00e9bat sur l'information, ses technologies et \u00e9volutions sociales, a connu un regain de vigueur. Comment d\u00e9finir et mesurer la valeur de l'information ? Sous quelles conditions l'information peut-elle \u00eatre \u00e9chang\u00e9e sur des march\u00e9s, et de quelles cat\u00e9gories \u00e9conomiques rel\u00e8ve-t-elle ? En quoi certains enjeux politiques ou sociaux, tels que la diminution du pouvoir des \u00c9tats ou l'\u00e9clatement de la famille nucl\u00e9aire, peuvent-ils \u00eatre confort\u00e9s par le d\u00e9veloppement des industries de l'information ? Le lecteur pourra ici mieux se situer dans la diversit\u00e9 des travaux existants, et dans leurs orientations actuelles.\r","authors":["Anne May\u00e8re"],"category_codes":["6000000","6070000","6070300"],"visuals":{"large":"https:\/\/images.epagine.fr\/539\/9782738454539_1_75.jpg","medium":"https:\/\/images.epagine.fr\/539\/9782738454539_1_m.jpg","thumbnail":"https:\/\/images.epagine.fr\/539\/9782738454539_1_v.jpg"},"orderable":true,"show_badge":true,"formatted_price":"22,50&nbsp;\u20ac","formatted_published_date":"3 mai 2000","publisher_availability_label":"Sur commande","short_details":"Anne May\u00e8re \u2014 \u00c9ditions L'Harmattan","translator":null,"weight":296,"page_count":null,"readership":null,"editor":"\u00c9ditions L'Harmattan","price":2250,"published_date":"2000-05-02T22:00:00.000000Z","support":"Grand format","publisher_availability":1,"stock":0,"editions":[],"url":"https:\/\/quaidesbrumes.com\/ouvrage\/9782738454539\/la-societe-informationnelle-enjeux-sociaux-et-approches"},{"id":"9782738421531","title":"Le pluralisme radiophonique en afrique de l'ouest Tome 2","description":"Actes du colloque de Bamako, 1993","authors":["Collectif"],"category_codes":["6000000","6070000","6070300"],"visuals":{"large":"https:\/\/images.epagine.fr\/531\/9782738421531_1_75.jpg","medium":"https:\/\/images.epagine.fr\/531\/9782738421531_1_m.jpg","thumbnail":"https:\/\/images.epagine.fr\/531\/9782738421531_1_v.jpg"},"orderable":true,"show_badge":true,"formatted_price":"15,50&nbsp;\u20ac","formatted_published_date":"3 mai 2000","publisher_availability_label":"Sur commande","short_details":"Collectif \u2014 \u00c9ditions L'Harmattan","translator":null,"weight":296,"page_count":149,"readership":null,"editor":"\u00c9ditions L'Harmattan","price":1550,"published_date":"2000-05-02T22:00:00.000000Z","support":"Grand format","publisher_availability":1,"stock":0,"editions":[],"url":"https:\/\/quaidesbrumes.com\/ouvrage\/9782738421531\/le-pluralisme-radiophonique-en-afrique-de-louest-tome-2"}]}