{"data":[{"id":"9782747526005","title":"LES \u00c9CRANS NOSTALGIQUES DU CIN\u00c9MA FRAN\u00c7AIS : Tome II : Vers le Front Populaire 1933-1936","description":"Ce deuxi\u00e8me tome a toujours pour but de mieux faire conna\u00eetre le cin\u00e9ma fran\u00e7ais, dans une optique populaire, vivante, \u00e9vocatrice. Ici est pr\u00e9sent\u00e9 la grande diversit\u00e9 des metteurs en sc\u00e8ne \u00e9trangers venus s'installer en France, quelques uns des plus illustres ou des plus repr\u00e9sentatifs, pour la plupart venus d'Allemagne. Jusqu'en 1939, le cin\u00e9ma fran\u00e7ais va b\u00e9n\u00e9ficier de ces courants internationaux qui vont renforcer la cr\u00e9ativit\u00e9, l'imagination et pour tout dire la force et l'originalit\u00e9 du cin\u00e9ma fran\u00e7ais durant ces ann\u00e9es trente.\r","authors":["Christian Gilles"],"category_codes":["6000000","6070000","6070200"],"visuals":{"large":"https:\/\/images.epagine.fr\/005\/9782747526005_1_75.jpg","medium":"https:\/\/images.epagine.fr\/005\/9782747526005_1_m.jpg","thumbnail":"https:\/\/images.epagine.fr\/005\/9782747526005_1_v.jpg"},"orderable":true,"show_badge":true,"formatted_price":"28,00&nbsp;\u20ac","formatted_published_date":"1er novembre 2003","publisher_availability_label":"Sur commande","short_details":"Christian Gilles \u2014 \u00c9ditions L'Harmattan","translator":null,"weight":384,"page_count":320,"readership":null,"editor":"\u00c9ditions L'Harmattan","price":2800,"published_date":"2003-10-31T23:00:00.000000Z","support":"Grand format","publisher_availability":1,"stock":0,"editions":[],"url":"https:\/\/quaidesbrumes.com\/ouvrage\/9782747526005\/les-ecrans-nostalgiques-du-cinema-francais-tome-ii-vers-le-front-populaire-1933-1936"},{"id":"9782747526012","title":"LES \u00c9CRANS NOSTALGIQUES DU CIN\u00c9MA FRAN\u00c7AIS : Tome III : L'Avant-Guerre 1937-1939","description":"Le dernier tome avec toujours ces tableaux si pr\u00e9cieux des films incontournables de ces ann\u00e9es-l\u00e0, pour nous aider \u00e0 nous rendre compte de la quantit\u00e9 et de la qualit\u00e9 de films produits et ainsi aiguiller nos recherches vers des films \u00e0 voir ou \u00e0 revoir. Avec cette trilogie, l'auteur nous incite \u00e0 le suivre dans un voyage de d\u00e9couverte de ces films qui font revivre les grandes \u00e9motions des Ann\u00e9es Trente.\r","authors":["Christian Gilles"],"category_codes":["6000000","6070000","6070200"],"visuals":{"large":"https:\/\/images.epagine.fr\/012\/9782747526012_1_75.jpg","medium":"https:\/\/images.epagine.fr\/012\/9782747526012_1_m.jpg","thumbnail":"https:\/\/images.epagine.fr\/012\/9782747526012_1_v.jpg"},"orderable":true,"show_badge":true,"formatted_price":"28,00&nbsp;\u20ac","formatted_published_date":"1er janvier 2002","publisher_availability_label":"Sur commande","short_details":"Christian Gilles \u2014 \u00c9ditions L'Harmattan","translator":null,"weight":374,"page_count":311,"readership":null,"editor":"\u00c9ditions L'Harmattan","price":2800,"published_date":"2001-12-31T23:00:00.000000Z","support":"Grand format","publisher_availability":1,"stock":0,"editions":[],"url":"https:\/\/quaidesbrumes.com\/ouvrage\/9782747526012\/les-ecrans-nostalgiques-du-cinema-francais-tome-iii-lavant-guerre-1937-1939"},{"id":"9782747524810","title":"FILMS D'ART FILMS SUR L'ART","description":"Le \" film sur l'art \" fait partie d'un cin\u00e9ma \u00e0 part. Documentaire, il met en exergue un artiste ou une production artistique \u00e0 travers le regard particulier d'un cin\u00e9aste. Le film devient alors une oeuvre proche de la fiction ou du \" film d'art et d'essai \" : il est alors \" film d'art \". Moins connu que les autres genres cin\u00e9matographiques, il est injustement r\u00e9put\u00e9 comme \u00e9tant r\u00e9barbatif ; de fait, il est \u00e0 la fois p\u00e9dagogique, ludique et cr\u00e9atif.","authors":["Fanny Etienne"],"category_codes":["6000000","6070000","6070200"],"visuals":{"large":"https:\/\/images.epagine.fr\/810\/9782747524810_1_75.jpg","medium":"https:\/\/images.epagine.fr\/810\/9782747524810_1_m.jpg","thumbnail":"https:\/\/images.epagine.fr\/810\/9782747524810_1_v.jpg"},"orderable":true,"show_badge":true,"formatted_price":"18,50&nbsp;\u20ac","formatted_published_date":"1er janvier 2002","publisher_availability_label":"Sur commande","short_details":"Fanny Etienne \u2014 \u00c9ditions L'Harmattan","translator":null,"weight":246,"page_count":176,"readership":null,"editor":"\u00c9ditions L'Harmattan","price":1850,"published_date":"2001-12-31T23:00:00.000000Z","support":"Grand format","publisher_availability":1,"stock":0,"editions":[],"url":"https:\/\/quaidesbrumes.com\/ouvrage\/9782747524810\/films-dart-films-sur-lart"},{"id":"9782747524919","title":"FRAN\u00c7OIS TRUFFAUT : La culture et la vie","description":"Truffaut, l'autodidacte amoureux des livres, n'a jamais fait myst\u00e8re de son int\u00e9r\u00eat pour la culture. Plusieurs de ses films comme \"Farenheit 451\" ou \"L'Enfant sauvage\" en t\u00e9moignent directement. Cet essai se propose de montrer qu'en v\u00e9rit\u00e9 c'est la filmographie int\u00e9grale du r\u00e9alisateur qui peut \u00eatre analys\u00e9e \u00e0 partir de ce fil conducteur. Se trouvent ainsi reli\u00e9es entre elles et \u00e9clair\u00e9es d'un nouveau jour des oeuvres en apparence aussi diff\u00e9rentes que \"Jules et Jim\", \"La Chambre verte\" ou \"Le Dernier m\u00e9tro\".","authors":["Arnaud Guigue"],"category_codes":["6000000","6070000","6070200"],"visuals":{"large":"https:\/\/images.epagine.fr\/919\/9782747524919_1_75.jpg","medium":"https:\/\/images.epagine.fr\/919\/9782747524919_1_m.jpg","thumbnail":"https:\/\/images.epagine.fr\/919\/9782747524919_1_v.jpg"},"orderable":true,"show_badge":true,"formatted_price":"25,00&nbsp;\u20ac","formatted_published_date":"1er janvier 2002","publisher_availability_label":"Sur commande","short_details":"Arnaud Guigue \u2014 \u00c9ditions L'Harmattan","translator":null,"weight":364,"page_count":270,"readership":null,"editor":"\u00c9ditions L'Harmattan","price":2500,"published_date":"2001-12-31T23:00:00.000000Z","support":"Grand format","publisher_availability":1,"stock":0,"editions":[],"url":"https:\/\/quaidesbrumes.com\/ouvrage\/9782747524919\/francois-truffaut-la-culture-et-la-vie"},{"id":"9782914295154","title":"L'eau de france","description":null,"authors":["Collectif"],"category_codes":["6000000","6070000","6070200"],"visuals":{"large":"https:\/\/quaidesbrumes.com\/img\/book-placeholder.png","medium":"https:\/\/quaidesbrumes.com\/img\/book-placeholder.png","thumbnail":"https:\/\/quaidesbrumes.com\/img\/book-placeholder.png"},"orderable":true,"show_badge":true,"formatted_price":"39,00&nbsp;\u20ac","formatted_published_date":"1er octobre 2004","publisher_availability_label":"Sur commande","short_details":"Collectif \u2014 Diffusion International Edition","translator":null,"weight":0,"page_count":null,"readership":null,"editor":"Diffusion International Edition","price":3900,"published_date":"2004-09-30T22:00:00.000000Z","support":"Grand format","publisher_availability":1,"stock":0,"editions":[],"url":"https:\/\/quaidesbrumes.com\/ouvrage\/9782914295154\/leau-de-france"},{"id":"9782847360028","title":"1836 ; l'an 1 de l'\u00e8re m\u00e9diatique ; analyse litt\u00e9raire et historique de la presse de Girardin","description":"1836 : \u00c9mile de Girardin, aventurier des m\u00e9dias, lance le quotidien La Presse et bouscule le paysage des journaux traditionnels. Il r\u00e9invente \u00e0 la fois l'\u00e9conomie de la presse (le journal sera deux fois moins cher que ses concurrents, gr\u00e2ce \u00e0 l'introduction massive de publicit\u00e9) et surtout il d\u00e9finit les nouvelles lois de l'\u00e9criture journalistique, avec des innovations comme le roman-feuilleton (Balzac, Dumas...).Pour la premi\u00e8re fois, cette \u00e9tude exhaustive de La Presse sur sa premi\u00e8re ann\u00e9e permet d'analyser les conditions de son lancement, les t\u00e2tonnements de la formule \u00e9ditoriale et l'\u00e9mergence d'une po\u00e9tique journalistique. Nouvelles du monde, politique, \u00e9conomie, \u00ab potins \u00bb du Faubourg Saint-Honor\u00e9, publicit\u00e9... : tous les secteurs du journal sont pass\u00e9s au crible.Au fil de l'analyse \u00e9merge un nouveau type d'auteur : l'\u00e9crivain-journaliste. Car le journal, d'apparence informe et polymorphe, s'av\u00e8re un extraordinaire espace d'invention et de libert\u00e9 scripturale, un objet litt\u00e9raire \u00e0 part enti\u00e8re.\u00c0 l'issue de cette \u00e9tude fouill\u00e9e, plusieurs chercheurs ayant travaill\u00e9 sur des corpus de presse proposent en annexe une s\u00e9rie de recommandations m\u00e9thodologiques utiles \u00e0 tout chercheur entreprenant un travail similaire.","authors":["Marie-\u00c8ve Th\u00e9renty","Alain Vaillant"],"category_codes":["6000000","6070000","6070300"],"visuals":{"large":"https:\/\/images.epagine.fr\/028\/9782847360028_1_75.jpg","medium":"https:\/\/images.epagine.fr\/028\/9782847360028_1_m.jpg","thumbnail":"https:\/\/images.epagine.fr\/028\/9782847360028_1_v.jpg"},"orderable":true,"show_badge":true,"formatted_price":"34,50&nbsp;\u20ac","formatted_published_date":"1er d\u00e9cembre 2001","publisher_availability_label":"Sur commande","short_details":"Marie-\u00c8ve Th\u00e9renty, Alain Vaillant \u2014 Nouveau Monde \u00c9ditions","translator":null,"weight":510,"page_count":388,"readership":null,"editor":"Nouveau Monde \u00c9ditions","price":3450,"published_date":"2001-11-30T23:00:00.000000Z","support":"Grand format","publisher_availability":1,"stock":0,"editions":[],"url":"https:\/\/quaidesbrumes.com\/ouvrage\/9782847360028\/1836-lan-1-de-lere-mediatique-analyse-litteraire-et-historique-de-la-presse-de-girardin"},{"id":"9791093699301","title":"Sur la pointe des aiguilles de ces jours","description":"Ce livre est n\u00e9 \u00e0 Prague, pendant la seconde guerre mondiale, de la collaboration entre le po\u00e8te surr\u00e9aliste Jind\u00c5(TM)ich Heisler et l'artiste Jind\u00c5(TM)ich \u00c5\u00a0tyrsk\u00fd. Le premier, juif, vivait alors cach\u00e9 pour \u00e9chapper aux pers\u00e9cutions nazies. Le second \u00e9tait \u00e0 l'article de la mort. D'abord diffus\u00e9e clandestinement \u00e0 la mani\u00e8re des samizdats, leur \u00c5'uvre donne \u00e0 voir une ville hant\u00e9e, dont les seuls habitants semblent des mannequins, des poup\u00e9es, des masques et des proth\u00e8ses. Au r\u00e9alisme fantastique des photographies de \u00c5\u00a0tyrsk\u00fd r\u00e9pond la prose hallucin\u00e9e de Heisler, ici donn\u00e9e dans une traduction du tch\u00e8que in\u00e9dite r\u00e9alis\u00e9e par lui-m\u00eame \u00e0 l'intention d'Andr\u00e9 Breton.","authors":["Jindrich Heisler","Jindrich Styrsky"],"category_codes":["6000000","6070000","6070200"],"visuals":{"large":"https:\/\/quaidesbrumes.com\/img\/book-placeholder.png","medium":"https:\/\/quaidesbrumes.com\/img\/book-placeholder.png","thumbnail":"https:\/\/quaidesbrumes.com\/img\/book-placeholder.png"},"orderable":false,"show_badge":true,"formatted_price":"18,00&nbsp;\u20ac","formatted_published_date":"30 octobre 2026","publisher_availability_label":"\u00c0 para\u00eetre","short_details":"Jindrich Heisler, Jindrich Styrsky \u2014 Prairial","translator":null,"weight":0,"page_count":80,"readership":null,"editor":"Prairial","price":1800,"published_date":"2026-10-29T23:00:00.000000Z","support":"Grand format","publisher_availability":2,"stock":0,"editions":[],"url":"https:\/\/quaidesbrumes.com\/ouvrage\/9791093699301\/sur-la-pointe-des-aiguilles-de-ces-jours"},{"id":"9791095118350","title":"Fossil","description":"Apr\u00e8s la publication de Nord (2016), Dust (2018) et Marges (2025), J\u00e9r\u00e9mie Lenoir poursuit son \u00e9tude des mutations des territoires et de construire une anthropologie des paysages contemporains. Ce 4\u00e8me ouvrage intitul\u00e9 Fossil , accueille les images r\u00e9alis\u00e9es par le photographe entre 2017 et 2022 le long des 1 200 kms du Rhin, de sa source au Lac Constance \u00e0 son estuaire \u00e0 Rotterdam. Ces images s'ancrent dans le r\u00e9el par leur sujet m\u00eame, des vues de l'extraction, du stockage et de l'utilisation du charbon et des min\u00e9raux le long du fleuve ; mais elles questionnent \u00e9galement l'exploitation par les humains, sans limite, des ressources et des sols, soulignant le d\u00e9fi socio-\u00e9cologique auquel il faut d\u00e9sormais faire face.\r\n\r\nIci, l'abstraction des paysages capt\u00e9s en vues a\u00e9riennes est renforc\u00e9e par une esth\u00e9tique o\u00f9 le noir et blanc semble pr\u00e9dominer, et elle vient faire \u00e9cho \u00e0 la v\u00e9locit\u00e9 avec laquelle les territoires se transforment, perdent leur identit\u00e9 culturelle, s'uniformisent dans des sch\u00e9mas mondialis\u00e9s... En bouleversant nos rep\u00e8res, en nous amenant \u00e0 distinguer une peinture l\u00e0 o\u00f9 se trouve en r\u00e9alit\u00e9 une photographie, J\u00e9r\u00e9mie Lenoir nous pousse \u00e0 douter, nous interroger, il d\u00e9sar\u00e7onne notre esprit critique, nous incitant \u00e0 nous r\u00e9approprier la capacit\u00e9 \u00e0 d\u00e9crypter nos mani\u00e8res de percevoir et prendre pour acquis le r\u00e9el. Dans une soci\u00e9t\u00e9 o\u00f9 la manipulation digitale prend de plus en plus d'ampleur et o\u00f9 la rapidit\u00e9 de l'information ne cesse de s'acc\u00e9l\u00e9rer, une oeuvre comme celle de J\u00e9r\u00e9mie Lenoir invite \u00e0 prendre le temps, \u00e0 d\u00e9cortiquer ce que nous regardons, \u00e0 confronter nos croyances et id\u00e9es pr\u00e9con\u00e7ues \u00e0 une analyse plus profonde, plus raisonn\u00e9e.\r\n\r\nA ce corpus photographique s'ajoutera un texte r\u00e9dig\u00e9 par H\u00e9lo\u00efse Con\u00e9sa, conservatrice du patrimoine \u00e0 la Biblioth\u00e8que nationale de France (BnF) en charge des collections de photographie contemporaine. En 2025, la BnF vient d'acqu\u00e9rir des oeuvres issues de la s\u00e9rie Fossil afin de les int\u00e9grer \u00e0 sa collection permanente. La conservatrice apportera son regard d'expertise sur l'image contemporaine, mettant en perspective le travail de J\u00e9r\u00e9mie Lenoir avec l'histoire de la photographie, sa capacit\u00e9 \u00e0 cr\u00e9er du lien, bouger les lignes, confronter nos rep\u00e8res et nos a priori.","authors":["J\u00e9r\u00e9mie Lenoir","H\u00e9lo\u00efse Con\u00e9sa"],"category_codes":["6000000","6070000","6070200","6070205"],"visuals":{"large":"https:\/\/images.epagine.fr\/350\/9791095118350_1_75.jpg","medium":"https:\/\/images.epagine.fr\/350\/9791095118350_1_m.jpg","thumbnail":"https:\/\/images.epagine.fr\/350\/9791095118350_1_v.jpg"},"orderable":false,"show_badge":true,"formatted_price":"45,00&nbsp;\u20ac","formatted_published_date":"6 octobre 2026","publisher_availability_label":"\u00c0 para\u00eetre","short_details":"J\u00e9r\u00e9mie Lenoir, H\u00e9lo\u00efse Con\u00e9sa \u2014 Light Motiv","translator":null,"weight":1000,"page_count":84,"readership":null,"editor":"Light Motiv","price":4500,"published_date":"2026-10-05T22:00:00.000000Z","support":"Grand format","publisher_availability":2,"stock":0,"editions":[],"url":"https:\/\/quaidesbrumes.com\/ouvrage\/9791095118350\/fossil"},{"id":"9782747527019","title":"Cin\u00e9ma et histoire","description":"Cette approche propose un nouveau regard sur l'histoire latino-am\u00e9ricaine par l'\u00e9tude des apports du cin\u00e9ma \u00e0 l'intelligibilit\u00e9 de l'Histoire. Cin\u00e9ma de l'histoire officielle, cin\u00e9ma de propagande, cin\u00e9ma contestataire et d'une contre-histoire ou encore cin\u00e9ma \"ind\u00e9pendant\", quels int\u00e9r\u00eats servent-ils ?\r","authors":[],"category_codes":["6000000","6070000","6070200"],"visuals":{"large":"https:\/\/images.epagine.fr\/019\/9782747527019_1_75.jpg","medium":"https:\/\/images.epagine.fr\/019\/9782747527019_1_m.jpg","thumbnail":"https:\/\/images.epagine.fr\/019\/9782747527019_1_v.jpg"},"orderable":true,"show_badge":true,"formatted_price":"15,00&nbsp;\u20ac","formatted_published_date":"1er novembre 2003","publisher_availability_label":"Sur commande","short_details":"\u00c9ditions L'Harmattan","translator":null,"weight":290,"page_count":208,"readership":null,"editor":"\u00c9ditions L'Harmattan","price":1500,"published_date":"2003-10-31T23:00:00.000000Z","support":"Grand format","publisher_availability":1,"stock":0,"editions":[],"url":"https:\/\/quaidesbrumes.com\/ouvrage\/9782747527019\/cinema-et-histoire"},{"id":"9782747528276","title":"CIN\u00c9MA ET SCULPTURE : Un aspect de la modernit\u00e9 des ann\u00e9es soixante","description":"Ce livre se propose d'interroger le rapport entre sculpture et modernit\u00e9 cin\u00e9matographique. La jet\u00e9e de Chris Marker, Une femme mari\u00e9e de Jean-Luc Godard, Shadows de John Cassavettes, Hiroshima mon amour ou L'ann\u00e9e derni\u00e8re \u00e0 Marienbad d'A. Resnais, Sandra de Visconti, Voyage en Italie de Rossellini : pendant une dizaine d'ann\u00e9es (1954 \u00e0 1965), cette petite constellation de films fait une place remarquable \u00e0 la sculpture et plus singuli\u00e8rement encore \u00e0 la visite de mus\u00e9e. La relation de la sculpture et du cin\u00e9ma sert de r\u00e9v\u00e9lateur et cr\u00e9e un \u00e9v\u00e9nement relevant de l'histoire du cin\u00e9ma.\r","authors":["Suzanne Liandrat-Guigues"],"category_codes":["6000000","6070000","6070200"],"visuals":{"large":"https:\/\/images.epagine.fr\/276\/9782747528276_1_75.jpg","medium":"https:\/\/images.epagine.fr\/276\/9782747528276_1_m.jpg","thumbnail":"https:\/\/images.epagine.fr\/276\/9782747528276_1_v.jpg"},"orderable":true,"show_badge":true,"formatted_price":"11,00&nbsp;\u20ac","formatted_published_date":"1er janvier 2002","publisher_availability_label":"Sur commande","short_details":"Suzanne Liandrat-Guigues \u2014 \u00c9ditions L'Harmattan","translator":null,"weight":152,"page_count":103,"readership":null,"editor":"\u00c9ditions L'Harmattan","price":1100,"published_date":"2001-12-31T23:00:00.000000Z","support":"Grand format","publisher_availability":1,"stock":0,"editions":[],"url":"https:\/\/quaidesbrumes.com\/ouvrage\/9782747528276\/cinema-et-sculpture-un-aspect-de-la-modernite-des-annees-soixante"},{"id":"9782747529211","title":"CIN\u00c9MA DE LA M\u00c9DITERRAN\u00c9E : Cin\u00e9mas de la m\u00e9lancolie","description":"Les cin\u00e9mas de la M\u00e9diterran\u00e9e ont boug\u00e9. Ont exprim\u00e9 quelque chose. Quelque chose d'ancien et de nouveau \u00e0 la fois. Exprim\u00e9 une m\u00e9lancolie profond\u00e9ment m\u00e9diterran\u00e9enne. Solaire. Un peu tragique aussi. Terriblement fin de si\u00e8cle. Oui, une m\u00e9lancolie solaire, une m\u00e9lancolie ensoleill\u00e9e. Une humeur d'apr\u00e8s guerre. D'apr\u00e8s les guerres. Un mal \u00eatre au monde g\u00e9n\u00e9ralis\u00e9 de soci\u00e9t\u00e9s en ruine, d'humanit\u00e9s \u00e0 la d\u00e9rive. Une poign\u00e9e de filma ont vu le jour. Jetant des passerelles connues, galvaud\u00e9es, r\u00e9habit\u00e9es, entre l'Orient et l'Occident, le Sud et le Nord.\r","authors":["Raphael Millet"],"category_codes":["6000000","6070000","6070200"],"visuals":{"large":"https:\/\/images.epagine.fr\/211\/9782747529211_1_75.jpg","medium":"https:\/\/images.epagine.fr\/211\/9782747529211_1_m.jpg","thumbnail":"https:\/\/images.epagine.fr\/211\/9782747529211_1_v.jpg"},"orderable":true,"show_badge":true,"formatted_price":"14,00&nbsp;\u20ac","formatted_published_date":"1er janvier 2002","publisher_availability_label":"Sur commande","short_details":"Raphael Millet \u2014 \u00c9ditions L'Harmattan","translator":null,"weight":182,"page_count":117,"readership":null,"editor":"\u00c9ditions L'Harmattan","price":1400,"published_date":"2001-12-31T23:00:00.000000Z","support":"Grand format","publisher_availability":1,"stock":0,"editions":[],"url":"https:\/\/quaidesbrumes.com\/ouvrage\/9782747529211\/cinema-de-la-mediterranee-cinemas-de-la-melancolie"},{"id":"9782747527927","title":"FRANCE\/HOLLYWOOD : Echanges cin\u00e9matographiques et identit\u00e9s nationales","description":"Cet ouvrage contribue \u00e0 l'\u00e9tude des relations cin\u00e9matographiques franco-am\u00e9ricaines en privil\u00e9giant l'examen de diff\u00e9rents types d'allers et retours entre les deux continents : comment se passe la circulation des personnes, acteurs ou r\u00e9alisateurs, des sc\u00e9narios, des genres ou des films entre la France et Hollywood ? Quels sont les effets id\u00e9ologiques, politiques et culturels de ces \u00e9changes sur la perception des identit\u00e9s nationales ? Tous les ph\u00e9nom\u00e8nes abord\u00e9s dans cet ouvrage trahissent, une exacerbation des tensions identitaires et\/ou des jeux d'influences entre les deux cin\u00e9matographies.","authors":[],"category_codes":["6000000","6070000","6070200"],"visuals":{"large":"https:\/\/images.epagine.fr\/927\/9782747527927_1_75.jpg","medium":"https:\/\/images.epagine.fr\/927\/9782747527927_1_m.jpg","thumbnail":"https:\/\/images.epagine.fr\/927\/9782747527927_1_v.jpg"},"orderable":true,"show_badge":true,"formatted_price":"21,50&nbsp;\u20ac","formatted_published_date":"1er janvier 2002","publisher_availability_label":"Sur commande","short_details":"\u00c9ditions L'Harmattan","translator":null,"weight":312,"page_count":227,"readership":null,"editor":"\u00c9ditions L'Harmattan","price":2150,"published_date":"2001-12-31T23:00:00.000000Z","support":"Grand format","publisher_availability":1,"stock":0,"editions":[],"url":"https:\/\/quaidesbrumes.com\/ouvrage\/9782747527927\/francehollywood-echanges-cinematographiques-et-identites-nationales"},{"id":"9782747531115","title":"L'ombre de la camera - essai sur l invisibilite dans le cinema hollywoodien","description":"Il y a dans chaque film une zone d'ombre, une r\u00e9serve d'invisibilit\u00e9 que le cin\u00e9ma hollywoodien s'est toujours ing\u00e9ni\u00e9 \u00e0 revendiquer. C'est ainsi que les s\u00e9ries consacr\u00e9es \u00e0 L'Homme invisible pr\u00e9sentent une des formes les plus \u00e9videntes du th\u00e8me. L'invisibilit\u00e9 touche ensuite des myst\u00e8res aussi inaccessibles que le secret de l'absent, le d\u00e9ploiement du surnaturel ou bien la vision d\u00e9form\u00e9e de l'aveugle et de l'extralucide. Autant de facettes que vise le cin\u00e9ma hollywoodien en imposant de nouvelles images, plus illusoires encore que leur illusion premi\u00e8re.\r","authors":["Sylvie Aguirre"],"category_codes":["6000000","6070000","6070200"],"visuals":{"large":"https:\/\/images.epagine.fr\/115\/9782747531115_1_75.jpg","medium":"https:\/\/images.epagine.fr\/115\/9782747531115_1_m.jpg","thumbnail":"https:\/\/images.epagine.fr\/115\/9782747531115_1_v.jpg"},"orderable":true,"show_badge":true,"formatted_price":"28,00&nbsp;\u20ac","formatted_published_date":"1er novembre 2003","publisher_availability_label":"Sur commande","short_details":"Sylvie Aguirre \u2014 \u00c9ditions L'Harmattan","translator":null,"weight":438,"page_count":317,"readership":null,"editor":"\u00c9ditions L'Harmattan","price":2800,"published_date":"2003-10-31T23:00:00.000000Z","support":"Grand format","publisher_availability":1,"stock":0,"editions":[],"url":"https:\/\/quaidesbrumes.com\/ouvrage\/9782747531115\/lombre-de-la-camera-essai-sur-l-invisibilite-dans-le-cinema-hollywoodien"},{"id":"9782747527804","title":"IMAGES DE PORTUGAIS EN FRANCE : Immigration et cin\u00e9ma","description":"Cet ouvrage est le r\u00e9sultat d'une longue recherche cin\u00e9matographique, vid\u00e9ographique et photographique aupr\u00e8s de la population portugaise en France, et particuli\u00e8rement en r\u00e9gion parisienne, qui retrace le v\u00e9cu de cette population \u00e0 partir des ann\u00e9es 1960-70. Ce travail mixte cherche \u00e0 \u00e9tablir un lien entre, d'une part, la r\u00e9alisation des diff\u00e9rents films et le d\u00e9coupage du montage simple et, d'autre part, une analyse qui a permis \u00e0 l'auteur d'acqu\u00e9rir une grande connaissance de cette r\u00e9alit\u00e9 et de la sc\u00e9narisation du r\u00e9el. C'est un t\u00e9moignage sur la communaut\u00e9 portugaise en France en images et sons pour l'avenir.\r","authors":["Jos\u00e9 Alexandre Cardoso Marques"],"category_codes":["6000000","6070000","6070200"],"visuals":{"large":"https:\/\/images.epagine.fr\/804\/9782747527804_1_75.jpg","medium":"https:\/\/images.epagine.fr\/804\/9782747527804_1_m.jpg","thumbnail":"https:\/\/images.epagine.fr\/804\/9782747527804_1_v.jpg"},"orderable":true,"show_badge":true,"formatted_price":"25,00&nbsp;\u20ac","formatted_published_date":"1er janvier 2002","publisher_availability_label":"Sur commande","short_details":"Jos\u00e9 Alexandre Cardoso Marques \u2014 \u00c9ditions L'Harmattan","translator":null,"weight":382,"page_count":272,"readership":null,"editor":"\u00c9ditions L'Harmattan","price":2500,"published_date":"2001-12-31T23:00:00.000000Z","support":"Grand format","publisher_availability":1,"stock":0,"editions":[],"url":"https:\/\/quaidesbrumes.com\/ouvrage\/9782747527804\/images-de-portugais-en-france-immigration-et-cinema"},{"id":"9782747528283","title":"La production industrielle de l'image - critique de l image de synthese","description":"L'\u00e9cran du t\u00e9l\u00e9viseur, ou celui de l'ordinateur, peut \u00eatre consid\u00e9r\u00e9 comme une fen\u00eatre ouverte sur l'appareil mondial de diffusion de l'information et des productions de l'industrie culturelle. Les syst\u00e8mes se d\u00e9veloppent en fonction de ses besoins et les efforts de d\u00e9veloppement ne portent en rien sur des formes nouvelles. Les moyen qu'apporte l'informatique favorisent l'industrialisation mais pas la cr\u00e9ation. L'invention par l'interm\u00e9diaire d'une machine num\u00e9rique liquide le contact avec la mati\u00e8re\u00a0; l'utilisateur se trouve priv\u00e9 de son corps, du geste, de l'outil. La cr\u00e9ation devient alors \u00e9criture dans la confusion des sens.\r","authors":["Michel Porchet"],"category_codes":["6000000","6070000","6070200"],"visuals":{"large":"https:\/\/images.epagine.fr\/283\/9782747528283_1_75.jpg","medium":"https:\/\/images.epagine.fr\/283\/9782747528283_1_m.jpg","thumbnail":"https:\/\/images.epagine.fr\/283\/9782747528283_1_v.jpg"},"orderable":true,"show_badge":true,"formatted_price":"16,00&nbsp;\u20ac","formatted_published_date":"1er janvier 2002","publisher_availability_label":"Sur commande","short_details":"Michel Porchet \u2014 \u00c9ditions L'Harmattan","translator":null,"weight":256,"page_count":187,"readership":null,"editor":"\u00c9ditions L'Harmattan","price":1600,"published_date":"2001-12-31T23:00:00.000000Z","support":"Grand format","publisher_availability":1,"stock":0,"editions":[],"url":"https:\/\/quaidesbrumes.com\/ouvrage\/9782747528283\/la-production-industrielle-de-limage-critique-de-l-image-de-synthese"},{"id":"9782271060945","title":"Le cinema a l'epreuve du systeme televisuel","description":"Au cours de ces derni\u00e8res d\u00e9cennies, l'\u00e9conomie du cin\u00e9ma s'est profond\u00e9ment transform\u00e9e dans ses modalit\u00e9s de diffusion et de valorisation.\r\n La salle reste un lieu privil\u00e9gi\u00e9 d'exposition des films et un fondement essentiel de distinction symbolique, mais elle ne repr\u00e9sente plus qu'une part minime des recettes, alors que la t\u00e9l\u00e9vision est devenue pr\u00e9pond\u00e9rante par ses d\u00e9bouch\u00e9s comme par son financement.  cin\u00e9ma et t\u00e9l\u00e9vision entretiennent des relations ambigu\u00ebs marqu\u00e9es par une \u00e9trange combinaison de concurrence et de coop\u00e9ration.  l'\u00e9tude de ce couple baroque permet de comprendre leurs modalit\u00e9s de fonctionnement respectives et leur imbrication dans la dynamique contemporaine des industries de la communication.\r\n L'analyse des \u00e9volutions mouvement\u00e9es de canal + et de vivendi universal conduit en particulier \u00e0 mieux saisir les enjeux strat\u00e9giques de la fili\u00e8re cin\u00e9matographique dans son ensemble.  dans cet ouvrage, la trouble conjonction entre cin\u00e9ma et petit \u00e9cran est \u00e9galement \u00e9tudi\u00e9e dans ses dimensions techniques et esth\u00e9tiques : les d\u00e9formations de l'image, les convergences et les effets de contagion, les rapports entre films et t\u00e9l\u00e9films, l'\u00e9mergence de nouvelles formes d'hybridation.\r\n Plus g\u00e9n\u00e9ralement, en s'appuyant sur l'analyse de l'audience des films de cin\u00e9ma \u00e0 la t\u00e9l\u00e9vision ou des pratiques de marketing, il s'agit d'\u00e9tudier comment l'omnipr\u00e9sence du syst\u00e8me t\u00e9l\u00e9visuel pour tout ce qui touche au financement, \u00e0 la diffusion et \u00e0 la promotion des films affecte le cin\u00e9ma dans son architecture, dans son fonctionnement et dans son identit\u00e9.\r","authors":["Laurent Creton"],"category_codes":["6000000","6070000","6070300"],"visuals":{"large":"https:\/\/images.epagine.fr\/945\/9782271060945_1_75.jpg","medium":"https:\/\/images.epagine.fr\/945\/9782271060945_1_m.jpg","thumbnail":"https:\/\/images.epagine.fr\/945\/9782271060945_1_v.jpg"},"orderable":true,"show_badge":true,"formatted_price":"29,40&nbsp;\u20ac","formatted_published_date":"4 d\u00e9cembre 2002","publisher_availability_label":"Sur commande","short_details":"Laurent Creton \u2014 CNRS","translator":null,"weight":560,"page_count":315,"readership":null,"editor":"CNRS","price":2940,"published_date":"2002-12-03T23:00:00.000000Z","support":"Grand format","publisher_availability":1,"stock":0,"editions":[],"url":"https:\/\/quaidesbrumes.com\/ouvrage\/9782271060945\/le-cinema-a-lepreuve-du-systeme-televisuel"},{"id":"9782747529099","title":"FILM, FORME, TH\u00c9ORIE","description":"Qu'en est-il de la th\u00e9orie des images d\u00e8s lors que nous l'imaginons arpenter et gouverner une oeuvre de cin\u00e9ma ? Comment la th\u00e9orie se rend-elle lisible, de quels ph\u00e9nom\u00e8nes visuels participe t-elle et comment se r\u00e9partissent-ils dans le film ? Deux films soumis \u00e0 une analyse figurale, Cat People de Jacques Tourneur et Il Vangelo Secondo Matteo de Pier Paolo Pasolini, nous donnent l'occasion d'en d\u00e9ployer les diff\u00e9rents aspects.","authors":["Luc Vancheri"],"category_codes":["6000000","6070000","6070200"],"visuals":{"large":"https:\/\/images.epagine.fr\/099\/9782747529099_1_75.jpg","medium":"https:\/\/images.epagine.fr\/099\/9782747529099_1_m.jpg","thumbnail":"https:\/\/images.epagine.fr\/099\/9782747529099_1_v.jpg"},"orderable":true,"show_badge":true,"formatted_price":"18,50&nbsp;\u20ac","formatted_published_date":"1er novembre 2003","publisher_availability_label":"Sur commande","short_details":"Luc Vancheri \u2014 \u00c9ditions L'Harmattan","translator":null,"weight":280,"page_count":201,"readership":null,"editor":"\u00c9ditions L'Harmattan","price":1850,"published_date":"2003-10-31T23:00:00.000000Z","support":"Grand format","publisher_availability":1,"stock":0,"editions":[],"url":"https:\/\/quaidesbrumes.com\/ouvrage\/9782747529099\/film-forme-theorie"},{"id":"9782847360189","title":"Napol\u00e9on \u00e0 l'\u00e9cran ; cin\u00e9ma et t\u00e9l\u00e9vision","description":"700 films de cin\u00e9ma, 300 \u00e9missions de t\u00e9l\u00e9vision: la fascination exerc\u00e9e par Napol\u00e9on passe, depuis plus d'un si\u00e8cle, par le grand et le petit \u00e9cran. Entre d\u00e9votion et r\u00e9pulsion, les sentiments inspir\u00e9s par l'Empereur \u00e0 l'\u00e9cran n'ont cess\u00e9 d'\u00e9voluer.Se posant tour \u00e0 tour en accusateur ou en d\u00e9fenseur, le cin\u00e9ma s'empare tr\u00e8s t\u00f4t de cette figure embl\u00e9matique. Avec des distributions in\u00e9gales (de Charles Vanel \u00e0 Philippe Torreton...) et sous la direction de metteurs en sc\u00e8ne tr\u00e8s divers (Abel Gance, John Ford, Sacha Guitry, King Vidor, Ridley Scott, Youssef Chahine, Antoine de Caunes et son Monsieur N.), le septi\u00e8me Art offre \u00e0 chaque \u00e9poque \u00ab son \u00bb Napol\u00e9on. \u00c9tude synth\u00e9tique et cin\u00e9phile, la premi\u00e8re partie de ce livre retrace les grandes \u00e9tapes cin\u00e9matographiques du h\u00e9ros, analyse les raisons profondes de leur \u00e9laboration, les options id\u00e9ologiques ou politiques des producteurs et des r\u00e9alisateurs.Une seconde partie, de La Cam\u00e9ra explore le temps (1957) \u00e0 la r\u00e9cente s\u00e9rie Napol\u00e9on de France 2 avec Christian Clavier et G\u00e9rard Depardieu (2002), \u00e9tudie en contrepoint saisissant comment la t\u00e9l\u00e9vision fran\u00e7aise s'est \u00e0 son tour empar\u00e9e du mythe: documentaires, d\u00e9bats ou feuilletons. Cette recherche in\u00e9dite dans les archives de la t\u00e9l\u00e9vision montre comment notre soci\u00e9t\u00e9 a trait\u00e9 l'Empereur, mais aussi l'histoire de la France, de sa culture et de ses valeurs.Un ouvrage \u00e9rudit et vif qui brosse pour la premi\u00e8re fois l'essentiel des relations complexes entre Napol\u00e9on et l'audiovisuel.David Chanteranne est secr\u00e9taire g\u00e9n\u00e9ral du magazine Napol\u00e9on Ier. Il a r\u00e9cemment collabor\u00e9 \u00e0 l'album Napol\u00e9on, l'Empereur immortel (Editions du Ch\u00eane, 2002). Il est l'auteur de la rubrique  filmographie  du site Internet napoleon.org de la Fondation Napol\u00e9onIsabelle Veyrat-Masson est chercheur au CNRS. Historienne et sp\u00e9cialiste des m\u00e9dias, consultante pour des documentaires historiques, elle enseigne \u00e0 la Sorbonne et \u00e0 Sciences Po. Elle a notamment publi\u00e9 Quand la t\u00e9l\u00e9vision explore le temps, L'histoire au petit \u00e9cran, 1953-2000 (Fayard, 2000) qui fait autorit\u00e9 sur les rapports entre Histoire et t\u00e9l\u00e9vision","authors":["David Chanteranne","Isabelle Veyrat-masson"],"category_codes":["6000000","6070000","6070300"],"visuals":{"large":"https:\/\/images.epagine.fr\/189\/9782847360189_1_75.jpg","medium":"https:\/\/images.epagine.fr\/189\/9782847360189_1_m.jpg","thumbnail":"https:\/\/images.epagine.fr\/189\/9782847360189_1_v.jpg"},"orderable":true,"show_badge":true,"formatted_price":"23,40&nbsp;\u20ac","formatted_published_date":"15 mai 2003","publisher_availability_label":"Sur commande","short_details":"David Chanteranne, Isabelle Veyrat-masson \u2014 Nouveau Monde \u00c9ditions","translator":null,"weight":308,"page_count":220,"readership":null,"editor":"Nouveau Monde \u00c9ditions","price":2340,"published_date":"2003-05-14T22:00:00.000000Z","support":"Grand format","publisher_availability":1,"stock":0,"editions":[],"url":"https:\/\/quaidesbrumes.com\/ouvrage\/9782847360189\/napoleon-a-lecran-cinema-et-television"},{"id":"9782970130123","title":"Jacques Berthet ; rumeur sur la ville","description":"Reportage photographique au coeur d'une Gen\u00e8ve barricad\u00e9e et d\u00e9serte en pr\u00e9vision du contre-sommet du G8 en 2003. L'ouvrage d\u00e9ploie une mise en sc\u00e8ne sur l'abandon de l'espace urbain, d'o\u00f9 fleurissent d'\u00e9tonnantes constructions de d\u00e9fense.\r\nBien avant le virus Covid-19, le photographe genevois Jaques Berthet a captur\u00e9 une Gen\u00e8ve d\u00e9serte, voir assi\u00e9g\u00e9e. Aucun pi\u00e9ton, des rues vid\u00e9es de toute circulation et des rez-de-chauss\u00e9e barricad\u00e9s avec des palissades jaunes. A se demander qui en voulait autant \u00e0 une des villes les plus riches du monde ? Rumeur sur la ville est le titre du nouveau livre de Jacques Berthet qui dresse un inventaire des mesures de protection des commer\u00e7ants et autres banquiers genevois avant la manifestation altermondialiste du printemps 2003.\r\n\r\n\u00ab Lors du sommet du G8 \u00e0 Evian en juin 2003 les altermondialistes ont  organis\u00e9s \u00e0 Gen\u00e8ve une grande manifestation de protestation. En pr\u00e9vision d'\u00e9ventuels d\u00e9bordements les commer\u00e7ants du centre ville ont pris quelques pr\u00e9cautions... Le r\u00e9sultat  est surprenant, il ma permis  de r\u00e9aliser ce reportage  photographique sur  ces \u00e9tonnantes constructions qui mettent en valeur l'espace architectural urbain. Ce travail photographique associe l'instant du vide au cadrage arr\u00eat\u00e9 d'une image architecturale. Il s'agit d'une fiction sur l'abandon, la fuite. \u00bb.\r\nJacques Berthet.\r\nPubli\u00e9 suite \u00e0 l'exposition \u00ab Un art de la disparition - Rumeurs sur la ville \u00bb au Centre de la photographie Gen\u00e8ve, du 4 mars au 8 mai 2016.\r","authors":["Joerg Bader","Serge Margel"],"category_codes":["6000000","6070000","6070200","6070205"],"visuals":{"large":"https:\/\/images.epagine.fr\/123\/9782970130123_1_75.jpg","medium":"https:\/\/images.epagine.fr\/123\/9782970130123_1_m.jpg","thumbnail":"https:\/\/images.epagine.fr\/123\/9782970130123_1_v.jpg"},"orderable":true,"show_badge":true,"formatted_price":"20,00&nbsp;\u20ac","formatted_published_date":"23 juin 2020","publisher_availability_label":"Sur commande","short_details":"Joerg Bader, Serge Margel \u2014 Centre De La Photo De Geneve","translator":null,"weight":660,"page_count":96,"readership":null,"editor":"Centre De La Photo De Geneve","price":2000,"published_date":"2020-06-22T22:00:00.000000Z","support":"Grand format","publisher_availability":1,"stock":0,"editions":[],"url":"https:\/\/quaidesbrumes.com\/ouvrage\/9782970130123\/jacques-berthet-rumeur-sur-la-ville"},{"id":"9783905929560","title":"Maya Rochat ; Crystal Clear","description":"Une s\u00e9rie de montages \/ collages photographiques, analogiques et num\u00e9riques, avec lesquels la jeune artiste suisse sonde les profondeurs du plan pictural et bouscule les conventions esth\u00e9tiques.\r\nUtilisant ses propres \u00e9crits et des fragments d'images trouv\u00e9es, Maya Rochat modifie ses photographies pour cr\u00e9er des compositions charg\u00e9es symboliquement et radicalement associatives. Elle s'inspire de son environnement imm\u00e9diat, m\u00ealant portraits de ses amis et photos de paysages en un tissu visuel dense et intime qui est lac\u00e9r\u00e9, diss\u00e9qu\u00e9 puis r\u00e9-assembl\u00e9 par une intervention chirurgicale presque militante.\r\nL'univers amer et magnifique qui fait surface dans Crystal Clear \u00e9lude manifestement les codes conventionnels de l'interpr\u00e9tation, sabotant sans cesse les clich\u00e9s visuels habituels et les canons de beaut\u00e9 propag\u00e9s par les m\u00e9dias.\r\nN\u00e9e en 1985 en Allemagne, Maya Rochat vit et travaille en Suisse. Essentiellement bas\u00e9 sur la photographie, son travaille se d\u00e9veloppe \u00e9galement \u00e0 l'intersection de la vid\u00e9o, de la peinture, du dessin, du collage et de l'installation.\r","authors":["Maya Rochat"],"category_codes":["6000000","6070000","6070200"],"visuals":{"large":"https:\/\/images.epagine.fr\/560\/9783905929560_1_75.jpg","medium":"https:\/\/images.epagine.fr\/560\/9783905929560_1_m.jpg","thumbnail":"https:\/\/images.epagine.fr\/560\/9783905929560_1_v.jpg"},"orderable":true,"show_badge":true,"formatted_price":"36,00&nbsp;\u20ac","formatted_published_date":"16 juin 2014","publisher_availability_label":"Sur commande","short_details":"Maya Rochat \u2014 Patrick Frey","translator":null,"weight":400,"page_count":114,"readership":null,"editor":"Patrick Frey","price":3600,"published_date":"2014-06-15T22:00:00.000000Z","support":"Grand format","publisher_availability":1,"stock":0,"editions":[],"url":"https:\/\/quaidesbrumes.com\/ouvrage\/9783905929560\/maya-rochat-crystal-clear"},{"id":"9791093128122","title":"Michel Simon : un sacr\u00e9 monstre","description":"Https:\/\/youtu.be\/NOuHW2ElW-M\r","authors":["Jacques Lorcey","Philippe Godin"],"category_codes":["6000000","6070000","6070300","6070305"],"visuals":{"large":"https:\/\/images.epagine.fr\/122\/9791093128122_1_75.jpg","medium":"https:\/\/images.epagine.fr\/122\/9791093128122_1_m.jpg","thumbnail":"https:\/\/images.epagine.fr\/122\/9791093128122_1_v.jpg"},"orderable":true,"show_badge":true,"formatted_price":"15,00&nbsp;\u20ac","formatted_published_date":"1er juin 2018","publisher_availability_label":"Sur commande","short_details":"Jacques Lorcey, Philippe Godin \u2014 Audiobib","translator":null,"weight":0,"page_count":null,"readership":null,"editor":"Audiobib","price":1500,"published_date":"2018-05-31T22:00:00.000000Z","support":"CD Audio","publisher_availability":1,"stock":0,"editions":[],"url":"https:\/\/quaidesbrumes.com\/ouvrage\/9791093128122\/michel-simon-un-sacre-monstre"},{"id":"9783829604352","title":"Max Scheler, fotografien","description":"L'Allemagne du miracle \u00e9conomique, les premiers voyages en Chine et aux Etats-Unis \u00e0 travers l'objectif du photographe ouest-allemand Max Scheler.\r","authors":["Max Scheler"],"category_codes":["6000000","6070000","6070200"],"visuals":{"large":"https:\/\/images.epagine.fr\/352\/9783829604352_1_75.jpg","medium":"https:\/\/images.epagine.fr\/352\/9783829604352_1_m.jpg","thumbnail":"https:\/\/images.epagine.fr\/352\/9783829604352_1_v.jpg"},"orderable":true,"show_badge":true,"formatted_price":"49,00&nbsp;\u20ac","formatted_published_date":"16 septembre 2009","publisher_availability_label":"Sur commande","short_details":"Max Scheler \u2014 Schirmer Mosel","translator":null,"weight":907,"page_count":168,"readership":null,"editor":"Schirmer Mosel","price":4900,"published_date":"2009-09-15T22:00:00.000000Z","support":"Grand format","publisher_availability":1,"stock":0,"editions":[],"url":"https:\/\/quaidesbrumes.com\/ouvrage\/9783829604352\/max-scheler-fotografien"},{"id":"9782742742134","title":"Jon mikel euba","description":null,"authors":["Euba Jon Mikel"],"category_codes":["6000000","6070000","6070200"],"visuals":{"large":"https:\/\/images.epagine.fr\/134\/9782742742134_1_75.jpg","medium":"https:\/\/images.epagine.fr\/134\/9782742742134_1_m.jpg","thumbnail":"https:\/\/images.epagine.fr\/134\/9782742742134_1_v.jpg"},"orderable":true,"show_badge":true,"formatted_price":"9,20&nbsp;\u20ac","formatted_published_date":"4 mars 2003","publisher_availability_label":"Sur commande","short_details":"Euba Jon Mikel \u2014 Actes Sud","translator":null,"weight":80,"page_count":63,"readership":null,"editor":"Actes Sud","price":920,"published_date":"2003-03-03T23:00:00.000000Z","support":"Grand format","publisher_availability":1,"stock":0,"editions":[],"url":"https:\/\/quaidesbrumes.com\/ouvrage\/9782742742134\/jon-mikel-euba"},{"id":"9782742742158","title":"Ryuta amae","description":"Les photographies de Ryuta Amae sont des arch\u00e9types.\r\nMod\u00e8les du sublime comme du r\u00e9el, elles citent l'illusion pour faire r\u00e9f\u00e9rence \u00e0 la mall\u00e9abilit\u00e9 de la perception. Elles tracent un passage pour l'image, entre la vision et l'imaginaire.\r","authors":["Amae Ryuta"],"category_codes":["6000000","6070000","6070200"],"visuals":{"large":"https:\/\/images.epagine.fr\/158\/9782742742158_1_75.jpg","medium":"https:\/\/images.epagine.fr\/158\/9782742742158_1_m.jpg","thumbnail":"https:\/\/images.epagine.fr\/158\/9782742742158_1_v.jpg"},"orderable":true,"show_badge":true,"formatted_price":"9,20&nbsp;\u20ac","formatted_published_date":"4 mars 2003","publisher_availability_label":"Sur commande","short_details":"Amae Ryuta \u2014 Actes Sud","translator":null,"weight":80,"page_count":63,"readership":null,"editor":"Actes Sud","price":920,"published_date":"2003-03-03T23:00:00.000000Z","support":"Grand format","publisher_availability":1,"stock":0,"editions":[],"url":"https:\/\/quaidesbrumes.com\/ouvrage\/9782742742158\/ryuta-amae"}]}