{"data":[{"id":"9782747501996","title":"LA FICTION AU CIN\u00c9MA","description":"Comment le spectateur entre-t-il dans une fiction ? Sur quelles bases comprend-il le monde qui s'offre \u00e0 lui ? Comment le film oriente-t-il sa lecture ? Par cons\u00e9quent, la port\u00e9e de l'ouvrage d\u00e9passe le seul champ du cin\u00e9ma pour concerner toute production signifiante, notamment le texte litt\u00e9raire dont il est souvent question \u00e0 titre de comparaison. N\u00e9anmoins les points de th\u00e9orie sont toujours pens\u00e9s dans un souci d'application \u00e0 l'analyse filmique dont on trouve ici de nombreux exemples.","authors":["Alain Boillat"],"category_codes":["6000000","6070000","6070200"],"visuals":{"large":"https:\/\/images.epagine.fr\/996\/9782747501996_1_75.jpg","medium":"https:\/\/images.epagine.fr\/996\/9782747501996_1_m.jpg","thumbnail":"https:\/\/images.epagine.fr\/996\/9782747501996_1_v.jpg"},"orderable":true,"show_badge":true,"formatted_price":"27,00&nbsp;\u20ac","formatted_published_date":"1er novembre 2003","publisher_availability_label":"Sur commande","short_details":"Alain Boillat \u2014 \u00c9ditions L'Harmattan","translator":null,"weight":352,"page_count":258,"readership":null,"editor":"\u00c9ditions L'Harmattan","price":2700,"published_date":"2003-10-31T23:00:00.000000Z","support":"Grand format","publisher_availability":1,"stock":0,"editions":[],"url":"https:\/\/quaidesbrumes.com\/ouvrage\/9782747501996\/la-fiction-au-cinema"},{"id":"9782738495396","title":"HISTOIRE POLITIQUE ET CULTURELLE DE FRANCE OBSERVATEUR 1950-1964 : Aux origines du Nouvel Observateur - Tome 2 : 1958-1964","description":"Fond\u00e9 en 1950 par Claude Bourdet, Gilles Martinet et Roger St\u00e9phance, l'Observateur, puis France Observateur (1954), s'impose tr\u00e8s vite \u00e0 l'opinion des gauches h\u00e9r\u00e9tiques comme un v\u00e9ritable s\u00e9maphore, comme une indispensable tribune hebdomadaire - politique, intellectuelle, culturelle - pl\u00e9biscit\u00e9e par la majeure partie l'intelligentsia de gauche. Aventure de presse, aventure politique, intellectuelle et culturelle, sa trajectoire constitue un pan captivant de l'histoire des ann\u00e9es 1950-1960 et, au-del\u00e0, de celle des m\u00e9dias au XXe si\u00e8cle.","authors":["Philippe T\u00e9tart"],"category_codes":["6000000","6070000","6070200"],"visuals":{"large":"https:\/\/images.epagine.fr\/396\/9782738495396_1_75.jpg","medium":"https:\/\/images.epagine.fr\/396\/9782738495396_1_m.jpg","thumbnail":"https:\/\/images.epagine.fr\/396\/9782738495396_1_v.jpg"},"orderable":true,"show_badge":true,"formatted_price":"24,00&nbsp;\u20ac","formatted_published_date":"15 janvier 2001","publisher_availability_label":"Sur commande","short_details":"Philippe T\u00e9tart \u2014 \u00c9ditions L'Harmattan","translator":null,"weight":316,"page_count":250,"readership":null,"editor":"\u00c9ditions L'Harmattan","price":2400,"published_date":"2001-01-14T23:00:00.000000Z","support":"Grand format","publisher_availability":1,"stock":0,"editions":[],"url":"https:\/\/quaidesbrumes.com\/ouvrage\/9782738495396\/histoire-politique-et-culturelle-de-france-observateur-1950-1964-aux-origines-du-nouvel-observateur-tome-2-1958-1964"},{"id":"9783907236062","title":"Pursuit of wonders","description":"Des ann\u00e9es 1970 jusqu'\u00e0 sa mort en 2000, le scientifique, artiste et collectionneur Andreas Z\u00fcst a s\u00e9journ\u00e9 de nombreuses fois au Groenland, photographiant la glace sous ses formes les plus diverses. Cette publication rassemble une s\u00e9lection issue de cette vaste s\u00e9rie.\r\nToute sa vie, Andreas Z\u00fcst a \u00e9t\u00e9 fascin\u00e9 par les ph\u00e9nom\u00e8nes naturels. D\u00e8s son enfance, il prenait sto\u00efquement note des conditions m\u00e9t\u00e9orologiques trois fois par jour. Plus tard, alors qu'il \u00e9tait \u00e9tudiant en glaciologie, il a pass\u00e9 des mois entiers \u00e0 Thul\u00e9 au Groenland \u00e0 forer des carottes de glace et \u00e0 y r\u00e9aliser d'innombrables diapositives de ses travaux de recherche. Le corpus du mat\u00e9riau photographique qui en r\u00e9sulte donne \u00e0 voir la glace sous une multitude d'aspects diff\u00e9rentes et \u00e9chappe \u00e0 toute d\u00e9termination, du blanc des paysages de glace infinis et des cristaux de glace sur une fen\u00eatre au bleu \u00e9clatant, d'un ours polaire regardant dans l'appareil photo sur une plage couverte de glace \u00e0 un camp de base de recherche sous la lumi\u00e8re de la pleine lune. La lueur bleue opaque de la glace (que l'on peut voir dans un diaporama) incarne l'aura de ces images \u00e9vocatrices de l'autre monde. L'histoire de la glace et celle de la vie et du travail d'un glaciologue sont racont\u00e9es s\u00e9par\u00e9ment dans Pursuit of Wonders, mais sont li\u00e9es par l'atmosph\u00e8re qui \u00e9mane de ce voyage surr\u00e9aliste \u00e0 travers un monde de glace, compl\u00e9t\u00e9 par les contributions des artistes Peter Mettler, ami de Z\u00fcst, Jimena Croceri et Sarina Scheidegger, ainsi que de Kris Decker, chercheur en histoire et th\u00e9orie des sciences.\r\nPubli\u00e9 \u00e0 l'occasion de l'exposition \u00ab Eis \u00bb au Kunstmuseum Luzern, Suisse, du 25 septembre au 29 novembre 2020.","authors":["Andreas Z\u00fcst"],"category_codes":["6000000","6070000","6070200","6070205"],"visuals":{"large":"https:\/\/images.epagine.fr\/062\/9783907236062_1_75.jpg","medium":"https:\/\/images.epagine.fr\/062\/9783907236062_1_m.jpg","thumbnail":"https:\/\/images.epagine.fr\/062\/9783907236062_1_v.jpg"},"orderable":true,"show_badge":true,"formatted_price":"60,00&nbsp;\u20ac","formatted_published_date":"10 septembre 2020","publisher_availability_label":"Sur commande","short_details":"Andreas Z\u00fcst \u2014 Patrick Frey","translator":null,"weight":1090,"page_count":240,"readership":null,"editor":"Patrick Frey","price":6000,"published_date":"2020-09-09T22:00:00.000000Z","support":"Grand format","publisher_availability":1,"stock":0,"editions":[],"url":"https:\/\/quaidesbrumes.com\/ouvrage\/9783907236062\/pursuit-of-wonders"},{"id":"9782863641026","title":"Corps en vue - photographies","description":"Improbables, Bernard de Tournadre s'est attach\u00e9, cinq ann\u00e9es durant, \u00e0 explorer l'un des th\u00e8mes majeurs de la photographie le corps. Il est donc all\u00e9 au devant de ceux qui utilisent leur corps comme moyen de communication, au m\u00eame titre que la parole, la peinture ou la musique pour d\u00e9couvrir la richesse et l'\u00e9clectisme de ce moyen d'expression, bousculer le regard ordinaire - et d\u00e9form\u00e9 que l'on porte le plus souvent sur lui. Pour les s\u00e9ances de travail avec ses mod\u00e8les danseur, acrobate, culturiste, jongleur, mime, contorsionniste, mannequin... - le photographe a instaur\u00e9 un protocole extr\u00eamement rigoureux. D'abord l'environnement commun - friches ou ruines - mais dans des lieux diversifi\u00e9s que choque mod\u00e8le peut ainsi s'approprier, retrouvant en quelque sorte l'intimit\u00e9 du studio. Ensuite l'unit\u00e9 de cadre et le port du jean pour le portrait pos\u00e9, accompagn\u00e9 de quatre clich\u00e9s o\u00f9 chaque mod\u00e8le met en sc\u00e8ne son art corporel.","authors":["Tournadre (De) B."],"category_codes":["6000000","6070000","6070200"],"visuals":{"large":"https:\/\/images.epagine.fr\/026\/9782863641026_1_75.jpg","medium":"https:\/\/images.epagine.fr\/026\/9782863641026_1_m.jpg","thumbnail":"https:\/\/images.epagine.fr\/026\/9782863641026_1_v.jpg"},"orderable":true,"show_badge":true,"formatted_price":"8,00&nbsp;\u20ac","formatted_published_date":"27 juin 2001","publisher_availability_label":"Sur commande","short_details":"Tournadre (De) B. \u2014 \u00c9ditions Parenth\u00e8ses","translator":null,"weight":664,"page_count":null,"readership":null,"editor":"\u00c9ditions Parenth\u00e8ses","price":800,"published_date":"2001-06-26T22:00:00.000000Z","support":"Grand format","publisher_availability":1,"stock":0,"editions":[],"url":"https:\/\/quaidesbrumes.com\/ouvrage\/9782863641026\/corps-en-vue-photographies"},{"id":"9782747503266","title":"Une vie de reporter","description":"Les articles de la presse \u00e9crite ont d'abord \u00e9t\u00e9 illustr\u00e9s par des dessinateurs. Quand ils ont \u00e9t\u00e9 remplac\u00e9s par les photographes, un nouveau genre de reportage est n\u00e9, ces journalistes ramenant souvent des images authentiques et v\u00e9cues, plus convaincantes qu'une simple narration. En effet, le reporter \u00e9tait envoy\u00e9 au bout du monde, pour un \u00e9v\u00e9nement pr\u00e9cis, mais il revenait parfois par le chemin des \u00e9coliers, \u00e0 la recherche de faits inconnus, r\u00e9coltant des photos in\u00e9dites, cela se traduisant par des pages enti\u00e8res de magazines...","authors":["Louis Foucherand"],"category_codes":["6000000","6070000","6070300"],"visuals":{"large":"https:\/\/images.epagine.fr\/266\/9782747503266_1_75.jpg","medium":"https:\/\/images.epagine.fr\/266\/9782747503266_1_m.jpg","thumbnail":"https:\/\/images.epagine.fr\/266\/9782747503266_1_v.jpg"},"orderable":true,"show_badge":true,"formatted_price":"27,50&nbsp;\u20ac","formatted_published_date":"1er novembre 2003","publisher_availability_label":"Sur commande","short_details":"Louis Foucherand \u2014 \u00c9ditions L'Harmattan","translator":null,"weight":398,"page_count":316,"readership":null,"editor":"\u00c9ditions L'Harmattan","price":2750,"published_date":"2003-10-31T23:00:00.000000Z","support":"Grand format","publisher_availability":1,"stock":0,"editions":[],"url":"https:\/\/quaidesbrumes.com\/ouvrage\/9782747503266\/une-vie-de-reporter"},{"id":"9782844810366","title":"Le montage virtuel ; comprendre les outils","description":null,"authors":["Jean-charles Fouch\u00e9"],"category_codes":["6000000","6070000","6070300"],"visuals":{"large":"https:\/\/images.epagine.fr\/366\/9782844810366_1_75.jpg","medium":"https:\/\/images.epagine.fr\/366\/9782844810366_1_m.jpg","thumbnail":"https:\/\/images.epagine.fr\/366\/9782844810366_1_v.jpg"},"orderable":true,"show_badge":true,"formatted_price":"30,49&nbsp;\u20ac","formatted_published_date":"1er avril 2001","publisher_availability_label":"Sur commande","short_details":"Jean-charles Fouch\u00e9 \u2014 DIXIT","translator":null,"weight":701,"page_count":null,"readership":null,"editor":"DIXIT","price":3049,"published_date":"2001-03-31T22:00:00.000000Z","support":"Grand format","publisher_availability":1,"stock":0,"editions":[],"url":"https:\/\/quaidesbrumes.com\/ouvrage\/9782844810366\/le-montage-virtuel-comprendre-les-outils"},{"id":"9782738485557","title":"Marginalite, sexualite, controle dans le cinema francais contemporain","description":"Ce livre est une passionnante exploration des strat\u00e9gies de repr\u00e9sentations de \" l'autre \" - celui qui \u00e9chappe \u00e0 la norme dominante, sociales, culturelle, sexuelle - dans le cin\u00e9ma fran\u00e7ais contemporain. Le cin\u00e9ma de la fin des ann\u00e9es 80 et des ann\u00e9es 90 est marqu\u00e9 par la pr\u00e9sence de th\u00e8mes et d'individus conventionnellement exclus ou marginalis\u00e9s par l'univers cin\u00e9matographique. L'auteur propose des analyses d\u00e9taill\u00e9es et r\u00e9v\u00e9latrices d'une s\u00e9rie de films divers tant par leur approche th\u00e9matique que par leur style.","authors":["Martine Beugnet"],"category_codes":["6000000","6070000","6070200"],"visuals":{"large":"https:\/\/images.epagine.fr\/557\/9782738485557_1_75.jpg","medium":"https:\/\/images.epagine.fr\/557\/9782738485557_1_m.jpg","thumbnail":"https:\/\/images.epagine.fr\/557\/9782738485557_1_v.jpg"},"orderable":true,"show_badge":true,"formatted_price":"27,50&nbsp;\u20ac","formatted_published_date":"15 janvier 2001","publisher_availability_label":"Sur commande","short_details":"Martine Beugnet \u2014 \u00c9ditions L'Harmattan","translator":null,"weight":424,"page_count":null,"readership":null,"editor":"\u00c9ditions L'Harmattan","price":2750,"published_date":"2001-01-14T23:00:00.000000Z","support":"Grand format","publisher_availability":1,"stock":0,"editions":[],"url":"https:\/\/quaidesbrumes.com\/ouvrage\/9782738485557\/marginalite-sexualite-controle-dans-le-cinema-francais-contemporain"},{"id":"9782716505222","title":"Vie et mort de Poil de Carotte ; Robert Lynen, acteur et r\u00e9sistant 1920-1944","description":"Issu d'une famille non conformiste et boh\u00e8me, Robert Lynen fut, dans l'entre-deux-guerres, l'enfant prodige du cin\u00e9ma fran\u00e7ais.\r\nIncarnant en 1932 l'\u00e9mouvant et immortel Poil de Carotte dans le film de Julien Duvivier, Robert Lynen connut une imm\u00e9diate gloire mondiale et encha\u00eena les r\u00f4les au c\u00f4t\u00e9 de Louis Jouvet, Harry Baur, Arletty, Jean Gabin ou Ginette Leclerc. D\u00e8s le d\u00e9but de la deuxi\u00e8me guerre mondiale, la jeune star fantasque du cin\u00e9ma fran\u00e7ais s'engagea dans la R\u00e9sistance, au sein du r\u00e9seau Alliance. Profitant d'une notori\u00e9t\u00e9 qui lui ouvrait bien des portes et prenant tous les risques, il devint, sous le nom de l'Aiglon, un tr\u00e8s efficace agent de renseignement et d'action.\r\nArr\u00eat\u00e9 par les Allemands, Robert Lynen fut tortur\u00e9 par la Gestapo et fusill\u00e9 en 1944. Il avait vingt-trois ans.","authors":["Fran\u00e7ois Charles"],"category_codes":["6000000","6070000","6070300"],"visuals":{"large":"https:\/\/images.epagine.fr\/222\/9782716505222_1_75.jpg","medium":"https:\/\/images.epagine.fr\/222\/9782716505222_1_m.jpg","thumbnail":"https:\/\/images.epagine.fr\/222\/9782716505222_1_v.jpg"},"orderable":true,"show_badge":true,"formatted_price":"18,00&nbsp;\u20ac","formatted_published_date":"17 septembre 2001","publisher_availability_label":"Sur commande","short_details":"Fran\u00e7ois Charles \u2014 La Nu\u00e9e Bleue","translator":null,"weight":401,"page_count":null,"readership":null,"editor":"La Nu\u00e9e Bleue","price":1800,"published_date":"2001-09-16T22:00:00.000000Z","support":"Grand format","publisher_availability":1,"stock":0,"editions":[],"url":"https:\/\/quaidesbrumes.com\/ouvrage\/9782716505222\/vie-et-mort-de-poil-de-carotte-robert-lynen-acteur-et-resistant-1920-1944"},{"id":"9782952606561","title":"Encyclop\u00e9die des longs m\u00e9trages fran\u00e7ais de fiction - 1929-1979 Tome 5 : du c... de Maryline aux Caves du Majestic","description":null,"authors":["Armel de Lorme"],"category_codes":["6000000","6070000","6070300","6070302"],"visuals":{"large":"https:\/\/images.epagine.fr\/561\/9782952606561_1_75.jpg","medium":"https:\/\/images.epagine.fr\/561\/9782952606561_1_m.jpg","thumbnail":"https:\/\/images.epagine.fr\/561\/9782952606561_1_v.jpg"},"orderable":true,"show_badge":true,"formatted_price":"51,00&nbsp;\u20ac","formatted_published_date":"15 octobre 2012","publisher_availability_label":"Sur commande","short_details":"Armel de Lorme \u2014 Aide-Memoire","translator":null,"weight":0,"page_count":null,"readership":null,"editor":"Aide-Memoire","price":5100,"published_date":"2012-10-14T22:00:00.000000Z","support":"Grand format","publisher_availability":1,"stock":0,"editions":[],"url":"https:\/\/quaidesbrumes.com\/ouvrage\/9782952606561\/encyclopedie-des-longs-metrages-francais-de-fiction-1929-1979-tome-5-du-c-de-maryline-aux-caves-du-majestic"},{"id":"9782747501101","title":"Cin\u00e9ma et Europe ; r\u00e9flexions sur les politiques europ\u00e9ennes de soutien au cin\u00e9ma","description":"L'Europe fait du cin\u00e9ma, beaucoup et bien. Pourtant elle ne sait ni le vendre, ni le faire circuler, ni m\u00eame le prot\u00e9ger. Ce livre veut r\u00e9pondre \u00e0 ces questions, fournir des d\u00e9finitions, examiner son histoire, \u00e9tudier des cas nationaux exemplaires, analyser les aides europ\u00e9ennes, explorer le futur et offrir quelques tableaux r\u00e9v\u00e9lateurs.","authors":["Patrice Vivancos"],"category_codes":["6000000","6070000","6070200"],"visuals":{"large":"https:\/\/images.epagine.fr\/101\/9782747501101_1_75.jpg","medium":"https:\/\/images.epagine.fr\/101\/9782747501101_1_m.jpg","thumbnail":"https:\/\/images.epagine.fr\/101\/9782747501101_1_v.jpg"},"orderable":true,"show_badge":true,"formatted_price":"16,00&nbsp;\u20ac","formatted_published_date":"1er novembre 2003","publisher_availability_label":"Sur commande","short_details":"Patrice Vivancos \u2014 \u00c9ditions L'Harmattan","translator":null,"weight":194,"page_count":null,"readership":null,"editor":"\u00c9ditions L'Harmattan","price":1600,"published_date":"2003-10-31T23:00:00.000000Z","support":"Grand format","publisher_availability":1,"stock":0,"editions":[],"url":"https:\/\/quaidesbrumes.com\/ouvrage\/9782747501101\/cinema-et-europe-reflexions-sur-les-politiques-europeennes-de-soutien-au-cinema"},{"id":"9782259215312","title":"M\u00e9moire d'acteur","description":"Michel Bouquet, ancien condisciple de G\u00e9rard Philippe au Conservatoire, de Jean Vilar au T.N.P, reste aussi vigilant, aussi exigeant, aussi curieux, aussi gourmand, aussi fou, peut-\u00eatre, que dans ces jeunes ann\u00e9es. Une sorte de tr\u00e9sor vivant qui s'exprime pour la premi\u00e8re fois. Une nouvelle \u00e9dition compl\u00e9t\u00e9e de 3 chapitres.\r\nRetrouver Michel Bouquet dix ans apr\u00e8s un premier livre-r\u00e9cit. L'avoir quitt\u00e9 \u00e0 76 ans, le red\u00e9couvrir \u00e0 86. M\u00e9moire d'acteur s'est enrichi d'autres aventures, d'autres joies et d'autres inqui\u00e9tudes.\r\n Comment un immense acteur comme lui affronte-t-il le temps ? Pour la premi\u00e8re fois de sa vie, Michel Bouquet a durant cette d\u00e9cennie obtenu deux c\u00e9sars, lui qui croyait avoir rat\u00e9 sa carri\u00e8re au cin\u00e9ma... Le com\u00e9dien, qui n'a cess\u00e9 une seconde de travailler, a-t-il chang\u00e9 avec les ans ? Comment parvient-il \u00e0 faire de son \u00e2ge une force, un d\u00e9fi ? Et de ses r\u00e9flexions, de ses souvenirs, un terreau de plus en plus fertile ?\r\n C'est une m\u00e9moire bien singuli\u00e8re que la sienne, d'une acuit\u00e9 terrible, que seuls partagent les \u00eatres d'exception. Elle est nourrie d'une r\u00e9sistance int\u00e9rieure \u00e9difi\u00e9e dans une solitude, o\u00f9 se m\u00ealent l'imaginaire incandescent de l'enfance, la conscience aigu\u00eb et inqui\u00e8te de l'homme, la passion douloureuse et insatisfaite de l'acteur. Ses rencontres avec G\u00e9rard Philipe, Jean Vilar, Blaise Cendrars, Jean Anouilh, Harold Pinter, Albert Camus, ou avec les cin\u00e9astes Jean Gr\u00e9millon, Claude Chabrol, Fran\u00e7ois Truffaut, Anne Fontaine, Robert Gu\u00e9diguian l'auront juste aid\u00e9 \u00e0 creuser sa trace, sans la d\u00e9vier.\r\n Le parcours de Michel Bouquet est une oeuvre, comme le montre la th\u00e9\u00e2tre, le vrai th\u00e9\u00e2tre, dont il se veut le fid\u00e8le serviteur.","authors":["Michel Bouquet"],"category_codes":["6000000","6070000","6070300"],"visuals":{"large":"https:\/\/images.epagine.fr\/312\/9782259215312_1_75.jpg","medium":"https:\/\/images.epagine.fr\/312\/9782259215312_1_m.jpg","thumbnail":"https:\/\/images.epagine.fr\/312\/9782259215312_1_v.jpg"},"orderable":true,"show_badge":true,"formatted_price":"21,00&nbsp;\u20ac","formatted_published_date":"17 novembre 2011","publisher_availability_label":"Sur commande","short_details":"Michel Bouquet \u2014 Plon","translator":null,"weight":380,"page_count":268,"readership":null,"editor":"Plon","price":2100,"published_date":"2011-11-16T23:00:00.000000Z","support":"Grand format","publisher_availability":1,"stock":0,"editions":[],"url":"https:\/\/quaidesbrumes.com\/ouvrage\/9782259215312\/memoire-dacteur"},{"id":"9783829603881","title":"Edwin zwakman fake but acurate \/anglais\/allemand","description":null,"authors":["Zwackman Edwin"],"category_codes":["6000000","6070000","6070200"],"visuals":{"large":"https:\/\/images.epagine.fr\/881\/9783829603881_1_75.jpg","medium":"https:\/\/images.epagine.fr\/881\/9783829603881_1_m.jpg","thumbnail":"https:\/\/images.epagine.fr\/881\/9783829603881_1_v.jpg"},"orderable":true,"show_badge":true,"formatted_price":"48,95&nbsp;\u20ac","formatted_published_date":"18 novembre 2008","publisher_availability_label":"Sur commande","short_details":"Zwackman Edwin \u2014 Schirmer Mosel","translator":null,"weight":958,"page_count":176,"readership":null,"editor":"Schirmer Mosel","price":4895,"published_date":"2008-11-17T23:00:00.000000Z","support":"Grand format","publisher_availability":1,"stock":0,"editions":[],"url":"https:\/\/quaidesbrumes.com\/ouvrage\/9783829603881\/edwin-zwakman-fake-but-acurate-anglaisallemand"},{"id":"9782952606516","title":"Encyclop\u00e9die des longs m\u00e9trages fran\u00e7ais de fiction - 1929-1979 Tome 1 : d'A belles dents \u00e0 l'Amp\u00e9lop\u00e8de","description":null,"authors":["Armel de Lorme"],"category_codes":["6000000","6070000","6070300","6070302"],"visuals":{"large":"https:\/\/quaidesbrumes.com\/img\/book-placeholder.png","medium":"https:\/\/quaidesbrumes.com\/img\/book-placeholder.png","thumbnail":"https:\/\/quaidesbrumes.com\/img\/book-placeholder.png"},"orderable":true,"show_badge":true,"formatted_price":"49,00&nbsp;\u20ac","formatted_published_date":"15 juillet 2011","publisher_availability_label":"Sur commande","short_details":"Armel de Lorme \u2014 Aide-Memoire","translator":null,"weight":0,"page_count":null,"readership":null,"editor":"Aide-Memoire","price":4900,"published_date":"2011-07-14T22:00:00.000000Z","support":"Grand format","publisher_availability":1,"stock":0,"editions":[],"url":"https:\/\/quaidesbrumes.com\/ouvrage\/9782952606516\/encyclopedie-des-longs-metrages-francais-de-fiction-1929-1979-tome-1-da-belles-dents-a-lampelopede"},{"id":"9788857240930","title":"Alfred Hitchcock","description":"Publi\u00e9 \u00e0 l'occasion du 120e anniversaire de la naissance d'Alfred Hitchcock, ce volume c\u00e9l\u00e8bre la vie et le travail du cin\u00e9aste. \u00c0 travers une vaste s\u00e9lection de photos et de contenus originaux tir\u00e9s d'ensembles d'oeuvres telles que Dial M for Murder (1954), Rear Window (1954), Vertigo (1958), North by Northwest (1959), Psycho (1960) et The Birds ( 1963), les lecteurs sont pris dans les coulisses pour mieux comprendre la vie et le travail de ce g\u00e9nie du cin\u00e9ma.","authors":["Collectif"],"category_codes":["6000000","6070000","6070300","6070305"],"visuals":{"large":"https:\/\/images.epagine.fr\/930\/9788857240930_1_75.jpg","medium":"https:\/\/images.epagine.fr\/930\/9788857240930_1_m.jpg","thumbnail":"https:\/\/images.epagine.fr\/930\/9788857240930_1_v.jpg"},"orderable":true,"show_badge":true,"formatted_price":"42,00&nbsp;\u20ac","formatted_published_date":"18 septembre 2019","publisher_availability_label":"Sur commande","short_details":"Collectif \u2014 Skira","translator":null,"weight":900,"page_count":152,"readership":null,"editor":"Skira","price":4200,"published_date":"2019-09-17T22:00:00.000000Z","support":"Grand format","publisher_availability":1,"stock":0,"editions":[],"url":"https:\/\/quaidesbrumes.com\/ouvrage\/9788857240930\/alfred-hitchcock"},{"id":"9783829603935","title":"Simone sassen ultima thule a journey to spitsbergen","description":null,"authors":["Sassen Simone\/Nooteb"],"category_codes":["6000000","6070000","6070200"],"visuals":{"large":"https:\/\/images.epagine.fr\/935\/9783829603935_1_75.jpg","medium":"https:\/\/images.epagine.fr\/935\/9783829603935_1_m.jpg","thumbnail":"https:\/\/images.epagine.fr\/935\/9783829603935_1_v.jpg"},"orderable":true,"show_badge":true,"formatted_price":"36,95&nbsp;\u20ac","formatted_published_date":"30 septembre 2008","publisher_availability_label":"Sur commande","short_details":"Sassen Simone\/Nooteb \u2014 Schirmer Mosel","translator":null,"weight":634,"page_count":128,"readership":null,"editor":"Schirmer Mosel","price":3695,"published_date":"2008-09-29T22:00:00.000000Z","support":"Grand format","publisher_availability":1,"stock":0,"editions":[],"url":"https:\/\/quaidesbrumes.com\/ouvrage\/9783829603935\/simone-sassen-ultima-thule-a-journey-to-spitsbergen"},{"id":"9782884740012","title":"Survivants de l'holocauste aujourd'hui","description":null,"authors":["Jean-pierre Boesch"],"category_codes":["6000000","6070000","6070200"],"visuals":{"large":"https:\/\/quaidesbrumes.com\/img\/book-placeholder.png","medium":"https:\/\/quaidesbrumes.com\/img\/book-placeholder.png","thumbnail":"https:\/\/quaidesbrumes.com\/img\/book-placeholder.png"},"orderable":true,"show_badge":true,"formatted_price":"34,00&nbsp;\u20ac","formatted_published_date":"1er mars 2006","publisher_availability_label":"Sur commande","short_details":"Jean-pierre Boesch \u2014 INFOLIO","translator":null,"weight":1180,"page_count":null,"readership":null,"editor":"INFOLIO","price":3400,"published_date":"2006-02-28T23:00:00.000000Z","support":"Grand format","publisher_availability":1,"stock":0,"editions":[],"url":"https:\/\/quaidesbrumes.com\/ouvrage\/9782884740012\/survivants-de-lholocauste-aujourdhui"},{"id":"9783882437539","title":"Roni Horn : dictionary of water","description":"What do you see when you look at water? American artist Roni Horn suggests 95 answers, 95 directions, 95 possibilities. Here is water as it continuously reshapes itself. Here is a dictionary because water is the ultimate lexicon, because Horn's work is always about completeness. This incredible collection of digitally manipulated photographic images are from Horn's long-term project documenting the River Thames. With this project, she has now completed her study of the river, and this luxurious volume is a perfect final statement of the work. Oversized, linen-bound and slipcased, this book features stochastic screening on extremely heavy paper for the best possible reproduction quality.","authors":["Roni Horn"],"category_codes":["6000000","6070000","6070200","6070205"],"visuals":{"large":"https:\/\/images.epagine.fr\/539\/9783882437539_1_75.jpg","medium":"https:\/\/images.epagine.fr\/539\/9783882437539_1_m.jpg","thumbnail":"https:\/\/images.epagine.fr\/539\/9783882437539_1_v.jpg"},"orderable":true,"show_badge":true,"formatted_price":"89,00&nbsp;\u20ac","formatted_published_date":"26 ao\u00fbt 2001","publisher_availability_label":"Sur commande","short_details":"Roni Horn \u2014 Steidl","translator":null,"weight":1701,"page_count":200,"readership":null,"editor":"Steidl","price":8900,"published_date":"2001-08-25T22:00:00.000000Z","support":"Grand format","publisher_availability":1,"stock":0,"editions":[],"url":"https:\/\/quaidesbrumes.com\/ouvrage\/9783882437539\/roni-horn-dictionary-of-water"},{"id":"9783969993668","title":"Seven stories","description":"A long-overdue reissue of Frank's sought-after set of Polaroid photobooks\r\n\r\nOriginally released in 2009, Seven Stories was the first publication of Robert Frank's Polaroids. Quickly sold-out, it has been a collector's rarity ever since. This 2024 edition makes the book available again at long last, shepherding his extraordinary series to a whole new audience.\r\nAfter completing The Americans, Frank put aside the still image and concentrated throughout the 1960s on filmmaking. He returned to still photography only in the 1970s, using a Polaroid camera with black-and-white positive\/negative film. In recent years, Frank worked almost exclusively with Polaroids, exploring the collage and assemblage possibilities of the instant photograph.\r\nThis slipcased collection of small, staple-bound books represents a new stage in the practice of a remarkable artist who continually challenged the limits of photography and film and strove to avoid repeating himself. As always, the photographs and stories relate to Frank's life and milieu, his homes in Mabou and New York and his travels, including trips to China and Spain.","authors":["Robert Frank"],"category_codes":["6000000","6070000","6070200","6070205"],"visuals":{"large":"https:\/\/images.epagine.fr\/668\/9783969993668_1_75.jpg","medium":"https:\/\/images.epagine.fr\/668\/9783969993668_1_m.jpg","thumbnail":"https:\/\/images.epagine.fr\/668\/9783969993668_1_v.jpg"},"orderable":false,"show_badge":true,"formatted_price":"50,00&nbsp;\u20ac","formatted_published_date":"1er octobre 2026","publisher_availability_label":"\u00c0 para\u00eetre","short_details":"Robert Frank \u2014 Steidl","translator":null,"weight":1000,"page_count":124,"readership":null,"editor":"Steidl","price":5000,"published_date":"2026-09-30T22:00:00.000000Z","support":"Grand format","publisher_availability":2,"stock":0,"editions":[],"url":"https:\/\/quaidesbrumes.com\/ouvrage\/9783969993668\/seven-stories"},{"id":"9782747505956","title":"L'HISTOIRE INFILMABLE : Les camps d'extermination nazis \u00e0 l'\u00e9cran","description":"Comment la m\u00e9moire historique se structure-t-elle? Peut-il r\u00e9ellement y avoir connaissance du pass\u00e9 par la reconstitution filmique ? Cet ouvrage prend les camps d'extermination nazis et le g\u00e9nocide juif comme objets d'\u00e9tude. En comparant trois oeuvres d\u00e9cisives Nuit et Brouillard (1955), Shoah (1985) et La liste de Schindler (1993), il analyse les trois grandes phases de la perception historique qui se sont succ\u00e9d\u00e9 depuis 1945: depuis la volont\u00e9 d'oubli, le m\u00e9lange de mise \u00e0 distance et de compassion jusqu'aux probl\u00e8mes d'interpr\u00e9tation et la surench\u00e8re pol\u00e9mique et m\u00e9diatique d'aujourd'hui.","authors":["Vincent Lowy"],"category_codes":["6000000","6070000","6070200"],"visuals":{"large":"https:\/\/images.epagine.fr\/956\/9782747505956_1_75.jpg","medium":"https:\/\/images.epagine.fr\/956\/9782747505956_1_m.jpg","thumbnail":"https:\/\/images.epagine.fr\/956\/9782747505956_1_v.jpg"},"orderable":true,"show_badge":true,"formatted_price":"25,00&nbsp;\u20ac","formatted_published_date":"1er novembre 2003","publisher_availability_label":"Sur commande","short_details":"Vincent Lowy \u2014 \u00c9ditions L'Harmattan","translator":null,"weight":276,"page_count":234,"readership":null,"editor":"\u00c9ditions L'Harmattan","price":2500,"published_date":"2003-10-31T23:00:00.000000Z","support":"Grand format","publisher_availability":1,"stock":0,"editions":[],"url":"https:\/\/quaidesbrumes.com\/ouvrage\/9782747505956\/lhistoire-infilmable-les-camps-dextermination-nazis-a-lecran"},{"id":"9782747504157","title":"T\u00e9l\u00e9vision : questions de formes","description":"Cet ouvrage est une des premiers en France \u00e0 traiter de la t\u00e9l\u00e9vision sous l'angle des formes et de l'\u00e9criture audiovisuelle. Emissions et films sont abord\u00e9s selon des \u00e9chelles variables : des oeuvres d'auteur, comme les essais-vid\u00e9os de Godard ou les \u00e9missions litt\u00e9raires du tandem Bober-Dumayet ; des figures, des genres : les jeux t\u00e9l\u00e9vis\u00e9s et le talk-shaw ou les nouvelles modalit\u00e9s d'\u00e9criture rythmique et pulsionnelle qui caract\u00e9rise d\u00e9sormais certaines cha\u00eenes.","authors":["Ren\u00e9 Gardies","Marie-Claude Taranger"],"category_codes":["6000000","6070000","6070300"],"visuals":{"large":"https:\/\/images.epagine.fr\/157\/9782747504157_1_75.jpg","medium":"https:\/\/images.epagine.fr\/157\/9782747504157_1_m.jpg","thumbnail":"https:\/\/images.epagine.fr\/157\/9782747504157_1_v.jpg"},"orderable":true,"show_badge":true,"formatted_price":"22,50&nbsp;\u20ac","formatted_published_date":"1er novembre 2003","publisher_availability_label":"Sur commande","short_details":"Ren\u00e9 Gardies, Marie-Claude Taranger \u2014 \u00c9ditions L'Harmattan","translator":null,"weight":356,"page_count":255,"readership":null,"editor":"\u00c9ditions L'Harmattan","price":2250,"published_date":"2003-10-31T23:00:00.000000Z","support":"Grand format","publisher_availability":1,"stock":0,"editions":[],"url":"https:\/\/quaidesbrumes.com\/ouvrage\/9782747504157\/television-questions-de-formes"},{"id":"9782952968935","title":"March\u00e9s d'Afrique","description":"Un march\u00e9 d'Afrique est une fen\u00eatre ouverte sur sa contr\u00e9e, un ajour subtil qui permet d'en entrevoir l'\u00e2me, le caract\u00e8re et les secrets.\r\nEntre d\u00e9sert et for\u00eat pluviale, au carrefour des mondes nomade et villageois, des terres d'\u00e9levage et de cultures, il t\u00e9moigne des hommes et de leur vie. Anim\u00e9, color\u00e9, odorant, bruissant, il est le coeur battant de l'Afrique et son lieu de rencontres privil\u00e9gi\u00e9. Le long de ses all\u00e9es s'offre au regard et se n\u00e9gocie tout ce qui, utile, futile ou n\u00e9cessaire, participe \u00e0 la vie quotidienne. Fruits, l\u00e9gumes, c\u00e9r\u00e9ales, poissons, b\u00e9tail, poteries, paniers, cotonnades, calebasses, chacun de ces produits a son histoire, une histoire de nature et d'hommes.","authors":["Eric Sellato"],"category_codes":["6000000","6070000","6070200"],"visuals":{"large":"https:\/\/images.epagine.fr\/935\/9782952968935_1_75.jpg","medium":"https:\/\/images.epagine.fr\/935\/9782952968935_1_m.jpg","thumbnail":"https:\/\/images.epagine.fr\/935\/9782952968935_1_v.jpg"},"orderable":true,"show_badge":true,"formatted_price":"30,00&nbsp;\u20ac","formatted_published_date":"22 septembre 2010","publisher_availability_label":"Sur commande","short_details":"Eric Sellato \u2014 \u00c9ditions Kodda","translator":null,"weight":1657,"page_count":null,"readership":"Tout public","editor":"\u00c9ditions Kodda","price":3000,"published_date":"2010-09-21T22:00:00.000000Z","support":"Grand format","publisher_availability":1,"stock":0,"editions":[],"url":"https:\/\/quaidesbrumes.com\/ouvrage\/9782952968935\/marches-dafrique"},{"id":"9783829600316","title":"Jorg sasse arbeiten am bild \/allemand","description":null,"authors":["Kreul\/Linke"],"category_codes":["6000000","6070000","6070200"],"visuals":{"large":"https:\/\/images.epagine.fr\/316\/9783829600316_1_75.jpg","medium":"https:\/\/images.epagine.fr\/316\/9783829600316_1_m.jpg","thumbnail":"https:\/\/images.epagine.fr\/316\/9783829600316_1_v.jpg"},"orderable":true,"show_badge":true,"formatted_price":"48,95&nbsp;\u20ac","formatted_published_date":"14 septembre 2005","publisher_availability_label":"Sur commande","short_details":"Kreul\/Linke \u2014 Schirmer Mosel","translator":null,"weight":1296,"page_count":null,"readership":null,"editor":"Schirmer Mosel","price":4895,"published_date":"2005-09-13T22:00:00.000000Z","support":"Beaux-livres","publisher_availability":1,"stock":0,"editions":[],"url":"https:\/\/quaidesbrumes.com\/ouvrage\/9783829600316\/jorg-sasse-arbeiten-am-bild-allemand"},{"id":"9782742737550","title":"Eric aupol","description":"Dans la p\u00e9nombre des photographies d'Eric Aupol s'infiltre une lumi\u00e8re qui r\u00e9v\u00e8le la profondeur d'une architecture, l'intimit\u00e9 d'endroits vides, et l'\u00e9paisseur d'une histoire, les s\u00e9diments d'un lieu nu.\r\nEn la penumbra de las fotografias de Eric Aupol se infiltra una luz que revela la profundidad de una arquitectura, la intimidad de lugares vacios y el espesor de una historia, los sedimentos de un lugar desnudo.","authors":["Dominique Baqu\u00e9"],"category_codes":["6000000","6070000","6070200"],"visuals":{"large":"https:\/\/images.epagine.fr\/550\/9782742737550_1_75.jpg","medium":"https:\/\/images.epagine.fr\/550\/9782742737550_1_m.jpg","thumbnail":"https:\/\/images.epagine.fr\/550\/9782742737550_1_v.jpg"},"orderable":true,"show_badge":true,"formatted_price":"9,20&nbsp;\u20ac","formatted_published_date":"28 f\u00e9vrier 2002","publisher_availability_label":"Sur commande","short_details":"Dominique Baqu\u00e9 \u2014 Actes Sud","translator":null,"weight":83,"page_count":63,"readership":null,"editor":"Actes Sud","price":920,"published_date":"2002-02-27T23:00:00.000000Z","support":"Grand format","publisher_availability":1,"stock":0,"editions":[],"url":"https:\/\/quaidesbrumes.com\/ouvrage\/9782742737550\/eric-aupol"},{"id":"9782742737567","title":"Corinne mercadier","description":"Les voiles de Corinne Mercadier sont comme les traces d'un invisible dans le r\u00e9el, comme les masques du visible par son au-del\u00e0.\r\nApparences furtives reconstitu\u00e9es dans la vapeur d'\u00e9toffes, ils insufflent aux \u00eatres photographi\u00e9s une \u00e9tranget\u00e9 fantomatique.\r\nLas telas de Corinne Mercadier son como las huellas de lo invisible en lo real, como las m\u00e0scaras de lo visible a trav\u00e9s de su m\u00e0s all\u00e0. Apariencias furtivas reconstituidas en el vapor de las telas que comunican a los seres fotografiados una singularidad fantasmal.","authors":["Charlotte Coupaye"],"category_codes":["6000000","6070000","6070200"],"visuals":{"large":"https:\/\/images.epagine.fr\/567\/9782742737567_1_75.jpg","medium":"https:\/\/images.epagine.fr\/567\/9782742737567_1_m.jpg","thumbnail":"https:\/\/images.epagine.fr\/567\/9782742737567_1_v.jpg"},"orderable":true,"show_badge":true,"formatted_price":"9,20&nbsp;\u20ac","formatted_published_date":"28 f\u00e9vrier 2002","publisher_availability_label":"Sur commande","short_details":"Charlotte Coupaye \u2014 Actes Sud","translator":null,"weight":83,"page_count":63,"readership":null,"editor":"Actes Sud","price":920,"published_date":"2002-02-27T23:00:00.000000Z","support":"Grand format","publisher_availability":1,"stock":0,"editions":[],"url":"https:\/\/quaidesbrumes.com\/ouvrage\/9782742737567\/corinne-mercadier"}]}