{"data":[{"id":"9783888141775","title":"20 jahre vogue","description":"R\u00e9\u00e9dition de cette r\u00e9trospective incontournable du travail du photographe Elger Esser.","authors":["Esser Elger"],"category_codes":["6000000","6070000","6070200"],"visuals":{"large":"https:\/\/images.epagine.fr\/775\/9783888141775_1_75.jpg","medium":"https:\/\/images.epagine.fr\/775\/9783888141775_1_m.jpg","thumbnail":"https:\/\/images.epagine.fr\/775\/9783888141775_1_v.jpg"},"orderable":true,"show_badge":true,"formatted_price":"79,95&nbsp;\u20ac","formatted_published_date":"1er juillet 2001","publisher_availability_label":"Sur commande","short_details":"Esser Elger \u2014 Schirmer Mosel","translator":null,"weight":1501,"page_count":132,"readership":null,"editor":"Schirmer Mosel","price":7995,"published_date":"2001-06-30T22:00:00.000000Z","support":"Beaux-livres","publisher_availability":1,"stock":0,"editions":[],"url":"https:\/\/quaidesbrumes.com\/ouvrage\/9783888141775\/20-jahre-vogue"},{"id":"9782732425665","title":"Les bebes du monde, agenda 2000","description":null,"authors":["Collectif"],"category_codes":["6000000","6070000","6070200"],"visuals":{"large":"https:\/\/quaidesbrumes.com\/img\/book-placeholder.png","medium":"https:\/\/quaidesbrumes.com\/img\/book-placeholder.png","thumbnail":"https:\/\/quaidesbrumes.com\/img\/book-placeholder.png"},"orderable":true,"show_badge":true,"formatted_price":"17,53&nbsp;\u20ac","formatted_published_date":"21 juin 1999","publisher_availability_label":"Sur commande","short_details":"Collectif \u2014 \u00c9ditions de la Martini\u00e8re","translator":null,"weight":532,"page_count":null,"readership":null,"editor":"\u00c9ditions de la Martini\u00e8re","price":1753,"published_date":"1999-06-20T22:00:00.000000Z","support":"Grand format","publisher_availability":1,"stock":0,"editions":[],"url":"https:\/\/quaidesbrumes.com\/ouvrage\/9782732425665\/les-bebes-du-monde-agenda-2000"},{"id":"9782952606554","title":"Encyclop\u00e9die des longs m\u00e9trages fran\u00e7ais de fiction - 1929-1979 Tome 4 : de Bob le flambeur \u00e0 Bye bye Barbara","description":null,"authors":["Armel de Lorme"],"category_codes":["6000000","6070000","6070300","6070302"],"visuals":{"large":"https:\/\/images.epagine.fr\/554\/9782952606554_1_75.jpg","medium":"https:\/\/images.epagine.fr\/554\/9782952606554_1_m.jpg","thumbnail":"https:\/\/images.epagine.fr\/554\/9782952606554_1_v.jpg"},"orderable":true,"show_badge":true,"formatted_price":"49,00&nbsp;\u20ac","formatted_published_date":"15 mai 2013","publisher_availability_label":"Sur commande","short_details":"Armel de Lorme \u2014 Aide-Memoire","translator":null,"weight":455,"page_count":null,"readership":null,"editor":"Aide-Memoire","price":4900,"published_date":"2013-05-14T22:00:00.000000Z","support":"Grand format","publisher_availability":1,"stock":0,"editions":[],"url":"https:\/\/quaidesbrumes.com\/ouvrage\/9782952606554\/encyclopedie-des-longs-metrages-francais-de-fiction-1929-1979-tome-4-de-bob-le-flambeur-a-bye-bye-barbara"},{"id":"9782738490988","title":"LECTURES ASIATIQUES DE L'oeUVRE DE FRANCOIS TRUFFAUT","description":"L'auteur nous trace ici les particularit\u00e9s de son succ\u00e8s en Asie. Nous red\u00e9couvrons ainsi les films de Truffaut au travers du confucianisme chinois, de la loi du karma, du th\u00e9\u00e2tre n\u00f4 japonais ou des combats socio-politiques \u00e0 Sri Lanka","authors":["Laurence Alfonsi"],"category_codes":["6000000","6010000","6010400"],"visuals":{"large":"https:\/\/images.epagine.fr\/988\/9782738490988_1_75.jpg","medium":"https:\/\/images.epagine.fr\/988\/9782738490988_1_m.jpg","thumbnail":"https:\/\/images.epagine.fr\/988\/9782738490988_1_v.jpg"},"orderable":true,"show_badge":true,"formatted_price":"24,00&nbsp;\u20ac","formatted_published_date":"11 juillet 2000","publisher_availability_label":"Sur commande","short_details":"Laurence Alfonsi \u2014 \u00c9ditions L'Harmattan","translator":null,"weight":470,"page_count":278,"readership":null,"editor":"\u00c9ditions L'Harmattan","price":2400,"published_date":"2000-07-10T22:00:00.000000Z","support":"Grand format","publisher_availability":1,"stock":0,"editions":[],"url":"https:\/\/quaidesbrumes.com\/ouvrage\/9782738490988\/lectures-asiatiques-de-loeuvre-de-francois-truffaut"},{"id":"9782858023639","title":"Transsaharienne","description":"Photos couleurs et noir et blanc","authors":["Desjeux","A. Riondet"],"category_codes":["6000000","6070000","6070200"],"visuals":{"large":"https:\/\/images.epagine.fr\/639\/9782858023639_1_75.jpg","medium":"https:\/\/images.epagine.fr\/639\/9782858023639_1_m.jpg","thumbnail":"https:\/\/images.epagine.fr\/639\/9782858023639_1_v.jpg"},"orderable":true,"show_badge":true,"formatted_price":"15,00&nbsp;\u20ac","formatted_published_date":"1er d\u00e9cembre 2004","publisher_availability_label":"Sur commande","short_details":"Desjeux, A. Riondet \u2014 \u00c9ditions L'Harmattan","translator":null,"weight":232,"page_count":null,"readership":null,"editor":"\u00c9ditions L'Harmattan","price":1500,"published_date":"2004-11-30T23:00:00.000000Z","support":"Grand format","publisher_availability":1,"stock":0,"editions":[],"url":"https:\/\/quaidesbrumes.com\/ouvrage\/9782858023639\/transsaharienne"},{"id":"9780948513206","title":"Plantes et fleurs de madere","description":null,"authors":["Collectif"],"category_codes":["6000000","6070000","6070200"],"visuals":{"large":"https:\/\/quaidesbrumes.com\/img\/book-placeholder.png","medium":"https:\/\/quaidesbrumes.com\/img\/book-placeholder.png","thumbnail":"https:\/\/quaidesbrumes.com\/img\/book-placeholder.png"},"orderable":true,"show_badge":true,"formatted_price":"30,34&nbsp;\u20ac","formatted_published_date":"5 juillet 2000","publisher_availability_label":"Sur commande","short_details":"Collectif \u2014 Sunflower","translator":null,"weight":0,"page_count":null,"readership":null,"editor":"Sunflower","price":3034,"published_date":"2000-07-04T22:00:00.000000Z","support":"Grand format","publisher_availability":1,"stock":0,"editions":[],"url":"https:\/\/quaidesbrumes.com\/ouvrage\/9780948513206\/plantes-et-fleurs-de-madere"},{"id":"9782880863098","title":"Caravanes","description":null,"authors":["Xavier Lecoultre"],"category_codes":["6000000","6070000","6070200"],"visuals":{"large":"https:\/\/images.epagine.fr\/098\/9782880863098_1_75.jpg","medium":"https:\/\/images.epagine.fr\/098\/9782880863098_1_m.jpg","thumbnail":"https:\/\/images.epagine.fr\/098\/9782880863098_1_v.jpg"},"orderable":true,"show_badge":true,"formatted_price":"55,00&nbsp;\u20ac","formatted_published_date":"25 mai 2004","publisher_availability_label":"Sur commande","short_details":"Xavier Lecoultre \u2014 OLIZANE","translator":null,"weight":620,"page_count":null,"readership":null,"editor":"OLIZANE","price":5500,"published_date":"2004-05-24T22:00:00.000000Z","support":"Grand format","publisher_availability":1,"stock":0,"editions":[],"url":"https:\/\/quaidesbrumes.com\/ouvrage\/9782880863098\/caravanes"},{"id":"9782738490438","title":"Economie du cinema europeen : de l'interventionnisme a l'action entrepreneuriale","description":"Le pr\u00e9sent ouvrage s'attache \u00e0 d\u00e9crire et \u00e0 expliquer le fonctionnement et les transformations de l'industrie cin\u00e9matographique en Europe. Comprendre le fonctionnement du cin\u00e9ma en Europe, c'est d'abord saisir les rouages d'un syst\u00e8me complexe \u00e0 travers une analyse en terme de fili\u00e8re. C'est ensuite, au vu des difficult\u00e9s rencontr\u00e9es par la production, la distribution et l'exploitation de longs m\u00e9trages, mieux percevoir les motivations d'un financement public massif et souvent critiqu\u00e9. C'est enfin r\u00e9pertorier et analyser les nouveaux financements.","authors":["Eric Dubet"],"category_codes":["6000000","6070000","6070300"],"visuals":{"large":"https:\/\/images.epagine.fr\/438\/9782738490438_1_75.jpg","medium":"https:\/\/images.epagine.fr\/438\/9782738490438_1_m.jpg","thumbnail":"https:\/\/images.epagine.fr\/438\/9782738490438_1_v.jpg"},"orderable":true,"show_badge":true,"formatted_price":"30,00&nbsp;\u20ac","formatted_published_date":"15 avril 2000","publisher_availability_label":"Sur commande","short_details":"Eric Dubet \u2014 \u00c9ditions L'Harmattan","translator":null,"weight":378,"page_count":null,"readership":null,"editor":"\u00c9ditions L'Harmattan","price":3000,"published_date":"2000-04-14T22:00:00.000000Z","support":"Grand format","publisher_availability":1,"stock":0,"editions":[],"url":"https:\/\/quaidesbrumes.com\/ouvrage\/9782738490438\/economie-du-cinema-europeen-de-linterventionnisme-a-laction-entrepreneuriale"},{"id":"9782271057303","title":"La Cin\u00e9math\u00e8que fran\u00e7aise de 1936 \u00e0 nos jours","description":"L'id\u00e9e de la conservation des films est contemporaine de la naissance du cin\u00e9ma, mais les premi\u00e8res cin\u00e9math\u00e8ques apparaissent seulement dans les ann\u00e9es 1930. Cette situation est li\u00e9e au statut m\u00eame du cin\u00e9ma qui, avant d'\u00eatre reconnu comme un art majeur, fut longtemps consid\u00e9r\u00e9 comme un simple divertissement. L'histoire mouvement\u00e9e de la Cin\u00e9math\u00e8que fran\u00e7aise, cr\u00e9\u00e9e en 1936, r\u00e9sume les contradictions qui se nouent autour de la pr\u00e9servation des films : lesquels conserver et comment g\u00e9rer le lien difficile entre des organismes priv\u00e9s et leur indispensable financement public. De l'action pr\u00e9coce et d\u00e9sint\u00e9ress\u00e9e de passionn\u00e9s \u00e0 la lente prise de conscience de l'\u00c9tat face \u00e0 la conservation d'un patrimoine national fragile, cet ouvrage permet de mettre en exergue le r\u00f4le pionnier de certaines personnalit\u00e9s (Henri Langlois, Georges Franju, Jean Mitry) et d\u00e9bouche sur une question actuelle : la place du cin\u00e9ma et le r\u00f4le des cin\u00e9math\u00e8ques dans un environnement audiovisuel de plus en plus diversifi\u00e9 et concurrentiel.","authors":["Patrick Olmeta"],"category_codes":["6000000","6070000","6070300"],"visuals":{"large":"https:\/\/images.epagine.fr\/303\/9782271057303_1_75.jpg","medium":"https:\/\/images.epagine.fr\/303\/9782271057303_1_m.jpg","thumbnail":"https:\/\/images.epagine.fr\/303\/9782271057303_1_v.jpg"},"orderable":true,"show_badge":true,"formatted_price":"19,25&nbsp;\u20ac","formatted_published_date":"15 juin 2000","publisher_availability_label":"Sur commande","short_details":"Patrick Olmeta \u2014 CNRS","translator":null,"weight":403,"page_count":240,"readership":null,"editor":"CNRS","price":1925,"published_date":"2000-06-14T22:00:00.000000Z","support":"Grand format","publisher_availability":1,"stock":0,"editions":[],"url":"https:\/\/quaidesbrumes.com\/ouvrage\/9782271057303\/la-cinematheque-francaise-de-1936-a-nos-jours"},{"id":"9782952606592","title":"Encyclop\u00e9die des longs m\u00e9trages fran\u00e7ais de fiction - 1929-1979 Tome 7 : de Check-up \u00e0 la su\u00e9doise \u00e0 Club priv\u00e9","description":null,"authors":["Armel de Lorme"],"category_codes":["6000000","6070000","6070300","6070302"],"visuals":{"large":"https:\/\/images.epagine.fr\/592\/9782952606592_1_75.jpg","medium":"https:\/\/images.epagine.fr\/592\/9782952606592_1_m.jpg","thumbnail":"https:\/\/images.epagine.fr\/592\/9782952606592_1_v.jpg"},"orderable":true,"show_badge":true,"formatted_price":"51,00&nbsp;\u20ac","formatted_published_date":"15 mars 2013","publisher_availability_label":"Sur commande","short_details":"Armel de Lorme \u2014 Aide-Memoire","translator":null,"weight":475,"page_count":null,"readership":null,"editor":"Aide-Memoire","price":5100,"published_date":"2013-03-14T23:00:00.000000Z","support":"Grand format","publisher_availability":1,"stock":0,"editions":[],"url":"https:\/\/quaidesbrumes.com\/ouvrage\/9782952606592\/encyclopedie-des-longs-metrages-francais-de-fiction-1929-1979-tome-7-de-check-up-a-la-suedoise-a-club-prive"},{"id":"9782738497758","title":"Journalistes enseignants - concurrence ou interaction ?","description":"Les m\u00e9dias font d\u00e9sormais partie int\u00e9grante de l'univers des \u00e9l\u00e8ves et d\u00e9veloppent un milieu technologique que l'\u00e9cole semble en peine d'int\u00e9grer. La faible p\u00e9n\u00e9tration des m\u00e9dias dans la \" citadelle-\u00e9cole \" met en lumi\u00e8re le d\u00e9calage de plus en plus manifeste entre les r\u00e9alit\u00e9s scolaires et celles - technologiques et virtuelles - d'un nouvel environnement qui affecte nos repr\u00e9sentations de l'espace et du temps, nos modes de travail, nos relations, nos processus d'acquisition des savoirs - Une analyse qui l\u00e9gitime l'\u00e9ducation aux m\u00e9dias.","authors":["Fabrice Barth\u00e9l\u00e9my"],"category_codes":["6000000","6070000","6070200"],"visuals":{"large":"https:\/\/images.epagine.fr\/758\/9782738497758_1_75.jpg","medium":"https:\/\/images.epagine.fr\/758\/9782738497758_1_m.jpg","thumbnail":"https:\/\/images.epagine.fr\/758\/9782738497758_1_v.jpg"},"orderable":true,"show_badge":true,"formatted_price":"27,50&nbsp;\u20ac","formatted_published_date":"1er janvier 2001","publisher_availability_label":"Sur commande","short_details":"Fabrice Barth\u00e9l\u00e9my \u2014 \u00c9ditions L'Harmattan","translator":null,"weight":365,"page_count":302,"readership":null,"editor":"\u00c9ditions L'Harmattan","price":2750,"published_date":"2000-12-31T23:00:00.000000Z","support":"Grand format","publisher_availability":1,"stock":0,"editions":[],"url":"https:\/\/quaidesbrumes.com\/ouvrage\/9782738497758\/journalistes-enseignants-concurrence-ou-interaction"},{"id":"9782952606523","title":"Encyclop\u00e9die des longs m\u00e9trages fran\u00e7ais de fiction - 1929-1979 Tome 2 : de l'an 01 \u00e0 Aza\u00efs","description":null,"authors":["Armel de Lorme"],"category_codes":["6000000","6070000","6070300","6070302"],"visuals":{"large":"https:\/\/images.epagine.fr\/523\/9782952606523_1_75.jpg","medium":"https:\/\/images.epagine.fr\/523\/9782952606523_1_m.jpg","thumbnail":"https:\/\/images.epagine.fr\/523\/9782952606523_1_v.jpg"},"orderable":true,"show_badge":true,"formatted_price":"49,00&nbsp;\u20ac","formatted_published_date":"15 mai 2013","publisher_availability_label":"Sur commande","short_details":"Armel de Lorme \u2014 Aide-Memoire","translator":null,"weight":580,"page_count":343,"readership":null,"editor":"Aide-Memoire","price":4900,"published_date":"2013-05-14T22:00:00.000000Z","support":"Grand format","publisher_availability":1,"stock":0,"editions":[],"url":"https:\/\/quaidesbrumes.com\/ouvrage\/9782952606523\/encyclopedie-des-longs-metrages-francais-de-fiction-1929-1979-tome-2-de-lan-01-a-azais"},{"id":"9782097541932","title":"Duo","description":null,"authors":["Vanden Eeckhoudt Mic"],"category_codes":["6000000","6070000","6070200"],"visuals":{"large":"https:\/\/images.epagine.fr\/932\/9782097541932_1_75.jpg","medium":"https:\/\/images.epagine.fr\/932\/9782097541932_1_m.jpg","thumbnail":"https:\/\/images.epagine.fr\/932\/9782097541932_1_v.jpg"},"orderable":true,"show_badge":true,"formatted_price":"43,00&nbsp;\u20ac","formatted_published_date":"11 f\u00e9vrier 2004","publisher_availability_label":"Sur commande","short_details":"Vanden Eeckhoudt Mic \u2014 delpire & co","translator":null,"weight":1235,"page_count":null,"readership":null,"editor":"delpire & co","price":4300,"published_date":"2004-02-10T23:00:00.000000Z","support":"Grand format","publisher_availability":1,"stock":0,"editions":[],"url":"https:\/\/quaidesbrumes.com\/ouvrage\/9782097541932\/duo"},{"id":"9782738489517","title":"LE CIN\u00c9MA DES ANN\u00c9ES TRENTE PAR CEUX QUI L'ONT FAIT : Tome I : Les d\u00e9buts du parlant : 1929-1934","description":"Cinq volumes pour suivre l'\u00e9volution du Cin\u00e9ma Fran\u00e7ais, depuis l'arriv\u00e9e du parlant jusqu'\u00e0 la fin des Ann\u00e9es Cinquante, \u00e0 travers pr\u00e8s de cent cinquante interviews de contemporains qui ont fait son Histoire (com\u00e9diens, producteurs, cin\u00e9astes, op\u00e9rateurs, d\u00e9corateurs. et historiens).\r\n\r\nLE CIN\u00c9MA DES ANN\u00c9ES TRENTE PAR CEUX QUI L'ONT FAIT\r\nTome I : Les d\u00e9buts du parlant : 1929-1934 : Vous trouverez les t\u00e9moignages suivants : Annabella, Jeanne Boitel, Jean Dast\u00e9, Orane Demazis, Marie Epstein, Madeleine Renaud, Charles Vanel, Jean Weber","authors":["Christian Gilles"],"category_codes":["6000000","6070000","6070200"],"visuals":{"large":"https:\/\/images.epagine.fr\/517\/9782738489517_1_75.jpg","medium":"https:\/\/images.epagine.fr\/517\/9782738489517_1_m.jpg","thumbnail":"https:\/\/images.epagine.fr\/517\/9782738489517_1_v.jpg"},"orderable":true,"show_badge":true,"formatted_price":"22,50&nbsp;\u20ac","formatted_published_date":"1er janvier 2001","publisher_availability_label":"Sur commande","short_details":"Christian Gilles \u2014 \u00c9ditions L'Harmattan","translator":null,"weight":304,"page_count":248,"readership":null,"editor":"\u00c9ditions L'Harmattan","price":2250,"published_date":"2000-12-31T23:00:00.000000Z","support":"Grand format","publisher_availability":1,"stock":0,"editions":[],"url":"https:\/\/quaidesbrumes.com\/ouvrage\/9782738489517\/le-cinema-des-annees-trente-par-ceux-qui-lont-fait-tome-i-les-debuts-du-parlant-1929-1934"},{"id":"9783888149702","title":"Anselm kiefer ich halte alle indien in meiner hand \/allemand","description":null,"authors":["Anselm Kiefer"],"category_codes":["6000000","6070000","6070200"],"visuals":{"large":"https:\/\/images.epagine.fr\/702\/9783888149702_1_75.jpg","medium":"https:\/\/images.epagine.fr\/702\/9783888149702_1_m.jpg","thumbnail":"https:\/\/images.epagine.fr\/702\/9783888149702_1_v.jpg"},"orderable":true,"show_badge":true,"formatted_price":"55,95&nbsp;\u20ac","formatted_published_date":"30 novembre 2000","publisher_availability_label":"Sur commande","short_details":"Anselm Kiefer \u2014 Schirmer Mosel","translator":null,"weight":856,"page_count":76,"readership":null,"editor":"Schirmer Mosel","price":5595,"published_date":"2000-11-29T23:00:00.000000Z","support":"Beaux-livres","publisher_availability":1,"stock":0,"editions":[],"url":"https:\/\/quaidesbrumes.com\/ouvrage\/9783888149702\/anselm-kiefer-ich-halte-alle-indien-in-meiner-hand-allemand"},{"id":"9783754402719","title":"Peter Beard: The End of the Game","description":"R\u00e9guler la vie\r\nLe portrait essentiel et pr\u00e9coce d'une faune africaine en crise\r\n\r\nPublication majeure sur l'Afrique, The End of the Game allie le texte essentiel de Peter Beard \u00e0 ses remarquables photographies qui, ensemble, rendent compte de la surpopulation et de la famine qui terrassaient des dizaines de milliers d'\u00e9l\u00e9phants, de rhinoc\u00e9ros et d'hippopotames dans les plaines du Tsavo, au Kenya, et dans les parcs ougandais dans les ann\u00e9es 1960 et 1970.\r\n\r\nCompos\u00e9 apr\u00e8s vingt ans de recherches et de travail sur le terrain, actualis\u00e9 plusieurs fois depuis sa premi\u00e8re parution avec de nouveaux documents, ce livre est l'oeuvre ma\u00eetresse de Beard - un t\u00e9moignage puissant et poignant sur les ravages caus\u00e9s par l'intervention humaine en Afrique. Ses propres images et textes sont compl\u00e9t\u00e9s par des photos anciennes et des citations d'entrepreneurs, d'explorateurs, de missionnaires et de chasseurs de gros gibier, dont la qu\u00eate d'aventure et de \u00abprogr\u00e8s\u00bb a chang\u00e9 la face du continent: Theodore Roosevelt, Frederick Courteney Selous, Karen Blixen (Isak Dinesen), Philip Percival, J. A. Hunter, Ernest Hemingway et J. H. Patterson.\r\n\r\nCette nouvelle \u00e9dition inclut un entretien avec le d\u00e9fenseur de l'environnement Esmond Bradley Martin, ainsi que des essais repris de pr\u00e9c\u00e9dentes \u00e9ditions, sign\u00e9es du c\u00e9l\u00e8bre \u00e9crivain Paul Theroux, de l'\u00e9cologiste Richard M. Laws, et une contribution \u00e0 la postface par l'agronome Norman Borlaug. Parce qu'il aborde des th\u00e8mes comme la distance par rapport \u00e0 la nature, la densit\u00e9 et le stress, la perte du sens commun, ce portrait incomparable r\u00e9sonne encore aujourd'hui, alors que la crise environnementale s'aggrave, comme, d\u00e9j\u00e0, il y a un demi-si\u00e8cle.\r","authors":["Peter Beard"],"category_codes":["6000000","6070000","6070200","6070205"],"visuals":{"large":"https:\/\/images.epagine.fr\/719\/9783754402719_1_75.jpg","medium":"https:\/\/images.epagine.fr\/719\/9783754402719_1_m.jpg","thumbnail":"https:\/\/images.epagine.fr\/719\/9783754402719_1_v.jpg"},"orderable":false,"show_badge":true,"formatted_price":"80,00&nbsp;\u20ac","formatted_published_date":"29 mai 2026","publisher_availability_label":"\u00c0 para\u00eetre","short_details":"Peter Beard \u2014 Taschen","translator":null,"weight":1632,"page_count":304,"readership":null,"editor":"Taschen","price":8000,"published_date":"2026-05-28T22:00:00.000000Z","support":"Beaux-livres","publisher_availability":2,"stock":0,"editions":[],"url":"https:\/\/quaidesbrumes.com\/ouvrage\/9783754402719\/peter-beard-the-end-of-the-game"},{"id":"9782710309901","title":"En Toscane","description":"En Toscane est une c\u00e9l\u00e9bration sensuelle et savoureuse des plaisirs de la vie \u00e0 l'italienne, sous tous ses aspects : \u00e0 la maison, dans les restaurants, sur les march\u00e9s ou les piazzas, parmi les vignobles ou les champs d'oliviers.\r\nAu fil des saisons et des f\u00eates, Frances Mayes a explor\u00e9 les ressources infinies de son terroir d'adoption. Apr\u00e8s dix \u00e9t\u00e9s, six s\u00e9jours en hiver, une ann\u00e9e sabbatique et plusieurs escapades, l'\u00e9crivain s'\u00e9merveille encore des subtilit\u00e9s du pays toscan et de l'hospitalit\u00e9 de ses habitants.","authors":["Frances Meyes"],"category_codes":["6000000","6070000","6070200"],"visuals":{"large":"https:\/\/images.epagine.fr\/901\/9782710309901_1_75.jpg","medium":"https:\/\/images.epagine.fr\/901\/9782710309901_1_m.jpg","thumbnail":"https:\/\/images.epagine.fr\/901\/9782710309901_1_v.jpg"},"orderable":true,"show_badge":true,"formatted_price":"37,20&nbsp;\u20ac","formatted_published_date":"9 mai 2001","publisher_availability_label":"Sur commande","short_details":"Frances Meyes \u2014 \u00c9ditions de La Table Ronde","translator":null,"weight":1340,"page_count":272,"readership":null,"editor":"\u00c9ditions de La Table Ronde","price":3720,"published_date":"2001-05-08T22:00:00.000000Z","support":"Beaux-livres","publisher_availability":1,"stock":0,"editions":[],"url":"https:\/\/quaidesbrumes.com\/ouvrage\/9782710309901\/en-toscane"},{"id":"9782869391185","title":"Cin\u00e9ma, \u00e9criture et histoire dans femmes au bord de la crise de nerfs d'Almodovar","description":null,"authors":["Jocelyne Bourligueux"],"category_codes":["6000000","6070000","6070300"],"visuals":{"large":"https:\/\/images.epagine.fr\/185\/9782869391185_1_75.jpg","medium":"https:\/\/images.epagine.fr\/185\/9782869391185_1_m.jpg","thumbnail":"https:\/\/images.epagine.fr\/185\/9782869391185_1_v.jpg"},"orderable":true,"show_badge":true,"formatted_price":"7,50&nbsp;\u20ac","formatted_published_date":"10 avril 1997","publisher_availability_label":"Sur commande","short_details":"Jocelyne Bourligueux \u2014 Centre De Recherche Sur Les Identites Nationales","translator":null,"weight":292,"page_count":null,"readership":null,"editor":"Centre De Recherche Sur Les Identites Nationales","price":750,"published_date":"1997-04-09T22:00:00.000000Z","support":"Grand format","publisher_availability":1,"stock":0,"editions":[],"url":"https:\/\/quaidesbrumes.com\/ouvrage\/9782869391185\/cinema-ecriture-et-histoire-dans-femmes-au-bord-de-la-crise-de-nerfs-dalmodovar"},{"id":"9782869391451","title":"Le sexe, le rie et la mort ; essais sur le bourreau de Lu\u00eds Garcia Berlanga","description":null,"authors":["Jocelyne Bourligueux"],"category_codes":["6000000","6070000","6070300"],"visuals":{"large":"https:\/\/images.epagine.fr\/451\/9782869391451_1_75.jpg","medium":"https:\/\/images.epagine.fr\/451\/9782869391451_1_m.jpg","thumbnail":"https:\/\/images.epagine.fr\/451\/9782869391451_1_v.jpg"},"orderable":true,"show_badge":true,"formatted_price":"7,50&nbsp;\u20ac","formatted_published_date":"8 juin 1999","publisher_availability_label":"Sur commande","short_details":"Jocelyne Bourligueux \u2014 Centre De Recherche Sur Les Identites Nationales","translator":null,"weight":245,"page_count":null,"readership":null,"editor":"Centre De Recherche Sur Les Identites Nationales","price":750,"published_date":"1999-06-07T22:00:00.000000Z","support":"Grand format","publisher_availability":1,"stock":0,"editions":[],"url":"https:\/\/quaidesbrumes.com\/ouvrage\/9782869391451\/le-sexe-le-rie-et-la-mort-essais-sur-le-bourreau-de-luis-garcia-berlanga"},{"id":"9782844810335","title":"Profession producteur ; qu'est-ce qu'un producteur audiovisuel","description":null,"authors":["Jean-Philippe Raffard"],"category_codes":["6000000","6070000","6070300"],"visuals":{"large":"https:\/\/quaidesbrumes.com\/img\/book-placeholder.png","medium":"https:\/\/quaidesbrumes.com\/img\/book-placeholder.png","thumbnail":"https:\/\/quaidesbrumes.com\/img\/book-placeholder.png"},"orderable":true,"show_badge":true,"formatted_price":"18,14&nbsp;\u20ac","formatted_published_date":"2 novembre 2000","publisher_availability_label":"Sur commande","short_details":"Jean-Philippe Raffard \u2014 DIXIT","translator":null,"weight":401,"page_count":null,"readership":null,"editor":"DIXIT","price":1814,"published_date":"2000-11-01T23:00:00.000000Z","support":"Grand format","publisher_availability":1,"stock":0,"editions":[],"url":"https:\/\/quaidesbrumes.com\/ouvrage\/9782844810335\/profession-producteur-quest-ce-quun-producteur-audiovisuel"},{"id":"9782755604283","title":"Bashung vu par Laurent Lavige et Cie","description":"Dans le m\u00eame esprit que Coluche vu par ses potes ou encore Gainsbourg vu par Arnaud Viviant, Laurent Lavige a tenu \u00e0 rendre hommage et \u00e0 nous faire retrouver l'un des plus grands auteurs-compositeurs-interpr\u00e8tes du rock fran\u00e7ais. Pour ce livre choral, il a tendu son micro \u00e0 ses proches, \u00e0 ceux qui ont travaill\u00e9 avec lui, qui ont \u00e9crit pour lui, \u00e0 ceux qui l'ont bien connu, \u00e0 ceux qui l'ont aim\u00e9.Alain Bashung est mort le 14 mars 2009, il avait 61 ans. Il aura r\u00e9volutionn\u00e9 la chanson fran\u00e7aise et influenc\u00e9 nombre des chanteurs de la nouvelle sc\u00e8ne fran\u00e7aise. Apr\u00e8s une enfance pass\u00e9e en Alsace, \u00e0 la campagne, il revient \u00e0 Paris o\u00f9 il est n\u00e9 ; il a douze ans, et un harmonica dans la poche. Il d\u00e9couvre les grands de la chanson fran\u00e7aise et le rock am\u00e9ricain de Gene Vincent, Buddy Holly et Elvis Presley. Il fonde son premier groupe, les Dunces, suivi d'un autre, sort une douzaine de singles, essuie plusieurs \u00e9checs ; le succ\u00e8s n'arrive qu'en 1980 avec Gaby, oh Gaby et Vertige de l'amour en 1981. La suite est connue : sa rencontre avec Serge Gainsbourg dont na\u00eet l'album \u00ab Play blessures \u00bb ; ses collaborations avec Boris Bergman, Jean Fauque, Rodolphe Burger et bien d'autres jusqu'\u00e0, pour \u00ab Bleu p\u00e9trole \u00bb son dernier album paru en 2008, Ga\u00ebtan Roussel de Louise Attaque, Arman M\u00e9li\u00e8s et G\u00e9rard Manset ; ses Victoires de la musique (trois en 1999, trois en 2009, onze en tout) ; la tourn\u00e9e \u00ab Les Aventuriers d'un autre monde \u00bb avec Jean-Louis Aubert, Cali, Daniel Darc, Richard Kolinka et Rapha\u00ebl ; sa formidable pr\u00e9sence aux derni\u00e8res Francopholies de La Rochelle, \u00e0 l'Olympia et ses derniers rendez-vous dominicaux bouleversants, l'hiver dernier, \u00e0 l'\u00c9lys\u00e9e-Montmartre. De \u00ab Gaby \u00bb \u00e0 \u00ab Bleu p\u00e9trole \u00bb, cet artiste singulier n'aura cess\u00e9 de se r\u00e9inventer. Il a publi\u00e9 15 albums studio - dont le magistral \u00ab Fantaisie militaire \u00bb -, 4 albums live. Il a \u00e9galement tourn\u00e9 dans une quinzaine de films et compos\u00e9 pour le cin\u00e9ma. LES T\u00c9MOIGNAGES (liste non exhaustive) Christophe - Boris Bergman - Jean Fauque - Charl\u00e9lie Couture - Ga\u00ebtan Roussel - Olivier Cadiot - Cali - Joseph Racaille - Richard Kolinka - Rapha\u00ebl - Jean-Louis Aubert - Rodolphe Burger - Miossec - Rachid Taha - Stephane Eicher - Luis Trio- Claire Denis - Dick Rivers - Juliette Greco - Dominique A - G\u00e9rard Pont","authors":["Laurent Lavige"],"category_codes":["6000000","6070000","6070200"],"visuals":{"large":"https:\/\/images.epagine.fr\/283\/9782755604283_1_75.jpg","medium":"https:\/\/images.epagine.fr\/283\/9782755604283_1_m.jpg","thumbnail":"https:\/\/images.epagine.fr\/283\/9782755604283_1_v.jpg"},"orderable":true,"show_badge":true,"formatted_price":"25,00&nbsp;\u20ac","formatted_published_date":"5 novembre 2009","publisher_availability_label":"Sur commande","short_details":"Laurent Lavige \u2014 Hugo Image","translator":null,"weight":1083,"page_count":315,"readership":"Tout public","editor":"Hugo Image","price":2500,"published_date":"2009-11-04T23:00:00.000000Z","support":"Grand format","publisher_availability":1,"stock":0,"editions":[],"url":"https:\/\/quaidesbrumes.com\/ouvrage\/9782755604283\/bashung-vu-par-laurent-lavige-et-cie"},{"id":"9782868693846","title":"Catalogue suzanne lafont","description":null,"authors":["Suzanne Lafont"],"category_codes":["6000000","6070000","6070200"],"visuals":{"large":"https:\/\/quaidesbrumes.com\/img\/book-placeholder.png","medium":"https:\/\/quaidesbrumes.com\/img\/book-placeholder.png","thumbnail":"https:\/\/quaidesbrumes.com\/img\/book-placeholder.png"},"orderable":true,"show_badge":true,"formatted_price":"17,10&nbsp;\u20ac","formatted_published_date":"18 juin 1992","publisher_availability_label":"Sur commande","short_details":"Suzanne Lafont \u2014 Actes Sud","translator":null,"weight":330,"page_count":null,"readership":null,"editor":"Actes Sud","price":1710,"published_date":"1992-06-17T22:00:00.000000Z","support":"Grand format","publisher_availability":1,"stock":0,"editions":[],"url":"https:\/\/quaidesbrumes.com\/ouvrage\/9782868693846\/catalogue-suzanne-lafont"},{"id":"9782869391673","title":"La m\u00e9moire et l'oeuvre ; deux essais sur Ay Carmela! de Carlos Saura","description":null,"authors":["Jocelyne Bourligueux"],"category_codes":["6000000","6070000","6070300"],"visuals":{"large":"https:\/\/images.epagine.fr\/673\/9782869391673_1_75.jpg","medium":"https:\/\/images.epagine.fr\/673\/9782869391673_1_m.jpg","thumbnail":"https:\/\/images.epagine.fr\/673\/9782869391673_1_v.jpg"},"orderable":true,"show_badge":true,"formatted_price":"7,00&nbsp;\u20ac","formatted_published_date":"1er juin 2001","publisher_availability_label":"Sur commande","short_details":"Jocelyne Bourligueux \u2014 Centre De Recherche Sur Les Identites Nationales","translator":null,"weight":150,"page_count":null,"readership":null,"editor":"Centre De Recherche Sur Les Identites Nationales","price":700,"published_date":"2001-05-31T22:00:00.000000Z","support":"Grand format","publisher_availability":1,"stock":0,"editions":[],"url":"https:\/\/quaidesbrumes.com\/ouvrage\/9782869391673\/la-memoire-et-loeuvre-deux-essais-sur-ay-carmela-de-carlos-saura"},{"id":"9782868697158","title":"Autoritratto","description":null,"authors":["Jean-michel Vecchiet"],"category_codes":["6000000","6070000","6070200"],"visuals":{"large":"https:\/\/quaidesbrumes.com\/img\/book-placeholder.png","medium":"https:\/\/quaidesbrumes.com\/img\/book-placeholder.png","thumbnail":"https:\/\/quaidesbrumes.com\/img\/book-placeholder.png"},"orderable":true,"show_badge":true,"formatted_price":"21,70&nbsp;\u20ac","formatted_published_date":"8 janvier 1992","publisher_availability_label":"Sur commande","short_details":"Jean-michel Vecchiet \u2014 Actes Sud","translator":null,"weight":285,"page_count":null,"readership":null,"editor":"Actes Sud","price":2170,"published_date":"1992-01-07T23:00:00.000000Z","support":"Grand format","publisher_availability":1,"stock":0,"editions":[],"url":"https:\/\/quaidesbrumes.com\/ouvrage\/9782868697158\/autoritratto"}]}