{"data":[{"id":"9791092784015","title":"Encyclop\u00e9die des longs m\u00e9trages fran\u00e7ais de fiction - 1929-1979 Tome 9 : de Copains \u00e0 Cover girls","description":"On peut se demander si les premiers spectateurs ont vraiment per\u00e7u toute la rage de ce film et son d\u00e9sespoir. Ils admir\u00e8rent semble-t-il Le Corbeau comme un drame policier bien men\u00e9, s'achevant sur le ch\u00e2timent du coupable. Ainsi, Lucien Rebatet alias Fran\u00e7ois Vinneuil se f\u00e9licitait dans Je suis partout d'une action \u00ab o\u00f9 l'on ne s'ennuie pas une minute \u00bb mais ajoutait que \u00ab ce film ne laisserait pas en nous un souvenir bien durable. Pourquoi ? Parce que la facilit\u00e9 de Clouzot fr\u00f4le la virtuosit\u00e9 et favorise certains \u00e9pisodes dont on s'aper\u00e7oit \u00e0 la fin qu'ils n'ont ni suite ni justification. \u00bb Roger R\u00e9gent se bornait pour sa part \u00e0 souligner, dans les Nouveaux Temps, les tracasseries de la censure : \u00ab Le Corbeau avec ses d\u00e9fauts, ses outrances, ses passions, son anticl\u00e9ricalisme nous montre le pr\u00e9judice que peut causer \u00e0 l'art fran\u00e7ais de l'\u00e9cran un organisme dont la lib\u00e9ralit\u00e9 ne d\u00e9passe pas Les Malheurs de Sophie. \u00bb Raymond Chirat, \u00e0 propos du Corbeau (Henri-Georges Clouzot, 1943).","authors":["Armel de Lorme"],"category_codes":["6000000","6070000","6070300","6070302"],"visuals":{"large":"https:\/\/images.epagine.fr\/015\/9791092784015_1_75.jpg","medium":"https:\/\/images.epagine.fr\/015\/9791092784015_1_m.jpg","thumbnail":"https:\/\/images.epagine.fr\/015\/9791092784015_1_v.jpg"},"orderable":true,"show_badge":true,"formatted_price":"48,00&nbsp;\u20ac","formatted_published_date":"30 septembre 2013","publisher_availability_label":"Sur commande","short_details":"Armel de Lorme \u2014 Aide-Memoire","translator":null,"weight":395,"page_count":null,"readership":null,"editor":"Aide-Memoire","price":4800,"published_date":"2013-09-29T22:00:00.000000Z","support":"Grand format","publisher_availability":1,"stock":0,"editions":[],"url":"https:\/\/quaidesbrumes.com\/ouvrage\/9791092784015\/encyclopedie-des-longs-metrages-francais-de-fiction-1929-1979-tome-9-de-copains-a-cover-girls"},{"id":"9791092784008","title":"Encyclop\u00e9die des longs m\u00e9trages fran\u00e7ais de fiction - 1929-1979 Tome 8 : de Cocagne \u00e0 Convoi de femmes","description":null,"authors":["Armel de Lorme"],"category_codes":["6000000","6070000","6070300","6070302"],"visuals":{"large":"https:\/\/images.epagine.fr\/008\/9791092784008_1_75.jpg","medium":"https:\/\/images.epagine.fr\/008\/9791092784008_1_m.jpg","thumbnail":"https:\/\/images.epagine.fr\/008\/9791092784008_1_v.jpg"},"orderable":true,"show_badge":true,"formatted_price":"51,00&nbsp;\u20ac","formatted_published_date":"30 juin 2013","publisher_availability_label":"Sur commande","short_details":"Armel de Lorme \u2014 Aide-Memoire","translator":null,"weight":455,"page_count":null,"readership":null,"editor":"Aide-Memoire","price":5100,"published_date":"2013-06-29T22:00:00.000000Z","support":"Grand format","publisher_availability":1,"stock":0,"editions":[],"url":"https:\/\/quaidesbrumes.com\/ouvrage\/9791092784008\/encyclopedie-des-longs-metrages-francais-de-fiction-1929-1979-tome-8-de-cocagne-a-convoi-de-femmes"},{"id":"9782854806106","title":"Gens du pays","description":null,"authors":["Christian Malon"],"category_codes":["6000000","6070000","6070200"],"visuals":{"large":"https:\/\/quaidesbrumes.com\/img\/book-placeholder.png","medium":"https:\/\/quaidesbrumes.com\/img\/book-placeholder.png","thumbnail":"https:\/\/quaidesbrumes.com\/img\/book-placeholder.png"},"orderable":true,"show_badge":true,"formatted_price":"27,44&nbsp;\u20ac","formatted_published_date":"20 ao\u00fbt 1998","publisher_availability_label":"Sur commande","short_details":"Christian Malon \u2014 Charles Corlet","translator":null,"weight":0,"page_count":null,"readership":null,"editor":"Charles Corlet","price":2744,"published_date":"1998-08-19T22:00:00.000000Z","support":"Grand format","publisher_availability":1,"stock":0,"editions":[],"url":"https:\/\/quaidesbrumes.com\/ouvrage\/9782854806106\/gens-du-pays"},{"id":"9782868532817","title":"Gilles Ehrmann","description":"\" Il ne faut voir en Ehrmann ni un surr\u00e9aliste du banal ni un reporter de l'instant esth\u00e9tique.\r\nLes questions qu'il pose \u00e0 la photographie sont d'avant tout cela. Il est tout entier dans un pr\u00e9alable consciemment et tranquillement accept\u00e9. ( ... ) Ehrmann semble retenir la photographie avant m\u00eame qu'elle ne d\u00e9ploie toutes ses s\u00e9ductions intellectuelles ou sensuelles. Il y a dans son approche une sorte de simplicit\u00e9 infinie, elle est toujours de l'ordre du d\u00e9j\u00e0-l\u00e0 et du plus originel. \" Voici enfin l'ouvrage qui rend justice \u00e0 Gilles Ehrmann, photographe atypique et solitaire, n\u00e9 en 1928, t\u00e9moin privil\u00e9gi\u00e9 d'une \u00e9poque, proche de Picasso et Pr\u00e9vert, Breton, Gherasim Luca - et qui a constitu\u00e9 loin des modes une oeuvre polymorphe d'une grande richesse, demeur\u00e9e inexplicablement obscure malgr\u00e9 quelques livres-culte.\r\n\"Alors que je ne connaissais encore Gilles Ehrmann que de vue - c'\u00e9tait sur une plage d'Ouessant des moins fr\u00e9quent\u00e9es - que de fois n'ai-je pas pris garde \u00e0 sa mani\u00e8re d'agir, errant sans se d\u00e9partir d'une extr\u00eame vigilance pour brusquement saisir au vol, le temps du d\u00e9clic, ce qui ne pouvait \u00eatre qu'un heureux jeu de lumi\u00e8re au ras des galets ! La qualit\u00e9 exceptionnelle de sa technique en fait foi : les \"f\u00eates de la patience \" se conjuguent ici aux f\u00eates de l'intelligence.\r\nSans doute la beaut\u00e9 est-elle \u00e0 ce prix. Apr\u00e8s Courbet, apr\u00e8s Gauguin et m\u00eame sans l'appoint de la couleur, nul n'est parvenu comme Gilles Erhmann \u00e0 d\u00e9shabiller une vague. \" - Andr\u00e9 Breton (Les inspir\u00e9s et leurs demeures, extrait de la pr\u00e9face)","authors":["Jean-luc Merci\u00e9"],"category_codes":["6000000","6070000","6070200"],"visuals":{"large":"https:\/\/images.epagine.fr\/817\/9782868532817_1_75.jpg","medium":"https:\/\/images.epagine.fr\/817\/9782868532817_1_m.jpg","thumbnail":"https:\/\/images.epagine.fr\/817\/9782868532817_1_v.jpg"},"orderable":true,"show_badge":true,"formatted_price":"18,50&nbsp;\u20ac","formatted_published_date":"5 novembre 1998","publisher_availability_label":"Sur commande","short_details":"Jean-luc Merci\u00e9 \u2014 Le Temps Qu'Il Fait","translator":null,"weight":390,"page_count":null,"readership":null,"editor":"Le Temps Qu'Il Fait","price":1850,"published_date":"1998-11-04T23:00:00.000000Z","support":"Grand format","publisher_availability":1,"stock":0,"editions":[],"url":"https:\/\/quaidesbrumes.com\/ouvrage\/9782868532817\/gilles-ehrmann"},{"id":"9782732420561","title":"Cinema en liberte","description":null,"authors":["Brion Patrick","Deleau"],"category_codes":["6000000","6070000","6070300"],"visuals":{"large":"https:\/\/quaidesbrumes.com\/img\/book-placeholder.png","medium":"https:\/\/quaidesbrumes.com\/img\/book-placeholder.png","thumbnail":"https:\/\/quaidesbrumes.com\/img\/book-placeholder.png"},"orderable":true,"show_badge":true,"formatted_price":"44,97&nbsp;\u20ac","formatted_published_date":"22 janvier 1998","publisher_availability_label":"Sur commande","short_details":"Brion Patrick, Deleau \u2014 \u00c9ditions de la Martini\u00e8re","translator":null,"weight":0,"page_count":null,"readership":null,"editor":"\u00c9ditions de la Martini\u00e8re","price":4497,"published_date":"1998-01-21T23:00:00.000000Z","support":"Beaux-livres","publisher_availability":1,"stock":0,"editions":[],"url":"https:\/\/quaidesbrumes.com\/ouvrage\/9782732420561\/cinema-en-liberte"},{"id":"9791092784022","title":"Encyclop\u00e9die des longs m\u00e9trages fran\u00e7ais de fiction - 1929-1979 Tome 10 : du Crabe-tambour \u00e0 Cyrano et d'Artagnan","description":"La question n'est pas tant de savoir si Renoir a cru une seule seconde \u00e0 cette histoire de vaillants ouvriers r\u00e9unis en coop\u00e9rative pour sauver l'entreprise l\u00e2chement abandonn\u00e9e par le dernier des salauds et de frontaliers d\u00e9bonnaires laissant d'un commun accord filer le couple Lef\u00e8vre\/Florelle vers des horizons plus cl\u00e9ments, ou m\u00eame simplement cherch\u00e9 \u00e0 tendre un miroir rien moins que complaisant aux spectateurs du samedi soir. Trois quarts de si\u00e8cle apr\u00e8s les faits, les qualit\u00e9s premi\u00e8res de Lange r\u00e9sident bien dans la rencontre inattendue entre m\u00e9thode Renoir et univers pr\u00e9vertien, esprit bon enfant et critique sociale, happy end inattendu - aux antipodes du r\u00e9alisme po\u00e9tique fa\u00e7on Carn\u00e9 premi\u00e8re p\u00e9riode - et cynisme assum\u00e9. De cette fusion entre deux univers parall\u00e8les r\u00e9sulte une oeuvre unique qui aurait pu \u00eatre didactique et ne l'est pas, g\u00e9n\u00e9reuse mais sans exc\u00e8s, optimiste mais lucide.","authors":["Armel de Lorme"],"category_codes":["6000000","6070000","6070300","6070302"],"visuals":{"large":"https:\/\/images.epagine.fr\/022\/9791092784022_1_75.jpg","medium":"https:\/\/images.epagine.fr\/022\/9791092784022_1_m.jpg","thumbnail":"https:\/\/images.epagine.fr\/022\/9791092784022_1_v.jpg"},"orderable":true,"show_badge":true,"formatted_price":"51,00&nbsp;\u20ac","formatted_published_date":"13 d\u00e9cembre 2013","publisher_availability_label":"Sur commande","short_details":"Armel de Lorme \u2014 Aide-Memoire","translator":null,"weight":345,"page_count":null,"readership":null,"editor":"Aide-Memoire","price":5100,"published_date":"2013-12-12T23:00:00.000000Z","support":"Grand format","publisher_availability":1,"stock":0,"editions":[],"url":"https:\/\/quaidesbrumes.com\/ouvrage\/9791092784022\/encyclopedie-des-longs-metrages-francais-de-fiction-1929-1979-tome-10-du-crabe-tambour-a-cyrano-et-dartagnan"},{"id":"9782710308492","title":"La s\u00e9ance du mercredi \u00e0 14 heures","description":"Comme rien ne m'arrivait, mon adolescence se confondit avec le cin\u00e9ma.\r\nJe ne m'en suis pas remis. J'avais quinze ans et la vie n'existait que sur l'\u00e9cran. J'ai vu trop de films. J'ai \u00e9t\u00e9 Antoine Doinel et le Robert Redford de Nos plus belles ann\u00e9es. En tout cas, j'\u00e9tais persuad\u00e9 que l'avenir ressemblerait \u00e0 \u00e7a. C'\u00e9taient les ann\u00e9es 70. Truffaut \u00e9tait encore vivant. Sautet tournait de bons films. Woody Allen d\u00e9butait. Pascal Jardin adaptait Simenon. Toutes les femmes imitaient Romy Schneider.\r\nLe cin\u00e9ma fut sans doute ma plus grande passion. Cette passion \u00e9tait f\u00e9roce, exclusive, ridicule. A c\u00f4t\u00e9 des films, les livres ne valaient rien. Tout mon argent de poche y passait. J'\u00e9coutais Le Masque et la Plume. J'apprenais par coeur les critique de Jean Louis Bory. Il est mort le m\u00eame jour que John Wayne, en 1979. Il n'est pas interdit de voir l\u00e0 comme un symbole, la fin de quelque chose. A Paris, les salles fermaient une par une.\r\nLa t\u00e9l\u00e9vision s'infiltrait partout. Le cin\u00e9ma que nous aimions \u00e9tait en train de mourir. Mais c'\u00e9tait peut-\u00eatre moi qui vieillissais. Je ne suis pas s\u00fbr que \u00e7a soit aussi simple. Aujourd'hui, je vais voir les films en projections priv\u00e9es et ma femme m'a abonn\u00e9 au c\u00e2ble. Nous sommes en 1998.","authors":["Eric Neuhoff"],"category_codes":["6000000","6070000","6070300"],"visuals":{"large":"https:\/\/images.epagine.fr\/492\/9782710308492_1_75.jpg","medium":"https:\/\/images.epagine.fr\/492\/9782710308492_1_m.jpg","thumbnail":"https:\/\/images.epagine.fr\/492\/9782710308492_1_v.jpg"},"orderable":true,"show_badge":true,"formatted_price":"14,70&nbsp;\u20ac","formatted_published_date":"15 mai 1998","publisher_availability_label":"Sur commande","short_details":"Eric Neuhoff \u2014 \u00c9ditions de La Table Ronde","translator":null,"weight":165,"page_count":null,"readership":null,"editor":"\u00c9ditions de La Table Ronde","price":1470,"published_date":"1998-05-14T22:00:00.000000Z","support":"Grand format","publisher_availability":1,"stock":0,"editions":[],"url":"https:\/\/quaidesbrumes.com\/ouvrage\/9782710308492\/la-seance-du-mercredi-a-14-heures"},{"id":"9782742721238","title":"Cassette video contacts-1","description":null,"authors":["Collectif"],"category_codes":["6000000","6070000","6070200"],"visuals":{"large":"https:\/\/quaidesbrumes.com\/img\/book-placeholder.png","medium":"https:\/\/quaidesbrumes.com\/img\/book-placeholder.png","thumbnail":"https:\/\/quaidesbrumes.com\/img\/book-placeholder.png"},"orderable":true,"show_badge":true,"formatted_price":"0,00&nbsp;\u20ac","formatted_published_date":"2 septembre 1999","publisher_availability_label":"Sur commande","short_details":"Collectif \u2014 Actes Sud","translator":null,"weight":244,"page_count":null,"readership":null,"editor":"Actes Sud","price":0,"published_date":"1999-09-01T22:00:00.000000Z","support":"DVD","publisher_availability":1,"stock":0,"editions":[],"url":"https:\/\/quaidesbrumes.com\/ouvrage\/9782742721238\/cassette-video-contacts-1"},{"id":"9782742721245","title":"Cassette video contacts-2","description":null,"authors":["Sylvain Roumette"],"category_codes":["6000000","6070000","6070200"],"visuals":{"large":"https:\/\/quaidesbrumes.com\/img\/book-placeholder.png","medium":"https:\/\/quaidesbrumes.com\/img\/book-placeholder.png","thumbnail":"https:\/\/quaidesbrumes.com\/img\/book-placeholder.png"},"orderable":true,"show_badge":true,"formatted_price":"0,00&nbsp;\u20ac","formatted_published_date":"2 septembre 1999","publisher_availability_label":"Sur commande","short_details":"Sylvain Roumette \u2014 Actes Sud","translator":null,"weight":244,"page_count":null,"readership":null,"editor":"Actes Sud","price":0,"published_date":"1999-09-01T22:00:00.000000Z","support":"DVD","publisher_availability":1,"stock":0,"editions":[],"url":"https:\/\/quaidesbrumes.com\/ouvrage\/9782742721245\/cassette-video-contacts-2"},{"id":"9782742721252","title":"Cassette video contacts-3","description":null,"authors":["Sylvain Roumette"],"category_codes":["6000000","6070000","6070200"],"visuals":{"large":"https:\/\/quaidesbrumes.com\/img\/book-placeholder.png","medium":"https:\/\/quaidesbrumes.com\/img\/book-placeholder.png","thumbnail":"https:\/\/quaidesbrumes.com\/img\/book-placeholder.png"},"orderable":true,"show_badge":true,"formatted_price":"0,00&nbsp;\u20ac","formatted_published_date":"2 septembre 1999","publisher_availability_label":"Sur commande","short_details":"Sylvain Roumette \u2014 Actes Sud","translator":null,"weight":246,"page_count":null,"readership":null,"editor":"Actes Sud","price":0,"published_date":"1999-09-01T22:00:00.000000Z","support":"DVD","publisher_availability":1,"stock":0,"editions":[],"url":"https:\/\/quaidesbrumes.com\/ouvrage\/9782742721252\/cassette-video-contacts-3"},{"id":"9780714849393","title":"5 masters of photography","description":null,"authors":["Phaidon"],"category_codes":["6000000","6070000","6070200"],"visuals":{"large":"https:\/\/quaidesbrumes.com\/img\/book-placeholder.png","medium":"https:\/\/quaidesbrumes.com\/img\/book-placeholder.png","thumbnail":"https:\/\/quaidesbrumes.com\/img\/book-placeholder.png"},"orderable":true,"show_badge":true,"formatted_price":"29,85&nbsp;\u20ac","formatted_published_date":"11 septembre 2008","publisher_availability_label":"Sur commande","short_details":"Phaidon \u2014 Phaidon Press","translator":null,"weight":1178,"page_count":640,"readership":null,"editor":"Phaidon Press","price":2985,"published_date":"2008-09-10T22:00:00.000000Z","support":"Grand format","publisher_availability":1,"stock":0,"editions":[],"url":"https:\/\/quaidesbrumes.com\/ouvrage\/9780714849393\/5-masters-of-photography"},{"id":"9780714849409","title":"New 55 box set : 5 pioneers of photography","description":null,"authors":["Phaidon"],"category_codes":["6000000","6070000","6070200"],"visuals":{"large":"https:\/\/quaidesbrumes.com\/img\/book-placeholder.png","medium":"https:\/\/quaidesbrumes.com\/img\/book-placeholder.png","thumbnail":"https:\/\/quaidesbrumes.com\/img\/book-placeholder.png"},"orderable":true,"show_badge":true,"formatted_price":"29,85&nbsp;\u20ac","formatted_published_date":"11 septembre 2008","publisher_availability_label":"Sur commande","short_details":"Phaidon \u2014 Phaidon Press","translator":null,"weight":1172,"page_count":null,"readership":null,"editor":"Phaidon Press","price":2985,"published_date":"2008-09-10T22:00:00.000000Z","support":"Grand format","publisher_availability":1,"stock":0,"editions":[],"url":"https:\/\/quaidesbrumes.com\/ouvrage\/9780714849409\/new-55-box-set-5-pioneers-of-photography"},{"id":"9782871431053","title":"Lieux de plaisir ; Bruxelles 1900-2000","description":null,"authors":["Collectif"],"category_codes":["6000000","6070000","6070200"],"visuals":{"large":"https:\/\/images.epagine.fr\/053\/9782871431053_1_75.jpg","medium":"https:\/\/images.epagine.fr\/053\/9782871431053_1_m.jpg","thumbnail":"https:\/\/images.epagine.fr\/053\/9782871431053_1_v.jpg"},"orderable":true,"show_badge":true,"formatted_price":"23,00&nbsp;\u20ac","formatted_published_date":"15 septembre 1998","publisher_availability_label":"Sur commande","short_details":"Collectif \u2014 Aam - Archives D'Architecture Moderne","translator":null,"weight":815,"page_count":208,"readership":null,"editor":"Aam - Archives D'Architecture Moderne","price":2300,"published_date":"1998-09-14T22:00:00.000000Z","support":"Beaux-livres","publisher_availability":1,"stock":0,"editions":[],"url":"https:\/\/quaidesbrumes.com\/ouvrage\/9782871431053\/lieux-de-plaisir-bruxelles-1900-2000"},{"id":"9782488688284","title":"Amour","description":"Le treizi\u00e8me num\u00e9ro de la revue de dessin monomaniaque, th\u00e9matique, artisanale et transversale r\u00e9unit les dessins d'une trentaine d'artistes, autour du th\u00e8me de l'amour... et d'\u00c9ros.\r\nAvec Etel Adnan, Dike Blair, Io Burgard, Yves Camdeborde, Lauren Coullard, Idir Davaine, Eliza Douglas, Aur\u00e9lie Gravas, Antoine Grulier & Pierre Pauselli, Thomas Huber, Dorothy Iannone, Mathias Kiss, Tiziana La Melia, St\u00e9phane Lecomte, Thomas Lemut, Se'bastien Lifshitz, Roxane Lumeret, Jan Melka, Mario Milizia, Fran\u00e7ois Olislaeger, Francis Picabia, Vimala Pons, Laure Prouvost, Louise Sartor, Ashley Hans Scheirl, Alice Wietzel.","authors":["Collectif"],"category_codes":["6000000","6050000","6051000","6051002"],"visuals":{"large":"https:\/\/images.epagine.fr\/284\/9782488688284_1_75.jpg","medium":"https:\/\/images.epagine.fr\/284\/9782488688284_1_m.jpg","thumbnail":"https:\/\/images.epagine.fr\/284\/9782488688284_1_v.jpg"},"orderable":true,"show_badge":true,"formatted_price":"19,00&nbsp;\u20ac","formatted_published_date":"10 novembre 2017","publisher_availability_label":"Sur commande","short_details":"Collectif \u2014 Klincksieck","translator":null,"weight":401,"page_count":160,"readership":null,"editor":"Klincksieck","price":1900,"published_date":"2017-11-09T23:00:00.000000Z","support":"Revue","publisher_availability":1,"stock":0,"editions":[],"url":"https:\/\/quaidesbrumes.com\/ouvrage\/9782488688284\/amour"},{"id":"9782742721269","title":"Cassette video contacts-4","description":null,"authors":["Krief Jean-Pierre"],"category_codes":["6000000","6070000","6070200"],"visuals":{"large":"https:\/\/quaidesbrumes.com\/img\/book-placeholder.png","medium":"https:\/\/quaidesbrumes.com\/img\/book-placeholder.png","thumbnail":"https:\/\/quaidesbrumes.com\/img\/book-placeholder.png"},"orderable":true,"show_badge":true,"formatted_price":"0,00&nbsp;\u20ac","formatted_published_date":"2 septembre 1999","publisher_availability_label":"Sur commande","short_details":"Krief Jean-Pierre \u2014 Actes Sud","translator":null,"weight":246,"page_count":null,"readership":null,"editor":"Actes Sud","price":0,"published_date":"1999-09-01T22:00:00.000000Z","support":"DVD","publisher_availability":1,"stock":0,"editions":[],"url":"https:\/\/quaidesbrumes.com\/ouvrage\/9782742721269\/cassette-video-contacts-4"},{"id":"9782909571430","title":"Impressions d'Afrique du Nord","description":"Ce livre qui accompagne l'exposition de l'institut du monde arabe, est l'occasion d'un voyage \u00e0 travers cette r\u00e9gion d'Afrique qui borde la M\u00e9diterran\u00e9e, et, tout autant, \u00e0 l'int\u00e9rieur de l'esprit des photographes n\u00e9s dans ces lieux, qui y ont v\u00e9cu, qui les ont quitt\u00e9s pour y revenir ; c'est un voyage de d\u00e9couverte de l'appartenance et de l'identit\u00e9, ou encore un voyage d'exil et de recherche des racines, ou enfin un arr\u00eat dans le temps, pour mieux comprendre le cycle de la vie \u00e0 travers la lumi\u00e8re et l'ombre, le noir et le blanc.","authors":["Collectif"],"category_codes":["6000000","6070000","6070200"],"visuals":{"large":"https:\/\/images.epagine.fr\/430\/9782909571430_1_75.jpg","medium":"https:\/\/images.epagine.fr\/430\/9782909571430_1_m.jpg","thumbnail":"https:\/\/images.epagine.fr\/430\/9782909571430_1_v.jpg"},"orderable":true,"show_badge":true,"formatted_price":"15,00&nbsp;\u20ac","formatted_published_date":"23 juin 2011","publisher_availability_label":"Sur commande","short_details":"Collectif \u2014 Revue Noire","translator":null,"weight":237,"page_count":null,"readership":null,"editor":"Revue Noire","price":1500,"published_date":"2011-06-22T22:00:00.000000Z","support":"Grand format","publisher_availability":1,"stock":0,"editions":[],"url":"https:\/\/quaidesbrumes.com\/ouvrage\/9782909571430\/impressions-dafrique-du-nord"},{"id":"9782954224916","title":"Dijon en 3D","description":"D\u00e9couvrez Dijon sous des perspectives \u00e9tonnantes avec cette balade photographique en 3D !\r\nDes angles de vue inhabituels, des panoramas ou des d\u00e9tails vous am\u00e8neront \u00e0 poser un nouveau regard sur les principaux \u00e9l\u00e9ments historiques de la ville. \r\nLa technique de la photographie en relief  ( identique \u00e0 celle utilis\u00e9e au cin\u00e9ma pour les films 3D )  met en valeur les volumes architecturaux et permet une approche originale et ludique du patrimoine local.\r\nChaussez vos lunettes 3D ( 1 paire fournie \u00e0 l'int\u00e9rieur de ce livre )  et suivez le guide !","authors":["Vincent Fournier"],"category_codes":["6000000","6070000","6070200"],"visuals":{"large":"https:\/\/images.epagine.fr\/916\/9782954224916_1_75.jpg","medium":"https:\/\/images.epagine.fr\/916\/9782954224916_1_m.jpg","thumbnail":"https:\/\/images.epagine.fr\/916\/9782954224916_1_v.jpg"},"orderable":true,"show_badge":true,"formatted_price":"9,90&nbsp;\u20ac","formatted_published_date":"5 d\u00e9cembre 2013","publisher_availability_label":"Sur commande","short_details":"Vincent Fournier \u2014 Vincent Fournier - 3d Photographe","translator":null,"weight":150,"page_count":24,"readership":null,"editor":"Vincent Fournier - 3d Photographe","price":990,"published_date":"2013-12-04T23:00:00.000000Z","support":"Grand format","publisher_availability":1,"stock":0,"editions":[],"url":"https:\/\/quaidesbrumes.com\/ouvrage\/9782954224916\/dijon-en-3d"},{"id":"9782952606547","title":"Encyclop\u00e9die des longs m\u00e9trages fran\u00e7ais de fiction - 1929-1979 Tome 3 : de B... comme B\u00e9atrice au Bluffeur","description":null,"authors":["Armel de Lorme"],"category_codes":["6000000","6070000","6070300","6070302"],"visuals":{"large":"https:\/\/images.epagine.fr\/547\/9782952606547_1_75.jpg","medium":"https:\/\/images.epagine.fr\/547\/9782952606547_1_m.jpg","thumbnail":"https:\/\/images.epagine.fr\/547\/9782952606547_1_v.jpg"},"orderable":true,"show_badge":true,"formatted_price":"49,00&nbsp;\u20ac","formatted_published_date":"15 mai 2013","publisher_availability_label":"Sur commande","short_details":"Armel de Lorme \u2014 Aide-Memoire","translator":null,"weight":475,"page_count":null,"readership":null,"editor":"Aide-Memoire","price":4900,"published_date":"2013-05-14T22:00:00.000000Z","support":"Grand format","publisher_availability":1,"stock":0,"editions":[],"url":"https:\/\/quaidesbrumes.com\/ouvrage\/9782952606547\/encyclopedie-des-longs-metrages-francais-de-fiction-1929-1979-tome-3-de-b-comme-beatrice-au-bluffeur"},{"id":"9782234057159","title":"A MES AMOURS","description":"\u00c0 la fa\u00e7on - pourtant inimitable - de Fran\u00e7oise Sagan dans Avec mon meilleur souvenir, Jean-Pierre Cassel nous raconte sa vie par les autres. Et nous offre une formidable galerie de portraits, principalement des grands metteurs en sc\u00e8ne de cin\u00e9ma et de th\u00e9\u00e2tre : Jean Renoir, Abel Gance, Ren\u00e9 Clair, Luis Bunuel, Jean Vilar, Marcel Achard, Marcel Bluwal, Claude Chabrol, Jean-Pierre Melville, Joseph Losey... et tant d'autres avec lesquels il a travaill\u00e9. Portraits parfois surprenants, qui d\u00e9voilent un aspect inattendu de ces personnalit\u00e9s hors du commun. Des hommes et des femmes qui l'ont fascin\u00e9 ou d\u00e9\u00e7u, dont il parle avec amiti\u00e9 ou respect. Sans nostalgie, avec l\u00e9g\u00e8ret\u00e9 et finesse, il \u00e9voque les premi\u00e8res rencontres, les fous rires et les tensions, les enthousiasmes et les malentendus, les conflits et les grands bonheurs des tournages et des r\u00e9p\u00e9titions. Le livre d\u00e9bute par un portrait de Fred Astaire, dont Jean-Pierre Cassel c\u00e9l\u00e8bre l'insolence et la gr\u00e2ce, car il y a chez cet acteur pudique et discret un vrai plaisir de nous faire partager ses admirations. Deux grandes artistes illuminent ces pages, Lauren Bacall et Maria Callas, resplendissantes et majestueuses.","authors":["Cassel Jean-Pierre"],"category_codes":["1000000","1070000","1070200"],"visuals":{"large":"https:\/\/images.epagine.fr\/159\/9782234057159_1_75.jpg","medium":"https:\/\/images.epagine.fr\/159\/9782234057159_1_m.jpg","thumbnail":"https:\/\/images.epagine.fr\/159\/9782234057159_1_v.jpg"},"orderable":true,"show_badge":true,"formatted_price":"22,00&nbsp;\u20ac","formatted_published_date":"15 septembre 2004","publisher_availability_label":"Sur commande","short_details":"Cassel Jean-Pierre \u2014 Stock","translator":null,"weight":325,"page_count":285,"readership":null,"editor":"Stock","price":2200,"published_date":"2004-09-14T22:00:00.000000Z","support":"Grand format","publisher_availability":1,"stock":0,"editions":[],"url":"https:\/\/quaidesbrumes.com\/ouvrage\/9782234057159\/a-mes-amours"},{"id":"9782911381164","title":"Mysterre","description":null,"authors":["Bernard Boulier"],"category_codes":["6000000","6070000","6070200"],"visuals":{"large":"https:\/\/quaidesbrumes.com\/img\/book-placeholder.png","medium":"https:\/\/quaidesbrumes.com\/img\/book-placeholder.png","thumbnail":"https:\/\/quaidesbrumes.com\/img\/book-placeholder.png"},"orderable":true,"show_badge":true,"formatted_price":"22,71&nbsp;\u20ac","formatted_published_date":"4 mai 1998","publisher_availability_label":"Sur commande","short_details":"Bernard Boulier \u2014 Subervie","translator":null,"weight":0,"page_count":null,"readership":null,"editor":"Subervie","price":2271,"published_date":"1998-05-03T22:00:00.000000Z","support":"Beaux-livres","publisher_availability":1,"stock":0,"editions":[],"url":"https:\/\/quaidesbrumes.com\/ouvrage\/9782911381164\/mysterre"},{"id":"9782841111244","title":"Souvenirs inexacts","description":null,"authors":["Andr\u00e9 Ass\u00e9o"],"category_codes":["6000000","6070000","6070200"],"visuals":{"large":"https:\/\/quaidesbrumes.com\/img\/book-placeholder.png","medium":"https:\/\/quaidesbrumes.com\/img\/book-placeholder.png","thumbnail":"https:\/\/quaidesbrumes.com\/img\/book-placeholder.png"},"orderable":false,"show_badge":true,"formatted_price":"16,77&nbsp;\u20ac","formatted_published_date":null,"publisher_availability_label":"\u00c0 para\u00eetre","short_details":"Andr\u00e9 Ass\u00e9o \u2014 NIL","translator":null,"weight":0,"page_count":null,"readership":null,"editor":"NIL","price":1677,"published_date":null,"support":"Grand format","publisher_availability":2,"stock":0,"editions":[],"url":"https:\/\/quaidesbrumes.com\/ouvrage\/9782841111244\/souvenirs-inexacts"},{"id":"9782742722525","title":"Portraits du caire. van leo, armand, alban","description":null,"authors":["Bernard Millet"],"category_codes":["6000000","6070000","6070200"],"visuals":{"large":"https:\/\/quaidesbrumes.com\/img\/book-placeholder.png","medium":"https:\/\/quaidesbrumes.com\/img\/book-placeholder.png","thumbnail":"https:\/\/quaidesbrumes.com\/img\/book-placeholder.png"},"orderable":true,"show_badge":true,"formatted_price":"20,00&nbsp;\u20ac","formatted_published_date":"22 avril 1999","publisher_availability_label":"Sur commande","short_details":"Bernard Millet \u2014 Actes Sud","translator":null,"weight":330,"page_count":null,"readership":null,"editor":"Actes Sud","price":2000,"published_date":"1999-04-21T22:00:00.000000Z","support":"Grand format","publisher_availability":1,"stock":0,"editions":[],"url":"https:\/\/quaidesbrumes.com\/ouvrage\/9782742722525\/portraits-du-caire-van-leo-armand-alban"},{"id":"9782863640968","title":"Istanbul peut-\u00eatre","description":"Le photographe et l'\u00e9crivain - l'un photographiant du dedans, l'autre \u00e9crivant le refus d'accoster confront\u00e9s \u00e0 LA ville de tous les mythes, ville mille fois \u00e9crite et racont\u00e9e, LA ville des r\u00eaves et des d\u00e9sirs.\r\nLes ascendances particuli\u00e8res des deux auteurs, que l'Istanbul de tous les croisements r\u00e9unit ici, donnent \u00e0 ces deux regards le caract\u00e8re incertain des souvenirs transmis que le fil de l'Histoire ne sait vraiment fixer.","authors":["Antoine Agoudjian","Mich\u00e9a Jacobi"],"category_codes":["6000000","6070000","6070200"],"visuals":{"large":"https:\/\/images.epagine.fr\/968\/9782863640968_1_75.jpg","medium":"https:\/\/images.epagine.fr\/968\/9782863640968_1_m.jpg","thumbnail":"https:\/\/images.epagine.fr\/968\/9782863640968_1_v.jpg"},"orderable":true,"show_badge":true,"formatted_price":"9,00&nbsp;\u20ac","formatted_published_date":"1er septembre 1999","publisher_availability_label":"Sur commande","short_details":"Antoine Agoudjian, Mich\u00e9a Jacobi \u2014 \u00c9ditions Parenth\u00e8ses","translator":null,"weight":308,"page_count":null,"readership":null,"editor":"\u00c9ditions Parenth\u00e8ses","price":900,"published_date":"1999-08-31T22:00:00.000000Z","support":"Grand format","publisher_availability":1,"stock":0,"editions":[],"url":"https:\/\/quaidesbrumes.com\/ouvrage\/9782863640968\/istanbul-peut-etre"},{"id":"9783888148651","title":"Wallworks","description":null,"authors":["Schellmann Jorg"],"category_codes":["6000000","6070000","6070200"],"visuals":{"large":"https:\/\/images.epagine.fr\/651\/9783888148651_1_75.jpg","medium":"https:\/\/images.epagine.fr\/651\/9783888148651_1_m.jpg","thumbnail":"https:\/\/images.epagine.fr\/651\/9783888148651_1_v.jpg"},"orderable":true,"show_badge":true,"formatted_price":"23,95&nbsp;\u20ac","formatted_published_date":"1er janvier 1999","publisher_availability_label":"Sur commande","short_details":"Schellmann Jorg \u2014 Schirmer Mosel","translator":null,"weight":1001,"page_count":235,"readership":null,"editor":"Schirmer Mosel","price":2395,"published_date":"1998-12-31T23:00:00.000000Z","support":"Beaux-livres","publisher_availability":1,"stock":0,"editions":[],"url":"https:\/\/quaidesbrumes.com\/ouvrage\/9783888148651\/wallworks"}]}