{"data":[{"id":"9782950611215","title":"Le petit livre de Terry Gilliam","description":null,"authors":["Jean-marc Bouineau"],"category_codes":["6000000","6070000","6070300"],"visuals":{"large":"https:\/\/quaidesbrumes.com\/img\/book-placeholder.png","medium":"https:\/\/quaidesbrumes.com\/img\/book-placeholder.png","thumbnail":"https:\/\/quaidesbrumes.com\/img\/book-placeholder.png"},"orderable":true,"show_badge":true,"formatted_price":"22,87&nbsp;\u20ac","formatted_published_date":"23 octobre 2002","publisher_availability_label":"Sur commande","short_details":"Jean-marc Bouineau \u2014 Spartorange","translator":null,"weight":0,"page_count":null,"readership":null,"editor":"Spartorange","price":2287,"published_date":"2002-10-22T22:00:00.000000Z","support":"Grand format","publisher_availability":1,"stock":0,"editions":[],"url":"https:\/\/quaidesbrumes.com\/ouvrage\/9782950611215\/le-petit-livre-de-terry-gilliam"},{"id":"9782742712779","title":"Raisons de sourire ; reasons for smiles","description":null,"authors":["Jochen Gerz"],"category_codes":["6000000","6070000","6070200"],"visuals":{"large":"https:\/\/images.epagine.fr\/779\/9782742712779_1_75.jpg","medium":"https:\/\/images.epagine.fr\/779\/9782742712779_1_m.jpg","thumbnail":"https:\/\/images.epagine.fr\/779\/9782742712779_1_v.jpg"},"orderable":true,"show_badge":true,"formatted_price":"12,10&nbsp;\u20ac","formatted_published_date":"16 juillet 1997","publisher_availability_label":"Sur commande","short_details":"Jochen Gerz \u2014 Actes Sud","translator":null,"weight":105,"page_count":null,"readership":null,"editor":"Actes Sud","price":1210,"published_date":"1997-07-15T22:00:00.000000Z","support":"Poche","publisher_availability":1,"stock":0,"editions":[],"url":"https:\/\/quaidesbrumes.com\/ouvrage\/9782742712779\/raisons-de-sourire-reasons-for-smiles"},{"id":"9782950781802","title":"Tex avery","description":null,"authors":["Pierre Lambert"],"category_codes":["6000000","6070000","6070300"],"visuals":{"large":"https:\/\/images.epagine.fr\/802\/9782950781802_1_75.jpg","medium":"https:\/\/images.epagine.fr\/802\/9782950781802_1_m.jpg","thumbnail":"https:\/\/images.epagine.fr\/802\/9782950781802_1_v.jpg"},"orderable":true,"show_badge":true,"formatted_price":"60,22&nbsp;\u20ac","formatted_published_date":"8 mars 2003","publisher_availability_label":"Sur commande","short_details":"Pierre Lambert \u2014 Demons Et Merveilles","translator":null,"weight":0,"page_count":null,"readership":null,"editor":"Demons Et Merveilles","price":6022,"published_date":"2003-03-07T23:00:00.000000Z","support":"Grand format","publisher_availability":1,"stock":0,"editions":[],"url":"https:\/\/quaidesbrumes.com\/ouvrage\/9782950781802\/tex-avery"},{"id":"9782343027692","title":"Cultures de l'imaginaire, festivals et collectivit\u00e9s territoriales ; une ressource inexploit\u00e9e au service du d\u00e9veloppement local","description":"Les cultures de l'imaginaire recouvrent des pratiques de loisirs vari\u00e9es : le jeu de r\u00f4le, la reconstitution historique, le cosplay, le jeu vid\u00e9o ou encore le jeu de soci\u00e9t\u00e9. Cet ouvrage propose une \u00e9tude de ce public connect\u00e9 dans une culture plurielle,","authors":["Fran\u00e7ois Vanhille"],"category_codes":["6000000","6070000","6070300"],"visuals":{"large":"https:\/\/images.epagine.fr\/692\/9782343027692_1_75.jpg","medium":"https:\/\/images.epagine.fr\/692\/9782343027692_1_m.jpg","thumbnail":"https:\/\/images.epagine.fr\/692\/9782343027692_1_v.jpg"},"orderable":true,"show_badge":true,"formatted_price":"21,50&nbsp;\u20ac","formatted_published_date":"20 f\u00e9vrier 2014","publisher_availability_label":"Sur commande","short_details":"Fran\u00e7ois Vanhille \u2014 \u00c9ditions L'Harmattan","translator":null,"weight":258,"page_count":200,"readership":null,"editor":"\u00c9ditions L'Harmattan","price":2150,"published_date":"2014-02-19T23:00:00.000000Z","support":"Grand format","publisher_availability":1,"stock":0,"editions":[],"url":"https:\/\/quaidesbrumes.com\/ouvrage\/9782343027692\/cultures-de-limaginaire-festivals-et-collectivites-territoriales-une-ressource-inexploitee-au-service-du-developpement-local"},{"id":"9791030901917","title":"\u00e0 la recherche du corps","description":"\"Max Memmi chausse ici ses yeux d'un appareil et vise la peau de nos contemporains. De son doigt, il a d\u00e9clench\u00e9 l'\u00e9trange alchimie d'o\u00f9 na\u00eetra une image ; d'elle et d'autres, affleurera l'atlas troublant de la chair. Photo apr\u00e8s photo, s'exerce la fascination due \u00e0 un processus terrestre qui replace les mod\u00e8les dans le grand dessin universel. Dunaire ou herbue, la peau, porte de notre organisme, passe du microscopique au panoramique ; nous est propos\u00e9e, ici, une all\u00e9gorie de notre vivant. Max Memmi a confi\u00e9 \u00e0 Ang\u00e9lique Philippe le soin de narrer po\u00e9tiquement ces documents. - \"","authors":["Max Memmi","Angelique Philippe"],"category_codes":["6000000","6070000","6070200"],"visuals":{"large":"https:\/\/images.epagine.fr\/917\/9791030901917_1_75.jpg","medium":"https:\/\/images.epagine.fr\/917\/9791030901917_1_m.jpg","thumbnail":"https:\/\/images.epagine.fr\/917\/9791030901917_1_v.jpg"},"orderable":true,"show_badge":true,"formatted_price":"30,00&nbsp;\u20ac","formatted_published_date":"29 janvier 2019","publisher_availability_label":"Sur commande","short_details":"Max Memmi, Angelique Philippe \u2014 Orizons","translator":null,"weight":475,"page_count":124,"readership":null,"editor":"Orizons","price":3000,"published_date":"2019-01-28T23:00:00.000000Z","support":"Grand format","publisher_availability":1,"stock":0,"editions":[],"url":"https:\/\/quaidesbrumes.com\/ouvrage\/9791030901917\/a-la-recherche-du-corps"},{"id":"9782877360449","title":"Troisi\u00e8me couteau","description":null,"authors":["Jean Champion"],"category_codes":[],"visuals":{"large":"https:\/\/quaidesbrumes.com\/img\/book-placeholder.png","medium":"https:\/\/quaidesbrumes.com\/img\/book-placeholder.png","thumbnail":"https:\/\/quaidesbrumes.com\/img\/book-placeholder.png"},"orderable":true,"show_badge":true,"formatted_price":"12,50&nbsp;\u20ac","formatted_published_date":"12 mars 2003","publisher_availability_label":"Sur commande","short_details":"Jean Champion \u2014 \u00c9ditions S\u00e9guier","translator":null,"weight":0,"page_count":null,"readership":null,"editor":"\u00c9ditions S\u00e9guier","price":1250,"published_date":"2003-03-11T23:00:00.000000Z","support":"Grand format","publisher_availability":1,"stock":0,"editions":[],"url":"https:\/\/quaidesbrumes.com\/ouvrage\/9782877360449\/troisieme-couteau"},{"id":"9782809653601","title":"Tattoos","description":null,"authors":["Collectif"],"category_codes":["2000000","2060000","2060300"],"visuals":{"large":"https:\/\/quaidesbrumes.com\/img\/book-placeholder.png","medium":"https:\/\/quaidesbrumes.com\/img\/book-placeholder.png","thumbnail":"https:\/\/quaidesbrumes.com\/img\/book-placeholder.png"},"orderable":false,"show_badge":true,"formatted_price":"4,00&nbsp;\u20ac","formatted_published_date":null,"publisher_availability_label":"\u00c0 para\u00eetre","short_details":"Collectif \u2014 \u00c9ditions playBac","translator":null,"weight":385,"page_count":null,"readership":null,"editor":"\u00c9ditions playBac","price":400,"published_date":null,"support":"Grand format","publisher_availability":2,"stock":0,"editions":[],"url":"https:\/\/quaidesbrumes.com\/ouvrage\/9782809653601\/tattoos"},{"id":"9782906571181","title":"Le livre des disparitions et des tractations","description":"Livre extravagant et espi\u00e8gle, livre-objet recherch\u00e9 par les collectionneurs de livres rares, Le Livre des Disparitions & des Tractations r\u00e9unit une correspondance entre une chr\u00e9tien et un maure d'Espagne au temps de la d\u00e9couverte de l'Amerique p ar Christophe Colomb, qui t\u00e9moignent d'affaires secr\u00e8tes et de d\u00e9bats passionn\u00e9s tentant de couvrir le bruit des cris et des pratiques de l'Inquisition. \r\nCach\u00e9 au coeur du texte, des voyelles et des consonnes imprim\u00e9es en gras s'associent pour reconstituer l'enjeu de ces tractations : la disparition d'une fille captive de Marrakech dont l'histoire renvoie \u00e0 la prostitu\u00e9e incarnant l'Espagne peinte par Vel asquez dans l'All\u00e9gorie de l'Expulsion des Maures. \r\nVeritable exp\u00e9rience litteraire et aventure r\u00e9elle pour le lecteur d\u00e9ambulant entre fiction et r\u00e9alit\u00e9, cette \u00e9nigme audacieuse que l'on suit \u00e0 travers un r\u00e9cit dont une partie imprim\u00e9e \u00e0 l'envers est \u00e0 lire \u00e0 travers un miroir... n'est qu'un indice visi ble de tous les secrets \u00e0 d\u00e9couvrir au fil de la lecture.","authors":["Raoul Ruiz"],"category_codes":["6000000","6070000","6070300"],"visuals":{"large":"https:\/\/images.epagine.fr\/181\/9782906571181_1_75.jpg","medium":"https:\/\/images.epagine.fr\/181\/9782906571181_1_m.jpg","thumbnail":"https:\/\/images.epagine.fr\/181\/9782906571181_1_v.jpg"},"orderable":true,"show_badge":true,"formatted_price":"25,00&nbsp;\u20ac","formatted_published_date":"1er avril 1990","publisher_availability_label":"Sur commande","short_details":"Raoul Ruiz \u2014 Dis Voir","translator":null,"weight":260,"page_count":97,"readership":null,"editor":"Dis Voir","price":2500,"published_date":"1990-03-31T22:00:00.000000Z","support":"Grand format","publisher_availability":1,"stock":0,"editions":[],"url":"https:\/\/quaidesbrumes.com\/ouvrage\/9782906571181\/le-livre-des-disparitions-et-des-tractations"},{"id":"9782907114035","title":"Assistant-realisateur","description":null,"authors":["Othnin"],"category_codes":["6000000","6070000","6070300"],"visuals":{"large":"https:\/\/quaidesbrumes.com\/img\/book-placeholder.png","medium":"https:\/\/quaidesbrumes.com\/img\/book-placeholder.png","thumbnail":"https:\/\/quaidesbrumes.com\/img\/book-placeholder.png"},"orderable":true,"show_badge":true,"formatted_price":"9,15&nbsp;\u20ac","formatted_published_date":"8 mars 2003","publisher_availability_label":"Sur commande","short_details":"Othnin \u2014 FEMIS","translator":null,"weight":235,"page_count":null,"readership":null,"editor":"FEMIS","price":915,"published_date":"2003-03-07T23:00:00.000000Z","support":"Grand format","publisher_availability":1,"stock":0,"editions":[],"url":"https:\/\/quaidesbrumes.com\/ouvrage\/9782907114035\/assistant-realisateur"},{"id":"9782907114196","title":"Initiation a l'image de film","description":null,"authors":["Cloquet"],"category_codes":["6000000","6070000","6070300"],"visuals":{"large":"https:\/\/quaidesbrumes.com\/img\/book-placeholder.png","medium":"https:\/\/quaidesbrumes.com\/img\/book-placeholder.png","thumbnail":"https:\/\/quaidesbrumes.com\/img\/book-placeholder.png"},"orderable":true,"show_badge":true,"formatted_price":"22,87&nbsp;\u20ac","formatted_published_date":"26 mars 2009","publisher_availability_label":"Sur commande","short_details":"Cloquet \u2014 FEMIS","translator":null,"weight":0,"page_count":null,"readership":null,"editor":"FEMIS","price":2287,"published_date":"2009-03-25T23:00:00.000000Z","support":"Grand format","publisher_availability":1,"stock":0,"editions":[],"url":"https:\/\/quaidesbrumes.com\/ouvrage\/9782907114196\/initiation-a-limage-de-film"},{"id":"9782882951298","title":"Marc Allegret d\u00e9couvreur de stars ; sous les yeux d'Andr\u00e9 Gide","description":null,"authors":["Bernard J. Houssiau"],"category_codes":["6000000","6070000","6070300"],"visuals":{"large":"https:\/\/images.epagine.fr\/298\/9782882951298_1_75.jpg","medium":"https:\/\/images.epagine.fr\/298\/9782882951298_1_m.jpg","thumbnail":"https:\/\/images.epagine.fr\/298\/9782882951298_1_v.jpg"},"orderable":true,"show_badge":true,"formatted_price":"26,50&nbsp;\u20ac","formatted_published_date":"17 mars 2000","publisher_availability_label":"Sur commande","short_details":"Bernard J. Houssiau \u2014 Cabedita","translator":null,"weight":620,"page_count":144,"readership":null,"editor":"Cabedita","price":2650,"published_date":"2000-03-16T23:00:00.000000Z","support":"Grand format","publisher_availability":1,"stock":0,"editions":[],"url":"https:\/\/quaidesbrumes.com\/ouvrage\/9782882951298\/marc-allegret-decouvreur-de-stars-sous-les-yeux-dandre-gide"},{"id":"9782912208002","title":"Georges demeny - pionnier du cinema","description":null,"authors":["Laurent Mannoni"],"category_codes":["6000000","6070000","6070300"],"visuals":{"large":"https:\/\/quaidesbrumes.com\/img\/book-placeholder.png","medium":"https:\/\/quaidesbrumes.com\/img\/book-placeholder.png","thumbnail":"https:\/\/quaidesbrumes.com\/img\/book-placeholder.png"},"orderable":true,"show_badge":true,"formatted_price":"29,73&nbsp;\u20ac","formatted_published_date":"15 mai 1997","publisher_availability_label":"Sur commande","short_details":"Laurent Mannoni \u2014 Pagine","translator":null,"weight":0,"page_count":null,"readership":null,"editor":"Pagine","price":2973,"published_date":"1997-05-14T22:00:00.000000Z","support":"Grand format","publisher_availability":1,"stock":0,"editions":[],"url":"https:\/\/quaidesbrumes.com\/ouvrage\/9782912208002\/georges-demeny-pionnier-du-cinema"},{"id":"9782908066456","title":"Exposition. paris. 1994 des images pour la paix","description":null,"authors":["Collectif"],"category_codes":["6000000","6070000","6070300"],"visuals":{"large":"https:\/\/quaidesbrumes.com\/img\/book-placeholder.png","medium":"https:\/\/quaidesbrumes.com\/img\/book-placeholder.png","thumbnail":"https:\/\/quaidesbrumes.com\/img\/book-placeholder.png"},"orderable":true,"show_badge":true,"formatted_price":"24,39&nbsp;\u20ac","formatted_published_date":"31 d\u00e9cembre 2004","publisher_availability_label":"Sur commande","short_details":"Collectif \u2014 Fragments","translator":null,"weight":0,"page_count":null,"readership":null,"editor":"Fragments","price":2439,"published_date":"2004-12-30T23:00:00.000000Z","support":"Grand format","publisher_availability":1,"stock":0,"editions":[],"url":"https:\/\/quaidesbrumes.com\/ouvrage\/9782908066456\/exposition-paris-1994-des-images-pour-la-paix"},{"id":"9782854806472","title":"Entre plage et bocage","description":null,"authors":["Christian Malon"],"category_codes":["6000000","6070000","6070200"],"visuals":{"large":"https:\/\/quaidesbrumes.com\/img\/book-placeholder.png","medium":"https:\/\/quaidesbrumes.com\/img\/book-placeholder.png","thumbnail":"https:\/\/quaidesbrumes.com\/img\/book-placeholder.png"},"orderable":true,"show_badge":true,"formatted_price":"10,67&nbsp;\u20ac","formatted_published_date":"15 septembre 1997","publisher_availability_label":"Sur commande","short_details":"Christian Malon \u2014 Charles Corlet","translator":null,"weight":0,"page_count":null,"readership":null,"editor":"Charles Corlet","price":1067,"published_date":"1997-09-14T22:00:00.000000Z","support":"Grand format","publisher_availability":1,"stock":0,"editions":[],"url":"https:\/\/quaidesbrumes.com\/ouvrage\/9782854806472\/entre-plage-et-bocage"},{"id":"9782854806670","title":"Saint-server","description":null,"authors":["Christian Malon"],"category_codes":["6000000","6070000","6070200"],"visuals":{"large":"https:\/\/quaidesbrumes.com\/img\/book-placeholder.png","medium":"https:\/\/quaidesbrumes.com\/img\/book-placeholder.png","thumbnail":"https:\/\/quaidesbrumes.com\/img\/book-placeholder.png"},"orderable":true,"show_badge":true,"formatted_price":"10,67&nbsp;\u20ac","formatted_published_date":"15 septembre 1997","publisher_availability_label":"Sur commande","short_details":"Christian Malon \u2014 Charles Corlet","translator":null,"weight":0,"page_count":null,"readership":null,"editor":"Charles Corlet","price":1067,"published_date":"1997-09-14T22:00:00.000000Z","support":"Grand format","publisher_availability":1,"stock":0,"editions":[],"url":"https:\/\/quaidesbrumes.com\/ouvrage\/9782854806670\/saint-server"},{"id":"9781576875483","title":"Ara oshagan father land","description":null,"authors":["Oshagan Ara"],"category_codes":["6000000","6070000","6070200"],"visuals":{"large":"https:\/\/images.epagine.fr\/483\/9781576875483_1_75.jpg","medium":"https:\/\/images.epagine.fr\/483\/9781576875483_1_m.jpg","thumbnail":"https:\/\/images.epagine.fr\/483\/9781576875483_1_v.jpg"},"orderable":true,"show_badge":true,"formatted_price":"45,00&nbsp;\u20ac","formatted_published_date":"30 novembre 2010","publisher_availability_label":"Sur commande","short_details":"Oshagan Ara \u2014 Powerhouse","translator":null,"weight":850,"page_count":null,"readership":null,"editor":"Powerhouse","price":4500,"published_date":"2010-11-29T23:00:00.000000Z","support":"Grand format","publisher_availability":1,"stock":0,"editions":[],"url":"https:\/\/quaidesbrumes.com\/ouvrage\/9781576875483\/ara-oshagan-father-land"},{"id":"9781576874288","title":"Forest defenders","description":null,"authors":["Lamarca Christopher"],"category_codes":["6000000","6070000","6070200"],"visuals":{"large":"https:\/\/images.epagine.fr\/288\/9781576874288_1_75.jpg","medium":"https:\/\/images.epagine.fr\/288\/9781576874288_1_m.jpg","thumbnail":"https:\/\/images.epagine.fr\/288\/9781576874288_1_v.jpg"},"orderable":true,"show_badge":true,"formatted_price":"39,00&nbsp;\u20ac","formatted_published_date":"4 mars 2008","publisher_availability_label":"Sur commande","short_details":"Lamarca Christopher \u2014 Powerhouse","translator":null,"weight":801,"page_count":null,"readership":null,"editor":"Powerhouse","price":3900,"published_date":"2008-03-03T23:00:00.000000Z","support":"Grand format","publisher_availability":1,"stock":0,"editions":[],"url":"https:\/\/quaidesbrumes.com\/ouvrage\/9781576874288\/forest-defenders"},{"id":"9781576875810","title":"Harry benson bobby fischer","description":null,"authors":["Harry Benson"],"category_codes":["6000000","6070000","6070200"],"visuals":{"large":"https:\/\/images.epagine.fr\/810\/9781576875810_1_75.jpg","medium":"https:\/\/images.epagine.fr\/810\/9781576875810_1_m.jpg","thumbnail":"https:\/\/images.epagine.fr\/810\/9781576875810_1_v.jpg"},"orderable":true,"show_badge":true,"formatted_price":"40,00&nbsp;\u20ac","formatted_published_date":"9 ao\u00fbt 2011","publisher_availability_label":"Sur commande","short_details":"Harry Benson \u2014 Powerhouse","translator":null,"weight":1200,"page_count":144,"readership":null,"editor":"Powerhouse","price":4000,"published_date":"2011-08-08T22:00:00.000000Z","support":"Grand format","publisher_availability":1,"stock":0,"editions":[],"url":"https:\/\/quaidesbrumes.com\/ouvrage\/9781576875810\/harry-benson-bobby-fischer"},{"id":"9782862342023","title":"Livres d'art","description":null,"authors":["Collectif"],"category_codes":["6000000","6070000","6070300"],"visuals":{"large":"https:\/\/quaidesbrumes.com\/img\/book-placeholder.png","medium":"https:\/\/quaidesbrumes.com\/img\/book-placeholder.png","thumbnail":"https:\/\/quaidesbrumes.com\/img\/book-placeholder.png"},"orderable":true,"show_badge":true,"formatted_price":"38,11&nbsp;\u20ac","formatted_published_date":"11 janvier 1999","publisher_availability_label":"Sur commande","short_details":"Collectif \u2014 MARVAL","translator":null,"weight":0,"page_count":null,"readership":null,"editor":"MARVAL","price":3811,"published_date":"1999-01-10T23:00:00.000000Z","support":"Grand format","publisher_availability":1,"stock":0,"editions":[],"url":"https:\/\/quaidesbrumes.com\/ouvrage\/9782862342023\/livres-dart"},{"id":"9782738456403","title":"Le temps des vamps 1915-1965","description":"Au d\u00e9but de la Premi\u00e8re Guerre mondiale, le cin\u00e9ma cr\u00e9e le personnage de la vamp. La premi\u00e8re vamp, Th\u00e9da Bara, est apparue en 1915 aux U.S.A.","authors":["Michel Azzopardi"],"category_codes":["6000000","6070000","6070300"],"visuals":{"large":"https:\/\/images.epagine.fr\/403\/9782738456403_1_75.jpg","medium":"https:\/\/images.epagine.fr\/403\/9782738456403_1_m.jpg","thumbnail":"https:\/\/images.epagine.fr\/403\/9782738456403_1_v.jpg"},"orderable":true,"show_badge":true,"formatted_price":"43,50&nbsp;\u20ac","formatted_published_date":"3 mai 2000","publisher_availability_label":"Sur commande","short_details":"Michel Azzopardi \u2014 \u00c9ditions L'Harmattan","translator":null,"weight":596,"page_count":484,"readership":null,"editor":"\u00c9ditions L'Harmattan","price":4350,"published_date":"2000-05-02T22:00:00.000000Z","support":"Grand format","publisher_availability":1,"stock":0,"editions":[],"url":"https:\/\/quaidesbrumes.com\/ouvrage\/9782738456403\/le-temps-des-vamps-1915-1965"},{"id":"9782738453181","title":"L'utopie cin\u00e9matographique ; essai sur l'image, le regard et le point de vue","description":"L'image est-elle un langage? Non, sans doute. Mais l'\u00e9tude attentive de la nouvelle forme de r\u00e9cit, popularis\u00e9e par le cin\u00e9ma, \u00e9largit le champ de la r\u00e9flexion linguistique jusqu'\u00e0 rassemlbler dans une m\u00eame th\u00e9orie texte et parole, son et image. Autour d'une th\u00e9orie unifi\u00e9e de l'image, du regard et du sujet, le pr\u00e9sent essai prend sa source dnas les travaux d'Emile Benveniste et de Jacques Lacan, propose un lieu de rencontres s\u00e9miologique aux cin\u00e9astes, psychanalystes, psychosociologyues et linguistes.","authors":["Jean-paul Desgoutte"],"category_codes":["6000000","6070000","6070300"],"visuals":{"large":"https:\/\/images.epagine.fr\/181\/9782738453181_1_75.jpg","medium":"https:\/\/images.epagine.fr\/181\/9782738453181_1_m.jpg","thumbnail":"https:\/\/images.epagine.fr\/181\/9782738453181_1_v.jpg"},"orderable":true,"show_badge":true,"formatted_price":"16,00&nbsp;\u20ac","formatted_published_date":"18 juillet 1997","publisher_availability_label":"Sur commande","short_details":"Jean-paul Desgoutte \u2014 \u00c9ditions L'Harmattan","translator":null,"weight":240,"page_count":176,"readership":null,"editor":"\u00c9ditions L'Harmattan","price":1600,"published_date":"1997-07-17T22:00:00.000000Z","support":"Grand format","publisher_availability":1,"stock":0,"editions":[],"url":"https:\/\/quaidesbrumes.com\/ouvrage\/9782738453181\/lutopie-cinematographique-essai-sur-limage-le-regard-et-le-point-de-vue"},{"id":"9782951304017","title":"Usine","description":"Bien que le travail constitue te propre de l'homme, qu'il soit l'exp\u00e9rience culturelle majeure de nos soci\u00e9t\u00e9s d\u00e9velopp\u00e9es, le lieu de socialisation et le principal structurant de nos vies, sa repr\u00e9sentation et son image dans la cr\u00e9ation artistique furent longtemps diff\u00e9r\u00e9es, puis trop souvent d\u00e9valoris\u00e9es.\r\n Le monde du travail d\u00fb en effet attendre longtemps pour acc\u00e9der au statut de sujet l\u00e9gitime et pour se voir repr\u00e9senter en tant que tel, c'est \u00e0 dire autrement qu'en r\u00e9f\u00e9rence biblique et mythologique. \r\nIl fallut les premi\u00e8res r\u00e9volutions industrielles du 19\u00e8me si\u00e8cle, anglaise puis fran\u00e7aise, pour que cette nouvelle r\u00e9alit\u00e9 obtienne enfin sa reconnaissance sociale et \u00e9conomique et sa l\u00e9gitimit\u00e9 artistique.\r\n Les premi\u00e8res manufactures apparaissent timidement dans la peinture de paysage, d'abord comme toile de fond, comme d\u00e9cor au milieu d'une nature toujours aussi pr\u00e9sente. \/. \r\nLe travail, l'art et l'esth\u00e9tique, de jean-michel leterrier.","authors":["Collectif"],"category_codes":["6000000","6070000","6070200"],"visuals":{"large":"https:\/\/images.epagine.fr\/017\/9782951304017_1_75.jpg","medium":"https:\/\/images.epagine.fr\/017\/9782951304017_1_m.jpg","thumbnail":"https:\/\/images.epagine.fr\/017\/9782951304017_1_v.jpg"},"orderable":true,"show_badge":true,"formatted_price":"19,00&nbsp;\u20ac","formatted_published_date":"25 ao\u00fbt 2003","publisher_availability_label":"Sur commande","short_details":"Collectif \u2014 Un Sourire De Toi","translator":null,"weight":1100,"page_count":null,"readership":null,"editor":"Un Sourire De Toi","price":1900,"published_date":"2003-08-24T22:00:00.000000Z","support":"Grand format","publisher_availability":1,"stock":0,"editions":[],"url":"https:\/\/quaidesbrumes.com\/ouvrage\/9782951304017\/usine"},{"id":"9782738458230","title":"Sam peckinpah, un realisateur dans le systeme hollywoodien des annees soixante et soixante-dix","description":"Avec quatorze films r\u00e9alis\u00e9s apr\u00e8s une importante carri\u00e8re \u00e0 la t\u00e9l\u00e9vision, Sam Peckinpah a tenu une place importante dans le cin\u00e9ma am\u00e9ricain de ces trente derni\u00e8res ann\u00e9es. Marginal, r\u00e9fractaire \u00e0 l'id\u00e9ologie hollywoodienne, Peckinpah appartient clairement \u00e0 cette tradition de revendication et de dissidence qui fait de beaucoup de romanciers et de cin\u00e9astes am\u00e9ricains des \"rebelles\" dress\u00e9s contre l'injustice et les mythes mensongers de la civilisation am\u00e9ricaine. L'oeuvre de Peckinpah proc\u00e8de d'une sensibilit\u00e9 o\u00f9 coexistent la clairvoyance et la passion, le romantisme et l'ironie. Le monde qu'il peint est \u00e0 l'image de ses contradictions. Le bien y mime le mal : l'ambigu\u00eft\u00e9 est la r\u00e8gle.","authors":["Camy Gerad"],"category_codes":["6000000","6070000","6070300"],"visuals":{"large":"https:\/\/images.epagine.fr\/230\/9782738458230_1_75.jpg","medium":"https:\/\/images.epagine.fr\/230\/9782738458230_1_m.jpg","thumbnail":"https:\/\/images.epagine.fr\/230\/9782738458230_1_v.jpg"},"orderable":true,"show_badge":true,"formatted_price":"24,00&nbsp;\u20ac","formatted_published_date":"3 mai 2000","publisher_availability_label":"Sur commande","short_details":"Camy Gerad \u2014 \u00c9ditions L'Harmattan","translator":null,"weight":364,"page_count":null,"readership":null,"editor":"\u00c9ditions L'Harmattan","price":2400,"published_date":"2000-05-02T22:00:00.000000Z","support":"Grand format","publisher_availability":1,"stock":0,"editions":[],"url":"https:\/\/quaidesbrumes.com\/ouvrage\/9782738458230\/sam-peckinpah-un-realisateur-dans-le-systeme-hollywoodien-des-annees-soixante-et-soixante-dix"},{"id":"9782738458520","title":"Une histoire \u00e9conomique du cin\u00e9ma fran\u00e7ais (1895-1995) ; regards crois\u00e9s franco-am\u00e9ricains","description":"Le cin\u00e9ma n'a pas \u00e9volu\u00e9 de fa\u00e7on autonome. Ce livre replace son \u00e9conomie et son organisation, en France et aux Etats-Unis, dans le contexte du si\u00e8cle. L'analyse met en \u00e9vidence trois grands domaines : la constitution d'une industrie, la recherche d'un public, la confrontation entre Hollywood et le mod\u00e8le europ\u00e9en. L'une des ambitions de cet ouvrage collectif est aussi de reconcilier l'objet cin\u00e9ma avec la discipline historique.","authors":["Pierre-jean Benghozi","Christian Del\u00e2ge"],"category_codes":["6000000","6070000","6070300"],"visuals":{"large":"https:\/\/images.epagine.fr\/520\/9782738458520_1_75.jpg","medium":"https:\/\/images.epagine.fr\/520\/9782738458520_1_m.jpg","thumbnail":"https:\/\/images.epagine.fr\/520\/9782738458520_1_v.jpg"},"orderable":true,"show_badge":true,"formatted_price":"33,00&nbsp;\u20ac","formatted_published_date":"3 mai 2000","publisher_availability_label":"Sur commande","short_details":"Pierre-jean Benghozi, Christian Del\u00e2ge \u2014 \u00c9ditions L'Harmattan","translator":null,"weight":532,"page_count":366,"readership":null,"editor":"\u00c9ditions L'Harmattan","price":3300,"published_date":"2000-05-02T22:00:00.000000Z","support":"Grand format","publisher_availability":1,"stock":0,"editions":[],"url":"https:\/\/quaidesbrumes.com\/ouvrage\/9782738458520\/une-histoire-economique-du-cinema-francais-1895-1995-regards-croises-franco-americains"}]}