{"data":[{"id":"9782884741620","title":"Flux ; regards par-dessus la fronti\u00e8re","description":"Le Conseil du L\u00e9man, instance de collaboration transfrontali\u00e8re franco-suisse form\u00e9e par les Cantons de Gen\u00e8ve, du Valais et de Vaud, ainsi que les D\u00e9partements de l'Ain et de la Haute- Savoie, a d\u00e9cid\u00e9 de produire une enqu\u00eate photographique de terrain sur le fait frontalier dans le Bassin l\u00e9manique. Flux est une exposition itin\u00e9rante de photographies et de textes issus de ce travail de commande pass\u00e9 \u00e0 cinq photographes suisses et fran\u00e7ais.\r\nCe projet souligne la mobilit\u00e9 et la r\u00e9alit\u00e9 d'une r\u00e9gion qui vit, par-del\u00e0 la fronti\u00e8re, un destin commun. Il interroge sur la notion de r\u00e9gion et souhaite susciter le d\u00e9bat le plus large possible. Les photographies dressent une fresque sensible d'un territoire ouvert o\u00f9 des liens dans une multitude de domaines ne cessent de se tisser. La fronti\u00e8re unit plus qu'elle ne divise. Cependant, elle reste n\u00e9cessaire, voulue, admise par les Etats qui la dressent. Elle symbolise la limite d'un \u00abchez soi\u00bb r\u00e9confortant, utile au bon fonctionnement des collectivit\u00e9s publiques.\r\nLes textes servent de contrepoint philosophique, politique ou po\u00e9tique aux images. Ils sont le fruit d'une s\u00e9lection arbitraire ou la r\u00e9ponse \u00e0 une invitation transmise pour l'occasion.\r\n\r\nUn beau livre de photographies ; un livre de proximit\u00e9 pour les habitants de la r\u00e9gion concern\u00e9e ; un th\u00e8me qui touche de pr\u00e8s toute la fronti\u00e8re fran\u00e7aise, de Dunkerque \u00e0 Menton ; une question politique incontournable.","authors":["Collectif"],"category_codes":["6000000","6070000","6070200"],"visuals":{"large":"https:\/\/images.epagine.fr\/620\/9782884741620_1_75.jpg","medium":"https:\/\/images.epagine.fr\/620\/9782884741620_1_m.jpg","thumbnail":"https:\/\/images.epagine.fr\/620\/9782884741620_1_v.jpg"},"orderable":true,"show_badge":true,"formatted_price":"19,25&nbsp;\u20ac","formatted_published_date":"28 mai 2009","publisher_availability_label":"Sur commande","short_details":"Collectif \u2014 INFOLIO","translator":null,"weight":680,"page_count":null,"readership":"Tout public","editor":"INFOLIO","price":1925,"published_date":"2009-05-27T22:00:00.000000Z","support":"Grand format","publisher_availability":1,"stock":0,"editions":[],"url":"https:\/\/quaidesbrumes.com\/ouvrage\/9782884741620\/flux-regards-par-dessus-la-frontiere"},{"id":"9782858220960","title":"Abbaye silvacane","description":null,"authors":["Deschamps"],"category_codes":["6000000","6070000","6070300"],"visuals":{"large":"https:\/\/quaidesbrumes.com\/img\/book-placeholder.png","medium":"https:\/\/quaidesbrumes.com\/img\/book-placeholder.png","thumbnail":"https:\/\/quaidesbrumes.com\/img\/book-placeholder.png"},"orderable":true,"show_badge":true,"formatted_price":"14,48&nbsp;\u20ac","formatted_published_date":"22 janvier 2004","publisher_availability_label":"Sur commande","short_details":"Deschamps \u2014 \u00c9ditions du patrimoine","translator":null,"weight":530,"page_count":null,"readership":null,"editor":"\u00c9ditions du patrimoine","price":1448,"published_date":"2004-01-21T23:00:00.000000Z","support":"Grand format","publisher_availability":1,"stock":0,"editions":[],"url":"https:\/\/quaidesbrumes.com\/ouvrage\/9782858220960\/abbaye-silvacane"},{"id":"9782858221264","title":"La france du vin","description":null,"authors":["Jacques Puisais"],"category_codes":["6000000","6070000","6070300"],"visuals":{"large":"https:\/\/quaidesbrumes.com\/img\/book-placeholder.png","medium":"https:\/\/quaidesbrumes.com\/img\/book-placeholder.png","thumbnail":"https:\/\/quaidesbrumes.com\/img\/book-placeholder.png"},"orderable":true,"show_badge":true,"formatted_price":"14,48&nbsp;\u20ac","formatted_published_date":"8 mars 2003","publisher_availability_label":"Sur commande","short_details":"Jacques Puisais \u2014 \u00c9ditions du patrimoine","translator":null,"weight":0,"page_count":null,"readership":null,"editor":"\u00c9ditions du patrimoine","price":1448,"published_date":"2003-03-07T23:00:00.000000Z","support":"Grand format","publisher_availability":1,"stock":0,"editions":[],"url":"https:\/\/quaidesbrumes.com\/ouvrage\/9782858221264\/la-france-du-vin"},{"id":"9782841020270","title":"Plaisirs de l'automne","description":null,"authors":["Collectif"],"category_codes":["6000000","6070000","6070300"],"visuals":{"large":"https:\/\/quaidesbrumes.com\/img\/book-placeholder.png","medium":"https:\/\/quaidesbrumes.com\/img\/book-placeholder.png","thumbnail":"https:\/\/quaidesbrumes.com\/img\/book-placeholder.png"},"orderable":true,"show_badge":true,"formatted_price":"18,29&nbsp;\u20ac","formatted_published_date":"9 septembre 1998","publisher_availability_label":"Sur commande","short_details":"Collectif \u2014 DU MAY","translator":null,"weight":0,"page_count":null,"readership":null,"editor":"DU MAY","price":1829,"published_date":"1998-09-08T22:00:00.000000Z","support":"Grand format","publisher_availability":1,"stock":0,"editions":[],"url":"https:\/\/quaidesbrumes.com\/ouvrage\/9782841020270\/plaisirs-de-lautomne"},{"id":"9782252038178","title":"Manifeste du cin\u00e9aste","description":"Quels rapports entre sc\u00e9nario et mise en sc\u00e8ne ? Entre fictions et documentaires ? La direction d'acteur, mythe ou r\u00e9alit\u00e9 ? Quelles tensions et quelle harmonie avec l'\u00e9quipe ? Pourquoi chaque film est un combat dont l'issue est incertaine ? Quels moyens pour quels films ? Internet et le num\u00e9rique : une chance \u00e0 saisir ? Quels publics ?","authors":["Fr\u00e9d\u00e9ric Sojcher"],"category_codes":["6000000","6070000","6070300"],"visuals":{"large":"https:\/\/images.epagine.fr\/178\/9782252038178_1_75.jpg","medium":"https:\/\/images.epagine.fr\/178\/9782252038178_1_m.jpg","thumbnail":"https:\/\/images.epagine.fr\/178\/9782252038178_1_v.jpg"},"orderable":true,"show_badge":true,"formatted_price":"21,00&nbsp;\u20ac","formatted_published_date":"22 novembre 2011","publisher_availability_label":"Sur commande","short_details":"Fr\u00e9d\u00e9ric Sojcher \u2014 Klincksieck","translator":null,"weight":248,"page_count":296,"readership":null,"editor":"Klincksieck","price":2100,"published_date":"2011-11-21T23:00:00.000000Z","support":"Grand format","publisher_availability":1,"stock":0,"editions":[],"url":"https:\/\/quaidesbrumes.com\/ouvrage\/9782252038178\/manifeste-du-cineaste"},{"id":"9782841860074","title":"Population en danger - regards","description":null,"authors":["Collectif"],"category_codes":["6000000","6070000","6070200"],"visuals":{"large":"https:\/\/images.epagine.fr\/074\/9782841860074_1_75.jpg","medium":"https:\/\/images.epagine.fr\/074\/9782841860074_1_m.jpg","thumbnail":"https:\/\/images.epagine.fr\/074\/9782841860074_1_v.jpg"},"orderable":true,"show_badge":true,"formatted_price":"18,55&nbsp;\u20ac","formatted_published_date":"1er mars 1995","publisher_availability_label":"Sur commande","short_details":"Collectif \u2014 MICHALON","translator":null,"weight":514,"page_count":null,"readership":null,"editor":"MICHALON","price":1855,"published_date":"1995-02-28T23:00:00.000000Z","support":"Grand format","publisher_availability":1,"stock":0,"editions":[],"url":"https:\/\/quaidesbrumes.com\/ouvrage\/9782841860074\/population-en-danger-regards"},{"id":"9782296541559","title":"Cauchemars italiens t2 ; le cin\u00e9ma horrifique","description":"Cauchemars italiens, volume 2 : le cin\u00e9ma horrifique adopte, \u00e0 l'instar du premier volume, une vari\u00e9t\u00e9 d'approches afin de cerner au mieux les particularit\u00e9s d'un cin\u00e9ma n'ayant jamais rechign\u00e9 devant des images gore et r\u00e9pulsives. Sont analys\u00e9es les oeuvres de Dario Argento, Francesco Barilli et de Pier Paolo Pasolini.","authors":["Frank Lafond"],"category_codes":["6000000","6070000","6070300"],"visuals":{"large":"https:\/\/images.epagine.fr\/559\/9782296541559_1_75.jpg","medium":"https:\/\/images.epagine.fr\/559\/9782296541559_1_m.jpg","thumbnail":"https:\/\/images.epagine.fr\/559\/9782296541559_1_v.jpg"},"orderable":true,"show_badge":true,"formatted_price":"18,50&nbsp;\u20ac","formatted_published_date":"19 janvier 2011","publisher_availability_label":"Sur commande","short_details":"Frank Lafond \u2014 \u00c9ditions L'Harmattan","translator":null,"weight":230,"page_count":182,"readership":null,"editor":"\u00c9ditions L'Harmattan","price":1850,"published_date":"2011-01-18T23:00:00.000000Z","support":"Grand format","publisher_availability":1,"stock":0,"editions":[],"url":"https:\/\/quaidesbrumes.com\/ouvrage\/9782296541559\/cauchemars-italiens-t2-le-cinema-horrifique"},{"id":"9782862341989","title":"Mon irlande","description":null,"authors":["Pataux A."],"category_codes":["6000000","6070000","6070300"],"visuals":{"large":"https:\/\/quaidesbrumes.com\/img\/book-placeholder.png","medium":"https:\/\/quaidesbrumes.com\/img\/book-placeholder.png","thumbnail":"https:\/\/quaidesbrumes.com\/img\/book-placeholder.png"},"orderable":true,"show_badge":true,"formatted_price":"18,29&nbsp;\u20ac","formatted_published_date":"21 janvier 1998","publisher_availability_label":"Sur commande","short_details":"Pataux A. \u2014 MARVAL","translator":null,"weight":0,"page_count":null,"readership":null,"editor":"MARVAL","price":1829,"published_date":"1998-01-20T23:00:00.000000Z","support":"Grand format","publisher_availability":1,"stock":0,"editions":[],"url":"https:\/\/quaidesbrumes.com\/ouvrage\/9782862341989\/mon-irlande"},{"id":"9782862581149","title":"Lumiere et photographie","description":null,"authors":["Ted Schwarz"],"category_codes":["6000000","6070000","6070200"],"visuals":{"large":"https:\/\/quaidesbrumes.com\/img\/book-placeholder.png","medium":"https:\/\/quaidesbrumes.com\/img\/book-placeholder.png","thumbnail":"https:\/\/quaidesbrumes.com\/img\/book-placeholder.png"},"orderable":true,"show_badge":true,"formatted_price":"15,09&nbsp;\u20ac","formatted_published_date":"16 f\u00e9vrier 1996","publisher_availability_label":"Sur commande","short_details":"Ted Schwarz \u2014 Vm","translator":null,"weight":800,"page_count":null,"readership":null,"editor":"Vm","price":1509,"published_date":"1996-02-15T23:00:00.000000Z","support":"Grand format","publisher_availability":1,"stock":0,"editions":[],"url":"https:\/\/quaidesbrumes.com\/ouvrage\/9782862581149\/lumiere-et-photographie"},{"id":"9782866420604","title":"Ombres jaunes ; journal de tournage ; le dernier empereur de Bernardo Bertolucci","description":"Pour r\u00e9aliser le Dernier Empereur, le cin\u00e9aste italien Bernardo Bertolucci a trouv\u00e9 dans le r\u00e9cit de la vie de Pu Yi bien des r\u00e9sonnances \u00e0 son inspiration cin\u00e9matographique. Les bouleversements de l'histoire de la Chine vont transformer l'existence de Pu Yi en une v\u00e9ritable \u00e9pop\u00e9e du si\u00e8cle, en m\u00eame temps qu'en une sorte de nouvelle \"trag\u00e9die d'un homme ridicule\".\r\nL'un des assistants du r\u00e9alisateur a voulu se souvenir du r\u00f4le d\u00e9volu jadis \u00e0 l'\"Annaliste\" de la cour imp\u00e9riale pour consigner au jour le jour, six mois durant, l'extraordinaire aventure que repr\u00e9senta le tournage du Dernier Empereur, la premi\u00e8re superproduction r\u00e9alis\u00e9e en Chine par un cin\u00e9aste \u00e9tranger, consacr\u00e9e \u00e0 l'histoire moderne de la C\u00e9leste R\u00e9publique. \r\nDevant la cam\u00e9ra comme dans les coulisses, John Lone, Joan Chen et Peter O'Toole sont les protagonistes de ce Journal de bord, avec Bertolucci lui-m\u00eame, son producteur Jeremy Thomas, le directeur de la photographie Vittorio Storaro, le costumier James Acheson, le d\u00e9corateur Ferdinando Scarfiotti et leurs innombrables collaborateurs anonymes.","authors":["Fabien s. Gerard"],"category_codes":["6000000","6070000","6070300"],"visuals":{"large":"https:\/\/quaidesbrumes.com\/img\/book-placeholder.png","medium":"https:\/\/quaidesbrumes.com\/img\/book-placeholder.png","thumbnail":"https:\/\/quaidesbrumes.com\/img\/book-placeholder.png"},"orderable":true,"show_badge":true,"formatted_price":"24,95&nbsp;\u20ac","formatted_published_date":"1er novembre 1987","publisher_availability_label":"Sur commande","short_details":"Fabien s. Gerard \u2014 Cahiers Du Cinema","translator":null,"weight":780,"page_count":null,"readership":null,"editor":"Cahiers Du Cinema","price":2495,"published_date":"1987-10-31T23:00:00.000000Z","support":"Grand format","publisher_availability":1,"stock":0,"editions":[],"url":"https:\/\/quaidesbrumes.com\/ouvrage\/9782866420604\/ombres-jaunes-journal-de-tournage-le-dernier-empereur-de-bernardo-bertolucci"},{"id":"9782296011861","title":"Dans les coulisses du nouvel observateur ; r\u00e9cit d'un maquettiste au coeur d'un grand hebdomadaire","description":"Depuis 1964, le Nouvel Observateur s'est impos\u00e9 comme un hebdomadaire de r\u00e9f\u00e9rence dans la presse fran\u00e7aise. C'est donc \u00e0 travers l'itin\u00e9raire d'un maquettiste que l'on d\u00e9couvre l'envers du d\u00e9cor. A la mise en page, dans ce lieu strat\u00e9gique o\u00f9 textes et photos s'assemblent, un homme d'images dans un monde d'\u00e9crits nous parle avec passion de son m\u00e9tier et nous fait p\u00e9n\u00e9trer dans les coulisses. On d\u00e9couvre ainsi les diff\u00e9rents m\u00e9tiers, leurs ambiances, les enjeux, les enthousiasmes mais aussi les amertumes qui r\u00e9gissent cette singuli\u00e8re et bouillonnante \"symphonie hebdomadaire\".","authors":["Pierre H\u00e9drich"],"category_codes":["6000000","6070000","6070300"],"visuals":{"large":"https:\/\/images.epagine.fr\/861\/9782296011861_1_75.jpg","medium":"https:\/\/images.epagine.fr\/861\/9782296011861_1_m.jpg","thumbnail":"https:\/\/images.epagine.fr\/861\/9782296011861_1_v.jpg"},"orderable":true,"show_badge":true,"formatted_price":"19,00&nbsp;\u20ac","formatted_published_date":"15 septembre 2006","publisher_availability_label":"Sur commande","short_details":"Pierre H\u00e9drich \u2014 \u00c9ditions L'Harmattan","translator":null,"weight":220,"page_count":198,"readership":null,"editor":"\u00c9ditions L'Harmattan","price":1900,"published_date":"2006-09-14T22:00:00.000000Z","support":"Grand format","publisher_availability":1,"stock":0,"editions":[],"url":"https:\/\/quaidesbrumes.com\/ouvrage\/9782296011861\/dans-les-coulisses-du-nouvel-observateur-recit-dun-maquettiste-au-coeur-dun-grand-hebdomadaire"},{"id":"9783037781654","title":"Barbara hee chaviolas a landscape, so intimate and aloof \/anglais\/allemand","description":null,"authors":["Hee Barbara"],"category_codes":["6000000","6070000","6070200"],"visuals":{"large":"https:\/\/images.epagine.fr\/654\/9783037781654_1_75.jpg","medium":"https:\/\/images.epagine.fr\/654\/9783037781654_1_m.jpg","thumbnail":"https:\/\/images.epagine.fr\/654\/9783037781654_1_v.jpg"},"orderable":true,"show_badge":true,"formatted_price":"25,00&nbsp;\u20ac","formatted_published_date":"1er janvier 2010","publisher_availability_label":"Sur commande","short_details":"Hee Barbara \u2014 Lars Muller","translator":null,"weight":1200,"page_count":240,"readership":null,"editor":"Lars Muller","price":2500,"published_date":"2009-12-31T23:00:00.000000Z","support":"Grand format","publisher_availability":1,"stock":0,"editions":[],"url":"https:\/\/quaidesbrumes.com\/ouvrage\/9783037781654\/barbara-hee-chaviolas-a-landscape-so-intimate-and-aloof-anglaisallemand"},{"id":"9783829604680","title":"Zeche Hannover ; Hannover coal Mine","description":"La mine Hannover \u00e0 Bochum photographi\u00e9e lors de son d\u00e9mant\u00e8lement entre 1971 et 1974, un t\u00e9moignage pr\u00e9cieux de la fin de l'industrialisation de la vall\u00e9e de la Ruhr.","authors":["Becher Bernd & Hilla"],"category_codes":["6000000","6070000","6070200"],"visuals":{"large":"https:\/\/images.epagine.fr\/680\/9783829604680_1_75.jpg","medium":"https:\/\/images.epagine.fr\/680\/9783829604680_1_m.jpg","thumbnail":"https:\/\/images.epagine.fr\/680\/9783829604680_1_v.jpg"},"orderable":true,"show_badge":true,"formatted_price":"80,00&nbsp;\u20ac","formatted_published_date":"1er mars 2010","publisher_availability_label":"Sur commande","short_details":"Becher Bernd & Hilla \u2014 Schirmer Mosel","translator":null,"weight":1501,"page_count":288,"readership":null,"editor":"Schirmer Mosel","price":8000,"published_date":"2010-02-28T23:00:00.000000Z","support":"Grand format","publisher_availability":1,"stock":0,"editions":[],"url":"https:\/\/quaidesbrumes.com\/ouvrage\/9783829604680\/zeche-hannover-hannover-coal-mine"},{"id":"9782890350854","title":"La photolithographie","description":null,"authors":["Barraud"],"category_codes":["6000000","6070000","6070300"],"visuals":{"large":"https:\/\/quaidesbrumes.com\/img\/book-placeholder.png","medium":"https:\/\/quaidesbrumes.com\/img\/book-placeholder.png","thumbnail":"https:\/\/quaidesbrumes.com\/img\/book-placeholder.png"},"orderable":true,"show_badge":true,"formatted_price":"73,18&nbsp;\u20ac","formatted_published_date":"8 mars 2003","publisher_availability_label":"Sur commande","short_details":"Barraud \u2014 Saint Martin Quebec","translator":null,"weight":2000,"page_count":null,"readership":null,"editor":"Saint Martin Quebec","price":7318,"published_date":"2003-03-07T23:00:00.000000Z","support":"Grand format","publisher_availability":1,"stock":0,"editions":[],"url":"https:\/\/quaidesbrumes.com\/ouvrage\/9782890350854\/la-photolithographie"},{"id":"9782869411401","title":"Ellipse et laps","description":null,"authors":["Denis Roche"],"category_codes":["6000000","6070000","6070200"],"visuals":{"large":"https:\/\/images.epagine.fr\/401\/9782869411401_1_75.jpg","medium":"https:\/\/images.epagine.fr\/401\/9782869411401_1_m.jpg","thumbnail":"https:\/\/images.epagine.fr\/401\/9782869411401_1_v.jpg"},"orderable":true,"show_badge":true,"formatted_price":"30,00&nbsp;\u20ac","formatted_published_date":"8 mars 2003","publisher_availability_label":"Sur commande","short_details":"Denis Roche \u2014 Maeght","translator":null,"weight":0,"page_count":null,"readership":null,"editor":"Maeght","price":3000,"published_date":"2003-03-07T23:00:00.000000Z","support":"Grand format","publisher_availability":1,"stock":0,"editions":[],"url":"https:\/\/quaidesbrumes.com\/ouvrage\/9782869411401\/ellipse-et-laps"},{"id":"9782869412590","title":"Guide du musee du cinema","description":null,"authors":["Lefebvre"],"category_codes":["6000000","6070000","6070300"],"visuals":{"large":"https:\/\/quaidesbrumes.com\/img\/book-placeholder.png","medium":"https:\/\/quaidesbrumes.com\/img\/book-placeholder.png","thumbnail":"https:\/\/quaidesbrumes.com\/img\/book-placeholder.png"},"orderable":true,"show_badge":true,"formatted_price":"15,24&nbsp;\u20ac","formatted_published_date":"22 janvier 2004","publisher_availability_label":"Sur commande","short_details":"Lefebvre \u2014 Maeght","translator":null,"weight":0,"page_count":null,"readership":null,"editor":"Maeght","price":1524,"published_date":"2004-01-21T23:00:00.000000Z","support":"Grand format","publisher_availability":1,"stock":0,"editions":[],"url":"https:\/\/quaidesbrumes.com\/ouvrage\/9782869412590\/guide-du-musee-du-cinema"},{"id":"9782869412637","title":"L'automobile dans l'affiche de cin\u00e9ma","description":"Carnet de Voyage sur les affiches automobiles dans l'affiche de cin\u00e9ma. Texte de Jean-Louis Capitaine. 80 pages broch\u00e9es. Edit\u00e9 en 1995.","authors":["Capitaine"],"category_codes":["6000000","6070000","6070300"],"visuals":{"large":"https:\/\/images.epagine.fr\/637\/9782869412637_1_75.jpg","medium":"https:\/\/images.epagine.fr\/637\/9782869412637_1_m.jpg","thumbnail":"https:\/\/images.epagine.fr\/637\/9782869412637_1_v.jpg"},"orderable":true,"show_badge":true,"formatted_price":"20,00&nbsp;\u20ac","formatted_published_date":"22 janvier 2004","publisher_availability_label":"Sur commande","short_details":"Capitaine \u2014 Maeght","translator":null,"weight":0,"page_count":null,"readership":null,"editor":"Maeght","price":2000,"published_date":"2004-01-21T23:00:00.000000Z","support":"Grand format","publisher_availability":1,"stock":0,"editions":[],"url":"https:\/\/quaidesbrumes.com\/ouvrage\/9782869412637\/lautomobile-dans-laffiche-de-cinema"},{"id":"9782892496499","title":"Magie de la photo","description":null,"authors":["Burton"],"category_codes":["6000000","6070000","6070200"],"visuals":{"large":"https:\/\/quaidesbrumes.com\/img\/book-placeholder.png","medium":"https:\/\/quaidesbrumes.com\/img\/book-placeholder.png","thumbnail":"https:\/\/quaidesbrumes.com\/img\/book-placeholder.png"},"orderable":true,"show_badge":true,"formatted_price":"11,43&nbsp;\u20ac","formatted_published_date":"8 mars 2003","publisher_availability_label":"Sur commande","short_details":"Burton \u2014 Trecarre","translator":null,"weight":0,"page_count":null,"readership":null,"editor":"Trecarre","price":1143,"published_date":"2003-03-07T23:00:00.000000Z","support":"Grand format","publisher_availability":1,"stock":0,"editions":[],"url":"https:\/\/quaidesbrumes.com\/ouvrage\/9782892496499\/magie-de-la-photo"},{"id":"9782909571072","title":"Mama Casset et les pr\u00e9curseurs de la photographie au S\u00e9n\u00e9gal","description":null,"authors":["Collectif"],"category_codes":["6000000","6070000","6070200","6070207"],"visuals":{"large":"https:\/\/quaidesbrumes.com\/img\/book-placeholder.png","medium":"https:\/\/quaidesbrumes.com\/img\/book-placeholder.png","thumbnail":"https:\/\/quaidesbrumes.com\/img\/book-placeholder.png"},"orderable":true,"show_badge":true,"formatted_price":"30,00&nbsp;\u20ac","formatted_published_date":"3 mars 1998","publisher_availability_label":"Sur commande","short_details":"Collectif \u2014 Revue Noire","translator":null,"weight":600,"page_count":96,"readership":null,"editor":"Revue Noire","price":3000,"published_date":"1998-03-02T23:00:00.000000Z","support":"Grand format","publisher_availability":1,"stock":0,"editions":[],"url":"https:\/\/quaidesbrumes.com\/ouvrage\/9782909571072\/mama-casset-et-les-precurseurs-de-la-photographie-au-senegal"},{"id":"9782862342474","title":"Louis aragon","description":null,"authors":["Collectif"],"category_codes":["6000000","6070000","6070200"],"visuals":{"large":"https:\/\/quaidesbrumes.com\/img\/book-placeholder.png","medium":"https:\/\/quaidesbrumes.com\/img\/book-placeholder.png","thumbnail":"https:\/\/quaidesbrumes.com\/img\/book-placeholder.png"},"orderable":true,"show_badge":true,"formatted_price":"8,99&nbsp;\u20ac","formatted_published_date":"22 janvier 1998","publisher_availability_label":"Sur commande","short_details":"Collectif \u2014 MARVAL","translator":null,"weight":0,"page_count":null,"readership":null,"editor":"MARVAL","price":899,"published_date":"1998-01-21T23:00:00.000000Z","support":"Grand format","publisher_availability":1,"stock":0,"editions":[],"url":"https:\/\/quaidesbrumes.com\/ouvrage\/9782862342474\/louis-aragon"},{"id":"9782873401160","title":"Cinematheque n\u00b08","description":null,"authors":["Collectif"],"category_codes":["6000000","6070000","6070300"],"visuals":{"large":"https:\/\/quaidesbrumes.com\/img\/book-placeholder.png","medium":"https:\/\/quaidesbrumes.com\/img\/book-placeholder.png","thumbnail":"https:\/\/quaidesbrumes.com\/img\/book-placeholder.png"},"orderable":true,"show_badge":true,"formatted_price":"20,58&nbsp;\u20ac","formatted_published_date":"24 octobre 2002","publisher_availability_label":"Sur commande","short_details":"Collectif \u2014 Yellow Now","translator":null,"weight":0,"page_count":null,"readership":null,"editor":"Yellow Now","price":2058,"published_date":"2002-10-23T22:00:00.000000Z","support":"Grand format","publisher_availability":1,"stock":0,"editions":[],"url":"https:\/\/quaidesbrumes.com\/ouvrage\/9782873401160\/cinematheque-n8"},{"id":"9782332690050","title":"Simon Bocanegra ; portrait et m\u00e9daillon","description":"A la demande du photographe Simon Bocanegra, l'auteur a \u00e9crit un portrait approuv\u00e9 par le photographe. Bocanegra n'avait pas l'ambition d'un grand photographe. Il l'\u00e9tait tout simplement. Le monde semblait lui appartenir ; son Nikon \u00e9tait son passeport et la nuit \u00e9tait son cadre. Par son regard, il nous r\u00e9v\u00e8le la densit\u00e9 personnelle des stars, la beaut\u00e9 surr\u00e9elle des transsexuels, les sortil\u00e8ges de la nuit parisienne, l'\u00e9clat insolent de la vieillesse, la po\u00e9sie du bordel. Dans sa bouche, le mot po\u00e9sie \u00e9tait aussi impr\u00e9visible qu'inou\u00ef.","authors":["Jacqueline Germ\u00e9"],"category_codes":["6000000","6070000","6070200"],"visuals":{"large":"https:\/\/images.epagine.fr\/050\/9782332690050_1_75.jpg","medium":"https:\/\/images.epagine.fr\/050\/9782332690050_1_m.jpg","thumbnail":"https:\/\/images.epagine.fr\/050\/9782332690050_1_v.jpg"},"orderable":true,"show_badge":true,"formatted_price":"8,00&nbsp;\u20ac","formatted_published_date":"19 f\u00e9vrier 2014","publisher_availability_label":"Sur commande","short_details":"Jacqueline Germ\u00e9 \u2014 Edilivre","translator":null,"weight":34,"page_count":18,"readership":null,"editor":"Edilivre","price":800,"published_date":"2014-02-18T23:00:00.000000Z","support":"Poche","publisher_availability":1,"stock":0,"editions":[],"url":"https:\/\/quaidesbrumes.com\/ouvrage\/9782332690050\/simon-bocanegra-portrait-et-medaillon"},{"id":"9782940121175","title":"Des livres et vous","description":null,"authors":["Zerdoun"],"category_codes":["6000000","6070000","6070200"],"visuals":{"large":"https:\/\/quaidesbrumes.com\/img\/book-placeholder.png","medium":"https:\/\/quaidesbrumes.com\/img\/book-placeholder.png","thumbnail":"https:\/\/quaidesbrumes.com\/img\/book-placeholder.png"},"orderable":true,"show_badge":true,"formatted_price":"28,97&nbsp;\u20ac","formatted_published_date":"8 mars 2003","publisher_availability_label":"Sur commande","short_details":"Zerdoun \u2014 Eboris","translator":null,"weight":0,"page_count":null,"readership":null,"editor":"Eboris","price":2897,"published_date":"2003-03-07T23:00:00.000000Z","support":"Grand format","publisher_availability":1,"stock":0,"editions":[],"url":"https:\/\/quaidesbrumes.com\/ouvrage\/9782940121175\/des-livres-et-vous"},{"id":"9782950606600","title":"Le Dauphin\u00e9 vu du ciel","description":"Plus de 100 photos couleurs dont des vues panoramiques \u00e9tonnantes des massifs de l'Oisans, de Belledonne, de la Chartreuse et du Vercors.\r\n\r\nGraphiste, photographe et illustrateur, F. Dardelet a sign\u00e9 depuis 30 ans de nombreuses campagnes publicitaires pour le tourisme et l'industrie, courant le monde \u00e0 la recherche des \" visuels \".\r\n\r\nL'aventure qu'il vit aujourd'hui avec son fils et co\u00e9quipier prolonge sa carri\u00e8re de publicitaire dans l'univers sans limites des images num\u00e9riques et de l'infographie...\r\n\r\nApr\u00e8s Hong-Kong et les Cara\u00efbes, les voici dans l'ombre climatis\u00e9e de leur o\u00f9 ronronnent les ordinateurs. Mais il arrive qu'un rayon de soleil en perce les stores, signal mutin d'un retour aux images naturelles : ils foncent au Versoud o\u00f9 les attend un petit avion aux ailes sur\u00e9lev\u00e9es...\r\n\r\nC'est dans ce temps vol\u00e9, vol\u00e9 sur le mauvais temps qui court, qu'ont \u00e9t\u00e9 r\u00e9alis\u00e9es ces images solaires du Dauphin\u00e9. Celles-ci forment , apr\u00e8s \"Grenoble vue du ciel\", paru en 91, le second volet d'un hommage que rendent \u00e0 leur r\u00e9gion ces globe-trotters devenus avec une passion inconstante et f\u00e9conde d'\u00e9ternels dilettantes les premiers \"compu-trotters\" volants du sud-est de la France...","authors":["Fran\u00e7ois Dardelet","Laurent Dardelet"],"category_codes":["6000000","6070000","6070200"],"visuals":{"large":"https:\/\/images.epagine.fr\/600\/9782950606600_1_75.jpg","medium":"https:\/\/images.epagine.fr\/600\/9782950606600_1_m.jpg","thumbnail":"https:\/\/images.epagine.fr\/600\/9782950606600_1_v.jpg"},"orderable":true,"show_badge":true,"formatted_price":"39,00&nbsp;\u20ac","formatted_published_date":"12 mars 2003","publisher_availability_label":"Sur commande","short_details":"Fran\u00e7ois Dardelet, Laurent Dardelet \u2014 Dardelet","translator":null,"weight":0,"page_count":null,"readership":null,"editor":"Dardelet","price":3900,"published_date":"2003-03-11T23:00:00.000000Z","support":"Grand format","publisher_availability":1,"stock":0,"editions":[],"url":"https:\/\/quaidesbrumes.com\/ouvrage\/9782950606600\/le-dauphine-vu-du-ciel"}]}