{"data":[{"id":"9782921620888","title":"La ville ou fleurissent les images : carnets d'un cinephile a tokyo","description":null,"authors":["Claude R Blouin"],"category_codes":["6000000","6070000","6070300"],"visuals":{"large":"https:\/\/quaidesbrumes.com\/img\/book-placeholder.png","medium":"https:\/\/quaidesbrumes.com\/img\/book-placeholder.png","thumbnail":"https:\/\/quaidesbrumes.com\/img\/book-placeholder.png"},"orderable":true,"show_badge":true,"formatted_price":"20,58&nbsp;\u20ac","formatted_published_date":"1er avril 1998","publisher_availability_label":"Sur commande","short_details":"Claude R Blouin \u2014 Les 400 coups","translator":null,"weight":0,"page_count":null,"readership":null,"editor":"Les 400 coups","price":2058,"published_date":"1998-03-31T22:00:00.000000Z","support":"Grand format","publisher_availability":1,"stock":0,"editions":[],"url":"https:\/\/quaidesbrumes.com\/ouvrage\/9782921620888\/la-ville-ou-fleurissent-les-images-carnets-dun-cinephile-a-tokyo"},{"id":"9782894890356","title":"Psycho : De la figure au mus\u00e9e imaginaire - Th\u00e9orie et pratique de l'acte de spectature","description":"Que retient-on d'un film ? Que se produit-il lorsqu'un film laisse son empreinte sur la cire molle de notre m\u00e9moire ? Cet ouvrage \u00e9tudie entre autres le r\u00f4le de l'imagination et de la memoria pour comprendre comment le spectateur s'approprie le film qu'il regarde. Le r\u00e9sultat de ce processus est appel\u00e9 figure. C'est le fondement de la culture filmique et l'artefact principal de ce mus\u00e9e imaginaire du cin\u00e9ma que chaque spectateur poss\u00e8de et o\u00f9 il conserve ce qu'il a retenu du cin\u00e9ma. L'enqu\u00eate est men\u00e9e \u00e0 partir d'un film unique et, plus particuli\u00e8rement, \u00e0 partir d'un \u00e9pisode de ce film : Psycho d'Alfred Hitchock et le c\u00e9l\u00e8bre meurtre sous la douche.","authors":["Martin Lefebvre"],"category_codes":["6000000","6070000","6070200"],"visuals":{"large":"https:\/\/images.epagine.fr\/356\/9782894890356_1_75.jpg","medium":"https:\/\/images.epagine.fr\/356\/9782894890356_1_m.jpg","thumbnail":"https:\/\/images.epagine.fr\/356\/9782894890356_1_v.jpg"},"orderable":true,"show_badge":true,"formatted_price":"22,50&nbsp;\u20ac","formatted_published_date":"3 mai 2000","publisher_availability_label":"Sur commande","short_details":"Martin Lefebvre \u2014 \u00c9ditions L'Harmattan","translator":null,"weight":282,"page_count":254,"readership":null,"editor":"\u00c9ditions L'Harmattan","price":2250,"published_date":"2000-05-02T22:00:00.000000Z","support":"Grand format","publisher_availability":1,"stock":0,"editions":[],"url":"https:\/\/quaidesbrumes.com\/ouvrage\/9782894890356\/psycho-de-la-figure-au-musee-imaginaire-theorie-et-pratique-de-lacte-de-spectature"},{"id":"9782738452498","title":"L'ART DU MENSONGE ET DE LA VERIT\u00c9 : Orson Welles : le Proc\u00e8s et Une Histoire Immortelle","description":"A sa sortie en salle, Le Proc\u00e8s a \u00e9t\u00e9 vivement critiqu\u00e9. On a voulu trouver Kafka, on l'a cherch\u00e9, tandis qu'on perdait de vue Orson Welles lui-m\u00eame. Qui voit ? Qui raconte ? Ces interrogations placent le film sous le signe du fantastique, et il n'est pas possible de trouver, une r\u00e9ponse qui satisferait notre raison. Comment peut-on en toute l\u00e9gitimit\u00e9, affirmer \u00eatre un auteur ? Une Histoire Immortelle apporte une r\u00e9ponse. Ce film fait appel aux sens et \u00e0 la m\u00e9moire du spectateur ; ainsi celui-ci devient cr\u00e9ateur et, gr\u00e2ce \u00e0 sa participation, le film, enfin, r\u00e9v\u00e8le son auteur.","authors":["Elsa Nagel"],"category_codes":["6000000","6070000","6070200"],"visuals":{"large":"https:\/\/images.epagine.fr\/498\/9782738452498_1_75.jpg","medium":"https:\/\/images.epagine.fr\/498\/9782738452498_1_m.jpg","thumbnail":"https:\/\/images.epagine.fr\/498\/9782738452498_1_v.jpg"},"orderable":true,"show_badge":true,"formatted_price":"22,50&nbsp;\u20ac","formatted_published_date":"9 juillet 1997","publisher_availability_label":"Sur commande","short_details":"Elsa Nagel \u2014 \u00c9ditions L'Harmattan","translator":null,"weight":328,"page_count":222,"readership":null,"editor":"\u00c9ditions L'Harmattan","price":2250,"published_date":"1997-07-08T22:00:00.000000Z","support":"Grand format","publisher_availability":1,"stock":0,"editions":[],"url":"https:\/\/quaidesbrumes.com\/ouvrage\/9782738452498\/lart-du-mensonge-et-de-la-verite-orson-welles-le-proces-et-une-histoire-immortelle"},{"id":"9782738450838","title":"L'\u00e9cran post-moderne : Un cin\u00e9ma de l'allusion et du feu d'artifice","description":"La guerre des \u00e9toiles, le grand bleu, Diva, Les aventuriers de l'arche perdue, Pulp fiction... A divers titres, ces films rel\u00e8vent d'un cin\u00e9ma post-moderne. Incomparables divertissement pour les uns, tombeaux du septi\u00e8me art pour les autres, qu'en est-il exactement de cette tendance apparue sur les \u00e9cran voici vingt ans ? On dresse ici l'\u00e9tat des lieux en exposant les r\u00e9ponses que le cin\u00e9ma post-moderne apporte aux crises du r\u00e9cit et de la repr\u00e9sentation. Sont analys\u00e9s au passage les rapports qu'il entretient avec la \"morale des images\", avec des techniques comme celles des images de synth\u00e8se, ou encore avec les courants esth\u00e9tiques anciens comme celui de l'avant-garde des ann\u00e9es vingt. Au final, dix analyses confrontent le cin\u00e9ma post-moderne \u00e0 ses cousins, clips, spots publicitaires et tours de man\u00e8ge.","authors":["Laurent Jullier"],"category_codes":["6000000","6070000","6070200"],"visuals":{"large":"https:\/\/images.epagine.fr\/838\/9782738450838_1_75.jpg","medium":"https:\/\/images.epagine.fr\/838\/9782738450838_1_m.jpg","thumbnail":"https:\/\/images.epagine.fr\/838\/9782738450838_1_v.jpg"},"orderable":true,"show_badge":true,"formatted_price":"21,50&nbsp;\u20ac","formatted_published_date":"9 juillet 1997","publisher_availability_label":"Sur commande","short_details":"Laurent Jullier \u2014 \u00c9ditions L'Harmattan","translator":null,"weight":320,"page_count":204,"readership":null,"editor":"\u00c9ditions L'Harmattan","price":2150,"published_date":"1997-07-08T22:00:00.000000Z","support":"Grand format","publisher_availability":1,"stock":0,"editions":[],"url":"https:\/\/quaidesbrumes.com\/ouvrage\/9782738450838\/lecran-post-moderne-un-cinema-de-lallusion-et-du-feu-dartifice"},{"id":"9782343117126","title":"L'\u00e9conomie de la cin\u00e9philie contemporaine","description":"Quelles sont les questions soulev\u00e9es par l'\u00e9conomie de la cin\u00e9philie contemporaine ?  Ce volume envisage son impact sur les secteurs traditionnels (production, distribution, marketing) et les cons\u00e9quences li\u00e9es \u00e0 l'essor d'Internet et \u00e0 sa capacit\u00e9 \u00e0 cr\u00e9er des communaut\u00e9s d'int\u00e9r\u00eats autour de cr\u00e9neaux cin\u00e9matographiques diversifi\u00e9s. Cette \u00e9volution est le corollaire d'une nouvelle attitude des acteurs \u00e9conomiques qui s'adressent \u00e0 des publics sp\u00e9cifiques et r\u00e9pondent \u00e0 des logiques diff\u00e9rentes de celles du box-office.","authors":["Jean-Paul Aubert","Christel Taillibert"],"category_codes":["6000000","6070000","6070300","6070304"],"visuals":{"large":"https:\/\/images.epagine.fr\/126\/9782343117126_1_75.jpg","medium":"https:\/\/images.epagine.fr\/126\/9782343117126_1_m.jpg","thumbnail":"https:\/\/images.epagine.fr\/126\/9782343117126_1_v.jpg"},"orderable":true,"show_badge":true,"formatted_price":"21,00&nbsp;\u20ac","formatted_published_date":"4 mai 2017","publisher_availability_label":"Sur commande","short_details":"Jean-Paul Aubert, Christel Taillibert \u2014 \u00c9ditions L'Harmattan","translator":null,"weight":236,"page_count":186,"readership":null,"editor":"\u00c9ditions L'Harmattan","price":2100,"published_date":"2017-05-03T22:00:00.000000Z","support":"Grand format","publisher_availability":1,"stock":0,"editions":[],"url":"https:\/\/quaidesbrumes.com\/ouvrage\/9782343117126\/leconomie-de-la-cinephilie-contemporaine"},{"id":"9783829604550","title":"Die dusseldorfer schule photographien aus der sammlung lothar schirmer \/allemand","description":null,"authors":["Lothar Schirmer"],"category_codes":["6000000","6070000","6070200"],"visuals":{"large":"https:\/\/images.epagine.fr\/550\/9783829604550_1_75.jpg","medium":"https:\/\/images.epagine.fr\/550\/9783829604550_1_m.jpg","thumbnail":"https:\/\/images.epagine.fr\/550\/9783829604550_1_v.jpg"},"orderable":true,"show_badge":true,"formatted_price":"22,50&nbsp;\u20ac","formatted_published_date":"11 d\u00e9cembre 2009","publisher_availability_label":"Sur commande","short_details":"Lothar Schirmer \u2014 Schirmer Mosel","translator":null,"weight":400,"page_count":72,"readership":null,"editor":"Schirmer Mosel","price":2250,"published_date":"2009-12-10T23:00:00.000000Z","support":"Grand format","publisher_availability":1,"stock":0,"editions":[],"url":"https:\/\/quaidesbrumes.com\/ouvrage\/9783829604550\/die-dusseldorfer-schule-photographien-aus-der-sammlung-lothar-schirmer-allemand"},{"id":"9780500029237","title":"Invasion Prague 68","description":"Josef Koudelka's landmark photographs of the Prague Spring and the resulting Soviet invasion.\r\n\r\nJosef Koudelka never planned to become a conflict reporter. That all changed on the night of 21 August, when Soviet tanks entered Prague, ending the short-lived political liberalization in Czechoslovakia. 'I wasn't a reporter,' Koudelka recalls. 'I had never photographed anything that you would call \"\"news\"\". Suddenly, for the first time in my life, I was confronted with that kind of situation. I responded to it. I knew it was important to photograph, so I photographed.'\r\n\r\nFor fear of repercussions, Koudelka originally published the images under the pseudonym 'PP' (Prague photographer). The intensity and significance of the images earned the still-anonymous photographer the Robert Capa Gold Medal Award. Sixteen years would pass before Koudelka could safely acknowledge authorship.\r\n\r\nNow reissued in a hardback format, this bold new edition will bring these vital photographs back to the public eye, standing as a stark reminder of the importance of bearing witness to violence and brutality.\r","authors":["Josef Koudelka"],"category_codes":["6000000","6070000","6070200","6070205"],"visuals":{"large":"https:\/\/images.epagine.fr\/237\/9780500029237_1_75.jpg","medium":"https:\/\/images.epagine.fr\/237\/9780500029237_1_m.jpg","thumbnail":"https:\/\/images.epagine.fr\/237\/9780500029237_1_v.jpg"},"orderable":false,"show_badge":true,"formatted_price":"68,00&nbsp;\u20ac","formatted_published_date":"25 juin 2026","publisher_availability_label":"\u00c0 para\u00eetre","short_details":"Josef Koudelka \u2014 Thames & Hudson","translator":null,"weight":788,"page_count":296,"readership":null,"editor":"Thames & Hudson","price":6800,"published_date":"2026-06-24T22:00:00.000000Z","support":"Beaux-livres","publisher_availability":2,"stock":0,"editions":[],"url":"https:\/\/quaidesbrumes.com\/ouvrage\/9780500029237\/invasion-prague-68"},{"id":"9783037641170","title":"John Baldessari ; Parse","description":"Un livre d'artiste original, en grand format, avec lequel Baldessari interroge les modes de construction et de transmission de l'information, sur le mode d'une \u00ab&#8201;po\u00e9tique du fragment&#8201;\u00bb.","authors":["B\u00e9atrix Ruf"],"category_codes":["6000000","6070000","6070300"],"visuals":{"large":"https:\/\/images.epagine.fr\/170\/9783037641170_1_75.jpg","medium":"https:\/\/images.epagine.fr\/170\/9783037641170_1_m.jpg","thumbnail":"https:\/\/images.epagine.fr\/170\/9783037641170_1_v.jpg"},"orderable":true,"show_badge":true,"formatted_price":"58,00&nbsp;\u20ac","formatted_published_date":"17 mai 2010","publisher_availability_label":"Sur commande","short_details":"B\u00e9atrix Ruf \u2014 Jrp \/ Ringier","translator":null,"weight":2100,"page_count":null,"readership":null,"editor":"Jrp \/ Ringier","price":5800,"published_date":"2010-05-16T22:00:00.000000Z","support":"Grand format","publisher_availability":1,"stock":0,"editions":[],"url":"https:\/\/quaidesbrumes.com\/ouvrage\/9783037641170\/john-baldessari-parse"},{"id":"9781576874189","title":"28 day winter","description":null,"authors":["Curtes Jeff"],"category_codes":["6000000","6070000","6070200"],"visuals":{"large":"https:\/\/images.epagine.fr\/189\/9781576874189_1_75.jpg","medium":"https:\/\/images.epagine.fr\/189\/9781576874189_1_m.jpg","thumbnail":"https:\/\/images.epagine.fr\/189\/9781576874189_1_v.jpg"},"orderable":true,"show_badge":true,"formatted_price":"39,90&nbsp;\u20ac","formatted_published_date":"7 avril 2008","publisher_availability_label":"Sur commande","short_details":"Curtes Jeff \u2014 Powerhouse","translator":null,"weight":801,"page_count":null,"readership":null,"editor":"Powerhouse","price":3990,"published_date":"2008-04-06T22:00:00.000000Z","support":"Grand format","publisher_availability":1,"stock":0,"editions":[],"url":"https:\/\/quaidesbrumes.com\/ouvrage\/9781576874189\/28-day-winter"},{"id":"9782915548365","title":"Viva cit\u00e9 ; 20 ans Sotteville-l\u00e8s-Rouen","description":"N\u00e9 en 1989, le festival des Arts de la rue Viva Cit\u00e9 est un \u00e9l\u00e9ment devenu incontournable de la vie de Sotteville-l\u00e8s-Rouen. Un temps fort particuli\u00e8rement f\u00e9d\u00e9rateur constituant une pr\u00e9sence artistique riche, onirique et insolite pour les hauts-normands.\r\nPr\u00e9sentant le meilleur de la cr\u00e9ation europ\u00e9enne du th\u00e9\u00e2tre de rue, des artistes venus d'horizons tr\u00e8s h\u00e9t\u00e9roclites mettent la ville en effervescence pendant trois jours et deux nuits...\r\n\u00c0 l'occasion des 20 ans du festival, la ville de Sotteville-l\u00e8s-Rouen vous propose de retrouver en images ce qui a fait le succ\u00e8s de cet \u00e9v\u00e9nement d\u00e9sormais incontournable des Arts de la Rue. Dr\u00f4les, d\u00e9cal\u00e9es, surprenantes mais toujours inattendues, pr\u00e8s de 400 photos vous feront revivre les meilleurs moments du festival.","authors":["Collectif"],"category_codes":["6000000","6070000","6070200"],"visuals":{"large":"https:\/\/images.epagine.fr\/365\/9782915548365_1_75.jpg","medium":"https:\/\/images.epagine.fr\/365\/9782915548365_1_m.jpg","thumbnail":"https:\/\/images.epagine.fr\/365\/9782915548365_1_v.jpg"},"orderable":true,"show_badge":true,"formatted_price":"10,00&nbsp;\u20ac","formatted_published_date":"18 juin 2009","publisher_availability_label":"Sur commande","short_details":"Collectif \u2014 Point De Vues","translator":null,"weight":1213,"page_count":208,"readership":"Tout public","editor":"Point De Vues","price":1000,"published_date":"2009-06-17T22:00:00.000000Z","support":"Grand format","publisher_availability":1,"stock":0,"editions":[],"url":"https:\/\/quaidesbrumes.com\/ouvrage\/9782915548365\/viva-cite-20-ans-sotteville-les-rouen"},{"id":"9791092784039","title":"Encyclop\u00e9die des longs m\u00e9trages fran\u00e7ais de fiction - 1929-1979 Tome 11 : de D'Amour et d'eau fra\u00eeche aux Dents longues","description":"Les Demoiselles... rappelle qu'il n'est au fond que deux fa\u00e7ons sens\u00e9es d'aborder le 7\u00e8me Art : le r\u00e9alisme le plus frontal - voire le plus cru - et le merveilleux. Entre ces deux extr\u00eames, aussi l\u00e9gitimes l'un que l'autre, l'enchanteur Demy a fait son choix, et c'est aussi, pr\u00e9cis\u00e9ment, parce qu'on ne peut raisonnablement pas croire un seul instant \u00e0 ce qu'il nous donne \u00e0 voir, de ce Rochefort r\u00e9invent\u00e9 de toutes pi\u00e8ces \u00e0 l'explosion d'un bouquet-ballet final tentant de convaincre le spectateur, en images et chansons, de bonds et rebonds sc\u00e9naristiques en heureux impr\u00e9vus, que les histoires d'amour finissent bien en g\u00e9n\u00e9ral, que ce film somme toute bien moins na\u00eff et bien plus d\u00e9routant qu'il n'y para\u00eet touche au sublime.","authors":["Armel de Lorme"],"category_codes":["6000000","6070000","6070300","6070302"],"visuals":{"large":"https:\/\/images.epagine.fr\/039\/9791092784039_1_75.jpg","medium":"https:\/\/images.epagine.fr\/039\/9791092784039_1_m.jpg","thumbnail":"https:\/\/images.epagine.fr\/039\/9791092784039_1_v.jpg"},"orderable":true,"show_badge":true,"formatted_price":"52,00&nbsp;\u20ac","formatted_published_date":"31 mars 2014","publisher_availability_label":"Sur commande","short_details":"Armel de Lorme \u2014 Aide-Memoire","translator":null,"weight":0,"page_count":247,"readership":null,"editor":"Aide-Memoire","price":5200,"published_date":"2014-03-30T22:00:00.000000Z","support":"Grand format","publisher_availability":1,"stock":0,"editions":[],"url":"https:\/\/quaidesbrumes.com\/ouvrage\/9791092784039\/encyclopedie-des-longs-metrages-francais-de-fiction-1929-1979-tome-11-de-damour-et-deau-fraiche-aux-dents-longues"},{"id":"9783822840979","title":"Photo icons ; petites histoires de la photo","description":null,"authors":["Collectif"],"category_codes":["6000000","6070000","6070200","6070207"],"visuals":{"large":"https:\/\/images.epagine.fr\/979\/9783822840979_1_75.jpg","medium":"https:\/\/images.epagine.fr\/979\/9783822840979_1_m.jpg","thumbnail":"https:\/\/images.epagine.fr\/979\/9783822840979_1_v.jpg"},"orderable":true,"show_badge":true,"formatted_price":"9,99&nbsp;\u20ac","formatted_published_date":"15 avril 2005","publisher_availability_label":"Sur commande","short_details":"Collectif \u2014 Taschen","translator":null,"weight":1095,"page_count":351,"readership":null,"editor":"Taschen","price":999,"published_date":"2005-04-14T22:00:00.000000Z","support":"Grand format","publisher_availability":1,"stock":0,"editions":[],"url":"https:\/\/quaidesbrumes.com\/ouvrage\/9783822840979\/photo-icons-petites-histoires-de-la-photo"},{"id":"9782951878341","title":"Fulgurance","description":"Par urgence, Rodolf Herv\u00e9 choisit le polaroid sur lequel il peut intervenir comme un peintre sur sa toile. R\u00e9alis\u00e9e entre 1986 et 1993, cette s\u00e9rie est un v\u00e9ritable manifeste. Torsions, dilatations, superpositions, grattages, tous ces dispositifs d'enregistrement sont au service d'une seule et m\u00eame qu\u00eate : sortir du figuratif, d\u00e9gager des pr\u00e9sences, des forces, par-del\u00e0 une simple repr\u00e9sentation.","authors":["Herve Rodolf"],"category_codes":["6000000","6070000","6070200"],"visuals":{"large":"https:\/\/images.epagine.fr\/341\/9782951878341_1_75.jpg","medium":"https:\/\/images.epagine.fr\/341\/9782951878341_1_m.jpg","thumbnail":"https:\/\/images.epagine.fr\/341\/9782951878341_1_v.jpg"},"orderable":true,"show_badge":true,"formatted_price":"25,40&nbsp;\u20ac","formatted_published_date":"20 mars 2008","publisher_availability_label":"Sur commande","short_details":"Herve Rodolf \u2014 Ville Ouverte","translator":null,"weight":240,"page_count":null,"readership":null,"editor":"Ville Ouverte","price":2540,"published_date":"2008-03-19T23:00:00.000000Z","support":"Grand format","publisher_availability":1,"stock":0,"editions":[],"url":"https:\/\/quaidesbrumes.com\/ouvrage\/9782951878341\/fulgurance"},{"id":"9782848680903","title":"Carmet intime","description":"De l'enfance de Jean Carmet \u00e0 Bourgueil jusqu'aux fac\u00e9ties entre amis, dont Bernard Blier, Michel Audiard, Francis Blanche, G\u00e9rard Depardieu et bien d'autres, en passant par les frasques et les farces, la carri\u00e8re cin\u00e9matographique et la vision d\u00e9cal\u00e9e du monde, Jean-Fran\u00e7ois Carmet l\u00e8ve le voile sur ce p\u00e8re farfelu et libre, \" Monsieur Pap\u00f4 \", comme il l'appelait dans l'intimit\u00e9. On d\u00e9couvre ainsi, derri\u00e8re l'image publique, une figure po\u00e9tique, un homme sans cesse \u00e9tonnant, friand de \" bondieuseries \", de vin et de fromage de t\u00eate, fugueur inv\u00e9t\u00e9r\u00e9, capable de sonner chez des inconnus et de se faire h\u00e9berger pour une nuit ou une semaine. Ce sont les carnets intimes d'un Carmet intime que nous propose son fils, \u00e9crits dans un style d\u00e9cal\u00e9 et avec un humour qui nous rappelle celui de ce \" Monsieur Pap\u00f4 \" que nous avons tous tant aim\u00e9.      Artiste peintre en Avignon, Jean-Fran\u00e7ois Carmet est le fils de Jean Carmet. Dix ans apr\u00e8s la disparition de son p\u00e8re, il nous confie, avec tendresse et humour, ses souvenirs d'un homme qui fut \" le badaud de lui-m\u00eame","authors":["Jean-Francois Carmet"],"category_codes":["1000000","1010000"],"visuals":{"large":"https:\/\/images.epagine.fr\/903\/9782848680903_1_75.jpg","medium":"https:\/\/images.epagine.fr\/903\/9782848680903_1_m.jpg","thumbnail":"https:\/\/images.epagine.fr\/903\/9782848680903_1_v.jpg"},"orderable":true,"show_badge":true,"formatted_price":"20,99&nbsp;\u20ac","formatted_published_date":"2 juin 2005","publisher_availability_label":"Sur commande","short_details":"Jean-Francois Carmet \u2014 EDITIONS DE LA LOUPE","translator":null,"weight":250,"page_count":222,"readership":null,"editor":"EDITIONS DE LA LOUPE","price":2099,"published_date":"2005-06-01T22:00:00.000000Z","support":"Grand format","publisher_availability":1,"stock":0,"editions":[],"url":"https:\/\/quaidesbrumes.com\/ouvrage\/9782848680903\/carmet-intime"},{"id":"9782862342276","title":"Samuel beckett","description":null,"authors":["Collectif"],"category_codes":["6000000","6070000","6070200"],"visuals":{"large":"https:\/\/quaidesbrumes.com\/img\/book-placeholder.png","medium":"https:\/\/quaidesbrumes.com\/img\/book-placeholder.png","thumbnail":"https:\/\/quaidesbrumes.com\/img\/book-placeholder.png"},"orderable":true,"show_badge":true,"formatted_price":"8,99&nbsp;\u20ac","formatted_published_date":"22 janvier 1998","publisher_availability_label":"Sur commande","short_details":"Collectif \u2014 MARVAL","translator":null,"weight":0,"page_count":null,"readership":null,"editor":"MARVAL","price":899,"published_date":"1998-01-21T23:00:00.000000Z","support":"Grand format","publisher_availability":1,"stock":0,"editions":[],"url":"https:\/\/quaidesbrumes.com\/ouvrage\/9782862342276\/samuel-beckett"},{"id":"9783829605373","title":"Cy twombly fotografien 3 - 1951 -2010 \/allemand","description":"Ce livre enti\u00e8rement con\u00e7u par Cy Twombly lui-m\u00eame, pr\u00e9sente 100 photographies in\u00e9dites r\u00e9unissant des travaux de jeunesse, des \u00e9tudes de fleurs et des vues d'atelier. Ces tr\u00e9sors photographiques empreints de po\u00e9sie donnent naissance \u00e0 une oeuvre d'art visuelle totale d'un supr\u00eame raffinement esth\u00e9tique.","authors":["Amelunxen"],"category_codes":["6000000","6070000","6070200"],"visuals":{"large":"https:\/\/images.epagine.fr\/373\/9783829605373_1_75.jpg","medium":"https:\/\/images.epagine.fr\/373\/9783829605373_1_m.jpg","thumbnail":"https:\/\/images.epagine.fr\/373\/9783829605373_1_v.jpg"},"orderable":true,"show_badge":true,"formatted_price":"70,00&nbsp;\u20ac","formatted_published_date":"1er avril 2011","publisher_availability_label":"Sur commande","short_details":"Amelunxen \u2014 Schirmer Mosel","translator":null,"weight":1600,"page_count":180,"readership":null,"editor":"Schirmer Mosel","price":7000,"published_date":"2011-03-31T22:00:00.000000Z","support":"Grand format","publisher_availability":1,"stock":0,"editions":[],"url":"https:\/\/quaidesbrumes.com\/ouvrage\/9783829605373\/cy-twombly-fotografien-3-1951-2010-allemand"},{"id":"9783829605267","title":"Larry fink the vanities hollywood parties 2000-2009 \/anglais\/allemand","description":"Les f\u00eates organis\u00e9es par le magazine Vanity Fair apr\u00e8s diff\u00e9rentes c\u00e9r\u00e9monies du 7e art, \u00e0 travers l'objectif du photographe am\u00e9ricain.","authors":["Luc Sante"],"category_codes":["6000000","6070000","6070200"],"visuals":{"large":"https:\/\/images.epagine.fr\/267\/9783829605267_1_75.jpg","medium":"https:\/\/images.epagine.fr\/267\/9783829605267_1_m.jpg","thumbnail":"https:\/\/images.epagine.fr\/267\/9783829605267_1_v.jpg"},"orderable":true,"show_badge":true,"formatted_price":"60,00&nbsp;\u20ac","formatted_published_date":"1er avril 2011","publisher_availability_label":"Sur commande","short_details":"Luc Sante \u2014 Schirmer Mosel","translator":null,"weight":1700,"page_count":120,"readership":null,"editor":"Schirmer Mosel","price":6000,"published_date":"2011-03-31T22:00:00.000000Z","support":"Grand format","publisher_availability":1,"stock":0,"editions":[],"url":"https:\/\/quaidesbrumes.com\/ouvrage\/9783829605267\/larry-fink-the-vanities-hollywood-parties-2000-2009-anglaisallemand"},{"id":"9782361830861","title":"Radio-th\u00e9\u00e2tre ; 2001-2011","description":"Il est rare pour un \u00e9crivain de voir s'envoler ses mots. Paroles propres ou emprunt\u00e9es \u00e0 un autre, cr\u00e9ations ou adaptations. Par le talent du com\u00e9dien et la magie du r\u00e9alisateur, les phrases planent alors sur les ondes, l'auteur devient auditeur. Si la radio est un th\u00e9\u00e2tre, chaque foyer en est le public. Le rideau monte, comme le son, drame et farce sont les deux parties du masque que porte l'acteur sans visage. Mais il y a sa voix, invitation \u00e0 l'\u00e9coute.","authors":["Xavier Maum\u00e9jean"],"category_codes":["6000000","6070000","6070300"],"visuals":{"large":"https:\/\/images.epagine.fr\/861\/9782361830861_1_75.jpg","medium":"https:\/\/images.epagine.fr\/861\/9782361830861_1_m.jpg","thumbnail":"https:\/\/images.epagine.fr\/861\/9782361830861_1_v.jpg"},"orderable":true,"show_badge":true,"formatted_price":"50,00&nbsp;\u20ac","formatted_published_date":"14 novembre 2011","publisher_availability_label":"Sur commande","short_details":"Xavier Maum\u00e9jean \u2014 Les Moutons \u00e9lectriques","translator":null,"weight":0,"page_count":384,"readership":null,"editor":"Les Moutons \u00e9lectriques","price":5000,"published_date":"2011-11-13T23:00:00.000000Z","support":"CD Audio","publisher_availability":1,"stock":0,"editions":[],"url":"https:\/\/quaidesbrumes.com\/ouvrage\/9782361830861\/radio-theatre-2001-2011"},{"id":"9782296036161","title":"Transition et t\u00e9l\u00e9vision en espagne ; le r\u00f4le de la tve 1973-1978","description":"A la crois\u00e9e de la macro et de la microhistoire, cette analyse de la Television Espanola tente de d\u00e9chiffrer le r\u00f4le crucial que joua le petit \u00e9cran lors du passage du r\u00e9gime dictatorial franquiste \u00e0 la d\u00e9mocratie constitutionnelle. A la fois miroir et actrice, la TVE nous entra\u00eene dans un complexe jeu de mises en ab\u00eeme et nous d\u00e9voile l'esprit de la Transition espagnole.","authors":["Virginie Philippe"],"category_codes":["6000000","6070000","6070300"],"visuals":{"large":"https:\/\/images.epagine.fr\/161\/9782296036161_1_75.jpg","medium":"https:\/\/images.epagine.fr\/161\/9782296036161_1_m.jpg","thumbnail":"https:\/\/images.epagine.fr\/161\/9782296036161_1_v.jpg"},"orderable":true,"show_badge":true,"formatted_price":"16,00&nbsp;\u20ac","formatted_published_date":"20 juin 2007","publisher_availability_label":"Sur commande","short_details":"Virginie Philippe \u2014 \u00c9ditions L'Harmattan","translator":null,"weight":180,"page_count":170,"readership":null,"editor":"\u00c9ditions L'Harmattan","price":1600,"published_date":"2007-06-19T22:00:00.000000Z","support":"Grand format","publisher_availability":1,"stock":0,"editions":[],"url":"https:\/\/quaidesbrumes.com\/ouvrage\/9782296036161\/transition-et-television-en-espagne-le-role-de-la-tve-1973-1978"},{"id":"9782884746106","title":"Tout un monde","description":"\u00c0 travers cet ouvrage, exclusivement compos\u00e9 de photographies argentiques en\r\nnoir et blanc r\u00e9alis\u00e9es lors d'un long voyage effectu\u00e9 en 2008, Richard de\r\nTscharner offre un tour du monde qui est aussi un point de vue sur le monde. En\r\ncent dix prises de vues, il nous dit sa fascination pour la plan\u00e8te, sa\r\ncroyance en notre capacit\u00e9 \u00e0 la pr\u00e9server, pour peu que nous sachions la\r\nrespecter. AUTEUR\u00a0: N\u00e9 \u00e0 Berne en 1947, Richard de Tscharner se passionne tr\u00e8s\r\njeune pour la photographie. Appareil en bandouli\u00e8re, c'est dans les pas de son\r\np\u00e8re - lors d'excursions dans les Alpes valaisannes - qu'il fait ses premi\u00e8res\r\narmes de photographe, d\u00e9veloppant au passage son amour des grands espaces et de\r\nla nature. Si la photo n'a jamais vraiment quitt\u00e9 Richard de Tscharner, son\r\nparcours professionnel s'est toutefois orient\u00e9 vers d'autres horizons :\r\n\u00e9conomiste, il rejoint en 1972 la banque Lombard Odier Darier Hentsch & Cie,\r\ndont il deviendra associ\u00e9 g\u00e9rant en 1989. Fin 2006, il quitte la banque pour se\r\nconsacrer \u00e0 la transmission des valeurs qui ont guid\u00e9 son existence. Il renoue\r\navec la photographie, qu'il associe d\u00e9sormais au voyage et \u00e0 la d\u00e9couverte de\r\nla plan\u00e8te. En tant qu'artiste, il est repr\u00e9sent\u00e9 en Suisse par Simon Studer\r\nArt, sp\u00e9cialis\u00e9 en art moderne et contemporain. Richard de Tscharner a cr\u00e9\u00e9 la\r\nFondation Car\u00e8ne, qui s'attache \u00e0 promouvoir une \u00e9ducation qui respecte les\r\ntraditions.\r\n","authors":["Richard de Tscharner"],"category_codes":["6000000","6070000","6070200"],"visuals":{"large":"https:\/\/images.epagine.fr\/106\/9782884746106_1_75.jpg","medium":"https:\/\/images.epagine.fr\/106\/9782884746106_1_m.jpg","thumbnail":"https:\/\/images.epagine.fr\/106\/9782884746106_1_v.jpg"},"orderable":true,"show_badge":true,"formatted_price":"54,75&nbsp;\u20ac","formatted_published_date":"4 mars 2010","publisher_availability_label":"Sur commande","short_details":"Richard de Tscharner \u2014 INFOLIO","translator":null,"weight":1469,"page_count":null,"readership":"Tout public","editor":"INFOLIO","price":5475,"published_date":"2010-03-03T23:00:00.000000Z","support":"Grand format","publisher_availability":1,"stock":0,"editions":[],"url":"https:\/\/quaidesbrumes.com\/ouvrage\/9782884746106\/tout-un-monde"},{"id":"9782884746113","title":"Our world","description":null,"authors":["Richard de Tscharner"],"category_codes":["6000000","6070000","6070200"],"visuals":{"large":"https:\/\/images.epagine.fr\/113\/9782884746113_1_75.jpg","medium":"https:\/\/images.epagine.fr\/113\/9782884746113_1_m.jpg","thumbnail":"https:\/\/images.epagine.fr\/113\/9782884746113_1_v.jpg"},"orderable":true,"show_badge":true,"formatted_price":"54,00&nbsp;\u20ac","formatted_published_date":"22 janvier 2010","publisher_availability_label":"Sur commande","short_details":"Richard de Tscharner \u2014 INFOLIO","translator":null,"weight":1472,"page_count":null,"readership":null,"editor":"INFOLIO","price":5400,"published_date":"2010-01-21T23:00:00.000000Z","support":"Grand format","publisher_availability":1,"stock":0,"editions":[],"url":"https:\/\/quaidesbrumes.com\/ouvrage\/9782884746113\/our-world"},{"id":"9783865214577","title":"Roni horn herdubreid at home","description":null,"authors":["Roni Horn"],"category_codes":["6000000","6070000","6070200"],"visuals":{"large":"https:\/\/images.epagine.fr\/577\/9783865214577_1_75.jpg","medium":"https:\/\/images.epagine.fr\/577\/9783865214577_1_m.jpg","thumbnail":"https:\/\/images.epagine.fr\/577\/9783865214577_1_v.jpg"},"orderable":true,"show_badge":true,"formatted_price":"21,00&nbsp;\u20ac","formatted_published_date":"20 ao\u00fbt 2007","publisher_availability_label":"Sur commande","short_details":"Roni Horn \u2014 Steidl","translator":null,"weight":400,"page_count":128,"readership":null,"editor":"Steidl","price":2100,"published_date":"2007-08-19T22:00:00.000000Z","support":"Grand format","publisher_availability":1,"stock":0,"editions":[],"url":"https:\/\/quaidesbrumes.com\/ouvrage\/9783865214577\/roni-horn-herdubreid-at-home"},{"id":"9783791383590","title":"50 photographers you should know","description":null,"authors":["Stepan Peter"],"category_codes":["6000000","6000000"],"visuals":{"large":"https:\/\/images.epagine.fr\/590\/9783791383590_1_75.jpg","medium":"https:\/\/images.epagine.fr\/590\/9783791383590_1_m.jpg","thumbnail":"https:\/\/images.epagine.fr\/590\/9783791383590_1_v.jpg"},"orderable":true,"show_badge":true,"formatted_price":"24,95&nbsp;\u20ac","formatted_published_date":"4 septembre 2017","publisher_availability_label":"Sur commande","short_details":"Stepan Peter \u2014 Prestel","translator":null,"weight":600,"page_count":130,"readership":null,"editor":"Prestel","price":2495,"published_date":"2017-09-03T22:00:00.000000Z","support":"Grand format","publisher_availability":1,"stock":0,"editions":[],"url":"https:\/\/quaidesbrumes.com\/ouvrage\/9783791383590\/50-photographers-you-should-know"},{"id":"9782738460530","title":"ARTS PLASTIQUES ET CINEMA : Les territoires du passeur","description":"Toute oeuvre d'art est un passeur : elle appelle son spectateur \u00e0 entrer dans un univers autre, qu'il soit fantaisiste, dramatique ou fantastique. Les artistes eux-m\u00eames l'ont fortement senti : ils ont introduit dans leurs oeuvres des figures charg\u00e9es d'aider 1e spectateur \u00e0 entrer dans leurs mondes cet ouvrage rassemble des \u00e9tudes consacres \u00e0 de telles figures de passeur : on cherche \u00e0 les surprendre en plein travail, au moment m\u00eame o\u00f9 elles nous permettent de p\u00e9n\u00e9trer dans des territoires encore inconnus. Elles sont cin\u00e9matographiques ou picturales. De la voix presque r\u00eav\u00e9e de Rebecca de Godard aux peintures de V\u00e9lasquez, le lecteur cheminera entre cin\u00e9ma, peinture et esth\u00e9tique, et constatera combien l'artiste prend soin de son spectateur.","authors":[],"category_codes":["6000000","6070000","6070200"],"visuals":{"large":"https:\/\/images.epagine.fr\/530\/9782738460530_1_75.jpg","medium":"https:\/\/images.epagine.fr\/530\/9782738460530_1_m.jpg","thumbnail":"https:\/\/images.epagine.fr\/530\/9782738460530_1_v.jpg"},"orderable":true,"show_badge":true,"formatted_price":"15,50&nbsp;\u20ac","formatted_published_date":"7 juillet 1998","publisher_availability_label":"Sur commande","short_details":"\u00c9ditions L'Harmattan","translator":null,"weight":248,"page_count":162,"readership":null,"editor":"\u00c9ditions L'Harmattan","price":1550,"published_date":"1998-07-06T22:00:00.000000Z","support":"Grand format","publisher_availability":1,"stock":0,"editions":[],"url":"https:\/\/quaidesbrumes.com\/ouvrage\/9782738460530\/arts-plastiques-et-cinema-les-territoires-du-passeur"}]}