{"data":[{"id":"9782296541146","title":"Le cercle rouge : lectures crois\u00e9es","description":"Ce volume pr\u00e9sente huit \u00e9tudes sur le film Le Cercle rouge de Jean-Pierre Melville (1970). L'ouvrage offre ainsi de nouveaux \u00e9clairages relevant toutes les ambigu\u00eft\u00e9s de l'oeuvre d'un cin\u00e9aste qui a suscit\u00e9 des interpr\u00e9tations contradictoires, pour ce qui concerne notamment ses influences fran\u00e7aises et am\u00e9ricaines, son id\u00e9ologie, ou son rapport au temps et \u00e0 la modernit\u00e9.\r","authors":["Marguerite Chabrol","Kleinberge"],"category_codes":["6000000","6070000","6070300"],"visuals":{"large":"https:\/\/images.epagine.fr\/146\/9782296541146_1_75.jpg","medium":"https:\/\/images.epagine.fr\/146\/9782296541146_1_m.jpg","thumbnail":"https:\/\/images.epagine.fr\/146\/9782296541146_1_v.jpg"},"orderable":true,"show_badge":true,"formatted_price":"23,00&nbsp;\u20ac","formatted_published_date":"17 f\u00e9vrier 2011","publisher_availability_label":"Sur commande","short_details":"Marguerite Chabrol, Kleinberge \u2014 \u00c9ditions L'Harmattan","translator":null,"weight":290,"page_count":null,"readership":null,"editor":"\u00c9ditions L'Harmattan","price":2300,"published_date":"2011-02-16T23:00:00.000000Z","support":"Grand format","publisher_availability":1,"stock":0,"editions":[],"url":"https:\/\/quaidesbrumes.com\/ouvrage\/9782296541146\/le-cercle-rouge-lectures-croisees"},{"id":"9782296131682","title":"G\u00e9ographie sentimentale du documentaire ; l'esprit des lieux","description":"L'exotisme peut-\u00eatre autre chose qu'un univers trompeur, celui des faux-semblants des images sur papier glac\u00e9 pour agences de voyage. Il peut \u00eatre un appel \u00e0 mieux appr\u00e9cier les \u00e9carts entre cultures, \u00e0 mesurer les distances pour mieux s'en impr\u00e9gner. Quelques-uns des grands repr\u00e9sentants du cin\u00e9ma documentaire sont revenus \u00e0 plusieurs reprises vers les paysages et les pays qui les ont fascin\u00e9s. C'est leur monde exotique \u00e0 eux, inspir\u00e9 par l'esprit des lieux, qui sera \u00e9voqu\u00e9 dans les pages de ce livre.\r","authors":["Guy Gauthier"],"category_codes":["6000000","6070000","6070300","6070303"],"visuals":{"large":"https:\/\/images.epagine.fr\/682\/9782296131682_1_75.jpg","medium":"https:\/\/images.epagine.fr\/682\/9782296131682_1_m.jpg","thumbnail":"https:\/\/images.epagine.fr\/682\/9782296131682_1_v.jpg"},"orderable":true,"show_badge":true,"formatted_price":"30,00&nbsp;\u20ac","formatted_published_date":"1er d\u00e9cembre 2010","publisher_availability_label":"Sur commande","short_details":"Guy Gauthier \u2014 \u00c9ditions L'Harmattan","translator":null,"weight":365,"page_count":173,"readership":null,"editor":"\u00c9ditions L'Harmattan","price":3000,"published_date":"2010-11-30T23:00:00.000000Z","support":"Grand format","publisher_availability":1,"stock":0,"editions":[],"url":"https:\/\/quaidesbrumes.com\/ouvrage\/9782296131682\/geographie-sentimentale-du-documentaire-lesprit-des-lieux"},{"id":"9782361950941","title":"Abandoned America : the age of consequences","description":"Throughout the ages, mankind has been fascinated by the ruins of previous societies. The desire to gain a greater understanding of our past has driven archaeologists, artists, and scholars from across the world to study the vestiges of lifestyles that have vanished in an attempt to capture their mystique and beauty. Originally intended as an examination of the rise and fall of the state hospital system, Matthew Christopher's Abandoned America rapidly grew to encompass derelict factories and industrial sites, schools, churches, power plants, hospitals, prisons, military installations, hotels, resorts, homes, and more.\r\nThrough his collection of writing and photography, Christopher has spent the last decade documenting the ruins of one of the greatest civilizations the world has ever known : our own. Exploring sites like the charred remains of the Hotel Do De, the rusted cells of the Essex County Jail Annex, the sublime majesty of the Church of the Transfiguration, or the eerie and dilapidated remnants of the New Castle Elks Lodge, the work spans architectural treasures left to the elements and then all too often lost forever.\r","authors":["Matthew Christopher"],"category_codes":["6000000","6070000","6070200"],"visuals":{"large":"https:\/\/images.epagine.fr\/941\/9782361950941_1_75.jpg","medium":"https:\/\/images.epagine.fr\/941\/9782361950941_1_m.jpg","thumbnail":"https:\/\/images.epagine.fr\/941\/9782361950941_1_v.jpg"},"orderable":true,"show_badge":true,"formatted_price":"35,00&nbsp;\u20ac","formatted_published_date":"1er novembre 2014","publisher_availability_label":"Sur commande","short_details":"Matthew Christopher \u2014 \u00c9ditions Jonglez","translator":null,"weight":1466,"page_count":240,"readership":null,"editor":"\u00c9ditions Jonglez","price":3500,"published_date":"2014-10-31T23:00:00.000000Z","support":"Grand format","publisher_availability":1,"stock":0,"editions":[],"url":"https:\/\/quaidesbrumes.com\/ouvrage\/9782361950941\/abandoned-america-the-age-of-consequences"},{"id":"9781576875476","title":"Ed kashi curse of the black gold - 50 years of oil in the niger delta","description":"Now in paperback, Curse of the Black Gold is a graphic look at the profound cost of oil exploitation in West Africa. World-renowned photo-journalist Ed Kashi traces 50 years of interest in Nigerian oil and the resulting degradation and community conflicts that have plagued the region. This is the first book to document what has been called the ''scramble for African oil''.\r","authors":["Kashi Ed"],"category_codes":["6000000","6070000","6070200"],"visuals":{"large":"https:\/\/images.epagine.fr\/476\/9781576875476_1_75.jpg","medium":"https:\/\/images.epagine.fr\/476\/9781576875476_1_m.jpg","thumbnail":"https:\/\/images.epagine.fr\/476\/9781576875476_1_v.jpg"},"orderable":true,"show_badge":true,"formatted_price":"39,90&nbsp;\u20ac","formatted_published_date":"20 avril 2010","publisher_availability_label":"Sur commande","short_details":"Kashi Ed \u2014 Powerhouse","translator":null,"weight":1340,"page_count":null,"readership":null,"editor":"Powerhouse","price":3990,"published_date":"2010-04-19T22:00:00.000000Z","support":"Grand format","publisher_availability":1,"stock":0,"editions":[],"url":"https:\/\/quaidesbrumes.com\/ouvrage\/9781576875476\/ed-kashi-curse-of-the-black-gold-50-years-of-oil-in-the-niger-delta"},{"id":"9782913176867","title":"Histoires naturelles","description":null,"authors":[],"category_codes":["6000000","6070000","6070200"],"visuals":{"large":"https:\/\/images.epagine.fr\/867\/9782913176867_1_75.jpg","medium":"https:\/\/images.epagine.fr\/867\/9782913176867_1_m.jpg","thumbnail":"https:\/\/images.epagine.fr\/867\/9782913176867_1_v.jpg"},"orderable":true,"show_badge":true,"formatted_price":"25,36&nbsp;\u20ac","formatted_published_date":"30 avril 2011","publisher_availability_label":"Sur commande","short_details":"Trans Photographic Press","translator":null,"weight":530,"page_count":null,"readership":null,"editor":"Trans Photographic Press","price":2536,"published_date":"2011-04-29T22:00:00.000000Z","support":"Grand format","publisher_availability":1,"stock":0,"editions":[],"url":"https:\/\/quaidesbrumes.com\/ouvrage\/9782913176867\/histoires-naturelles"},{"id":"9781907946455","title":"Revelations","description":null,"authors":["Ben Burbridge"],"category_codes":["6000000","6070000","6070200","6070205"],"visuals":{"large":"https:\/\/images.epagine.fr\/455\/9781907946455_1_75.jpg","medium":"https:\/\/images.epagine.fr\/455\/9781907946455_1_m.jpg","thumbnail":"https:\/\/images.epagine.fr\/455\/9781907946455_1_v.jpg"},"orderable":true,"show_badge":true,"formatted_price":"30,00&nbsp;\u20ac","formatted_published_date":"1er avril 2015","publisher_availability_label":"Sur commande","short_details":"Ben Burbridge \u2014 Mack Books","translator":null,"weight":601,"page_count":null,"readership":null,"editor":"Mack Books","price":3000,"published_date":"2015-03-31T22:00:00.000000Z","support":"Grand format","publisher_availability":1,"stock":0,"editions":[],"url":"https:\/\/quaidesbrumes.com\/ouvrage\/9781907946455\/revelations"},{"id":"9782913176799","title":"F 14","description":"14 photographes ont re\u00e7u, il y a quatre ans, carte blanche pour photographier la France. Une commande de Raymond Depardon, une consigne : \u00ab Vous pouvez nous dire bonjour et bravo mais vous devez aussi nous adresser un bras d honneur et ne pas \u00eatre trop r\u00e9v\u00e9rencieux \u00bb. Anne Biroleau analyse chacun des travaux et dresse une forme de panorama de la photographie actuelle en France.\r","authors":["Collectif"],"category_codes":["6000000","6070000","6070200"],"visuals":{"large":"https:\/\/images.epagine.fr\/799\/9782913176799_1_75.jpg","medium":"https:\/\/images.epagine.fr\/799\/9782913176799_1_m.jpg","thumbnail":"https:\/\/images.epagine.fr\/799\/9782913176799_1_v.jpg"},"orderable":true,"show_badge":true,"formatted_price":"30,43&nbsp;\u20ac","formatted_published_date":"3 septembre 2010","publisher_availability_label":"Sur commande","short_details":"Collectif \u2014 Trans Photographic Press","translator":null,"weight":300,"page_count":null,"readership":null,"editor":"Trans Photographic Press","price":3043,"published_date":"2010-09-02T22:00:00.000000Z","support":"Grand format","publisher_availability":1,"stock":0,"editions":[],"url":"https:\/\/quaidesbrumes.com\/ouvrage\/9782913176799\/f-14"},{"id":"9782343030975","title":"Du cin\u00e9ma en Europe ; 25 ans en 25 films, chroniques sur 25 ans de cinema d'\u00e9conomie et de politique","description":"Le \"Cin\u00e9ma europ\u00e9en\", n'existe pas en tant que tel, mais Les cin\u00e9mas d'Europe ont beaucoup en commun: faiblesses structurelles, aides publiques, morcellement, difficult\u00e9s \u00e0 vendre ou simplement \u00e0 faire circuler les films... Pourtant, les chefs d'oeuvres se font. Ce livre veut r\u00e9pondre \u00e0 ces questions, analyser son \u00e9conomie, ses travers, ses retards, \u00e0 travers 25 films embl\u00e9matiques qui permettent 25 approches diff\u00e9rentes d'une r\u00e9alit\u00e9 complexe et mouvante.\r","authors":["Patrice Vivancos"],"category_codes":["6000000","6070000","6070300"],"visuals":{"large":"https:\/\/images.epagine.fr\/975\/9782343030975_1_75.jpg","medium":"https:\/\/images.epagine.fr\/975\/9782343030975_1_m.jpg","thumbnail":"https:\/\/images.epagine.fr\/975\/9782343030975_1_v.jpg"},"orderable":true,"show_badge":true,"formatted_price":"16,50&nbsp;\u20ac","formatted_published_date":"13 mai 2014","publisher_availability_label":"Sur commande","short_details":"Patrice Vivancos \u2014 \u00c9ditions L'Harmattan","translator":null,"weight":205,"page_count":160,"readership":null,"editor":"\u00c9ditions L'Harmattan","price":1650,"published_date":"2014-05-12T22:00:00.000000Z","support":"Grand format","publisher_availability":1,"stock":0,"editions":[],"url":"https:\/\/quaidesbrumes.com\/ouvrage\/9782343030975\/du-cinema-en-europe-25-ans-en-25-films-chroniques-sur-25-ans-de-cinema-deconomie-et-de-politique"},{"id":"9782915807820","title":"Forbidden places - exploring our abandoned heritage - tome 1","description":null,"authors":["Margaine"],"category_codes":["6000000","6070000","6070200"],"visuals":{"large":"https:\/\/images.epagine.fr\/820\/9782915807820_1_75.jpg","medium":"https:\/\/images.epagine.fr\/820\/9782915807820_1_m.jpg","thumbnail":"https:\/\/images.epagine.fr\/820\/9782915807820_1_v.jpg"},"orderable":true,"show_badge":true,"formatted_price":"35,00&nbsp;\u20ac","formatted_published_date":"31 mai 2016","publisher_availability_label":"Sur commande","short_details":"Margaine \u2014 \u00c9ditions Jonglez","translator":null,"weight":1714,"page_count":null,"readership":null,"editor":"\u00c9ditions Jonglez","price":3500,"published_date":"2016-05-30T22:00:00.000000Z","support":"Grand format","publisher_availability":1,"stock":0,"editions":[],"url":"https:\/\/quaidesbrumes.com\/ouvrage\/9782915807820\/forbidden-places-exploring-our-abandoned-heritage-tome-1"},{"id":"9788836618125","title":"\u00ab US today after... \u00bb ; portrait of the american contemporary photography ; Lyon, septembre de la photographie (6e \u00e9dition)","description":"Cet ouvrage, publi\u00e9 \u00e0 l'occasion de la 9\u00e8me \u00e9dition de la biennale de photographie de Lyon, se penche sur la photographie am\u00e9ricaine contemporaine.\r\n\r\nLa question de \u00ab l'Am\u00e9rique dans la photographie \u00bb se pose \u00e0 plusieurs titres. D'abord parce que la question de l'Am\u00e9rique se pose \u00e0 tous, elle qui, en d\u00e9pit de la fin d'une h\u00e9g\u00e9monie, reste le lieu des fantasmes d'une bonne partie de l'humanit\u00e9 qui en r\u00eave ou la d\u00e9monise. Ensuite, parce que la question de l'Am\u00e9rique se pose en photographie car c'est l\u00e0 que s'est invent\u00e9e pour une large part la photographie d'aujourd'hui.\r\n\r\nCe volume se propose de se reposer toutes ces questions ;\r\nIl s'articule en deux grandes parties. La premi\u00e8re pr\u00e9sente les essais de trois sp\u00e9cialistes de la photographie : Jean- Louis Poitevin, Gilles Verneret et Gilles Morat.\r\nLa seconde pr\u00e9sente le travail de vingt photographes sous forme d'un court texte ainsi que de la reproduction de quelques photographies repr\u00e9sentatives de leur travail.\r","authors":["Gilles Morat","Jean-Louis Poitevin","Gilles Verneret"],"category_codes":["6000000","6070000","6070200"],"visuals":{"large":"https:\/\/images.epagine.fr\/125\/9788836618125_1_75.jpg","medium":"https:\/\/images.epagine.fr\/125\/9788836618125_1_m.jpg","thumbnail":"https:\/\/images.epagine.fr\/125\/9788836618125_1_v.jpg"},"orderable":true,"show_badge":true,"formatted_price":"30,00&nbsp;\u20ac","formatted_published_date":"22 septembre 2010","publisher_availability_label":"Sur commande","short_details":"Gilles Morat, Jean-Louis Poitevin, Gilles Verneret \u2014 Silvana Editoriale","translator":null,"weight":985,"page_count":120,"readership":null,"editor":"Silvana Editoriale","price":3000,"published_date":"2010-09-21T22:00:00.000000Z","support":"Beaux-livres","publisher_availability":1,"stock":0,"editions":[],"url":"https:\/\/quaidesbrumes.com\/ouvrage\/9788836618125\/us-today-after-portrait-of-the-american-contemporary-photography-lyon-septembre-de-la-photographie-6e-edition"},{"id":"9782908016130","title":"Devant la recrudescence des vols de sacs \u00e0 mains ; cin\u00e9ma, t\u00e9l\u00e9vision, information","description":"Du temps qu'il y avait encore des cin\u00e9mas dans les quartiers, la direction de la salle se rappelait parfois \u00e0 la vigilance des spectateurs, les tirant de leur torpeur \u00e9bahie.\r\n Un carton en noir et blanc, un intertitre fatal, demandait aux spectatrices de ne pas oublier la r\u00e9alit\u00e9 de tous les jours, \u00e0 savoir leur sac \u00e0 main, oubli\u00e9 l\u00e0, dans l'obscurit\u00e9, \u00e0 leurs pieds et expos\u00e9 \u00e0 l'abjection d'un vol.  qui ne se souvient d'avoir vaguement trembl\u00e9 pour ces sacs ? et qui n'en a pas voulu \u00e0 la \" direction \" de proc\u00e9der \u00e0 une d\u00e9-sublimation si triviale ? d'autant que les ann\u00e9es passaient et que, malgr\u00e9 l'\u00e9ternel retour du terrible mot \" recrudescence \", ce n'\u00e9taient pas les sacs \u00e0 main qui disparaissaient mais bel et bien les salles de cin\u00e9ma.\r\n Au point que le carton fatidique qui semblait veiller sur nous et sur nos sacs commence \u00e0 nous manquer.  comme le cin\u00e9ma.\r","authors":["Serge Daney"],"category_codes":["6000000","6070000","6070300"],"visuals":{"large":"https:\/\/images.epagine.fr\/130\/9782908016130_1_75.jpg","medium":"https:\/\/images.epagine.fr\/130\/9782908016130_1_m.jpg","thumbnail":"https:\/\/images.epagine.fr\/130\/9782908016130_1_v.jpg"},"orderable":true,"show_badge":true,"formatted_price":"16,77&nbsp;\u20ac","formatted_published_date":"1er janvier 2002","publisher_availability_label":"Sur commande","short_details":"Serge Daney \u2014 Aleas","translator":null,"weight":401,"page_count":null,"readership":null,"editor":"Aleas","price":1677,"published_date":"2001-12-31T23:00:00.000000Z","support":"Grand format","publisher_availability":1,"stock":0,"editions":[],"url":"https:\/\/quaidesbrumes.com\/ouvrage\/9782908016130\/devant-la-recrudescence-des-vols-de-sacs-a-mains-cinema-television-information"},{"id":"9782916073743","title":"Image d'elles, la profondeur du noir","description":null,"authors":["Jean Mayerat"],"category_codes":["6000000","6070000","6070200"],"visuals":{"large":"https:\/\/images.epagine.fr\/743\/9782916073743_1_75.jpg","medium":"https:\/\/images.epagine.fr\/743\/9782916073743_1_m.jpg","thumbnail":"https:\/\/images.epagine.fr\/743\/9782916073743_1_v.jpg"},"orderable":true,"show_badge":true,"formatted_price":"35,00&nbsp;\u20ac","formatted_published_date":"9 mars 2012","publisher_availability_label":"Sur commande","short_details":"Jean Mayerat \u2014 LE BEC EN L'AIR","translator":null,"weight":1000,"page_count":null,"readership":null,"editor":"LE BEC EN L'AIR","price":3500,"published_date":"2012-03-08T23:00:00.000000Z","support":"Grand format","publisher_availability":1,"stock":0,"editions":[],"url":"https:\/\/quaidesbrumes.com\/ouvrage\/9782916073743\/image-delles-la-profondeur-du-noir"},{"id":"9782296133280","title":"Les enjeux du cin\u00e9ma espagnol ; de la guerre a la postmodernit\u00e9","description":"Les essais publi\u00e9s sur le cin\u00e9ma espagnol mettent souvent l'accent sur le caract\u00e8re exceptionnel, voire exotique, de cette production. Cet ouvrage propose une approche diff\u00e9rente, offrant au lecteur un parcours historique qui commence en pleine guerre (1936-1939) et s'\u00e9tend jusqu'au pr\u00e9sent le plus br\u00fblant. Publi\u00e9s dans la prestigieuse revue espagnole Archivos de la Filmoteca, les textes r\u00e9unis ici pr\u00e9sentent un bon nombre de caract\u00e9ristiques du cin\u00e9ma espagnol.\r","authors":["Vincente Sanchez-biosca"],"category_codes":["6000000","6070000","6070300"],"visuals":{"large":"https:\/\/images.epagine.fr\/280\/9782296133280_1_75.jpg","medium":"https:\/\/images.epagine.fr\/280\/9782296133280_1_m.jpg","thumbnail":"https:\/\/images.epagine.fr\/280\/9782296133280_1_v.jpg"},"orderable":true,"show_badge":true,"formatted_price":"26,50&nbsp;\u20ac","formatted_published_date":"12 novembre 2010","publisher_availability_label":"Sur commande","short_details":"Vincente Sanchez-biosca \u2014 \u00c9ditions L'Harmattan","translator":null,"weight":335,"page_count":null,"readership":null,"editor":"\u00c9ditions L'Harmattan","price":2650,"published_date":"2010-11-11T23:00:00.000000Z","support":"Grand format","publisher_availability":1,"stock":0,"editions":[],"url":"https:\/\/quaidesbrumes.com\/ouvrage\/9782296133280\/les-enjeux-du-cinema-espagnol-de-la-guerre-a-la-postmodernite"},{"id":"9789954576007","title":"Jean Genet, un saint marocain","description":null,"authors":["Collectif"],"category_codes":["6000000","6070000","6070300"],"visuals":{"large":"https:\/\/images.epagine.fr\/007\/9789954576007_1_75.jpg","medium":"https:\/\/images.epagine.fr\/007\/9789954576007_1_m.jpg","thumbnail":"https:\/\/images.epagine.fr\/007\/9789954576007_1_v.jpg"},"orderable":true,"show_badge":true,"formatted_price":"15,00&nbsp;\u20ac","formatted_published_date":"1er d\u00e9cembre 2010","publisher_availability_label":"Sur commande","short_details":"Collectif \u2014 Librairie Des Colonnes","translator":null,"weight":250,"page_count":null,"readership":null,"editor":"Librairie Des Colonnes","price":1500,"published_date":"2010-11-30T23:00:00.000000Z","support":"Grand format","publisher_availability":1,"stock":0,"editions":[],"url":"https:\/\/quaidesbrumes.com\/ouvrage\/9789954576007\/jean-genet-un-saint-marocain"},{"id":"9782813000286","title":"Science de l'information ; de la discipline \u00e0 l'enseignement","description":"Quels savoirs sont mobilis\u00e9s pour constituer le coeur de la science de l'information et quels sont les enjeux de la discipline ? C'est \u00e0 ces questions que r\u00e9pond cet ouvrage.\r\nDes pistes sont propos\u00e9es pour construire un programme de formation, l'objectif \u00e9tant de fournir un corpus de concepts qui ne soient pas conjoncturels mais qui constituent un socle initial sur lequel peuvent s'appuyer les enseignants en science de l'information.\r","authors":["Jacqueline Deschamps"],"category_codes":["6000000","6070000","6070300"],"visuals":{"large":"https:\/\/images.epagine.fr\/286\/9782813000286_1_75.jpg","medium":"https:\/\/images.epagine.fr\/286\/9782813000286_1_m.jpg","thumbnail":"https:\/\/images.epagine.fr\/286\/9782813000286_1_v.jpg"},"orderable":true,"show_badge":true,"formatted_price":"12,50&nbsp;\u20ac","formatted_published_date":"1er octobre 2010","publisher_availability_label":"Sur commande","short_details":"Jacqueline Deschamps \u2014 ARCHIVES CONTEMPORAINES","translator":null,"weight":76,"page_count":76,"readership":null,"editor":"ARCHIVES CONTEMPORAINES","price":1250,"published_date":"2010-09-30T22:00:00.000000Z","support":"Poche","publisher_availability":1,"stock":0,"editions":[],"url":"https:\/\/quaidesbrumes.com\/ouvrage\/9782813000286\/science-de-linformation-de-la-discipline-a-lenseignement"},{"id":"9782363060815","title":"Derri\u00e8re le visible ; la tourette","description":"\u00c0 l'occasion de la sortie du livre Derri\u00e8re le visible, Regard Contemporain \/ Franck Christen \u00e0 la Tourette, Franck Christen a r\u00e9alis\u00e9 une \u00e9dition limit\u00e9e de deux photographies prises au couvent de La Tourette :\r\nNature morte I, 2012, tir\u00e9 \u00e0 15 exemplaires (+ EA sign\u00e9es) sur papier baryt\u00e9, dimensions : 26 x 32 cm.\r\nNature morte II, 2012, tir\u00e9 \u00e0 15 exemplaires (+ EA sign\u00e9es) sur papier baryt\u00e9, dimensions : 26 x 32 cm.","authors":["Franck Christen"],"category_codes":["6000000","6070000","6070200"],"visuals":{"large":"https:\/\/images.epagine.fr\/815\/9782363060815_1_75.jpg","medium":"https:\/\/images.epagine.fr\/815\/9782363060815_1_m.jpg","thumbnail":"https:\/\/images.epagine.fr\/815\/9782363060815_1_v.jpg"},"orderable":true,"show_badge":true,"formatted_price":"450,00&nbsp;\u20ac","formatted_published_date":"7 novembre 2012","publisher_availability_label":"Sur commande","short_details":"Franck Christen \u2014 Bernard Chauveau","translator":null,"weight":200,"page_count":null,"readership":null,"editor":"Bernard Chauveau","price":45000,"published_date":"2012-11-06T23:00:00.000000Z","support":"Grand format","publisher_availability":1,"stock":0,"editions":[],"url":"https:\/\/quaidesbrumes.com\/ouvrage\/9782363060815\/derriere-le-visible-la-tourette"},{"id":"9781576875261","title":"Hollywood intuition","description":null,"authors":["Hersh Jaye"],"category_codes":["6000000","6070000","6070200"],"visuals":{"large":"https:\/\/images.epagine.fr\/261\/9781576875261_1_75.jpg","medium":"https:\/\/images.epagine.fr\/261\/9781576875261_1_m.jpg","thumbnail":"https:\/\/images.epagine.fr\/261\/9781576875261_1_v.jpg"},"orderable":true,"show_badge":true,"formatted_price":"13,00&nbsp;\u20ac","formatted_published_date":"23 juin 2009","publisher_availability_label":"Sur commande","short_details":"Hersh Jaye \u2014 Powerhouse","translator":null,"weight":301,"page_count":null,"readership":null,"editor":"Powerhouse","price":1300,"published_date":"2009-06-22T22:00:00.000000Z","support":"Grand format","publisher_availability":1,"stock":0,"editions":[],"url":"https:\/\/quaidesbrumes.com\/ouvrage\/9781576875261\/hollywood-intuition"},{"id":"9782296561762","title":"Cin\u00e9ma et colonialisme ; la gen\u00e8se du septi\u00e8me art au Sri Lanka (1896-1928)","description":"D\u00e9butant par une analyse de sa p\u00e9riode primitive et croisant les liens entre colonisation britannique, ethnicit\u00e9 et d\u00e9veloppement de \"l'aventure cin\u00e9matographique\", cette \u00e9tude invite \u00e0 d\u00e9couvrir la naissance et l'\u00e9volution du cin\u00e9ma au Sri Lanka de 1896 \u00e0 1966. Ce premier volume couvre la p\u00e9riode de 1896 \u00e0 1928, interrogeant le r\u00f4le de la Grande-Bretagne et de l'Inde dans la mise en place de l'infrastructure cin\u00e9matographique sri-lankaise, ainsi que les sources d'inspiration de ce cin\u00e9ma.\r","authors":["Vilasnee Tampoe-hautin"],"category_codes":["6000000","6070000","6070300"],"visuals":{"large":"https:\/\/images.epagine.fr\/762\/9782296561762_1_75.jpg","medium":"https:\/\/images.epagine.fr\/762\/9782296561762_1_m.jpg","thumbnail":"https:\/\/images.epagine.fr\/762\/9782296561762_1_v.jpg"},"orderable":true,"show_badge":true,"formatted_price":"17,50&nbsp;\u20ac","formatted_published_date":"6 juillet 2011","publisher_availability_label":"Sur commande","short_details":"Vilasnee Tampoe-hautin \u2014 \u00c9ditions L'Harmattan","translator":null,"weight":210,"page_count":null,"readership":null,"editor":"\u00c9ditions L'Harmattan","price":1750,"published_date":"2011-07-05T22:00:00.000000Z","support":"Grand format","publisher_availability":1,"stock":0,"editions":[],"url":"https:\/\/quaidesbrumes.com\/ouvrage\/9782296561762\/cinema-et-colonialisme-la-genese-du-septieme-art-au-sri-lanka-1896-1928"},{"id":"9781576874318","title":"Rachel papo serial no. 381713","description":"Photographer Rachel Papo, who was Serial No. 3817131 during her service in the Israeli Air Force from 19881990, reveals these young girls caught in transient moments of self-reflection and uncertainty, as if stuck in a state of contradiction. Rather than portraying the soldier as heroic, confident, or proud, Papos photographs reveal the soldier and the teenage girl in constant negotiation, caught between two extremes: a soldier who lives on an army base surrounded by hundreds just like her, but underneath her uniform, there is an individual who wishes to be noticed. Serial No. 3817131, Papos first book, explores the personal, complex, and delicate spectrum of emotions inherent in all adolescents, showing the vulnerable side of the righteous solider.\r","authors":["Papo Rachel"],"category_codes":["6000000","6070000","6070200"],"visuals":{"large":"https:\/\/images.epagine.fr\/318\/9781576874318_1_75.jpg","medium":"https:\/\/images.epagine.fr\/318\/9781576874318_1_m.jpg","thumbnail":"https:\/\/images.epagine.fr\/318\/9781576874318_1_v.jpg"},"orderable":true,"show_badge":true,"formatted_price":"40,00&nbsp;\u20ac","formatted_published_date":"20 mai 2008","publisher_availability_label":"Sur commande","short_details":"Papo Rachel \u2014 Powerhouse","translator":null,"weight":801,"page_count":null,"readership":null,"editor":"Powerhouse","price":4000,"published_date":"2008-05-19T22:00:00.000000Z","support":"Grand format","publisher_availability":1,"stock":0,"editions":[],"url":"https:\/\/quaidesbrumes.com\/ouvrage\/9781576874318\/rachel-papo-serial-no-381713"},{"id":"9781576873984","title":"Seth kushner the brooklynites","description":"Brooklyn is the conscience of New York. While Manhattan tears everything down and changes everything, Brooklyn does a similar thing, but fails miserably at it. It is a crazy quilt of a place. A mongrel place of sorts. It mixes old and modern in a haphazard way. It represents a tiny microcosm of the world-functional utopia\r","authors":["Seth Kushner"],"category_codes":["6000000","6070000","6070200"],"visuals":{"large":"https:\/\/images.epagine.fr\/984\/9781576873984_1_75.jpg","medium":"https:\/\/images.epagine.fr\/984\/9781576873984_1_m.jpg","thumbnail":"https:\/\/images.epagine.fr\/984\/9781576873984_1_v.jpg"},"orderable":true,"show_badge":true,"formatted_price":"35,00&nbsp;\u20ac","formatted_published_date":"1er juillet 2007","publisher_availability_label":"Sur commande","short_details":"Seth Kushner \u2014 Powerhouse","translator":null,"weight":701,"page_count":null,"readership":null,"editor":"Powerhouse","price":3500,"published_date":"2007-06-30T22:00:00.000000Z","support":"Grand format","publisher_availability":1,"stock":0,"editions":[],"url":"https:\/\/quaidesbrumes.com\/ouvrage\/9781576873984\/seth-kushner-the-brooklynites"},{"id":"9781576875377","title":"Short stories of the transparent mind","description":null,"authors":["Eneroth Joakim"],"category_codes":["6000000","6070000","6070200"],"visuals":{"large":"https:\/\/images.epagine.fr\/377\/9781576875377_1_75.jpg","medium":"https:\/\/images.epagine.fr\/377\/9781576875377_1_m.jpg","thumbnail":"https:\/\/images.epagine.fr\/377\/9781576875377_1_v.jpg"},"orderable":true,"show_badge":true,"formatted_price":"50,00&nbsp;\u20ac","formatted_published_date":"20 juillet 2010","publisher_availability_label":"Sur commande","short_details":"Eneroth Joakim \u2014 Powerhouse","translator":null,"weight":1001,"page_count":null,"readership":null,"editor":"Powerhouse","price":5000,"published_date":"2010-07-19T22:00:00.000000Z","support":"Grand format","publisher_availability":1,"stock":0,"editions":[],"url":"https:\/\/quaidesbrumes.com\/ouvrage\/9781576875377\/short-stories-of-the-transparent-mind"},{"id":"9781576875100","title":"Short track","description":null,"authors":["Mendel Jake"],"category_codes":["6000000","6070000","6070200"],"visuals":{"large":"https:\/\/images.epagine.fr\/100\/9781576875100_1_75.jpg","medium":"https:\/\/images.epagine.fr\/100\/9781576875100_1_m.jpg","thumbnail":"https:\/\/images.epagine.fr\/100\/9781576875100_1_v.jpg"},"orderable":true,"show_badge":true,"formatted_price":"35,00&nbsp;\u20ac","formatted_published_date":"8 d\u00e9cembre 2009","publisher_availability_label":"Sur commande","short_details":"Mendel Jake \u2014 Powerhouse","translator":null,"weight":701,"page_count":null,"readership":null,"editor":"Powerhouse","price":3500,"published_date":"2009-12-07T23:00:00.000000Z","support":"Grand format","publisher_availability":1,"stock":0,"editions":[],"url":"https:\/\/quaidesbrumes.com\/ouvrage\/9781576875100\/short-track"},{"id":"9782296135642","title":"Le cin\u00e9ma de mon p\u00e8re","description":"L'auteur assiste son p\u00e8re dans ses tourn\u00e9es de projection de films dans les salles communales et paroissales de campagne, cin\u00e9ma plein de surprises, de joies, d'\u00e9motion... Cin\u00e9ma disparu aujourd'hui de nos campagnes, cin\u00e9ma dr\u00f4le, \u00e9mouvant avec une pointe de nostalgie !\r","authors":["Gilbert Pastore"],"category_codes":["6000000","6070000","6070300"],"visuals":{"large":"https:\/\/images.epagine.fr\/642\/9782296135642_1_75.jpg","medium":"https:\/\/images.epagine.fr\/642\/9782296135642_1_m.jpg","thumbnail":"https:\/\/images.epagine.fr\/642\/9782296135642_1_v.jpg"},"orderable":true,"show_badge":true,"formatted_price":"18,50&nbsp;\u20ac","formatted_published_date":"30 novembre 2010","publisher_availability_label":"Sur commande","short_details":"Gilbert Pastore \u2014 \u00c9ditions L'Harmattan","translator":null,"weight":225,"page_count":178,"readership":null,"editor":"\u00c9ditions L'Harmattan","price":1850,"published_date":"2010-11-29T23:00:00.000000Z","support":"Grand format","publisher_availability":1,"stock":0,"editions":[],"url":"https:\/\/quaidesbrumes.com\/ouvrage\/9782296135642\/le-cinema-de-mon-pere"},{"id":"9782917909003","title":"La l\u00e9gende du sexe f\u00e9minin","description":"1978 salue la parution d'un incroyable petit livre gris, pr\u00e9fac\u00e9 par Michel Camus : Cent photographies choisies dans la s\u00e9rie Deux mille photographies du sexe d'une femme. Le livre, les photos sont sign\u00e9s Maccheroni. L'\u00e9diteur est Borderie, la collection Images Obliques. Le livre fait suite \u00e0 un ouvrage de bibliophilie : A, noir corset velu paru d\u00e8s 1971, aux \u00e9ditions Les mains libres de Jean Petithory ; les po\u00e8mes sont de Pierre Bourgeade. \r\n\r\nA partir de l\u00e0, Henri Maccheroni entre dans la l\u00e9gende. Le fondateur de la Villa Arson poursuit par ailleurs une oeuvre pol\u00e9mique et multiple. \r\n\r\nEn l'an 2000, Roger Borderie r\u00e9cidive, et consacre un magnifique num\u00e9ro sp\u00e9cial d'Obliques \u00e0 cette d\u00e9marche rest\u00e9e unique dans les annales de la photographie. De prestigieuses signatures attachent leur talent \u00e0 ce travail. Liliane Mantoux-Gignac pr\u00e9sente en permanence les \" portraits de sexe \" dans sa galerie. En 2003, \u00e0 l'occasion de l'exposition \u00e0 la Galerie Duchoze \u00e0 Rouen, Tessa Tristan inscrit les 2000 photographies en une lecture de l'ensemble de l'oeuvre de Maccheroni, dans son ouvrage Dioptrique(s).\r\n\r\nDe 1971 \u00e0 2008, 37 ann\u00e9es ont pass\u00e9 ! \r\n\r\n\r\nMaccheroni, comme Duchamp, comme l'Afrique aussi, a chang\u00e9 d\u00e9finitivement notre regard. Durant cette p\u00e9riode, Simone Veil a boulevers\u00e9 l'histoire des femmes, Robert Badinter a remis\u00e9 la guillotine. Pauvert, Desforges avaient combattu pour les libert\u00e9s. Mais qu'elles sont fragiles, \u00e0 l'\u00e8re des apprentis-tyrans de tous bords. Alors m\u00eame qu'ils graissent les armes, nous avons une ambition.\r\n\r\nNous voulons tenter de donner corps au mythe, en compilant, pour la premi\u00e8re, pour l'ultime fois aussi, les deux mille photographies, qui jamais n'ont \u00e9t\u00e9 toutes tir\u00e9es, que personne jamais n'a vues dans leur totalit\u00e9 : dans ce premier livre, sur 100 images, nous montrons pr\u00e8s d'un quart de photos in\u00e9dites ! Le lecteur averti reconna\u00eetra, au d\u00e9tour des pages, au fil des parutions, certaines photographies issues de la premi\u00e8re s\u00e9lection des \" Cent \", le collectionneur retrouvera parfois \" sa \" photographie, chacun acc\u00e8dera \u00e0 un univers sans bornes ni limites, comme enroul\u00e9 sur lui-m\u00eame et ouvert sur l'\u00e9ternel infini. A. Z. 2008\r","authors":["Henri Maccheroni"],"category_codes":["6000000","6070000","6070200"],"visuals":{"large":"https:\/\/images.epagine.fr\/003\/9782917909003_1_75.jpg","medium":"https:\/\/images.epagine.fr\/003\/9782917909003_1_m.jpg","thumbnail":"https:\/\/images.epagine.fr\/003\/9782917909003_1_v.jpg"},"orderable":true,"show_badge":true,"formatted_price":"29,00&nbsp;\u20ac","formatted_published_date":"6 mars 2009","publisher_availability_label":"Sur commande","short_details":"Henri Maccheroni \u2014 Ponte Vecchio","translator":null,"weight":432,"page_count":230,"readership":"Tout public","editor":"Ponte Vecchio","price":2900,"published_date":"2009-03-05T23:00:00.000000Z","support":"Grand format","publisher_availability":1,"stock":0,"editions":[],"url":"https:\/\/quaidesbrumes.com\/ouvrage\/9782917909003\/la-legende-du-sexe-feminin"}]}