{"data":[{"id":"9782918040521","title":"Peter Brook et le Vietnam ; tell me lies","description":"Cinqui\u00e8me long m\u00e9trage de Peter Brook apr\u00e8s l'Op\u00e9ra des Gueux, Moderato Cantabile, Sa Majest\u00e9 des Mouches et Marat\/Sade, le film Tell Me Lies sort bri\u00e8vement en 1968 dans le contexte tendu de la guerre du Vietnam. Une oeuvre \u00ab semi-fiction, semi-documentaire \u00bb, inspir\u00e9e de la pi\u00e8ce \u00abUS\u00bb cr\u00e9\u00e9e par Peter Brook \u00e0 Londres en 1966, enracin\u00e9e dans les mouvements de protestation et qui interroge ses contemporains sur la guerre du Vietnam.\r\n\r\nTell Me Lies est propos\u00e9 au festival de Cannes de mai 1968. o\u00f9 finalement il ne sera jamais montr\u00e9. Il sera aussi en s\u00e9lection officielle au festival de Venise de la m\u00eame ann\u00e9e. En 2011, Peter Brook entame une restauration compl\u00e8te avec deux fondations sp\u00e9cialis\u00e9es dans la pr\u00e9servation du patrimoine du cin\u00e9ma, la Fondation Groupama Gan et la Fondation Technicolor. L'occasion pour celles-ci de partir sur les traces des mouvements de protestation contre la guerre du Vietnam et de faire d\u00e9couvrir l'approche d'un artiste.\r\n\r\nCe livre, \u00e9crit par les responsables de cette restauration qui ont travaill\u00e9 de long mois avec Peter Brook et son entourage proche, est construit autour d'une s\u00e9rie d'entretiens avec l'auteur. Viennent s'y ajouter des t\u00e9moignages des acteurs du film (dont Glenda Jackson, actrice de renom devenue femme politique), et plusieurs textes qui s'attachent au contexte historique et artistique pour mettre en perspective ce qu'est l'engagement politique en 2012. Il est accompagn\u00e9 d'une riche iconographie in\u00e9dite, pr\u00e8s de cent documents et photographies, en couleur et en noir et blanc.\r","authors":["Gilles Duval","Severine Wemaere"],"category_codes":["6000000","6070000","6070300"],"visuals":{"large":"https:\/\/images.epagine.fr\/521\/9782918040521_1_75.jpg","medium":"https:\/\/images.epagine.fr\/521\/9782918040521_1_m.jpg","thumbnail":"https:\/\/images.epagine.fr\/521\/9782918040521_1_v.jpg"},"orderable":true,"show_badge":true,"formatted_price":"18,00&nbsp;\u20ac","formatted_published_date":"1er ao\u00fbt 2012","publisher_availability_label":"Sur commande","short_details":"Gilles Duval, Severine Wemaere \u2014 Capricci","translator":null,"weight":760,"page_count":196,"readership":null,"editor":"Capricci","price":1800,"published_date":"2012-07-31T22:00:00.000000Z","support":"Grand format","publisher_availability":1,"stock":0,"editions":[],"url":"https:\/\/quaidesbrumes.com\/ouvrage\/9782918040521\/peter-brook-et-le-vietnam-tell-me-lies"},{"id":"9782913176522","title":"Europe \u00e9chelle 27","description":"\" europe \u00e9chelle 27 \" nous invite \u00e0 de libres parcours en images dans une europe polychrome.\r\n Dix photographes, dix p\u00e9r\u00e9grinations de plusieurs semaines chacun et chacune, pas de consigne non plus car ils et elles n'ont pas oubli\u00e9 le principe d'henri cartier-bresson qui garantissait la libert\u00e9 de son regard : \" quand je voyage, je regarde ce qu'on me montre et je photographie \u00e0 c\u00f4t\u00e9 \", dit-il un jour \u00e0 l'\u00e9crivain michel butor, lui-m\u00eame un frontalier, vivant \u00e0 deux pas de la suisse et de l'italie et pour qui \" traverser les fronti\u00e8res m'aide \u00e0 voir \".\r\n Aller voir, en suivant de longues trajectoires, sur terre et sur mer, sur les berges, les rives et les littoraux, en ville et alentour, de jour ou de nuit, \u00e0 toutes saisons, aux quatre directions de la rose des vents.  changement d'\u00e9chelle donc, \u00e0 27, puisque les 27 etats membres que compte l'union europ\u00e9enne depuis le premier janvier 2007 ont tous \u00e9t\u00e9 visit\u00e9s, pour pr\u00e9senter \u00e0 l'oeil du lecteur un \u00e9tat imag\u00e9 de lieux singuliers, o\u00fa se lisent des traces d'histoire longue.\r\n L'europe est ici un fond de d\u00e9cor, intime et immense, proche et \u00e9loign\u00e9.  l'europe y est surtout cadre de vie, regard\u00e9e non sans vision critique d'une vie moderne parfois banalis\u00e9e dans la diversit\u00e9 de ses cadres naturels et urbains.\r","authors":["Collectif"],"category_codes":["6000000","6070000","6070200"],"visuals":{"large":"https:\/\/images.epagine.fr\/522\/9782913176522_1_75.jpg","medium":"https:\/\/images.epagine.fr\/522\/9782913176522_1_m.jpg","thumbnail":"https:\/\/images.epagine.fr\/522\/9782913176522_1_v.jpg"},"orderable":true,"show_badge":true,"formatted_price":"76,07&nbsp;\u20ac","formatted_published_date":"10 septembre 2008","publisher_availability_label":"Sur commande","short_details":"Collectif \u2014 Trans Photographic Press","translator":null,"weight":1834,"page_count":null,"readership":"Tout public","editor":"Trans Photographic Press","price":7607,"published_date":"2008-09-09T22:00:00.000000Z","support":"Grand format","publisher_availability":1,"stock":0,"editions":[],"url":"https:\/\/quaidesbrumes.com\/ouvrage\/9782913176522\/europe-echelle-27"},{"id":"9782221087398","title":"La vie passera comme un r\u00eave","description":"Les M\u00e9moires de l'homme le plus secret de la plan\u00e8te cin\u00e9ma : Gilles Jacob, le pr\u00e9sident du Festival de Cannes.\r\n \r\n \r\n\r\nSon image est indissociable de la \" mont\u00e9e des marches \", qui fait tant r\u00eaver chaque ann\u00e9e sur la Croisette : depuis 1977, Gilles Jacob est l'\u00e2me et l'homme-orchestre du Festival de Cannes, dont il a fait le premier \u00e9v\u00e9nement culturel du monde. Cet amoureux du Septi\u00e8me art dit joliment qu'il a eu \" deux vies : la biologique et la cin\u00e9matographique, qui se sont toujours nourries l'une l'autre telles deux soeurs jumelles \". D'une enfance tr\u00e8s marqu\u00e9e par la Deuxi\u00e8me Guerre mondiale (d'origine juive, il l'a en partie v\u00e9cue cach\u00e9 dans un s\u00e9minaire) aux coulisses de l'extraordinaire foire aux vanit\u00e9s qu'est le Festival de Cannes, ses souvenirs sont \u00e0 l'image de cette \" double vie \" revendiqu\u00e9e : d'une rare \u00e9l\u00e9gance de style et de pens\u00e9e. S'y m\u00ealent \u00e0 bride abattue aventures, m\u00e9saventures et sc\u00e8nes d'anthologie, servies par un g\u00e9n\u00e9rique \u00e9blouissant : Sharon Stone, Clint Eastwood, Woody Allen, Stanley Kubrick, Federico Fellini, G\u00e9rard Depardieu, Isabelle Huppert, Catherine Deneuve, Orson Welles...","authors":["Gilles Jacob"],"category_codes":["6000000","6070000","6070300","6070306"],"visuals":{"large":"https:\/\/images.epagine.fr\/398\/9782221087398_1_75.jpg","medium":"https:\/\/images.epagine.fr\/398\/9782221087398_1_m.jpg","thumbnail":"https:\/\/images.epagine.fr\/398\/9782221087398_1_v.jpg"},"orderable":true,"show_badge":true,"formatted_price":"21,50&nbsp;\u20ac","formatted_published_date":"5 mars 2009","publisher_availability_label":"Sur commande","short_details":"Gilles Jacob \u2014 Robert Laffont","translator":null,"weight":477,"page_count":416,"readership":"Tout public","editor":"Robert Laffont","price":2150,"published_date":"2009-03-04T23:00:00.000000Z","support":"Grand format","publisher_availability":1,"stock":0,"editions":[],"url":"https:\/\/quaidesbrumes.com\/ouvrage\/9782221087398\/la-vie-passera-comme-un-reve"},{"id":"9783865212702","title":"David bailey havana","description":"This is Havana as an icon of one of the most distinct and revealing cultural divides left in a world hurtling towards homogeneity, Havana as seen by a master at the height of his craft. Bound in an embossed leather cover.\r","authors":["David Bailey"],"category_codes":["6000000","6070000","6070200"],"visuals":{"large":"https:\/\/images.epagine.fr\/702\/9783865212702_1_75.jpg","medium":"https:\/\/images.epagine.fr\/702\/9783865212702_1_m.jpg","thumbnail":"https:\/\/images.epagine.fr\/702\/9783865212702_1_v.jpg"},"orderable":true,"show_badge":true,"formatted_price":"45,00&nbsp;\u20ac","formatted_published_date":"1er juin 2006","publisher_availability_label":"Sur commande","short_details":"David Bailey \u2014 Steidl","translator":null,"weight":1650,"page_count":176,"readership":null,"editor":"Steidl","price":4500,"published_date":"2006-05-31T22:00:00.000000Z","support":"Grand format","publisher_availability":1,"stock":0,"editions":[],"url":"https:\/\/quaidesbrumes.com\/ouvrage\/9783865212702\/david-bailey-havana"},{"id":"9785903489077","title":"3 moscow biennale of contemporary art ; against exclusion (\u00e9dition 2009 )","description":null,"authors":["Collectif"],"category_codes":["6000000","6070000","6070200"],"visuals":{"large":"https:\/\/images.epagine.fr\/077\/9785903489077_1_75.jpg","medium":"https:\/\/images.epagine.fr\/077\/9785903489077_1_m.jpg","thumbnail":"https:\/\/images.epagine.fr\/077\/9785903489077_1_v.jpg"},"orderable":true,"show_badge":true,"formatted_price":"39,00&nbsp;\u20ac","formatted_published_date":"30 d\u00e9cembre 2009","publisher_availability_label":"Sur commande","short_details":"Collectif \u2014 Artchronika","translator":null,"weight":520,"page_count":224,"readership":null,"editor":"Artchronika","price":3900,"published_date":"2009-12-29T23:00:00.000000Z","support":"Grand format","publisher_availability":1,"stock":0,"editions":[],"url":"https:\/\/quaidesbrumes.com\/ouvrage\/9785903489077\/3-moscow-biennale-of-contemporary-art-against-exclusion-edition-2009"},{"id":"9782917790311","title":"137g sans gravit\u00e9","description":"Pour ce volume 3 de notre collection Carte Blanche & Noire, les \u00e9ditions Baie des Anges ont fait confiance au photographe R\u00e9my Mass\u00e9glia. \r\nReprenant le principe de la collection, R\u00e9my nous a propos\u00e9 50 clich\u00e9s sur un m\u00eame sujet : le jongleur ! C'est ainsi que l'on pourra admirer l'artiste au sommet de son art dans un tunnel, en haut d'un escalier, en bord de mer ...mais aussi en compagnie de carabiniers italiens, de badauds, d'enfants jouant, de poule, de cygne et autre lieux souvent improbables.\r\nCet ouvrage doit beaucoup au talent de jongleur Fabrice Dominici, jongleur, manipulateur d'objets, clown, Fabrice essaye jour apr\u00e8s jour de faire \u00e9voluer ses techniques circassiennes au service de la sc\u00e8ne. Il est le fruit de nombreuses s\u00e9ances de travail tout au long du printemps 2011 dans la vall\u00e9e de la Roya et sur le bord de mer entre Vingtimille et Menton Un remarquable travail de photographe \u00e0 d\u00e9couvrir d'urgence !\r","authors":["R\u00e9my Mass\u00e9glia"],"category_codes":["6000000","6070000","6070200"],"visuals":{"large":"https:\/\/images.epagine.fr\/311\/9782917790311_1_75.jpg","medium":"https:\/\/images.epagine.fr\/311\/9782917790311_1_m.jpg","thumbnail":"https:\/\/images.epagine.fr\/311\/9782917790311_1_v.jpg"},"orderable":true,"show_badge":true,"formatted_price":"13,00&nbsp;\u20ac","formatted_published_date":"11 juillet 2011","publisher_availability_label":"Sur commande","short_details":"R\u00e9my Mass\u00e9glia \u2014 Baie Des Anges","translator":null,"weight":150,"page_count":36,"readership":null,"editor":"Baie Des Anges","price":1300,"published_date":"2011-07-10T22:00:00.000000Z","support":"Grand format","publisher_availability":1,"stock":0,"editions":[],"url":"https:\/\/quaidesbrumes.com\/ouvrage\/9782917790311\/137g-sans-gravite"},{"id":"9782359622812","title":"Carrousel","description":"Cyrille Richard, auteur de \u00ab R\u00e9surrection \u00bb \u00e9dit\u00e9 dans la Collection Rouge d'Ex-\u00e6quo, nous pr\u00e9sente un nouvel axe de son expression : la photographie. Fruit d'un premier travail, \u00ab Carrousel \u00bb laisse la part belle aux images : vingt-quatre moments cueillis avant que le monde ne les fane. Vingt-quatre photos pour une seconde, cascad\u00e9es d'une vie qui se concentre pour donner \u00e0 voir et \u00e0 lire. Car les mots ne sont jamais loin, \u00e9tendus entre les couleurs et les textures, qui parlent cette langue d\u00e9licieusement inconnue et naviguent aux fronti\u00e8res.\r\n\u00ab Carrousel \u00bb ouvre la voie \u00e0 une nouvelle forme narrative o\u00f9 m\u00eal\u00e9es, phrases et images invitent au renouveau de la po\u00e9sie et du roman. Cet ouvrage singulier frappe aux portes d'un ordinaire d\u00e9laiss\u00e9 et d\u00e9voile le quotidien sous une lumi\u00e8re crue. Essai originel, \u00ab Carrousel \u00bb porte le regard sur un horizon artistique qui se d\u00e9ploie, vaste champ d'oeuvres \u00e0 venir. L'auteur nous accompagne dans un fragment de r\u00e9alit\u00e9 o\u00f9 les couleurs s'effacent de l'Arc-en-ciel. Mais il en reste toujours des \u00e9clats, des \u00e9tincelles.\r","authors":["Cyrille Richard"],"category_codes":["6000000","6070000","6070200"],"visuals":{"large":"https:\/\/images.epagine.fr\/812\/9782359622812_1_75.jpg","medium":"https:\/\/images.epagine.fr\/812\/9782359622812_1_m.jpg","thumbnail":"https:\/\/images.epagine.fr\/812\/9782359622812_1_v.jpg"},"orderable":true,"show_badge":true,"formatted_price":"25,00&nbsp;\u20ac","formatted_published_date":"15 mai 2012","publisher_availability_label":"Sur commande","short_details":"Cyrille Richard \u2014 Ex Aequo","translator":null,"weight":360,"page_count":58,"readership":null,"editor":"Ex Aequo","price":2500,"published_date":"2012-05-14T22:00:00.000000Z","support":"Grand format","publisher_availability":1,"stock":0,"editions":[],"url":"https:\/\/quaidesbrumes.com\/ouvrage\/9782359622812\/carrousel"},{"id":"9781576876114","title":"Grandmother power","description":null,"authors":["Gianturco"],"category_codes":["6000000","6070000","6070200"],"visuals":{"large":"https:\/\/images.epagine.fr\/114\/9781576876114_1_75.jpg","medium":"https:\/\/images.epagine.fr\/114\/9781576876114_1_m.jpg","thumbnail":"https:\/\/images.epagine.fr\/114\/9781576876114_1_v.jpg"},"orderable":true,"show_badge":true,"formatted_price":"50,00&nbsp;\u20ac","formatted_published_date":"18 septembre 2012","publisher_availability_label":"Sur commande","short_details":"Gianturco \u2014 Powerhouse","translator":null,"weight":1001,"page_count":240,"readership":null,"editor":"Powerhouse","price":5000,"published_date":"2012-09-17T22:00:00.000000Z","support":"Grand format","publisher_availability":1,"stock":0,"editions":[],"url":"https:\/\/quaidesbrumes.com\/ouvrage\/9781576876114\/grandmother-power"},{"id":"9782915859485","title":"En combien de temps je br\u00fblerais si ce lieu explosait l\u00e0 dans l'instant","description":"Ce livre est un voyage photographique de cinq semaines du Havre \u00e0 Blayes?- en passant par Flamanville, Brest, Saint-Nazaire, Montoir, Donges?-?dans les paysages proches de zones de production et de stockage d'\u00e9nergie. \r\n\r\n\"Je roule depuis une heure dans les m\u00e9andres du port de Saint-Nazaire, je vois les flammes de la raffinerie de Donges qui br\u00fblent le ciel au chevet d'immenses cuves remplies de carburant. Dans ces paysages tonitruants se logent \u00e7\u00e0 et l\u00e0 des petits \u00e9crins de silence, et c'est pour eux que je suis venu. Derri\u00e8re moi s'\u00e9tale une cha\u00eene de collines brunes qui ressemblent \u00e0 du charbon ; on peut y marcher longtemps et sentir un \u00e9trange vertige, la sensation de se perdre ailleurs que sur la Terre. Au-del\u00e0 des buttes noires gorg\u00e9es de stries brillantes se trouve la ville puis la voie express. Je n'ai pas envie de les photographier, je suis mieux au milieu des montagnes. En regardant le ciel se flouter de chaleur au-dessus des chemin\u00e9es de la raffinerie, je me demandais alors en combien de temps je br\u00fblerais si ce lieu explosait l\u00e0 dans l'instant, peut-\u00eatre que je ne m'en rendrais m\u00eame pas compte.\" Benjamin Deroche\r","authors":["Benjamin Deroche"],"category_codes":["6000000","6070000","6070200"],"visuals":{"large":"https:\/\/images.epagine.fr\/485\/9782915859485_1_75.jpg","medium":"https:\/\/images.epagine.fr\/485\/9782915859485_1_m.jpg","thumbnail":"https:\/\/images.epagine.fr\/485\/9782915859485_1_v.jpg"},"orderable":true,"show_badge":true,"formatted_price":"20,00&nbsp;\u20ac","formatted_published_date":"4 juin 2014","publisher_availability_label":"Sur commande","short_details":"Benjamin Deroche \u2014 Zedele","translator":null,"weight":326,"page_count":64,"readership":null,"editor":"Zedele","price":2000,"published_date":"2014-06-03T22:00:00.000000Z","support":"Grand format","publisher_availability":1,"stock":0,"editions":[],"url":"https:\/\/quaidesbrumes.com\/ouvrage\/9782915859485\/en-combien-de-temps-je-brulerais-si-ce-lieu-explosait-la-dans-linstant"},{"id":"9782817802176","title":"Panorama de l'auriculoth\u00e9rapie et de l'auriculom\u00e9decine","description":"L'auriculoth\u00e9rapie et l'auriculom\u00e9decine constituent deux techniques de soins m\u00e9dicaux, r\u00e9f\u00e9renc\u00e9es comme des th\u00e9rapies compl\u00e9mentaires et class\u00e9es dans le groupe de l'acupuncture, m\u00eame si leur approche n'est pas reli\u00e9e \u00e0 la M\u00e9decine Traditionnelle Chinoise. L'auriculoth\u00e9rapie, correspondance des organes du corps et du pavillon de l'oreille, est fond\u00e9e sur des concepts explicables par la physiologie. L'auriculom\u00e9decine est plut\u00f4t une m\u00e9decine de l'information dont la complexit\u00e9 se r\u00e9f\u00e8re \u00e0 des mod\u00e8les proches de la physique quantique et de l'informatique.\r\n\r\nCes deux disciplines ont \u00e9t\u00e9 d\u00e9couvertes par le Dr Paul Nogier, de Lyon (1908-1996). Yves Rouxeville et Yunsan M\u00e9as, deux de ses \u00e9l\u00e8ves directs, offrent un nouveau livre, apr\u00e8s leur trait\u00e9 Auriculoth\u00e9rapie, Acupuncture auriculaire  paru en 2007.\r\n\r\nCet ouvrage actualise les donn\u00e9es de l'auriculoth\u00e9rapie, pr\u00e9sente l'auriculom\u00e9decine et des techniques particuli\u00e8res de physioth\u00e9rapie. Trente ans de publications permettent de suivre l'\u00e9volution des concepts et de comprendre ces techniques de soins.\r\n\r\nLes auteurs y apportent leur exp\u00e9rience, leur expertise, partagent et proposent aux lecteurs la vision allant du simple au complexe en passant par le compliqu\u00e9. En plus d'une vision de l'approche \u00e9valuative, ils pr\u00e9sentent des \"recettes\" et des strat\u00e9gies complexes en th\u00e9rapeutique, permettant des prises en charge pour bon nombre de pathologies.","authors":["Rouxeville\/Meas"],"category_codes":["6000000","6070000","6070200"],"visuals":{"large":"https:\/\/images.epagine.fr\/176\/9782817802176_1_75.jpg","medium":"https:\/\/images.epagine.fr\/176\/9782817802176_1_m.jpg","thumbnail":"https:\/\/images.epagine.fr\/176\/9782817802176_1_v.jpg"},"orderable":true,"show_badge":true,"formatted_price":"61,00&nbsp;\u20ac","formatted_published_date":"23 juin 2011","publisher_availability_label":"Sur commande","short_details":"Rouxeville\/Meas \u2014 Springer","translator":null,"weight":685,"page_count":375,"readership":null,"editor":"Springer","price":6100,"published_date":"2011-06-22T22:00:00.000000Z","support":"Grand format","publisher_availability":1,"stock":0,"editions":[],"url":"https:\/\/quaidesbrumes.com\/ouvrage\/9782817802176\/panorama-de-lauriculotherapie-et-de-lauriculomedecine"},{"id":"9782226230645","title":"Les dents du bonheur","description":"\u00ab L'Afrique noire, je la porte au plus profond de moi, \u00e0 fleur de peau comme un tatouage. A vingt ans, j'ai quitt\u00e9 le continent africain et depuis, il ne s'est pas pass\u00e9 une semaine sans qu'un parfum, un livre, une voix, un film et m\u00eame une c\u00e9r\u00e9monie me renvoient \u00e0 elle. Le sexag\u00e9naire que je suis aujourd'hui ressent le besoin de retrouver l'enfant qu'il a \u00e9t\u00e9 et tout ce qui a forg\u00e9 son identit\u00e9. \u00bb.\r\n\r\nSa courtoisie, son humour, son pr\u00e9nom laisseraient facilement imaginer une ascendance ou une \u00e9ducation anglaise. Pourtant, il n'a pas pass\u00e9 son enfance en uniforme de coll\u00e9gien, mais plut\u00f4t \u00e0 courir apr\u00e8s les phacoch\u00e8res ou \u00e0 sa baigner parmi les crocodiles. Qui aurait pens\u00e9 que William Leymergie avait des racines africaines ?\r\nAu fil d'anecdotes peu banales, souvent dr\u00f4les, et parfois graves, William Leymergie livre avec pudeur le parcours d'un rouquin aux dents du bonheur. Un voyage au coeur du lien familial dans ces ann\u00e9es cinquante qui cristallisent une douceur de vivre aujourd'hui disparue.\r","authors":["William Leymergie"],"category_codes":["6000000","6070000","6070300"],"visuals":{"large":"https:\/\/images.epagine.fr\/645\/9782226230645_1_75.jpg","medium":"https:\/\/images.epagine.fr\/645\/9782226230645_1_m.jpg","thumbnail":"https:\/\/images.epagine.fr\/645\/9782226230645_1_v.jpg"},"orderable":true,"show_badge":true,"formatted_price":"19,80&nbsp;\u20ac","formatted_published_date":"4 juin 2014","publisher_availability_label":"Sur commande","short_details":"William Leymergie \u2014 Albin Michel","translator":null,"weight":444,"page_count":320,"readership":null,"editor":"Albin Michel","price":1980,"published_date":"2014-06-03T22:00:00.000000Z","support":"Grand format","publisher_availability":1,"stock":0,"editions":[],"url":"https:\/\/quaidesbrumes.com\/ouvrage\/9782226230645\/les-dents-du-bonheur"},{"id":"9781576876190","title":"If you knew me you would care","description":null,"authors":["Salbi"],"category_codes":["6000000","6070000","6070200"],"visuals":{"large":"https:\/\/images.epagine.fr\/190\/9781576876190_1_75.jpg","medium":"https:\/\/images.epagine.fr\/190\/9781576876190_1_m.jpg","thumbnail":"https:\/\/images.epagine.fr\/190\/9781576876190_1_v.jpg"},"orderable":true,"show_badge":true,"formatted_price":"65,00&nbsp;\u20ac","formatted_published_date":"1er mars 2013","publisher_availability_label":"Sur commande","short_details":"Salbi \u2014 Powerhouse","translator":null,"weight":1301,"page_count":136,"readership":null,"editor":"Powerhouse","price":6500,"published_date":"2013-02-28T23:00:00.000000Z","support":"Grand format","publisher_availability":1,"stock":0,"editions":[],"url":"https:\/\/quaidesbrumes.com\/ouvrage\/9781576876190\/if-you-knew-me-you-would-care"},{"id":"9782296098152","title":"Ka\u00efro de Kiyoshi Kurosawa ; le r\u00e9seau des solitudes","description":"Cet ouvrage propose une analyse de Ka\u00efro de Kiyoshi Kurosawa (2001), oeuvre matrice qui ouvre le genre fantastique au 21e si\u00e8cle. Son r\u00e9cit visionnaire expose le revers des nouvelles technologies. Internet prend une dimension all\u00e9gorique de la nouvelle condition de l'Homme moderne dans son rapport au monde. La toile du r\u00e9seau se r\u00e9v\u00e8le toile d'araign\u00e9e qui s'\u00e9tend dans le r\u00e9el, tissant lentement mais s\u00fbrement le r\u00e9seau des solitudes.\r","authors":["S\u00e9bastien Jounel"],"category_codes":["6000000","6070000","6070300"],"visuals":{"large":"https:\/\/images.epagine.fr\/152\/9782296098152_1_75.jpg","medium":"https:\/\/images.epagine.fr\/152\/9782296098152_1_m.jpg","thumbnail":"https:\/\/images.epagine.fr\/152\/9782296098152_1_v.jpg"},"orderable":true,"show_badge":true,"formatted_price":"14,50&nbsp;\u20ac","formatted_published_date":"2 juillet 2009","publisher_availability_label":"Sur commande","short_details":"S\u00e9bastien Jounel \u2014 \u00c9ditions L'Harmattan","translator":null,"weight":205,"page_count":142,"readership":null,"editor":"\u00c9ditions L'Harmattan","price":1450,"published_date":"2009-07-01T22:00:00.000000Z","support":"Grand format","publisher_availability":1,"stock":0,"editions":[],"url":"https:\/\/quaidesbrumes.com\/ouvrage\/9782296098152\/kairo-de-kiyoshi-kurosawa-le-reseau-des-solitudes"},{"id":"9782296041288","title":"La fiction \u00e9clat\u00e9e Tome 2 ; petits et grands \u00e9crans fran\u00e7ais et francophones de l'esth\u00e9tique \u00e0 l'\u00e9conomie","description":"Longtemps centr\u00e9es sur les approches esth\u00e9tiques et l'\u00e9tude des oeuvres, les \u00e9tudes cin\u00e9matographiques ont subi depuis une vingtaine d'ann\u00e9es des mutations profondes, tant du point de vue des m\u00e9thodes que des objets d'\u00e9tude. La sociologie, l'anthropologie, l'histoire, l'\u00e9conomie, la philosophie, l'histoire de l'art, la s\u00e9miologie ont fait \u00e9clater les fronti\u00e8res des recherches. Perspectives nouvelles qui concernent aussi la recherche internationale o\u00f9 des avanc\u00e9es d\u00e9cisives ont \u00e9t\u00e9 accomplies...\r","authors":["Jean-pierre Bertin-maghit","Genevi\u00e8ve Sellier"],"category_codes":["6000000","6070000","6070300"],"visuals":{"large":"https:\/\/images.epagine.fr\/288\/9782296041288_1_75.jpg","medium":"https:\/\/images.epagine.fr\/288\/9782296041288_1_m.jpg","thumbnail":"https:\/\/images.epagine.fr\/288\/9782296041288_1_v.jpg"},"orderable":true,"show_badge":true,"formatted_price":"32,00&nbsp;\u20ac","formatted_published_date":"9 octobre 2007","publisher_availability_label":"Sur commande","short_details":"Jean-pierre Bertin-maghit, Genevi\u00e8ve Sellier \u2014 \u00c9ditions L'Harmattan","translator":null,"weight":480,"page_count":354,"readership":null,"editor":"\u00c9ditions L'Harmattan","price":3200,"published_date":"2007-10-08T22:00:00.000000Z","support":"Grand format","publisher_availability":1,"stock":0,"editions":[],"url":"https:\/\/quaidesbrumes.com\/ouvrage\/9782296041288\/la-fiction-eclatee-tome-2-petits-et-grands-ecrans-francais-et-francophones-de-lesthetique-a-leconomie"},{"id":"9782824603902","title":"Gr\u00e2ce de Monaco ; le r\u00f4le d'une vie","description":"Voici la biographie de l'actrice am\u00e9ricaine, qui est entr\u00e9e dans la l\u00e9gende hollywoodienne en onze films, avant d'\u00e9pouser le prince Rainier de Monaco, en 1956.\r","authors":["Sandro Cassati"],"category_codes":["6000000","6070000","6070300"],"visuals":{"large":"https:\/\/images.epagine.fr\/902\/9782824603902_1_75.jpg","medium":"https:\/\/images.epagine.fr\/902\/9782824603902_1_m.jpg","thumbnail":"https:\/\/images.epagine.fr\/902\/9782824603902_1_v.jpg"},"orderable":true,"show_badge":true,"formatted_price":"24,05&nbsp;\u20ac","formatted_published_date":"23 avril 2014","publisher_availability_label":"Sur commande","short_details":"Sandro Cassati \u2014 City \u00c9ditions","translator":null,"weight":442,"page_count":240,"readership":null,"editor":"City \u00c9ditions","price":2405,"published_date":"2014-04-22T22:00:00.000000Z","support":"Grand format","publisher_availability":1,"stock":0,"editions":[],"url":"https:\/\/quaidesbrumes.com\/ouvrage\/9782824603902\/grace-de-monaco-le-role-dune-vie"},{"id":"9781914228223","title":"Full bleed","description":"Faire du skateboard \u00e0 New York est une exp\u00e9rience singuli\u00e8re. Il est impossible de ne pas ressentir l'ampleur du paysage, et avec la ville en mouvement constant, le skateboard est \u00e0 la fois exaltant et extr\u00eamement dangereux. Il n'y a pas de bonne ou de mauvaise fa\u00e7on de naviguer sur ce vaste terrain. Une seule chose est certaine : les patineurs et les images produits \u00e0 New York sont tout \u00e0 fait uniques. Les clich\u00e9s de Full Bleed s'\u00e9tendent sur 30 ans, avec les contributions de plus de 40 photographes. Il s'agit du tout premier aper\u00e7u complet de l'un des sites de patinage les plus diversifi\u00e9s et les plus riches au monde, r\u00e9unissant des patineurs l\u00e9gendaires et des photographes embl\u00e9matiques. Avec le travail de : Giovanni Reda, Jessica Bard, Ivory Serra, Tobin Yelland, Miki Vuckovich, Thomas Campbell, Larry Clark, Ed Templeton, Jerry Hsu, Atiba Jefferson, Bryce Knights, Angela Boatwright, Athena Currey, Kenneth Cappello, Charlie Samuels, Andy Kessler, Mike O'Meally, Sammy Glucksman, Allen Ying et bien d'autres.","authors":["Alex Corporan"],"category_codes":["6000000","6070000","6070200"],"visuals":{"large":"https:\/\/images.epagine.fr\/223\/9781914228223_1_75.jpg","medium":"https:\/\/images.epagine.fr\/223\/9781914228223_1_m.jpg","thumbnail":"https:\/\/images.epagine.fr\/223\/9781914228223_1_v.jpg"},"orderable":true,"show_badge":true,"formatted_price":"82,00&nbsp;\u20ac","formatted_published_date":"6 janvier 2022","publisher_availability_label":"Sur commande","short_details":"Alex Corporan \u2014 Salamander Street","translator":null,"weight":1501,"page_count":304,"readership":null,"editor":"Salamander Street","price":8200,"published_date":"2022-01-05T23:00:00.000000Z","support":"Grand format","publisher_availability":1,"stock":0,"editions":[],"url":"https:\/\/quaidesbrumes.com\/ouvrage\/9781914228223\/full-bleed"},{"id":"9782738440242","title":"R\u00e9alisme socialiste et cin\u00e9ma ; le cin\u00e9ma stalinien, 1928-1941","description":"Le r\u00e9alisme socialiste a une hisotire faite d'innombrables r\u00e9f\u00e9rences. Mais elles cocnernent d'abord, en tous cas dans les pays occidentaux, le champ de la litt\u00e9rature. La manifestation cin\u00e9matographique de cette grande m\u00e9thode est pass\u00e9e inaper\u00e7ue. Et pourtant, ce cin\u00e9ma a \u00e9mu plusieurs g\u00e9n\u00e9rations...","authors":["Eric Schmul\u00e9vitch"],"category_codes":["6000000","6070000","6070300"],"visuals":{"large":"https:\/\/images.epagine.fr\/242\/9782738440242_1_75.jpg","medium":"https:\/\/images.epagine.fr\/242\/9782738440242_1_m.jpg","thumbnail":"https:\/\/images.epagine.fr\/242\/9782738440242_1_v.jpg"},"orderable":true,"show_badge":true,"formatted_price":"26,00&nbsp;\u20ac","formatted_published_date":"3 mai 2000","publisher_availability_label":"Sur commande","short_details":"Eric Schmul\u00e9vitch \u2014 \u00c9ditions L'Harmattan","translator":null,"weight":368,"page_count":282,"readership":null,"editor":"\u00c9ditions L'Harmattan","price":2600,"published_date":"2000-05-02T22:00:00.000000Z","support":"Grand format","publisher_availability":1,"stock":0,"editions":[],"url":"https:\/\/quaidesbrumes.com\/ouvrage\/9782738440242\/realisme-socialiste-et-cinema-le-cinema-stalinien-1928-1941"},{"id":"9782913176737","title":"C'est quand demain ?","description":"Les femmes que j'ai photographi\u00e9es sont sans domicile.\r\nCertaines depuis des ann\u00e9es, d'autre le temps de retrouver un logement. Toutes circulent de centres d'h\u00e9bergements en h\u00f4tels avec parfois des passages \u00e0 la rue.\r","authors":["Marie-pierre Dieterl\u00e9"],"category_codes":["6000000","6070000","6070200"],"visuals":{"large":"https:\/\/images.epagine.fr\/737\/9782913176737_1_75.jpg","medium":"https:\/\/images.epagine.fr\/737\/9782913176737_1_m.jpg","thumbnail":"https:\/\/images.epagine.fr\/737\/9782913176737_1_v.jpg"},"orderable":true,"show_badge":true,"formatted_price":"25,36&nbsp;\u20ac","formatted_published_date":"21 octobre 2010","publisher_availability_label":"Sur commande","short_details":"Marie-pierre Dieterl\u00e9 \u2014 Trans Photographic Press","translator":null,"weight":200,"page_count":null,"readership":null,"editor":"Trans Photographic Press","price":2536,"published_date":"2010-10-20T22:00:00.000000Z","support":"Grand format","publisher_availability":1,"stock":0,"editions":[],"url":"https:\/\/quaidesbrumes.com\/ouvrage\/9782913176737\/cest-quand-demain"},{"id":"9782913176812","title":"Jazz portraits ; Daniel, Bruno, Louis, Michel et les autres","description":null,"authors":["Olivier Degen"],"category_codes":["6000000","6070000","6070200"],"visuals":{"large":"https:\/\/images.epagine.fr\/812\/9782913176812_1_75.jpg","medium":"https:\/\/images.epagine.fr\/812\/9782913176812_1_m.jpg","thumbnail":"https:\/\/images.epagine.fr\/812\/9782913176812_1_v.jpg"},"orderable":true,"show_badge":true,"formatted_price":"35,50&nbsp;\u20ac","formatted_published_date":"23 septembre 2010","publisher_availability_label":"Sur commande","short_details":"Olivier Degen \u2014 Trans Photographic Press","translator":null,"weight":300,"page_count":null,"readership":null,"editor":"Trans Photographic Press","price":3550,"published_date":"2010-09-22T22:00:00.000000Z","support":"Grand format","publisher_availability":1,"stock":0,"editions":[],"url":"https:\/\/quaidesbrumes.com\/ouvrage\/9782913176812\/jazz-portraits-daniel-bruno-louis-michel-et-les-autres"},{"id":"9782296130487","title":"Le cin\u00e9ma de Daniel Kamwa ; parcours esth\u00e9tique et identitaire","description":"C'est l'un des meilleurs com\u00e9diens et r\u00e9alisateurs africains. Le public l'a d\u00e9couvert dans les ann\u00e9es 70, au th\u00e9\u00e2tre d'abord, puis au cin\u00e9ma, surtout avec son film culte Pousse-Pousse. Cet ouvrage qui pr\u00e9sente son talent naturel campe l'ensemble de son oeuvre cin\u00e9matographique. En proc\u00e9dant \u00e0 une lecture critique de cette oeuvre, l'auteur fait ressortir l'aspect identitaire, au sens positif, des films de Daniel kamwa, films qui ont fa\u00e7onn\u00e9 ou influenc\u00e9 directement ou indirectement le mode de vie des jeunes Camerounais.\r","authors":["Charles Soh tatcha"],"category_codes":["6000000","6070000","6070300"],"visuals":{"large":"https:\/\/images.epagine.fr\/487\/9782296130487_1_75.jpg","medium":"https:\/\/images.epagine.fr\/487\/9782296130487_1_m.jpg","thumbnail":"https:\/\/images.epagine.fr\/487\/9782296130487_1_v.jpg"},"orderable":true,"show_badge":true,"formatted_price":"19,50&nbsp;\u20ac","formatted_published_date":"1er d\u00e9cembre 2010","publisher_availability_label":"Sur commande","short_details":"Charles Soh tatcha \u2014 \u00c9ditions L'Harmattan","translator":null,"weight":310,"page_count":177,"readership":null,"editor":"\u00c9ditions L'Harmattan","price":1950,"published_date":"2010-11-30T23:00:00.000000Z","support":"Grand format","publisher_availability":1,"stock":0,"editions":[],"url":"https:\/\/quaidesbrumes.com\/ouvrage\/9782296130487\/le-cinema-de-daniel-kamwa-parcours-esthetique-et-identitaire"},{"id":"9782296132924","title":"Le corps de cin\u00e9ma ; le super-h\u00e9ros am\u00e9ricain","description":"Il en est du h\u00e9ros de cin\u00e9ma comme de tout h\u00e9ros, il est d'une nature sans commune mesure avec nous autres, pauvres mortels, faibles et faillibles. Le super-h\u00e9ros de cin\u00e9ma am\u00e9ricain parle peu, il ne trouve \u00e0 s'exprimer que par le corps en action. Corps visible qui envahit l'espace de l'\u00e9cran pour s'imposer sans partage dans l'univers du film et dans l'imaginaire du spectateur. Le corps du super-h\u00e9ros se montre, s'exhibe de fa\u00e7on ostentatoire parce qu'il est le seul porteur du discours tenu par le film.\r","authors":["Jean Ungaro"],"category_codes":["6000000","6070000","6070300"],"visuals":{"large":"https:\/\/images.epagine.fr\/924\/9782296132924_1_75.jpg","medium":"https:\/\/images.epagine.fr\/924\/9782296132924_1_m.jpg","thumbnail":"https:\/\/images.epagine.fr\/924\/9782296132924_1_v.jpg"},"orderable":true,"show_badge":true,"formatted_price":"22,50&nbsp;\u20ac","formatted_published_date":"30 novembre 2010","publisher_availability_label":"Sur commande","short_details":"Jean Ungaro \u2014 \u00c9ditions L'Harmattan","translator":null,"weight":275,"page_count":214,"readership":null,"editor":"\u00c9ditions L'Harmattan","price":2250,"published_date":"2010-11-29T23:00:00.000000Z","support":"Grand format","publisher_availability":1,"stock":0,"editions":[],"url":"https:\/\/quaidesbrumes.com\/ouvrage\/9782296132924\/le-corps-de-cinema-le-super-heros-americain"},{"id":"9788836616817","title":"\u00eeles jamais trouv\u00e9es \/ islands never found","description":"\u00cele, aventure, extr\u00e9misme, hyper-intensit\u00e9, transgression, folie ; autant de m\u00e9taphores de quelque chose de tr\u00e8s sp\u00e9cial, d'unique, d'essentiel pour l'humanit\u00e9 : l'exp\u00e9rience artistique de la totalit\u00e9.\r\n\r\n\u00ab \u00celes jamais trouv\u00e9es \u00bb pr\u00e9sente une image in\u00e9vitablement personnelle, po\u00e9tique, profond\u00e9ment \u00e9motionnelle qui, dans le m\u00eame temps, parle du destin et de l'engagement de l'artiste en sa qualit\u00e9 de protagoniste de la soci\u00e9t\u00e9, en sa qualit\u00e9 de micro institution culturelle.\r\nLes \u00eeles sont des espaces de cr\u00e9ation particuliers, uniques, individuels, o\u00f9 les artistes concr\u00e9tisent et communiquent une approche originale, leur langage et leur syst\u00e8me de symboles, ainsi que leur vision id\u00e9ologique, philosophique, esth\u00e9tique et historique du monde. La vie et le travail des artistes peuvent \u00e9galement \u00eatre envisag\u00e9s \u00e0 travers le prisme m\u00e9taphorique de \u00ab leurs \u00eeles \u00bb, de \u00ab leurs lieux \u00bb, de \u00ab leurs terrains \u00bb et de leur propre sph\u00e8re de comp\u00e9tence.\r","authors":["Lorand Heygi","Katerina Koskina"],"category_codes":["6000000","6070000","6070200"],"visuals":{"large":"https:\/\/images.epagine.fr\/817\/9788836616817_1_75.jpg","medium":"https:\/\/images.epagine.fr\/817\/9788836616817_1_m.jpg","thumbnail":"https:\/\/images.epagine.fr\/817\/9788836616817_1_v.jpg"},"orderable":true,"show_badge":true,"formatted_price":"25,00&nbsp;\u20ac","formatted_published_date":"22 septembre 2010","publisher_availability_label":"Sur commande","short_details":"Lorand Heygi, Katerina Koskina \u2014 Silvana Editoriale","translator":null,"weight":362,"page_count":128,"readership":null,"editor":"Silvana Editoriale","price":2500,"published_date":"2010-09-21T22:00:00.000000Z","support":"Beaux-livres","publisher_availability":1,"stock":0,"editions":[],"url":"https:\/\/quaidesbrumes.com\/ouvrage\/9788836616817\/iles-jamais-trouvees-islands-never-found"},{"id":"9788415118817","title":"Photobooks spain 1905-1977","description":null,"authors":["Rm"],"category_codes":["6000000","6070000","6070200"],"visuals":{"large":"https:\/\/images.epagine.fr\/817\/9788415118817_1_75.jpg","medium":"https:\/\/images.epagine.fr\/817\/9788415118817_1_m.jpg","thumbnail":"https:\/\/images.epagine.fr\/817\/9788415118817_1_v.jpg"},"orderable":true,"show_badge":true,"formatted_price":"49,00&nbsp;\u20ac","formatted_published_date":"1er juillet 2014","publisher_availability_label":"Sur commande","short_details":"Rm \u2014 Rm Editorial","translator":null,"weight":1500,"page_count":264,"readership":null,"editor":"Rm Editorial","price":4900,"published_date":"2014-06-30T22:00:00.000000Z","support":"Grand format","publisher_availability":1,"stock":0,"editions":[],"url":"https:\/\/quaidesbrumes.com\/ouvrage\/9788415118817\/photobooks-spain-1905-1977"},{"id":"9781576875360","title":"E.f. kitchen suburban knights","description":null,"authors":["Kitchen Ef"],"category_codes":["6000000","6070000","6070200"],"visuals":{"large":"https:\/\/images.epagine.fr\/360\/9781576875360_1_75.jpg","medium":"https:\/\/images.epagine.fr\/360\/9781576875360_1_m.jpg","thumbnail":"https:\/\/images.epagine.fr\/360\/9781576875360_1_v.jpg"},"orderable":true,"show_badge":true,"formatted_price":"35,00&nbsp;\u20ac","formatted_published_date":"20 juillet 2010","publisher_availability_label":"Sur commande","short_details":"Kitchen Ef \u2014 Powerhouse","translator":null,"weight":701,"page_count":96,"readership":null,"editor":"Powerhouse","price":3500,"published_date":"2010-07-19T22:00:00.000000Z","support":"Grand format","publisher_availability":1,"stock":0,"editions":[],"url":"https:\/\/quaidesbrumes.com\/ouvrage\/9781576875360\/ef-kitchen-suburban-knights"}]}